




{"id":26110,"date":"2011-09-26T16:07:00","date_gmt":"2011-09-26T13:07:00","guid":{"rendered":"http:\/\/qtmm.org\/?p=26110"},"modified":"2022-01-19T16:08:06","modified_gmt":"2022-01-19T13:08:06","slug":"mustafa-cemilev-turk-dunyasina-hizmeti-icun-mukafatinen-taqdirlendi","status":"publish","type":"post","link":"https:\/\/qtmm.org\/qt\/mustafa-cemilev-turk-dunyasina-hizmeti-icun-mukafatinen-taqdirlendi\/","title":{"rendered":"Mustafa Cemilev &#8220;T\u00fcrk d\u00fcnyas\u0131na h\u0131zmeti i\u00e7\u00fcn&#8221; muk\u00e2fat\u0131nen taqdirlendi"},"content":{"rendered":"\n<p>Meclis reisi, belli uquqqoruy\u0131c\u0131&nbsp; Mustafa Cemilev T\u00fcrkiye yaz\u0131c\u0131lar\u0131 ve sanat erbaplar\u0131 birligi taraf\u0131ndan &#8220;T\u00fcrk d\u00fcnyas\u0131na h\u0131zmeti i\u00e7\u00fcn&#8221; muk\u00e2fat\u0131na taqdim etildi. Mustafa Cemilev q\u0131r\u0131mtatar halq\u0131n\u0131\u00f1 meselelerini zorbal\u0131qs\u0131z \u00e7ezmek, qarda\u015f&nbsp; devlet ve halqlarn\u0131 birle\u015ftirmek o\u011frunda \u011fayelerine T\u00fcrkiyede y\u00fcksek q\u0131ymet kesildi.<\/p>\n\n\n\n<p>2011 senesi aprel 5-te Universitet rektor\u0131 F\u0131rat Ahmet Feyzi Bing\u00f6l&nbsp; reberliginde muk\u00e2fat saiplerini\u00f1 namzetlerini tasdiqlav boyunca komissiya topla\u015fuv\u0131nda 2010 segnesi i\u00e7\u00fcn muk\u00e2fatn\u0131 Q\u0131r\u0131mtatar halq\u0131 Meclisini\u00f1 reisi, Ukraina halq deputat\u0131 Mustfa Cemilevge bermek qarar\u0131n\u0131 al\u011fan edi.&nbsp; &#8220;2010 senesi muk\u00e2fat\u0131n\u0131 Q\u0131r\u0131mtatar halq\u0131 Meclisini\u00f1 reisi, Ukraina halq deputat\u0131 Mustafa Cemilevge bermek qarar\u0131 bira\u011f\u0131zdan qabul etildi. 21-nci as\u0131rda, insan degerligi ve uquqlar\u0131&nbsp; er \u015feyden ziyade q\u0131ymetli say\u0131l\u011fanda bir \u00e7oq t\u00fcrkiy halqlar aqs\u0131mlana ve adaletsizlikke o\u011frat\u0131lmaqta. B\u00f6yle halqlardan biri q\u0131r\u0131mtatarlard\u0131r. Q\u0131r\u0131mtatarlarn\u0131\u00f1 lideri \u00f6z halq\u0131n\u0131\u00f1 serbestligi ve demokratiya i\u00e7\u00fcn usanmadan k\u00fcre\u015fken ve hayatta eken efsane ol\u011fan Mustafa Cemilevdir&#8221;, &#8211; qayd etile komissiya qarar\u0131nda.<\/p>\n\n\n\n<p>Taqdirlev merasimi El\u00e2z\u0131\u011f \u015feeri Medeniyet merkezinde&nbsp; 19-nc\u0131 Halqara Hazar \u015fiiriyeti aq\u015fam\u0131 \u00e7er\u00e7ivesinde sent\u00e2br 24 k\u00fcn\u00fc&nbsp; \u00f6tkerilip, merasimde \u015feer g\u00fcberantor\u0131&nbsp; Muammer Erol, \u015feer ba\u015f\u0131 Suleyman Selmanoglu, Universitet rektor\u0131 F\u0131rat Feyzi Bing\u00f6l, Avraasiya yaz\u0131c\u0131lar birligigni\u00f1 reisi&nbsp; Yakub Deliomero\u011flu, bun\u0131\u00f1 kibi de \u00e7etelli yaz\u0131c\u0131lar ve \u015fairler, k\u00fctleviy matbuat vastalar\u0131n\u0131\u00f1 hadimleri bulund\u0131lar.<\/p>\n\n\n\n<p>Merasim 19-nc\u0131 halqara&nbsp; Hazar \u015fiiriyeti hat\u0131ras\u0131na ba\u011f\u0131\u015fland\u0131\u011f\u0131 Mehmet Akif Ersoy&nbsp; ve Mustafa Cemilevni\u00f1 \u00f6m\u00fcri ve faaliyeti aqq\u0131nda vesiqal\u0131 film numay\u0131\u015f etildi. Cemilevni\u00f1 kendisi belli bir sebeplerden dolay\u0131 merasimde bivasta i\u015ftirak etip olamad\u0131 ve muk\u00e2fat tesis\u00e7ilerine telefon vastas\u0131nen&nbsp; te\u015fekk\u00fcr bildirdi.<\/p>\n\n\n\n<p>&#8220;\u00dcrmetli El\u00e2z\u0131\u011f \u015feerini\u00f1 sakinleri ve tedbir i\u015ftirak\u00e7ileri! Sizlerni Q\u0131r\u0131mtatar halq\u0131 Meclisini\u00f1 ad\u0131ndan samimiy sel\u00e2mlay\u0131m. Teess\u00fcf ki, taqdirlen\u00fcv \u015ferefine nail old\u0131\u011f\u0131m muk\u00e2fatn\u0131 taqdim et\u00fcv merasimine qat\u0131l\u0131p olamay\u0131m&#8221;, &#8211; dedi Mustafa-a\u011fa. \u00d6z\u00fcni\u00f1 sel\u00e2mlav s\u00f6z\u00fcnde o, q\u0131r\u0131mtatar halq\u0131n\u0131\u00f1 s\u00fcrg\u00fcnligi, Vatan\u011fa avdet o\u011frundaki k\u00fcre\u015fi, halqn\u0131\u00f1 \u00f6g\u00fcnde tur\u011fan problemler aqq\u0131nda q\u0131sqadan ayt\u0131p, devam etti: &#8220;Alla\u011fa \u015f\u00fck\u00fcrler olsun ki, biz bu k\u00fcre\u015fimizde ya\u00f1\u011f\u0131z degilmiz. Siz kibi alicenap insanlar bar.&nbsp; 1976 senesi men 30 k\u00fcnl\u00fck a\u00e7l\u0131q tutqan\u0131mda El\u00e2z\u0131\u011fda ma\u00f1a qoltutqan insanlar numay\u0131\u015f te\u015fkil etkenlerini vaq\u0131t ke\u00e7tik\u00e7e bildim. Anda menim vefat\u0131m aqq\u0131nda haberni ald\u0131qlar\u0131ndan so\u00f1 cenaze namazlar\u0131 da q\u0131l\u0131n\u011fan. Men El\u00e2z\u0131\u011f sakinlerine aradan bu qadar vaq\u0131t ke\u00e7kenine baqmadan meni unutma\u011fanlar\u0131 ve meni &#8220;T\u00fcrk d\u00fcnyas\u0131na h\u0131zmeti i\u00e7\u00fcn&#8221; muk\u00e2fat\u0131na taqdim etkenleri i\u00e7\u00fcn b\u00fcy\u00fck minnetdarl\u0131\u011f\u0131mn\u0131 bildirem&#8221;, &#8211; qayd etti M. Cemilev.<\/p>\n\n\n\n<p>Mustafa Cemilev aq\u015fam i\u015ftirak\u00e7ileri ve musafirlerine muvafaqiyetler tiledi. Mustafa Cemilevni\u00f1 yerine muk\u00e2fatn\u0131&nbsp; Feyzi Bing\u00f6lni\u00f1 elinden Avraaasiya yaz\u0131c\u0131lar birligini\u00f1 reisi&nbsp; Yaqub Deliomero\u011flu ald\u0131. Cemilevnen bir s\u0131rada bu muk\u00e2fatqa \u015eimaliy Q\u0131br\u0131z T\u00fcrkiye cumhuriyetini\u00f1 prezidenti Rauf Denkta\u015f, q\u0131r\u011f\u0131z yaz\u0131c\u0131s\u0131 \u00c7ingiz Aytmatov, Kazahstan prezidenti Nursultan Nazarbayev, T\u0130KA nail old\u0131lar. Mal\u00fcmat: &#8220;T\u00fcrk d\u00fcnyas\u0131na h\u0131zmet i\u00e7\u00fcn&#8221; muk\u00e2fat\u0131&nbsp; t\u00fcrk d\u00fcnyas\u0131nda itibar qazan\u011fan devlet erbaplar\u0131, alimler, sanat hadimlerini\u00f1 ad\u0131n\u0131 ebediyle\u015ftirmek maqsad\u0131nen 2003 senesi tesis etilgen edi.<\/p>\n\n\n\n<p>Esma Kasar<\/p>\n\n\n\n<p>Dil\u00e2ra Tabakova<\/p>\n\n\n\n<p>&nbsp;\u0130A &#8220;QHA&#8221;<\/p>\n","protected":false},"excerpt":{"rendered":"<p>Meclis reisi, belli uquqqoruy\u0131c\u0131&nbsp; Mustafa Cemilev T\u00fcrkiye yaz\u0131c\u0131lar\u0131 ve sanat erbaplar\u0131 birligi taraf\u0131ndan &#8220;T\u00fcrk d\u00fcnyas\u0131na h\u0131zmeti i\u00e7\u00fcn&#8221; muk\u00e2fat\u0131na taqdim etildi. Mustafa Cemilev q\u0131r\u0131mtatar halq\u0131n\u0131\u00f1 meselelerini zorbal\u0131qs\u0131z \u00e7ezmek, qarda\u015f&nbsp; devlet ve halqlarn\u0131 birle\u015ftirmek o\u011frunda \u011fayelerine T\u00fcrkiyede y\u00fcksek q\u0131ymet kesildi. 2011 senesi aprel 5-te Universitet rektor\u0131 F\u0131rat Ahmet Feyzi Bing\u00f6l&nbsp; reberliginde muk\u00e2fat saiplerini\u00f1 namzetlerini tasdiqlav boyunca komissiya [&hellip;]<\/p>\n","protected":false},"author":1,"featured_media":0,"comment_status":"open","ping_status":"open","sticky":false,"template":"","format":"standard","meta":{"inline_featured_image":false,"footnotes":""},"categories":[265],"tags":[],"class_list":["post-26110","post","type-post","status-publish","format-standard","hentry","category-haberler"],"acf":[],"yoast_head":"<!-- This site is optimized with the Yoast SEO plugin v27.4 - https:\/\/yoast.com\/product\/yoast-seo-wordpress\/ -->\n<title>Mustafa Cemilev &quot;T\u00fcrk d\u00fcnyas\u0131na h\u0131zmeti i\u00e7\u00fcn&quot; muk\u00e2fat\u0131nen taqdirlendi - \u041c\u0435\u0434\u0436\u043b\u0456\u0441<\/title>\n<meta name=\"robots\" content=\"index, follow, max-snippet:-1, max-image-preview:large, max-video-preview:-1\" \/>\n<link rel=\"canonical\" href=\"https:\/\/qtmm.org\/qt\/mustafa-cemilev-turk-dunyasina-hizmeti-icun-mukafatinen-taqdirlendi\/\" \/>\n<meta property=\"og:locale\" content=\"en_US\" \/>\n<meta property=\"og:type\" content=\"article\" \/>\n<meta property=\"og:title\" content=\"Mustafa Cemilev &quot;T\u00fcrk d\u00fcnyas\u0131na h\u0131zmeti i\u00e7\u00fcn&quot; muk\u00e2fat\u0131nen taqdirlendi - \u041c\u0435\u0434\u0436\u043b\u0456\u0441\" \/>\n<meta property=\"og:description\" content=\"Meclis reisi, belli uquqqoruy\u0131c\u0131&nbsp; Mustafa Cemilev T\u00fcrkiye yaz\u0131c\u0131lar\u0131 ve sanat erbaplar\u0131 birligi taraf\u0131ndan &#8220;T\u00fcrk d\u00fcnyas\u0131na h\u0131zmeti i\u00e7\u00fcn&#8221; muk\u00e2fat\u0131na taqdim etildi. Mustafa Cemilev q\u0131r\u0131mtatar halq\u0131n\u0131\u00f1 meselelerini zorbal\u0131qs\u0131z \u00e7ezmek, qarda\u015f&nbsp; devlet ve halqlarn\u0131 birle\u015ftirmek o\u011frunda \u011fayelerine T\u00fcrkiyede y\u00fcksek q\u0131ymet kesildi. 2011 senesi aprel 5-te Universitet rektor\u0131 F\u0131rat Ahmet Feyzi Bing\u00f6l&nbsp; reberliginde muk\u00e2fat saiplerini\u00f1 namzetlerini tasdiqlav boyunca komissiya [&hellip;]\" \/>\n<meta property=\"og:url\" content=\"https:\/\/qtmm.org\/qt\/mustafa-cemilev-turk-dunyasina-hizmeti-icun-mukafatinen-taqdirlendi\/\" \/>\n<meta property=\"og:site_name\" content=\"\u041c\u0435\u0434\u0436\u043b\u0456\u0441\" \/>\n<meta property=\"article:publisher\" content=\"https:\/\/www.facebook.com\/qtmm.info\/\" \/>\n<meta property=\"article:published_time\" content=\"2011-09-26T13:07:00+00:00\" \/>\n<meta property=\"article:modified_time\" content=\"2022-01-19T13:08:06+00:00\" \/>\n<meta name=\"author\" content=\"Developer\" \/>\n<meta name=\"twitter:card\" content=\"summary_large_image\" \/>\n<meta name=\"twitter:label1\" content=\"Written by\" \/>\n\t<meta name=\"twitter:data1\" content=\"Developer\" \/>\n\t<meta name=\"twitter:label2\" content=\"Est. reading time\" \/>\n\t<meta name=\"twitter:data2\" content=\"3 minutes\" \/>\n<script type=\"application\/ld+json\" class=\"yoast-schema-graph\">{\"@context\":\"https:\\\/\\\/schema.org\",\"@graph\":[{\"@type\":\"Article\",\"@id\":\"https:\\\/\\\/qtmm.org\\\/qt\\\/mustafa-cemilev-turk-dunyasina-hizmeti-icun-mukafatinen-taqdirlendi\\\/#article\",\"isPartOf\":{\"@id\":\"https:\\\/\\\/qtmm.org\\\/qt\\\/mustafa-cemilev-turk-dunyasina-hizmeti-icun-mukafatinen-taqdirlendi\\\/\"},\"author\":{\"name\":\"Developer\",\"@id\":\"https:\\\/\\\/qtmm.org\\\/qt\\\/#\\\/schema\\\/person\\\/de562469f971dec226ac06e60bbf74a7\"},\"headline\":\"Mustafa Cemilev &#8220;T\u00fcrk d\u00fcnyas\u0131na h\u0131zmeti i\u00e7\u00fcn&#8221; muk\u00e2fat\u0131nen taqdirlendi\",\"datePublished\":\"2011-09-26T13:07:00+00:00\",\"dateModified\":\"2022-01-19T13:08:06+00:00\",\"mainEntityOfPage\":{\"@id\":\"https:\\\/\\\/qtmm.org\\\/qt\\\/mustafa-cemilev-turk-dunyasina-hizmeti-icun-mukafatinen-taqdirlendi\\\/\"},\"wordCount\":634,\"commentCount\":0,\"publisher\":{\"@id\":\"https:\\\/\\\/qtmm.org\\\/qt\\\/#organization\"},\"articleSection\":[\"Haberler\"],\"inLanguage\":\"qt\",\"potentialAction\":[{\"@type\":\"CommentAction\",\"name\":\"Comment\",\"target\":[\"https:\\\/\\\/qtmm.org\\\/qt\\\/mustafa-cemilev-turk-dunyasina-hizmeti-icun-mukafatinen-taqdirlendi\\\/#respond\"]}]},{\"@type\":\"WebPage\",\"@id\":\"https:\\\/\\\/qtmm.org\\\/qt\\\/mustafa-cemilev-turk-dunyasina-hizmeti-icun-mukafatinen-taqdirlendi\\\/\",\"url\":\"https:\\\/\\\/qtmm.org\\\/qt\\\/mustafa-cemilev-turk-dunyasina-hizmeti-icun-mukafatinen-taqdirlendi\\\/\",\"name\":\"Mustafa Cemilev \\\"T\u00fcrk d\u00fcnyas\u0131na h\u0131zmeti i\u00e7\u00fcn\\\" muk\u00e2fat\u0131nen taqdirlendi - \u041c\u0435\u0434\u0436\u043b\u0456\u0441\",\"isPartOf\":{\"@id\":\"https:\\\/\\\/qtmm.org\\\/qt\\\/#website\"},\"datePublished\":\"2011-09-26T13:07:00+00:00\",\"dateModified\":\"2022-01-19T13:08:06+00:00\",\"breadcrumb\":{\"@id\":\"https:\\\/\\\/qtmm.org\\\/qt\\\/mustafa-cemilev-turk-dunyasina-hizmeti-icun-mukafatinen-taqdirlendi\\\/#breadcrumb\"},\"inLanguage\":\"qt\",\"potentialAction\":[{\"@type\":\"ReadAction\",\"target\":[\"https:\\\/\\\/qtmm.org\\\/qt\\\/mustafa-cemilev-turk-dunyasina-hizmeti-icun-mukafatinen-taqdirlendi\\\/\"]}]},{\"@type\":\"BreadcrumbList\",\"@id\":\"https:\\\/\\\/qtmm.org\\\/qt\\\/mustafa-cemilev-turk-dunyasina-hizmeti-icun-mukafatinen-taqdirlendi\\\/#breadcrumb\",\"itemListElement\":[{\"@type\":\"ListItem\",\"position\":1,\"name\":\"\u0413\u043e\u043b\u043e\u0432\u043d\u0430\",\"item\":\"https:\\\/\\\/qtmm.org\\\/qt\\\/\"},{\"@type\":\"ListItem\",\"position\":2,\"name\":\"Mustafa Cemilev &#8220;T\u00fcrk d\u00fcnyas\u0131na h\u0131zmeti i\u00e7\u00fcn&#8221; muk\u00e2fat\u0131nen taqdirlendi\"}]},{\"@type\":\"WebSite\",\"@id\":\"https:\\\/\\\/qtmm.org\\\/qt\\\/#website\",\"url\":\"https:\\\/\\\/qtmm.org\\\/qt\\\/\",\"name\":\"\u041c\u0435\u0434\u0436\u043b\u0456\u0441\",\"description\":\"\",\"publisher\":{\"@id\":\"https:\\\/\\\/qtmm.org\\\/qt\\\/#organization\"},\"potentialAction\":[{\"@type\":\"SearchAction\",\"target\":{\"@type\":\"EntryPoint\",\"urlTemplate\":\"https:\\\/\\\/qtmm.org\\\/qt\\\/?s={search_term_string}\"},\"query-input\":{\"@type\":\"PropertyValueSpecification\",\"valueRequired\":true,\"valueName\":\"search_term_string\"}}],\"inLanguage\":\"qt\"},{\"@type\":\"Organization\",\"@id\":\"https:\\\/\\\/qtmm.org\\\/qt\\\/#organization\",\"name\":\"\u041c\u0435\u0434\u0436\u043b\u0456\u0441\",\"url\":\"https:\\\/\\\/qtmm.org\\\/qt\\\/\",\"logo\":{\"@type\":\"ImageObject\",\"inLanguage\":\"qt\",\"@id\":\"https:\\\/\\\/qtmm.org\\\/qt\\\/#\\\/schema\\\/logo\\\/image\\\/\",\"url\":\"https:\\\/\\\/qtmm.org\\\/wp-content\\\/uploads\\\/2024\\\/12\\\/ua-mejlis-logo-rgb.svg\",\"contentUrl\":\"https:\\\/\\\/qtmm.org\\\/wp-content\\\/uploads\\\/2024\\\/12\\\/ua-mejlis-logo-rgb.svg\",\"caption\":\"\u041c\u0435\u0434\u0436\u043b\u0456\u0441\"},\"image\":{\"@id\":\"https:\\\/\\\/qtmm.org\\\/qt\\\/#\\\/schema\\\/logo\\\/image\\\/\"},\"sameAs\":[\"https:\\\/\\\/www.facebook.com\\\/qtmm.info\\\/\"]},{\"@type\":\"Person\",\"@id\":\"https:\\\/\\\/qtmm.org\\\/qt\\\/#\\\/schema\\\/person\\\/de562469f971dec226ac06e60bbf74a7\",\"name\":\"Developer\",\"image\":{\"@type\":\"ImageObject\",\"inLanguage\":\"qt\",\"@id\":\"https:\\\/\\\/secure.gravatar.com\\\/avatar\\\/392b4cc8fbfeb00b39dfeeab4ee6edded39ffd48e25858637e4765810300227e?s=96&d=mm&r=g\",\"url\":\"https:\\\/\\\/secure.gravatar.com\\\/avatar\\\/392b4cc8fbfeb00b39dfeeab4ee6edded39ffd48e25858637e4765810300227e?s=96&d=mm&r=g\",\"contentUrl\":\"https:\\\/\\\/secure.gravatar.com\\\/avatar\\\/392b4cc8fbfeb00b39dfeeab4ee6edded39ffd48e25858637e4765810300227e?s=96&d=mm&r=g\",\"caption\":\"Developer\"},\"url\":\"https:\\\/\\\/qtmm.org\\\/qt\\\/author\\\/Developer\\\/\"}]}<\/script>\n<!-- \/ Yoast SEO plugin. -->","yoast_head_json":{"title":"Mustafa Cemilev \"T\u00fcrk d\u00fcnyas\u0131na h\u0131zmeti i\u00e7\u00fcn\" muk\u00e2fat\u0131nen taqdirlendi - \u041c\u0435\u0434\u0436\u043b\u0456\u0441","robots":{"index":"index","follow":"follow","max-snippet":"max-snippet:-1","max-image-preview":"max-image-preview:large","max-video-preview":"max-video-preview:-1"},"canonical":"https:\/\/qtmm.org\/qt\/mustafa-cemilev-turk-dunyasina-hizmeti-icun-mukafatinen-taqdirlendi\/","og_locale":"en_US","og_type":"article","og_title":"Mustafa Cemilev \"T\u00fcrk d\u00fcnyas\u0131na h\u0131zmeti i\u00e7\u00fcn\" muk\u00e2fat\u0131nen taqdirlendi - \u041c\u0435\u0434\u0436\u043b\u0456\u0441","og_description":"Meclis reisi, belli uquqqoruy\u0131c\u0131&nbsp; Mustafa Cemilev T\u00fcrkiye yaz\u0131c\u0131lar\u0131 ve sanat erbaplar\u0131 birligi taraf\u0131ndan &#8220;T\u00fcrk d\u00fcnyas\u0131na h\u0131zmeti i\u00e7\u00fcn&#8221; muk\u00e2fat\u0131na taqdim etildi. Mustafa Cemilev q\u0131r\u0131mtatar halq\u0131n\u0131\u00f1 meselelerini zorbal\u0131qs\u0131z \u00e7ezmek, qarda\u015f&nbsp; devlet ve halqlarn\u0131 birle\u015ftirmek o\u011frunda \u011fayelerine T\u00fcrkiyede y\u00fcksek q\u0131ymet kesildi. 2011 senesi aprel 5-te Universitet rektor\u0131 F\u0131rat Ahmet Feyzi Bing\u00f6l&nbsp; reberliginde muk\u00e2fat saiplerini\u00f1 namzetlerini tasdiqlav boyunca komissiya [&hellip;]","og_url":"https:\/\/qtmm.org\/qt\/mustafa-cemilev-turk-dunyasina-hizmeti-icun-mukafatinen-taqdirlendi\/","og_site_name":"\u041c\u0435\u0434\u0436\u043b\u0456\u0441","article_publisher":"https:\/\/www.facebook.com\/qtmm.info\/","article_published_time":"2011-09-26T13:07:00+00:00","article_modified_time":"2022-01-19T13:08:06+00:00","author":"Developer","twitter_card":"summary_large_image","twitter_misc":{"Written by":"Developer","Est. reading time":"3 minutes"},"schema":{"@context":"https:\/\/schema.org","@graph":[{"@type":"Article","@id":"https:\/\/qtmm.org\/qt\/mustafa-cemilev-turk-dunyasina-hizmeti-icun-mukafatinen-taqdirlendi\/#article","isPartOf":{"@id":"https:\/\/qtmm.org\/qt\/mustafa-cemilev-turk-dunyasina-hizmeti-icun-mukafatinen-taqdirlendi\/"},"author":{"name":"Developer","@id":"https:\/\/qtmm.org\/qt\/#\/schema\/person\/de562469f971dec226ac06e60bbf74a7"},"headline":"Mustafa Cemilev &#8220;T\u00fcrk d\u00fcnyas\u0131na h\u0131zmeti i\u00e7\u00fcn&#8221; muk\u00e2fat\u0131nen taqdirlendi","datePublished":"2011-09-26T13:07:00+00:00","dateModified":"2022-01-19T13:08:06+00:00","mainEntityOfPage":{"@id":"https:\/\/qtmm.org\/qt\/mustafa-cemilev-turk-dunyasina-hizmeti-icun-mukafatinen-taqdirlendi\/"},"wordCount":634,"commentCount":0,"publisher":{"@id":"https:\/\/qtmm.org\/qt\/#organization"},"articleSection":["Haberler"],"inLanguage":"qt","potentialAction":[{"@type":"CommentAction","name":"Comment","target":["https:\/\/qtmm.org\/qt\/mustafa-cemilev-turk-dunyasina-hizmeti-icun-mukafatinen-taqdirlendi\/#respond"]}]},{"@type":"WebPage","@id":"https:\/\/qtmm.org\/qt\/mustafa-cemilev-turk-dunyasina-hizmeti-icun-mukafatinen-taqdirlendi\/","url":"https:\/\/qtmm.org\/qt\/mustafa-cemilev-turk-dunyasina-hizmeti-icun-mukafatinen-taqdirlendi\/","name":"Mustafa Cemilev \"T\u00fcrk d\u00fcnyas\u0131na h\u0131zmeti i\u00e7\u00fcn\" muk\u00e2fat\u0131nen taqdirlendi - \u041c\u0435\u0434\u0436\u043b\u0456\u0441","isPartOf":{"@id":"https:\/\/qtmm.org\/qt\/#website"},"datePublished":"2011-09-26T13:07:00+00:00","dateModified":"2022-01-19T13:08:06+00:00","breadcrumb":{"@id":"https:\/\/qtmm.org\/qt\/mustafa-cemilev-turk-dunyasina-hizmeti-icun-mukafatinen-taqdirlendi\/#breadcrumb"},"inLanguage":"qt","potentialAction":[{"@type":"ReadAction","target":["https:\/\/qtmm.org\/qt\/mustafa-cemilev-turk-dunyasina-hizmeti-icun-mukafatinen-taqdirlendi\/"]}]},{"@type":"BreadcrumbList","@id":"https:\/\/qtmm.org\/qt\/mustafa-cemilev-turk-dunyasina-hizmeti-icun-mukafatinen-taqdirlendi\/#breadcrumb","itemListElement":[{"@type":"ListItem","position":1,"name":"\u0413\u043e\u043b\u043e\u0432\u043d\u0430","item":"https:\/\/qtmm.org\/qt\/"},{"@type":"ListItem","position":2,"name":"Mustafa Cemilev &#8220;T\u00fcrk d\u00fcnyas\u0131na h\u0131zmeti i\u00e7\u00fcn&#8221; muk\u00e2fat\u0131nen taqdirlendi"}]},{"@type":"WebSite","@id":"https:\/\/qtmm.org\/qt\/#website","url":"https:\/\/qtmm.org\/qt\/","name":"\u041c\u0435\u0434\u0436\u043b\u0456\u0441","description":"","publisher":{"@id":"https:\/\/qtmm.org\/qt\/#organization"},"potentialAction":[{"@type":"SearchAction","target":{"@type":"EntryPoint","urlTemplate":"https:\/\/qtmm.org\/qt\/?s={search_term_string}"},"query-input":{"@type":"PropertyValueSpecification","valueRequired":true,"valueName":"search_term_string"}}],"inLanguage":"qt"},{"@type":"Organization","@id":"https:\/\/qtmm.org\/qt\/#organization","name":"\u041c\u0435\u0434\u0436\u043b\u0456\u0441","url":"https:\/\/qtmm.org\/qt\/","logo":{"@type":"ImageObject","inLanguage":"qt","@id":"https:\/\/qtmm.org\/qt\/#\/schema\/logo\/image\/","url":"https:\/\/qtmm.org\/wp-content\/uploads\/2024\/12\/ua-mejlis-logo-rgb.svg","contentUrl":"https:\/\/qtmm.org\/wp-content\/uploads\/2024\/12\/ua-mejlis-logo-rgb.svg","caption":"\u041c\u0435\u0434\u0436\u043b\u0456\u0441"},"image":{"@id":"https:\/\/qtmm.org\/qt\/#\/schema\/logo\/image\/"},"sameAs":["https:\/\/www.facebook.com\/qtmm.info\/"]},{"@type":"Person","@id":"https:\/\/qtmm.org\/qt\/#\/schema\/person\/de562469f971dec226ac06e60bbf74a7","name":"Developer","image":{"@type":"ImageObject","inLanguage":"qt","@id":"https:\/\/secure.gravatar.com\/avatar\/392b4cc8fbfeb00b39dfeeab4ee6edded39ffd48e25858637e4765810300227e?s=96&d=mm&r=g","url":"https:\/\/secure.gravatar.com\/avatar\/392b4cc8fbfeb00b39dfeeab4ee6edded39ffd48e25858637e4765810300227e?s=96&d=mm&r=g","contentUrl":"https:\/\/secure.gravatar.com\/avatar\/392b4cc8fbfeb00b39dfeeab4ee6edded39ffd48e25858637e4765810300227e?s=96&d=mm&r=g","caption":"Developer"},"url":"https:\/\/qtmm.org\/qt\/author\/Developer\/"}]}},"_links":{"self":[{"href":"https:\/\/qtmm.org\/qt\/wp-json\/wp\/v2\/posts\/26110","targetHints":{"allow":["GET"]}}],"collection":[{"href":"https:\/\/qtmm.org\/qt\/wp-json\/wp\/v2\/posts"}],"about":[{"href":"https:\/\/qtmm.org\/qt\/wp-json\/wp\/v2\/types\/post"}],"author":[{"embeddable":true,"href":"https:\/\/qtmm.org\/qt\/wp-json\/wp\/v2\/users\/1"}],"replies":[{"embeddable":true,"href":"https:\/\/qtmm.org\/qt\/wp-json\/wp\/v2\/comments?post=26110"}],"version-history":[{"count":1,"href":"https:\/\/qtmm.org\/qt\/wp-json\/wp\/v2\/posts\/26110\/revisions"}],"predecessor-version":[{"id":26111,"href":"https:\/\/qtmm.org\/qt\/wp-json\/wp\/v2\/posts\/26110\/revisions\/26111"}],"wp:attachment":[{"href":"https:\/\/qtmm.org\/qt\/wp-json\/wp\/v2\/media?parent=26110"}],"wp:term":[{"taxonomy":"category","embeddable":true,"href":"https:\/\/qtmm.org\/qt\/wp-json\/wp\/v2\/categories?post=26110"},{"taxonomy":"post_tag","embeddable":true,"href":"https:\/\/qtmm.org\/qt\/wp-json\/wp\/v2\/tags?post=26110"}],"curies":[{"name":"wp","href":"https:\/\/api.w.org\/{rel}","templated":true}]}}