




{"id":26108,"date":"2011-09-24T16:06:00","date_gmt":"2011-09-24T13:06:00","guid":{"rendered":"http:\/\/qtmm.org\/?p=26108"},"modified":"2022-01-19T16:07:22","modified_gmt":"2022-01-19T13:07:22","slug":"cingiz-dagci-vefat-etti","status":"publish","type":"post","link":"https:\/\/qtmm.org\/qt\/cingiz-dagci-vefat-etti\/","title":{"rendered":"C\u0131n\u011f\u0131z Da\u011fc\u0131 vefat etti"},"content":{"rendered":"\n<p class=\"has-text-align-center\">Elvida, \u00f6z yurtuna \u00f6m\u00fcr boyu asret qal\u011fan b\u00fcy\u00fck zat !<\/p>\n\n\n\n<p>Milliy edebiyat\u0131m\u0131z, medeniyetimiz, maneviyat\u0131m\u0131z b\u00fcy\u00fck coyuqqa o\u011frad\u0131 &#8211; 22-sent\u00e2brde Londonda t\u00fcrkiy d\u00fcnyan\u0131\u00f1 e\u00f1 k\u00f6r\u00fcmli ve e\u00f1 semereli \u00e7al\u0131\u015fqan, em de d\u00fcnyaca tan\u0131l\u011fan yaz\u0131c\u0131lardan biri, \u00e7oq istidatl\u0131 nesirci ve romanc\u0131, \u00f6z\u00fcni b\u00fct\u00fcn \u00f6m\u00fcr q\u0131r\u0131mtatar is etken ve Vatan\u0131n\u0131\u00f1 taqdirini qay\u011f\u0131r\u011fan insan, cetemen erbab\u0131m\u0131z C\u0131n\u011f\u0131z Da\u011fc\u0131n\u0131\u00f1 y\u00fcregi, o, 92 ya\u015fqa aylan\u011fan bir \u00e7a\u011f\u0131nda, uruvdan toqtad\u0131.<\/p>\n\n\n\n<p>\u0130cret yollar\u0131 on\u0131 \u0130ngiltereni\u00f1 paytaht\u0131na ketirmesinden evel, yaz\u0131c\u0131 felekni\u00f1 \u00e7emberinden ke\u00e7e, defalarca \u00f6l\u00fcmni\u00f1 pancas\u0131na t\u00fc\u015fe, l\u00e2kin ondan qurtula ve b\u00f6yle k\u00f6zayd\u0131nn\u0131\u00f1 neticesi yigirmiden ziyade \u00e7\u0131qqan kitaplar\u0131 ola.<\/p>\n\n\n\n<p>O, yaz\u011fan ve bediiy seviyesi \u011fayet y\u00fcksek ol\u011fan eserlerni\u00f1 tek ad\u0131lar\u0131na tek bir nazar ta\u015flasaq, biz, C\u0131n\u011f\u0131z a\u011fa ne derecede vatanperver, milletsever icatk\u00e2r \u015fahs ol\u011fan\u0131n\u0131 k\u00f6re bilemiz. &#8220;Yans\u0131lar&#8221;, &#8220;Anama mekt\u00fcpler&#8221;, &#8220;Qorqun\u00e7 y\u0131llar&#8221;, &#8220;Yurtun\u0131 \u011fay\u0131p etken adam&#8221;, &#8220;Olar da insan edi&#8221;, &#8220;O topraqlar bizim edi&#8221;, &#8220;Badem dal\u0131na as\u0131l\u0131 sabiyler&#8221;, &#8220;\u00d6l\u00fcm ve qorqu k\u00fcnleri&#8221;, &#8220;Biz beraber ke\u00e7tik bu yoln\u0131&#8221;\u2026 Bu er ceetten b\u00fcy\u00fck eserler ait devir vaqialarn\u0131 aks etip, halq\u0131m\u0131zn\u0131\u00f1 facial\u0131 taqdirini sanat vastalar\u0131nen tesirli, vesiqal\u0131 \u015fekilde ifade etmekteler.<\/p>\n\n\n\n<p>C\u0131n\u011f\u0131z Da\u011fc\u0131 1920 senesi 9-martta Yalta civar\u0131ndaki Q\u0131z\u0131lta\u015f k\u00f6y\u00fcnde d\u00fcnya\u011fa kele ve o\u00f1a Q\u0131r\u0131mda tek 21 y\u0131l ya\u015fama\u011fa q\u0131smet ola. L\u00e2kin edip, b\u00fct\u00fcn a\u00f1l\u0131 \u00f6m\u00fcrini yat ilde ke\u00e7irse de, on\u0131\u00f1 yaz\u011fan aman-aman er bir kitab\u0131, er bir sat\u0131r\u0131 o, asret ol\u011fan do\u011fmu\u015f ve Q\u0131z\u0131lta\u015f, Gurzuf, Aqmescit kibi ya\u015fa\u011fan yerlerinen, candan da tatl\u0131 Vatan\u0131nen ba\u011fl\u0131 edi.<\/p>\n\n\n\n<p>On\u0131\u00f1 edebiy eserleri halq\u0131m\u0131zn\u0131\u00f1, bun\u0131\u00f1nen beraber, b\u00fct\u00fcn t\u00fcrkiy alemini\u00f1 e\u00f1 q\u0131ymetli, e\u00f1 oqunaql\u0131, e\u00f1 emiyetli ve teren tesir etken miras\u0131 s\u0131ras\u0131nda ebediy turacaq, parlaq hat\u0131ras\u0131 qalplerimizde daima saqlanacaq.<\/p>\n\n\n\n<p>B\u00fcy\u00fck vatanda\u015f\u0131m\u0131z C\u0131n\u011f\u0131z a\u011fa Da\u011fc\u0131 vefat etkeni munasebetinen on\u0131\u00f1 yaq\u0131nlar\u0131na, on\u0131 oqu\u011fan ve icad\u0131na sevda ol\u011fan m\u00fchlislerine teren taziye bildiremiz ve ba\u015f sa\u011fl\u0131\u011f\u0131 tileymiz.<\/p>\n\n\n\n<p class=\"has-text-align-right\">Alla rahmet eylesin!<\/p>\n\n\n\n<p class=\"has-text-align-right\"><em>Q\u0131r\u0131mtatar Milliy Meclisi<\/em><\/p>\n\n\n\n<p class=\"has-text-align-right\"><em>B\u00fct\u00fcn dunya q\u0131r\u0131mtatar kongresinin Koordinatsion \u015furas\u0131<\/em><br>&nbsp;<\/p>\n","protected":false},"excerpt":{"rendered":"<p>Elvida, \u00f6z yurtuna \u00f6m\u00fcr boyu asret qal\u011fan b\u00fcy\u00fck zat ! Milliy edebiyat\u0131m\u0131z, medeniyetimiz, maneviyat\u0131m\u0131z b\u00fcy\u00fck coyuqqa o\u011frad\u0131 &#8211; 22-sent\u00e2brde Londonda t\u00fcrkiy d\u00fcnyan\u0131\u00f1 e\u00f1 k\u00f6r\u00fcmli ve e\u00f1 semereli \u00e7al\u0131\u015fqan, em de d\u00fcnyaca tan\u0131l\u011fan yaz\u0131c\u0131lardan biri, \u00e7oq istidatl\u0131 nesirci ve romanc\u0131, \u00f6z\u00fcni b\u00fct\u00fcn \u00f6m\u00fcr q\u0131r\u0131mtatar is etken ve Vatan\u0131n\u0131\u00f1 taqdirini qay\u011f\u0131r\u011fan insan, cetemen erbab\u0131m\u0131z C\u0131n\u011f\u0131z Da\u011fc\u0131n\u0131\u00f1 y\u00fcregi, [&hellip;]<\/p>\n","protected":false},"author":1,"featured_media":0,"comment_status":"open","ping_status":"open","sticky":false,"template":"","format":"standard","meta":{"inline_featured_image":false,"footnotes":""},"categories":[265],"tags":[],"class_list":["post-26108","post","type-post","status-publish","format-standard","hentry","category-haberler"],"acf":[],"yoast_head":"<!-- This site is optimized with the Yoast SEO plugin v27.4 - https:\/\/yoast.com\/product\/yoast-seo-wordpress\/ -->\n<title>C\u0131n\u011f\u0131z Da\u011fc\u0131 vefat etti - \u041c\u0435\u0434\u0436\u043b\u0456\u0441<\/title>\n<meta name=\"robots\" content=\"index, follow, max-snippet:-1, max-image-preview:large, max-video-preview:-1\" \/>\n<link rel=\"canonical\" href=\"https:\/\/qtmm.org\/qt\/cingiz-dagci-vefat-etti\/\" \/>\n<meta property=\"og:locale\" content=\"en_US\" \/>\n<meta property=\"og:type\" content=\"article\" \/>\n<meta property=\"og:title\" content=\"C\u0131n\u011f\u0131z Da\u011fc\u0131 vefat etti - \u041c\u0435\u0434\u0436\u043b\u0456\u0441\" \/>\n<meta property=\"og:description\" content=\"Elvida, \u00f6z yurtuna \u00f6m\u00fcr boyu asret qal\u011fan b\u00fcy\u00fck zat ! Milliy edebiyat\u0131m\u0131z, medeniyetimiz, maneviyat\u0131m\u0131z b\u00fcy\u00fck coyuqqa o\u011frad\u0131 &#8211; 22-sent\u00e2brde Londonda t\u00fcrkiy d\u00fcnyan\u0131\u00f1 e\u00f1 k\u00f6r\u00fcmli ve e\u00f1 semereli \u00e7al\u0131\u015fqan, em de d\u00fcnyaca tan\u0131l\u011fan yaz\u0131c\u0131lardan biri, \u00e7oq istidatl\u0131 nesirci ve romanc\u0131, \u00f6z\u00fcni b\u00fct\u00fcn \u00f6m\u00fcr q\u0131r\u0131mtatar is etken ve Vatan\u0131n\u0131\u00f1 taqdirini qay\u011f\u0131r\u011fan insan, cetemen erbab\u0131m\u0131z C\u0131n\u011f\u0131z Da\u011fc\u0131n\u0131\u00f1 y\u00fcregi, [&hellip;]\" \/>\n<meta property=\"og:url\" content=\"https:\/\/qtmm.org\/qt\/cingiz-dagci-vefat-etti\/\" \/>\n<meta property=\"og:site_name\" content=\"\u041c\u0435\u0434\u0436\u043b\u0456\u0441\" \/>\n<meta property=\"article:publisher\" content=\"https:\/\/www.facebook.com\/qtmm.info\/\" \/>\n<meta property=\"article:published_time\" content=\"2011-09-24T13:06:00+00:00\" \/>\n<meta property=\"article:modified_time\" content=\"2022-01-19T13:07:22+00:00\" \/>\n<meta name=\"author\" content=\"Developer\" \/>\n<meta name=\"twitter:card\" content=\"summary_large_image\" \/>\n<meta name=\"twitter:label1\" content=\"Written by\" \/>\n\t<meta name=\"twitter:data1\" content=\"Developer\" \/>\n\t<meta name=\"twitter:label2\" content=\"Est. reading time\" \/>\n\t<meta name=\"twitter:data2\" content=\"2 minutes\" \/>\n<script type=\"application\/ld+json\" class=\"yoast-schema-graph\">{\"@context\":\"https:\\\/\\\/schema.org\",\"@graph\":[{\"@type\":\"Article\",\"@id\":\"https:\\\/\\\/qtmm.org\\\/qt\\\/cingiz-dagci-vefat-etti\\\/#article\",\"isPartOf\":{\"@id\":\"https:\\\/\\\/qtmm.org\\\/qt\\\/cingiz-dagci-vefat-etti\\\/\"},\"author\":{\"name\":\"Developer\",\"@id\":\"https:\\\/\\\/qtmm.org\\\/qt\\\/#\\\/schema\\\/person\\\/de562469f971dec226ac06e60bbf74a7\"},\"headline\":\"C\u0131n\u011f\u0131z Da\u011fc\u0131 vefat etti\",\"datePublished\":\"2011-09-24T13:06:00+00:00\",\"dateModified\":\"2022-01-19T13:07:22+00:00\",\"mainEntityOfPage\":{\"@id\":\"https:\\\/\\\/qtmm.org\\\/qt\\\/cingiz-dagci-vefat-etti\\\/\"},\"wordCount\":432,\"commentCount\":0,\"publisher\":{\"@id\":\"https:\\\/\\\/qtmm.org\\\/qt\\\/#organization\"},\"articleSection\":[\"Haberler\"],\"inLanguage\":\"qt\",\"potentialAction\":[{\"@type\":\"CommentAction\",\"name\":\"Comment\",\"target\":[\"https:\\\/\\\/qtmm.org\\\/qt\\\/cingiz-dagci-vefat-etti\\\/#respond\"]}]},{\"@type\":\"WebPage\",\"@id\":\"https:\\\/\\\/qtmm.org\\\/qt\\\/cingiz-dagci-vefat-etti\\\/\",\"url\":\"https:\\\/\\\/qtmm.org\\\/qt\\\/cingiz-dagci-vefat-etti\\\/\",\"name\":\"C\u0131n\u011f\u0131z Da\u011fc\u0131 vefat etti - \u041c\u0435\u0434\u0436\u043b\u0456\u0441\",\"isPartOf\":{\"@id\":\"https:\\\/\\\/qtmm.org\\\/qt\\\/#website\"},\"datePublished\":\"2011-09-24T13:06:00+00:00\",\"dateModified\":\"2022-01-19T13:07:22+00:00\",\"breadcrumb\":{\"@id\":\"https:\\\/\\\/qtmm.org\\\/qt\\\/cingiz-dagci-vefat-etti\\\/#breadcrumb\"},\"inLanguage\":\"qt\",\"potentialAction\":[{\"@type\":\"ReadAction\",\"target\":[\"https:\\\/\\\/qtmm.org\\\/qt\\\/cingiz-dagci-vefat-etti\\\/\"]}]},{\"@type\":\"BreadcrumbList\",\"@id\":\"https:\\\/\\\/qtmm.org\\\/qt\\\/cingiz-dagci-vefat-etti\\\/#breadcrumb\",\"itemListElement\":[{\"@type\":\"ListItem\",\"position\":1,\"name\":\"\u0413\u043e\u043b\u043e\u0432\u043d\u0430\",\"item\":\"https:\\\/\\\/qtmm.org\\\/qt\\\/\"},{\"@type\":\"ListItem\",\"position\":2,\"name\":\"C\u0131n\u011f\u0131z Da\u011fc\u0131 vefat etti\"}]},{\"@type\":\"WebSite\",\"@id\":\"https:\\\/\\\/qtmm.org\\\/qt\\\/#website\",\"url\":\"https:\\\/\\\/qtmm.org\\\/qt\\\/\",\"name\":\"\u041c\u0435\u0434\u0436\u043b\u0456\u0441\",\"description\":\"\",\"publisher\":{\"@id\":\"https:\\\/\\\/qtmm.org\\\/qt\\\/#organization\"},\"potentialAction\":[{\"@type\":\"SearchAction\",\"target\":{\"@type\":\"EntryPoint\",\"urlTemplate\":\"https:\\\/\\\/qtmm.org\\\/qt\\\/?s={search_term_string}\"},\"query-input\":{\"@type\":\"PropertyValueSpecification\",\"valueRequired\":true,\"valueName\":\"search_term_string\"}}],\"inLanguage\":\"qt\"},{\"@type\":\"Organization\",\"@id\":\"https:\\\/\\\/qtmm.org\\\/qt\\\/#organization\",\"name\":\"\u041c\u0435\u0434\u0436\u043b\u0456\u0441\",\"url\":\"https:\\\/\\\/qtmm.org\\\/qt\\\/\",\"logo\":{\"@type\":\"ImageObject\",\"inLanguage\":\"qt\",\"@id\":\"https:\\\/\\\/qtmm.org\\\/qt\\\/#\\\/schema\\\/logo\\\/image\\\/\",\"url\":\"https:\\\/\\\/qtmm.org\\\/wp-content\\\/uploads\\\/2024\\\/12\\\/ua-mejlis-logo-rgb.svg\",\"contentUrl\":\"https:\\\/\\\/qtmm.org\\\/wp-content\\\/uploads\\\/2024\\\/12\\\/ua-mejlis-logo-rgb.svg\",\"caption\":\"\u041c\u0435\u0434\u0436\u043b\u0456\u0441\"},\"image\":{\"@id\":\"https:\\\/\\\/qtmm.org\\\/qt\\\/#\\\/schema\\\/logo\\\/image\\\/\"},\"sameAs\":[\"https:\\\/\\\/www.facebook.com\\\/qtmm.info\\\/\"]},{\"@type\":\"Person\",\"@id\":\"https:\\\/\\\/qtmm.org\\\/qt\\\/#\\\/schema\\\/person\\\/de562469f971dec226ac06e60bbf74a7\",\"name\":\"Developer\",\"image\":{\"@type\":\"ImageObject\",\"inLanguage\":\"qt\",\"@id\":\"https:\\\/\\\/secure.gravatar.com\\\/avatar\\\/392b4cc8fbfeb00b39dfeeab4ee6edded39ffd48e25858637e4765810300227e?s=96&d=mm&r=g\",\"url\":\"https:\\\/\\\/secure.gravatar.com\\\/avatar\\\/392b4cc8fbfeb00b39dfeeab4ee6edded39ffd48e25858637e4765810300227e?s=96&d=mm&r=g\",\"contentUrl\":\"https:\\\/\\\/secure.gravatar.com\\\/avatar\\\/392b4cc8fbfeb00b39dfeeab4ee6edded39ffd48e25858637e4765810300227e?s=96&d=mm&r=g\",\"caption\":\"Developer\"},\"url\":\"https:\\\/\\\/qtmm.org\\\/qt\\\/author\\\/Developer\\\/\"}]}<\/script>\n<!-- \/ Yoast SEO plugin. -->","yoast_head_json":{"title":"C\u0131n\u011f\u0131z Da\u011fc\u0131 vefat etti - \u041c\u0435\u0434\u0436\u043b\u0456\u0441","robots":{"index":"index","follow":"follow","max-snippet":"max-snippet:-1","max-image-preview":"max-image-preview:large","max-video-preview":"max-video-preview:-1"},"canonical":"https:\/\/qtmm.org\/qt\/cingiz-dagci-vefat-etti\/","og_locale":"en_US","og_type":"article","og_title":"C\u0131n\u011f\u0131z Da\u011fc\u0131 vefat etti - \u041c\u0435\u0434\u0436\u043b\u0456\u0441","og_description":"Elvida, \u00f6z yurtuna \u00f6m\u00fcr boyu asret qal\u011fan b\u00fcy\u00fck zat ! Milliy edebiyat\u0131m\u0131z, medeniyetimiz, maneviyat\u0131m\u0131z b\u00fcy\u00fck coyuqqa o\u011frad\u0131 &#8211; 22-sent\u00e2brde Londonda t\u00fcrkiy d\u00fcnyan\u0131\u00f1 e\u00f1 k\u00f6r\u00fcmli ve e\u00f1 semereli \u00e7al\u0131\u015fqan, em de d\u00fcnyaca tan\u0131l\u011fan yaz\u0131c\u0131lardan biri, \u00e7oq istidatl\u0131 nesirci ve romanc\u0131, \u00f6z\u00fcni b\u00fct\u00fcn \u00f6m\u00fcr q\u0131r\u0131mtatar is etken ve Vatan\u0131n\u0131\u00f1 taqdirini qay\u011f\u0131r\u011fan insan, cetemen erbab\u0131m\u0131z C\u0131n\u011f\u0131z Da\u011fc\u0131n\u0131\u00f1 y\u00fcregi, [&hellip;]","og_url":"https:\/\/qtmm.org\/qt\/cingiz-dagci-vefat-etti\/","og_site_name":"\u041c\u0435\u0434\u0436\u043b\u0456\u0441","article_publisher":"https:\/\/www.facebook.com\/qtmm.info\/","article_published_time":"2011-09-24T13:06:00+00:00","article_modified_time":"2022-01-19T13:07:22+00:00","author":"Developer","twitter_card":"summary_large_image","twitter_misc":{"Written by":"Developer","Est. reading time":"2 minutes"},"schema":{"@context":"https:\/\/schema.org","@graph":[{"@type":"Article","@id":"https:\/\/qtmm.org\/qt\/cingiz-dagci-vefat-etti\/#article","isPartOf":{"@id":"https:\/\/qtmm.org\/qt\/cingiz-dagci-vefat-etti\/"},"author":{"name":"Developer","@id":"https:\/\/qtmm.org\/qt\/#\/schema\/person\/de562469f971dec226ac06e60bbf74a7"},"headline":"C\u0131n\u011f\u0131z Da\u011fc\u0131 vefat etti","datePublished":"2011-09-24T13:06:00+00:00","dateModified":"2022-01-19T13:07:22+00:00","mainEntityOfPage":{"@id":"https:\/\/qtmm.org\/qt\/cingiz-dagci-vefat-etti\/"},"wordCount":432,"commentCount":0,"publisher":{"@id":"https:\/\/qtmm.org\/qt\/#organization"},"articleSection":["Haberler"],"inLanguage":"qt","potentialAction":[{"@type":"CommentAction","name":"Comment","target":["https:\/\/qtmm.org\/qt\/cingiz-dagci-vefat-etti\/#respond"]}]},{"@type":"WebPage","@id":"https:\/\/qtmm.org\/qt\/cingiz-dagci-vefat-etti\/","url":"https:\/\/qtmm.org\/qt\/cingiz-dagci-vefat-etti\/","name":"C\u0131n\u011f\u0131z Da\u011fc\u0131 vefat etti - \u041c\u0435\u0434\u0436\u043b\u0456\u0441","isPartOf":{"@id":"https:\/\/qtmm.org\/qt\/#website"},"datePublished":"2011-09-24T13:06:00+00:00","dateModified":"2022-01-19T13:07:22+00:00","breadcrumb":{"@id":"https:\/\/qtmm.org\/qt\/cingiz-dagci-vefat-etti\/#breadcrumb"},"inLanguage":"qt","potentialAction":[{"@type":"ReadAction","target":["https:\/\/qtmm.org\/qt\/cingiz-dagci-vefat-etti\/"]}]},{"@type":"BreadcrumbList","@id":"https:\/\/qtmm.org\/qt\/cingiz-dagci-vefat-etti\/#breadcrumb","itemListElement":[{"@type":"ListItem","position":1,"name":"\u0413\u043e\u043b\u043e\u0432\u043d\u0430","item":"https:\/\/qtmm.org\/qt\/"},{"@type":"ListItem","position":2,"name":"C\u0131n\u011f\u0131z Da\u011fc\u0131 vefat etti"}]},{"@type":"WebSite","@id":"https:\/\/qtmm.org\/qt\/#website","url":"https:\/\/qtmm.org\/qt\/","name":"\u041c\u0435\u0434\u0436\u043b\u0456\u0441","description":"","publisher":{"@id":"https:\/\/qtmm.org\/qt\/#organization"},"potentialAction":[{"@type":"SearchAction","target":{"@type":"EntryPoint","urlTemplate":"https:\/\/qtmm.org\/qt\/?s={search_term_string}"},"query-input":{"@type":"PropertyValueSpecification","valueRequired":true,"valueName":"search_term_string"}}],"inLanguage":"qt"},{"@type":"Organization","@id":"https:\/\/qtmm.org\/qt\/#organization","name":"\u041c\u0435\u0434\u0436\u043b\u0456\u0441","url":"https:\/\/qtmm.org\/qt\/","logo":{"@type":"ImageObject","inLanguage":"qt","@id":"https:\/\/qtmm.org\/qt\/#\/schema\/logo\/image\/","url":"https:\/\/qtmm.org\/wp-content\/uploads\/2024\/12\/ua-mejlis-logo-rgb.svg","contentUrl":"https:\/\/qtmm.org\/wp-content\/uploads\/2024\/12\/ua-mejlis-logo-rgb.svg","caption":"\u041c\u0435\u0434\u0436\u043b\u0456\u0441"},"image":{"@id":"https:\/\/qtmm.org\/qt\/#\/schema\/logo\/image\/"},"sameAs":["https:\/\/www.facebook.com\/qtmm.info\/"]},{"@type":"Person","@id":"https:\/\/qtmm.org\/qt\/#\/schema\/person\/de562469f971dec226ac06e60bbf74a7","name":"Developer","image":{"@type":"ImageObject","inLanguage":"qt","@id":"https:\/\/secure.gravatar.com\/avatar\/392b4cc8fbfeb00b39dfeeab4ee6edded39ffd48e25858637e4765810300227e?s=96&d=mm&r=g","url":"https:\/\/secure.gravatar.com\/avatar\/392b4cc8fbfeb00b39dfeeab4ee6edded39ffd48e25858637e4765810300227e?s=96&d=mm&r=g","contentUrl":"https:\/\/secure.gravatar.com\/avatar\/392b4cc8fbfeb00b39dfeeab4ee6edded39ffd48e25858637e4765810300227e?s=96&d=mm&r=g","caption":"Developer"},"url":"https:\/\/qtmm.org\/qt\/author\/Developer\/"}]}},"_links":{"self":[{"href":"https:\/\/qtmm.org\/qt\/wp-json\/wp\/v2\/posts\/26108","targetHints":{"allow":["GET"]}}],"collection":[{"href":"https:\/\/qtmm.org\/qt\/wp-json\/wp\/v2\/posts"}],"about":[{"href":"https:\/\/qtmm.org\/qt\/wp-json\/wp\/v2\/types\/post"}],"author":[{"embeddable":true,"href":"https:\/\/qtmm.org\/qt\/wp-json\/wp\/v2\/users\/1"}],"replies":[{"embeddable":true,"href":"https:\/\/qtmm.org\/qt\/wp-json\/wp\/v2\/comments?post=26108"}],"version-history":[{"count":1,"href":"https:\/\/qtmm.org\/qt\/wp-json\/wp\/v2\/posts\/26108\/revisions"}],"predecessor-version":[{"id":26109,"href":"https:\/\/qtmm.org\/qt\/wp-json\/wp\/v2\/posts\/26108\/revisions\/26109"}],"wp:attachment":[{"href":"https:\/\/qtmm.org\/qt\/wp-json\/wp\/v2\/media?parent=26108"}],"wp:term":[{"taxonomy":"category","embeddable":true,"href":"https:\/\/qtmm.org\/qt\/wp-json\/wp\/v2\/categories?post=26108"},{"taxonomy":"post_tag","embeddable":true,"href":"https:\/\/qtmm.org\/qt\/wp-json\/wp\/v2\/tags?post=26108"}],"curies":[{"name":"wp","href":"https:\/\/api.w.org\/{rel}","templated":true}]}}