




{"id":26086,"date":"2011-09-23T16:04:00","date_gmt":"2011-09-23T13:04:00","guid":{"rendered":"http:\/\/qtmm.org\/?p=26086"},"modified":"2022-01-19T16:06:30","modified_gmt":"2022-01-19T13:06:30","slug":"meclis-reisi-pakistannin-ukrainada-elcisi-ile-korusti","status":"publish","type":"post","link":"https:\/\/qtmm.org\/qt\/meclis-reisi-pakistannin-ukrainada-elcisi-ile-korusti\/","title":{"rendered":"Meclis reisi Pakistann\u0131\u00f1 Ukrainada el\u00e7isi ile k\u00f6r\u00fc\u015fti"},"content":{"rendered":"\n<p>Meclis yolba\u015f\u00e7\u0131s\u0131 Mustafa Cemilev Pakistann\u0131\u00f1 Ukrainada Vefqulade ve Toluvek\u00e2letli el\u00e7isi Ahmed Navaz Salim Mela refiqas\u0131 \u015earla Salimni qabul etti. Sent\u00e2br 23 k\u00fcn\u00fc Meclis ofisinde ol\u0131p ke\u00e7ken k\u00f6r\u00fc\u015f\u00fcvde Meclis t\u0131\u015fq\u0131 al\u00e2qalar b\u00f6l\u00fcgini\u00f1 m\u00fcdiri Ali Hamzin ve Meclis K\u00e2tibiyetini\u00f1 ba\u015f\u0131 Zair Smedl\u00e2yev de i\u015ftirak ettiler .<\/p>\n\n\n\n<p>K\u00f6r\u00fc\u015f\u00fcvni\u00f1 ba\u015f\u0131nda Pakistann\u0131\u00f1 Ukrainada Vefqulade ve Toluvek\u00e2letli el\u00e7isi Ahmed Navaz Salim Mela HH as\u0131rda s\u00fcrg\u00fcnlik ve Vatandan ay\u0131r\u0131luv me\u015faqatlar\u0131n\u0131 \u00e7ekip, du\u015fmanl\u0131q ve zorbal\u0131q i\u015fletmeden Q\u0131r\u0131m\u011fa qaytma\u011fa k\u00fc\u00e7-qudret tapqan ve bun\u0131\u00f1nen \u00f6z\u00fcni\u00f1 y\u00fcksek medeniyeti ve maneviy zek\u00e2s\u0131n\u0131 numay\u0131\u015f etken q\u0131r\u0131mtatar halq\u0131n\u0131\u00f1 ces\u00fcrligine y\u00fcksek q\u0131ymet kesti.<\/p>\n\n\n\n<p>&#8220;Q\u0131r\u0131mtatarlar tarih\u0131n\u0131\u00f1 facial\u0131 saifeleri, Vatandan uzaqta ya\u015fa\u011fan y\u0131llar\u0131 ve Q\u0131r\u0131m\u011fa qaytuvn\u0131\u00f1 a\u011f\u0131rl\u0131qlar\u0131 milliy \u00f6zg\u00fcnligi ve milliy birlikni saqlaya bilgen q\u0131r\u0131mtatar halq\u0131n\u0131\u00f1 ces\u00fcrliginen ayretlenmege esas bere&#8221;, &#8211; dedi pakistanl\u0131 el\u00e7i Meclis reisine h\u0131tap eterek. Q\u0131r\u0131mtatarlarn\u0131\u00f1 birlik-beraberligine y\u00fcksek q\u0131ymek kesip, bu, halqn\u0131\u00f1 vek\u00e2letli organ\u0131 ol\u011fan Meclisni\u00f1, te\u015fkil\u00e2tiy qabiliyetinden del\u00e2let bergenini k\u00f6stere. Cenap El\u00e7i q\u0131r\u0131mtatar halq\u0131n\u0131\u00f1 \u00f6z tarihiy yurtunda inki\u015faf etmesi ve ilerilemesine eminlik bildirdi.<\/p>\n\n\n\n<p>Q\u0131r\u0131m region\u0131 i\u00e7timaiy-iqtisadiy potentsial\u0131n\u0131\u00f1 muzakeresi devam\u0131nda Pakistan el\u00e7isi: &#8220;Q\u0131r\u0131m ve Ukraina bir \u00e7oq devletler i\u00e7\u00fcn e\u00f1 k\u00f6zge k\u00f6r\u00fcngen iqtisadiy ortaqlard\u0131r. Yaq\u0131n vaq\u0131tta Pakistan isl\u00e2m memleketi Ukraina ile siyasiy, iqtisadiy ve medeniy al\u00e2qalarn\u0131 keni\u015fletmekni\u00f1 imk\u00e2nlar\u0131n\u0131 baqmaq meram\u0131nda&#8221;, dedi.<\/p>\n\n\n\n<p>Pakistanl\u0131 el\u00e7ini sel\u00e2mla\u011fan Meclis reisi M. Cemilev, q\u0131r\u0131mtatar halq\u0131 i\u00e7\u00fcn Pakistan isl\u00e2mn\u0131 k\u00fctken dinda\u015f ve ke\u00e7ken as\u0131rda \u00f6z mustaqilligi i\u00e7\u00fcn k\u00fcre\u015fip, \u00e7oq \u00e7eki\u015fken bir \u00fclke olaraq yaq\u0131nd\u0131r, dedi. &#8220;Q\u0131r\u0131mtatarlarn\u0131\u00f1 ker\u00e7ekten de facial\u0131 tarih\u0131 bar. Biz 50 y\u0131ldan ziyadedir ki, Vatan\u0131m\u0131z\u011fa qaytmaq o\u011frunda i\u00e7 kimseni\u00f1 qan\u0131n\u0131 t\u00f6kmeden, milliy areketni\u00f1 demokratik printsiplerine esaslan\u011fan\u0131m\u0131z alda k\u00fcre\u015fkenimiznen \u011fururlanam\u0131z&#8221;, &#8211; dedi Meclis reisi. Bun\u0131\u00f1 kibi de reis, bug\u00fcn de \u00f6z aq-uquqlar\u0131n\u0131\u00f1 \u011fayr\u0131dan tilenmesi i\u00e7\u00fcn k\u00fcre\u015flerini devam etken q\u0131r\u0131mtatarlar Ukrainan\u0131\u00f1 vatanperverleri olaraq devlette demokratiya ve Avropa\u011fa qat\u0131luv inki\u015faf\u0131n\u0131\u00f1 tarafdarlar\u0131 ol\u011fan\u0131n\u0131 qayd etti.<\/p>\n\n\n\n<figure class=\"wp-block-image size-full\"><img loading=\"lazy\" decoding=\"async\" width=\"650\" height=\"487\" src=\"http:\/\/qtmm.org\/wp-content\/uploads\/2022\/01\/img_2799-1.jpeg\" alt=\"\" class=\"wp-image-26091\" srcset=\"https:\/\/qtmm.org\/wp-content\/uploads\/2022\/01\/img_2799-1.jpeg 650w, https:\/\/qtmm.org\/wp-content\/uploads\/2022\/01\/img_2799-1-300x225.jpeg 300w\" sizes=\"auto, (max-width: 650px) 100vw, 650px\" \/><\/figure>\n\n\n\n<p>&#8220;Teess\u00fcf ki, q\u0131r\u0131mtatar cemiyeti i\u00e7inde tertip-intizam y\u00fcksek derecede ol\u011fan\u0131na baqmadan, bug\u00fcnde=bugun biz \u00f6zg\u00fcnligimizni coymaq tel\u00fckesi qar\u015f\u0131s\u0131ndam\u0131z. Bun\u0131\u00f1 sebebi 20 y\u0131ldan berli mustaqil ol\u011fan Ukrainada q\u0131r\u0131mtatar halq\u0131n\u0131\u00f1 inki\u015faf\u0131 boyunca memleket parlamenti taraf\u0131ndan ait qanun bazas\u0131 qabul etilmegeni neticesinde umumdevlet programmas\u0131n\u0131\u00f1 olma\u011fan\u0131ndad\u0131r.<\/p>\n\n\n\n<p>B\u00fct\u00fcn bu \u015feyler ise milliy tasilge menfiy tesir ete, on balam\u0131zdan faqat biri ana tilini, o da tolu programma boyunca degil, \u00f6grenmek imk\u00e2n\u0131na maliktir&#8221;, &#8211; dedi Meclis reisi pakistanl\u0131 musafirnen subetinde ve ayn\u0131 zamanda o\u00f1a q\u0131r\u0131mtatar halq\u0131 ad\u0131na s\u00f6yledigi samimiy s\u00f6zleri i\u00e7\u00fcn minnetdarl\u0131q bildirdi.<\/p>\n\n\n\n<p>Meclis reisi umummilliy mesele aqq\u0131nda da ayr\u0131ca aytt\u0131, yani q\u0131r\u0131mtatarlarn\u0131\u00f1 baya\u011f\u0131 q\u0131sm\u0131 s\u00fcrg\u00fcnlik yerlerinde, esasen Orta Asiya cumhuriyetlerinde ya\u015famaq zoruna qal\u0131p, Q\u0131r\u0131m\u011fa qaytmaq ve aqrabalar\u0131nen qavu\u015fmaq imk\u00e2n\u0131ndan mahrumlar.<\/p>\n\n\n\n<p>&#8220;Bi\u00f1lernen q\u0131r\u0131mtatar ailesine toqun\u011fan mezk\u00fcr problema halqara miqyasta insan uquqlar\u0131 bozulmas\u0131n\u0131\u00f1 e\u00f1 a\u011f\u0131r \u015fekilidir&#8221; , qayd etti M.Cemilev.<\/p>\n\n\n\n<p>Mustafa Cemilev el\u00e7ini\u00f1 diqqat\u0131n\u0131 q\u0131r\u0131mtatar halq\u0131n\u0131 birle\u015ftir\u00fcv, semetde\u015flerini yurtuna qaytaruv ve i\u00e7timaiy-iqtisadiy em de uquqiy meselelerni\u00f1 \u00e7ezil\u00fcvi o\u011frunda Meclis maksimal areket etkenine celp etti. On\u0131\u00f1 fikrince, SNG devletleri s\u00fcrg\u00fcn etilgen halqlarn\u0131\u00f1 \u00f6g\u00fcnde Bi\u015fkek halqara a\u00f1la\u015fmas\u0131ndaki normalar boyunca mecburiyetlerini eda etmegenleri alda. Ukraina tek ba\u015f\u0131na q\u0131r\u0131mtatar halq\u0131n\u0131\u00f1 meselesini \u00e7ezip olamaz. &#8220;\u015eu munasebetnen biz Q\u0131r\u0131mtatar halq\u0131n\u0131\u00f1 \u00f6z Vatan\u0131nda aq-uquqlar\u0131n\u0131 \u011fayr\u0131dan tiklev, on\u0131\u00f1 Ukrainada tel\u00fckesizligini teminlev meselesi boyunca halqara forumn\u0131 ke\u00e7irmek te\u015febb\u00fcsinen \u00e7\u0131qt\u0131q, &#8211; dedi Meclis reberi.<\/p>\n\n\n\n<p>Tafsil\u00e2tl\u0131 smubet devam\u0131nda taraflar q\u0131r\u0131mtatar i\u015f adamlar\u0131 ve Pakistan i\u015f daireleri aras\u0131nda emekda\u015fl\u0131q istiqballerini muzakere ettiler. El\u00e7i Meclis reisine 2011 senesi Pakistann\u0131\u00f1 Kara\u00e7i \u015feerinde \u00f6tkerilecek iqtisadiy sergige q\u0131r\u0131mtatar vekillerini yollamaqn\u0131 teklif etti.<\/p>\n\n\n\n<p>Pakistan isl\u00e2m cumhuriyetini\u00f1 el\u00e7isine muracaat etip, uzun m\u00fcddetli ve keni\u015f al\u00e2qalarn\u0131 inki\u015faf ettir\u00fcvge \u00e7a\u011f\u0131r\u011fan Meclis reisi &#8220;Ukrainada q\u0131r\u0131mtatar faktor\u0131n\u0131 hristian Ukrainas\u0131 ve isl\u00e2m d\u00fcnyas\u0131 aras\u0131nda k\u00f6p\u00fcr olaraq qabul etilmesini qayd etti. Bu faktor endi \u00e7oqtan berli d\u00fcnyan\u0131\u00f1 belli siyaset\u00e7ileri taraf\u0131ndan \u00f6yle de baq\u0131la ve isl\u00e2m alemini bizim devletnen, \u011earp degerlikleri ile yaq\u0131nla\u015ft\u0131ra&#8221;, &#8211; dedi eminliknen Cemilev.<\/p>\n\n\n\n<p>Cenap el\u00e7i refiqas\u0131 ile Q\u0131r\u0131mda bulunuv\u0131n\u0131\u00f1 \u00e7er\u00e7ivesinde yar\u0131madan\u0131\u00f1 tari hiy paytaht\u0131 Ba\u011f\u00e7asarayn\u0131 da ziyaret etmek, q\u0131r\u0131mtatar tarihiy ve medeniy yadik\u00e2rd\u0131qlar\u0131nen tan\u0131\u015f olmaqn\u0131 planla\u015ft\u0131ra.<\/p>\n\n\n\n<figure class=\"wp-block-gallery columns-3 is-cropped wp-block-gallery-1 is-layout-flex wp-block-gallery-is-layout-flex\"><ul class=\"blocks-gallery-grid\"><li class=\"blocks-gallery-item\"><figure><a href=\"http:\/\/qtmm.org\/wp-content\/uploads\/2022\/01\/img_2813-1.jpeg\"><img loading=\"lazy\" decoding=\"async\" width=\"650\" height=\"487\" src=\"http:\/\/qtmm.org\/wp-content\/uploads\/2022\/01\/img_2813-1.jpeg\" alt=\"\" data-id=\"26095\" data-full-url=\"http:\/\/qtmm.org\/wp-content\/uploads\/2022\/01\/img_2813-1.jpeg\" data-link=\"http:\/\/qtmm.org\/qt\/?attachment_id=26095\" class=\"wp-image-26095\" srcset=\"https:\/\/qtmm.org\/wp-content\/uploads\/2022\/01\/img_2813-1.jpeg 650w, https:\/\/qtmm.org\/wp-content\/uploads\/2022\/01\/img_2813-1-300x225.jpeg 300w\" sizes=\"auto, (max-width: 650px) 100vw, 650px\" \/><\/a><\/figure><\/li><li class=\"blocks-gallery-item\"><figure><a href=\"http:\/\/qtmm.org\/wp-content\/uploads\/2022\/01\/img_2811-1.jpeg\"><img loading=\"lazy\" decoding=\"async\" width=\"650\" height=\"487\" src=\"http:\/\/qtmm.org\/wp-content\/uploads\/2022\/01\/img_2811-1.jpeg\" alt=\"\" data-id=\"26099\" data-full-url=\"http:\/\/qtmm.org\/wp-content\/uploads\/2022\/01\/img_2811-1.jpeg\" data-link=\"http:\/\/qtmm.org\/qt\/?attachment_id=26099\" class=\"wp-image-26099\" srcset=\"https:\/\/qtmm.org\/wp-content\/uploads\/2022\/01\/img_2811-1.jpeg 650w, https:\/\/qtmm.org\/wp-content\/uploads\/2022\/01\/img_2811-1-300x225.jpeg 300w\" sizes=\"auto, (max-width: 650px) 100vw, 650px\" \/><\/a><\/figure><\/li><li class=\"blocks-gallery-item\"><figure><a href=\"http:\/\/qtmm.org\/wp-content\/uploads\/2022\/01\/img_2801-1.jpeg\"><img loading=\"lazy\" decoding=\"async\" width=\"650\" height=\"487\" src=\"http:\/\/qtmm.org\/wp-content\/uploads\/2022\/01\/img_2801-1.jpeg\" alt=\"\" data-id=\"26103\" data-full-url=\"http:\/\/qtmm.org\/wp-content\/uploads\/2022\/01\/img_2801-1.jpeg\" data-link=\"http:\/\/qtmm.org\/qt\/?attachment_id=26103\" class=\"wp-image-26103\" srcset=\"https:\/\/qtmm.org\/wp-content\/uploads\/2022\/01\/img_2801-1.jpeg 650w, https:\/\/qtmm.org\/wp-content\/uploads\/2022\/01\/img_2801-1-300x225.jpeg 300w\" sizes=\"auto, (max-width: 650px) 100vw, 650px\" \/><\/a><\/figure><\/li><\/ul><\/figure>\n","protected":false},"excerpt":{"rendered":"<p>Meclis yolba\u015f\u00e7\u0131s\u0131 Mustafa Cemilev Pakistann\u0131\u00f1 Ukrainada Vefqulade ve Toluvek\u00e2letli el\u00e7isi Ahmed Navaz Salim Mela refiqas\u0131 \u015earla Salimni qabul etti. Sent\u00e2br 23 k\u00fcn\u00fc Meclis ofisinde ol\u0131p ke\u00e7ken k\u00f6r\u00fc\u015f\u00fcvde Meclis t\u0131\u015fq\u0131 al\u00e2qalar b\u00f6l\u00fcgini\u00f1 m\u00fcdiri Ali Hamzin ve Meclis K\u00e2tibiyetini\u00f1 ba\u015f\u0131 Zair Smedl\u00e2yev de i\u015ftirak ettiler . K\u00f6r\u00fc\u015f\u00fcvni\u00f1 ba\u015f\u0131nda Pakistann\u0131\u00f1 Ukrainada Vefqulade ve Toluvek\u00e2letli el\u00e7isi Ahmed Navaz Salim [&hellip;]<\/p>\n","protected":false},"author":1,"featured_media":26087,"comment_status":"open","ping_status":"open","sticky":false,"template":"","format":"standard","meta":{"inline_featured_image":false,"footnotes":""},"categories":[265],"tags":[],"class_list":["post-26086","post","type-post","status-publish","format-standard","has-post-thumbnail","hentry","category-haberler"],"acf":[],"yoast_head":"<!-- This site is optimized with the Yoast SEO plugin v27.4 - https:\/\/yoast.com\/product\/yoast-seo-wordpress\/ -->\n<title>Meclis reisi Pakistann\u0131\u00f1 Ukrainada el\u00e7isi ile k\u00f6r\u00fc\u015fti - \u041c\u0435\u0434\u0436\u043b\u0456\u0441<\/title>\n<meta name=\"robots\" content=\"index, follow, max-snippet:-1, max-image-preview:large, max-video-preview:-1\" \/>\n<link rel=\"canonical\" href=\"https:\/\/qtmm.org\/qt\/meclis-reisi-pakistannin-ukrainada-elcisi-ile-korusti\/\" \/>\n<meta property=\"og:locale\" content=\"en_US\" \/>\n<meta property=\"og:type\" content=\"article\" \/>\n<meta property=\"og:title\" content=\"Meclis reisi Pakistann\u0131\u00f1 Ukrainada el\u00e7isi ile k\u00f6r\u00fc\u015fti - \u041c\u0435\u0434\u0436\u043b\u0456\u0441\" \/>\n<meta property=\"og:description\" content=\"Meclis yolba\u015f\u00e7\u0131s\u0131 Mustafa Cemilev Pakistann\u0131\u00f1 Ukrainada Vefqulade ve Toluvek\u00e2letli el\u00e7isi Ahmed Navaz Salim Mela refiqas\u0131 \u015earla Salimni qabul etti. Sent\u00e2br 23 k\u00fcn\u00fc Meclis ofisinde ol\u0131p ke\u00e7ken k\u00f6r\u00fc\u015f\u00fcvde Meclis t\u0131\u015fq\u0131 al\u00e2qalar b\u00f6l\u00fcgini\u00f1 m\u00fcdiri Ali Hamzin ve Meclis K\u00e2tibiyetini\u00f1 ba\u015f\u0131 Zair Smedl\u00e2yev de i\u015ftirak ettiler . K\u00f6r\u00fc\u015f\u00fcvni\u00f1 ba\u015f\u0131nda Pakistann\u0131\u00f1 Ukrainada Vefqulade ve Toluvek\u00e2letli el\u00e7isi Ahmed Navaz Salim [&hellip;]\" \/>\n<meta property=\"og:url\" content=\"https:\/\/qtmm.org\/qt\/meclis-reisi-pakistannin-ukrainada-elcisi-ile-korusti\/\" \/>\n<meta property=\"og:site_name\" content=\"\u041c\u0435\u0434\u0436\u043b\u0456\u0441\" \/>\n<meta property=\"article:publisher\" content=\"https:\/\/www.facebook.com\/qtmm.info\/\" \/>\n<meta property=\"article:published_time\" content=\"2011-09-23T13:04:00+00:00\" \/>\n<meta property=\"article:modified_time\" content=\"2022-01-19T13:06:30+00:00\" \/>\n<meta property=\"og:image\" content=\"https:\/\/qtmm.org\/wp-content\/uploads\/2022\/01\/img_2797-1.jpeg\" \/>\n\t<meta property=\"og:image:width\" content=\"650\" \/>\n\t<meta property=\"og:image:height\" content=\"487\" \/>\n\t<meta property=\"og:image:type\" content=\"image\/jpeg\" \/>\n<meta name=\"author\" content=\"Developer\" \/>\n<meta name=\"twitter:card\" content=\"summary_large_image\" \/>\n<meta name=\"twitter:label1\" content=\"Written by\" \/>\n\t<meta name=\"twitter:data1\" content=\"Developer\" \/>\n\t<meta name=\"twitter:label2\" content=\"Est. reading time\" \/>\n\t<meta name=\"twitter:data2\" content=\"4 minutes\" \/>\n<script type=\"application\/ld+json\" class=\"yoast-schema-graph\">{\"@context\":\"https:\\\/\\\/schema.org\",\"@graph\":[{\"@type\":\"Article\",\"@id\":\"https:\\\/\\\/qtmm.org\\\/qt\\\/meclis-reisi-pakistannin-ukrainada-elcisi-ile-korusti\\\/#article\",\"isPartOf\":{\"@id\":\"https:\\\/\\\/qtmm.org\\\/qt\\\/meclis-reisi-pakistannin-ukrainada-elcisi-ile-korusti\\\/\"},\"author\":{\"name\":\"Developer\",\"@id\":\"https:\\\/\\\/qtmm.org\\\/qt\\\/#\\\/schema\\\/person\\\/de562469f971dec226ac06e60bbf74a7\"},\"headline\":\"Meclis reisi Pakistann\u0131\u00f1 Ukrainada el\u00e7isi ile k\u00f6r\u00fc\u015fti\",\"datePublished\":\"2011-09-23T13:04:00+00:00\",\"dateModified\":\"2022-01-19T13:06:30+00:00\",\"mainEntityOfPage\":{\"@id\":\"https:\\\/\\\/qtmm.org\\\/qt\\\/meclis-reisi-pakistannin-ukrainada-elcisi-ile-korusti\\\/\"},\"wordCount\":885,\"commentCount\":0,\"publisher\":{\"@id\":\"https:\\\/\\\/qtmm.org\\\/qt\\\/#organization\"},\"image\":{\"@id\":\"https:\\\/\\\/qtmm.org\\\/qt\\\/meclis-reisi-pakistannin-ukrainada-elcisi-ile-korusti\\\/#primaryimage\"},\"thumbnailUrl\":\"https:\\\/\\\/qtmm.org\\\/wp-content\\\/uploads\\\/2022\\\/01\\\/img_2797-1.jpeg\",\"articleSection\":[\"Haberler\"],\"inLanguage\":\"qt\",\"potentialAction\":[{\"@type\":\"CommentAction\",\"name\":\"Comment\",\"target\":[\"https:\\\/\\\/qtmm.org\\\/qt\\\/meclis-reisi-pakistannin-ukrainada-elcisi-ile-korusti\\\/#respond\"]}]},{\"@type\":\"WebPage\",\"@id\":\"https:\\\/\\\/qtmm.org\\\/qt\\\/meclis-reisi-pakistannin-ukrainada-elcisi-ile-korusti\\\/\",\"url\":\"https:\\\/\\\/qtmm.org\\\/qt\\\/meclis-reisi-pakistannin-ukrainada-elcisi-ile-korusti\\\/\",\"name\":\"Meclis reisi Pakistann\u0131\u00f1 Ukrainada el\u00e7isi ile k\u00f6r\u00fc\u015fti - \u041c\u0435\u0434\u0436\u043b\u0456\u0441\",\"isPartOf\":{\"@id\":\"https:\\\/\\\/qtmm.org\\\/qt\\\/#website\"},\"primaryImageOfPage\":{\"@id\":\"https:\\\/\\\/qtmm.org\\\/qt\\\/meclis-reisi-pakistannin-ukrainada-elcisi-ile-korusti\\\/#primaryimage\"},\"image\":{\"@id\":\"https:\\\/\\\/qtmm.org\\\/qt\\\/meclis-reisi-pakistannin-ukrainada-elcisi-ile-korusti\\\/#primaryimage\"},\"thumbnailUrl\":\"https:\\\/\\\/qtmm.org\\\/wp-content\\\/uploads\\\/2022\\\/01\\\/img_2797-1.jpeg\",\"datePublished\":\"2011-09-23T13:04:00+00:00\",\"dateModified\":\"2022-01-19T13:06:30+00:00\",\"breadcrumb\":{\"@id\":\"https:\\\/\\\/qtmm.org\\\/qt\\\/meclis-reisi-pakistannin-ukrainada-elcisi-ile-korusti\\\/#breadcrumb\"},\"inLanguage\":\"qt\",\"potentialAction\":[{\"@type\":\"ReadAction\",\"target\":[\"https:\\\/\\\/qtmm.org\\\/qt\\\/meclis-reisi-pakistannin-ukrainada-elcisi-ile-korusti\\\/\"]}]},{\"@type\":\"ImageObject\",\"inLanguage\":\"qt\",\"@id\":\"https:\\\/\\\/qtmm.org\\\/qt\\\/meclis-reisi-pakistannin-ukrainada-elcisi-ile-korusti\\\/#primaryimage\",\"url\":\"https:\\\/\\\/qtmm.org\\\/wp-content\\\/uploads\\\/2022\\\/01\\\/img_2797-1.jpeg\",\"contentUrl\":\"https:\\\/\\\/qtmm.org\\\/wp-content\\\/uploads\\\/2022\\\/01\\\/img_2797-1.jpeg\",\"width\":650,\"height\":487},{\"@type\":\"BreadcrumbList\",\"@id\":\"https:\\\/\\\/qtmm.org\\\/qt\\\/meclis-reisi-pakistannin-ukrainada-elcisi-ile-korusti\\\/#breadcrumb\",\"itemListElement\":[{\"@type\":\"ListItem\",\"position\":1,\"name\":\"\u0413\u043e\u043b\u043e\u0432\u043d\u0430\",\"item\":\"https:\\\/\\\/qtmm.org\\\/qt\\\/\"},{\"@type\":\"ListItem\",\"position\":2,\"name\":\"Meclis reisi Pakistann\u0131\u00f1 Ukrainada el\u00e7isi ile k\u00f6r\u00fc\u015fti\"}]},{\"@type\":\"WebSite\",\"@id\":\"https:\\\/\\\/qtmm.org\\\/qt\\\/#website\",\"url\":\"https:\\\/\\\/qtmm.org\\\/qt\\\/\",\"name\":\"\u041c\u0435\u0434\u0436\u043b\u0456\u0441\",\"description\":\"\",\"publisher\":{\"@id\":\"https:\\\/\\\/qtmm.org\\\/qt\\\/#organization\"},\"potentialAction\":[{\"@type\":\"SearchAction\",\"target\":{\"@type\":\"EntryPoint\",\"urlTemplate\":\"https:\\\/\\\/qtmm.org\\\/qt\\\/?s={search_term_string}\"},\"query-input\":{\"@type\":\"PropertyValueSpecification\",\"valueRequired\":true,\"valueName\":\"search_term_string\"}}],\"inLanguage\":\"qt\"},{\"@type\":\"Organization\",\"@id\":\"https:\\\/\\\/qtmm.org\\\/qt\\\/#organization\",\"name\":\"\u041c\u0435\u0434\u0436\u043b\u0456\u0441\",\"url\":\"https:\\\/\\\/qtmm.org\\\/qt\\\/\",\"logo\":{\"@type\":\"ImageObject\",\"inLanguage\":\"qt\",\"@id\":\"https:\\\/\\\/qtmm.org\\\/qt\\\/#\\\/schema\\\/logo\\\/image\\\/\",\"url\":\"https:\\\/\\\/qtmm.org\\\/wp-content\\\/uploads\\\/2024\\\/12\\\/ua-mejlis-logo-rgb.svg\",\"contentUrl\":\"https:\\\/\\\/qtmm.org\\\/wp-content\\\/uploads\\\/2024\\\/12\\\/ua-mejlis-logo-rgb.svg\",\"caption\":\"\u041c\u0435\u0434\u0436\u043b\u0456\u0441\"},\"image\":{\"@id\":\"https:\\\/\\\/qtmm.org\\\/qt\\\/#\\\/schema\\\/logo\\\/image\\\/\"},\"sameAs\":[\"https:\\\/\\\/www.facebook.com\\\/qtmm.info\\\/\"]},{\"@type\":\"Person\",\"@id\":\"https:\\\/\\\/qtmm.org\\\/qt\\\/#\\\/schema\\\/person\\\/de562469f971dec226ac06e60bbf74a7\",\"name\":\"Developer\",\"image\":{\"@type\":\"ImageObject\",\"inLanguage\":\"qt\",\"@id\":\"https:\\\/\\\/secure.gravatar.com\\\/avatar\\\/392b4cc8fbfeb00b39dfeeab4ee6edded39ffd48e25858637e4765810300227e?s=96&d=mm&r=g\",\"url\":\"https:\\\/\\\/secure.gravatar.com\\\/avatar\\\/392b4cc8fbfeb00b39dfeeab4ee6edded39ffd48e25858637e4765810300227e?s=96&d=mm&r=g\",\"contentUrl\":\"https:\\\/\\\/secure.gravatar.com\\\/avatar\\\/392b4cc8fbfeb00b39dfeeab4ee6edded39ffd48e25858637e4765810300227e?s=96&d=mm&r=g\",\"caption\":\"Developer\"},\"url\":\"https:\\\/\\\/qtmm.org\\\/qt\\\/author\\\/Developer\\\/\"}]}<\/script>\n<!-- \/ Yoast SEO plugin. -->","yoast_head_json":{"title":"Meclis reisi Pakistann\u0131\u00f1 Ukrainada el\u00e7isi ile k\u00f6r\u00fc\u015fti - \u041c\u0435\u0434\u0436\u043b\u0456\u0441","robots":{"index":"index","follow":"follow","max-snippet":"max-snippet:-1","max-image-preview":"max-image-preview:large","max-video-preview":"max-video-preview:-1"},"canonical":"https:\/\/qtmm.org\/qt\/meclis-reisi-pakistannin-ukrainada-elcisi-ile-korusti\/","og_locale":"en_US","og_type":"article","og_title":"Meclis reisi Pakistann\u0131\u00f1 Ukrainada el\u00e7isi ile k\u00f6r\u00fc\u015fti - \u041c\u0435\u0434\u0436\u043b\u0456\u0441","og_description":"Meclis yolba\u015f\u00e7\u0131s\u0131 Mustafa Cemilev Pakistann\u0131\u00f1 Ukrainada Vefqulade ve Toluvek\u00e2letli el\u00e7isi Ahmed Navaz Salim Mela refiqas\u0131 \u015earla Salimni qabul etti. Sent\u00e2br 23 k\u00fcn\u00fc Meclis ofisinde ol\u0131p ke\u00e7ken k\u00f6r\u00fc\u015f\u00fcvde Meclis t\u0131\u015fq\u0131 al\u00e2qalar b\u00f6l\u00fcgini\u00f1 m\u00fcdiri Ali Hamzin ve Meclis K\u00e2tibiyetini\u00f1 ba\u015f\u0131 Zair Smedl\u00e2yev de i\u015ftirak ettiler . K\u00f6r\u00fc\u015f\u00fcvni\u00f1 ba\u015f\u0131nda Pakistann\u0131\u00f1 Ukrainada Vefqulade ve Toluvek\u00e2letli el\u00e7isi Ahmed Navaz Salim [&hellip;]","og_url":"https:\/\/qtmm.org\/qt\/meclis-reisi-pakistannin-ukrainada-elcisi-ile-korusti\/","og_site_name":"\u041c\u0435\u0434\u0436\u043b\u0456\u0441","article_publisher":"https:\/\/www.facebook.com\/qtmm.info\/","article_published_time":"2011-09-23T13:04:00+00:00","article_modified_time":"2022-01-19T13:06:30+00:00","og_image":[{"width":650,"height":487,"url":"https:\/\/qtmm.org\/wp-content\/uploads\/2022\/01\/img_2797-1.jpeg","type":"image\/jpeg"}],"author":"Developer","twitter_card":"summary_large_image","twitter_misc":{"Written by":"Developer","Est. reading time":"4 minutes"},"schema":{"@context":"https:\/\/schema.org","@graph":[{"@type":"Article","@id":"https:\/\/qtmm.org\/qt\/meclis-reisi-pakistannin-ukrainada-elcisi-ile-korusti\/#article","isPartOf":{"@id":"https:\/\/qtmm.org\/qt\/meclis-reisi-pakistannin-ukrainada-elcisi-ile-korusti\/"},"author":{"name":"Developer","@id":"https:\/\/qtmm.org\/qt\/#\/schema\/person\/de562469f971dec226ac06e60bbf74a7"},"headline":"Meclis reisi Pakistann\u0131\u00f1 Ukrainada el\u00e7isi ile k\u00f6r\u00fc\u015fti","datePublished":"2011-09-23T13:04:00+00:00","dateModified":"2022-01-19T13:06:30+00:00","mainEntityOfPage":{"@id":"https:\/\/qtmm.org\/qt\/meclis-reisi-pakistannin-ukrainada-elcisi-ile-korusti\/"},"wordCount":885,"commentCount":0,"publisher":{"@id":"https:\/\/qtmm.org\/qt\/#organization"},"image":{"@id":"https:\/\/qtmm.org\/qt\/meclis-reisi-pakistannin-ukrainada-elcisi-ile-korusti\/#primaryimage"},"thumbnailUrl":"https:\/\/qtmm.org\/wp-content\/uploads\/2022\/01\/img_2797-1.jpeg","articleSection":["Haberler"],"inLanguage":"qt","potentialAction":[{"@type":"CommentAction","name":"Comment","target":["https:\/\/qtmm.org\/qt\/meclis-reisi-pakistannin-ukrainada-elcisi-ile-korusti\/#respond"]}]},{"@type":"WebPage","@id":"https:\/\/qtmm.org\/qt\/meclis-reisi-pakistannin-ukrainada-elcisi-ile-korusti\/","url":"https:\/\/qtmm.org\/qt\/meclis-reisi-pakistannin-ukrainada-elcisi-ile-korusti\/","name":"Meclis reisi Pakistann\u0131\u00f1 Ukrainada el\u00e7isi ile k\u00f6r\u00fc\u015fti - \u041c\u0435\u0434\u0436\u043b\u0456\u0441","isPartOf":{"@id":"https:\/\/qtmm.org\/qt\/#website"},"primaryImageOfPage":{"@id":"https:\/\/qtmm.org\/qt\/meclis-reisi-pakistannin-ukrainada-elcisi-ile-korusti\/#primaryimage"},"image":{"@id":"https:\/\/qtmm.org\/qt\/meclis-reisi-pakistannin-ukrainada-elcisi-ile-korusti\/#primaryimage"},"thumbnailUrl":"https:\/\/qtmm.org\/wp-content\/uploads\/2022\/01\/img_2797-1.jpeg","datePublished":"2011-09-23T13:04:00+00:00","dateModified":"2022-01-19T13:06:30+00:00","breadcrumb":{"@id":"https:\/\/qtmm.org\/qt\/meclis-reisi-pakistannin-ukrainada-elcisi-ile-korusti\/#breadcrumb"},"inLanguage":"qt","potentialAction":[{"@type":"ReadAction","target":["https:\/\/qtmm.org\/qt\/meclis-reisi-pakistannin-ukrainada-elcisi-ile-korusti\/"]}]},{"@type":"ImageObject","inLanguage":"qt","@id":"https:\/\/qtmm.org\/qt\/meclis-reisi-pakistannin-ukrainada-elcisi-ile-korusti\/#primaryimage","url":"https:\/\/qtmm.org\/wp-content\/uploads\/2022\/01\/img_2797-1.jpeg","contentUrl":"https:\/\/qtmm.org\/wp-content\/uploads\/2022\/01\/img_2797-1.jpeg","width":650,"height":487},{"@type":"BreadcrumbList","@id":"https:\/\/qtmm.org\/qt\/meclis-reisi-pakistannin-ukrainada-elcisi-ile-korusti\/#breadcrumb","itemListElement":[{"@type":"ListItem","position":1,"name":"\u0413\u043e\u043b\u043e\u0432\u043d\u0430","item":"https:\/\/qtmm.org\/qt\/"},{"@type":"ListItem","position":2,"name":"Meclis reisi Pakistann\u0131\u00f1 Ukrainada el\u00e7isi ile k\u00f6r\u00fc\u015fti"}]},{"@type":"WebSite","@id":"https:\/\/qtmm.org\/qt\/#website","url":"https:\/\/qtmm.org\/qt\/","name":"\u041c\u0435\u0434\u0436\u043b\u0456\u0441","description":"","publisher":{"@id":"https:\/\/qtmm.org\/qt\/#organization"},"potentialAction":[{"@type":"SearchAction","target":{"@type":"EntryPoint","urlTemplate":"https:\/\/qtmm.org\/qt\/?s={search_term_string}"},"query-input":{"@type":"PropertyValueSpecification","valueRequired":true,"valueName":"search_term_string"}}],"inLanguage":"qt"},{"@type":"Organization","@id":"https:\/\/qtmm.org\/qt\/#organization","name":"\u041c\u0435\u0434\u0436\u043b\u0456\u0441","url":"https:\/\/qtmm.org\/qt\/","logo":{"@type":"ImageObject","inLanguage":"qt","@id":"https:\/\/qtmm.org\/qt\/#\/schema\/logo\/image\/","url":"https:\/\/qtmm.org\/wp-content\/uploads\/2024\/12\/ua-mejlis-logo-rgb.svg","contentUrl":"https:\/\/qtmm.org\/wp-content\/uploads\/2024\/12\/ua-mejlis-logo-rgb.svg","caption":"\u041c\u0435\u0434\u0436\u043b\u0456\u0441"},"image":{"@id":"https:\/\/qtmm.org\/qt\/#\/schema\/logo\/image\/"},"sameAs":["https:\/\/www.facebook.com\/qtmm.info\/"]},{"@type":"Person","@id":"https:\/\/qtmm.org\/qt\/#\/schema\/person\/de562469f971dec226ac06e60bbf74a7","name":"Developer","image":{"@type":"ImageObject","inLanguage":"qt","@id":"https:\/\/secure.gravatar.com\/avatar\/392b4cc8fbfeb00b39dfeeab4ee6edded39ffd48e25858637e4765810300227e?s=96&d=mm&r=g","url":"https:\/\/secure.gravatar.com\/avatar\/392b4cc8fbfeb00b39dfeeab4ee6edded39ffd48e25858637e4765810300227e?s=96&d=mm&r=g","contentUrl":"https:\/\/secure.gravatar.com\/avatar\/392b4cc8fbfeb00b39dfeeab4ee6edded39ffd48e25858637e4765810300227e?s=96&d=mm&r=g","caption":"Developer"},"url":"https:\/\/qtmm.org\/qt\/author\/Developer\/"}]}},"_links":{"self":[{"href":"https:\/\/qtmm.org\/qt\/wp-json\/wp\/v2\/posts\/26086","targetHints":{"allow":["GET"]}}],"collection":[{"href":"https:\/\/qtmm.org\/qt\/wp-json\/wp\/v2\/posts"}],"about":[{"href":"https:\/\/qtmm.org\/qt\/wp-json\/wp\/v2\/types\/post"}],"author":[{"embeddable":true,"href":"https:\/\/qtmm.org\/qt\/wp-json\/wp\/v2\/users\/1"}],"replies":[{"embeddable":true,"href":"https:\/\/qtmm.org\/qt\/wp-json\/wp\/v2\/comments?post=26086"}],"version-history":[{"count":1,"href":"https:\/\/qtmm.org\/qt\/wp-json\/wp\/v2\/posts\/26086\/revisions"}],"predecessor-version":[{"id":26107,"href":"https:\/\/qtmm.org\/qt\/wp-json\/wp\/v2\/posts\/26086\/revisions\/26107"}],"wp:featuredmedia":[{"embeddable":true,"href":"https:\/\/qtmm.org\/qt\/wp-json\/wp\/v2\/media\/26087"}],"wp:attachment":[{"href":"https:\/\/qtmm.org\/qt\/wp-json\/wp\/v2\/media?parent=26086"}],"wp:term":[{"taxonomy":"category","embeddable":true,"href":"https:\/\/qtmm.org\/qt\/wp-json\/wp\/v2\/categories?post=26086"},{"taxonomy":"post_tag","embeddable":true,"href":"https:\/\/qtmm.org\/qt\/wp-json\/wp\/v2\/tags?post=26086"}],"curies":[{"name":"wp","href":"https:\/\/api.w.org\/{rel}","templated":true}]}}