




{"id":26068,"date":"2011-09-23T16:02:00","date_gmt":"2011-09-23T13:02:00","guid":{"rendered":"http:\/\/qtmm.org\/?p=26068"},"modified":"2022-01-19T16:04:37","modified_gmt":"2022-01-19T13:04:37","slug":"m-cemilev-avropa-birliginin-parlament-assambleyasi-qirimtatarnin-problemlerini-bilmesi-biz-icun-gayet-muimdir","status":"publish","type":"post","link":"https:\/\/qtmm.org\/qt\/m-cemilev-avropa-birliginin-parlament-assambleyasi-qirimtatarnin-problemlerini-bilmesi-biz-icun-gayet-muimdir\/","title":{"rendered":"M.Cemilev: \u00abAvropa Birligini\u00f1 Parlament Assambleyasi qirimtatarni\u00f1 problemlerini bilmesi \u2013 biz i\u00e7\u00fcn \u011fayet m\u00fcimdir\u00bb"},"content":{"rendered":"\n<p>Avropa Birligi \u00f6g\u00fcnde Ukraina \u00f6z mecburiyetlerini eda et\u00fcvini nezaret meseleleri boyunca ABPA maruzac\u0131lar\u0131 Marietta de Purba-Lundin ve Maylis Reps Q\u0131r\u0131mtatar halq\u0131 Meclisini\u00f1 reisi Mustafa Cemilevnen k\u00f6r\u00fc\u015ftiler<\/p>\n\n\n\n<p>2011 senesi sent\u00e2br 22 k\u00fcn\u00fc\u00a0 Q\u0131r\u0131mtatar halq\u0131 Meclisini\u00f1 reisi, Ukraina halq deputat\u0131 Mustafa Cemilev Avropa Birligi \u00f6g\u00fcnde Ukraina \u00f6z mecburiyetlerini eda et\u00fcvini nezaret meseleleri boyunca ABPA maruzac\u0131lar\u0131 Marietta de Purba-Lundin ve Maylis Reps ve olarn\u0131 oz\u011far\u011fan ABPA komitetini\u00f1 k\u00e2tibi Bas Kl\u00e2ynn\u0131 Meclis idaresinde qabul etti. K\u00f6r\u00fc\u015f\u00fcvde Meclis reisini\u00f1 birinci muavini Refat \u00c7ubarov, Meclis t\u0131\u015fq\u0131 al\u00e2qalar b\u00f6l\u00fcgini\u00f1 ba\u015f\u0131 Ali Hamzin ve Meclis K\u00e2tibiyetini\u00f1 reberi Zair Smedl\u00e2yev da i\u015ftirak ettiler.<\/p>\n\n\n\n<p>Meclis reberi Mustafa Cemilev ABPA e\u015f maruzac\u0131larn\u0131\u00f1 q\u0131r\u0131mtatar halq\u0131n\u0131\u00f1 qaytuv\u0131, yerle\u015f\u00fcvi ve uquqlar\u0131n\u0131\u00f1 \u011fayr\u0131dan tiklen\u00fcvine dair bir s\u0131ra suallerine cevap berdi. Milliy tasil, topraq meseleleri ve q\u0131r\u0131mtatarlar aras\u0131nda i\u015fsizlik problemleri ayr\u0131ca muzakere etildi.&nbsp; \u015eu da ayr\u0131ca qayd olund\u0131 ki, HH as\u0131rda SSSR kommunist rejimi siyasetini\u00f1 qurban\u0131 ol\u011fan q\u0131r\u0131mtatar halq\u0131n\u0131\u00f1 ukrain cemiyetine qat\u0131luv\u0131 ve al\u0131\u015fuv\u0131 kibi m\u00fcrekkep ceryann\u0131 tertipke ketirgen i\u00e7 bir qanun Ukrainan\u0131\u00f1 mustaqillik devrinde qabul etilmedi. Neticede q\u0131r\u0131mtatar halq\u0131 al\u00e2 daa aqs\u0131mlana, bu ise \u00f6z nevbetinde onda qar\u0131\u015fuv, \u00f6zg\u00fcnlikni \u011fay\u0131p et\u00fcv kibi menfiy ceryanlarn\u0131 qoz\u011fay. Bug\u00fcnde-bug\u00fcn b\u00f6yle vaziyetni gumanitar fel\u00e2ket kibi tan\u0131maq m\u00fcmk\u00fcn.&nbsp;<\/p>\n\n\n\n<p>&#8220;AVROPA B\u0130RL\u0130G\u0130N\u0130\u00d1 PARLAMENT ASSAMBLEYASI QIRIMTATARNI\u00d1 PROBLEMLER\u0130 AQQINDA B\u0130LMES\u0130 \u2013 B\u0130Z \u0130\u00c7\u00dcN \u011eAYET M\u00dc\u0130MD\u0130R, &#8211; dedi M.Cemilev sel\u00e2mlav s\u00f6z\u00fcnde. Cemilevni\u00f1 aytqan\u0131na k\u00f6re, 2000 senesi ABPA q\u0131r\u0131mtatar halq\u0131n\u0131\u00f1 bir s\u0131ra meselelerini \u00e7ez\u00fcv boyunca resmiy qarar al\u011fan so\u00f1, o Ukraina parlamentinde oqup e\u015fittirilip, halq\u0131m\u0131zn\u0131\u00f1 meselelerini \u00e7ez\u00fcvge ait tevsiyeler de i\u015flengen edi. &#8220;Amma, teess\u00fcf ki, ne ABPA qarar\u0131, ne ukrain parlmentini\u00f1 tevsiyeleri becerildi&#8221;.\u00a0 &#8220;So\u00f1ki vaq\u0131tta q\u0131r\u0131mtatar meselesini\u00f1 \u00e7eziminde \u00f6gge y\u0131l\u0131\u015fuv yerine, aksine artqa \u00e7ekil\u00fcv k\u00f6zetilmekte&#8221;, -dedi eminliknen M. Cemilev.<\/p>\n\n\n\n<figure class=\"wp-block-image size-full\"><img loading=\"lazy\" decoding=\"async\" width=\"650\" height=\"400\" src=\"http:\/\/qtmm.org\/wp-content\/uploads\/2022\/01\/img_0769-1.jpeg\" alt=\"\" class=\"wp-image-26073\" srcset=\"https:\/\/qtmm.org\/wp-content\/uploads\/2022\/01\/img_0769-1.jpeg 650w, https:\/\/qtmm.org\/wp-content\/uploads\/2022\/01\/img_0769-1-300x185.jpeg 300w\" sizes=\"auto, (max-width: 650px) 100vw, 650px\" \/><\/figure>\n\n\n\n<p>S\u00fcrg\u00fcnlik aqibetleri ve q\u0131r\u0131mtatarlarn\u0131\u00f1 yek\u00e2ne tarihiy vatanlar\u0131 &#8211; Q\u0131r\u0131m\u011fa qaytuv ceryan\u0131 aqq\u0131nda ayt\u0131r eken, Meclis reisi subetde\u015flerini\u00f1 diqqat\u0131n\u0131 Ukrainan\u0131\u00f1 20 y\u0131ll\u0131q mustaqillik devrinde cinaiy s\u00fcrg\u00fcnlikni\u00f1 aqibetlerini yoq et\u00fcvge do\u011frult\u0131l\u011fan umumdevlet programmas\u0131 \u00f6yle de qabul etmegenine celp etti. &#8220;Eger ABPA &#8220;Milliy mens\u00fcpligi boyunca s\u00fcrg\u00fcn etilgen \u015fah\u0131slarn\u0131\u00f1 uquqlar\u0131n\u0131 \u011fayr\u0131dan tiklev aqq\u0131nda&#8221; ki qanun leyhas\u0131 husus\u0131nda \u00f6z fikirini bildirse \u2013 bu, pek m\u00fcim ve s\u00fcrg\u00fcn etilgen halqlarn\u0131\u00f1 aqlar\u0131n\u0131 \u011fayr\u0131dan tiklevge dair yek\u00e2ne qanun leyhas\u0131n\u0131\u00f1 ooge s\u00fcr\u00fclmesinde emiyetli bir ad\u0131m olur&#8221;, &#8211; dedi Meclis yolba\u015f\u00e7\u0131s\u0131.&nbsp;<\/p>\n\n\n\n<p>Meclis musafirleri bug\u00fcnde-bug\u00fcn Q\u0131r\u0131mda e\u00f1 aktual meselelerden biri ol\u011fan q\u0131r\u0131mtatarlar\u011fa mesken quruc\u0131l\u0131\u011f\u0131 i\u00e7\u00fcn topraq ay\u0131ruvn\u0131\u00f1 vaziyeti de meraqland\u0131rd\u0131. ABPA e\u015f maruzac\u0131lar\u0131n\u0131\u00f1 diqqat\u0131 Ukraina topraq qanunc\u0131l\u0131\u011f\u0131nda daa q\u0131r\u0131mtatarlar qaytmazdan evel yer al\u011fan&nbsp; adaletsizlikke celp etilip, muhtariyat reberlerini\u00f1 q\u0131r\u0131mtatarlarn\u0131 topraqnen teminlev boyunca halqara cemaat\u00e7\u0131l\u0131qqa yalan mal\u00fcmat berilgeni de bildirildi.&nbsp;<\/p>\n\n\n\n<p>Cemilevni\u00f1 aytqan\u0131na k\u00f6re, Q\u0131r\u0131m parlamentini\u00f1 ba\u015f\u0131 V. Konstantinov il\u00e2n etkeni kibi\u00a0 20 y\u0131l i\u00e7inde q\u0131r\u0131mtatarlar\u0131na 67 bi\u00f1 topraq damart\u0131lar\u0131 ay\u0131r\u0131ld\u0131, degen k\u00f6stergi\u00e7 q\u0131r\u0131mtatarlarn\u0131\u00f1 \u015fahsiy te\u015febb\u00fcsidir. 20 y\u0131ldan berli q\u0131r\u0131mtatarlar bu yerlerni \u00f6z ba\u015f\u0131na i\u015f\u011fal etmek zoruna qald\u0131lar, \u00e7\u00fcnki devletten almaq imk\u00e2nlar\u0131n\u0131 bulamad\u0131lar. &#8220;\u015eun\u0131\u00f1 i\u00e7\u00fcn de ayt\u0131l\u011fan 67 bi\u00f1 damart\u0131n\u0131\u00f1 90 fay\u0131z\u0131\u00a0 &#8211; bu akimiyet insanlarn\u0131 quvma\u011fa \u00e7al\u0131\u015fqan, amma ah\u0131r-so\u00f1u resmiyle\u015ftirmege mecbur ol\u011fan yerdir&#8221;, dedi Meclis reisi. Subetde\u015flerine q\u0131r\u0131mtatarlarn\u0131\u00f1 milliy \u00f6zg\u00fcnligini\u00f1 \u011fay\u0131p olmas\u0131na al\u0131p kele bilgen q\u0131y\u0131nl\u0131qlar aqq\u0131nda aytqan Meclis yolba\u015f\u00e7\u0131lar\u0131 bun\u0131\u00f1 kibi de milliy tasil meselesine de ayr\u0131ca diqqatn\u0131 celp ettiler.\u00a0 &#8220;20 y\u0131l i\u00e7inde nice me\u015faqatlar ile 15 q\u0131r\u0131mtatar mektebi a\u00e7\u0131l\u0131p, tek ekisi ba\u015f\u0131ndan quruld\u0131, qal\u011fan 13 ise eski, ta\u015flan\u011fan binalarda yerle\u015ftirildiler, &#8211; dep qayd ettiler Meclis vekilleri. Devletni\u00f1 so\u00f1ki vaq\u0131tta q\u0131r\u0131mtatarlarn\u0131\u00f1 qaytuv ve yerle\u015f\u00fcv programmas\u0131na ay\u0131r\u011fan sermiyalar\u0131ndan k\u00f6r\u00fcne ki,\u00a0 Q\u0131r\u0131mda daa ya\u00f1\u0131 milliy mektep a\u00e7\u0131laca\u011f\u0131na i\u00e7 \u00fcm\u00fct yoqt\u0131r. 10 q\u0131r\u0131mtatar balas\u0131ndan tek 1-si ana tilinde tasil almaq imk\u00e2n\u0131na maliktir&#8221;.<\/p>\n\n\n\n<figure class=\"wp-block-image size-full\"><img loading=\"lazy\" decoding=\"async\" width=\"650\" height=\"400\" src=\"http:\/\/qtmm.org\/wp-content\/uploads\/2022\/01\/img_0745-1.jpeg\" alt=\"\" class=\"wp-image-26077\" srcset=\"https:\/\/qtmm.org\/wp-content\/uploads\/2022\/01\/img_0745-1.jpeg 650w, https:\/\/qtmm.org\/wp-content\/uploads\/2022\/01\/img_0745-1-300x185.jpeg 300w\" sizes=\"auto, (max-width: 650px) 100vw, 650px\" \/><\/figure>\n\n\n\n<p>ABPA Komissiyas\u0131 e\u015f maruzac\u0131larnen subet devam\u0131nda k\u00f6terilgen meseleler aras\u0131nda Meclis reberleri &#8220;kazak te\u015fkil\u00e2tlar\u0131n\u0131\u00f1&#8221; senelerce Q\u0131r\u0131m\u011fa kiri\u015f yollar\u0131nda ha\u00e7lar tiklemek areketleri, q\u0131r\u0131mtatarlarn\u0131\u00f1 azizlerine nisbeten vah\u015fiylik allar\u0131n\u0131\u00f1 \u00e7oqla\u015fqan\u0131 q\u0131r\u0131mtatar meselesini Q\u0131r\u0131mda dava qoz\u011famaq i\u00e7\u00fcn qullan\u011fan rusiyeli siyaset\u00e7ilerni\u00f1 i\u015fi ol\u011fan\u0131n\u0131 da qayd ettiler.&nbsp;<\/p>\n\n\n\n<p>Meclis reisini\u00f1 birinci muavini kollektiv aqlarn\u0131\u00f1 qoruluv\u0131 tertipke ketirilmegence q\u0131r\u0131mtatarlarn\u0131\u00f1 bir \u00e7oq aq-uquqlar\u0131 da teminlenmez.&nbsp;&nbsp; &#8220;Biz \u00f6z aqlar\u0131m\u0131zn\u0131 ukrain qanunlar\u0131na binaen qor\u00e7alaycaq yerde bile bun\u0131 yap\u0131p olamaym\u0131z, \u00e7\u00fcnki baz\u0131 bir saalar q\u0131r\u0131mtatar faktor\u0131n\u0131 esapqa almaylar&#8221;, &#8211; dep saya \u00c7ubarov.<\/p>\n\n\n\n<p>Belli ki, ABPA monitoring komitetini ziyade saylav sistemas\u0131 mevzus\u0131 meraqland\u0131ra. Bu munasebetnen Refat \u00c7ubarov bildirdi ki,&nbsp; i\u00e7 bir saylav sistemas\u0131 m\u00fckemmel degildir, amma Ukrainada \u00e7al\u0131\u015fqan saylav sistemas\u0131 q\u0131r\u0131mtatarlar i\u00e7\u00fcn asl\u0131 da keli\u015fmey.&nbsp; &#8220;2010 senesi okt\u00e2br 31-de Q\u0131r\u0131m Yuqar\u0131 \u015euras\u0131na ve yerli \u015furalar\u011fa qar\u0131\u015f\u0131q sistema boyunca ke\u00e7irilgen saylavlar \u015fun\u0131 k\u00f6sterdi ki, q\u0131r\u0131mtatarlar da\u011f\u0131n\u0131q alda ya\u015fa\u011fanlar\u0131ndan dolay\u0131 akimiyetni\u00f1 vek\u00e2letli organlar\u0131na \u00f6z vekillerini se\u00e7ip olamad\u0131lar. Bug\u00fcn, a\u00e7\u0131q k\u00f6r\u00fcle ki, halqara cemaat\u00e7\u0131l\u0131q qar\u0131\u015fmasa&nbsp; ukrain siyaset\u00e7ileri q\u0131r\u0131mtatar meselesini \u00e7ezmek iqtidar\u0131nda degiller ve asl\u0131 da istemeyler&#8221;, &#8211; yek\u00fcn \u00e7ekti Refat \u00c7ubarov.&nbsp;<\/p>\n\n\n\n<p>Meclis reberlerinen k\u00f6r\u00fc\u015f\u00fcvni\u00f1 neticelerine yek\u00fcn \u00e7eker ekenler, ABPA komitetini\u00f1 e\u015f maruzac\u0131lar\u0131 Marietta de P\u00fcrbe-Lundin ve Mailis Reps Ukraina al\u00e2 daa Avropa Birligi \u00f6g\u00fcnde mecburiyetlerini becermegenini qayd etip, olarn\u0131\u00f1 Ukraina regionlar\u0131na ziyaret yapqanlar\u0131n\u0131\u00f1 sebebi birinci nevbette Ukrainan\u0131\u00f1 devlette ya\u015fa\u011fan milliy azl\u0131qlar\u011fa munasebetidir. &#8220;Kesen-kes hul\u00e2salar Ukraina seferimizni\u00f1 so\u00f1unda ve Komitetteki meslekde\u015flerimiznen subetle\u015fken so\u00f1 \u00e7\u0131qar\u0131lacaq, &#8211; dediler\u00a0 ABPA monitoring komitetini\u00f1 hadimleri. Amma, \u015fimdiden aytmaq m\u00fcmk\u00fcn ki,\u00a0 milliy azl\u0131qlar, bilhassa Q\u0131r\u0131m\u011fa qaytayatqan ve yerle\u015feyatqan q\u0131r\u0131mtatarlar\u011fa tesir etken problemlerni a\u00e7\u0131q k\u00f6remiz&#8221;.\u00a0<\/p>\n\n\n\n<figure class=\"wp-block-image size-full\"><img loading=\"lazy\" decoding=\"async\" width=\"650\" height=\"400\" src=\"http:\/\/qtmm.org\/wp-content\/uploads\/2022\/01\/img_0801-1.jpeg\" alt=\"\" class=\"wp-image-26081\" srcset=\"https:\/\/qtmm.org\/wp-content\/uploads\/2022\/01\/img_0801-1.jpeg 650w, https:\/\/qtmm.org\/wp-content\/uploads\/2022\/01\/img_0801-1-300x185.jpeg 300w\" sizes=\"auto, (max-width: 650px) 100vw, 650px\" \/><\/figure>\n\n\n\n<p>ABPA e\u015f maruzac\u0131lar\u0131 q\u0131r\u0131mtatarlar aras\u0131nda i\u015fsizlik seviyesi Q\u0131r\u0131m ve Ukraina ealisini\u00f1 diger vekillerine nisbeten baya\u011f\u0131 y\u00fcksek ol\u011fan\u0131n\u0131 qayd ettiler. &#8220;Problema mevcutl\u0131\u011f\u0131 on\u0131 ye\u00f1\u00fcvge \u00e7a\u011f\u0131ruvd\u0131r, biz (ABPA) olar m\u0131tlaqa \u00e7ezilecegine eminmiz&#8221;.&nbsp;<\/p>\n\n\n\n<p><strong><em>Mal\u00fcmat i\u00e7\u00fcn:<\/em><\/strong>\u00a0ABPA e\u015f maruzac\u0131lar\u0131\u00a0 Ukraina\u011fa Avropa Birligi \u00f6g\u00fcnde Ukraina \u00f6z mecburiyetlerini nas\u0131l\u00a0 eda etkeni boyunca nevbetteki maruza i\u00e7\u00fcn mal\u00fcmat toplamaq i\u00e7\u00fcn i\u015f ziyaretinen kelip\u00a0 sent\u00e2br 19-dan 23-ne qadar bulunacaqlar.\u00a0<\/p>\n","protected":false},"excerpt":{"rendered":"<p>Avropa Birligi \u00f6g\u00fcnde Ukraina \u00f6z mecburiyetlerini eda et\u00fcvini nezaret meseleleri boyunca ABPA maruzac\u0131lar\u0131 Marietta de Purba-Lundin ve Maylis Reps Q\u0131r\u0131mtatar halq\u0131 Meclisini\u00f1 reisi Mustafa Cemilevnen k\u00f6r\u00fc\u015ftiler 2011 senesi sent\u00e2br 22 k\u00fcn\u00fc\u00a0 Q\u0131r\u0131mtatar halq\u0131 Meclisini\u00f1 reisi, Ukraina halq deputat\u0131 Mustafa Cemilev Avropa Birligi \u00f6g\u00fcnde Ukraina \u00f6z mecburiyetlerini eda et\u00fcvini nezaret meseleleri boyunca ABPA maruzac\u0131lar\u0131 Marietta de [&hellip;]<\/p>\n","protected":false},"author":1,"featured_media":26069,"comment_status":"open","ping_status":"open","sticky":false,"template":"","format":"standard","meta":{"inline_featured_image":false,"footnotes":""},"categories":[265],"tags":[],"class_list":["post-26068","post","type-post","status-publish","format-standard","has-post-thumbnail","hentry","category-haberler"],"acf":[],"yoast_head":"<!-- This site is optimized with the Yoast SEO plugin v27.4 - https:\/\/yoast.com\/product\/yoast-seo-wordpress\/ -->\n<title>M.Cemilev: \u00abAvropa Birligini\u00f1 Parlament Assambleyasi qirimtatarni\u00f1 problemlerini bilmesi \u2013 biz i\u00e7\u00fcn \u011fayet m\u00fcimdir\u00bb - \u041c\u0435\u0434\u0436\u043b\u0456\u0441<\/title>\n<meta name=\"robots\" content=\"index, follow, max-snippet:-1, max-image-preview:large, max-video-preview:-1\" \/>\n<link rel=\"canonical\" href=\"https:\/\/qtmm.org\/qt\/m-cemilev-avropa-birliginin-parlament-assambleyasi-qirimtatarnin-problemlerini-bilmesi-biz-icun-gayet-muimdir\/\" \/>\n<meta property=\"og:locale\" content=\"en_US\" \/>\n<meta property=\"og:type\" content=\"article\" \/>\n<meta property=\"og:title\" content=\"M.Cemilev: \u00abAvropa Birligini\u00f1 Parlament Assambleyasi qirimtatarni\u00f1 problemlerini bilmesi \u2013 biz i\u00e7\u00fcn \u011fayet m\u00fcimdir\u00bb - \u041c\u0435\u0434\u0436\u043b\u0456\u0441\" \/>\n<meta property=\"og:description\" content=\"Avropa Birligi \u00f6g\u00fcnde Ukraina \u00f6z mecburiyetlerini eda et\u00fcvini nezaret meseleleri boyunca ABPA maruzac\u0131lar\u0131 Marietta de Purba-Lundin ve Maylis Reps Q\u0131r\u0131mtatar halq\u0131 Meclisini\u00f1 reisi Mustafa Cemilevnen k\u00f6r\u00fc\u015ftiler 2011 senesi sent\u00e2br 22 k\u00fcn\u00fc\u00a0 Q\u0131r\u0131mtatar halq\u0131 Meclisini\u00f1 reisi, Ukraina halq deputat\u0131 Mustafa Cemilev Avropa Birligi \u00f6g\u00fcnde Ukraina \u00f6z mecburiyetlerini eda et\u00fcvini nezaret meseleleri boyunca ABPA maruzac\u0131lar\u0131 Marietta de [&hellip;]\" \/>\n<meta property=\"og:url\" content=\"https:\/\/qtmm.org\/qt\/m-cemilev-avropa-birliginin-parlament-assambleyasi-qirimtatarnin-problemlerini-bilmesi-biz-icun-gayet-muimdir\/\" \/>\n<meta property=\"og:site_name\" content=\"\u041c\u0435\u0434\u0436\u043b\u0456\u0441\" \/>\n<meta property=\"article:publisher\" content=\"https:\/\/www.facebook.com\/qtmm.info\/\" \/>\n<meta property=\"article:published_time\" content=\"2011-09-23T13:02:00+00:00\" \/>\n<meta property=\"article:modified_time\" content=\"2022-01-19T13:04:37+00:00\" \/>\n<meta property=\"og:image\" content=\"https:\/\/qtmm.org\/wp-content\/uploads\/2022\/01\/img_0760-1.jpeg\" \/>\n\t<meta property=\"og:image:width\" content=\"650\" \/>\n\t<meta property=\"og:image:height\" content=\"400\" \/>\n\t<meta property=\"og:image:type\" content=\"image\/jpeg\" \/>\n<meta name=\"author\" content=\"Developer\" \/>\n<meta name=\"twitter:card\" content=\"summary_large_image\" \/>\n<meta name=\"twitter:label1\" content=\"Written by\" \/>\n\t<meta name=\"twitter:data1\" content=\"Developer\" \/>\n\t<meta name=\"twitter:label2\" content=\"Est. reading time\" \/>\n\t<meta name=\"twitter:data2\" content=\"6 minutes\" \/>\n<script type=\"application\/ld+json\" class=\"yoast-schema-graph\">{\"@context\":\"https:\\\/\\\/schema.org\",\"@graph\":[{\"@type\":\"Article\",\"@id\":\"https:\\\/\\\/qtmm.org\\\/qt\\\/m-cemilev-avropa-birliginin-parlament-assambleyasi-qirimtatarnin-problemlerini-bilmesi-biz-icun-gayet-muimdir\\\/#article\",\"isPartOf\":{\"@id\":\"https:\\\/\\\/qtmm.org\\\/qt\\\/m-cemilev-avropa-birliginin-parlament-assambleyasi-qirimtatarnin-problemlerini-bilmesi-biz-icun-gayet-muimdir\\\/\"},\"author\":{\"name\":\"Developer\",\"@id\":\"https:\\\/\\\/qtmm.org\\\/qt\\\/#\\\/schema\\\/person\\\/de562469f971dec226ac06e60bbf74a7\"},\"headline\":\"M.Cemilev: \u00abAvropa Birligini\u00f1 Parlament Assambleyasi qirimtatarni\u00f1 problemlerini bilmesi \u2013 biz i\u00e7\u00fcn \u011fayet m\u00fcimdir\u00bb\",\"datePublished\":\"2011-09-23T13:02:00+00:00\",\"dateModified\":\"2022-01-19T13:04:37+00:00\",\"mainEntityOfPage\":{\"@id\":\"https:\\\/\\\/qtmm.org\\\/qt\\\/m-cemilev-avropa-birliginin-parlament-assambleyasi-qirimtatarnin-problemlerini-bilmesi-biz-icun-gayet-muimdir\\\/\"},\"wordCount\":1229,\"commentCount\":0,\"publisher\":{\"@id\":\"https:\\\/\\\/qtmm.org\\\/qt\\\/#organization\"},\"image\":{\"@id\":\"https:\\\/\\\/qtmm.org\\\/qt\\\/m-cemilev-avropa-birliginin-parlament-assambleyasi-qirimtatarnin-problemlerini-bilmesi-biz-icun-gayet-muimdir\\\/#primaryimage\"},\"thumbnailUrl\":\"https:\\\/\\\/qtmm.org\\\/wp-content\\\/uploads\\\/2022\\\/01\\\/img_0760-1.jpeg\",\"articleSection\":[\"Haberler\"],\"inLanguage\":\"qt\",\"potentialAction\":[{\"@type\":\"CommentAction\",\"name\":\"Comment\",\"target\":[\"https:\\\/\\\/qtmm.org\\\/qt\\\/m-cemilev-avropa-birliginin-parlament-assambleyasi-qirimtatarnin-problemlerini-bilmesi-biz-icun-gayet-muimdir\\\/#respond\"]}]},{\"@type\":\"WebPage\",\"@id\":\"https:\\\/\\\/qtmm.org\\\/qt\\\/m-cemilev-avropa-birliginin-parlament-assambleyasi-qirimtatarnin-problemlerini-bilmesi-biz-icun-gayet-muimdir\\\/\",\"url\":\"https:\\\/\\\/qtmm.org\\\/qt\\\/m-cemilev-avropa-birliginin-parlament-assambleyasi-qirimtatarnin-problemlerini-bilmesi-biz-icun-gayet-muimdir\\\/\",\"name\":\"M.Cemilev: \u00abAvropa Birligini\u00f1 Parlament Assambleyasi qirimtatarni\u00f1 problemlerini bilmesi \u2013 biz i\u00e7\u00fcn \u011fayet m\u00fcimdir\u00bb - \u041c\u0435\u0434\u0436\u043b\u0456\u0441\",\"isPartOf\":{\"@id\":\"https:\\\/\\\/qtmm.org\\\/qt\\\/#website\"},\"primaryImageOfPage\":{\"@id\":\"https:\\\/\\\/qtmm.org\\\/qt\\\/m-cemilev-avropa-birliginin-parlament-assambleyasi-qirimtatarnin-problemlerini-bilmesi-biz-icun-gayet-muimdir\\\/#primaryimage\"},\"image\":{\"@id\":\"https:\\\/\\\/qtmm.org\\\/qt\\\/m-cemilev-avropa-birliginin-parlament-assambleyasi-qirimtatarnin-problemlerini-bilmesi-biz-icun-gayet-muimdir\\\/#primaryimage\"},\"thumbnailUrl\":\"https:\\\/\\\/qtmm.org\\\/wp-content\\\/uploads\\\/2022\\\/01\\\/img_0760-1.jpeg\",\"datePublished\":\"2011-09-23T13:02:00+00:00\",\"dateModified\":\"2022-01-19T13:04:37+00:00\",\"breadcrumb\":{\"@id\":\"https:\\\/\\\/qtmm.org\\\/qt\\\/m-cemilev-avropa-birliginin-parlament-assambleyasi-qirimtatarnin-problemlerini-bilmesi-biz-icun-gayet-muimdir\\\/#breadcrumb\"},\"inLanguage\":\"qt\",\"potentialAction\":[{\"@type\":\"ReadAction\",\"target\":[\"https:\\\/\\\/qtmm.org\\\/qt\\\/m-cemilev-avropa-birliginin-parlament-assambleyasi-qirimtatarnin-problemlerini-bilmesi-biz-icun-gayet-muimdir\\\/\"]}]},{\"@type\":\"ImageObject\",\"inLanguage\":\"qt\",\"@id\":\"https:\\\/\\\/qtmm.org\\\/qt\\\/m-cemilev-avropa-birliginin-parlament-assambleyasi-qirimtatarnin-problemlerini-bilmesi-biz-icun-gayet-muimdir\\\/#primaryimage\",\"url\":\"https:\\\/\\\/qtmm.org\\\/wp-content\\\/uploads\\\/2022\\\/01\\\/img_0760-1.jpeg\",\"contentUrl\":\"https:\\\/\\\/qtmm.org\\\/wp-content\\\/uploads\\\/2022\\\/01\\\/img_0760-1.jpeg\",\"width\":650,\"height\":400},{\"@type\":\"BreadcrumbList\",\"@id\":\"https:\\\/\\\/qtmm.org\\\/qt\\\/m-cemilev-avropa-birliginin-parlament-assambleyasi-qirimtatarnin-problemlerini-bilmesi-biz-icun-gayet-muimdir\\\/#breadcrumb\",\"itemListElement\":[{\"@type\":\"ListItem\",\"position\":1,\"name\":\"\u0413\u043e\u043b\u043e\u0432\u043d\u0430\",\"item\":\"https:\\\/\\\/qtmm.org\\\/qt\\\/\"},{\"@type\":\"ListItem\",\"position\":2,\"name\":\"M.Cemilev: \u00abAvropa Birligini\u00f1 Parlament Assambleyasi qirimtatarni\u00f1 problemlerini bilmesi \u2013 biz i\u00e7\u00fcn \u011fayet m\u00fcimdir\u00bb\"}]},{\"@type\":\"WebSite\",\"@id\":\"https:\\\/\\\/qtmm.org\\\/qt\\\/#website\",\"url\":\"https:\\\/\\\/qtmm.org\\\/qt\\\/\",\"name\":\"\u041c\u0435\u0434\u0436\u043b\u0456\u0441\",\"description\":\"\",\"publisher\":{\"@id\":\"https:\\\/\\\/qtmm.org\\\/qt\\\/#organization\"},\"potentialAction\":[{\"@type\":\"SearchAction\",\"target\":{\"@type\":\"EntryPoint\",\"urlTemplate\":\"https:\\\/\\\/qtmm.org\\\/qt\\\/?s={search_term_string}\"},\"query-input\":{\"@type\":\"PropertyValueSpecification\",\"valueRequired\":true,\"valueName\":\"search_term_string\"}}],\"inLanguage\":\"qt\"},{\"@type\":\"Organization\",\"@id\":\"https:\\\/\\\/qtmm.org\\\/qt\\\/#organization\",\"name\":\"\u041c\u0435\u0434\u0436\u043b\u0456\u0441\",\"url\":\"https:\\\/\\\/qtmm.org\\\/qt\\\/\",\"logo\":{\"@type\":\"ImageObject\",\"inLanguage\":\"qt\",\"@id\":\"https:\\\/\\\/qtmm.org\\\/qt\\\/#\\\/schema\\\/logo\\\/image\\\/\",\"url\":\"https:\\\/\\\/qtmm.org\\\/wp-content\\\/uploads\\\/2024\\\/12\\\/ua-mejlis-logo-rgb.svg\",\"contentUrl\":\"https:\\\/\\\/qtmm.org\\\/wp-content\\\/uploads\\\/2024\\\/12\\\/ua-mejlis-logo-rgb.svg\",\"caption\":\"\u041c\u0435\u0434\u0436\u043b\u0456\u0441\"},\"image\":{\"@id\":\"https:\\\/\\\/qtmm.org\\\/qt\\\/#\\\/schema\\\/logo\\\/image\\\/\"},\"sameAs\":[\"https:\\\/\\\/www.facebook.com\\\/qtmm.info\\\/\"]},{\"@type\":\"Person\",\"@id\":\"https:\\\/\\\/qtmm.org\\\/qt\\\/#\\\/schema\\\/person\\\/de562469f971dec226ac06e60bbf74a7\",\"name\":\"Developer\",\"image\":{\"@type\":\"ImageObject\",\"inLanguage\":\"qt\",\"@id\":\"https:\\\/\\\/secure.gravatar.com\\\/avatar\\\/392b4cc8fbfeb00b39dfeeab4ee6edded39ffd48e25858637e4765810300227e?s=96&d=mm&r=g\",\"url\":\"https:\\\/\\\/secure.gravatar.com\\\/avatar\\\/392b4cc8fbfeb00b39dfeeab4ee6edded39ffd48e25858637e4765810300227e?s=96&d=mm&r=g\",\"contentUrl\":\"https:\\\/\\\/secure.gravatar.com\\\/avatar\\\/392b4cc8fbfeb00b39dfeeab4ee6edded39ffd48e25858637e4765810300227e?s=96&d=mm&r=g\",\"caption\":\"Developer\"},\"url\":\"https:\\\/\\\/qtmm.org\\\/qt\\\/author\\\/Developer\\\/\"}]}<\/script>\n<!-- \/ Yoast SEO plugin. -->","yoast_head_json":{"title":"M.Cemilev: \u00abAvropa Birligini\u00f1 Parlament Assambleyasi qirimtatarni\u00f1 problemlerini bilmesi \u2013 biz i\u00e7\u00fcn \u011fayet m\u00fcimdir\u00bb - \u041c\u0435\u0434\u0436\u043b\u0456\u0441","robots":{"index":"index","follow":"follow","max-snippet":"max-snippet:-1","max-image-preview":"max-image-preview:large","max-video-preview":"max-video-preview:-1"},"canonical":"https:\/\/qtmm.org\/qt\/m-cemilev-avropa-birliginin-parlament-assambleyasi-qirimtatarnin-problemlerini-bilmesi-biz-icun-gayet-muimdir\/","og_locale":"en_US","og_type":"article","og_title":"M.Cemilev: \u00abAvropa Birligini\u00f1 Parlament Assambleyasi qirimtatarni\u00f1 problemlerini bilmesi \u2013 biz i\u00e7\u00fcn \u011fayet m\u00fcimdir\u00bb - \u041c\u0435\u0434\u0436\u043b\u0456\u0441","og_description":"Avropa Birligi \u00f6g\u00fcnde Ukraina \u00f6z mecburiyetlerini eda et\u00fcvini nezaret meseleleri boyunca ABPA maruzac\u0131lar\u0131 Marietta de Purba-Lundin ve Maylis Reps Q\u0131r\u0131mtatar halq\u0131 Meclisini\u00f1 reisi Mustafa Cemilevnen k\u00f6r\u00fc\u015ftiler 2011 senesi sent\u00e2br 22 k\u00fcn\u00fc\u00a0 Q\u0131r\u0131mtatar halq\u0131 Meclisini\u00f1 reisi, Ukraina halq deputat\u0131 Mustafa Cemilev Avropa Birligi \u00f6g\u00fcnde Ukraina \u00f6z mecburiyetlerini eda et\u00fcvini nezaret meseleleri boyunca ABPA maruzac\u0131lar\u0131 Marietta de [&hellip;]","og_url":"https:\/\/qtmm.org\/qt\/m-cemilev-avropa-birliginin-parlament-assambleyasi-qirimtatarnin-problemlerini-bilmesi-biz-icun-gayet-muimdir\/","og_site_name":"\u041c\u0435\u0434\u0436\u043b\u0456\u0441","article_publisher":"https:\/\/www.facebook.com\/qtmm.info\/","article_published_time":"2011-09-23T13:02:00+00:00","article_modified_time":"2022-01-19T13:04:37+00:00","og_image":[{"width":650,"height":400,"url":"https:\/\/qtmm.org\/wp-content\/uploads\/2022\/01\/img_0760-1.jpeg","type":"image\/jpeg"}],"author":"Developer","twitter_card":"summary_large_image","twitter_misc":{"Written by":"Developer","Est. reading time":"6 minutes"},"schema":{"@context":"https:\/\/schema.org","@graph":[{"@type":"Article","@id":"https:\/\/qtmm.org\/qt\/m-cemilev-avropa-birliginin-parlament-assambleyasi-qirimtatarnin-problemlerini-bilmesi-biz-icun-gayet-muimdir\/#article","isPartOf":{"@id":"https:\/\/qtmm.org\/qt\/m-cemilev-avropa-birliginin-parlament-assambleyasi-qirimtatarnin-problemlerini-bilmesi-biz-icun-gayet-muimdir\/"},"author":{"name":"Developer","@id":"https:\/\/qtmm.org\/qt\/#\/schema\/person\/de562469f971dec226ac06e60bbf74a7"},"headline":"M.Cemilev: \u00abAvropa Birligini\u00f1 Parlament Assambleyasi qirimtatarni\u00f1 problemlerini bilmesi \u2013 biz i\u00e7\u00fcn \u011fayet m\u00fcimdir\u00bb","datePublished":"2011-09-23T13:02:00+00:00","dateModified":"2022-01-19T13:04:37+00:00","mainEntityOfPage":{"@id":"https:\/\/qtmm.org\/qt\/m-cemilev-avropa-birliginin-parlament-assambleyasi-qirimtatarnin-problemlerini-bilmesi-biz-icun-gayet-muimdir\/"},"wordCount":1229,"commentCount":0,"publisher":{"@id":"https:\/\/qtmm.org\/qt\/#organization"},"image":{"@id":"https:\/\/qtmm.org\/qt\/m-cemilev-avropa-birliginin-parlament-assambleyasi-qirimtatarnin-problemlerini-bilmesi-biz-icun-gayet-muimdir\/#primaryimage"},"thumbnailUrl":"https:\/\/qtmm.org\/wp-content\/uploads\/2022\/01\/img_0760-1.jpeg","articleSection":["Haberler"],"inLanguage":"qt","potentialAction":[{"@type":"CommentAction","name":"Comment","target":["https:\/\/qtmm.org\/qt\/m-cemilev-avropa-birliginin-parlament-assambleyasi-qirimtatarnin-problemlerini-bilmesi-biz-icun-gayet-muimdir\/#respond"]}]},{"@type":"WebPage","@id":"https:\/\/qtmm.org\/qt\/m-cemilev-avropa-birliginin-parlament-assambleyasi-qirimtatarnin-problemlerini-bilmesi-biz-icun-gayet-muimdir\/","url":"https:\/\/qtmm.org\/qt\/m-cemilev-avropa-birliginin-parlament-assambleyasi-qirimtatarnin-problemlerini-bilmesi-biz-icun-gayet-muimdir\/","name":"M.Cemilev: \u00abAvropa Birligini\u00f1 Parlament Assambleyasi qirimtatarni\u00f1 problemlerini bilmesi \u2013 biz i\u00e7\u00fcn \u011fayet m\u00fcimdir\u00bb - \u041c\u0435\u0434\u0436\u043b\u0456\u0441","isPartOf":{"@id":"https:\/\/qtmm.org\/qt\/#website"},"primaryImageOfPage":{"@id":"https:\/\/qtmm.org\/qt\/m-cemilev-avropa-birliginin-parlament-assambleyasi-qirimtatarnin-problemlerini-bilmesi-biz-icun-gayet-muimdir\/#primaryimage"},"image":{"@id":"https:\/\/qtmm.org\/qt\/m-cemilev-avropa-birliginin-parlament-assambleyasi-qirimtatarnin-problemlerini-bilmesi-biz-icun-gayet-muimdir\/#primaryimage"},"thumbnailUrl":"https:\/\/qtmm.org\/wp-content\/uploads\/2022\/01\/img_0760-1.jpeg","datePublished":"2011-09-23T13:02:00+00:00","dateModified":"2022-01-19T13:04:37+00:00","breadcrumb":{"@id":"https:\/\/qtmm.org\/qt\/m-cemilev-avropa-birliginin-parlament-assambleyasi-qirimtatarnin-problemlerini-bilmesi-biz-icun-gayet-muimdir\/#breadcrumb"},"inLanguage":"qt","potentialAction":[{"@type":"ReadAction","target":["https:\/\/qtmm.org\/qt\/m-cemilev-avropa-birliginin-parlament-assambleyasi-qirimtatarnin-problemlerini-bilmesi-biz-icun-gayet-muimdir\/"]}]},{"@type":"ImageObject","inLanguage":"qt","@id":"https:\/\/qtmm.org\/qt\/m-cemilev-avropa-birliginin-parlament-assambleyasi-qirimtatarnin-problemlerini-bilmesi-biz-icun-gayet-muimdir\/#primaryimage","url":"https:\/\/qtmm.org\/wp-content\/uploads\/2022\/01\/img_0760-1.jpeg","contentUrl":"https:\/\/qtmm.org\/wp-content\/uploads\/2022\/01\/img_0760-1.jpeg","width":650,"height":400},{"@type":"BreadcrumbList","@id":"https:\/\/qtmm.org\/qt\/m-cemilev-avropa-birliginin-parlament-assambleyasi-qirimtatarnin-problemlerini-bilmesi-biz-icun-gayet-muimdir\/#breadcrumb","itemListElement":[{"@type":"ListItem","position":1,"name":"\u0413\u043e\u043b\u043e\u0432\u043d\u0430","item":"https:\/\/qtmm.org\/qt\/"},{"@type":"ListItem","position":2,"name":"M.Cemilev: \u00abAvropa Birligini\u00f1 Parlament Assambleyasi qirimtatarni\u00f1 problemlerini bilmesi \u2013 biz i\u00e7\u00fcn \u011fayet m\u00fcimdir\u00bb"}]},{"@type":"WebSite","@id":"https:\/\/qtmm.org\/qt\/#website","url":"https:\/\/qtmm.org\/qt\/","name":"\u041c\u0435\u0434\u0436\u043b\u0456\u0441","description":"","publisher":{"@id":"https:\/\/qtmm.org\/qt\/#organization"},"potentialAction":[{"@type":"SearchAction","target":{"@type":"EntryPoint","urlTemplate":"https:\/\/qtmm.org\/qt\/?s={search_term_string}"},"query-input":{"@type":"PropertyValueSpecification","valueRequired":true,"valueName":"search_term_string"}}],"inLanguage":"qt"},{"@type":"Organization","@id":"https:\/\/qtmm.org\/qt\/#organization","name":"\u041c\u0435\u0434\u0436\u043b\u0456\u0441","url":"https:\/\/qtmm.org\/qt\/","logo":{"@type":"ImageObject","inLanguage":"qt","@id":"https:\/\/qtmm.org\/qt\/#\/schema\/logo\/image\/","url":"https:\/\/qtmm.org\/wp-content\/uploads\/2024\/12\/ua-mejlis-logo-rgb.svg","contentUrl":"https:\/\/qtmm.org\/wp-content\/uploads\/2024\/12\/ua-mejlis-logo-rgb.svg","caption":"\u041c\u0435\u0434\u0436\u043b\u0456\u0441"},"image":{"@id":"https:\/\/qtmm.org\/qt\/#\/schema\/logo\/image\/"},"sameAs":["https:\/\/www.facebook.com\/qtmm.info\/"]},{"@type":"Person","@id":"https:\/\/qtmm.org\/qt\/#\/schema\/person\/de562469f971dec226ac06e60bbf74a7","name":"Developer","image":{"@type":"ImageObject","inLanguage":"qt","@id":"https:\/\/secure.gravatar.com\/avatar\/392b4cc8fbfeb00b39dfeeab4ee6edded39ffd48e25858637e4765810300227e?s=96&d=mm&r=g","url":"https:\/\/secure.gravatar.com\/avatar\/392b4cc8fbfeb00b39dfeeab4ee6edded39ffd48e25858637e4765810300227e?s=96&d=mm&r=g","contentUrl":"https:\/\/secure.gravatar.com\/avatar\/392b4cc8fbfeb00b39dfeeab4ee6edded39ffd48e25858637e4765810300227e?s=96&d=mm&r=g","caption":"Developer"},"url":"https:\/\/qtmm.org\/qt\/author\/Developer\/"}]}},"_links":{"self":[{"href":"https:\/\/qtmm.org\/qt\/wp-json\/wp\/v2\/posts\/26068","targetHints":{"allow":["GET"]}}],"collection":[{"href":"https:\/\/qtmm.org\/qt\/wp-json\/wp\/v2\/posts"}],"about":[{"href":"https:\/\/qtmm.org\/qt\/wp-json\/wp\/v2\/types\/post"}],"author":[{"embeddable":true,"href":"https:\/\/qtmm.org\/qt\/wp-json\/wp\/v2\/users\/1"}],"replies":[{"embeddable":true,"href":"https:\/\/qtmm.org\/qt\/wp-json\/wp\/v2\/comments?post=26068"}],"version-history":[{"count":1,"href":"https:\/\/qtmm.org\/qt\/wp-json\/wp\/v2\/posts\/26068\/revisions"}],"predecessor-version":[{"id":26085,"href":"https:\/\/qtmm.org\/qt\/wp-json\/wp\/v2\/posts\/26068\/revisions\/26085"}],"wp:featuredmedia":[{"embeddable":true,"href":"https:\/\/qtmm.org\/qt\/wp-json\/wp\/v2\/media\/26069"}],"wp:attachment":[{"href":"https:\/\/qtmm.org\/qt\/wp-json\/wp\/v2\/media?parent=26068"}],"wp:term":[{"taxonomy":"category","embeddable":true,"href":"https:\/\/qtmm.org\/qt\/wp-json\/wp\/v2\/categories?post=26068"},{"taxonomy":"post_tag","embeddable":true,"href":"https:\/\/qtmm.org\/qt\/wp-json\/wp\/v2\/tags?post=26068"}],"curies":[{"name":"wp","href":"https:\/\/api.w.org\/{rel}","templated":true}]}}