




{"id":26050,"date":"2011-09-20T15:59:00","date_gmt":"2011-09-20T12:59:00","guid":{"rendered":"http:\/\/qtmm.org\/?p=26050"},"modified":"2022-01-19T16:01:56","modified_gmt":"2022-01-19T13:01:56","slug":"buyuk-cuma-cami-leyhasinin-eskizleri-cemaat-tarafindan-baqip-ciqildi","status":"publish","type":"post","link":"https:\/\/qtmm.org\/qt\/buyuk-cuma-cami-leyhasinin-eskizleri-cemaat-tarafindan-baqip-ciqildi\/","title":{"rendered":"B\u00fcy\u00fck Cuma Cami leyhas\u0131n\u0131\u00f1 eskizleri cemaat taraf\u0131ndan baq\u0131p \u00e7\u0131q\u0131ld\u0131"},"content":{"rendered":"\n<p>Cuma camini\u00f1 e\u00f1 yah\u015f\u0131 leyhas\u0131 i\u00e7\u00fcn evel il\u00e2n olun\u011fan yar\u0131\u015f \u00e7er\u00e7ivesinde&nbsp; t\u00fc\u015fken&nbsp; 14 leyha eskizleri \u0130. Franko&nbsp; ad\u0131na Q\u0131r\u0131m Cumhuriyet universal kitaphanesini\u00f1 salon\u0131nda bir afta devam\u0131nda cemaat\u00e7\u0131l\u0131qn\u0131\u00f1 diqqat\u0131na avale etilgen edi. 2011 senesi sent\u00e2br 19 k\u00fcn\u00fc sergi m\u00fcddeti so\u00f1una yetkende B\u00fcy\u00fck Cuma cami quruc\u0131l\u0131\u011f\u0131 boyunca Nezaret ke\u00f1e\u015fini\u00f1 nevbetteki topla\u015fuv\u0131 ol\u0131p ke\u00e7ti.&nbsp; Topla\u015fuvn\u0131 Ke\u00f1e\u015fni\u00f1 e\u015f reisleri Q\u0131r\u0131mtatar halq\u0131 Meclisini\u00f1 reisi Mustafa Cemilev&nbsp; ve Q\u0131r\u0131m musulmanlar\u0131n\u0131\u00f1 m\u00fcftisi haci Emirali Ablayev al\u0131p bard\u0131lar.<\/p>\n\n\n\n<p>Nezaret ke\u00f1e\u015fini\u00f1 azalar\u0131 sergini ziyaret etken insanlar toldur\u011fan anketalar\u0131n\u0131\u00f1 neticelerini muzakere ettiler.\u00a0 Ke\u00f1e\u015f azas\u0131 Refat \u00c7ubarovn\u0131\u00f1 haber bergenine k\u00f6re, soravda i\u015ftirak etken semetde\u015flerimizni\u00f1 ekseriyeti Cuma Camini ananeviy q\u0131r\u0131mtatar mimariy \u00fcsl\u00fcpleri boyunca qurulmas\u0131n\u0131 k\u00f6zde tutqan eskizlerni se\u00e7ip ald\u0131lar. Eskizlerge q\u0131ymet kesken semetde\u015flerimiz\u00a0\u00a0<strong>\u2116 7,\u00a0 \u2116 4\u00a0 ve\u00a0 \u2116 2<\/strong>\u00a0\u00a0 kibi belgilengen eskizlerge \u00e7oq\u00e7a rey bergenler.<\/p>\n\n\n\n<figure class=\"wp-block-image size-full\"><img loading=\"lazy\" decoding=\"async\" width=\"650\" height=\"401\" src=\"http:\/\/qtmm.org\/wp-content\/uploads\/2022\/01\/4_2-1.jpeg\" alt=\"\" class=\"wp-image-26055\" srcset=\"https:\/\/qtmm.org\/wp-content\/uploads\/2022\/01\/4_2-1.jpeg 650w, https:\/\/qtmm.org\/wp-content\/uploads\/2022\/01\/4_2-1-300x185.jpeg 300w\" sizes=\"auto, (max-width: 650px) 100vw, 650px\" \/><\/figure>\n\n\n\n<figure class=\"wp-block-image size-full\"><img loading=\"lazy\" decoding=\"async\" width=\"650\" height=\"308\" src=\"http:\/\/qtmm.org\/wp-content\/uploads\/2022\/01\/2_9-1.jpeg\" alt=\"\" class=\"wp-image-26059\" srcset=\"https:\/\/qtmm.org\/wp-content\/uploads\/2022\/01\/2_9-1.jpeg 650w, https:\/\/qtmm.org\/wp-content\/uploads\/2022\/01\/2_9-1-300x142.jpeg 300w\" sizes=\"auto, (max-width: 650px) 100vw, 650px\" \/><\/figure>\n\n\n\n<p>Anketalarn\u0131 tolduruv vastas\u0131nen ke\u00e7irilgen cemaat\u00e7\u0131l\u0131q sorav\u0131n\u0131\u00f1 neticelerinen tan\u0131\u015f ol\u011fan ke\u00f1e\u015f azalar\u0131 kene sergi salon\u0131na ke\u00e7ip anda taqdim etilgen&nbsp; 14 eskizni\u00f1 er birini tafsil\u00e2tl\u0131ca muzakere ettiler.<\/p>\n\n\n\n<p>Ke\u00f1e\u015f azalar\u0131\u00a0 muzakere neticelerine k\u00f6re eki k\u00fcn i\u00e7inde er bir leyha boyunca\u00a0 \u00f6z fikirlerini yazma \u015fekilde bildirmek qarar\u0131na keldiler.\u00a0 Nezaret ke\u00f1e\u015fi erk\u00e2n\u0131n\u0131\u00f1 cemi azalar\u0131 ile birlikte\u00a0 sent\u00e2br 22-de toplanmaq ve ol\u0131p ke\u00e7ken yar\u0131\u015f neticeleri boyunca qarar almaqn\u0131 a\u00f1la\u015ft\u0131lar. Munaqa\u015fa keti\u015fat\u0131 \u015fun\u0131 k\u00f6sterdi ki, yar\u0131\u015fn\u0131\u00f1 ekinci basq\u0131\u00e7\u0131 il\u00e2n etilip, onda Nezaret ke\u00f1e\u015fini\u00f1 azalar\u0131 teklif etken leyhalarn\u0131\u00f1 m\u00fcellifleri i\u015ftirak eterler.\u00a0<\/p>\n\n\n\n<figure class=\"wp-block-image size-full\"><img loading=\"lazy\" decoding=\"async\" width=\"650\" height=\"324\" src=\"http:\/\/qtmm.org\/wp-content\/uploads\/2022\/01\/2011920064344-1.jpeg\" alt=\"\" class=\"wp-image-26063\" srcset=\"https:\/\/qtmm.org\/wp-content\/uploads\/2022\/01\/2011920064344-1.jpeg 650w, https:\/\/qtmm.org\/wp-content\/uploads\/2022\/01\/2011920064344-1-300x150.jpeg 300w\" sizes=\"auto, (max-width: 650px) 100vw, 650px\" \/><\/figure>\n","protected":false},"excerpt":{"rendered":"<p>Cuma camini\u00f1 e\u00f1 yah\u015f\u0131 leyhas\u0131 i\u00e7\u00fcn evel il\u00e2n olun\u011fan yar\u0131\u015f \u00e7er\u00e7ivesinde&nbsp; t\u00fc\u015fken&nbsp; 14 leyha eskizleri \u0130. Franko&nbsp; ad\u0131na Q\u0131r\u0131m Cumhuriyet universal kitaphanesini\u00f1 salon\u0131nda bir afta devam\u0131nda cemaat\u00e7\u0131l\u0131qn\u0131\u00f1 diqqat\u0131na avale etilgen edi. 2011 senesi sent\u00e2br 19 k\u00fcn\u00fc sergi m\u00fcddeti so\u00f1una yetkende B\u00fcy\u00fck Cuma cami quruc\u0131l\u0131\u011f\u0131 boyunca Nezaret ke\u00f1e\u015fini\u00f1 nevbetteki topla\u015fuv\u0131 ol\u0131p ke\u00e7ti.&nbsp; Topla\u015fuvn\u0131 Ke\u00f1e\u015fni\u00f1 e\u015f reisleri [&hellip;]<\/p>\n","protected":false},"author":1,"featured_media":26051,"comment_status":"open","ping_status":"open","sticky":false,"template":"","format":"standard","meta":{"inline_featured_image":false,"footnotes":""},"categories":[265],"tags":[],"class_list":["post-26050","post","type-post","status-publish","format-standard","has-post-thumbnail","hentry","category-haberler"],"acf":[],"yoast_head":"<!-- This site is optimized with the Yoast SEO plugin v27.4 - https:\/\/yoast.com\/product\/yoast-seo-wordpress\/ -->\n<title>B\u00fcy\u00fck Cuma Cami leyhas\u0131n\u0131\u00f1 eskizleri cemaat taraf\u0131ndan baq\u0131p \u00e7\u0131q\u0131ld\u0131 - \u041c\u0435\u0434\u0436\u043b\u0456\u0441<\/title>\n<meta name=\"robots\" content=\"index, follow, max-snippet:-1, max-image-preview:large, max-video-preview:-1\" \/>\n<link rel=\"canonical\" href=\"https:\/\/qtmm.org\/qt\/buyuk-cuma-cami-leyhasinin-eskizleri-cemaat-tarafindan-baqip-ciqildi\/\" \/>\n<meta property=\"og:locale\" content=\"en_US\" \/>\n<meta property=\"og:type\" content=\"article\" \/>\n<meta property=\"og:title\" content=\"B\u00fcy\u00fck Cuma Cami leyhas\u0131n\u0131\u00f1 eskizleri cemaat taraf\u0131ndan baq\u0131p \u00e7\u0131q\u0131ld\u0131 - \u041c\u0435\u0434\u0436\u043b\u0456\u0441\" \/>\n<meta property=\"og:description\" content=\"Cuma camini\u00f1 e\u00f1 yah\u015f\u0131 leyhas\u0131 i\u00e7\u00fcn evel il\u00e2n olun\u011fan yar\u0131\u015f \u00e7er\u00e7ivesinde&nbsp; t\u00fc\u015fken&nbsp; 14 leyha eskizleri \u0130. Franko&nbsp; ad\u0131na Q\u0131r\u0131m Cumhuriyet universal kitaphanesini\u00f1 salon\u0131nda bir afta devam\u0131nda cemaat\u00e7\u0131l\u0131qn\u0131\u00f1 diqqat\u0131na avale etilgen edi. 2011 senesi sent\u00e2br 19 k\u00fcn\u00fc sergi m\u00fcddeti so\u00f1una yetkende B\u00fcy\u00fck Cuma cami quruc\u0131l\u0131\u011f\u0131 boyunca Nezaret ke\u00f1e\u015fini\u00f1 nevbetteki topla\u015fuv\u0131 ol\u0131p ke\u00e7ti.&nbsp; Topla\u015fuvn\u0131 Ke\u00f1e\u015fni\u00f1 e\u015f reisleri [&hellip;]\" \/>\n<meta property=\"og:url\" content=\"https:\/\/qtmm.org\/qt\/buyuk-cuma-cami-leyhasinin-eskizleri-cemaat-tarafindan-baqip-ciqildi\/\" \/>\n<meta property=\"og:site_name\" content=\"\u041c\u0435\u0434\u0436\u043b\u0456\u0441\" \/>\n<meta property=\"article:publisher\" content=\"https:\/\/www.facebook.com\/qtmm.info\/\" \/>\n<meta property=\"article:published_time\" content=\"2011-09-20T12:59:00+00:00\" \/>\n<meta property=\"article:modified_time\" content=\"2022-01-19T13:01:56+00:00\" \/>\n<meta property=\"og:image\" content=\"https:\/\/qtmm.org\/wp-content\/uploads\/2022\/01\/7-1.jpeg\" \/>\n\t<meta property=\"og:image:width\" content=\"650\" \/>\n\t<meta property=\"og:image:height\" content=\"379\" \/>\n\t<meta property=\"og:image:type\" content=\"image\/jpeg\" \/>\n<meta name=\"author\" content=\"Developer\" \/>\n<meta name=\"twitter:card\" content=\"summary_large_image\" \/>\n<meta name=\"twitter:label1\" content=\"Written by\" \/>\n\t<meta name=\"twitter:data1\" content=\"Developer\" \/>\n\t<meta name=\"twitter:label2\" content=\"Est. reading time\" \/>\n\t<meta name=\"twitter:data2\" content=\"1 minute\" \/>\n<script type=\"application\/ld+json\" class=\"yoast-schema-graph\">{\"@context\":\"https:\\\/\\\/schema.org\",\"@graph\":[{\"@type\":\"Article\",\"@id\":\"https:\\\/\\\/qtmm.org\\\/qt\\\/buyuk-cuma-cami-leyhasinin-eskizleri-cemaat-tarafindan-baqip-ciqildi\\\/#article\",\"isPartOf\":{\"@id\":\"https:\\\/\\\/qtmm.org\\\/qt\\\/buyuk-cuma-cami-leyhasinin-eskizleri-cemaat-tarafindan-baqip-ciqildi\\\/\"},\"author\":{\"name\":\"Developer\",\"@id\":\"https:\\\/\\\/qtmm.org\\\/qt\\\/#\\\/schema\\\/person\\\/de562469f971dec226ac06e60bbf74a7\"},\"headline\":\"B\u00fcy\u00fck Cuma Cami leyhas\u0131n\u0131\u00f1 eskizleri cemaat taraf\u0131ndan baq\u0131p \u00e7\u0131q\u0131ld\u0131\",\"datePublished\":\"2011-09-20T12:59:00+00:00\",\"dateModified\":\"2022-01-19T13:01:56+00:00\",\"mainEntityOfPage\":{\"@id\":\"https:\\\/\\\/qtmm.org\\\/qt\\\/buyuk-cuma-cami-leyhasinin-eskizleri-cemaat-tarafindan-baqip-ciqildi\\\/\"},\"wordCount\":306,\"commentCount\":0,\"publisher\":{\"@id\":\"https:\\\/\\\/qtmm.org\\\/qt\\\/#organization\"},\"image\":{\"@id\":\"https:\\\/\\\/qtmm.org\\\/qt\\\/buyuk-cuma-cami-leyhasinin-eskizleri-cemaat-tarafindan-baqip-ciqildi\\\/#primaryimage\"},\"thumbnailUrl\":\"https:\\\/\\\/qtmm.org\\\/wp-content\\\/uploads\\\/2022\\\/01\\\/7-1.jpeg\",\"articleSection\":[\"Haberler\"],\"inLanguage\":\"qt\",\"potentialAction\":[{\"@type\":\"CommentAction\",\"name\":\"Comment\",\"target\":[\"https:\\\/\\\/qtmm.org\\\/qt\\\/buyuk-cuma-cami-leyhasinin-eskizleri-cemaat-tarafindan-baqip-ciqildi\\\/#respond\"]}]},{\"@type\":\"WebPage\",\"@id\":\"https:\\\/\\\/qtmm.org\\\/qt\\\/buyuk-cuma-cami-leyhasinin-eskizleri-cemaat-tarafindan-baqip-ciqildi\\\/\",\"url\":\"https:\\\/\\\/qtmm.org\\\/qt\\\/buyuk-cuma-cami-leyhasinin-eskizleri-cemaat-tarafindan-baqip-ciqildi\\\/\",\"name\":\"B\u00fcy\u00fck Cuma Cami leyhas\u0131n\u0131\u00f1 eskizleri cemaat taraf\u0131ndan baq\u0131p \u00e7\u0131q\u0131ld\u0131 - \u041c\u0435\u0434\u0436\u043b\u0456\u0441\",\"isPartOf\":{\"@id\":\"https:\\\/\\\/qtmm.org\\\/qt\\\/#website\"},\"primaryImageOfPage\":{\"@id\":\"https:\\\/\\\/qtmm.org\\\/qt\\\/buyuk-cuma-cami-leyhasinin-eskizleri-cemaat-tarafindan-baqip-ciqildi\\\/#primaryimage\"},\"image\":{\"@id\":\"https:\\\/\\\/qtmm.org\\\/qt\\\/buyuk-cuma-cami-leyhasinin-eskizleri-cemaat-tarafindan-baqip-ciqildi\\\/#primaryimage\"},\"thumbnailUrl\":\"https:\\\/\\\/qtmm.org\\\/wp-content\\\/uploads\\\/2022\\\/01\\\/7-1.jpeg\",\"datePublished\":\"2011-09-20T12:59:00+00:00\",\"dateModified\":\"2022-01-19T13:01:56+00:00\",\"breadcrumb\":{\"@id\":\"https:\\\/\\\/qtmm.org\\\/qt\\\/buyuk-cuma-cami-leyhasinin-eskizleri-cemaat-tarafindan-baqip-ciqildi\\\/#breadcrumb\"},\"inLanguage\":\"qt\",\"potentialAction\":[{\"@type\":\"ReadAction\",\"target\":[\"https:\\\/\\\/qtmm.org\\\/qt\\\/buyuk-cuma-cami-leyhasinin-eskizleri-cemaat-tarafindan-baqip-ciqildi\\\/\"]}]},{\"@type\":\"ImageObject\",\"inLanguage\":\"qt\",\"@id\":\"https:\\\/\\\/qtmm.org\\\/qt\\\/buyuk-cuma-cami-leyhasinin-eskizleri-cemaat-tarafindan-baqip-ciqildi\\\/#primaryimage\",\"url\":\"https:\\\/\\\/qtmm.org\\\/wp-content\\\/uploads\\\/2022\\\/01\\\/7-1.jpeg\",\"contentUrl\":\"https:\\\/\\\/qtmm.org\\\/wp-content\\\/uploads\\\/2022\\\/01\\\/7-1.jpeg\",\"width\":650,\"height\":379},{\"@type\":\"BreadcrumbList\",\"@id\":\"https:\\\/\\\/qtmm.org\\\/qt\\\/buyuk-cuma-cami-leyhasinin-eskizleri-cemaat-tarafindan-baqip-ciqildi\\\/#breadcrumb\",\"itemListElement\":[{\"@type\":\"ListItem\",\"position\":1,\"name\":\"\u0413\u043e\u043b\u043e\u0432\u043d\u0430\",\"item\":\"https:\\\/\\\/qtmm.org\\\/qt\\\/\"},{\"@type\":\"ListItem\",\"position\":2,\"name\":\"B\u00fcy\u00fck Cuma Cami leyhas\u0131n\u0131\u00f1 eskizleri cemaat taraf\u0131ndan baq\u0131p \u00e7\u0131q\u0131ld\u0131\"}]},{\"@type\":\"WebSite\",\"@id\":\"https:\\\/\\\/qtmm.org\\\/qt\\\/#website\",\"url\":\"https:\\\/\\\/qtmm.org\\\/qt\\\/\",\"name\":\"\u041c\u0435\u0434\u0436\u043b\u0456\u0441\",\"description\":\"\",\"publisher\":{\"@id\":\"https:\\\/\\\/qtmm.org\\\/qt\\\/#organization\"},\"potentialAction\":[{\"@type\":\"SearchAction\",\"target\":{\"@type\":\"EntryPoint\",\"urlTemplate\":\"https:\\\/\\\/qtmm.org\\\/qt\\\/?s={search_term_string}\"},\"query-input\":{\"@type\":\"PropertyValueSpecification\",\"valueRequired\":true,\"valueName\":\"search_term_string\"}}],\"inLanguage\":\"qt\"},{\"@type\":\"Organization\",\"@id\":\"https:\\\/\\\/qtmm.org\\\/qt\\\/#organization\",\"name\":\"\u041c\u0435\u0434\u0436\u043b\u0456\u0441\",\"url\":\"https:\\\/\\\/qtmm.org\\\/qt\\\/\",\"logo\":{\"@type\":\"ImageObject\",\"inLanguage\":\"qt\",\"@id\":\"https:\\\/\\\/qtmm.org\\\/qt\\\/#\\\/schema\\\/logo\\\/image\\\/\",\"url\":\"https:\\\/\\\/qtmm.org\\\/wp-content\\\/uploads\\\/2024\\\/12\\\/ua-mejlis-logo-rgb.svg\",\"contentUrl\":\"https:\\\/\\\/qtmm.org\\\/wp-content\\\/uploads\\\/2024\\\/12\\\/ua-mejlis-logo-rgb.svg\",\"caption\":\"\u041c\u0435\u0434\u0436\u043b\u0456\u0441\"},\"image\":{\"@id\":\"https:\\\/\\\/qtmm.org\\\/qt\\\/#\\\/schema\\\/logo\\\/image\\\/\"},\"sameAs\":[\"https:\\\/\\\/www.facebook.com\\\/qtmm.info\\\/\"]},{\"@type\":\"Person\",\"@id\":\"https:\\\/\\\/qtmm.org\\\/qt\\\/#\\\/schema\\\/person\\\/de562469f971dec226ac06e60bbf74a7\",\"name\":\"Developer\",\"image\":{\"@type\":\"ImageObject\",\"inLanguage\":\"qt\",\"@id\":\"https:\\\/\\\/secure.gravatar.com\\\/avatar\\\/392b4cc8fbfeb00b39dfeeab4ee6edded39ffd48e25858637e4765810300227e?s=96&d=mm&r=g\",\"url\":\"https:\\\/\\\/secure.gravatar.com\\\/avatar\\\/392b4cc8fbfeb00b39dfeeab4ee6edded39ffd48e25858637e4765810300227e?s=96&d=mm&r=g\",\"contentUrl\":\"https:\\\/\\\/secure.gravatar.com\\\/avatar\\\/392b4cc8fbfeb00b39dfeeab4ee6edded39ffd48e25858637e4765810300227e?s=96&d=mm&r=g\",\"caption\":\"Developer\"},\"url\":\"https:\\\/\\\/qtmm.org\\\/qt\\\/author\\\/Developer\\\/\"}]}<\/script>\n<!-- \/ Yoast SEO plugin. -->","yoast_head_json":{"title":"B\u00fcy\u00fck Cuma Cami leyhas\u0131n\u0131\u00f1 eskizleri cemaat taraf\u0131ndan baq\u0131p \u00e7\u0131q\u0131ld\u0131 - \u041c\u0435\u0434\u0436\u043b\u0456\u0441","robots":{"index":"index","follow":"follow","max-snippet":"max-snippet:-1","max-image-preview":"max-image-preview:large","max-video-preview":"max-video-preview:-1"},"canonical":"https:\/\/qtmm.org\/qt\/buyuk-cuma-cami-leyhasinin-eskizleri-cemaat-tarafindan-baqip-ciqildi\/","og_locale":"en_US","og_type":"article","og_title":"B\u00fcy\u00fck Cuma Cami leyhas\u0131n\u0131\u00f1 eskizleri cemaat taraf\u0131ndan baq\u0131p \u00e7\u0131q\u0131ld\u0131 - \u041c\u0435\u0434\u0436\u043b\u0456\u0441","og_description":"Cuma camini\u00f1 e\u00f1 yah\u015f\u0131 leyhas\u0131 i\u00e7\u00fcn evel il\u00e2n olun\u011fan yar\u0131\u015f \u00e7er\u00e7ivesinde&nbsp; t\u00fc\u015fken&nbsp; 14 leyha eskizleri \u0130. Franko&nbsp; ad\u0131na Q\u0131r\u0131m Cumhuriyet universal kitaphanesini\u00f1 salon\u0131nda bir afta devam\u0131nda cemaat\u00e7\u0131l\u0131qn\u0131\u00f1 diqqat\u0131na avale etilgen edi. 2011 senesi sent\u00e2br 19 k\u00fcn\u00fc sergi m\u00fcddeti so\u00f1una yetkende B\u00fcy\u00fck Cuma cami quruc\u0131l\u0131\u011f\u0131 boyunca Nezaret ke\u00f1e\u015fini\u00f1 nevbetteki topla\u015fuv\u0131 ol\u0131p ke\u00e7ti.&nbsp; Topla\u015fuvn\u0131 Ke\u00f1e\u015fni\u00f1 e\u015f reisleri [&hellip;]","og_url":"https:\/\/qtmm.org\/qt\/buyuk-cuma-cami-leyhasinin-eskizleri-cemaat-tarafindan-baqip-ciqildi\/","og_site_name":"\u041c\u0435\u0434\u0436\u043b\u0456\u0441","article_publisher":"https:\/\/www.facebook.com\/qtmm.info\/","article_published_time":"2011-09-20T12:59:00+00:00","article_modified_time":"2022-01-19T13:01:56+00:00","og_image":[{"width":650,"height":379,"url":"https:\/\/qtmm.org\/wp-content\/uploads\/2022\/01\/7-1.jpeg","type":"image\/jpeg"}],"author":"Developer","twitter_card":"summary_large_image","twitter_misc":{"Written by":"Developer","Est. reading time":"1 minute"},"schema":{"@context":"https:\/\/schema.org","@graph":[{"@type":"Article","@id":"https:\/\/qtmm.org\/qt\/buyuk-cuma-cami-leyhasinin-eskizleri-cemaat-tarafindan-baqip-ciqildi\/#article","isPartOf":{"@id":"https:\/\/qtmm.org\/qt\/buyuk-cuma-cami-leyhasinin-eskizleri-cemaat-tarafindan-baqip-ciqildi\/"},"author":{"name":"Developer","@id":"https:\/\/qtmm.org\/qt\/#\/schema\/person\/de562469f971dec226ac06e60bbf74a7"},"headline":"B\u00fcy\u00fck Cuma Cami leyhas\u0131n\u0131\u00f1 eskizleri cemaat taraf\u0131ndan baq\u0131p \u00e7\u0131q\u0131ld\u0131","datePublished":"2011-09-20T12:59:00+00:00","dateModified":"2022-01-19T13:01:56+00:00","mainEntityOfPage":{"@id":"https:\/\/qtmm.org\/qt\/buyuk-cuma-cami-leyhasinin-eskizleri-cemaat-tarafindan-baqip-ciqildi\/"},"wordCount":306,"commentCount":0,"publisher":{"@id":"https:\/\/qtmm.org\/qt\/#organization"},"image":{"@id":"https:\/\/qtmm.org\/qt\/buyuk-cuma-cami-leyhasinin-eskizleri-cemaat-tarafindan-baqip-ciqildi\/#primaryimage"},"thumbnailUrl":"https:\/\/qtmm.org\/wp-content\/uploads\/2022\/01\/7-1.jpeg","articleSection":["Haberler"],"inLanguage":"qt","potentialAction":[{"@type":"CommentAction","name":"Comment","target":["https:\/\/qtmm.org\/qt\/buyuk-cuma-cami-leyhasinin-eskizleri-cemaat-tarafindan-baqip-ciqildi\/#respond"]}]},{"@type":"WebPage","@id":"https:\/\/qtmm.org\/qt\/buyuk-cuma-cami-leyhasinin-eskizleri-cemaat-tarafindan-baqip-ciqildi\/","url":"https:\/\/qtmm.org\/qt\/buyuk-cuma-cami-leyhasinin-eskizleri-cemaat-tarafindan-baqip-ciqildi\/","name":"B\u00fcy\u00fck Cuma Cami leyhas\u0131n\u0131\u00f1 eskizleri cemaat taraf\u0131ndan baq\u0131p \u00e7\u0131q\u0131ld\u0131 - \u041c\u0435\u0434\u0436\u043b\u0456\u0441","isPartOf":{"@id":"https:\/\/qtmm.org\/qt\/#website"},"primaryImageOfPage":{"@id":"https:\/\/qtmm.org\/qt\/buyuk-cuma-cami-leyhasinin-eskizleri-cemaat-tarafindan-baqip-ciqildi\/#primaryimage"},"image":{"@id":"https:\/\/qtmm.org\/qt\/buyuk-cuma-cami-leyhasinin-eskizleri-cemaat-tarafindan-baqip-ciqildi\/#primaryimage"},"thumbnailUrl":"https:\/\/qtmm.org\/wp-content\/uploads\/2022\/01\/7-1.jpeg","datePublished":"2011-09-20T12:59:00+00:00","dateModified":"2022-01-19T13:01:56+00:00","breadcrumb":{"@id":"https:\/\/qtmm.org\/qt\/buyuk-cuma-cami-leyhasinin-eskizleri-cemaat-tarafindan-baqip-ciqildi\/#breadcrumb"},"inLanguage":"qt","potentialAction":[{"@type":"ReadAction","target":["https:\/\/qtmm.org\/qt\/buyuk-cuma-cami-leyhasinin-eskizleri-cemaat-tarafindan-baqip-ciqildi\/"]}]},{"@type":"ImageObject","inLanguage":"qt","@id":"https:\/\/qtmm.org\/qt\/buyuk-cuma-cami-leyhasinin-eskizleri-cemaat-tarafindan-baqip-ciqildi\/#primaryimage","url":"https:\/\/qtmm.org\/wp-content\/uploads\/2022\/01\/7-1.jpeg","contentUrl":"https:\/\/qtmm.org\/wp-content\/uploads\/2022\/01\/7-1.jpeg","width":650,"height":379},{"@type":"BreadcrumbList","@id":"https:\/\/qtmm.org\/qt\/buyuk-cuma-cami-leyhasinin-eskizleri-cemaat-tarafindan-baqip-ciqildi\/#breadcrumb","itemListElement":[{"@type":"ListItem","position":1,"name":"\u0413\u043e\u043b\u043e\u0432\u043d\u0430","item":"https:\/\/qtmm.org\/qt\/"},{"@type":"ListItem","position":2,"name":"B\u00fcy\u00fck Cuma Cami leyhas\u0131n\u0131\u00f1 eskizleri cemaat taraf\u0131ndan baq\u0131p \u00e7\u0131q\u0131ld\u0131"}]},{"@type":"WebSite","@id":"https:\/\/qtmm.org\/qt\/#website","url":"https:\/\/qtmm.org\/qt\/","name":"\u041c\u0435\u0434\u0436\u043b\u0456\u0441","description":"","publisher":{"@id":"https:\/\/qtmm.org\/qt\/#organization"},"potentialAction":[{"@type":"SearchAction","target":{"@type":"EntryPoint","urlTemplate":"https:\/\/qtmm.org\/qt\/?s={search_term_string}"},"query-input":{"@type":"PropertyValueSpecification","valueRequired":true,"valueName":"search_term_string"}}],"inLanguage":"qt"},{"@type":"Organization","@id":"https:\/\/qtmm.org\/qt\/#organization","name":"\u041c\u0435\u0434\u0436\u043b\u0456\u0441","url":"https:\/\/qtmm.org\/qt\/","logo":{"@type":"ImageObject","inLanguage":"qt","@id":"https:\/\/qtmm.org\/qt\/#\/schema\/logo\/image\/","url":"https:\/\/qtmm.org\/wp-content\/uploads\/2024\/12\/ua-mejlis-logo-rgb.svg","contentUrl":"https:\/\/qtmm.org\/wp-content\/uploads\/2024\/12\/ua-mejlis-logo-rgb.svg","caption":"\u041c\u0435\u0434\u0436\u043b\u0456\u0441"},"image":{"@id":"https:\/\/qtmm.org\/qt\/#\/schema\/logo\/image\/"},"sameAs":["https:\/\/www.facebook.com\/qtmm.info\/"]},{"@type":"Person","@id":"https:\/\/qtmm.org\/qt\/#\/schema\/person\/de562469f971dec226ac06e60bbf74a7","name":"Developer","image":{"@type":"ImageObject","inLanguage":"qt","@id":"https:\/\/secure.gravatar.com\/avatar\/392b4cc8fbfeb00b39dfeeab4ee6edded39ffd48e25858637e4765810300227e?s=96&d=mm&r=g","url":"https:\/\/secure.gravatar.com\/avatar\/392b4cc8fbfeb00b39dfeeab4ee6edded39ffd48e25858637e4765810300227e?s=96&d=mm&r=g","contentUrl":"https:\/\/secure.gravatar.com\/avatar\/392b4cc8fbfeb00b39dfeeab4ee6edded39ffd48e25858637e4765810300227e?s=96&d=mm&r=g","caption":"Developer"},"url":"https:\/\/qtmm.org\/qt\/author\/Developer\/"}]}},"_links":{"self":[{"href":"https:\/\/qtmm.org\/qt\/wp-json\/wp\/v2\/posts\/26050","targetHints":{"allow":["GET"]}}],"collection":[{"href":"https:\/\/qtmm.org\/qt\/wp-json\/wp\/v2\/posts"}],"about":[{"href":"https:\/\/qtmm.org\/qt\/wp-json\/wp\/v2\/types\/post"}],"author":[{"embeddable":true,"href":"https:\/\/qtmm.org\/qt\/wp-json\/wp\/v2\/users\/1"}],"replies":[{"embeddable":true,"href":"https:\/\/qtmm.org\/qt\/wp-json\/wp\/v2\/comments?post=26050"}],"version-history":[{"count":1,"href":"https:\/\/qtmm.org\/qt\/wp-json\/wp\/v2\/posts\/26050\/revisions"}],"predecessor-version":[{"id":26067,"href":"https:\/\/qtmm.org\/qt\/wp-json\/wp\/v2\/posts\/26050\/revisions\/26067"}],"wp:featuredmedia":[{"embeddable":true,"href":"https:\/\/qtmm.org\/qt\/wp-json\/wp\/v2\/media\/26051"}],"wp:attachment":[{"href":"https:\/\/qtmm.org\/qt\/wp-json\/wp\/v2\/media?parent=26050"}],"wp:term":[{"taxonomy":"category","embeddable":true,"href":"https:\/\/qtmm.org\/qt\/wp-json\/wp\/v2\/categories?post=26050"},{"taxonomy":"post_tag","embeddable":true,"href":"https:\/\/qtmm.org\/qt\/wp-json\/wp\/v2\/tags?post=26050"}],"curies":[{"name":"wp","href":"https:\/\/api.w.org\/{rel}","templated":true}]}}