




{"id":26036,"date":"2011-09-17T15:58:00","date_gmt":"2011-09-17T12:58:00","guid":{"rendered":"http:\/\/qtmm.org\/?p=26036"},"modified":"2022-01-19T15:59:48","modified_gmt":"2022-01-19T12:59:48","slug":"meclis-reisi-mustafa-cemilev-isvec-qiralligi-tisqi-isler-naziri-karl-bildt-ile-korusti","status":"publish","type":"post","link":"https:\/\/qtmm.org\/qt\/meclis-reisi-mustafa-cemilev-isvec-qiralligi-tisqi-isler-naziri-karl-bildt-ile-korusti\/","title":{"rendered":"Meclis reisi Mustafa Cemilev \u0130sve\u00e7 Q\u0131rall\u0131\u011f\u0131 T\u0131\u015fq\u0131 i\u015fler naziri Karl Bildt ile k\u00f6r\u00fc\u015fti"},"content":{"rendered":"\n<p>2011 senesi sent\u00e2br 17-de Aqmescitte ol\u0131p ke\u00e7ken k\u00f6r\u00fc\u015f\u00fcvde bun\u0131\u00f1 kibi de Ukrainada \u0130sve\u00e7 Q\u0131rall\u0131\u011f\u0131n\u0131\u00f1 Toluvek\u00e2letli ve Vefqulade El\u00e7isi Stefan Gullgren ve B\u00fct\u00fcnd\u00fcnya q\u0131r\u0131mtatarlar kongressini\u00f1 Prezidenti, Meclis reisini\u00f1 birinci muavini Refat \u00c7ubarov i\u015ftirak ettiler.<\/p>\n\n\n\n<p>Q\u0131r\u0131mtatar halq\u0131 Meclisini\u00f1 reisi Mustafa Cemilevni sel\u00e2mla\u011fan , \u0130sve\u00e7 Q\u0131rall\u0131\u011f\u0131 T\u0131\u015fq\u0131 i\u015fler naziri Karl Bildt \u015fun\u0131 qayd etti ki, Yaltada ke\u00e7irilgen Avropa strategiyas\u0131n\u0131\u00f1 8-nci forum\u0131nda i\u015ftirakini planla\u015ft\u0131r\u0131r eken, yard\u0131mc\u0131lar\u0131na Meclis reberlerinen k\u00f6r\u00fc\u015f\u00fcvni te\u015fkil\u00e2tland\u0131rmalar\u0131n\u0131 avale etti. &#8220;K\u00f6r\u00fc\u015fmekten maqsad Q\u0131r\u0131mda ve umumen q\u0131r\u0131mtatar halq\u0131n\u0131\u00f1 \u00f6m\u00fcrinde y\u00fcz bergen so\u00f1ki adiselernen tan\u0131\u015f olmaqt\u0131r&#8221;.<\/p>\n\n\n\n<p>Meclis reisi Mustafa Cemilev Q\u0131r\u0131mda ve Ukrainada q\u0131r\u0131mtatar halq\u0131n\u0131\u00f1 meselesini \u00e7ez\u00fcv saas\u0131nda siyasiy-i\u00e7timaiy vaqialarn\u0131 talil etip, \u0130sve\u00e7 nazirini\u00f1 ricas\u0131na k\u00f6re 2010 senesi okt\u00e2br ay\u0131nda Q\u0131r\u0131mda yerli \u015furalar\u011fa ol\u011fan saylavlarda ve Q\u0131r\u0131mtatar halq\u0131 Meclisini\u00f1 merkeziy ve Q\u0131r\u0131m \u00fck\u00fcmetinen munasebetlerini\u00f1 hususiyetlerinde tafsil\u00e2tl\u0131ca toqtald\u0131.<\/p>\n\n\n\n<figure class=\"wp-block-image size-full\"><img loading=\"lazy\" decoding=\"async\" width=\"650\" height=\"385\" src=\"http:\/\/qtmm.org\/wp-content\/uploads\/2022\/01\/img_0031-1.jpeg\" alt=\"\" class=\"wp-image-26041\" srcset=\"https:\/\/qtmm.org\/wp-content\/uploads\/2022\/01\/img_0031-1.jpeg 650w, https:\/\/qtmm.org\/wp-content\/uploads\/2022\/01\/img_0031-1-300x178.jpeg 300w\" sizes=\"auto, (max-width: 650px) 100vw, 650px\" \/><\/figure>\n\n\n\n<p>Ukraina saylav qanunlar\u0131n\u0131\u00f1 hususiyetlerini muzakere et\u00fcv devam\u0131nda \u0130sve\u00e7 Q\u0131rall\u0131\u011f\u0131 T\u0131\u015fq\u0131 i\u015fler naziri Karl Bildt diqqatn\u0131 q\u0131r\u0131mtatarlarn\u0131\u00f1 devlet parlamentinde ve yerli \u00fck\u00fcmet organlar\u0131nda vek\u00e2letligini teminlegen mahsus uquqiy mehanizmlerni\u00f1 yoqlu\u011f\u0131na celp etti.<\/p>\n\n\n\n<p>Cenap Bildtni\u00f1 fikrince &#8220;Kiyev q\u0131r\u0131mtatarlarn\u0131\u00f1 sesini e\u015fitmek kerek&#8221;. Demek, Ukraina milliy azl\u0131qlar vekillerini\u00f1 amelde akimiyet organlar\u0131na saylanuv imk\u00e2n\u0131n\u0131 s\u0131\u00f1\u0131rla\u011fan qar\u0131\u015f\u0131q saylav sistemas\u0131n\u0131 \u011fayr\u0131dan baqmal\u0131.<\/p>\n\n\n\n<p>Mustafa Cemilev ve Karl Bildt Q\u0131r\u0131mtatar halq\u0131n\u0131\u00f1 \u00f6z Vatan\u0131nda aq-uquqlar\u0131n\u0131 \u011fayr\u0131dan tiklev, on\u0131\u00f1 Ukrainrada tel\u00fckesizligini teminlev meselesi boyunca halqara forum\u011fa az\u0131rl\u0131q keti\u015fat\u0131n\u0131 muzakere ettiler Subetke qo\u015ful\u011fan Ukrainada \u0130sve\u00e7 Q\u0131rall\u0131\u011f\u0131n\u0131\u00f1 Toluvek\u00e2letli ve Vefqulade El\u00e7isi Stefan Gullgren 2011 senesi okt\u00e2br 5 k\u00fcn\u00fc Q\u0131r\u0131mtatar halq\u0131 Meclisini\u00f1 Ukrainada faaliyet k\u00f6stergen halqara te\u015fkil\u00e2tlar ve el\u00e7iliklerni\u00f1 reberlerinen olacaq k\u00f6r\u00fc\u015f\u00fcvge qat\u0131l\u0131p, Halqara forum k\u00f6ntseptsiyas\u0131n\u0131\u00f1 muzakeresinde i\u015ftirak etmek niyetini tasdiqlad\u0131.<\/p>\n\n\n\n<figure class=\"wp-block-image size-full\"><img loading=\"lazy\" decoding=\"async\" width=\"650\" height=\"441\" src=\"http:\/\/qtmm.org\/wp-content\/uploads\/2022\/01\/img_0033-1.jpeg\" alt=\"\" class=\"wp-image-26045\" srcset=\"https:\/\/qtmm.org\/wp-content\/uploads\/2022\/01\/img_0033-1.jpeg 650w, https:\/\/qtmm.org\/wp-content\/uploads\/2022\/01\/img_0033-1-300x204.jpeg 300w\" sizes=\"auto, (max-width: 650px) 100vw, 650px\" \/><\/figure>\n","protected":false},"excerpt":{"rendered":"<p>2011 senesi sent\u00e2br 17-de Aqmescitte ol\u0131p ke\u00e7ken k\u00f6r\u00fc\u015f\u00fcvde bun\u0131\u00f1 kibi de Ukrainada \u0130sve\u00e7 Q\u0131rall\u0131\u011f\u0131n\u0131\u00f1 Toluvek\u00e2letli ve Vefqulade El\u00e7isi Stefan Gullgren ve B\u00fct\u00fcnd\u00fcnya q\u0131r\u0131mtatarlar kongressini\u00f1 Prezidenti, Meclis reisini\u00f1 birinci muavini Refat \u00c7ubarov i\u015ftirak ettiler. Q\u0131r\u0131mtatar halq\u0131 Meclisini\u00f1 reisi Mustafa Cemilevni sel\u00e2mla\u011fan , \u0130sve\u00e7 Q\u0131rall\u0131\u011f\u0131 T\u0131\u015fq\u0131 i\u015fler naziri Karl Bildt \u015fun\u0131 qayd etti ki, Yaltada ke\u00e7irilgen Avropa [&hellip;]<\/p>\n","protected":false},"author":1,"featured_media":26037,"comment_status":"open","ping_status":"open","sticky":false,"template":"","format":"standard","meta":{"inline_featured_image":false,"footnotes":""},"categories":[265],"tags":[],"class_list":["post-26036","post","type-post","status-publish","format-standard","has-post-thumbnail","hentry","category-haberler"],"acf":[],"yoast_head":"<!-- This site is optimized with the Yoast SEO plugin v27.4 - https:\/\/yoast.com\/product\/yoast-seo-wordpress\/ -->\n<title>Meclis reisi Mustafa Cemilev \u0130sve\u00e7 Q\u0131rall\u0131\u011f\u0131 T\u0131\u015fq\u0131 i\u015fler naziri Karl Bildt ile k\u00f6r\u00fc\u015fti - \u041c\u0435\u0434\u0436\u043b\u0456\u0441<\/title>\n<meta name=\"robots\" content=\"index, follow, max-snippet:-1, max-image-preview:large, max-video-preview:-1\" \/>\n<link rel=\"canonical\" href=\"https:\/\/qtmm.org\/qt\/meclis-reisi-mustafa-cemilev-isvec-qiralligi-tisqi-isler-naziri-karl-bildt-ile-korusti\/\" \/>\n<meta property=\"og:locale\" content=\"en_US\" \/>\n<meta property=\"og:type\" content=\"article\" \/>\n<meta property=\"og:title\" content=\"Meclis reisi Mustafa Cemilev \u0130sve\u00e7 Q\u0131rall\u0131\u011f\u0131 T\u0131\u015fq\u0131 i\u015fler naziri Karl Bildt ile k\u00f6r\u00fc\u015fti - \u041c\u0435\u0434\u0436\u043b\u0456\u0441\" \/>\n<meta property=\"og:description\" content=\"2011 senesi sent\u00e2br 17-de Aqmescitte ol\u0131p ke\u00e7ken k\u00f6r\u00fc\u015f\u00fcvde bun\u0131\u00f1 kibi de Ukrainada \u0130sve\u00e7 Q\u0131rall\u0131\u011f\u0131n\u0131\u00f1 Toluvek\u00e2letli ve Vefqulade El\u00e7isi Stefan Gullgren ve B\u00fct\u00fcnd\u00fcnya q\u0131r\u0131mtatarlar kongressini\u00f1 Prezidenti, Meclis reisini\u00f1 birinci muavini Refat \u00c7ubarov i\u015ftirak ettiler. Q\u0131r\u0131mtatar halq\u0131 Meclisini\u00f1 reisi Mustafa Cemilevni sel\u00e2mla\u011fan , \u0130sve\u00e7 Q\u0131rall\u0131\u011f\u0131 T\u0131\u015fq\u0131 i\u015fler naziri Karl Bildt \u015fun\u0131 qayd etti ki, Yaltada ke\u00e7irilgen Avropa [&hellip;]\" \/>\n<meta property=\"og:url\" content=\"https:\/\/qtmm.org\/qt\/meclis-reisi-mustafa-cemilev-isvec-qiralligi-tisqi-isler-naziri-karl-bildt-ile-korusti\/\" \/>\n<meta property=\"og:site_name\" content=\"\u041c\u0435\u0434\u0436\u043b\u0456\u0441\" \/>\n<meta property=\"article:publisher\" content=\"https:\/\/www.facebook.com\/qtmm.info\/\" \/>\n<meta property=\"article:published_time\" content=\"2011-09-17T12:58:00+00:00\" \/>\n<meta property=\"article:modified_time\" content=\"2022-01-19T12:59:48+00:00\" \/>\n<meta property=\"og:image\" content=\"https:\/\/qtmm.org\/wp-content\/uploads\/2022\/01\/img_0029-1.jpeg\" \/>\n\t<meta property=\"og:image:width\" content=\"650\" \/>\n\t<meta property=\"og:image:height\" content=\"385\" \/>\n\t<meta property=\"og:image:type\" content=\"image\/jpeg\" \/>\n<meta name=\"author\" content=\"Developer\" \/>\n<meta name=\"twitter:card\" content=\"summary_large_image\" \/>\n<meta name=\"twitter:label1\" content=\"Written by\" \/>\n\t<meta name=\"twitter:data1\" content=\"Developer\" \/>\n\t<meta name=\"twitter:label2\" content=\"Est. reading time\" \/>\n\t<meta name=\"twitter:data2\" content=\"2 minutes\" \/>\n<script type=\"application\/ld+json\" class=\"yoast-schema-graph\">{\"@context\":\"https:\\\/\\\/schema.org\",\"@graph\":[{\"@type\":\"Article\",\"@id\":\"https:\\\/\\\/qtmm.org\\\/qt\\\/meclis-reisi-mustafa-cemilev-isvec-qiralligi-tisqi-isler-naziri-karl-bildt-ile-korusti\\\/#article\",\"isPartOf\":{\"@id\":\"https:\\\/\\\/qtmm.org\\\/qt\\\/meclis-reisi-mustafa-cemilev-isvec-qiralligi-tisqi-isler-naziri-karl-bildt-ile-korusti\\\/\"},\"author\":{\"name\":\"Developer\",\"@id\":\"https:\\\/\\\/qtmm.org\\\/qt\\\/#\\\/schema\\\/person\\\/de562469f971dec226ac06e60bbf74a7\"},\"headline\":\"Meclis reisi Mustafa Cemilev \u0130sve\u00e7 Q\u0131rall\u0131\u011f\u0131 T\u0131\u015fq\u0131 i\u015fler naziri Karl Bildt ile k\u00f6r\u00fc\u015fti\",\"datePublished\":\"2011-09-17T12:58:00+00:00\",\"dateModified\":\"2022-01-19T12:59:48+00:00\",\"mainEntityOfPage\":{\"@id\":\"https:\\\/\\\/qtmm.org\\\/qt\\\/meclis-reisi-mustafa-cemilev-isvec-qiralligi-tisqi-isler-naziri-karl-bildt-ile-korusti\\\/\"},\"wordCount\":381,\"commentCount\":0,\"publisher\":{\"@id\":\"https:\\\/\\\/qtmm.org\\\/qt\\\/#organization\"},\"image\":{\"@id\":\"https:\\\/\\\/qtmm.org\\\/qt\\\/meclis-reisi-mustafa-cemilev-isvec-qiralligi-tisqi-isler-naziri-karl-bildt-ile-korusti\\\/#primaryimage\"},\"thumbnailUrl\":\"https:\\\/\\\/qtmm.org\\\/wp-content\\\/uploads\\\/2022\\\/01\\\/img_0029-1.jpeg\",\"articleSection\":[\"Haberler\"],\"inLanguage\":\"qt\",\"potentialAction\":[{\"@type\":\"CommentAction\",\"name\":\"Comment\",\"target\":[\"https:\\\/\\\/qtmm.org\\\/qt\\\/meclis-reisi-mustafa-cemilev-isvec-qiralligi-tisqi-isler-naziri-karl-bildt-ile-korusti\\\/#respond\"]}]},{\"@type\":\"WebPage\",\"@id\":\"https:\\\/\\\/qtmm.org\\\/qt\\\/meclis-reisi-mustafa-cemilev-isvec-qiralligi-tisqi-isler-naziri-karl-bildt-ile-korusti\\\/\",\"url\":\"https:\\\/\\\/qtmm.org\\\/qt\\\/meclis-reisi-mustafa-cemilev-isvec-qiralligi-tisqi-isler-naziri-karl-bildt-ile-korusti\\\/\",\"name\":\"Meclis reisi Mustafa Cemilev \u0130sve\u00e7 Q\u0131rall\u0131\u011f\u0131 T\u0131\u015fq\u0131 i\u015fler naziri Karl Bildt ile k\u00f6r\u00fc\u015fti - \u041c\u0435\u0434\u0436\u043b\u0456\u0441\",\"isPartOf\":{\"@id\":\"https:\\\/\\\/qtmm.org\\\/qt\\\/#website\"},\"primaryImageOfPage\":{\"@id\":\"https:\\\/\\\/qtmm.org\\\/qt\\\/meclis-reisi-mustafa-cemilev-isvec-qiralligi-tisqi-isler-naziri-karl-bildt-ile-korusti\\\/#primaryimage\"},\"image\":{\"@id\":\"https:\\\/\\\/qtmm.org\\\/qt\\\/meclis-reisi-mustafa-cemilev-isvec-qiralligi-tisqi-isler-naziri-karl-bildt-ile-korusti\\\/#primaryimage\"},\"thumbnailUrl\":\"https:\\\/\\\/qtmm.org\\\/wp-content\\\/uploads\\\/2022\\\/01\\\/img_0029-1.jpeg\",\"datePublished\":\"2011-09-17T12:58:00+00:00\",\"dateModified\":\"2022-01-19T12:59:48+00:00\",\"breadcrumb\":{\"@id\":\"https:\\\/\\\/qtmm.org\\\/qt\\\/meclis-reisi-mustafa-cemilev-isvec-qiralligi-tisqi-isler-naziri-karl-bildt-ile-korusti\\\/#breadcrumb\"},\"inLanguage\":\"qt\",\"potentialAction\":[{\"@type\":\"ReadAction\",\"target\":[\"https:\\\/\\\/qtmm.org\\\/qt\\\/meclis-reisi-mustafa-cemilev-isvec-qiralligi-tisqi-isler-naziri-karl-bildt-ile-korusti\\\/\"]}]},{\"@type\":\"ImageObject\",\"inLanguage\":\"qt\",\"@id\":\"https:\\\/\\\/qtmm.org\\\/qt\\\/meclis-reisi-mustafa-cemilev-isvec-qiralligi-tisqi-isler-naziri-karl-bildt-ile-korusti\\\/#primaryimage\",\"url\":\"https:\\\/\\\/qtmm.org\\\/wp-content\\\/uploads\\\/2022\\\/01\\\/img_0029-1.jpeg\",\"contentUrl\":\"https:\\\/\\\/qtmm.org\\\/wp-content\\\/uploads\\\/2022\\\/01\\\/img_0029-1.jpeg\",\"width\":650,\"height\":385},{\"@type\":\"BreadcrumbList\",\"@id\":\"https:\\\/\\\/qtmm.org\\\/qt\\\/meclis-reisi-mustafa-cemilev-isvec-qiralligi-tisqi-isler-naziri-karl-bildt-ile-korusti\\\/#breadcrumb\",\"itemListElement\":[{\"@type\":\"ListItem\",\"position\":1,\"name\":\"\u0413\u043e\u043b\u043e\u0432\u043d\u0430\",\"item\":\"https:\\\/\\\/qtmm.org\\\/qt\\\/\"},{\"@type\":\"ListItem\",\"position\":2,\"name\":\"Meclis reisi Mustafa Cemilev \u0130sve\u00e7 Q\u0131rall\u0131\u011f\u0131 T\u0131\u015fq\u0131 i\u015fler naziri Karl Bildt ile k\u00f6r\u00fc\u015fti\"}]},{\"@type\":\"WebSite\",\"@id\":\"https:\\\/\\\/qtmm.org\\\/qt\\\/#website\",\"url\":\"https:\\\/\\\/qtmm.org\\\/qt\\\/\",\"name\":\"\u041c\u0435\u0434\u0436\u043b\u0456\u0441\",\"description\":\"\",\"publisher\":{\"@id\":\"https:\\\/\\\/qtmm.org\\\/qt\\\/#organization\"},\"potentialAction\":[{\"@type\":\"SearchAction\",\"target\":{\"@type\":\"EntryPoint\",\"urlTemplate\":\"https:\\\/\\\/qtmm.org\\\/qt\\\/?s={search_term_string}\"},\"query-input\":{\"@type\":\"PropertyValueSpecification\",\"valueRequired\":true,\"valueName\":\"search_term_string\"}}],\"inLanguage\":\"qt\"},{\"@type\":\"Organization\",\"@id\":\"https:\\\/\\\/qtmm.org\\\/qt\\\/#organization\",\"name\":\"\u041c\u0435\u0434\u0436\u043b\u0456\u0441\",\"url\":\"https:\\\/\\\/qtmm.org\\\/qt\\\/\",\"logo\":{\"@type\":\"ImageObject\",\"inLanguage\":\"qt\",\"@id\":\"https:\\\/\\\/qtmm.org\\\/qt\\\/#\\\/schema\\\/logo\\\/image\\\/\",\"url\":\"https:\\\/\\\/qtmm.org\\\/wp-content\\\/uploads\\\/2024\\\/12\\\/ua-mejlis-logo-rgb.svg\",\"contentUrl\":\"https:\\\/\\\/qtmm.org\\\/wp-content\\\/uploads\\\/2024\\\/12\\\/ua-mejlis-logo-rgb.svg\",\"caption\":\"\u041c\u0435\u0434\u0436\u043b\u0456\u0441\"},\"image\":{\"@id\":\"https:\\\/\\\/qtmm.org\\\/qt\\\/#\\\/schema\\\/logo\\\/image\\\/\"},\"sameAs\":[\"https:\\\/\\\/www.facebook.com\\\/qtmm.info\\\/\"]},{\"@type\":\"Person\",\"@id\":\"https:\\\/\\\/qtmm.org\\\/qt\\\/#\\\/schema\\\/person\\\/de562469f971dec226ac06e60bbf74a7\",\"name\":\"Developer\",\"image\":{\"@type\":\"ImageObject\",\"inLanguage\":\"qt\",\"@id\":\"https:\\\/\\\/secure.gravatar.com\\\/avatar\\\/392b4cc8fbfeb00b39dfeeab4ee6edded39ffd48e25858637e4765810300227e?s=96&d=mm&r=g\",\"url\":\"https:\\\/\\\/secure.gravatar.com\\\/avatar\\\/392b4cc8fbfeb00b39dfeeab4ee6edded39ffd48e25858637e4765810300227e?s=96&d=mm&r=g\",\"contentUrl\":\"https:\\\/\\\/secure.gravatar.com\\\/avatar\\\/392b4cc8fbfeb00b39dfeeab4ee6edded39ffd48e25858637e4765810300227e?s=96&d=mm&r=g\",\"caption\":\"Developer\"},\"url\":\"https:\\\/\\\/qtmm.org\\\/qt\\\/author\\\/Developer\\\/\"}]}<\/script>\n<!-- \/ Yoast SEO plugin. -->","yoast_head_json":{"title":"Meclis reisi Mustafa Cemilev \u0130sve\u00e7 Q\u0131rall\u0131\u011f\u0131 T\u0131\u015fq\u0131 i\u015fler naziri Karl Bildt ile k\u00f6r\u00fc\u015fti - \u041c\u0435\u0434\u0436\u043b\u0456\u0441","robots":{"index":"index","follow":"follow","max-snippet":"max-snippet:-1","max-image-preview":"max-image-preview:large","max-video-preview":"max-video-preview:-1"},"canonical":"https:\/\/qtmm.org\/qt\/meclis-reisi-mustafa-cemilev-isvec-qiralligi-tisqi-isler-naziri-karl-bildt-ile-korusti\/","og_locale":"en_US","og_type":"article","og_title":"Meclis reisi Mustafa Cemilev \u0130sve\u00e7 Q\u0131rall\u0131\u011f\u0131 T\u0131\u015fq\u0131 i\u015fler naziri Karl Bildt ile k\u00f6r\u00fc\u015fti - \u041c\u0435\u0434\u0436\u043b\u0456\u0441","og_description":"2011 senesi sent\u00e2br 17-de Aqmescitte ol\u0131p ke\u00e7ken k\u00f6r\u00fc\u015f\u00fcvde bun\u0131\u00f1 kibi de Ukrainada \u0130sve\u00e7 Q\u0131rall\u0131\u011f\u0131n\u0131\u00f1 Toluvek\u00e2letli ve Vefqulade El\u00e7isi Stefan Gullgren ve B\u00fct\u00fcnd\u00fcnya q\u0131r\u0131mtatarlar kongressini\u00f1 Prezidenti, Meclis reisini\u00f1 birinci muavini Refat \u00c7ubarov i\u015ftirak ettiler. Q\u0131r\u0131mtatar halq\u0131 Meclisini\u00f1 reisi Mustafa Cemilevni sel\u00e2mla\u011fan , \u0130sve\u00e7 Q\u0131rall\u0131\u011f\u0131 T\u0131\u015fq\u0131 i\u015fler naziri Karl Bildt \u015fun\u0131 qayd etti ki, Yaltada ke\u00e7irilgen Avropa [&hellip;]","og_url":"https:\/\/qtmm.org\/qt\/meclis-reisi-mustafa-cemilev-isvec-qiralligi-tisqi-isler-naziri-karl-bildt-ile-korusti\/","og_site_name":"\u041c\u0435\u0434\u0436\u043b\u0456\u0441","article_publisher":"https:\/\/www.facebook.com\/qtmm.info\/","article_published_time":"2011-09-17T12:58:00+00:00","article_modified_time":"2022-01-19T12:59:48+00:00","og_image":[{"width":650,"height":385,"url":"https:\/\/qtmm.org\/wp-content\/uploads\/2022\/01\/img_0029-1.jpeg","type":"image\/jpeg"}],"author":"Developer","twitter_card":"summary_large_image","twitter_misc":{"Written by":"Developer","Est. reading time":"2 minutes"},"schema":{"@context":"https:\/\/schema.org","@graph":[{"@type":"Article","@id":"https:\/\/qtmm.org\/qt\/meclis-reisi-mustafa-cemilev-isvec-qiralligi-tisqi-isler-naziri-karl-bildt-ile-korusti\/#article","isPartOf":{"@id":"https:\/\/qtmm.org\/qt\/meclis-reisi-mustafa-cemilev-isvec-qiralligi-tisqi-isler-naziri-karl-bildt-ile-korusti\/"},"author":{"name":"Developer","@id":"https:\/\/qtmm.org\/qt\/#\/schema\/person\/de562469f971dec226ac06e60bbf74a7"},"headline":"Meclis reisi Mustafa Cemilev \u0130sve\u00e7 Q\u0131rall\u0131\u011f\u0131 T\u0131\u015fq\u0131 i\u015fler naziri Karl Bildt ile k\u00f6r\u00fc\u015fti","datePublished":"2011-09-17T12:58:00+00:00","dateModified":"2022-01-19T12:59:48+00:00","mainEntityOfPage":{"@id":"https:\/\/qtmm.org\/qt\/meclis-reisi-mustafa-cemilev-isvec-qiralligi-tisqi-isler-naziri-karl-bildt-ile-korusti\/"},"wordCount":381,"commentCount":0,"publisher":{"@id":"https:\/\/qtmm.org\/qt\/#organization"},"image":{"@id":"https:\/\/qtmm.org\/qt\/meclis-reisi-mustafa-cemilev-isvec-qiralligi-tisqi-isler-naziri-karl-bildt-ile-korusti\/#primaryimage"},"thumbnailUrl":"https:\/\/qtmm.org\/wp-content\/uploads\/2022\/01\/img_0029-1.jpeg","articleSection":["Haberler"],"inLanguage":"qt","potentialAction":[{"@type":"CommentAction","name":"Comment","target":["https:\/\/qtmm.org\/qt\/meclis-reisi-mustafa-cemilev-isvec-qiralligi-tisqi-isler-naziri-karl-bildt-ile-korusti\/#respond"]}]},{"@type":"WebPage","@id":"https:\/\/qtmm.org\/qt\/meclis-reisi-mustafa-cemilev-isvec-qiralligi-tisqi-isler-naziri-karl-bildt-ile-korusti\/","url":"https:\/\/qtmm.org\/qt\/meclis-reisi-mustafa-cemilev-isvec-qiralligi-tisqi-isler-naziri-karl-bildt-ile-korusti\/","name":"Meclis reisi Mustafa Cemilev \u0130sve\u00e7 Q\u0131rall\u0131\u011f\u0131 T\u0131\u015fq\u0131 i\u015fler naziri Karl Bildt ile k\u00f6r\u00fc\u015fti - \u041c\u0435\u0434\u0436\u043b\u0456\u0441","isPartOf":{"@id":"https:\/\/qtmm.org\/qt\/#website"},"primaryImageOfPage":{"@id":"https:\/\/qtmm.org\/qt\/meclis-reisi-mustafa-cemilev-isvec-qiralligi-tisqi-isler-naziri-karl-bildt-ile-korusti\/#primaryimage"},"image":{"@id":"https:\/\/qtmm.org\/qt\/meclis-reisi-mustafa-cemilev-isvec-qiralligi-tisqi-isler-naziri-karl-bildt-ile-korusti\/#primaryimage"},"thumbnailUrl":"https:\/\/qtmm.org\/wp-content\/uploads\/2022\/01\/img_0029-1.jpeg","datePublished":"2011-09-17T12:58:00+00:00","dateModified":"2022-01-19T12:59:48+00:00","breadcrumb":{"@id":"https:\/\/qtmm.org\/qt\/meclis-reisi-mustafa-cemilev-isvec-qiralligi-tisqi-isler-naziri-karl-bildt-ile-korusti\/#breadcrumb"},"inLanguage":"qt","potentialAction":[{"@type":"ReadAction","target":["https:\/\/qtmm.org\/qt\/meclis-reisi-mustafa-cemilev-isvec-qiralligi-tisqi-isler-naziri-karl-bildt-ile-korusti\/"]}]},{"@type":"ImageObject","inLanguage":"qt","@id":"https:\/\/qtmm.org\/qt\/meclis-reisi-mustafa-cemilev-isvec-qiralligi-tisqi-isler-naziri-karl-bildt-ile-korusti\/#primaryimage","url":"https:\/\/qtmm.org\/wp-content\/uploads\/2022\/01\/img_0029-1.jpeg","contentUrl":"https:\/\/qtmm.org\/wp-content\/uploads\/2022\/01\/img_0029-1.jpeg","width":650,"height":385},{"@type":"BreadcrumbList","@id":"https:\/\/qtmm.org\/qt\/meclis-reisi-mustafa-cemilev-isvec-qiralligi-tisqi-isler-naziri-karl-bildt-ile-korusti\/#breadcrumb","itemListElement":[{"@type":"ListItem","position":1,"name":"\u0413\u043e\u043b\u043e\u0432\u043d\u0430","item":"https:\/\/qtmm.org\/qt\/"},{"@type":"ListItem","position":2,"name":"Meclis reisi Mustafa Cemilev \u0130sve\u00e7 Q\u0131rall\u0131\u011f\u0131 T\u0131\u015fq\u0131 i\u015fler naziri Karl Bildt ile k\u00f6r\u00fc\u015fti"}]},{"@type":"WebSite","@id":"https:\/\/qtmm.org\/qt\/#website","url":"https:\/\/qtmm.org\/qt\/","name":"\u041c\u0435\u0434\u0436\u043b\u0456\u0441","description":"","publisher":{"@id":"https:\/\/qtmm.org\/qt\/#organization"},"potentialAction":[{"@type":"SearchAction","target":{"@type":"EntryPoint","urlTemplate":"https:\/\/qtmm.org\/qt\/?s={search_term_string}"},"query-input":{"@type":"PropertyValueSpecification","valueRequired":true,"valueName":"search_term_string"}}],"inLanguage":"qt"},{"@type":"Organization","@id":"https:\/\/qtmm.org\/qt\/#organization","name":"\u041c\u0435\u0434\u0436\u043b\u0456\u0441","url":"https:\/\/qtmm.org\/qt\/","logo":{"@type":"ImageObject","inLanguage":"qt","@id":"https:\/\/qtmm.org\/qt\/#\/schema\/logo\/image\/","url":"https:\/\/qtmm.org\/wp-content\/uploads\/2024\/12\/ua-mejlis-logo-rgb.svg","contentUrl":"https:\/\/qtmm.org\/wp-content\/uploads\/2024\/12\/ua-mejlis-logo-rgb.svg","caption":"\u041c\u0435\u0434\u0436\u043b\u0456\u0441"},"image":{"@id":"https:\/\/qtmm.org\/qt\/#\/schema\/logo\/image\/"},"sameAs":["https:\/\/www.facebook.com\/qtmm.info\/"]},{"@type":"Person","@id":"https:\/\/qtmm.org\/qt\/#\/schema\/person\/de562469f971dec226ac06e60bbf74a7","name":"Developer","image":{"@type":"ImageObject","inLanguage":"qt","@id":"https:\/\/secure.gravatar.com\/avatar\/392b4cc8fbfeb00b39dfeeab4ee6edded39ffd48e25858637e4765810300227e?s=96&d=mm&r=g","url":"https:\/\/secure.gravatar.com\/avatar\/392b4cc8fbfeb00b39dfeeab4ee6edded39ffd48e25858637e4765810300227e?s=96&d=mm&r=g","contentUrl":"https:\/\/secure.gravatar.com\/avatar\/392b4cc8fbfeb00b39dfeeab4ee6edded39ffd48e25858637e4765810300227e?s=96&d=mm&r=g","caption":"Developer"},"url":"https:\/\/qtmm.org\/qt\/author\/Developer\/"}]}},"_links":{"self":[{"href":"https:\/\/qtmm.org\/qt\/wp-json\/wp\/v2\/posts\/26036","targetHints":{"allow":["GET"]}}],"collection":[{"href":"https:\/\/qtmm.org\/qt\/wp-json\/wp\/v2\/posts"}],"about":[{"href":"https:\/\/qtmm.org\/qt\/wp-json\/wp\/v2\/types\/post"}],"author":[{"embeddable":true,"href":"https:\/\/qtmm.org\/qt\/wp-json\/wp\/v2\/users\/1"}],"replies":[{"embeddable":true,"href":"https:\/\/qtmm.org\/qt\/wp-json\/wp\/v2\/comments?post=26036"}],"version-history":[{"count":1,"href":"https:\/\/qtmm.org\/qt\/wp-json\/wp\/v2\/posts\/26036\/revisions"}],"predecessor-version":[{"id":26049,"href":"https:\/\/qtmm.org\/qt\/wp-json\/wp\/v2\/posts\/26036\/revisions\/26049"}],"wp:featuredmedia":[{"embeddable":true,"href":"https:\/\/qtmm.org\/qt\/wp-json\/wp\/v2\/media\/26037"}],"wp:attachment":[{"href":"https:\/\/qtmm.org\/qt\/wp-json\/wp\/v2\/media?parent=26036"}],"wp:term":[{"taxonomy":"category","embeddable":true,"href":"https:\/\/qtmm.org\/qt\/wp-json\/wp\/v2\/categories?post=26036"},{"taxonomy":"post_tag","embeddable":true,"href":"https:\/\/qtmm.org\/qt\/wp-json\/wp\/v2\/tags?post=26036"}],"curies":[{"name":"wp","href":"https:\/\/api.w.org\/{rel}","templated":true}]}}