




{"id":26018,"date":"2011-09-17T15:55:00","date_gmt":"2011-09-17T12:55:00","guid":{"rendered":"http:\/\/qtmm.org\/?p=26018"},"modified":"2022-01-19T15:58:02","modified_gmt":"2022-01-19T12:58:02","slug":"mecliste-gurcistan-surgun-etilgen-grajdanlarnin-isleri-boyunca-nazirlik-vekillerinen-korusuv-oldi","status":"publish","type":"post","link":"https:\/\/qtmm.org\/qt\/mecliste-gurcistan-surgun-etilgen-grajdanlarnin-isleri-boyunca-nazirlik-vekillerinen-korusuv-oldi\/","title":{"rendered":"Mecliste G\u00fcrcistan S\u00fcrg\u00fcn etilgen grajdanlarn\u0131\u00f1 i\u015fleri boyunca nazirlik vekillerinen k\u00f6r\u00fc\u015f\u00fcv old\u0131"},"content":{"rendered":"\n<p>2011 senesi sent\u00e2br 17 kun. Meclis ofisinde Q\u0131r\u0131mtatar halq\u0131 Meclisini\u00f1&nbsp;Reisi Mustafa Cemilev \u0130\u015f\u011fal etilgen topraqlardan s\u00fcrg\u00fcn etilgen grajdanlar, qa\u00e7aqlarn\u0131\u00f1 i\u015fleri ve abadanla\u015ft\u0131ruv boyunca G\u00fcrcistan nazirligini\u00f1 vekillerinen k\u00f6r\u00fc\u015fti.<\/p>\n\n\n\n<p>G\u00fcrcistan delegatsiyas\u0131n\u0131\u00f1 erk\u00e2n\u0131na repatriatsiya meseleleri boyunca idareni\u00f1 ba\u015f\u0131 \u0130rakliy K\u00f6kayya, migratsiya meseleleri boyunca m\u00fctehass\u0131s Georgiy Ninua, migratsiya ve repatriatsiya meseleleri boyunca ekspert Konstantin Peradze kirdiler.<\/p>\n\n\n\n<p>K\u00f6r\u00fc\u015f\u00fcvde B\u00fct\u00fcnd\u00fcnya q\u0131r\u0131mtatarlar kongressini\u00f1 Prezidenti, Meclis reisini\u00f1 birinci muavini Refat \u00c7ubarov, bun\u0131\u00f1 kibi de t\u0131\u015fq\u0131 al\u00e2qalar b\u00f6l\u00fcgini\u00f1 ba\u015f\u0131 Ali Hamzin ve Meclis k\u00e2tibiyetini\u00f1 reberi Zair Smedl\u00e2yev de i\u015ftirak ettiler.<\/p>\n\n\n\n<figure class=\"wp-block-image size-full\"><img loading=\"lazy\" decoding=\"async\" width=\"650\" height=\"393\" src=\"http:\/\/qtmm.org\/wp-content\/uploads\/2022\/01\/3_5-1.jpeg\" alt=\"\" class=\"wp-image-26023\" srcset=\"https:\/\/qtmm.org\/wp-content\/uploads\/2022\/01\/3_5-1.jpeg 650w, https:\/\/qtmm.org\/wp-content\/uploads\/2022\/01\/3_5-1-300x181.jpeg 300w\" sizes=\"auto, (max-width: 650px) 100vw, 650px\" \/><\/figure>\n\n\n\n<p>K\u00f6r\u00fc\u015f\u00fcvni\u00f1 ba\u015f\u0131nda \u0130rakliy K\u00f6kayya 1944 senesi esasen Orta Asiya\u011fa s\u00fcrg\u00fcn etilgen mesheti t\u00fcrklerni G\u00fcrcistann\u0131\u00f1 &#8220;SSSR akimiyeti taraf\u0131ndan HH as\u0131rn\u0131\u00f1 40-nc\u0131 senelerinde G\u00fcrcistandan zoraki s\u00fcrg\u00fcn etilgen \u015fah\u0131slarn\u0131 qaytaruv aqq\u0131nda&#8221;ki Qanun\u0131na muvaf\u0131q qaytaruv ceryan\u0131 aqq\u0131nda ayt\u0131p, q\u0131r\u0131mtatar halq\u0131n\u0131 qaytaruv ve yerle\u015ftir\u00fcv meselelerinen o\u011fra\u015fqan Ukrainan\u0131\u00f1 bu saada b\u00fcy\u00fck tecribesi ol\u011fan\u0131n\u0131 qayd etti. Mesheti t\u00fcrklerni\u00f1 qaytar\u0131lmas\u0131n\u0131 amelge ke\u00e7irecek G\u00fcrcistan bu tecribeni talil eter ve qullan\u0131r.<\/p>\n\n\n\n<p>Meclis reisi Mustafa Cemilev G\u00fcrcistann\u0131\u00f1 mesheti t\u00fcrklerni qaytaruv ve yerle\u015ftir\u00fcv problemlerini \u00e7ez\u00fcvnen ba\u011fl\u0131 usullarn\u0131 ara\u015ft\u0131ruvdaki areketlerine y\u00fcksek q\u0131ymet kesti. SSSR da\u011f\u0131l\u011fan so\u00f1 q\u0131r\u0131mtatarlarn\u0131\u00f1 Ukraina\u011fa qaytuv saas\u0131nda topla\u011fan mal\u00fcmatnen payla\u015fma\u011fa az\u0131rl\u0131\u011f\u0131n\u0131 bildirip, eger g\u00fcrcilerge l\u00e2zim olsa Meclis mustaqil ekspert s\u0131fat\u0131nda konsultatsiyalar da bermesini i\u015fand\u0131rd\u0131.<\/p>\n\n\n\n<p>Meclis reisi g\u00fcrcistanl\u0131 musafirlerge muracaat eterek, q\u0131r\u0131mtatarlarn\u0131\u00f1 da mesheti t\u00fcrklerni\u00f1 kibi ba\u015fqa vatan\u0131 yoqt\u0131r, dedi. &#8220;\u015eun\u0131\u00f1 i\u00e7\u00fcn de terkiblerinde bu halqlarn\u0131\u00f1 tarihiy topraqlar\u0131 bulun\u011fan, HH as\u0131r s\u00fcrg\u00fcnligini ba\u015f\u0131ndan ke\u00e7irgen Ukraina ve G\u00fcrcistan, mezk\u00fcr problemlerni\u00f1 m\u00fcrekkepligini a\u00f1la\u011fanlar\u0131 alda olarn\u0131 m\u00fcim bir mesele olaraq qabul etmeleri kerek&#8221;, &#8211; qayd etti Mustafa Cemilev.<\/p>\n\n\n\n<p>B\u00fct\u00fcnd\u00fcnya q\u0131r\u0131mtatarlar kongressini\u00f1 Prezidenti Refat \u00c7ubarov sovetler imperiyas\u0131n\u0131\u00f1 kommunist rejiminden sab\u0131q SSSRni\u00f1 b\u00fct\u00fcn halqlar\u0131 eziyet \u00e7ektiler, \u015fu rejimni\u00f1 e\u00f1 de\u015fetli cinayetlerinden biri hallarn\u0131 s\u00fcrg\u00fcn et\u00fcv ol\u0131p, q\u0131r\u0131mtatar ve mesheti t\u00fcrklerge nisbeten yap\u0131l\u011fan aqs\u0131zl\u0131qn\u0131\u00f1 aqibetleri HH1 as\u0131rda bile yoq etilmegenini qayd etti. Bun\u0131\u00f1 kibi de o, q\u0131r\u0131mtatarlarn\u0131 qaytaruv ve yerle\u015ftir\u00fcv meselelerini \u00e7ez\u00fcv boyunca Ukrainan\u0131\u00f1 m\u00fcsbet tecribesi aqq\u0131nda ik\u00e2ye etti. Ceryann\u0131\u00f1 qanuniy esasqa bazan\u011fan\u0131 q\u0131r\u0131mtatarlarn\u0131\u00f1 s\u00fcrg\u00fcnlikten qaytuv\u0131n\u0131\u00f1 ba\u015f\u0131nda peyda ol\u011fan problemlerni \u00e7ezmek imk\u00e2n\u0131n\u0131 bere.<\/p>\n\n\n\n<figure class=\"wp-block-image size-full\"><img loading=\"lazy\" decoding=\"async\" width=\"650\" height=\"393\" src=\"http:\/\/qtmm.org\/wp-content\/uploads\/2022\/01\/1_7-1.jpeg\" alt=\"\" class=\"wp-image-26027\" srcset=\"https:\/\/qtmm.org\/wp-content\/uploads\/2022\/01\/1_7-1.jpeg 650w, https:\/\/qtmm.org\/wp-content\/uploads\/2022\/01\/1_7-1-300x181.jpeg 300w\" sizes=\"auto, (max-width: 650px) 100vw, 650px\" \/><\/figure>\n\n\n\n<p>\u00c7ubarov ayr\u0131ca Q\u0131r\u0131mtatar halq\u0131n\u0131\u00f1 vek\u00e2letli organ\u0131 ol\u011fan Meclisni\u00f1 &#8220;Milliy mens\u00fcpligine k\u00f6re s\u00fcrg\u00fcn etilgen \u015fah\u0131slarn\u0131\u00f1 uquqlar\u0131n\u0131 \u011fayr\u0131dan tiklev aqq\u0131nda&#8221; qanunn\u0131\u00f1 leyhas\u0131n\u0131 az\u0131rlav boyunca tecribesinen payla\u015ft\u0131. Ukraina i\u00e7\u00fcn m\u00fcimden m\u00fcim ol\u011fan bu qanunn\u0131\u00f1 qabul etilmesini 2004 senesi Ukrainan\u0131\u00f1 o zamandaki Prezidenti L. Ku\u00e7ma yasaq etken edi. \u015eun\u0131\u00f1 i\u00e7\u00fcn qanun al\u00e2 daa k\u00e2\u011f\u0131tta qalmaqta. &#8220;\u00d6BSE qurumlar\u0131 taraf\u0131ndan qoltut\u0131l\u011fan bu qanunn\u0131\u00f1 qabul etilecegi ve tasdiqlanaca\u011f\u0131na eminmiz&#8221;, -dedi Refat \u00c7ubarov. Bun\u0131\u00f1 kibi de B\u00fct\u00fcnd\u00fcnya q\u0131r\u0131mtatarlar kongressini\u00f1 prezidenti mesheti t\u00fcrklerni qaytaruvnen ba\u011fl\u0131 meselelerni\u00f1 \u00e7ezimine halqn\u0131\u00f1 itibar\u0131 ve i\u015fan\u00e7\u0131n\u0131 qazan\u011fan mesheti t\u00fcrklerni celp etilmesini\u00f1 m\u00fcimligini qayd etti.<\/p>\n\n\n\n<p>Ali Hamzin g\u00fcrcistanl\u0131 devlet hadimlerine s\u00fcrg\u00fcnlikten qaytqan q\u0131r\u0131mtatarlar\u0131na ve varislerine vatanda\u015fl\u0131q ber\u00fcv saas\u0131nda Ukraina qanunc\u0131lar\u0131n\u0131\u00f1 tecribesini \u00f6grenmekni teklif etti. &#8220;Semede\u015flerimizni\u00f1 ukrain cemiyetine qat\u0131luv ceryan\u0131 i\u00e7\u00fcn b\u00f6yle m\u00fcim mesele Ukraina qanunlar\u0131nda qayd etilgen umumiy esaslar\u011fa bazan\u0131l\u011fan\u0131 alda al oluna. \u015eu hudud\u011fa mens\u00fcpligini tasdiqla\u011fan vesiqalar az\u0131r ol\u011fan\u0131nen grajdanl\u0131q berile, &#8211; dedi Hamzin. On\u0131\u00f1 fikrince mezk\u00fcr problema q\u0131r\u0131mtatarlar Q\u0131r\u0131m\u011fa qaytqanda olduq\u00e7a y\u00fcksek derecede yani Ukraina Anayasas\u0131, Ukrainan\u0131\u00f1 &#8220;\u0130mmigratsiya aqq\u0131nda&#8221;, &#8220;Ukraina grajdanl\u0131\u011f\u0131 aqq\u0131nda&#8221; qanunlar\u0131nen tertipke ketirile ve bun\u0131\u00f1 sayesinde Ukrainan\u0131\u00f1 qanunc\u0131l\u0131q bazas\u0131na halqara te\u015fkil\u00e2tlar taraf\u0131ndan demokratik diye q\u0131ymet kesildi.<\/p>\n\n\n\n<p>Grajdanl\u0131q mevzus\u0131n\u0131 devam etken \u00c7ubarov \u015fun\u0131 da qayd etti ki, 2003 senesinde Ukraina e\u015fi olma\u011fan ad\u0131m\u011fa c\u00fcrat etti. Ukrainan\u0131\u00f1 &#8220;Ukraina grajdanl\u0131\u011f\u0131 aqq\u0131nda&#8221; qanun\u0131 b\u00fct\u00fcn k\u00fc\u00e7\u00fcnen \u00e7al\u0131\u015fmas\u0131 ve 1996 senesindekisi kibi \u00e7ift vatanda\u015fl\u0131q allar\u0131na yol bermemek maqsad\u0131nda \u00d6zbekistan yolba\u015f\u00e7\u0131lar\u0131na muqavele m\u00fcddetini devam ettirmek ricas\u0131nen muracaatta bulund\u0131. &#8220;Bu ad\u0131m Ukraina q\u0131r\u0131mtatarlarn\u0131\u00f1 Vatan\u011fa qaytuv uquqlar\u0131nan ne derecede mes\u00fclietli yana\u015fqan\u0131n\u0131 k\u00f6stere&#8221; , dedi o.<\/p>\n\n\n\n<p>Meclis reisi Mustafa Cemilevni\u00f1 fikrince ise, &#8220;q\u0131r\u0131mtatarlarn\u0131\u00f1 Ukrainada aq-uquqlar\u0131n\u0131 tiklev saas\u0131nda bir s\u0131ra \u00e7ezilmegen problemler mevcut ve \u015fu munasebetnen Meclis q\u0131r\u0131mtatar halq\u0131n\u0131\u00f1 taqdirine ba\u011f\u0131\u015flan\u011fan Halqara forumn\u0131 ke\u00e7ir\u00fcv boyunca keni\u015f konsultatsiyalar ke\u00e7ire. S\u00fcrg\u00fcn etilgen grajdanlarn\u0131\u00f1 meselelerini \u00e7ez\u00fcvde Ukraina tecribesi \u011fayet q\u0131ymetlidir ve g\u00fcrcistanl\u0131lar ondan faydalana bileler&#8221;.<\/p>\n\n\n\n<p>Taraflar bun\u0131\u00f1 kibi de q\u0131r\u0131mtatar halq\u0131 meselelerini\u00f1 \u00e7ezimine, 2008 senesi G\u00fcrcistan ve Rusiye aras\u0131nda arbiy davadan so\u00f1 G\u00fcrcistan inki\u015faf\u0131na ait meselelerni muzakere ettiler.<\/p>\n\n\n\n<figure class=\"wp-block-image size-full\"><img loading=\"lazy\" decoding=\"async\" width=\"650\" height=\"394\" src=\"http:\/\/qtmm.org\/wp-content\/uploads\/2022\/01\/4_1-1.jpeg\" alt=\"\" class=\"wp-image-26031\" srcset=\"https:\/\/qtmm.org\/wp-content\/uploads\/2022\/01\/4_1-1.jpeg 650w, https:\/\/qtmm.org\/wp-content\/uploads\/2022\/01\/4_1-1-300x182.jpeg 300w\" sizes=\"auto, (max-width: 650px) 100vw, 650px\" \/><\/figure>\n","protected":false},"excerpt":{"rendered":"<p>2011 senesi sent\u00e2br 17 kun. Meclis ofisinde Q\u0131r\u0131mtatar halq\u0131 Meclisini\u00f1&nbsp;Reisi Mustafa Cemilev \u0130\u015f\u011fal etilgen topraqlardan s\u00fcrg\u00fcn etilgen grajdanlar, qa\u00e7aqlarn\u0131\u00f1 i\u015fleri ve abadanla\u015ft\u0131ruv boyunca G\u00fcrcistan nazirligini\u00f1 vekillerinen k\u00f6r\u00fc\u015fti. G\u00fcrcistan delegatsiyas\u0131n\u0131\u00f1 erk\u00e2n\u0131na repatriatsiya meseleleri boyunca idareni\u00f1 ba\u015f\u0131 \u0130rakliy K\u00f6kayya, migratsiya meseleleri boyunca m\u00fctehass\u0131s Georgiy Ninua, migratsiya ve repatriatsiya meseleleri boyunca ekspert Konstantin Peradze kirdiler. K\u00f6r\u00fc\u015f\u00fcvde B\u00fct\u00fcnd\u00fcnya q\u0131r\u0131mtatarlar [&hellip;]<\/p>\n","protected":false},"author":1,"featured_media":26019,"comment_status":"open","ping_status":"open","sticky":false,"template":"","format":"standard","meta":{"inline_featured_image":false,"footnotes":""},"categories":[265],"tags":[],"class_list":["post-26018","post","type-post","status-publish","format-standard","has-post-thumbnail","hentry","category-haberler"],"acf":[],"yoast_head":"<!-- This site is optimized with the Yoast SEO plugin v27.4 - https:\/\/yoast.com\/product\/yoast-seo-wordpress\/ -->\n<title>Mecliste G\u00fcrcistan S\u00fcrg\u00fcn etilgen grajdanlarn\u0131\u00f1 i\u015fleri boyunca nazirlik vekillerinen k\u00f6r\u00fc\u015f\u00fcv old\u0131 - \u041c\u0435\u0434\u0436\u043b\u0456\u0441<\/title>\n<meta name=\"robots\" content=\"index, follow, max-snippet:-1, max-image-preview:large, max-video-preview:-1\" \/>\n<link rel=\"canonical\" href=\"https:\/\/qtmm.org\/qt\/mecliste-gurcistan-surgun-etilgen-grajdanlarnin-isleri-boyunca-nazirlik-vekillerinen-korusuv-oldi\/\" \/>\n<meta property=\"og:locale\" content=\"en_US\" \/>\n<meta property=\"og:type\" content=\"article\" \/>\n<meta property=\"og:title\" content=\"Mecliste G\u00fcrcistan S\u00fcrg\u00fcn etilgen grajdanlarn\u0131\u00f1 i\u015fleri boyunca nazirlik vekillerinen k\u00f6r\u00fc\u015f\u00fcv old\u0131 - \u041c\u0435\u0434\u0436\u043b\u0456\u0441\" \/>\n<meta property=\"og:description\" content=\"2011 senesi sent\u00e2br 17 kun. Meclis ofisinde Q\u0131r\u0131mtatar halq\u0131 Meclisini\u00f1&nbsp;Reisi Mustafa Cemilev \u0130\u015f\u011fal etilgen topraqlardan s\u00fcrg\u00fcn etilgen grajdanlar, qa\u00e7aqlarn\u0131\u00f1 i\u015fleri ve abadanla\u015ft\u0131ruv boyunca G\u00fcrcistan nazirligini\u00f1 vekillerinen k\u00f6r\u00fc\u015fti. G\u00fcrcistan delegatsiyas\u0131n\u0131\u00f1 erk\u00e2n\u0131na repatriatsiya meseleleri boyunca idareni\u00f1 ba\u015f\u0131 \u0130rakliy K\u00f6kayya, migratsiya meseleleri boyunca m\u00fctehass\u0131s Georgiy Ninua, migratsiya ve repatriatsiya meseleleri boyunca ekspert Konstantin Peradze kirdiler. K\u00f6r\u00fc\u015f\u00fcvde B\u00fct\u00fcnd\u00fcnya q\u0131r\u0131mtatarlar [&hellip;]\" \/>\n<meta property=\"og:url\" content=\"https:\/\/qtmm.org\/qt\/mecliste-gurcistan-surgun-etilgen-grajdanlarnin-isleri-boyunca-nazirlik-vekillerinen-korusuv-oldi\/\" \/>\n<meta property=\"og:site_name\" content=\"\u041c\u0435\u0434\u0436\u043b\u0456\u0441\" \/>\n<meta property=\"article:publisher\" content=\"https:\/\/www.facebook.com\/qtmm.info\/\" \/>\n<meta property=\"article:published_time\" content=\"2011-09-17T12:55:00+00:00\" \/>\n<meta property=\"article:modified_time\" content=\"2022-01-19T12:58:02+00:00\" \/>\n<meta property=\"og:image\" content=\"https:\/\/qtmm.org\/wp-content\/uploads\/2022\/01\/2_7-1.jpeg\" \/>\n\t<meta property=\"og:image:width\" content=\"650\" \/>\n\t<meta property=\"og:image:height\" content=\"393\" \/>\n\t<meta property=\"og:image:type\" content=\"image\/jpeg\" \/>\n<meta name=\"author\" content=\"Developer\" \/>\n<meta name=\"twitter:card\" content=\"summary_large_image\" \/>\n<meta name=\"twitter:label1\" content=\"Written by\" \/>\n\t<meta name=\"twitter:data1\" content=\"Developer\" \/>\n\t<meta name=\"twitter:label2\" content=\"Est. reading time\" \/>\n\t<meta name=\"twitter:data2\" content=\"5 minutes\" \/>\n<script type=\"application\/ld+json\" class=\"yoast-schema-graph\">{\"@context\":\"https:\\\/\\\/schema.org\",\"@graph\":[{\"@type\":\"Article\",\"@id\":\"https:\\\/\\\/qtmm.org\\\/qt\\\/mecliste-gurcistan-surgun-etilgen-grajdanlarnin-isleri-boyunca-nazirlik-vekillerinen-korusuv-oldi\\\/#article\",\"isPartOf\":{\"@id\":\"https:\\\/\\\/qtmm.org\\\/qt\\\/mecliste-gurcistan-surgun-etilgen-grajdanlarnin-isleri-boyunca-nazirlik-vekillerinen-korusuv-oldi\\\/\"},\"author\":{\"name\":\"Developer\",\"@id\":\"https:\\\/\\\/qtmm.org\\\/qt\\\/#\\\/schema\\\/person\\\/de562469f971dec226ac06e60bbf74a7\"},\"headline\":\"Mecliste G\u00fcrcistan S\u00fcrg\u00fcn etilgen grajdanlarn\u0131\u00f1 i\u015fleri boyunca nazirlik vekillerinen k\u00f6r\u00fc\u015f\u00fcv old\u0131\",\"datePublished\":\"2011-09-17T12:55:00+00:00\",\"dateModified\":\"2022-01-19T12:58:02+00:00\",\"mainEntityOfPage\":{\"@id\":\"https:\\\/\\\/qtmm.org\\\/qt\\\/mecliste-gurcistan-surgun-etilgen-grajdanlarnin-isleri-boyunca-nazirlik-vekillerinen-korusuv-oldi\\\/\"},\"wordCount\":920,\"commentCount\":0,\"publisher\":{\"@id\":\"https:\\\/\\\/qtmm.org\\\/qt\\\/#organization\"},\"image\":{\"@id\":\"https:\\\/\\\/qtmm.org\\\/qt\\\/mecliste-gurcistan-surgun-etilgen-grajdanlarnin-isleri-boyunca-nazirlik-vekillerinen-korusuv-oldi\\\/#primaryimage\"},\"thumbnailUrl\":\"https:\\\/\\\/qtmm.org\\\/wp-content\\\/uploads\\\/2022\\\/01\\\/2_7-1.jpeg\",\"articleSection\":[\"Haberler\"],\"inLanguage\":\"qt\",\"potentialAction\":[{\"@type\":\"CommentAction\",\"name\":\"Comment\",\"target\":[\"https:\\\/\\\/qtmm.org\\\/qt\\\/mecliste-gurcistan-surgun-etilgen-grajdanlarnin-isleri-boyunca-nazirlik-vekillerinen-korusuv-oldi\\\/#respond\"]}]},{\"@type\":\"WebPage\",\"@id\":\"https:\\\/\\\/qtmm.org\\\/qt\\\/mecliste-gurcistan-surgun-etilgen-grajdanlarnin-isleri-boyunca-nazirlik-vekillerinen-korusuv-oldi\\\/\",\"url\":\"https:\\\/\\\/qtmm.org\\\/qt\\\/mecliste-gurcistan-surgun-etilgen-grajdanlarnin-isleri-boyunca-nazirlik-vekillerinen-korusuv-oldi\\\/\",\"name\":\"Mecliste G\u00fcrcistan S\u00fcrg\u00fcn etilgen grajdanlarn\u0131\u00f1 i\u015fleri boyunca nazirlik vekillerinen k\u00f6r\u00fc\u015f\u00fcv old\u0131 - \u041c\u0435\u0434\u0436\u043b\u0456\u0441\",\"isPartOf\":{\"@id\":\"https:\\\/\\\/qtmm.org\\\/qt\\\/#website\"},\"primaryImageOfPage\":{\"@id\":\"https:\\\/\\\/qtmm.org\\\/qt\\\/mecliste-gurcistan-surgun-etilgen-grajdanlarnin-isleri-boyunca-nazirlik-vekillerinen-korusuv-oldi\\\/#primaryimage\"},\"image\":{\"@id\":\"https:\\\/\\\/qtmm.org\\\/qt\\\/mecliste-gurcistan-surgun-etilgen-grajdanlarnin-isleri-boyunca-nazirlik-vekillerinen-korusuv-oldi\\\/#primaryimage\"},\"thumbnailUrl\":\"https:\\\/\\\/qtmm.org\\\/wp-content\\\/uploads\\\/2022\\\/01\\\/2_7-1.jpeg\",\"datePublished\":\"2011-09-17T12:55:00+00:00\",\"dateModified\":\"2022-01-19T12:58:02+00:00\",\"breadcrumb\":{\"@id\":\"https:\\\/\\\/qtmm.org\\\/qt\\\/mecliste-gurcistan-surgun-etilgen-grajdanlarnin-isleri-boyunca-nazirlik-vekillerinen-korusuv-oldi\\\/#breadcrumb\"},\"inLanguage\":\"qt\",\"potentialAction\":[{\"@type\":\"ReadAction\",\"target\":[\"https:\\\/\\\/qtmm.org\\\/qt\\\/mecliste-gurcistan-surgun-etilgen-grajdanlarnin-isleri-boyunca-nazirlik-vekillerinen-korusuv-oldi\\\/\"]}]},{\"@type\":\"ImageObject\",\"inLanguage\":\"qt\",\"@id\":\"https:\\\/\\\/qtmm.org\\\/qt\\\/mecliste-gurcistan-surgun-etilgen-grajdanlarnin-isleri-boyunca-nazirlik-vekillerinen-korusuv-oldi\\\/#primaryimage\",\"url\":\"https:\\\/\\\/qtmm.org\\\/wp-content\\\/uploads\\\/2022\\\/01\\\/2_7-1.jpeg\",\"contentUrl\":\"https:\\\/\\\/qtmm.org\\\/wp-content\\\/uploads\\\/2022\\\/01\\\/2_7-1.jpeg\",\"width\":650,\"height\":393},{\"@type\":\"BreadcrumbList\",\"@id\":\"https:\\\/\\\/qtmm.org\\\/qt\\\/mecliste-gurcistan-surgun-etilgen-grajdanlarnin-isleri-boyunca-nazirlik-vekillerinen-korusuv-oldi\\\/#breadcrumb\",\"itemListElement\":[{\"@type\":\"ListItem\",\"position\":1,\"name\":\"\u0413\u043e\u043b\u043e\u0432\u043d\u0430\",\"item\":\"https:\\\/\\\/qtmm.org\\\/qt\\\/\"},{\"@type\":\"ListItem\",\"position\":2,\"name\":\"Mecliste G\u00fcrcistan S\u00fcrg\u00fcn etilgen grajdanlarn\u0131\u00f1 i\u015fleri boyunca nazirlik vekillerinen k\u00f6r\u00fc\u015f\u00fcv old\u0131\"}]},{\"@type\":\"WebSite\",\"@id\":\"https:\\\/\\\/qtmm.org\\\/qt\\\/#website\",\"url\":\"https:\\\/\\\/qtmm.org\\\/qt\\\/\",\"name\":\"\u041c\u0435\u0434\u0436\u043b\u0456\u0441\",\"description\":\"\",\"publisher\":{\"@id\":\"https:\\\/\\\/qtmm.org\\\/qt\\\/#organization\"},\"potentialAction\":[{\"@type\":\"SearchAction\",\"target\":{\"@type\":\"EntryPoint\",\"urlTemplate\":\"https:\\\/\\\/qtmm.org\\\/qt\\\/?s={search_term_string}\"},\"query-input\":{\"@type\":\"PropertyValueSpecification\",\"valueRequired\":true,\"valueName\":\"search_term_string\"}}],\"inLanguage\":\"qt\"},{\"@type\":\"Organization\",\"@id\":\"https:\\\/\\\/qtmm.org\\\/qt\\\/#organization\",\"name\":\"\u041c\u0435\u0434\u0436\u043b\u0456\u0441\",\"url\":\"https:\\\/\\\/qtmm.org\\\/qt\\\/\",\"logo\":{\"@type\":\"ImageObject\",\"inLanguage\":\"qt\",\"@id\":\"https:\\\/\\\/qtmm.org\\\/qt\\\/#\\\/schema\\\/logo\\\/image\\\/\",\"url\":\"https:\\\/\\\/qtmm.org\\\/wp-content\\\/uploads\\\/2024\\\/12\\\/ua-mejlis-logo-rgb.svg\",\"contentUrl\":\"https:\\\/\\\/qtmm.org\\\/wp-content\\\/uploads\\\/2024\\\/12\\\/ua-mejlis-logo-rgb.svg\",\"caption\":\"\u041c\u0435\u0434\u0436\u043b\u0456\u0441\"},\"image\":{\"@id\":\"https:\\\/\\\/qtmm.org\\\/qt\\\/#\\\/schema\\\/logo\\\/image\\\/\"},\"sameAs\":[\"https:\\\/\\\/www.facebook.com\\\/qtmm.info\\\/\"]},{\"@type\":\"Person\",\"@id\":\"https:\\\/\\\/qtmm.org\\\/qt\\\/#\\\/schema\\\/person\\\/de562469f971dec226ac06e60bbf74a7\",\"name\":\"Developer\",\"image\":{\"@type\":\"ImageObject\",\"inLanguage\":\"qt\",\"@id\":\"https:\\\/\\\/secure.gravatar.com\\\/avatar\\\/392b4cc8fbfeb00b39dfeeab4ee6edded39ffd48e25858637e4765810300227e?s=96&d=mm&r=g\",\"url\":\"https:\\\/\\\/secure.gravatar.com\\\/avatar\\\/392b4cc8fbfeb00b39dfeeab4ee6edded39ffd48e25858637e4765810300227e?s=96&d=mm&r=g\",\"contentUrl\":\"https:\\\/\\\/secure.gravatar.com\\\/avatar\\\/392b4cc8fbfeb00b39dfeeab4ee6edded39ffd48e25858637e4765810300227e?s=96&d=mm&r=g\",\"caption\":\"Developer\"},\"url\":\"https:\\\/\\\/qtmm.org\\\/qt\\\/author\\\/Developer\\\/\"}]}<\/script>\n<!-- \/ Yoast SEO plugin. -->","yoast_head_json":{"title":"Mecliste G\u00fcrcistan S\u00fcrg\u00fcn etilgen grajdanlarn\u0131\u00f1 i\u015fleri boyunca nazirlik vekillerinen k\u00f6r\u00fc\u015f\u00fcv old\u0131 - \u041c\u0435\u0434\u0436\u043b\u0456\u0441","robots":{"index":"index","follow":"follow","max-snippet":"max-snippet:-1","max-image-preview":"max-image-preview:large","max-video-preview":"max-video-preview:-1"},"canonical":"https:\/\/qtmm.org\/qt\/mecliste-gurcistan-surgun-etilgen-grajdanlarnin-isleri-boyunca-nazirlik-vekillerinen-korusuv-oldi\/","og_locale":"en_US","og_type":"article","og_title":"Mecliste G\u00fcrcistan S\u00fcrg\u00fcn etilgen grajdanlarn\u0131\u00f1 i\u015fleri boyunca nazirlik vekillerinen k\u00f6r\u00fc\u015f\u00fcv old\u0131 - \u041c\u0435\u0434\u0436\u043b\u0456\u0441","og_description":"2011 senesi sent\u00e2br 17 kun. Meclis ofisinde Q\u0131r\u0131mtatar halq\u0131 Meclisini\u00f1&nbsp;Reisi Mustafa Cemilev \u0130\u015f\u011fal etilgen topraqlardan s\u00fcrg\u00fcn etilgen grajdanlar, qa\u00e7aqlarn\u0131\u00f1 i\u015fleri ve abadanla\u015ft\u0131ruv boyunca G\u00fcrcistan nazirligini\u00f1 vekillerinen k\u00f6r\u00fc\u015fti. G\u00fcrcistan delegatsiyas\u0131n\u0131\u00f1 erk\u00e2n\u0131na repatriatsiya meseleleri boyunca idareni\u00f1 ba\u015f\u0131 \u0130rakliy K\u00f6kayya, migratsiya meseleleri boyunca m\u00fctehass\u0131s Georgiy Ninua, migratsiya ve repatriatsiya meseleleri boyunca ekspert Konstantin Peradze kirdiler. K\u00f6r\u00fc\u015f\u00fcvde B\u00fct\u00fcnd\u00fcnya q\u0131r\u0131mtatarlar [&hellip;]","og_url":"https:\/\/qtmm.org\/qt\/mecliste-gurcistan-surgun-etilgen-grajdanlarnin-isleri-boyunca-nazirlik-vekillerinen-korusuv-oldi\/","og_site_name":"\u041c\u0435\u0434\u0436\u043b\u0456\u0441","article_publisher":"https:\/\/www.facebook.com\/qtmm.info\/","article_published_time":"2011-09-17T12:55:00+00:00","article_modified_time":"2022-01-19T12:58:02+00:00","og_image":[{"width":650,"height":393,"url":"https:\/\/qtmm.org\/wp-content\/uploads\/2022\/01\/2_7-1.jpeg","type":"image\/jpeg"}],"author":"Developer","twitter_card":"summary_large_image","twitter_misc":{"Written by":"Developer","Est. reading time":"5 minutes"},"schema":{"@context":"https:\/\/schema.org","@graph":[{"@type":"Article","@id":"https:\/\/qtmm.org\/qt\/mecliste-gurcistan-surgun-etilgen-grajdanlarnin-isleri-boyunca-nazirlik-vekillerinen-korusuv-oldi\/#article","isPartOf":{"@id":"https:\/\/qtmm.org\/qt\/mecliste-gurcistan-surgun-etilgen-grajdanlarnin-isleri-boyunca-nazirlik-vekillerinen-korusuv-oldi\/"},"author":{"name":"Developer","@id":"https:\/\/qtmm.org\/qt\/#\/schema\/person\/de562469f971dec226ac06e60bbf74a7"},"headline":"Mecliste G\u00fcrcistan S\u00fcrg\u00fcn etilgen grajdanlarn\u0131\u00f1 i\u015fleri boyunca nazirlik vekillerinen k\u00f6r\u00fc\u015f\u00fcv old\u0131","datePublished":"2011-09-17T12:55:00+00:00","dateModified":"2022-01-19T12:58:02+00:00","mainEntityOfPage":{"@id":"https:\/\/qtmm.org\/qt\/mecliste-gurcistan-surgun-etilgen-grajdanlarnin-isleri-boyunca-nazirlik-vekillerinen-korusuv-oldi\/"},"wordCount":920,"commentCount":0,"publisher":{"@id":"https:\/\/qtmm.org\/qt\/#organization"},"image":{"@id":"https:\/\/qtmm.org\/qt\/mecliste-gurcistan-surgun-etilgen-grajdanlarnin-isleri-boyunca-nazirlik-vekillerinen-korusuv-oldi\/#primaryimage"},"thumbnailUrl":"https:\/\/qtmm.org\/wp-content\/uploads\/2022\/01\/2_7-1.jpeg","articleSection":["Haberler"],"inLanguage":"qt","potentialAction":[{"@type":"CommentAction","name":"Comment","target":["https:\/\/qtmm.org\/qt\/mecliste-gurcistan-surgun-etilgen-grajdanlarnin-isleri-boyunca-nazirlik-vekillerinen-korusuv-oldi\/#respond"]}]},{"@type":"WebPage","@id":"https:\/\/qtmm.org\/qt\/mecliste-gurcistan-surgun-etilgen-grajdanlarnin-isleri-boyunca-nazirlik-vekillerinen-korusuv-oldi\/","url":"https:\/\/qtmm.org\/qt\/mecliste-gurcistan-surgun-etilgen-grajdanlarnin-isleri-boyunca-nazirlik-vekillerinen-korusuv-oldi\/","name":"Mecliste G\u00fcrcistan S\u00fcrg\u00fcn etilgen grajdanlarn\u0131\u00f1 i\u015fleri boyunca nazirlik vekillerinen k\u00f6r\u00fc\u015f\u00fcv old\u0131 - \u041c\u0435\u0434\u0436\u043b\u0456\u0441","isPartOf":{"@id":"https:\/\/qtmm.org\/qt\/#website"},"primaryImageOfPage":{"@id":"https:\/\/qtmm.org\/qt\/mecliste-gurcistan-surgun-etilgen-grajdanlarnin-isleri-boyunca-nazirlik-vekillerinen-korusuv-oldi\/#primaryimage"},"image":{"@id":"https:\/\/qtmm.org\/qt\/mecliste-gurcistan-surgun-etilgen-grajdanlarnin-isleri-boyunca-nazirlik-vekillerinen-korusuv-oldi\/#primaryimage"},"thumbnailUrl":"https:\/\/qtmm.org\/wp-content\/uploads\/2022\/01\/2_7-1.jpeg","datePublished":"2011-09-17T12:55:00+00:00","dateModified":"2022-01-19T12:58:02+00:00","breadcrumb":{"@id":"https:\/\/qtmm.org\/qt\/mecliste-gurcistan-surgun-etilgen-grajdanlarnin-isleri-boyunca-nazirlik-vekillerinen-korusuv-oldi\/#breadcrumb"},"inLanguage":"qt","potentialAction":[{"@type":"ReadAction","target":["https:\/\/qtmm.org\/qt\/mecliste-gurcistan-surgun-etilgen-grajdanlarnin-isleri-boyunca-nazirlik-vekillerinen-korusuv-oldi\/"]}]},{"@type":"ImageObject","inLanguage":"qt","@id":"https:\/\/qtmm.org\/qt\/mecliste-gurcistan-surgun-etilgen-grajdanlarnin-isleri-boyunca-nazirlik-vekillerinen-korusuv-oldi\/#primaryimage","url":"https:\/\/qtmm.org\/wp-content\/uploads\/2022\/01\/2_7-1.jpeg","contentUrl":"https:\/\/qtmm.org\/wp-content\/uploads\/2022\/01\/2_7-1.jpeg","width":650,"height":393},{"@type":"BreadcrumbList","@id":"https:\/\/qtmm.org\/qt\/mecliste-gurcistan-surgun-etilgen-grajdanlarnin-isleri-boyunca-nazirlik-vekillerinen-korusuv-oldi\/#breadcrumb","itemListElement":[{"@type":"ListItem","position":1,"name":"\u0413\u043e\u043b\u043e\u0432\u043d\u0430","item":"https:\/\/qtmm.org\/qt\/"},{"@type":"ListItem","position":2,"name":"Mecliste G\u00fcrcistan S\u00fcrg\u00fcn etilgen grajdanlarn\u0131\u00f1 i\u015fleri boyunca nazirlik vekillerinen k\u00f6r\u00fc\u015f\u00fcv old\u0131"}]},{"@type":"WebSite","@id":"https:\/\/qtmm.org\/qt\/#website","url":"https:\/\/qtmm.org\/qt\/","name":"\u041c\u0435\u0434\u0436\u043b\u0456\u0441","description":"","publisher":{"@id":"https:\/\/qtmm.org\/qt\/#organization"},"potentialAction":[{"@type":"SearchAction","target":{"@type":"EntryPoint","urlTemplate":"https:\/\/qtmm.org\/qt\/?s={search_term_string}"},"query-input":{"@type":"PropertyValueSpecification","valueRequired":true,"valueName":"search_term_string"}}],"inLanguage":"qt"},{"@type":"Organization","@id":"https:\/\/qtmm.org\/qt\/#organization","name":"\u041c\u0435\u0434\u0436\u043b\u0456\u0441","url":"https:\/\/qtmm.org\/qt\/","logo":{"@type":"ImageObject","inLanguage":"qt","@id":"https:\/\/qtmm.org\/qt\/#\/schema\/logo\/image\/","url":"https:\/\/qtmm.org\/wp-content\/uploads\/2024\/12\/ua-mejlis-logo-rgb.svg","contentUrl":"https:\/\/qtmm.org\/wp-content\/uploads\/2024\/12\/ua-mejlis-logo-rgb.svg","caption":"\u041c\u0435\u0434\u0436\u043b\u0456\u0441"},"image":{"@id":"https:\/\/qtmm.org\/qt\/#\/schema\/logo\/image\/"},"sameAs":["https:\/\/www.facebook.com\/qtmm.info\/"]},{"@type":"Person","@id":"https:\/\/qtmm.org\/qt\/#\/schema\/person\/de562469f971dec226ac06e60bbf74a7","name":"Developer","image":{"@type":"ImageObject","inLanguage":"qt","@id":"https:\/\/secure.gravatar.com\/avatar\/392b4cc8fbfeb00b39dfeeab4ee6edded39ffd48e25858637e4765810300227e?s=96&d=mm&r=g","url":"https:\/\/secure.gravatar.com\/avatar\/392b4cc8fbfeb00b39dfeeab4ee6edded39ffd48e25858637e4765810300227e?s=96&d=mm&r=g","contentUrl":"https:\/\/secure.gravatar.com\/avatar\/392b4cc8fbfeb00b39dfeeab4ee6edded39ffd48e25858637e4765810300227e?s=96&d=mm&r=g","caption":"Developer"},"url":"https:\/\/qtmm.org\/qt\/author\/Developer\/"}]}},"_links":{"self":[{"href":"https:\/\/qtmm.org\/qt\/wp-json\/wp\/v2\/posts\/26018","targetHints":{"allow":["GET"]}}],"collection":[{"href":"https:\/\/qtmm.org\/qt\/wp-json\/wp\/v2\/posts"}],"about":[{"href":"https:\/\/qtmm.org\/qt\/wp-json\/wp\/v2\/types\/post"}],"author":[{"embeddable":true,"href":"https:\/\/qtmm.org\/qt\/wp-json\/wp\/v2\/users\/1"}],"replies":[{"embeddable":true,"href":"https:\/\/qtmm.org\/qt\/wp-json\/wp\/v2\/comments?post=26018"}],"version-history":[{"count":1,"href":"https:\/\/qtmm.org\/qt\/wp-json\/wp\/v2\/posts\/26018\/revisions"}],"predecessor-version":[{"id":26035,"href":"https:\/\/qtmm.org\/qt\/wp-json\/wp\/v2\/posts\/26018\/revisions\/26035"}],"wp:featuredmedia":[{"embeddable":true,"href":"https:\/\/qtmm.org\/qt\/wp-json\/wp\/v2\/media\/26019"}],"wp:attachment":[{"href":"https:\/\/qtmm.org\/qt\/wp-json\/wp\/v2\/media?parent=26018"}],"wp:term":[{"taxonomy":"category","embeddable":true,"href":"https:\/\/qtmm.org\/qt\/wp-json\/wp\/v2\/categories?post=26018"},{"taxonomy":"post_tag","embeddable":true,"href":"https:\/\/qtmm.org\/qt\/wp-json\/wp\/v2\/tags?post=26018"}],"curies":[{"name":"wp","href":"https:\/\/api.w.org\/{rel}","templated":true}]}}