




{"id":26016,"date":"2011-09-17T15:55:00","date_gmt":"2011-09-17T12:55:00","guid":{"rendered":"http:\/\/qtmm.org\/?p=26016"},"modified":"2022-01-19T15:55:47","modified_gmt":"2022-01-19T12:55:47","slug":"pase-reisi-mevlut-cavusoglu-ve-meclis-reisi-mustafa-cemilevnin-korusuvi","status":"publish","type":"post","link":"https:\/\/qtmm.org\/qt\/pase-reisi-mevlut-cavusoglu-ve-meclis-reisi-mustafa-cemilevnin-korusuvi\/","title":{"rendered":"PASE reisi Mevl\u00fct \u00c7avu\u015fo\u011flu ve Meclis reisi Mustafa Cemilevni\u00f1 k\u00f6r\u00fc\u015f\u00fcvi"},"content":{"rendered":"\n<p>K\u00f6r\u00fc\u015f\u00fcvde PASE reisi ve T\u00fcrkiyeni\u00f1 Avropa Birligi i\u015fleri boyunca naziri Egemen Ba\u011f\u0131\u015f ile Meclis yolba\u015f\u00e7\u0131lar\u0131 q\u0131r\u0131mtatar halq\u0131n\u0131\u00f1 vaziyeti ve halqara cemaat\u00e7\u0131l\u0131qn\u0131\u00f1 rol\u00fc aqq\u0131nda qonu\u015ft\u0131lar.&nbsp;<\/p>\n\n\n\n<p>Q\u0131r\u0131m\u011fa Yalta Avropa strategiyas\u0131n\u0131\u00f1(YES)&nbsp; 8-nci forum\u0131nda i\u015ftirak etmek i\u00e7\u00fcn kelgen Avropa Birligi Parlament Assambleyas\u0131n\u0131\u00f1 reisi Mevl\u00fct \u00c7avu\u015fo\u011flu, T\u00fcrkiyeni\u00f1 Avropa Birligi i\u015fleri boyunca naziri Egemen Ba\u011f\u0131\u015f, T\u00fcrkiyeni\u00f1 Ukrainada Toluvek\u00e2letli ve Vefqulade&nbsp; el\u00e7isi&nbsp; Ahmet B\u00fclent Meri\u00e7 ve olarn\u0131\u00f1 yan\u0131nda bulun\u011fan \u015fah\u0131slar sent\u00e2br 16 k\u00fcn\u00fcni deyerlik tolus\u0131nen Ba\u011f\u00e7asaray ile tan\u0131\u015f oluv ve Q\u0131r\u0131mtatar halq\u0131 Meclisini\u00f1 yolba\u015f\u00e7\u0131lar\u0131nen k\u00f6r\u00fc\u015f\u00fcvge ba\u011f\u0131\u015flad\u0131lar.&nbsp;&nbsp;<\/p>\n\n\n\n<p>Ba\u011f\u00e7asaray \u015feerini\u00f1 sakinleri ol\u011fan dinda\u015flar\u0131nen beraber cuma namaz\u0131n\u0131 q\u0131l\u011fan nufuzl\u0131 musafirler&nbsp; Meclis reisi Mustafa Cemilev, B\u00fct\u00fcnd\u00fcnya q\u0131r\u0131mtatarlar kongressini\u00f1 prezidenti Refat \u00c7ubarov, Ba\u011f\u00e7asaray rayon devlet memuriyetini\u00f1 ba\u015f\u0131 \u0130lmiy \u00dcmerov, Ba\u011f\u00e7asaray regional meclis reisi Ahtem \u00c7iygoz ve Meclisni\u00f1 t\u0131\u015fq\u0131 al\u00e2qalar\u0131 b\u00f6l\u00fcgini\u00f1 reberi Alim Hamzinni\u00f1 oz\u011faruv\u0131nda Hansarayn\u0131 ziyaret ettiler ve Q\u0131r\u0131m jurnalistlerinen subetle\u015ftiler,<\/p>\n\n\n\n<p>So\u00f1ra &#8220;Markur&#8221; restoran\u0131nda T\u00fcrkiyeni\u00f1 Ukrainada El\u00e7iligi taraf\u0131ndan berilgen yemek vaqt\u0131nda Meclis reisi Mustafa Cemilev, B\u00fct\u00fcnd\u00fcnya q\u0131r\u0131mtatarlar kongressini\u00f1 prezidenti Refat \u00c7ubarov PASE reisi ve T\u00fcrkiyeni\u00f1 Avropa Birligi i\u015fleri boyunca naziri Egemen Ba\u011f\u0131\u015f ile Meclis yolba\u015f\u00e7\u0131lar\u0131 q\u0131r\u0131mtatar halq\u0131n\u0131\u00f1 vaziyeti ve halqara cemaat\u00e7\u0131l\u0131qn\u0131\u00f1 rol\u00fcnen ba\u011fl\u0131 meselelerni muzakere etmek imk\u00e2n\u0131na nail old\u0131lar.&nbsp;<\/p>\n","protected":false},"excerpt":{"rendered":"<p>K\u00f6r\u00fc\u015f\u00fcvde PASE reisi ve T\u00fcrkiyeni\u00f1 Avropa Birligi i\u015fleri boyunca naziri Egemen Ba\u011f\u0131\u015f ile Meclis yolba\u015f\u00e7\u0131lar\u0131 q\u0131r\u0131mtatar halq\u0131n\u0131\u00f1 vaziyeti ve halqara cemaat\u00e7\u0131l\u0131qn\u0131\u00f1 rol\u00fc aqq\u0131nda qonu\u015ft\u0131lar.&nbsp; Q\u0131r\u0131m\u011fa Yalta Avropa strategiyas\u0131n\u0131\u00f1(YES)&nbsp; 8-nci forum\u0131nda i\u015ftirak etmek i\u00e7\u00fcn kelgen Avropa Birligi Parlament Assambleyas\u0131n\u0131\u00f1 reisi Mevl\u00fct \u00c7avu\u015fo\u011flu, T\u00fcrkiyeni\u00f1 Avropa Birligi i\u015fleri boyunca naziri Egemen Ba\u011f\u0131\u015f, T\u00fcrkiyeni\u00f1 Ukrainada Toluvek\u00e2letli ve Vefqulade&nbsp; el\u00e7isi&nbsp; [&hellip;]<\/p>\n","protected":false},"author":1,"featured_media":0,"comment_status":"open","ping_status":"open","sticky":false,"template":"","format":"standard","meta":{"inline_featured_image":false,"footnotes":""},"categories":[265],"tags":[],"class_list":["post-26016","post","type-post","status-publish","format-standard","hentry","category-haberler"],"acf":[],"yoast_head":"<!-- This site is optimized with the Yoast SEO plugin v27.4 - https:\/\/yoast.com\/product\/yoast-seo-wordpress\/ -->\n<title>PASE reisi Mevl\u00fct \u00c7avu\u015fo\u011flu ve Meclis reisi Mustafa Cemilevni\u00f1 k\u00f6r\u00fc\u015f\u00fcvi - \u041c\u0435\u0434\u0436\u043b\u0456\u0441<\/title>\n<meta name=\"robots\" content=\"index, follow, max-snippet:-1, max-image-preview:large, max-video-preview:-1\" \/>\n<link rel=\"canonical\" href=\"https:\/\/qtmm.org\/qt\/pase-reisi-mevlut-cavusoglu-ve-meclis-reisi-mustafa-cemilevnin-korusuvi\/\" \/>\n<meta property=\"og:locale\" content=\"en_US\" \/>\n<meta property=\"og:type\" content=\"article\" \/>\n<meta property=\"og:title\" content=\"PASE reisi Mevl\u00fct \u00c7avu\u015fo\u011flu ve Meclis reisi Mustafa Cemilevni\u00f1 k\u00f6r\u00fc\u015f\u00fcvi - \u041c\u0435\u0434\u0436\u043b\u0456\u0441\" \/>\n<meta property=\"og:description\" content=\"K\u00f6r\u00fc\u015f\u00fcvde PASE reisi ve T\u00fcrkiyeni\u00f1 Avropa Birligi i\u015fleri boyunca naziri Egemen Ba\u011f\u0131\u015f ile Meclis yolba\u015f\u00e7\u0131lar\u0131 q\u0131r\u0131mtatar halq\u0131n\u0131\u00f1 vaziyeti ve halqara cemaat\u00e7\u0131l\u0131qn\u0131\u00f1 rol\u00fc aqq\u0131nda qonu\u015ft\u0131lar.&nbsp; Q\u0131r\u0131m\u011fa Yalta Avropa strategiyas\u0131n\u0131\u00f1(YES)&nbsp; 8-nci forum\u0131nda i\u015ftirak etmek i\u00e7\u00fcn kelgen Avropa Birligi Parlament Assambleyas\u0131n\u0131\u00f1 reisi Mevl\u00fct \u00c7avu\u015fo\u011flu, T\u00fcrkiyeni\u00f1 Avropa Birligi i\u015fleri boyunca naziri Egemen Ba\u011f\u0131\u015f, T\u00fcrkiyeni\u00f1 Ukrainada Toluvek\u00e2letli ve Vefqulade&nbsp; el\u00e7isi&nbsp; [&hellip;]\" \/>\n<meta property=\"og:url\" content=\"https:\/\/qtmm.org\/qt\/pase-reisi-mevlut-cavusoglu-ve-meclis-reisi-mustafa-cemilevnin-korusuvi\/\" \/>\n<meta property=\"og:site_name\" content=\"\u041c\u0435\u0434\u0436\u043b\u0456\u0441\" \/>\n<meta property=\"article:publisher\" content=\"https:\/\/www.facebook.com\/qtmm.info\/\" \/>\n<meta property=\"article:published_time\" content=\"2011-09-17T12:55:00+00:00\" \/>\n<meta property=\"article:modified_time\" content=\"2022-01-19T12:55:47+00:00\" \/>\n<meta name=\"author\" content=\"Developer\" \/>\n<meta name=\"twitter:card\" content=\"summary_large_image\" \/>\n<meta name=\"twitter:label1\" content=\"Written by\" \/>\n\t<meta name=\"twitter:data1\" content=\"Developer\" \/>\n\t<meta name=\"twitter:label2\" content=\"Est. reading time\" \/>\n\t<meta name=\"twitter:data2\" content=\"1 minute\" \/>\n<script type=\"application\/ld+json\" class=\"yoast-schema-graph\">{\"@context\":\"https:\\\/\\\/schema.org\",\"@graph\":[{\"@type\":\"Article\",\"@id\":\"https:\\\/\\\/qtmm.org\\\/qt\\\/pase-reisi-mevlut-cavusoglu-ve-meclis-reisi-mustafa-cemilevnin-korusuvi\\\/#article\",\"isPartOf\":{\"@id\":\"https:\\\/\\\/qtmm.org\\\/qt\\\/pase-reisi-mevlut-cavusoglu-ve-meclis-reisi-mustafa-cemilevnin-korusuvi\\\/\"},\"author\":{\"name\":\"Developer\",\"@id\":\"https:\\\/\\\/qtmm.org\\\/qt\\\/#\\\/schema\\\/person\\\/de562469f971dec226ac06e60bbf74a7\"},\"headline\":\"PASE reisi Mevl\u00fct \u00c7avu\u015fo\u011flu ve Meclis reisi Mustafa Cemilevni\u00f1 k\u00f6r\u00fc\u015f\u00fcvi\",\"datePublished\":\"2011-09-17T12:55:00+00:00\",\"dateModified\":\"2022-01-19T12:55:47+00:00\",\"mainEntityOfPage\":{\"@id\":\"https:\\\/\\\/qtmm.org\\\/qt\\\/pase-reisi-mevlut-cavusoglu-ve-meclis-reisi-mustafa-cemilevnin-korusuvi\\\/\"},\"wordCount\":293,\"commentCount\":0,\"publisher\":{\"@id\":\"https:\\\/\\\/qtmm.org\\\/qt\\\/#organization\"},\"articleSection\":[\"Haberler\"],\"inLanguage\":\"qt\",\"potentialAction\":[{\"@type\":\"CommentAction\",\"name\":\"Comment\",\"target\":[\"https:\\\/\\\/qtmm.org\\\/qt\\\/pase-reisi-mevlut-cavusoglu-ve-meclis-reisi-mustafa-cemilevnin-korusuvi\\\/#respond\"]}]},{\"@type\":\"WebPage\",\"@id\":\"https:\\\/\\\/qtmm.org\\\/qt\\\/pase-reisi-mevlut-cavusoglu-ve-meclis-reisi-mustafa-cemilevnin-korusuvi\\\/\",\"url\":\"https:\\\/\\\/qtmm.org\\\/qt\\\/pase-reisi-mevlut-cavusoglu-ve-meclis-reisi-mustafa-cemilevnin-korusuvi\\\/\",\"name\":\"PASE reisi Mevl\u00fct \u00c7avu\u015fo\u011flu ve Meclis reisi Mustafa Cemilevni\u00f1 k\u00f6r\u00fc\u015f\u00fcvi - \u041c\u0435\u0434\u0436\u043b\u0456\u0441\",\"isPartOf\":{\"@id\":\"https:\\\/\\\/qtmm.org\\\/qt\\\/#website\"},\"datePublished\":\"2011-09-17T12:55:00+00:00\",\"dateModified\":\"2022-01-19T12:55:47+00:00\",\"breadcrumb\":{\"@id\":\"https:\\\/\\\/qtmm.org\\\/qt\\\/pase-reisi-mevlut-cavusoglu-ve-meclis-reisi-mustafa-cemilevnin-korusuvi\\\/#breadcrumb\"},\"inLanguage\":\"qt\",\"potentialAction\":[{\"@type\":\"ReadAction\",\"target\":[\"https:\\\/\\\/qtmm.org\\\/qt\\\/pase-reisi-mevlut-cavusoglu-ve-meclis-reisi-mustafa-cemilevnin-korusuvi\\\/\"]}]},{\"@type\":\"BreadcrumbList\",\"@id\":\"https:\\\/\\\/qtmm.org\\\/qt\\\/pase-reisi-mevlut-cavusoglu-ve-meclis-reisi-mustafa-cemilevnin-korusuvi\\\/#breadcrumb\",\"itemListElement\":[{\"@type\":\"ListItem\",\"position\":1,\"name\":\"\u0413\u043e\u043b\u043e\u0432\u043d\u0430\",\"item\":\"https:\\\/\\\/qtmm.org\\\/qt\\\/\"},{\"@type\":\"ListItem\",\"position\":2,\"name\":\"PASE reisi Mevl\u00fct \u00c7avu\u015fo\u011flu ve Meclis reisi Mustafa Cemilevni\u00f1 k\u00f6r\u00fc\u015f\u00fcvi\"}]},{\"@type\":\"WebSite\",\"@id\":\"https:\\\/\\\/qtmm.org\\\/qt\\\/#website\",\"url\":\"https:\\\/\\\/qtmm.org\\\/qt\\\/\",\"name\":\"\u041c\u0435\u0434\u0436\u043b\u0456\u0441\",\"description\":\"\",\"publisher\":{\"@id\":\"https:\\\/\\\/qtmm.org\\\/qt\\\/#organization\"},\"potentialAction\":[{\"@type\":\"SearchAction\",\"target\":{\"@type\":\"EntryPoint\",\"urlTemplate\":\"https:\\\/\\\/qtmm.org\\\/qt\\\/?s={search_term_string}\"},\"query-input\":{\"@type\":\"PropertyValueSpecification\",\"valueRequired\":true,\"valueName\":\"search_term_string\"}}],\"inLanguage\":\"qt\"},{\"@type\":\"Organization\",\"@id\":\"https:\\\/\\\/qtmm.org\\\/qt\\\/#organization\",\"name\":\"\u041c\u0435\u0434\u0436\u043b\u0456\u0441\",\"url\":\"https:\\\/\\\/qtmm.org\\\/qt\\\/\",\"logo\":{\"@type\":\"ImageObject\",\"inLanguage\":\"qt\",\"@id\":\"https:\\\/\\\/qtmm.org\\\/qt\\\/#\\\/schema\\\/logo\\\/image\\\/\",\"url\":\"https:\\\/\\\/qtmm.org\\\/wp-content\\\/uploads\\\/2024\\\/12\\\/ua-mejlis-logo-rgb.svg\",\"contentUrl\":\"https:\\\/\\\/qtmm.org\\\/wp-content\\\/uploads\\\/2024\\\/12\\\/ua-mejlis-logo-rgb.svg\",\"caption\":\"\u041c\u0435\u0434\u0436\u043b\u0456\u0441\"},\"image\":{\"@id\":\"https:\\\/\\\/qtmm.org\\\/qt\\\/#\\\/schema\\\/logo\\\/image\\\/\"},\"sameAs\":[\"https:\\\/\\\/www.facebook.com\\\/qtmm.info\\\/\"]},{\"@type\":\"Person\",\"@id\":\"https:\\\/\\\/qtmm.org\\\/qt\\\/#\\\/schema\\\/person\\\/de562469f971dec226ac06e60bbf74a7\",\"name\":\"Developer\",\"image\":{\"@type\":\"ImageObject\",\"inLanguage\":\"qt\",\"@id\":\"https:\\\/\\\/secure.gravatar.com\\\/avatar\\\/392b4cc8fbfeb00b39dfeeab4ee6edded39ffd48e25858637e4765810300227e?s=96&d=mm&r=g\",\"url\":\"https:\\\/\\\/secure.gravatar.com\\\/avatar\\\/392b4cc8fbfeb00b39dfeeab4ee6edded39ffd48e25858637e4765810300227e?s=96&d=mm&r=g\",\"contentUrl\":\"https:\\\/\\\/secure.gravatar.com\\\/avatar\\\/392b4cc8fbfeb00b39dfeeab4ee6edded39ffd48e25858637e4765810300227e?s=96&d=mm&r=g\",\"caption\":\"Developer\"},\"url\":\"https:\\\/\\\/qtmm.org\\\/qt\\\/author\\\/Developer\\\/\"}]}<\/script>\n<!-- \/ Yoast SEO plugin. -->","yoast_head_json":{"title":"PASE reisi Mevl\u00fct \u00c7avu\u015fo\u011flu ve Meclis reisi Mustafa Cemilevni\u00f1 k\u00f6r\u00fc\u015f\u00fcvi - \u041c\u0435\u0434\u0436\u043b\u0456\u0441","robots":{"index":"index","follow":"follow","max-snippet":"max-snippet:-1","max-image-preview":"max-image-preview:large","max-video-preview":"max-video-preview:-1"},"canonical":"https:\/\/qtmm.org\/qt\/pase-reisi-mevlut-cavusoglu-ve-meclis-reisi-mustafa-cemilevnin-korusuvi\/","og_locale":"en_US","og_type":"article","og_title":"PASE reisi Mevl\u00fct \u00c7avu\u015fo\u011flu ve Meclis reisi Mustafa Cemilevni\u00f1 k\u00f6r\u00fc\u015f\u00fcvi - \u041c\u0435\u0434\u0436\u043b\u0456\u0441","og_description":"K\u00f6r\u00fc\u015f\u00fcvde PASE reisi ve T\u00fcrkiyeni\u00f1 Avropa Birligi i\u015fleri boyunca naziri Egemen Ba\u011f\u0131\u015f ile Meclis yolba\u015f\u00e7\u0131lar\u0131 q\u0131r\u0131mtatar halq\u0131n\u0131\u00f1 vaziyeti ve halqara cemaat\u00e7\u0131l\u0131qn\u0131\u00f1 rol\u00fc aqq\u0131nda qonu\u015ft\u0131lar.&nbsp; Q\u0131r\u0131m\u011fa Yalta Avropa strategiyas\u0131n\u0131\u00f1(YES)&nbsp; 8-nci forum\u0131nda i\u015ftirak etmek i\u00e7\u00fcn kelgen Avropa Birligi Parlament Assambleyas\u0131n\u0131\u00f1 reisi Mevl\u00fct \u00c7avu\u015fo\u011flu, T\u00fcrkiyeni\u00f1 Avropa Birligi i\u015fleri boyunca naziri Egemen Ba\u011f\u0131\u015f, T\u00fcrkiyeni\u00f1 Ukrainada Toluvek\u00e2letli ve Vefqulade&nbsp; el\u00e7isi&nbsp; [&hellip;]","og_url":"https:\/\/qtmm.org\/qt\/pase-reisi-mevlut-cavusoglu-ve-meclis-reisi-mustafa-cemilevnin-korusuvi\/","og_site_name":"\u041c\u0435\u0434\u0436\u043b\u0456\u0441","article_publisher":"https:\/\/www.facebook.com\/qtmm.info\/","article_published_time":"2011-09-17T12:55:00+00:00","article_modified_time":"2022-01-19T12:55:47+00:00","author":"Developer","twitter_card":"summary_large_image","twitter_misc":{"Written by":"Developer","Est. reading time":"1 minute"},"schema":{"@context":"https:\/\/schema.org","@graph":[{"@type":"Article","@id":"https:\/\/qtmm.org\/qt\/pase-reisi-mevlut-cavusoglu-ve-meclis-reisi-mustafa-cemilevnin-korusuvi\/#article","isPartOf":{"@id":"https:\/\/qtmm.org\/qt\/pase-reisi-mevlut-cavusoglu-ve-meclis-reisi-mustafa-cemilevnin-korusuvi\/"},"author":{"name":"Developer","@id":"https:\/\/qtmm.org\/qt\/#\/schema\/person\/de562469f971dec226ac06e60bbf74a7"},"headline":"PASE reisi Mevl\u00fct \u00c7avu\u015fo\u011flu ve Meclis reisi Mustafa Cemilevni\u00f1 k\u00f6r\u00fc\u015f\u00fcvi","datePublished":"2011-09-17T12:55:00+00:00","dateModified":"2022-01-19T12:55:47+00:00","mainEntityOfPage":{"@id":"https:\/\/qtmm.org\/qt\/pase-reisi-mevlut-cavusoglu-ve-meclis-reisi-mustafa-cemilevnin-korusuvi\/"},"wordCount":293,"commentCount":0,"publisher":{"@id":"https:\/\/qtmm.org\/qt\/#organization"},"articleSection":["Haberler"],"inLanguage":"qt","potentialAction":[{"@type":"CommentAction","name":"Comment","target":["https:\/\/qtmm.org\/qt\/pase-reisi-mevlut-cavusoglu-ve-meclis-reisi-mustafa-cemilevnin-korusuvi\/#respond"]}]},{"@type":"WebPage","@id":"https:\/\/qtmm.org\/qt\/pase-reisi-mevlut-cavusoglu-ve-meclis-reisi-mustafa-cemilevnin-korusuvi\/","url":"https:\/\/qtmm.org\/qt\/pase-reisi-mevlut-cavusoglu-ve-meclis-reisi-mustafa-cemilevnin-korusuvi\/","name":"PASE reisi Mevl\u00fct \u00c7avu\u015fo\u011flu ve Meclis reisi Mustafa Cemilevni\u00f1 k\u00f6r\u00fc\u015f\u00fcvi - \u041c\u0435\u0434\u0436\u043b\u0456\u0441","isPartOf":{"@id":"https:\/\/qtmm.org\/qt\/#website"},"datePublished":"2011-09-17T12:55:00+00:00","dateModified":"2022-01-19T12:55:47+00:00","breadcrumb":{"@id":"https:\/\/qtmm.org\/qt\/pase-reisi-mevlut-cavusoglu-ve-meclis-reisi-mustafa-cemilevnin-korusuvi\/#breadcrumb"},"inLanguage":"qt","potentialAction":[{"@type":"ReadAction","target":["https:\/\/qtmm.org\/qt\/pase-reisi-mevlut-cavusoglu-ve-meclis-reisi-mustafa-cemilevnin-korusuvi\/"]}]},{"@type":"BreadcrumbList","@id":"https:\/\/qtmm.org\/qt\/pase-reisi-mevlut-cavusoglu-ve-meclis-reisi-mustafa-cemilevnin-korusuvi\/#breadcrumb","itemListElement":[{"@type":"ListItem","position":1,"name":"\u0413\u043e\u043b\u043e\u0432\u043d\u0430","item":"https:\/\/qtmm.org\/qt\/"},{"@type":"ListItem","position":2,"name":"PASE reisi Mevl\u00fct \u00c7avu\u015fo\u011flu ve Meclis reisi Mustafa Cemilevni\u00f1 k\u00f6r\u00fc\u015f\u00fcvi"}]},{"@type":"WebSite","@id":"https:\/\/qtmm.org\/qt\/#website","url":"https:\/\/qtmm.org\/qt\/","name":"\u041c\u0435\u0434\u0436\u043b\u0456\u0441","description":"","publisher":{"@id":"https:\/\/qtmm.org\/qt\/#organization"},"potentialAction":[{"@type":"SearchAction","target":{"@type":"EntryPoint","urlTemplate":"https:\/\/qtmm.org\/qt\/?s={search_term_string}"},"query-input":{"@type":"PropertyValueSpecification","valueRequired":true,"valueName":"search_term_string"}}],"inLanguage":"qt"},{"@type":"Organization","@id":"https:\/\/qtmm.org\/qt\/#organization","name":"\u041c\u0435\u0434\u0436\u043b\u0456\u0441","url":"https:\/\/qtmm.org\/qt\/","logo":{"@type":"ImageObject","inLanguage":"qt","@id":"https:\/\/qtmm.org\/qt\/#\/schema\/logo\/image\/","url":"https:\/\/qtmm.org\/wp-content\/uploads\/2024\/12\/ua-mejlis-logo-rgb.svg","contentUrl":"https:\/\/qtmm.org\/wp-content\/uploads\/2024\/12\/ua-mejlis-logo-rgb.svg","caption":"\u041c\u0435\u0434\u0436\u043b\u0456\u0441"},"image":{"@id":"https:\/\/qtmm.org\/qt\/#\/schema\/logo\/image\/"},"sameAs":["https:\/\/www.facebook.com\/qtmm.info\/"]},{"@type":"Person","@id":"https:\/\/qtmm.org\/qt\/#\/schema\/person\/de562469f971dec226ac06e60bbf74a7","name":"Developer","image":{"@type":"ImageObject","inLanguage":"qt","@id":"https:\/\/secure.gravatar.com\/avatar\/392b4cc8fbfeb00b39dfeeab4ee6edded39ffd48e25858637e4765810300227e?s=96&d=mm&r=g","url":"https:\/\/secure.gravatar.com\/avatar\/392b4cc8fbfeb00b39dfeeab4ee6edded39ffd48e25858637e4765810300227e?s=96&d=mm&r=g","contentUrl":"https:\/\/secure.gravatar.com\/avatar\/392b4cc8fbfeb00b39dfeeab4ee6edded39ffd48e25858637e4765810300227e?s=96&d=mm&r=g","caption":"Developer"},"url":"https:\/\/qtmm.org\/qt\/author\/Developer\/"}]}},"_links":{"self":[{"href":"https:\/\/qtmm.org\/qt\/wp-json\/wp\/v2\/posts\/26016","targetHints":{"allow":["GET"]}}],"collection":[{"href":"https:\/\/qtmm.org\/qt\/wp-json\/wp\/v2\/posts"}],"about":[{"href":"https:\/\/qtmm.org\/qt\/wp-json\/wp\/v2\/types\/post"}],"author":[{"embeddable":true,"href":"https:\/\/qtmm.org\/qt\/wp-json\/wp\/v2\/users\/1"}],"replies":[{"embeddable":true,"href":"https:\/\/qtmm.org\/qt\/wp-json\/wp\/v2\/comments?post=26016"}],"version-history":[{"count":1,"href":"https:\/\/qtmm.org\/qt\/wp-json\/wp\/v2\/posts\/26016\/revisions"}],"predecessor-version":[{"id":26017,"href":"https:\/\/qtmm.org\/qt\/wp-json\/wp\/v2\/posts\/26016\/revisions\/26017"}],"wp:attachment":[{"href":"https:\/\/qtmm.org\/qt\/wp-json\/wp\/v2\/media?parent=26016"}],"wp:term":[{"taxonomy":"category","embeddable":true,"href":"https:\/\/qtmm.org\/qt\/wp-json\/wp\/v2\/categories?post=26016"},{"taxonomy":"post_tag","embeddable":true,"href":"https:\/\/qtmm.org\/qt\/wp-json\/wp\/v2\/tags?post=26016"}],"curies":[{"name":"wp","href":"https:\/\/api.w.org\/{rel}","templated":true}]}}