




{"id":25952,"date":"2011-09-16T15:51:00","date_gmt":"2011-09-16T12:51:00","guid":{"rendered":"http:\/\/qtmm.org\/?p=25952"},"modified":"2022-01-19T15:53:30","modified_gmt":"2022-01-19T12:53:30","slug":"mustafa-cemilev-ve-aleksandr-kvasnevskiy-halqara-forum-keciruv-gayesini-muzakere-ettiler","status":"publish","type":"post","link":"https:\/\/qtmm.org\/qt\/mustafa-cemilev-ve-aleksandr-kvasnevskiy-halqara-forum-keciruv-gayesini-muzakere-ettiler\/","title":{"rendered":"Mustafa Cemilev ve Aleksandr Kvasnevskiy Halqara forum ke\u00e7ir\u00fcv \u011fayesini muzakere ettiler"},"content":{"rendered":"\n<p>Yaltada Yalta Avropa strategiyas\u0131n\u0131\u00f1 8-nci forum\u0131 ke\u00e7irilgen vaq\u0131tta Q\u0131r\u0131mtatar halq\u0131 Meclisini\u00f1 reisi Mustafa Cemilev 16 sent\u00e2br k\u00fcn\u00fc Tolerantl\u0131q ve bar\u0131\u015f\u0131ql\u0131q Avropa Ke\u00f1e\u015fini\u00f1 reisi, Poloniya prezidenti (1995-2005 seneleri) Aleksandr Kvasnevskiy ile k\u00f6r\u00fc\u015fti.<\/p>\n\n\n\n<p>&#8220;\u00d6reanda&#8221; musafirhanesini\u00f1 s\u00f6yle\u015f\u00fcvler salonlar\u0131ndan birinde ol\u0131p ke\u00e7ken k\u00f6r\u00fc\u015f\u00fcdvde B\u00fct\u00fcnd\u00fcnya q\u0131r\u0131mtatarlar kongressini\u00f1 Prezidenti, Meclis reisini\u00f1 birinci muavini Refat \u00c7ubarov ve Meclis t\u0131\u015fq\u0131 al\u00e2qalar b\u00f6l\u00fcgini\u00f1 ba\u015f\u0131 Ali Hamzin i\u015ftirak ettiler. &#8220;Men ol\u0131p ke\u00e7eyatqan vaqialar husus\u0131nda fikri\u00f1izni ve b\u00fct\u00fcn sualleri\u00f1izni di\u00f1lemege az\u0131r\u0131m. Qolumdan kelgeni qadar faydal\u0131 olma\u011fa t\u0131r\u0131\u015f\u0131r\u0131m&#8221;, &#8211; dedi Prezident Aleksandr Kvasnevskiy, Meclis reisi Mustafa Cemilevni ve yan\u0131nda bulun\u011fan insanlarn\u0131 sel\u00e2mlar eken.<\/p>\n\n\n\n<p>Mustafa Cemilev, Aleksandr Kvasnevskiyge k\u00f6r\u00fc\u015f\u00fcv i\u00e7\u00fcn te\u015fekk\u00fcr bildirip, q\u0131r\u0131mtatar halq\u0131n\u0131\u00f1, \u015fu c\u00fcmleden Vatann\u0131\u00f1 t\u0131\u015f\u0131nda ya\u015famaq zoruna qal\u011fan semete\u015flerni\u00f1, bug\u00fcnki vaziyetinen ba\u011fl\u0131 b\u00fct\u00fcn meseleler aqq\u0131nda mal\u00fcmat berdi . Mustafa Cemilev \u00f6z tarihiy yurtuna qaytqan q\u0131r\u0131mtatarlar rastkelgen esas q\u0131y\u0131nl\u0131qlarn\u0131 qayd etti.<\/p>\n\n\n\n<p>&#8220;Ba\u015fta bir, bu q\u0131r\u0131mtatar halq\u0131n\u0131\u00f1 aq-uquqlar\u0131n\u0131 \u011fayr\u0131dan tiklegen ve kelecegine kefillik bergen qanunlarn\u0131\u00f1 yoqlu\u011f\u0131, albuki halq\u0131m\u0131z k\u00fctleviy s\u00fcrette qayt\u0131p ba\u015fla\u011fan\u0131na endi 20 y\u0131ldan ziyade old\u0131&#8221;, &#8211; dedi Meclis reisi Mustafa Cemilev ve devam etti: &#8220;SSSR rejimi yapqan cinayetlerni\u00f1 aqibetlerini yoq etmek o\u011frunda endi mustaqil Ukraina \u015faraitlerinde bile bir de bir netice bermedi.<\/p>\n\n\n\n<p>Q\u0131r\u0131mtatar halq\u0131n\u0131\u00f1 aq-uquqlar\u0131n\u0131 \u011fayr\u0131dan tiklevni teminlegen uquq bazas\u0131n\u0131\u00f1 yoqlu\u011f\u0131 er bir aileni yerle\u015ftir\u00fcvden ba\u015flap ta b\u00fct\u00fcn bir halqn\u0131\u00f1 umumiy uquq\u0131n\u0131 tiklevgece b\u00fct\u00fcn meselelerni\u00f1 \u00e7ezimini q\u0131y\u0131nla\u015ft\u0131ra. Bundan da \u011fayr\u0131 100 bi\u00f1 q\u0131r\u0131mtatar\u0131 s\u00fcrg\u00fcnlik yerlerinde qal\u0131p, \u00f6z k\u00fc\u00e7\u00fcnen qaytma\u011fa \u00e7are tapalmay. \u015eu munasebetnen biz halqara ve Avropa cemaat\u00e7\u0131l\u0131\u011f\u0131na muracaat etip, q\u0131r\u0131mtatar halq\u0131n\u0131\u00f1 qaytuv\u0131, yerle\u015f\u00fcvi ve uquqlar\u0131n\u0131\u00f1 tiklen\u00fcvine yard\u0131m bermelerini soraym\u0131z&#8221;<\/p>\n\n\n\n<p>Subetke qo\u015ful\u011fan Refat \u00c7ubarov ve Ali Hamzin Q\u0131r\u0131mtatar halq\u0131n\u0131\u00f1 \u00f6z Vatan\u0131nda uquqlar\u0131n\u0131 tiklev, on\u0131\u00f1 Ukrainada tel\u00fckesizligini teminlev meselesi boyunca Halqara forum\u011fa az\u0131rl\u0131q keti\u015fat\u0131nen tan\u0131\u015f ettiler.<\/p>\n\n\n\n<p>&#8220;Halqara forumn\u0131 ke\u00e7ir\u00fcv boyunca sizi\u00f1 qoltutuv\u0131\u00f1\u0131z ve tevsiyeleri\u00f1iz b\u00fcy\u00fck yard\u0131m olur edi. Biz eminmiz ki, q\u0131r\u0131mtatar halq\u0131 meselesini\u00f1 adaletli \u00e7ezimi em Ukraina devleti, em de birle\u015fken Avropa i\u00e7\u00fcn elveri\u015flidir. Q\u0131r\u0131mtatar meselesini\u00f1 \u00e7ezimi halqara te\u015fkil\u00e2tlarn\u0131\u00f1, \u015fu c\u00fcmleden Avropa Birligi ve \u00d6BSEni\u00f1, kollektiv yard\u0131m\u0131na muhtac meseleler s\u0131ras\u0131nda bulunmal\u0131. Keli\u00f1iz, HH as\u0131rn\u0131\u00f1 totalitar rejimi taraf\u0131ndan yap\u0131l\u011fan cinayetni\u00f1 aqibetlerini yoq et\u00fcvde noqta qoyay\u0131q&#8221;, &#8211; dedi Refat \u00c7ubarov.<\/p>\n\n\n\n<p>Prezident Aleksandr Kvasnevskiy subetde\u015flerine bir qa\u00e7 suallernen muracaat etip, q\u0131r\u0131mtatar halq\u0131n\u0131\u00f1 bug\u00fcnki al\u0131na l\u00e2qayd olma\u011fan\u0131n\u0131 k\u00f6sterdi. Prezidentni akimiyet organlar\u0131nda ne qadar q\u0131r\u0131mtatar\u0131 ol\u011fan\u0131, Ukraina qanunlar\u0131 q\u0131r\u0131mtatarlar\u011fa devlet parlamenti ve yerli organlar\u011fa saylanmaq imk\u00e2n\u0131n\u0131 bergeni, ana tilinde tasil, qayt\u0131p kelgen q\u0131r\u0131mtatarlarn\u0131\u00f1 i\u015fnen teminlenmesi meraqland\u0131rd\u0131. Ukrainada q\u0131r\u0131mtatar problemini\u00f1 \u00e7ezimine \u00f6z noqtai nazar\u0131n\u0131 bildirgen Prezident Aleksandr Kvasnevskiy bu ceryann\u0131 ve \u015fu c\u00fcmleden adalet q\u0131d\u0131r\u011fan q\u0131r\u0131mtatarlarn\u0131\u00f1 qanuniy te\u015febb\u00fcslerini k\u00f6zetip bar\u011fan\u0131n\u0131 aytt\u0131. On\u0131\u00f1 fikrince e\u00f1 semereli yana\u015fuv bu, Avropa Birliginde qabul etilgen insan ve halqlar uquq\u0131n\u0131\u00f1 normalar\u0131na uy\u011fun olmaqt\u0131r.<\/p>\n\n\n\n<p>&#8220;Ukraina Avropa cemiyetini\u00f1 tolu vek\u00e2letli orta\u011f\u0131 olma\u011fa istey, amma bun\u0131\u00f1 i\u00e7\u00fcn milliy azl\u0131qlarn\u0131\u00f1 meselelerini tertipke ketirgen avropa standartlar\u0131na boysunmaq da kerek, &#8211; dep qayd etti Aleksandr Kvasnevskiy. &#8211; Frenkistan, \u0130spaniya ve Poloniyada Avropa Birligine kirmege az\u0131rlanganda t\u0131pq\u0131 b\u00f6yle ol\u011fan edi. Mezk\u00fcr standartlar saylav sistemas\u0131na yani \u00fck\u00fcmet organlar\u0131nda epsi milliy azl\u0131qlarn\u0131\u00f1 proportsional temsil etilmesine, bun\u0131\u00f1 kibi de tasil ve medeniyet meselelerine de aittir&#8221;.<\/p>\n\n\n\n<p>Avropa cemiyetinde endi norma ol\u011fan demokratik talaplar yerine ketirilmeden Avropa Birligini\u00f1 azas\u0131 olmaq imk\u00e2ns\u0131z, dedi Aleksandr Kvasnevskiy ve devam etti : &#8220;\u00d6z nevbetinde Avropa milliy azl\u0131qlarn\u0131\u00f1 meselelerini \u00e7ez\u00fcvde kendi tecribesine malik Avropa Birligi devletleri Ukraina\u011fa qoltutma\u011fa az\u0131rlar. \u015eu c\u00fcmleden, belorus, alman, ukrain milliy azl\u0131qlar\u0131 vekillerini\u00f1 meselelerini \u00e7eze bilgen Poloniya da. Eger biz ker\u00e7ekten de milliy azl\u0131qlarn\u0131 qay\u011f\u0131rsaq, diger devletlerde \u00f6z halq\u0131m\u0131zn\u0131\u00f1 vekilleri i\u00e7\u00fcn yarat\u0131lmas\u0131n\u0131 istedigimiz \u015faraitlerni temin etmekni t\u00fc\u015f\u00fcnmek borclum\u0131z&#8221;.<\/p>\n\n\n\n<p>Aleksandr Kvasnevskiy Q\u0131r\u0131mtatar halq\u0131n\u0131\u00f1 \u00f6z Vatan\u0131nda aq-uquqlar\u0131n\u0131 \u011fayr\u0131dan tiklev, on\u0131\u00f1 Ukrainada tel\u00fckesizligini teminlev meselesine ba\u011f\u0131\u015flan\u011fan Halqara forum ke\u00e7irilmesini\u00f1 m\u00fcimligi ve zarurl\u0131\u011f\u0131n\u0131 ayr\u0131ca etti. On\u0131\u00f1 fikrince milliy azl\u0131qlarn\u0131\u00f1 meselesi ya devletni\u00f1 bayl\u0131\u011f\u0131 ola, ya da balaban facialar oca\u011f\u0131 olabilir.. &#8220;Bizim vazifemiz umumiy avropa standartlar\u0131 \u00e7er\u00e7ivesinde adaletli demokratik \u00e7ezimni tapmaqt\u0131r&#8221; &#8211; dedi eminliknen Poloniyan\u0131\u00f1 sab\u0131q prezidenti Aleksandr Kvasnevskiy.<\/p>\n\n\n\n<p>K\u00f6r\u00fc\u015f\u00fcvni\u00f1 so\u00f1unda Prezident Aleksandr Kvasnevskiy ATR televizion kanal\u0131n\u0131\u00f1 suallerine cevap berdi.<\/p>\n\n\n\n<figure class=\"wp-block-gallery columns-3 is-cropped wp-block-gallery-1 is-layout-flex wp-block-gallery-is-layout-flex\"><ul class=\"blocks-gallery-grid\"><li class=\"blocks-gallery-item\"><figure><a href=\"http:\/\/qtmm.org\/wp-content\/uploads\/2022\/01\/4e79f3f5bdc63.jpeg\"><img loading=\"lazy\" decoding=\"async\" width=\"640\" height=\"480\" src=\"http:\/\/qtmm.org\/wp-content\/uploads\/2022\/01\/4e79f3f5bdc63.jpeg\" alt=\"\" data-id=\"25953\" data-full-url=\"http:\/\/qtmm.org\/wp-content\/uploads\/2022\/01\/4e79f3f5bdc63.jpeg\" data-link=\"http:\/\/qtmm.org\/qt\/?attachment_id=25953\" class=\"wp-image-25953\" srcset=\"https:\/\/qtmm.org\/wp-content\/uploads\/2022\/01\/4e79f3f5bdc63.jpeg 640w, https:\/\/qtmm.org\/wp-content\/uploads\/2022\/01\/4e79f3f5bdc63-300x225.jpeg 300w\" sizes=\"auto, (max-width: 640px) 100vw, 640px\" \/><\/a><\/figure><\/li><li class=\"blocks-gallery-item\"><figure><a href=\"http:\/\/qtmm.org\/wp-content\/uploads\/2022\/01\/4e79f3f6aa7aa.jpeg\"><img loading=\"lazy\" decoding=\"async\" width=\"640\" height=\"480\" src=\"http:\/\/qtmm.org\/wp-content\/uploads\/2022\/01\/4e79f3f6aa7aa.jpeg\" alt=\"\" data-id=\"25957\" data-full-url=\"http:\/\/qtmm.org\/wp-content\/uploads\/2022\/01\/4e79f3f6aa7aa.jpeg\" data-link=\"http:\/\/qtmm.org\/qt\/?attachment_id=25957\" class=\"wp-image-25957\" srcset=\"https:\/\/qtmm.org\/wp-content\/uploads\/2022\/01\/4e79f3f6aa7aa.jpeg 640w, https:\/\/qtmm.org\/wp-content\/uploads\/2022\/01\/4e79f3f6aa7aa-300x225.jpeg 300w\" sizes=\"auto, (max-width: 640px) 100vw, 640px\" \/><\/a><\/figure><\/li><li class=\"blocks-gallery-item\"><figure><a href=\"http:\/\/qtmm.org\/wp-content\/uploads\/2022\/01\/4e79f3f6eba45.jpeg\"><img loading=\"lazy\" decoding=\"async\" width=\"640\" height=\"480\" src=\"http:\/\/qtmm.org\/wp-content\/uploads\/2022\/01\/4e79f3f6eba45.jpeg\" alt=\"\" data-id=\"25961\" data-full-url=\"http:\/\/qtmm.org\/wp-content\/uploads\/2022\/01\/4e79f3f6eba45.jpeg\" data-link=\"http:\/\/qtmm.org\/qt\/?attachment_id=25961\" class=\"wp-image-25961\" srcset=\"https:\/\/qtmm.org\/wp-content\/uploads\/2022\/01\/4e79f3f6eba45.jpeg 640w, https:\/\/qtmm.org\/wp-content\/uploads\/2022\/01\/4e79f3f6eba45-300x225.jpeg 300w\" sizes=\"auto, (max-width: 640px) 100vw, 640px\" \/><\/a><\/figure><\/li><li class=\"blocks-gallery-item\"><figure><a href=\"http:\/\/qtmm.org\/wp-content\/uploads\/2022\/01\/4e79f3f66fe22.jpeg\"><img loading=\"lazy\" decoding=\"async\" width=\"640\" height=\"480\" src=\"http:\/\/qtmm.org\/wp-content\/uploads\/2022\/01\/4e79f3f66fe22.jpeg\" alt=\"\" data-id=\"25965\" data-full-url=\"http:\/\/qtmm.org\/wp-content\/uploads\/2022\/01\/4e79f3f66fe22.jpeg\" data-link=\"http:\/\/qtmm.org\/qt\/?attachment_id=25965\" class=\"wp-image-25965\" srcset=\"https:\/\/qtmm.org\/wp-content\/uploads\/2022\/01\/4e79f3f66fe22.jpeg 640w, https:\/\/qtmm.org\/wp-content\/uploads\/2022\/01\/4e79f3f66fe22-300x225.jpeg 300w\" sizes=\"auto, (max-width: 640px) 100vw, 640px\" \/><\/a><\/figure><\/li><li class=\"blocks-gallery-item\"><figure><a href=\"http:\/\/qtmm.org\/wp-content\/uploads\/2022\/01\/4e79f3f75fc09.jpeg\"><img loading=\"lazy\" decoding=\"async\" width=\"640\" height=\"480\" src=\"http:\/\/qtmm.org\/wp-content\/uploads\/2022\/01\/4e79f3f75fc09.jpeg\" alt=\"\" data-id=\"25969\" data-full-url=\"http:\/\/qtmm.org\/wp-content\/uploads\/2022\/01\/4e79f3f75fc09.jpeg\" data-link=\"http:\/\/qtmm.org\/qt\/?attachment_id=25969\" class=\"wp-image-25969\" srcset=\"https:\/\/qtmm.org\/wp-content\/uploads\/2022\/01\/4e79f3f75fc09.jpeg 640w, https:\/\/qtmm.org\/wp-content\/uploads\/2022\/01\/4e79f3f75fc09-300x225.jpeg 300w\" sizes=\"auto, (max-width: 640px) 100vw, 640px\" \/><\/a><\/figure><\/li><li class=\"blocks-gallery-item\"><figure><a href=\"http:\/\/qtmm.org\/wp-content\/uploads\/2022\/01\/4e79f3f639ec7.jpeg\"><img loading=\"lazy\" decoding=\"async\" width=\"640\" height=\"480\" src=\"http:\/\/qtmm.org\/wp-content\/uploads\/2022\/01\/4e79f3f639ec7.jpeg\" alt=\"\" data-id=\"25973\" data-full-url=\"http:\/\/qtmm.org\/wp-content\/uploads\/2022\/01\/4e79f3f639ec7.jpeg\" data-link=\"http:\/\/qtmm.org\/qt\/?attachment_id=25973\" class=\"wp-image-25973\" srcset=\"https:\/\/qtmm.org\/wp-content\/uploads\/2022\/01\/4e79f3f639ec7.jpeg 640w, https:\/\/qtmm.org\/wp-content\/uploads\/2022\/01\/4e79f3f639ec7-300x225.jpeg 300w\" sizes=\"auto, (max-width: 640px) 100vw, 640px\" \/><\/a><\/figure><\/li><li class=\"blocks-gallery-item\"><figure><a href=\"http:\/\/qtmm.org\/wp-content\/uploads\/2022\/01\/4e79f3f6008d2.jpeg\"><img loading=\"lazy\" decoding=\"async\" width=\"640\" height=\"480\" src=\"http:\/\/qtmm.org\/wp-content\/uploads\/2022\/01\/4e79f3f6008d2.jpeg\" alt=\"\" data-id=\"25977\" data-full-url=\"http:\/\/qtmm.org\/wp-content\/uploads\/2022\/01\/4e79f3f6008d2.jpeg\" data-link=\"http:\/\/qtmm.org\/qt\/?attachment_id=25977\" class=\"wp-image-25977\" srcset=\"https:\/\/qtmm.org\/wp-content\/uploads\/2022\/01\/4e79f3f6008d2.jpeg 640w, https:\/\/qtmm.org\/wp-content\/uploads\/2022\/01\/4e79f3f6008d2-300x225.jpeg 300w\" sizes=\"auto, (max-width: 640px) 100vw, 640px\" \/><\/a><\/figure><\/li><li class=\"blocks-gallery-item\"><figure><a href=\"http:\/\/qtmm.org\/wp-content\/uploads\/2022\/01\/4e79f3f72911a.jpeg\"><img loading=\"lazy\" decoding=\"async\" width=\"640\" height=\"480\" src=\"http:\/\/qtmm.org\/wp-content\/uploads\/2022\/01\/4e79f3f72911a.jpeg\" alt=\"\" data-id=\"25981\" data-full-url=\"http:\/\/qtmm.org\/wp-content\/uploads\/2022\/01\/4e79f3f72911a.jpeg\" data-link=\"http:\/\/qtmm.org\/qt\/?attachment_id=25981\" class=\"wp-image-25981\" srcset=\"https:\/\/qtmm.org\/wp-content\/uploads\/2022\/01\/4e79f3f72911a.jpeg 640w, https:\/\/qtmm.org\/wp-content\/uploads\/2022\/01\/4e79f3f72911a-300x225.jpeg 300w\" sizes=\"auto, (max-width: 640px) 100vw, 640px\" \/><\/a><\/figure><\/li><\/ul><\/figure>\n","protected":false},"excerpt":{"rendered":"<p>Yaltada Yalta Avropa strategiyas\u0131n\u0131\u00f1 8-nci forum\u0131 ke\u00e7irilgen vaq\u0131tta Q\u0131r\u0131mtatar halq\u0131 Meclisini\u00f1 reisi Mustafa Cemilev 16 sent\u00e2br k\u00fcn\u00fc Tolerantl\u0131q ve bar\u0131\u015f\u0131ql\u0131q Avropa Ke\u00f1e\u015fini\u00f1 reisi, Poloniya prezidenti (1995-2005 seneleri) Aleksandr Kvasnevskiy ile k\u00f6r\u00fc\u015fti. &#8220;\u00d6reanda&#8221; musafirhanesini\u00f1 s\u00f6yle\u015f\u00fcvler salonlar\u0131ndan birinde ol\u0131p ke\u00e7ken k\u00f6r\u00fc\u015f\u00fcdvde B\u00fct\u00fcnd\u00fcnya q\u0131r\u0131mtatarlar kongressini\u00f1 Prezidenti, Meclis reisini\u00f1 birinci muavini Refat \u00c7ubarov ve Meclis t\u0131\u015fq\u0131 al\u00e2qalar b\u00f6l\u00fcgini\u00f1 ba\u015f\u0131 [&hellip;]<\/p>\n","protected":false},"author":1,"featured_media":0,"comment_status":"open","ping_status":"open","sticky":false,"template":"","format":"standard","meta":{"inline_featured_image":false,"footnotes":""},"categories":[265],"tags":[],"class_list":["post-25952","post","type-post","status-publish","format-standard","hentry","category-haberler"],"acf":[],"yoast_head":"<!-- This site is optimized with the Yoast SEO plugin v27.4 - https:\/\/yoast.com\/product\/yoast-seo-wordpress\/ -->\n<title>Mustafa Cemilev ve Aleksandr Kvasnevskiy Halqara forum ke\u00e7ir\u00fcv \u011fayesini muzakere ettiler - \u041c\u0435\u0434\u0436\u043b\u0456\u0441<\/title>\n<meta name=\"robots\" content=\"index, follow, max-snippet:-1, max-image-preview:large, max-video-preview:-1\" \/>\n<link rel=\"canonical\" href=\"https:\/\/qtmm.org\/qt\/mustafa-cemilev-ve-aleksandr-kvasnevskiy-halqara-forum-keciruv-gayesini-muzakere-ettiler\/\" \/>\n<meta property=\"og:locale\" content=\"en_US\" \/>\n<meta property=\"og:type\" content=\"article\" \/>\n<meta property=\"og:title\" content=\"Mustafa Cemilev ve Aleksandr Kvasnevskiy Halqara forum ke\u00e7ir\u00fcv \u011fayesini muzakere ettiler - \u041c\u0435\u0434\u0436\u043b\u0456\u0441\" \/>\n<meta property=\"og:description\" content=\"Yaltada Yalta Avropa strategiyas\u0131n\u0131\u00f1 8-nci forum\u0131 ke\u00e7irilgen vaq\u0131tta Q\u0131r\u0131mtatar halq\u0131 Meclisini\u00f1 reisi Mustafa Cemilev 16 sent\u00e2br k\u00fcn\u00fc Tolerantl\u0131q ve bar\u0131\u015f\u0131ql\u0131q Avropa Ke\u00f1e\u015fini\u00f1 reisi, Poloniya prezidenti (1995-2005 seneleri) Aleksandr Kvasnevskiy ile k\u00f6r\u00fc\u015fti. &#8220;\u00d6reanda&#8221; musafirhanesini\u00f1 s\u00f6yle\u015f\u00fcvler salonlar\u0131ndan birinde ol\u0131p ke\u00e7ken k\u00f6r\u00fc\u015f\u00fcdvde B\u00fct\u00fcnd\u00fcnya q\u0131r\u0131mtatarlar kongressini\u00f1 Prezidenti, Meclis reisini\u00f1 birinci muavini Refat \u00c7ubarov ve Meclis t\u0131\u015fq\u0131 al\u00e2qalar b\u00f6l\u00fcgini\u00f1 ba\u015f\u0131 [&hellip;]\" \/>\n<meta property=\"og:url\" content=\"https:\/\/qtmm.org\/qt\/mustafa-cemilev-ve-aleksandr-kvasnevskiy-halqara-forum-keciruv-gayesini-muzakere-ettiler\/\" \/>\n<meta property=\"og:site_name\" content=\"\u041c\u0435\u0434\u0436\u043b\u0456\u0441\" \/>\n<meta property=\"article:publisher\" content=\"https:\/\/www.facebook.com\/qtmm.info\/\" \/>\n<meta property=\"article:published_time\" content=\"2011-09-16T12:51:00+00:00\" \/>\n<meta property=\"article:modified_time\" content=\"2022-01-19T12:53:30+00:00\" \/>\n<meta property=\"og:image\" content=\"https:\/\/qtmm.org\/wp-content\/uploads\/2022\/01\/4e79f3f5bdc63.jpeg\" \/>\n\t<meta property=\"og:image:width\" content=\"640\" \/>\n\t<meta property=\"og:image:height\" content=\"480\" \/>\n\t<meta property=\"og:image:type\" content=\"image\/jpeg\" \/>\n<meta name=\"author\" content=\"Developer\" \/>\n<meta name=\"twitter:card\" content=\"summary_large_image\" \/>\n<meta name=\"twitter:label1\" content=\"Written by\" \/>\n\t<meta name=\"twitter:data1\" content=\"Developer\" \/>\n\t<meta name=\"twitter:label2\" content=\"Est. reading time\" \/>\n\t<meta name=\"twitter:data2\" content=\"4 minutes\" \/>\n<script type=\"application\/ld+json\" class=\"yoast-schema-graph\">{\"@context\":\"https:\\\/\\\/schema.org\",\"@graph\":[{\"@type\":\"Article\",\"@id\":\"https:\\\/\\\/qtmm.org\\\/qt\\\/mustafa-cemilev-ve-aleksandr-kvasnevskiy-halqara-forum-keciruv-gayesini-muzakere-ettiler\\\/#article\",\"isPartOf\":{\"@id\":\"https:\\\/\\\/qtmm.org\\\/qt\\\/mustafa-cemilev-ve-aleksandr-kvasnevskiy-halqara-forum-keciruv-gayesini-muzakere-ettiler\\\/\"},\"author\":{\"name\":\"Developer\",\"@id\":\"https:\\\/\\\/qtmm.org\\\/qt\\\/#\\\/schema\\\/person\\\/de562469f971dec226ac06e60bbf74a7\"},\"headline\":\"Mustafa Cemilev ve Aleksandr Kvasnevskiy Halqara forum ke\u00e7ir\u00fcv \u011fayesini muzakere ettiler\",\"datePublished\":\"2011-09-16T12:51:00+00:00\",\"dateModified\":\"2022-01-19T12:53:30+00:00\",\"mainEntityOfPage\":{\"@id\":\"https:\\\/\\\/qtmm.org\\\/qt\\\/mustafa-cemilev-ve-aleksandr-kvasnevskiy-halqara-forum-keciruv-gayesini-muzakere-ettiler\\\/\"},\"wordCount\":882,\"commentCount\":0,\"publisher\":{\"@id\":\"https:\\\/\\\/qtmm.org\\\/qt\\\/#organization\"},\"image\":{\"@id\":\"https:\\\/\\\/qtmm.org\\\/qt\\\/mustafa-cemilev-ve-aleksandr-kvasnevskiy-halqara-forum-keciruv-gayesini-muzakere-ettiler\\\/#primaryimage\"},\"thumbnailUrl\":\"http:\\\/\\\/qtmm.org\\\/wp-content\\\/uploads\\\/2022\\\/01\\\/4e79f3f5bdc63.jpeg\",\"articleSection\":[\"Haberler\"],\"inLanguage\":\"qt\",\"potentialAction\":[{\"@type\":\"CommentAction\",\"name\":\"Comment\",\"target\":[\"https:\\\/\\\/qtmm.org\\\/qt\\\/mustafa-cemilev-ve-aleksandr-kvasnevskiy-halqara-forum-keciruv-gayesini-muzakere-ettiler\\\/#respond\"]}]},{\"@type\":\"WebPage\",\"@id\":\"https:\\\/\\\/qtmm.org\\\/qt\\\/mustafa-cemilev-ve-aleksandr-kvasnevskiy-halqara-forum-keciruv-gayesini-muzakere-ettiler\\\/\",\"url\":\"https:\\\/\\\/qtmm.org\\\/qt\\\/mustafa-cemilev-ve-aleksandr-kvasnevskiy-halqara-forum-keciruv-gayesini-muzakere-ettiler\\\/\",\"name\":\"Mustafa Cemilev ve Aleksandr Kvasnevskiy Halqara forum ke\u00e7ir\u00fcv \u011fayesini muzakere ettiler - \u041c\u0435\u0434\u0436\u043b\u0456\u0441\",\"isPartOf\":{\"@id\":\"https:\\\/\\\/qtmm.org\\\/qt\\\/#website\"},\"primaryImageOfPage\":{\"@id\":\"https:\\\/\\\/qtmm.org\\\/qt\\\/mustafa-cemilev-ve-aleksandr-kvasnevskiy-halqara-forum-keciruv-gayesini-muzakere-ettiler\\\/#primaryimage\"},\"image\":{\"@id\":\"https:\\\/\\\/qtmm.org\\\/qt\\\/mustafa-cemilev-ve-aleksandr-kvasnevskiy-halqara-forum-keciruv-gayesini-muzakere-ettiler\\\/#primaryimage\"},\"thumbnailUrl\":\"http:\\\/\\\/qtmm.org\\\/wp-content\\\/uploads\\\/2022\\\/01\\\/4e79f3f5bdc63.jpeg\",\"datePublished\":\"2011-09-16T12:51:00+00:00\",\"dateModified\":\"2022-01-19T12:53:30+00:00\",\"breadcrumb\":{\"@id\":\"https:\\\/\\\/qtmm.org\\\/qt\\\/mustafa-cemilev-ve-aleksandr-kvasnevskiy-halqara-forum-keciruv-gayesini-muzakere-ettiler\\\/#breadcrumb\"},\"inLanguage\":\"qt\",\"potentialAction\":[{\"@type\":\"ReadAction\",\"target\":[\"https:\\\/\\\/qtmm.org\\\/qt\\\/mustafa-cemilev-ve-aleksandr-kvasnevskiy-halqara-forum-keciruv-gayesini-muzakere-ettiler\\\/\"]}]},{\"@type\":\"ImageObject\",\"inLanguage\":\"qt\",\"@id\":\"https:\\\/\\\/qtmm.org\\\/qt\\\/mustafa-cemilev-ve-aleksandr-kvasnevskiy-halqara-forum-keciruv-gayesini-muzakere-ettiler\\\/#primaryimage\",\"url\":\"http:\\\/\\\/qtmm.org\\\/wp-content\\\/uploads\\\/2022\\\/01\\\/4e79f3f5bdc63.jpeg\",\"contentUrl\":\"http:\\\/\\\/qtmm.org\\\/wp-content\\\/uploads\\\/2022\\\/01\\\/4e79f3f5bdc63.jpeg\"},{\"@type\":\"BreadcrumbList\",\"@id\":\"https:\\\/\\\/qtmm.org\\\/qt\\\/mustafa-cemilev-ve-aleksandr-kvasnevskiy-halqara-forum-keciruv-gayesini-muzakere-ettiler\\\/#breadcrumb\",\"itemListElement\":[{\"@type\":\"ListItem\",\"position\":1,\"name\":\"\u0413\u043e\u043b\u043e\u0432\u043d\u0430\",\"item\":\"https:\\\/\\\/qtmm.org\\\/qt\\\/\"},{\"@type\":\"ListItem\",\"position\":2,\"name\":\"Mustafa Cemilev ve Aleksandr Kvasnevskiy Halqara forum ke\u00e7ir\u00fcv \u011fayesini muzakere ettiler\"}]},{\"@type\":\"WebSite\",\"@id\":\"https:\\\/\\\/qtmm.org\\\/qt\\\/#website\",\"url\":\"https:\\\/\\\/qtmm.org\\\/qt\\\/\",\"name\":\"\u041c\u0435\u0434\u0436\u043b\u0456\u0441\",\"description\":\"\",\"publisher\":{\"@id\":\"https:\\\/\\\/qtmm.org\\\/qt\\\/#organization\"},\"potentialAction\":[{\"@type\":\"SearchAction\",\"target\":{\"@type\":\"EntryPoint\",\"urlTemplate\":\"https:\\\/\\\/qtmm.org\\\/qt\\\/?s={search_term_string}\"},\"query-input\":{\"@type\":\"PropertyValueSpecification\",\"valueRequired\":true,\"valueName\":\"search_term_string\"}}],\"inLanguage\":\"qt\"},{\"@type\":\"Organization\",\"@id\":\"https:\\\/\\\/qtmm.org\\\/qt\\\/#organization\",\"name\":\"\u041c\u0435\u0434\u0436\u043b\u0456\u0441\",\"url\":\"https:\\\/\\\/qtmm.org\\\/qt\\\/\",\"logo\":{\"@type\":\"ImageObject\",\"inLanguage\":\"qt\",\"@id\":\"https:\\\/\\\/qtmm.org\\\/qt\\\/#\\\/schema\\\/logo\\\/image\\\/\",\"url\":\"https:\\\/\\\/qtmm.org\\\/wp-content\\\/uploads\\\/2024\\\/12\\\/ua-mejlis-logo-rgb.svg\",\"contentUrl\":\"https:\\\/\\\/qtmm.org\\\/wp-content\\\/uploads\\\/2024\\\/12\\\/ua-mejlis-logo-rgb.svg\",\"caption\":\"\u041c\u0435\u0434\u0436\u043b\u0456\u0441\"},\"image\":{\"@id\":\"https:\\\/\\\/qtmm.org\\\/qt\\\/#\\\/schema\\\/logo\\\/image\\\/\"},\"sameAs\":[\"https:\\\/\\\/www.facebook.com\\\/qtmm.info\\\/\"]},{\"@type\":\"Person\",\"@id\":\"https:\\\/\\\/qtmm.org\\\/qt\\\/#\\\/schema\\\/person\\\/de562469f971dec226ac06e60bbf74a7\",\"name\":\"Developer\",\"image\":{\"@type\":\"ImageObject\",\"inLanguage\":\"qt\",\"@id\":\"https:\\\/\\\/secure.gravatar.com\\\/avatar\\\/392b4cc8fbfeb00b39dfeeab4ee6edded39ffd48e25858637e4765810300227e?s=96&d=mm&r=g\",\"url\":\"https:\\\/\\\/secure.gravatar.com\\\/avatar\\\/392b4cc8fbfeb00b39dfeeab4ee6edded39ffd48e25858637e4765810300227e?s=96&d=mm&r=g\",\"contentUrl\":\"https:\\\/\\\/secure.gravatar.com\\\/avatar\\\/392b4cc8fbfeb00b39dfeeab4ee6edded39ffd48e25858637e4765810300227e?s=96&d=mm&r=g\",\"caption\":\"Developer\"},\"url\":\"https:\\\/\\\/qtmm.org\\\/qt\\\/author\\\/Developer\\\/\"}]}<\/script>\n<!-- \/ Yoast SEO plugin. -->","yoast_head_json":{"title":"Mustafa Cemilev ve Aleksandr Kvasnevskiy Halqara forum ke\u00e7ir\u00fcv \u011fayesini muzakere ettiler - \u041c\u0435\u0434\u0436\u043b\u0456\u0441","robots":{"index":"index","follow":"follow","max-snippet":"max-snippet:-1","max-image-preview":"max-image-preview:large","max-video-preview":"max-video-preview:-1"},"canonical":"https:\/\/qtmm.org\/qt\/mustafa-cemilev-ve-aleksandr-kvasnevskiy-halqara-forum-keciruv-gayesini-muzakere-ettiler\/","og_locale":"en_US","og_type":"article","og_title":"Mustafa Cemilev ve Aleksandr Kvasnevskiy Halqara forum ke\u00e7ir\u00fcv \u011fayesini muzakere ettiler - \u041c\u0435\u0434\u0436\u043b\u0456\u0441","og_description":"Yaltada Yalta Avropa strategiyas\u0131n\u0131\u00f1 8-nci forum\u0131 ke\u00e7irilgen vaq\u0131tta Q\u0131r\u0131mtatar halq\u0131 Meclisini\u00f1 reisi Mustafa Cemilev 16 sent\u00e2br k\u00fcn\u00fc Tolerantl\u0131q ve bar\u0131\u015f\u0131ql\u0131q Avropa Ke\u00f1e\u015fini\u00f1 reisi, Poloniya prezidenti (1995-2005 seneleri) Aleksandr Kvasnevskiy ile k\u00f6r\u00fc\u015fti. &#8220;\u00d6reanda&#8221; musafirhanesini\u00f1 s\u00f6yle\u015f\u00fcvler salonlar\u0131ndan birinde ol\u0131p ke\u00e7ken k\u00f6r\u00fc\u015f\u00fcdvde B\u00fct\u00fcnd\u00fcnya q\u0131r\u0131mtatarlar kongressini\u00f1 Prezidenti, Meclis reisini\u00f1 birinci muavini Refat \u00c7ubarov ve Meclis t\u0131\u015fq\u0131 al\u00e2qalar b\u00f6l\u00fcgini\u00f1 ba\u015f\u0131 [&hellip;]","og_url":"https:\/\/qtmm.org\/qt\/mustafa-cemilev-ve-aleksandr-kvasnevskiy-halqara-forum-keciruv-gayesini-muzakere-ettiler\/","og_site_name":"\u041c\u0435\u0434\u0436\u043b\u0456\u0441","article_publisher":"https:\/\/www.facebook.com\/qtmm.info\/","article_published_time":"2011-09-16T12:51:00+00:00","article_modified_time":"2022-01-19T12:53:30+00:00","og_image":[{"width":640,"height":480,"url":"https:\/\/qtmm.org\/wp-content\/uploads\/2022\/01\/4e79f3f5bdc63.jpeg","type":"image\/jpeg"}],"author":"Developer","twitter_card":"summary_large_image","twitter_misc":{"Written by":"Developer","Est. reading time":"4 minutes"},"schema":{"@context":"https:\/\/schema.org","@graph":[{"@type":"Article","@id":"https:\/\/qtmm.org\/qt\/mustafa-cemilev-ve-aleksandr-kvasnevskiy-halqara-forum-keciruv-gayesini-muzakere-ettiler\/#article","isPartOf":{"@id":"https:\/\/qtmm.org\/qt\/mustafa-cemilev-ve-aleksandr-kvasnevskiy-halqara-forum-keciruv-gayesini-muzakere-ettiler\/"},"author":{"name":"Developer","@id":"https:\/\/qtmm.org\/qt\/#\/schema\/person\/de562469f971dec226ac06e60bbf74a7"},"headline":"Mustafa Cemilev ve Aleksandr Kvasnevskiy Halqara forum ke\u00e7ir\u00fcv \u011fayesini muzakere ettiler","datePublished":"2011-09-16T12:51:00+00:00","dateModified":"2022-01-19T12:53:30+00:00","mainEntityOfPage":{"@id":"https:\/\/qtmm.org\/qt\/mustafa-cemilev-ve-aleksandr-kvasnevskiy-halqara-forum-keciruv-gayesini-muzakere-ettiler\/"},"wordCount":882,"commentCount":0,"publisher":{"@id":"https:\/\/qtmm.org\/qt\/#organization"},"image":{"@id":"https:\/\/qtmm.org\/qt\/mustafa-cemilev-ve-aleksandr-kvasnevskiy-halqara-forum-keciruv-gayesini-muzakere-ettiler\/#primaryimage"},"thumbnailUrl":"http:\/\/qtmm.org\/wp-content\/uploads\/2022\/01\/4e79f3f5bdc63.jpeg","articleSection":["Haberler"],"inLanguage":"qt","potentialAction":[{"@type":"CommentAction","name":"Comment","target":["https:\/\/qtmm.org\/qt\/mustafa-cemilev-ve-aleksandr-kvasnevskiy-halqara-forum-keciruv-gayesini-muzakere-ettiler\/#respond"]}]},{"@type":"WebPage","@id":"https:\/\/qtmm.org\/qt\/mustafa-cemilev-ve-aleksandr-kvasnevskiy-halqara-forum-keciruv-gayesini-muzakere-ettiler\/","url":"https:\/\/qtmm.org\/qt\/mustafa-cemilev-ve-aleksandr-kvasnevskiy-halqara-forum-keciruv-gayesini-muzakere-ettiler\/","name":"Mustafa Cemilev ve Aleksandr Kvasnevskiy Halqara forum ke\u00e7ir\u00fcv \u011fayesini muzakere ettiler - \u041c\u0435\u0434\u0436\u043b\u0456\u0441","isPartOf":{"@id":"https:\/\/qtmm.org\/qt\/#website"},"primaryImageOfPage":{"@id":"https:\/\/qtmm.org\/qt\/mustafa-cemilev-ve-aleksandr-kvasnevskiy-halqara-forum-keciruv-gayesini-muzakere-ettiler\/#primaryimage"},"image":{"@id":"https:\/\/qtmm.org\/qt\/mustafa-cemilev-ve-aleksandr-kvasnevskiy-halqara-forum-keciruv-gayesini-muzakere-ettiler\/#primaryimage"},"thumbnailUrl":"http:\/\/qtmm.org\/wp-content\/uploads\/2022\/01\/4e79f3f5bdc63.jpeg","datePublished":"2011-09-16T12:51:00+00:00","dateModified":"2022-01-19T12:53:30+00:00","breadcrumb":{"@id":"https:\/\/qtmm.org\/qt\/mustafa-cemilev-ve-aleksandr-kvasnevskiy-halqara-forum-keciruv-gayesini-muzakere-ettiler\/#breadcrumb"},"inLanguage":"qt","potentialAction":[{"@type":"ReadAction","target":["https:\/\/qtmm.org\/qt\/mustafa-cemilev-ve-aleksandr-kvasnevskiy-halqara-forum-keciruv-gayesini-muzakere-ettiler\/"]}]},{"@type":"ImageObject","inLanguage":"qt","@id":"https:\/\/qtmm.org\/qt\/mustafa-cemilev-ve-aleksandr-kvasnevskiy-halqara-forum-keciruv-gayesini-muzakere-ettiler\/#primaryimage","url":"http:\/\/qtmm.org\/wp-content\/uploads\/2022\/01\/4e79f3f5bdc63.jpeg","contentUrl":"http:\/\/qtmm.org\/wp-content\/uploads\/2022\/01\/4e79f3f5bdc63.jpeg"},{"@type":"BreadcrumbList","@id":"https:\/\/qtmm.org\/qt\/mustafa-cemilev-ve-aleksandr-kvasnevskiy-halqara-forum-keciruv-gayesini-muzakere-ettiler\/#breadcrumb","itemListElement":[{"@type":"ListItem","position":1,"name":"\u0413\u043e\u043b\u043e\u0432\u043d\u0430","item":"https:\/\/qtmm.org\/qt\/"},{"@type":"ListItem","position":2,"name":"Mustafa Cemilev ve Aleksandr Kvasnevskiy Halqara forum ke\u00e7ir\u00fcv \u011fayesini muzakere ettiler"}]},{"@type":"WebSite","@id":"https:\/\/qtmm.org\/qt\/#website","url":"https:\/\/qtmm.org\/qt\/","name":"\u041c\u0435\u0434\u0436\u043b\u0456\u0441","description":"","publisher":{"@id":"https:\/\/qtmm.org\/qt\/#organization"},"potentialAction":[{"@type":"SearchAction","target":{"@type":"EntryPoint","urlTemplate":"https:\/\/qtmm.org\/qt\/?s={search_term_string}"},"query-input":{"@type":"PropertyValueSpecification","valueRequired":true,"valueName":"search_term_string"}}],"inLanguage":"qt"},{"@type":"Organization","@id":"https:\/\/qtmm.org\/qt\/#organization","name":"\u041c\u0435\u0434\u0436\u043b\u0456\u0441","url":"https:\/\/qtmm.org\/qt\/","logo":{"@type":"ImageObject","inLanguage":"qt","@id":"https:\/\/qtmm.org\/qt\/#\/schema\/logo\/image\/","url":"https:\/\/qtmm.org\/wp-content\/uploads\/2024\/12\/ua-mejlis-logo-rgb.svg","contentUrl":"https:\/\/qtmm.org\/wp-content\/uploads\/2024\/12\/ua-mejlis-logo-rgb.svg","caption":"\u041c\u0435\u0434\u0436\u043b\u0456\u0441"},"image":{"@id":"https:\/\/qtmm.org\/qt\/#\/schema\/logo\/image\/"},"sameAs":["https:\/\/www.facebook.com\/qtmm.info\/"]},{"@type":"Person","@id":"https:\/\/qtmm.org\/qt\/#\/schema\/person\/de562469f971dec226ac06e60bbf74a7","name":"Developer","image":{"@type":"ImageObject","inLanguage":"qt","@id":"https:\/\/secure.gravatar.com\/avatar\/392b4cc8fbfeb00b39dfeeab4ee6edded39ffd48e25858637e4765810300227e?s=96&d=mm&r=g","url":"https:\/\/secure.gravatar.com\/avatar\/392b4cc8fbfeb00b39dfeeab4ee6edded39ffd48e25858637e4765810300227e?s=96&d=mm&r=g","contentUrl":"https:\/\/secure.gravatar.com\/avatar\/392b4cc8fbfeb00b39dfeeab4ee6edded39ffd48e25858637e4765810300227e?s=96&d=mm&r=g","caption":"Developer"},"url":"https:\/\/qtmm.org\/qt\/author\/Developer\/"}]}},"_links":{"self":[{"href":"https:\/\/qtmm.org\/qt\/wp-json\/wp\/v2\/posts\/25952","targetHints":{"allow":["GET"]}}],"collection":[{"href":"https:\/\/qtmm.org\/qt\/wp-json\/wp\/v2\/posts"}],"about":[{"href":"https:\/\/qtmm.org\/qt\/wp-json\/wp\/v2\/types\/post"}],"author":[{"embeddable":true,"href":"https:\/\/qtmm.org\/qt\/wp-json\/wp\/v2\/users\/1"}],"replies":[{"embeddable":true,"href":"https:\/\/qtmm.org\/qt\/wp-json\/wp\/v2\/comments?post=25952"}],"version-history":[{"count":1,"href":"https:\/\/qtmm.org\/qt\/wp-json\/wp\/v2\/posts\/25952\/revisions"}],"predecessor-version":[{"id":25985,"href":"https:\/\/qtmm.org\/qt\/wp-json\/wp\/v2\/posts\/25952\/revisions\/25985"}],"wp:attachment":[{"href":"https:\/\/qtmm.org\/qt\/wp-json\/wp\/v2\/media?parent=25952"}],"wp:term":[{"taxonomy":"category","embeddable":true,"href":"https:\/\/qtmm.org\/qt\/wp-json\/wp\/v2\/categories?post=25952"},{"taxonomy":"post_tag","embeddable":true,"href":"https:\/\/qtmm.org\/qt\/wp-json\/wp\/v2\/tags?post=25952"}],"curies":[{"name":"wp","href":"https:\/\/api.w.org\/{rel}","templated":true}]}}