




{"id":25926,"date":"2011-09-15T15:49:00","date_gmt":"2011-09-15T12:49:00","guid":{"rendered":"http:\/\/qtmm.org\/?p=25926"},"modified":"2022-01-19T15:51:34","modified_gmt":"2022-01-19T12:51:34","slug":"meclis-reisi-mustafa-cemilev-avropa-qomsuciligi-siyaseti-ve-kenislestuv-meseleleri-boyunca-avropa-komissiyasinin-komissari-stefan-fule-ile-korusti","status":"publish","type":"post","link":"https:\/\/qtmm.org\/qt\/meclis-reisi-mustafa-cemilev-avropa-qomsuciligi-siyaseti-ve-kenislestuv-meseleleri-boyunca-avropa-komissiyasinin-komissari-stefan-fule-ile-korusti\/","title":{"rendered":"Meclis reisi Mustafa Cemilev Avropa qom\u015fuc\u0131l\u0131\u011f\u0131 siyaseti ve keni\u015fle\u015ft\u00fcv meseleleri boyunca Avropa komissiyas\u0131n\u0131\u00f1 komissar\u0131 \u015etefan F\u00fcle ile k\u00f6r\u00fc\u015fti"},"content":{"rendered":"\n<p>Meclis reisi Mustafa Cemilev&nbsp; 2011 senesi sent\u00e2br 15 k\u00fcn\u00fc&nbsp; Avropa qom\u015fuc\u0131l\u0131\u011f\u0131 siyaseti ve keni\u015flet\u00fcv meseleleri boyunca Avropa komissiyas\u0131n\u0131\u00f1 komissar\u0131&nbsp; \u015etefan F\u00fcle ile k\u00f6r\u00fc\u015fti.&nbsp; \u015eu k\u00fcn\u00fc Mustafa Cemilev Q\u0131r\u0131mtatar halq\u0131 Meclisini\u00f1 ofisinde&nbsp;&nbsp; Avropa Birligini\u00f1 Avropa qom\u015fuc\u0131l\u0131\u011f\u0131 siyaseti ve keni\u015flet\u00fcv meseleleri boyunca Avropa komissiyas\u0131n\u0131\u00f1 komissar\u0131&nbsp; \u015etefan F\u00fcle yolba\u015f\u00e7\u0131l\u0131\u011f\u0131ndaki delegatsiyan\u0131 qabul etti.<\/p>\n\n\n\n<p>Avropa Birligi delegatsiyas\u0131n\u0131\u00f1 erk\u00e2n\u0131na&nbsp; Ukraina Avropa komissiyas\u0131n\u0131\u00f1 ba\u015f\u0131 Joze Manuel Pintu Tey\u015feyra, Avropa Birligi komissar\u0131 kabinetini\u00f1 azas\u0131 \u0130von Py\u00fcrko,Avropa qom\u015fuc\u0131l\u0131\u011f\u0131 siyaseti koordinatsiyas\u0131 b\u00f6l\u00fcgini\u00f1 reberi&nbsp; Madlen Mayorenko, Avropa t\u0131\u015fq\u0131 faaliyetler h\u0131zmetini\u00f1 \u015earq b\u00f6l\u00fcgi m\u00fctehass\u0131s\u0131 Kelin Ungur, Avropa Birligi komissar\u0131n\u0131\u00f1 matbuat k\u00e2tibi Anka Paduraru, Ukrainada Avropa Birligi temsilciligi siyasiy b\u00f6l\u00fcgini\u00f1 ba\u015f\u0131 Hannes \u015erayber, Ukrainada Avropa Birligi temsilciligini\u00f1 siyasiy atta\u015fesi&nbsp; Fabiola Di Klemente, Ukrainada Avropa Birligi temsilciligini\u00f1 Q\u0131r\u0131mda i\u015fbirlik boyunca beraberlikte te\u015febb\u00fcsi&nbsp; y\u00f6neticisi&nbsp; Entso Damyani ve Ukrainada Avropa Birligi temsilciligini\u00f1 matbuat k\u00e2tibi David Stulik kirdiler.<\/p>\n\n\n\n<p>Q\u0131r\u0131mtatar halq\u0131 Meclisi taraf\u0131ndan k\u00f6r\u00fc\u015f\u00fcvde Meclis reisini\u00f1 birinci muavini&nbsp; Refat \u00c7ubarov, Meclis K\u00e2tibiyetini\u00f1 ba\u015f\u0131&nbsp; Zair Smedl\u00e2yev ve t\u0131\u015fq\u0131 al\u00e2qalar b\u00f6l\u00fcgini\u00f1 reberi&nbsp; Ali Hamzin i\u015ftirak ettiler.<\/p>\n\n\n\n<p>&nbsp;Nufuzl\u0131 musafirlerni samimiy sel\u00e2mla\u011fan Meclis reisi&nbsp; Mustafa Cemilev Avropa Birligi komissar\u0131 \u015etefan F\u00fclege Avropa devletleri ve halqlar\u0131 aras\u0131nda i\u015fan\u00e7 ve \u00f6zara a\u00f1la\u015fuvn\u0131 pekitkeni i\u00e7\u00fcn te\u015fekk\u00fcr bildirip, q\u0131r\u0131mtatar halq\u0131 ker\u00e7ekten de bug\u00fcn&nbsp; halqara cemaat\u00e7\u0131l\u0131qn\u0131\u00f1 ve ba\u015fta bir Avropa institutlar\u0131n\u0131\u00f1 qolututuv\u0131na muhtac ol\u011fan\u0131n\u0131 qayd etti. &#8220;Q\u0131r\u0131mtatar halq\u0131n\u0131\u00f1 Meclisi Avropa Birligi ve Avropa Parlamentini\u00f1 deputatlar\u0131nen \u00f6zara emekda\u015fl\u0131qqa pek y\u00fcksek q\u0131ymet kese. Q\u0131r\u0131mtatar halq\u0131 meclisi ve Avropa Birligi institutlar\u0131 aras\u0131nda esasen Ukrainada Avropa Birligi temsilciligini\u00f1 sayesinde meydan\u011fa kelgen a\u00e7\u0131q ve muntazam dialog biz i\u00e7\u00fcn \u011fayet m\u00fcimdir&#8221;, -dedi Mustafa Cemilev.<\/p>\n\n\n\n<p>Q\u0131r\u0131mtatar halq\u0131n\u0131\u00f1 qaytuv\u0131, yerle\u015f\u00fcvinen ba\u011fl\u0131 bir \u00e7oq meseleler boyunca keni\u015f muzakere devam\u0131nda&nbsp; Meclis reisi Mustafa Cemilev Avropa Birligi komissar\u0131 \u015etefan F\u00fcleni\u00f1 diqqat\u0131n\u0131 Ukraina parlamenti q\u0131r\u0131mtatar halq\u0131na nisbeten yap\u0131l\u011fan cinayetni\u00f1 aqibetlerini yoq et\u00fcvge do\u011frult\u0131l\u011fan mahsus qanunlarn\u0131 qabul etmegenine celp etti. Bun\u0131\u00f1 neticesinde&nbsp; daa baya\u011f\u0131 q\u0131sm\u0131 s\u00fcrg\u00fcnlikte bulun\u011fan q\u0131r\u0131mtatar halq\u0131n\u0131\u00f1 a\u011f\u0131r vaziyeti beterle\u015fmekte.&nbsp;&nbsp;<\/p>\n\n\n\n<p>Avropa qom\u015fuc\u0131l\u0131\u011f\u0131 siyaseti ve keni\u015fle\u015ft\u00fcv meseleleri boyunca Avropa komissiyas\u0131n\u0131\u00f1 komissar\u0131&nbsp; \u015etefan F\u00fclege muracaat eterek Meclis reisi Mustafa Cemilev&nbsp; qayd etti ki, q\u0131r\u0131mtatar halq\u0131n\u0131\u00f1 millet olaraq yoq olmas\u0131na ketirecek bu vaziyetke halqara ve Avropa cemaat\u00e7\u0131l\u0131\u011f\u0131 l\u00e2qayd qal\u0131p olamaz.&nbsp; Ayn\u0131 zamanda, devam etti Mustafa Cemilev, q\u0131r\u0131mtatar halq\u0131n\u0131\u00f1 meselesini adaletli \u00e7ez\u00fcvde Avropa Birligini\u00f1 azas\u0131 olma\u011fa t\u0131r\u0131\u015fqan ukrain devleti de halqara cemaat\u00e7\u0131l\u0131qn\u0131\u00f1 yard\u0131m\u0131na muhtacd\u0131r.<\/p>\n\n\n\n<p>&nbsp;Meclis reisi Mustafa Cemilev Avropa Birligini\u00f1 komissar\u0131 \u015etefan F\u00fcleni q\u0131r\u0131mtatar halq\u0131n\u0131\u00f1 \u00f6z vatan\u0131nda aq-uquqlar\u0131n\u0131 \u011fayr\u0131dan tiklev, Ukrainada on\u0131\u00f1 tel\u00fckesizligini teminlev meseleleri&nbsp; boyunca halqara forum\u011fa az\u0131rl\u0131qn\u0131\u00f1 keti\u015fat\u0131nen tan\u0131\u015f etti.&nbsp;&nbsp;<\/p>\n\n\n\n<p>Halqara forum mevzus\u0131n\u0131 devam ettirgen Mecis reisini\u00f1 birinci muavini Refat \u00c7ubarov qayd etti ki, 2011 senesi okt\u00e2br 5 k\u00fcn\u00fc Meclis reberlerini\u00f1&nbsp; Ukrainada akkreditatsiya yap\u0131l\u011fan el\u00e7ilik ve halqara te\u015fkil\u00e2tlar temsilciligini\u00f1 yolba\u015f\u00e7\u0131lar\u0131nen olacaq k\u00f6r\u00fc\u015f\u00fcvde Halqara forumn\u0131\u00f1 k\u00f6ntseptsiyas\u0131 muzakere etilecek.&nbsp; &#8220;Ukraina Prezidentini\u00f1 Memuriyeti, Ukraina Nazirler Kabineti ve Ukraina Yuqar\u0131 \u015euras\u0131n\u0131\u00f1 vekilleri de davet olun\u011fan bu k\u00f6r\u00fc\u015f\u00fcv vaqt\u0131nda q\u0131r\u0131mtatar halq\u0131n\u0131\u00f1 aq-uquqlar\u0131n\u0131 tolus\u0131nen amelge ke\u00e7irmek imk\u00e2n\u0131n\u0131 bere bilecek \u00f6z\u00fcne has halqara &#8220;yol haritas\u0131&#8221;n\u0131 i\u015flemek maqsad\u0131nda biz Halqara forum i\u015ftirak\u00e7ileri k\u00f6terecek meselelerni muzakere etecekmiz. Bu k\u00f6r\u00fc\u015f\u00fcvde Ukrainada Avropa komissiyas\u0131 Vek\u00e2letligini\u00f1 ba\u015f\u0131 Joze Manuyel Pintu Tey\u015feyran\u0131\u00f1 i\u015ftirak etmesi biz i\u00e7\u00fcn b\u00fcy\u00fck yard\u0131m olur, &#8211; dedi Refat \u00c7ubarov.<\/p>\n\n\n\n<p>&nbsp;Avropa qom\u015fuc\u0131l\u0131\u011f\u0131 siyaseti ve keni\u015flet\u00fcv meseleleri boyunca Avropa komissiyas\u0131n\u0131\u00f1 komissar\u0131&nbsp; \u015etefan F\u00fcle&nbsp; Q\u0131r\u0131m Muhtar Cumhuriyeti yolba\u015f\u00e7\u0131lar\u0131nen k\u00f6r\u00fc\u015f\u00fcvleri semereli netice berecegine eminligini bildirdi. &#8220;Muhtariyet Nazirler \u015furas\u0131 bizge Q\u0131r\u0131m inki\u015faf\u0131n\u0131\u00f1 b\u00fct\u00fcn&nbsp; meseleleri, \u015fu c\u00fcmleden Avropa Birligi leyhalar\u0131n\u0131\u00f1&nbsp; Q\u0131r\u0131mda amelge ke\u00e7irilmesi, Q\u0131r\u0131mda ya\u015fa\u011fan milliy cemiyetlerni\u00f1 uquqlar\u0131 ve menfaatlar\u0131 esapqa al\u0131n\u011fan\u0131 alda baq\u0131laca\u011f\u0131na s\u00f6z berdiler&#8221;, dedi&nbsp;&nbsp; cenap \u015etefan F\u00fcle.<\/p>\n\n\n\n<p>&nbsp;Avropa Birligini\u00f1 Komissar\u0131 \u015etefan F\u00fcle Q\u0131r\u0131mtatar halq\u0131n\u0131\u00f1 \u00f6z vatan\u0131nda aq-uquqlar\u0131n\u0131 \u011fayr\u0131dan tiklev, Ukrainada on\u0131\u00f1 tel\u00fckesizligini teminlev meseleleri&nbsp; boyunca halqara forum ke\u00e7ir\u00fcv \u011fayesine qoltutaraq,&nbsp;&nbsp; insan uquqlar\u0131 ve milliy cemiyetlerni\u00f1 aqlar\u0131n\u0131 teminlev o\u011frunda yap\u0131l\u011fan er angi ad\u0131m qoltutuv\u011fa l\u00e2y\u0131qt\u0131r, dep qayd etti.&nbsp; Bun\u0131\u00f1 kibi de Komissar&nbsp; Halqara forumn\u0131 ke\u00e7ir\u00fcv meselesi boyunca b\u00fct\u00fcn menfaatdar taraflar, \u015fu c\u00fcmleden \u00d6BSE ile mu\u015favereler ke\u00e7irecegini bildirdi. Avropa Birligi&nbsp; Komissar\u0131&nbsp; \u015etefan F\u00fcle Q\u0131r\u0131mtatar halq\u0131n\u0131\u00f1 Meclisi&nbsp; Halqara forum ke\u00e7irilmesini\u00f1&nbsp; zarurl\u0131\u011f\u0131n\u0131&nbsp; ukrain \u00fck\u00fcmetine a\u00f1lata bilir. Forum ise q\u0131r\u0131mtatar meselesini\u00f1 \u00e7ezimine ya\u00f1\u0131 bir siltem olur.<\/p>\n\n\n\n<p>&#8220;Te\u015febb\u00fcsleri\u00f1izge \u00fck\u00fcmetni de celp et\u00fcv \u011fayet m\u00fcimdir, &#8211; devam\u00a0 etti s\u00f6z\u00fcni Komissar. Bizim te\u015fkil\u00e2tlar\u0131m\u0131zn\u0131\u00f1 rol\u00fcne kelsek, olar endi belgilengendir. Q\u0131r\u0131mtatarlarn\u0131\u00f1 meselesi Ukrainan\u0131\u00f1 i\u00e7ki ceryan\u0131d\u0131r ve on\u0131\u00f1 i\u00e7\u00fcn birinci nevbette Ukraina mes\u00fclietlidir&#8221;. Bu yerde cenap F\u00fcle\u00a0 Meclis ile dialogn\u0131 devam ettirmege az\u0131rl\u0131\u011f\u0131nda i\u015fand\u0131r\u0131p, Avropa institutlar\u0131 halqlarn\u0131\u00f1 demokratik aqlar\u0131 ve serbestliklerini qoruv o\u011frunda \u00e7al\u0131\u015fqanlar\u0131n\u0131 qayd etti.<\/p>\n\n\n\n<figure class=\"wp-block-gallery columns-3 is-cropped wp-block-gallery-1 is-layout-flex wp-block-gallery-is-layout-flex\"><ul class=\"blocks-gallery-grid\"><li class=\"blocks-gallery-item\"><figure><a href=\"http:\/\/qtmm.org\/wp-content\/uploads\/2022\/01\/4e79f8f6b2f13.jpeg\"><img loading=\"lazy\" decoding=\"async\" width=\"640\" height=\"480\" src=\"http:\/\/qtmm.org\/wp-content\/uploads\/2022\/01\/4e79f8f6b2f13.jpeg\" alt=\"\" data-id=\"25927\" data-full-url=\"http:\/\/qtmm.org\/wp-content\/uploads\/2022\/01\/4e79f8f6b2f13.jpeg\" data-link=\"http:\/\/qtmm.org\/qt\/?attachment_id=25927\" class=\"wp-image-25927\" srcset=\"https:\/\/qtmm.org\/wp-content\/uploads\/2022\/01\/4e79f8f6b2f13.jpeg 640w, https:\/\/qtmm.org\/wp-content\/uploads\/2022\/01\/4e79f8f6b2f13-300x225.jpeg 300w\" sizes=\"auto, (max-width: 640px) 100vw, 640px\" \/><\/a><\/figure><\/li><li class=\"blocks-gallery-item\"><figure><a href=\"http:\/\/qtmm.org\/wp-content\/uploads\/2022\/01\/4e79f8f7c309b.jpeg\"><img loading=\"lazy\" decoding=\"async\" width=\"640\" height=\"480\" src=\"http:\/\/qtmm.org\/wp-content\/uploads\/2022\/01\/4e79f8f7c309b.jpeg\" alt=\"\" data-id=\"25931\" data-full-url=\"http:\/\/qtmm.org\/wp-content\/uploads\/2022\/01\/4e79f8f7c309b.jpeg\" data-link=\"http:\/\/qtmm.org\/qt\/?attachment_id=25931\" class=\"wp-image-25931\" srcset=\"https:\/\/qtmm.org\/wp-content\/uploads\/2022\/01\/4e79f8f7c309b.jpeg 640w, https:\/\/qtmm.org\/wp-content\/uploads\/2022\/01\/4e79f8f7c309b-300x225.jpeg 300w\" sizes=\"auto, (max-width: 640px) 100vw, 640px\" \/><\/a><\/figure><\/li><li class=\"blocks-gallery-item\"><figure><a href=\"http:\/\/qtmm.org\/wp-content\/uploads\/2022\/01\/4e79f8f63c4e7.jpeg\"><img loading=\"lazy\" decoding=\"async\" width=\"640\" height=\"480\" src=\"http:\/\/qtmm.org\/wp-content\/uploads\/2022\/01\/4e79f8f63c4e7.jpeg\" alt=\"\" data-id=\"25935\" data-full-url=\"http:\/\/qtmm.org\/wp-content\/uploads\/2022\/01\/4e79f8f63c4e7.jpeg\" data-link=\"http:\/\/qtmm.org\/qt\/?attachment_id=25935\" class=\"wp-image-25935\" srcset=\"https:\/\/qtmm.org\/wp-content\/uploads\/2022\/01\/4e79f8f63c4e7.jpeg 640w, https:\/\/qtmm.org\/wp-content\/uploads\/2022\/01\/4e79f8f63c4e7-300x225.jpeg 300w\" sizes=\"auto, (max-width: 640px) 100vw, 640px\" \/><\/a><\/figure><\/li><li class=\"blocks-gallery-item\"><figure><a href=\"http:\/\/qtmm.org\/wp-content\/uploads\/2022\/01\/4e79f8f67ac80.jpeg\"><img loading=\"lazy\" decoding=\"async\" width=\"640\" height=\"480\" src=\"http:\/\/qtmm.org\/wp-content\/uploads\/2022\/01\/4e79f8f67ac80.jpeg\" alt=\"\" data-id=\"25939\" data-full-url=\"http:\/\/qtmm.org\/wp-content\/uploads\/2022\/01\/4e79f8f67ac80.jpeg\" data-link=\"http:\/\/qtmm.org\/qt\/?attachment_id=25939\" class=\"wp-image-25939\" srcset=\"https:\/\/qtmm.org\/wp-content\/uploads\/2022\/01\/4e79f8f67ac80.jpeg 640w, https:\/\/qtmm.org\/wp-content\/uploads\/2022\/01\/4e79f8f67ac80-300x225.jpeg 300w\" sizes=\"auto, (max-width: 640px) 100vw, 640px\" \/><\/a><\/figure><\/li><li class=\"blocks-gallery-item\"><figure><a href=\"http:\/\/qtmm.org\/wp-content\/uploads\/2022\/01\/4e79f8f72a3ad.jpeg\"><img loading=\"lazy\" decoding=\"async\" width=\"640\" height=\"480\" src=\"http:\/\/qtmm.org\/wp-content\/uploads\/2022\/01\/4e79f8f72a3ad.jpeg\" alt=\"\" data-id=\"25943\" data-full-url=\"http:\/\/qtmm.org\/wp-content\/uploads\/2022\/01\/4e79f8f72a3ad.jpeg\" data-link=\"http:\/\/qtmm.org\/qt\/?attachment_id=25943\" class=\"wp-image-25943\" srcset=\"https:\/\/qtmm.org\/wp-content\/uploads\/2022\/01\/4e79f8f72a3ad.jpeg 640w, https:\/\/qtmm.org\/wp-content\/uploads\/2022\/01\/4e79f8f72a3ad-300x225.jpeg 300w\" sizes=\"auto, (max-width: 640px) 100vw, 640px\" \/><\/a><\/figure><\/li><li class=\"blocks-gallery-item\"><figure><a href=\"http:\/\/qtmm.org\/wp-content\/uploads\/2022\/01\/4e79f8f75faf0.jpeg\"><img loading=\"lazy\" decoding=\"async\" width=\"640\" height=\"480\" src=\"http:\/\/qtmm.org\/wp-content\/uploads\/2022\/01\/4e79f8f75faf0.jpeg\" alt=\"\" data-id=\"25947\" data-full-url=\"http:\/\/qtmm.org\/wp-content\/uploads\/2022\/01\/4e79f8f75faf0.jpeg\" data-link=\"http:\/\/qtmm.org\/qt\/?attachment_id=25947\" class=\"wp-image-25947\" srcset=\"https:\/\/qtmm.org\/wp-content\/uploads\/2022\/01\/4e79f8f75faf0.jpeg 640w, https:\/\/qtmm.org\/wp-content\/uploads\/2022\/01\/4e79f8f75faf0-300x225.jpeg 300w\" sizes=\"auto, (max-width: 640px) 100vw, 640px\" \/><\/a><\/figure><\/li><\/ul><\/figure>\n","protected":false},"excerpt":{"rendered":"<p>Meclis reisi Mustafa Cemilev&nbsp; 2011 senesi sent\u00e2br 15 k\u00fcn\u00fc&nbsp; Avropa qom\u015fuc\u0131l\u0131\u011f\u0131 siyaseti ve keni\u015flet\u00fcv meseleleri boyunca Avropa komissiyas\u0131n\u0131\u00f1 komissar\u0131&nbsp; \u015etefan F\u00fcle ile k\u00f6r\u00fc\u015fti.&nbsp; \u015eu k\u00fcn\u00fc Mustafa Cemilev Q\u0131r\u0131mtatar halq\u0131 Meclisini\u00f1 ofisinde&nbsp;&nbsp; Avropa Birligini\u00f1 Avropa qom\u015fuc\u0131l\u0131\u011f\u0131 siyaseti ve keni\u015flet\u00fcv meseleleri boyunca Avropa komissiyas\u0131n\u0131\u00f1 komissar\u0131&nbsp; \u015etefan F\u00fcle yolba\u015f\u00e7\u0131l\u0131\u011f\u0131ndaki delegatsiyan\u0131 qabul etti. Avropa Birligi delegatsiyas\u0131n\u0131\u00f1 erk\u00e2n\u0131na&nbsp; Ukraina Avropa [&hellip;]<\/p>\n","protected":false},"author":1,"featured_media":25943,"comment_status":"open","ping_status":"open","sticky":false,"template":"","format":"standard","meta":{"inline_featured_image":false,"footnotes":""},"categories":[265],"tags":[],"class_list":["post-25926","post","type-post","status-publish","format-standard","has-post-thumbnail","hentry","category-haberler"],"acf":[],"yoast_head":"<!-- This site is optimized with the Yoast SEO plugin v27.4 - https:\/\/yoast.com\/product\/yoast-seo-wordpress\/ -->\n<title>Meclis reisi Mustafa Cemilev Avropa qom\u015fuc\u0131l\u0131\u011f\u0131 siyaseti ve keni\u015fle\u015ft\u00fcv meseleleri boyunca Avropa komissiyas\u0131n\u0131\u00f1 komissar\u0131 \u015etefan F\u00fcle ile k\u00f6r\u00fc\u015fti - \u041c\u0435\u0434\u0436\u043b\u0456\u0441<\/title>\n<meta name=\"robots\" content=\"index, follow, max-snippet:-1, max-image-preview:large, max-video-preview:-1\" \/>\n<link rel=\"canonical\" href=\"https:\/\/qtmm.org\/qt\/meclis-reisi-mustafa-cemilev-avropa-qomsuciligi-siyaseti-ve-kenislestuv-meseleleri-boyunca-avropa-komissiyasinin-komissari-stefan-fule-ile-korusti\/\" \/>\n<meta property=\"og:locale\" content=\"en_US\" \/>\n<meta property=\"og:type\" content=\"article\" \/>\n<meta property=\"og:title\" content=\"Meclis reisi Mustafa Cemilev Avropa qom\u015fuc\u0131l\u0131\u011f\u0131 siyaseti ve keni\u015fle\u015ft\u00fcv meseleleri boyunca Avropa komissiyas\u0131n\u0131\u00f1 komissar\u0131 \u015etefan F\u00fcle ile k\u00f6r\u00fc\u015fti - \u041c\u0435\u0434\u0436\u043b\u0456\u0441\" \/>\n<meta property=\"og:description\" content=\"Meclis reisi Mustafa Cemilev&nbsp; 2011 senesi sent\u00e2br 15 k\u00fcn\u00fc&nbsp; Avropa qom\u015fuc\u0131l\u0131\u011f\u0131 siyaseti ve keni\u015flet\u00fcv meseleleri boyunca Avropa komissiyas\u0131n\u0131\u00f1 komissar\u0131&nbsp; \u015etefan F\u00fcle ile k\u00f6r\u00fc\u015fti.&nbsp; \u015eu k\u00fcn\u00fc Mustafa Cemilev Q\u0131r\u0131mtatar halq\u0131 Meclisini\u00f1 ofisinde&nbsp;&nbsp; Avropa Birligini\u00f1 Avropa qom\u015fuc\u0131l\u0131\u011f\u0131 siyaseti ve keni\u015flet\u00fcv meseleleri boyunca Avropa komissiyas\u0131n\u0131\u00f1 komissar\u0131&nbsp; \u015etefan F\u00fcle yolba\u015f\u00e7\u0131l\u0131\u011f\u0131ndaki delegatsiyan\u0131 qabul etti. Avropa Birligi delegatsiyas\u0131n\u0131\u00f1 erk\u00e2n\u0131na&nbsp; Ukraina Avropa [&hellip;]\" \/>\n<meta property=\"og:url\" content=\"https:\/\/qtmm.org\/qt\/meclis-reisi-mustafa-cemilev-avropa-qomsuciligi-siyaseti-ve-kenislestuv-meseleleri-boyunca-avropa-komissiyasinin-komissari-stefan-fule-ile-korusti\/\" \/>\n<meta property=\"og:site_name\" content=\"\u041c\u0435\u0434\u0436\u043b\u0456\u0441\" \/>\n<meta property=\"article:publisher\" content=\"https:\/\/www.facebook.com\/qtmm.info\/\" \/>\n<meta property=\"article:published_time\" content=\"2011-09-15T12:49:00+00:00\" \/>\n<meta property=\"article:modified_time\" content=\"2022-01-19T12:51:34+00:00\" \/>\n<meta property=\"og:image\" content=\"https:\/\/qtmm.org\/wp-content\/uploads\/2022\/01\/4e79f8f72a3ad.jpeg\" \/>\n\t<meta property=\"og:image:width\" content=\"640\" \/>\n\t<meta property=\"og:image:height\" content=\"480\" \/>\n\t<meta property=\"og:image:type\" content=\"image\/jpeg\" \/>\n<meta name=\"author\" content=\"Developer\" \/>\n<meta name=\"twitter:card\" content=\"summary_large_image\" \/>\n<meta name=\"twitter:label1\" content=\"Written by\" \/>\n\t<meta name=\"twitter:data1\" content=\"Developer\" \/>\n\t<meta name=\"twitter:label2\" content=\"Est. reading time\" \/>\n\t<meta name=\"twitter:data2\" content=\"5 minutes\" \/>\n<script type=\"application\/ld+json\" class=\"yoast-schema-graph\">{\"@context\":\"https:\\\/\\\/schema.org\",\"@graph\":[{\"@type\":\"Article\",\"@id\":\"https:\\\/\\\/qtmm.org\\\/qt\\\/meclis-reisi-mustafa-cemilev-avropa-qomsuciligi-siyaseti-ve-kenislestuv-meseleleri-boyunca-avropa-komissiyasinin-komissari-stefan-fule-ile-korusti\\\/#article\",\"isPartOf\":{\"@id\":\"https:\\\/\\\/qtmm.org\\\/qt\\\/meclis-reisi-mustafa-cemilev-avropa-qomsuciligi-siyaseti-ve-kenislestuv-meseleleri-boyunca-avropa-komissiyasinin-komissari-stefan-fule-ile-korusti\\\/\"},\"author\":{\"name\":\"Developer\",\"@id\":\"https:\\\/\\\/qtmm.org\\\/qt\\\/#\\\/schema\\\/person\\\/de562469f971dec226ac06e60bbf74a7\"},\"headline\":\"Meclis reisi Mustafa Cemilev Avropa qom\u015fuc\u0131l\u0131\u011f\u0131 siyaseti ve keni\u015fle\u015ft\u00fcv meseleleri boyunca Avropa komissiyas\u0131n\u0131\u00f1 komissar\u0131 \u015etefan F\u00fcle ile k\u00f6r\u00fc\u015fti\",\"datePublished\":\"2011-09-15T12:49:00+00:00\",\"dateModified\":\"2022-01-19T12:51:34+00:00\",\"mainEntityOfPage\":{\"@id\":\"https:\\\/\\\/qtmm.org\\\/qt\\\/meclis-reisi-mustafa-cemilev-avropa-qomsuciligi-siyaseti-ve-kenislestuv-meseleleri-boyunca-avropa-komissiyasinin-komissari-stefan-fule-ile-korusti\\\/\"},\"wordCount\":1048,\"commentCount\":0,\"publisher\":{\"@id\":\"https:\\\/\\\/qtmm.org\\\/qt\\\/#organization\"},\"image\":{\"@id\":\"https:\\\/\\\/qtmm.org\\\/qt\\\/meclis-reisi-mustafa-cemilev-avropa-qomsuciligi-siyaseti-ve-kenislestuv-meseleleri-boyunca-avropa-komissiyasinin-komissari-stefan-fule-ile-korusti\\\/#primaryimage\"},\"thumbnailUrl\":\"https:\\\/\\\/qtmm.org\\\/wp-content\\\/uploads\\\/2022\\\/01\\\/4e79f8f72a3ad.jpeg\",\"articleSection\":[\"Haberler\"],\"inLanguage\":\"qt\",\"potentialAction\":[{\"@type\":\"CommentAction\",\"name\":\"Comment\",\"target\":[\"https:\\\/\\\/qtmm.org\\\/qt\\\/meclis-reisi-mustafa-cemilev-avropa-qomsuciligi-siyaseti-ve-kenislestuv-meseleleri-boyunca-avropa-komissiyasinin-komissari-stefan-fule-ile-korusti\\\/#respond\"]}]},{\"@type\":\"WebPage\",\"@id\":\"https:\\\/\\\/qtmm.org\\\/qt\\\/meclis-reisi-mustafa-cemilev-avropa-qomsuciligi-siyaseti-ve-kenislestuv-meseleleri-boyunca-avropa-komissiyasinin-komissari-stefan-fule-ile-korusti\\\/\",\"url\":\"https:\\\/\\\/qtmm.org\\\/qt\\\/meclis-reisi-mustafa-cemilev-avropa-qomsuciligi-siyaseti-ve-kenislestuv-meseleleri-boyunca-avropa-komissiyasinin-komissari-stefan-fule-ile-korusti\\\/\",\"name\":\"Meclis reisi Mustafa Cemilev Avropa qom\u015fuc\u0131l\u0131\u011f\u0131 siyaseti ve keni\u015fle\u015ft\u00fcv meseleleri boyunca Avropa komissiyas\u0131n\u0131\u00f1 komissar\u0131 \u015etefan F\u00fcle ile k\u00f6r\u00fc\u015fti - \u041c\u0435\u0434\u0436\u043b\u0456\u0441\",\"isPartOf\":{\"@id\":\"https:\\\/\\\/qtmm.org\\\/qt\\\/#website\"},\"primaryImageOfPage\":{\"@id\":\"https:\\\/\\\/qtmm.org\\\/qt\\\/meclis-reisi-mustafa-cemilev-avropa-qomsuciligi-siyaseti-ve-kenislestuv-meseleleri-boyunca-avropa-komissiyasinin-komissari-stefan-fule-ile-korusti\\\/#primaryimage\"},\"image\":{\"@id\":\"https:\\\/\\\/qtmm.org\\\/qt\\\/meclis-reisi-mustafa-cemilev-avropa-qomsuciligi-siyaseti-ve-kenislestuv-meseleleri-boyunca-avropa-komissiyasinin-komissari-stefan-fule-ile-korusti\\\/#primaryimage\"},\"thumbnailUrl\":\"https:\\\/\\\/qtmm.org\\\/wp-content\\\/uploads\\\/2022\\\/01\\\/4e79f8f72a3ad.jpeg\",\"datePublished\":\"2011-09-15T12:49:00+00:00\",\"dateModified\":\"2022-01-19T12:51:34+00:00\",\"breadcrumb\":{\"@id\":\"https:\\\/\\\/qtmm.org\\\/qt\\\/meclis-reisi-mustafa-cemilev-avropa-qomsuciligi-siyaseti-ve-kenislestuv-meseleleri-boyunca-avropa-komissiyasinin-komissari-stefan-fule-ile-korusti\\\/#breadcrumb\"},\"inLanguage\":\"qt\",\"potentialAction\":[{\"@type\":\"ReadAction\",\"target\":[\"https:\\\/\\\/qtmm.org\\\/qt\\\/meclis-reisi-mustafa-cemilev-avropa-qomsuciligi-siyaseti-ve-kenislestuv-meseleleri-boyunca-avropa-komissiyasinin-komissari-stefan-fule-ile-korusti\\\/\"]}]},{\"@type\":\"ImageObject\",\"inLanguage\":\"qt\",\"@id\":\"https:\\\/\\\/qtmm.org\\\/qt\\\/meclis-reisi-mustafa-cemilev-avropa-qomsuciligi-siyaseti-ve-kenislestuv-meseleleri-boyunca-avropa-komissiyasinin-komissari-stefan-fule-ile-korusti\\\/#primaryimage\",\"url\":\"https:\\\/\\\/qtmm.org\\\/wp-content\\\/uploads\\\/2022\\\/01\\\/4e79f8f72a3ad.jpeg\",\"contentUrl\":\"https:\\\/\\\/qtmm.org\\\/wp-content\\\/uploads\\\/2022\\\/01\\\/4e79f8f72a3ad.jpeg\",\"width\":640,\"height\":480},{\"@type\":\"BreadcrumbList\",\"@id\":\"https:\\\/\\\/qtmm.org\\\/qt\\\/meclis-reisi-mustafa-cemilev-avropa-qomsuciligi-siyaseti-ve-kenislestuv-meseleleri-boyunca-avropa-komissiyasinin-komissari-stefan-fule-ile-korusti\\\/#breadcrumb\",\"itemListElement\":[{\"@type\":\"ListItem\",\"position\":1,\"name\":\"\u0413\u043e\u043b\u043e\u0432\u043d\u0430\",\"item\":\"https:\\\/\\\/qtmm.org\\\/qt\\\/\"},{\"@type\":\"ListItem\",\"position\":2,\"name\":\"Meclis reisi Mustafa Cemilev Avropa qom\u015fuc\u0131l\u0131\u011f\u0131 siyaseti ve keni\u015fle\u015ft\u00fcv meseleleri boyunca Avropa komissiyas\u0131n\u0131\u00f1 komissar\u0131 \u015etefan F\u00fcle ile k\u00f6r\u00fc\u015fti\"}]},{\"@type\":\"WebSite\",\"@id\":\"https:\\\/\\\/qtmm.org\\\/qt\\\/#website\",\"url\":\"https:\\\/\\\/qtmm.org\\\/qt\\\/\",\"name\":\"\u041c\u0435\u0434\u0436\u043b\u0456\u0441\",\"description\":\"\",\"publisher\":{\"@id\":\"https:\\\/\\\/qtmm.org\\\/qt\\\/#organization\"},\"potentialAction\":[{\"@type\":\"SearchAction\",\"target\":{\"@type\":\"EntryPoint\",\"urlTemplate\":\"https:\\\/\\\/qtmm.org\\\/qt\\\/?s={search_term_string}\"},\"query-input\":{\"@type\":\"PropertyValueSpecification\",\"valueRequired\":true,\"valueName\":\"search_term_string\"}}],\"inLanguage\":\"qt\"},{\"@type\":\"Organization\",\"@id\":\"https:\\\/\\\/qtmm.org\\\/qt\\\/#organization\",\"name\":\"\u041c\u0435\u0434\u0436\u043b\u0456\u0441\",\"url\":\"https:\\\/\\\/qtmm.org\\\/qt\\\/\",\"logo\":{\"@type\":\"ImageObject\",\"inLanguage\":\"qt\",\"@id\":\"https:\\\/\\\/qtmm.org\\\/qt\\\/#\\\/schema\\\/logo\\\/image\\\/\",\"url\":\"https:\\\/\\\/qtmm.org\\\/wp-content\\\/uploads\\\/2024\\\/12\\\/ua-mejlis-logo-rgb.svg\",\"contentUrl\":\"https:\\\/\\\/qtmm.org\\\/wp-content\\\/uploads\\\/2024\\\/12\\\/ua-mejlis-logo-rgb.svg\",\"caption\":\"\u041c\u0435\u0434\u0436\u043b\u0456\u0441\"},\"image\":{\"@id\":\"https:\\\/\\\/qtmm.org\\\/qt\\\/#\\\/schema\\\/logo\\\/image\\\/\"},\"sameAs\":[\"https:\\\/\\\/www.facebook.com\\\/qtmm.info\\\/\"]},{\"@type\":\"Person\",\"@id\":\"https:\\\/\\\/qtmm.org\\\/qt\\\/#\\\/schema\\\/person\\\/de562469f971dec226ac06e60bbf74a7\",\"name\":\"Developer\",\"image\":{\"@type\":\"ImageObject\",\"inLanguage\":\"qt\",\"@id\":\"https:\\\/\\\/secure.gravatar.com\\\/avatar\\\/392b4cc8fbfeb00b39dfeeab4ee6edded39ffd48e25858637e4765810300227e?s=96&d=mm&r=g\",\"url\":\"https:\\\/\\\/secure.gravatar.com\\\/avatar\\\/392b4cc8fbfeb00b39dfeeab4ee6edded39ffd48e25858637e4765810300227e?s=96&d=mm&r=g\",\"contentUrl\":\"https:\\\/\\\/secure.gravatar.com\\\/avatar\\\/392b4cc8fbfeb00b39dfeeab4ee6edded39ffd48e25858637e4765810300227e?s=96&d=mm&r=g\",\"caption\":\"Developer\"},\"url\":\"https:\\\/\\\/qtmm.org\\\/qt\\\/author\\\/Developer\\\/\"}]}<\/script>\n<!-- \/ Yoast SEO plugin. -->","yoast_head_json":{"title":"Meclis reisi Mustafa Cemilev Avropa qom\u015fuc\u0131l\u0131\u011f\u0131 siyaseti ve keni\u015fle\u015ft\u00fcv meseleleri boyunca Avropa komissiyas\u0131n\u0131\u00f1 komissar\u0131 \u015etefan F\u00fcle ile k\u00f6r\u00fc\u015fti - \u041c\u0435\u0434\u0436\u043b\u0456\u0441","robots":{"index":"index","follow":"follow","max-snippet":"max-snippet:-1","max-image-preview":"max-image-preview:large","max-video-preview":"max-video-preview:-1"},"canonical":"https:\/\/qtmm.org\/qt\/meclis-reisi-mustafa-cemilev-avropa-qomsuciligi-siyaseti-ve-kenislestuv-meseleleri-boyunca-avropa-komissiyasinin-komissari-stefan-fule-ile-korusti\/","og_locale":"en_US","og_type":"article","og_title":"Meclis reisi Mustafa Cemilev Avropa qom\u015fuc\u0131l\u0131\u011f\u0131 siyaseti ve keni\u015fle\u015ft\u00fcv meseleleri boyunca Avropa komissiyas\u0131n\u0131\u00f1 komissar\u0131 \u015etefan F\u00fcle ile k\u00f6r\u00fc\u015fti - \u041c\u0435\u0434\u0436\u043b\u0456\u0441","og_description":"Meclis reisi Mustafa Cemilev&nbsp; 2011 senesi sent\u00e2br 15 k\u00fcn\u00fc&nbsp; Avropa qom\u015fuc\u0131l\u0131\u011f\u0131 siyaseti ve keni\u015flet\u00fcv meseleleri boyunca Avropa komissiyas\u0131n\u0131\u00f1 komissar\u0131&nbsp; \u015etefan F\u00fcle ile k\u00f6r\u00fc\u015fti.&nbsp; \u015eu k\u00fcn\u00fc Mustafa Cemilev Q\u0131r\u0131mtatar halq\u0131 Meclisini\u00f1 ofisinde&nbsp;&nbsp; Avropa Birligini\u00f1 Avropa qom\u015fuc\u0131l\u0131\u011f\u0131 siyaseti ve keni\u015flet\u00fcv meseleleri boyunca Avropa komissiyas\u0131n\u0131\u00f1 komissar\u0131&nbsp; \u015etefan F\u00fcle yolba\u015f\u00e7\u0131l\u0131\u011f\u0131ndaki delegatsiyan\u0131 qabul etti. Avropa Birligi delegatsiyas\u0131n\u0131\u00f1 erk\u00e2n\u0131na&nbsp; Ukraina Avropa [&hellip;]","og_url":"https:\/\/qtmm.org\/qt\/meclis-reisi-mustafa-cemilev-avropa-qomsuciligi-siyaseti-ve-kenislestuv-meseleleri-boyunca-avropa-komissiyasinin-komissari-stefan-fule-ile-korusti\/","og_site_name":"\u041c\u0435\u0434\u0436\u043b\u0456\u0441","article_publisher":"https:\/\/www.facebook.com\/qtmm.info\/","article_published_time":"2011-09-15T12:49:00+00:00","article_modified_time":"2022-01-19T12:51:34+00:00","og_image":[{"width":640,"height":480,"url":"https:\/\/qtmm.org\/wp-content\/uploads\/2022\/01\/4e79f8f72a3ad.jpeg","type":"image\/jpeg"}],"author":"Developer","twitter_card":"summary_large_image","twitter_misc":{"Written by":"Developer","Est. reading time":"5 minutes"},"schema":{"@context":"https:\/\/schema.org","@graph":[{"@type":"Article","@id":"https:\/\/qtmm.org\/qt\/meclis-reisi-mustafa-cemilev-avropa-qomsuciligi-siyaseti-ve-kenislestuv-meseleleri-boyunca-avropa-komissiyasinin-komissari-stefan-fule-ile-korusti\/#article","isPartOf":{"@id":"https:\/\/qtmm.org\/qt\/meclis-reisi-mustafa-cemilev-avropa-qomsuciligi-siyaseti-ve-kenislestuv-meseleleri-boyunca-avropa-komissiyasinin-komissari-stefan-fule-ile-korusti\/"},"author":{"name":"Developer","@id":"https:\/\/qtmm.org\/qt\/#\/schema\/person\/de562469f971dec226ac06e60bbf74a7"},"headline":"Meclis reisi Mustafa Cemilev Avropa qom\u015fuc\u0131l\u0131\u011f\u0131 siyaseti ve keni\u015fle\u015ft\u00fcv meseleleri boyunca Avropa komissiyas\u0131n\u0131\u00f1 komissar\u0131 \u015etefan F\u00fcle ile k\u00f6r\u00fc\u015fti","datePublished":"2011-09-15T12:49:00+00:00","dateModified":"2022-01-19T12:51:34+00:00","mainEntityOfPage":{"@id":"https:\/\/qtmm.org\/qt\/meclis-reisi-mustafa-cemilev-avropa-qomsuciligi-siyaseti-ve-kenislestuv-meseleleri-boyunca-avropa-komissiyasinin-komissari-stefan-fule-ile-korusti\/"},"wordCount":1048,"commentCount":0,"publisher":{"@id":"https:\/\/qtmm.org\/qt\/#organization"},"image":{"@id":"https:\/\/qtmm.org\/qt\/meclis-reisi-mustafa-cemilev-avropa-qomsuciligi-siyaseti-ve-kenislestuv-meseleleri-boyunca-avropa-komissiyasinin-komissari-stefan-fule-ile-korusti\/#primaryimage"},"thumbnailUrl":"https:\/\/qtmm.org\/wp-content\/uploads\/2022\/01\/4e79f8f72a3ad.jpeg","articleSection":["Haberler"],"inLanguage":"qt","potentialAction":[{"@type":"CommentAction","name":"Comment","target":["https:\/\/qtmm.org\/qt\/meclis-reisi-mustafa-cemilev-avropa-qomsuciligi-siyaseti-ve-kenislestuv-meseleleri-boyunca-avropa-komissiyasinin-komissari-stefan-fule-ile-korusti\/#respond"]}]},{"@type":"WebPage","@id":"https:\/\/qtmm.org\/qt\/meclis-reisi-mustafa-cemilev-avropa-qomsuciligi-siyaseti-ve-kenislestuv-meseleleri-boyunca-avropa-komissiyasinin-komissari-stefan-fule-ile-korusti\/","url":"https:\/\/qtmm.org\/qt\/meclis-reisi-mustafa-cemilev-avropa-qomsuciligi-siyaseti-ve-kenislestuv-meseleleri-boyunca-avropa-komissiyasinin-komissari-stefan-fule-ile-korusti\/","name":"Meclis reisi Mustafa Cemilev Avropa qom\u015fuc\u0131l\u0131\u011f\u0131 siyaseti ve keni\u015fle\u015ft\u00fcv meseleleri boyunca Avropa komissiyas\u0131n\u0131\u00f1 komissar\u0131 \u015etefan F\u00fcle ile k\u00f6r\u00fc\u015fti - \u041c\u0435\u0434\u0436\u043b\u0456\u0441","isPartOf":{"@id":"https:\/\/qtmm.org\/qt\/#website"},"primaryImageOfPage":{"@id":"https:\/\/qtmm.org\/qt\/meclis-reisi-mustafa-cemilev-avropa-qomsuciligi-siyaseti-ve-kenislestuv-meseleleri-boyunca-avropa-komissiyasinin-komissari-stefan-fule-ile-korusti\/#primaryimage"},"image":{"@id":"https:\/\/qtmm.org\/qt\/meclis-reisi-mustafa-cemilev-avropa-qomsuciligi-siyaseti-ve-kenislestuv-meseleleri-boyunca-avropa-komissiyasinin-komissari-stefan-fule-ile-korusti\/#primaryimage"},"thumbnailUrl":"https:\/\/qtmm.org\/wp-content\/uploads\/2022\/01\/4e79f8f72a3ad.jpeg","datePublished":"2011-09-15T12:49:00+00:00","dateModified":"2022-01-19T12:51:34+00:00","breadcrumb":{"@id":"https:\/\/qtmm.org\/qt\/meclis-reisi-mustafa-cemilev-avropa-qomsuciligi-siyaseti-ve-kenislestuv-meseleleri-boyunca-avropa-komissiyasinin-komissari-stefan-fule-ile-korusti\/#breadcrumb"},"inLanguage":"qt","potentialAction":[{"@type":"ReadAction","target":["https:\/\/qtmm.org\/qt\/meclis-reisi-mustafa-cemilev-avropa-qomsuciligi-siyaseti-ve-kenislestuv-meseleleri-boyunca-avropa-komissiyasinin-komissari-stefan-fule-ile-korusti\/"]}]},{"@type":"ImageObject","inLanguage":"qt","@id":"https:\/\/qtmm.org\/qt\/meclis-reisi-mustafa-cemilev-avropa-qomsuciligi-siyaseti-ve-kenislestuv-meseleleri-boyunca-avropa-komissiyasinin-komissari-stefan-fule-ile-korusti\/#primaryimage","url":"https:\/\/qtmm.org\/wp-content\/uploads\/2022\/01\/4e79f8f72a3ad.jpeg","contentUrl":"https:\/\/qtmm.org\/wp-content\/uploads\/2022\/01\/4e79f8f72a3ad.jpeg","width":640,"height":480},{"@type":"BreadcrumbList","@id":"https:\/\/qtmm.org\/qt\/meclis-reisi-mustafa-cemilev-avropa-qomsuciligi-siyaseti-ve-kenislestuv-meseleleri-boyunca-avropa-komissiyasinin-komissari-stefan-fule-ile-korusti\/#breadcrumb","itemListElement":[{"@type":"ListItem","position":1,"name":"\u0413\u043e\u043b\u043e\u0432\u043d\u0430","item":"https:\/\/qtmm.org\/qt\/"},{"@type":"ListItem","position":2,"name":"Meclis reisi Mustafa Cemilev Avropa qom\u015fuc\u0131l\u0131\u011f\u0131 siyaseti ve keni\u015fle\u015ft\u00fcv meseleleri boyunca Avropa komissiyas\u0131n\u0131\u00f1 komissar\u0131 \u015etefan F\u00fcle ile k\u00f6r\u00fc\u015fti"}]},{"@type":"WebSite","@id":"https:\/\/qtmm.org\/qt\/#website","url":"https:\/\/qtmm.org\/qt\/","name":"\u041c\u0435\u0434\u0436\u043b\u0456\u0441","description":"","publisher":{"@id":"https:\/\/qtmm.org\/qt\/#organization"},"potentialAction":[{"@type":"SearchAction","target":{"@type":"EntryPoint","urlTemplate":"https:\/\/qtmm.org\/qt\/?s={search_term_string}"},"query-input":{"@type":"PropertyValueSpecification","valueRequired":true,"valueName":"search_term_string"}}],"inLanguage":"qt"},{"@type":"Organization","@id":"https:\/\/qtmm.org\/qt\/#organization","name":"\u041c\u0435\u0434\u0436\u043b\u0456\u0441","url":"https:\/\/qtmm.org\/qt\/","logo":{"@type":"ImageObject","inLanguage":"qt","@id":"https:\/\/qtmm.org\/qt\/#\/schema\/logo\/image\/","url":"https:\/\/qtmm.org\/wp-content\/uploads\/2024\/12\/ua-mejlis-logo-rgb.svg","contentUrl":"https:\/\/qtmm.org\/wp-content\/uploads\/2024\/12\/ua-mejlis-logo-rgb.svg","caption":"\u041c\u0435\u0434\u0436\u043b\u0456\u0441"},"image":{"@id":"https:\/\/qtmm.org\/qt\/#\/schema\/logo\/image\/"},"sameAs":["https:\/\/www.facebook.com\/qtmm.info\/"]},{"@type":"Person","@id":"https:\/\/qtmm.org\/qt\/#\/schema\/person\/de562469f971dec226ac06e60bbf74a7","name":"Developer","image":{"@type":"ImageObject","inLanguage":"qt","@id":"https:\/\/secure.gravatar.com\/avatar\/392b4cc8fbfeb00b39dfeeab4ee6edded39ffd48e25858637e4765810300227e?s=96&d=mm&r=g","url":"https:\/\/secure.gravatar.com\/avatar\/392b4cc8fbfeb00b39dfeeab4ee6edded39ffd48e25858637e4765810300227e?s=96&d=mm&r=g","contentUrl":"https:\/\/secure.gravatar.com\/avatar\/392b4cc8fbfeb00b39dfeeab4ee6edded39ffd48e25858637e4765810300227e?s=96&d=mm&r=g","caption":"Developer"},"url":"https:\/\/qtmm.org\/qt\/author\/Developer\/"}]}},"_links":{"self":[{"href":"https:\/\/qtmm.org\/qt\/wp-json\/wp\/v2\/posts\/25926","targetHints":{"allow":["GET"]}}],"collection":[{"href":"https:\/\/qtmm.org\/qt\/wp-json\/wp\/v2\/posts"}],"about":[{"href":"https:\/\/qtmm.org\/qt\/wp-json\/wp\/v2\/types\/post"}],"author":[{"embeddable":true,"href":"https:\/\/qtmm.org\/qt\/wp-json\/wp\/v2\/users\/1"}],"replies":[{"embeddable":true,"href":"https:\/\/qtmm.org\/qt\/wp-json\/wp\/v2\/comments?post=25926"}],"version-history":[{"count":1,"href":"https:\/\/qtmm.org\/qt\/wp-json\/wp\/v2\/posts\/25926\/revisions"}],"predecessor-version":[{"id":25951,"href":"https:\/\/qtmm.org\/qt\/wp-json\/wp\/v2\/posts\/25926\/revisions\/25951"}],"wp:featuredmedia":[{"embeddable":true,"href":"https:\/\/qtmm.org\/qt\/wp-json\/wp\/v2\/media\/25943"}],"wp:attachment":[{"href":"https:\/\/qtmm.org\/qt\/wp-json\/wp\/v2\/media?parent=25926"}],"wp:term":[{"taxonomy":"category","embeddable":true,"href":"https:\/\/qtmm.org\/qt\/wp-json\/wp\/v2\/categories?post=25926"},{"taxonomy":"post_tag","embeddable":true,"href":"https:\/\/qtmm.org\/qt\/wp-json\/wp\/v2\/tags?post=25926"}],"curies":[{"name":"wp","href":"https:\/\/api.w.org\/{rel}","templated":true}]}}