




{"id":25916,"date":"2011-09-15T15:03:00","date_gmt":"2011-09-15T12:03:00","guid":{"rendered":"http:\/\/qtmm.org\/?p=25916"},"modified":"2022-01-19T15:04:34","modified_gmt":"2022-01-19T12:04:34","slug":"qarasuvbazar-regional-meclisinin-is-toplasuvi","status":"publish","type":"post","link":"https:\/\/qtmm.org\/qt\/qarasuvbazar-regional-meclisinin-is-toplasuvi\/","title":{"rendered":"Qarasuvbazar regional meclisini\u00f1 i\u015f topla\u015fuv\u0131"},"content":{"rendered":"\n<p>Qarasuvbazar regional meclisini\u00f1 2011 senesi sent\u00e2br 14-te Sar\u0131 suv milliy mektebinde ol\u0131p ke\u00e7ken i\u015f topla\u015fuv\u0131nda Q\u0131r\u0131mtatar halq\u0131 Meclisini\u00f1 reisi Mustafa Cemilev i\u015ftirak etti.<\/p>\n\n\n\n<p>Qarasuvbazar regional meclisini\u00f1 reisi Mustafa Asaba bildirgenine k\u00f6re, topla\u015fuvda regional meclis ve regiondaki yerli meclisler faaliyetini\u00f1 neticeleri talil etilip, Milliy Meclis kubog\u0131na ke\u00e7irilecek futbol boyunca yar\u0131\u015fqa az\u0131rl\u0131qn\u0131\u00f1 keti\u015fat\u0131 muzakere olund\u0131.<\/p>\n\n\n\n<p>Topla\u015fuvda Meclis reisini\u00f1 regional ve yerli meclislerni\u00f1 i\u015fini idare et\u00fcv boyunca muavini Ahtem \u00c7iygoz, Qarasuvbazar \u015feerini\u00f1 ba\u015f\u0131 Albert Kangiyev, Qarasuvbazar rayon ve \u015feer \u015furalar\u0131nda &#8220;Qurultay \u2013 Ruh&#8221; fraktsiyas\u0131n\u0131\u00f1 azalar\u0131, k\u00f6y \u015furalar\u0131n\u0131\u00f1 reisleri, regiondaki yerli meclislerni\u00f1 reisleri ve cemaat\u00e7\u0131l\u0131q i\u015ftirak etti.<\/p>\n\n\n\n<p>\u00d6z\u00fcni\u00f1 \u00e7\u0131q\u0131\u015f\u0131nda Qarasuvbazar regional meclisini\u00f1 reisi Mustafa Asaba meclisni\u00f1 y\u0131ll\u0131q faaliyeti aqq\u0131nda, bun\u0131\u00f1 kibi de yerli meclis ve sakinler i\u015ftirakinde ke\u00e7irilgen tedbirler, rayon ve \u015feer \u015furalar\u0131 deputatlar\u0131n\u0131\u00f1 i\u015fleri boyunca esabat berdi.<\/p>\n\n\n\n<p>M.Asaban\u0131\u00f1 aytqan\u0131na k\u00f6re 2010 senesi okt\u00e2br 31-de Q\u0131r\u0131m Yuqar\u0131 \u015euras\u0131 ve yerli \u015furalar\u011fa ol\u0131p ke\u00e7ken saylavlarn\u0131\u00f1 neticesi boyunca Qarasuvbazar rayon 11 q\u0131r\u0131mtatar deputat\u0131 ve ayn\u0131 bun\u0131\u00f1 qadar q\u0131r\u0131mtatar deputat\u0131 \u015feer \u015furas\u0131na sayland\u0131.<\/p>\n\n\n\n<p>Bundan da \u011fayr\u0131 Qarasuvbazar rayon\u0131ndaki yedi k\u00f6y \u015furas\u0131n\u0131\u00f1 ba\u015f\u0131 olaraq q\u0131r\u0131mtatarlar sayland\u0131. Olarn\u0131\u00f1 aras\u0131nda Qarasuvbazar \u015feerini\u00f1 ba\u015f\u0131 Albert Kangiyev.<\/p>\n\n\n\n<p>Topla\u015fuv k\u00fcn tertibini\u00f1 ekinci meselesi boyunca \u00e7\u0131q\u0131\u015fta bulun\u011fan Mustafa Asaba Meclis kubog\u0131na futbol yar\u0131\u015f\u0131 ke\u00e7ir\u00fcv boyunca 2011 senesi avgust 9-da al\u0131n\u011fan qarar\u011fa binaen sent\u00e2br 25=te Qarasuvbazar \u015feer stadion\u0131nda mat\u00e7 olacaq.<\/p>\n\n\n\n<figure class=\"wp-block-image size-large\"><img loading=\"lazy\" decoding=\"async\" width=\"1024\" height=\"768\" src=\"http:\/\/qtmm.org\/wp-content\/uploads\/2022\/01\/2_6-1-1024x768.jpeg\" alt=\"\" class=\"wp-image-25921\" srcset=\"https:\/\/qtmm.org\/wp-content\/uploads\/2022\/01\/2_6-1-1024x768.jpeg 1024w, https:\/\/qtmm.org\/wp-content\/uploads\/2022\/01\/2_6-1-300x225.jpeg 300w, https:\/\/qtmm.org\/wp-content\/uploads\/2022\/01\/2_6-1-768x576.jpeg 768w, https:\/\/qtmm.org\/wp-content\/uploads\/2022\/01\/2_6-1-1536x1152.jpeg 1536w, https:\/\/qtmm.org\/wp-content\/uploads\/2022\/01\/2_6-1-2048x1536.jpeg 2048w\" sizes=\"auto, (max-width: 1024px) 100vw, 1024px\" \/><\/figure>\n\n\n\n<p>&#8220;Mezk\u00fcr yar\u0131\u015fta i\u015ftirak etmek aqq\u0131nda arizalar\u0131nen Lenin, Sudaq, \u0130sl\u00e2mterek ve Keri\u00e7 regionlar\u0131 komandalar\u0131 muracaat ettiler&#8221;, &#8211; dedi M. Asaba. Qarasuvbazar regional meclis topla\u015fuv\u0131n\u0131\u00f1 i\u015ftirak\u00e7ilerine h\u0131tap etken Meclis reisi Mustafa Cemilev \u015fun\u0131 qayd etti ki, Qarasuvbazar region\u0131n\u0131\u00f1 yerli sakinleri Q\u0131r\u0131mtatar halq\u0131n\u0131\u00f1 \u00f6z-\u00f6z\u00fcni idare et\u00fcv milliy organlar\u0131 aqq\u0131nda nizam&#8221; boyunca sayla\u011fan Qarasuvbazar \u00f6z-\u00f6z\u00fcni idare et\u00fcv organ\u0131 q\u0131r\u0131mtatarlarn\u0131\u00f1 \u00f6z-\u00f6z\u00fcni idare et\u00fcvni\u00f1 \u015fekilidir.<\/p>\n\n\n\n<p>&#8220;Er bir q\u0131r\u0131mtatar\u0131n\u0131\u00f1 yerli ve regional mecliske \u015fahsiy ve cemaat meselesi boyunca muracaat etmege, meclisni\u00f1 i\u015fini m\u00fckemmelle\u015ftir\u00fcv boyunca konstruktiv teklif kirsetmege aqq\u0131 bar. Baz\u0131 adamlarn\u0131\u00f1 Qarasuvbazar rayon\u0131nda \u00e7e\u015fit t\u00fcrl\u00fc &#8220;koordinatsion ke\u00f1e\u015f ve saire sahte te\u015fkil\u00e2tlarn\u0131&#8221; qurmaq areketleri \u00f6zara a\u00f1la\u015f\u0131lmamazl\u0131qqa al\u0131p kele ve regional meclis qararlar\u0131n\u0131\u00f1 edas\u0131na keder ete. &#8220;Bu zararl\u0131 aln\u0131 tam\u0131r\u0131ndan yoq etmek kerek&#8221;, &#8211; dep qayd etti Meclis reisi, &#8211; \u00e7\u00fcnki \u00e7oqy\u0131ll\u0131q tecribe \u015fun\u0131 k\u00f6stere ki, Qurultay ve Meclis qararlar\u0131na k\u00f6re i\u015f tutqan yerli ve regional meclislerni\u00f1 faaliyeti mezk\u00fcr &#8220;birle\u015fmelerni\u00f1&#8221; eali aras\u0131nda i\u015fi faydas\u0131z ola.<\/p>\n\n\n\n<p>&#8220;Birinci nevbette \u00f6zara say\u011f\u0131 k\u00f6stermek, dialogn\u0131 professional seviyede al\u0131p barmaq kerek ki, er bir q\u0131r\u0131mtatarn\u0131\u00f1 menfaat\u0131 o\u011frundaki milliy siyasetni qor\u00e7alama\u011fa ve saqlama\u011fa imk\u00e2n ols\u0131n&#8221;, &#8211; dedi M.Cemilev ve Q\u0131r\u0131mtatar halq\u0131 meclisi merkeziy ofisini\u00f1 qap\u0131lar\u0131 er kes i\u00e7\u00fcn a\u00e7\u0131q&#8221;, dep qo\u015ft\u0131.<\/p>\n","protected":false},"excerpt":{"rendered":"<p>Qarasuvbazar regional meclisini\u00f1 2011 senesi sent\u00e2br 14-te Sar\u0131 suv milliy mektebinde ol\u0131p ke\u00e7ken i\u015f topla\u015fuv\u0131nda Q\u0131r\u0131mtatar halq\u0131 Meclisini\u00f1 reisi Mustafa Cemilev i\u015ftirak etti. Qarasuvbazar regional meclisini\u00f1 reisi Mustafa Asaba bildirgenine k\u00f6re, topla\u015fuvda regional meclis ve regiondaki yerli meclisler faaliyetini\u00f1 neticeleri talil etilip, Milliy Meclis kubog\u0131na ke\u00e7irilecek futbol boyunca yar\u0131\u015fqa az\u0131rl\u0131qn\u0131\u00f1 keti\u015fat\u0131 muzakere olund\u0131. Topla\u015fuvda Meclis [&hellip;]<\/p>\n","protected":false},"author":1,"featured_media":25917,"comment_status":"open","ping_status":"open","sticky":false,"template":"","format":"standard","meta":{"inline_featured_image":false,"footnotes":""},"categories":[265],"tags":[],"class_list":["post-25916","post","type-post","status-publish","format-standard","has-post-thumbnail","hentry","category-haberler"],"acf":[],"yoast_head":"<!-- This site is optimized with the Yoast SEO plugin v27.4 - https:\/\/yoast.com\/product\/yoast-seo-wordpress\/ -->\n<title>Qarasuvbazar regional meclisini\u00f1 i\u015f topla\u015fuv\u0131 - \u041c\u0435\u0434\u0436\u043b\u0456\u0441<\/title>\n<meta name=\"robots\" content=\"index, follow, max-snippet:-1, max-image-preview:large, max-video-preview:-1\" \/>\n<link rel=\"canonical\" href=\"https:\/\/qtmm.org\/qt\/qarasuvbazar-regional-meclisinin-is-toplasuvi\/\" \/>\n<meta property=\"og:locale\" content=\"en_US\" \/>\n<meta property=\"og:type\" content=\"article\" \/>\n<meta property=\"og:title\" content=\"Qarasuvbazar regional meclisini\u00f1 i\u015f topla\u015fuv\u0131 - \u041c\u0435\u0434\u0436\u043b\u0456\u0441\" \/>\n<meta property=\"og:description\" content=\"Qarasuvbazar regional meclisini\u00f1 2011 senesi sent\u00e2br 14-te Sar\u0131 suv milliy mektebinde ol\u0131p ke\u00e7ken i\u015f topla\u015fuv\u0131nda Q\u0131r\u0131mtatar halq\u0131 Meclisini\u00f1 reisi Mustafa Cemilev i\u015ftirak etti. Qarasuvbazar regional meclisini\u00f1 reisi Mustafa Asaba bildirgenine k\u00f6re, topla\u015fuvda regional meclis ve regiondaki yerli meclisler faaliyetini\u00f1 neticeleri talil etilip, Milliy Meclis kubog\u0131na ke\u00e7irilecek futbol boyunca yar\u0131\u015fqa az\u0131rl\u0131qn\u0131\u00f1 keti\u015fat\u0131 muzakere olund\u0131. Topla\u015fuvda Meclis [&hellip;]\" \/>\n<meta property=\"og:url\" content=\"https:\/\/qtmm.org\/qt\/qarasuvbazar-regional-meclisinin-is-toplasuvi\/\" \/>\n<meta property=\"og:site_name\" content=\"\u041c\u0435\u0434\u0436\u043b\u0456\u0441\" \/>\n<meta property=\"article:publisher\" content=\"https:\/\/www.facebook.com\/qtmm.info\/\" \/>\n<meta property=\"article:published_time\" content=\"2011-09-15T12:03:00+00:00\" \/>\n<meta property=\"article:modified_time\" content=\"2022-01-19T12:04:34+00:00\" \/>\n<meta property=\"og:image\" content=\"https:\/\/qtmm.org\/wp-content\/uploads\/2022\/01\/1_6-1-scaled.jpeg\" \/>\n\t<meta property=\"og:image:width\" content=\"2560\" \/>\n\t<meta property=\"og:image:height\" content=\"1920\" \/>\n\t<meta property=\"og:image:type\" content=\"image\/jpeg\" \/>\n<meta name=\"author\" content=\"Developer\" \/>\n<meta name=\"twitter:card\" content=\"summary_large_image\" \/>\n<meta name=\"twitter:label1\" content=\"Written by\" \/>\n\t<meta name=\"twitter:data1\" content=\"Developer\" \/>\n\t<meta name=\"twitter:label2\" content=\"Est. reading time\" \/>\n\t<meta name=\"twitter:data2\" content=\"3 minutes\" \/>\n<script type=\"application\/ld+json\" class=\"yoast-schema-graph\">{\"@context\":\"https:\\\/\\\/schema.org\",\"@graph\":[{\"@type\":\"Article\",\"@id\":\"https:\\\/\\\/qtmm.org\\\/qt\\\/qarasuvbazar-regional-meclisinin-is-toplasuvi\\\/#article\",\"isPartOf\":{\"@id\":\"https:\\\/\\\/qtmm.org\\\/qt\\\/qarasuvbazar-regional-meclisinin-is-toplasuvi\\\/\"},\"author\":{\"name\":\"Developer\",\"@id\":\"https:\\\/\\\/qtmm.org\\\/qt\\\/#\\\/schema\\\/person\\\/de562469f971dec226ac06e60bbf74a7\"},\"headline\":\"Qarasuvbazar regional meclisini\u00f1 i\u015f topla\u015fuv\u0131\",\"datePublished\":\"2011-09-15T12:03:00+00:00\",\"dateModified\":\"2022-01-19T12:04:34+00:00\",\"mainEntityOfPage\":{\"@id\":\"https:\\\/\\\/qtmm.org\\\/qt\\\/qarasuvbazar-regional-meclisinin-is-toplasuvi\\\/\"},\"wordCount\":535,\"commentCount\":0,\"publisher\":{\"@id\":\"https:\\\/\\\/qtmm.org\\\/qt\\\/#organization\"},\"image\":{\"@id\":\"https:\\\/\\\/qtmm.org\\\/qt\\\/qarasuvbazar-regional-meclisinin-is-toplasuvi\\\/#primaryimage\"},\"thumbnailUrl\":\"https:\\\/\\\/qtmm.org\\\/wp-content\\\/uploads\\\/2022\\\/01\\\/1_6-1-scaled.jpeg\",\"articleSection\":[\"Haberler\"],\"inLanguage\":\"qt\",\"potentialAction\":[{\"@type\":\"CommentAction\",\"name\":\"Comment\",\"target\":[\"https:\\\/\\\/qtmm.org\\\/qt\\\/qarasuvbazar-regional-meclisinin-is-toplasuvi\\\/#respond\"]}]},{\"@type\":\"WebPage\",\"@id\":\"https:\\\/\\\/qtmm.org\\\/qt\\\/qarasuvbazar-regional-meclisinin-is-toplasuvi\\\/\",\"url\":\"https:\\\/\\\/qtmm.org\\\/qt\\\/qarasuvbazar-regional-meclisinin-is-toplasuvi\\\/\",\"name\":\"Qarasuvbazar regional meclisini\u00f1 i\u015f topla\u015fuv\u0131 - \u041c\u0435\u0434\u0436\u043b\u0456\u0441\",\"isPartOf\":{\"@id\":\"https:\\\/\\\/qtmm.org\\\/qt\\\/#website\"},\"primaryImageOfPage\":{\"@id\":\"https:\\\/\\\/qtmm.org\\\/qt\\\/qarasuvbazar-regional-meclisinin-is-toplasuvi\\\/#primaryimage\"},\"image\":{\"@id\":\"https:\\\/\\\/qtmm.org\\\/qt\\\/qarasuvbazar-regional-meclisinin-is-toplasuvi\\\/#primaryimage\"},\"thumbnailUrl\":\"https:\\\/\\\/qtmm.org\\\/wp-content\\\/uploads\\\/2022\\\/01\\\/1_6-1-scaled.jpeg\",\"datePublished\":\"2011-09-15T12:03:00+00:00\",\"dateModified\":\"2022-01-19T12:04:34+00:00\",\"breadcrumb\":{\"@id\":\"https:\\\/\\\/qtmm.org\\\/qt\\\/qarasuvbazar-regional-meclisinin-is-toplasuvi\\\/#breadcrumb\"},\"inLanguage\":\"qt\",\"potentialAction\":[{\"@type\":\"ReadAction\",\"target\":[\"https:\\\/\\\/qtmm.org\\\/qt\\\/qarasuvbazar-regional-meclisinin-is-toplasuvi\\\/\"]}]},{\"@type\":\"ImageObject\",\"inLanguage\":\"qt\",\"@id\":\"https:\\\/\\\/qtmm.org\\\/qt\\\/qarasuvbazar-regional-meclisinin-is-toplasuvi\\\/#primaryimage\",\"url\":\"https:\\\/\\\/qtmm.org\\\/wp-content\\\/uploads\\\/2022\\\/01\\\/1_6-1-scaled.jpeg\",\"contentUrl\":\"https:\\\/\\\/qtmm.org\\\/wp-content\\\/uploads\\\/2022\\\/01\\\/1_6-1-scaled.jpeg\",\"width\":2560,\"height\":1920},{\"@type\":\"BreadcrumbList\",\"@id\":\"https:\\\/\\\/qtmm.org\\\/qt\\\/qarasuvbazar-regional-meclisinin-is-toplasuvi\\\/#breadcrumb\",\"itemListElement\":[{\"@type\":\"ListItem\",\"position\":1,\"name\":\"\u0413\u043e\u043b\u043e\u0432\u043d\u0430\",\"item\":\"https:\\\/\\\/qtmm.org\\\/qt\\\/\"},{\"@type\":\"ListItem\",\"position\":2,\"name\":\"Qarasuvbazar regional meclisini\u00f1 i\u015f topla\u015fuv\u0131\"}]},{\"@type\":\"WebSite\",\"@id\":\"https:\\\/\\\/qtmm.org\\\/qt\\\/#website\",\"url\":\"https:\\\/\\\/qtmm.org\\\/qt\\\/\",\"name\":\"\u041c\u0435\u0434\u0436\u043b\u0456\u0441\",\"description\":\"\",\"publisher\":{\"@id\":\"https:\\\/\\\/qtmm.org\\\/qt\\\/#organization\"},\"potentialAction\":[{\"@type\":\"SearchAction\",\"target\":{\"@type\":\"EntryPoint\",\"urlTemplate\":\"https:\\\/\\\/qtmm.org\\\/qt\\\/?s={search_term_string}\"},\"query-input\":{\"@type\":\"PropertyValueSpecification\",\"valueRequired\":true,\"valueName\":\"search_term_string\"}}],\"inLanguage\":\"qt\"},{\"@type\":\"Organization\",\"@id\":\"https:\\\/\\\/qtmm.org\\\/qt\\\/#organization\",\"name\":\"\u041c\u0435\u0434\u0436\u043b\u0456\u0441\",\"url\":\"https:\\\/\\\/qtmm.org\\\/qt\\\/\",\"logo\":{\"@type\":\"ImageObject\",\"inLanguage\":\"qt\",\"@id\":\"https:\\\/\\\/qtmm.org\\\/qt\\\/#\\\/schema\\\/logo\\\/image\\\/\",\"url\":\"https:\\\/\\\/qtmm.org\\\/wp-content\\\/uploads\\\/2024\\\/12\\\/ua-mejlis-logo-rgb.svg\",\"contentUrl\":\"https:\\\/\\\/qtmm.org\\\/wp-content\\\/uploads\\\/2024\\\/12\\\/ua-mejlis-logo-rgb.svg\",\"caption\":\"\u041c\u0435\u0434\u0436\u043b\u0456\u0441\"},\"image\":{\"@id\":\"https:\\\/\\\/qtmm.org\\\/qt\\\/#\\\/schema\\\/logo\\\/image\\\/\"},\"sameAs\":[\"https:\\\/\\\/www.facebook.com\\\/qtmm.info\\\/\"]},{\"@type\":\"Person\",\"@id\":\"https:\\\/\\\/qtmm.org\\\/qt\\\/#\\\/schema\\\/person\\\/de562469f971dec226ac06e60bbf74a7\",\"name\":\"Developer\",\"image\":{\"@type\":\"ImageObject\",\"inLanguage\":\"qt\",\"@id\":\"https:\\\/\\\/secure.gravatar.com\\\/avatar\\\/392b4cc8fbfeb00b39dfeeab4ee6edded39ffd48e25858637e4765810300227e?s=96&d=mm&r=g\",\"url\":\"https:\\\/\\\/secure.gravatar.com\\\/avatar\\\/392b4cc8fbfeb00b39dfeeab4ee6edded39ffd48e25858637e4765810300227e?s=96&d=mm&r=g\",\"contentUrl\":\"https:\\\/\\\/secure.gravatar.com\\\/avatar\\\/392b4cc8fbfeb00b39dfeeab4ee6edded39ffd48e25858637e4765810300227e?s=96&d=mm&r=g\",\"caption\":\"Developer\"},\"url\":\"https:\\\/\\\/qtmm.org\\\/qt\\\/author\\\/Developer\\\/\"}]}<\/script>\n<!-- \/ Yoast SEO plugin. -->","yoast_head_json":{"title":"Qarasuvbazar regional meclisini\u00f1 i\u015f topla\u015fuv\u0131 - \u041c\u0435\u0434\u0436\u043b\u0456\u0441","robots":{"index":"index","follow":"follow","max-snippet":"max-snippet:-1","max-image-preview":"max-image-preview:large","max-video-preview":"max-video-preview:-1"},"canonical":"https:\/\/qtmm.org\/qt\/qarasuvbazar-regional-meclisinin-is-toplasuvi\/","og_locale":"en_US","og_type":"article","og_title":"Qarasuvbazar regional meclisini\u00f1 i\u015f topla\u015fuv\u0131 - \u041c\u0435\u0434\u0436\u043b\u0456\u0441","og_description":"Qarasuvbazar regional meclisini\u00f1 2011 senesi sent\u00e2br 14-te Sar\u0131 suv milliy mektebinde ol\u0131p ke\u00e7ken i\u015f topla\u015fuv\u0131nda Q\u0131r\u0131mtatar halq\u0131 Meclisini\u00f1 reisi Mustafa Cemilev i\u015ftirak etti. Qarasuvbazar regional meclisini\u00f1 reisi Mustafa Asaba bildirgenine k\u00f6re, topla\u015fuvda regional meclis ve regiondaki yerli meclisler faaliyetini\u00f1 neticeleri talil etilip, Milliy Meclis kubog\u0131na ke\u00e7irilecek futbol boyunca yar\u0131\u015fqa az\u0131rl\u0131qn\u0131\u00f1 keti\u015fat\u0131 muzakere olund\u0131. Topla\u015fuvda Meclis [&hellip;]","og_url":"https:\/\/qtmm.org\/qt\/qarasuvbazar-regional-meclisinin-is-toplasuvi\/","og_site_name":"\u041c\u0435\u0434\u0436\u043b\u0456\u0441","article_publisher":"https:\/\/www.facebook.com\/qtmm.info\/","article_published_time":"2011-09-15T12:03:00+00:00","article_modified_time":"2022-01-19T12:04:34+00:00","og_image":[{"width":2560,"height":1920,"url":"https:\/\/qtmm.org\/wp-content\/uploads\/2022\/01\/1_6-1-scaled.jpeg","type":"image\/jpeg"}],"author":"Developer","twitter_card":"summary_large_image","twitter_misc":{"Written by":"Developer","Est. reading time":"3 minutes"},"schema":{"@context":"https:\/\/schema.org","@graph":[{"@type":"Article","@id":"https:\/\/qtmm.org\/qt\/qarasuvbazar-regional-meclisinin-is-toplasuvi\/#article","isPartOf":{"@id":"https:\/\/qtmm.org\/qt\/qarasuvbazar-regional-meclisinin-is-toplasuvi\/"},"author":{"name":"Developer","@id":"https:\/\/qtmm.org\/qt\/#\/schema\/person\/de562469f971dec226ac06e60bbf74a7"},"headline":"Qarasuvbazar regional meclisini\u00f1 i\u015f topla\u015fuv\u0131","datePublished":"2011-09-15T12:03:00+00:00","dateModified":"2022-01-19T12:04:34+00:00","mainEntityOfPage":{"@id":"https:\/\/qtmm.org\/qt\/qarasuvbazar-regional-meclisinin-is-toplasuvi\/"},"wordCount":535,"commentCount":0,"publisher":{"@id":"https:\/\/qtmm.org\/qt\/#organization"},"image":{"@id":"https:\/\/qtmm.org\/qt\/qarasuvbazar-regional-meclisinin-is-toplasuvi\/#primaryimage"},"thumbnailUrl":"https:\/\/qtmm.org\/wp-content\/uploads\/2022\/01\/1_6-1-scaled.jpeg","articleSection":["Haberler"],"inLanguage":"qt","potentialAction":[{"@type":"CommentAction","name":"Comment","target":["https:\/\/qtmm.org\/qt\/qarasuvbazar-regional-meclisinin-is-toplasuvi\/#respond"]}]},{"@type":"WebPage","@id":"https:\/\/qtmm.org\/qt\/qarasuvbazar-regional-meclisinin-is-toplasuvi\/","url":"https:\/\/qtmm.org\/qt\/qarasuvbazar-regional-meclisinin-is-toplasuvi\/","name":"Qarasuvbazar regional meclisini\u00f1 i\u015f topla\u015fuv\u0131 - \u041c\u0435\u0434\u0436\u043b\u0456\u0441","isPartOf":{"@id":"https:\/\/qtmm.org\/qt\/#website"},"primaryImageOfPage":{"@id":"https:\/\/qtmm.org\/qt\/qarasuvbazar-regional-meclisinin-is-toplasuvi\/#primaryimage"},"image":{"@id":"https:\/\/qtmm.org\/qt\/qarasuvbazar-regional-meclisinin-is-toplasuvi\/#primaryimage"},"thumbnailUrl":"https:\/\/qtmm.org\/wp-content\/uploads\/2022\/01\/1_6-1-scaled.jpeg","datePublished":"2011-09-15T12:03:00+00:00","dateModified":"2022-01-19T12:04:34+00:00","breadcrumb":{"@id":"https:\/\/qtmm.org\/qt\/qarasuvbazar-regional-meclisinin-is-toplasuvi\/#breadcrumb"},"inLanguage":"qt","potentialAction":[{"@type":"ReadAction","target":["https:\/\/qtmm.org\/qt\/qarasuvbazar-regional-meclisinin-is-toplasuvi\/"]}]},{"@type":"ImageObject","inLanguage":"qt","@id":"https:\/\/qtmm.org\/qt\/qarasuvbazar-regional-meclisinin-is-toplasuvi\/#primaryimage","url":"https:\/\/qtmm.org\/wp-content\/uploads\/2022\/01\/1_6-1-scaled.jpeg","contentUrl":"https:\/\/qtmm.org\/wp-content\/uploads\/2022\/01\/1_6-1-scaled.jpeg","width":2560,"height":1920},{"@type":"BreadcrumbList","@id":"https:\/\/qtmm.org\/qt\/qarasuvbazar-regional-meclisinin-is-toplasuvi\/#breadcrumb","itemListElement":[{"@type":"ListItem","position":1,"name":"\u0413\u043e\u043b\u043e\u0432\u043d\u0430","item":"https:\/\/qtmm.org\/qt\/"},{"@type":"ListItem","position":2,"name":"Qarasuvbazar regional meclisini\u00f1 i\u015f topla\u015fuv\u0131"}]},{"@type":"WebSite","@id":"https:\/\/qtmm.org\/qt\/#website","url":"https:\/\/qtmm.org\/qt\/","name":"\u041c\u0435\u0434\u0436\u043b\u0456\u0441","description":"","publisher":{"@id":"https:\/\/qtmm.org\/qt\/#organization"},"potentialAction":[{"@type":"SearchAction","target":{"@type":"EntryPoint","urlTemplate":"https:\/\/qtmm.org\/qt\/?s={search_term_string}"},"query-input":{"@type":"PropertyValueSpecification","valueRequired":true,"valueName":"search_term_string"}}],"inLanguage":"qt"},{"@type":"Organization","@id":"https:\/\/qtmm.org\/qt\/#organization","name":"\u041c\u0435\u0434\u0436\u043b\u0456\u0441","url":"https:\/\/qtmm.org\/qt\/","logo":{"@type":"ImageObject","inLanguage":"qt","@id":"https:\/\/qtmm.org\/qt\/#\/schema\/logo\/image\/","url":"https:\/\/qtmm.org\/wp-content\/uploads\/2024\/12\/ua-mejlis-logo-rgb.svg","contentUrl":"https:\/\/qtmm.org\/wp-content\/uploads\/2024\/12\/ua-mejlis-logo-rgb.svg","caption":"\u041c\u0435\u0434\u0436\u043b\u0456\u0441"},"image":{"@id":"https:\/\/qtmm.org\/qt\/#\/schema\/logo\/image\/"},"sameAs":["https:\/\/www.facebook.com\/qtmm.info\/"]},{"@type":"Person","@id":"https:\/\/qtmm.org\/qt\/#\/schema\/person\/de562469f971dec226ac06e60bbf74a7","name":"Developer","image":{"@type":"ImageObject","inLanguage":"qt","@id":"https:\/\/secure.gravatar.com\/avatar\/392b4cc8fbfeb00b39dfeeab4ee6edded39ffd48e25858637e4765810300227e?s=96&d=mm&r=g","url":"https:\/\/secure.gravatar.com\/avatar\/392b4cc8fbfeb00b39dfeeab4ee6edded39ffd48e25858637e4765810300227e?s=96&d=mm&r=g","contentUrl":"https:\/\/secure.gravatar.com\/avatar\/392b4cc8fbfeb00b39dfeeab4ee6edded39ffd48e25858637e4765810300227e?s=96&d=mm&r=g","caption":"Developer"},"url":"https:\/\/qtmm.org\/qt\/author\/Developer\/"}]}},"_links":{"self":[{"href":"https:\/\/qtmm.org\/qt\/wp-json\/wp\/v2\/posts\/25916","targetHints":{"allow":["GET"]}}],"collection":[{"href":"https:\/\/qtmm.org\/qt\/wp-json\/wp\/v2\/posts"}],"about":[{"href":"https:\/\/qtmm.org\/qt\/wp-json\/wp\/v2\/types\/post"}],"author":[{"embeddable":true,"href":"https:\/\/qtmm.org\/qt\/wp-json\/wp\/v2\/users\/1"}],"replies":[{"embeddable":true,"href":"https:\/\/qtmm.org\/qt\/wp-json\/wp\/v2\/comments?post=25916"}],"version-history":[{"count":1,"href":"https:\/\/qtmm.org\/qt\/wp-json\/wp\/v2\/posts\/25916\/revisions"}],"predecessor-version":[{"id":25925,"href":"https:\/\/qtmm.org\/qt\/wp-json\/wp\/v2\/posts\/25916\/revisions\/25925"}],"wp:featuredmedia":[{"embeddable":true,"href":"https:\/\/qtmm.org\/qt\/wp-json\/wp\/v2\/media\/25917"}],"wp:attachment":[{"href":"https:\/\/qtmm.org\/qt\/wp-json\/wp\/v2\/media?parent=25916"}],"wp:term":[{"taxonomy":"category","embeddable":true,"href":"https:\/\/qtmm.org\/qt\/wp-json\/wp\/v2\/categories?post=25916"},{"taxonomy":"post_tag","embeddable":true,"href":"https:\/\/qtmm.org\/qt\/wp-json\/wp\/v2\/tags?post=25916"}],"curies":[{"name":"wp","href":"https:\/\/api.w.org\/{rel}","templated":true}]}}