




{"id":25910,"date":"2011-09-15T15:02:00","date_gmt":"2011-09-15T12:02:00","guid":{"rendered":"http:\/\/qtmm.org\/?p=25910"},"modified":"2022-01-19T15:03:13","modified_gmt":"2022-01-19T12:03:13","slug":"meclis-reisi-mustafa-cemilev-ve-qibriz-yaqin-scarq-universitetinin-rektori-professor-suat-gunsel-uzun-muddetli-eki-taraflarama-isbirlik-aqqinda-anlasma-imzaladilar","status":"publish","type":"post","link":"https:\/\/qtmm.org\/qt\/meclis-reisi-mustafa-cemilev-ve-qibriz-yaqin-scarq-universitetinin-rektori-professor-suat-gunsel-uzun-muddetli-eki-taraflarama-isbirlik-aqqinda-anlasma-imzaladilar\/","title":{"rendered":"Meclis reisi Mustafa Cemilev ve Q\u0131br\u0131z Yaq\u0131n \u015f\u00e7arq universitetini\u00f1 rektor\u0131, professor Suat G\u00fcnsel uzun m\u00fcddetli eki taraflarama i\u015fbirlik aqq\u0131nda a\u00f1la\u015fma imzalad\u0131lar"},"content":{"rendered":"\n<p>Q\u0131r\u0131mtatar halq\u0131 Meclisini\u00f1 reisi&nbsp; ve Q\u0131br\u0131zdaki Yaq\u0131n \u015earq universitetini\u00f1 rektor\u0131 Suat G\u00fcnsel 2009 senesi avgust 15-te Ukraina ve \u015eimaliy Q\u0131br\u0131z T\u00fcrk Cumhuriyeti aras\u0131nda dostane munasebetler, ukrain-t\u00fcrk ticaret munasebetleri ve bun\u0131\u00f1 kibi de iqtisadiy, tehnikiy, ilmiy ve medeniy saalarda emekda\u015fl\u0131qn\u0131 pekit\u00fcv a\u00f1la\u015fmalar\u0131&nbsp; \u00e7er\u00e7ivesinde uzun m\u00fcddetli muqaveleni imzalad\u0131lar.<\/p>\n\n\n\n<p>Q\u0131r\u0131mtatar halq\u0131 Meclisini\u00f1 teklifi boyunca Q\u0131r\u0131mdan Yaq\u0131n \u015earq Q\u0131br\u0131z universitetini\u00f1 iqtisadiy ve i\u00e7timaiy fakultetlerinde aliy mal\u00fcmat almaq i\u00e7\u00fcn&nbsp; 3 adam yollan\u0131lacaq.<\/p>\n\n\n\n<p>Taraflar Yaq\u0131n \u015earq Q\u0131br\u0131z universitetine kirecek talebeler Q\u0131r\u0131mtatar halq\u0131n\u0131\u00f1 Meclisi taraf\u0131ndan te\u015fkil etilgen saylavda belgilenecekler. Muqavele \u00e7er\u00e7ivesinde alt\u0131 nefer q\u0131r\u0131mtatar gen\u00e7i m\u0131na endi eki y\u0131ldan berli \u015fu universitetni\u00f1 studenti ve magistrant\u0131lar.<\/p>\n\n\n\n<p>Bu uzun m\u00fcddetli leyhan\u0131\u00f1 koordinatorlar\u0131 Meclisni\u00f1 Q\u0131br\u0131zdaki temsilcisi Sel\u00e2mi Qa\u00e7amaq ve Meclis medeniyet ve tasil idaresini\u00f1 ba\u015f\u0131, &#8220;Maarif\u00e7i&#8221; birle\u015fmesini\u00f1 reisi&nbsp; Safure Kacametovad\u0131r.<\/p>\n\n\n\n<p>\u015eu sene avgust ay\u0131n\u0131\u00f1 ortalar\u0131nda &#8220;Maarif\u00e7i&#8221; birle\u015fmesini\u00f1 ofisinde namzetler aras\u0131nda&nbsp; ana tili ve ingliz tilini bilgenler se\u00e7ip al\u0131nd\u0131.&nbsp; Arz\u0131 Emirova, Leyl\u00e2 Mamutova, Alime \u00c7urlu ve \u0130lyas Hocametov s\u0131navdan muvafaqiyetli ke\u00e7tiler. Sent\u00e2brni\u00f1 ba\u015f\u0131nda olarn\u0131 Milliy Meclis reisi Mustafa Cemilev qabul etip, oquvda ba\u015far\u0131lar tiledi.<\/p>\n\n\n\n<p>Bu afta gen\u00e7ler Q\u0131br\u0131z\u011fa keteler.<\/p>\n","protected":false},"excerpt":{"rendered":"<p>Q\u0131r\u0131mtatar halq\u0131 Meclisini\u00f1 reisi&nbsp; ve Q\u0131br\u0131zdaki Yaq\u0131n \u015earq universitetini\u00f1 rektor\u0131 Suat G\u00fcnsel 2009 senesi avgust 15-te Ukraina ve \u015eimaliy Q\u0131br\u0131z T\u00fcrk Cumhuriyeti aras\u0131nda dostane munasebetler, ukrain-t\u00fcrk ticaret munasebetleri ve bun\u0131\u00f1 kibi de iqtisadiy, tehnikiy, ilmiy ve medeniy saalarda emekda\u015fl\u0131qn\u0131 pekit\u00fcv a\u00f1la\u015fmalar\u0131&nbsp; \u00e7er\u00e7ivesinde uzun m\u00fcddetli muqaveleni imzalad\u0131lar. Q\u0131r\u0131mtatar halq\u0131 Meclisini\u00f1 teklifi boyunca Q\u0131r\u0131mdan Yaq\u0131n \u015earq Q\u0131br\u0131z [&hellip;]<\/p>\n","protected":false},"author":1,"featured_media":25911,"comment_status":"open","ping_status":"open","sticky":false,"template":"","format":"standard","meta":{"inline_featured_image":false,"footnotes":""},"categories":[265],"tags":[],"class_list":["post-25910","post","type-post","status-publish","format-standard","has-post-thumbnail","hentry","category-haberler"],"acf":[],"yoast_head":"<!-- This site is optimized with the Yoast SEO plugin v27.4 - https:\/\/yoast.com\/product\/yoast-seo-wordpress\/ -->\n<title>Meclis reisi Mustafa Cemilev ve Q\u0131br\u0131z Yaq\u0131n \u015f\u00e7arq universitetini\u00f1 rektor\u0131, professor Suat G\u00fcnsel uzun m\u00fcddetli eki taraflarama i\u015fbirlik aqq\u0131nda a\u00f1la\u015fma imzalad\u0131lar - \u041c\u0435\u0434\u0436\u043b\u0456\u0441<\/title>\n<meta name=\"robots\" content=\"index, follow, max-snippet:-1, max-image-preview:large, max-video-preview:-1\" \/>\n<link rel=\"canonical\" href=\"https:\/\/qtmm.org\/qt\/meclis-reisi-mustafa-cemilev-ve-qibriz-yaqin-scarq-universitetinin-rektori-professor-suat-gunsel-uzun-muddetli-eki-taraflarama-isbirlik-aqqinda-anlasma-imzaladilar\/\" \/>\n<meta property=\"og:locale\" content=\"en_US\" \/>\n<meta property=\"og:type\" content=\"article\" \/>\n<meta property=\"og:title\" content=\"Meclis reisi Mustafa Cemilev ve Q\u0131br\u0131z Yaq\u0131n \u015f\u00e7arq universitetini\u00f1 rektor\u0131, professor Suat G\u00fcnsel uzun m\u00fcddetli eki taraflarama i\u015fbirlik aqq\u0131nda a\u00f1la\u015fma imzalad\u0131lar - \u041c\u0435\u0434\u0436\u043b\u0456\u0441\" \/>\n<meta property=\"og:description\" content=\"Q\u0131r\u0131mtatar halq\u0131 Meclisini\u00f1 reisi&nbsp; ve Q\u0131br\u0131zdaki Yaq\u0131n \u015earq universitetini\u00f1 rektor\u0131 Suat G\u00fcnsel 2009 senesi avgust 15-te Ukraina ve \u015eimaliy Q\u0131br\u0131z T\u00fcrk Cumhuriyeti aras\u0131nda dostane munasebetler, ukrain-t\u00fcrk ticaret munasebetleri ve bun\u0131\u00f1 kibi de iqtisadiy, tehnikiy, ilmiy ve medeniy saalarda emekda\u015fl\u0131qn\u0131 pekit\u00fcv a\u00f1la\u015fmalar\u0131&nbsp; \u00e7er\u00e7ivesinde uzun m\u00fcddetli muqaveleni imzalad\u0131lar. Q\u0131r\u0131mtatar halq\u0131 Meclisini\u00f1 teklifi boyunca Q\u0131r\u0131mdan Yaq\u0131n \u015earq Q\u0131br\u0131z [&hellip;]\" \/>\n<meta property=\"og:url\" content=\"https:\/\/qtmm.org\/qt\/meclis-reisi-mustafa-cemilev-ve-qibriz-yaqin-scarq-universitetinin-rektori-professor-suat-gunsel-uzun-muddetli-eki-taraflarama-isbirlik-aqqinda-anlasma-imzaladilar\/\" \/>\n<meta property=\"og:site_name\" content=\"\u041c\u0435\u0434\u0436\u043b\u0456\u0441\" \/>\n<meta property=\"article:publisher\" content=\"https:\/\/www.facebook.com\/qtmm.info\/\" \/>\n<meta property=\"article:published_time\" content=\"2011-09-15T12:02:00+00:00\" \/>\n<meta property=\"article:modified_time\" content=\"2022-01-19T12:03:13+00:00\" \/>\n<meta property=\"og:image\" content=\"https:\/\/qtmm.org\/wp-content\/uploads\/2022\/01\/v_tekst_8-1.jpeg\" \/>\n\t<meta property=\"og:image:width\" content=\"650\" \/>\n\t<meta property=\"og:image:height\" content=\"483\" \/>\n\t<meta property=\"og:image:type\" content=\"image\/jpeg\" \/>\n<meta name=\"author\" content=\"Developer\" \/>\n<meta name=\"twitter:card\" content=\"summary_large_image\" \/>\n<meta name=\"twitter:label1\" content=\"Written by\" \/>\n\t<meta name=\"twitter:data1\" content=\"Developer\" \/>\n\t<meta name=\"twitter:label2\" content=\"Est. reading time\" \/>\n\t<meta name=\"twitter:data2\" content=\"1 minute\" \/>\n<script type=\"application\/ld+json\" class=\"yoast-schema-graph\">{\"@context\":\"https:\\\/\\\/schema.org\",\"@graph\":[{\"@type\":\"Article\",\"@id\":\"https:\\\/\\\/qtmm.org\\\/qt\\\/meclis-reisi-mustafa-cemilev-ve-qibriz-yaqin-scarq-universitetinin-rektori-professor-suat-gunsel-uzun-muddetli-eki-taraflarama-isbirlik-aqqinda-anlasma-imzaladilar\\\/#article\",\"isPartOf\":{\"@id\":\"https:\\\/\\\/qtmm.org\\\/qt\\\/meclis-reisi-mustafa-cemilev-ve-qibriz-yaqin-scarq-universitetinin-rektori-professor-suat-gunsel-uzun-muddetli-eki-taraflarama-isbirlik-aqqinda-anlasma-imzaladilar\\\/\"},\"author\":{\"name\":\"Developer\",\"@id\":\"https:\\\/\\\/qtmm.org\\\/qt\\\/#\\\/schema\\\/person\\\/de562469f971dec226ac06e60bbf74a7\"},\"headline\":\"Meclis reisi Mustafa Cemilev ve Q\u0131br\u0131z Yaq\u0131n \u015f\u00e7arq universitetini\u00f1 rektor\u0131, professor Suat G\u00fcnsel uzun m\u00fcddetli eki taraflarama i\u015fbirlik aqq\u0131nda a\u00f1la\u015fma imzalad\u0131lar\",\"datePublished\":\"2011-09-15T12:02:00+00:00\",\"dateModified\":\"2022-01-19T12:03:13+00:00\",\"mainEntityOfPage\":{\"@id\":\"https:\\\/\\\/qtmm.org\\\/qt\\\/meclis-reisi-mustafa-cemilev-ve-qibriz-yaqin-scarq-universitetinin-rektori-professor-suat-gunsel-uzun-muddetli-eki-taraflarama-isbirlik-aqqinda-anlasma-imzaladilar\\\/\"},\"wordCount\":273,\"commentCount\":0,\"publisher\":{\"@id\":\"https:\\\/\\\/qtmm.org\\\/qt\\\/#organization\"},\"image\":{\"@id\":\"https:\\\/\\\/qtmm.org\\\/qt\\\/meclis-reisi-mustafa-cemilev-ve-qibriz-yaqin-scarq-universitetinin-rektori-professor-suat-gunsel-uzun-muddetli-eki-taraflarama-isbirlik-aqqinda-anlasma-imzaladilar\\\/#primaryimage\"},\"thumbnailUrl\":\"https:\\\/\\\/qtmm.org\\\/wp-content\\\/uploads\\\/2022\\\/01\\\/v_tekst_8-1.jpeg\",\"articleSection\":[\"Haberler\"],\"inLanguage\":\"qt\",\"potentialAction\":[{\"@type\":\"CommentAction\",\"name\":\"Comment\",\"target\":[\"https:\\\/\\\/qtmm.org\\\/qt\\\/meclis-reisi-mustafa-cemilev-ve-qibriz-yaqin-scarq-universitetinin-rektori-professor-suat-gunsel-uzun-muddetli-eki-taraflarama-isbirlik-aqqinda-anlasma-imzaladilar\\\/#respond\"]}]},{\"@type\":\"WebPage\",\"@id\":\"https:\\\/\\\/qtmm.org\\\/qt\\\/meclis-reisi-mustafa-cemilev-ve-qibriz-yaqin-scarq-universitetinin-rektori-professor-suat-gunsel-uzun-muddetli-eki-taraflarama-isbirlik-aqqinda-anlasma-imzaladilar\\\/\",\"url\":\"https:\\\/\\\/qtmm.org\\\/qt\\\/meclis-reisi-mustafa-cemilev-ve-qibriz-yaqin-scarq-universitetinin-rektori-professor-suat-gunsel-uzun-muddetli-eki-taraflarama-isbirlik-aqqinda-anlasma-imzaladilar\\\/\",\"name\":\"Meclis reisi Mustafa Cemilev ve Q\u0131br\u0131z Yaq\u0131n \u015f\u00e7arq universitetini\u00f1 rektor\u0131, professor Suat G\u00fcnsel uzun m\u00fcddetli eki taraflarama i\u015fbirlik aqq\u0131nda a\u00f1la\u015fma imzalad\u0131lar - \u041c\u0435\u0434\u0436\u043b\u0456\u0441\",\"isPartOf\":{\"@id\":\"https:\\\/\\\/qtmm.org\\\/qt\\\/#website\"},\"primaryImageOfPage\":{\"@id\":\"https:\\\/\\\/qtmm.org\\\/qt\\\/meclis-reisi-mustafa-cemilev-ve-qibriz-yaqin-scarq-universitetinin-rektori-professor-suat-gunsel-uzun-muddetli-eki-taraflarama-isbirlik-aqqinda-anlasma-imzaladilar\\\/#primaryimage\"},\"image\":{\"@id\":\"https:\\\/\\\/qtmm.org\\\/qt\\\/meclis-reisi-mustafa-cemilev-ve-qibriz-yaqin-scarq-universitetinin-rektori-professor-suat-gunsel-uzun-muddetli-eki-taraflarama-isbirlik-aqqinda-anlasma-imzaladilar\\\/#primaryimage\"},\"thumbnailUrl\":\"https:\\\/\\\/qtmm.org\\\/wp-content\\\/uploads\\\/2022\\\/01\\\/v_tekst_8-1.jpeg\",\"datePublished\":\"2011-09-15T12:02:00+00:00\",\"dateModified\":\"2022-01-19T12:03:13+00:00\",\"breadcrumb\":{\"@id\":\"https:\\\/\\\/qtmm.org\\\/qt\\\/meclis-reisi-mustafa-cemilev-ve-qibriz-yaqin-scarq-universitetinin-rektori-professor-suat-gunsel-uzun-muddetli-eki-taraflarama-isbirlik-aqqinda-anlasma-imzaladilar\\\/#breadcrumb\"},\"inLanguage\":\"qt\",\"potentialAction\":[{\"@type\":\"ReadAction\",\"target\":[\"https:\\\/\\\/qtmm.org\\\/qt\\\/meclis-reisi-mustafa-cemilev-ve-qibriz-yaqin-scarq-universitetinin-rektori-professor-suat-gunsel-uzun-muddetli-eki-taraflarama-isbirlik-aqqinda-anlasma-imzaladilar\\\/\"]}]},{\"@type\":\"ImageObject\",\"inLanguage\":\"qt\",\"@id\":\"https:\\\/\\\/qtmm.org\\\/qt\\\/meclis-reisi-mustafa-cemilev-ve-qibriz-yaqin-scarq-universitetinin-rektori-professor-suat-gunsel-uzun-muddetli-eki-taraflarama-isbirlik-aqqinda-anlasma-imzaladilar\\\/#primaryimage\",\"url\":\"https:\\\/\\\/qtmm.org\\\/wp-content\\\/uploads\\\/2022\\\/01\\\/v_tekst_8-1.jpeg\",\"contentUrl\":\"https:\\\/\\\/qtmm.org\\\/wp-content\\\/uploads\\\/2022\\\/01\\\/v_tekst_8-1.jpeg\",\"width\":650,\"height\":483},{\"@type\":\"BreadcrumbList\",\"@id\":\"https:\\\/\\\/qtmm.org\\\/qt\\\/meclis-reisi-mustafa-cemilev-ve-qibriz-yaqin-scarq-universitetinin-rektori-professor-suat-gunsel-uzun-muddetli-eki-taraflarama-isbirlik-aqqinda-anlasma-imzaladilar\\\/#breadcrumb\",\"itemListElement\":[{\"@type\":\"ListItem\",\"position\":1,\"name\":\"\u0413\u043e\u043b\u043e\u0432\u043d\u0430\",\"item\":\"https:\\\/\\\/qtmm.org\\\/qt\\\/\"},{\"@type\":\"ListItem\",\"position\":2,\"name\":\"Meclis reisi Mustafa Cemilev ve Q\u0131br\u0131z Yaq\u0131n \u015f\u00e7arq universitetini\u00f1 rektor\u0131, professor Suat G\u00fcnsel uzun m\u00fcddetli eki taraflarama i\u015fbirlik aqq\u0131nda a\u00f1la\u015fma imzalad\u0131lar\"}]},{\"@type\":\"WebSite\",\"@id\":\"https:\\\/\\\/qtmm.org\\\/qt\\\/#website\",\"url\":\"https:\\\/\\\/qtmm.org\\\/qt\\\/\",\"name\":\"\u041c\u0435\u0434\u0436\u043b\u0456\u0441\",\"description\":\"\",\"publisher\":{\"@id\":\"https:\\\/\\\/qtmm.org\\\/qt\\\/#organization\"},\"potentialAction\":[{\"@type\":\"SearchAction\",\"target\":{\"@type\":\"EntryPoint\",\"urlTemplate\":\"https:\\\/\\\/qtmm.org\\\/qt\\\/?s={search_term_string}\"},\"query-input\":{\"@type\":\"PropertyValueSpecification\",\"valueRequired\":true,\"valueName\":\"search_term_string\"}}],\"inLanguage\":\"qt\"},{\"@type\":\"Organization\",\"@id\":\"https:\\\/\\\/qtmm.org\\\/qt\\\/#organization\",\"name\":\"\u041c\u0435\u0434\u0436\u043b\u0456\u0441\",\"url\":\"https:\\\/\\\/qtmm.org\\\/qt\\\/\",\"logo\":{\"@type\":\"ImageObject\",\"inLanguage\":\"qt\",\"@id\":\"https:\\\/\\\/qtmm.org\\\/qt\\\/#\\\/schema\\\/logo\\\/image\\\/\",\"url\":\"https:\\\/\\\/qtmm.org\\\/wp-content\\\/uploads\\\/2024\\\/12\\\/ua-mejlis-logo-rgb.svg\",\"contentUrl\":\"https:\\\/\\\/qtmm.org\\\/wp-content\\\/uploads\\\/2024\\\/12\\\/ua-mejlis-logo-rgb.svg\",\"caption\":\"\u041c\u0435\u0434\u0436\u043b\u0456\u0441\"},\"image\":{\"@id\":\"https:\\\/\\\/qtmm.org\\\/qt\\\/#\\\/schema\\\/logo\\\/image\\\/\"},\"sameAs\":[\"https:\\\/\\\/www.facebook.com\\\/qtmm.info\\\/\"]},{\"@type\":\"Person\",\"@id\":\"https:\\\/\\\/qtmm.org\\\/qt\\\/#\\\/schema\\\/person\\\/de562469f971dec226ac06e60bbf74a7\",\"name\":\"Developer\",\"image\":{\"@type\":\"ImageObject\",\"inLanguage\":\"qt\",\"@id\":\"https:\\\/\\\/secure.gravatar.com\\\/avatar\\\/392b4cc8fbfeb00b39dfeeab4ee6edded39ffd48e25858637e4765810300227e?s=96&d=mm&r=g\",\"url\":\"https:\\\/\\\/secure.gravatar.com\\\/avatar\\\/392b4cc8fbfeb00b39dfeeab4ee6edded39ffd48e25858637e4765810300227e?s=96&d=mm&r=g\",\"contentUrl\":\"https:\\\/\\\/secure.gravatar.com\\\/avatar\\\/392b4cc8fbfeb00b39dfeeab4ee6edded39ffd48e25858637e4765810300227e?s=96&d=mm&r=g\",\"caption\":\"Developer\"},\"url\":\"https:\\\/\\\/qtmm.org\\\/qt\\\/author\\\/Developer\\\/\"}]}<\/script>\n<!-- \/ Yoast SEO plugin. -->","yoast_head_json":{"title":"Meclis reisi Mustafa Cemilev ve Q\u0131br\u0131z Yaq\u0131n \u015f\u00e7arq universitetini\u00f1 rektor\u0131, professor Suat G\u00fcnsel uzun m\u00fcddetli eki taraflarama i\u015fbirlik aqq\u0131nda a\u00f1la\u015fma imzalad\u0131lar - \u041c\u0435\u0434\u0436\u043b\u0456\u0441","robots":{"index":"index","follow":"follow","max-snippet":"max-snippet:-1","max-image-preview":"max-image-preview:large","max-video-preview":"max-video-preview:-1"},"canonical":"https:\/\/qtmm.org\/qt\/meclis-reisi-mustafa-cemilev-ve-qibriz-yaqin-scarq-universitetinin-rektori-professor-suat-gunsel-uzun-muddetli-eki-taraflarama-isbirlik-aqqinda-anlasma-imzaladilar\/","og_locale":"en_US","og_type":"article","og_title":"Meclis reisi Mustafa Cemilev ve Q\u0131br\u0131z Yaq\u0131n \u015f\u00e7arq universitetini\u00f1 rektor\u0131, professor Suat G\u00fcnsel uzun m\u00fcddetli eki taraflarama i\u015fbirlik aqq\u0131nda a\u00f1la\u015fma imzalad\u0131lar - \u041c\u0435\u0434\u0436\u043b\u0456\u0441","og_description":"Q\u0131r\u0131mtatar halq\u0131 Meclisini\u00f1 reisi&nbsp; ve Q\u0131br\u0131zdaki Yaq\u0131n \u015earq universitetini\u00f1 rektor\u0131 Suat G\u00fcnsel 2009 senesi avgust 15-te Ukraina ve \u015eimaliy Q\u0131br\u0131z T\u00fcrk Cumhuriyeti aras\u0131nda dostane munasebetler, ukrain-t\u00fcrk ticaret munasebetleri ve bun\u0131\u00f1 kibi de iqtisadiy, tehnikiy, ilmiy ve medeniy saalarda emekda\u015fl\u0131qn\u0131 pekit\u00fcv a\u00f1la\u015fmalar\u0131&nbsp; \u00e7er\u00e7ivesinde uzun m\u00fcddetli muqaveleni imzalad\u0131lar. Q\u0131r\u0131mtatar halq\u0131 Meclisini\u00f1 teklifi boyunca Q\u0131r\u0131mdan Yaq\u0131n \u015earq Q\u0131br\u0131z [&hellip;]","og_url":"https:\/\/qtmm.org\/qt\/meclis-reisi-mustafa-cemilev-ve-qibriz-yaqin-scarq-universitetinin-rektori-professor-suat-gunsel-uzun-muddetli-eki-taraflarama-isbirlik-aqqinda-anlasma-imzaladilar\/","og_site_name":"\u041c\u0435\u0434\u0436\u043b\u0456\u0441","article_publisher":"https:\/\/www.facebook.com\/qtmm.info\/","article_published_time":"2011-09-15T12:02:00+00:00","article_modified_time":"2022-01-19T12:03:13+00:00","og_image":[{"width":650,"height":483,"url":"https:\/\/qtmm.org\/wp-content\/uploads\/2022\/01\/v_tekst_8-1.jpeg","type":"image\/jpeg"}],"author":"Developer","twitter_card":"summary_large_image","twitter_misc":{"Written by":"Developer","Est. reading time":"1 minute"},"schema":{"@context":"https:\/\/schema.org","@graph":[{"@type":"Article","@id":"https:\/\/qtmm.org\/qt\/meclis-reisi-mustafa-cemilev-ve-qibriz-yaqin-scarq-universitetinin-rektori-professor-suat-gunsel-uzun-muddetli-eki-taraflarama-isbirlik-aqqinda-anlasma-imzaladilar\/#article","isPartOf":{"@id":"https:\/\/qtmm.org\/qt\/meclis-reisi-mustafa-cemilev-ve-qibriz-yaqin-scarq-universitetinin-rektori-professor-suat-gunsel-uzun-muddetli-eki-taraflarama-isbirlik-aqqinda-anlasma-imzaladilar\/"},"author":{"name":"Developer","@id":"https:\/\/qtmm.org\/qt\/#\/schema\/person\/de562469f971dec226ac06e60bbf74a7"},"headline":"Meclis reisi Mustafa Cemilev ve Q\u0131br\u0131z Yaq\u0131n \u015f\u00e7arq universitetini\u00f1 rektor\u0131, professor Suat G\u00fcnsel uzun m\u00fcddetli eki taraflarama i\u015fbirlik aqq\u0131nda a\u00f1la\u015fma imzalad\u0131lar","datePublished":"2011-09-15T12:02:00+00:00","dateModified":"2022-01-19T12:03:13+00:00","mainEntityOfPage":{"@id":"https:\/\/qtmm.org\/qt\/meclis-reisi-mustafa-cemilev-ve-qibriz-yaqin-scarq-universitetinin-rektori-professor-suat-gunsel-uzun-muddetli-eki-taraflarama-isbirlik-aqqinda-anlasma-imzaladilar\/"},"wordCount":273,"commentCount":0,"publisher":{"@id":"https:\/\/qtmm.org\/qt\/#organization"},"image":{"@id":"https:\/\/qtmm.org\/qt\/meclis-reisi-mustafa-cemilev-ve-qibriz-yaqin-scarq-universitetinin-rektori-professor-suat-gunsel-uzun-muddetli-eki-taraflarama-isbirlik-aqqinda-anlasma-imzaladilar\/#primaryimage"},"thumbnailUrl":"https:\/\/qtmm.org\/wp-content\/uploads\/2022\/01\/v_tekst_8-1.jpeg","articleSection":["Haberler"],"inLanguage":"qt","potentialAction":[{"@type":"CommentAction","name":"Comment","target":["https:\/\/qtmm.org\/qt\/meclis-reisi-mustafa-cemilev-ve-qibriz-yaqin-scarq-universitetinin-rektori-professor-suat-gunsel-uzun-muddetli-eki-taraflarama-isbirlik-aqqinda-anlasma-imzaladilar\/#respond"]}]},{"@type":"WebPage","@id":"https:\/\/qtmm.org\/qt\/meclis-reisi-mustafa-cemilev-ve-qibriz-yaqin-scarq-universitetinin-rektori-professor-suat-gunsel-uzun-muddetli-eki-taraflarama-isbirlik-aqqinda-anlasma-imzaladilar\/","url":"https:\/\/qtmm.org\/qt\/meclis-reisi-mustafa-cemilev-ve-qibriz-yaqin-scarq-universitetinin-rektori-professor-suat-gunsel-uzun-muddetli-eki-taraflarama-isbirlik-aqqinda-anlasma-imzaladilar\/","name":"Meclis reisi Mustafa Cemilev ve Q\u0131br\u0131z Yaq\u0131n \u015f\u00e7arq universitetini\u00f1 rektor\u0131, professor Suat G\u00fcnsel uzun m\u00fcddetli eki taraflarama i\u015fbirlik aqq\u0131nda a\u00f1la\u015fma imzalad\u0131lar - \u041c\u0435\u0434\u0436\u043b\u0456\u0441","isPartOf":{"@id":"https:\/\/qtmm.org\/qt\/#website"},"primaryImageOfPage":{"@id":"https:\/\/qtmm.org\/qt\/meclis-reisi-mustafa-cemilev-ve-qibriz-yaqin-scarq-universitetinin-rektori-professor-suat-gunsel-uzun-muddetli-eki-taraflarama-isbirlik-aqqinda-anlasma-imzaladilar\/#primaryimage"},"image":{"@id":"https:\/\/qtmm.org\/qt\/meclis-reisi-mustafa-cemilev-ve-qibriz-yaqin-scarq-universitetinin-rektori-professor-suat-gunsel-uzun-muddetli-eki-taraflarama-isbirlik-aqqinda-anlasma-imzaladilar\/#primaryimage"},"thumbnailUrl":"https:\/\/qtmm.org\/wp-content\/uploads\/2022\/01\/v_tekst_8-1.jpeg","datePublished":"2011-09-15T12:02:00+00:00","dateModified":"2022-01-19T12:03:13+00:00","breadcrumb":{"@id":"https:\/\/qtmm.org\/qt\/meclis-reisi-mustafa-cemilev-ve-qibriz-yaqin-scarq-universitetinin-rektori-professor-suat-gunsel-uzun-muddetli-eki-taraflarama-isbirlik-aqqinda-anlasma-imzaladilar\/#breadcrumb"},"inLanguage":"qt","potentialAction":[{"@type":"ReadAction","target":["https:\/\/qtmm.org\/qt\/meclis-reisi-mustafa-cemilev-ve-qibriz-yaqin-scarq-universitetinin-rektori-professor-suat-gunsel-uzun-muddetli-eki-taraflarama-isbirlik-aqqinda-anlasma-imzaladilar\/"]}]},{"@type":"ImageObject","inLanguage":"qt","@id":"https:\/\/qtmm.org\/qt\/meclis-reisi-mustafa-cemilev-ve-qibriz-yaqin-scarq-universitetinin-rektori-professor-suat-gunsel-uzun-muddetli-eki-taraflarama-isbirlik-aqqinda-anlasma-imzaladilar\/#primaryimage","url":"https:\/\/qtmm.org\/wp-content\/uploads\/2022\/01\/v_tekst_8-1.jpeg","contentUrl":"https:\/\/qtmm.org\/wp-content\/uploads\/2022\/01\/v_tekst_8-1.jpeg","width":650,"height":483},{"@type":"BreadcrumbList","@id":"https:\/\/qtmm.org\/qt\/meclis-reisi-mustafa-cemilev-ve-qibriz-yaqin-scarq-universitetinin-rektori-professor-suat-gunsel-uzun-muddetli-eki-taraflarama-isbirlik-aqqinda-anlasma-imzaladilar\/#breadcrumb","itemListElement":[{"@type":"ListItem","position":1,"name":"\u0413\u043e\u043b\u043e\u0432\u043d\u0430","item":"https:\/\/qtmm.org\/qt\/"},{"@type":"ListItem","position":2,"name":"Meclis reisi Mustafa Cemilev ve Q\u0131br\u0131z Yaq\u0131n \u015f\u00e7arq universitetini\u00f1 rektor\u0131, professor Suat G\u00fcnsel uzun m\u00fcddetli eki taraflarama i\u015fbirlik aqq\u0131nda a\u00f1la\u015fma imzalad\u0131lar"}]},{"@type":"WebSite","@id":"https:\/\/qtmm.org\/qt\/#website","url":"https:\/\/qtmm.org\/qt\/","name":"\u041c\u0435\u0434\u0436\u043b\u0456\u0441","description":"","publisher":{"@id":"https:\/\/qtmm.org\/qt\/#organization"},"potentialAction":[{"@type":"SearchAction","target":{"@type":"EntryPoint","urlTemplate":"https:\/\/qtmm.org\/qt\/?s={search_term_string}"},"query-input":{"@type":"PropertyValueSpecification","valueRequired":true,"valueName":"search_term_string"}}],"inLanguage":"qt"},{"@type":"Organization","@id":"https:\/\/qtmm.org\/qt\/#organization","name":"\u041c\u0435\u0434\u0436\u043b\u0456\u0441","url":"https:\/\/qtmm.org\/qt\/","logo":{"@type":"ImageObject","inLanguage":"qt","@id":"https:\/\/qtmm.org\/qt\/#\/schema\/logo\/image\/","url":"https:\/\/qtmm.org\/wp-content\/uploads\/2024\/12\/ua-mejlis-logo-rgb.svg","contentUrl":"https:\/\/qtmm.org\/wp-content\/uploads\/2024\/12\/ua-mejlis-logo-rgb.svg","caption":"\u041c\u0435\u0434\u0436\u043b\u0456\u0441"},"image":{"@id":"https:\/\/qtmm.org\/qt\/#\/schema\/logo\/image\/"},"sameAs":["https:\/\/www.facebook.com\/qtmm.info\/"]},{"@type":"Person","@id":"https:\/\/qtmm.org\/qt\/#\/schema\/person\/de562469f971dec226ac06e60bbf74a7","name":"Developer","image":{"@type":"ImageObject","inLanguage":"qt","@id":"https:\/\/secure.gravatar.com\/avatar\/392b4cc8fbfeb00b39dfeeab4ee6edded39ffd48e25858637e4765810300227e?s=96&d=mm&r=g","url":"https:\/\/secure.gravatar.com\/avatar\/392b4cc8fbfeb00b39dfeeab4ee6edded39ffd48e25858637e4765810300227e?s=96&d=mm&r=g","contentUrl":"https:\/\/secure.gravatar.com\/avatar\/392b4cc8fbfeb00b39dfeeab4ee6edded39ffd48e25858637e4765810300227e?s=96&d=mm&r=g","caption":"Developer"},"url":"https:\/\/qtmm.org\/qt\/author\/Developer\/"}]}},"_links":{"self":[{"href":"https:\/\/qtmm.org\/qt\/wp-json\/wp\/v2\/posts\/25910","targetHints":{"allow":["GET"]}}],"collection":[{"href":"https:\/\/qtmm.org\/qt\/wp-json\/wp\/v2\/posts"}],"about":[{"href":"https:\/\/qtmm.org\/qt\/wp-json\/wp\/v2\/types\/post"}],"author":[{"embeddable":true,"href":"https:\/\/qtmm.org\/qt\/wp-json\/wp\/v2\/users\/1"}],"replies":[{"embeddable":true,"href":"https:\/\/qtmm.org\/qt\/wp-json\/wp\/v2\/comments?post=25910"}],"version-history":[{"count":1,"href":"https:\/\/qtmm.org\/qt\/wp-json\/wp\/v2\/posts\/25910\/revisions"}],"predecessor-version":[{"id":25915,"href":"https:\/\/qtmm.org\/qt\/wp-json\/wp\/v2\/posts\/25910\/revisions\/25915"}],"wp:featuredmedia":[{"embeddable":true,"href":"https:\/\/qtmm.org\/qt\/wp-json\/wp\/v2\/media\/25911"}],"wp:attachment":[{"href":"https:\/\/qtmm.org\/qt\/wp-json\/wp\/v2\/media?parent=25910"}],"wp:term":[{"taxonomy":"category","embeddable":true,"href":"https:\/\/qtmm.org\/qt\/wp-json\/wp\/v2\/categories?post=25910"},{"taxonomy":"post_tag","embeddable":true,"href":"https:\/\/qtmm.org\/qt\/wp-json\/wp\/v2\/tags?post=25910"}],"curies":[{"name":"wp","href":"https:\/\/api.w.org\/{rel}","templated":true}]}}