




{"id":25884,"date":"2011-09-14T15:01:00","date_gmt":"2011-09-14T12:01:00","guid":{"rendered":"http:\/\/qtmm.org\/?p=25884"},"modified":"2022-01-19T15:02:17","modified_gmt":"2022-01-19T12:02:17","slug":"ukrainada-bmt-inkisaf-programmasinin-daimiy-temsilcisi-o-adam-meclisni-ziyaret-etti","status":"publish","type":"post","link":"https:\/\/qtmm.org\/qt\/ukrainada-bmt-inkisaf-programmasinin-daimiy-temsilcisi-o-adam-meclisni-ziyaret-etti\/","title":{"rendered":"Ukrainada BMT \u0130nki\u015faf programmas\u0131n\u0131\u00f1 daimiy temsilcisi O.Adam Meclisni ziyaret etti"},"content":{"rendered":"\n<p>2011 senesi sent\u00e2br 14 k\u00fcn\u00fc Q\u0131r\u0131mtatar halq\u0131 Meclisini\u00f1 reisi, Ukraina halq deputat\u0131 Mustafa Cemilev BMT sistemini\u00f1 koordinator\u0131, Ukrainada BMT \u0130nki\u015faf programmas\u0131n\u0131\u00f1 daimiy temsilcisi&nbsp; \u00d6livye Adamn\u0131 qabul etti.&nbsp;&nbsp;<\/p>\n\n\n\n<p>Meclis ofisinde ol\u011fan k\u00f6r\u00fc\u015f\u00fcvde&nbsp; bun\u0131\u00f1 kibi de BMT \u0130P koordinator\u0131 Adelin G\u00f6ne, Ukraina BMT vek\u00e2letligi reberini\u00f1 insan inki\u015faf\u0131 boyunca mesleat\u00e7\u0131s\u0131 Gaspar Bergman ve BMT \u0130nki\u015faf programmas\u0131n\u0131\u00f1 Q\u0131r\u0131mdaki temsilciligini\u00f1 programm meneceri Qurtmolla Abdul\u011faniyev i\u015ftirak ettiler.<\/p>\n\n\n\n<p>Q\u0131r\u0131mtatar halq\u0131n\u0131\u00f1 Meclisini k\u00f6r\u00fc\u015f\u00fcvde&nbsp; Meclis reisini\u00f1 birinci muavini&nbsp; Refat \u00c7ubarov, t\u0131\u015fq\u0131 al\u00e2qalar b\u00f6l\u00fcgini\u00f1 ba\u015f\u0131&nbsp; Ali Hamzin ve Meclis K\u00e2tibiyetini\u00f1 ba\u015f\u0131 Zair Smedl\u00e2yev temsil ettiler.<\/p>\n\n\n\n<p>&#8220;Meclis reberlerinen k\u00f6r\u00fc\u015f\u00fcvimizni\u00f1 maqsad\u0131 BMT \u0130nki\u015faf programmas\u0131n\u0131\u00f1 Ukraina ve Q\u0131r\u0131mda yapacaq faaliyeti aqq\u0131nda dialogn\u0131 devam ettirmektir, &#8211; dedi&nbsp; Ukrainada BMT&nbsp; temsilciligini\u00f1 ba\u015f\u0131 \u00d6livye Adam. &#8211;&nbsp; Belli ki, 80-nci senelerni\u00f1 ortalar\u0131ndan ba\u015flap Q\u0131r\u0131mda bir \u00e7oq programmalarn\u0131 amelge&nbsp; ke\u00e7irgen BMT \u0130nki\u015faf programmas\u0131 s\u00fcrg\u00fcnlik yerlerinden \u00f6z vatan\u0131na qaytayatqan q\u0131r\u0131mtatarlarn\u0131\u00f1 itiyaclar\u0131n\u0131 esapqa ala. Ebet, biz bundan so\u00f1 da q\u0131r\u0131mtatar halq\u0131na yard\u0131m berecek, Q\u0131r\u0131mn\u0131\u00f1 inki\u015faf\u0131 o\u011frunda i\u015flengen leyhalar\u011fa qoltutacaqm\u0131z&#8221;.<\/p>\n\n\n\n<p>Subet devam\u0131nda taraflar keni\u015f meseleler dairesi, c\u00fcmleden BMT \u0130P Q\u0131r\u0131mda ker\u00e7ekle\u015ftirgen leyhalarn\u0131\u00f1 semeresi, q\u0131r\u0131mtatarlarn\u0131 yerle\u015ftir\u00fcv ve aq-uquqlar\u0131n\u0131 tiklevge halqara yard\u0131m i\u00e7\u00fcn o\u00f1aytl\u0131 \u015farait yaratuv kibi problemler boyunca&nbsp; fikir alma\u015ft\u0131lar.<\/p>\n\n\n\n<p>Q\u0131r\u0131mtatar halq\u0131 Meclisini\u00f1 reberleri Ukrainada BMT \u0130P ba\u015f\u0131n\u0131\u00f1 ricas\u0131na seslenerek&nbsp; Q\u0131r\u0131mdaki i\u00e7timaiy-siyasiy vaziyetni izaatlap, Ukraina Nazirler kabineti q\u0131r\u0131mtatarlarn\u0131 yerle\u015ftir\u00fcv boyunca bergen vadelerini eda etmegenini ayr\u0131ca qayd ettiler.&nbsp; &#8220;Nevbetteki y\u0131l da so\u00f1una keleyata, amma s\u00fcrg\u00fcn etilgen adamlarn\u0131 qaytaruv ve yerle\u015ftir\u00fcv programmas\u0131n\u0131 finansirlev \u00f6yle de ba\u015flanmad\u0131. Bundan da \u011fayr\u0131, devlet i\u00e7timaiy programmalar\u011fa i\u00e7 de destek bermey&#8221;, &#8211; dedi Mustafa Cemilev.<\/p>\n\n\n\n<p>Q\u0131r\u0131mtatar halq\u0131 Meclisini\u00f1 reisi&nbsp; Mustafa Cemilev Ukrainada BMT&nbsp; temsilciligini\u00f1 ba\u015f\u0131 \u00d6livye Adamn\u0131\u00f1 diqqat\u0131n\u0131 so\u00f1ki vaq\u0131tta pek aktivle\u015fken &#8220;kazak&#8221; te\u015fkil\u00e2tlar\u0131n\u0131\u00f1 da faaliyetine celp etti. &#8220;\u015eu faaliyetni\u00f1 misallerinden biri Q\u0131r\u0131m boylap cemaat yerlerinde, bilhassa&nbsp; \u015feer ve qasabalar\u011fa kiri\u015f ve \u00e7\u0131q\u0131\u015fta&nbsp; ha\u00e7lar tiklev allar\u0131d\u0131r. Kazaklarn\u0131\u00f1 bu provokatsion areketlerine Q\u0131r\u0131m nazirler \u015furas\u0131n\u0131\u00f1 bug\u00fcnki reberleri qoltutqanlar\u0131 bizni e\u00f1 ziyade raats\u0131zlay. B\u00f6yle aq\u0131ls\u0131z siyasetni Q\u0131r\u0131mda resmiy dini pravoslav dini ol\u011fan Rusiye bile al\u0131p barma\u011fan edi&#8221;, dedi Mustafa Cemilev.<\/p>\n\n\n\n<p>Refat \u00c7ubarov, BMT \u0130nki\u015faf programmas\u0131 ve Avropa Birligi devletleri Q\u0131r\u0131mda amelge ke\u00e7irgen leyhalarn\u0131\u00f1 m\u00fcimligini qayd etip, q\u0131r\u0131mtatar halq\u0131n\u0131\u00f1 qaytuv\u0131 ve yerle\u015f\u00fcvinen ba\u011fl\u0131 siyasiy-uquqiy meseleler \u00e7ezilmesini\u00f1 zarurl\u0131\u011f\u0131nda toqtald\u0131. &#8220;Bug\u00fcn er kes a\u00e7\u0131q-ayd\u0131n k\u00f6re ki, halqara te\u015fkil\u00e2tlarn\u0131\u00f1 i\u015ftirakisiz bu saada ilerilev olmaz&#8221;, dedi Refat \u00c7ubarov ve q\u0131r\u0131mtatar halq\u0131n\u0131\u00f1 aq-uquqlar\u0131n\u0131 tiklev ve on\u0131\u00f1 Ukrainada tel\u00fckesizligini teminlev meseleleri boyunca Halqara forum\u011fa az\u0131rl\u0131q keti\u015fat\u0131nen tan\u0131\u015f etti.<\/p>\n\n\n\n<p>\u00d6z nevbetinde cenap&nbsp; \u00d6livye Adam Halqara forum ke\u00e7irilmesini maqullep, i\u015fbu tedbir q\u0131r\u0131mtatar halq\u0131 aqlar\u0131n\u0131\u00f1 \u011fayr\u0131dan tiklenmesine ve Q\u0131r\u0131mn\u0131\u00f1 inki\u015faf etmesine bir siltem olaca\u011f\u0131na eminlik bildirdi.&nbsp;<\/p>\n\n\n\n<p>Cenap \u00d6livye Adam Kiyevde okt\u00e2br 5 k\u00fcn\u00fc Meclis reberleri el\u00e7ilikler ve halqara te\u015fkil\u00e2tlarn\u0131\u00f1 vekillerinen ke\u00e7irecek k\u00f6r\u00fc\u015f\u00fcvde i\u015ftirakini tasdiqlad\u0131.<\/p>\n\n\n\n<p>K\u00f6r\u00fc\u015f\u00fcvni\u00f1 so\u00f1unda\u00a0 Meclis yolba\u015f\u00e7\u0131lar\u0131\u00a0\u00a0 Ukrainada BMT\u00a0 temsilciligini\u00f1 ba\u015f\u0131 \u00d6livye Adam\u011fa BMT sistemas\u0131ndaki halqara te\u015fkil\u00e2tlar\u011fa q\u0131r\u0131mtatar halq\u0131n\u0131\u00f1 aq-uquqlar\u0131n\u0131 tiklev, Q\u0131r\u0131mn\u0131 inki\u015faf ettir\u00fcv meselelerine ay\u0131r\u011fan diqqat\u0131 i\u00e7\u00fcn te\u015fekk\u00fcr bildirdi. \u00a0<\/p>\n\n\n\n<figure class=\"wp-block-gallery columns-3 is-cropped wp-block-gallery-1 is-layout-flex wp-block-gallery-is-layout-flex\"><ul class=\"blocks-gallery-grid\"><li class=\"blocks-gallery-item\"><figure><a href=\"http:\/\/qtmm.org\/wp-content\/uploads\/2022\/01\/4e7338511ec87.jpeg\"><img loading=\"lazy\" decoding=\"async\" width=\"640\" height=\"480\" src=\"http:\/\/qtmm.org\/wp-content\/uploads\/2022\/01\/4e7338511ec87.jpeg\" alt=\"\" data-id=\"25885\" data-full-url=\"http:\/\/qtmm.org\/wp-content\/uploads\/2022\/01\/4e7338511ec87.jpeg\" data-link=\"http:\/\/qtmm.org\/?attachment_id=25885\" class=\"wp-image-25885\" srcset=\"https:\/\/qtmm.org\/wp-content\/uploads\/2022\/01\/4e7338511ec87.jpeg 640w, https:\/\/qtmm.org\/wp-content\/uploads\/2022\/01\/4e7338511ec87-300x225.jpeg 300w\" sizes=\"auto, (max-width: 640px) 100vw, 640px\" \/><\/a><\/figure><\/li><li class=\"blocks-gallery-item\"><figure><a href=\"http:\/\/qtmm.org\/wp-content\/uploads\/2022\/01\/4e7338643c7fd.jpeg\"><img loading=\"lazy\" decoding=\"async\" width=\"640\" height=\"480\" src=\"http:\/\/qtmm.org\/wp-content\/uploads\/2022\/01\/4e7338643c7fd.jpeg\" alt=\"\" data-id=\"25889\" data-full-url=\"http:\/\/qtmm.org\/wp-content\/uploads\/2022\/01\/4e7338643c7fd.jpeg\" data-link=\"http:\/\/qtmm.org\/?attachment_id=25889\" class=\"wp-image-25889\" srcset=\"https:\/\/qtmm.org\/wp-content\/uploads\/2022\/01\/4e7338643c7fd.jpeg 640w, https:\/\/qtmm.org\/wp-content\/uploads\/2022\/01\/4e7338643c7fd-300x225.jpeg 300w\" sizes=\"auto, (max-width: 640px) 100vw, 640px\" \/><\/a><\/figure><\/li><li class=\"blocks-gallery-item\"><figure><a href=\"http:\/\/qtmm.org\/wp-content\/uploads\/2022\/01\/4e73385157e80.jpeg\"><img loading=\"lazy\" decoding=\"async\" width=\"640\" height=\"480\" src=\"http:\/\/qtmm.org\/wp-content\/uploads\/2022\/01\/4e73385157e80.jpeg\" alt=\"\" data-id=\"25893\" data-full-url=\"http:\/\/qtmm.org\/wp-content\/uploads\/2022\/01\/4e73385157e80.jpeg\" data-link=\"http:\/\/qtmm.org\/?attachment_id=25893\" class=\"wp-image-25893\" srcset=\"https:\/\/qtmm.org\/wp-content\/uploads\/2022\/01\/4e73385157e80.jpeg 640w, https:\/\/qtmm.org\/wp-content\/uploads\/2022\/01\/4e73385157e80-300x225.jpeg 300w\" sizes=\"auto, (max-width: 640px) 100vw, 640px\" \/><\/a><\/figure><\/li><li class=\"blocks-gallery-item\"><figure><a href=\"http:\/\/qtmm.org\/wp-content\/uploads\/2022\/01\/4e73385191c40.jpeg\"><img loading=\"lazy\" decoding=\"async\" width=\"640\" height=\"480\" src=\"http:\/\/qtmm.org\/wp-content\/uploads\/2022\/01\/4e73385191c40.jpeg\" alt=\"\" data-id=\"25897\" data-full-url=\"http:\/\/qtmm.org\/wp-content\/uploads\/2022\/01\/4e73385191c40.jpeg\" data-link=\"http:\/\/qtmm.org\/?attachment_id=25897\" class=\"wp-image-25897\" srcset=\"https:\/\/qtmm.org\/wp-content\/uploads\/2022\/01\/4e73385191c40.jpeg 640w, https:\/\/qtmm.org\/wp-content\/uploads\/2022\/01\/4e73385191c40-300x225.jpeg 300w\" sizes=\"auto, (max-width: 640px) 100vw, 640px\" \/><\/a><\/figure><\/li><li class=\"blocks-gallery-item\"><figure><a href=\"http:\/\/qtmm.org\/wp-content\/uploads\/2022\/01\/4e7338647525a.jpeg\"><img loading=\"lazy\" decoding=\"async\" width=\"640\" height=\"480\" src=\"http:\/\/qtmm.org\/wp-content\/uploads\/2022\/01\/4e7338647525a.jpeg\" alt=\"\" data-id=\"25901\" data-full-url=\"http:\/\/qtmm.org\/wp-content\/uploads\/2022\/01\/4e7338647525a.jpeg\" data-link=\"http:\/\/qtmm.org\/?attachment_id=25901\" class=\"wp-image-25901\" srcset=\"https:\/\/qtmm.org\/wp-content\/uploads\/2022\/01\/4e7338647525a.jpeg 640w, https:\/\/qtmm.org\/wp-content\/uploads\/2022\/01\/4e7338647525a-300x225.jpeg 300w\" sizes=\"auto, (max-width: 640px) 100vw, 640px\" \/><\/a><\/figure><\/li><li class=\"blocks-gallery-item\"><figure><a href=\"http:\/\/qtmm.org\/wp-content\/uploads\/2022\/01\/4e73386400362.jpeg\"><img loading=\"lazy\" decoding=\"async\" width=\"640\" height=\"480\" src=\"http:\/\/qtmm.org\/wp-content\/uploads\/2022\/01\/4e73386400362.jpeg\" alt=\"\" data-id=\"25905\" data-full-url=\"http:\/\/qtmm.org\/wp-content\/uploads\/2022\/01\/4e73386400362.jpeg\" data-link=\"http:\/\/qtmm.org\/?attachment_id=25905\" class=\"wp-image-25905\" srcset=\"https:\/\/qtmm.org\/wp-content\/uploads\/2022\/01\/4e73386400362.jpeg 640w, https:\/\/qtmm.org\/wp-content\/uploads\/2022\/01\/4e73386400362-300x225.jpeg 300w\" sizes=\"auto, (max-width: 640px) 100vw, 640px\" \/><\/a><\/figure><\/li><\/ul><\/figure>\n","protected":false},"excerpt":{"rendered":"<p>2011 senesi sent\u00e2br 14 k\u00fcn\u00fc Q\u0131r\u0131mtatar halq\u0131 Meclisini\u00f1 reisi, Ukraina halq deputat\u0131 Mustafa Cemilev BMT sistemini\u00f1 koordinator\u0131, Ukrainada BMT \u0130nki\u015faf programmas\u0131n\u0131\u00f1 daimiy temsilcisi&nbsp; \u00d6livye Adamn\u0131 qabul etti.&nbsp;&nbsp; Meclis ofisinde ol\u011fan k\u00f6r\u00fc\u015f\u00fcvde&nbsp; bun\u0131\u00f1 kibi de BMT \u0130P koordinator\u0131 Adelin G\u00f6ne, Ukraina BMT vek\u00e2letligi reberini\u00f1 insan inki\u015faf\u0131 boyunca mesleat\u00e7\u0131s\u0131 Gaspar Bergman ve BMT \u0130nki\u015faf programmas\u0131n\u0131\u00f1 Q\u0131r\u0131mdaki temsilciligini\u00f1 [&hellip;]<\/p>\n","protected":false},"author":1,"featured_media":0,"comment_status":"open","ping_status":"open","sticky":false,"template":"","format":"standard","meta":{"inline_featured_image":false,"footnotes":""},"categories":[265],"tags":[],"class_list":["post-25884","post","type-post","status-publish","format-standard","hentry","category-haberler"],"acf":[],"yoast_head":"<!-- This site is optimized with the Yoast SEO plugin v27.4 - https:\/\/yoast.com\/product\/yoast-seo-wordpress\/ -->\n<title>Ukrainada BMT \u0130nki\u015faf programmas\u0131n\u0131\u00f1 daimiy temsilcisi O.Adam Meclisni ziyaret etti - \u041c\u0435\u0434\u0436\u043b\u0456\u0441<\/title>\n<meta name=\"robots\" content=\"index, follow, max-snippet:-1, max-image-preview:large, max-video-preview:-1\" \/>\n<link rel=\"canonical\" href=\"https:\/\/qtmm.org\/qt\/ukrainada-bmt-inkisaf-programmasinin-daimiy-temsilcisi-o-adam-meclisni-ziyaret-etti\/\" \/>\n<meta property=\"og:locale\" content=\"en_US\" \/>\n<meta property=\"og:type\" content=\"article\" \/>\n<meta property=\"og:title\" content=\"Ukrainada BMT \u0130nki\u015faf programmas\u0131n\u0131\u00f1 daimiy temsilcisi O.Adam Meclisni ziyaret etti - \u041c\u0435\u0434\u0436\u043b\u0456\u0441\" \/>\n<meta property=\"og:description\" content=\"2011 senesi sent\u00e2br 14 k\u00fcn\u00fc Q\u0131r\u0131mtatar halq\u0131 Meclisini\u00f1 reisi, Ukraina halq deputat\u0131 Mustafa Cemilev BMT sistemini\u00f1 koordinator\u0131, Ukrainada BMT \u0130nki\u015faf programmas\u0131n\u0131\u00f1 daimiy temsilcisi&nbsp; \u00d6livye Adamn\u0131 qabul etti.&nbsp;&nbsp; Meclis ofisinde ol\u011fan k\u00f6r\u00fc\u015f\u00fcvde&nbsp; bun\u0131\u00f1 kibi de BMT \u0130P koordinator\u0131 Adelin G\u00f6ne, Ukraina BMT vek\u00e2letligi reberini\u00f1 insan inki\u015faf\u0131 boyunca mesleat\u00e7\u0131s\u0131 Gaspar Bergman ve BMT \u0130nki\u015faf programmas\u0131n\u0131\u00f1 Q\u0131r\u0131mdaki temsilciligini\u00f1 [&hellip;]\" \/>\n<meta property=\"og:url\" content=\"https:\/\/qtmm.org\/qt\/ukrainada-bmt-inkisaf-programmasinin-daimiy-temsilcisi-o-adam-meclisni-ziyaret-etti\/\" \/>\n<meta property=\"og:site_name\" content=\"\u041c\u0435\u0434\u0436\u043b\u0456\u0441\" \/>\n<meta property=\"article:publisher\" content=\"https:\/\/www.facebook.com\/qtmm.info\/\" \/>\n<meta property=\"article:published_time\" content=\"2011-09-14T12:01:00+00:00\" \/>\n<meta property=\"article:modified_time\" content=\"2022-01-19T12:02:17+00:00\" \/>\n<meta property=\"og:image\" content=\"https:\/\/qtmm.org\/wp-content\/uploads\/2022\/01\/4e7338511ec87.jpeg\" \/>\n\t<meta property=\"og:image:width\" content=\"640\" \/>\n\t<meta property=\"og:image:height\" content=\"480\" \/>\n\t<meta property=\"og:image:type\" content=\"image\/jpeg\" \/>\n<meta name=\"author\" content=\"Developer\" \/>\n<meta name=\"twitter:card\" content=\"summary_large_image\" \/>\n<meta name=\"twitter:label1\" content=\"Written by\" \/>\n\t<meta name=\"twitter:data1\" content=\"Developer\" \/>\n\t<meta name=\"twitter:label2\" content=\"Est. reading time\" \/>\n\t<meta name=\"twitter:data2\" content=\"3 minutes\" \/>\n<script type=\"application\/ld+json\" class=\"yoast-schema-graph\">{\"@context\":\"https:\\\/\\\/schema.org\",\"@graph\":[{\"@type\":\"Article\",\"@id\":\"https:\\\/\\\/qtmm.org\\\/qt\\\/ukrainada-bmt-inkisaf-programmasinin-daimiy-temsilcisi-o-adam-meclisni-ziyaret-etti\\\/#article\",\"isPartOf\":{\"@id\":\"https:\\\/\\\/qtmm.org\\\/qt\\\/ukrainada-bmt-inkisaf-programmasinin-daimiy-temsilcisi-o-adam-meclisni-ziyaret-etti\\\/\"},\"author\":{\"name\":\"Developer\",\"@id\":\"https:\\\/\\\/qtmm.org\\\/qt\\\/#\\\/schema\\\/person\\\/de562469f971dec226ac06e60bbf74a7\"},\"headline\":\"Ukrainada BMT \u0130nki\u015faf programmas\u0131n\u0131\u00f1 daimiy temsilcisi O.Adam Meclisni ziyaret etti\",\"datePublished\":\"2011-09-14T12:01:00+00:00\",\"dateModified\":\"2022-01-19T12:02:17+00:00\",\"mainEntityOfPage\":{\"@id\":\"https:\\\/\\\/qtmm.org\\\/qt\\\/ukrainada-bmt-inkisaf-programmasinin-daimiy-temsilcisi-o-adam-meclisni-ziyaret-etti\\\/\"},\"wordCount\":665,\"commentCount\":0,\"publisher\":{\"@id\":\"https:\\\/\\\/qtmm.org\\\/qt\\\/#organization\"},\"image\":{\"@id\":\"https:\\\/\\\/qtmm.org\\\/qt\\\/ukrainada-bmt-inkisaf-programmasinin-daimiy-temsilcisi-o-adam-meclisni-ziyaret-etti\\\/#primaryimage\"},\"thumbnailUrl\":\"http:\\\/\\\/qtmm.org\\\/wp-content\\\/uploads\\\/2022\\\/01\\\/4e7338511ec87.jpeg\",\"articleSection\":[\"Haberler\"],\"inLanguage\":\"qt\",\"potentialAction\":[{\"@type\":\"CommentAction\",\"name\":\"Comment\",\"target\":[\"https:\\\/\\\/qtmm.org\\\/qt\\\/ukrainada-bmt-inkisaf-programmasinin-daimiy-temsilcisi-o-adam-meclisni-ziyaret-etti\\\/#respond\"]}]},{\"@type\":\"WebPage\",\"@id\":\"https:\\\/\\\/qtmm.org\\\/qt\\\/ukrainada-bmt-inkisaf-programmasinin-daimiy-temsilcisi-o-adam-meclisni-ziyaret-etti\\\/\",\"url\":\"https:\\\/\\\/qtmm.org\\\/qt\\\/ukrainada-bmt-inkisaf-programmasinin-daimiy-temsilcisi-o-adam-meclisni-ziyaret-etti\\\/\",\"name\":\"Ukrainada BMT \u0130nki\u015faf programmas\u0131n\u0131\u00f1 daimiy temsilcisi O.Adam Meclisni ziyaret etti - \u041c\u0435\u0434\u0436\u043b\u0456\u0441\",\"isPartOf\":{\"@id\":\"https:\\\/\\\/qtmm.org\\\/qt\\\/#website\"},\"primaryImageOfPage\":{\"@id\":\"https:\\\/\\\/qtmm.org\\\/qt\\\/ukrainada-bmt-inkisaf-programmasinin-daimiy-temsilcisi-o-adam-meclisni-ziyaret-etti\\\/#primaryimage\"},\"image\":{\"@id\":\"https:\\\/\\\/qtmm.org\\\/qt\\\/ukrainada-bmt-inkisaf-programmasinin-daimiy-temsilcisi-o-adam-meclisni-ziyaret-etti\\\/#primaryimage\"},\"thumbnailUrl\":\"http:\\\/\\\/qtmm.org\\\/wp-content\\\/uploads\\\/2022\\\/01\\\/4e7338511ec87.jpeg\",\"datePublished\":\"2011-09-14T12:01:00+00:00\",\"dateModified\":\"2022-01-19T12:02:17+00:00\",\"breadcrumb\":{\"@id\":\"https:\\\/\\\/qtmm.org\\\/qt\\\/ukrainada-bmt-inkisaf-programmasinin-daimiy-temsilcisi-o-adam-meclisni-ziyaret-etti\\\/#breadcrumb\"},\"inLanguage\":\"qt\",\"potentialAction\":[{\"@type\":\"ReadAction\",\"target\":[\"https:\\\/\\\/qtmm.org\\\/qt\\\/ukrainada-bmt-inkisaf-programmasinin-daimiy-temsilcisi-o-adam-meclisni-ziyaret-etti\\\/\"]}]},{\"@type\":\"ImageObject\",\"inLanguage\":\"qt\",\"@id\":\"https:\\\/\\\/qtmm.org\\\/qt\\\/ukrainada-bmt-inkisaf-programmasinin-daimiy-temsilcisi-o-adam-meclisni-ziyaret-etti\\\/#primaryimage\",\"url\":\"http:\\\/\\\/qtmm.org\\\/wp-content\\\/uploads\\\/2022\\\/01\\\/4e7338511ec87.jpeg\",\"contentUrl\":\"http:\\\/\\\/qtmm.org\\\/wp-content\\\/uploads\\\/2022\\\/01\\\/4e7338511ec87.jpeg\"},{\"@type\":\"BreadcrumbList\",\"@id\":\"https:\\\/\\\/qtmm.org\\\/qt\\\/ukrainada-bmt-inkisaf-programmasinin-daimiy-temsilcisi-o-adam-meclisni-ziyaret-etti\\\/#breadcrumb\",\"itemListElement\":[{\"@type\":\"ListItem\",\"position\":1,\"name\":\"\u0413\u043e\u043b\u043e\u0432\u043d\u0430\",\"item\":\"https:\\\/\\\/qtmm.org\\\/qt\\\/\"},{\"@type\":\"ListItem\",\"position\":2,\"name\":\"Ukrainada BMT \u0130nki\u015faf programmas\u0131n\u0131\u00f1 daimiy temsilcisi O.Adam Meclisni ziyaret etti\"}]},{\"@type\":\"WebSite\",\"@id\":\"https:\\\/\\\/qtmm.org\\\/qt\\\/#website\",\"url\":\"https:\\\/\\\/qtmm.org\\\/qt\\\/\",\"name\":\"\u041c\u0435\u0434\u0436\u043b\u0456\u0441\",\"description\":\"\",\"publisher\":{\"@id\":\"https:\\\/\\\/qtmm.org\\\/qt\\\/#organization\"},\"potentialAction\":[{\"@type\":\"SearchAction\",\"target\":{\"@type\":\"EntryPoint\",\"urlTemplate\":\"https:\\\/\\\/qtmm.org\\\/qt\\\/?s={search_term_string}\"},\"query-input\":{\"@type\":\"PropertyValueSpecification\",\"valueRequired\":true,\"valueName\":\"search_term_string\"}}],\"inLanguage\":\"qt\"},{\"@type\":\"Organization\",\"@id\":\"https:\\\/\\\/qtmm.org\\\/qt\\\/#organization\",\"name\":\"\u041c\u0435\u0434\u0436\u043b\u0456\u0441\",\"url\":\"https:\\\/\\\/qtmm.org\\\/qt\\\/\",\"logo\":{\"@type\":\"ImageObject\",\"inLanguage\":\"qt\",\"@id\":\"https:\\\/\\\/qtmm.org\\\/qt\\\/#\\\/schema\\\/logo\\\/image\\\/\",\"url\":\"https:\\\/\\\/qtmm.org\\\/wp-content\\\/uploads\\\/2024\\\/12\\\/ua-mejlis-logo-rgb.svg\",\"contentUrl\":\"https:\\\/\\\/qtmm.org\\\/wp-content\\\/uploads\\\/2024\\\/12\\\/ua-mejlis-logo-rgb.svg\",\"caption\":\"\u041c\u0435\u0434\u0436\u043b\u0456\u0441\"},\"image\":{\"@id\":\"https:\\\/\\\/qtmm.org\\\/qt\\\/#\\\/schema\\\/logo\\\/image\\\/\"},\"sameAs\":[\"https:\\\/\\\/www.facebook.com\\\/qtmm.info\\\/\"]},{\"@type\":\"Person\",\"@id\":\"https:\\\/\\\/qtmm.org\\\/qt\\\/#\\\/schema\\\/person\\\/de562469f971dec226ac06e60bbf74a7\",\"name\":\"Developer\",\"image\":{\"@type\":\"ImageObject\",\"inLanguage\":\"qt\",\"@id\":\"https:\\\/\\\/secure.gravatar.com\\\/avatar\\\/392b4cc8fbfeb00b39dfeeab4ee6edded39ffd48e25858637e4765810300227e?s=96&d=mm&r=g\",\"url\":\"https:\\\/\\\/secure.gravatar.com\\\/avatar\\\/392b4cc8fbfeb00b39dfeeab4ee6edded39ffd48e25858637e4765810300227e?s=96&d=mm&r=g\",\"contentUrl\":\"https:\\\/\\\/secure.gravatar.com\\\/avatar\\\/392b4cc8fbfeb00b39dfeeab4ee6edded39ffd48e25858637e4765810300227e?s=96&d=mm&r=g\",\"caption\":\"Developer\"},\"url\":\"https:\\\/\\\/qtmm.org\\\/qt\\\/author\\\/Developer\\\/\"}]}<\/script>\n<!-- \/ Yoast SEO plugin. -->","yoast_head_json":{"title":"Ukrainada BMT \u0130nki\u015faf programmas\u0131n\u0131\u00f1 daimiy temsilcisi O.Adam Meclisni ziyaret etti - \u041c\u0435\u0434\u0436\u043b\u0456\u0441","robots":{"index":"index","follow":"follow","max-snippet":"max-snippet:-1","max-image-preview":"max-image-preview:large","max-video-preview":"max-video-preview:-1"},"canonical":"https:\/\/qtmm.org\/qt\/ukrainada-bmt-inkisaf-programmasinin-daimiy-temsilcisi-o-adam-meclisni-ziyaret-etti\/","og_locale":"en_US","og_type":"article","og_title":"Ukrainada BMT \u0130nki\u015faf programmas\u0131n\u0131\u00f1 daimiy temsilcisi O.Adam Meclisni ziyaret etti - \u041c\u0435\u0434\u0436\u043b\u0456\u0441","og_description":"2011 senesi sent\u00e2br 14 k\u00fcn\u00fc Q\u0131r\u0131mtatar halq\u0131 Meclisini\u00f1 reisi, Ukraina halq deputat\u0131 Mustafa Cemilev BMT sistemini\u00f1 koordinator\u0131, Ukrainada BMT \u0130nki\u015faf programmas\u0131n\u0131\u00f1 daimiy temsilcisi&nbsp; \u00d6livye Adamn\u0131 qabul etti.&nbsp;&nbsp; Meclis ofisinde ol\u011fan k\u00f6r\u00fc\u015f\u00fcvde&nbsp; bun\u0131\u00f1 kibi de BMT \u0130P koordinator\u0131 Adelin G\u00f6ne, Ukraina BMT vek\u00e2letligi reberini\u00f1 insan inki\u015faf\u0131 boyunca mesleat\u00e7\u0131s\u0131 Gaspar Bergman ve BMT \u0130nki\u015faf programmas\u0131n\u0131\u00f1 Q\u0131r\u0131mdaki temsilciligini\u00f1 [&hellip;]","og_url":"https:\/\/qtmm.org\/qt\/ukrainada-bmt-inkisaf-programmasinin-daimiy-temsilcisi-o-adam-meclisni-ziyaret-etti\/","og_site_name":"\u041c\u0435\u0434\u0436\u043b\u0456\u0441","article_publisher":"https:\/\/www.facebook.com\/qtmm.info\/","article_published_time":"2011-09-14T12:01:00+00:00","article_modified_time":"2022-01-19T12:02:17+00:00","og_image":[{"width":640,"height":480,"url":"https:\/\/qtmm.org\/wp-content\/uploads\/2022\/01\/4e7338511ec87.jpeg","type":"image\/jpeg"}],"author":"Developer","twitter_card":"summary_large_image","twitter_misc":{"Written by":"Developer","Est. reading time":"3 minutes"},"schema":{"@context":"https:\/\/schema.org","@graph":[{"@type":"Article","@id":"https:\/\/qtmm.org\/qt\/ukrainada-bmt-inkisaf-programmasinin-daimiy-temsilcisi-o-adam-meclisni-ziyaret-etti\/#article","isPartOf":{"@id":"https:\/\/qtmm.org\/qt\/ukrainada-bmt-inkisaf-programmasinin-daimiy-temsilcisi-o-adam-meclisni-ziyaret-etti\/"},"author":{"name":"Developer","@id":"https:\/\/qtmm.org\/qt\/#\/schema\/person\/de562469f971dec226ac06e60bbf74a7"},"headline":"Ukrainada BMT \u0130nki\u015faf programmas\u0131n\u0131\u00f1 daimiy temsilcisi O.Adam Meclisni ziyaret etti","datePublished":"2011-09-14T12:01:00+00:00","dateModified":"2022-01-19T12:02:17+00:00","mainEntityOfPage":{"@id":"https:\/\/qtmm.org\/qt\/ukrainada-bmt-inkisaf-programmasinin-daimiy-temsilcisi-o-adam-meclisni-ziyaret-etti\/"},"wordCount":665,"commentCount":0,"publisher":{"@id":"https:\/\/qtmm.org\/qt\/#organization"},"image":{"@id":"https:\/\/qtmm.org\/qt\/ukrainada-bmt-inkisaf-programmasinin-daimiy-temsilcisi-o-adam-meclisni-ziyaret-etti\/#primaryimage"},"thumbnailUrl":"http:\/\/qtmm.org\/wp-content\/uploads\/2022\/01\/4e7338511ec87.jpeg","articleSection":["Haberler"],"inLanguage":"qt","potentialAction":[{"@type":"CommentAction","name":"Comment","target":["https:\/\/qtmm.org\/qt\/ukrainada-bmt-inkisaf-programmasinin-daimiy-temsilcisi-o-adam-meclisni-ziyaret-etti\/#respond"]}]},{"@type":"WebPage","@id":"https:\/\/qtmm.org\/qt\/ukrainada-bmt-inkisaf-programmasinin-daimiy-temsilcisi-o-adam-meclisni-ziyaret-etti\/","url":"https:\/\/qtmm.org\/qt\/ukrainada-bmt-inkisaf-programmasinin-daimiy-temsilcisi-o-adam-meclisni-ziyaret-etti\/","name":"Ukrainada BMT \u0130nki\u015faf programmas\u0131n\u0131\u00f1 daimiy temsilcisi O.Adam Meclisni ziyaret etti - \u041c\u0435\u0434\u0436\u043b\u0456\u0441","isPartOf":{"@id":"https:\/\/qtmm.org\/qt\/#website"},"primaryImageOfPage":{"@id":"https:\/\/qtmm.org\/qt\/ukrainada-bmt-inkisaf-programmasinin-daimiy-temsilcisi-o-adam-meclisni-ziyaret-etti\/#primaryimage"},"image":{"@id":"https:\/\/qtmm.org\/qt\/ukrainada-bmt-inkisaf-programmasinin-daimiy-temsilcisi-o-adam-meclisni-ziyaret-etti\/#primaryimage"},"thumbnailUrl":"http:\/\/qtmm.org\/wp-content\/uploads\/2022\/01\/4e7338511ec87.jpeg","datePublished":"2011-09-14T12:01:00+00:00","dateModified":"2022-01-19T12:02:17+00:00","breadcrumb":{"@id":"https:\/\/qtmm.org\/qt\/ukrainada-bmt-inkisaf-programmasinin-daimiy-temsilcisi-o-adam-meclisni-ziyaret-etti\/#breadcrumb"},"inLanguage":"qt","potentialAction":[{"@type":"ReadAction","target":["https:\/\/qtmm.org\/qt\/ukrainada-bmt-inkisaf-programmasinin-daimiy-temsilcisi-o-adam-meclisni-ziyaret-etti\/"]}]},{"@type":"ImageObject","inLanguage":"qt","@id":"https:\/\/qtmm.org\/qt\/ukrainada-bmt-inkisaf-programmasinin-daimiy-temsilcisi-o-adam-meclisni-ziyaret-etti\/#primaryimage","url":"http:\/\/qtmm.org\/wp-content\/uploads\/2022\/01\/4e7338511ec87.jpeg","contentUrl":"http:\/\/qtmm.org\/wp-content\/uploads\/2022\/01\/4e7338511ec87.jpeg"},{"@type":"BreadcrumbList","@id":"https:\/\/qtmm.org\/qt\/ukrainada-bmt-inkisaf-programmasinin-daimiy-temsilcisi-o-adam-meclisni-ziyaret-etti\/#breadcrumb","itemListElement":[{"@type":"ListItem","position":1,"name":"\u0413\u043e\u043b\u043e\u0432\u043d\u0430","item":"https:\/\/qtmm.org\/qt\/"},{"@type":"ListItem","position":2,"name":"Ukrainada BMT \u0130nki\u015faf programmas\u0131n\u0131\u00f1 daimiy temsilcisi O.Adam Meclisni ziyaret etti"}]},{"@type":"WebSite","@id":"https:\/\/qtmm.org\/qt\/#website","url":"https:\/\/qtmm.org\/qt\/","name":"\u041c\u0435\u0434\u0436\u043b\u0456\u0441","description":"","publisher":{"@id":"https:\/\/qtmm.org\/qt\/#organization"},"potentialAction":[{"@type":"SearchAction","target":{"@type":"EntryPoint","urlTemplate":"https:\/\/qtmm.org\/qt\/?s={search_term_string}"},"query-input":{"@type":"PropertyValueSpecification","valueRequired":true,"valueName":"search_term_string"}}],"inLanguage":"qt"},{"@type":"Organization","@id":"https:\/\/qtmm.org\/qt\/#organization","name":"\u041c\u0435\u0434\u0436\u043b\u0456\u0441","url":"https:\/\/qtmm.org\/qt\/","logo":{"@type":"ImageObject","inLanguage":"qt","@id":"https:\/\/qtmm.org\/qt\/#\/schema\/logo\/image\/","url":"https:\/\/qtmm.org\/wp-content\/uploads\/2024\/12\/ua-mejlis-logo-rgb.svg","contentUrl":"https:\/\/qtmm.org\/wp-content\/uploads\/2024\/12\/ua-mejlis-logo-rgb.svg","caption":"\u041c\u0435\u0434\u0436\u043b\u0456\u0441"},"image":{"@id":"https:\/\/qtmm.org\/qt\/#\/schema\/logo\/image\/"},"sameAs":["https:\/\/www.facebook.com\/qtmm.info\/"]},{"@type":"Person","@id":"https:\/\/qtmm.org\/qt\/#\/schema\/person\/de562469f971dec226ac06e60bbf74a7","name":"Developer","image":{"@type":"ImageObject","inLanguage":"qt","@id":"https:\/\/secure.gravatar.com\/avatar\/392b4cc8fbfeb00b39dfeeab4ee6edded39ffd48e25858637e4765810300227e?s=96&d=mm&r=g","url":"https:\/\/secure.gravatar.com\/avatar\/392b4cc8fbfeb00b39dfeeab4ee6edded39ffd48e25858637e4765810300227e?s=96&d=mm&r=g","contentUrl":"https:\/\/secure.gravatar.com\/avatar\/392b4cc8fbfeb00b39dfeeab4ee6edded39ffd48e25858637e4765810300227e?s=96&d=mm&r=g","caption":"Developer"},"url":"https:\/\/qtmm.org\/qt\/author\/Developer\/"}]}},"_links":{"self":[{"href":"https:\/\/qtmm.org\/qt\/wp-json\/wp\/v2\/posts\/25884","targetHints":{"allow":["GET"]}}],"collection":[{"href":"https:\/\/qtmm.org\/qt\/wp-json\/wp\/v2\/posts"}],"about":[{"href":"https:\/\/qtmm.org\/qt\/wp-json\/wp\/v2\/types\/post"}],"author":[{"embeddable":true,"href":"https:\/\/qtmm.org\/qt\/wp-json\/wp\/v2\/users\/1"}],"replies":[{"embeddable":true,"href":"https:\/\/qtmm.org\/qt\/wp-json\/wp\/v2\/comments?post=25884"}],"version-history":[{"count":1,"href":"https:\/\/qtmm.org\/qt\/wp-json\/wp\/v2\/posts\/25884\/revisions"}],"predecessor-version":[{"id":25909,"href":"https:\/\/qtmm.org\/qt\/wp-json\/wp\/v2\/posts\/25884\/revisions\/25909"}],"wp:attachment":[{"href":"https:\/\/qtmm.org\/qt\/wp-json\/wp\/v2\/media?parent=25884"}],"wp:term":[{"taxonomy":"category","embeddable":true,"href":"https:\/\/qtmm.org\/qt\/wp-json\/wp\/v2\/categories?post=25884"},{"taxonomy":"post_tag","embeddable":true,"href":"https:\/\/qtmm.org\/qt\/wp-json\/wp\/v2\/tags?post=25884"}],"curies":[{"name":"wp","href":"https:\/\/api.w.org\/{rel}","templated":true}]}}