




{"id":25870,"date":"2011-09-13T14:59:00","date_gmt":"2011-09-13T11:59:00","guid":{"rendered":"http:\/\/qtmm.org\/?p=25870"},"modified":"2022-01-19T15:00:52","modified_gmt":"2022-01-19T12:00:52","slug":"meclis-reisi-mustafa-cemilev-buyuk-cuma-cami-leyhalari-sergisini-ziyaret-etti","status":"publish","type":"post","link":"https:\/\/qtmm.org\/qt\/meclis-reisi-mustafa-cemilev-buyuk-cuma-cami-leyhalari-sergisini-ziyaret-etti\/","title":{"rendered":"Meclis reisi Mustafa Cemilev B\u00fcy\u00fck Cuma-Cami leyhalar\u0131 sergisini ziyaret etti"},"content":{"rendered":"\n<p>B\u00fcy\u00fck Cuma cami quruc\u0131l\u0131\u011f\u0131 i\u00e7\u00fcn leyhalar eskizlerinden tertip etilgen sergini Meclis reisi Mustafa Cemilev ziyaret etti. Cemaatn\u0131\u00f1 diqqat\u0131na Q\u0131r\u0131m, Qazahistan, T\u00fcrkiyeden 11 mimar taraf\u0131ndan yap\u0131l\u011fan 14 eskiz taqdim etile. Eskizler Osmanl\u0131, \u0130ran \u00fcsl\u00fcplerinde becerilip, Orta Asiya al\u00e2metlerini ta\u015f\u0131\u011fan soylar\u0131 da bar.<\/p>\n\n\n\n<p>Meclisni\u00f1 reisi Meclis t\u0131\u015fq\u0131 al\u00e2qalar b\u00f6l\u00fcgini\u00f1 ba\u015f\u0131 Ali Hamzin, Meclis k\u00e2tibiyetini\u00f1 ba\u015f\u0131 Zair Smedl\u00e2yev ve T\u00fcrkiyeni\u00f1 Bursa \u015feeri q\u0131r\u0131mtatar medeniyet ve yard\u0131mla\u015fma dernegini\u00f1 ba\u015f\u0131 Adnan S\u00fcyen ile beraber \u0130van Franko ad\u0131na cumhuriyet ilmiy kitaphanesinde sent\u00e2br 12-19 k\u00fcnleri \u00e7al\u0131\u015facaq sergini b\u00fcy\u00fck meraq ile seyir ettiler.<\/p>\n\n\n\n<figure class=\"wp-block-image size-full\"><img loading=\"lazy\" decoding=\"async\" width=\"676\" height=\"447\" src=\"http:\/\/qtmm.org\/wp-content\/uploads\/2022\/01\/2_5-1.jpeg\" alt=\"\" class=\"wp-image-25875\" srcset=\"https:\/\/qtmm.org\/wp-content\/uploads\/2022\/01\/2_5-1.jpeg 676w, https:\/\/qtmm.org\/wp-content\/uploads\/2022\/01\/2_5-1-300x198.jpeg 300w\" sizes=\"auto, (max-width: 676px) 100vw, 676px\" \/><\/figure>\n\n\n\n<figure class=\"wp-block-image size-full\"><img loading=\"lazy\" decoding=\"async\" width=\"760\" height=\"549\" src=\"http:\/\/qtmm.org\/wp-content\/uploads\/2022\/01\/img_0057-1.jpeg\" alt=\"\" class=\"wp-image-25879\" srcset=\"https:\/\/qtmm.org\/wp-content\/uploads\/2022\/01\/img_0057-1.jpeg 760w, https:\/\/qtmm.org\/wp-content\/uploads\/2022\/01\/img_0057-1-300x217.jpeg 300w\" sizes=\"auto, (max-width: 760px) 100vw, 760px\" \/><\/figure>\n\n\n\n<p>Ekspozitsiyan\u0131 seyir etkenlerni\u00f1 er biri \u00f6z teessuratlar\u0131, fikir-muluyaazalar\u0131n\u0131 bildirip, begengen leyha i\u00e7\u00fcn rey bere ve mahsus sorav suallerine cevap bere bilir<\/p>\n\n\n\n<p>Sergi saat 10-dan 17.00-ge qadar \u00e7al\u0131\u015fa. Kiri\u015f serbest.<\/p>\n","protected":false},"excerpt":{"rendered":"<p>B\u00fcy\u00fck Cuma cami quruc\u0131l\u0131\u011f\u0131 i\u00e7\u00fcn leyhalar eskizlerinden tertip etilgen sergini Meclis reisi Mustafa Cemilev ziyaret etti. Cemaatn\u0131\u00f1 diqqat\u0131na Q\u0131r\u0131m, Qazahistan, T\u00fcrkiyeden 11 mimar taraf\u0131ndan yap\u0131l\u011fan 14 eskiz taqdim etile. Eskizler Osmanl\u0131, \u0130ran \u00fcsl\u00fcplerinde becerilip, Orta Asiya al\u00e2metlerini ta\u015f\u0131\u011fan soylar\u0131 da bar. Meclisni\u00f1 reisi Meclis t\u0131\u015fq\u0131 al\u00e2qalar b\u00f6l\u00fcgini\u00f1 ba\u015f\u0131 Ali Hamzin, Meclis k\u00e2tibiyetini\u00f1 ba\u015f\u0131 Zair Smedl\u00e2yev [&hellip;]<\/p>\n","protected":false},"author":1,"featured_media":25871,"comment_status":"open","ping_status":"open","sticky":false,"template":"","format":"standard","meta":{"inline_featured_image":false,"footnotes":""},"categories":[265],"tags":[],"class_list":["post-25870","post","type-post","status-publish","format-standard","has-post-thumbnail","hentry","category-haberler"],"acf":[],"yoast_head":"<!-- This site is optimized with the Yoast SEO plugin v27.4 - https:\/\/yoast.com\/product\/yoast-seo-wordpress\/ -->\n<title>Meclis reisi Mustafa Cemilev B\u00fcy\u00fck Cuma-Cami leyhalar\u0131 sergisini ziyaret etti - \u041c\u0435\u0434\u0436\u043b\u0456\u0441<\/title>\n<meta name=\"robots\" content=\"index, follow, max-snippet:-1, max-image-preview:large, max-video-preview:-1\" \/>\n<link rel=\"canonical\" href=\"https:\/\/qtmm.org\/qt\/meclis-reisi-mustafa-cemilev-buyuk-cuma-cami-leyhalari-sergisini-ziyaret-etti\/\" \/>\n<meta property=\"og:locale\" content=\"en_US\" \/>\n<meta property=\"og:type\" content=\"article\" \/>\n<meta property=\"og:title\" content=\"Meclis reisi Mustafa Cemilev B\u00fcy\u00fck Cuma-Cami leyhalar\u0131 sergisini ziyaret etti - \u041c\u0435\u0434\u0436\u043b\u0456\u0441\" \/>\n<meta property=\"og:description\" content=\"B\u00fcy\u00fck Cuma cami quruc\u0131l\u0131\u011f\u0131 i\u00e7\u00fcn leyhalar eskizlerinden tertip etilgen sergini Meclis reisi Mustafa Cemilev ziyaret etti. Cemaatn\u0131\u00f1 diqqat\u0131na Q\u0131r\u0131m, Qazahistan, T\u00fcrkiyeden 11 mimar taraf\u0131ndan yap\u0131l\u011fan 14 eskiz taqdim etile. Eskizler Osmanl\u0131, \u0130ran \u00fcsl\u00fcplerinde becerilip, Orta Asiya al\u00e2metlerini ta\u015f\u0131\u011fan soylar\u0131 da bar. Meclisni\u00f1 reisi Meclis t\u0131\u015fq\u0131 al\u00e2qalar b\u00f6l\u00fcgini\u00f1 ba\u015f\u0131 Ali Hamzin, Meclis k\u00e2tibiyetini\u00f1 ba\u015f\u0131 Zair Smedl\u00e2yev [&hellip;]\" \/>\n<meta property=\"og:url\" content=\"https:\/\/qtmm.org\/qt\/meclis-reisi-mustafa-cemilev-buyuk-cuma-cami-leyhalari-sergisini-ziyaret-etti\/\" \/>\n<meta property=\"og:site_name\" content=\"\u041c\u0435\u0434\u0436\u043b\u0456\u0441\" \/>\n<meta property=\"article:publisher\" content=\"https:\/\/www.facebook.com\/qtmm.info\/\" \/>\n<meta property=\"article:published_time\" content=\"2011-09-13T11:59:00+00:00\" \/>\n<meta property=\"article:modified_time\" content=\"2022-01-19T12:00:52+00:00\" \/>\n<meta property=\"og:image\" content=\"https:\/\/qtmm.org\/wp-content\/uploads\/2022\/01\/img_0054-1.jpeg\" \/>\n\t<meta property=\"og:image:width\" content=\"760\" \/>\n\t<meta property=\"og:image:height\" content=\"478\" \/>\n\t<meta property=\"og:image:type\" content=\"image\/jpeg\" \/>\n<meta name=\"author\" content=\"Developer\" \/>\n<meta name=\"twitter:card\" content=\"summary_large_image\" \/>\n<meta name=\"twitter:label1\" content=\"Written by\" \/>\n\t<meta name=\"twitter:data1\" content=\"Developer\" \/>\n\t<meta name=\"twitter:label2\" content=\"Est. reading time\" \/>\n\t<meta name=\"twitter:data2\" content=\"1 minute\" \/>\n<script type=\"application\/ld+json\" class=\"yoast-schema-graph\">{\"@context\":\"https:\\\/\\\/schema.org\",\"@graph\":[{\"@type\":\"Article\",\"@id\":\"https:\\\/\\\/qtmm.org\\\/qt\\\/meclis-reisi-mustafa-cemilev-buyuk-cuma-cami-leyhalari-sergisini-ziyaret-etti\\\/#article\",\"isPartOf\":{\"@id\":\"https:\\\/\\\/qtmm.org\\\/qt\\\/meclis-reisi-mustafa-cemilev-buyuk-cuma-cami-leyhalari-sergisini-ziyaret-etti\\\/\"},\"author\":{\"name\":\"Developer\",\"@id\":\"https:\\\/\\\/qtmm.org\\\/qt\\\/#\\\/schema\\\/person\\\/de562469f971dec226ac06e60bbf74a7\"},\"headline\":\"Meclis reisi Mustafa Cemilev B\u00fcy\u00fck Cuma-Cami leyhalar\u0131 sergisini ziyaret etti\",\"datePublished\":\"2011-09-13T11:59:00+00:00\",\"dateModified\":\"2022-01-19T12:00:52+00:00\",\"mainEntityOfPage\":{\"@id\":\"https:\\\/\\\/qtmm.org\\\/qt\\\/meclis-reisi-mustafa-cemilev-buyuk-cuma-cami-leyhalari-sergisini-ziyaret-etti\\\/\"},\"wordCount\":159,\"commentCount\":0,\"publisher\":{\"@id\":\"https:\\\/\\\/qtmm.org\\\/qt\\\/#organization\"},\"image\":{\"@id\":\"https:\\\/\\\/qtmm.org\\\/qt\\\/meclis-reisi-mustafa-cemilev-buyuk-cuma-cami-leyhalari-sergisini-ziyaret-etti\\\/#primaryimage\"},\"thumbnailUrl\":\"https:\\\/\\\/qtmm.org\\\/wp-content\\\/uploads\\\/2022\\\/01\\\/img_0054-1.jpeg\",\"articleSection\":[\"Haberler\"],\"inLanguage\":\"qt\",\"potentialAction\":[{\"@type\":\"CommentAction\",\"name\":\"Comment\",\"target\":[\"https:\\\/\\\/qtmm.org\\\/qt\\\/meclis-reisi-mustafa-cemilev-buyuk-cuma-cami-leyhalari-sergisini-ziyaret-etti\\\/#respond\"]}]},{\"@type\":\"WebPage\",\"@id\":\"https:\\\/\\\/qtmm.org\\\/qt\\\/meclis-reisi-mustafa-cemilev-buyuk-cuma-cami-leyhalari-sergisini-ziyaret-etti\\\/\",\"url\":\"https:\\\/\\\/qtmm.org\\\/qt\\\/meclis-reisi-mustafa-cemilev-buyuk-cuma-cami-leyhalari-sergisini-ziyaret-etti\\\/\",\"name\":\"Meclis reisi Mustafa Cemilev B\u00fcy\u00fck Cuma-Cami leyhalar\u0131 sergisini ziyaret etti - \u041c\u0435\u0434\u0436\u043b\u0456\u0441\",\"isPartOf\":{\"@id\":\"https:\\\/\\\/qtmm.org\\\/qt\\\/#website\"},\"primaryImageOfPage\":{\"@id\":\"https:\\\/\\\/qtmm.org\\\/qt\\\/meclis-reisi-mustafa-cemilev-buyuk-cuma-cami-leyhalari-sergisini-ziyaret-etti\\\/#primaryimage\"},\"image\":{\"@id\":\"https:\\\/\\\/qtmm.org\\\/qt\\\/meclis-reisi-mustafa-cemilev-buyuk-cuma-cami-leyhalari-sergisini-ziyaret-etti\\\/#primaryimage\"},\"thumbnailUrl\":\"https:\\\/\\\/qtmm.org\\\/wp-content\\\/uploads\\\/2022\\\/01\\\/img_0054-1.jpeg\",\"datePublished\":\"2011-09-13T11:59:00+00:00\",\"dateModified\":\"2022-01-19T12:00:52+00:00\",\"breadcrumb\":{\"@id\":\"https:\\\/\\\/qtmm.org\\\/qt\\\/meclis-reisi-mustafa-cemilev-buyuk-cuma-cami-leyhalari-sergisini-ziyaret-etti\\\/#breadcrumb\"},\"inLanguage\":\"qt\",\"potentialAction\":[{\"@type\":\"ReadAction\",\"target\":[\"https:\\\/\\\/qtmm.org\\\/qt\\\/meclis-reisi-mustafa-cemilev-buyuk-cuma-cami-leyhalari-sergisini-ziyaret-etti\\\/\"]}]},{\"@type\":\"ImageObject\",\"inLanguage\":\"qt\",\"@id\":\"https:\\\/\\\/qtmm.org\\\/qt\\\/meclis-reisi-mustafa-cemilev-buyuk-cuma-cami-leyhalari-sergisini-ziyaret-etti\\\/#primaryimage\",\"url\":\"https:\\\/\\\/qtmm.org\\\/wp-content\\\/uploads\\\/2022\\\/01\\\/img_0054-1.jpeg\",\"contentUrl\":\"https:\\\/\\\/qtmm.org\\\/wp-content\\\/uploads\\\/2022\\\/01\\\/img_0054-1.jpeg\",\"width\":760,\"height\":478},{\"@type\":\"BreadcrumbList\",\"@id\":\"https:\\\/\\\/qtmm.org\\\/qt\\\/meclis-reisi-mustafa-cemilev-buyuk-cuma-cami-leyhalari-sergisini-ziyaret-etti\\\/#breadcrumb\",\"itemListElement\":[{\"@type\":\"ListItem\",\"position\":1,\"name\":\"\u0413\u043e\u043b\u043e\u0432\u043d\u0430\",\"item\":\"https:\\\/\\\/qtmm.org\\\/qt\\\/\"},{\"@type\":\"ListItem\",\"position\":2,\"name\":\"Meclis reisi Mustafa Cemilev B\u00fcy\u00fck Cuma-Cami leyhalar\u0131 sergisini ziyaret etti\"}]},{\"@type\":\"WebSite\",\"@id\":\"https:\\\/\\\/qtmm.org\\\/qt\\\/#website\",\"url\":\"https:\\\/\\\/qtmm.org\\\/qt\\\/\",\"name\":\"\u041c\u0435\u0434\u0436\u043b\u0456\u0441\",\"description\":\"\",\"publisher\":{\"@id\":\"https:\\\/\\\/qtmm.org\\\/qt\\\/#organization\"},\"potentialAction\":[{\"@type\":\"SearchAction\",\"target\":{\"@type\":\"EntryPoint\",\"urlTemplate\":\"https:\\\/\\\/qtmm.org\\\/qt\\\/?s={search_term_string}\"},\"query-input\":{\"@type\":\"PropertyValueSpecification\",\"valueRequired\":true,\"valueName\":\"search_term_string\"}}],\"inLanguage\":\"qt\"},{\"@type\":\"Organization\",\"@id\":\"https:\\\/\\\/qtmm.org\\\/qt\\\/#organization\",\"name\":\"\u041c\u0435\u0434\u0436\u043b\u0456\u0441\",\"url\":\"https:\\\/\\\/qtmm.org\\\/qt\\\/\",\"logo\":{\"@type\":\"ImageObject\",\"inLanguage\":\"qt\",\"@id\":\"https:\\\/\\\/qtmm.org\\\/qt\\\/#\\\/schema\\\/logo\\\/image\\\/\",\"url\":\"https:\\\/\\\/qtmm.org\\\/wp-content\\\/uploads\\\/2024\\\/12\\\/ua-mejlis-logo-rgb.svg\",\"contentUrl\":\"https:\\\/\\\/qtmm.org\\\/wp-content\\\/uploads\\\/2024\\\/12\\\/ua-mejlis-logo-rgb.svg\",\"caption\":\"\u041c\u0435\u0434\u0436\u043b\u0456\u0441\"},\"image\":{\"@id\":\"https:\\\/\\\/qtmm.org\\\/qt\\\/#\\\/schema\\\/logo\\\/image\\\/\"},\"sameAs\":[\"https:\\\/\\\/www.facebook.com\\\/qtmm.info\\\/\"]},{\"@type\":\"Person\",\"@id\":\"https:\\\/\\\/qtmm.org\\\/qt\\\/#\\\/schema\\\/person\\\/de562469f971dec226ac06e60bbf74a7\",\"name\":\"Developer\",\"image\":{\"@type\":\"ImageObject\",\"inLanguage\":\"qt\",\"@id\":\"https:\\\/\\\/secure.gravatar.com\\\/avatar\\\/392b4cc8fbfeb00b39dfeeab4ee6edded39ffd48e25858637e4765810300227e?s=96&d=mm&r=g\",\"url\":\"https:\\\/\\\/secure.gravatar.com\\\/avatar\\\/392b4cc8fbfeb00b39dfeeab4ee6edded39ffd48e25858637e4765810300227e?s=96&d=mm&r=g\",\"contentUrl\":\"https:\\\/\\\/secure.gravatar.com\\\/avatar\\\/392b4cc8fbfeb00b39dfeeab4ee6edded39ffd48e25858637e4765810300227e?s=96&d=mm&r=g\",\"caption\":\"Developer\"},\"url\":\"https:\\\/\\\/qtmm.org\\\/qt\\\/author\\\/Developer\\\/\"}]}<\/script>\n<!-- \/ Yoast SEO plugin. -->","yoast_head_json":{"title":"Meclis reisi Mustafa Cemilev B\u00fcy\u00fck Cuma-Cami leyhalar\u0131 sergisini ziyaret etti - \u041c\u0435\u0434\u0436\u043b\u0456\u0441","robots":{"index":"index","follow":"follow","max-snippet":"max-snippet:-1","max-image-preview":"max-image-preview:large","max-video-preview":"max-video-preview:-1"},"canonical":"https:\/\/qtmm.org\/qt\/meclis-reisi-mustafa-cemilev-buyuk-cuma-cami-leyhalari-sergisini-ziyaret-etti\/","og_locale":"en_US","og_type":"article","og_title":"Meclis reisi Mustafa Cemilev B\u00fcy\u00fck Cuma-Cami leyhalar\u0131 sergisini ziyaret etti - \u041c\u0435\u0434\u0436\u043b\u0456\u0441","og_description":"B\u00fcy\u00fck Cuma cami quruc\u0131l\u0131\u011f\u0131 i\u00e7\u00fcn leyhalar eskizlerinden tertip etilgen sergini Meclis reisi Mustafa Cemilev ziyaret etti. Cemaatn\u0131\u00f1 diqqat\u0131na Q\u0131r\u0131m, Qazahistan, T\u00fcrkiyeden 11 mimar taraf\u0131ndan yap\u0131l\u011fan 14 eskiz taqdim etile. Eskizler Osmanl\u0131, \u0130ran \u00fcsl\u00fcplerinde becerilip, Orta Asiya al\u00e2metlerini ta\u015f\u0131\u011fan soylar\u0131 da bar. Meclisni\u00f1 reisi Meclis t\u0131\u015fq\u0131 al\u00e2qalar b\u00f6l\u00fcgini\u00f1 ba\u015f\u0131 Ali Hamzin, Meclis k\u00e2tibiyetini\u00f1 ba\u015f\u0131 Zair Smedl\u00e2yev [&hellip;]","og_url":"https:\/\/qtmm.org\/qt\/meclis-reisi-mustafa-cemilev-buyuk-cuma-cami-leyhalari-sergisini-ziyaret-etti\/","og_site_name":"\u041c\u0435\u0434\u0436\u043b\u0456\u0441","article_publisher":"https:\/\/www.facebook.com\/qtmm.info\/","article_published_time":"2011-09-13T11:59:00+00:00","article_modified_time":"2022-01-19T12:00:52+00:00","og_image":[{"width":760,"height":478,"url":"https:\/\/qtmm.org\/wp-content\/uploads\/2022\/01\/img_0054-1.jpeg","type":"image\/jpeg"}],"author":"Developer","twitter_card":"summary_large_image","twitter_misc":{"Written by":"Developer","Est. reading time":"1 minute"},"schema":{"@context":"https:\/\/schema.org","@graph":[{"@type":"Article","@id":"https:\/\/qtmm.org\/qt\/meclis-reisi-mustafa-cemilev-buyuk-cuma-cami-leyhalari-sergisini-ziyaret-etti\/#article","isPartOf":{"@id":"https:\/\/qtmm.org\/qt\/meclis-reisi-mustafa-cemilev-buyuk-cuma-cami-leyhalari-sergisini-ziyaret-etti\/"},"author":{"name":"Developer","@id":"https:\/\/qtmm.org\/qt\/#\/schema\/person\/de562469f971dec226ac06e60bbf74a7"},"headline":"Meclis reisi Mustafa Cemilev B\u00fcy\u00fck Cuma-Cami leyhalar\u0131 sergisini ziyaret etti","datePublished":"2011-09-13T11:59:00+00:00","dateModified":"2022-01-19T12:00:52+00:00","mainEntityOfPage":{"@id":"https:\/\/qtmm.org\/qt\/meclis-reisi-mustafa-cemilev-buyuk-cuma-cami-leyhalari-sergisini-ziyaret-etti\/"},"wordCount":159,"commentCount":0,"publisher":{"@id":"https:\/\/qtmm.org\/qt\/#organization"},"image":{"@id":"https:\/\/qtmm.org\/qt\/meclis-reisi-mustafa-cemilev-buyuk-cuma-cami-leyhalari-sergisini-ziyaret-etti\/#primaryimage"},"thumbnailUrl":"https:\/\/qtmm.org\/wp-content\/uploads\/2022\/01\/img_0054-1.jpeg","articleSection":["Haberler"],"inLanguage":"qt","potentialAction":[{"@type":"CommentAction","name":"Comment","target":["https:\/\/qtmm.org\/qt\/meclis-reisi-mustafa-cemilev-buyuk-cuma-cami-leyhalari-sergisini-ziyaret-etti\/#respond"]}]},{"@type":"WebPage","@id":"https:\/\/qtmm.org\/qt\/meclis-reisi-mustafa-cemilev-buyuk-cuma-cami-leyhalari-sergisini-ziyaret-etti\/","url":"https:\/\/qtmm.org\/qt\/meclis-reisi-mustafa-cemilev-buyuk-cuma-cami-leyhalari-sergisini-ziyaret-etti\/","name":"Meclis reisi Mustafa Cemilev B\u00fcy\u00fck Cuma-Cami leyhalar\u0131 sergisini ziyaret etti - \u041c\u0435\u0434\u0436\u043b\u0456\u0441","isPartOf":{"@id":"https:\/\/qtmm.org\/qt\/#website"},"primaryImageOfPage":{"@id":"https:\/\/qtmm.org\/qt\/meclis-reisi-mustafa-cemilev-buyuk-cuma-cami-leyhalari-sergisini-ziyaret-etti\/#primaryimage"},"image":{"@id":"https:\/\/qtmm.org\/qt\/meclis-reisi-mustafa-cemilev-buyuk-cuma-cami-leyhalari-sergisini-ziyaret-etti\/#primaryimage"},"thumbnailUrl":"https:\/\/qtmm.org\/wp-content\/uploads\/2022\/01\/img_0054-1.jpeg","datePublished":"2011-09-13T11:59:00+00:00","dateModified":"2022-01-19T12:00:52+00:00","breadcrumb":{"@id":"https:\/\/qtmm.org\/qt\/meclis-reisi-mustafa-cemilev-buyuk-cuma-cami-leyhalari-sergisini-ziyaret-etti\/#breadcrumb"},"inLanguage":"qt","potentialAction":[{"@type":"ReadAction","target":["https:\/\/qtmm.org\/qt\/meclis-reisi-mustafa-cemilev-buyuk-cuma-cami-leyhalari-sergisini-ziyaret-etti\/"]}]},{"@type":"ImageObject","inLanguage":"qt","@id":"https:\/\/qtmm.org\/qt\/meclis-reisi-mustafa-cemilev-buyuk-cuma-cami-leyhalari-sergisini-ziyaret-etti\/#primaryimage","url":"https:\/\/qtmm.org\/wp-content\/uploads\/2022\/01\/img_0054-1.jpeg","contentUrl":"https:\/\/qtmm.org\/wp-content\/uploads\/2022\/01\/img_0054-1.jpeg","width":760,"height":478},{"@type":"BreadcrumbList","@id":"https:\/\/qtmm.org\/qt\/meclis-reisi-mustafa-cemilev-buyuk-cuma-cami-leyhalari-sergisini-ziyaret-etti\/#breadcrumb","itemListElement":[{"@type":"ListItem","position":1,"name":"\u0413\u043e\u043b\u043e\u0432\u043d\u0430","item":"https:\/\/qtmm.org\/qt\/"},{"@type":"ListItem","position":2,"name":"Meclis reisi Mustafa Cemilev B\u00fcy\u00fck Cuma-Cami leyhalar\u0131 sergisini ziyaret etti"}]},{"@type":"WebSite","@id":"https:\/\/qtmm.org\/qt\/#website","url":"https:\/\/qtmm.org\/qt\/","name":"\u041c\u0435\u0434\u0436\u043b\u0456\u0441","description":"","publisher":{"@id":"https:\/\/qtmm.org\/qt\/#organization"},"potentialAction":[{"@type":"SearchAction","target":{"@type":"EntryPoint","urlTemplate":"https:\/\/qtmm.org\/qt\/?s={search_term_string}"},"query-input":{"@type":"PropertyValueSpecification","valueRequired":true,"valueName":"search_term_string"}}],"inLanguage":"qt"},{"@type":"Organization","@id":"https:\/\/qtmm.org\/qt\/#organization","name":"\u041c\u0435\u0434\u0436\u043b\u0456\u0441","url":"https:\/\/qtmm.org\/qt\/","logo":{"@type":"ImageObject","inLanguage":"qt","@id":"https:\/\/qtmm.org\/qt\/#\/schema\/logo\/image\/","url":"https:\/\/qtmm.org\/wp-content\/uploads\/2024\/12\/ua-mejlis-logo-rgb.svg","contentUrl":"https:\/\/qtmm.org\/wp-content\/uploads\/2024\/12\/ua-mejlis-logo-rgb.svg","caption":"\u041c\u0435\u0434\u0436\u043b\u0456\u0441"},"image":{"@id":"https:\/\/qtmm.org\/qt\/#\/schema\/logo\/image\/"},"sameAs":["https:\/\/www.facebook.com\/qtmm.info\/"]},{"@type":"Person","@id":"https:\/\/qtmm.org\/qt\/#\/schema\/person\/de562469f971dec226ac06e60bbf74a7","name":"Developer","image":{"@type":"ImageObject","inLanguage":"qt","@id":"https:\/\/secure.gravatar.com\/avatar\/392b4cc8fbfeb00b39dfeeab4ee6edded39ffd48e25858637e4765810300227e?s=96&d=mm&r=g","url":"https:\/\/secure.gravatar.com\/avatar\/392b4cc8fbfeb00b39dfeeab4ee6edded39ffd48e25858637e4765810300227e?s=96&d=mm&r=g","contentUrl":"https:\/\/secure.gravatar.com\/avatar\/392b4cc8fbfeb00b39dfeeab4ee6edded39ffd48e25858637e4765810300227e?s=96&d=mm&r=g","caption":"Developer"},"url":"https:\/\/qtmm.org\/qt\/author\/Developer\/"}]}},"_links":{"self":[{"href":"https:\/\/qtmm.org\/qt\/wp-json\/wp\/v2\/posts\/25870","targetHints":{"allow":["GET"]}}],"collection":[{"href":"https:\/\/qtmm.org\/qt\/wp-json\/wp\/v2\/posts"}],"about":[{"href":"https:\/\/qtmm.org\/qt\/wp-json\/wp\/v2\/types\/post"}],"author":[{"embeddable":true,"href":"https:\/\/qtmm.org\/qt\/wp-json\/wp\/v2\/users\/1"}],"replies":[{"embeddable":true,"href":"https:\/\/qtmm.org\/qt\/wp-json\/wp\/v2\/comments?post=25870"}],"version-history":[{"count":1,"href":"https:\/\/qtmm.org\/qt\/wp-json\/wp\/v2\/posts\/25870\/revisions"}],"predecessor-version":[{"id":25883,"href":"https:\/\/qtmm.org\/qt\/wp-json\/wp\/v2\/posts\/25870\/revisions\/25883"}],"wp:featuredmedia":[{"embeddable":true,"href":"https:\/\/qtmm.org\/qt\/wp-json\/wp\/v2\/media\/25871"}],"wp:attachment":[{"href":"https:\/\/qtmm.org\/qt\/wp-json\/wp\/v2\/media?parent=25870"}],"wp:term":[{"taxonomy":"category","embeddable":true,"href":"https:\/\/qtmm.org\/qt\/wp-json\/wp\/v2\/categories?post=25870"},{"taxonomy":"post_tag","embeddable":true,"href":"https:\/\/qtmm.org\/qt\/wp-json\/wp\/v2\/tags?post=25870"}],"curies":[{"name":"wp","href":"https:\/\/api.w.org\/{rel}","templated":true}]}}