




{"id":25794,"date":"2011-09-10T14:50:00","date_gmt":"2011-09-10T11:50:00","guid":{"rendered":"http:\/\/qtmm.org\/?p=25794"},"modified":"2022-01-19T14:56:18","modified_gmt":"2022-01-19T11:56:18","slug":"avropa-ve-qirimnin-yas-alimleri-meclis-reisi-m-cemilevnen-korustiler","status":"publish","type":"post","link":"https:\/\/qtmm.org\/qt\/avropa-ve-qirimnin-yas-alimleri-meclis-reisi-m-cemilevnen-korustiler\/","title":{"rendered":"Avropa ve Q\u0131r\u0131mn\u0131\u00f1 ya\u015f alimleri Meclis reisi M. Cemilevnen k\u00f6r\u00fc\u015ftiler"},"content":{"rendered":"\n<p>Sent\u00e2br 5-ten 10-na qadar Aqmescitte &#8220;Demokratiya i identi\u00e7nost v postsovetsk\u00f6y Ukraine: kr\u0131mskiy k\u00f6ntekst&#8221; mevzus\u0131nda halqara yazl\u0131q mektebi \u00e7al\u0131\u015ft\u0131. Q\u0131r\u0131m, Almaniya, Avstriya, \u0130sve\u00e7re ve Finl\u00e2ndiya aliy oquv yurtlar\u0131n\u0131\u00f1 ocalar\u0131, aspirant ve talebeleri Mektepni\u00f1 i\u015ftirak\u00e7ileri old\u0131lar.<\/p>\n\n\n\n<p>Tedbirler \u00e7er\u00e7ivesinde mektep i\u015ftirak\u00e7ileri Q\u0131r\u0131mdaki \u00e7e\u015fit siyasiy-i\u00e7timaiy te\u015fkil\u00e2tlarnen k\u00f6r\u00fc\u015ftiler, q\u0131r\u0131ml\u0131 siyaset\u00e7iler, ekspert ve tarih\u00e7\u0131larnen qonu\u015ft\u0131lar, bun\u0131\u00f1 kibi de Q\u0131r\u0131mn\u0131\u00f1 yadik\u00e2rl\u0131qlar\u0131n\u0131 da ziyaret ettiler.<\/p>\n\n\n\n<p>Halqara mektep vekillerini\u00f1 Q\u0131r\u0131m ziyareti programmas\u0131nda gen\u00e7 alimlerni\u00f1 Q\u0131r\u0131mtatar halq\u0131 Meclisini\u00f1 reisi Mustafa Cemilev ile k\u00f6r\u00fc\u015f\u00fcvleri de planla\u015ft\u0131r\u0131l\u011fan edi. Sent\u00e2br 9 k\u00fcn\u00fc Meclis ofisinde M. Cemilev ile k\u00f6r\u00fc\u015f\u00fcv samimiy m\u00fcitte ke\u00e7ip, Q\u0131r\u0131m ve Ukrainan\u0131\u00f1 \u00f6m\u00fcrindeki m\u00fcim siyasiy-i\u00e7timaiy ve medeniy-milliy meseleler boyunca fikir payla\u015f\u0131ld\u0131.<\/p>\n\n\n\n<p>Siyasiy ilimler namzeti, Vernadskiy ad\u0131na Tavriya milliy universitetini\u00f1 ocas\u0131 Elmira Muratova bildirgenine k\u00f6re Halqara mektepni Vernadskiy ad\u0131na Tavriya milliy universiteti, Gumboldt ad\u0131na Berlin universiteti ve Almaniyan\u0131\u00f1 akademik alma\u015fuvlar h\u0131zmeti te\u015fkil ettiler. &#8220;Bizim seminar\u0131m\u0131z Q\u0131r\u0131m \u00f6zg\u00fcnligini\u00f1 \u015fekillen\u00fcv ceryan\u0131nen tan\u0131\u015fuv\u011fa ba\u011f\u0131\u015flan\u0131p, \u00e7e\u015fit milliy gruppalarn\u0131 qavrap ala, &#8211; devam etti E. Muratova. Mektep i\u015ftirak\u00e7ileri Q\u0131r\u0131mn\u0131\u00f1 \u00e7e\u015fit siyasiy te\u015fkil\u00e2tlar\u0131, \u015fu c\u00fcmleden Meclis vekillerinen de k\u00f6r\u00fc\u015fmek imk\u00e2n\u0131na nail old\u0131lar. Amma belli uquqqoruy\u0131c\u0131, dissident, Milliy Meclis reisi Mustafa Cemilevnen k\u00f6r\u00fc\u015fmek, Ukraina ve umumen d\u00fcnyada ol\u011fan vaqialar\u011fa on\u0131\u00f1 noqtai-nazar\u0131n\u0131 di\u00f1lemek ya\u015f alimler i\u00e7\u00fcn b\u00fcy\u00fck \u015fereftir. Bir \u00e7oq ilmiy konferentsiya ve k\u00f6r\u00fc\u015f\u00fcvler devam\u0131nda sab\u0131q sovetler alan\u0131nda demokratiyan\u0131 tiklev ve inki\u015faf ettir\u00fcv mevzus\u0131 a\u00e7\u0131l\u011fanda M. Cemilevni\u00f1 ad\u0131 m\u0131tlaqa a\u00f1\u0131l\u0131r edi&#8221;<\/p>\n\n\n\n<p>\u00d6z nevbetinde musafirlerni Meclis ofisinde qar\u015f\u0131la\u011fan Mustafa Cemilev qayd etti ki, q\u0131r\u0131mtatarlar \u00f6z meselelerini cian meydan\u0131na, bilhassa ya\u015f ve istiqballi alimler bu\u00f1a meraq k\u00f6sterseler, \u00e7\u0131qarma\u011fa az\u0131r. &#8220;Q\u0131r\u0131m ker\u00e7ekten de Qarade\u00f1izboyu regionlar\u0131 aras\u0131nda e\u00f1 p\u0131traql\u0131s\u0131d\u0131r, m\u0131nda ol\u011fan adiseler adeti \u00fczre bir qa\u00e7 devletlerde \u00f6z aksini tapa&#8221;, &#8211; dedi M.Cemilev.<\/p>\n\n\n\n<figure class=\"wp-block-image size-full\"><img loading=\"lazy\" decoding=\"async\" width=\"602\" height=\"392\" src=\"http:\/\/qtmm.org\/wp-content\/uploads\/2022\/01\/p9090163-2.jpeg\" alt=\"\" class=\"wp-image-25799\" srcset=\"https:\/\/qtmm.org\/wp-content\/uploads\/2022\/01\/p9090163-2.jpeg 602w, https:\/\/qtmm.org\/wp-content\/uploads\/2022\/01\/p9090163-2-300x195.jpeg 300w\" sizes=\"auto, (max-width: 602px) 100vw, 602px\" \/><\/figure>\n\n\n\n<p>Gumboldt ad\u0131naBerlin universitetini\u00f1 sotsiologiya ilimleri fakultetini\u00f1 aspirant\u0131, &#8220;Ukrainada i\u00e7timaiy-siyasiy davalarn\u0131\u00f1 kerginle\u015fmesinde elitan\u0131\u00f1 rol\u00fc&#8221; mevzus\u0131 \u00fczerinde \u00e7al\u0131\u015fqan Yul\u00e2 Erner, Meclis liderine muracaat eterek aytt\u0131 ki, mektep i\u015ftirak\u00e7ilerini\u00f1 \u00e7oqus\u0131na Q\u0131r\u0131m ealisini\u00f1 eki esas gruppas\u0131 yani musulmanlar ve slav\u00e2nlarn\u0131\u00f1 turmu\u015f\u0131, degerlikleri boyunca fikirlerini\u00f1 \u015fekillenmesine yar\u0131mada \u015feerleri boylap seyahatlar yard\u0131m etti.<\/p>\n\n\n\n<p>Meclis reisi, Ukraina halq deputat\u0131 M. Cemilev ile tafsil\u00e2tl\u0131 subet devam\u0131nda dialog i\u015ftirak\u00e7ileri Ukrainan\u0131\u00f1 Avropa\u011fa qat\u0131luv\u0131 ve bu ad\u0131m\u011fa ealini\u00f1 munasebeti, q\u0131r\u0131mtatar halq\u0131 vekillerini\u00f1 Ukraina devlet, cumhuriyet organlar\u0131nda temsil etil\u00fcvi muzakere olund\u0131.<\/p>\n\n\n\n<p>M. Cemilev berilgen ve k\u00f6terilgen i\u00e7 bir sualni diqqats\u0131z qald\u0131rmad\u0131, er birine etrafl\u0131ca cevap berdi ve \u015fun\u0131 da qayd etti ki, q\u0131r\u0131mtatarlar Ukrainan\u0131\u00f1 Avroatlantik qat\u0131lmas\u0131n\u0131\u00f1 tarafdarlar\u0131d\u0131r.<\/p>\n","protected":false},"excerpt":{"rendered":"<p>Sent\u00e2br 5-ten 10-na qadar Aqmescitte &#8220;Demokratiya i identi\u00e7nost v postsovetsk\u00f6y Ukraine: kr\u0131mskiy k\u00f6ntekst&#8221; mevzus\u0131nda halqara yazl\u0131q mektebi \u00e7al\u0131\u015ft\u0131. Q\u0131r\u0131m, Almaniya, Avstriya, \u0130sve\u00e7re ve Finl\u00e2ndiya aliy oquv yurtlar\u0131n\u0131\u00f1 ocalar\u0131, aspirant ve talebeleri Mektepni\u00f1 i\u015ftirak\u00e7ileri old\u0131lar. Tedbirler \u00e7er\u00e7ivesinde mektep i\u015ftirak\u00e7ileri Q\u0131r\u0131mdaki \u00e7e\u015fit siyasiy-i\u00e7timaiy te\u015fkil\u00e2tlarnen k\u00f6r\u00fc\u015ftiler, q\u0131r\u0131ml\u0131 siyaset\u00e7iler, ekspert ve tarih\u00e7\u0131larnen qonu\u015ft\u0131lar, bun\u0131\u00f1 kibi de Q\u0131r\u0131mn\u0131\u00f1 yadik\u00e2rl\u0131qlar\u0131n\u0131 da [&hellip;]<\/p>\n","protected":false},"author":1,"featured_media":25795,"comment_status":"open","ping_status":"open","sticky":false,"template":"","format":"standard","meta":{"inline_featured_image":false,"footnotes":""},"categories":[265],"tags":[],"class_list":["post-25794","post","type-post","status-publish","format-standard","has-post-thumbnail","hentry","category-haberler"],"acf":[],"yoast_head":"<!-- This site is optimized with the Yoast SEO plugin v27.4 - https:\/\/yoast.com\/product\/yoast-seo-wordpress\/ -->\n<title>Avropa ve Q\u0131r\u0131mn\u0131\u00f1 ya\u015f alimleri Meclis reisi M. Cemilevnen k\u00f6r\u00fc\u015ftiler - \u041c\u0435\u0434\u0436\u043b\u0456\u0441<\/title>\n<meta name=\"robots\" content=\"index, follow, max-snippet:-1, max-image-preview:large, max-video-preview:-1\" \/>\n<link rel=\"canonical\" href=\"https:\/\/qtmm.org\/qt\/avropa-ve-qirimnin-yas-alimleri-meclis-reisi-m-cemilevnen-korustiler\/\" \/>\n<meta property=\"og:locale\" content=\"en_US\" \/>\n<meta property=\"og:type\" content=\"article\" \/>\n<meta property=\"og:title\" content=\"Avropa ve Q\u0131r\u0131mn\u0131\u00f1 ya\u015f alimleri Meclis reisi M. Cemilevnen k\u00f6r\u00fc\u015ftiler - \u041c\u0435\u0434\u0436\u043b\u0456\u0441\" \/>\n<meta property=\"og:description\" content=\"Sent\u00e2br 5-ten 10-na qadar Aqmescitte &#8220;Demokratiya i identi\u00e7nost v postsovetsk\u00f6y Ukraine: kr\u0131mskiy k\u00f6ntekst&#8221; mevzus\u0131nda halqara yazl\u0131q mektebi \u00e7al\u0131\u015ft\u0131. Q\u0131r\u0131m, Almaniya, Avstriya, \u0130sve\u00e7re ve Finl\u00e2ndiya aliy oquv yurtlar\u0131n\u0131\u00f1 ocalar\u0131, aspirant ve talebeleri Mektepni\u00f1 i\u015ftirak\u00e7ileri old\u0131lar. Tedbirler \u00e7er\u00e7ivesinde mektep i\u015ftirak\u00e7ileri Q\u0131r\u0131mdaki \u00e7e\u015fit siyasiy-i\u00e7timaiy te\u015fkil\u00e2tlarnen k\u00f6r\u00fc\u015ftiler, q\u0131r\u0131ml\u0131 siyaset\u00e7iler, ekspert ve tarih\u00e7\u0131larnen qonu\u015ft\u0131lar, bun\u0131\u00f1 kibi de Q\u0131r\u0131mn\u0131\u00f1 yadik\u00e2rl\u0131qlar\u0131n\u0131 da [&hellip;]\" \/>\n<meta property=\"og:url\" content=\"https:\/\/qtmm.org\/qt\/avropa-ve-qirimnin-yas-alimleri-meclis-reisi-m-cemilevnen-korustiler\/\" \/>\n<meta property=\"og:site_name\" content=\"\u041c\u0435\u0434\u0436\u043b\u0456\u0441\" \/>\n<meta property=\"article:publisher\" content=\"https:\/\/www.facebook.com\/qtmm.info\/\" \/>\n<meta property=\"article:published_time\" content=\"2011-09-10T11:50:00+00:00\" \/>\n<meta property=\"article:modified_time\" content=\"2022-01-19T11:56:18+00:00\" \/>\n<meta property=\"og:image\" content=\"https:\/\/qtmm.org\/wp-content\/uploads\/2022\/01\/p9090160_1-1.jpeg\" \/>\n\t<meta property=\"og:image:width\" content=\"602\" \/>\n\t<meta property=\"og:image:height\" content=\"392\" \/>\n\t<meta property=\"og:image:type\" content=\"image\/jpeg\" \/>\n<meta name=\"author\" content=\"Developer\" \/>\n<meta name=\"twitter:card\" content=\"summary_large_image\" \/>\n<meta name=\"twitter:label1\" content=\"Written by\" \/>\n\t<meta name=\"twitter:data1\" content=\"Developer\" \/>\n\t<meta name=\"twitter:label2\" content=\"Est. reading time\" \/>\n\t<meta name=\"twitter:data2\" content=\"3 minutes\" \/>\n<script type=\"application\/ld+json\" class=\"yoast-schema-graph\">{\"@context\":\"https:\\\/\\\/schema.org\",\"@graph\":[{\"@type\":\"Article\",\"@id\":\"https:\\\/\\\/qtmm.org\\\/qt\\\/avropa-ve-qirimnin-yas-alimleri-meclis-reisi-m-cemilevnen-korustiler\\\/#article\",\"isPartOf\":{\"@id\":\"https:\\\/\\\/qtmm.org\\\/qt\\\/avropa-ve-qirimnin-yas-alimleri-meclis-reisi-m-cemilevnen-korustiler\\\/\"},\"author\":{\"name\":\"Developer\",\"@id\":\"https:\\\/\\\/qtmm.org\\\/qt\\\/#\\\/schema\\\/person\\\/de562469f971dec226ac06e60bbf74a7\"},\"headline\":\"Avropa ve Q\u0131r\u0131mn\u0131\u00f1 ya\u015f alimleri Meclis reisi M. Cemilevnen k\u00f6r\u00fc\u015ftiler\",\"datePublished\":\"2011-09-10T11:50:00+00:00\",\"dateModified\":\"2022-01-19T11:56:18+00:00\",\"mainEntityOfPage\":{\"@id\":\"https:\\\/\\\/qtmm.org\\\/qt\\\/avropa-ve-qirimnin-yas-alimleri-meclis-reisi-m-cemilevnen-korustiler\\\/\"},\"wordCount\":548,\"commentCount\":0,\"publisher\":{\"@id\":\"https:\\\/\\\/qtmm.org\\\/qt\\\/#organization\"},\"image\":{\"@id\":\"https:\\\/\\\/qtmm.org\\\/qt\\\/avropa-ve-qirimnin-yas-alimleri-meclis-reisi-m-cemilevnen-korustiler\\\/#primaryimage\"},\"thumbnailUrl\":\"https:\\\/\\\/qtmm.org\\\/wp-content\\\/uploads\\\/2022\\\/01\\\/p9090160_1-1.jpeg\",\"articleSection\":[\"Haberler\"],\"inLanguage\":\"qt\",\"potentialAction\":[{\"@type\":\"CommentAction\",\"name\":\"Comment\",\"target\":[\"https:\\\/\\\/qtmm.org\\\/qt\\\/avropa-ve-qirimnin-yas-alimleri-meclis-reisi-m-cemilevnen-korustiler\\\/#respond\"]}]},{\"@type\":\"WebPage\",\"@id\":\"https:\\\/\\\/qtmm.org\\\/qt\\\/avropa-ve-qirimnin-yas-alimleri-meclis-reisi-m-cemilevnen-korustiler\\\/\",\"url\":\"https:\\\/\\\/qtmm.org\\\/qt\\\/avropa-ve-qirimnin-yas-alimleri-meclis-reisi-m-cemilevnen-korustiler\\\/\",\"name\":\"Avropa ve Q\u0131r\u0131mn\u0131\u00f1 ya\u015f alimleri Meclis reisi M. Cemilevnen k\u00f6r\u00fc\u015ftiler - \u041c\u0435\u0434\u0436\u043b\u0456\u0441\",\"isPartOf\":{\"@id\":\"https:\\\/\\\/qtmm.org\\\/qt\\\/#website\"},\"primaryImageOfPage\":{\"@id\":\"https:\\\/\\\/qtmm.org\\\/qt\\\/avropa-ve-qirimnin-yas-alimleri-meclis-reisi-m-cemilevnen-korustiler\\\/#primaryimage\"},\"image\":{\"@id\":\"https:\\\/\\\/qtmm.org\\\/qt\\\/avropa-ve-qirimnin-yas-alimleri-meclis-reisi-m-cemilevnen-korustiler\\\/#primaryimage\"},\"thumbnailUrl\":\"https:\\\/\\\/qtmm.org\\\/wp-content\\\/uploads\\\/2022\\\/01\\\/p9090160_1-1.jpeg\",\"datePublished\":\"2011-09-10T11:50:00+00:00\",\"dateModified\":\"2022-01-19T11:56:18+00:00\",\"breadcrumb\":{\"@id\":\"https:\\\/\\\/qtmm.org\\\/qt\\\/avropa-ve-qirimnin-yas-alimleri-meclis-reisi-m-cemilevnen-korustiler\\\/#breadcrumb\"},\"inLanguage\":\"qt\",\"potentialAction\":[{\"@type\":\"ReadAction\",\"target\":[\"https:\\\/\\\/qtmm.org\\\/qt\\\/avropa-ve-qirimnin-yas-alimleri-meclis-reisi-m-cemilevnen-korustiler\\\/\"]}]},{\"@type\":\"ImageObject\",\"inLanguage\":\"qt\",\"@id\":\"https:\\\/\\\/qtmm.org\\\/qt\\\/avropa-ve-qirimnin-yas-alimleri-meclis-reisi-m-cemilevnen-korustiler\\\/#primaryimage\",\"url\":\"https:\\\/\\\/qtmm.org\\\/wp-content\\\/uploads\\\/2022\\\/01\\\/p9090160_1-1.jpeg\",\"contentUrl\":\"https:\\\/\\\/qtmm.org\\\/wp-content\\\/uploads\\\/2022\\\/01\\\/p9090160_1-1.jpeg\",\"width\":602,\"height\":392},{\"@type\":\"BreadcrumbList\",\"@id\":\"https:\\\/\\\/qtmm.org\\\/qt\\\/avropa-ve-qirimnin-yas-alimleri-meclis-reisi-m-cemilevnen-korustiler\\\/#breadcrumb\",\"itemListElement\":[{\"@type\":\"ListItem\",\"position\":1,\"name\":\"\u0413\u043e\u043b\u043e\u0432\u043d\u0430\",\"item\":\"https:\\\/\\\/qtmm.org\\\/qt\\\/\"},{\"@type\":\"ListItem\",\"position\":2,\"name\":\"Avropa ve Q\u0131r\u0131mn\u0131\u00f1 ya\u015f alimleri Meclis reisi M. Cemilevnen k\u00f6r\u00fc\u015ftiler\"}]},{\"@type\":\"WebSite\",\"@id\":\"https:\\\/\\\/qtmm.org\\\/qt\\\/#website\",\"url\":\"https:\\\/\\\/qtmm.org\\\/qt\\\/\",\"name\":\"\u041c\u0435\u0434\u0436\u043b\u0456\u0441\",\"description\":\"\",\"publisher\":{\"@id\":\"https:\\\/\\\/qtmm.org\\\/qt\\\/#organization\"},\"potentialAction\":[{\"@type\":\"SearchAction\",\"target\":{\"@type\":\"EntryPoint\",\"urlTemplate\":\"https:\\\/\\\/qtmm.org\\\/qt\\\/?s={search_term_string}\"},\"query-input\":{\"@type\":\"PropertyValueSpecification\",\"valueRequired\":true,\"valueName\":\"search_term_string\"}}],\"inLanguage\":\"qt\"},{\"@type\":\"Organization\",\"@id\":\"https:\\\/\\\/qtmm.org\\\/qt\\\/#organization\",\"name\":\"\u041c\u0435\u0434\u0436\u043b\u0456\u0441\",\"url\":\"https:\\\/\\\/qtmm.org\\\/qt\\\/\",\"logo\":{\"@type\":\"ImageObject\",\"inLanguage\":\"qt\",\"@id\":\"https:\\\/\\\/qtmm.org\\\/qt\\\/#\\\/schema\\\/logo\\\/image\\\/\",\"url\":\"https:\\\/\\\/qtmm.org\\\/wp-content\\\/uploads\\\/2024\\\/12\\\/ua-mejlis-logo-rgb.svg\",\"contentUrl\":\"https:\\\/\\\/qtmm.org\\\/wp-content\\\/uploads\\\/2024\\\/12\\\/ua-mejlis-logo-rgb.svg\",\"caption\":\"\u041c\u0435\u0434\u0436\u043b\u0456\u0441\"},\"image\":{\"@id\":\"https:\\\/\\\/qtmm.org\\\/qt\\\/#\\\/schema\\\/logo\\\/image\\\/\"},\"sameAs\":[\"https:\\\/\\\/www.facebook.com\\\/qtmm.info\\\/\"]},{\"@type\":\"Person\",\"@id\":\"https:\\\/\\\/qtmm.org\\\/qt\\\/#\\\/schema\\\/person\\\/de562469f971dec226ac06e60bbf74a7\",\"name\":\"Developer\",\"image\":{\"@type\":\"ImageObject\",\"inLanguage\":\"qt\",\"@id\":\"https:\\\/\\\/secure.gravatar.com\\\/avatar\\\/392b4cc8fbfeb00b39dfeeab4ee6edded39ffd48e25858637e4765810300227e?s=96&d=mm&r=g\",\"url\":\"https:\\\/\\\/secure.gravatar.com\\\/avatar\\\/392b4cc8fbfeb00b39dfeeab4ee6edded39ffd48e25858637e4765810300227e?s=96&d=mm&r=g\",\"contentUrl\":\"https:\\\/\\\/secure.gravatar.com\\\/avatar\\\/392b4cc8fbfeb00b39dfeeab4ee6edded39ffd48e25858637e4765810300227e?s=96&d=mm&r=g\",\"caption\":\"Developer\"},\"url\":\"https:\\\/\\\/qtmm.org\\\/qt\\\/author\\\/Developer\\\/\"}]}<\/script>\n<!-- \/ Yoast SEO plugin. -->","yoast_head_json":{"title":"Avropa ve Q\u0131r\u0131mn\u0131\u00f1 ya\u015f alimleri Meclis reisi M. Cemilevnen k\u00f6r\u00fc\u015ftiler - \u041c\u0435\u0434\u0436\u043b\u0456\u0441","robots":{"index":"index","follow":"follow","max-snippet":"max-snippet:-1","max-image-preview":"max-image-preview:large","max-video-preview":"max-video-preview:-1"},"canonical":"https:\/\/qtmm.org\/qt\/avropa-ve-qirimnin-yas-alimleri-meclis-reisi-m-cemilevnen-korustiler\/","og_locale":"en_US","og_type":"article","og_title":"Avropa ve Q\u0131r\u0131mn\u0131\u00f1 ya\u015f alimleri Meclis reisi M. Cemilevnen k\u00f6r\u00fc\u015ftiler - \u041c\u0435\u0434\u0436\u043b\u0456\u0441","og_description":"Sent\u00e2br 5-ten 10-na qadar Aqmescitte &#8220;Demokratiya i identi\u00e7nost v postsovetsk\u00f6y Ukraine: kr\u0131mskiy k\u00f6ntekst&#8221; mevzus\u0131nda halqara yazl\u0131q mektebi \u00e7al\u0131\u015ft\u0131. Q\u0131r\u0131m, Almaniya, Avstriya, \u0130sve\u00e7re ve Finl\u00e2ndiya aliy oquv yurtlar\u0131n\u0131\u00f1 ocalar\u0131, aspirant ve talebeleri Mektepni\u00f1 i\u015ftirak\u00e7ileri old\u0131lar. Tedbirler \u00e7er\u00e7ivesinde mektep i\u015ftirak\u00e7ileri Q\u0131r\u0131mdaki \u00e7e\u015fit siyasiy-i\u00e7timaiy te\u015fkil\u00e2tlarnen k\u00f6r\u00fc\u015ftiler, q\u0131r\u0131ml\u0131 siyaset\u00e7iler, ekspert ve tarih\u00e7\u0131larnen qonu\u015ft\u0131lar, bun\u0131\u00f1 kibi de Q\u0131r\u0131mn\u0131\u00f1 yadik\u00e2rl\u0131qlar\u0131n\u0131 da [&hellip;]","og_url":"https:\/\/qtmm.org\/qt\/avropa-ve-qirimnin-yas-alimleri-meclis-reisi-m-cemilevnen-korustiler\/","og_site_name":"\u041c\u0435\u0434\u0436\u043b\u0456\u0441","article_publisher":"https:\/\/www.facebook.com\/qtmm.info\/","article_published_time":"2011-09-10T11:50:00+00:00","article_modified_time":"2022-01-19T11:56:18+00:00","og_image":[{"width":602,"height":392,"url":"https:\/\/qtmm.org\/wp-content\/uploads\/2022\/01\/p9090160_1-1.jpeg","type":"image\/jpeg"}],"author":"Developer","twitter_card":"summary_large_image","twitter_misc":{"Written by":"Developer","Est. reading time":"3 minutes"},"schema":{"@context":"https:\/\/schema.org","@graph":[{"@type":"Article","@id":"https:\/\/qtmm.org\/qt\/avropa-ve-qirimnin-yas-alimleri-meclis-reisi-m-cemilevnen-korustiler\/#article","isPartOf":{"@id":"https:\/\/qtmm.org\/qt\/avropa-ve-qirimnin-yas-alimleri-meclis-reisi-m-cemilevnen-korustiler\/"},"author":{"name":"Developer","@id":"https:\/\/qtmm.org\/qt\/#\/schema\/person\/de562469f971dec226ac06e60bbf74a7"},"headline":"Avropa ve Q\u0131r\u0131mn\u0131\u00f1 ya\u015f alimleri Meclis reisi M. Cemilevnen k\u00f6r\u00fc\u015ftiler","datePublished":"2011-09-10T11:50:00+00:00","dateModified":"2022-01-19T11:56:18+00:00","mainEntityOfPage":{"@id":"https:\/\/qtmm.org\/qt\/avropa-ve-qirimnin-yas-alimleri-meclis-reisi-m-cemilevnen-korustiler\/"},"wordCount":548,"commentCount":0,"publisher":{"@id":"https:\/\/qtmm.org\/qt\/#organization"},"image":{"@id":"https:\/\/qtmm.org\/qt\/avropa-ve-qirimnin-yas-alimleri-meclis-reisi-m-cemilevnen-korustiler\/#primaryimage"},"thumbnailUrl":"https:\/\/qtmm.org\/wp-content\/uploads\/2022\/01\/p9090160_1-1.jpeg","articleSection":["Haberler"],"inLanguage":"qt","potentialAction":[{"@type":"CommentAction","name":"Comment","target":["https:\/\/qtmm.org\/qt\/avropa-ve-qirimnin-yas-alimleri-meclis-reisi-m-cemilevnen-korustiler\/#respond"]}]},{"@type":"WebPage","@id":"https:\/\/qtmm.org\/qt\/avropa-ve-qirimnin-yas-alimleri-meclis-reisi-m-cemilevnen-korustiler\/","url":"https:\/\/qtmm.org\/qt\/avropa-ve-qirimnin-yas-alimleri-meclis-reisi-m-cemilevnen-korustiler\/","name":"Avropa ve Q\u0131r\u0131mn\u0131\u00f1 ya\u015f alimleri Meclis reisi M. Cemilevnen k\u00f6r\u00fc\u015ftiler - \u041c\u0435\u0434\u0436\u043b\u0456\u0441","isPartOf":{"@id":"https:\/\/qtmm.org\/qt\/#website"},"primaryImageOfPage":{"@id":"https:\/\/qtmm.org\/qt\/avropa-ve-qirimnin-yas-alimleri-meclis-reisi-m-cemilevnen-korustiler\/#primaryimage"},"image":{"@id":"https:\/\/qtmm.org\/qt\/avropa-ve-qirimnin-yas-alimleri-meclis-reisi-m-cemilevnen-korustiler\/#primaryimage"},"thumbnailUrl":"https:\/\/qtmm.org\/wp-content\/uploads\/2022\/01\/p9090160_1-1.jpeg","datePublished":"2011-09-10T11:50:00+00:00","dateModified":"2022-01-19T11:56:18+00:00","breadcrumb":{"@id":"https:\/\/qtmm.org\/qt\/avropa-ve-qirimnin-yas-alimleri-meclis-reisi-m-cemilevnen-korustiler\/#breadcrumb"},"inLanguage":"qt","potentialAction":[{"@type":"ReadAction","target":["https:\/\/qtmm.org\/qt\/avropa-ve-qirimnin-yas-alimleri-meclis-reisi-m-cemilevnen-korustiler\/"]}]},{"@type":"ImageObject","inLanguage":"qt","@id":"https:\/\/qtmm.org\/qt\/avropa-ve-qirimnin-yas-alimleri-meclis-reisi-m-cemilevnen-korustiler\/#primaryimage","url":"https:\/\/qtmm.org\/wp-content\/uploads\/2022\/01\/p9090160_1-1.jpeg","contentUrl":"https:\/\/qtmm.org\/wp-content\/uploads\/2022\/01\/p9090160_1-1.jpeg","width":602,"height":392},{"@type":"BreadcrumbList","@id":"https:\/\/qtmm.org\/qt\/avropa-ve-qirimnin-yas-alimleri-meclis-reisi-m-cemilevnen-korustiler\/#breadcrumb","itemListElement":[{"@type":"ListItem","position":1,"name":"\u0413\u043e\u043b\u043e\u0432\u043d\u0430","item":"https:\/\/qtmm.org\/qt\/"},{"@type":"ListItem","position":2,"name":"Avropa ve Q\u0131r\u0131mn\u0131\u00f1 ya\u015f alimleri Meclis reisi M. Cemilevnen k\u00f6r\u00fc\u015ftiler"}]},{"@type":"WebSite","@id":"https:\/\/qtmm.org\/qt\/#website","url":"https:\/\/qtmm.org\/qt\/","name":"\u041c\u0435\u0434\u0436\u043b\u0456\u0441","description":"","publisher":{"@id":"https:\/\/qtmm.org\/qt\/#organization"},"potentialAction":[{"@type":"SearchAction","target":{"@type":"EntryPoint","urlTemplate":"https:\/\/qtmm.org\/qt\/?s={search_term_string}"},"query-input":{"@type":"PropertyValueSpecification","valueRequired":true,"valueName":"search_term_string"}}],"inLanguage":"qt"},{"@type":"Organization","@id":"https:\/\/qtmm.org\/qt\/#organization","name":"\u041c\u0435\u0434\u0436\u043b\u0456\u0441","url":"https:\/\/qtmm.org\/qt\/","logo":{"@type":"ImageObject","inLanguage":"qt","@id":"https:\/\/qtmm.org\/qt\/#\/schema\/logo\/image\/","url":"https:\/\/qtmm.org\/wp-content\/uploads\/2024\/12\/ua-mejlis-logo-rgb.svg","contentUrl":"https:\/\/qtmm.org\/wp-content\/uploads\/2024\/12\/ua-mejlis-logo-rgb.svg","caption":"\u041c\u0435\u0434\u0436\u043b\u0456\u0441"},"image":{"@id":"https:\/\/qtmm.org\/qt\/#\/schema\/logo\/image\/"},"sameAs":["https:\/\/www.facebook.com\/qtmm.info\/"]},{"@type":"Person","@id":"https:\/\/qtmm.org\/qt\/#\/schema\/person\/de562469f971dec226ac06e60bbf74a7","name":"Developer","image":{"@type":"ImageObject","inLanguage":"qt","@id":"https:\/\/secure.gravatar.com\/avatar\/392b4cc8fbfeb00b39dfeeab4ee6edded39ffd48e25858637e4765810300227e?s=96&d=mm&r=g","url":"https:\/\/secure.gravatar.com\/avatar\/392b4cc8fbfeb00b39dfeeab4ee6edded39ffd48e25858637e4765810300227e?s=96&d=mm&r=g","contentUrl":"https:\/\/secure.gravatar.com\/avatar\/392b4cc8fbfeb00b39dfeeab4ee6edded39ffd48e25858637e4765810300227e?s=96&d=mm&r=g","caption":"Developer"},"url":"https:\/\/qtmm.org\/qt\/author\/Developer\/"}]}},"_links":{"self":[{"href":"https:\/\/qtmm.org\/qt\/wp-json\/wp\/v2\/posts\/25794","targetHints":{"allow":["GET"]}}],"collection":[{"href":"https:\/\/qtmm.org\/qt\/wp-json\/wp\/v2\/posts"}],"about":[{"href":"https:\/\/qtmm.org\/qt\/wp-json\/wp\/v2\/types\/post"}],"author":[{"embeddable":true,"href":"https:\/\/qtmm.org\/qt\/wp-json\/wp\/v2\/users\/1"}],"replies":[{"embeddable":true,"href":"https:\/\/qtmm.org\/qt\/wp-json\/wp\/v2\/comments?post=25794"}],"version-history":[{"count":1,"href":"https:\/\/qtmm.org\/qt\/wp-json\/wp\/v2\/posts\/25794\/revisions"}],"predecessor-version":[{"id":25803,"href":"https:\/\/qtmm.org\/qt\/wp-json\/wp\/v2\/posts\/25794\/revisions\/25803"}],"wp:featuredmedia":[{"embeddable":true,"href":"https:\/\/qtmm.org\/qt\/wp-json\/wp\/v2\/media\/25795"}],"wp:attachment":[{"href":"https:\/\/qtmm.org\/qt\/wp-json\/wp\/v2\/media?parent=25794"}],"wp:term":[{"taxonomy":"category","embeddable":true,"href":"https:\/\/qtmm.org\/qt\/wp-json\/wp\/v2\/categories?post=25794"},{"taxonomy":"post_tag","embeddable":true,"href":"https:\/\/qtmm.org\/qt\/wp-json\/wp\/v2\/tags?post=25794"}],"curies":[{"name":"wp","href":"https:\/\/api.w.org\/{rel}","templated":true}]}}