




{"id":25786,"date":"2011-09-06T14:48:00","date_gmt":"2011-09-06T11:48:00","guid":{"rendered":"http:\/\/qtmm.org\/?p=25786"},"modified":"2022-01-19T14:48:38","modified_gmt":"2022-01-19T11:48:38","slug":"qirimtatar-halqinin-meclisi-semetdeslerimizge-birlikte-butun-zarur-care-tedbirler-korulip-cinayetciler-ukraina-qanunlarina-muvafiq-cezalandirilacaqlarini-isandira","status":"publish","type":"post","link":"https:\/\/qtmm.org\/qt\/qirimtatar-halqinin-meclisi-semetdeslerimizge-birlikte-butun-zarur-care-tedbirler-korulip-cinayetciler-ukraina-qanunlarina-muvafiq-cezalandirilacaqlarini-isandira\/","title":{"rendered":"Q\u0131r\u0131mtatar halq\u0131n\u0131\u00f1 Meclisi semetde\u015flerimizge birlikte b\u00fct\u00fcn zarur \u00e7are-tedbirler k\u00f6r\u00fclip, cinayet\u00e7iler Ukraina qanunlar\u0131na muvaf\u0131q cezaland\u0131r\u0131lacaqlar\u0131n\u0131 i\u015fand\u0131ra"},"content":{"rendered":"\n<p class=\"has-text-align-center\"><strong>M\u0130LL\u0130Y MECL\u0130S BEYANATI<\/strong><\/p>\n\n\n\n<p>Sent\u00e2br 2-den 3-ne ke\u00e7er gecesi Aqmescit rayon\u0131n\u0131\u00f1 Qul\u00e7uq k\u00f6y\u00fcnde&nbsp; so\u00f1undan belgilengen \u015fahs\u0131lar taraf\u0131ndan yap\u0131l\u011fan cinayet aqibetinde&nbsp; 19 ya\u015fl\u0131 Emil \u011eaniyev \u00f6ld\u00fcrildi.<\/p>\n\n\n\n<p>Qatiller bun\u0131\u00f1 kibi de&nbsp; daa d\u00f6rt semetde\u015fimizni p\u0131\u00e7aqnen yaralad\u0131lar, bulardan ekisi Vitaliy Velil\u00e2yev ve&nbsp; Asan \u00dcseinovn\u0131\u00f1 al\u0131 a\u011f\u0131r.&nbsp; Sent\u00e2br 3 k\u00fcn\u00fc sabadan&nbsp; Emil \u011eaniyev, Vitaliy Velil\u00e2yev, Asan \u00dcseinov, Seyran Maqsutov ve Dil\u00e2ver Ebidl\u00e2yevge qar\u015f\u0131 yap\u0131l\u011fan cinayet ve \u015fu cinayet aqibetinde Emil \u011eaniyevni\u00f1 el\u00e2k ol\u011fan\u0131 aqq\u0131nda haber al\u0131n\u011fan\u0131nen Q\u0131r\u0131mtatar halq\u0131 Meclisini\u00f1 yuridik h\u0131zmeti Meclis reberlerini\u00f1 avalesi boyunca&nbsp; cinayet\u00e7ilerni qanuniy s\u00fcrette cezalamaq maqsad\u0131nda&nbsp; y\u00fcz bergen cinayetni&nbsp; tafsil\u00e2tl\u0131 \u00f6grenmege kiri\u015ftiler.&nbsp;<\/p>\n\n\n\n<p>Meclis adliyecileri&nbsp; zarar k\u00f6rgenlerni\u00f1 soy-aqrabalar\u0131, Qul\u00e7uq k\u00f6y cemaat\u0131, yerli meclis ve Aqmescit regional meclisnen s\u0131q\u0131 i\u015fbirlikte&nbsp; q\u0131r\u0131mtatarlar\u011fa nisbeten yap\u0131l\u011fan cinayetni&nbsp; er tarafl\u0131 ve obyektiv taqiqat etmekteler.<\/p>\n\n\n\n<p>&nbsp;Advokatlarn\u0131\u00f1 bildirgenine k\u00f6re&nbsp; al-az\u0131rda eki cinayi i\u015f a\u00e7\u0131ld\u0131.&nbsp; Birisi&nbsp; Ukraina Cinaiy Kodeksini\u00f1 296-nc\u0131 maddesi 2-nci q\u0131s\u0131m &#8220;Qav\u011fac\u0131l\u0131q&#8221; ve ekincisi 296-nc\u0131n\u0131\u00f1 4-nci q\u0131sm\u0131 &#8220;\u015eiddetli qav\u011fac\u0131l\u0131q&#8221; ve 115-nci madde 2-nci q\u0131sm\u0131 &#8220;Bile tur\u0131p \u00f6ld\u00fcr\u00fcv&#8221;. K\u00f6tekle\u015f\u00fcvni\u00f1 4&nbsp; i\u015ftirak\u00e7isinden ekisi Gevork\u00e2n Karen ve&nbsp; Ovak\u00e2n Ara yaqaland\u0131lar. Qa\u00e7\u0131p ketken Arutun\u00e2n Agri\u015fti ve Agrutun\u00e2n Andronikni q\u0131d\u0131ruv il\u00e2n etildi.&nbsp; Bulardan birisi&nbsp; p\u0131\u00e7aqnen \u00fcc\u00fcm etkeni aqibetinde 19 ya\u015fl\u0131 Emil \u011eaniyev el\u00e2k old\u0131.<\/p>\n\n\n\n<p>Q\u0131r\u0131mtatar halq\u0131n\u0131\u00f1 Meclisi&nbsp; Emil \u011eaniyevni\u00f1 soy-aqrabalar\u0131na taziyesini, yaralan\u011fan Vitaliy Velil\u00e2yev, Seyran Maqsutov, Asan \u00dcseinov ve Dil\u00e2ver Ebidl\u00e2yevni\u00f1 yaq\u0131nlar\u0131na ise g\u00f6\u00f1\u00fclde\u015flik&nbsp; bildirip, semetde\u015flerimizge birlikte b\u00fct\u00fcn zarur \u00e7are-tedbirler k\u00f6r\u00fclip, cinayet\u00e7iler Ukraina qanunlar\u0131na muvaf\u0131q cezaland\u0131r\u0131lacaqlar\u0131n\u0131 i\u015fand\u0131ra&nbsp;&nbsp;<\/p>\n\n\n\n<p class=\"has-text-align-right\"><em>Q\u0131r\u0131mtatar halq\u0131 Meclisini\u00f1 matbuat h\u0131zmeti<\/em><\/p>\n","protected":false},"excerpt":{"rendered":"<p>M\u0130LL\u0130Y MECL\u0130S BEYANATI Sent\u00e2br 2-den 3-ne ke\u00e7er gecesi Aqmescit rayon\u0131n\u0131\u00f1 Qul\u00e7uq k\u00f6y\u00fcnde&nbsp; so\u00f1undan belgilengen \u015fahs\u0131lar taraf\u0131ndan yap\u0131l\u011fan cinayet aqibetinde&nbsp; 19 ya\u015fl\u0131 Emil \u011eaniyev \u00f6ld\u00fcrildi. Qatiller bun\u0131\u00f1 kibi de&nbsp; daa d\u00f6rt semetde\u015fimizni p\u0131\u00e7aqnen yaralad\u0131lar, bulardan ekisi Vitaliy Velil\u00e2yev ve&nbsp; Asan \u00dcseinovn\u0131\u00f1 al\u0131 a\u011f\u0131r.&nbsp; Sent\u00e2br 3 k\u00fcn\u00fc sabadan&nbsp; Emil \u011eaniyev, Vitaliy Velil\u00e2yev, Asan \u00dcseinov, Seyran Maqsutov ve [&hellip;]<\/p>\n","protected":false},"author":1,"featured_media":0,"comment_status":"open","ping_status":"open","sticky":false,"template":"","format":"standard","meta":{"inline_featured_image":false,"footnotes":""},"categories":[265],"tags":[],"class_list":["post-25786","post","type-post","status-publish","format-standard","hentry","category-haberler"],"acf":[],"yoast_head":"<!-- This site is optimized with the Yoast SEO plugin v27.4 - https:\/\/yoast.com\/product\/yoast-seo-wordpress\/ -->\n<title>Q\u0131r\u0131mtatar halq\u0131n\u0131\u00f1 Meclisi semetde\u015flerimizge birlikte b\u00fct\u00fcn zarur \u00e7are-tedbirler k\u00f6r\u00fclip, cinayet\u00e7iler Ukraina qanunlar\u0131na muvaf\u0131q cezaland\u0131r\u0131lacaqlar\u0131n\u0131 i\u015fand\u0131ra - \u041c\u0435\u0434\u0436\u043b\u0456\u0441<\/title>\n<meta name=\"robots\" content=\"index, follow, max-snippet:-1, max-image-preview:large, max-video-preview:-1\" \/>\n<link rel=\"canonical\" href=\"https:\/\/qtmm.org\/qt\/qirimtatar-halqinin-meclisi-semetdeslerimizge-birlikte-butun-zarur-care-tedbirler-korulip-cinayetciler-ukraina-qanunlarina-muvafiq-cezalandirilacaqlarini-isandira\/\" \/>\n<meta property=\"og:locale\" content=\"en_US\" \/>\n<meta property=\"og:type\" content=\"article\" \/>\n<meta property=\"og:title\" content=\"Q\u0131r\u0131mtatar halq\u0131n\u0131\u00f1 Meclisi semetde\u015flerimizge birlikte b\u00fct\u00fcn zarur \u00e7are-tedbirler k\u00f6r\u00fclip, cinayet\u00e7iler Ukraina qanunlar\u0131na muvaf\u0131q cezaland\u0131r\u0131lacaqlar\u0131n\u0131 i\u015fand\u0131ra - \u041c\u0435\u0434\u0436\u043b\u0456\u0441\" \/>\n<meta property=\"og:description\" content=\"M\u0130LL\u0130Y MECL\u0130S BEYANATI Sent\u00e2br 2-den 3-ne ke\u00e7er gecesi Aqmescit rayon\u0131n\u0131\u00f1 Qul\u00e7uq k\u00f6y\u00fcnde&nbsp; so\u00f1undan belgilengen \u015fahs\u0131lar taraf\u0131ndan yap\u0131l\u011fan cinayet aqibetinde&nbsp; 19 ya\u015fl\u0131 Emil \u011eaniyev \u00f6ld\u00fcrildi. Qatiller bun\u0131\u00f1 kibi de&nbsp; daa d\u00f6rt semetde\u015fimizni p\u0131\u00e7aqnen yaralad\u0131lar, bulardan ekisi Vitaliy Velil\u00e2yev ve&nbsp; Asan \u00dcseinovn\u0131\u00f1 al\u0131 a\u011f\u0131r.&nbsp; Sent\u00e2br 3 k\u00fcn\u00fc sabadan&nbsp; Emil \u011eaniyev, Vitaliy Velil\u00e2yev, Asan \u00dcseinov, Seyran Maqsutov ve [&hellip;]\" \/>\n<meta property=\"og:url\" content=\"https:\/\/qtmm.org\/qt\/qirimtatar-halqinin-meclisi-semetdeslerimizge-birlikte-butun-zarur-care-tedbirler-korulip-cinayetciler-ukraina-qanunlarina-muvafiq-cezalandirilacaqlarini-isandira\/\" \/>\n<meta property=\"og:site_name\" content=\"\u041c\u0435\u0434\u0436\u043b\u0456\u0441\" \/>\n<meta property=\"article:publisher\" content=\"https:\/\/www.facebook.com\/qtmm.info\/\" \/>\n<meta property=\"article:published_time\" content=\"2011-09-06T11:48:00+00:00\" \/>\n<meta property=\"article:modified_time\" content=\"2022-01-19T11:48:38+00:00\" \/>\n<meta name=\"author\" content=\"Developer\" \/>\n<meta name=\"twitter:card\" content=\"summary_large_image\" \/>\n<meta name=\"twitter:label1\" content=\"Written by\" \/>\n\t<meta name=\"twitter:data1\" content=\"Developer\" \/>\n\t<meta name=\"twitter:label2\" content=\"Est. reading time\" \/>\n\t<meta name=\"twitter:data2\" content=\"2 minutes\" \/>\n<script type=\"application\/ld+json\" class=\"yoast-schema-graph\">{\"@context\":\"https:\\\/\\\/schema.org\",\"@graph\":[{\"@type\":\"Article\",\"@id\":\"https:\\\/\\\/qtmm.org\\\/qt\\\/qirimtatar-halqinin-meclisi-semetdeslerimizge-birlikte-butun-zarur-care-tedbirler-korulip-cinayetciler-ukraina-qanunlarina-muvafiq-cezalandirilacaqlarini-isandira\\\/#article\",\"isPartOf\":{\"@id\":\"https:\\\/\\\/qtmm.org\\\/qt\\\/qirimtatar-halqinin-meclisi-semetdeslerimizge-birlikte-butun-zarur-care-tedbirler-korulip-cinayetciler-ukraina-qanunlarina-muvafiq-cezalandirilacaqlarini-isandira\\\/\"},\"author\":{\"name\":\"Developer\",\"@id\":\"https:\\\/\\\/qtmm.org\\\/qt\\\/#\\\/schema\\\/person\\\/de562469f971dec226ac06e60bbf74a7\"},\"headline\":\"Q\u0131r\u0131mtatar halq\u0131n\u0131\u00f1 Meclisi semetde\u015flerimizge birlikte b\u00fct\u00fcn zarur \u00e7are-tedbirler k\u00f6r\u00fclip, cinayet\u00e7iler Ukraina qanunlar\u0131na muvaf\u0131q cezaland\u0131r\u0131lacaqlar\u0131n\u0131 i\u015fand\u0131ra\",\"datePublished\":\"2011-09-06T11:48:00+00:00\",\"dateModified\":\"2022-01-19T11:48:38+00:00\",\"mainEntityOfPage\":{\"@id\":\"https:\\\/\\\/qtmm.org\\\/qt\\\/qirimtatar-halqinin-meclisi-semetdeslerimizge-birlikte-butun-zarur-care-tedbirler-korulip-cinayetciler-ukraina-qanunlarina-muvafiq-cezalandirilacaqlarini-isandira\\\/\"},\"wordCount\":388,\"commentCount\":0,\"publisher\":{\"@id\":\"https:\\\/\\\/qtmm.org\\\/qt\\\/#organization\"},\"articleSection\":[\"Haberler\"],\"inLanguage\":\"qt\",\"potentialAction\":[{\"@type\":\"CommentAction\",\"name\":\"Comment\",\"target\":[\"https:\\\/\\\/qtmm.org\\\/qt\\\/qirimtatar-halqinin-meclisi-semetdeslerimizge-birlikte-butun-zarur-care-tedbirler-korulip-cinayetciler-ukraina-qanunlarina-muvafiq-cezalandirilacaqlarini-isandira\\\/#respond\"]}]},{\"@type\":\"WebPage\",\"@id\":\"https:\\\/\\\/qtmm.org\\\/qt\\\/qirimtatar-halqinin-meclisi-semetdeslerimizge-birlikte-butun-zarur-care-tedbirler-korulip-cinayetciler-ukraina-qanunlarina-muvafiq-cezalandirilacaqlarini-isandira\\\/\",\"url\":\"https:\\\/\\\/qtmm.org\\\/qt\\\/qirimtatar-halqinin-meclisi-semetdeslerimizge-birlikte-butun-zarur-care-tedbirler-korulip-cinayetciler-ukraina-qanunlarina-muvafiq-cezalandirilacaqlarini-isandira\\\/\",\"name\":\"Q\u0131r\u0131mtatar halq\u0131n\u0131\u00f1 Meclisi semetde\u015flerimizge birlikte b\u00fct\u00fcn zarur \u00e7are-tedbirler k\u00f6r\u00fclip, cinayet\u00e7iler Ukraina qanunlar\u0131na muvaf\u0131q cezaland\u0131r\u0131lacaqlar\u0131n\u0131 i\u015fand\u0131ra - \u041c\u0435\u0434\u0436\u043b\u0456\u0441\",\"isPartOf\":{\"@id\":\"https:\\\/\\\/qtmm.org\\\/qt\\\/#website\"},\"datePublished\":\"2011-09-06T11:48:00+00:00\",\"dateModified\":\"2022-01-19T11:48:38+00:00\",\"breadcrumb\":{\"@id\":\"https:\\\/\\\/qtmm.org\\\/qt\\\/qirimtatar-halqinin-meclisi-semetdeslerimizge-birlikte-butun-zarur-care-tedbirler-korulip-cinayetciler-ukraina-qanunlarina-muvafiq-cezalandirilacaqlarini-isandira\\\/#breadcrumb\"},\"inLanguage\":\"qt\",\"potentialAction\":[{\"@type\":\"ReadAction\",\"target\":[\"https:\\\/\\\/qtmm.org\\\/qt\\\/qirimtatar-halqinin-meclisi-semetdeslerimizge-birlikte-butun-zarur-care-tedbirler-korulip-cinayetciler-ukraina-qanunlarina-muvafiq-cezalandirilacaqlarini-isandira\\\/\"]}]},{\"@type\":\"BreadcrumbList\",\"@id\":\"https:\\\/\\\/qtmm.org\\\/qt\\\/qirimtatar-halqinin-meclisi-semetdeslerimizge-birlikte-butun-zarur-care-tedbirler-korulip-cinayetciler-ukraina-qanunlarina-muvafiq-cezalandirilacaqlarini-isandira\\\/#breadcrumb\",\"itemListElement\":[{\"@type\":\"ListItem\",\"position\":1,\"name\":\"\u0413\u043e\u043b\u043e\u0432\u043d\u0430\",\"item\":\"https:\\\/\\\/qtmm.org\\\/qt\\\/\"},{\"@type\":\"ListItem\",\"position\":2,\"name\":\"Q\u0131r\u0131mtatar halq\u0131n\u0131\u00f1 Meclisi semetde\u015flerimizge birlikte b\u00fct\u00fcn zarur \u00e7are-tedbirler k\u00f6r\u00fclip, cinayet\u00e7iler Ukraina qanunlar\u0131na muvaf\u0131q cezaland\u0131r\u0131lacaqlar\u0131n\u0131 i\u015fand\u0131ra\"}]},{\"@type\":\"WebSite\",\"@id\":\"https:\\\/\\\/qtmm.org\\\/qt\\\/#website\",\"url\":\"https:\\\/\\\/qtmm.org\\\/qt\\\/\",\"name\":\"\u041c\u0435\u0434\u0436\u043b\u0456\u0441\",\"description\":\"\",\"publisher\":{\"@id\":\"https:\\\/\\\/qtmm.org\\\/qt\\\/#organization\"},\"potentialAction\":[{\"@type\":\"SearchAction\",\"target\":{\"@type\":\"EntryPoint\",\"urlTemplate\":\"https:\\\/\\\/qtmm.org\\\/qt\\\/?s={search_term_string}\"},\"query-input\":{\"@type\":\"PropertyValueSpecification\",\"valueRequired\":true,\"valueName\":\"search_term_string\"}}],\"inLanguage\":\"qt\"},{\"@type\":\"Organization\",\"@id\":\"https:\\\/\\\/qtmm.org\\\/qt\\\/#organization\",\"name\":\"\u041c\u0435\u0434\u0436\u043b\u0456\u0441\",\"url\":\"https:\\\/\\\/qtmm.org\\\/qt\\\/\",\"logo\":{\"@type\":\"ImageObject\",\"inLanguage\":\"qt\",\"@id\":\"https:\\\/\\\/qtmm.org\\\/qt\\\/#\\\/schema\\\/logo\\\/image\\\/\",\"url\":\"https:\\\/\\\/qtmm.org\\\/wp-content\\\/uploads\\\/2024\\\/12\\\/ua-mejlis-logo-rgb.svg\",\"contentUrl\":\"https:\\\/\\\/qtmm.org\\\/wp-content\\\/uploads\\\/2024\\\/12\\\/ua-mejlis-logo-rgb.svg\",\"caption\":\"\u041c\u0435\u0434\u0436\u043b\u0456\u0441\"},\"image\":{\"@id\":\"https:\\\/\\\/qtmm.org\\\/qt\\\/#\\\/schema\\\/logo\\\/image\\\/\"},\"sameAs\":[\"https:\\\/\\\/www.facebook.com\\\/qtmm.info\\\/\"]},{\"@type\":\"Person\",\"@id\":\"https:\\\/\\\/qtmm.org\\\/qt\\\/#\\\/schema\\\/person\\\/de562469f971dec226ac06e60bbf74a7\",\"name\":\"Developer\",\"image\":{\"@type\":\"ImageObject\",\"inLanguage\":\"qt\",\"@id\":\"https:\\\/\\\/secure.gravatar.com\\\/avatar\\\/392b4cc8fbfeb00b39dfeeab4ee6edded39ffd48e25858637e4765810300227e?s=96&d=mm&r=g\",\"url\":\"https:\\\/\\\/secure.gravatar.com\\\/avatar\\\/392b4cc8fbfeb00b39dfeeab4ee6edded39ffd48e25858637e4765810300227e?s=96&d=mm&r=g\",\"contentUrl\":\"https:\\\/\\\/secure.gravatar.com\\\/avatar\\\/392b4cc8fbfeb00b39dfeeab4ee6edded39ffd48e25858637e4765810300227e?s=96&d=mm&r=g\",\"caption\":\"Developer\"},\"url\":\"https:\\\/\\\/qtmm.org\\\/qt\\\/author\\\/Developer\\\/\"}]}<\/script>\n<!-- \/ Yoast SEO plugin. -->","yoast_head_json":{"title":"Q\u0131r\u0131mtatar halq\u0131n\u0131\u00f1 Meclisi semetde\u015flerimizge birlikte b\u00fct\u00fcn zarur \u00e7are-tedbirler k\u00f6r\u00fclip, cinayet\u00e7iler Ukraina qanunlar\u0131na muvaf\u0131q cezaland\u0131r\u0131lacaqlar\u0131n\u0131 i\u015fand\u0131ra - \u041c\u0435\u0434\u0436\u043b\u0456\u0441","robots":{"index":"index","follow":"follow","max-snippet":"max-snippet:-1","max-image-preview":"max-image-preview:large","max-video-preview":"max-video-preview:-1"},"canonical":"https:\/\/qtmm.org\/qt\/qirimtatar-halqinin-meclisi-semetdeslerimizge-birlikte-butun-zarur-care-tedbirler-korulip-cinayetciler-ukraina-qanunlarina-muvafiq-cezalandirilacaqlarini-isandira\/","og_locale":"en_US","og_type":"article","og_title":"Q\u0131r\u0131mtatar halq\u0131n\u0131\u00f1 Meclisi semetde\u015flerimizge birlikte b\u00fct\u00fcn zarur \u00e7are-tedbirler k\u00f6r\u00fclip, cinayet\u00e7iler Ukraina qanunlar\u0131na muvaf\u0131q cezaland\u0131r\u0131lacaqlar\u0131n\u0131 i\u015fand\u0131ra - \u041c\u0435\u0434\u0436\u043b\u0456\u0441","og_description":"M\u0130LL\u0130Y MECL\u0130S BEYANATI Sent\u00e2br 2-den 3-ne ke\u00e7er gecesi Aqmescit rayon\u0131n\u0131\u00f1 Qul\u00e7uq k\u00f6y\u00fcnde&nbsp; so\u00f1undan belgilengen \u015fahs\u0131lar taraf\u0131ndan yap\u0131l\u011fan cinayet aqibetinde&nbsp; 19 ya\u015fl\u0131 Emil \u011eaniyev \u00f6ld\u00fcrildi. Qatiller bun\u0131\u00f1 kibi de&nbsp; daa d\u00f6rt semetde\u015fimizni p\u0131\u00e7aqnen yaralad\u0131lar, bulardan ekisi Vitaliy Velil\u00e2yev ve&nbsp; Asan \u00dcseinovn\u0131\u00f1 al\u0131 a\u011f\u0131r.&nbsp; Sent\u00e2br 3 k\u00fcn\u00fc sabadan&nbsp; Emil \u011eaniyev, Vitaliy Velil\u00e2yev, Asan \u00dcseinov, Seyran Maqsutov ve [&hellip;]","og_url":"https:\/\/qtmm.org\/qt\/qirimtatar-halqinin-meclisi-semetdeslerimizge-birlikte-butun-zarur-care-tedbirler-korulip-cinayetciler-ukraina-qanunlarina-muvafiq-cezalandirilacaqlarini-isandira\/","og_site_name":"\u041c\u0435\u0434\u0436\u043b\u0456\u0441","article_publisher":"https:\/\/www.facebook.com\/qtmm.info\/","article_published_time":"2011-09-06T11:48:00+00:00","article_modified_time":"2022-01-19T11:48:38+00:00","author":"Developer","twitter_card":"summary_large_image","twitter_misc":{"Written by":"Developer","Est. reading time":"2 minutes"},"schema":{"@context":"https:\/\/schema.org","@graph":[{"@type":"Article","@id":"https:\/\/qtmm.org\/qt\/qirimtatar-halqinin-meclisi-semetdeslerimizge-birlikte-butun-zarur-care-tedbirler-korulip-cinayetciler-ukraina-qanunlarina-muvafiq-cezalandirilacaqlarini-isandira\/#article","isPartOf":{"@id":"https:\/\/qtmm.org\/qt\/qirimtatar-halqinin-meclisi-semetdeslerimizge-birlikte-butun-zarur-care-tedbirler-korulip-cinayetciler-ukraina-qanunlarina-muvafiq-cezalandirilacaqlarini-isandira\/"},"author":{"name":"Developer","@id":"https:\/\/qtmm.org\/qt\/#\/schema\/person\/de562469f971dec226ac06e60bbf74a7"},"headline":"Q\u0131r\u0131mtatar halq\u0131n\u0131\u00f1 Meclisi semetde\u015flerimizge birlikte b\u00fct\u00fcn zarur \u00e7are-tedbirler k\u00f6r\u00fclip, cinayet\u00e7iler Ukraina qanunlar\u0131na muvaf\u0131q cezaland\u0131r\u0131lacaqlar\u0131n\u0131 i\u015fand\u0131ra","datePublished":"2011-09-06T11:48:00+00:00","dateModified":"2022-01-19T11:48:38+00:00","mainEntityOfPage":{"@id":"https:\/\/qtmm.org\/qt\/qirimtatar-halqinin-meclisi-semetdeslerimizge-birlikte-butun-zarur-care-tedbirler-korulip-cinayetciler-ukraina-qanunlarina-muvafiq-cezalandirilacaqlarini-isandira\/"},"wordCount":388,"commentCount":0,"publisher":{"@id":"https:\/\/qtmm.org\/qt\/#organization"},"articleSection":["Haberler"],"inLanguage":"qt","potentialAction":[{"@type":"CommentAction","name":"Comment","target":["https:\/\/qtmm.org\/qt\/qirimtatar-halqinin-meclisi-semetdeslerimizge-birlikte-butun-zarur-care-tedbirler-korulip-cinayetciler-ukraina-qanunlarina-muvafiq-cezalandirilacaqlarini-isandira\/#respond"]}]},{"@type":"WebPage","@id":"https:\/\/qtmm.org\/qt\/qirimtatar-halqinin-meclisi-semetdeslerimizge-birlikte-butun-zarur-care-tedbirler-korulip-cinayetciler-ukraina-qanunlarina-muvafiq-cezalandirilacaqlarini-isandira\/","url":"https:\/\/qtmm.org\/qt\/qirimtatar-halqinin-meclisi-semetdeslerimizge-birlikte-butun-zarur-care-tedbirler-korulip-cinayetciler-ukraina-qanunlarina-muvafiq-cezalandirilacaqlarini-isandira\/","name":"Q\u0131r\u0131mtatar halq\u0131n\u0131\u00f1 Meclisi semetde\u015flerimizge birlikte b\u00fct\u00fcn zarur \u00e7are-tedbirler k\u00f6r\u00fclip, cinayet\u00e7iler Ukraina qanunlar\u0131na muvaf\u0131q cezaland\u0131r\u0131lacaqlar\u0131n\u0131 i\u015fand\u0131ra - \u041c\u0435\u0434\u0436\u043b\u0456\u0441","isPartOf":{"@id":"https:\/\/qtmm.org\/qt\/#website"},"datePublished":"2011-09-06T11:48:00+00:00","dateModified":"2022-01-19T11:48:38+00:00","breadcrumb":{"@id":"https:\/\/qtmm.org\/qt\/qirimtatar-halqinin-meclisi-semetdeslerimizge-birlikte-butun-zarur-care-tedbirler-korulip-cinayetciler-ukraina-qanunlarina-muvafiq-cezalandirilacaqlarini-isandira\/#breadcrumb"},"inLanguage":"qt","potentialAction":[{"@type":"ReadAction","target":["https:\/\/qtmm.org\/qt\/qirimtatar-halqinin-meclisi-semetdeslerimizge-birlikte-butun-zarur-care-tedbirler-korulip-cinayetciler-ukraina-qanunlarina-muvafiq-cezalandirilacaqlarini-isandira\/"]}]},{"@type":"BreadcrumbList","@id":"https:\/\/qtmm.org\/qt\/qirimtatar-halqinin-meclisi-semetdeslerimizge-birlikte-butun-zarur-care-tedbirler-korulip-cinayetciler-ukraina-qanunlarina-muvafiq-cezalandirilacaqlarini-isandira\/#breadcrumb","itemListElement":[{"@type":"ListItem","position":1,"name":"\u0413\u043e\u043b\u043e\u0432\u043d\u0430","item":"https:\/\/qtmm.org\/qt\/"},{"@type":"ListItem","position":2,"name":"Q\u0131r\u0131mtatar halq\u0131n\u0131\u00f1 Meclisi semetde\u015flerimizge birlikte b\u00fct\u00fcn zarur \u00e7are-tedbirler k\u00f6r\u00fclip, cinayet\u00e7iler Ukraina qanunlar\u0131na muvaf\u0131q cezaland\u0131r\u0131lacaqlar\u0131n\u0131 i\u015fand\u0131ra"}]},{"@type":"WebSite","@id":"https:\/\/qtmm.org\/qt\/#website","url":"https:\/\/qtmm.org\/qt\/","name":"\u041c\u0435\u0434\u0436\u043b\u0456\u0441","description":"","publisher":{"@id":"https:\/\/qtmm.org\/qt\/#organization"},"potentialAction":[{"@type":"SearchAction","target":{"@type":"EntryPoint","urlTemplate":"https:\/\/qtmm.org\/qt\/?s={search_term_string}"},"query-input":{"@type":"PropertyValueSpecification","valueRequired":true,"valueName":"search_term_string"}}],"inLanguage":"qt"},{"@type":"Organization","@id":"https:\/\/qtmm.org\/qt\/#organization","name":"\u041c\u0435\u0434\u0436\u043b\u0456\u0441","url":"https:\/\/qtmm.org\/qt\/","logo":{"@type":"ImageObject","inLanguage":"qt","@id":"https:\/\/qtmm.org\/qt\/#\/schema\/logo\/image\/","url":"https:\/\/qtmm.org\/wp-content\/uploads\/2024\/12\/ua-mejlis-logo-rgb.svg","contentUrl":"https:\/\/qtmm.org\/wp-content\/uploads\/2024\/12\/ua-mejlis-logo-rgb.svg","caption":"\u041c\u0435\u0434\u0436\u043b\u0456\u0441"},"image":{"@id":"https:\/\/qtmm.org\/qt\/#\/schema\/logo\/image\/"},"sameAs":["https:\/\/www.facebook.com\/qtmm.info\/"]},{"@type":"Person","@id":"https:\/\/qtmm.org\/qt\/#\/schema\/person\/de562469f971dec226ac06e60bbf74a7","name":"Developer","image":{"@type":"ImageObject","inLanguage":"qt","@id":"https:\/\/secure.gravatar.com\/avatar\/392b4cc8fbfeb00b39dfeeab4ee6edded39ffd48e25858637e4765810300227e?s=96&d=mm&r=g","url":"https:\/\/secure.gravatar.com\/avatar\/392b4cc8fbfeb00b39dfeeab4ee6edded39ffd48e25858637e4765810300227e?s=96&d=mm&r=g","contentUrl":"https:\/\/secure.gravatar.com\/avatar\/392b4cc8fbfeb00b39dfeeab4ee6edded39ffd48e25858637e4765810300227e?s=96&d=mm&r=g","caption":"Developer"},"url":"https:\/\/qtmm.org\/qt\/author\/Developer\/"}]}},"_links":{"self":[{"href":"https:\/\/qtmm.org\/qt\/wp-json\/wp\/v2\/posts\/25786","targetHints":{"allow":["GET"]}}],"collection":[{"href":"https:\/\/qtmm.org\/qt\/wp-json\/wp\/v2\/posts"}],"about":[{"href":"https:\/\/qtmm.org\/qt\/wp-json\/wp\/v2\/types\/post"}],"author":[{"embeddable":true,"href":"https:\/\/qtmm.org\/qt\/wp-json\/wp\/v2\/users\/1"}],"replies":[{"embeddable":true,"href":"https:\/\/qtmm.org\/qt\/wp-json\/wp\/v2\/comments?post=25786"}],"version-history":[{"count":1,"href":"https:\/\/qtmm.org\/qt\/wp-json\/wp\/v2\/posts\/25786\/revisions"}],"predecessor-version":[{"id":25787,"href":"https:\/\/qtmm.org\/qt\/wp-json\/wp\/v2\/posts\/25786\/revisions\/25787"}],"wp:attachment":[{"href":"https:\/\/qtmm.org\/qt\/wp-json\/wp\/v2\/media?parent=25786"}],"wp:term":[{"taxonomy":"category","embeddable":true,"href":"https:\/\/qtmm.org\/qt\/wp-json\/wp\/v2\/categories?post=25786"},{"taxonomy":"post_tag","embeddable":true,"href":"https:\/\/qtmm.org\/qt\/wp-json\/wp\/v2\/tags?post=25786"}],"curies":[{"name":"wp","href":"https:\/\/api.w.org\/{rel}","templated":true}]}}