




{"id":25754,"date":"2011-09-02T14:44:00","date_gmt":"2011-09-02T11:44:00","guid":{"rendered":"http:\/\/qtmm.org\/?p=25754"},"modified":"2022-01-19T14:47:00","modified_gmt":"2022-01-19T11:47:00","slug":"meclis-reisi-mustafa-cemilev-mamut-sultan-qasabasinin-sakinlerini-oraza-bayraminen-hayirladi","status":"publish","type":"post","link":"https:\/\/qtmm.org\/qt\/meclis-reisi-mustafa-cemilev-mamut-sultan-qasabasinin-sakinlerini-oraza-bayraminen-hayirladi\/","title":{"rendered":"Meclis reisi Mustafa Cemilev Mamut Sultan qasabas\u0131n\u0131\u00f1 sakinlerini Oraza bayram\u0131nen hay\u0131rlad\u0131"},"content":{"rendered":"\n<p>2011 senesi sent\u00e2br 2 k\u00fcn\u00fc\u00a0 Aqmescit rayon\u0131 Mamut Sultan qasabas\u0131n\u0131\u00f1 sakinleri mubarek Ramazan ay\u0131 bitkenini temsil etken Oraza bayram\u0131n\u0131 qayd ettiler. Bayramn\u0131\u00a0 Mamut Sultan vadiysini\u00f1 yerli meclisi, k\u00f6y \u015euras\u0131, &#8220;Q\u0131r\u0131m&#8221; hayriye fond\u0131 ve bun\u0131\u00f1 kibi de qasaban\u0131\u00f1 i\u015f adamlar\u0131 te\u015fkil ettiler.\u00a0<\/p>\n\n\n\n<p>\u00d6z taraf\u0131ndan Mamut Sultan qasabas\u0131n\u0131\u00f1 icadiy kollektivlerini\u00f1 ve yerli mektep em de balalar ba\u011f\u00e7as\u0131nda terbiye al\u011fan istidatl\u0131 balalarn\u0131\u00f1 \u00e7\u0131q\u0131\u015flar\u0131 seyircilerge unut\u0131lmaz quvan\u00e7l\u0131 daqqalarn\u0131 ba\u011f\u0131\u015flad\u0131lar.<\/p>\n\n\n\n<figure class=\"wp-block-image size-large\"><img loading=\"lazy\" decoding=\"async\" width=\"1024\" height=\"768\" src=\"http:\/\/qtmm.org\/wp-content\/uploads\/2022\/01\/img_9131-1-1024x768.jpeg\" alt=\"\" class=\"wp-image-25759\" srcset=\"https:\/\/qtmm.org\/wp-content\/uploads\/2022\/01\/img_9131-1-1024x768.jpeg 1024w, https:\/\/qtmm.org\/wp-content\/uploads\/2022\/01\/img_9131-1-300x225.jpeg 300w, https:\/\/qtmm.org\/wp-content\/uploads\/2022\/01\/img_9131-1-768x576.jpeg 768w, https:\/\/qtmm.org\/wp-content\/uploads\/2022\/01\/img_9131-1-1536x1152.jpeg 1536w, https:\/\/qtmm.org\/wp-content\/uploads\/2022\/01\/img_9131-1-2048x1536.jpeg 2048w\" sizes=\"auto, (max-width: 1024px) 100vw, 1024px\" \/><\/figure>\n\n\n\n<p>Meclis reisi Mustafa Cemilev\u00a0 Mamut Sultan qasabas\u0131n\u0131\u00f1 sakinlerini Oraza bayram\u0131nen hay\u0131rlap,\u00a0 olar\u011fa qaviy sa\u011fl\u0131q, aqiqiy vatanperver ve milletperver olmalar\u0131n\u0131 tiledi. Mustafa Cemilev ve &#8220;Q\u0131r\u0131m&#8221; hayriye fond\u0131n\u0131\u00f1 ba\u015f direktor\u0131\u00a0 Riza \u015eevqiyev qasabadaki\u00a0 &#8220;Vasil\u00f6k&#8221;\u00a0 balalar ba\u011f\u00e7as\u0131n\u0131\u00f1 q\u0131r\u0131mtatar gruppalar\u0131na bayram te\u015fkil\u00e2t\u00e7\u0131lar\u0131 ad\u0131ndan televizor ba\u011f\u0131\u015flad\u0131.\u00a0<\/p>\n\n\n\n<figure class=\"wp-block-image size-full\"><img loading=\"lazy\" decoding=\"async\" width=\"750\" height=\"562\" src=\"http:\/\/qtmm.org\/wp-content\/uploads\/2022\/01\/img_9142-1.jpeg\" alt=\"\" class=\"wp-image-25763\" srcset=\"https:\/\/qtmm.org\/wp-content\/uploads\/2022\/01\/img_9142-1.jpeg 750w, https:\/\/qtmm.org\/wp-content\/uploads\/2022\/01\/img_9142-1-300x225.jpeg 300w\" sizes=\"auto, (max-width: 750px) 100vw, 750px\" \/><\/figure>\n\n\n\n<p>\u015eun\u0131 da ayr\u0131ca qatsd etmeli ki, bu sene mezk\u00fcr ba\u011f\u00e7ada daa bir gruppa a\u00e7\u0131l\u0131p, 32 bala, Mamut Sultan mektep gimnaziyas\u0131n\u0131\u00f1 birinci s\u0131n\u0131f\u0131na ise 23 q\u0131r\u0131mtatar talebe qabul etildi.<\/p>\n\n\n\n<p>Qasaba sakinlerini bun\u0131\u00f1 kibi &#8220;Q\u0131r\u0131m&#8221; hayriye fond\u0131n\u0131\u00f1 ba\u015f direktor\u0131\u00a0 Riza \u015eevqiyev, Dobroye k\u00f6y \u015furas\u0131n\u0131\u00f1 reisi\u00a0 \u0130gor Budanov ve yerli meclis reisi\u00a0 Server Seytumerov samimiy hay\u0131rlap,\u00a0 sa\u011fl\u0131q-amanl\u0131q tilediler. Bayramda Daniyadan Q\u0131r\u0131m\u011fa mahsus q\u0131r\u0131mtatar halq\u0131\u00a0 ve uquqqoruy\u0131c\u0131, Meclis reisi Mustafa Cemilev aqq\u0131nda kitap az\u0131rlamaq i\u00e7\u00fcn kelgen jurnalist Ota Tifenb\u00f6k de bulund\u0131.<\/p>\n\n\n\n<figure class=\"wp-block-gallery columns-2 is-cropped wp-block-gallery-1 is-layout-flex wp-block-gallery-is-layout-flex\"><ul class=\"blocks-gallery-grid\"><li class=\"blocks-gallery-item\"><figure><a href=\"http:\/\/qtmm.org\/wp-content\/uploads\/2022\/01\/img_9141-1.jpeg\"><img loading=\"lazy\" decoding=\"async\" width=\"750\" height=\"562\" src=\"http:\/\/qtmm.org\/wp-content\/uploads\/2022\/01\/img_9141-1.jpeg\" alt=\"\" data-id=\"25767\" data-full-url=\"http:\/\/qtmm.org\/wp-content\/uploads\/2022\/01\/img_9141-1.jpeg\" data-link=\"http:\/\/qtmm.org\/qt\/?attachment_id=25767\" class=\"wp-image-25767\" srcset=\"https:\/\/qtmm.org\/wp-content\/uploads\/2022\/01\/img_9141-1.jpeg 750w, https:\/\/qtmm.org\/wp-content\/uploads\/2022\/01\/img_9141-1-300x225.jpeg 300w\" sizes=\"auto, (max-width: 750px) 100vw, 750px\" \/><\/a><\/figure><\/li><li class=\"blocks-gallery-item\"><figure><a href=\"http:\/\/qtmm.org\/wp-content\/uploads\/2022\/01\/img_9142-2.jpeg\"><img loading=\"lazy\" decoding=\"async\" width=\"750\" height=\"562\" src=\"http:\/\/qtmm.org\/wp-content\/uploads\/2022\/01\/img_9142-2.jpeg\" alt=\"\" data-id=\"25771\" data-full-url=\"http:\/\/qtmm.org\/wp-content\/uploads\/2022\/01\/img_9142-2.jpeg\" data-link=\"http:\/\/qtmm.org\/qt\/?attachment_id=25771\" class=\"wp-image-25771\" srcset=\"https:\/\/qtmm.org\/wp-content\/uploads\/2022\/01\/img_9142-2.jpeg 750w, https:\/\/qtmm.org\/wp-content\/uploads\/2022\/01\/img_9142-2-300x225.jpeg 300w\" sizes=\"auto, (max-width: 750px) 100vw, 750px\" \/><\/a><\/figure><\/li><li class=\"blocks-gallery-item\"><figure><a href=\"http:\/\/qtmm.org\/wp-content\/uploads\/2022\/01\/img_9151-1.jpeg\"><img loading=\"lazy\" decoding=\"async\" width=\"750\" height=\"562\" src=\"http:\/\/qtmm.org\/wp-content\/uploads\/2022\/01\/img_9151-1.jpeg\" alt=\"\" data-id=\"25775\" data-full-url=\"http:\/\/qtmm.org\/wp-content\/uploads\/2022\/01\/img_9151-1.jpeg\" data-link=\"http:\/\/qtmm.org\/qt\/?attachment_id=25775\" class=\"wp-image-25775\" srcset=\"https:\/\/qtmm.org\/wp-content\/uploads\/2022\/01\/img_9151-1.jpeg 750w, https:\/\/qtmm.org\/wp-content\/uploads\/2022\/01\/img_9151-1-300x225.jpeg 300w\" sizes=\"auto, (max-width: 750px) 100vw, 750px\" \/><\/a><\/figure><\/li><li class=\"blocks-gallery-item\"><figure><a href=\"http:\/\/qtmm.org\/wp-content\/uploads\/2022\/01\/img_9155-1.jpeg\"><img loading=\"lazy\" decoding=\"async\" width=\"704\" height=\"528\" src=\"http:\/\/qtmm.org\/wp-content\/uploads\/2022\/01\/img_9155-1.jpeg\" alt=\"\" data-id=\"25779\" data-full-url=\"http:\/\/qtmm.org\/wp-content\/uploads\/2022\/01\/img_9155-1.jpeg\" data-link=\"http:\/\/qtmm.org\/qt\/?attachment_id=25779\" class=\"wp-image-25779\" srcset=\"https:\/\/qtmm.org\/wp-content\/uploads\/2022\/01\/img_9155-1.jpeg 704w, https:\/\/qtmm.org\/wp-content\/uploads\/2022\/01\/img_9155-1-300x225.jpeg 300w\" sizes=\"auto, (max-width: 704px) 100vw, 704px\" \/><\/a><\/figure><\/li><\/ul><\/figure>\n","protected":false},"excerpt":{"rendered":"<p>2011 senesi sent\u00e2br 2 k\u00fcn\u00fc\u00a0 Aqmescit rayon\u0131 Mamut Sultan qasabas\u0131n\u0131\u00f1 sakinleri mubarek Ramazan ay\u0131 bitkenini temsil etken Oraza bayram\u0131n\u0131 qayd ettiler. Bayramn\u0131\u00a0 Mamut Sultan vadiysini\u00f1 yerli meclisi, k\u00f6y \u015euras\u0131, &#8220;Q\u0131r\u0131m&#8221; hayriye fond\u0131 ve bun\u0131\u00f1 kibi de qasaban\u0131\u00f1 i\u015f adamlar\u0131 te\u015fkil ettiler.\u00a0 \u00d6z taraf\u0131ndan Mamut Sultan qasabas\u0131n\u0131\u00f1 icadiy kollektivlerini\u00f1 ve yerli mektep em de balalar ba\u011f\u00e7as\u0131nda [&hellip;]<\/p>\n","protected":false},"author":1,"featured_media":25755,"comment_status":"open","ping_status":"open","sticky":false,"template":"","format":"standard","meta":{"inline_featured_image":false,"footnotes":""},"categories":[265],"tags":[],"class_list":["post-25754","post","type-post","status-publish","format-standard","has-post-thumbnail","hentry","category-haberler"],"acf":[],"yoast_head":"<!-- This site is optimized with the Yoast SEO plugin v27.4 - https:\/\/yoast.com\/product\/yoast-seo-wordpress\/ -->\n<title>Meclis reisi Mustafa Cemilev Mamut Sultan qasabas\u0131n\u0131\u00f1 sakinlerini Oraza bayram\u0131nen hay\u0131rlad\u0131 - \u041c\u0435\u0434\u0436\u043b\u0456\u0441<\/title>\n<meta name=\"robots\" content=\"index, follow, max-snippet:-1, max-image-preview:large, max-video-preview:-1\" \/>\n<link rel=\"canonical\" href=\"https:\/\/qtmm.org\/qt\/meclis-reisi-mustafa-cemilev-mamut-sultan-qasabasinin-sakinlerini-oraza-bayraminen-hayirladi\/\" \/>\n<meta property=\"og:locale\" content=\"en_US\" \/>\n<meta property=\"og:type\" content=\"article\" \/>\n<meta property=\"og:title\" content=\"Meclis reisi Mustafa Cemilev Mamut Sultan qasabas\u0131n\u0131\u00f1 sakinlerini Oraza bayram\u0131nen hay\u0131rlad\u0131 - \u041c\u0435\u0434\u0436\u043b\u0456\u0441\" \/>\n<meta property=\"og:description\" content=\"2011 senesi sent\u00e2br 2 k\u00fcn\u00fc\u00a0 Aqmescit rayon\u0131 Mamut Sultan qasabas\u0131n\u0131\u00f1 sakinleri mubarek Ramazan ay\u0131 bitkenini temsil etken Oraza bayram\u0131n\u0131 qayd ettiler. Bayramn\u0131\u00a0 Mamut Sultan vadiysini\u00f1 yerli meclisi, k\u00f6y \u015euras\u0131, &#8220;Q\u0131r\u0131m&#8221; hayriye fond\u0131 ve bun\u0131\u00f1 kibi de qasaban\u0131\u00f1 i\u015f adamlar\u0131 te\u015fkil ettiler.\u00a0 \u00d6z taraf\u0131ndan Mamut Sultan qasabas\u0131n\u0131\u00f1 icadiy kollektivlerini\u00f1 ve yerli mektep em de balalar ba\u011f\u00e7as\u0131nda [&hellip;]\" \/>\n<meta property=\"og:url\" content=\"https:\/\/qtmm.org\/qt\/meclis-reisi-mustafa-cemilev-mamut-sultan-qasabasinin-sakinlerini-oraza-bayraminen-hayirladi\/\" \/>\n<meta property=\"og:site_name\" content=\"\u041c\u0435\u0434\u0436\u043b\u0456\u0441\" \/>\n<meta property=\"article:publisher\" content=\"https:\/\/www.facebook.com\/qtmm.info\/\" \/>\n<meta property=\"article:published_time\" content=\"2011-09-02T11:44:00+00:00\" \/>\n<meta property=\"article:modified_time\" content=\"2022-01-19T11:47:00+00:00\" \/>\n<meta property=\"og:image\" content=\"https:\/\/qtmm.org\/wp-content\/uploads\/2022\/01\/img_9129-1.jpeg\" \/>\n\t<meta property=\"og:image:width\" content=\"772\" \/>\n\t<meta property=\"og:image:height\" content=\"579\" \/>\n\t<meta property=\"og:image:type\" content=\"image\/jpeg\" \/>\n<meta name=\"author\" content=\"Developer\" \/>\n<meta name=\"twitter:card\" content=\"summary_large_image\" \/>\n<meta name=\"twitter:label1\" content=\"Written by\" \/>\n\t<meta name=\"twitter:data1\" content=\"Developer\" \/>\n\t<meta name=\"twitter:label2\" content=\"Est. reading time\" \/>\n\t<meta name=\"twitter:data2\" content=\"1 minute\" \/>\n<script type=\"application\/ld+json\" class=\"yoast-schema-graph\">{\"@context\":\"https:\\\/\\\/schema.org\",\"@graph\":[{\"@type\":\"Article\",\"@id\":\"https:\\\/\\\/qtmm.org\\\/qt\\\/meclis-reisi-mustafa-cemilev-mamut-sultan-qasabasinin-sakinlerini-oraza-bayraminen-hayirladi\\\/#article\",\"isPartOf\":{\"@id\":\"https:\\\/\\\/qtmm.org\\\/qt\\\/meclis-reisi-mustafa-cemilev-mamut-sultan-qasabasinin-sakinlerini-oraza-bayraminen-hayirladi\\\/\"},\"author\":{\"name\":\"Developer\",\"@id\":\"https:\\\/\\\/qtmm.org\\\/qt\\\/#\\\/schema\\\/person\\\/de562469f971dec226ac06e60bbf74a7\"},\"headline\":\"Meclis reisi Mustafa Cemilev Mamut Sultan qasabas\u0131n\u0131\u00f1 sakinlerini Oraza bayram\u0131nen hay\u0131rlad\u0131\",\"datePublished\":\"2011-09-02T11:44:00+00:00\",\"dateModified\":\"2022-01-19T11:47:00+00:00\",\"mainEntityOfPage\":{\"@id\":\"https:\\\/\\\/qtmm.org\\\/qt\\\/meclis-reisi-mustafa-cemilev-mamut-sultan-qasabasinin-sakinlerini-oraza-bayraminen-hayirladi\\\/\"},\"wordCount\":262,\"commentCount\":0,\"publisher\":{\"@id\":\"https:\\\/\\\/qtmm.org\\\/qt\\\/#organization\"},\"image\":{\"@id\":\"https:\\\/\\\/qtmm.org\\\/qt\\\/meclis-reisi-mustafa-cemilev-mamut-sultan-qasabasinin-sakinlerini-oraza-bayraminen-hayirladi\\\/#primaryimage\"},\"thumbnailUrl\":\"https:\\\/\\\/qtmm.org\\\/wp-content\\\/uploads\\\/2022\\\/01\\\/img_9129-1.jpeg\",\"articleSection\":[\"Haberler\"],\"inLanguage\":\"qt\",\"potentialAction\":[{\"@type\":\"CommentAction\",\"name\":\"Comment\",\"target\":[\"https:\\\/\\\/qtmm.org\\\/qt\\\/meclis-reisi-mustafa-cemilev-mamut-sultan-qasabasinin-sakinlerini-oraza-bayraminen-hayirladi\\\/#respond\"]}]},{\"@type\":\"WebPage\",\"@id\":\"https:\\\/\\\/qtmm.org\\\/qt\\\/meclis-reisi-mustafa-cemilev-mamut-sultan-qasabasinin-sakinlerini-oraza-bayraminen-hayirladi\\\/\",\"url\":\"https:\\\/\\\/qtmm.org\\\/qt\\\/meclis-reisi-mustafa-cemilev-mamut-sultan-qasabasinin-sakinlerini-oraza-bayraminen-hayirladi\\\/\",\"name\":\"Meclis reisi Mustafa Cemilev Mamut Sultan qasabas\u0131n\u0131\u00f1 sakinlerini Oraza bayram\u0131nen hay\u0131rlad\u0131 - \u041c\u0435\u0434\u0436\u043b\u0456\u0441\",\"isPartOf\":{\"@id\":\"https:\\\/\\\/qtmm.org\\\/qt\\\/#website\"},\"primaryImageOfPage\":{\"@id\":\"https:\\\/\\\/qtmm.org\\\/qt\\\/meclis-reisi-mustafa-cemilev-mamut-sultan-qasabasinin-sakinlerini-oraza-bayraminen-hayirladi\\\/#primaryimage\"},\"image\":{\"@id\":\"https:\\\/\\\/qtmm.org\\\/qt\\\/meclis-reisi-mustafa-cemilev-mamut-sultan-qasabasinin-sakinlerini-oraza-bayraminen-hayirladi\\\/#primaryimage\"},\"thumbnailUrl\":\"https:\\\/\\\/qtmm.org\\\/wp-content\\\/uploads\\\/2022\\\/01\\\/img_9129-1.jpeg\",\"datePublished\":\"2011-09-02T11:44:00+00:00\",\"dateModified\":\"2022-01-19T11:47:00+00:00\",\"breadcrumb\":{\"@id\":\"https:\\\/\\\/qtmm.org\\\/qt\\\/meclis-reisi-mustafa-cemilev-mamut-sultan-qasabasinin-sakinlerini-oraza-bayraminen-hayirladi\\\/#breadcrumb\"},\"inLanguage\":\"qt\",\"potentialAction\":[{\"@type\":\"ReadAction\",\"target\":[\"https:\\\/\\\/qtmm.org\\\/qt\\\/meclis-reisi-mustafa-cemilev-mamut-sultan-qasabasinin-sakinlerini-oraza-bayraminen-hayirladi\\\/\"]}]},{\"@type\":\"ImageObject\",\"inLanguage\":\"qt\",\"@id\":\"https:\\\/\\\/qtmm.org\\\/qt\\\/meclis-reisi-mustafa-cemilev-mamut-sultan-qasabasinin-sakinlerini-oraza-bayraminen-hayirladi\\\/#primaryimage\",\"url\":\"https:\\\/\\\/qtmm.org\\\/wp-content\\\/uploads\\\/2022\\\/01\\\/img_9129-1.jpeg\",\"contentUrl\":\"https:\\\/\\\/qtmm.org\\\/wp-content\\\/uploads\\\/2022\\\/01\\\/img_9129-1.jpeg\",\"width\":772,\"height\":579},{\"@type\":\"BreadcrumbList\",\"@id\":\"https:\\\/\\\/qtmm.org\\\/qt\\\/meclis-reisi-mustafa-cemilev-mamut-sultan-qasabasinin-sakinlerini-oraza-bayraminen-hayirladi\\\/#breadcrumb\",\"itemListElement\":[{\"@type\":\"ListItem\",\"position\":1,\"name\":\"\u0413\u043e\u043b\u043e\u0432\u043d\u0430\",\"item\":\"https:\\\/\\\/qtmm.org\\\/qt\\\/\"},{\"@type\":\"ListItem\",\"position\":2,\"name\":\"Meclis reisi Mustafa Cemilev Mamut Sultan qasabas\u0131n\u0131\u00f1 sakinlerini Oraza bayram\u0131nen hay\u0131rlad\u0131\"}]},{\"@type\":\"WebSite\",\"@id\":\"https:\\\/\\\/qtmm.org\\\/qt\\\/#website\",\"url\":\"https:\\\/\\\/qtmm.org\\\/qt\\\/\",\"name\":\"\u041c\u0435\u0434\u0436\u043b\u0456\u0441\",\"description\":\"\",\"publisher\":{\"@id\":\"https:\\\/\\\/qtmm.org\\\/qt\\\/#organization\"},\"potentialAction\":[{\"@type\":\"SearchAction\",\"target\":{\"@type\":\"EntryPoint\",\"urlTemplate\":\"https:\\\/\\\/qtmm.org\\\/qt\\\/?s={search_term_string}\"},\"query-input\":{\"@type\":\"PropertyValueSpecification\",\"valueRequired\":true,\"valueName\":\"search_term_string\"}}],\"inLanguage\":\"qt\"},{\"@type\":\"Organization\",\"@id\":\"https:\\\/\\\/qtmm.org\\\/qt\\\/#organization\",\"name\":\"\u041c\u0435\u0434\u0436\u043b\u0456\u0441\",\"url\":\"https:\\\/\\\/qtmm.org\\\/qt\\\/\",\"logo\":{\"@type\":\"ImageObject\",\"inLanguage\":\"qt\",\"@id\":\"https:\\\/\\\/qtmm.org\\\/qt\\\/#\\\/schema\\\/logo\\\/image\\\/\",\"url\":\"https:\\\/\\\/qtmm.org\\\/wp-content\\\/uploads\\\/2024\\\/12\\\/ua-mejlis-logo-rgb.svg\",\"contentUrl\":\"https:\\\/\\\/qtmm.org\\\/wp-content\\\/uploads\\\/2024\\\/12\\\/ua-mejlis-logo-rgb.svg\",\"caption\":\"\u041c\u0435\u0434\u0436\u043b\u0456\u0441\"},\"image\":{\"@id\":\"https:\\\/\\\/qtmm.org\\\/qt\\\/#\\\/schema\\\/logo\\\/image\\\/\"},\"sameAs\":[\"https:\\\/\\\/www.facebook.com\\\/qtmm.info\\\/\"]},{\"@type\":\"Person\",\"@id\":\"https:\\\/\\\/qtmm.org\\\/qt\\\/#\\\/schema\\\/person\\\/de562469f971dec226ac06e60bbf74a7\",\"name\":\"Developer\",\"image\":{\"@type\":\"ImageObject\",\"inLanguage\":\"qt\",\"@id\":\"https:\\\/\\\/secure.gravatar.com\\\/avatar\\\/392b4cc8fbfeb00b39dfeeab4ee6edded39ffd48e25858637e4765810300227e?s=96&d=mm&r=g\",\"url\":\"https:\\\/\\\/secure.gravatar.com\\\/avatar\\\/392b4cc8fbfeb00b39dfeeab4ee6edded39ffd48e25858637e4765810300227e?s=96&d=mm&r=g\",\"contentUrl\":\"https:\\\/\\\/secure.gravatar.com\\\/avatar\\\/392b4cc8fbfeb00b39dfeeab4ee6edded39ffd48e25858637e4765810300227e?s=96&d=mm&r=g\",\"caption\":\"Developer\"},\"url\":\"https:\\\/\\\/qtmm.org\\\/qt\\\/author\\\/Developer\\\/\"}]}<\/script>\n<!-- \/ Yoast SEO plugin. -->","yoast_head_json":{"title":"Meclis reisi Mustafa Cemilev Mamut Sultan qasabas\u0131n\u0131\u00f1 sakinlerini Oraza bayram\u0131nen hay\u0131rlad\u0131 - \u041c\u0435\u0434\u0436\u043b\u0456\u0441","robots":{"index":"index","follow":"follow","max-snippet":"max-snippet:-1","max-image-preview":"max-image-preview:large","max-video-preview":"max-video-preview:-1"},"canonical":"https:\/\/qtmm.org\/qt\/meclis-reisi-mustafa-cemilev-mamut-sultan-qasabasinin-sakinlerini-oraza-bayraminen-hayirladi\/","og_locale":"en_US","og_type":"article","og_title":"Meclis reisi Mustafa Cemilev Mamut Sultan qasabas\u0131n\u0131\u00f1 sakinlerini Oraza bayram\u0131nen hay\u0131rlad\u0131 - \u041c\u0435\u0434\u0436\u043b\u0456\u0441","og_description":"2011 senesi sent\u00e2br 2 k\u00fcn\u00fc\u00a0 Aqmescit rayon\u0131 Mamut Sultan qasabas\u0131n\u0131\u00f1 sakinleri mubarek Ramazan ay\u0131 bitkenini temsil etken Oraza bayram\u0131n\u0131 qayd ettiler. Bayramn\u0131\u00a0 Mamut Sultan vadiysini\u00f1 yerli meclisi, k\u00f6y \u015euras\u0131, &#8220;Q\u0131r\u0131m&#8221; hayriye fond\u0131 ve bun\u0131\u00f1 kibi de qasaban\u0131\u00f1 i\u015f adamlar\u0131 te\u015fkil ettiler.\u00a0 \u00d6z taraf\u0131ndan Mamut Sultan qasabas\u0131n\u0131\u00f1 icadiy kollektivlerini\u00f1 ve yerli mektep em de balalar ba\u011f\u00e7as\u0131nda [&hellip;]","og_url":"https:\/\/qtmm.org\/qt\/meclis-reisi-mustafa-cemilev-mamut-sultan-qasabasinin-sakinlerini-oraza-bayraminen-hayirladi\/","og_site_name":"\u041c\u0435\u0434\u0436\u043b\u0456\u0441","article_publisher":"https:\/\/www.facebook.com\/qtmm.info\/","article_published_time":"2011-09-02T11:44:00+00:00","article_modified_time":"2022-01-19T11:47:00+00:00","og_image":[{"width":772,"height":579,"url":"https:\/\/qtmm.org\/wp-content\/uploads\/2022\/01\/img_9129-1.jpeg","type":"image\/jpeg"}],"author":"Developer","twitter_card":"summary_large_image","twitter_misc":{"Written by":"Developer","Est. reading time":"1 minute"},"schema":{"@context":"https:\/\/schema.org","@graph":[{"@type":"Article","@id":"https:\/\/qtmm.org\/qt\/meclis-reisi-mustafa-cemilev-mamut-sultan-qasabasinin-sakinlerini-oraza-bayraminen-hayirladi\/#article","isPartOf":{"@id":"https:\/\/qtmm.org\/qt\/meclis-reisi-mustafa-cemilev-mamut-sultan-qasabasinin-sakinlerini-oraza-bayraminen-hayirladi\/"},"author":{"name":"Developer","@id":"https:\/\/qtmm.org\/qt\/#\/schema\/person\/de562469f971dec226ac06e60bbf74a7"},"headline":"Meclis reisi Mustafa Cemilev Mamut Sultan qasabas\u0131n\u0131\u00f1 sakinlerini Oraza bayram\u0131nen hay\u0131rlad\u0131","datePublished":"2011-09-02T11:44:00+00:00","dateModified":"2022-01-19T11:47:00+00:00","mainEntityOfPage":{"@id":"https:\/\/qtmm.org\/qt\/meclis-reisi-mustafa-cemilev-mamut-sultan-qasabasinin-sakinlerini-oraza-bayraminen-hayirladi\/"},"wordCount":262,"commentCount":0,"publisher":{"@id":"https:\/\/qtmm.org\/qt\/#organization"},"image":{"@id":"https:\/\/qtmm.org\/qt\/meclis-reisi-mustafa-cemilev-mamut-sultan-qasabasinin-sakinlerini-oraza-bayraminen-hayirladi\/#primaryimage"},"thumbnailUrl":"https:\/\/qtmm.org\/wp-content\/uploads\/2022\/01\/img_9129-1.jpeg","articleSection":["Haberler"],"inLanguage":"qt","potentialAction":[{"@type":"CommentAction","name":"Comment","target":["https:\/\/qtmm.org\/qt\/meclis-reisi-mustafa-cemilev-mamut-sultan-qasabasinin-sakinlerini-oraza-bayraminen-hayirladi\/#respond"]}]},{"@type":"WebPage","@id":"https:\/\/qtmm.org\/qt\/meclis-reisi-mustafa-cemilev-mamut-sultan-qasabasinin-sakinlerini-oraza-bayraminen-hayirladi\/","url":"https:\/\/qtmm.org\/qt\/meclis-reisi-mustafa-cemilev-mamut-sultan-qasabasinin-sakinlerini-oraza-bayraminen-hayirladi\/","name":"Meclis reisi Mustafa Cemilev Mamut Sultan qasabas\u0131n\u0131\u00f1 sakinlerini Oraza bayram\u0131nen hay\u0131rlad\u0131 - \u041c\u0435\u0434\u0436\u043b\u0456\u0441","isPartOf":{"@id":"https:\/\/qtmm.org\/qt\/#website"},"primaryImageOfPage":{"@id":"https:\/\/qtmm.org\/qt\/meclis-reisi-mustafa-cemilev-mamut-sultan-qasabasinin-sakinlerini-oraza-bayraminen-hayirladi\/#primaryimage"},"image":{"@id":"https:\/\/qtmm.org\/qt\/meclis-reisi-mustafa-cemilev-mamut-sultan-qasabasinin-sakinlerini-oraza-bayraminen-hayirladi\/#primaryimage"},"thumbnailUrl":"https:\/\/qtmm.org\/wp-content\/uploads\/2022\/01\/img_9129-1.jpeg","datePublished":"2011-09-02T11:44:00+00:00","dateModified":"2022-01-19T11:47:00+00:00","breadcrumb":{"@id":"https:\/\/qtmm.org\/qt\/meclis-reisi-mustafa-cemilev-mamut-sultan-qasabasinin-sakinlerini-oraza-bayraminen-hayirladi\/#breadcrumb"},"inLanguage":"qt","potentialAction":[{"@type":"ReadAction","target":["https:\/\/qtmm.org\/qt\/meclis-reisi-mustafa-cemilev-mamut-sultan-qasabasinin-sakinlerini-oraza-bayraminen-hayirladi\/"]}]},{"@type":"ImageObject","inLanguage":"qt","@id":"https:\/\/qtmm.org\/qt\/meclis-reisi-mustafa-cemilev-mamut-sultan-qasabasinin-sakinlerini-oraza-bayraminen-hayirladi\/#primaryimage","url":"https:\/\/qtmm.org\/wp-content\/uploads\/2022\/01\/img_9129-1.jpeg","contentUrl":"https:\/\/qtmm.org\/wp-content\/uploads\/2022\/01\/img_9129-1.jpeg","width":772,"height":579},{"@type":"BreadcrumbList","@id":"https:\/\/qtmm.org\/qt\/meclis-reisi-mustafa-cemilev-mamut-sultan-qasabasinin-sakinlerini-oraza-bayraminen-hayirladi\/#breadcrumb","itemListElement":[{"@type":"ListItem","position":1,"name":"\u0413\u043e\u043b\u043e\u0432\u043d\u0430","item":"https:\/\/qtmm.org\/qt\/"},{"@type":"ListItem","position":2,"name":"Meclis reisi Mustafa Cemilev Mamut Sultan qasabas\u0131n\u0131\u00f1 sakinlerini Oraza bayram\u0131nen hay\u0131rlad\u0131"}]},{"@type":"WebSite","@id":"https:\/\/qtmm.org\/qt\/#website","url":"https:\/\/qtmm.org\/qt\/","name":"\u041c\u0435\u0434\u0436\u043b\u0456\u0441","description":"","publisher":{"@id":"https:\/\/qtmm.org\/qt\/#organization"},"potentialAction":[{"@type":"SearchAction","target":{"@type":"EntryPoint","urlTemplate":"https:\/\/qtmm.org\/qt\/?s={search_term_string}"},"query-input":{"@type":"PropertyValueSpecification","valueRequired":true,"valueName":"search_term_string"}}],"inLanguage":"qt"},{"@type":"Organization","@id":"https:\/\/qtmm.org\/qt\/#organization","name":"\u041c\u0435\u0434\u0436\u043b\u0456\u0441","url":"https:\/\/qtmm.org\/qt\/","logo":{"@type":"ImageObject","inLanguage":"qt","@id":"https:\/\/qtmm.org\/qt\/#\/schema\/logo\/image\/","url":"https:\/\/qtmm.org\/wp-content\/uploads\/2024\/12\/ua-mejlis-logo-rgb.svg","contentUrl":"https:\/\/qtmm.org\/wp-content\/uploads\/2024\/12\/ua-mejlis-logo-rgb.svg","caption":"\u041c\u0435\u0434\u0436\u043b\u0456\u0441"},"image":{"@id":"https:\/\/qtmm.org\/qt\/#\/schema\/logo\/image\/"},"sameAs":["https:\/\/www.facebook.com\/qtmm.info\/"]},{"@type":"Person","@id":"https:\/\/qtmm.org\/qt\/#\/schema\/person\/de562469f971dec226ac06e60bbf74a7","name":"Developer","image":{"@type":"ImageObject","inLanguage":"qt","@id":"https:\/\/secure.gravatar.com\/avatar\/392b4cc8fbfeb00b39dfeeab4ee6edded39ffd48e25858637e4765810300227e?s=96&d=mm&r=g","url":"https:\/\/secure.gravatar.com\/avatar\/392b4cc8fbfeb00b39dfeeab4ee6edded39ffd48e25858637e4765810300227e?s=96&d=mm&r=g","contentUrl":"https:\/\/secure.gravatar.com\/avatar\/392b4cc8fbfeb00b39dfeeab4ee6edded39ffd48e25858637e4765810300227e?s=96&d=mm&r=g","caption":"Developer"},"url":"https:\/\/qtmm.org\/qt\/author\/Developer\/"}]}},"_links":{"self":[{"href":"https:\/\/qtmm.org\/qt\/wp-json\/wp\/v2\/posts\/25754","targetHints":{"allow":["GET"]}}],"collection":[{"href":"https:\/\/qtmm.org\/qt\/wp-json\/wp\/v2\/posts"}],"about":[{"href":"https:\/\/qtmm.org\/qt\/wp-json\/wp\/v2\/types\/post"}],"author":[{"embeddable":true,"href":"https:\/\/qtmm.org\/qt\/wp-json\/wp\/v2\/users\/1"}],"replies":[{"embeddable":true,"href":"https:\/\/qtmm.org\/qt\/wp-json\/wp\/v2\/comments?post=25754"}],"version-history":[{"count":1,"href":"https:\/\/qtmm.org\/qt\/wp-json\/wp\/v2\/posts\/25754\/revisions"}],"predecessor-version":[{"id":25783,"href":"https:\/\/qtmm.org\/qt\/wp-json\/wp\/v2\/posts\/25754\/revisions\/25783"}],"wp:featuredmedia":[{"embeddable":true,"href":"https:\/\/qtmm.org\/qt\/wp-json\/wp\/v2\/media\/25755"}],"wp:attachment":[{"href":"https:\/\/qtmm.org\/qt\/wp-json\/wp\/v2\/media?parent=25754"}],"wp:term":[{"taxonomy":"category","embeddable":true,"href":"https:\/\/qtmm.org\/qt\/wp-json\/wp\/v2\/categories?post=25754"},{"taxonomy":"post_tag","embeddable":true,"href":"https:\/\/qtmm.org\/qt\/wp-json\/wp\/v2\/tags?post=25754"}],"curies":[{"name":"wp","href":"https:\/\/api.w.org\/{rel}","templated":true}]}}