




{"id":25752,"date":"2011-09-02T14:43:00","date_gmt":"2011-09-02T11:43:00","guid":{"rendered":"http:\/\/qtmm.org\/?p=25752"},"modified":"2022-01-19T14:44:04","modified_gmt":"2022-01-19T11:44:04","slug":"qirim-muftisi-kefede-hac-qoyulmasini-toqtatmadi-rica-ete","status":"publish","type":"post","link":"https:\/\/qtmm.org\/qt\/qirim-muftisi-kefede-hac-qoyulmasini-toqtatmadi-rica-ete\/","title":{"rendered":"Q\u0131r\u0131m m\u00fcftisi Kefede ha\u00e7 qoyulmas\u0131n\u0131 toqtatmad\u0131 rica ete"},"content":{"rendered":"\n<p>Mal\u00fcm old\u0131 ki, Q\u0131r\u0131m Nazirler \u015euras\u0131 Kefe \u015feerinde pravoslav ha\u00e7\u0131n\u0131 qoymaq i\u00e7\u00fcn daimiy faydalanuv\u011fa yer ay\u0131rmaq qarar\u0131n\u0131 ald\u0131. Mezk\u00fcr topraq damart\u0131s\u0131 Kefede Cank\u00f6y-Ker\u00e7 avtomobil yolu rayon\u0131nda ay\u0131r\u0131l\u011fan.<\/p>\n\n\n\n<p>Q\u0131r\u0131m Nazirler \u015euras\u0131n\u0131\u00f1 i\u015fbu qarar\u0131 munasebetinen Q\u0131r\u0131m musulmanlar\u0131n\u0131\u00f1 m\u00fcftisi ac\u0131 Emirali Ablayev Kefe \u015feerini\u00f1 ba\u015f\u0131 Aleksandr Bartenev\u011fa muracaatnen bulund\u0131. Onda bu diniy belgini tiklemek i\u00e7\u00fcn yer ay\u0131rmaq qarar\u0131 Musulmanlarn\u0131\u00f1 diniy idaresinen keli\u015filmegeni alda qabul etilgeni qayd etile. &#8220;Mezk\u00fcr qarar\u0131nen Q\u0131r\u0131m Nazirler \u015euras\u0131 2001 senesi fevral 13-te qabul etken \u211633 &#8220;Q\u0131r\u0131m Muhtar Cumhuriyetinde dinlerara munasebetlerni stabille\u015ftir\u00fcv boyunca baz\u0131 tedbirler aqq\u0131nda&#8221;ki Qarar\u0131n\u0131\u00f1 3-nci maddesini boza, denile.<\/p>\n\n\n\n<p>Bun\u0131\u00f1 kibi Q\u0131r\u0131m m\u00fcftisi E.Ablayev dey ki, ha\u00e7n\u0131\u00f1 qoyulmas\u0131na &#8220;Kefe&#8221; musulman cemiyetini\u00f1 reisi raz\u0131l\u0131q bergeni belli old\u0131, albu ki diniy belgilerni qoymaq meselesi ayr\u0131 bir musulman cemiyetlerine ait olmadan, do\u011frudan-do\u011fru Q\u0131r\u0131m musulmanlar\u0131 diniy idaresini\u00f1 imayesindedir.<br>&#8220;Zan\u0131m\u0131zca, mezk\u00fcr meseleni\u00f1 bir tarafl\u0131 \u00e7ezilmesine yol bermeden, diger diniy, \u015fu c\u00fcmleden musulman, cemiyetlerini\u00f1 vekillerinen aq\u0131l tan\u0131\u015f\u0131l\u011fan\u0131 alda al olunmaq kerek, &#8211; dey Q\u0131r\u0131m m\u00fcftisi haci Emirali Ablayev.<\/p>\n\n\n\n<p>Q\u0131r\u0131m musulmanlar\u0131n\u0131\u00f1 m\u00fcftisi ac\u0131 Emirali Ablayev Kefe \u015feerini\u00f1 ba\u015f\u0131 Aleksandr Bartenev\u011fa muracaat\u0131nda Kefeni\u00f1 Cank\u00f6y-Ker\u00e7 yolunda pravoslav ha\u00e7\u0131n\u0131 qoymaq boyunca vesiqalar az\u0131rlav ve resmiyle\u015ftir\u00fcv i\u015fini bu meseleni Q\u0131r\u0131m musulmanlar\u0131 diniy idaresinen muzakere etmegenge qadar toqtatmaqn\u0131 rica ete.<\/p>\n","protected":false},"excerpt":{"rendered":"<p>Mal\u00fcm old\u0131 ki, Q\u0131r\u0131m Nazirler \u015euras\u0131 Kefe \u015feerinde pravoslav ha\u00e7\u0131n\u0131 qoymaq i\u00e7\u00fcn daimiy faydalanuv\u011fa yer ay\u0131rmaq qarar\u0131n\u0131 ald\u0131. Mezk\u00fcr topraq damart\u0131s\u0131 Kefede Cank\u00f6y-Ker\u00e7 avtomobil yolu rayon\u0131nda ay\u0131r\u0131l\u011fan. Q\u0131r\u0131m Nazirler \u015euras\u0131n\u0131\u00f1 i\u015fbu qarar\u0131 munasebetinen Q\u0131r\u0131m musulmanlar\u0131n\u0131\u00f1 m\u00fcftisi ac\u0131 Emirali Ablayev Kefe \u015feerini\u00f1 ba\u015f\u0131 Aleksandr Bartenev\u011fa muracaatnen bulund\u0131. Onda bu diniy belgini tiklemek i\u00e7\u00fcn yer ay\u0131rmaq qarar\u0131 [&hellip;]<\/p>\n","protected":false},"author":1,"featured_media":0,"comment_status":"open","ping_status":"open","sticky":false,"template":"","format":"standard","meta":{"inline_featured_image":false,"footnotes":""},"categories":[265],"tags":[],"class_list":["post-25752","post","type-post","status-publish","format-standard","hentry","category-haberler"],"acf":[],"yoast_head":"<!-- This site is optimized with the Yoast SEO plugin v27.4 - https:\/\/yoast.com\/product\/yoast-seo-wordpress\/ -->\n<title>Q\u0131r\u0131m m\u00fcftisi Kefede ha\u00e7 qoyulmas\u0131n\u0131 toqtatmad\u0131 rica ete - \u041c\u0435\u0434\u0436\u043b\u0456\u0441<\/title>\n<meta name=\"robots\" content=\"index, follow, max-snippet:-1, max-image-preview:large, max-video-preview:-1\" \/>\n<link rel=\"canonical\" href=\"https:\/\/qtmm.org\/qt\/qirim-muftisi-kefede-hac-qoyulmasini-toqtatmadi-rica-ete\/\" \/>\n<meta property=\"og:locale\" content=\"en_US\" \/>\n<meta property=\"og:type\" content=\"article\" \/>\n<meta property=\"og:title\" content=\"Q\u0131r\u0131m m\u00fcftisi Kefede ha\u00e7 qoyulmas\u0131n\u0131 toqtatmad\u0131 rica ete - \u041c\u0435\u0434\u0436\u043b\u0456\u0441\" \/>\n<meta property=\"og:description\" content=\"Mal\u00fcm old\u0131 ki, Q\u0131r\u0131m Nazirler \u015euras\u0131 Kefe \u015feerinde pravoslav ha\u00e7\u0131n\u0131 qoymaq i\u00e7\u00fcn daimiy faydalanuv\u011fa yer ay\u0131rmaq qarar\u0131n\u0131 ald\u0131. Mezk\u00fcr topraq damart\u0131s\u0131 Kefede Cank\u00f6y-Ker\u00e7 avtomobil yolu rayon\u0131nda ay\u0131r\u0131l\u011fan. Q\u0131r\u0131m Nazirler \u015euras\u0131n\u0131\u00f1 i\u015fbu qarar\u0131 munasebetinen Q\u0131r\u0131m musulmanlar\u0131n\u0131\u00f1 m\u00fcftisi ac\u0131 Emirali Ablayev Kefe \u015feerini\u00f1 ba\u015f\u0131 Aleksandr Bartenev\u011fa muracaatnen bulund\u0131. Onda bu diniy belgini tiklemek i\u00e7\u00fcn yer ay\u0131rmaq qarar\u0131 [&hellip;]\" \/>\n<meta property=\"og:url\" content=\"https:\/\/qtmm.org\/qt\/qirim-muftisi-kefede-hac-qoyulmasini-toqtatmadi-rica-ete\/\" \/>\n<meta property=\"og:site_name\" content=\"\u041c\u0435\u0434\u0436\u043b\u0456\u0441\" \/>\n<meta property=\"article:publisher\" content=\"https:\/\/www.facebook.com\/qtmm.info\/\" \/>\n<meta property=\"article:published_time\" content=\"2011-09-02T11:43:00+00:00\" \/>\n<meta property=\"article:modified_time\" content=\"2022-01-19T11:44:04+00:00\" \/>\n<meta name=\"author\" content=\"Developer\" \/>\n<meta name=\"twitter:card\" content=\"summary_large_image\" \/>\n<meta name=\"twitter:label1\" content=\"Written by\" \/>\n\t<meta name=\"twitter:data1\" content=\"Developer\" \/>\n\t<meta name=\"twitter:label2\" content=\"Est. reading time\" \/>\n\t<meta name=\"twitter:data2\" content=\"1 minute\" \/>\n<script type=\"application\/ld+json\" class=\"yoast-schema-graph\">{\"@context\":\"https:\\\/\\\/schema.org\",\"@graph\":[{\"@type\":\"Article\",\"@id\":\"https:\\\/\\\/qtmm.org\\\/qt\\\/qirim-muftisi-kefede-hac-qoyulmasini-toqtatmadi-rica-ete\\\/#article\",\"isPartOf\":{\"@id\":\"https:\\\/\\\/qtmm.org\\\/qt\\\/qirim-muftisi-kefede-hac-qoyulmasini-toqtatmadi-rica-ete\\\/\"},\"author\":{\"name\":\"Developer\",\"@id\":\"https:\\\/\\\/qtmm.org\\\/qt\\\/#\\\/schema\\\/person\\\/de562469f971dec226ac06e60bbf74a7\"},\"headline\":\"Q\u0131r\u0131m m\u00fcftisi Kefede ha\u00e7 qoyulmas\u0131n\u0131 toqtatmad\u0131 rica ete\",\"datePublished\":\"2011-09-02T11:43:00+00:00\",\"dateModified\":\"2022-01-19T11:44:04+00:00\",\"mainEntityOfPage\":{\"@id\":\"https:\\\/\\\/qtmm.org\\\/qt\\\/qirim-muftisi-kefede-hac-qoyulmasini-toqtatmadi-rica-ete\\\/\"},\"wordCount\":274,\"commentCount\":0,\"publisher\":{\"@id\":\"https:\\\/\\\/qtmm.org\\\/qt\\\/#organization\"},\"articleSection\":[\"Haberler\"],\"inLanguage\":\"qt\",\"potentialAction\":[{\"@type\":\"CommentAction\",\"name\":\"Comment\",\"target\":[\"https:\\\/\\\/qtmm.org\\\/qt\\\/qirim-muftisi-kefede-hac-qoyulmasini-toqtatmadi-rica-ete\\\/#respond\"]}]},{\"@type\":\"WebPage\",\"@id\":\"https:\\\/\\\/qtmm.org\\\/qt\\\/qirim-muftisi-kefede-hac-qoyulmasini-toqtatmadi-rica-ete\\\/\",\"url\":\"https:\\\/\\\/qtmm.org\\\/qt\\\/qirim-muftisi-kefede-hac-qoyulmasini-toqtatmadi-rica-ete\\\/\",\"name\":\"Q\u0131r\u0131m m\u00fcftisi Kefede ha\u00e7 qoyulmas\u0131n\u0131 toqtatmad\u0131 rica ete - \u041c\u0435\u0434\u0436\u043b\u0456\u0441\",\"isPartOf\":{\"@id\":\"https:\\\/\\\/qtmm.org\\\/qt\\\/#website\"},\"datePublished\":\"2011-09-02T11:43:00+00:00\",\"dateModified\":\"2022-01-19T11:44:04+00:00\",\"breadcrumb\":{\"@id\":\"https:\\\/\\\/qtmm.org\\\/qt\\\/qirim-muftisi-kefede-hac-qoyulmasini-toqtatmadi-rica-ete\\\/#breadcrumb\"},\"inLanguage\":\"qt\",\"potentialAction\":[{\"@type\":\"ReadAction\",\"target\":[\"https:\\\/\\\/qtmm.org\\\/qt\\\/qirim-muftisi-kefede-hac-qoyulmasini-toqtatmadi-rica-ete\\\/\"]}]},{\"@type\":\"BreadcrumbList\",\"@id\":\"https:\\\/\\\/qtmm.org\\\/qt\\\/qirim-muftisi-kefede-hac-qoyulmasini-toqtatmadi-rica-ete\\\/#breadcrumb\",\"itemListElement\":[{\"@type\":\"ListItem\",\"position\":1,\"name\":\"\u0413\u043e\u043b\u043e\u0432\u043d\u0430\",\"item\":\"https:\\\/\\\/qtmm.org\\\/qt\\\/\"},{\"@type\":\"ListItem\",\"position\":2,\"name\":\"Q\u0131r\u0131m m\u00fcftisi Kefede ha\u00e7 qoyulmas\u0131n\u0131 toqtatmad\u0131 rica ete\"}]},{\"@type\":\"WebSite\",\"@id\":\"https:\\\/\\\/qtmm.org\\\/qt\\\/#website\",\"url\":\"https:\\\/\\\/qtmm.org\\\/qt\\\/\",\"name\":\"\u041c\u0435\u0434\u0436\u043b\u0456\u0441\",\"description\":\"\",\"publisher\":{\"@id\":\"https:\\\/\\\/qtmm.org\\\/qt\\\/#organization\"},\"potentialAction\":[{\"@type\":\"SearchAction\",\"target\":{\"@type\":\"EntryPoint\",\"urlTemplate\":\"https:\\\/\\\/qtmm.org\\\/qt\\\/?s={search_term_string}\"},\"query-input\":{\"@type\":\"PropertyValueSpecification\",\"valueRequired\":true,\"valueName\":\"search_term_string\"}}],\"inLanguage\":\"qt\"},{\"@type\":\"Organization\",\"@id\":\"https:\\\/\\\/qtmm.org\\\/qt\\\/#organization\",\"name\":\"\u041c\u0435\u0434\u0436\u043b\u0456\u0441\",\"url\":\"https:\\\/\\\/qtmm.org\\\/qt\\\/\",\"logo\":{\"@type\":\"ImageObject\",\"inLanguage\":\"qt\",\"@id\":\"https:\\\/\\\/qtmm.org\\\/qt\\\/#\\\/schema\\\/logo\\\/image\\\/\",\"url\":\"https:\\\/\\\/qtmm.org\\\/wp-content\\\/uploads\\\/2024\\\/12\\\/ua-mejlis-logo-rgb.svg\",\"contentUrl\":\"https:\\\/\\\/qtmm.org\\\/wp-content\\\/uploads\\\/2024\\\/12\\\/ua-mejlis-logo-rgb.svg\",\"caption\":\"\u041c\u0435\u0434\u0436\u043b\u0456\u0441\"},\"image\":{\"@id\":\"https:\\\/\\\/qtmm.org\\\/qt\\\/#\\\/schema\\\/logo\\\/image\\\/\"},\"sameAs\":[\"https:\\\/\\\/www.facebook.com\\\/qtmm.info\\\/\"]},{\"@type\":\"Person\",\"@id\":\"https:\\\/\\\/qtmm.org\\\/qt\\\/#\\\/schema\\\/person\\\/de562469f971dec226ac06e60bbf74a7\",\"name\":\"Developer\",\"image\":{\"@type\":\"ImageObject\",\"inLanguage\":\"qt\",\"@id\":\"https:\\\/\\\/secure.gravatar.com\\\/avatar\\\/392b4cc8fbfeb00b39dfeeab4ee6edded39ffd48e25858637e4765810300227e?s=96&d=mm&r=g\",\"url\":\"https:\\\/\\\/secure.gravatar.com\\\/avatar\\\/392b4cc8fbfeb00b39dfeeab4ee6edded39ffd48e25858637e4765810300227e?s=96&d=mm&r=g\",\"contentUrl\":\"https:\\\/\\\/secure.gravatar.com\\\/avatar\\\/392b4cc8fbfeb00b39dfeeab4ee6edded39ffd48e25858637e4765810300227e?s=96&d=mm&r=g\",\"caption\":\"Developer\"},\"url\":\"https:\\\/\\\/qtmm.org\\\/qt\\\/author\\\/Developer\\\/\"}]}<\/script>\n<!-- \/ Yoast SEO plugin. -->","yoast_head_json":{"title":"Q\u0131r\u0131m m\u00fcftisi Kefede ha\u00e7 qoyulmas\u0131n\u0131 toqtatmad\u0131 rica ete - \u041c\u0435\u0434\u0436\u043b\u0456\u0441","robots":{"index":"index","follow":"follow","max-snippet":"max-snippet:-1","max-image-preview":"max-image-preview:large","max-video-preview":"max-video-preview:-1"},"canonical":"https:\/\/qtmm.org\/qt\/qirim-muftisi-kefede-hac-qoyulmasini-toqtatmadi-rica-ete\/","og_locale":"en_US","og_type":"article","og_title":"Q\u0131r\u0131m m\u00fcftisi Kefede ha\u00e7 qoyulmas\u0131n\u0131 toqtatmad\u0131 rica ete - \u041c\u0435\u0434\u0436\u043b\u0456\u0441","og_description":"Mal\u00fcm old\u0131 ki, Q\u0131r\u0131m Nazirler \u015euras\u0131 Kefe \u015feerinde pravoslav ha\u00e7\u0131n\u0131 qoymaq i\u00e7\u00fcn daimiy faydalanuv\u011fa yer ay\u0131rmaq qarar\u0131n\u0131 ald\u0131. Mezk\u00fcr topraq damart\u0131s\u0131 Kefede Cank\u00f6y-Ker\u00e7 avtomobil yolu rayon\u0131nda ay\u0131r\u0131l\u011fan. Q\u0131r\u0131m Nazirler \u015euras\u0131n\u0131\u00f1 i\u015fbu qarar\u0131 munasebetinen Q\u0131r\u0131m musulmanlar\u0131n\u0131\u00f1 m\u00fcftisi ac\u0131 Emirali Ablayev Kefe \u015feerini\u00f1 ba\u015f\u0131 Aleksandr Bartenev\u011fa muracaatnen bulund\u0131. Onda bu diniy belgini tiklemek i\u00e7\u00fcn yer ay\u0131rmaq qarar\u0131 [&hellip;]","og_url":"https:\/\/qtmm.org\/qt\/qirim-muftisi-kefede-hac-qoyulmasini-toqtatmadi-rica-ete\/","og_site_name":"\u041c\u0435\u0434\u0436\u043b\u0456\u0441","article_publisher":"https:\/\/www.facebook.com\/qtmm.info\/","article_published_time":"2011-09-02T11:43:00+00:00","article_modified_time":"2022-01-19T11:44:04+00:00","author":"Developer","twitter_card":"summary_large_image","twitter_misc":{"Written by":"Developer","Est. reading time":"1 minute"},"schema":{"@context":"https:\/\/schema.org","@graph":[{"@type":"Article","@id":"https:\/\/qtmm.org\/qt\/qirim-muftisi-kefede-hac-qoyulmasini-toqtatmadi-rica-ete\/#article","isPartOf":{"@id":"https:\/\/qtmm.org\/qt\/qirim-muftisi-kefede-hac-qoyulmasini-toqtatmadi-rica-ete\/"},"author":{"name":"Developer","@id":"https:\/\/qtmm.org\/qt\/#\/schema\/person\/de562469f971dec226ac06e60bbf74a7"},"headline":"Q\u0131r\u0131m m\u00fcftisi Kefede ha\u00e7 qoyulmas\u0131n\u0131 toqtatmad\u0131 rica ete","datePublished":"2011-09-02T11:43:00+00:00","dateModified":"2022-01-19T11:44:04+00:00","mainEntityOfPage":{"@id":"https:\/\/qtmm.org\/qt\/qirim-muftisi-kefede-hac-qoyulmasini-toqtatmadi-rica-ete\/"},"wordCount":274,"commentCount":0,"publisher":{"@id":"https:\/\/qtmm.org\/qt\/#organization"},"articleSection":["Haberler"],"inLanguage":"qt","potentialAction":[{"@type":"CommentAction","name":"Comment","target":["https:\/\/qtmm.org\/qt\/qirim-muftisi-kefede-hac-qoyulmasini-toqtatmadi-rica-ete\/#respond"]}]},{"@type":"WebPage","@id":"https:\/\/qtmm.org\/qt\/qirim-muftisi-kefede-hac-qoyulmasini-toqtatmadi-rica-ete\/","url":"https:\/\/qtmm.org\/qt\/qirim-muftisi-kefede-hac-qoyulmasini-toqtatmadi-rica-ete\/","name":"Q\u0131r\u0131m m\u00fcftisi Kefede ha\u00e7 qoyulmas\u0131n\u0131 toqtatmad\u0131 rica ete - \u041c\u0435\u0434\u0436\u043b\u0456\u0441","isPartOf":{"@id":"https:\/\/qtmm.org\/qt\/#website"},"datePublished":"2011-09-02T11:43:00+00:00","dateModified":"2022-01-19T11:44:04+00:00","breadcrumb":{"@id":"https:\/\/qtmm.org\/qt\/qirim-muftisi-kefede-hac-qoyulmasini-toqtatmadi-rica-ete\/#breadcrumb"},"inLanguage":"qt","potentialAction":[{"@type":"ReadAction","target":["https:\/\/qtmm.org\/qt\/qirim-muftisi-kefede-hac-qoyulmasini-toqtatmadi-rica-ete\/"]}]},{"@type":"BreadcrumbList","@id":"https:\/\/qtmm.org\/qt\/qirim-muftisi-kefede-hac-qoyulmasini-toqtatmadi-rica-ete\/#breadcrumb","itemListElement":[{"@type":"ListItem","position":1,"name":"\u0413\u043e\u043b\u043e\u0432\u043d\u0430","item":"https:\/\/qtmm.org\/qt\/"},{"@type":"ListItem","position":2,"name":"Q\u0131r\u0131m m\u00fcftisi Kefede ha\u00e7 qoyulmas\u0131n\u0131 toqtatmad\u0131 rica ete"}]},{"@type":"WebSite","@id":"https:\/\/qtmm.org\/qt\/#website","url":"https:\/\/qtmm.org\/qt\/","name":"\u041c\u0435\u0434\u0436\u043b\u0456\u0441","description":"","publisher":{"@id":"https:\/\/qtmm.org\/qt\/#organization"},"potentialAction":[{"@type":"SearchAction","target":{"@type":"EntryPoint","urlTemplate":"https:\/\/qtmm.org\/qt\/?s={search_term_string}"},"query-input":{"@type":"PropertyValueSpecification","valueRequired":true,"valueName":"search_term_string"}}],"inLanguage":"qt"},{"@type":"Organization","@id":"https:\/\/qtmm.org\/qt\/#organization","name":"\u041c\u0435\u0434\u0436\u043b\u0456\u0441","url":"https:\/\/qtmm.org\/qt\/","logo":{"@type":"ImageObject","inLanguage":"qt","@id":"https:\/\/qtmm.org\/qt\/#\/schema\/logo\/image\/","url":"https:\/\/qtmm.org\/wp-content\/uploads\/2024\/12\/ua-mejlis-logo-rgb.svg","contentUrl":"https:\/\/qtmm.org\/wp-content\/uploads\/2024\/12\/ua-mejlis-logo-rgb.svg","caption":"\u041c\u0435\u0434\u0436\u043b\u0456\u0441"},"image":{"@id":"https:\/\/qtmm.org\/qt\/#\/schema\/logo\/image\/"},"sameAs":["https:\/\/www.facebook.com\/qtmm.info\/"]},{"@type":"Person","@id":"https:\/\/qtmm.org\/qt\/#\/schema\/person\/de562469f971dec226ac06e60bbf74a7","name":"Developer","image":{"@type":"ImageObject","inLanguage":"qt","@id":"https:\/\/secure.gravatar.com\/avatar\/392b4cc8fbfeb00b39dfeeab4ee6edded39ffd48e25858637e4765810300227e?s=96&d=mm&r=g","url":"https:\/\/secure.gravatar.com\/avatar\/392b4cc8fbfeb00b39dfeeab4ee6edded39ffd48e25858637e4765810300227e?s=96&d=mm&r=g","contentUrl":"https:\/\/secure.gravatar.com\/avatar\/392b4cc8fbfeb00b39dfeeab4ee6edded39ffd48e25858637e4765810300227e?s=96&d=mm&r=g","caption":"Developer"},"url":"https:\/\/qtmm.org\/qt\/author\/Developer\/"}]}},"_links":{"self":[{"href":"https:\/\/qtmm.org\/qt\/wp-json\/wp\/v2\/posts\/25752","targetHints":{"allow":["GET"]}}],"collection":[{"href":"https:\/\/qtmm.org\/qt\/wp-json\/wp\/v2\/posts"}],"about":[{"href":"https:\/\/qtmm.org\/qt\/wp-json\/wp\/v2\/types\/post"}],"author":[{"embeddable":true,"href":"https:\/\/qtmm.org\/qt\/wp-json\/wp\/v2\/users\/1"}],"replies":[{"embeddable":true,"href":"https:\/\/qtmm.org\/qt\/wp-json\/wp\/v2\/comments?post=25752"}],"version-history":[{"count":1,"href":"https:\/\/qtmm.org\/qt\/wp-json\/wp\/v2\/posts\/25752\/revisions"}],"predecessor-version":[{"id":25753,"href":"https:\/\/qtmm.org\/qt\/wp-json\/wp\/v2\/posts\/25752\/revisions\/25753"}],"wp:attachment":[{"href":"https:\/\/qtmm.org\/qt\/wp-json\/wp\/v2\/media?parent=25752"}],"wp:term":[{"taxonomy":"category","embeddable":true,"href":"https:\/\/qtmm.org\/qt\/wp-json\/wp\/v2\/categories?post=25752"},{"taxonomy":"post_tag","embeddable":true,"href":"https:\/\/qtmm.org\/qt\/wp-json\/wp\/v2\/tags?post=25752"}],"curies":[{"name":"wp","href":"https:\/\/api.w.org\/{rel}","templated":true}]}}