




{"id":25750,"date":"2011-09-02T14:43:00","date_gmt":"2011-09-02T11:43:00","guid":{"rendered":"http:\/\/qtmm.org\/?p=25750"},"modified":"2022-01-19T14:43:28","modified_gmt":"2022-01-19T11:43:28","slug":"meclis-reisi-mustafa-cemilev-korrespondent-mecmuasinin-top-ukrainada-en-nufuzli-100-insan-reytingi-neticelerine-izaat-berdi","status":"publish","type":"post","link":"https:\/\/qtmm.org\/qt\/meclis-reisi-mustafa-cemilev-korrespondent-mecmuasinin-top-ukrainada-en-nufuzli-100-insan-reytingi-neticelerine-izaat-berdi\/","title":{"rendered":"Meclis reisi Mustafa Cemilev Korrespondent mecmuas\u0131n\u0131\u00f1 \u00abTOP- Ukrainada e\u00f1 nufuzl\u0131 100 insan\u00bb reytingi neticelerine izaat berdi"},"content":{"rendered":"\n<p>Meclis reisi Mustafa Cemilev Korrespondent&nbsp; mecmuas\u0131n\u0131\u00f1 &#8220;TOP- Ukrainada e\u00f1 nufuzl\u0131 100 insan&#8221; reytingi neticelerine izaat berdi.&nbsp; Mal\u00fcm ol\u011fan\u0131na k\u00f6re&nbsp; reytingge faqat eki q\u0131r\u0131ml\u0131 kirsetilip, Q\u0131r\u0131m Yuqar\u0131&nbsp; \u015euras\u0131n\u0131\u00f1 reisi&nbsp; Vladimir Konstantinov 68-nci yerde, Q\u0131r\u0131mtatar halq\u0131 Meclisini\u00f1 reisi, Ukraina halq deputat\u0131 Mustafa Cemilev ise&nbsp; 79-nc\u0131 yerni qazand\u0131.<\/p>\n\n\n\n<p>&nbsp;&#8220;B\u00f6yle kibi reytinglerge \u015fahsen men \u015f\u00fcbeciliknen baqam, \u00e7\u00fcnki insann\u0131\u00f1 nufuzl\u0131l\u0131\u011f\u0131 nas\u0131l \u00f6l\u00e7\u00fclernen belgilengenini bilmeyim.&nbsp; Kendimi \u00f6yle insan\u0131m, dep saymay\u0131m, &#8211; dedi Meclis yolba\u015f\u00e7\u0131s\u0131. \u2013 Mende nas\u0131ld\u0131r liderlik hususiyetler bar, dep bellemeyim. Amma&nbsp; \u00f6yle old\u0131 ki, men milliy areketke yetek\u00e7ilik yapt\u0131m ve q\u0131r\u0131mtatar halq\u0131n\u0131\u00f1 birligi, faaliyetini \u00f6z vek\u00e2letli organ\u0131 Meclis ile al\u0131p bar\u011fan\u0131 sayesinde bir \u00e7oq mesele ve problemlerni davas\u0131z \u00e7eze bilemiz&#8221;.<\/p>\n\n\n\n<p>Bundan da \u011fayr\u0131, Cemilev q\u0131r\u0131mtatar halq\u0131n\u0131\u00f1 milliy areketine Q\u0131r\u0131mn\u0131\u00f1 t\u0131\u015f\u0131nda da y\u00fcksek q\u0131ymet keskenlerini hat\u0131rlatt\u0131. Misal olaraq ise M. Cemilev \u00e7etel ziyaretlerini\u00f1 birinde ol\u011fan vaqian\u0131 tarif etti:. &#8220;Amerikada Corc Va\u015fington ad\u0131na universitette \u00e7\u0131q\u0131\u015f yapqan vaqt\u0131mda anda bulun\u011fan ekspertlerden biri dedi ki, sab\u0131q SSSRde bir \u00e7oq milliy areketler bar edi, l\u00e2kin olar par\u00e7aland\u0131 ve biri-birinen davala\u015ft\u0131lar. Ve tek bir q\u0131r\u0131mtatar halq\u0131n\u0131\u00f1 milliy areketi \u00f6z\u00fcni\u00f1 demokratik pozitsiyas\u0131 ve qatt\u0131 printsipleri, \u00f6z vaqt\u0131nda milliy qurultay ke\u00e7irgeni ve vek\u00e2letli organ\u0131n\u0131 sayla\u011fan\u0131 sayesinde b\u00f6l\u00fcnmedi, aksine daa da quvetle\u015fti&#8221;.&nbsp;&nbsp;<\/p>\n\n\n\n<p>M.Cemilevni\u00f1 fikrince b\u00f6yle reytingler&nbsp; Mustafa Cemilevni\u00f1 h\u0131zmeti degil. Q\u0131r\u0131mtatarlar vaq\u0131tn\u0131 qa\u00e7\u0131rmadan demokratik saylav ke\u00e7irip, halqn\u0131\u00f1 \u00f6z\u00fc se\u00e7ken demokratik organn\u0131 meydan\u011fa ketirdi ve saylavlar a\u00e7\u0131q ve adaletli olmas\u0131n\u0131 temin etti.<\/p>\n","protected":false},"excerpt":{"rendered":"<p>Meclis reisi Mustafa Cemilev Korrespondent&nbsp; mecmuas\u0131n\u0131\u00f1 &#8220;TOP- Ukrainada e\u00f1 nufuzl\u0131 100 insan&#8221; reytingi neticelerine izaat berdi.&nbsp; Mal\u00fcm ol\u011fan\u0131na k\u00f6re&nbsp; reytingge faqat eki q\u0131r\u0131ml\u0131 kirsetilip, Q\u0131r\u0131m Yuqar\u0131&nbsp; \u015euras\u0131n\u0131\u00f1 reisi&nbsp; Vladimir Konstantinov 68-nci yerde, Q\u0131r\u0131mtatar halq\u0131 Meclisini\u00f1 reisi, Ukraina halq deputat\u0131 Mustafa Cemilev ise&nbsp; 79-nc\u0131 yerni qazand\u0131. &nbsp;&#8220;B\u00f6yle kibi reytinglerge \u015fahsen men \u015f\u00fcbeciliknen baqam, \u00e7\u00fcnki insann\u0131\u00f1 nufuzl\u0131l\u0131\u011f\u0131 [&hellip;]<\/p>\n","protected":false},"author":1,"featured_media":0,"comment_status":"open","ping_status":"open","sticky":false,"template":"","format":"standard","meta":{"inline_featured_image":false,"footnotes":""},"categories":[265],"tags":[],"class_list":["post-25750","post","type-post","status-publish","format-standard","hentry","category-haberler"],"acf":[],"yoast_head":"<!-- This site is optimized with the Yoast SEO plugin v27.4 - https:\/\/yoast.com\/product\/yoast-seo-wordpress\/ -->\n<title>Meclis reisi Mustafa Cemilev Korrespondent mecmuas\u0131n\u0131\u00f1 \u00abTOP- Ukrainada e\u00f1 nufuzl\u0131 100 insan\u00bb reytingi neticelerine izaat berdi - \u041c\u0435\u0434\u0436\u043b\u0456\u0441<\/title>\n<meta name=\"robots\" content=\"index, follow, max-snippet:-1, max-image-preview:large, max-video-preview:-1\" \/>\n<link rel=\"canonical\" href=\"https:\/\/qtmm.org\/qt\/meclis-reisi-mustafa-cemilev-korrespondent-mecmuasinin-top-ukrainada-en-nufuzli-100-insan-reytingi-neticelerine-izaat-berdi\/\" \/>\n<meta property=\"og:locale\" content=\"en_US\" \/>\n<meta property=\"og:type\" content=\"article\" \/>\n<meta property=\"og:title\" content=\"Meclis reisi Mustafa Cemilev Korrespondent mecmuas\u0131n\u0131\u00f1 \u00abTOP- Ukrainada e\u00f1 nufuzl\u0131 100 insan\u00bb reytingi neticelerine izaat berdi - \u041c\u0435\u0434\u0436\u043b\u0456\u0441\" \/>\n<meta property=\"og:description\" content=\"Meclis reisi Mustafa Cemilev Korrespondent&nbsp; mecmuas\u0131n\u0131\u00f1 &#8220;TOP- Ukrainada e\u00f1 nufuzl\u0131 100 insan&#8221; reytingi neticelerine izaat berdi.&nbsp; Mal\u00fcm ol\u011fan\u0131na k\u00f6re&nbsp; reytingge faqat eki q\u0131r\u0131ml\u0131 kirsetilip, Q\u0131r\u0131m Yuqar\u0131&nbsp; \u015euras\u0131n\u0131\u00f1 reisi&nbsp; Vladimir Konstantinov 68-nci yerde, Q\u0131r\u0131mtatar halq\u0131 Meclisini\u00f1 reisi, Ukraina halq deputat\u0131 Mustafa Cemilev ise&nbsp; 79-nc\u0131 yerni qazand\u0131. &nbsp;&#8220;B\u00f6yle kibi reytinglerge \u015fahsen men \u015f\u00fcbeciliknen baqam, \u00e7\u00fcnki insann\u0131\u00f1 nufuzl\u0131l\u0131\u011f\u0131 [&hellip;]\" \/>\n<meta property=\"og:url\" content=\"https:\/\/qtmm.org\/qt\/meclis-reisi-mustafa-cemilev-korrespondent-mecmuasinin-top-ukrainada-en-nufuzli-100-insan-reytingi-neticelerine-izaat-berdi\/\" \/>\n<meta property=\"og:site_name\" content=\"\u041c\u0435\u0434\u0436\u043b\u0456\u0441\" \/>\n<meta property=\"article:publisher\" content=\"https:\/\/www.facebook.com\/qtmm.info\/\" \/>\n<meta property=\"article:published_time\" content=\"2011-09-02T11:43:00+00:00\" \/>\n<meta property=\"article:modified_time\" content=\"2022-01-19T11:43:28+00:00\" \/>\n<meta name=\"author\" content=\"Developer\" \/>\n<meta name=\"twitter:card\" content=\"summary_large_image\" \/>\n<meta name=\"twitter:label1\" content=\"Written by\" \/>\n\t<meta name=\"twitter:data1\" content=\"Developer\" \/>\n\t<meta name=\"twitter:label2\" content=\"Est. reading time\" \/>\n\t<meta name=\"twitter:data2\" content=\"2 minutes\" \/>\n<script type=\"application\/ld+json\" class=\"yoast-schema-graph\">{\"@context\":\"https:\\\/\\\/schema.org\",\"@graph\":[{\"@type\":\"Article\",\"@id\":\"https:\\\/\\\/qtmm.org\\\/qt\\\/meclis-reisi-mustafa-cemilev-korrespondent-mecmuasinin-top-ukrainada-en-nufuzli-100-insan-reytingi-neticelerine-izaat-berdi\\\/#article\",\"isPartOf\":{\"@id\":\"https:\\\/\\\/qtmm.org\\\/qt\\\/meclis-reisi-mustafa-cemilev-korrespondent-mecmuasinin-top-ukrainada-en-nufuzli-100-insan-reytingi-neticelerine-izaat-berdi\\\/\"},\"author\":{\"name\":\"Developer\",\"@id\":\"https:\\\/\\\/qtmm.org\\\/qt\\\/#\\\/schema\\\/person\\\/de562469f971dec226ac06e60bbf74a7\"},\"headline\":\"Meclis reisi Mustafa Cemilev Korrespondent mecmuas\u0131n\u0131\u00f1 \u00abTOP- Ukrainada e\u00f1 nufuzl\u0131 100 insan\u00bb reytingi neticelerine izaat berdi\",\"datePublished\":\"2011-09-02T11:43:00+00:00\",\"dateModified\":\"2022-01-19T11:43:28+00:00\",\"mainEntityOfPage\":{\"@id\":\"https:\\\/\\\/qtmm.org\\\/qt\\\/meclis-reisi-mustafa-cemilev-korrespondent-mecmuasinin-top-ukrainada-en-nufuzli-100-insan-reytingi-neticelerine-izaat-berdi\\\/\"},\"wordCount\":317,\"commentCount\":0,\"publisher\":{\"@id\":\"https:\\\/\\\/qtmm.org\\\/qt\\\/#organization\"},\"articleSection\":[\"Haberler\"],\"inLanguage\":\"qt\",\"potentialAction\":[{\"@type\":\"CommentAction\",\"name\":\"Comment\",\"target\":[\"https:\\\/\\\/qtmm.org\\\/qt\\\/meclis-reisi-mustafa-cemilev-korrespondent-mecmuasinin-top-ukrainada-en-nufuzli-100-insan-reytingi-neticelerine-izaat-berdi\\\/#respond\"]}]},{\"@type\":\"WebPage\",\"@id\":\"https:\\\/\\\/qtmm.org\\\/qt\\\/meclis-reisi-mustafa-cemilev-korrespondent-mecmuasinin-top-ukrainada-en-nufuzli-100-insan-reytingi-neticelerine-izaat-berdi\\\/\",\"url\":\"https:\\\/\\\/qtmm.org\\\/qt\\\/meclis-reisi-mustafa-cemilev-korrespondent-mecmuasinin-top-ukrainada-en-nufuzli-100-insan-reytingi-neticelerine-izaat-berdi\\\/\",\"name\":\"Meclis reisi Mustafa Cemilev Korrespondent mecmuas\u0131n\u0131\u00f1 \u00abTOP- Ukrainada e\u00f1 nufuzl\u0131 100 insan\u00bb reytingi neticelerine izaat berdi - \u041c\u0435\u0434\u0436\u043b\u0456\u0441\",\"isPartOf\":{\"@id\":\"https:\\\/\\\/qtmm.org\\\/qt\\\/#website\"},\"datePublished\":\"2011-09-02T11:43:00+00:00\",\"dateModified\":\"2022-01-19T11:43:28+00:00\",\"breadcrumb\":{\"@id\":\"https:\\\/\\\/qtmm.org\\\/qt\\\/meclis-reisi-mustafa-cemilev-korrespondent-mecmuasinin-top-ukrainada-en-nufuzli-100-insan-reytingi-neticelerine-izaat-berdi\\\/#breadcrumb\"},\"inLanguage\":\"qt\",\"potentialAction\":[{\"@type\":\"ReadAction\",\"target\":[\"https:\\\/\\\/qtmm.org\\\/qt\\\/meclis-reisi-mustafa-cemilev-korrespondent-mecmuasinin-top-ukrainada-en-nufuzli-100-insan-reytingi-neticelerine-izaat-berdi\\\/\"]}]},{\"@type\":\"BreadcrumbList\",\"@id\":\"https:\\\/\\\/qtmm.org\\\/qt\\\/meclis-reisi-mustafa-cemilev-korrespondent-mecmuasinin-top-ukrainada-en-nufuzli-100-insan-reytingi-neticelerine-izaat-berdi\\\/#breadcrumb\",\"itemListElement\":[{\"@type\":\"ListItem\",\"position\":1,\"name\":\"\u0413\u043e\u043b\u043e\u0432\u043d\u0430\",\"item\":\"https:\\\/\\\/qtmm.org\\\/qt\\\/\"},{\"@type\":\"ListItem\",\"position\":2,\"name\":\"Meclis reisi Mustafa Cemilev Korrespondent mecmuas\u0131n\u0131\u00f1 \u00abTOP- Ukrainada e\u00f1 nufuzl\u0131 100 insan\u00bb reytingi neticelerine izaat berdi\"}]},{\"@type\":\"WebSite\",\"@id\":\"https:\\\/\\\/qtmm.org\\\/qt\\\/#website\",\"url\":\"https:\\\/\\\/qtmm.org\\\/qt\\\/\",\"name\":\"\u041c\u0435\u0434\u0436\u043b\u0456\u0441\",\"description\":\"\",\"publisher\":{\"@id\":\"https:\\\/\\\/qtmm.org\\\/qt\\\/#organization\"},\"potentialAction\":[{\"@type\":\"SearchAction\",\"target\":{\"@type\":\"EntryPoint\",\"urlTemplate\":\"https:\\\/\\\/qtmm.org\\\/qt\\\/?s={search_term_string}\"},\"query-input\":{\"@type\":\"PropertyValueSpecification\",\"valueRequired\":true,\"valueName\":\"search_term_string\"}}],\"inLanguage\":\"qt\"},{\"@type\":\"Organization\",\"@id\":\"https:\\\/\\\/qtmm.org\\\/qt\\\/#organization\",\"name\":\"\u041c\u0435\u0434\u0436\u043b\u0456\u0441\",\"url\":\"https:\\\/\\\/qtmm.org\\\/qt\\\/\",\"logo\":{\"@type\":\"ImageObject\",\"inLanguage\":\"qt\",\"@id\":\"https:\\\/\\\/qtmm.org\\\/qt\\\/#\\\/schema\\\/logo\\\/image\\\/\",\"url\":\"https:\\\/\\\/qtmm.org\\\/wp-content\\\/uploads\\\/2024\\\/12\\\/ua-mejlis-logo-rgb.svg\",\"contentUrl\":\"https:\\\/\\\/qtmm.org\\\/wp-content\\\/uploads\\\/2024\\\/12\\\/ua-mejlis-logo-rgb.svg\",\"caption\":\"\u041c\u0435\u0434\u0436\u043b\u0456\u0441\"},\"image\":{\"@id\":\"https:\\\/\\\/qtmm.org\\\/qt\\\/#\\\/schema\\\/logo\\\/image\\\/\"},\"sameAs\":[\"https:\\\/\\\/www.facebook.com\\\/qtmm.info\\\/\"]},{\"@type\":\"Person\",\"@id\":\"https:\\\/\\\/qtmm.org\\\/qt\\\/#\\\/schema\\\/person\\\/de562469f971dec226ac06e60bbf74a7\",\"name\":\"Developer\",\"image\":{\"@type\":\"ImageObject\",\"inLanguage\":\"qt\",\"@id\":\"https:\\\/\\\/secure.gravatar.com\\\/avatar\\\/392b4cc8fbfeb00b39dfeeab4ee6edded39ffd48e25858637e4765810300227e?s=96&d=mm&r=g\",\"url\":\"https:\\\/\\\/secure.gravatar.com\\\/avatar\\\/392b4cc8fbfeb00b39dfeeab4ee6edded39ffd48e25858637e4765810300227e?s=96&d=mm&r=g\",\"contentUrl\":\"https:\\\/\\\/secure.gravatar.com\\\/avatar\\\/392b4cc8fbfeb00b39dfeeab4ee6edded39ffd48e25858637e4765810300227e?s=96&d=mm&r=g\",\"caption\":\"Developer\"},\"url\":\"https:\\\/\\\/qtmm.org\\\/qt\\\/author\\\/Developer\\\/\"}]}<\/script>\n<!-- \/ Yoast SEO plugin. -->","yoast_head_json":{"title":"Meclis reisi Mustafa Cemilev Korrespondent mecmuas\u0131n\u0131\u00f1 \u00abTOP- Ukrainada e\u00f1 nufuzl\u0131 100 insan\u00bb reytingi neticelerine izaat berdi - \u041c\u0435\u0434\u0436\u043b\u0456\u0441","robots":{"index":"index","follow":"follow","max-snippet":"max-snippet:-1","max-image-preview":"max-image-preview:large","max-video-preview":"max-video-preview:-1"},"canonical":"https:\/\/qtmm.org\/qt\/meclis-reisi-mustafa-cemilev-korrespondent-mecmuasinin-top-ukrainada-en-nufuzli-100-insan-reytingi-neticelerine-izaat-berdi\/","og_locale":"en_US","og_type":"article","og_title":"Meclis reisi Mustafa Cemilev Korrespondent mecmuas\u0131n\u0131\u00f1 \u00abTOP- Ukrainada e\u00f1 nufuzl\u0131 100 insan\u00bb reytingi neticelerine izaat berdi - \u041c\u0435\u0434\u0436\u043b\u0456\u0441","og_description":"Meclis reisi Mustafa Cemilev Korrespondent&nbsp; mecmuas\u0131n\u0131\u00f1 &#8220;TOP- Ukrainada e\u00f1 nufuzl\u0131 100 insan&#8221; reytingi neticelerine izaat berdi.&nbsp; Mal\u00fcm ol\u011fan\u0131na k\u00f6re&nbsp; reytingge faqat eki q\u0131r\u0131ml\u0131 kirsetilip, Q\u0131r\u0131m Yuqar\u0131&nbsp; \u015euras\u0131n\u0131\u00f1 reisi&nbsp; Vladimir Konstantinov 68-nci yerde, Q\u0131r\u0131mtatar halq\u0131 Meclisini\u00f1 reisi, Ukraina halq deputat\u0131 Mustafa Cemilev ise&nbsp; 79-nc\u0131 yerni qazand\u0131. &nbsp;&#8220;B\u00f6yle kibi reytinglerge \u015fahsen men \u015f\u00fcbeciliknen baqam, \u00e7\u00fcnki insann\u0131\u00f1 nufuzl\u0131l\u0131\u011f\u0131 [&hellip;]","og_url":"https:\/\/qtmm.org\/qt\/meclis-reisi-mustafa-cemilev-korrespondent-mecmuasinin-top-ukrainada-en-nufuzli-100-insan-reytingi-neticelerine-izaat-berdi\/","og_site_name":"\u041c\u0435\u0434\u0436\u043b\u0456\u0441","article_publisher":"https:\/\/www.facebook.com\/qtmm.info\/","article_published_time":"2011-09-02T11:43:00+00:00","article_modified_time":"2022-01-19T11:43:28+00:00","author":"Developer","twitter_card":"summary_large_image","twitter_misc":{"Written by":"Developer","Est. reading time":"2 minutes"},"schema":{"@context":"https:\/\/schema.org","@graph":[{"@type":"Article","@id":"https:\/\/qtmm.org\/qt\/meclis-reisi-mustafa-cemilev-korrespondent-mecmuasinin-top-ukrainada-en-nufuzli-100-insan-reytingi-neticelerine-izaat-berdi\/#article","isPartOf":{"@id":"https:\/\/qtmm.org\/qt\/meclis-reisi-mustafa-cemilev-korrespondent-mecmuasinin-top-ukrainada-en-nufuzli-100-insan-reytingi-neticelerine-izaat-berdi\/"},"author":{"name":"Developer","@id":"https:\/\/qtmm.org\/qt\/#\/schema\/person\/de562469f971dec226ac06e60bbf74a7"},"headline":"Meclis reisi Mustafa Cemilev Korrespondent mecmuas\u0131n\u0131\u00f1 \u00abTOP- Ukrainada e\u00f1 nufuzl\u0131 100 insan\u00bb reytingi neticelerine izaat berdi","datePublished":"2011-09-02T11:43:00+00:00","dateModified":"2022-01-19T11:43:28+00:00","mainEntityOfPage":{"@id":"https:\/\/qtmm.org\/qt\/meclis-reisi-mustafa-cemilev-korrespondent-mecmuasinin-top-ukrainada-en-nufuzli-100-insan-reytingi-neticelerine-izaat-berdi\/"},"wordCount":317,"commentCount":0,"publisher":{"@id":"https:\/\/qtmm.org\/qt\/#organization"},"articleSection":["Haberler"],"inLanguage":"qt","potentialAction":[{"@type":"CommentAction","name":"Comment","target":["https:\/\/qtmm.org\/qt\/meclis-reisi-mustafa-cemilev-korrespondent-mecmuasinin-top-ukrainada-en-nufuzli-100-insan-reytingi-neticelerine-izaat-berdi\/#respond"]}]},{"@type":"WebPage","@id":"https:\/\/qtmm.org\/qt\/meclis-reisi-mustafa-cemilev-korrespondent-mecmuasinin-top-ukrainada-en-nufuzli-100-insan-reytingi-neticelerine-izaat-berdi\/","url":"https:\/\/qtmm.org\/qt\/meclis-reisi-mustafa-cemilev-korrespondent-mecmuasinin-top-ukrainada-en-nufuzli-100-insan-reytingi-neticelerine-izaat-berdi\/","name":"Meclis reisi Mustafa Cemilev Korrespondent mecmuas\u0131n\u0131\u00f1 \u00abTOP- Ukrainada e\u00f1 nufuzl\u0131 100 insan\u00bb reytingi neticelerine izaat berdi - \u041c\u0435\u0434\u0436\u043b\u0456\u0441","isPartOf":{"@id":"https:\/\/qtmm.org\/qt\/#website"},"datePublished":"2011-09-02T11:43:00+00:00","dateModified":"2022-01-19T11:43:28+00:00","breadcrumb":{"@id":"https:\/\/qtmm.org\/qt\/meclis-reisi-mustafa-cemilev-korrespondent-mecmuasinin-top-ukrainada-en-nufuzli-100-insan-reytingi-neticelerine-izaat-berdi\/#breadcrumb"},"inLanguage":"qt","potentialAction":[{"@type":"ReadAction","target":["https:\/\/qtmm.org\/qt\/meclis-reisi-mustafa-cemilev-korrespondent-mecmuasinin-top-ukrainada-en-nufuzli-100-insan-reytingi-neticelerine-izaat-berdi\/"]}]},{"@type":"BreadcrumbList","@id":"https:\/\/qtmm.org\/qt\/meclis-reisi-mustafa-cemilev-korrespondent-mecmuasinin-top-ukrainada-en-nufuzli-100-insan-reytingi-neticelerine-izaat-berdi\/#breadcrumb","itemListElement":[{"@type":"ListItem","position":1,"name":"\u0413\u043e\u043b\u043e\u0432\u043d\u0430","item":"https:\/\/qtmm.org\/qt\/"},{"@type":"ListItem","position":2,"name":"Meclis reisi Mustafa Cemilev Korrespondent mecmuas\u0131n\u0131\u00f1 \u00abTOP- Ukrainada e\u00f1 nufuzl\u0131 100 insan\u00bb reytingi neticelerine izaat berdi"}]},{"@type":"WebSite","@id":"https:\/\/qtmm.org\/qt\/#website","url":"https:\/\/qtmm.org\/qt\/","name":"\u041c\u0435\u0434\u0436\u043b\u0456\u0441","description":"","publisher":{"@id":"https:\/\/qtmm.org\/qt\/#organization"},"potentialAction":[{"@type":"SearchAction","target":{"@type":"EntryPoint","urlTemplate":"https:\/\/qtmm.org\/qt\/?s={search_term_string}"},"query-input":{"@type":"PropertyValueSpecification","valueRequired":true,"valueName":"search_term_string"}}],"inLanguage":"qt"},{"@type":"Organization","@id":"https:\/\/qtmm.org\/qt\/#organization","name":"\u041c\u0435\u0434\u0436\u043b\u0456\u0441","url":"https:\/\/qtmm.org\/qt\/","logo":{"@type":"ImageObject","inLanguage":"qt","@id":"https:\/\/qtmm.org\/qt\/#\/schema\/logo\/image\/","url":"https:\/\/qtmm.org\/wp-content\/uploads\/2024\/12\/ua-mejlis-logo-rgb.svg","contentUrl":"https:\/\/qtmm.org\/wp-content\/uploads\/2024\/12\/ua-mejlis-logo-rgb.svg","caption":"\u041c\u0435\u0434\u0436\u043b\u0456\u0441"},"image":{"@id":"https:\/\/qtmm.org\/qt\/#\/schema\/logo\/image\/"},"sameAs":["https:\/\/www.facebook.com\/qtmm.info\/"]},{"@type":"Person","@id":"https:\/\/qtmm.org\/qt\/#\/schema\/person\/de562469f971dec226ac06e60bbf74a7","name":"Developer","image":{"@type":"ImageObject","inLanguage":"qt","@id":"https:\/\/secure.gravatar.com\/avatar\/392b4cc8fbfeb00b39dfeeab4ee6edded39ffd48e25858637e4765810300227e?s=96&d=mm&r=g","url":"https:\/\/secure.gravatar.com\/avatar\/392b4cc8fbfeb00b39dfeeab4ee6edded39ffd48e25858637e4765810300227e?s=96&d=mm&r=g","contentUrl":"https:\/\/secure.gravatar.com\/avatar\/392b4cc8fbfeb00b39dfeeab4ee6edded39ffd48e25858637e4765810300227e?s=96&d=mm&r=g","caption":"Developer"},"url":"https:\/\/qtmm.org\/qt\/author\/Developer\/"}]}},"_links":{"self":[{"href":"https:\/\/qtmm.org\/qt\/wp-json\/wp\/v2\/posts\/25750","targetHints":{"allow":["GET"]}}],"collection":[{"href":"https:\/\/qtmm.org\/qt\/wp-json\/wp\/v2\/posts"}],"about":[{"href":"https:\/\/qtmm.org\/qt\/wp-json\/wp\/v2\/types\/post"}],"author":[{"embeddable":true,"href":"https:\/\/qtmm.org\/qt\/wp-json\/wp\/v2\/users\/1"}],"replies":[{"embeddable":true,"href":"https:\/\/qtmm.org\/qt\/wp-json\/wp\/v2\/comments?post=25750"}],"version-history":[{"count":1,"href":"https:\/\/qtmm.org\/qt\/wp-json\/wp\/v2\/posts\/25750\/revisions"}],"predecessor-version":[{"id":25751,"href":"https:\/\/qtmm.org\/qt\/wp-json\/wp\/v2\/posts\/25750\/revisions\/25751"}],"wp:attachment":[{"href":"https:\/\/qtmm.org\/qt\/wp-json\/wp\/v2\/media?parent=25750"}],"wp:term":[{"taxonomy":"category","embeddable":true,"href":"https:\/\/qtmm.org\/qt\/wp-json\/wp\/v2\/categories?post=25750"},{"taxonomy":"post_tag","embeddable":true,"href":"https:\/\/qtmm.org\/qt\/wp-json\/wp\/v2\/tags?post=25750"}],"curies":[{"name":"wp","href":"https:\/\/api.w.org\/{rel}","templated":true}]}}