




{"id":25736,"date":"2011-09-01T14:40:00","date_gmt":"2011-09-01T11:40:00","guid":{"rendered":"http:\/\/qtmm.org\/?p=25736"},"modified":"2022-01-19T14:42:50","modified_gmt":"2022-01-19T11:42:50","slug":"bilgi-bayrami","status":"publish","type":"post","link":"https:\/\/qtmm.org\/qt\/bilgi-bayrami\/","title":{"rendered":"&#8220;B\u0130LG\u0130 BAYRAMI&#8221;"},"content":{"rendered":"\n<p>Birinci sent\u00e2br k\u00fcn\u00fc Ukraina mekteplerinde 4 million 500 bi\u00f1 talebe, \u015fu c\u00fcmleden Q\u0131r\u0131mdaki 190 bi\u00f1 talebe&nbsp; i\u00e7\u00fcn birinci \u00e7a\u00f1 qaq\u0131ld\u0131.<\/p>\n\n\n\n<p>Ukraina boyunca bug\u00fcn 416 bi\u00f1 birinci s\u0131n\u0131f talebesi, \u015fulardan Q\u0131r\u0131mda 17 bi\u00f1 900-i rale ba\u015f\u0131na oturd\u0131.\u00a0<\/p>\n\n\n\n<p>Q\u0131r\u0131mtatar tasil hadimleri &#8220;Maarif\u00e7i&#8221; birle\u015fmesini\u00f1 reisi Safure Kacametova bergen mal\u00fcmatqa k\u00f6re, 2011 senesi mart ay\u0131ndan Q\u0131r\u0131mn\u0131\u00f1 q\u0131r\u0131mtatarlar toplu ya\u015fa\u011fan bir s\u0131ra regionlar\u0131nda 826 balan\u0131\u00f1 ana-babalar\u0131 balalar\u0131n\u0131 q\u0131r\u0131mtatar tilinde oqutmaq istegini bildirdiler. Mekteplerde 59 milliy s\u0131n\u0131f a\u00e7maq planla\u015ft\u0131r\u0131l\u011fan edi.&nbsp;<\/p>\n\n\n\n<p>Amma&nbsp; 23 mektepte 286 nefer q\u0131r\u0131mtatar balas\u0131 i\u00e7\u00fcn \u00e7e\u015fit sebeplernen birinci milliy s\u0131n\u0131f a\u00e7\u0131lmad\u0131. Ana-babalarn\u0131\u00f1 arizalar\u0131n\u0131 birinci nevbette yerli akimler, yerli tasil b\u00f6l\u00fcklerini\u00f1 ve mektep m\u00fcdirleri red ettiler. Bu ise, grajdanlarn\u0131\u00f1 Anayasada belgilengen uquqlar\u0131n\u0131 bozuvd\u0131r<\/p>\n\n\n\n<p>L\u00e2kin, bu\u00f1a baqmadan Q\u0131r\u0131mn\u0131\u00f1 32 mektebinde 36 milliy s\u0131n\u0131f\u00a0 a\u00e7\u0131l\u0131p, 540 o\u011flan ve q\u0131z\u00e7\u0131qlar q\u0131r\u0131mtatar tilinde oqup ba\u015flad\u0131lar.<\/p>\n\n\n\n<figure class=\"wp-block-image size-large\"><img loading=\"lazy\" decoding=\"async\" width=\"1024\" height=\"768\" src=\"http:\/\/qtmm.org\/wp-content\/uploads\/2022\/01\/foto3_2-1024x768.jpeg\" alt=\"\" class=\"wp-image-25741\" srcset=\"https:\/\/qtmm.org\/wp-content\/uploads\/2022\/01\/foto3_2-1024x768.jpeg 1024w, https:\/\/qtmm.org\/wp-content\/uploads\/2022\/01\/foto3_2-300x225.jpeg 300w, https:\/\/qtmm.org\/wp-content\/uploads\/2022\/01\/foto3_2-768x576.jpeg 768w, https:\/\/qtmm.org\/wp-content\/uploads\/2022\/01\/foto3_2-1536x1152.jpeg 1536w, https:\/\/qtmm.org\/wp-content\/uploads\/2022\/01\/foto3_2-2048x1536.jpeg 2048w\" sizes=\"auto, (max-width: 1024px) 100vw, 1024px\" \/><\/figure>\n\n\n\n<p>Olardan:<\/p>\n\n\n\n<p>&nbsp;&#8211; q\u0131r\u0131mtatar tilinde oqut\u0131l\u011fan&nbsp; 15 mektepte 19 milliy s\u0131n\u0131f (298 talebe) a\u00e7\u0131ld\u0131;<\/p>\n\n\n\n<p>\u00a0&#8211; rus tilinde oqut\u0131l\u011fan 17\u00a0 ve 2, 3 tilli mepkteplerde 18 milliy s\u0131n\u0131f a\u00e7\u0131ld\u0131(242 talebe)<\/p>\n\n\n\n<figure class=\"wp-block-image size-large\"><img loading=\"lazy\" decoding=\"async\" width=\"1024\" height=\"768\" src=\"http:\/\/qtmm.org\/wp-content\/uploads\/2022\/01\/foto4_2-1024x768.jpeg\" alt=\"\" class=\"wp-image-25745\" srcset=\"https:\/\/qtmm.org\/wp-content\/uploads\/2022\/01\/foto4_2-1024x768.jpeg 1024w, https:\/\/qtmm.org\/wp-content\/uploads\/2022\/01\/foto4_2-300x225.jpeg 300w, https:\/\/qtmm.org\/wp-content\/uploads\/2022\/01\/foto4_2-768x576.jpeg 768w, https:\/\/qtmm.org\/wp-content\/uploads\/2022\/01\/foto4_2-1536x1152.jpeg 1536w, https:\/\/qtmm.org\/wp-content\/uploads\/2022\/01\/foto4_2-2048x1536.jpeg 2048w\" sizes=\"auto, (max-width: 1024px) 100vw, 1024px\" \/><\/figure>\n\n\n\n<p>Bug\u00fcn Q\u0131r\u0131mn\u0131\u00f1 b\u00fct\u00fcn mekteplerinde tantanal\u0131 topla\u015fuvlar old\u0131. Talebelerni \u00e7e\u015fit seviyedeki deputatlar, cemaat\u00e7\u0131l\u0131q ve elbette ki ana-babalar samimiy hay\u0131rlad\u0131lar. Bars\u0131n 2011-2012 oquv y\u0131l\u0131, bir \u00e7oq problemlerge baqmadan, bala ve ocalar\u0131m\u0131z i\u00e7\u00fcn quvan\u00e7l\u0131 olsun.<\/p>\n","protected":false},"excerpt":{"rendered":"<p>Birinci sent\u00e2br k\u00fcn\u00fc Ukraina mekteplerinde 4 million 500 bi\u00f1 talebe, \u015fu c\u00fcmleden Q\u0131r\u0131mdaki 190 bi\u00f1 talebe&nbsp; i\u00e7\u00fcn birinci \u00e7a\u00f1 qaq\u0131ld\u0131. Ukraina boyunca bug\u00fcn 416 bi\u00f1 birinci s\u0131n\u0131f talebesi, \u015fulardan Q\u0131r\u0131mda 17 bi\u00f1 900-i rale ba\u015f\u0131na oturd\u0131.\u00a0 Q\u0131r\u0131mtatar tasil hadimleri &#8220;Maarif\u00e7i&#8221; birle\u015fmesini\u00f1 reisi Safure Kacametova bergen mal\u00fcmatqa k\u00f6re, 2011 senesi mart ay\u0131ndan Q\u0131r\u0131mn\u0131\u00f1 q\u0131r\u0131mtatarlar toplu ya\u015fa\u011fan [&hellip;]<\/p>\n","protected":false},"author":1,"featured_media":25737,"comment_status":"open","ping_status":"open","sticky":false,"template":"","format":"standard","meta":{"inline_featured_image":false,"footnotes":""},"categories":[265],"tags":[],"class_list":["post-25736","post","type-post","status-publish","format-standard","has-post-thumbnail","hentry","category-haberler"],"acf":[],"yoast_head":"<!-- This site is optimized with the Yoast SEO plugin v27.4 - https:\/\/yoast.com\/product\/yoast-seo-wordpress\/ -->\n<title>&quot;B\u0130LG\u0130 BAYRAMI&quot; - \u041c\u0435\u0434\u0436\u043b\u0456\u0441<\/title>\n<meta name=\"robots\" content=\"index, follow, max-snippet:-1, max-image-preview:large, max-video-preview:-1\" \/>\n<link rel=\"canonical\" href=\"https:\/\/qtmm.org\/qt\/bilgi-bayrami\/\" \/>\n<meta property=\"og:locale\" content=\"en_US\" \/>\n<meta property=\"og:type\" content=\"article\" \/>\n<meta property=\"og:title\" content=\"&quot;B\u0130LG\u0130 BAYRAMI&quot; - \u041c\u0435\u0434\u0436\u043b\u0456\u0441\" \/>\n<meta property=\"og:description\" content=\"Birinci sent\u00e2br k\u00fcn\u00fc Ukraina mekteplerinde 4 million 500 bi\u00f1 talebe, \u015fu c\u00fcmleden Q\u0131r\u0131mdaki 190 bi\u00f1 talebe&nbsp; i\u00e7\u00fcn birinci \u00e7a\u00f1 qaq\u0131ld\u0131. Ukraina boyunca bug\u00fcn 416 bi\u00f1 birinci s\u0131n\u0131f talebesi, \u015fulardan Q\u0131r\u0131mda 17 bi\u00f1 900-i rale ba\u015f\u0131na oturd\u0131.\u00a0 Q\u0131r\u0131mtatar tasil hadimleri &#8220;Maarif\u00e7i&#8221; birle\u015fmesini\u00f1 reisi Safure Kacametova bergen mal\u00fcmatqa k\u00f6re, 2011 senesi mart ay\u0131ndan Q\u0131r\u0131mn\u0131\u00f1 q\u0131r\u0131mtatarlar toplu ya\u015fa\u011fan [&hellip;]\" \/>\n<meta property=\"og:url\" content=\"https:\/\/qtmm.org\/qt\/bilgi-bayrami\/\" \/>\n<meta property=\"og:site_name\" content=\"\u041c\u0435\u0434\u0436\u043b\u0456\u0441\" \/>\n<meta property=\"article:publisher\" content=\"https:\/\/www.facebook.com\/qtmm.info\/\" \/>\n<meta property=\"article:published_time\" content=\"2011-09-01T11:40:00+00:00\" \/>\n<meta property=\"article:modified_time\" content=\"2022-01-19T11:42:50+00:00\" \/>\n<meta property=\"og:image\" content=\"https:\/\/qtmm.org\/wp-content\/uploads\/2022\/01\/foto_1_2.jpeg\" \/>\n\t<meta property=\"og:image:width\" content=\"754\" \/>\n\t<meta property=\"og:image:height\" content=\"468\" \/>\n\t<meta property=\"og:image:type\" content=\"image\/jpeg\" \/>\n<meta name=\"author\" content=\"Developer\" \/>\n<meta name=\"twitter:card\" content=\"summary_large_image\" \/>\n<meta name=\"twitter:label1\" content=\"Written by\" \/>\n\t<meta name=\"twitter:data1\" content=\"Developer\" \/>\n\t<meta name=\"twitter:label2\" content=\"Est. reading time\" \/>\n\t<meta name=\"twitter:data2\" content=\"1 minute\" \/>\n<script type=\"application\/ld+json\" class=\"yoast-schema-graph\">{\"@context\":\"https:\\\/\\\/schema.org\",\"@graph\":[{\"@type\":\"Article\",\"@id\":\"https:\\\/\\\/qtmm.org\\\/qt\\\/bilgi-bayrami\\\/#article\",\"isPartOf\":{\"@id\":\"https:\\\/\\\/qtmm.org\\\/qt\\\/bilgi-bayrami\\\/\"},\"author\":{\"name\":\"Developer\",\"@id\":\"https:\\\/\\\/qtmm.org\\\/qt\\\/#\\\/schema\\\/person\\\/de562469f971dec226ac06e60bbf74a7\"},\"headline\":\"&#8220;B\u0130LG\u0130 BAYRAMI&#8221;\",\"datePublished\":\"2011-09-01T11:40:00+00:00\",\"dateModified\":\"2022-01-19T11:42:50+00:00\",\"mainEntityOfPage\":{\"@id\":\"https:\\\/\\\/qtmm.org\\\/qt\\\/bilgi-bayrami\\\/\"},\"wordCount\":270,\"commentCount\":0,\"publisher\":{\"@id\":\"https:\\\/\\\/qtmm.org\\\/qt\\\/#organization\"},\"image\":{\"@id\":\"https:\\\/\\\/qtmm.org\\\/qt\\\/bilgi-bayrami\\\/#primaryimage\"},\"thumbnailUrl\":\"https:\\\/\\\/qtmm.org\\\/wp-content\\\/uploads\\\/2022\\\/01\\\/foto_1_2.jpeg\",\"articleSection\":[\"Haberler\"],\"inLanguage\":\"qt\",\"potentialAction\":[{\"@type\":\"CommentAction\",\"name\":\"Comment\",\"target\":[\"https:\\\/\\\/qtmm.org\\\/qt\\\/bilgi-bayrami\\\/#respond\"]}]},{\"@type\":\"WebPage\",\"@id\":\"https:\\\/\\\/qtmm.org\\\/qt\\\/bilgi-bayrami\\\/\",\"url\":\"https:\\\/\\\/qtmm.org\\\/qt\\\/bilgi-bayrami\\\/\",\"name\":\"\\\"B\u0130LG\u0130 BAYRAMI\\\" - \u041c\u0435\u0434\u0436\u043b\u0456\u0441\",\"isPartOf\":{\"@id\":\"https:\\\/\\\/qtmm.org\\\/qt\\\/#website\"},\"primaryImageOfPage\":{\"@id\":\"https:\\\/\\\/qtmm.org\\\/qt\\\/bilgi-bayrami\\\/#primaryimage\"},\"image\":{\"@id\":\"https:\\\/\\\/qtmm.org\\\/qt\\\/bilgi-bayrami\\\/#primaryimage\"},\"thumbnailUrl\":\"https:\\\/\\\/qtmm.org\\\/wp-content\\\/uploads\\\/2022\\\/01\\\/foto_1_2.jpeg\",\"datePublished\":\"2011-09-01T11:40:00+00:00\",\"dateModified\":\"2022-01-19T11:42:50+00:00\",\"breadcrumb\":{\"@id\":\"https:\\\/\\\/qtmm.org\\\/qt\\\/bilgi-bayrami\\\/#breadcrumb\"},\"inLanguage\":\"qt\",\"potentialAction\":[{\"@type\":\"ReadAction\",\"target\":[\"https:\\\/\\\/qtmm.org\\\/qt\\\/bilgi-bayrami\\\/\"]}]},{\"@type\":\"ImageObject\",\"inLanguage\":\"qt\",\"@id\":\"https:\\\/\\\/qtmm.org\\\/qt\\\/bilgi-bayrami\\\/#primaryimage\",\"url\":\"https:\\\/\\\/qtmm.org\\\/wp-content\\\/uploads\\\/2022\\\/01\\\/foto_1_2.jpeg\",\"contentUrl\":\"https:\\\/\\\/qtmm.org\\\/wp-content\\\/uploads\\\/2022\\\/01\\\/foto_1_2.jpeg\",\"width\":754,\"height\":468,\"caption\":\"OLYMPUS DIGITAL CAMERA\"},{\"@type\":\"BreadcrumbList\",\"@id\":\"https:\\\/\\\/qtmm.org\\\/qt\\\/bilgi-bayrami\\\/#breadcrumb\",\"itemListElement\":[{\"@type\":\"ListItem\",\"position\":1,\"name\":\"\u0413\u043e\u043b\u043e\u0432\u043d\u0430\",\"item\":\"https:\\\/\\\/qtmm.org\\\/qt\\\/\"},{\"@type\":\"ListItem\",\"position\":2,\"name\":\"&#8220;B\u0130LG\u0130 BAYRAMI&#8221;\"}]},{\"@type\":\"WebSite\",\"@id\":\"https:\\\/\\\/qtmm.org\\\/qt\\\/#website\",\"url\":\"https:\\\/\\\/qtmm.org\\\/qt\\\/\",\"name\":\"\u041c\u0435\u0434\u0436\u043b\u0456\u0441\",\"description\":\"\",\"publisher\":{\"@id\":\"https:\\\/\\\/qtmm.org\\\/qt\\\/#organization\"},\"potentialAction\":[{\"@type\":\"SearchAction\",\"target\":{\"@type\":\"EntryPoint\",\"urlTemplate\":\"https:\\\/\\\/qtmm.org\\\/qt\\\/?s={search_term_string}\"},\"query-input\":{\"@type\":\"PropertyValueSpecification\",\"valueRequired\":true,\"valueName\":\"search_term_string\"}}],\"inLanguage\":\"qt\"},{\"@type\":\"Organization\",\"@id\":\"https:\\\/\\\/qtmm.org\\\/qt\\\/#organization\",\"name\":\"\u041c\u0435\u0434\u0436\u043b\u0456\u0441\",\"url\":\"https:\\\/\\\/qtmm.org\\\/qt\\\/\",\"logo\":{\"@type\":\"ImageObject\",\"inLanguage\":\"qt\",\"@id\":\"https:\\\/\\\/qtmm.org\\\/qt\\\/#\\\/schema\\\/logo\\\/image\\\/\",\"url\":\"https:\\\/\\\/qtmm.org\\\/wp-content\\\/uploads\\\/2024\\\/12\\\/ua-mejlis-logo-rgb.svg\",\"contentUrl\":\"https:\\\/\\\/qtmm.org\\\/wp-content\\\/uploads\\\/2024\\\/12\\\/ua-mejlis-logo-rgb.svg\",\"caption\":\"\u041c\u0435\u0434\u0436\u043b\u0456\u0441\"},\"image\":{\"@id\":\"https:\\\/\\\/qtmm.org\\\/qt\\\/#\\\/schema\\\/logo\\\/image\\\/\"},\"sameAs\":[\"https:\\\/\\\/www.facebook.com\\\/qtmm.info\\\/\"]},{\"@type\":\"Person\",\"@id\":\"https:\\\/\\\/qtmm.org\\\/qt\\\/#\\\/schema\\\/person\\\/de562469f971dec226ac06e60bbf74a7\",\"name\":\"Developer\",\"image\":{\"@type\":\"ImageObject\",\"inLanguage\":\"qt\",\"@id\":\"https:\\\/\\\/secure.gravatar.com\\\/avatar\\\/392b4cc8fbfeb00b39dfeeab4ee6edded39ffd48e25858637e4765810300227e?s=96&d=mm&r=g\",\"url\":\"https:\\\/\\\/secure.gravatar.com\\\/avatar\\\/392b4cc8fbfeb00b39dfeeab4ee6edded39ffd48e25858637e4765810300227e?s=96&d=mm&r=g\",\"contentUrl\":\"https:\\\/\\\/secure.gravatar.com\\\/avatar\\\/392b4cc8fbfeb00b39dfeeab4ee6edded39ffd48e25858637e4765810300227e?s=96&d=mm&r=g\",\"caption\":\"Developer\"},\"url\":\"https:\\\/\\\/qtmm.org\\\/qt\\\/author\\\/Developer\\\/\"}]}<\/script>\n<!-- \/ Yoast SEO plugin. -->","yoast_head_json":{"title":"\"B\u0130LG\u0130 BAYRAMI\" - \u041c\u0435\u0434\u0436\u043b\u0456\u0441","robots":{"index":"index","follow":"follow","max-snippet":"max-snippet:-1","max-image-preview":"max-image-preview:large","max-video-preview":"max-video-preview:-1"},"canonical":"https:\/\/qtmm.org\/qt\/bilgi-bayrami\/","og_locale":"en_US","og_type":"article","og_title":"\"B\u0130LG\u0130 BAYRAMI\" - \u041c\u0435\u0434\u0436\u043b\u0456\u0441","og_description":"Birinci sent\u00e2br k\u00fcn\u00fc Ukraina mekteplerinde 4 million 500 bi\u00f1 talebe, \u015fu c\u00fcmleden Q\u0131r\u0131mdaki 190 bi\u00f1 talebe&nbsp; i\u00e7\u00fcn birinci \u00e7a\u00f1 qaq\u0131ld\u0131. Ukraina boyunca bug\u00fcn 416 bi\u00f1 birinci s\u0131n\u0131f talebesi, \u015fulardan Q\u0131r\u0131mda 17 bi\u00f1 900-i rale ba\u015f\u0131na oturd\u0131.\u00a0 Q\u0131r\u0131mtatar tasil hadimleri &#8220;Maarif\u00e7i&#8221; birle\u015fmesini\u00f1 reisi Safure Kacametova bergen mal\u00fcmatqa k\u00f6re, 2011 senesi mart ay\u0131ndan Q\u0131r\u0131mn\u0131\u00f1 q\u0131r\u0131mtatarlar toplu ya\u015fa\u011fan [&hellip;]","og_url":"https:\/\/qtmm.org\/qt\/bilgi-bayrami\/","og_site_name":"\u041c\u0435\u0434\u0436\u043b\u0456\u0441","article_publisher":"https:\/\/www.facebook.com\/qtmm.info\/","article_published_time":"2011-09-01T11:40:00+00:00","article_modified_time":"2022-01-19T11:42:50+00:00","og_image":[{"width":754,"height":468,"url":"https:\/\/qtmm.org\/wp-content\/uploads\/2022\/01\/foto_1_2.jpeg","type":"image\/jpeg"}],"author":"Developer","twitter_card":"summary_large_image","twitter_misc":{"Written by":"Developer","Est. reading time":"1 minute"},"schema":{"@context":"https:\/\/schema.org","@graph":[{"@type":"Article","@id":"https:\/\/qtmm.org\/qt\/bilgi-bayrami\/#article","isPartOf":{"@id":"https:\/\/qtmm.org\/qt\/bilgi-bayrami\/"},"author":{"name":"Developer","@id":"https:\/\/qtmm.org\/qt\/#\/schema\/person\/de562469f971dec226ac06e60bbf74a7"},"headline":"&#8220;B\u0130LG\u0130 BAYRAMI&#8221;","datePublished":"2011-09-01T11:40:00+00:00","dateModified":"2022-01-19T11:42:50+00:00","mainEntityOfPage":{"@id":"https:\/\/qtmm.org\/qt\/bilgi-bayrami\/"},"wordCount":270,"commentCount":0,"publisher":{"@id":"https:\/\/qtmm.org\/qt\/#organization"},"image":{"@id":"https:\/\/qtmm.org\/qt\/bilgi-bayrami\/#primaryimage"},"thumbnailUrl":"https:\/\/qtmm.org\/wp-content\/uploads\/2022\/01\/foto_1_2.jpeg","articleSection":["Haberler"],"inLanguage":"qt","potentialAction":[{"@type":"CommentAction","name":"Comment","target":["https:\/\/qtmm.org\/qt\/bilgi-bayrami\/#respond"]}]},{"@type":"WebPage","@id":"https:\/\/qtmm.org\/qt\/bilgi-bayrami\/","url":"https:\/\/qtmm.org\/qt\/bilgi-bayrami\/","name":"\"B\u0130LG\u0130 BAYRAMI\" - \u041c\u0435\u0434\u0436\u043b\u0456\u0441","isPartOf":{"@id":"https:\/\/qtmm.org\/qt\/#website"},"primaryImageOfPage":{"@id":"https:\/\/qtmm.org\/qt\/bilgi-bayrami\/#primaryimage"},"image":{"@id":"https:\/\/qtmm.org\/qt\/bilgi-bayrami\/#primaryimage"},"thumbnailUrl":"https:\/\/qtmm.org\/wp-content\/uploads\/2022\/01\/foto_1_2.jpeg","datePublished":"2011-09-01T11:40:00+00:00","dateModified":"2022-01-19T11:42:50+00:00","breadcrumb":{"@id":"https:\/\/qtmm.org\/qt\/bilgi-bayrami\/#breadcrumb"},"inLanguage":"qt","potentialAction":[{"@type":"ReadAction","target":["https:\/\/qtmm.org\/qt\/bilgi-bayrami\/"]}]},{"@type":"ImageObject","inLanguage":"qt","@id":"https:\/\/qtmm.org\/qt\/bilgi-bayrami\/#primaryimage","url":"https:\/\/qtmm.org\/wp-content\/uploads\/2022\/01\/foto_1_2.jpeg","contentUrl":"https:\/\/qtmm.org\/wp-content\/uploads\/2022\/01\/foto_1_2.jpeg","width":754,"height":468,"caption":"OLYMPUS DIGITAL CAMERA"},{"@type":"BreadcrumbList","@id":"https:\/\/qtmm.org\/qt\/bilgi-bayrami\/#breadcrumb","itemListElement":[{"@type":"ListItem","position":1,"name":"\u0413\u043e\u043b\u043e\u0432\u043d\u0430","item":"https:\/\/qtmm.org\/qt\/"},{"@type":"ListItem","position":2,"name":"&#8220;B\u0130LG\u0130 BAYRAMI&#8221;"}]},{"@type":"WebSite","@id":"https:\/\/qtmm.org\/qt\/#website","url":"https:\/\/qtmm.org\/qt\/","name":"\u041c\u0435\u0434\u0436\u043b\u0456\u0441","description":"","publisher":{"@id":"https:\/\/qtmm.org\/qt\/#organization"},"potentialAction":[{"@type":"SearchAction","target":{"@type":"EntryPoint","urlTemplate":"https:\/\/qtmm.org\/qt\/?s={search_term_string}"},"query-input":{"@type":"PropertyValueSpecification","valueRequired":true,"valueName":"search_term_string"}}],"inLanguage":"qt"},{"@type":"Organization","@id":"https:\/\/qtmm.org\/qt\/#organization","name":"\u041c\u0435\u0434\u0436\u043b\u0456\u0441","url":"https:\/\/qtmm.org\/qt\/","logo":{"@type":"ImageObject","inLanguage":"qt","@id":"https:\/\/qtmm.org\/qt\/#\/schema\/logo\/image\/","url":"https:\/\/qtmm.org\/wp-content\/uploads\/2024\/12\/ua-mejlis-logo-rgb.svg","contentUrl":"https:\/\/qtmm.org\/wp-content\/uploads\/2024\/12\/ua-mejlis-logo-rgb.svg","caption":"\u041c\u0435\u0434\u0436\u043b\u0456\u0441"},"image":{"@id":"https:\/\/qtmm.org\/qt\/#\/schema\/logo\/image\/"},"sameAs":["https:\/\/www.facebook.com\/qtmm.info\/"]},{"@type":"Person","@id":"https:\/\/qtmm.org\/qt\/#\/schema\/person\/de562469f971dec226ac06e60bbf74a7","name":"Developer","image":{"@type":"ImageObject","inLanguage":"qt","@id":"https:\/\/secure.gravatar.com\/avatar\/392b4cc8fbfeb00b39dfeeab4ee6edded39ffd48e25858637e4765810300227e?s=96&d=mm&r=g","url":"https:\/\/secure.gravatar.com\/avatar\/392b4cc8fbfeb00b39dfeeab4ee6edded39ffd48e25858637e4765810300227e?s=96&d=mm&r=g","contentUrl":"https:\/\/secure.gravatar.com\/avatar\/392b4cc8fbfeb00b39dfeeab4ee6edded39ffd48e25858637e4765810300227e?s=96&d=mm&r=g","caption":"Developer"},"url":"https:\/\/qtmm.org\/qt\/author\/Developer\/"}]}},"_links":{"self":[{"href":"https:\/\/qtmm.org\/qt\/wp-json\/wp\/v2\/posts\/25736","targetHints":{"allow":["GET"]}}],"collection":[{"href":"https:\/\/qtmm.org\/qt\/wp-json\/wp\/v2\/posts"}],"about":[{"href":"https:\/\/qtmm.org\/qt\/wp-json\/wp\/v2\/types\/post"}],"author":[{"embeddable":true,"href":"https:\/\/qtmm.org\/qt\/wp-json\/wp\/v2\/users\/1"}],"replies":[{"embeddable":true,"href":"https:\/\/qtmm.org\/qt\/wp-json\/wp\/v2\/comments?post=25736"}],"version-history":[{"count":1,"href":"https:\/\/qtmm.org\/qt\/wp-json\/wp\/v2\/posts\/25736\/revisions"}],"predecessor-version":[{"id":25749,"href":"https:\/\/qtmm.org\/qt\/wp-json\/wp\/v2\/posts\/25736\/revisions\/25749"}],"wp:featuredmedia":[{"embeddable":true,"href":"https:\/\/qtmm.org\/qt\/wp-json\/wp\/v2\/media\/25737"}],"wp:attachment":[{"href":"https:\/\/qtmm.org\/qt\/wp-json\/wp\/v2\/media?parent=25736"}],"wp:term":[{"taxonomy":"category","embeddable":true,"href":"https:\/\/qtmm.org\/qt\/wp-json\/wp\/v2\/categories?post=25736"},{"taxonomy":"post_tag","embeddable":true,"href":"https:\/\/qtmm.org\/qt\/wp-json\/wp\/v2\/tags?post=25736"}],"curies":[{"name":"wp","href":"https:\/\/api.w.org\/{rel}","templated":true}]}}