




{"id":25734,"date":"2011-09-01T14:39:00","date_gmt":"2011-09-01T11:39:00","guid":{"rendered":"http:\/\/qtmm.org\/?p=25734"},"modified":"2022-01-19T14:40:37","modified_gmt":"2022-01-19T11:40:37","slug":"mustafa-cemilev-bayram-kunleri-meni-ceza-odasina-qapatir-ediler","status":"publish","type":"post","link":"https:\/\/qtmm.org\/qt\/mustafa-cemilev-bayram-kunleri-meni-ceza-odasina-qapatir-ediler\/","title":{"rendered":"Mustafa Cemilev: &#8220;Bayram k\u00fcnleri meni ceza odas\u0131na qapat\u0131r ediler&#8221;"},"content":{"rendered":"\n<p>T\u00fcnevin musulmanlarn\u0131\u00f1 mubarek Ramazan ay\u0131 bitip, \u00fc\u00e7 k\u00fcn devam etken Oraza bayram\u0131 ba\u015fland\u0131. On\u0131 q\u0131r\u0131mtatarlar\u0131 da qayd eteler. Saba erte erkekler, \u015fu c\u00fcmleden&nbsp; bala\u00e7\u0131qlar da yaq\u0131n etraftaki camilerge bayram namaz\u0131na bard\u0131lar.&nbsp;&nbsp; &#8220;Segodn\u00e2&#8221; \u015fularn\u0131\u00f1 birisi \u2013 Ba\u011f\u00e7asaray \u015feeri 6-nc\u0131 mikrorayondaki camide bulund\u0131.&nbsp; M\u0131nda namaz q\u0131lmaq i\u00e7\u00fcn 15 daqqa erte Meclisni\u00f1 reisi Mustafa Cemilev de keldi.<\/p>\n\n\n\n<p>Yerli sakinler on\u0131\u00f1 aqq\u0131nda tek eyi s\u00f6zler ayt\u0131p, on\u0131 er cuma ve bayram namaz\u0131na kelgen dindar bir insan, dep \u00fcrmet eteler. &#8220;O, adetlerimizni k\u00fctmege t\u0131r\u0131\u015fa,&nbsp; dey ba\u011f\u00e7asarayl\u0131 Seyran Saliyev. \u2013 Mustafa-a\u011fa adamlar\u011fa maddiy yard\u0131m&nbsp; bere, hasta balalarn\u0131 qay\u011f\u0131ra. \u0130nsan olaraq, Cemilev pek cesaretli, kommunist partiyas\u0131na o e\u00f1 k\u00fc\u00e7l\u00fc ol\u011fan devirde qar\u015f\u0131 \u00e7\u0131qma\u011fa qorqmad\u0131, orduda h\u0131zmet etmekten ba\u015f \u00e7ekti. Bu i\u015f er kesni\u00f1 elinden kelmez. K\u00fcnl\u00fck \u00f6m\u00fcrimizde Mustafa-a\u011fa pek sade insan, o\u00f1a er angi ricanen muracaat etmek m\u00fcmk\u00fcn. Bo\u015f vaqt\u0131 ol\u011fanda biznen qonu\u015fa, amma a\u015f\u0131qqanda kimseni k\u00f6rmey&#8221;\u2026<\/p>\n\n\n\n<p>&nbsp;M\u0131na namaz da bitti. Namaz q\u0131l\u011fanlar \u00e7\u0131q\u0131\u015fta qoyul\u011fan \u0130hsan qutus\u0131na para ta\u015flay. Kimisi&nbsp; &#8211; 20, ba\u015fqas\u0131 \u2013 200 grivn\u00e2.&nbsp; Cemilevni bek\u00e7isi&nbsp; qar\u015f\u0131lap ald\u0131. T\u0131\u015far\u0131 \u00e7qqan\u0131nen tan\u0131\u015flar\u0131n\u0131 k\u00f6rgen Mustafa-a\u011fa sel\u00e2mla\u015ft\u0131 ve lafqa tutuld\u0131. Bir qa\u00e7 daqqadan ise kenar\u011fa \u00e7ekilip t\u00fct\u00fcn yaqt\u0131.&nbsp;<\/p>\n\n\n\n<p><em>&nbsp;&#8211;&nbsp; Mustafa-a\u011fa, bayramn\u0131 nas\u0131l qayd etesi\u00f1iz?<\/em><\/p>\n\n\n\n<p>&nbsp;&#8211; Adettekisi kibi. Sabadan ana-baba qabirini ziyaret etip, ruhlar\u0131na dua oqud\u0131m. So\u00f1ra evge qayt\u0131p, musafir qar\u015f\u0131lad\u0131m.&nbsp; Aqrabalar\u0131m ve yaq\u0131n arqada\u015flar\u0131m keldi. Yaz\u0131q ki, Q\u0131r\u0131mda Ba\u011f\u00e7asarayda defn etilgen anam Mahfureni\u00f1 mezar\u0131n\u0131 ziyaret etip olam. Babam&nbsp; \u2013 Abdulcemil \u2013 \u00d6zbekistanda c\u0131y\u0131ld\u0131, s\u00fcrg\u00fcnlikten \u00f6yle de qayt\u0131p kelmedi.<\/p>\n\n\n\n<p>&nbsp;Adeti \u00fczre bu k\u00fcnlerde soy-aqrabalar bir-birlerini yoqlaylar, hay\u0131rlaylar. Aq\u015fam\u011fa mecliske kettim \u2013 anda azalar\u0131m\u0131z toplan\u0131p,&nbsp; biri-birimizni bayramnen hay\u0131rlad\u0131q. Muhtac insanlar\u011fa yard\u0131m etemiz. \u00d6ks\u00fczlerni sevindirmek \u2013 pek b\u00fcy\u00fck savap. Deputat maa\u015f\u0131 bu\u00f1a imk\u00e2n bere.<\/p>\n\n\n\n<p><em>&nbsp;&#8211;&nbsp; Ramazanda oraza tut\u0131p old\u0131\u00f1\u0131zm\u0131?<\/em><\/p>\n\n\n\n<p>&nbsp;&#8211;&nbsp; Er y\u0131l\u0131 tutam. Eger t\u00fct\u00fcn i\u00e7mek m\u00fcmk\u00fcn olsa, asl\u0131 da b\u00fct\u00fcn \u00f6m\u00fcrim oraza tutar edim.&nbsp; Ma\u00f1a i\u00e7 q\u0131y\u0131nl\u0131\u011f\u0131 yoqt\u0131r, \u00f6z vaqt\u0131nda, a\u00e7l\u0131q tutqan\u0131mda men 303 ku\u00f1 i\u00e7 bir \u015fey a\u015famad\u0131m. Vucud\u0131m b\u00f6yle s\u0131nav\u011fa al\u0131\u015ft\u0131.<\/p>\n\n\n\n<p><em>&nbsp;&#8211;&nbsp;&nbsp; Bayram sofras\u0131nda ne olacaq?<\/em><\/p>\n\n\n\n<p>&nbsp;&#8211;&nbsp; \u015eimdi bollul\u0131q: bayram olsun, bayram olmas\u0131n farq\u0131 yoqt\u0131r. Ebet, musafirler kelecegini bilip, lezetli yemekler, yani \u00e7iberek, milliy a\u015flar pi\u015firmege t\u0131r\u0131\u015fam\u0131z. Kebab yapma\u011fa vaq\u0131t yoq.<\/p>\n\n\n\n<p><em>&nbsp;&#8211;&nbsp; Refiqa\u00f1\u0131z Safinar usta a\u015f\u00e7\u0131d\u0131r ebet?<\/em><\/p>\n\n\n\n<p>&nbsp;&#8211; &nbsp;Yah\u015f\u0131 a\u015f pi\u015firgenini bilip o\u00f1a evlendim.<\/p>\n\n\n\n<p>&nbsp;<em>&#8211;&nbsp; Bayram a\u015flar\u0131ndan nelerni ziyade sevesi\u00f1iz?<\/em><\/p>\n\n\n\n<p>&nbsp;&#8211;&nbsp; Bu bayram a\u015f\u0131, bu bayram a\u015f\u0131 degil, dep a\u015f saylamay\u0131m. Qad\u0131n\u0131m ne az\u0131rla\u011fan olsa, on\u0131 a\u015fay\u0131m. Em a\u015fqa pek \u0131nc\u0131q degilim, \u00e7oq y\u0131llar\u0131mn\u0131 yah\u015f\u0131 a\u015f berilmegen yerlerde ke\u00e7irdim.<\/p>\n\n\n\n<p><em>&nbsp;&#8211;&nbsp; Bayramnen ba\u011fl\u0131 e\u00f1 ayd\u0131n hat\u0131ra\u00f1\u0131z \u2013 balal\u0131qtam\u0131 ya da b\u00fcy\u00fcgen so\u00f1m\u0131?<\/em><\/p>\n\n\n\n<p>&nbsp;&#8211; Diniy&nbsp; bayramlar biz i\u00e7\u00fcn daima ayd\u0131n k\u00fcnlerdir. Sovetler devirinde diniy bayramlar yasaq edi, camige bar\u011fanlar taz\u0131y\u0131q al\u0131r, s\u00f6g\u00fc\u015f a\u015far ediler. L\u00e2kin, ep bir olar aq\u0131l\u0131m\u0131zda qald\u0131. Bu bayramlarn\u0131 sab\u0131rs\u0131zl\u0131qnen bekley edik \u2013 temiz urba, ya\u00f1\u0131 parusin ayaqqaplar. Olar e\u00f1 ucuz olsa da, ya\u00f1\u0131 ediler.&nbsp;<\/p>\n\n\n\n<p><em>&nbsp;&#8211;&nbsp; Siz sovetlerge qar\u015f\u0131 faaliyeti\u00f1iz i\u00e7\u00fcn 15 sene parmaql\u0131q art\u0131nda ke\u00e7irdi\u00f1iz. Anda bayramn\u0131 qayd etip ola edi\u00f1izmi?<\/em><\/p>\n\n\n\n<p>&nbsp;&#8211; Bayram k\u00fcnleri meni, kimse kelmesin, \u015famata \u00e7\u0131qarmas\u0131n, diye&nbsp; izol\u00e2tor yani ceza odas\u0131na qapat\u0131r ediler.&nbsp; M\u0131tlaqa bir mana\u00e7\u0131q t\u00fc\u015f\u00fcnip \u00e7\u0131qara ediler. Siyasiy mahb\u00fcsler i\u00e7\u00fcn bayram k\u00fcnleri e\u00f1 a\u011f\u0131r k\u00fcnler edi: er kesni tinte, rejimni daa da sertle\u015ftire ediler. Eger ba\u015fqa k\u00fcnleri lagerde er kes biri-birine musafirlikke bar\u0131p, \u00e7ay i\u00e7seler, bayram k\u00fcnleri b\u00fct\u00fcn bular yasaq etildi.&nbsp; Apste bu adiy bir al. Amma, cinayet\u00e7iler b\u00f6yle vaq\u0131tta da \u00e7aresini tap\u0131p, raq\u0131 ve afyon i\u00e7e ediler. Siyasiyler ise ayr\u0131ca nezaret alt\u0131nda ediler<\/p>\n\n\n\n<p><em>&nbsp;&#8211;&nbsp; Oraza bayram s\u00fcrg\u00fcnlikte nas\u0131l qayd etile edi?<\/em><\/p>\n\n\n\n<p>&nbsp;&#8211; Adette, \u00d6zbekistanda camige barmay ediler. \u0130mamlar&nbsp; gebecilerni\u00f1 casuslar\u0131 edi.&nbsp; Yar\u0131mada\u011fa qaytqan so\u00f1 ayn\u0131 \u015fu mollalar akimlerni\u00f1 emirine boysun\u0131p, q\u0131pr\u0131mtatarlar\u011fa qar\u015f\u0131 i\u015f\u00e7 al\u0131p bard\u0131lar. \u015eun\u0131\u00f1 i\u00e7\u00fcn de \u00e7oqus\u0131 q\u0131r\u0131mtatarlar evlerinde&nbsp; namaz q\u0131l\u0131p, mezarl\u0131qqa bara ve so\u00f1ra musafir qar\u015f\u0131lar ediler. Q\u0131r\u0131mda ise bayramn\u0131\u00f1 birinci k\u00fcn\u00fc olmasa da, ekinci k\u00fcn\u00fc m\u0131tlaqa balaban bayramlar yapmaq ananesi peyda old\u0131, yar\u0131n Aqmescitte b\u00f6yle tantana ke\u00e7irilecek.<\/p>\n\n\n\n<p><em>&nbsp;&#8211;&nbsp; Siz i\u00e7\u00fcn Alla\u011fa iman nedir?<\/em><\/p>\n\n\n\n<p>&nbsp;&#8211; Nas\u0131l aytsam\u2026 Dindar adam Rabbisine inana, on\u0131\u00f1 emirlerine itaat ete.&nbsp; \u0130man temizley, yaramay i\u015flerden qor\u00e7alay. Biz Q\u0131r\u0131mda \u0130sl\u00e2mn\u0131 \u011fayr\u0131dan tiklemektemiz.<\/p>\n\n\n\n<p><em>&nbsp;&#8211;&nbsp; \u0130man ayat\u0131\u00f1\u0131zda yard\u0131m ettimi?<\/em><\/p>\n\n\n\n<p>&nbsp;&#8211;&nbsp; Daima yard\u0131m etti. A\u011f\u0131r k\u00fcnlerde yek\u00e2ne i\u015fan\u00e7\u0131m\u0131z, tayan\u00e7\u0131m\u0131z ve yard\u0131mc\u0131m\u0131z Allad\u0131r.<\/p>\n\n\n\n<p><em>&nbsp;&#8211; Sizni siyaset\u00e7iler hay\u0131rlaym\u0131?<\/em><\/p>\n\n\n\n<p>&nbsp;&#8211;&nbsp; Din cemiyetleri, \u0130sl\u00e2m devletlerini\u00f1 el\u00e7ilikleri hay\u0131rlaylar. Mecliske bir s\u00fcr\u00fc telegramma ve a\u00e7\u0131q mekt\u00fcpler kele.&nbsp; Devletni\u00f1 yolba\u015f\u00e7\u0131lar\u0131 ise &#8211; olsun Yu\u015f\u00e7enko ya da ba\u015fqas\u0131n\u0131\u00f1 aq\u0131l\u0131na biz hat\u0131rlatqanda t\u00fc\u015fe : &#8220;Reygan bile hay\u0131rlay edi, ne i\u00e7\u00fcn siz bun\u0131 yapmays\u0131z?&#8221;. Metinni yaz\u0131p bersek, olar imzalay&nbsp; ve so\u00f1ra derc eteler. Teess\u00fcf ki, protokol i\u015fleri al\u00e2 daa keregi kibi tertipte degil.<\/p>\n\n\n\n<p class=\"has-text-align-right\"><em>Aleksey Lohvitskiy,\u00a0<a href=\"http:\/\/www.segodnya.ua\/interview\/14283610.html\" target=\"_blank\" rel=\"noreferrer noopener\">&#8220;SEGODN\u00c2&#8221;.<\/a><\/em><\/p>\n","protected":false},"excerpt":{"rendered":"<p>T\u00fcnevin musulmanlarn\u0131\u00f1 mubarek Ramazan ay\u0131 bitip, \u00fc\u00e7 k\u00fcn devam etken Oraza bayram\u0131 ba\u015fland\u0131. On\u0131 q\u0131r\u0131mtatarlar\u0131 da qayd eteler. Saba erte erkekler, \u015fu c\u00fcmleden&nbsp; bala\u00e7\u0131qlar da yaq\u0131n etraftaki camilerge bayram namaz\u0131na bard\u0131lar.&nbsp;&nbsp; &#8220;Segodn\u00e2&#8221; \u015fularn\u0131\u00f1 birisi \u2013 Ba\u011f\u00e7asaray \u015feeri 6-nc\u0131 mikrorayondaki camide bulund\u0131.&nbsp; M\u0131nda namaz q\u0131lmaq i\u00e7\u00fcn 15 daqqa erte Meclisni\u00f1 reisi Mustafa Cemilev de keldi. Yerli [&hellip;]<\/p>\n","protected":false},"author":1,"featured_media":0,"comment_status":"open","ping_status":"open","sticky":false,"template":"","format":"standard","meta":{"inline_featured_image":false,"footnotes":""},"categories":[265],"tags":[],"class_list":["post-25734","post","type-post","status-publish","format-standard","hentry","category-haberler"],"acf":[],"yoast_head":"<!-- This site is optimized with the Yoast SEO plugin v27.4 - https:\/\/yoast.com\/product\/yoast-seo-wordpress\/ -->\n<title>Mustafa Cemilev: &quot;Bayram k\u00fcnleri meni ceza odas\u0131na qapat\u0131r ediler&quot; - \u041c\u0435\u0434\u0436\u043b\u0456\u0441<\/title>\n<meta name=\"robots\" content=\"index, follow, max-snippet:-1, max-image-preview:large, max-video-preview:-1\" \/>\n<link rel=\"canonical\" href=\"https:\/\/qtmm.org\/qt\/mustafa-cemilev-bayram-kunleri-meni-ceza-odasina-qapatir-ediler\/\" \/>\n<meta property=\"og:locale\" content=\"en_US\" \/>\n<meta property=\"og:type\" content=\"article\" \/>\n<meta property=\"og:title\" content=\"Mustafa Cemilev: &quot;Bayram k\u00fcnleri meni ceza odas\u0131na qapat\u0131r ediler&quot; - \u041c\u0435\u0434\u0436\u043b\u0456\u0441\" \/>\n<meta property=\"og:description\" content=\"T\u00fcnevin musulmanlarn\u0131\u00f1 mubarek Ramazan ay\u0131 bitip, \u00fc\u00e7 k\u00fcn devam etken Oraza bayram\u0131 ba\u015fland\u0131. On\u0131 q\u0131r\u0131mtatarlar\u0131 da qayd eteler. Saba erte erkekler, \u015fu c\u00fcmleden&nbsp; bala\u00e7\u0131qlar da yaq\u0131n etraftaki camilerge bayram namaz\u0131na bard\u0131lar.&nbsp;&nbsp; &#8220;Segodn\u00e2&#8221; \u015fularn\u0131\u00f1 birisi \u2013 Ba\u011f\u00e7asaray \u015feeri 6-nc\u0131 mikrorayondaki camide bulund\u0131.&nbsp; M\u0131nda namaz q\u0131lmaq i\u00e7\u00fcn 15 daqqa erte Meclisni\u00f1 reisi Mustafa Cemilev de keldi. Yerli [&hellip;]\" \/>\n<meta property=\"og:url\" content=\"https:\/\/qtmm.org\/qt\/mustafa-cemilev-bayram-kunleri-meni-ceza-odasina-qapatir-ediler\/\" \/>\n<meta property=\"og:site_name\" content=\"\u041c\u0435\u0434\u0436\u043b\u0456\u0441\" \/>\n<meta property=\"article:publisher\" content=\"https:\/\/www.facebook.com\/qtmm.info\/\" \/>\n<meta property=\"article:published_time\" content=\"2011-09-01T11:39:00+00:00\" \/>\n<meta property=\"article:modified_time\" content=\"2022-01-19T11:40:37+00:00\" \/>\n<meta name=\"author\" content=\"Developer\" \/>\n<meta name=\"twitter:card\" content=\"summary_large_image\" \/>\n<meta name=\"twitter:label1\" content=\"Written by\" \/>\n\t<meta name=\"twitter:data1\" content=\"Developer\" \/>\n\t<meta name=\"twitter:label2\" content=\"Est. reading time\" \/>\n\t<meta name=\"twitter:data2\" content=\"5 minutes\" \/>\n<script type=\"application\/ld+json\" class=\"yoast-schema-graph\">{\"@context\":\"https:\\\/\\\/schema.org\",\"@graph\":[{\"@type\":\"Article\",\"@id\":\"https:\\\/\\\/qtmm.org\\\/qt\\\/mustafa-cemilev-bayram-kunleri-meni-ceza-odasina-qapatir-ediler\\\/#article\",\"isPartOf\":{\"@id\":\"https:\\\/\\\/qtmm.org\\\/qt\\\/mustafa-cemilev-bayram-kunleri-meni-ceza-odasina-qapatir-ediler\\\/\"},\"author\":{\"name\":\"Developer\",\"@id\":\"https:\\\/\\\/qtmm.org\\\/qt\\\/#\\\/schema\\\/person\\\/de562469f971dec226ac06e60bbf74a7\"},\"headline\":\"Mustafa Cemilev: &#8220;Bayram k\u00fcnleri meni ceza odas\u0131na qapat\u0131r ediler&#8221;\",\"datePublished\":\"2011-09-01T11:39:00+00:00\",\"dateModified\":\"2022-01-19T11:40:37+00:00\",\"mainEntityOfPage\":{\"@id\":\"https:\\\/\\\/qtmm.org\\\/qt\\\/mustafa-cemilev-bayram-kunleri-meni-ceza-odasina-qapatir-ediler\\\/\"},\"wordCount\":1063,\"commentCount\":0,\"publisher\":{\"@id\":\"https:\\\/\\\/qtmm.org\\\/qt\\\/#organization\"},\"articleSection\":[\"Haberler\"],\"inLanguage\":\"qt\",\"potentialAction\":[{\"@type\":\"CommentAction\",\"name\":\"Comment\",\"target\":[\"https:\\\/\\\/qtmm.org\\\/qt\\\/mustafa-cemilev-bayram-kunleri-meni-ceza-odasina-qapatir-ediler\\\/#respond\"]}]},{\"@type\":\"WebPage\",\"@id\":\"https:\\\/\\\/qtmm.org\\\/qt\\\/mustafa-cemilev-bayram-kunleri-meni-ceza-odasina-qapatir-ediler\\\/\",\"url\":\"https:\\\/\\\/qtmm.org\\\/qt\\\/mustafa-cemilev-bayram-kunleri-meni-ceza-odasina-qapatir-ediler\\\/\",\"name\":\"Mustafa Cemilev: \\\"Bayram k\u00fcnleri meni ceza odas\u0131na qapat\u0131r ediler\\\" - \u041c\u0435\u0434\u0436\u043b\u0456\u0441\",\"isPartOf\":{\"@id\":\"https:\\\/\\\/qtmm.org\\\/qt\\\/#website\"},\"datePublished\":\"2011-09-01T11:39:00+00:00\",\"dateModified\":\"2022-01-19T11:40:37+00:00\",\"breadcrumb\":{\"@id\":\"https:\\\/\\\/qtmm.org\\\/qt\\\/mustafa-cemilev-bayram-kunleri-meni-ceza-odasina-qapatir-ediler\\\/#breadcrumb\"},\"inLanguage\":\"qt\",\"potentialAction\":[{\"@type\":\"ReadAction\",\"target\":[\"https:\\\/\\\/qtmm.org\\\/qt\\\/mustafa-cemilev-bayram-kunleri-meni-ceza-odasina-qapatir-ediler\\\/\"]}]},{\"@type\":\"BreadcrumbList\",\"@id\":\"https:\\\/\\\/qtmm.org\\\/qt\\\/mustafa-cemilev-bayram-kunleri-meni-ceza-odasina-qapatir-ediler\\\/#breadcrumb\",\"itemListElement\":[{\"@type\":\"ListItem\",\"position\":1,\"name\":\"\u0413\u043e\u043b\u043e\u0432\u043d\u0430\",\"item\":\"https:\\\/\\\/qtmm.org\\\/qt\\\/\"},{\"@type\":\"ListItem\",\"position\":2,\"name\":\"Mustafa Cemilev: &#8220;Bayram k\u00fcnleri meni ceza odas\u0131na qapat\u0131r ediler&#8221;\"}]},{\"@type\":\"WebSite\",\"@id\":\"https:\\\/\\\/qtmm.org\\\/qt\\\/#website\",\"url\":\"https:\\\/\\\/qtmm.org\\\/qt\\\/\",\"name\":\"\u041c\u0435\u0434\u0436\u043b\u0456\u0441\",\"description\":\"\",\"publisher\":{\"@id\":\"https:\\\/\\\/qtmm.org\\\/qt\\\/#organization\"},\"potentialAction\":[{\"@type\":\"SearchAction\",\"target\":{\"@type\":\"EntryPoint\",\"urlTemplate\":\"https:\\\/\\\/qtmm.org\\\/qt\\\/?s={search_term_string}\"},\"query-input\":{\"@type\":\"PropertyValueSpecification\",\"valueRequired\":true,\"valueName\":\"search_term_string\"}}],\"inLanguage\":\"qt\"},{\"@type\":\"Organization\",\"@id\":\"https:\\\/\\\/qtmm.org\\\/qt\\\/#organization\",\"name\":\"\u041c\u0435\u0434\u0436\u043b\u0456\u0441\",\"url\":\"https:\\\/\\\/qtmm.org\\\/qt\\\/\",\"logo\":{\"@type\":\"ImageObject\",\"inLanguage\":\"qt\",\"@id\":\"https:\\\/\\\/qtmm.org\\\/qt\\\/#\\\/schema\\\/logo\\\/image\\\/\",\"url\":\"https:\\\/\\\/qtmm.org\\\/wp-content\\\/uploads\\\/2024\\\/12\\\/ua-mejlis-logo-rgb.svg\",\"contentUrl\":\"https:\\\/\\\/qtmm.org\\\/wp-content\\\/uploads\\\/2024\\\/12\\\/ua-mejlis-logo-rgb.svg\",\"caption\":\"\u041c\u0435\u0434\u0436\u043b\u0456\u0441\"},\"image\":{\"@id\":\"https:\\\/\\\/qtmm.org\\\/qt\\\/#\\\/schema\\\/logo\\\/image\\\/\"},\"sameAs\":[\"https:\\\/\\\/www.facebook.com\\\/qtmm.info\\\/\"]},{\"@type\":\"Person\",\"@id\":\"https:\\\/\\\/qtmm.org\\\/qt\\\/#\\\/schema\\\/person\\\/de562469f971dec226ac06e60bbf74a7\",\"name\":\"Developer\",\"image\":{\"@type\":\"ImageObject\",\"inLanguage\":\"qt\",\"@id\":\"https:\\\/\\\/secure.gravatar.com\\\/avatar\\\/392b4cc8fbfeb00b39dfeeab4ee6edded39ffd48e25858637e4765810300227e?s=96&d=mm&r=g\",\"url\":\"https:\\\/\\\/secure.gravatar.com\\\/avatar\\\/392b4cc8fbfeb00b39dfeeab4ee6edded39ffd48e25858637e4765810300227e?s=96&d=mm&r=g\",\"contentUrl\":\"https:\\\/\\\/secure.gravatar.com\\\/avatar\\\/392b4cc8fbfeb00b39dfeeab4ee6edded39ffd48e25858637e4765810300227e?s=96&d=mm&r=g\",\"caption\":\"Developer\"},\"url\":\"https:\\\/\\\/qtmm.org\\\/qt\\\/author\\\/Developer\\\/\"}]}<\/script>\n<!-- \/ Yoast SEO plugin. -->","yoast_head_json":{"title":"Mustafa Cemilev: \"Bayram k\u00fcnleri meni ceza odas\u0131na qapat\u0131r ediler\" - \u041c\u0435\u0434\u0436\u043b\u0456\u0441","robots":{"index":"index","follow":"follow","max-snippet":"max-snippet:-1","max-image-preview":"max-image-preview:large","max-video-preview":"max-video-preview:-1"},"canonical":"https:\/\/qtmm.org\/qt\/mustafa-cemilev-bayram-kunleri-meni-ceza-odasina-qapatir-ediler\/","og_locale":"en_US","og_type":"article","og_title":"Mustafa Cemilev: \"Bayram k\u00fcnleri meni ceza odas\u0131na qapat\u0131r ediler\" - \u041c\u0435\u0434\u0436\u043b\u0456\u0441","og_description":"T\u00fcnevin musulmanlarn\u0131\u00f1 mubarek Ramazan ay\u0131 bitip, \u00fc\u00e7 k\u00fcn devam etken Oraza bayram\u0131 ba\u015fland\u0131. On\u0131 q\u0131r\u0131mtatarlar\u0131 da qayd eteler. Saba erte erkekler, \u015fu c\u00fcmleden&nbsp; bala\u00e7\u0131qlar da yaq\u0131n etraftaki camilerge bayram namaz\u0131na bard\u0131lar.&nbsp;&nbsp; &#8220;Segodn\u00e2&#8221; \u015fularn\u0131\u00f1 birisi \u2013 Ba\u011f\u00e7asaray \u015feeri 6-nc\u0131 mikrorayondaki camide bulund\u0131.&nbsp; M\u0131nda namaz q\u0131lmaq i\u00e7\u00fcn 15 daqqa erte Meclisni\u00f1 reisi Mustafa Cemilev de keldi. Yerli [&hellip;]","og_url":"https:\/\/qtmm.org\/qt\/mustafa-cemilev-bayram-kunleri-meni-ceza-odasina-qapatir-ediler\/","og_site_name":"\u041c\u0435\u0434\u0436\u043b\u0456\u0441","article_publisher":"https:\/\/www.facebook.com\/qtmm.info\/","article_published_time":"2011-09-01T11:39:00+00:00","article_modified_time":"2022-01-19T11:40:37+00:00","author":"Developer","twitter_card":"summary_large_image","twitter_misc":{"Written by":"Developer","Est. reading time":"5 minutes"},"schema":{"@context":"https:\/\/schema.org","@graph":[{"@type":"Article","@id":"https:\/\/qtmm.org\/qt\/mustafa-cemilev-bayram-kunleri-meni-ceza-odasina-qapatir-ediler\/#article","isPartOf":{"@id":"https:\/\/qtmm.org\/qt\/mustafa-cemilev-bayram-kunleri-meni-ceza-odasina-qapatir-ediler\/"},"author":{"name":"Developer","@id":"https:\/\/qtmm.org\/qt\/#\/schema\/person\/de562469f971dec226ac06e60bbf74a7"},"headline":"Mustafa Cemilev: &#8220;Bayram k\u00fcnleri meni ceza odas\u0131na qapat\u0131r ediler&#8221;","datePublished":"2011-09-01T11:39:00+00:00","dateModified":"2022-01-19T11:40:37+00:00","mainEntityOfPage":{"@id":"https:\/\/qtmm.org\/qt\/mustafa-cemilev-bayram-kunleri-meni-ceza-odasina-qapatir-ediler\/"},"wordCount":1063,"commentCount":0,"publisher":{"@id":"https:\/\/qtmm.org\/qt\/#organization"},"articleSection":["Haberler"],"inLanguage":"qt","potentialAction":[{"@type":"CommentAction","name":"Comment","target":["https:\/\/qtmm.org\/qt\/mustafa-cemilev-bayram-kunleri-meni-ceza-odasina-qapatir-ediler\/#respond"]}]},{"@type":"WebPage","@id":"https:\/\/qtmm.org\/qt\/mustafa-cemilev-bayram-kunleri-meni-ceza-odasina-qapatir-ediler\/","url":"https:\/\/qtmm.org\/qt\/mustafa-cemilev-bayram-kunleri-meni-ceza-odasina-qapatir-ediler\/","name":"Mustafa Cemilev: \"Bayram k\u00fcnleri meni ceza odas\u0131na qapat\u0131r ediler\" - \u041c\u0435\u0434\u0436\u043b\u0456\u0441","isPartOf":{"@id":"https:\/\/qtmm.org\/qt\/#website"},"datePublished":"2011-09-01T11:39:00+00:00","dateModified":"2022-01-19T11:40:37+00:00","breadcrumb":{"@id":"https:\/\/qtmm.org\/qt\/mustafa-cemilev-bayram-kunleri-meni-ceza-odasina-qapatir-ediler\/#breadcrumb"},"inLanguage":"qt","potentialAction":[{"@type":"ReadAction","target":["https:\/\/qtmm.org\/qt\/mustafa-cemilev-bayram-kunleri-meni-ceza-odasina-qapatir-ediler\/"]}]},{"@type":"BreadcrumbList","@id":"https:\/\/qtmm.org\/qt\/mustafa-cemilev-bayram-kunleri-meni-ceza-odasina-qapatir-ediler\/#breadcrumb","itemListElement":[{"@type":"ListItem","position":1,"name":"\u0413\u043e\u043b\u043e\u0432\u043d\u0430","item":"https:\/\/qtmm.org\/qt\/"},{"@type":"ListItem","position":2,"name":"Mustafa Cemilev: &#8220;Bayram k\u00fcnleri meni ceza odas\u0131na qapat\u0131r ediler&#8221;"}]},{"@type":"WebSite","@id":"https:\/\/qtmm.org\/qt\/#website","url":"https:\/\/qtmm.org\/qt\/","name":"\u041c\u0435\u0434\u0436\u043b\u0456\u0441","description":"","publisher":{"@id":"https:\/\/qtmm.org\/qt\/#organization"},"potentialAction":[{"@type":"SearchAction","target":{"@type":"EntryPoint","urlTemplate":"https:\/\/qtmm.org\/qt\/?s={search_term_string}"},"query-input":{"@type":"PropertyValueSpecification","valueRequired":true,"valueName":"search_term_string"}}],"inLanguage":"qt"},{"@type":"Organization","@id":"https:\/\/qtmm.org\/qt\/#organization","name":"\u041c\u0435\u0434\u0436\u043b\u0456\u0441","url":"https:\/\/qtmm.org\/qt\/","logo":{"@type":"ImageObject","inLanguage":"qt","@id":"https:\/\/qtmm.org\/qt\/#\/schema\/logo\/image\/","url":"https:\/\/qtmm.org\/wp-content\/uploads\/2024\/12\/ua-mejlis-logo-rgb.svg","contentUrl":"https:\/\/qtmm.org\/wp-content\/uploads\/2024\/12\/ua-mejlis-logo-rgb.svg","caption":"\u041c\u0435\u0434\u0436\u043b\u0456\u0441"},"image":{"@id":"https:\/\/qtmm.org\/qt\/#\/schema\/logo\/image\/"},"sameAs":["https:\/\/www.facebook.com\/qtmm.info\/"]},{"@type":"Person","@id":"https:\/\/qtmm.org\/qt\/#\/schema\/person\/de562469f971dec226ac06e60bbf74a7","name":"Developer","image":{"@type":"ImageObject","inLanguage":"qt","@id":"https:\/\/secure.gravatar.com\/avatar\/392b4cc8fbfeb00b39dfeeab4ee6edded39ffd48e25858637e4765810300227e?s=96&d=mm&r=g","url":"https:\/\/secure.gravatar.com\/avatar\/392b4cc8fbfeb00b39dfeeab4ee6edded39ffd48e25858637e4765810300227e?s=96&d=mm&r=g","contentUrl":"https:\/\/secure.gravatar.com\/avatar\/392b4cc8fbfeb00b39dfeeab4ee6edded39ffd48e25858637e4765810300227e?s=96&d=mm&r=g","caption":"Developer"},"url":"https:\/\/qtmm.org\/qt\/author\/Developer\/"}]}},"_links":{"self":[{"href":"https:\/\/qtmm.org\/qt\/wp-json\/wp\/v2\/posts\/25734","targetHints":{"allow":["GET"]}}],"collection":[{"href":"https:\/\/qtmm.org\/qt\/wp-json\/wp\/v2\/posts"}],"about":[{"href":"https:\/\/qtmm.org\/qt\/wp-json\/wp\/v2\/types\/post"}],"author":[{"embeddable":true,"href":"https:\/\/qtmm.org\/qt\/wp-json\/wp\/v2\/users\/1"}],"replies":[{"embeddable":true,"href":"https:\/\/qtmm.org\/qt\/wp-json\/wp\/v2\/comments?post=25734"}],"version-history":[{"count":1,"href":"https:\/\/qtmm.org\/qt\/wp-json\/wp\/v2\/posts\/25734\/revisions"}],"predecessor-version":[{"id":25735,"href":"https:\/\/qtmm.org\/qt\/wp-json\/wp\/v2\/posts\/25734\/revisions\/25735"}],"wp:attachment":[{"href":"https:\/\/qtmm.org\/qt\/wp-json\/wp\/v2\/media?parent=25734"}],"wp:term":[{"taxonomy":"category","embeddable":true,"href":"https:\/\/qtmm.org\/qt\/wp-json\/wp\/v2\/categories?post=25734"},{"taxonomy":"post_tag","embeddable":true,"href":"https:\/\/qtmm.org\/qt\/wp-json\/wp\/v2\/tags?post=25734"}],"curies":[{"name":"wp","href":"https:\/\/api.w.org\/{rel}","templated":true}]}}