




{"id":25710,"date":"2011-08-28T14:37:00","date_gmt":"2011-08-28T11:37:00","guid":{"rendered":"http:\/\/qtmm.org\/?p=25710"},"modified":"2022-01-19T14:38:41","modified_gmt":"2022-01-19T11:38:41","slug":"qirimtatar-milliy-kuresinin-ayatiy-printsipleri","status":"publish","type":"post","link":"https:\/\/qtmm.org\/qt\/qirimtatar-milliy-kuresinin-ayatiy-printsipleri\/","title":{"rendered":"Q\u0131r\u0131mtatar milliy k\u00fcre\u015fini\u00f1 ayatiy printsipleri"},"content":{"rendered":"\n<p>26 \u2013 28 avgust k\u00fcnleri 1-nci Q\u0131r\u0131m cumhuriyet balalar ve \u00f6sm\u00fcrler sport mektebinde umumtasil orta mekteplerni\u00f1 cismaniy terbiye ocalar\u0131 ve trenerler i\u00e7\u00fcn q\u0131r\u0131mtatar medeniyeti ve halq sport ananelerini\u00f1 terkibiy q\u0131sm\u0131 ol\u011fan K\u00dcRE\u015e (qu\u015faq k\u00fcre\u015fi) inki\u015faf\u0131n\u0131\u00f1 meselelerine ba\u011f\u0131\u015flan\u011fan seminar-trening ol\u0131p ke\u00e7ti.<\/p>\n\n\n\n<p>Seminarn\u0131\u00f1 ba\u015f\u0131nda on\u0131\u00f1 i\u015ftirak\u00e7ileri \u00f6g\u00fcnde B\u00fct\u00fcnd\u00fcnya q\u0131r\u0131mtatar kongressini\u00f1 prezidenti, K\u00dcRE\u015e Q\u0131r\u0131m milliy k\u00fcre\u015f federatsiyas\u0131n\u0131\u00f1 fahriy prezidenti Refat \u00c7ubarov \u00e7\u0131q\u0131\u015fta bulun\u0131p, Q\u0131r\u0131mtatar milliy k\u00fcre\u015fini \u011fayr\u0131dan tiklev \u011fayesi etraf\u0131nda birle\u015fken trenerler, sport te\u015fkil\u00e2t\u00e7\u0131lar\u0131 ve cemaat\u00e7\u0131l\u0131qn\u0131\u00f1 ayr\u0131ca rol\u00fcni qayd etti. Bun\u0131\u00f1 kibi de Refat \u00c7ubarov seminar i\u015ftirak\u00e7ilerini\u00f1 diqqat\u0131n\u0131 ya\u015flar\u011fa sportnen, bilhassa q\u0131r\u0131mtatar milliy k\u00fcre\u015finen o\u011fra\u015fma\u011fa imk\u00e2n yaratmaqn\u0131\u00f1 m\u00fcimligine celp etti. Ayn\u0131 zamanda Refat \u00c7ubarov \u015fun\u0131 da qayd etti ki, daa nas\u0131ld\u0131r eki y\u0131l evelsi meydan\u011fa ketirilgen K\u00dcRE\u015e Q\u0131r\u0131m milliy k\u00fcre\u015f federatsiyas\u0131n\u0131\u00f1 faaliyeti sayesinde Q\u0131r\u0131mda ke\u00e7irilgen deyerlik er bir umumhalq tedbirinde k\u00fcre\u015f boyunca yar\u0131\u015flar ola.<\/p>\n\n\n\n<p>\u015eus\u0131 da quvan\u00e7l\u0131 ki, k\u00fcre\u015fnen \u00e7e\u015fit millet balalar\u0131 b\u00fcy\u00fck isteknen me\u015f\u011ful ol\u011fan\u0131 q\u0131r\u0131mtatarlarn\u0131\u00f1 bu sport \u00e7e\u015fitine itiyac ol\u011fan\u0131n\u0131 k\u00f6stere. &#8220;L\u00e2kin biz \u00f6g\u00fcmizge qoy\u011fan \u2013 er bir qasaba ve k\u00f6yge qadar barmaq vazifemiz al\u00e2 daa m\u00fcim ol\u0131p qalmaqta. Mezk\u00fcr meseleni \u00e7ezmek i\u00e7\u00fcn K\u00dcRE\u015e Q\u0131r\u0131m milliy k\u00fcre\u015f federatsiyas\u0131 yerli meclisler, trener ve cemaat\u00e7\u0131l\u0131qnen \u00e7al\u0131\u015fuvn\u0131 devam etecek&#8221;.<\/p>\n\n\n\n<p>Bu munasebetnen Refat \u00c7ubarov seminar i\u015ftirak\u00e7ilerini\u00f1 diqqat\u0131n\u0131 bu i\u015fte b\u00fcy\u00fck rol oyna\u011fan orta mektep cismaniy terbiye ocalar\u0131n\u0131\u00f1 areketlerine celp etti. &#8220;Ke\u00e7ken eki y\u0131ln\u0131\u00f1 tecribesi \u015fun\u0131 k\u00f6stere ki, Federatsiya orta mektep ve yerlerdeki faallernen i\u015f tutsa sport sektsiyalar\u0131n\u0131 a\u00e7maq ve zarur e\u015fyalarn\u0131 almaq imk\u00e2n\u0131 tap\u0131la. Biz bu i\u015fni birinci nevbette k\u00f6y mekteplerinde devam ettirmek kerekmiz, \u00e7\u00fcnki k\u00f6ylerde ya\u015flar i\u00e7\u00fcn sportnen o\u011fra\u015fma\u011fa i\u00e7 te imk\u00e2n yoqt\u0131r. \u00d6z taraf\u0131ndan Q\u0131r\u0131mtatar halq\u0131n\u0131\u00f1 Meclisi ve B\u00fct\u00fcnd\u00fcnya q\u0131r\u0131mtatarlar kongressini\u00f1 Koordinatsion ke\u00f1e\u015fi bundan so\u00f1 da K\u00dcRE\u015e Q\u0131r\u0131m milliy k\u00fcre\u015f federatsiyas\u0131n\u0131\u00f1 faaliyetine qoltutacaq&#8221;, &#8211; dedi Refat \u00c7ubarov.<\/p>\n\n\n\n<p>Seminar i\u015ftirak\u00e7ileri \u00f6g\u00fcnde \u00e7\u0131qqan Yunusov \u015eevket (&#8220;Maarif\u00e7i&#8221; cumhuriyet birle\u015fmesi) ve Abduraman Egiz (&#8220;Bizim Q\u0131r\u0131m&#8221; Halqara ya\u015flar cemaat te\u015fkil\u00e2t\u0131) temsil ettigi te\u015fkil\u00e2tlar\u0131 Q\u0131r\u0131mn\u0131\u00f1 umumtasil mekteplerine q\u0131r\u0131mtatar milliy k\u00fcre\u015fi ol\u011fan k\u00fcre\u015fni inki\u015faf ettir\u00fcvge yard\u0131m etmege az\u0131rl\u0131\u011f\u0131n\u0131 bildirdiler.<\/p>\n\n\n\n<p>Seminar a\u00e7\u0131l\u0131\u015f merasimini\u00f1 so\u00f1unda Refat \u00c7ubarov ve Ali Hamzin avgustn\u0131\u00f1 11-13 k\u00fcnleri Rusiyeni\u00f1 Astrahan \u015feerinde ol\u0131p ke\u00e7ken d\u00fcnya \u00e7empionat\u0131nda k\u00fcm\u00fc\u015f medal saibi Aleksey Avdeyevge ve on\u0131\u00f1 treneri Sergey Bur\u00e2kqa Q\u0131r\u0131mtatar halq\u0131 Meclisi ve B\u00fct\u00fcnd\u00fcnya q\u0131r\u0131mtatarlar kongressini\u00f1 Fahriy yarl\u0131qlar\u0131 ve ra\u011fbetlendir\u00fcv muk\u00e2fatlar\u0131n\u0131 taqdim ettiler. Bun\u0131\u00f1 kibi de ra\u011fbetlendir\u00fcv muk\u00e2fatlar\u0131nen Murtazayev Enver ve Kosorotov Aleksandr da taqdirlendiler.<\/p>\n\n\n\n<p><em><strong>Mal\u00fcmat:&nbsp;<\/strong><\/em>avgust 11-13 k\u00fcnleri Rusiyeni\u00f1 Astrahan \u015feerinde ol\u0131p ke\u00e7ken ku\u015faq k\u00fcre\u015fi boyunca d\u00fcnya \u00e7empionat\u0131nda d\u00fcnyan\u0131\u00f1 17 devletinden kelgen 140 k\u00fcre\u015f\u00e7i i\u015ftirak etti. 1991-1993 senesi do\u011f\u011fan Q\u0131r\u0131ml\u0131 sport\u00e7\u0131lar b\u00f6yle y\u00fcksek seviyedeki yar\u0131\u015fqa ilk kere qat\u0131ld\u0131lar. Baz\u0131 \u00e7eki kategoriyalar\u0131nda 18-20 nefer halqara klass sport ustalar\u0131, Avropa ve d\u00fcnya \u00e7empionlar\u0131 k\u00fcre\u015ftiler.<\/p>\n\n\n\n<p>Q\u0131r\u0131m sport\u00e7\u0131lar komandas\u0131n\u0131 k\u00fcre\u015f\u00e7iler Timo\u015f\u00e7uk YE., Qad\u0131rleyev A. (\u00c7ernomorskoye qasabas\u0131), Mamedov A.( Saq rayon\u0131), Muratov R., Gaponenko D.( g. Kezlev), (Avdeyev A., Haybulayev \u015e, Konusov K(Seytler rayon\u0131), (Abl\u00e2kimov F, Memetov S.(Aqmescit \u015f.) temsil ettiler.<\/p>\n\n\n\n<figure class=\"wp-block-gallery columns-3 is-cropped wp-block-gallery-1 is-layout-flex wp-block-gallery-is-layout-flex\"><ul class=\"blocks-gallery-grid\"><li class=\"blocks-gallery-item\"><figure><a href=\"http:\/\/qtmm.org\/wp-content\/uploads\/2022\/01\/4e5b47edc1a07.jpeg\"><img loading=\"lazy\" decoding=\"async\" width=\"640\" height=\"480\" src=\"http:\/\/qtmm.org\/wp-content\/uploads\/2022\/01\/4e5b47edc1a07.jpeg\" alt=\"\" data-id=\"25711\" data-full-url=\"http:\/\/qtmm.org\/wp-content\/uploads\/2022\/01\/4e5b47edc1a07.jpeg\" data-link=\"http:\/\/qtmm.org\/?attachment_id=25711\" class=\"wp-image-25711\" srcset=\"https:\/\/qtmm.org\/wp-content\/uploads\/2022\/01\/4e5b47edc1a07.jpeg 640w, https:\/\/qtmm.org\/wp-content\/uploads\/2022\/01\/4e5b47edc1a07-300x225.jpeg 300w\" sizes=\"auto, (max-width: 640px) 100vw, 640px\" \/><\/a><\/figure><\/li><li class=\"blocks-gallery-item\"><figure><a href=\"http:\/\/qtmm.org\/wp-content\/uploads\/2022\/01\/4e5b47f604c8c.jpeg\"><img loading=\"lazy\" decoding=\"async\" width=\"640\" height=\"480\" src=\"http:\/\/qtmm.org\/wp-content\/uploads\/2022\/01\/4e5b47f604c8c.jpeg\" alt=\"\" data-id=\"25715\" data-full-url=\"http:\/\/qtmm.org\/wp-content\/uploads\/2022\/01\/4e5b47f604c8c.jpeg\" data-link=\"http:\/\/qtmm.org\/?attachment_id=25715\" class=\"wp-image-25715\" srcset=\"https:\/\/qtmm.org\/wp-content\/uploads\/2022\/01\/4e5b47f604c8c.jpeg 640w, https:\/\/qtmm.org\/wp-content\/uploads\/2022\/01\/4e5b47f604c8c-300x225.jpeg 300w\" sizes=\"auto, (max-width: 640px) 100vw, 640px\" \/><\/a><\/figure><\/li><li class=\"blocks-gallery-item\"><figure><a href=\"http:\/\/qtmm.org\/wp-content\/uploads\/2022\/01\/4e5b47fc9b8c9.jpeg\"><img loading=\"lazy\" decoding=\"async\" width=\"640\" height=\"480\" src=\"http:\/\/qtmm.org\/wp-content\/uploads\/2022\/01\/4e5b47fc9b8c9.jpeg\" alt=\"\" data-id=\"25719\" data-full-url=\"http:\/\/qtmm.org\/wp-content\/uploads\/2022\/01\/4e5b47fc9b8c9.jpeg\" data-link=\"http:\/\/qtmm.org\/?attachment_id=25719\" class=\"wp-image-25719\" srcset=\"https:\/\/qtmm.org\/wp-content\/uploads\/2022\/01\/4e5b47fc9b8c9.jpeg 640w, https:\/\/qtmm.org\/wp-content\/uploads\/2022\/01\/4e5b47fc9b8c9-300x225.jpeg 300w\" sizes=\"auto, (max-width: 640px) 100vw, 640px\" \/><\/a><\/figure><\/li><li class=\"blocks-gallery-item\"><figure><a href=\"http:\/\/qtmm.org\/wp-content\/uploads\/2022\/01\/4e5b480da3198.jpeg\"><img loading=\"lazy\" decoding=\"async\" width=\"640\" height=\"480\" src=\"http:\/\/qtmm.org\/wp-content\/uploads\/2022\/01\/4e5b480da3198.jpeg\" alt=\"\" data-id=\"25723\" data-full-url=\"http:\/\/qtmm.org\/wp-content\/uploads\/2022\/01\/4e5b480da3198.jpeg\" data-link=\"http:\/\/qtmm.org\/?attachment_id=25723\" class=\"wp-image-25723\" srcset=\"https:\/\/qtmm.org\/wp-content\/uploads\/2022\/01\/4e5b480da3198.jpeg 640w, https:\/\/qtmm.org\/wp-content\/uploads\/2022\/01\/4e5b480da3198-300x225.jpeg 300w\" sizes=\"auto, (max-width: 640px) 100vw, 640px\" \/><\/a><\/figure><\/li><li class=\"blocks-gallery-item\"><figure><a href=\"http:\/\/qtmm.org\/wp-content\/uploads\/2022\/01\/4e5b4804ea84d.jpeg\"><img loading=\"lazy\" decoding=\"async\" width=\"640\" height=\"480\" src=\"http:\/\/qtmm.org\/wp-content\/uploads\/2022\/01\/4e5b4804ea84d.jpeg\" alt=\"\" data-id=\"25727\" data-full-url=\"http:\/\/qtmm.org\/wp-content\/uploads\/2022\/01\/4e5b4804ea84d.jpeg\" data-link=\"http:\/\/qtmm.org\/?attachment_id=25727\" class=\"wp-image-25727\" srcset=\"https:\/\/qtmm.org\/wp-content\/uploads\/2022\/01\/4e5b4804ea84d.jpeg 640w, https:\/\/qtmm.org\/wp-content\/uploads\/2022\/01\/4e5b4804ea84d-300x225.jpeg 300w\" sizes=\"auto, (max-width: 640px) 100vw, 640px\" \/><\/a><\/figure><\/li><\/ul><\/figure>\n","protected":false},"excerpt":{"rendered":"<p>26 \u2013 28 avgust k\u00fcnleri 1-nci Q\u0131r\u0131m cumhuriyet balalar ve \u00f6sm\u00fcrler sport mektebinde umumtasil orta mekteplerni\u00f1 cismaniy terbiye ocalar\u0131 ve trenerler i\u00e7\u00fcn q\u0131r\u0131mtatar medeniyeti ve halq sport ananelerini\u00f1 terkibiy q\u0131sm\u0131 ol\u011fan K\u00dcRE\u015e (qu\u015faq k\u00fcre\u015fi) inki\u015faf\u0131n\u0131\u00f1 meselelerine ba\u011f\u0131\u015flan\u011fan seminar-trening ol\u0131p ke\u00e7ti. Seminarn\u0131\u00f1 ba\u015f\u0131nda on\u0131\u00f1 i\u015ftirak\u00e7ileri \u00f6g\u00fcnde B\u00fct\u00fcnd\u00fcnya q\u0131r\u0131mtatar kongressini\u00f1 prezidenti, K\u00dcRE\u015e Q\u0131r\u0131m milliy k\u00fcre\u015f federatsiyas\u0131n\u0131\u00f1 fahriy [&hellip;]<\/p>\n","protected":false},"author":1,"featured_media":25711,"comment_status":"open","ping_status":"open","sticky":false,"template":"","format":"standard","meta":{"inline_featured_image":false,"footnotes":""},"categories":[265],"tags":[],"class_list":["post-25710","post","type-post","status-publish","format-standard","has-post-thumbnail","hentry","category-haberler"],"acf":[],"yoast_head":"<!-- This site is optimized with the Yoast SEO plugin v27.4 - https:\/\/yoast.com\/product\/yoast-seo-wordpress\/ -->\n<title>Q\u0131r\u0131mtatar milliy k\u00fcre\u015fini\u00f1 ayatiy printsipleri - \u041c\u0435\u0434\u0436\u043b\u0456\u0441<\/title>\n<meta name=\"robots\" content=\"index, follow, max-snippet:-1, max-image-preview:large, max-video-preview:-1\" \/>\n<link rel=\"canonical\" href=\"https:\/\/qtmm.org\/qt\/qirimtatar-milliy-kuresinin-ayatiy-printsipleri\/\" \/>\n<meta property=\"og:locale\" content=\"en_US\" \/>\n<meta property=\"og:type\" content=\"article\" \/>\n<meta property=\"og:title\" content=\"Q\u0131r\u0131mtatar milliy k\u00fcre\u015fini\u00f1 ayatiy printsipleri - \u041c\u0435\u0434\u0436\u043b\u0456\u0441\" \/>\n<meta property=\"og:description\" content=\"26 \u2013 28 avgust k\u00fcnleri 1-nci Q\u0131r\u0131m cumhuriyet balalar ve \u00f6sm\u00fcrler sport mektebinde umumtasil orta mekteplerni\u00f1 cismaniy terbiye ocalar\u0131 ve trenerler i\u00e7\u00fcn q\u0131r\u0131mtatar medeniyeti ve halq sport ananelerini\u00f1 terkibiy q\u0131sm\u0131 ol\u011fan K\u00dcRE\u015e (qu\u015faq k\u00fcre\u015fi) inki\u015faf\u0131n\u0131\u00f1 meselelerine ba\u011f\u0131\u015flan\u011fan seminar-trening ol\u0131p ke\u00e7ti. Seminarn\u0131\u00f1 ba\u015f\u0131nda on\u0131\u00f1 i\u015ftirak\u00e7ileri \u00f6g\u00fcnde B\u00fct\u00fcnd\u00fcnya q\u0131r\u0131mtatar kongressini\u00f1 prezidenti, K\u00dcRE\u015e Q\u0131r\u0131m milliy k\u00fcre\u015f federatsiyas\u0131n\u0131\u00f1 fahriy [&hellip;]\" \/>\n<meta property=\"og:url\" content=\"https:\/\/qtmm.org\/qt\/qirimtatar-milliy-kuresinin-ayatiy-printsipleri\/\" \/>\n<meta property=\"og:site_name\" content=\"\u041c\u0435\u0434\u0436\u043b\u0456\u0441\" \/>\n<meta property=\"article:publisher\" content=\"https:\/\/www.facebook.com\/qtmm.info\/\" \/>\n<meta property=\"article:published_time\" content=\"2011-08-28T11:37:00+00:00\" \/>\n<meta property=\"article:modified_time\" content=\"2022-01-19T11:38:41+00:00\" \/>\n<meta property=\"og:image\" content=\"https:\/\/qtmm.org\/wp-content\/uploads\/2022\/01\/4e5b47edc1a07.jpeg\" \/>\n\t<meta property=\"og:image:width\" content=\"640\" \/>\n\t<meta property=\"og:image:height\" content=\"480\" \/>\n\t<meta property=\"og:image:type\" content=\"image\/jpeg\" \/>\n<meta name=\"author\" content=\"Developer\" \/>\n<meta name=\"twitter:card\" content=\"summary_large_image\" \/>\n<meta name=\"twitter:label1\" content=\"Written by\" \/>\n\t<meta name=\"twitter:data1\" content=\"Developer\" \/>\n\t<meta name=\"twitter:label2\" content=\"Est. reading time\" \/>\n\t<meta name=\"twitter:data2\" content=\"3 minutes\" \/>\n<script type=\"application\/ld+json\" class=\"yoast-schema-graph\">{\"@context\":\"https:\\\/\\\/schema.org\",\"@graph\":[{\"@type\":\"Article\",\"@id\":\"https:\\\/\\\/qtmm.org\\\/qt\\\/qirimtatar-milliy-kuresinin-ayatiy-printsipleri\\\/#article\",\"isPartOf\":{\"@id\":\"https:\\\/\\\/qtmm.org\\\/qt\\\/qirimtatar-milliy-kuresinin-ayatiy-printsipleri\\\/\"},\"author\":{\"name\":\"Developer\",\"@id\":\"https:\\\/\\\/qtmm.org\\\/qt\\\/#\\\/schema\\\/person\\\/de562469f971dec226ac06e60bbf74a7\"},\"headline\":\"Q\u0131r\u0131mtatar milliy k\u00fcre\u015fini\u00f1 ayatiy printsipleri\",\"datePublished\":\"2011-08-28T11:37:00+00:00\",\"dateModified\":\"2022-01-19T11:38:41+00:00\",\"mainEntityOfPage\":{\"@id\":\"https:\\\/\\\/qtmm.org\\\/qt\\\/qirimtatar-milliy-kuresinin-ayatiy-printsipleri\\\/\"},\"wordCount\":684,\"commentCount\":0,\"publisher\":{\"@id\":\"https:\\\/\\\/qtmm.org\\\/qt\\\/#organization\"},\"image\":{\"@id\":\"https:\\\/\\\/qtmm.org\\\/qt\\\/qirimtatar-milliy-kuresinin-ayatiy-printsipleri\\\/#primaryimage\"},\"thumbnailUrl\":\"https:\\\/\\\/qtmm.org\\\/wp-content\\\/uploads\\\/2022\\\/01\\\/4e5b47edc1a07.jpeg\",\"articleSection\":[\"Haberler\"],\"inLanguage\":\"qt\",\"potentialAction\":[{\"@type\":\"CommentAction\",\"name\":\"Comment\",\"target\":[\"https:\\\/\\\/qtmm.org\\\/qt\\\/qirimtatar-milliy-kuresinin-ayatiy-printsipleri\\\/#respond\"]}]},{\"@type\":\"WebPage\",\"@id\":\"https:\\\/\\\/qtmm.org\\\/qt\\\/qirimtatar-milliy-kuresinin-ayatiy-printsipleri\\\/\",\"url\":\"https:\\\/\\\/qtmm.org\\\/qt\\\/qirimtatar-milliy-kuresinin-ayatiy-printsipleri\\\/\",\"name\":\"Q\u0131r\u0131mtatar milliy k\u00fcre\u015fini\u00f1 ayatiy printsipleri - \u041c\u0435\u0434\u0436\u043b\u0456\u0441\",\"isPartOf\":{\"@id\":\"https:\\\/\\\/qtmm.org\\\/qt\\\/#website\"},\"primaryImageOfPage\":{\"@id\":\"https:\\\/\\\/qtmm.org\\\/qt\\\/qirimtatar-milliy-kuresinin-ayatiy-printsipleri\\\/#primaryimage\"},\"image\":{\"@id\":\"https:\\\/\\\/qtmm.org\\\/qt\\\/qirimtatar-milliy-kuresinin-ayatiy-printsipleri\\\/#primaryimage\"},\"thumbnailUrl\":\"https:\\\/\\\/qtmm.org\\\/wp-content\\\/uploads\\\/2022\\\/01\\\/4e5b47edc1a07.jpeg\",\"datePublished\":\"2011-08-28T11:37:00+00:00\",\"dateModified\":\"2022-01-19T11:38:41+00:00\",\"breadcrumb\":{\"@id\":\"https:\\\/\\\/qtmm.org\\\/qt\\\/qirimtatar-milliy-kuresinin-ayatiy-printsipleri\\\/#breadcrumb\"},\"inLanguage\":\"qt\",\"potentialAction\":[{\"@type\":\"ReadAction\",\"target\":[\"https:\\\/\\\/qtmm.org\\\/qt\\\/qirimtatar-milliy-kuresinin-ayatiy-printsipleri\\\/\"]}]},{\"@type\":\"ImageObject\",\"inLanguage\":\"qt\",\"@id\":\"https:\\\/\\\/qtmm.org\\\/qt\\\/qirimtatar-milliy-kuresinin-ayatiy-printsipleri\\\/#primaryimage\",\"url\":\"https:\\\/\\\/qtmm.org\\\/wp-content\\\/uploads\\\/2022\\\/01\\\/4e5b47edc1a07.jpeg\",\"contentUrl\":\"https:\\\/\\\/qtmm.org\\\/wp-content\\\/uploads\\\/2022\\\/01\\\/4e5b47edc1a07.jpeg\",\"width\":640,\"height\":480},{\"@type\":\"BreadcrumbList\",\"@id\":\"https:\\\/\\\/qtmm.org\\\/qt\\\/qirimtatar-milliy-kuresinin-ayatiy-printsipleri\\\/#breadcrumb\",\"itemListElement\":[{\"@type\":\"ListItem\",\"position\":1,\"name\":\"\u0413\u043e\u043b\u043e\u0432\u043d\u0430\",\"item\":\"https:\\\/\\\/qtmm.org\\\/qt\\\/\"},{\"@type\":\"ListItem\",\"position\":2,\"name\":\"Q\u0131r\u0131mtatar milliy k\u00fcre\u015fini\u00f1 ayatiy printsipleri\"}]},{\"@type\":\"WebSite\",\"@id\":\"https:\\\/\\\/qtmm.org\\\/qt\\\/#website\",\"url\":\"https:\\\/\\\/qtmm.org\\\/qt\\\/\",\"name\":\"\u041c\u0435\u0434\u0436\u043b\u0456\u0441\",\"description\":\"\",\"publisher\":{\"@id\":\"https:\\\/\\\/qtmm.org\\\/qt\\\/#organization\"},\"potentialAction\":[{\"@type\":\"SearchAction\",\"target\":{\"@type\":\"EntryPoint\",\"urlTemplate\":\"https:\\\/\\\/qtmm.org\\\/qt\\\/?s={search_term_string}\"},\"query-input\":{\"@type\":\"PropertyValueSpecification\",\"valueRequired\":true,\"valueName\":\"search_term_string\"}}],\"inLanguage\":\"qt\"},{\"@type\":\"Organization\",\"@id\":\"https:\\\/\\\/qtmm.org\\\/qt\\\/#organization\",\"name\":\"\u041c\u0435\u0434\u0436\u043b\u0456\u0441\",\"url\":\"https:\\\/\\\/qtmm.org\\\/qt\\\/\",\"logo\":{\"@type\":\"ImageObject\",\"inLanguage\":\"qt\",\"@id\":\"https:\\\/\\\/qtmm.org\\\/qt\\\/#\\\/schema\\\/logo\\\/image\\\/\",\"url\":\"https:\\\/\\\/qtmm.org\\\/wp-content\\\/uploads\\\/2024\\\/12\\\/ua-mejlis-logo-rgb.svg\",\"contentUrl\":\"https:\\\/\\\/qtmm.org\\\/wp-content\\\/uploads\\\/2024\\\/12\\\/ua-mejlis-logo-rgb.svg\",\"caption\":\"\u041c\u0435\u0434\u0436\u043b\u0456\u0441\"},\"image\":{\"@id\":\"https:\\\/\\\/qtmm.org\\\/qt\\\/#\\\/schema\\\/logo\\\/image\\\/\"},\"sameAs\":[\"https:\\\/\\\/www.facebook.com\\\/qtmm.info\\\/\"]},{\"@type\":\"Person\",\"@id\":\"https:\\\/\\\/qtmm.org\\\/qt\\\/#\\\/schema\\\/person\\\/de562469f971dec226ac06e60bbf74a7\",\"name\":\"Developer\",\"image\":{\"@type\":\"ImageObject\",\"inLanguage\":\"qt\",\"@id\":\"https:\\\/\\\/secure.gravatar.com\\\/avatar\\\/392b4cc8fbfeb00b39dfeeab4ee6edded39ffd48e25858637e4765810300227e?s=96&d=mm&r=g\",\"url\":\"https:\\\/\\\/secure.gravatar.com\\\/avatar\\\/392b4cc8fbfeb00b39dfeeab4ee6edded39ffd48e25858637e4765810300227e?s=96&d=mm&r=g\",\"contentUrl\":\"https:\\\/\\\/secure.gravatar.com\\\/avatar\\\/392b4cc8fbfeb00b39dfeeab4ee6edded39ffd48e25858637e4765810300227e?s=96&d=mm&r=g\",\"caption\":\"Developer\"},\"url\":\"https:\\\/\\\/qtmm.org\\\/qt\\\/author\\\/Developer\\\/\"}]}<\/script>\n<!-- \/ Yoast SEO plugin. -->","yoast_head_json":{"title":"Q\u0131r\u0131mtatar milliy k\u00fcre\u015fini\u00f1 ayatiy printsipleri - \u041c\u0435\u0434\u0436\u043b\u0456\u0441","robots":{"index":"index","follow":"follow","max-snippet":"max-snippet:-1","max-image-preview":"max-image-preview:large","max-video-preview":"max-video-preview:-1"},"canonical":"https:\/\/qtmm.org\/qt\/qirimtatar-milliy-kuresinin-ayatiy-printsipleri\/","og_locale":"en_US","og_type":"article","og_title":"Q\u0131r\u0131mtatar milliy k\u00fcre\u015fini\u00f1 ayatiy printsipleri - \u041c\u0435\u0434\u0436\u043b\u0456\u0441","og_description":"26 \u2013 28 avgust k\u00fcnleri 1-nci Q\u0131r\u0131m cumhuriyet balalar ve \u00f6sm\u00fcrler sport mektebinde umumtasil orta mekteplerni\u00f1 cismaniy terbiye ocalar\u0131 ve trenerler i\u00e7\u00fcn q\u0131r\u0131mtatar medeniyeti ve halq sport ananelerini\u00f1 terkibiy q\u0131sm\u0131 ol\u011fan K\u00dcRE\u015e (qu\u015faq k\u00fcre\u015fi) inki\u015faf\u0131n\u0131\u00f1 meselelerine ba\u011f\u0131\u015flan\u011fan seminar-trening ol\u0131p ke\u00e7ti. Seminarn\u0131\u00f1 ba\u015f\u0131nda on\u0131\u00f1 i\u015ftirak\u00e7ileri \u00f6g\u00fcnde B\u00fct\u00fcnd\u00fcnya q\u0131r\u0131mtatar kongressini\u00f1 prezidenti, K\u00dcRE\u015e Q\u0131r\u0131m milliy k\u00fcre\u015f federatsiyas\u0131n\u0131\u00f1 fahriy [&hellip;]","og_url":"https:\/\/qtmm.org\/qt\/qirimtatar-milliy-kuresinin-ayatiy-printsipleri\/","og_site_name":"\u041c\u0435\u0434\u0436\u043b\u0456\u0441","article_publisher":"https:\/\/www.facebook.com\/qtmm.info\/","article_published_time":"2011-08-28T11:37:00+00:00","article_modified_time":"2022-01-19T11:38:41+00:00","og_image":[{"width":640,"height":480,"url":"https:\/\/qtmm.org\/wp-content\/uploads\/2022\/01\/4e5b47edc1a07.jpeg","type":"image\/jpeg"}],"author":"Developer","twitter_card":"summary_large_image","twitter_misc":{"Written by":"Developer","Est. reading time":"3 minutes"},"schema":{"@context":"https:\/\/schema.org","@graph":[{"@type":"Article","@id":"https:\/\/qtmm.org\/qt\/qirimtatar-milliy-kuresinin-ayatiy-printsipleri\/#article","isPartOf":{"@id":"https:\/\/qtmm.org\/qt\/qirimtatar-milliy-kuresinin-ayatiy-printsipleri\/"},"author":{"name":"Developer","@id":"https:\/\/qtmm.org\/qt\/#\/schema\/person\/de562469f971dec226ac06e60bbf74a7"},"headline":"Q\u0131r\u0131mtatar milliy k\u00fcre\u015fini\u00f1 ayatiy printsipleri","datePublished":"2011-08-28T11:37:00+00:00","dateModified":"2022-01-19T11:38:41+00:00","mainEntityOfPage":{"@id":"https:\/\/qtmm.org\/qt\/qirimtatar-milliy-kuresinin-ayatiy-printsipleri\/"},"wordCount":684,"commentCount":0,"publisher":{"@id":"https:\/\/qtmm.org\/qt\/#organization"},"image":{"@id":"https:\/\/qtmm.org\/qt\/qirimtatar-milliy-kuresinin-ayatiy-printsipleri\/#primaryimage"},"thumbnailUrl":"https:\/\/qtmm.org\/wp-content\/uploads\/2022\/01\/4e5b47edc1a07.jpeg","articleSection":["Haberler"],"inLanguage":"qt","potentialAction":[{"@type":"CommentAction","name":"Comment","target":["https:\/\/qtmm.org\/qt\/qirimtatar-milliy-kuresinin-ayatiy-printsipleri\/#respond"]}]},{"@type":"WebPage","@id":"https:\/\/qtmm.org\/qt\/qirimtatar-milliy-kuresinin-ayatiy-printsipleri\/","url":"https:\/\/qtmm.org\/qt\/qirimtatar-milliy-kuresinin-ayatiy-printsipleri\/","name":"Q\u0131r\u0131mtatar milliy k\u00fcre\u015fini\u00f1 ayatiy printsipleri - \u041c\u0435\u0434\u0436\u043b\u0456\u0441","isPartOf":{"@id":"https:\/\/qtmm.org\/qt\/#website"},"primaryImageOfPage":{"@id":"https:\/\/qtmm.org\/qt\/qirimtatar-milliy-kuresinin-ayatiy-printsipleri\/#primaryimage"},"image":{"@id":"https:\/\/qtmm.org\/qt\/qirimtatar-milliy-kuresinin-ayatiy-printsipleri\/#primaryimage"},"thumbnailUrl":"https:\/\/qtmm.org\/wp-content\/uploads\/2022\/01\/4e5b47edc1a07.jpeg","datePublished":"2011-08-28T11:37:00+00:00","dateModified":"2022-01-19T11:38:41+00:00","breadcrumb":{"@id":"https:\/\/qtmm.org\/qt\/qirimtatar-milliy-kuresinin-ayatiy-printsipleri\/#breadcrumb"},"inLanguage":"qt","potentialAction":[{"@type":"ReadAction","target":["https:\/\/qtmm.org\/qt\/qirimtatar-milliy-kuresinin-ayatiy-printsipleri\/"]}]},{"@type":"ImageObject","inLanguage":"qt","@id":"https:\/\/qtmm.org\/qt\/qirimtatar-milliy-kuresinin-ayatiy-printsipleri\/#primaryimage","url":"https:\/\/qtmm.org\/wp-content\/uploads\/2022\/01\/4e5b47edc1a07.jpeg","contentUrl":"https:\/\/qtmm.org\/wp-content\/uploads\/2022\/01\/4e5b47edc1a07.jpeg","width":640,"height":480},{"@type":"BreadcrumbList","@id":"https:\/\/qtmm.org\/qt\/qirimtatar-milliy-kuresinin-ayatiy-printsipleri\/#breadcrumb","itemListElement":[{"@type":"ListItem","position":1,"name":"\u0413\u043e\u043b\u043e\u0432\u043d\u0430","item":"https:\/\/qtmm.org\/qt\/"},{"@type":"ListItem","position":2,"name":"Q\u0131r\u0131mtatar milliy k\u00fcre\u015fini\u00f1 ayatiy printsipleri"}]},{"@type":"WebSite","@id":"https:\/\/qtmm.org\/qt\/#website","url":"https:\/\/qtmm.org\/qt\/","name":"\u041c\u0435\u0434\u0436\u043b\u0456\u0441","description":"","publisher":{"@id":"https:\/\/qtmm.org\/qt\/#organization"},"potentialAction":[{"@type":"SearchAction","target":{"@type":"EntryPoint","urlTemplate":"https:\/\/qtmm.org\/qt\/?s={search_term_string}"},"query-input":{"@type":"PropertyValueSpecification","valueRequired":true,"valueName":"search_term_string"}}],"inLanguage":"qt"},{"@type":"Organization","@id":"https:\/\/qtmm.org\/qt\/#organization","name":"\u041c\u0435\u0434\u0436\u043b\u0456\u0441","url":"https:\/\/qtmm.org\/qt\/","logo":{"@type":"ImageObject","inLanguage":"qt","@id":"https:\/\/qtmm.org\/qt\/#\/schema\/logo\/image\/","url":"https:\/\/qtmm.org\/wp-content\/uploads\/2024\/12\/ua-mejlis-logo-rgb.svg","contentUrl":"https:\/\/qtmm.org\/wp-content\/uploads\/2024\/12\/ua-mejlis-logo-rgb.svg","caption":"\u041c\u0435\u0434\u0436\u043b\u0456\u0441"},"image":{"@id":"https:\/\/qtmm.org\/qt\/#\/schema\/logo\/image\/"},"sameAs":["https:\/\/www.facebook.com\/qtmm.info\/"]},{"@type":"Person","@id":"https:\/\/qtmm.org\/qt\/#\/schema\/person\/de562469f971dec226ac06e60bbf74a7","name":"Developer","image":{"@type":"ImageObject","inLanguage":"qt","@id":"https:\/\/secure.gravatar.com\/avatar\/392b4cc8fbfeb00b39dfeeab4ee6edded39ffd48e25858637e4765810300227e?s=96&d=mm&r=g","url":"https:\/\/secure.gravatar.com\/avatar\/392b4cc8fbfeb00b39dfeeab4ee6edded39ffd48e25858637e4765810300227e?s=96&d=mm&r=g","contentUrl":"https:\/\/secure.gravatar.com\/avatar\/392b4cc8fbfeb00b39dfeeab4ee6edded39ffd48e25858637e4765810300227e?s=96&d=mm&r=g","caption":"Developer"},"url":"https:\/\/qtmm.org\/qt\/author\/Developer\/"}]}},"_links":{"self":[{"href":"https:\/\/qtmm.org\/qt\/wp-json\/wp\/v2\/posts\/25710","targetHints":{"allow":["GET"]}}],"collection":[{"href":"https:\/\/qtmm.org\/qt\/wp-json\/wp\/v2\/posts"}],"about":[{"href":"https:\/\/qtmm.org\/qt\/wp-json\/wp\/v2\/types\/post"}],"author":[{"embeddable":true,"href":"https:\/\/qtmm.org\/qt\/wp-json\/wp\/v2\/users\/1"}],"replies":[{"embeddable":true,"href":"https:\/\/qtmm.org\/qt\/wp-json\/wp\/v2\/comments?post=25710"}],"version-history":[{"count":1,"href":"https:\/\/qtmm.org\/qt\/wp-json\/wp\/v2\/posts\/25710\/revisions"}],"predecessor-version":[{"id":25731,"href":"https:\/\/qtmm.org\/qt\/wp-json\/wp\/v2\/posts\/25710\/revisions\/25731"}],"wp:featuredmedia":[{"embeddable":true,"href":"https:\/\/qtmm.org\/qt\/wp-json\/wp\/v2\/media\/25711"}],"wp:attachment":[{"href":"https:\/\/qtmm.org\/qt\/wp-json\/wp\/v2\/media?parent=25710"}],"wp:term":[{"taxonomy":"category","embeddable":true,"href":"https:\/\/qtmm.org\/qt\/wp-json\/wp\/v2\/categories?post=25710"},{"taxonomy":"post_tag","embeddable":true,"href":"https:\/\/qtmm.org\/qt\/wp-json\/wp\/v2\/tags?post=25710"}],"curies":[{"name":"wp","href":"https:\/\/api.w.org\/{rel}","templated":true}]}}