




{"id":25708,"date":"2011-08-26T14:36:00","date_gmt":"2011-08-26T11:36:00","guid":{"rendered":"http:\/\/qtmm.org\/?p=25708"},"modified":"2022-01-19T14:37:11","modified_gmt":"2022-01-19T11:37:11","slug":"2011-senesi-avgust-31-kunu-milliy-kures-boyunca-oraza-bayramina-bagislangan-aciq-cumhuriyet-yarisi-otkerilecek","status":"publish","type":"post","link":"https:\/\/qtmm.org\/qt\/2011-senesi-avgust-31-kunu-milliy-kures-boyunca-oraza-bayramina-bagislangan-aciq-cumhuriyet-yarisi-otkerilecek\/","title":{"rendered":"2011 senesi avgust 31 k\u00fcn\u00fc milliy k\u00fcre\u015f boyunca Oraza bayram\u0131na ba\u011f\u0131\u015flan\u011fan a\u00e7\u0131q cumhuriyet yar\u0131\u015f\u0131 \u00f6tkerilecek"},"content":{"rendered":"\n<p>Milliy k\u00fcre\u015fni k\u00fctleviyle\u015ftir\u00fcv ve inki\u015faf ettir\u00fcv maqsad\u0131nen Aqmescitte 2011 senesi avgust 31 k\u00fcn\u00fc milliy k\u00fcre\u015f boyunca Oraza bayram\u0131na ba\u011f\u0131\u015flan\u011fan a\u00e7\u0131q cumhuriyet yar\u0131\u015f\u0131 \u00f6tkerilecek<\/p>\n\n\n\n<p>\u011ealiplerge ba\u015f muk\u00e2fatlarn\u0131 &#8220;Alraid&#8221; B\u00fct\u00fcnukrain cemaat te\u015fkil\u00e2tlar\u0131n\u0131\u00f1 birligi taqdim etecek.<\/p>\n\n\n\n<p>Yar\u0131\u015fn\u0131 &#8220;K\u00fcre\u015f&#8221; Q\u0131r\u0131m milliy k\u00fcre\u015f federatsiyas\u0131 ve B\u00fct\u00fcnukrain cemaat te\u015fkil\u00e2tlar\u0131n\u0131\u00f1 birligi &#8220;Alraid&#8221; te\u015fkil eteler.<\/p>\n\n\n\n<p>\u0130\u015ftirak etmek i\u00e7\u00fcn te\u015fkil\u00e2tn\u0131\u00f1 yolba\u015f\u00e7\u0131s\u0131, ekim, komanda vekili taraf\u0131ndan ve m\u00fc\u00fcr ile tasdiqlan\u011fan ariza akemler eyyetine yar\u0131\u015fqa kelgen k\u00fcn\u00fc berile.<br>K\u00fcre\u015f\u00e7iler saat 9.00-de Aqmescit \u015f. Mokrousov soqa\u011f\u0131ndaki 7-nci &#8220;a&#8221; bina\u011fa kelmeliler. Yar\u0131\u015f saat 10-da ba\u015flanacaq. \u0130\u015ftirak etmege istegenler bu aqta yar\u0131\u015ftan evel, e\u00f1 ke\u00e7i eki k\u00fcn qal\u011fanda bildirmek kerekler.<\/p>\n\n\n\n<p>Erkekler aras\u0131nda yar\u0131\u015f 60 kg, 70 kg, 80 kg, 90 kg, 100 kg \u00e7ekiler boyunca ve , +100 kg absol\u00fct \u00e7eki, 15-16 ya\u015fl\u0131 \u00f6sm\u00fcrler aras\u0131nda 44 kg, 48 kg, 50 kg, 58 kg, 64 kg, 70 kg, 76 kg,+76 kg. Milliy k\u00fcre\u015f qaideleri esas\u0131nda ke\u00e7irilecek.<\/p>\n\n\n\n<p>Sport\u00e7\u0131larn\u0131\u00f1 masraflar\u0131n\u0131 olarn\u0131 yolla\u011fan te\u015fkil\u00e2t \u00f6deycek<\/p>\n\n\n\n<p>Yar\u0131\u015fn\u0131 te\u015fkil et\u00fcv ve \u011faliplerge muk\u00e2fatlar, diplomlarn\u0131 aluvnen ba\u011fl\u0131 masraflarn\u0131 B\u00fct\u00fcnukrain cemaat te\u015fkil\u00e2tlar\u0131n\u0131\u00f1 birligi &#8220;Alraid&#8221; k\u00f6tere. Yar\u0131\u015fqa az\u0131rl\u0131q, umumiy reberlik ve \u00f6tker\u00fcvni te\u015fkiliy komitet &#8220;K\u00fcre\u015f&#8221; Q\u0131r\u0131m cumhuriyet milliy k\u00fcre\u015f federatsiyas\u0131n\u0131\u00f1 yolba\u015f\u00e7\u0131l\u0131\u011f\u0131 alt\u0131nda amelge ke\u00e7ire.<\/p>\n\n\n\n<p>Absol\u00fct kategoriyada ye\u00f1gen \u011falip e\u00f1 b\u00fcy\u00fck muk\u00e2fat \u2013 qoynen taqdirlenecek.<\/p>\n\n\n\n<p>Mezk\u00fcr nizam yar\u0131\u015f devrinde esas say\u0131la.<br>&nbsp;<\/p>\n\n\n\n<p><strong>Mal\u00fcmat i\u00e7\u00fcn bu telefondan almaq m\u00fcmk\u00fcn:<\/strong>\u00a0+380504988878<\/p>\n","protected":false},"excerpt":{"rendered":"<p>Milliy k\u00fcre\u015fni k\u00fctleviyle\u015ftir\u00fcv ve inki\u015faf ettir\u00fcv maqsad\u0131nen Aqmescitte 2011 senesi avgust 31 k\u00fcn\u00fc milliy k\u00fcre\u015f boyunca Oraza bayram\u0131na ba\u011f\u0131\u015flan\u011fan a\u00e7\u0131q cumhuriyet yar\u0131\u015f\u0131 \u00f6tkerilecek \u011ealiplerge ba\u015f muk\u00e2fatlarn\u0131 &#8220;Alraid&#8221; B\u00fct\u00fcnukrain cemaat te\u015fkil\u00e2tlar\u0131n\u0131\u00f1 birligi taqdim etecek. Yar\u0131\u015fn\u0131 &#8220;K\u00fcre\u015f&#8221; Q\u0131r\u0131m milliy k\u00fcre\u015f federatsiyas\u0131 ve B\u00fct\u00fcnukrain cemaat te\u015fkil\u00e2tlar\u0131n\u0131\u00f1 birligi &#8220;Alraid&#8221; te\u015fkil eteler. \u0130\u015ftirak etmek i\u00e7\u00fcn te\u015fkil\u00e2tn\u0131\u00f1 yolba\u015f\u00e7\u0131s\u0131, ekim, komanda vekili [&hellip;]<\/p>\n","protected":false},"author":1,"featured_media":0,"comment_status":"open","ping_status":"open","sticky":false,"template":"","format":"standard","meta":{"inline_featured_image":false,"footnotes":""},"categories":[265],"tags":[],"class_list":["post-25708","post","type-post","status-publish","format-standard","hentry","category-haberler"],"acf":[],"yoast_head":"<!-- This site is optimized with the Yoast SEO plugin v27.4 - https:\/\/yoast.com\/product\/yoast-seo-wordpress\/ -->\n<title>2011 senesi avgust 31 k\u00fcn\u00fc milliy k\u00fcre\u015f boyunca Oraza bayram\u0131na ba\u011f\u0131\u015flan\u011fan a\u00e7\u0131q cumhuriyet yar\u0131\u015f\u0131 \u00f6tkerilecek - \u041c\u0435\u0434\u0436\u043b\u0456\u0441<\/title>\n<meta name=\"robots\" content=\"index, follow, max-snippet:-1, max-image-preview:large, max-video-preview:-1\" \/>\n<link rel=\"canonical\" href=\"https:\/\/qtmm.org\/qt\/2011-senesi-avgust-31-kunu-milliy-kures-boyunca-oraza-bayramina-bagislangan-aciq-cumhuriyet-yarisi-otkerilecek\/\" \/>\n<meta property=\"og:locale\" content=\"en_US\" \/>\n<meta property=\"og:type\" content=\"article\" \/>\n<meta property=\"og:title\" content=\"2011 senesi avgust 31 k\u00fcn\u00fc milliy k\u00fcre\u015f boyunca Oraza bayram\u0131na ba\u011f\u0131\u015flan\u011fan a\u00e7\u0131q cumhuriyet yar\u0131\u015f\u0131 \u00f6tkerilecek - \u041c\u0435\u0434\u0436\u043b\u0456\u0441\" \/>\n<meta property=\"og:description\" content=\"Milliy k\u00fcre\u015fni k\u00fctleviyle\u015ftir\u00fcv ve inki\u015faf ettir\u00fcv maqsad\u0131nen Aqmescitte 2011 senesi avgust 31 k\u00fcn\u00fc milliy k\u00fcre\u015f boyunca Oraza bayram\u0131na ba\u011f\u0131\u015flan\u011fan a\u00e7\u0131q cumhuriyet yar\u0131\u015f\u0131 \u00f6tkerilecek \u011ealiplerge ba\u015f muk\u00e2fatlarn\u0131 &#8220;Alraid&#8221; B\u00fct\u00fcnukrain cemaat te\u015fkil\u00e2tlar\u0131n\u0131\u00f1 birligi taqdim etecek. Yar\u0131\u015fn\u0131 &#8220;K\u00fcre\u015f&#8221; Q\u0131r\u0131m milliy k\u00fcre\u015f federatsiyas\u0131 ve B\u00fct\u00fcnukrain cemaat te\u015fkil\u00e2tlar\u0131n\u0131\u00f1 birligi &#8220;Alraid&#8221; te\u015fkil eteler. \u0130\u015ftirak etmek i\u00e7\u00fcn te\u015fkil\u00e2tn\u0131\u00f1 yolba\u015f\u00e7\u0131s\u0131, ekim, komanda vekili [&hellip;]\" \/>\n<meta property=\"og:url\" content=\"https:\/\/qtmm.org\/qt\/2011-senesi-avgust-31-kunu-milliy-kures-boyunca-oraza-bayramina-bagislangan-aciq-cumhuriyet-yarisi-otkerilecek\/\" \/>\n<meta property=\"og:site_name\" content=\"\u041c\u0435\u0434\u0436\u043b\u0456\u0441\" \/>\n<meta property=\"article:publisher\" content=\"https:\/\/www.facebook.com\/qtmm.info\/\" \/>\n<meta property=\"article:published_time\" content=\"2011-08-26T11:36:00+00:00\" \/>\n<meta property=\"article:modified_time\" content=\"2022-01-19T11:37:11+00:00\" \/>\n<meta name=\"author\" content=\"Developer\" \/>\n<meta name=\"twitter:card\" content=\"summary_large_image\" \/>\n<meta name=\"twitter:label1\" content=\"Written by\" \/>\n\t<meta name=\"twitter:data1\" content=\"Developer\" \/>\n\t<meta name=\"twitter:label2\" content=\"Est. reading time\" \/>\n\t<meta name=\"twitter:data2\" content=\"1 minute\" \/>\n<script type=\"application\/ld+json\" class=\"yoast-schema-graph\">{\"@context\":\"https:\\\/\\\/schema.org\",\"@graph\":[{\"@type\":\"Article\",\"@id\":\"https:\\\/\\\/qtmm.org\\\/qt\\\/2011-senesi-avgust-31-kunu-milliy-kures-boyunca-oraza-bayramina-bagislangan-aciq-cumhuriyet-yarisi-otkerilecek\\\/#article\",\"isPartOf\":{\"@id\":\"https:\\\/\\\/qtmm.org\\\/qt\\\/2011-senesi-avgust-31-kunu-milliy-kures-boyunca-oraza-bayramina-bagislangan-aciq-cumhuriyet-yarisi-otkerilecek\\\/\"},\"author\":{\"name\":\"Developer\",\"@id\":\"https:\\\/\\\/qtmm.org\\\/qt\\\/#\\\/schema\\\/person\\\/de562469f971dec226ac06e60bbf74a7\"},\"headline\":\"2011 senesi avgust 31 k\u00fcn\u00fc milliy k\u00fcre\u015f boyunca Oraza bayram\u0131na ba\u011f\u0131\u015flan\u011fan a\u00e7\u0131q cumhuriyet yar\u0131\u015f\u0131 \u00f6tkerilecek\",\"datePublished\":\"2011-08-26T11:36:00+00:00\",\"dateModified\":\"2022-01-19T11:37:11+00:00\",\"mainEntityOfPage\":{\"@id\":\"https:\\\/\\\/qtmm.org\\\/qt\\\/2011-senesi-avgust-31-kunu-milliy-kures-boyunca-oraza-bayramina-bagislangan-aciq-cumhuriyet-yarisi-otkerilecek\\\/\"},\"wordCount\":302,\"commentCount\":0,\"publisher\":{\"@id\":\"https:\\\/\\\/qtmm.org\\\/qt\\\/#organization\"},\"articleSection\":[\"Haberler\"],\"inLanguage\":\"qt\",\"potentialAction\":[{\"@type\":\"CommentAction\",\"name\":\"Comment\",\"target\":[\"https:\\\/\\\/qtmm.org\\\/qt\\\/2011-senesi-avgust-31-kunu-milliy-kures-boyunca-oraza-bayramina-bagislangan-aciq-cumhuriyet-yarisi-otkerilecek\\\/#respond\"]}]},{\"@type\":\"WebPage\",\"@id\":\"https:\\\/\\\/qtmm.org\\\/qt\\\/2011-senesi-avgust-31-kunu-milliy-kures-boyunca-oraza-bayramina-bagislangan-aciq-cumhuriyet-yarisi-otkerilecek\\\/\",\"url\":\"https:\\\/\\\/qtmm.org\\\/qt\\\/2011-senesi-avgust-31-kunu-milliy-kures-boyunca-oraza-bayramina-bagislangan-aciq-cumhuriyet-yarisi-otkerilecek\\\/\",\"name\":\"2011 senesi avgust 31 k\u00fcn\u00fc milliy k\u00fcre\u015f boyunca Oraza bayram\u0131na ba\u011f\u0131\u015flan\u011fan a\u00e7\u0131q cumhuriyet yar\u0131\u015f\u0131 \u00f6tkerilecek - \u041c\u0435\u0434\u0436\u043b\u0456\u0441\",\"isPartOf\":{\"@id\":\"https:\\\/\\\/qtmm.org\\\/qt\\\/#website\"},\"datePublished\":\"2011-08-26T11:36:00+00:00\",\"dateModified\":\"2022-01-19T11:37:11+00:00\",\"breadcrumb\":{\"@id\":\"https:\\\/\\\/qtmm.org\\\/qt\\\/2011-senesi-avgust-31-kunu-milliy-kures-boyunca-oraza-bayramina-bagislangan-aciq-cumhuriyet-yarisi-otkerilecek\\\/#breadcrumb\"},\"inLanguage\":\"qt\",\"potentialAction\":[{\"@type\":\"ReadAction\",\"target\":[\"https:\\\/\\\/qtmm.org\\\/qt\\\/2011-senesi-avgust-31-kunu-milliy-kures-boyunca-oraza-bayramina-bagislangan-aciq-cumhuriyet-yarisi-otkerilecek\\\/\"]}]},{\"@type\":\"BreadcrumbList\",\"@id\":\"https:\\\/\\\/qtmm.org\\\/qt\\\/2011-senesi-avgust-31-kunu-milliy-kures-boyunca-oraza-bayramina-bagislangan-aciq-cumhuriyet-yarisi-otkerilecek\\\/#breadcrumb\",\"itemListElement\":[{\"@type\":\"ListItem\",\"position\":1,\"name\":\"\u0413\u043e\u043b\u043e\u0432\u043d\u0430\",\"item\":\"https:\\\/\\\/qtmm.org\\\/qt\\\/\"},{\"@type\":\"ListItem\",\"position\":2,\"name\":\"2011 senesi avgust 31 k\u00fcn\u00fc milliy k\u00fcre\u015f boyunca Oraza bayram\u0131na ba\u011f\u0131\u015flan\u011fan a\u00e7\u0131q cumhuriyet yar\u0131\u015f\u0131 \u00f6tkerilecek\"}]},{\"@type\":\"WebSite\",\"@id\":\"https:\\\/\\\/qtmm.org\\\/qt\\\/#website\",\"url\":\"https:\\\/\\\/qtmm.org\\\/qt\\\/\",\"name\":\"\u041c\u0435\u0434\u0436\u043b\u0456\u0441\",\"description\":\"\",\"publisher\":{\"@id\":\"https:\\\/\\\/qtmm.org\\\/qt\\\/#organization\"},\"potentialAction\":[{\"@type\":\"SearchAction\",\"target\":{\"@type\":\"EntryPoint\",\"urlTemplate\":\"https:\\\/\\\/qtmm.org\\\/qt\\\/?s={search_term_string}\"},\"query-input\":{\"@type\":\"PropertyValueSpecification\",\"valueRequired\":true,\"valueName\":\"search_term_string\"}}],\"inLanguage\":\"qt\"},{\"@type\":\"Organization\",\"@id\":\"https:\\\/\\\/qtmm.org\\\/qt\\\/#organization\",\"name\":\"\u041c\u0435\u0434\u0436\u043b\u0456\u0441\",\"url\":\"https:\\\/\\\/qtmm.org\\\/qt\\\/\",\"logo\":{\"@type\":\"ImageObject\",\"inLanguage\":\"qt\",\"@id\":\"https:\\\/\\\/qtmm.org\\\/qt\\\/#\\\/schema\\\/logo\\\/image\\\/\",\"url\":\"https:\\\/\\\/qtmm.org\\\/wp-content\\\/uploads\\\/2024\\\/12\\\/ua-mejlis-logo-rgb.svg\",\"contentUrl\":\"https:\\\/\\\/qtmm.org\\\/wp-content\\\/uploads\\\/2024\\\/12\\\/ua-mejlis-logo-rgb.svg\",\"caption\":\"\u041c\u0435\u0434\u0436\u043b\u0456\u0441\"},\"image\":{\"@id\":\"https:\\\/\\\/qtmm.org\\\/qt\\\/#\\\/schema\\\/logo\\\/image\\\/\"},\"sameAs\":[\"https:\\\/\\\/www.facebook.com\\\/qtmm.info\\\/\"]},{\"@type\":\"Person\",\"@id\":\"https:\\\/\\\/qtmm.org\\\/qt\\\/#\\\/schema\\\/person\\\/de562469f971dec226ac06e60bbf74a7\",\"name\":\"Developer\",\"image\":{\"@type\":\"ImageObject\",\"inLanguage\":\"qt\",\"@id\":\"https:\\\/\\\/secure.gravatar.com\\\/avatar\\\/392b4cc8fbfeb00b39dfeeab4ee6edded39ffd48e25858637e4765810300227e?s=96&d=mm&r=g\",\"url\":\"https:\\\/\\\/secure.gravatar.com\\\/avatar\\\/392b4cc8fbfeb00b39dfeeab4ee6edded39ffd48e25858637e4765810300227e?s=96&d=mm&r=g\",\"contentUrl\":\"https:\\\/\\\/secure.gravatar.com\\\/avatar\\\/392b4cc8fbfeb00b39dfeeab4ee6edded39ffd48e25858637e4765810300227e?s=96&d=mm&r=g\",\"caption\":\"Developer\"},\"url\":\"https:\\\/\\\/qtmm.org\\\/qt\\\/author\\\/Developer\\\/\"}]}<\/script>\n<!-- \/ Yoast SEO plugin. -->","yoast_head_json":{"title":"2011 senesi avgust 31 k\u00fcn\u00fc milliy k\u00fcre\u015f boyunca Oraza bayram\u0131na ba\u011f\u0131\u015flan\u011fan a\u00e7\u0131q cumhuriyet yar\u0131\u015f\u0131 \u00f6tkerilecek - \u041c\u0435\u0434\u0436\u043b\u0456\u0441","robots":{"index":"index","follow":"follow","max-snippet":"max-snippet:-1","max-image-preview":"max-image-preview:large","max-video-preview":"max-video-preview:-1"},"canonical":"https:\/\/qtmm.org\/qt\/2011-senesi-avgust-31-kunu-milliy-kures-boyunca-oraza-bayramina-bagislangan-aciq-cumhuriyet-yarisi-otkerilecek\/","og_locale":"en_US","og_type":"article","og_title":"2011 senesi avgust 31 k\u00fcn\u00fc milliy k\u00fcre\u015f boyunca Oraza bayram\u0131na ba\u011f\u0131\u015flan\u011fan a\u00e7\u0131q cumhuriyet yar\u0131\u015f\u0131 \u00f6tkerilecek - \u041c\u0435\u0434\u0436\u043b\u0456\u0441","og_description":"Milliy k\u00fcre\u015fni k\u00fctleviyle\u015ftir\u00fcv ve inki\u015faf ettir\u00fcv maqsad\u0131nen Aqmescitte 2011 senesi avgust 31 k\u00fcn\u00fc milliy k\u00fcre\u015f boyunca Oraza bayram\u0131na ba\u011f\u0131\u015flan\u011fan a\u00e7\u0131q cumhuriyet yar\u0131\u015f\u0131 \u00f6tkerilecek \u011ealiplerge ba\u015f muk\u00e2fatlarn\u0131 &#8220;Alraid&#8221; B\u00fct\u00fcnukrain cemaat te\u015fkil\u00e2tlar\u0131n\u0131\u00f1 birligi taqdim etecek. Yar\u0131\u015fn\u0131 &#8220;K\u00fcre\u015f&#8221; Q\u0131r\u0131m milliy k\u00fcre\u015f federatsiyas\u0131 ve B\u00fct\u00fcnukrain cemaat te\u015fkil\u00e2tlar\u0131n\u0131\u00f1 birligi &#8220;Alraid&#8221; te\u015fkil eteler. \u0130\u015ftirak etmek i\u00e7\u00fcn te\u015fkil\u00e2tn\u0131\u00f1 yolba\u015f\u00e7\u0131s\u0131, ekim, komanda vekili [&hellip;]","og_url":"https:\/\/qtmm.org\/qt\/2011-senesi-avgust-31-kunu-milliy-kures-boyunca-oraza-bayramina-bagislangan-aciq-cumhuriyet-yarisi-otkerilecek\/","og_site_name":"\u041c\u0435\u0434\u0436\u043b\u0456\u0441","article_publisher":"https:\/\/www.facebook.com\/qtmm.info\/","article_published_time":"2011-08-26T11:36:00+00:00","article_modified_time":"2022-01-19T11:37:11+00:00","author":"Developer","twitter_card":"summary_large_image","twitter_misc":{"Written by":"Developer","Est. reading time":"1 minute"},"schema":{"@context":"https:\/\/schema.org","@graph":[{"@type":"Article","@id":"https:\/\/qtmm.org\/qt\/2011-senesi-avgust-31-kunu-milliy-kures-boyunca-oraza-bayramina-bagislangan-aciq-cumhuriyet-yarisi-otkerilecek\/#article","isPartOf":{"@id":"https:\/\/qtmm.org\/qt\/2011-senesi-avgust-31-kunu-milliy-kures-boyunca-oraza-bayramina-bagislangan-aciq-cumhuriyet-yarisi-otkerilecek\/"},"author":{"name":"Developer","@id":"https:\/\/qtmm.org\/qt\/#\/schema\/person\/de562469f971dec226ac06e60bbf74a7"},"headline":"2011 senesi avgust 31 k\u00fcn\u00fc milliy k\u00fcre\u015f boyunca Oraza bayram\u0131na ba\u011f\u0131\u015flan\u011fan a\u00e7\u0131q cumhuriyet yar\u0131\u015f\u0131 \u00f6tkerilecek","datePublished":"2011-08-26T11:36:00+00:00","dateModified":"2022-01-19T11:37:11+00:00","mainEntityOfPage":{"@id":"https:\/\/qtmm.org\/qt\/2011-senesi-avgust-31-kunu-milliy-kures-boyunca-oraza-bayramina-bagislangan-aciq-cumhuriyet-yarisi-otkerilecek\/"},"wordCount":302,"commentCount":0,"publisher":{"@id":"https:\/\/qtmm.org\/qt\/#organization"},"articleSection":["Haberler"],"inLanguage":"qt","potentialAction":[{"@type":"CommentAction","name":"Comment","target":["https:\/\/qtmm.org\/qt\/2011-senesi-avgust-31-kunu-milliy-kures-boyunca-oraza-bayramina-bagislangan-aciq-cumhuriyet-yarisi-otkerilecek\/#respond"]}]},{"@type":"WebPage","@id":"https:\/\/qtmm.org\/qt\/2011-senesi-avgust-31-kunu-milliy-kures-boyunca-oraza-bayramina-bagislangan-aciq-cumhuriyet-yarisi-otkerilecek\/","url":"https:\/\/qtmm.org\/qt\/2011-senesi-avgust-31-kunu-milliy-kures-boyunca-oraza-bayramina-bagislangan-aciq-cumhuriyet-yarisi-otkerilecek\/","name":"2011 senesi avgust 31 k\u00fcn\u00fc milliy k\u00fcre\u015f boyunca Oraza bayram\u0131na ba\u011f\u0131\u015flan\u011fan a\u00e7\u0131q cumhuriyet yar\u0131\u015f\u0131 \u00f6tkerilecek - \u041c\u0435\u0434\u0436\u043b\u0456\u0441","isPartOf":{"@id":"https:\/\/qtmm.org\/qt\/#website"},"datePublished":"2011-08-26T11:36:00+00:00","dateModified":"2022-01-19T11:37:11+00:00","breadcrumb":{"@id":"https:\/\/qtmm.org\/qt\/2011-senesi-avgust-31-kunu-milliy-kures-boyunca-oraza-bayramina-bagislangan-aciq-cumhuriyet-yarisi-otkerilecek\/#breadcrumb"},"inLanguage":"qt","potentialAction":[{"@type":"ReadAction","target":["https:\/\/qtmm.org\/qt\/2011-senesi-avgust-31-kunu-milliy-kures-boyunca-oraza-bayramina-bagislangan-aciq-cumhuriyet-yarisi-otkerilecek\/"]}]},{"@type":"BreadcrumbList","@id":"https:\/\/qtmm.org\/qt\/2011-senesi-avgust-31-kunu-milliy-kures-boyunca-oraza-bayramina-bagislangan-aciq-cumhuriyet-yarisi-otkerilecek\/#breadcrumb","itemListElement":[{"@type":"ListItem","position":1,"name":"\u0413\u043e\u043b\u043e\u0432\u043d\u0430","item":"https:\/\/qtmm.org\/qt\/"},{"@type":"ListItem","position":2,"name":"2011 senesi avgust 31 k\u00fcn\u00fc milliy k\u00fcre\u015f boyunca Oraza bayram\u0131na ba\u011f\u0131\u015flan\u011fan a\u00e7\u0131q cumhuriyet yar\u0131\u015f\u0131 \u00f6tkerilecek"}]},{"@type":"WebSite","@id":"https:\/\/qtmm.org\/qt\/#website","url":"https:\/\/qtmm.org\/qt\/","name":"\u041c\u0435\u0434\u0436\u043b\u0456\u0441","description":"","publisher":{"@id":"https:\/\/qtmm.org\/qt\/#organization"},"potentialAction":[{"@type":"SearchAction","target":{"@type":"EntryPoint","urlTemplate":"https:\/\/qtmm.org\/qt\/?s={search_term_string}"},"query-input":{"@type":"PropertyValueSpecification","valueRequired":true,"valueName":"search_term_string"}}],"inLanguage":"qt"},{"@type":"Organization","@id":"https:\/\/qtmm.org\/qt\/#organization","name":"\u041c\u0435\u0434\u0436\u043b\u0456\u0441","url":"https:\/\/qtmm.org\/qt\/","logo":{"@type":"ImageObject","inLanguage":"qt","@id":"https:\/\/qtmm.org\/qt\/#\/schema\/logo\/image\/","url":"https:\/\/qtmm.org\/wp-content\/uploads\/2024\/12\/ua-mejlis-logo-rgb.svg","contentUrl":"https:\/\/qtmm.org\/wp-content\/uploads\/2024\/12\/ua-mejlis-logo-rgb.svg","caption":"\u041c\u0435\u0434\u0436\u043b\u0456\u0441"},"image":{"@id":"https:\/\/qtmm.org\/qt\/#\/schema\/logo\/image\/"},"sameAs":["https:\/\/www.facebook.com\/qtmm.info\/"]},{"@type":"Person","@id":"https:\/\/qtmm.org\/qt\/#\/schema\/person\/de562469f971dec226ac06e60bbf74a7","name":"Developer","image":{"@type":"ImageObject","inLanguage":"qt","@id":"https:\/\/secure.gravatar.com\/avatar\/392b4cc8fbfeb00b39dfeeab4ee6edded39ffd48e25858637e4765810300227e?s=96&d=mm&r=g","url":"https:\/\/secure.gravatar.com\/avatar\/392b4cc8fbfeb00b39dfeeab4ee6edded39ffd48e25858637e4765810300227e?s=96&d=mm&r=g","contentUrl":"https:\/\/secure.gravatar.com\/avatar\/392b4cc8fbfeb00b39dfeeab4ee6edded39ffd48e25858637e4765810300227e?s=96&d=mm&r=g","caption":"Developer"},"url":"https:\/\/qtmm.org\/qt\/author\/Developer\/"}]}},"_links":{"self":[{"href":"https:\/\/qtmm.org\/qt\/wp-json\/wp\/v2\/posts\/25708","targetHints":{"allow":["GET"]}}],"collection":[{"href":"https:\/\/qtmm.org\/qt\/wp-json\/wp\/v2\/posts"}],"about":[{"href":"https:\/\/qtmm.org\/qt\/wp-json\/wp\/v2\/types\/post"}],"author":[{"embeddable":true,"href":"https:\/\/qtmm.org\/qt\/wp-json\/wp\/v2\/users\/1"}],"replies":[{"embeddable":true,"href":"https:\/\/qtmm.org\/qt\/wp-json\/wp\/v2\/comments?post=25708"}],"version-history":[{"count":1,"href":"https:\/\/qtmm.org\/qt\/wp-json\/wp\/v2\/posts\/25708\/revisions"}],"predecessor-version":[{"id":25709,"href":"https:\/\/qtmm.org\/qt\/wp-json\/wp\/v2\/posts\/25708\/revisions\/25709"}],"wp:attachment":[{"href":"https:\/\/qtmm.org\/qt\/wp-json\/wp\/v2\/media?parent=25708"}],"wp:term":[{"taxonomy":"category","embeddable":true,"href":"https:\/\/qtmm.org\/qt\/wp-json\/wp\/v2\/categories?post=25708"},{"taxonomy":"post_tag","embeddable":true,"href":"https:\/\/qtmm.org\/qt\/wp-json\/wp\/v2\/tags?post=25708"}],"curies":[{"name":"wp","href":"https:\/\/api.w.org\/{rel}","templated":true}]}}