




{"id":25660,"date":"2011-08-23T14:32:00","date_gmt":"2011-08-23T11:32:00","guid":{"rendered":"http:\/\/qtmm.org\/?p=25660"},"modified":"2022-01-19T14:34:51","modified_gmt":"2022-01-19T11:34:51","slug":"aqmescitte-er-sene-kecirilgen-kutleviy-surgunlik-ve-qatl-qurbanlarinin-hatirasini-saqlamaq-icun-umumavropa-stalinizm-ve-natsizm-qurbanlarinin-hatira-kunu-cercivesinde-matem-mitingi-otkerildi","status":"publish","type":"post","link":"https:\/\/qtmm.org\/qt\/aqmescitte-er-sene-kecirilgen-kutleviy-surgunlik-ve-qatl-qurbanlarinin-hatirasini-saqlamaq-icun-umumavropa-stalinizm-ve-natsizm-qurbanlarinin-hatira-kunu-cercivesinde-matem-mitingi-otkerildi\/","title":{"rendered":"Aqmescitte er sene ke\u00e7irilgen K\u00fctleviy s\u00fcrg\u00fcnlik ve qatl qurbanlar\u0131n\u0131\u00f1 hat\u0131ras\u0131n\u0131 saqlamaq i\u00e7\u00fcn Umumavropa stalinizm ve natsizm qurbanlar\u0131n\u0131\u00f1 hat\u0131ra k\u00fcn\u00fc \u00e7er\u00e7ivesinde matem mitingi \u00f6tkerildi"},"content":{"rendered":"\n<p>2011 senesi avgust 23 k\u00fcn\u00fc Aqmescitni\u00f1 Sal\u011f\u0131r ba\u011f\u00e7as\u0131ndaki Q\u0131r\u0131mtatar halq\u0131 s\u00fcrg\u00fcnligi qurbanlar\u0131n\u0131\u00f1 hat\u0131ra ta\u015f\u0131 yan\u0131nda K\u00fctleviy s\u00fcrg\u00fcnlik ve qatl qurbanlar\u0131n\u0131\u00f1 hat\u0131ras\u0131n\u0131 saqlamaq i\u00e7\u00fcn Umumavropa stalinizm ve natsizm qurbanlar\u0131n\u0131\u00f1 hat\u0131ra k\u00fcn\u00fc \u00e7er\u00e7ivesinde matem mitingi ol\u0131p ke\u00e7ti.<\/p>\n\n\n\n<p>Q\u0131r\u0131mtatar halq\u0131 Meclisini\u00f1 2011 senesi avgust 3-teki qarar\u0131n\u0131 eda eterek\u00a0ve \u00d6BSE Parlament Assambleyas\u0131n\u0131\u00f1 2009 senesi iy\u00fcl 3-te qabul etken &#8220;B\u00f6l\u00fcngen Avropan\u0131 birle\u015ftir\u00fcv: HH1 as\u0131rda \u00d6BSE region\u0131nda insan uquqlar\u0131 ve serbestligini taqdirlev&#8221; qarar\u0131na muvaf\u0131q, em de Avropa halqlar\u0131 kommunist rejimlerni\u00f1 zulum\u0131 aqibetinde o\u011fra\u011fan \u00e7oqmillionl\u0131q qurbanlar\u0131n\u0131\u00f1 hat\u0131ras\u0131n\u0131 a\u00f1araq Meclis 2009 senesi avgust 23-ten ba\u015flap er sene Aqmescitte \u00e7e\u015fit millet ve din vekillerini\u00f1 i\u015ftirakinde matem mitingini ke\u00e7ire.<\/p>\n\n\n\n<p>Q\u0131r\u0131mtatar halq\u0131n\u0131\u00f1 Meclisi ukrain milliy demokratik birle\u015fmelernen beraber te\u015fkil\u00e2tland\u0131r\u011fan mitingde 300-den ziyade adam topland\u0131.<\/p>\n\n\n\n<p>Matem mitingini\u00f1 i\u015ftirak\u00e7ileri aras\u0131nda Meclis azalar\u0131, bir s\u0131ra regional meclisler, &#8220;Ukraina halq partiyas\u0131&#8221;, &#8220;Ukrain millet\u00e7iler kongressi&#8221;, &#8220;Halq birligi&#8221;, &#8220;Bizim Ukraina&#8221;, \u00e7e\u015fit q\u0131r\u0131mtatar ve ukrain cemaat te\u015fkil\u00e2tlar\u0131, q\u0131r\u0131mtatar halq\u0131 milliy areketini\u00f1 veteranlar\u0131 ve bir \u00e7oq gen\u00e7ler bar ediler.<br>.<br>Aktsiya i\u015ftirak\u00e7ilerini\u00f1 ellerinde q\u0131r\u0131mtatar ve ukrain milliy bayraqlar\u0131n\u0131, siyasiy ve cemaat te\u015fkil\u00e2tlar\u0131n\u0131\u00f1 belgilerini k\u00f6rmek m\u00fcmk\u00fcn edi. Bun\u0131\u00f1 kibi q\u0131r\u0131mtatar, rus ve ukrain tillerinde yaz\u0131l\u011fan &#8220;23 avgust \u2013 nats\u0131z\u0131m ve staliniz\u0131m qurbanlar\u0131n\u0131n but\u00fcnavropa hat\u0131ra kun\u00fc. K\u00fctleviy s\u00fcrg\u00fcnl\u0131kler ve aqs\u0131z ol\u00fcm cezas\u0131 qurbanlar\u0131 aqq\u0131nda hat\u0131ra saqlamaq kun\u00fcd\u0131r&#8221; &#8211; &#8220;23 serpn\u00e2 \u2013 Zagalnoyevropeyskiy Den pam\u2019\u00e2t\u0456 jertv stal\u0456n\u0456zmu \u0456 natsizmu v \u0456m\u2019\u00e2 zberejenn\u00e2 pam\u2019\u00e2t\u0456 pro jertvi masovih deportats\u0456y \u0456 strat&#8221; &#8211; &#8220;On the 23 of August the whole Europe commemorates the Day of the victims of the Nazism and Stalinizm in order to save the memory of the victims of mass deportations and political executions&#8221;, &#8220;Net vozrojdeniyu totalitarn\u0131h rejimov!&#8221;, &#8220;KPSS=SS&#8221; kibi \u015fiarlar da k\u00f6terildi.<\/p>\n\n\n\n<p>Matem mitingini kiri\u015f s\u00f6z\u00fcnen Q\u0131r\u0131mtatar halq\u0131 Meclisi reisini\u00f1 birinci muavini, B\u00fct\u00fcnd\u00fcnya q\u0131r\u0131mtatarlar kongressini\u00f1 prezidenti Refat \u00c7ubarov a\u00e7\u0131p, 1938 senesi avgust 23 k\u00fcn\u00fc &#8220;Ribbentrop-Molotov&#8221; a\u00f1la\u015fmas\u0131 imzalan\u0131p, insaniyetke z\u0131t eki totalitar devlet ve fa\u015fizm ve kommunizm \u011fayelerini\u00f1 birle\u015fkenini numay\u0131\u015f etkenini hat\u0131rlatt\u0131. &#8220;Bu birle\u015fmeni\u00f1 aqibetleri er keske belli. Avropa fel\u00e2ketke o\u011frat\u0131l\u0131p, millionlarnen insanlar \u00f6ld\u00fcrildi, onlarnen halqlar \u00f6z yurtlar\u0131ndan s\u00fcrg\u00fcn etildiler, &#8211; devam etti R. \u00c7ubarov. \u2013 Bug\u00fcn 21-nci as\u0131rda birle\u015fken Avropa b\u00f6yle facialarn\u0131\u00f1 bir daa i\u00e7 tekrarlanmamas\u0131 i\u00e7\u00fcn areket ete&#8221;.<br><br>Meclis reisini\u00f1 birinci muavini R. \u00c7ubarov aytqan\u0131na k\u00f6re, Q\u0131r\u0131mda ya\u015fa\u011fan insanlar fa\u015fizm ve kommunizm cinayetliklerini ba\u015flar\u0131ndan ke\u00e7irip, \u00f6z regionlar\u0131n\u0131\u00f1 facias\u0131n\u0131 bileler ve \u015fun\u0131\u00f1 i\u00e7\u00fcn de cemaatqa bu facian\u0131 hat\u0131rlatqan tedbirden kenarda qal\u0131p olamazlar. &#8220;Bu k\u00fcnde Avropa devletlerinen birligimizni numay\u0131\u015f etmek bizim insaniy borcum\u0131zd\u0131r, &#8211; dep qayd etti. R. \u00c7ubarov. \u2013Q\u0131r\u0131m cemiyeti ve umumen Ukraina \u2013 bu Avropan\u0131\u00f1 terkibiy q\u0131sm\u0131 ol\u011fan\u0131n\u0131 biz daa bir kere tasdiqlaym\u0131z&#8221;.<\/p>\n\n\n\n<p>Mitingni\u00f1 ba\u015f\u0131nda Aqmescitteki Kebir camini\u00f1 imam\u0131 Niyazi Ramazanov ve rum-katolik kilsesini\u00f1 ksendzi Maksim Mazno k\u00fctleviy s\u00fcrg\u00fcnlik ve qatl qurbanlar\u0131n\u0131\u00f1 ruhuna dua oqud\u0131lar.<\/p>\n\n\n\n<p>Matem mitinginde \u00e7\u0131q\u0131\u015fta bulun\u011fan Ukrain millet\u00e7iler kongressi Q\u0131r\u0131m te\u015fkil\u00e2t\u0131n\u0131\u00f1 reisi Vasil Ov\u00e7aruk insanlar 20-nci as\u0131rn\u0131\u00f1 zal\u0131m rejimleri fa\u015fizm ve stalinizm taraf\u0131ndan olar\u011fa qar\u015f\u0131 yap\u0131l\u011fan cinayetni unutmamaq kerekler, dedi. &#8220;Bizim vazifemiz \u2013 bu eki de\u015fetli rejim ketirgen zararn\u0131\u00f1 bir daa i\u00e7 olmamas\u0131n\u0131 teminlemek ve Ukraina em de Q\u0131r\u0131mda demokratik \u00f6m\u00fcrge \u0131nt\u0131lmaqt\u0131r&#8221; &#8211; dedi V. Ov\u00e7aruk.<\/p>\n\n\n\n<p>Bun\u0131\u00f1 kibi matem mitinginde Ukrain halq partiyas\u0131 Q\u0131r\u0131m te\u015fkil\u00e2t\u0131n\u0131\u00f1 reisi \u00d6leg Fomu\u015fkin, &#8220;Narodn\u0131y soyuz, Na\u015fa Ukraina&#8221; partiyas\u0131 Q\u0131r\u0131m te\u015fkil\u00e2t\u0131n\u0131\u00f1 reisi Vladislav Hmelovskiy, q\u0131r\u0131mtatar halq\u0131 milliy areketini\u00f1 veteran\u0131 Ali Riza Dagc\u0131, &#8220;Ya\u015flar \u015euras\u0131&#8221; gen\u00e7ler te\u015fkil\u00e2t\u0131n\u0131\u00f1 azas\u0131 Niyara Nagayeva ve Q\u0131r\u0131mtatar halq\u0131 genotsidini\u00f1 aqibetlerini \u00f6gren\u00fcv komissiyas\u0131 reisini\u00f1 muavini Elvedin \u00c7ubarov\u011fa da s\u00f6z berildi.<\/p>\n\n\n\n<p>\u00d6z nevbetinde Meclis reisini\u00f1 birinci muavini, Q\u0131r\u0131m Yuqar\u0131 \u015euras\u0131nda Qurultay- Ruh fraktsiyas\u0131n\u0131\u00f1 ba\u015f\u0131 Refat \u00c7ubarov \u015fun\u0131 qayd etti ki, bug\u00fcnde-bug\u00fcn ukrain siyaset\u00e7ilerini\u00f1 pek \u00e7oqu insanl\u0131qqa z\u0131t mevkureler ketirgen zararn\u0131\u00f1, \u015fu c\u00fcmleden Ukraina devletinde de yap\u0131l\u011fan cinayetlerni\u00f1 k\u00f6lemini so\u00f1unace a\u00f1lap olamay\u0131p, atta stalin rejimini aqlama\u011fa t\u0131r\u0131\u015falar.<\/p>\n\n\n\n<p>So\u00f1unda Refat \u00c7ubarov\u00a0\u00a0K\u00fctleviy s\u00fcrg\u00fcnlik ve qatl qurbanlar\u0131n\u0131\u00f1 hat\u0131ras\u0131n\u0131 saqlamaq i\u00e7\u00fcn Umumavropa stalinizm ve natsizm qurbanlar\u0131n\u0131\u00f1 hat\u0131ra k\u00fcn\u00fc \u00e7er\u00e7ivesinde \u00f6tkerilgen matem miting qarar\u0131n\u0131\u00f1\u00a0 leyhas\u0131n\u0131 oqud\u0131. Miting i\u015ftirak\u00e7ileri o\u00f1a bira\u011f\u0131zdan qoltutt\u0131lar.<\/p>\n\n\n\n<figure class=\"wp-block-gallery columns-3 is-cropped wp-block-gallery-1 is-layout-flex wp-block-gallery-is-layout-flex\"><ul class=\"blocks-gallery-grid\"><li class=\"blocks-gallery-item\"><figure><a href=\"http:\/\/qtmm.org\/wp-content\/uploads\/2022\/01\/4e5485c7cca5f.jpeg\"><img loading=\"lazy\" decoding=\"async\" width=\"640\" height=\"480\" src=\"http:\/\/qtmm.org\/wp-content\/uploads\/2022\/01\/4e5485c7cca5f.jpeg\" alt=\"\" data-id=\"25661\" data-full-url=\"http:\/\/qtmm.org\/wp-content\/uploads\/2022\/01\/4e5485c7cca5f.jpeg\" data-link=\"http:\/\/qtmm.org\/qt\/?attachment_id=25661\" class=\"wp-image-25661\" srcset=\"https:\/\/qtmm.org\/wp-content\/uploads\/2022\/01\/4e5485c7cca5f.jpeg 640w, https:\/\/qtmm.org\/wp-content\/uploads\/2022\/01\/4e5485c7cca5f-300x225.jpeg 300w\" sizes=\"auto, (max-width: 640px) 100vw, 640px\" \/><\/a><\/figure><\/li><li class=\"blocks-gallery-item\"><figure><a href=\"http:\/\/qtmm.org\/wp-content\/uploads\/2022\/01\/4e5485c8b62cd.jpeg\"><img loading=\"lazy\" decoding=\"async\" width=\"640\" height=\"480\" src=\"http:\/\/qtmm.org\/wp-content\/uploads\/2022\/01\/4e5485c8b62cd.jpeg\" alt=\"\" data-id=\"25665\" data-full-url=\"http:\/\/qtmm.org\/wp-content\/uploads\/2022\/01\/4e5485c8b62cd.jpeg\" data-link=\"http:\/\/qtmm.org\/qt\/?attachment_id=25665\" class=\"wp-image-25665\" srcset=\"https:\/\/qtmm.org\/wp-content\/uploads\/2022\/01\/4e5485c8b62cd.jpeg 640w, https:\/\/qtmm.org\/wp-content\/uploads\/2022\/01\/4e5485c8b62cd-300x225.jpeg 300w\" sizes=\"auto, (max-width: 640px) 100vw, 640px\" \/><\/a><\/figure><\/li><li class=\"blocks-gallery-item\"><figure><a href=\"http:\/\/qtmm.org\/wp-content\/uploads\/2022\/01\/4e5485c9461e5.jpeg\"><img loading=\"lazy\" decoding=\"async\" width=\"640\" height=\"480\" src=\"http:\/\/qtmm.org\/wp-content\/uploads\/2022\/01\/4e5485c9461e5.jpeg\" alt=\"\" data-id=\"25669\" data-full-url=\"http:\/\/qtmm.org\/wp-content\/uploads\/2022\/01\/4e5485c9461e5.jpeg\" data-link=\"http:\/\/qtmm.org\/qt\/?attachment_id=25669\" class=\"wp-image-25669\" srcset=\"https:\/\/qtmm.org\/wp-content\/uploads\/2022\/01\/4e5485c9461e5.jpeg 640w, https:\/\/qtmm.org\/wp-content\/uploads\/2022\/01\/4e5485c9461e5-300x225.jpeg 300w\" sizes=\"auto, (max-width: 640px) 100vw, 640px\" \/><\/a><\/figure><\/li><li class=\"blocks-gallery-item\"><figure><a href=\"http:\/\/qtmm.org\/wp-content\/uploads\/2022\/01\/4e5485c87866d.jpeg\"><img loading=\"lazy\" decoding=\"async\" width=\"640\" height=\"480\" src=\"http:\/\/qtmm.org\/wp-content\/uploads\/2022\/01\/4e5485c87866d.jpeg\" alt=\"\" data-id=\"25673\" data-full-url=\"http:\/\/qtmm.org\/wp-content\/uploads\/2022\/01\/4e5485c87866d.jpeg\" data-link=\"http:\/\/qtmm.org\/qt\/?attachment_id=25673\" class=\"wp-image-25673\" srcset=\"https:\/\/qtmm.org\/wp-content\/uploads\/2022\/01\/4e5485c87866d.jpeg 640w, https:\/\/qtmm.org\/wp-content\/uploads\/2022\/01\/4e5485c87866d-300x225.jpeg 300w\" sizes=\"auto, (max-width: 640px) 100vw, 640px\" \/><\/a><\/figure><\/li><li class=\"blocks-gallery-item\"><figure><a href=\"http:\/\/qtmm.org\/wp-content\/uploads\/2022\/01\/4e5485ca61318.jpeg\"><img loading=\"lazy\" decoding=\"async\" width=\"640\" height=\"480\" src=\"http:\/\/qtmm.org\/wp-content\/uploads\/2022\/01\/4e5485ca61318.jpeg\" alt=\"\" data-id=\"25677\" data-full-url=\"http:\/\/qtmm.org\/wp-content\/uploads\/2022\/01\/4e5485ca61318.jpeg\" data-link=\"http:\/\/qtmm.org\/qt\/?attachment_id=25677\" class=\"wp-image-25677\" srcset=\"https:\/\/qtmm.org\/wp-content\/uploads\/2022\/01\/4e5485ca61318.jpeg 640w, https:\/\/qtmm.org\/wp-content\/uploads\/2022\/01\/4e5485ca61318-300x225.jpeg 300w\" sizes=\"auto, (max-width: 640px) 100vw, 640px\" \/><\/a><\/figure><\/li><li class=\"blocks-gallery-item\"><figure><a href=\"http:\/\/qtmm.org\/wp-content\/uploads\/2022\/01\/4e5485cb5c497.jpeg\"><img loading=\"lazy\" decoding=\"async\" width=\"640\" height=\"480\" src=\"http:\/\/qtmm.org\/wp-content\/uploads\/2022\/01\/4e5485cb5c497.jpeg\" alt=\"\" data-id=\"25681\" data-full-url=\"http:\/\/qtmm.org\/wp-content\/uploads\/2022\/01\/4e5485cb5c497.jpeg\" data-link=\"http:\/\/qtmm.org\/qt\/?attachment_id=25681\" class=\"wp-image-25681\" srcset=\"https:\/\/qtmm.org\/wp-content\/uploads\/2022\/01\/4e5485cb5c497.jpeg 640w, https:\/\/qtmm.org\/wp-content\/uploads\/2022\/01\/4e5485cb5c497-300x225.jpeg 300w\" sizes=\"auto, (max-width: 640px) 100vw, 640px\" \/><\/a><\/figure><\/li><li class=\"blocks-gallery-item\"><figure><a href=\"http:\/\/qtmm.org\/wp-content\/uploads\/2022\/01\/4e5485cc64b80.jpeg\"><img loading=\"lazy\" decoding=\"async\" width=\"640\" height=\"480\" src=\"http:\/\/qtmm.org\/wp-content\/uploads\/2022\/01\/4e5485cc64b80.jpeg\" alt=\"\" data-id=\"25685\" data-full-url=\"http:\/\/qtmm.org\/wp-content\/uploads\/2022\/01\/4e5485cc64b80.jpeg\" data-link=\"http:\/\/qtmm.org\/qt\/?attachment_id=25685\" class=\"wp-image-25685\" srcset=\"https:\/\/qtmm.org\/wp-content\/uploads\/2022\/01\/4e5485cc64b80.jpeg 640w, https:\/\/qtmm.org\/wp-content\/uploads\/2022\/01\/4e5485cc64b80-300x225.jpeg 300w\" sizes=\"auto, (max-width: 640px) 100vw, 640px\" \/><\/a><\/figure><\/li><li class=\"blocks-gallery-item\"><figure><a href=\"http:\/\/qtmm.org\/wp-content\/uploads\/2022\/01\/4e5485cd71e62.jpeg\"><img loading=\"lazy\" decoding=\"async\" width=\"640\" height=\"480\" src=\"http:\/\/qtmm.org\/wp-content\/uploads\/2022\/01\/4e5485cd71e62.jpeg\" alt=\"\" data-id=\"25689\" data-full-url=\"http:\/\/qtmm.org\/wp-content\/uploads\/2022\/01\/4e5485cd71e62.jpeg\" data-link=\"http:\/\/qtmm.org\/qt\/?attachment_id=25689\" class=\"wp-image-25689\" srcset=\"https:\/\/qtmm.org\/wp-content\/uploads\/2022\/01\/4e5485cd71e62.jpeg 640w, https:\/\/qtmm.org\/wp-content\/uploads\/2022\/01\/4e5485cd71e62-300x225.jpeg 300w\" sizes=\"auto, (max-width: 640px) 100vw, 640px\" \/><\/a><\/figure><\/li><li class=\"blocks-gallery-item\"><figure><a href=\"http:\/\/qtmm.org\/wp-content\/uploads\/2022\/01\/4e5485ce7aae7.jpeg\"><img loading=\"lazy\" decoding=\"async\" width=\"640\" height=\"480\" src=\"http:\/\/qtmm.org\/wp-content\/uploads\/2022\/01\/4e5485ce7aae7.jpeg\" alt=\"\" data-id=\"25693\" data-full-url=\"http:\/\/qtmm.org\/wp-content\/uploads\/2022\/01\/4e5485ce7aae7.jpeg\" data-link=\"http:\/\/qtmm.org\/qt\/?attachment_id=25693\" class=\"wp-image-25693\" srcset=\"https:\/\/qtmm.org\/wp-content\/uploads\/2022\/01\/4e5485ce7aae7.jpeg 640w, https:\/\/qtmm.org\/wp-content\/uploads\/2022\/01\/4e5485ce7aae7-300x225.jpeg 300w\" sizes=\"auto, (max-width: 640px) 100vw, 640px\" \/><\/a><\/figure><\/li><li class=\"blocks-gallery-item\"><figure><a href=\"http:\/\/qtmm.org\/wp-content\/uploads\/2022\/01\/4e5485cf8b7c8.jpeg\"><img loading=\"lazy\" decoding=\"async\" width=\"640\" height=\"480\" src=\"http:\/\/qtmm.org\/wp-content\/uploads\/2022\/01\/4e5485cf8b7c8.jpeg\" alt=\"\" data-id=\"25697\" data-full-url=\"http:\/\/qtmm.org\/wp-content\/uploads\/2022\/01\/4e5485cf8b7c8.jpeg\" data-link=\"http:\/\/qtmm.org\/qt\/?attachment_id=25697\" class=\"wp-image-25697\" srcset=\"https:\/\/qtmm.org\/wp-content\/uploads\/2022\/01\/4e5485cf8b7c8.jpeg 640w, https:\/\/qtmm.org\/wp-content\/uploads\/2022\/01\/4e5485cf8b7c8-300x225.jpeg 300w\" sizes=\"auto, (max-width: 640px) 100vw, 640px\" \/><\/a><\/figure><\/li><\/ul><\/figure>\n\n\n\n<h1 class=\"wp-block-heading\">Haberlerge video<\/h1>\n\n\n\n<figure class=\"wp-block-embed is-type-rich is-provider-embed-handler wp-block-embed-embed-handler wp-embed-aspect-4-3 wp-has-aspect-ratio\"><div class=\"wp-block-embed__wrapper\">\nhttps:\/\/youtube.com\/watch?v=Z_PptbUUsEg\n<\/div><\/figure>\n","protected":false},"excerpt":{"rendered":"<p>2011 senesi avgust 23 k\u00fcn\u00fc Aqmescitni\u00f1 Sal\u011f\u0131r ba\u011f\u00e7as\u0131ndaki Q\u0131r\u0131mtatar halq\u0131 s\u00fcrg\u00fcnligi qurbanlar\u0131n\u0131\u00f1 hat\u0131ra ta\u015f\u0131 yan\u0131nda K\u00fctleviy s\u00fcrg\u00fcnlik ve qatl qurbanlar\u0131n\u0131\u00f1 hat\u0131ras\u0131n\u0131 saqlamaq i\u00e7\u00fcn Umumavropa stalinizm ve natsizm qurbanlar\u0131n\u0131\u00f1 hat\u0131ra k\u00fcn\u00fc \u00e7er\u00e7ivesinde matem mitingi ol\u0131p ke\u00e7ti. Q\u0131r\u0131mtatar halq\u0131 Meclisini\u00f1 2011 senesi avgust 3-teki qarar\u0131n\u0131 eda eterek\u00a0ve \u00d6BSE Parlament Assambleyas\u0131n\u0131\u00f1 2009 senesi iy\u00fcl 3-te qabul etken &#8220;B\u00f6l\u00fcngen [&hellip;]<\/p>\n","protected":false},"author":1,"featured_media":25697,"comment_status":"open","ping_status":"open","sticky":false,"template":"","format":"standard","meta":{"inline_featured_image":false,"footnotes":""},"categories":[265],"tags":[],"class_list":["post-25660","post","type-post","status-publish","format-standard","has-post-thumbnail","hentry","category-haberler"],"acf":[],"yoast_head":"<!-- This site is optimized with the Yoast SEO plugin v27.4 - https:\/\/yoast.com\/product\/yoast-seo-wordpress\/ -->\n<title>Aqmescitte er sene ke\u00e7irilgen K\u00fctleviy s\u00fcrg\u00fcnlik ve qatl qurbanlar\u0131n\u0131\u00f1 hat\u0131ras\u0131n\u0131 saqlamaq i\u00e7\u00fcn Umumavropa stalinizm ve natsizm qurbanlar\u0131n\u0131\u00f1 hat\u0131ra k\u00fcn\u00fc \u00e7er\u00e7ivesinde matem mitingi \u00f6tkerildi - \u041c\u0435\u0434\u0436\u043b\u0456\u0441<\/title>\n<meta name=\"robots\" content=\"index, follow, max-snippet:-1, max-image-preview:large, max-video-preview:-1\" \/>\n<link rel=\"canonical\" href=\"https:\/\/qtmm.org\/qt\/aqmescitte-er-sene-kecirilgen-kutleviy-surgunlik-ve-qatl-qurbanlarinin-hatirasini-saqlamaq-icun-umumavropa-stalinizm-ve-natsizm-qurbanlarinin-hatira-kunu-cercivesinde-matem-mitingi-otkerildi\/\" \/>\n<meta property=\"og:locale\" content=\"en_US\" \/>\n<meta property=\"og:type\" content=\"article\" \/>\n<meta property=\"og:title\" content=\"Aqmescitte er sene ke\u00e7irilgen K\u00fctleviy s\u00fcrg\u00fcnlik ve qatl qurbanlar\u0131n\u0131\u00f1 hat\u0131ras\u0131n\u0131 saqlamaq i\u00e7\u00fcn Umumavropa stalinizm ve natsizm qurbanlar\u0131n\u0131\u00f1 hat\u0131ra k\u00fcn\u00fc \u00e7er\u00e7ivesinde matem mitingi \u00f6tkerildi - \u041c\u0435\u0434\u0436\u043b\u0456\u0441\" \/>\n<meta property=\"og:description\" content=\"2011 senesi avgust 23 k\u00fcn\u00fc Aqmescitni\u00f1 Sal\u011f\u0131r ba\u011f\u00e7as\u0131ndaki Q\u0131r\u0131mtatar halq\u0131 s\u00fcrg\u00fcnligi qurbanlar\u0131n\u0131\u00f1 hat\u0131ra ta\u015f\u0131 yan\u0131nda K\u00fctleviy s\u00fcrg\u00fcnlik ve qatl qurbanlar\u0131n\u0131\u00f1 hat\u0131ras\u0131n\u0131 saqlamaq i\u00e7\u00fcn Umumavropa stalinizm ve natsizm qurbanlar\u0131n\u0131\u00f1 hat\u0131ra k\u00fcn\u00fc \u00e7er\u00e7ivesinde matem mitingi ol\u0131p ke\u00e7ti. Q\u0131r\u0131mtatar halq\u0131 Meclisini\u00f1 2011 senesi avgust 3-teki qarar\u0131n\u0131 eda eterek\u00a0ve \u00d6BSE Parlament Assambleyas\u0131n\u0131\u00f1 2009 senesi iy\u00fcl 3-te qabul etken &#8220;B\u00f6l\u00fcngen [&hellip;]\" \/>\n<meta property=\"og:url\" content=\"https:\/\/qtmm.org\/qt\/aqmescitte-er-sene-kecirilgen-kutleviy-surgunlik-ve-qatl-qurbanlarinin-hatirasini-saqlamaq-icun-umumavropa-stalinizm-ve-natsizm-qurbanlarinin-hatira-kunu-cercivesinde-matem-mitingi-otkerildi\/\" \/>\n<meta property=\"og:site_name\" content=\"\u041c\u0435\u0434\u0436\u043b\u0456\u0441\" \/>\n<meta property=\"article:publisher\" content=\"https:\/\/www.facebook.com\/qtmm.info\/\" \/>\n<meta property=\"article:published_time\" content=\"2011-08-23T11:32:00+00:00\" \/>\n<meta property=\"article:modified_time\" content=\"2022-01-19T11:34:51+00:00\" \/>\n<meta property=\"og:image\" content=\"https:\/\/qtmm.org\/wp-content\/uploads\/2022\/01\/4e5485cf8b7c8.jpeg\" \/>\n\t<meta property=\"og:image:width\" content=\"640\" \/>\n\t<meta property=\"og:image:height\" content=\"480\" \/>\n\t<meta property=\"og:image:type\" content=\"image\/jpeg\" \/>\n<meta name=\"author\" content=\"Developer\" \/>\n<meta name=\"twitter:card\" content=\"summary_large_image\" \/>\n<meta name=\"twitter:label1\" content=\"Written by\" \/>\n\t<meta name=\"twitter:data1\" content=\"Developer\" \/>\n\t<meta name=\"twitter:label2\" content=\"Est. reading time\" \/>\n\t<meta name=\"twitter:data2\" content=\"4 minutes\" \/>\n<script type=\"application\/ld+json\" class=\"yoast-schema-graph\">{\"@context\":\"https:\\\/\\\/schema.org\",\"@graph\":[{\"@type\":\"Article\",\"@id\":\"https:\\\/\\\/qtmm.org\\\/qt\\\/aqmescitte-er-sene-kecirilgen-kutleviy-surgunlik-ve-qatl-qurbanlarinin-hatirasini-saqlamaq-icun-umumavropa-stalinizm-ve-natsizm-qurbanlarinin-hatira-kunu-cercivesinde-matem-mitingi-otkerildi\\\/#article\",\"isPartOf\":{\"@id\":\"https:\\\/\\\/qtmm.org\\\/qt\\\/aqmescitte-er-sene-kecirilgen-kutleviy-surgunlik-ve-qatl-qurbanlarinin-hatirasini-saqlamaq-icun-umumavropa-stalinizm-ve-natsizm-qurbanlarinin-hatira-kunu-cercivesinde-matem-mitingi-otkerildi\\\/\"},\"author\":{\"name\":\"Developer\",\"@id\":\"https:\\\/\\\/qtmm.org\\\/qt\\\/#\\\/schema\\\/person\\\/de562469f971dec226ac06e60bbf74a7\"},\"headline\":\"Aqmescitte er sene ke\u00e7irilgen K\u00fctleviy s\u00fcrg\u00fcnlik ve qatl qurbanlar\u0131n\u0131\u00f1 hat\u0131ras\u0131n\u0131 saqlamaq i\u00e7\u00fcn Umumavropa stalinizm ve natsizm qurbanlar\u0131n\u0131\u00f1 hat\u0131ra k\u00fcn\u00fc \u00e7er\u00e7ivesinde matem mitingi \u00f6tkerildi\",\"datePublished\":\"2011-08-23T11:32:00+00:00\",\"dateModified\":\"2022-01-19T11:34:51+00:00\",\"mainEntityOfPage\":{\"@id\":\"https:\\\/\\\/qtmm.org\\\/qt\\\/aqmescitte-er-sene-kecirilgen-kutleviy-surgunlik-ve-qatl-qurbanlarinin-hatirasini-saqlamaq-icun-umumavropa-stalinizm-ve-natsizm-qurbanlarinin-hatira-kunu-cercivesinde-matem-mitingi-otkerildi\\\/\"},\"wordCount\":890,\"commentCount\":0,\"publisher\":{\"@id\":\"https:\\\/\\\/qtmm.org\\\/qt\\\/#organization\"},\"image\":{\"@id\":\"https:\\\/\\\/qtmm.org\\\/qt\\\/aqmescitte-er-sene-kecirilgen-kutleviy-surgunlik-ve-qatl-qurbanlarinin-hatirasini-saqlamaq-icun-umumavropa-stalinizm-ve-natsizm-qurbanlarinin-hatira-kunu-cercivesinde-matem-mitingi-otkerildi\\\/#primaryimage\"},\"thumbnailUrl\":\"https:\\\/\\\/qtmm.org\\\/wp-content\\\/uploads\\\/2022\\\/01\\\/4e5485cf8b7c8.jpeg\",\"articleSection\":[\"Haberler\"],\"inLanguage\":\"qt\",\"potentialAction\":[{\"@type\":\"CommentAction\",\"name\":\"Comment\",\"target\":[\"https:\\\/\\\/qtmm.org\\\/qt\\\/aqmescitte-er-sene-kecirilgen-kutleviy-surgunlik-ve-qatl-qurbanlarinin-hatirasini-saqlamaq-icun-umumavropa-stalinizm-ve-natsizm-qurbanlarinin-hatira-kunu-cercivesinde-matem-mitingi-otkerildi\\\/#respond\"]}]},{\"@type\":\"WebPage\",\"@id\":\"https:\\\/\\\/qtmm.org\\\/qt\\\/aqmescitte-er-sene-kecirilgen-kutleviy-surgunlik-ve-qatl-qurbanlarinin-hatirasini-saqlamaq-icun-umumavropa-stalinizm-ve-natsizm-qurbanlarinin-hatira-kunu-cercivesinde-matem-mitingi-otkerildi\\\/\",\"url\":\"https:\\\/\\\/qtmm.org\\\/qt\\\/aqmescitte-er-sene-kecirilgen-kutleviy-surgunlik-ve-qatl-qurbanlarinin-hatirasini-saqlamaq-icun-umumavropa-stalinizm-ve-natsizm-qurbanlarinin-hatira-kunu-cercivesinde-matem-mitingi-otkerildi\\\/\",\"name\":\"Aqmescitte er sene ke\u00e7irilgen K\u00fctleviy s\u00fcrg\u00fcnlik ve qatl qurbanlar\u0131n\u0131\u00f1 hat\u0131ras\u0131n\u0131 saqlamaq i\u00e7\u00fcn Umumavropa stalinizm ve natsizm qurbanlar\u0131n\u0131\u00f1 hat\u0131ra k\u00fcn\u00fc \u00e7er\u00e7ivesinde matem mitingi \u00f6tkerildi - \u041c\u0435\u0434\u0436\u043b\u0456\u0441\",\"isPartOf\":{\"@id\":\"https:\\\/\\\/qtmm.org\\\/qt\\\/#website\"},\"primaryImageOfPage\":{\"@id\":\"https:\\\/\\\/qtmm.org\\\/qt\\\/aqmescitte-er-sene-kecirilgen-kutleviy-surgunlik-ve-qatl-qurbanlarinin-hatirasini-saqlamaq-icun-umumavropa-stalinizm-ve-natsizm-qurbanlarinin-hatira-kunu-cercivesinde-matem-mitingi-otkerildi\\\/#primaryimage\"},\"image\":{\"@id\":\"https:\\\/\\\/qtmm.org\\\/qt\\\/aqmescitte-er-sene-kecirilgen-kutleviy-surgunlik-ve-qatl-qurbanlarinin-hatirasini-saqlamaq-icun-umumavropa-stalinizm-ve-natsizm-qurbanlarinin-hatira-kunu-cercivesinde-matem-mitingi-otkerildi\\\/#primaryimage\"},\"thumbnailUrl\":\"https:\\\/\\\/qtmm.org\\\/wp-content\\\/uploads\\\/2022\\\/01\\\/4e5485cf8b7c8.jpeg\",\"datePublished\":\"2011-08-23T11:32:00+00:00\",\"dateModified\":\"2022-01-19T11:34:51+00:00\",\"breadcrumb\":{\"@id\":\"https:\\\/\\\/qtmm.org\\\/qt\\\/aqmescitte-er-sene-kecirilgen-kutleviy-surgunlik-ve-qatl-qurbanlarinin-hatirasini-saqlamaq-icun-umumavropa-stalinizm-ve-natsizm-qurbanlarinin-hatira-kunu-cercivesinde-matem-mitingi-otkerildi\\\/#breadcrumb\"},\"inLanguage\":\"qt\",\"potentialAction\":[{\"@type\":\"ReadAction\",\"target\":[\"https:\\\/\\\/qtmm.org\\\/qt\\\/aqmescitte-er-sene-kecirilgen-kutleviy-surgunlik-ve-qatl-qurbanlarinin-hatirasini-saqlamaq-icun-umumavropa-stalinizm-ve-natsizm-qurbanlarinin-hatira-kunu-cercivesinde-matem-mitingi-otkerildi\\\/\"]}]},{\"@type\":\"ImageObject\",\"inLanguage\":\"qt\",\"@id\":\"https:\\\/\\\/qtmm.org\\\/qt\\\/aqmescitte-er-sene-kecirilgen-kutleviy-surgunlik-ve-qatl-qurbanlarinin-hatirasini-saqlamaq-icun-umumavropa-stalinizm-ve-natsizm-qurbanlarinin-hatira-kunu-cercivesinde-matem-mitingi-otkerildi\\\/#primaryimage\",\"url\":\"https:\\\/\\\/qtmm.org\\\/wp-content\\\/uploads\\\/2022\\\/01\\\/4e5485cf8b7c8.jpeg\",\"contentUrl\":\"https:\\\/\\\/qtmm.org\\\/wp-content\\\/uploads\\\/2022\\\/01\\\/4e5485cf8b7c8.jpeg\",\"width\":640,\"height\":480},{\"@type\":\"BreadcrumbList\",\"@id\":\"https:\\\/\\\/qtmm.org\\\/qt\\\/aqmescitte-er-sene-kecirilgen-kutleviy-surgunlik-ve-qatl-qurbanlarinin-hatirasini-saqlamaq-icun-umumavropa-stalinizm-ve-natsizm-qurbanlarinin-hatira-kunu-cercivesinde-matem-mitingi-otkerildi\\\/#breadcrumb\",\"itemListElement\":[{\"@type\":\"ListItem\",\"position\":1,\"name\":\"\u0413\u043e\u043b\u043e\u0432\u043d\u0430\",\"item\":\"https:\\\/\\\/qtmm.org\\\/qt\\\/\"},{\"@type\":\"ListItem\",\"position\":2,\"name\":\"Aqmescitte er sene ke\u00e7irilgen K\u00fctleviy s\u00fcrg\u00fcnlik ve qatl qurbanlar\u0131n\u0131\u00f1 hat\u0131ras\u0131n\u0131 saqlamaq i\u00e7\u00fcn Umumavropa stalinizm ve natsizm qurbanlar\u0131n\u0131\u00f1 hat\u0131ra k\u00fcn\u00fc \u00e7er\u00e7ivesinde matem mitingi \u00f6tkerildi\"}]},{\"@type\":\"WebSite\",\"@id\":\"https:\\\/\\\/qtmm.org\\\/qt\\\/#website\",\"url\":\"https:\\\/\\\/qtmm.org\\\/qt\\\/\",\"name\":\"\u041c\u0435\u0434\u0436\u043b\u0456\u0441\",\"description\":\"\",\"publisher\":{\"@id\":\"https:\\\/\\\/qtmm.org\\\/qt\\\/#organization\"},\"potentialAction\":[{\"@type\":\"SearchAction\",\"target\":{\"@type\":\"EntryPoint\",\"urlTemplate\":\"https:\\\/\\\/qtmm.org\\\/qt\\\/?s={search_term_string}\"},\"query-input\":{\"@type\":\"PropertyValueSpecification\",\"valueRequired\":true,\"valueName\":\"search_term_string\"}}],\"inLanguage\":\"qt\"},{\"@type\":\"Organization\",\"@id\":\"https:\\\/\\\/qtmm.org\\\/qt\\\/#organization\",\"name\":\"\u041c\u0435\u0434\u0436\u043b\u0456\u0441\",\"url\":\"https:\\\/\\\/qtmm.org\\\/qt\\\/\",\"logo\":{\"@type\":\"ImageObject\",\"inLanguage\":\"qt\",\"@id\":\"https:\\\/\\\/qtmm.org\\\/qt\\\/#\\\/schema\\\/logo\\\/image\\\/\",\"url\":\"https:\\\/\\\/qtmm.org\\\/wp-content\\\/uploads\\\/2024\\\/12\\\/ua-mejlis-logo-rgb.svg\",\"contentUrl\":\"https:\\\/\\\/qtmm.org\\\/wp-content\\\/uploads\\\/2024\\\/12\\\/ua-mejlis-logo-rgb.svg\",\"caption\":\"\u041c\u0435\u0434\u0436\u043b\u0456\u0441\"},\"image\":{\"@id\":\"https:\\\/\\\/qtmm.org\\\/qt\\\/#\\\/schema\\\/logo\\\/image\\\/\"},\"sameAs\":[\"https:\\\/\\\/www.facebook.com\\\/qtmm.info\\\/\"]},{\"@type\":\"Person\",\"@id\":\"https:\\\/\\\/qtmm.org\\\/qt\\\/#\\\/schema\\\/person\\\/de562469f971dec226ac06e60bbf74a7\",\"name\":\"Developer\",\"image\":{\"@type\":\"ImageObject\",\"inLanguage\":\"qt\",\"@id\":\"https:\\\/\\\/secure.gravatar.com\\\/avatar\\\/392b4cc8fbfeb00b39dfeeab4ee6edded39ffd48e25858637e4765810300227e?s=96&d=mm&r=g\",\"url\":\"https:\\\/\\\/secure.gravatar.com\\\/avatar\\\/392b4cc8fbfeb00b39dfeeab4ee6edded39ffd48e25858637e4765810300227e?s=96&d=mm&r=g\",\"contentUrl\":\"https:\\\/\\\/secure.gravatar.com\\\/avatar\\\/392b4cc8fbfeb00b39dfeeab4ee6edded39ffd48e25858637e4765810300227e?s=96&d=mm&r=g\",\"caption\":\"Developer\"},\"url\":\"https:\\\/\\\/qtmm.org\\\/qt\\\/author\\\/Developer\\\/\"}]}<\/script>\n<!-- \/ Yoast SEO plugin. -->","yoast_head_json":{"title":"Aqmescitte er sene ke\u00e7irilgen K\u00fctleviy s\u00fcrg\u00fcnlik ve qatl qurbanlar\u0131n\u0131\u00f1 hat\u0131ras\u0131n\u0131 saqlamaq i\u00e7\u00fcn Umumavropa stalinizm ve natsizm qurbanlar\u0131n\u0131\u00f1 hat\u0131ra k\u00fcn\u00fc \u00e7er\u00e7ivesinde matem mitingi \u00f6tkerildi - \u041c\u0435\u0434\u0436\u043b\u0456\u0441","robots":{"index":"index","follow":"follow","max-snippet":"max-snippet:-1","max-image-preview":"max-image-preview:large","max-video-preview":"max-video-preview:-1"},"canonical":"https:\/\/qtmm.org\/qt\/aqmescitte-er-sene-kecirilgen-kutleviy-surgunlik-ve-qatl-qurbanlarinin-hatirasini-saqlamaq-icun-umumavropa-stalinizm-ve-natsizm-qurbanlarinin-hatira-kunu-cercivesinde-matem-mitingi-otkerildi\/","og_locale":"en_US","og_type":"article","og_title":"Aqmescitte er sene ke\u00e7irilgen K\u00fctleviy s\u00fcrg\u00fcnlik ve qatl qurbanlar\u0131n\u0131\u00f1 hat\u0131ras\u0131n\u0131 saqlamaq i\u00e7\u00fcn Umumavropa stalinizm ve natsizm qurbanlar\u0131n\u0131\u00f1 hat\u0131ra k\u00fcn\u00fc \u00e7er\u00e7ivesinde matem mitingi \u00f6tkerildi - \u041c\u0435\u0434\u0436\u043b\u0456\u0441","og_description":"2011 senesi avgust 23 k\u00fcn\u00fc Aqmescitni\u00f1 Sal\u011f\u0131r ba\u011f\u00e7as\u0131ndaki Q\u0131r\u0131mtatar halq\u0131 s\u00fcrg\u00fcnligi qurbanlar\u0131n\u0131\u00f1 hat\u0131ra ta\u015f\u0131 yan\u0131nda K\u00fctleviy s\u00fcrg\u00fcnlik ve qatl qurbanlar\u0131n\u0131\u00f1 hat\u0131ras\u0131n\u0131 saqlamaq i\u00e7\u00fcn Umumavropa stalinizm ve natsizm qurbanlar\u0131n\u0131\u00f1 hat\u0131ra k\u00fcn\u00fc \u00e7er\u00e7ivesinde matem mitingi ol\u0131p ke\u00e7ti. Q\u0131r\u0131mtatar halq\u0131 Meclisini\u00f1 2011 senesi avgust 3-teki qarar\u0131n\u0131 eda eterek\u00a0ve \u00d6BSE Parlament Assambleyas\u0131n\u0131\u00f1 2009 senesi iy\u00fcl 3-te qabul etken &#8220;B\u00f6l\u00fcngen [&hellip;]","og_url":"https:\/\/qtmm.org\/qt\/aqmescitte-er-sene-kecirilgen-kutleviy-surgunlik-ve-qatl-qurbanlarinin-hatirasini-saqlamaq-icun-umumavropa-stalinizm-ve-natsizm-qurbanlarinin-hatira-kunu-cercivesinde-matem-mitingi-otkerildi\/","og_site_name":"\u041c\u0435\u0434\u0436\u043b\u0456\u0441","article_publisher":"https:\/\/www.facebook.com\/qtmm.info\/","article_published_time":"2011-08-23T11:32:00+00:00","article_modified_time":"2022-01-19T11:34:51+00:00","og_image":[{"width":640,"height":480,"url":"https:\/\/qtmm.org\/wp-content\/uploads\/2022\/01\/4e5485cf8b7c8.jpeg","type":"image\/jpeg"}],"author":"Developer","twitter_card":"summary_large_image","twitter_misc":{"Written by":"Developer","Est. reading time":"4 minutes"},"schema":{"@context":"https:\/\/schema.org","@graph":[{"@type":"Article","@id":"https:\/\/qtmm.org\/qt\/aqmescitte-er-sene-kecirilgen-kutleviy-surgunlik-ve-qatl-qurbanlarinin-hatirasini-saqlamaq-icun-umumavropa-stalinizm-ve-natsizm-qurbanlarinin-hatira-kunu-cercivesinde-matem-mitingi-otkerildi\/#article","isPartOf":{"@id":"https:\/\/qtmm.org\/qt\/aqmescitte-er-sene-kecirilgen-kutleviy-surgunlik-ve-qatl-qurbanlarinin-hatirasini-saqlamaq-icun-umumavropa-stalinizm-ve-natsizm-qurbanlarinin-hatira-kunu-cercivesinde-matem-mitingi-otkerildi\/"},"author":{"name":"Developer","@id":"https:\/\/qtmm.org\/qt\/#\/schema\/person\/de562469f971dec226ac06e60bbf74a7"},"headline":"Aqmescitte er sene ke\u00e7irilgen K\u00fctleviy s\u00fcrg\u00fcnlik ve qatl qurbanlar\u0131n\u0131\u00f1 hat\u0131ras\u0131n\u0131 saqlamaq i\u00e7\u00fcn Umumavropa stalinizm ve natsizm qurbanlar\u0131n\u0131\u00f1 hat\u0131ra k\u00fcn\u00fc \u00e7er\u00e7ivesinde matem mitingi \u00f6tkerildi","datePublished":"2011-08-23T11:32:00+00:00","dateModified":"2022-01-19T11:34:51+00:00","mainEntityOfPage":{"@id":"https:\/\/qtmm.org\/qt\/aqmescitte-er-sene-kecirilgen-kutleviy-surgunlik-ve-qatl-qurbanlarinin-hatirasini-saqlamaq-icun-umumavropa-stalinizm-ve-natsizm-qurbanlarinin-hatira-kunu-cercivesinde-matem-mitingi-otkerildi\/"},"wordCount":890,"commentCount":0,"publisher":{"@id":"https:\/\/qtmm.org\/qt\/#organization"},"image":{"@id":"https:\/\/qtmm.org\/qt\/aqmescitte-er-sene-kecirilgen-kutleviy-surgunlik-ve-qatl-qurbanlarinin-hatirasini-saqlamaq-icun-umumavropa-stalinizm-ve-natsizm-qurbanlarinin-hatira-kunu-cercivesinde-matem-mitingi-otkerildi\/#primaryimage"},"thumbnailUrl":"https:\/\/qtmm.org\/wp-content\/uploads\/2022\/01\/4e5485cf8b7c8.jpeg","articleSection":["Haberler"],"inLanguage":"qt","potentialAction":[{"@type":"CommentAction","name":"Comment","target":["https:\/\/qtmm.org\/qt\/aqmescitte-er-sene-kecirilgen-kutleviy-surgunlik-ve-qatl-qurbanlarinin-hatirasini-saqlamaq-icun-umumavropa-stalinizm-ve-natsizm-qurbanlarinin-hatira-kunu-cercivesinde-matem-mitingi-otkerildi\/#respond"]}]},{"@type":"WebPage","@id":"https:\/\/qtmm.org\/qt\/aqmescitte-er-sene-kecirilgen-kutleviy-surgunlik-ve-qatl-qurbanlarinin-hatirasini-saqlamaq-icun-umumavropa-stalinizm-ve-natsizm-qurbanlarinin-hatira-kunu-cercivesinde-matem-mitingi-otkerildi\/","url":"https:\/\/qtmm.org\/qt\/aqmescitte-er-sene-kecirilgen-kutleviy-surgunlik-ve-qatl-qurbanlarinin-hatirasini-saqlamaq-icun-umumavropa-stalinizm-ve-natsizm-qurbanlarinin-hatira-kunu-cercivesinde-matem-mitingi-otkerildi\/","name":"Aqmescitte er sene ke\u00e7irilgen K\u00fctleviy s\u00fcrg\u00fcnlik ve qatl qurbanlar\u0131n\u0131\u00f1 hat\u0131ras\u0131n\u0131 saqlamaq i\u00e7\u00fcn Umumavropa stalinizm ve natsizm qurbanlar\u0131n\u0131\u00f1 hat\u0131ra k\u00fcn\u00fc \u00e7er\u00e7ivesinde matem mitingi \u00f6tkerildi - \u041c\u0435\u0434\u0436\u043b\u0456\u0441","isPartOf":{"@id":"https:\/\/qtmm.org\/qt\/#website"},"primaryImageOfPage":{"@id":"https:\/\/qtmm.org\/qt\/aqmescitte-er-sene-kecirilgen-kutleviy-surgunlik-ve-qatl-qurbanlarinin-hatirasini-saqlamaq-icun-umumavropa-stalinizm-ve-natsizm-qurbanlarinin-hatira-kunu-cercivesinde-matem-mitingi-otkerildi\/#primaryimage"},"image":{"@id":"https:\/\/qtmm.org\/qt\/aqmescitte-er-sene-kecirilgen-kutleviy-surgunlik-ve-qatl-qurbanlarinin-hatirasini-saqlamaq-icun-umumavropa-stalinizm-ve-natsizm-qurbanlarinin-hatira-kunu-cercivesinde-matem-mitingi-otkerildi\/#primaryimage"},"thumbnailUrl":"https:\/\/qtmm.org\/wp-content\/uploads\/2022\/01\/4e5485cf8b7c8.jpeg","datePublished":"2011-08-23T11:32:00+00:00","dateModified":"2022-01-19T11:34:51+00:00","breadcrumb":{"@id":"https:\/\/qtmm.org\/qt\/aqmescitte-er-sene-kecirilgen-kutleviy-surgunlik-ve-qatl-qurbanlarinin-hatirasini-saqlamaq-icun-umumavropa-stalinizm-ve-natsizm-qurbanlarinin-hatira-kunu-cercivesinde-matem-mitingi-otkerildi\/#breadcrumb"},"inLanguage":"qt","potentialAction":[{"@type":"ReadAction","target":["https:\/\/qtmm.org\/qt\/aqmescitte-er-sene-kecirilgen-kutleviy-surgunlik-ve-qatl-qurbanlarinin-hatirasini-saqlamaq-icun-umumavropa-stalinizm-ve-natsizm-qurbanlarinin-hatira-kunu-cercivesinde-matem-mitingi-otkerildi\/"]}]},{"@type":"ImageObject","inLanguage":"qt","@id":"https:\/\/qtmm.org\/qt\/aqmescitte-er-sene-kecirilgen-kutleviy-surgunlik-ve-qatl-qurbanlarinin-hatirasini-saqlamaq-icun-umumavropa-stalinizm-ve-natsizm-qurbanlarinin-hatira-kunu-cercivesinde-matem-mitingi-otkerildi\/#primaryimage","url":"https:\/\/qtmm.org\/wp-content\/uploads\/2022\/01\/4e5485cf8b7c8.jpeg","contentUrl":"https:\/\/qtmm.org\/wp-content\/uploads\/2022\/01\/4e5485cf8b7c8.jpeg","width":640,"height":480},{"@type":"BreadcrumbList","@id":"https:\/\/qtmm.org\/qt\/aqmescitte-er-sene-kecirilgen-kutleviy-surgunlik-ve-qatl-qurbanlarinin-hatirasini-saqlamaq-icun-umumavropa-stalinizm-ve-natsizm-qurbanlarinin-hatira-kunu-cercivesinde-matem-mitingi-otkerildi\/#breadcrumb","itemListElement":[{"@type":"ListItem","position":1,"name":"\u0413\u043e\u043b\u043e\u0432\u043d\u0430","item":"https:\/\/qtmm.org\/qt\/"},{"@type":"ListItem","position":2,"name":"Aqmescitte er sene ke\u00e7irilgen K\u00fctleviy s\u00fcrg\u00fcnlik ve qatl qurbanlar\u0131n\u0131\u00f1 hat\u0131ras\u0131n\u0131 saqlamaq i\u00e7\u00fcn Umumavropa stalinizm ve natsizm qurbanlar\u0131n\u0131\u00f1 hat\u0131ra k\u00fcn\u00fc \u00e7er\u00e7ivesinde matem mitingi \u00f6tkerildi"}]},{"@type":"WebSite","@id":"https:\/\/qtmm.org\/qt\/#website","url":"https:\/\/qtmm.org\/qt\/","name":"\u041c\u0435\u0434\u0436\u043b\u0456\u0441","description":"","publisher":{"@id":"https:\/\/qtmm.org\/qt\/#organization"},"potentialAction":[{"@type":"SearchAction","target":{"@type":"EntryPoint","urlTemplate":"https:\/\/qtmm.org\/qt\/?s={search_term_string}"},"query-input":{"@type":"PropertyValueSpecification","valueRequired":true,"valueName":"search_term_string"}}],"inLanguage":"qt"},{"@type":"Organization","@id":"https:\/\/qtmm.org\/qt\/#organization","name":"\u041c\u0435\u0434\u0436\u043b\u0456\u0441","url":"https:\/\/qtmm.org\/qt\/","logo":{"@type":"ImageObject","inLanguage":"qt","@id":"https:\/\/qtmm.org\/qt\/#\/schema\/logo\/image\/","url":"https:\/\/qtmm.org\/wp-content\/uploads\/2024\/12\/ua-mejlis-logo-rgb.svg","contentUrl":"https:\/\/qtmm.org\/wp-content\/uploads\/2024\/12\/ua-mejlis-logo-rgb.svg","caption":"\u041c\u0435\u0434\u0436\u043b\u0456\u0441"},"image":{"@id":"https:\/\/qtmm.org\/qt\/#\/schema\/logo\/image\/"},"sameAs":["https:\/\/www.facebook.com\/qtmm.info\/"]},{"@type":"Person","@id":"https:\/\/qtmm.org\/qt\/#\/schema\/person\/de562469f971dec226ac06e60bbf74a7","name":"Developer","image":{"@type":"ImageObject","inLanguage":"qt","@id":"https:\/\/secure.gravatar.com\/avatar\/392b4cc8fbfeb00b39dfeeab4ee6edded39ffd48e25858637e4765810300227e?s=96&d=mm&r=g","url":"https:\/\/secure.gravatar.com\/avatar\/392b4cc8fbfeb00b39dfeeab4ee6edded39ffd48e25858637e4765810300227e?s=96&d=mm&r=g","contentUrl":"https:\/\/secure.gravatar.com\/avatar\/392b4cc8fbfeb00b39dfeeab4ee6edded39ffd48e25858637e4765810300227e?s=96&d=mm&r=g","caption":"Developer"},"url":"https:\/\/qtmm.org\/qt\/author\/Developer\/"}]}},"_links":{"self":[{"href":"https:\/\/qtmm.org\/qt\/wp-json\/wp\/v2\/posts\/25660","targetHints":{"allow":["GET"]}}],"collection":[{"href":"https:\/\/qtmm.org\/qt\/wp-json\/wp\/v2\/posts"}],"about":[{"href":"https:\/\/qtmm.org\/qt\/wp-json\/wp\/v2\/types\/post"}],"author":[{"embeddable":true,"href":"https:\/\/qtmm.org\/qt\/wp-json\/wp\/v2\/users\/1"}],"replies":[{"embeddable":true,"href":"https:\/\/qtmm.org\/qt\/wp-json\/wp\/v2\/comments?post=25660"}],"version-history":[{"count":1,"href":"https:\/\/qtmm.org\/qt\/wp-json\/wp\/v2\/posts\/25660\/revisions"}],"predecessor-version":[{"id":25701,"href":"https:\/\/qtmm.org\/qt\/wp-json\/wp\/v2\/posts\/25660\/revisions\/25701"}],"wp:featuredmedia":[{"embeddable":true,"href":"https:\/\/qtmm.org\/qt\/wp-json\/wp\/v2\/media\/25697"}],"wp:attachment":[{"href":"https:\/\/qtmm.org\/qt\/wp-json\/wp\/v2\/media?parent=25660"}],"wp:term":[{"taxonomy":"category","embeddable":true,"href":"https:\/\/qtmm.org\/qt\/wp-json\/wp\/v2\/categories?post=25660"},{"taxonomy":"post_tag","embeddable":true,"href":"https:\/\/qtmm.org\/qt\/wp-json\/wp\/v2\/tags?post=25660"}],"curies":[{"name":"wp","href":"https:\/\/api.w.org\/{rel}","templated":true}]}}