




{"id":25658,"date":"2011-08-23T14:31:00","date_gmt":"2011-08-23T11:31:00","guid":{"rendered":"http:\/\/qtmm.org\/?p=25658"},"modified":"2022-01-19T14:32:17","modified_gmt":"2022-01-19T11:32:17","slug":"kutleviy-surgunlik-ve-qatl-qurbanlarinin-hatirasini-saqlamaq-icun-umumavropa-stalinizm-ve-milletcilik-qurbanlarinin-hatirasina-bagislangan-butunqirim-miting-istirakcilerinin-qarari","status":"publish","type":"post","link":"https:\/\/qtmm.org\/qt\/kutleviy-surgunlik-ve-qatl-qurbanlarinin-hatirasini-saqlamaq-icun-umumavropa-stalinizm-ve-milletcilik-qurbanlarinin-hatirasina-bagislangan-butunqirim-miting-istirakcilerinin-qarari\/","title":{"rendered":"K\u00fctleviy s\u00fcrg\u00fcnlik ve qatl qurbanlar\u0131n\u0131\u00f1 hat\u0131ras\u0131n\u0131 saqlamaq i\u00e7\u00fcn Umumavropa stalinizm ve millet\u00e7ilik qurbanlar\u0131n\u0131\u00f1 hat\u0131ras\u0131na ba\u011f\u0131\u015flan\u011fan B\u00fct\u00fcnq\u0131r\u0131m miting i\u015ftirak\u00e7ilerini\u00f1 qarar\u0131"},"content":{"rendered":"\n<p>72 sene evelsi 1939 senesi avgust 23 k\u00fcn\u00fc kommunistik SSSR ve fa\u015fist Almaniyas\u0131 taraf\u0131ndan Moskvada &#8220;Ribbentrop \u2013 Molotov&#8221; a\u00f1la\u015fmas\u0131 imzalanmas\u0131nen eki totalitar devlet ve HH as\u0131rn\u0131\u00f1 insanl\u0131qqa qar\u015f\u0131, Avropa halqlar\u0131na genotsid, aq-uquqlar\u0131 bozuluv\u0131n\u0131, serbestlik s\u0131\u00f1\u0131rlanmas\u0131n\u0131, arbiy cinayetlikler ketirgen mevkurelerni\u00f1 i\u015fbirligi a\u00e7\u0131qtan-a\u00e7\u0131q tasdiqlan\u011fan edi.<\/p>\n\n\n\n<p>Y\u00fczlernen million insan qurbanlar\u0131, tamamile yoq etil\u00fcvge \u00fck\u00fcm etilgen onlarnen halqlar &#8211; bular fa\u015fist Almaniyas\u0131 ve kommunistik SSSR cinaiy faaliyetini\u00f1 neticesidir. Bu eki devlet b\u00fct\u00fcn insanl\u0131q medeniyetine tel\u00fcke do\u011furd\u0131lar.<\/p>\n\n\n\n<p>Madam ki fa\u015fist Almaniyas\u0131 ve kommunistik SSSR amelge ke\u00e7irgen zulum, cinayetliklerni\u00f1 aqibetleri tolus\u0131nen yoq etilmegen, tamamile yoq etilmek maqsad\u0131nen s\u00fcrg\u00fcnlikke o\u011frat\u0131l\u011fan halqlarn\u0131\u00f1 aq-uquqlar\u0131 daa \u011fayr\u0131dan tiklenilmegen eken bir s\u0131ra devletlerde, ve \u015fu c\u00fcmleden Ukrainada cemiyetni \u015fu fel\u00e2ketke bir daa o\u011fratuv tel\u00fckesi mevcutt\u0131r.<\/p>\n\n\n\n<p>B\u00f6yle tel\u00fcke s\u0131ras\u0131na biz:<\/p>\n\n\n\n<p>-insan aq-uquqlar\u0131 ve serbestligini teminlegen aqiqiy demokratik sisteman\u0131\u00f1 yoqlu\u011f\u0131,<\/p>\n\n\n\n<p>&#8211; Ukrainadaki bir s\u0131ra siyasiy partiyalar ve ukrain siyaset\u00e7ilerini\u00f1 baya\u011f\u0131 q\u0131sm\u0131 kommunist mevkuresini maqtav\u0131 ve SSSR kommunistik rejimi yapqan cinayetlerni aqlama\u011fa t\u0131r\u0131\u015fuv\u0131<\/p>\n\n\n\n<p>&#8211; SSSR kommunist rejimini\u00f1 cinayetlerini qarala\u011fan, \u015fu cinayetlerni yapuvda bivasta i\u015ftirak etken \u015fah\u0131slarn\u0131 cevapk\u00e2rl\u0131qqa \u00e7ekken, s\u0131nfiy, milliy ve diniy \u00fcst\u00fcnlik mevkuresini \u00f6gge s\u00fcrgen siyasiy k\u00fc\u00e7lerni\u00f1 faaliyetini yasaqla\u011fan qararlar qabul etilmesine l\u00e2qayd baq\u0131l\u011fan\u0131,<\/p>\n\n\n\n<p>&#8211; \u00f6z Vat\u0131n\u0131ndan s\u00fcrg\u00fcn etilgen ve onlarnen y\u0131llar devam\u0131nda s\u00fcrg\u00fcnlik yerlerinde zorluq ile tutul\u011fan q\u0131r\u0131mtatar halq\u0131n\u0131\u00f1 aq-uquqlar\u0131n\u0131 \u011fayr\u0131dan tiklev, yerle\u015ftir\u00fcv ceryan\u0131na mania oluv allar\u0131n\u0131 kirsetemiz.<\/p>\n\n\n\n<p>Biz, K\u00fctleviy s\u00fcrg\u00fcnlik ve qatl qurbanlar\u0131n\u0131\u00f1 hat\u0131ras\u0131n\u0131 saqlamaq i\u00e7\u00fcn Umumavropa stalinizm ve millet\u00e7ilik qurbanlar\u0131n\u0131\u00f1 hat\u0131ras\u0131na ba\u011f\u0131\u015flan\u0131p Aqmescitte 2011 senesi avgust 23-te ke\u00e7irilgen B\u00fct\u00fcnq\u0131r\u0131m mitingini\u00f1 i\u015ftirak\u00e7ileri 2009 senesi iy\u00fcl 3-te Viln\u00fcs \u015feerinde \u00d6BSE Avropada Tel\u00fckesizlik ve Emekda\u015fl\u0131q boyunca Parlament Assambleyas\u0131n\u0131\u00f1 &#8220;B\u00f6l\u00fcngen Avropan\u0131 birle\u015ftir\u00fcv: HH1 as\u0131rda \u00d6BSE region\u0131nda insan uquqlar\u0131 ve serbestligini taqdirlev&#8221; qarar\u0131n\u0131 tolus\u0131nen maqulleyerek, kelecekte totalitar rejimni red etken cemiyet tiklenmesine qoltutmaq qarar\u0131m\u0131zn\u0131 eminliknen beyan etemiz.<\/p>\n\n\n\n<p>Bu munasebetnen biz Ukraina Prezidenti, Ukraina Yuqar\u0131 Radas\u0131 ve Nazirler \u015euras\u0131ndan Ukraina devleti insan ve halqlarn\u0131\u00f1 uquqlar\u0131n\u0131 qor\u00e7alav boyunca halqara qanunlar\u011fa boysunmas\u0131n\u0131 talap etemiz.<\/p>\n\n\n\n<p>Biz \u00d6BSE, Avropa \u015euras\u0131 ve Avropa Birligine muracaat etip, kommunist rejimi taraf\u0131ndan genotsid siyasetine o\u011frat\u0131l\u011fan, bug\u00fcnde-bug\u00fcn \u00f6z Vatan\u0131na qaytayatqan q\u0131r\u0131mtatar halq\u0131na aq-uquqlar\u0131n\u0131 \u011fayr\u0131dan tiklevde yard\u0131m etmesini rica etemiz.<\/p>\n\n\n\n<p>Avropa halqlar\u0131nen beraber millionlarnen stalinizm ve millet\u00e7ilik qurbanlar\u0131 hat\u0131ras\u0131n\u0131\u00f1 \u00f6g\u00fcnde ba\u015flar\u0131m\u0131zn\u0131 egemiz.<\/p>\n\n\n\n<p>Bizim borcum\u0131z ve vazifemiz \u2013 bar\u0131\u015f\u0131ql\u0131qn\u0131 saqlamaq, cemi halqlar ve insanlarn\u0131\u00f1 serbest ve munasip inki\u015faf\u0131 i\u00e7\u00fcn degerli \u015faraitler yaratmaqt\u0131r.<\/p>\n\n\n\n<p>K\u00fctleviy s\u00fcrg\u00fcnlik ve qatl qurbanlar\u0131n\u0131\u00f1 hat\u0131ras\u0131n\u0131 saqlamaq i\u00e7\u00fcn Umumavropa stalinizm ve natsizm qurbanlar\u0131n\u0131\u00f1 hat\u0131ras\u0131na ba\u011f\u0131\u015flan\u011fan B\u00fct\u00fcnq\u0131r\u0131m mitinginde qabul etildi.<\/p>\n\n\n\n<p><em>Aqmescit \u015f.<br>2011 senesi avgust 23<\/em><\/p>\n","protected":false},"excerpt":{"rendered":"<p>72 sene evelsi 1939 senesi avgust 23 k\u00fcn\u00fc kommunistik SSSR ve fa\u015fist Almaniyas\u0131 taraf\u0131ndan Moskvada &#8220;Ribbentrop \u2013 Molotov&#8221; a\u00f1la\u015fmas\u0131 imzalanmas\u0131nen eki totalitar devlet ve HH as\u0131rn\u0131\u00f1 insanl\u0131qqa qar\u015f\u0131, Avropa halqlar\u0131na genotsid, aq-uquqlar\u0131 bozuluv\u0131n\u0131, serbestlik s\u0131\u00f1\u0131rlanmas\u0131n\u0131, arbiy cinayetlikler ketirgen mevkurelerni\u00f1 i\u015fbirligi a\u00e7\u0131qtan-a\u00e7\u0131q tasdiqlan\u011fan edi. Y\u00fczlernen million insan qurbanlar\u0131, tamamile yoq etil\u00fcvge \u00fck\u00fcm etilgen onlarnen halqlar &#8211; [&hellip;]<\/p>\n","protected":false},"author":1,"featured_media":0,"comment_status":"open","ping_status":"open","sticky":false,"template":"","format":"standard","meta":{"inline_featured_image":false,"footnotes":""},"categories":[265],"tags":[],"class_list":["post-25658","post","type-post","status-publish","format-standard","hentry","category-haberler"],"acf":[],"yoast_head":"<!-- This site is optimized with the Yoast SEO plugin v27.4 - https:\/\/yoast.com\/product\/yoast-seo-wordpress\/ -->\n<title>K\u00fctleviy s\u00fcrg\u00fcnlik ve qatl qurbanlar\u0131n\u0131\u00f1 hat\u0131ras\u0131n\u0131 saqlamaq i\u00e7\u00fcn Umumavropa stalinizm ve millet\u00e7ilik qurbanlar\u0131n\u0131\u00f1 hat\u0131ras\u0131na ba\u011f\u0131\u015flan\u011fan B\u00fct\u00fcnq\u0131r\u0131m miting i\u015ftirak\u00e7ilerini\u00f1 qarar\u0131 - \u041c\u0435\u0434\u0436\u043b\u0456\u0441<\/title>\n<meta name=\"robots\" content=\"index, follow, max-snippet:-1, max-image-preview:large, max-video-preview:-1\" \/>\n<link rel=\"canonical\" href=\"https:\/\/qtmm.org\/qt\/kutleviy-surgunlik-ve-qatl-qurbanlarinin-hatirasini-saqlamaq-icun-umumavropa-stalinizm-ve-milletcilik-qurbanlarinin-hatirasina-bagislangan-butunqirim-miting-istirakcilerinin-qarari\/\" \/>\n<meta property=\"og:locale\" content=\"en_US\" \/>\n<meta property=\"og:type\" content=\"article\" \/>\n<meta property=\"og:title\" content=\"K\u00fctleviy s\u00fcrg\u00fcnlik ve qatl qurbanlar\u0131n\u0131\u00f1 hat\u0131ras\u0131n\u0131 saqlamaq i\u00e7\u00fcn Umumavropa stalinizm ve millet\u00e7ilik qurbanlar\u0131n\u0131\u00f1 hat\u0131ras\u0131na ba\u011f\u0131\u015flan\u011fan B\u00fct\u00fcnq\u0131r\u0131m miting i\u015ftirak\u00e7ilerini\u00f1 qarar\u0131 - \u041c\u0435\u0434\u0436\u043b\u0456\u0441\" \/>\n<meta property=\"og:description\" content=\"72 sene evelsi 1939 senesi avgust 23 k\u00fcn\u00fc kommunistik SSSR ve fa\u015fist Almaniyas\u0131 taraf\u0131ndan Moskvada &#8220;Ribbentrop \u2013 Molotov&#8221; a\u00f1la\u015fmas\u0131 imzalanmas\u0131nen eki totalitar devlet ve HH as\u0131rn\u0131\u00f1 insanl\u0131qqa qar\u015f\u0131, Avropa halqlar\u0131na genotsid, aq-uquqlar\u0131 bozuluv\u0131n\u0131, serbestlik s\u0131\u00f1\u0131rlanmas\u0131n\u0131, arbiy cinayetlikler ketirgen mevkurelerni\u00f1 i\u015fbirligi a\u00e7\u0131qtan-a\u00e7\u0131q tasdiqlan\u011fan edi. Y\u00fczlernen million insan qurbanlar\u0131, tamamile yoq etil\u00fcvge \u00fck\u00fcm etilgen onlarnen halqlar &#8211; [&hellip;]\" \/>\n<meta property=\"og:url\" content=\"https:\/\/qtmm.org\/qt\/kutleviy-surgunlik-ve-qatl-qurbanlarinin-hatirasini-saqlamaq-icun-umumavropa-stalinizm-ve-milletcilik-qurbanlarinin-hatirasina-bagislangan-butunqirim-miting-istirakcilerinin-qarari\/\" \/>\n<meta property=\"og:site_name\" content=\"\u041c\u0435\u0434\u0436\u043b\u0456\u0441\" \/>\n<meta property=\"article:publisher\" content=\"https:\/\/www.facebook.com\/qtmm.info\/\" \/>\n<meta property=\"article:published_time\" content=\"2011-08-23T11:31:00+00:00\" \/>\n<meta property=\"article:modified_time\" content=\"2022-01-19T11:32:17+00:00\" \/>\n<meta name=\"author\" content=\"Developer\" \/>\n<meta name=\"twitter:card\" content=\"summary_large_image\" \/>\n<meta name=\"twitter:label1\" content=\"Written by\" \/>\n\t<meta name=\"twitter:data1\" content=\"Developer\" \/>\n\t<meta name=\"twitter:label2\" content=\"Est. reading time\" \/>\n\t<meta name=\"twitter:data2\" content=\"3 minutes\" \/>\n<script type=\"application\/ld+json\" class=\"yoast-schema-graph\">{\"@context\":\"https:\\\/\\\/schema.org\",\"@graph\":[{\"@type\":\"Article\",\"@id\":\"https:\\\/\\\/qtmm.org\\\/qt\\\/kutleviy-surgunlik-ve-qatl-qurbanlarinin-hatirasini-saqlamaq-icun-umumavropa-stalinizm-ve-milletcilik-qurbanlarinin-hatirasina-bagislangan-butunqirim-miting-istirakcilerinin-qarari\\\/#article\",\"isPartOf\":{\"@id\":\"https:\\\/\\\/qtmm.org\\\/qt\\\/kutleviy-surgunlik-ve-qatl-qurbanlarinin-hatirasini-saqlamaq-icun-umumavropa-stalinizm-ve-milletcilik-qurbanlarinin-hatirasina-bagislangan-butunqirim-miting-istirakcilerinin-qarari\\\/\"},\"author\":{\"name\":\"Developer\",\"@id\":\"https:\\\/\\\/qtmm.org\\\/qt\\\/#\\\/schema\\\/person\\\/de562469f971dec226ac06e60bbf74a7\"},\"headline\":\"K\u00fctleviy s\u00fcrg\u00fcnlik ve qatl qurbanlar\u0131n\u0131\u00f1 hat\u0131ras\u0131n\u0131 saqlamaq i\u00e7\u00fcn Umumavropa stalinizm ve millet\u00e7ilik qurbanlar\u0131n\u0131\u00f1 hat\u0131ras\u0131na ba\u011f\u0131\u015flan\u011fan B\u00fct\u00fcnq\u0131r\u0131m miting i\u015ftirak\u00e7ilerini\u00f1 qarar\u0131\",\"datePublished\":\"2011-08-23T11:31:00+00:00\",\"dateModified\":\"2022-01-19T11:32:17+00:00\",\"mainEntityOfPage\":{\"@id\":\"https:\\\/\\\/qtmm.org\\\/qt\\\/kutleviy-surgunlik-ve-qatl-qurbanlarinin-hatirasini-saqlamaq-icun-umumavropa-stalinizm-ve-milletcilik-qurbanlarinin-hatirasina-bagislangan-butunqirim-miting-istirakcilerinin-qarari\\\/\"},\"wordCount\":575,\"commentCount\":0,\"publisher\":{\"@id\":\"https:\\\/\\\/qtmm.org\\\/qt\\\/#organization\"},\"articleSection\":[\"Haberler\"],\"inLanguage\":\"qt\",\"potentialAction\":[{\"@type\":\"CommentAction\",\"name\":\"Comment\",\"target\":[\"https:\\\/\\\/qtmm.org\\\/qt\\\/kutleviy-surgunlik-ve-qatl-qurbanlarinin-hatirasini-saqlamaq-icun-umumavropa-stalinizm-ve-milletcilik-qurbanlarinin-hatirasina-bagislangan-butunqirim-miting-istirakcilerinin-qarari\\\/#respond\"]}]},{\"@type\":\"WebPage\",\"@id\":\"https:\\\/\\\/qtmm.org\\\/qt\\\/kutleviy-surgunlik-ve-qatl-qurbanlarinin-hatirasini-saqlamaq-icun-umumavropa-stalinizm-ve-milletcilik-qurbanlarinin-hatirasina-bagislangan-butunqirim-miting-istirakcilerinin-qarari\\\/\",\"url\":\"https:\\\/\\\/qtmm.org\\\/qt\\\/kutleviy-surgunlik-ve-qatl-qurbanlarinin-hatirasini-saqlamaq-icun-umumavropa-stalinizm-ve-milletcilik-qurbanlarinin-hatirasina-bagislangan-butunqirim-miting-istirakcilerinin-qarari\\\/\",\"name\":\"K\u00fctleviy s\u00fcrg\u00fcnlik ve qatl qurbanlar\u0131n\u0131\u00f1 hat\u0131ras\u0131n\u0131 saqlamaq i\u00e7\u00fcn Umumavropa stalinizm ve millet\u00e7ilik qurbanlar\u0131n\u0131\u00f1 hat\u0131ras\u0131na ba\u011f\u0131\u015flan\u011fan B\u00fct\u00fcnq\u0131r\u0131m miting i\u015ftirak\u00e7ilerini\u00f1 qarar\u0131 - \u041c\u0435\u0434\u0436\u043b\u0456\u0441\",\"isPartOf\":{\"@id\":\"https:\\\/\\\/qtmm.org\\\/qt\\\/#website\"},\"datePublished\":\"2011-08-23T11:31:00+00:00\",\"dateModified\":\"2022-01-19T11:32:17+00:00\",\"breadcrumb\":{\"@id\":\"https:\\\/\\\/qtmm.org\\\/qt\\\/kutleviy-surgunlik-ve-qatl-qurbanlarinin-hatirasini-saqlamaq-icun-umumavropa-stalinizm-ve-milletcilik-qurbanlarinin-hatirasina-bagislangan-butunqirim-miting-istirakcilerinin-qarari\\\/#breadcrumb\"},\"inLanguage\":\"qt\",\"potentialAction\":[{\"@type\":\"ReadAction\",\"target\":[\"https:\\\/\\\/qtmm.org\\\/qt\\\/kutleviy-surgunlik-ve-qatl-qurbanlarinin-hatirasini-saqlamaq-icun-umumavropa-stalinizm-ve-milletcilik-qurbanlarinin-hatirasina-bagislangan-butunqirim-miting-istirakcilerinin-qarari\\\/\"]}]},{\"@type\":\"BreadcrumbList\",\"@id\":\"https:\\\/\\\/qtmm.org\\\/qt\\\/kutleviy-surgunlik-ve-qatl-qurbanlarinin-hatirasini-saqlamaq-icun-umumavropa-stalinizm-ve-milletcilik-qurbanlarinin-hatirasina-bagislangan-butunqirim-miting-istirakcilerinin-qarari\\\/#breadcrumb\",\"itemListElement\":[{\"@type\":\"ListItem\",\"position\":1,\"name\":\"\u0413\u043e\u043b\u043e\u0432\u043d\u0430\",\"item\":\"https:\\\/\\\/qtmm.org\\\/qt\\\/\"},{\"@type\":\"ListItem\",\"position\":2,\"name\":\"K\u00fctleviy s\u00fcrg\u00fcnlik ve qatl qurbanlar\u0131n\u0131\u00f1 hat\u0131ras\u0131n\u0131 saqlamaq i\u00e7\u00fcn Umumavropa stalinizm ve millet\u00e7ilik qurbanlar\u0131n\u0131\u00f1 hat\u0131ras\u0131na ba\u011f\u0131\u015flan\u011fan B\u00fct\u00fcnq\u0131r\u0131m miting i\u015ftirak\u00e7ilerini\u00f1 qarar\u0131\"}]},{\"@type\":\"WebSite\",\"@id\":\"https:\\\/\\\/qtmm.org\\\/qt\\\/#website\",\"url\":\"https:\\\/\\\/qtmm.org\\\/qt\\\/\",\"name\":\"\u041c\u0435\u0434\u0436\u043b\u0456\u0441\",\"description\":\"\",\"publisher\":{\"@id\":\"https:\\\/\\\/qtmm.org\\\/qt\\\/#organization\"},\"potentialAction\":[{\"@type\":\"SearchAction\",\"target\":{\"@type\":\"EntryPoint\",\"urlTemplate\":\"https:\\\/\\\/qtmm.org\\\/qt\\\/?s={search_term_string}\"},\"query-input\":{\"@type\":\"PropertyValueSpecification\",\"valueRequired\":true,\"valueName\":\"search_term_string\"}}],\"inLanguage\":\"qt\"},{\"@type\":\"Organization\",\"@id\":\"https:\\\/\\\/qtmm.org\\\/qt\\\/#organization\",\"name\":\"\u041c\u0435\u0434\u0436\u043b\u0456\u0441\",\"url\":\"https:\\\/\\\/qtmm.org\\\/qt\\\/\",\"logo\":{\"@type\":\"ImageObject\",\"inLanguage\":\"qt\",\"@id\":\"https:\\\/\\\/qtmm.org\\\/qt\\\/#\\\/schema\\\/logo\\\/image\\\/\",\"url\":\"https:\\\/\\\/qtmm.org\\\/wp-content\\\/uploads\\\/2024\\\/12\\\/ua-mejlis-logo-rgb.svg\",\"contentUrl\":\"https:\\\/\\\/qtmm.org\\\/wp-content\\\/uploads\\\/2024\\\/12\\\/ua-mejlis-logo-rgb.svg\",\"caption\":\"\u041c\u0435\u0434\u0436\u043b\u0456\u0441\"},\"image\":{\"@id\":\"https:\\\/\\\/qtmm.org\\\/qt\\\/#\\\/schema\\\/logo\\\/image\\\/\"},\"sameAs\":[\"https:\\\/\\\/www.facebook.com\\\/qtmm.info\\\/\"]},{\"@type\":\"Person\",\"@id\":\"https:\\\/\\\/qtmm.org\\\/qt\\\/#\\\/schema\\\/person\\\/de562469f971dec226ac06e60bbf74a7\",\"name\":\"Developer\",\"image\":{\"@type\":\"ImageObject\",\"inLanguage\":\"qt\",\"@id\":\"https:\\\/\\\/secure.gravatar.com\\\/avatar\\\/392b4cc8fbfeb00b39dfeeab4ee6edded39ffd48e25858637e4765810300227e?s=96&d=mm&r=g\",\"url\":\"https:\\\/\\\/secure.gravatar.com\\\/avatar\\\/392b4cc8fbfeb00b39dfeeab4ee6edded39ffd48e25858637e4765810300227e?s=96&d=mm&r=g\",\"contentUrl\":\"https:\\\/\\\/secure.gravatar.com\\\/avatar\\\/392b4cc8fbfeb00b39dfeeab4ee6edded39ffd48e25858637e4765810300227e?s=96&d=mm&r=g\",\"caption\":\"Developer\"},\"url\":\"https:\\\/\\\/qtmm.org\\\/qt\\\/author\\\/Developer\\\/\"}]}<\/script>\n<!-- \/ Yoast SEO plugin. -->","yoast_head_json":{"title":"K\u00fctleviy s\u00fcrg\u00fcnlik ve qatl qurbanlar\u0131n\u0131\u00f1 hat\u0131ras\u0131n\u0131 saqlamaq i\u00e7\u00fcn Umumavropa stalinizm ve millet\u00e7ilik qurbanlar\u0131n\u0131\u00f1 hat\u0131ras\u0131na ba\u011f\u0131\u015flan\u011fan B\u00fct\u00fcnq\u0131r\u0131m miting i\u015ftirak\u00e7ilerini\u00f1 qarar\u0131 - \u041c\u0435\u0434\u0436\u043b\u0456\u0441","robots":{"index":"index","follow":"follow","max-snippet":"max-snippet:-1","max-image-preview":"max-image-preview:large","max-video-preview":"max-video-preview:-1"},"canonical":"https:\/\/qtmm.org\/qt\/kutleviy-surgunlik-ve-qatl-qurbanlarinin-hatirasini-saqlamaq-icun-umumavropa-stalinizm-ve-milletcilik-qurbanlarinin-hatirasina-bagislangan-butunqirim-miting-istirakcilerinin-qarari\/","og_locale":"en_US","og_type":"article","og_title":"K\u00fctleviy s\u00fcrg\u00fcnlik ve qatl qurbanlar\u0131n\u0131\u00f1 hat\u0131ras\u0131n\u0131 saqlamaq i\u00e7\u00fcn Umumavropa stalinizm ve millet\u00e7ilik qurbanlar\u0131n\u0131\u00f1 hat\u0131ras\u0131na ba\u011f\u0131\u015flan\u011fan B\u00fct\u00fcnq\u0131r\u0131m miting i\u015ftirak\u00e7ilerini\u00f1 qarar\u0131 - \u041c\u0435\u0434\u0436\u043b\u0456\u0441","og_description":"72 sene evelsi 1939 senesi avgust 23 k\u00fcn\u00fc kommunistik SSSR ve fa\u015fist Almaniyas\u0131 taraf\u0131ndan Moskvada &#8220;Ribbentrop \u2013 Molotov&#8221; a\u00f1la\u015fmas\u0131 imzalanmas\u0131nen eki totalitar devlet ve HH as\u0131rn\u0131\u00f1 insanl\u0131qqa qar\u015f\u0131, Avropa halqlar\u0131na genotsid, aq-uquqlar\u0131 bozuluv\u0131n\u0131, serbestlik s\u0131\u00f1\u0131rlanmas\u0131n\u0131, arbiy cinayetlikler ketirgen mevkurelerni\u00f1 i\u015fbirligi a\u00e7\u0131qtan-a\u00e7\u0131q tasdiqlan\u011fan edi. Y\u00fczlernen million insan qurbanlar\u0131, tamamile yoq etil\u00fcvge \u00fck\u00fcm etilgen onlarnen halqlar &#8211; [&hellip;]","og_url":"https:\/\/qtmm.org\/qt\/kutleviy-surgunlik-ve-qatl-qurbanlarinin-hatirasini-saqlamaq-icun-umumavropa-stalinizm-ve-milletcilik-qurbanlarinin-hatirasina-bagislangan-butunqirim-miting-istirakcilerinin-qarari\/","og_site_name":"\u041c\u0435\u0434\u0436\u043b\u0456\u0441","article_publisher":"https:\/\/www.facebook.com\/qtmm.info\/","article_published_time":"2011-08-23T11:31:00+00:00","article_modified_time":"2022-01-19T11:32:17+00:00","author":"Developer","twitter_card":"summary_large_image","twitter_misc":{"Written by":"Developer","Est. reading time":"3 minutes"},"schema":{"@context":"https:\/\/schema.org","@graph":[{"@type":"Article","@id":"https:\/\/qtmm.org\/qt\/kutleviy-surgunlik-ve-qatl-qurbanlarinin-hatirasini-saqlamaq-icun-umumavropa-stalinizm-ve-milletcilik-qurbanlarinin-hatirasina-bagislangan-butunqirim-miting-istirakcilerinin-qarari\/#article","isPartOf":{"@id":"https:\/\/qtmm.org\/qt\/kutleviy-surgunlik-ve-qatl-qurbanlarinin-hatirasini-saqlamaq-icun-umumavropa-stalinizm-ve-milletcilik-qurbanlarinin-hatirasina-bagislangan-butunqirim-miting-istirakcilerinin-qarari\/"},"author":{"name":"Developer","@id":"https:\/\/qtmm.org\/qt\/#\/schema\/person\/de562469f971dec226ac06e60bbf74a7"},"headline":"K\u00fctleviy s\u00fcrg\u00fcnlik ve qatl qurbanlar\u0131n\u0131\u00f1 hat\u0131ras\u0131n\u0131 saqlamaq i\u00e7\u00fcn Umumavropa stalinizm ve millet\u00e7ilik qurbanlar\u0131n\u0131\u00f1 hat\u0131ras\u0131na ba\u011f\u0131\u015flan\u011fan B\u00fct\u00fcnq\u0131r\u0131m miting i\u015ftirak\u00e7ilerini\u00f1 qarar\u0131","datePublished":"2011-08-23T11:31:00+00:00","dateModified":"2022-01-19T11:32:17+00:00","mainEntityOfPage":{"@id":"https:\/\/qtmm.org\/qt\/kutleviy-surgunlik-ve-qatl-qurbanlarinin-hatirasini-saqlamaq-icun-umumavropa-stalinizm-ve-milletcilik-qurbanlarinin-hatirasina-bagislangan-butunqirim-miting-istirakcilerinin-qarari\/"},"wordCount":575,"commentCount":0,"publisher":{"@id":"https:\/\/qtmm.org\/qt\/#organization"},"articleSection":["Haberler"],"inLanguage":"qt","potentialAction":[{"@type":"CommentAction","name":"Comment","target":["https:\/\/qtmm.org\/qt\/kutleviy-surgunlik-ve-qatl-qurbanlarinin-hatirasini-saqlamaq-icun-umumavropa-stalinizm-ve-milletcilik-qurbanlarinin-hatirasina-bagislangan-butunqirim-miting-istirakcilerinin-qarari\/#respond"]}]},{"@type":"WebPage","@id":"https:\/\/qtmm.org\/qt\/kutleviy-surgunlik-ve-qatl-qurbanlarinin-hatirasini-saqlamaq-icun-umumavropa-stalinizm-ve-milletcilik-qurbanlarinin-hatirasina-bagislangan-butunqirim-miting-istirakcilerinin-qarari\/","url":"https:\/\/qtmm.org\/qt\/kutleviy-surgunlik-ve-qatl-qurbanlarinin-hatirasini-saqlamaq-icun-umumavropa-stalinizm-ve-milletcilik-qurbanlarinin-hatirasina-bagislangan-butunqirim-miting-istirakcilerinin-qarari\/","name":"K\u00fctleviy s\u00fcrg\u00fcnlik ve qatl qurbanlar\u0131n\u0131\u00f1 hat\u0131ras\u0131n\u0131 saqlamaq i\u00e7\u00fcn Umumavropa stalinizm ve millet\u00e7ilik qurbanlar\u0131n\u0131\u00f1 hat\u0131ras\u0131na ba\u011f\u0131\u015flan\u011fan B\u00fct\u00fcnq\u0131r\u0131m miting i\u015ftirak\u00e7ilerini\u00f1 qarar\u0131 - \u041c\u0435\u0434\u0436\u043b\u0456\u0441","isPartOf":{"@id":"https:\/\/qtmm.org\/qt\/#website"},"datePublished":"2011-08-23T11:31:00+00:00","dateModified":"2022-01-19T11:32:17+00:00","breadcrumb":{"@id":"https:\/\/qtmm.org\/qt\/kutleviy-surgunlik-ve-qatl-qurbanlarinin-hatirasini-saqlamaq-icun-umumavropa-stalinizm-ve-milletcilik-qurbanlarinin-hatirasina-bagislangan-butunqirim-miting-istirakcilerinin-qarari\/#breadcrumb"},"inLanguage":"qt","potentialAction":[{"@type":"ReadAction","target":["https:\/\/qtmm.org\/qt\/kutleviy-surgunlik-ve-qatl-qurbanlarinin-hatirasini-saqlamaq-icun-umumavropa-stalinizm-ve-milletcilik-qurbanlarinin-hatirasina-bagislangan-butunqirim-miting-istirakcilerinin-qarari\/"]}]},{"@type":"BreadcrumbList","@id":"https:\/\/qtmm.org\/qt\/kutleviy-surgunlik-ve-qatl-qurbanlarinin-hatirasini-saqlamaq-icun-umumavropa-stalinizm-ve-milletcilik-qurbanlarinin-hatirasina-bagislangan-butunqirim-miting-istirakcilerinin-qarari\/#breadcrumb","itemListElement":[{"@type":"ListItem","position":1,"name":"\u0413\u043e\u043b\u043e\u0432\u043d\u0430","item":"https:\/\/qtmm.org\/qt\/"},{"@type":"ListItem","position":2,"name":"K\u00fctleviy s\u00fcrg\u00fcnlik ve qatl qurbanlar\u0131n\u0131\u00f1 hat\u0131ras\u0131n\u0131 saqlamaq i\u00e7\u00fcn Umumavropa stalinizm ve millet\u00e7ilik qurbanlar\u0131n\u0131\u00f1 hat\u0131ras\u0131na ba\u011f\u0131\u015flan\u011fan B\u00fct\u00fcnq\u0131r\u0131m miting i\u015ftirak\u00e7ilerini\u00f1 qarar\u0131"}]},{"@type":"WebSite","@id":"https:\/\/qtmm.org\/qt\/#website","url":"https:\/\/qtmm.org\/qt\/","name":"\u041c\u0435\u0434\u0436\u043b\u0456\u0441","description":"","publisher":{"@id":"https:\/\/qtmm.org\/qt\/#organization"},"potentialAction":[{"@type":"SearchAction","target":{"@type":"EntryPoint","urlTemplate":"https:\/\/qtmm.org\/qt\/?s={search_term_string}"},"query-input":{"@type":"PropertyValueSpecification","valueRequired":true,"valueName":"search_term_string"}}],"inLanguage":"qt"},{"@type":"Organization","@id":"https:\/\/qtmm.org\/qt\/#organization","name":"\u041c\u0435\u0434\u0436\u043b\u0456\u0441","url":"https:\/\/qtmm.org\/qt\/","logo":{"@type":"ImageObject","inLanguage":"qt","@id":"https:\/\/qtmm.org\/qt\/#\/schema\/logo\/image\/","url":"https:\/\/qtmm.org\/wp-content\/uploads\/2024\/12\/ua-mejlis-logo-rgb.svg","contentUrl":"https:\/\/qtmm.org\/wp-content\/uploads\/2024\/12\/ua-mejlis-logo-rgb.svg","caption":"\u041c\u0435\u0434\u0436\u043b\u0456\u0441"},"image":{"@id":"https:\/\/qtmm.org\/qt\/#\/schema\/logo\/image\/"},"sameAs":["https:\/\/www.facebook.com\/qtmm.info\/"]},{"@type":"Person","@id":"https:\/\/qtmm.org\/qt\/#\/schema\/person\/de562469f971dec226ac06e60bbf74a7","name":"Developer","image":{"@type":"ImageObject","inLanguage":"qt","@id":"https:\/\/secure.gravatar.com\/avatar\/392b4cc8fbfeb00b39dfeeab4ee6edded39ffd48e25858637e4765810300227e?s=96&d=mm&r=g","url":"https:\/\/secure.gravatar.com\/avatar\/392b4cc8fbfeb00b39dfeeab4ee6edded39ffd48e25858637e4765810300227e?s=96&d=mm&r=g","contentUrl":"https:\/\/secure.gravatar.com\/avatar\/392b4cc8fbfeb00b39dfeeab4ee6edded39ffd48e25858637e4765810300227e?s=96&d=mm&r=g","caption":"Developer"},"url":"https:\/\/qtmm.org\/qt\/author\/Developer\/"}]}},"_links":{"self":[{"href":"https:\/\/qtmm.org\/qt\/wp-json\/wp\/v2\/posts\/25658","targetHints":{"allow":["GET"]}}],"collection":[{"href":"https:\/\/qtmm.org\/qt\/wp-json\/wp\/v2\/posts"}],"about":[{"href":"https:\/\/qtmm.org\/qt\/wp-json\/wp\/v2\/types\/post"}],"author":[{"embeddable":true,"href":"https:\/\/qtmm.org\/qt\/wp-json\/wp\/v2\/users\/1"}],"replies":[{"embeddable":true,"href":"https:\/\/qtmm.org\/qt\/wp-json\/wp\/v2\/comments?post=25658"}],"version-history":[{"count":1,"href":"https:\/\/qtmm.org\/qt\/wp-json\/wp\/v2\/posts\/25658\/revisions"}],"predecessor-version":[{"id":25659,"href":"https:\/\/qtmm.org\/qt\/wp-json\/wp\/v2\/posts\/25658\/revisions\/25659"}],"wp:attachment":[{"href":"https:\/\/qtmm.org\/qt\/wp-json\/wp\/v2\/media?parent=25658"}],"wp:term":[{"taxonomy":"category","embeddable":true,"href":"https:\/\/qtmm.org\/qt\/wp-json\/wp\/v2\/categories?post=25658"},{"taxonomy":"post_tag","embeddable":true,"href":"https:\/\/qtmm.org\/qt\/wp-json\/wp\/v2\/tags?post=25658"}],"curies":[{"name":"wp","href":"https:\/\/api.w.org\/{rel}","templated":true}]}}