




{"id":25654,"date":"2011-08-20T14:30:00","date_gmt":"2011-08-20T11:30:00","guid":{"rendered":"http:\/\/qtmm.org\/?p=25654"},"modified":"2022-01-19T14:30:40","modified_gmt":"2022-01-19T11:30:40","slug":"stalinizm-qurbanlari-hatirasina-informatsion-piket-miting","status":"publish","type":"post","link":"https:\/\/qtmm.org\/qt\/stalinizm-qurbanlari-hatirasina-informatsion-piket-miting\/","title":{"rendered":"Stalinizm qurbanlar\u0131 hat\u0131ras\u0131na informatsion piket-miting"},"content":{"rendered":"\n<p>Avgust 23 k\u00fcn\u00fc saat 11-00-de Aqmescit \u015feerindeki Sal\u011f\u0131r ba\u011f\u00e7as\u0131nda S\u00fcrg\u00fcnlik qurbanlar\u0131na hat\u0131ra ta\u015fn\u0131\u00f1 yan\u0131nda K\u00fctleviy s\u00fcrg\u00fcnlik ve qatl qurbanlar\u0131n\u0131\u00f1 hat\u0131ras\u0131n\u0131 saqlamaq maqsad\u0131nda stalinizm ve millet\u00e7ilik qurbanlar\u0131n\u0131\u00f1 umumavropa hat\u0131ra k\u00fcn\u00fc \u00e7er\u00e7ivesinde informatsion piket-miting \u00f6tkerilecek.<\/p>\n\n\n\n<p>Q\u0131r\u0131mtatar halq\u0131n\u0131\u00f1 Meclisi 2009 senesinden ba\u015flap er y\u0131l\u0131 Aqmescitte \u00e7e\u015fit siyasiy ve cemaat te\u015fkil\u00e2tlar\u0131 vekillerini\u00f1 i\u015ftirakinde informatsion piket ke\u00e7irmekte<\/p>\n","protected":false},"excerpt":{"rendered":"<p>Avgust 23 k\u00fcn\u00fc saat 11-00-de Aqmescit \u015feerindeki Sal\u011f\u0131r ba\u011f\u00e7as\u0131nda S\u00fcrg\u00fcnlik qurbanlar\u0131na hat\u0131ra ta\u015fn\u0131\u00f1 yan\u0131nda K\u00fctleviy s\u00fcrg\u00fcnlik ve qatl qurbanlar\u0131n\u0131\u00f1 hat\u0131ras\u0131n\u0131 saqlamaq maqsad\u0131nda stalinizm ve millet\u00e7ilik qurbanlar\u0131n\u0131\u00f1 umumavropa hat\u0131ra k\u00fcn\u00fc \u00e7er\u00e7ivesinde informatsion piket-miting \u00f6tkerilecek. Q\u0131r\u0131mtatar halq\u0131n\u0131\u00f1 Meclisi 2009 senesinden ba\u015flap er y\u0131l\u0131 Aqmescitte \u00e7e\u015fit siyasiy ve cemaat te\u015fkil\u00e2tlar\u0131 vekillerini\u00f1 i\u015ftirakinde informatsion piket ke\u00e7irmekte<\/p>\n","protected":false},"author":1,"featured_media":0,"comment_status":"open","ping_status":"open","sticky":false,"template":"","format":"standard","meta":{"inline_featured_image":false,"footnotes":""},"categories":[265],"tags":[],"class_list":["post-25654","post","type-post","status-publish","format-standard","hentry","category-haberler"],"acf":[],"yoast_head":"<!-- This site is optimized with the Yoast SEO plugin v27.4 - https:\/\/yoast.com\/product\/yoast-seo-wordpress\/ -->\n<title>Stalinizm qurbanlar\u0131 hat\u0131ras\u0131na informatsion piket-miting - \u041c\u0435\u0434\u0436\u043b\u0456\u0441<\/title>\n<meta name=\"robots\" content=\"index, follow, max-snippet:-1, max-image-preview:large, max-video-preview:-1\" \/>\n<link rel=\"canonical\" href=\"https:\/\/qtmm.org\/qt\/stalinizm-qurbanlari-hatirasina-informatsion-piket-miting\/\" \/>\n<meta property=\"og:locale\" content=\"en_US\" \/>\n<meta property=\"og:type\" content=\"article\" \/>\n<meta property=\"og:title\" content=\"Stalinizm qurbanlar\u0131 hat\u0131ras\u0131na informatsion piket-miting - \u041c\u0435\u0434\u0436\u043b\u0456\u0441\" \/>\n<meta property=\"og:description\" content=\"Avgust 23 k\u00fcn\u00fc saat 11-00-de Aqmescit \u015feerindeki Sal\u011f\u0131r ba\u011f\u00e7as\u0131nda S\u00fcrg\u00fcnlik qurbanlar\u0131na hat\u0131ra ta\u015fn\u0131\u00f1 yan\u0131nda K\u00fctleviy s\u00fcrg\u00fcnlik ve qatl qurbanlar\u0131n\u0131\u00f1 hat\u0131ras\u0131n\u0131 saqlamaq maqsad\u0131nda stalinizm ve millet\u00e7ilik qurbanlar\u0131n\u0131\u00f1 umumavropa hat\u0131ra k\u00fcn\u00fc \u00e7er\u00e7ivesinde informatsion piket-miting \u00f6tkerilecek. Q\u0131r\u0131mtatar halq\u0131n\u0131\u00f1 Meclisi 2009 senesinden ba\u015flap er y\u0131l\u0131 Aqmescitte \u00e7e\u015fit siyasiy ve cemaat te\u015fkil\u00e2tlar\u0131 vekillerini\u00f1 i\u015ftirakinde informatsion piket ke\u00e7irmekte\" \/>\n<meta property=\"og:url\" content=\"https:\/\/qtmm.org\/qt\/stalinizm-qurbanlari-hatirasina-informatsion-piket-miting\/\" \/>\n<meta property=\"og:site_name\" content=\"\u041c\u0435\u0434\u0436\u043b\u0456\u0441\" \/>\n<meta property=\"article:publisher\" content=\"https:\/\/www.facebook.com\/qtmm.info\/\" \/>\n<meta property=\"article:published_time\" content=\"2011-08-20T11:30:00+00:00\" \/>\n<meta property=\"article:modified_time\" content=\"2022-01-19T11:30:40+00:00\" \/>\n<meta name=\"author\" content=\"Developer\" \/>\n<meta name=\"twitter:card\" content=\"summary_large_image\" \/>\n<meta name=\"twitter:label1\" content=\"Written by\" \/>\n\t<meta name=\"twitter:data1\" content=\"Developer\" \/>\n<script type=\"application\/ld+json\" class=\"yoast-schema-graph\">{\"@context\":\"https:\\\/\\\/schema.org\",\"@graph\":[{\"@type\":\"Article\",\"@id\":\"https:\\\/\\\/qtmm.org\\\/qt\\\/stalinizm-qurbanlari-hatirasina-informatsion-piket-miting\\\/#article\",\"isPartOf\":{\"@id\":\"https:\\\/\\\/qtmm.org\\\/qt\\\/stalinizm-qurbanlari-hatirasina-informatsion-piket-miting\\\/\"},\"author\":{\"name\":\"Developer\",\"@id\":\"https:\\\/\\\/qtmm.org\\\/qt\\\/#\\\/schema\\\/person\\\/de562469f971dec226ac06e60bbf74a7\"},\"headline\":\"Stalinizm qurbanlar\u0131 hat\u0131ras\u0131na informatsion piket-miting\",\"datePublished\":\"2011-08-20T11:30:00+00:00\",\"dateModified\":\"2022-01-19T11:30:40+00:00\",\"mainEntityOfPage\":{\"@id\":\"https:\\\/\\\/qtmm.org\\\/qt\\\/stalinizm-qurbanlari-hatirasina-informatsion-piket-miting\\\/\"},\"wordCount\":90,\"commentCount\":0,\"publisher\":{\"@id\":\"https:\\\/\\\/qtmm.org\\\/qt\\\/#organization\"},\"articleSection\":[\"Haberler\"],\"inLanguage\":\"qt\",\"potentialAction\":[{\"@type\":\"CommentAction\",\"name\":\"Comment\",\"target\":[\"https:\\\/\\\/qtmm.org\\\/qt\\\/stalinizm-qurbanlari-hatirasina-informatsion-piket-miting\\\/#respond\"]}]},{\"@type\":\"WebPage\",\"@id\":\"https:\\\/\\\/qtmm.org\\\/qt\\\/stalinizm-qurbanlari-hatirasina-informatsion-piket-miting\\\/\",\"url\":\"https:\\\/\\\/qtmm.org\\\/qt\\\/stalinizm-qurbanlari-hatirasina-informatsion-piket-miting\\\/\",\"name\":\"Stalinizm qurbanlar\u0131 hat\u0131ras\u0131na informatsion piket-miting - \u041c\u0435\u0434\u0436\u043b\u0456\u0441\",\"isPartOf\":{\"@id\":\"https:\\\/\\\/qtmm.org\\\/qt\\\/#website\"},\"datePublished\":\"2011-08-20T11:30:00+00:00\",\"dateModified\":\"2022-01-19T11:30:40+00:00\",\"breadcrumb\":{\"@id\":\"https:\\\/\\\/qtmm.org\\\/qt\\\/stalinizm-qurbanlari-hatirasina-informatsion-piket-miting\\\/#breadcrumb\"},\"inLanguage\":\"qt\",\"potentialAction\":[{\"@type\":\"ReadAction\",\"target\":[\"https:\\\/\\\/qtmm.org\\\/qt\\\/stalinizm-qurbanlari-hatirasina-informatsion-piket-miting\\\/\"]}]},{\"@type\":\"BreadcrumbList\",\"@id\":\"https:\\\/\\\/qtmm.org\\\/qt\\\/stalinizm-qurbanlari-hatirasina-informatsion-piket-miting\\\/#breadcrumb\",\"itemListElement\":[{\"@type\":\"ListItem\",\"position\":1,\"name\":\"\u0413\u043e\u043b\u043e\u0432\u043d\u0430\",\"item\":\"https:\\\/\\\/qtmm.org\\\/qt\\\/\"},{\"@type\":\"ListItem\",\"position\":2,\"name\":\"Stalinizm qurbanlar\u0131 hat\u0131ras\u0131na informatsion piket-miting\"}]},{\"@type\":\"WebSite\",\"@id\":\"https:\\\/\\\/qtmm.org\\\/qt\\\/#website\",\"url\":\"https:\\\/\\\/qtmm.org\\\/qt\\\/\",\"name\":\"\u041c\u0435\u0434\u0436\u043b\u0456\u0441\",\"description\":\"\",\"publisher\":{\"@id\":\"https:\\\/\\\/qtmm.org\\\/qt\\\/#organization\"},\"potentialAction\":[{\"@type\":\"SearchAction\",\"target\":{\"@type\":\"EntryPoint\",\"urlTemplate\":\"https:\\\/\\\/qtmm.org\\\/qt\\\/?s={search_term_string}\"},\"query-input\":{\"@type\":\"PropertyValueSpecification\",\"valueRequired\":true,\"valueName\":\"search_term_string\"}}],\"inLanguage\":\"qt\"},{\"@type\":\"Organization\",\"@id\":\"https:\\\/\\\/qtmm.org\\\/qt\\\/#organization\",\"name\":\"\u041c\u0435\u0434\u0436\u043b\u0456\u0441\",\"url\":\"https:\\\/\\\/qtmm.org\\\/qt\\\/\",\"logo\":{\"@type\":\"ImageObject\",\"inLanguage\":\"qt\",\"@id\":\"https:\\\/\\\/qtmm.org\\\/qt\\\/#\\\/schema\\\/logo\\\/image\\\/\",\"url\":\"https:\\\/\\\/qtmm.org\\\/wp-content\\\/uploads\\\/2024\\\/12\\\/ua-mejlis-logo-rgb.svg\",\"contentUrl\":\"https:\\\/\\\/qtmm.org\\\/wp-content\\\/uploads\\\/2024\\\/12\\\/ua-mejlis-logo-rgb.svg\",\"caption\":\"\u041c\u0435\u0434\u0436\u043b\u0456\u0441\"},\"image\":{\"@id\":\"https:\\\/\\\/qtmm.org\\\/qt\\\/#\\\/schema\\\/logo\\\/image\\\/\"},\"sameAs\":[\"https:\\\/\\\/www.facebook.com\\\/qtmm.info\\\/\"]},{\"@type\":\"Person\",\"@id\":\"https:\\\/\\\/qtmm.org\\\/qt\\\/#\\\/schema\\\/person\\\/de562469f971dec226ac06e60bbf74a7\",\"name\":\"Developer\",\"image\":{\"@type\":\"ImageObject\",\"inLanguage\":\"qt\",\"@id\":\"https:\\\/\\\/secure.gravatar.com\\\/avatar\\\/392b4cc8fbfeb00b39dfeeab4ee6edded39ffd48e25858637e4765810300227e?s=96&d=mm&r=g\",\"url\":\"https:\\\/\\\/secure.gravatar.com\\\/avatar\\\/392b4cc8fbfeb00b39dfeeab4ee6edded39ffd48e25858637e4765810300227e?s=96&d=mm&r=g\",\"contentUrl\":\"https:\\\/\\\/secure.gravatar.com\\\/avatar\\\/392b4cc8fbfeb00b39dfeeab4ee6edded39ffd48e25858637e4765810300227e?s=96&d=mm&r=g\",\"caption\":\"Developer\"},\"url\":\"https:\\\/\\\/qtmm.org\\\/qt\\\/author\\\/Developer\\\/\"}]}<\/script>\n<!-- \/ Yoast SEO plugin. -->","yoast_head_json":{"title":"Stalinizm qurbanlar\u0131 hat\u0131ras\u0131na informatsion piket-miting - \u041c\u0435\u0434\u0436\u043b\u0456\u0441","robots":{"index":"index","follow":"follow","max-snippet":"max-snippet:-1","max-image-preview":"max-image-preview:large","max-video-preview":"max-video-preview:-1"},"canonical":"https:\/\/qtmm.org\/qt\/stalinizm-qurbanlari-hatirasina-informatsion-piket-miting\/","og_locale":"en_US","og_type":"article","og_title":"Stalinizm qurbanlar\u0131 hat\u0131ras\u0131na informatsion piket-miting - \u041c\u0435\u0434\u0436\u043b\u0456\u0441","og_description":"Avgust 23 k\u00fcn\u00fc saat 11-00-de Aqmescit \u015feerindeki Sal\u011f\u0131r ba\u011f\u00e7as\u0131nda S\u00fcrg\u00fcnlik qurbanlar\u0131na hat\u0131ra ta\u015fn\u0131\u00f1 yan\u0131nda K\u00fctleviy s\u00fcrg\u00fcnlik ve qatl qurbanlar\u0131n\u0131\u00f1 hat\u0131ras\u0131n\u0131 saqlamaq maqsad\u0131nda stalinizm ve millet\u00e7ilik qurbanlar\u0131n\u0131\u00f1 umumavropa hat\u0131ra k\u00fcn\u00fc \u00e7er\u00e7ivesinde informatsion piket-miting \u00f6tkerilecek. Q\u0131r\u0131mtatar halq\u0131n\u0131\u00f1 Meclisi 2009 senesinden ba\u015flap er y\u0131l\u0131 Aqmescitte \u00e7e\u015fit siyasiy ve cemaat te\u015fkil\u00e2tlar\u0131 vekillerini\u00f1 i\u015ftirakinde informatsion piket ke\u00e7irmekte","og_url":"https:\/\/qtmm.org\/qt\/stalinizm-qurbanlari-hatirasina-informatsion-piket-miting\/","og_site_name":"\u041c\u0435\u0434\u0436\u043b\u0456\u0441","article_publisher":"https:\/\/www.facebook.com\/qtmm.info\/","article_published_time":"2011-08-20T11:30:00+00:00","article_modified_time":"2022-01-19T11:30:40+00:00","author":"Developer","twitter_card":"summary_large_image","twitter_misc":{"Written by":"Developer"},"schema":{"@context":"https:\/\/schema.org","@graph":[{"@type":"Article","@id":"https:\/\/qtmm.org\/qt\/stalinizm-qurbanlari-hatirasina-informatsion-piket-miting\/#article","isPartOf":{"@id":"https:\/\/qtmm.org\/qt\/stalinizm-qurbanlari-hatirasina-informatsion-piket-miting\/"},"author":{"name":"Developer","@id":"https:\/\/qtmm.org\/qt\/#\/schema\/person\/de562469f971dec226ac06e60bbf74a7"},"headline":"Stalinizm qurbanlar\u0131 hat\u0131ras\u0131na informatsion piket-miting","datePublished":"2011-08-20T11:30:00+00:00","dateModified":"2022-01-19T11:30:40+00:00","mainEntityOfPage":{"@id":"https:\/\/qtmm.org\/qt\/stalinizm-qurbanlari-hatirasina-informatsion-piket-miting\/"},"wordCount":90,"commentCount":0,"publisher":{"@id":"https:\/\/qtmm.org\/qt\/#organization"},"articleSection":["Haberler"],"inLanguage":"qt","potentialAction":[{"@type":"CommentAction","name":"Comment","target":["https:\/\/qtmm.org\/qt\/stalinizm-qurbanlari-hatirasina-informatsion-piket-miting\/#respond"]}]},{"@type":"WebPage","@id":"https:\/\/qtmm.org\/qt\/stalinizm-qurbanlari-hatirasina-informatsion-piket-miting\/","url":"https:\/\/qtmm.org\/qt\/stalinizm-qurbanlari-hatirasina-informatsion-piket-miting\/","name":"Stalinizm qurbanlar\u0131 hat\u0131ras\u0131na informatsion piket-miting - \u041c\u0435\u0434\u0436\u043b\u0456\u0441","isPartOf":{"@id":"https:\/\/qtmm.org\/qt\/#website"},"datePublished":"2011-08-20T11:30:00+00:00","dateModified":"2022-01-19T11:30:40+00:00","breadcrumb":{"@id":"https:\/\/qtmm.org\/qt\/stalinizm-qurbanlari-hatirasina-informatsion-piket-miting\/#breadcrumb"},"inLanguage":"qt","potentialAction":[{"@type":"ReadAction","target":["https:\/\/qtmm.org\/qt\/stalinizm-qurbanlari-hatirasina-informatsion-piket-miting\/"]}]},{"@type":"BreadcrumbList","@id":"https:\/\/qtmm.org\/qt\/stalinizm-qurbanlari-hatirasina-informatsion-piket-miting\/#breadcrumb","itemListElement":[{"@type":"ListItem","position":1,"name":"\u0413\u043e\u043b\u043e\u0432\u043d\u0430","item":"https:\/\/qtmm.org\/qt\/"},{"@type":"ListItem","position":2,"name":"Stalinizm qurbanlar\u0131 hat\u0131ras\u0131na informatsion piket-miting"}]},{"@type":"WebSite","@id":"https:\/\/qtmm.org\/qt\/#website","url":"https:\/\/qtmm.org\/qt\/","name":"\u041c\u0435\u0434\u0436\u043b\u0456\u0441","description":"","publisher":{"@id":"https:\/\/qtmm.org\/qt\/#organization"},"potentialAction":[{"@type":"SearchAction","target":{"@type":"EntryPoint","urlTemplate":"https:\/\/qtmm.org\/qt\/?s={search_term_string}"},"query-input":{"@type":"PropertyValueSpecification","valueRequired":true,"valueName":"search_term_string"}}],"inLanguage":"qt"},{"@type":"Organization","@id":"https:\/\/qtmm.org\/qt\/#organization","name":"\u041c\u0435\u0434\u0436\u043b\u0456\u0441","url":"https:\/\/qtmm.org\/qt\/","logo":{"@type":"ImageObject","inLanguage":"qt","@id":"https:\/\/qtmm.org\/qt\/#\/schema\/logo\/image\/","url":"https:\/\/qtmm.org\/wp-content\/uploads\/2024\/12\/ua-mejlis-logo-rgb.svg","contentUrl":"https:\/\/qtmm.org\/wp-content\/uploads\/2024\/12\/ua-mejlis-logo-rgb.svg","caption":"\u041c\u0435\u0434\u0436\u043b\u0456\u0441"},"image":{"@id":"https:\/\/qtmm.org\/qt\/#\/schema\/logo\/image\/"},"sameAs":["https:\/\/www.facebook.com\/qtmm.info\/"]},{"@type":"Person","@id":"https:\/\/qtmm.org\/qt\/#\/schema\/person\/de562469f971dec226ac06e60bbf74a7","name":"Developer","image":{"@type":"ImageObject","inLanguage":"qt","@id":"https:\/\/secure.gravatar.com\/avatar\/392b4cc8fbfeb00b39dfeeab4ee6edded39ffd48e25858637e4765810300227e?s=96&d=mm&r=g","url":"https:\/\/secure.gravatar.com\/avatar\/392b4cc8fbfeb00b39dfeeab4ee6edded39ffd48e25858637e4765810300227e?s=96&d=mm&r=g","contentUrl":"https:\/\/secure.gravatar.com\/avatar\/392b4cc8fbfeb00b39dfeeab4ee6edded39ffd48e25858637e4765810300227e?s=96&d=mm&r=g","caption":"Developer"},"url":"https:\/\/qtmm.org\/qt\/author\/Developer\/"}]}},"_links":{"self":[{"href":"https:\/\/qtmm.org\/qt\/wp-json\/wp\/v2\/posts\/25654","targetHints":{"allow":["GET"]}}],"collection":[{"href":"https:\/\/qtmm.org\/qt\/wp-json\/wp\/v2\/posts"}],"about":[{"href":"https:\/\/qtmm.org\/qt\/wp-json\/wp\/v2\/types\/post"}],"author":[{"embeddable":true,"href":"https:\/\/qtmm.org\/qt\/wp-json\/wp\/v2\/users\/1"}],"replies":[{"embeddable":true,"href":"https:\/\/qtmm.org\/qt\/wp-json\/wp\/v2\/comments?post=25654"}],"version-history":[{"count":1,"href":"https:\/\/qtmm.org\/qt\/wp-json\/wp\/v2\/posts\/25654\/revisions"}],"predecessor-version":[{"id":25655,"href":"https:\/\/qtmm.org\/qt\/wp-json\/wp\/v2\/posts\/25654\/revisions\/25655"}],"wp:attachment":[{"href":"https:\/\/qtmm.org\/qt\/wp-json\/wp\/v2\/media?parent=25654"}],"wp:term":[{"taxonomy":"category","embeddable":true,"href":"https:\/\/qtmm.org\/qt\/wp-json\/wp\/v2\/categories?post=25654"},{"taxonomy":"post_tag","embeddable":true,"href":"https:\/\/qtmm.org\/qt\/wp-json\/wp\/v2\/tags?post=25654"}],"curies":[{"name":"wp","href":"https:\/\/api.w.org\/{rel}","templated":true}]}}