




{"id":25652,"date":"2011-08-19T14:29:00","date_gmt":"2011-08-19T11:29:00","guid":{"rendered":"http:\/\/qtmm.org\/?p=25652"},"modified":"2022-01-19T14:30:07","modified_gmt":"2022-01-19T11:30:07","slug":"qirimtatar-halqi-meclisinin-litvadaki-vekaletligi-halqara-forumga-azirliqni-muzakere-ete","status":"publish","type":"post","link":"https:\/\/qtmm.org\/qt\/qirimtatar-halqi-meclisinin-litvadaki-vekaletligi-halqara-forumga-azirliqni-muzakere-ete\/","title":{"rendered":"Q\u0131r\u0131mtatar halq\u0131 Meclisini\u00f1 Litvadaki vek\u00e2letligi Halqara forum\u011fa az\u0131rl\u0131qn\u0131 muzakere ete"},"content":{"rendered":"\n<p>2011 senesi&nbsp;avgust&nbsp;19 k\u00fcn\u00fc Q\u0131r\u0131mtatar halq\u0131 Meclisini\u00f1 Litvadaki temsilcisi, Litva tatarlar\u0131 cemiyetleri birligini\u00f1 reisi d-r Adas Yakubauskas Litva t\u0131\u015fq\u0131 i\u015fler naziri ve \u00d6BSE reisi Audron\u00fcs Ajubalis ile k\u00f6r\u00fc\u015fti.<\/p>\n\n\n\n<p>K\u00f6r\u00fc\u015f\u00fcv devam\u0131nda taraflar Q\u0131r\u0131mtatar halq\u0131 Meclisi taraf\u0131ndan Q\u0131r\u0131mda q\u0131r\u0131mtatar halq\u0131n\u0131\u00f1 \u00f6z Vatan\u0131nda aq-uquqlar\u0131n\u0131 \u011fayr\u0131dan tiklev ve Ukrainada on\u0131\u00f1 tel\u00fckesizligi ve inki\u015faf\u0131n\u0131 temin etecek Halqara forumn\u0131 az\u0131rlav ve ke\u00e7ir\u00fcv meselesini muzakere ettiler.<\/p>\n\n\n\n<p>K\u00f6terilgen mesele \u00e7er\u00e7ivesinde taraflar \u00d6BSE reisi Audron\u00fcs Ajubalis ve Q\u0131r\u0131mtatar halq\u0131 Meclisini\u00f1 reisi Mustafa Cemilevnen k\u00f6r\u00fc\u015fmek ihtimal\u0131n\u0131 da muzakere ettiler. Nazir forum\u011fa az\u0131rl\u0131q keti\u015fat\u0131, \u015fu c\u00fcmleden b\u00f6yle m\u00fcim tedbirni\u00f1 ke\u00e7iril\u00fcv vaqt\u0131n\u0131 k\u00fcn evelden keli\u015filmesi aqq\u0131nda mal\u00fcmat bermelerini rica etti.<\/p>\n","protected":false},"excerpt":{"rendered":"<p>2011 senesi&nbsp;avgust&nbsp;19 k\u00fcn\u00fc Q\u0131r\u0131mtatar halq\u0131 Meclisini\u00f1 Litvadaki temsilcisi, Litva tatarlar\u0131 cemiyetleri birligini\u00f1 reisi d-r Adas Yakubauskas Litva t\u0131\u015fq\u0131 i\u015fler naziri ve \u00d6BSE reisi Audron\u00fcs Ajubalis ile k\u00f6r\u00fc\u015fti. K\u00f6r\u00fc\u015f\u00fcv devam\u0131nda taraflar Q\u0131r\u0131mtatar halq\u0131 Meclisi taraf\u0131ndan Q\u0131r\u0131mda q\u0131r\u0131mtatar halq\u0131n\u0131\u00f1 \u00f6z Vatan\u0131nda aq-uquqlar\u0131n\u0131 \u011fayr\u0131dan tiklev ve Ukrainada on\u0131\u00f1 tel\u00fckesizligi ve inki\u015faf\u0131n\u0131 temin etecek Halqara forumn\u0131 az\u0131rlav ve ke\u00e7ir\u00fcv [&hellip;]<\/p>\n","protected":false},"author":1,"featured_media":0,"comment_status":"open","ping_status":"open","sticky":false,"template":"","format":"standard","meta":{"inline_featured_image":false,"footnotes":""},"categories":[265],"tags":[],"class_list":["post-25652","post","type-post","status-publish","format-standard","hentry","category-haberler"],"acf":[],"yoast_head":"<!-- This site is optimized with the Yoast SEO plugin v27.4 - https:\/\/yoast.com\/product\/yoast-seo-wordpress\/ -->\n<title>Q\u0131r\u0131mtatar halq\u0131 Meclisini\u00f1 Litvadaki vek\u00e2letligi Halqara forum\u011fa az\u0131rl\u0131qn\u0131 muzakere ete - \u041c\u0435\u0434\u0436\u043b\u0456\u0441<\/title>\n<meta name=\"robots\" content=\"index, follow, max-snippet:-1, max-image-preview:large, max-video-preview:-1\" \/>\n<link rel=\"canonical\" href=\"https:\/\/qtmm.org\/qt\/qirimtatar-halqi-meclisinin-litvadaki-vekaletligi-halqara-forumga-azirliqni-muzakere-ete\/\" \/>\n<meta property=\"og:locale\" content=\"en_US\" \/>\n<meta property=\"og:type\" content=\"article\" \/>\n<meta property=\"og:title\" content=\"Q\u0131r\u0131mtatar halq\u0131 Meclisini\u00f1 Litvadaki vek\u00e2letligi Halqara forum\u011fa az\u0131rl\u0131qn\u0131 muzakere ete - \u041c\u0435\u0434\u0436\u043b\u0456\u0441\" \/>\n<meta property=\"og:description\" content=\"2011 senesi&nbsp;avgust&nbsp;19 k\u00fcn\u00fc Q\u0131r\u0131mtatar halq\u0131 Meclisini\u00f1 Litvadaki temsilcisi, Litva tatarlar\u0131 cemiyetleri birligini\u00f1 reisi d-r Adas Yakubauskas Litva t\u0131\u015fq\u0131 i\u015fler naziri ve \u00d6BSE reisi Audron\u00fcs Ajubalis ile k\u00f6r\u00fc\u015fti. K\u00f6r\u00fc\u015f\u00fcv devam\u0131nda taraflar Q\u0131r\u0131mtatar halq\u0131 Meclisi taraf\u0131ndan Q\u0131r\u0131mda q\u0131r\u0131mtatar halq\u0131n\u0131\u00f1 \u00f6z Vatan\u0131nda aq-uquqlar\u0131n\u0131 \u011fayr\u0131dan tiklev ve Ukrainada on\u0131\u00f1 tel\u00fckesizligi ve inki\u015faf\u0131n\u0131 temin etecek Halqara forumn\u0131 az\u0131rlav ve ke\u00e7ir\u00fcv [&hellip;]\" \/>\n<meta property=\"og:url\" content=\"https:\/\/qtmm.org\/qt\/qirimtatar-halqi-meclisinin-litvadaki-vekaletligi-halqara-forumga-azirliqni-muzakere-ete\/\" \/>\n<meta property=\"og:site_name\" content=\"\u041c\u0435\u0434\u0436\u043b\u0456\u0441\" \/>\n<meta property=\"article:publisher\" content=\"https:\/\/www.facebook.com\/qtmm.info\/\" \/>\n<meta property=\"article:published_time\" content=\"2011-08-19T11:29:00+00:00\" \/>\n<meta property=\"article:modified_time\" content=\"2022-01-19T11:30:07+00:00\" \/>\n<meta name=\"author\" content=\"Developer\" \/>\n<meta name=\"twitter:card\" content=\"summary_large_image\" \/>\n<meta name=\"twitter:label1\" content=\"Written by\" \/>\n\t<meta name=\"twitter:data1\" content=\"Developer\" \/>\n\t<meta name=\"twitter:label2\" content=\"Est. reading time\" \/>\n\t<meta name=\"twitter:data2\" content=\"1 minute\" \/>\n<script type=\"application\/ld+json\" class=\"yoast-schema-graph\">{\"@context\":\"https:\\\/\\\/schema.org\",\"@graph\":[{\"@type\":\"Article\",\"@id\":\"https:\\\/\\\/qtmm.org\\\/qt\\\/qirimtatar-halqi-meclisinin-litvadaki-vekaletligi-halqara-forumga-azirliqni-muzakere-ete\\\/#article\",\"isPartOf\":{\"@id\":\"https:\\\/\\\/qtmm.org\\\/qt\\\/qirimtatar-halqi-meclisinin-litvadaki-vekaletligi-halqara-forumga-azirliqni-muzakere-ete\\\/\"},\"author\":{\"name\":\"Developer\",\"@id\":\"https:\\\/\\\/qtmm.org\\\/qt\\\/#\\\/schema\\\/person\\\/de562469f971dec226ac06e60bbf74a7\"},\"headline\":\"Q\u0131r\u0131mtatar halq\u0131 Meclisini\u00f1 Litvadaki vek\u00e2letligi Halqara forum\u011fa az\u0131rl\u0131qn\u0131 muzakere ete\",\"datePublished\":\"2011-08-19T11:29:00+00:00\",\"dateModified\":\"2022-01-19T11:30:07+00:00\",\"mainEntityOfPage\":{\"@id\":\"https:\\\/\\\/qtmm.org\\\/qt\\\/qirimtatar-halqi-meclisinin-litvadaki-vekaletligi-halqara-forumga-azirliqni-muzakere-ete\\\/\"},\"wordCount\":165,\"commentCount\":0,\"publisher\":{\"@id\":\"https:\\\/\\\/qtmm.org\\\/qt\\\/#organization\"},\"articleSection\":[\"Haberler\"],\"inLanguage\":\"qt\",\"potentialAction\":[{\"@type\":\"CommentAction\",\"name\":\"Comment\",\"target\":[\"https:\\\/\\\/qtmm.org\\\/qt\\\/qirimtatar-halqi-meclisinin-litvadaki-vekaletligi-halqara-forumga-azirliqni-muzakere-ete\\\/#respond\"]}]},{\"@type\":\"WebPage\",\"@id\":\"https:\\\/\\\/qtmm.org\\\/qt\\\/qirimtatar-halqi-meclisinin-litvadaki-vekaletligi-halqara-forumga-azirliqni-muzakere-ete\\\/\",\"url\":\"https:\\\/\\\/qtmm.org\\\/qt\\\/qirimtatar-halqi-meclisinin-litvadaki-vekaletligi-halqara-forumga-azirliqni-muzakere-ete\\\/\",\"name\":\"Q\u0131r\u0131mtatar halq\u0131 Meclisini\u00f1 Litvadaki vek\u00e2letligi Halqara forum\u011fa az\u0131rl\u0131qn\u0131 muzakere ete - \u041c\u0435\u0434\u0436\u043b\u0456\u0441\",\"isPartOf\":{\"@id\":\"https:\\\/\\\/qtmm.org\\\/qt\\\/#website\"},\"datePublished\":\"2011-08-19T11:29:00+00:00\",\"dateModified\":\"2022-01-19T11:30:07+00:00\",\"breadcrumb\":{\"@id\":\"https:\\\/\\\/qtmm.org\\\/qt\\\/qirimtatar-halqi-meclisinin-litvadaki-vekaletligi-halqara-forumga-azirliqni-muzakere-ete\\\/#breadcrumb\"},\"inLanguage\":\"qt\",\"potentialAction\":[{\"@type\":\"ReadAction\",\"target\":[\"https:\\\/\\\/qtmm.org\\\/qt\\\/qirimtatar-halqi-meclisinin-litvadaki-vekaletligi-halqara-forumga-azirliqni-muzakere-ete\\\/\"]}]},{\"@type\":\"BreadcrumbList\",\"@id\":\"https:\\\/\\\/qtmm.org\\\/qt\\\/qirimtatar-halqi-meclisinin-litvadaki-vekaletligi-halqara-forumga-azirliqni-muzakere-ete\\\/#breadcrumb\",\"itemListElement\":[{\"@type\":\"ListItem\",\"position\":1,\"name\":\"\u0413\u043e\u043b\u043e\u0432\u043d\u0430\",\"item\":\"https:\\\/\\\/qtmm.org\\\/qt\\\/\"},{\"@type\":\"ListItem\",\"position\":2,\"name\":\"Q\u0131r\u0131mtatar halq\u0131 Meclisini\u00f1 Litvadaki vek\u00e2letligi Halqara forum\u011fa az\u0131rl\u0131qn\u0131 muzakere ete\"}]},{\"@type\":\"WebSite\",\"@id\":\"https:\\\/\\\/qtmm.org\\\/qt\\\/#website\",\"url\":\"https:\\\/\\\/qtmm.org\\\/qt\\\/\",\"name\":\"\u041c\u0435\u0434\u0436\u043b\u0456\u0441\",\"description\":\"\",\"publisher\":{\"@id\":\"https:\\\/\\\/qtmm.org\\\/qt\\\/#organization\"},\"potentialAction\":[{\"@type\":\"SearchAction\",\"target\":{\"@type\":\"EntryPoint\",\"urlTemplate\":\"https:\\\/\\\/qtmm.org\\\/qt\\\/?s={search_term_string}\"},\"query-input\":{\"@type\":\"PropertyValueSpecification\",\"valueRequired\":true,\"valueName\":\"search_term_string\"}}],\"inLanguage\":\"qt\"},{\"@type\":\"Organization\",\"@id\":\"https:\\\/\\\/qtmm.org\\\/qt\\\/#organization\",\"name\":\"\u041c\u0435\u0434\u0436\u043b\u0456\u0441\",\"url\":\"https:\\\/\\\/qtmm.org\\\/qt\\\/\",\"logo\":{\"@type\":\"ImageObject\",\"inLanguage\":\"qt\",\"@id\":\"https:\\\/\\\/qtmm.org\\\/qt\\\/#\\\/schema\\\/logo\\\/image\\\/\",\"url\":\"https:\\\/\\\/qtmm.org\\\/wp-content\\\/uploads\\\/2024\\\/12\\\/ua-mejlis-logo-rgb.svg\",\"contentUrl\":\"https:\\\/\\\/qtmm.org\\\/wp-content\\\/uploads\\\/2024\\\/12\\\/ua-mejlis-logo-rgb.svg\",\"caption\":\"\u041c\u0435\u0434\u0436\u043b\u0456\u0441\"},\"image\":{\"@id\":\"https:\\\/\\\/qtmm.org\\\/qt\\\/#\\\/schema\\\/logo\\\/image\\\/\"},\"sameAs\":[\"https:\\\/\\\/www.facebook.com\\\/qtmm.info\\\/\"]},{\"@type\":\"Person\",\"@id\":\"https:\\\/\\\/qtmm.org\\\/qt\\\/#\\\/schema\\\/person\\\/de562469f971dec226ac06e60bbf74a7\",\"name\":\"Developer\",\"image\":{\"@type\":\"ImageObject\",\"inLanguage\":\"qt\",\"@id\":\"https:\\\/\\\/secure.gravatar.com\\\/avatar\\\/392b4cc8fbfeb00b39dfeeab4ee6edded39ffd48e25858637e4765810300227e?s=96&d=mm&r=g\",\"url\":\"https:\\\/\\\/secure.gravatar.com\\\/avatar\\\/392b4cc8fbfeb00b39dfeeab4ee6edded39ffd48e25858637e4765810300227e?s=96&d=mm&r=g\",\"contentUrl\":\"https:\\\/\\\/secure.gravatar.com\\\/avatar\\\/392b4cc8fbfeb00b39dfeeab4ee6edded39ffd48e25858637e4765810300227e?s=96&d=mm&r=g\",\"caption\":\"Developer\"},\"url\":\"https:\\\/\\\/qtmm.org\\\/qt\\\/author\\\/Developer\\\/\"}]}<\/script>\n<!-- \/ Yoast SEO plugin. -->","yoast_head_json":{"title":"Q\u0131r\u0131mtatar halq\u0131 Meclisini\u00f1 Litvadaki vek\u00e2letligi Halqara forum\u011fa az\u0131rl\u0131qn\u0131 muzakere ete - \u041c\u0435\u0434\u0436\u043b\u0456\u0441","robots":{"index":"index","follow":"follow","max-snippet":"max-snippet:-1","max-image-preview":"max-image-preview:large","max-video-preview":"max-video-preview:-1"},"canonical":"https:\/\/qtmm.org\/qt\/qirimtatar-halqi-meclisinin-litvadaki-vekaletligi-halqara-forumga-azirliqni-muzakere-ete\/","og_locale":"en_US","og_type":"article","og_title":"Q\u0131r\u0131mtatar halq\u0131 Meclisini\u00f1 Litvadaki vek\u00e2letligi Halqara forum\u011fa az\u0131rl\u0131qn\u0131 muzakere ete - \u041c\u0435\u0434\u0436\u043b\u0456\u0441","og_description":"2011 senesi&nbsp;avgust&nbsp;19 k\u00fcn\u00fc Q\u0131r\u0131mtatar halq\u0131 Meclisini\u00f1 Litvadaki temsilcisi, Litva tatarlar\u0131 cemiyetleri birligini\u00f1 reisi d-r Adas Yakubauskas Litva t\u0131\u015fq\u0131 i\u015fler naziri ve \u00d6BSE reisi Audron\u00fcs Ajubalis ile k\u00f6r\u00fc\u015fti. K\u00f6r\u00fc\u015f\u00fcv devam\u0131nda taraflar Q\u0131r\u0131mtatar halq\u0131 Meclisi taraf\u0131ndan Q\u0131r\u0131mda q\u0131r\u0131mtatar halq\u0131n\u0131\u00f1 \u00f6z Vatan\u0131nda aq-uquqlar\u0131n\u0131 \u011fayr\u0131dan tiklev ve Ukrainada on\u0131\u00f1 tel\u00fckesizligi ve inki\u015faf\u0131n\u0131 temin etecek Halqara forumn\u0131 az\u0131rlav ve ke\u00e7ir\u00fcv [&hellip;]","og_url":"https:\/\/qtmm.org\/qt\/qirimtatar-halqi-meclisinin-litvadaki-vekaletligi-halqara-forumga-azirliqni-muzakere-ete\/","og_site_name":"\u041c\u0435\u0434\u0436\u043b\u0456\u0441","article_publisher":"https:\/\/www.facebook.com\/qtmm.info\/","article_published_time":"2011-08-19T11:29:00+00:00","article_modified_time":"2022-01-19T11:30:07+00:00","author":"Developer","twitter_card":"summary_large_image","twitter_misc":{"Written by":"Developer","Est. reading time":"1 minute"},"schema":{"@context":"https:\/\/schema.org","@graph":[{"@type":"Article","@id":"https:\/\/qtmm.org\/qt\/qirimtatar-halqi-meclisinin-litvadaki-vekaletligi-halqara-forumga-azirliqni-muzakere-ete\/#article","isPartOf":{"@id":"https:\/\/qtmm.org\/qt\/qirimtatar-halqi-meclisinin-litvadaki-vekaletligi-halqara-forumga-azirliqni-muzakere-ete\/"},"author":{"name":"Developer","@id":"https:\/\/qtmm.org\/qt\/#\/schema\/person\/de562469f971dec226ac06e60bbf74a7"},"headline":"Q\u0131r\u0131mtatar halq\u0131 Meclisini\u00f1 Litvadaki vek\u00e2letligi Halqara forum\u011fa az\u0131rl\u0131qn\u0131 muzakere ete","datePublished":"2011-08-19T11:29:00+00:00","dateModified":"2022-01-19T11:30:07+00:00","mainEntityOfPage":{"@id":"https:\/\/qtmm.org\/qt\/qirimtatar-halqi-meclisinin-litvadaki-vekaletligi-halqara-forumga-azirliqni-muzakere-ete\/"},"wordCount":165,"commentCount":0,"publisher":{"@id":"https:\/\/qtmm.org\/qt\/#organization"},"articleSection":["Haberler"],"inLanguage":"qt","potentialAction":[{"@type":"CommentAction","name":"Comment","target":["https:\/\/qtmm.org\/qt\/qirimtatar-halqi-meclisinin-litvadaki-vekaletligi-halqara-forumga-azirliqni-muzakere-ete\/#respond"]}]},{"@type":"WebPage","@id":"https:\/\/qtmm.org\/qt\/qirimtatar-halqi-meclisinin-litvadaki-vekaletligi-halqara-forumga-azirliqni-muzakere-ete\/","url":"https:\/\/qtmm.org\/qt\/qirimtatar-halqi-meclisinin-litvadaki-vekaletligi-halqara-forumga-azirliqni-muzakere-ete\/","name":"Q\u0131r\u0131mtatar halq\u0131 Meclisini\u00f1 Litvadaki vek\u00e2letligi Halqara forum\u011fa az\u0131rl\u0131qn\u0131 muzakere ete - \u041c\u0435\u0434\u0436\u043b\u0456\u0441","isPartOf":{"@id":"https:\/\/qtmm.org\/qt\/#website"},"datePublished":"2011-08-19T11:29:00+00:00","dateModified":"2022-01-19T11:30:07+00:00","breadcrumb":{"@id":"https:\/\/qtmm.org\/qt\/qirimtatar-halqi-meclisinin-litvadaki-vekaletligi-halqara-forumga-azirliqni-muzakere-ete\/#breadcrumb"},"inLanguage":"qt","potentialAction":[{"@type":"ReadAction","target":["https:\/\/qtmm.org\/qt\/qirimtatar-halqi-meclisinin-litvadaki-vekaletligi-halqara-forumga-azirliqni-muzakere-ete\/"]}]},{"@type":"BreadcrumbList","@id":"https:\/\/qtmm.org\/qt\/qirimtatar-halqi-meclisinin-litvadaki-vekaletligi-halqara-forumga-azirliqni-muzakere-ete\/#breadcrumb","itemListElement":[{"@type":"ListItem","position":1,"name":"\u0413\u043e\u043b\u043e\u0432\u043d\u0430","item":"https:\/\/qtmm.org\/qt\/"},{"@type":"ListItem","position":2,"name":"Q\u0131r\u0131mtatar halq\u0131 Meclisini\u00f1 Litvadaki vek\u00e2letligi Halqara forum\u011fa az\u0131rl\u0131qn\u0131 muzakere ete"}]},{"@type":"WebSite","@id":"https:\/\/qtmm.org\/qt\/#website","url":"https:\/\/qtmm.org\/qt\/","name":"\u041c\u0435\u0434\u0436\u043b\u0456\u0441","description":"","publisher":{"@id":"https:\/\/qtmm.org\/qt\/#organization"},"potentialAction":[{"@type":"SearchAction","target":{"@type":"EntryPoint","urlTemplate":"https:\/\/qtmm.org\/qt\/?s={search_term_string}"},"query-input":{"@type":"PropertyValueSpecification","valueRequired":true,"valueName":"search_term_string"}}],"inLanguage":"qt"},{"@type":"Organization","@id":"https:\/\/qtmm.org\/qt\/#organization","name":"\u041c\u0435\u0434\u0436\u043b\u0456\u0441","url":"https:\/\/qtmm.org\/qt\/","logo":{"@type":"ImageObject","inLanguage":"qt","@id":"https:\/\/qtmm.org\/qt\/#\/schema\/logo\/image\/","url":"https:\/\/qtmm.org\/wp-content\/uploads\/2024\/12\/ua-mejlis-logo-rgb.svg","contentUrl":"https:\/\/qtmm.org\/wp-content\/uploads\/2024\/12\/ua-mejlis-logo-rgb.svg","caption":"\u041c\u0435\u0434\u0436\u043b\u0456\u0441"},"image":{"@id":"https:\/\/qtmm.org\/qt\/#\/schema\/logo\/image\/"},"sameAs":["https:\/\/www.facebook.com\/qtmm.info\/"]},{"@type":"Person","@id":"https:\/\/qtmm.org\/qt\/#\/schema\/person\/de562469f971dec226ac06e60bbf74a7","name":"Developer","image":{"@type":"ImageObject","inLanguage":"qt","@id":"https:\/\/secure.gravatar.com\/avatar\/392b4cc8fbfeb00b39dfeeab4ee6edded39ffd48e25858637e4765810300227e?s=96&d=mm&r=g","url":"https:\/\/secure.gravatar.com\/avatar\/392b4cc8fbfeb00b39dfeeab4ee6edded39ffd48e25858637e4765810300227e?s=96&d=mm&r=g","contentUrl":"https:\/\/secure.gravatar.com\/avatar\/392b4cc8fbfeb00b39dfeeab4ee6edded39ffd48e25858637e4765810300227e?s=96&d=mm&r=g","caption":"Developer"},"url":"https:\/\/qtmm.org\/qt\/author\/Developer\/"}]}},"_links":{"self":[{"href":"https:\/\/qtmm.org\/qt\/wp-json\/wp\/v2\/posts\/25652","targetHints":{"allow":["GET"]}}],"collection":[{"href":"https:\/\/qtmm.org\/qt\/wp-json\/wp\/v2\/posts"}],"about":[{"href":"https:\/\/qtmm.org\/qt\/wp-json\/wp\/v2\/types\/post"}],"author":[{"embeddable":true,"href":"https:\/\/qtmm.org\/qt\/wp-json\/wp\/v2\/users\/1"}],"replies":[{"embeddable":true,"href":"https:\/\/qtmm.org\/qt\/wp-json\/wp\/v2\/comments?post=25652"}],"version-history":[{"count":1,"href":"https:\/\/qtmm.org\/qt\/wp-json\/wp\/v2\/posts\/25652\/revisions"}],"predecessor-version":[{"id":25653,"href":"https:\/\/qtmm.org\/qt\/wp-json\/wp\/v2\/posts\/25652\/revisions\/25653"}],"wp:attachment":[{"href":"https:\/\/qtmm.org\/qt\/wp-json\/wp\/v2\/media?parent=25652"}],"wp:term":[{"taxonomy":"category","embeddable":true,"href":"https:\/\/qtmm.org\/qt\/wp-json\/wp\/v2\/categories?post=25652"},{"taxonomy":"post_tag","embeddable":true,"href":"https:\/\/qtmm.org\/qt\/wp-json\/wp\/v2\/tags?post=25652"}],"curies":[{"name":"wp","href":"https:\/\/api.w.org\/{rel}","templated":true}]}}