




{"id":25650,"date":"2011-08-17T14:29:00","date_gmt":"2011-08-17T11:29:00","guid":{"rendered":"http:\/\/qtmm.org\/?p=25650"},"modified":"2022-01-19T14:29:32","modified_gmt":"2022-01-19T11:29:32","slug":"qirimtatar-halqi-meclisi-reisi-m-cemilevnin-fikrince-vasiliy-cartinin-qirim-nazirler-surasina-reisligi-devri-belli-iz-qaldirdi","status":"publish","type":"post","link":"https:\/\/qtmm.org\/qt\/qirimtatar-halqi-meclisi-reisi-m-cemilevnin-fikrince-vasiliy-cartinin-qirim-nazirler-surasina-reisligi-devri-belli-iz-qaldirdi\/","title":{"rendered":"Q\u0131r\u0131mtatar halq\u0131 Meclisi reisi M. Cemilevni\u00f1 fikrince Vasiliy Cart\u0131n\u0131\u00f1 Q\u0131r\u0131m Nazirler \u015euras\u0131na reisligi devri belli iz qald\u0131rd\u0131"},"content":{"rendered":"\n<p>Q\u0131r\u0131mtatar halq\u0131 Meclisi reisi M. Cemilevni\u00f1 fikrince Vasiliy Cart\u0131n\u0131\u00f1 Q\u0131r\u0131m Nazirler \u015euras\u0131na reisligi devri belli iz qald\u0131rd\u0131. &#8220;O, iradeli insan ve k\u00fc\u00e7l\u00fc \u015fah\u0131s edi. On\u0131\u00f1 bir \u00e7oq qararlar\u0131nen raz\u0131 olmasalar da, o, \u00f6z printsiplerine esaslan\u0131p i\u015f k\u00f6rdi. Onda \u00f6yle biz \u00e7izgiler mevcut edi ki, angileri bug\u00fcnki Ukraina liderlerine yeti\u015fmey. Bu \u2013 ces\u00fcrlik, erlik, printsipialliktir. E\u00f1 m\u00fcrekkep problemlerni\u00f1 \u00e7eziminde bile o ba\u015fta episi millet ve din vekillerini\u00f1 menfaat\u0131n\u0131 t\u00fc\u015f\u00fcndi. Mesel\u00e2, Cuma cami i\u00e7\u00fcn yer ay\u0131ruv boyunca qarar\u0131 bun\u0131 a\u00e7\u0131q k\u00f6sterdi, &#8211; dep cevap berdi M.Cemilev jurnalistlerni\u00f1 sualine Nazirler \u015euras\u0131nda Q\u0131r\u0131m \u00fck\u00fcmeti ba\u015f\u0131n\u0131\u00f1 vefat\u0131 munasebetinen taziye bildirmek maqsad\u0131nen bulun\u011fan vaqt\u0131nda. \u2013 Q\u0131r\u0131mda milletlerara davalarn\u0131 qoz\u011fa\u011fan \u015fovinistik matbuat ve \u00e7e\u015fit t\u00fcrl\u00fc olmaycaq kimselerni\u00f1 af\u0131racaqlar\u0131n\u0131 bile-bile Cart\u0131 b\u00fcy\u00fck cami boyunca kesen-kes qarar ald\u0131&#8221;.<\/p>\n\n\n\n<p>Meclis reisi \u015fun\u0131 da qayd etti ki, biz raz\u0131 olma\u011fan qararlar da bar edi, amma Cart\u0131 i\u015fni \u00f6yle bir konstruktiv \u015fekilde ba\u015flad\u0131 ki, mesel\u00e2 topraq problemleri boyunca, \u00f6g\u00fc qapal\u0131 yoldan \u00e7\u0131q\u0131\u015f k\u00f6r\u00fcnmekte. &#8220;Vaziyet kelecekte nas\u0131l olaca\u011f\u0131n\u0131, men \u015fimdilik tasavur etip olamay\u0131m&#8221;, &#8211; dep qo\u015ft\u0131 M.Cemilev.<br><br>Q\u0131r\u0131m \u00fck\u00fcmetini\u00f1 ba\u015f\u0131 vazifesine tayinlevler husus\u0131ndaki sualge M. Cemilev dedi ki, eger Kiyev m\u0131nda (Q\u0131r\u0131mda) &#8220;makeyev desant\u0131n\u0131&#8221; qald\u0131rma\u011fa istese, demek o komandadan birisi ve \u011faliba bu Pavel Burlakov ola bilir. &#8220;Amma, eger de Q\u0131r\u0131mn\u0131\u00f1 t\u0131\u015f\u0131ndan m\u00fctehass\u0131slarn\u0131 ketirmege acet yoq, dep t\u00fc\u015f\u00fcnilse, m\u0131nda Q\u0131r\u0131m \u00fck\u00fcmetine yolba\u015f\u00e7\u0131l\u0131q yapa bilecek m\u00fctehass\u0131slar az degil&#8221;, &#8211; dedi M. Cemilev.<br><br>M.Cemilevni\u00f1 fikrince k\u00fctleviy matbuat vastalar\u0131nda adlar\u0131 ya\u00f1\u011f\u0131ra\u011fan adamlar, mesel\u00e2 Anatoliy Pris\u00e2jn\u00fck Kiyev vil\u00e2yetini Q\u0131r\u0131m\u011fa de\u00f1i\u015ftirmege istemez, amma Yanukovi\u00e7 aytsa\u2026 &#8220;A. Mogil\u00f6vn\u0131 m\u0131nda yollamaq qarar\u0131 aq\u0131ls\u0131z bir qarar olur, &#8211; dep saya M. Cemilev. &#8211; Bu endi provokatsiya\u011fa be\u00f1zer. Q\u0131r\u0131mda bu qadar menfiy i\u015flerni yapqan, degil tek q\u0131r\u0131mtatar halq\u0131, b\u00fct\u00fcn s\u00fcrg\u00fcn etilgen halqlar aqq\u0131nda da pis s\u00f6zlerni aytqan insann\u0131 (Mogil\u00f6vn\u0131) \u00fck\u00fcmet ba\u015f\u0131 etip tayinlemek aq\u0131ls\u0131zl\u0131q olur&#8221;.<\/p>\n","protected":false},"excerpt":{"rendered":"<p>Q\u0131r\u0131mtatar halq\u0131 Meclisi reisi M. Cemilevni\u00f1 fikrince Vasiliy Cart\u0131n\u0131\u00f1 Q\u0131r\u0131m Nazirler \u015euras\u0131na reisligi devri belli iz qald\u0131rd\u0131. &#8220;O, iradeli insan ve k\u00fc\u00e7l\u00fc \u015fah\u0131s edi. On\u0131\u00f1 bir \u00e7oq qararlar\u0131nen raz\u0131 olmasalar da, o, \u00f6z printsiplerine esaslan\u0131p i\u015f k\u00f6rdi. Onda \u00f6yle biz \u00e7izgiler mevcut edi ki, angileri bug\u00fcnki Ukraina liderlerine yeti\u015fmey. Bu \u2013 ces\u00fcrlik, erlik, printsipialliktir. E\u00f1 [&hellip;]<\/p>\n","protected":false},"author":1,"featured_media":0,"comment_status":"open","ping_status":"open","sticky":false,"template":"","format":"standard","meta":{"inline_featured_image":false,"footnotes":""},"categories":[265],"tags":[],"class_list":["post-25650","post","type-post","status-publish","format-standard","hentry","category-haberler"],"acf":[],"yoast_head":"<!-- This site is optimized with the Yoast SEO plugin v27.4 - https:\/\/yoast.com\/product\/yoast-seo-wordpress\/ -->\n<title>Q\u0131r\u0131mtatar halq\u0131 Meclisi reisi M. Cemilevni\u00f1 fikrince Vasiliy Cart\u0131n\u0131\u00f1 Q\u0131r\u0131m Nazirler \u015euras\u0131na reisligi devri belli iz qald\u0131rd\u0131 - \u041c\u0435\u0434\u0436\u043b\u0456\u0441<\/title>\n<meta name=\"robots\" content=\"index, follow, max-snippet:-1, max-image-preview:large, max-video-preview:-1\" \/>\n<link rel=\"canonical\" href=\"https:\/\/qtmm.org\/qt\/qirimtatar-halqi-meclisi-reisi-m-cemilevnin-fikrince-vasiliy-cartinin-qirim-nazirler-surasina-reisligi-devri-belli-iz-qaldirdi\/\" \/>\n<meta property=\"og:locale\" content=\"en_US\" \/>\n<meta property=\"og:type\" content=\"article\" \/>\n<meta property=\"og:title\" content=\"Q\u0131r\u0131mtatar halq\u0131 Meclisi reisi M. Cemilevni\u00f1 fikrince Vasiliy Cart\u0131n\u0131\u00f1 Q\u0131r\u0131m Nazirler \u015euras\u0131na reisligi devri belli iz qald\u0131rd\u0131 - \u041c\u0435\u0434\u0436\u043b\u0456\u0441\" \/>\n<meta property=\"og:description\" content=\"Q\u0131r\u0131mtatar halq\u0131 Meclisi reisi M. Cemilevni\u00f1 fikrince Vasiliy Cart\u0131n\u0131\u00f1 Q\u0131r\u0131m Nazirler \u015euras\u0131na reisligi devri belli iz qald\u0131rd\u0131. &#8220;O, iradeli insan ve k\u00fc\u00e7l\u00fc \u015fah\u0131s edi. On\u0131\u00f1 bir \u00e7oq qararlar\u0131nen raz\u0131 olmasalar da, o, \u00f6z printsiplerine esaslan\u0131p i\u015f k\u00f6rdi. Onda \u00f6yle biz \u00e7izgiler mevcut edi ki, angileri bug\u00fcnki Ukraina liderlerine yeti\u015fmey. Bu \u2013 ces\u00fcrlik, erlik, printsipialliktir. E\u00f1 [&hellip;]\" \/>\n<meta property=\"og:url\" content=\"https:\/\/qtmm.org\/qt\/qirimtatar-halqi-meclisi-reisi-m-cemilevnin-fikrince-vasiliy-cartinin-qirim-nazirler-surasina-reisligi-devri-belli-iz-qaldirdi\/\" \/>\n<meta property=\"og:site_name\" content=\"\u041c\u0435\u0434\u0436\u043b\u0456\u0441\" \/>\n<meta property=\"article:publisher\" content=\"https:\/\/www.facebook.com\/qtmm.info\/\" \/>\n<meta property=\"article:published_time\" content=\"2011-08-17T11:29:00+00:00\" \/>\n<meta property=\"article:modified_time\" content=\"2022-01-19T11:29:32+00:00\" \/>\n<meta name=\"author\" content=\"Developer\" \/>\n<meta name=\"twitter:card\" content=\"summary_large_image\" \/>\n<meta name=\"twitter:label1\" content=\"Written by\" \/>\n\t<meta name=\"twitter:data1\" content=\"Developer\" \/>\n\t<meta name=\"twitter:label2\" content=\"Est. reading time\" \/>\n\t<meta name=\"twitter:data2\" content=\"2 minutes\" \/>\n<script type=\"application\/ld+json\" class=\"yoast-schema-graph\">{\"@context\":\"https:\\\/\\\/schema.org\",\"@graph\":[{\"@type\":\"Article\",\"@id\":\"https:\\\/\\\/qtmm.org\\\/qt\\\/qirimtatar-halqi-meclisi-reisi-m-cemilevnin-fikrince-vasiliy-cartinin-qirim-nazirler-surasina-reisligi-devri-belli-iz-qaldirdi\\\/#article\",\"isPartOf\":{\"@id\":\"https:\\\/\\\/qtmm.org\\\/qt\\\/qirimtatar-halqi-meclisi-reisi-m-cemilevnin-fikrince-vasiliy-cartinin-qirim-nazirler-surasina-reisligi-devri-belli-iz-qaldirdi\\\/\"},\"author\":{\"name\":\"Developer\",\"@id\":\"https:\\\/\\\/qtmm.org\\\/qt\\\/#\\\/schema\\\/person\\\/de562469f971dec226ac06e60bbf74a7\"},\"headline\":\"Q\u0131r\u0131mtatar halq\u0131 Meclisi reisi M. Cemilevni\u00f1 fikrince Vasiliy Cart\u0131n\u0131\u00f1 Q\u0131r\u0131m Nazirler \u015euras\u0131na reisligi devri belli iz qald\u0131rd\u0131\",\"datePublished\":\"2011-08-17T11:29:00+00:00\",\"dateModified\":\"2022-01-19T11:29:32+00:00\",\"mainEntityOfPage\":{\"@id\":\"https:\\\/\\\/qtmm.org\\\/qt\\\/qirimtatar-halqi-meclisi-reisi-m-cemilevnin-fikrince-vasiliy-cartinin-qirim-nazirler-surasina-reisligi-devri-belli-iz-qaldirdi\\\/\"},\"wordCount\":416,\"commentCount\":0,\"publisher\":{\"@id\":\"https:\\\/\\\/qtmm.org\\\/qt\\\/#organization\"},\"articleSection\":[\"Haberler\"],\"inLanguage\":\"qt\",\"potentialAction\":[{\"@type\":\"CommentAction\",\"name\":\"Comment\",\"target\":[\"https:\\\/\\\/qtmm.org\\\/qt\\\/qirimtatar-halqi-meclisi-reisi-m-cemilevnin-fikrince-vasiliy-cartinin-qirim-nazirler-surasina-reisligi-devri-belli-iz-qaldirdi\\\/#respond\"]}]},{\"@type\":\"WebPage\",\"@id\":\"https:\\\/\\\/qtmm.org\\\/qt\\\/qirimtatar-halqi-meclisi-reisi-m-cemilevnin-fikrince-vasiliy-cartinin-qirim-nazirler-surasina-reisligi-devri-belli-iz-qaldirdi\\\/\",\"url\":\"https:\\\/\\\/qtmm.org\\\/qt\\\/qirimtatar-halqi-meclisi-reisi-m-cemilevnin-fikrince-vasiliy-cartinin-qirim-nazirler-surasina-reisligi-devri-belli-iz-qaldirdi\\\/\",\"name\":\"Q\u0131r\u0131mtatar halq\u0131 Meclisi reisi M. Cemilevni\u00f1 fikrince Vasiliy Cart\u0131n\u0131\u00f1 Q\u0131r\u0131m Nazirler \u015euras\u0131na reisligi devri belli iz qald\u0131rd\u0131 - \u041c\u0435\u0434\u0436\u043b\u0456\u0441\",\"isPartOf\":{\"@id\":\"https:\\\/\\\/qtmm.org\\\/qt\\\/#website\"},\"datePublished\":\"2011-08-17T11:29:00+00:00\",\"dateModified\":\"2022-01-19T11:29:32+00:00\",\"breadcrumb\":{\"@id\":\"https:\\\/\\\/qtmm.org\\\/qt\\\/qirimtatar-halqi-meclisi-reisi-m-cemilevnin-fikrince-vasiliy-cartinin-qirim-nazirler-surasina-reisligi-devri-belli-iz-qaldirdi\\\/#breadcrumb\"},\"inLanguage\":\"qt\",\"potentialAction\":[{\"@type\":\"ReadAction\",\"target\":[\"https:\\\/\\\/qtmm.org\\\/qt\\\/qirimtatar-halqi-meclisi-reisi-m-cemilevnin-fikrince-vasiliy-cartinin-qirim-nazirler-surasina-reisligi-devri-belli-iz-qaldirdi\\\/\"]}]},{\"@type\":\"BreadcrumbList\",\"@id\":\"https:\\\/\\\/qtmm.org\\\/qt\\\/qirimtatar-halqi-meclisi-reisi-m-cemilevnin-fikrince-vasiliy-cartinin-qirim-nazirler-surasina-reisligi-devri-belli-iz-qaldirdi\\\/#breadcrumb\",\"itemListElement\":[{\"@type\":\"ListItem\",\"position\":1,\"name\":\"\u0413\u043e\u043b\u043e\u0432\u043d\u0430\",\"item\":\"https:\\\/\\\/qtmm.org\\\/qt\\\/\"},{\"@type\":\"ListItem\",\"position\":2,\"name\":\"Q\u0131r\u0131mtatar halq\u0131 Meclisi reisi M. Cemilevni\u00f1 fikrince Vasiliy Cart\u0131n\u0131\u00f1 Q\u0131r\u0131m Nazirler \u015euras\u0131na reisligi devri belli iz qald\u0131rd\u0131\"}]},{\"@type\":\"WebSite\",\"@id\":\"https:\\\/\\\/qtmm.org\\\/qt\\\/#website\",\"url\":\"https:\\\/\\\/qtmm.org\\\/qt\\\/\",\"name\":\"\u041c\u0435\u0434\u0436\u043b\u0456\u0441\",\"description\":\"\",\"publisher\":{\"@id\":\"https:\\\/\\\/qtmm.org\\\/qt\\\/#organization\"},\"potentialAction\":[{\"@type\":\"SearchAction\",\"target\":{\"@type\":\"EntryPoint\",\"urlTemplate\":\"https:\\\/\\\/qtmm.org\\\/qt\\\/?s={search_term_string}\"},\"query-input\":{\"@type\":\"PropertyValueSpecification\",\"valueRequired\":true,\"valueName\":\"search_term_string\"}}],\"inLanguage\":\"qt\"},{\"@type\":\"Organization\",\"@id\":\"https:\\\/\\\/qtmm.org\\\/qt\\\/#organization\",\"name\":\"\u041c\u0435\u0434\u0436\u043b\u0456\u0441\",\"url\":\"https:\\\/\\\/qtmm.org\\\/qt\\\/\",\"logo\":{\"@type\":\"ImageObject\",\"inLanguage\":\"qt\",\"@id\":\"https:\\\/\\\/qtmm.org\\\/qt\\\/#\\\/schema\\\/logo\\\/image\\\/\",\"url\":\"https:\\\/\\\/qtmm.org\\\/wp-content\\\/uploads\\\/2024\\\/12\\\/ua-mejlis-logo-rgb.svg\",\"contentUrl\":\"https:\\\/\\\/qtmm.org\\\/wp-content\\\/uploads\\\/2024\\\/12\\\/ua-mejlis-logo-rgb.svg\",\"caption\":\"\u041c\u0435\u0434\u0436\u043b\u0456\u0441\"},\"image\":{\"@id\":\"https:\\\/\\\/qtmm.org\\\/qt\\\/#\\\/schema\\\/logo\\\/image\\\/\"},\"sameAs\":[\"https:\\\/\\\/www.facebook.com\\\/qtmm.info\\\/\"]},{\"@type\":\"Person\",\"@id\":\"https:\\\/\\\/qtmm.org\\\/qt\\\/#\\\/schema\\\/person\\\/de562469f971dec226ac06e60bbf74a7\",\"name\":\"Developer\",\"image\":{\"@type\":\"ImageObject\",\"inLanguage\":\"qt\",\"@id\":\"https:\\\/\\\/secure.gravatar.com\\\/avatar\\\/392b4cc8fbfeb00b39dfeeab4ee6edded39ffd48e25858637e4765810300227e?s=96&d=mm&r=g\",\"url\":\"https:\\\/\\\/secure.gravatar.com\\\/avatar\\\/392b4cc8fbfeb00b39dfeeab4ee6edded39ffd48e25858637e4765810300227e?s=96&d=mm&r=g\",\"contentUrl\":\"https:\\\/\\\/secure.gravatar.com\\\/avatar\\\/392b4cc8fbfeb00b39dfeeab4ee6edded39ffd48e25858637e4765810300227e?s=96&d=mm&r=g\",\"caption\":\"Developer\"},\"url\":\"https:\\\/\\\/qtmm.org\\\/qt\\\/author\\\/Developer\\\/\"}]}<\/script>\n<!-- \/ Yoast SEO plugin. -->","yoast_head_json":{"title":"Q\u0131r\u0131mtatar halq\u0131 Meclisi reisi M. Cemilevni\u00f1 fikrince Vasiliy Cart\u0131n\u0131\u00f1 Q\u0131r\u0131m Nazirler \u015euras\u0131na reisligi devri belli iz qald\u0131rd\u0131 - \u041c\u0435\u0434\u0436\u043b\u0456\u0441","robots":{"index":"index","follow":"follow","max-snippet":"max-snippet:-1","max-image-preview":"max-image-preview:large","max-video-preview":"max-video-preview:-1"},"canonical":"https:\/\/qtmm.org\/qt\/qirimtatar-halqi-meclisi-reisi-m-cemilevnin-fikrince-vasiliy-cartinin-qirim-nazirler-surasina-reisligi-devri-belli-iz-qaldirdi\/","og_locale":"en_US","og_type":"article","og_title":"Q\u0131r\u0131mtatar halq\u0131 Meclisi reisi M. Cemilevni\u00f1 fikrince Vasiliy Cart\u0131n\u0131\u00f1 Q\u0131r\u0131m Nazirler \u015euras\u0131na reisligi devri belli iz qald\u0131rd\u0131 - \u041c\u0435\u0434\u0436\u043b\u0456\u0441","og_description":"Q\u0131r\u0131mtatar halq\u0131 Meclisi reisi M. Cemilevni\u00f1 fikrince Vasiliy Cart\u0131n\u0131\u00f1 Q\u0131r\u0131m Nazirler \u015euras\u0131na reisligi devri belli iz qald\u0131rd\u0131. &#8220;O, iradeli insan ve k\u00fc\u00e7l\u00fc \u015fah\u0131s edi. On\u0131\u00f1 bir \u00e7oq qararlar\u0131nen raz\u0131 olmasalar da, o, \u00f6z printsiplerine esaslan\u0131p i\u015f k\u00f6rdi. Onda \u00f6yle biz \u00e7izgiler mevcut edi ki, angileri bug\u00fcnki Ukraina liderlerine yeti\u015fmey. Bu \u2013 ces\u00fcrlik, erlik, printsipialliktir. E\u00f1 [&hellip;]","og_url":"https:\/\/qtmm.org\/qt\/qirimtatar-halqi-meclisi-reisi-m-cemilevnin-fikrince-vasiliy-cartinin-qirim-nazirler-surasina-reisligi-devri-belli-iz-qaldirdi\/","og_site_name":"\u041c\u0435\u0434\u0436\u043b\u0456\u0441","article_publisher":"https:\/\/www.facebook.com\/qtmm.info\/","article_published_time":"2011-08-17T11:29:00+00:00","article_modified_time":"2022-01-19T11:29:32+00:00","author":"Developer","twitter_card":"summary_large_image","twitter_misc":{"Written by":"Developer","Est. reading time":"2 minutes"},"schema":{"@context":"https:\/\/schema.org","@graph":[{"@type":"Article","@id":"https:\/\/qtmm.org\/qt\/qirimtatar-halqi-meclisi-reisi-m-cemilevnin-fikrince-vasiliy-cartinin-qirim-nazirler-surasina-reisligi-devri-belli-iz-qaldirdi\/#article","isPartOf":{"@id":"https:\/\/qtmm.org\/qt\/qirimtatar-halqi-meclisi-reisi-m-cemilevnin-fikrince-vasiliy-cartinin-qirim-nazirler-surasina-reisligi-devri-belli-iz-qaldirdi\/"},"author":{"name":"Developer","@id":"https:\/\/qtmm.org\/qt\/#\/schema\/person\/de562469f971dec226ac06e60bbf74a7"},"headline":"Q\u0131r\u0131mtatar halq\u0131 Meclisi reisi M. Cemilevni\u00f1 fikrince Vasiliy Cart\u0131n\u0131\u00f1 Q\u0131r\u0131m Nazirler \u015euras\u0131na reisligi devri belli iz qald\u0131rd\u0131","datePublished":"2011-08-17T11:29:00+00:00","dateModified":"2022-01-19T11:29:32+00:00","mainEntityOfPage":{"@id":"https:\/\/qtmm.org\/qt\/qirimtatar-halqi-meclisi-reisi-m-cemilevnin-fikrince-vasiliy-cartinin-qirim-nazirler-surasina-reisligi-devri-belli-iz-qaldirdi\/"},"wordCount":416,"commentCount":0,"publisher":{"@id":"https:\/\/qtmm.org\/qt\/#organization"},"articleSection":["Haberler"],"inLanguage":"qt","potentialAction":[{"@type":"CommentAction","name":"Comment","target":["https:\/\/qtmm.org\/qt\/qirimtatar-halqi-meclisi-reisi-m-cemilevnin-fikrince-vasiliy-cartinin-qirim-nazirler-surasina-reisligi-devri-belli-iz-qaldirdi\/#respond"]}]},{"@type":"WebPage","@id":"https:\/\/qtmm.org\/qt\/qirimtatar-halqi-meclisi-reisi-m-cemilevnin-fikrince-vasiliy-cartinin-qirim-nazirler-surasina-reisligi-devri-belli-iz-qaldirdi\/","url":"https:\/\/qtmm.org\/qt\/qirimtatar-halqi-meclisi-reisi-m-cemilevnin-fikrince-vasiliy-cartinin-qirim-nazirler-surasina-reisligi-devri-belli-iz-qaldirdi\/","name":"Q\u0131r\u0131mtatar halq\u0131 Meclisi reisi M. Cemilevni\u00f1 fikrince Vasiliy Cart\u0131n\u0131\u00f1 Q\u0131r\u0131m Nazirler \u015euras\u0131na reisligi devri belli iz qald\u0131rd\u0131 - \u041c\u0435\u0434\u0436\u043b\u0456\u0441","isPartOf":{"@id":"https:\/\/qtmm.org\/qt\/#website"},"datePublished":"2011-08-17T11:29:00+00:00","dateModified":"2022-01-19T11:29:32+00:00","breadcrumb":{"@id":"https:\/\/qtmm.org\/qt\/qirimtatar-halqi-meclisi-reisi-m-cemilevnin-fikrince-vasiliy-cartinin-qirim-nazirler-surasina-reisligi-devri-belli-iz-qaldirdi\/#breadcrumb"},"inLanguage":"qt","potentialAction":[{"@type":"ReadAction","target":["https:\/\/qtmm.org\/qt\/qirimtatar-halqi-meclisi-reisi-m-cemilevnin-fikrince-vasiliy-cartinin-qirim-nazirler-surasina-reisligi-devri-belli-iz-qaldirdi\/"]}]},{"@type":"BreadcrumbList","@id":"https:\/\/qtmm.org\/qt\/qirimtatar-halqi-meclisi-reisi-m-cemilevnin-fikrince-vasiliy-cartinin-qirim-nazirler-surasina-reisligi-devri-belli-iz-qaldirdi\/#breadcrumb","itemListElement":[{"@type":"ListItem","position":1,"name":"\u0413\u043e\u043b\u043e\u0432\u043d\u0430","item":"https:\/\/qtmm.org\/qt\/"},{"@type":"ListItem","position":2,"name":"Q\u0131r\u0131mtatar halq\u0131 Meclisi reisi M. Cemilevni\u00f1 fikrince Vasiliy Cart\u0131n\u0131\u00f1 Q\u0131r\u0131m Nazirler \u015euras\u0131na reisligi devri belli iz qald\u0131rd\u0131"}]},{"@type":"WebSite","@id":"https:\/\/qtmm.org\/qt\/#website","url":"https:\/\/qtmm.org\/qt\/","name":"\u041c\u0435\u0434\u0436\u043b\u0456\u0441","description":"","publisher":{"@id":"https:\/\/qtmm.org\/qt\/#organization"},"potentialAction":[{"@type":"SearchAction","target":{"@type":"EntryPoint","urlTemplate":"https:\/\/qtmm.org\/qt\/?s={search_term_string}"},"query-input":{"@type":"PropertyValueSpecification","valueRequired":true,"valueName":"search_term_string"}}],"inLanguage":"qt"},{"@type":"Organization","@id":"https:\/\/qtmm.org\/qt\/#organization","name":"\u041c\u0435\u0434\u0436\u043b\u0456\u0441","url":"https:\/\/qtmm.org\/qt\/","logo":{"@type":"ImageObject","inLanguage":"qt","@id":"https:\/\/qtmm.org\/qt\/#\/schema\/logo\/image\/","url":"https:\/\/qtmm.org\/wp-content\/uploads\/2024\/12\/ua-mejlis-logo-rgb.svg","contentUrl":"https:\/\/qtmm.org\/wp-content\/uploads\/2024\/12\/ua-mejlis-logo-rgb.svg","caption":"\u041c\u0435\u0434\u0436\u043b\u0456\u0441"},"image":{"@id":"https:\/\/qtmm.org\/qt\/#\/schema\/logo\/image\/"},"sameAs":["https:\/\/www.facebook.com\/qtmm.info\/"]},{"@type":"Person","@id":"https:\/\/qtmm.org\/qt\/#\/schema\/person\/de562469f971dec226ac06e60bbf74a7","name":"Developer","image":{"@type":"ImageObject","inLanguage":"qt","@id":"https:\/\/secure.gravatar.com\/avatar\/392b4cc8fbfeb00b39dfeeab4ee6edded39ffd48e25858637e4765810300227e?s=96&d=mm&r=g","url":"https:\/\/secure.gravatar.com\/avatar\/392b4cc8fbfeb00b39dfeeab4ee6edded39ffd48e25858637e4765810300227e?s=96&d=mm&r=g","contentUrl":"https:\/\/secure.gravatar.com\/avatar\/392b4cc8fbfeb00b39dfeeab4ee6edded39ffd48e25858637e4765810300227e?s=96&d=mm&r=g","caption":"Developer"},"url":"https:\/\/qtmm.org\/qt\/author\/Developer\/"}]}},"_links":{"self":[{"href":"https:\/\/qtmm.org\/qt\/wp-json\/wp\/v2\/posts\/25650","targetHints":{"allow":["GET"]}}],"collection":[{"href":"https:\/\/qtmm.org\/qt\/wp-json\/wp\/v2\/posts"}],"about":[{"href":"https:\/\/qtmm.org\/qt\/wp-json\/wp\/v2\/types\/post"}],"author":[{"embeddable":true,"href":"https:\/\/qtmm.org\/qt\/wp-json\/wp\/v2\/users\/1"}],"replies":[{"embeddable":true,"href":"https:\/\/qtmm.org\/qt\/wp-json\/wp\/v2\/comments?post=25650"}],"version-history":[{"count":1,"href":"https:\/\/qtmm.org\/qt\/wp-json\/wp\/v2\/posts\/25650\/revisions"}],"predecessor-version":[{"id":25651,"href":"https:\/\/qtmm.org\/qt\/wp-json\/wp\/v2\/posts\/25650\/revisions\/25651"}],"wp:attachment":[{"href":"https:\/\/qtmm.org\/qt\/wp-json\/wp\/v2\/media?parent=25650"}],"wp:term":[{"taxonomy":"category","embeddable":true,"href":"https:\/\/qtmm.org\/qt\/wp-json\/wp\/v2\/categories?post=25650"},{"taxonomy":"post_tag","embeddable":true,"href":"https:\/\/qtmm.org\/qt\/wp-json\/wp\/v2\/tags?post=25650"}],"curies":[{"name":"wp","href":"https:\/\/api.w.org\/{rel}","templated":true}]}}