




{"id":25610,"date":"2011-08-17T14:26:00","date_gmt":"2011-08-17T11:26:00","guid":{"rendered":"http:\/\/qtmm.org\/?p=25610"},"modified":"2022-01-19T14:27:56","modified_gmt":"2022-01-19T11:27:56","slug":"mustafa-cemilev-vasiliy-carti-vefati-munasebetinen-taziye-bildirdi","status":"publish","type":"post","link":"https:\/\/qtmm.org\/qt\/mustafa-cemilev-vasiliy-carti-vefati-munasebetinen-taziye-bildirdi\/","title":{"rendered":"Mustafa Cemilev Vasiliy Cart\u0131 vefat\u0131 munasebetinen taziye bildirdi"},"content":{"rendered":"\n<p>2011 senesi avgust 17 k\u00fcn\u00fc&nbsp; Q\u0131r\u0131mtatar halq\u0131 Meclisini\u00f1 reisi, Ukraina halq deputat\u0131 Mustafa Cemilev Q\u0131r\u0131m Muhtar Cumhuriyeti Nazirler \u015euras\u0131n\u0131\u00f1 reisi Vasiliy Cart\u0131n\u0131\u00f1 vaq\u0131ts\u0131z vefat etkeni&nbsp; munasebetinen taziye bildirdi<\/p>\n\n\n\n<p>Meclis yolba\u015f\u00e7\u0131s\u0131 Mustafa Cemilev, on\u0131\u00f1 birinci muavini, B\u00fct\u00fcnd\u00fcnya q\u0131r\u0131mtatar kongressini\u00f1 prezidenti Refat \u00c7ubarov, Meclisni\u00f1 t\u0131\u015fq\u0131 al\u00e2qalar b\u00f6l\u00fcgini\u00f1 ba\u015f\u0131 Ali Hamzin, Meclisni\u00f1 Topraq komissiyas\u0131n\u0131\u00f1 ba\u015f\u0131 Zevcet Qurt\u00fcmerov, Meclis K\u00e2tibiyetini\u00f1 ba\u015f\u0131 Zair Smedl\u00e2yev, Meclisni\u00f1 informatsion siyaset ve cemaat te\u015fkil\u00e2tlar\u0131nen al\u00e2qalar b\u00f6l\u00fcgini\u00f1 ba\u015f\u0131 \u015eevket Kaybullayev, &#8220;Q\u0131r\u0131m&#8221; hayriye fondun\u0131\u00f1 reisi Riza \u015eevqiyev avgust 17 k\u00fcn\u00fc Q\u0131r\u0131m Nazirler \u015euras\u0131n\u0131 ziyaret etip, Q\u0131r\u0131mtatar halq\u0131 Meclisini\u00f1 ad\u0131ndan taziye yaz\u0131p qald\u0131rd\u0131lar.&nbsp;<\/p>\n\n\n\n<p>Q\u0131r\u0131mtatar halq\u0131 Meclisini\u00f1 reisi Mustafa Cemilev Nazirler \u015furas\u0131n\u0131\u00f1 &#8220;Taziyeler kitab\u0131&#8221;nda Vasiliy Cart\u0131n\u0131\u00f1 yaq\u0131nlar\u0131 ve aqrabalar\u0131na \u015fu s\u00f6zlerni yazd\u0131:&nbsp;<\/p>\n\n\n\n<p>&#8220;Q\u0131r\u0131mtatar halq\u0131 Meclisinde Q\u0131r\u0131m Muhtar Cumhuriyeti Nazirler \u015euras\u0131n\u0131\u00f1 reisi Vasiliy Cart\u0131n\u0131\u00f1 vaq\u0131ts\u0131z vefat etkeni aqq\u0131ndaki kederli haberni b\u00fcy\u00fck qay\u011f\u0131 ile qabul ettiler.<\/p>\n\n\n\n<p>Er angi vaziyette \u00f6z fikirini a\u00e7\u0131q bildirgen Vasiliy Cart\u0131 em insan, em yolba\u015f\u00e7\u0131 olaraq m\u00fcrekkep problemlerni al et\u00fcvde Q\u0131r\u0131mda ya\u015fa\u011fan b\u00fct\u00fcn insanlarn\u0131\u00f1 menfaatlar\u0131na uy\u011fun yollarn\u0131, er tarafqa keli\u015fken bir usuln\u0131 tapma\u011fa bile edi.&nbsp; Bun\u0131\u00f1 kibi de Vasiliy Cart\u0131 kendini adaletli qararlarn\u0131 qabul etmege iqtidarl\u0131 reber olaraq k\u00f6sterdi. Aqmescitte Cuma cami quruc\u0131l\u0131\u011f\u0131 i\u00e7\u00fcn yer ay\u0131ruv&nbsp; boyunca qarar\u0131 bun\u0131\u00f1 isbat\u0131d\u0131r.&nbsp;<\/p>\n\n\n\n<p>Q\u0131r\u0131mtatar halq\u0131 Meclisini\u00f1 ad\u0131ndan Vasiliy Cart\u0131n\u0131\u00f1 apans\u0131zdan ve vaq\u0131ts\u0131z vefat etkeni&nbsp; munasebetinen on\u0131\u00f1 yaq\u0131nlar\u0131, aqrabalar\u0131, dostlar\u0131 ve meslekdelerine teren taziye bildirem&#8221;.<\/p>\n\n\n\n<p><em>Q\u0131r\u0131mtatar halq\u0131 Meclisini\u00f1 reisi,<\/em><\/p>\n\n\n\n<p><em>Ukraina halq deputat\u0131<\/em><\/p>\n\n\n\n<p><em>Mustafa Cemilev<\/em><\/p>\n\n\n\n<p><em>2011 senesi\u00a0 avgust 17<\/em><\/p>\n\n\n\n<figure class=\"wp-block-gallery columns-3 is-cropped wp-block-gallery-1 is-layout-flex wp-block-gallery-is-layout-flex\"><ul class=\"blocks-gallery-grid\"><li class=\"blocks-gallery-item\"><figure><a href=\"http:\/\/qtmm.org\/wp-content\/uploads\/2022\/01\/4e4bc9d9589a0.jpeg\"><img loading=\"lazy\" decoding=\"async\" width=\"640\" height=\"480\" src=\"http:\/\/qtmm.org\/wp-content\/uploads\/2022\/01\/4e4bc9d9589a0.jpeg\" alt=\"\" data-id=\"25611\" data-full-url=\"http:\/\/qtmm.org\/wp-content\/uploads\/2022\/01\/4e4bc9d9589a0.jpeg\" data-link=\"http:\/\/qtmm.org\/qt\/?attachment_id=25611\" class=\"wp-image-25611\" srcset=\"https:\/\/qtmm.org\/wp-content\/uploads\/2022\/01\/4e4bc9d9589a0.jpeg 640w, https:\/\/qtmm.org\/wp-content\/uploads\/2022\/01\/4e4bc9d9589a0-300x225.jpeg 300w\" sizes=\"auto, (max-width: 640px) 100vw, 640px\" \/><\/a><\/figure><\/li><li class=\"blocks-gallery-item\"><figure><a href=\"http:\/\/qtmm.org\/wp-content\/uploads\/2022\/01\/4e4bc9e4c3db7.jpeg\"><img loading=\"lazy\" decoding=\"async\" width=\"640\" height=\"480\" src=\"http:\/\/qtmm.org\/wp-content\/uploads\/2022\/01\/4e4bc9e4c3db7.jpeg\" alt=\"\" data-id=\"25615\" data-full-url=\"http:\/\/qtmm.org\/wp-content\/uploads\/2022\/01\/4e4bc9e4c3db7.jpeg\" data-link=\"http:\/\/qtmm.org\/qt\/?attachment_id=25615\" class=\"wp-image-25615\" srcset=\"https:\/\/qtmm.org\/wp-content\/uploads\/2022\/01\/4e4bc9e4c3db7.jpeg 640w, https:\/\/qtmm.org\/wp-content\/uploads\/2022\/01\/4e4bc9e4c3db7-300x225.jpeg 300w\" sizes=\"auto, (max-width: 640px) 100vw, 640px\" \/><\/a><\/figure><\/li><li class=\"blocks-gallery-item\"><figure><a href=\"http:\/\/qtmm.org\/wp-content\/uploads\/2022\/01\/4e4bc9e7b75c0.jpeg\"><img loading=\"lazy\" decoding=\"async\" width=\"640\" height=\"480\" src=\"http:\/\/qtmm.org\/wp-content\/uploads\/2022\/01\/4e4bc9e7b75c0.jpeg\" alt=\"\" data-id=\"25619\" data-full-url=\"http:\/\/qtmm.org\/wp-content\/uploads\/2022\/01\/4e4bc9e7b75c0.jpeg\" data-link=\"http:\/\/qtmm.org\/qt\/?attachment_id=25619\" class=\"wp-image-25619\" srcset=\"https:\/\/qtmm.org\/wp-content\/uploads\/2022\/01\/4e4bc9e7b75c0.jpeg 640w, https:\/\/qtmm.org\/wp-content\/uploads\/2022\/01\/4e4bc9e7b75c0-300x225.jpeg 300w\" sizes=\"auto, (max-width: 640px) 100vw, 640px\" \/><\/a><\/figure><\/li><li class=\"blocks-gallery-item\"><figure><a href=\"http:\/\/qtmm.org\/wp-content\/uploads\/2022\/01\/4e4bc9e69dbc9.jpeg\"><img loading=\"lazy\" decoding=\"async\" width=\"640\" height=\"480\" src=\"http:\/\/qtmm.org\/wp-content\/uploads\/2022\/01\/4e4bc9e69dbc9.jpeg\" alt=\"\" data-id=\"25623\" data-full-url=\"http:\/\/qtmm.org\/wp-content\/uploads\/2022\/01\/4e4bc9e69dbc9.jpeg\" data-link=\"http:\/\/qtmm.org\/qt\/?attachment_id=25623\" class=\"wp-image-25623\" srcset=\"https:\/\/qtmm.org\/wp-content\/uploads\/2022\/01\/4e4bc9e69dbc9.jpeg 640w, https:\/\/qtmm.org\/wp-content\/uploads\/2022\/01\/4e4bc9e69dbc9-300x225.jpeg 300w\" sizes=\"auto, (max-width: 640px) 100vw, 640px\" \/><\/a><\/figure><\/li><li class=\"blocks-gallery-item\"><figure><a href=\"http:\/\/qtmm.org\/wp-content\/uploads\/2022\/01\/4e4bc9e356f99.jpeg\"><img loading=\"lazy\" decoding=\"async\" width=\"640\" height=\"480\" src=\"http:\/\/qtmm.org\/wp-content\/uploads\/2022\/01\/4e4bc9e356f99.jpeg\" alt=\"\" data-id=\"25627\" data-full-url=\"http:\/\/qtmm.org\/wp-content\/uploads\/2022\/01\/4e4bc9e356f99.jpeg\" data-link=\"http:\/\/qtmm.org\/qt\/?attachment_id=25627\" class=\"wp-image-25627\" srcset=\"https:\/\/qtmm.org\/wp-content\/uploads\/2022\/01\/4e4bc9e356f99.jpeg 640w, https:\/\/qtmm.org\/wp-content\/uploads\/2022\/01\/4e4bc9e356f99-300x225.jpeg 300w\" sizes=\"auto, (max-width: 640px) 100vw, 640px\" \/><\/a><\/figure><\/li><li class=\"blocks-gallery-item\"><figure><a href=\"http:\/\/qtmm.org\/wp-content\/uploads\/2022\/01\/4e4bc9e848027.jpeg\"><img loading=\"lazy\" decoding=\"async\" width=\"640\" height=\"480\" src=\"http:\/\/qtmm.org\/wp-content\/uploads\/2022\/01\/4e4bc9e848027.jpeg\" alt=\"\" data-id=\"25631\" data-full-url=\"http:\/\/qtmm.org\/wp-content\/uploads\/2022\/01\/4e4bc9e848027.jpeg\" data-link=\"http:\/\/qtmm.org\/qt\/?attachment_id=25631\" class=\"wp-image-25631\" srcset=\"https:\/\/qtmm.org\/wp-content\/uploads\/2022\/01\/4e4bc9e848027.jpeg 640w, https:\/\/qtmm.org\/wp-content\/uploads\/2022\/01\/4e4bc9e848027-300x225.jpeg 300w\" sizes=\"auto, (max-width: 640px) 100vw, 640px\" \/><\/a><\/figure><\/li><li class=\"blocks-gallery-item\"><figure><a href=\"http:\/\/qtmm.org\/wp-content\/uploads\/2022\/01\/4e4bc9ea84c8b.jpeg\"><img loading=\"lazy\" decoding=\"async\" width=\"640\" height=\"480\" src=\"http:\/\/qtmm.org\/wp-content\/uploads\/2022\/01\/4e4bc9ea84c8b.jpeg\" alt=\"\" data-id=\"25635\" data-full-url=\"http:\/\/qtmm.org\/wp-content\/uploads\/2022\/01\/4e4bc9ea84c8b.jpeg\" data-link=\"http:\/\/qtmm.org\/qt\/?attachment_id=25635\" class=\"wp-image-25635\" srcset=\"https:\/\/qtmm.org\/wp-content\/uploads\/2022\/01\/4e4bc9ea84c8b.jpeg 640w, https:\/\/qtmm.org\/wp-content\/uploads\/2022\/01\/4e4bc9ea84c8b-300x225.jpeg 300w\" sizes=\"auto, (max-width: 640px) 100vw, 640px\" \/><\/a><\/figure><\/li><li class=\"blocks-gallery-item\"><figure><a href=\"http:\/\/qtmm.org\/wp-content\/uploads\/2022\/01\/4e4bd400deb12.jpeg\"><img loading=\"lazy\" decoding=\"async\" width=\"640\" height=\"480\" src=\"http:\/\/qtmm.org\/wp-content\/uploads\/2022\/01\/4e4bd400deb12.jpeg\" alt=\"\" data-id=\"25639\" data-full-url=\"http:\/\/qtmm.org\/wp-content\/uploads\/2022\/01\/4e4bd400deb12.jpeg\" data-link=\"http:\/\/qtmm.org\/qt\/?attachment_id=25639\" class=\"wp-image-25639\" srcset=\"https:\/\/qtmm.org\/wp-content\/uploads\/2022\/01\/4e4bd400deb12.jpeg 640w, https:\/\/qtmm.org\/wp-content\/uploads\/2022\/01\/4e4bd400deb12-300x225.jpeg 300w\" sizes=\"auto, (max-width: 640px) 100vw, 640px\" \/><\/a><\/figure><\/li><li class=\"blocks-gallery-item\"><figure><a href=\"http:\/\/qtmm.org\/wp-content\/uploads\/2022\/01\/4e4bd4009dfdb.jpeg\"><img loading=\"lazy\" decoding=\"async\" width=\"640\" height=\"480\" src=\"http:\/\/qtmm.org\/wp-content\/uploads\/2022\/01\/4e4bd4009dfdb.jpeg\" alt=\"\" data-id=\"25643\" data-full-url=\"http:\/\/qtmm.org\/wp-content\/uploads\/2022\/01\/4e4bd4009dfdb.jpeg\" data-link=\"http:\/\/qtmm.org\/qt\/?attachment_id=25643\" class=\"wp-image-25643\" srcset=\"https:\/\/qtmm.org\/wp-content\/uploads\/2022\/01\/4e4bd4009dfdb.jpeg 640w, https:\/\/qtmm.org\/wp-content\/uploads\/2022\/01\/4e4bd4009dfdb-300x225.jpeg 300w\" sizes=\"auto, (max-width: 640px) 100vw, 640px\" \/><\/a><\/figure><\/li><\/ul><\/figure>\n","protected":false},"excerpt":{"rendered":"<p>2011 senesi avgust 17 k\u00fcn\u00fc&nbsp; Q\u0131r\u0131mtatar halq\u0131 Meclisini\u00f1 reisi, Ukraina halq deputat\u0131 Mustafa Cemilev Q\u0131r\u0131m Muhtar Cumhuriyeti Nazirler \u015euras\u0131n\u0131\u00f1 reisi Vasiliy Cart\u0131n\u0131\u00f1 vaq\u0131ts\u0131z vefat etkeni&nbsp; munasebetinen taziye bildirdi Meclis yolba\u015f\u00e7\u0131s\u0131 Mustafa Cemilev, on\u0131\u00f1 birinci muavini, B\u00fct\u00fcnd\u00fcnya q\u0131r\u0131mtatar kongressini\u00f1 prezidenti Refat \u00c7ubarov, Meclisni\u00f1 t\u0131\u015fq\u0131 al\u00e2qalar b\u00f6l\u00fcgini\u00f1 ba\u015f\u0131 Ali Hamzin, Meclisni\u00f1 Topraq komissiyas\u0131n\u0131\u00f1 ba\u015f\u0131 Zevcet Qurt\u00fcmerov, Meclis [&hellip;]<\/p>\n","protected":false},"author":1,"featured_media":25611,"comment_status":"open","ping_status":"open","sticky":false,"template":"","format":"standard","meta":{"inline_featured_image":false,"footnotes":""},"categories":[265],"tags":[],"class_list":["post-25610","post","type-post","status-publish","format-standard","has-post-thumbnail","hentry","category-haberler"],"acf":[],"yoast_head":"<!-- This site is optimized with the Yoast SEO plugin v27.4 - https:\/\/yoast.com\/product\/yoast-seo-wordpress\/ -->\n<title>Mustafa Cemilev Vasiliy Cart\u0131 vefat\u0131 munasebetinen taziye bildirdi - \u041c\u0435\u0434\u0436\u043b\u0456\u0441<\/title>\n<meta name=\"robots\" content=\"index, follow, max-snippet:-1, max-image-preview:large, max-video-preview:-1\" \/>\n<link rel=\"canonical\" href=\"https:\/\/qtmm.org\/qt\/mustafa-cemilev-vasiliy-carti-vefati-munasebetinen-taziye-bildirdi\/\" \/>\n<meta property=\"og:locale\" content=\"en_US\" \/>\n<meta property=\"og:type\" content=\"article\" \/>\n<meta property=\"og:title\" content=\"Mustafa Cemilev Vasiliy Cart\u0131 vefat\u0131 munasebetinen taziye bildirdi - \u041c\u0435\u0434\u0436\u043b\u0456\u0441\" \/>\n<meta property=\"og:description\" content=\"2011 senesi avgust 17 k\u00fcn\u00fc&nbsp; Q\u0131r\u0131mtatar halq\u0131 Meclisini\u00f1 reisi, Ukraina halq deputat\u0131 Mustafa Cemilev Q\u0131r\u0131m Muhtar Cumhuriyeti Nazirler \u015euras\u0131n\u0131\u00f1 reisi Vasiliy Cart\u0131n\u0131\u00f1 vaq\u0131ts\u0131z vefat etkeni&nbsp; munasebetinen taziye bildirdi Meclis yolba\u015f\u00e7\u0131s\u0131 Mustafa Cemilev, on\u0131\u00f1 birinci muavini, B\u00fct\u00fcnd\u00fcnya q\u0131r\u0131mtatar kongressini\u00f1 prezidenti Refat \u00c7ubarov, Meclisni\u00f1 t\u0131\u015fq\u0131 al\u00e2qalar b\u00f6l\u00fcgini\u00f1 ba\u015f\u0131 Ali Hamzin, Meclisni\u00f1 Topraq komissiyas\u0131n\u0131\u00f1 ba\u015f\u0131 Zevcet Qurt\u00fcmerov, Meclis [&hellip;]\" \/>\n<meta property=\"og:url\" content=\"https:\/\/qtmm.org\/qt\/mustafa-cemilev-vasiliy-carti-vefati-munasebetinen-taziye-bildirdi\/\" \/>\n<meta property=\"og:site_name\" content=\"\u041c\u0435\u0434\u0436\u043b\u0456\u0441\" \/>\n<meta property=\"article:publisher\" content=\"https:\/\/www.facebook.com\/qtmm.info\/\" \/>\n<meta property=\"article:published_time\" content=\"2011-08-17T11:26:00+00:00\" \/>\n<meta property=\"article:modified_time\" content=\"2022-01-19T11:27:56+00:00\" \/>\n<meta property=\"og:image\" content=\"https:\/\/qtmm.org\/wp-content\/uploads\/2022\/01\/4e4bc9d9589a0.jpeg\" \/>\n\t<meta property=\"og:image:width\" content=\"640\" \/>\n\t<meta property=\"og:image:height\" content=\"480\" \/>\n\t<meta property=\"og:image:type\" content=\"image\/jpeg\" \/>\n<meta name=\"author\" content=\"Developer\" \/>\n<meta name=\"twitter:card\" content=\"summary_large_image\" \/>\n<meta name=\"twitter:label1\" content=\"Written by\" \/>\n\t<meta name=\"twitter:data1\" content=\"Developer\" \/>\n\t<meta name=\"twitter:label2\" content=\"Est. reading time\" \/>\n\t<meta name=\"twitter:data2\" content=\"2 minutes\" \/>\n<script type=\"application\/ld+json\" class=\"yoast-schema-graph\">{\"@context\":\"https:\\\/\\\/schema.org\",\"@graph\":[{\"@type\":\"Article\",\"@id\":\"https:\\\/\\\/qtmm.org\\\/qt\\\/mustafa-cemilev-vasiliy-carti-vefati-munasebetinen-taziye-bildirdi\\\/#article\",\"isPartOf\":{\"@id\":\"https:\\\/\\\/qtmm.org\\\/qt\\\/mustafa-cemilev-vasiliy-carti-vefati-munasebetinen-taziye-bildirdi\\\/\"},\"author\":{\"name\":\"Developer\",\"@id\":\"https:\\\/\\\/qtmm.org\\\/qt\\\/#\\\/schema\\\/person\\\/de562469f971dec226ac06e60bbf74a7\"},\"headline\":\"Mustafa Cemilev Vasiliy Cart\u0131 vefat\u0131 munasebetinen taziye bildirdi\",\"datePublished\":\"2011-08-17T11:26:00+00:00\",\"dateModified\":\"2022-01-19T11:27:56+00:00\",\"mainEntityOfPage\":{\"@id\":\"https:\\\/\\\/qtmm.org\\\/qt\\\/mustafa-cemilev-vasiliy-carti-vefati-munasebetinen-taziye-bildirdi\\\/\"},\"wordCount\":323,\"commentCount\":0,\"publisher\":{\"@id\":\"https:\\\/\\\/qtmm.org\\\/qt\\\/#organization\"},\"image\":{\"@id\":\"https:\\\/\\\/qtmm.org\\\/qt\\\/mustafa-cemilev-vasiliy-carti-vefati-munasebetinen-taziye-bildirdi\\\/#primaryimage\"},\"thumbnailUrl\":\"https:\\\/\\\/qtmm.org\\\/wp-content\\\/uploads\\\/2022\\\/01\\\/4e4bc9d9589a0.jpeg\",\"articleSection\":[\"Haberler\"],\"inLanguage\":\"qt\",\"potentialAction\":[{\"@type\":\"CommentAction\",\"name\":\"Comment\",\"target\":[\"https:\\\/\\\/qtmm.org\\\/qt\\\/mustafa-cemilev-vasiliy-carti-vefati-munasebetinen-taziye-bildirdi\\\/#respond\"]}]},{\"@type\":\"WebPage\",\"@id\":\"https:\\\/\\\/qtmm.org\\\/qt\\\/mustafa-cemilev-vasiliy-carti-vefati-munasebetinen-taziye-bildirdi\\\/\",\"url\":\"https:\\\/\\\/qtmm.org\\\/qt\\\/mustafa-cemilev-vasiliy-carti-vefati-munasebetinen-taziye-bildirdi\\\/\",\"name\":\"Mustafa Cemilev Vasiliy Cart\u0131 vefat\u0131 munasebetinen taziye bildirdi - \u041c\u0435\u0434\u0436\u043b\u0456\u0441\",\"isPartOf\":{\"@id\":\"https:\\\/\\\/qtmm.org\\\/qt\\\/#website\"},\"primaryImageOfPage\":{\"@id\":\"https:\\\/\\\/qtmm.org\\\/qt\\\/mustafa-cemilev-vasiliy-carti-vefati-munasebetinen-taziye-bildirdi\\\/#primaryimage\"},\"image\":{\"@id\":\"https:\\\/\\\/qtmm.org\\\/qt\\\/mustafa-cemilev-vasiliy-carti-vefati-munasebetinen-taziye-bildirdi\\\/#primaryimage\"},\"thumbnailUrl\":\"https:\\\/\\\/qtmm.org\\\/wp-content\\\/uploads\\\/2022\\\/01\\\/4e4bc9d9589a0.jpeg\",\"datePublished\":\"2011-08-17T11:26:00+00:00\",\"dateModified\":\"2022-01-19T11:27:56+00:00\",\"breadcrumb\":{\"@id\":\"https:\\\/\\\/qtmm.org\\\/qt\\\/mustafa-cemilev-vasiliy-carti-vefati-munasebetinen-taziye-bildirdi\\\/#breadcrumb\"},\"inLanguage\":\"qt\",\"potentialAction\":[{\"@type\":\"ReadAction\",\"target\":[\"https:\\\/\\\/qtmm.org\\\/qt\\\/mustafa-cemilev-vasiliy-carti-vefati-munasebetinen-taziye-bildirdi\\\/\"]}]},{\"@type\":\"ImageObject\",\"inLanguage\":\"qt\",\"@id\":\"https:\\\/\\\/qtmm.org\\\/qt\\\/mustafa-cemilev-vasiliy-carti-vefati-munasebetinen-taziye-bildirdi\\\/#primaryimage\",\"url\":\"https:\\\/\\\/qtmm.org\\\/wp-content\\\/uploads\\\/2022\\\/01\\\/4e4bc9d9589a0.jpeg\",\"contentUrl\":\"https:\\\/\\\/qtmm.org\\\/wp-content\\\/uploads\\\/2022\\\/01\\\/4e4bc9d9589a0.jpeg\",\"width\":640,\"height\":480},{\"@type\":\"BreadcrumbList\",\"@id\":\"https:\\\/\\\/qtmm.org\\\/qt\\\/mustafa-cemilev-vasiliy-carti-vefati-munasebetinen-taziye-bildirdi\\\/#breadcrumb\",\"itemListElement\":[{\"@type\":\"ListItem\",\"position\":1,\"name\":\"\u0413\u043e\u043b\u043e\u0432\u043d\u0430\",\"item\":\"https:\\\/\\\/qtmm.org\\\/qt\\\/\"},{\"@type\":\"ListItem\",\"position\":2,\"name\":\"Mustafa Cemilev Vasiliy Cart\u0131 vefat\u0131 munasebetinen taziye bildirdi\"}]},{\"@type\":\"WebSite\",\"@id\":\"https:\\\/\\\/qtmm.org\\\/qt\\\/#website\",\"url\":\"https:\\\/\\\/qtmm.org\\\/qt\\\/\",\"name\":\"\u041c\u0435\u0434\u0436\u043b\u0456\u0441\",\"description\":\"\",\"publisher\":{\"@id\":\"https:\\\/\\\/qtmm.org\\\/qt\\\/#organization\"},\"potentialAction\":[{\"@type\":\"SearchAction\",\"target\":{\"@type\":\"EntryPoint\",\"urlTemplate\":\"https:\\\/\\\/qtmm.org\\\/qt\\\/?s={search_term_string}\"},\"query-input\":{\"@type\":\"PropertyValueSpecification\",\"valueRequired\":true,\"valueName\":\"search_term_string\"}}],\"inLanguage\":\"qt\"},{\"@type\":\"Organization\",\"@id\":\"https:\\\/\\\/qtmm.org\\\/qt\\\/#organization\",\"name\":\"\u041c\u0435\u0434\u0436\u043b\u0456\u0441\",\"url\":\"https:\\\/\\\/qtmm.org\\\/qt\\\/\",\"logo\":{\"@type\":\"ImageObject\",\"inLanguage\":\"qt\",\"@id\":\"https:\\\/\\\/qtmm.org\\\/qt\\\/#\\\/schema\\\/logo\\\/image\\\/\",\"url\":\"https:\\\/\\\/qtmm.org\\\/wp-content\\\/uploads\\\/2024\\\/12\\\/ua-mejlis-logo-rgb.svg\",\"contentUrl\":\"https:\\\/\\\/qtmm.org\\\/wp-content\\\/uploads\\\/2024\\\/12\\\/ua-mejlis-logo-rgb.svg\",\"caption\":\"\u041c\u0435\u0434\u0436\u043b\u0456\u0441\"},\"image\":{\"@id\":\"https:\\\/\\\/qtmm.org\\\/qt\\\/#\\\/schema\\\/logo\\\/image\\\/\"},\"sameAs\":[\"https:\\\/\\\/www.facebook.com\\\/qtmm.info\\\/\"]},{\"@type\":\"Person\",\"@id\":\"https:\\\/\\\/qtmm.org\\\/qt\\\/#\\\/schema\\\/person\\\/de562469f971dec226ac06e60bbf74a7\",\"name\":\"Developer\",\"image\":{\"@type\":\"ImageObject\",\"inLanguage\":\"qt\",\"@id\":\"https:\\\/\\\/secure.gravatar.com\\\/avatar\\\/392b4cc8fbfeb00b39dfeeab4ee6edded39ffd48e25858637e4765810300227e?s=96&d=mm&r=g\",\"url\":\"https:\\\/\\\/secure.gravatar.com\\\/avatar\\\/392b4cc8fbfeb00b39dfeeab4ee6edded39ffd48e25858637e4765810300227e?s=96&d=mm&r=g\",\"contentUrl\":\"https:\\\/\\\/secure.gravatar.com\\\/avatar\\\/392b4cc8fbfeb00b39dfeeab4ee6edded39ffd48e25858637e4765810300227e?s=96&d=mm&r=g\",\"caption\":\"Developer\"},\"url\":\"https:\\\/\\\/qtmm.org\\\/qt\\\/author\\\/Developer\\\/\"}]}<\/script>\n<!-- \/ Yoast SEO plugin. -->","yoast_head_json":{"title":"Mustafa Cemilev Vasiliy Cart\u0131 vefat\u0131 munasebetinen taziye bildirdi - \u041c\u0435\u0434\u0436\u043b\u0456\u0441","robots":{"index":"index","follow":"follow","max-snippet":"max-snippet:-1","max-image-preview":"max-image-preview:large","max-video-preview":"max-video-preview:-1"},"canonical":"https:\/\/qtmm.org\/qt\/mustafa-cemilev-vasiliy-carti-vefati-munasebetinen-taziye-bildirdi\/","og_locale":"en_US","og_type":"article","og_title":"Mustafa Cemilev Vasiliy Cart\u0131 vefat\u0131 munasebetinen taziye bildirdi - \u041c\u0435\u0434\u0436\u043b\u0456\u0441","og_description":"2011 senesi avgust 17 k\u00fcn\u00fc&nbsp; Q\u0131r\u0131mtatar halq\u0131 Meclisini\u00f1 reisi, Ukraina halq deputat\u0131 Mustafa Cemilev Q\u0131r\u0131m Muhtar Cumhuriyeti Nazirler \u015euras\u0131n\u0131\u00f1 reisi Vasiliy Cart\u0131n\u0131\u00f1 vaq\u0131ts\u0131z vefat etkeni&nbsp; munasebetinen taziye bildirdi Meclis yolba\u015f\u00e7\u0131s\u0131 Mustafa Cemilev, on\u0131\u00f1 birinci muavini, B\u00fct\u00fcnd\u00fcnya q\u0131r\u0131mtatar kongressini\u00f1 prezidenti Refat \u00c7ubarov, Meclisni\u00f1 t\u0131\u015fq\u0131 al\u00e2qalar b\u00f6l\u00fcgini\u00f1 ba\u015f\u0131 Ali Hamzin, Meclisni\u00f1 Topraq komissiyas\u0131n\u0131\u00f1 ba\u015f\u0131 Zevcet Qurt\u00fcmerov, Meclis [&hellip;]","og_url":"https:\/\/qtmm.org\/qt\/mustafa-cemilev-vasiliy-carti-vefati-munasebetinen-taziye-bildirdi\/","og_site_name":"\u041c\u0435\u0434\u0436\u043b\u0456\u0441","article_publisher":"https:\/\/www.facebook.com\/qtmm.info\/","article_published_time":"2011-08-17T11:26:00+00:00","article_modified_time":"2022-01-19T11:27:56+00:00","og_image":[{"width":640,"height":480,"url":"https:\/\/qtmm.org\/wp-content\/uploads\/2022\/01\/4e4bc9d9589a0.jpeg","type":"image\/jpeg"}],"author":"Developer","twitter_card":"summary_large_image","twitter_misc":{"Written by":"Developer","Est. reading time":"2 minutes"},"schema":{"@context":"https:\/\/schema.org","@graph":[{"@type":"Article","@id":"https:\/\/qtmm.org\/qt\/mustafa-cemilev-vasiliy-carti-vefati-munasebetinen-taziye-bildirdi\/#article","isPartOf":{"@id":"https:\/\/qtmm.org\/qt\/mustafa-cemilev-vasiliy-carti-vefati-munasebetinen-taziye-bildirdi\/"},"author":{"name":"Developer","@id":"https:\/\/qtmm.org\/qt\/#\/schema\/person\/de562469f971dec226ac06e60bbf74a7"},"headline":"Mustafa Cemilev Vasiliy Cart\u0131 vefat\u0131 munasebetinen taziye bildirdi","datePublished":"2011-08-17T11:26:00+00:00","dateModified":"2022-01-19T11:27:56+00:00","mainEntityOfPage":{"@id":"https:\/\/qtmm.org\/qt\/mustafa-cemilev-vasiliy-carti-vefati-munasebetinen-taziye-bildirdi\/"},"wordCount":323,"commentCount":0,"publisher":{"@id":"https:\/\/qtmm.org\/qt\/#organization"},"image":{"@id":"https:\/\/qtmm.org\/qt\/mustafa-cemilev-vasiliy-carti-vefati-munasebetinen-taziye-bildirdi\/#primaryimage"},"thumbnailUrl":"https:\/\/qtmm.org\/wp-content\/uploads\/2022\/01\/4e4bc9d9589a0.jpeg","articleSection":["Haberler"],"inLanguage":"qt","potentialAction":[{"@type":"CommentAction","name":"Comment","target":["https:\/\/qtmm.org\/qt\/mustafa-cemilev-vasiliy-carti-vefati-munasebetinen-taziye-bildirdi\/#respond"]}]},{"@type":"WebPage","@id":"https:\/\/qtmm.org\/qt\/mustafa-cemilev-vasiliy-carti-vefati-munasebetinen-taziye-bildirdi\/","url":"https:\/\/qtmm.org\/qt\/mustafa-cemilev-vasiliy-carti-vefati-munasebetinen-taziye-bildirdi\/","name":"Mustafa Cemilev Vasiliy Cart\u0131 vefat\u0131 munasebetinen taziye bildirdi - \u041c\u0435\u0434\u0436\u043b\u0456\u0441","isPartOf":{"@id":"https:\/\/qtmm.org\/qt\/#website"},"primaryImageOfPage":{"@id":"https:\/\/qtmm.org\/qt\/mustafa-cemilev-vasiliy-carti-vefati-munasebetinen-taziye-bildirdi\/#primaryimage"},"image":{"@id":"https:\/\/qtmm.org\/qt\/mustafa-cemilev-vasiliy-carti-vefati-munasebetinen-taziye-bildirdi\/#primaryimage"},"thumbnailUrl":"https:\/\/qtmm.org\/wp-content\/uploads\/2022\/01\/4e4bc9d9589a0.jpeg","datePublished":"2011-08-17T11:26:00+00:00","dateModified":"2022-01-19T11:27:56+00:00","breadcrumb":{"@id":"https:\/\/qtmm.org\/qt\/mustafa-cemilev-vasiliy-carti-vefati-munasebetinen-taziye-bildirdi\/#breadcrumb"},"inLanguage":"qt","potentialAction":[{"@type":"ReadAction","target":["https:\/\/qtmm.org\/qt\/mustafa-cemilev-vasiliy-carti-vefati-munasebetinen-taziye-bildirdi\/"]}]},{"@type":"ImageObject","inLanguage":"qt","@id":"https:\/\/qtmm.org\/qt\/mustafa-cemilev-vasiliy-carti-vefati-munasebetinen-taziye-bildirdi\/#primaryimage","url":"https:\/\/qtmm.org\/wp-content\/uploads\/2022\/01\/4e4bc9d9589a0.jpeg","contentUrl":"https:\/\/qtmm.org\/wp-content\/uploads\/2022\/01\/4e4bc9d9589a0.jpeg","width":640,"height":480},{"@type":"BreadcrumbList","@id":"https:\/\/qtmm.org\/qt\/mustafa-cemilev-vasiliy-carti-vefati-munasebetinen-taziye-bildirdi\/#breadcrumb","itemListElement":[{"@type":"ListItem","position":1,"name":"\u0413\u043e\u043b\u043e\u0432\u043d\u0430","item":"https:\/\/qtmm.org\/qt\/"},{"@type":"ListItem","position":2,"name":"Mustafa Cemilev Vasiliy Cart\u0131 vefat\u0131 munasebetinen taziye bildirdi"}]},{"@type":"WebSite","@id":"https:\/\/qtmm.org\/qt\/#website","url":"https:\/\/qtmm.org\/qt\/","name":"\u041c\u0435\u0434\u0436\u043b\u0456\u0441","description":"","publisher":{"@id":"https:\/\/qtmm.org\/qt\/#organization"},"potentialAction":[{"@type":"SearchAction","target":{"@type":"EntryPoint","urlTemplate":"https:\/\/qtmm.org\/qt\/?s={search_term_string}"},"query-input":{"@type":"PropertyValueSpecification","valueRequired":true,"valueName":"search_term_string"}}],"inLanguage":"qt"},{"@type":"Organization","@id":"https:\/\/qtmm.org\/qt\/#organization","name":"\u041c\u0435\u0434\u0436\u043b\u0456\u0441","url":"https:\/\/qtmm.org\/qt\/","logo":{"@type":"ImageObject","inLanguage":"qt","@id":"https:\/\/qtmm.org\/qt\/#\/schema\/logo\/image\/","url":"https:\/\/qtmm.org\/wp-content\/uploads\/2024\/12\/ua-mejlis-logo-rgb.svg","contentUrl":"https:\/\/qtmm.org\/wp-content\/uploads\/2024\/12\/ua-mejlis-logo-rgb.svg","caption":"\u041c\u0435\u0434\u0436\u043b\u0456\u0441"},"image":{"@id":"https:\/\/qtmm.org\/qt\/#\/schema\/logo\/image\/"},"sameAs":["https:\/\/www.facebook.com\/qtmm.info\/"]},{"@type":"Person","@id":"https:\/\/qtmm.org\/qt\/#\/schema\/person\/de562469f971dec226ac06e60bbf74a7","name":"Developer","image":{"@type":"ImageObject","inLanguage":"qt","@id":"https:\/\/secure.gravatar.com\/avatar\/392b4cc8fbfeb00b39dfeeab4ee6edded39ffd48e25858637e4765810300227e?s=96&d=mm&r=g","url":"https:\/\/secure.gravatar.com\/avatar\/392b4cc8fbfeb00b39dfeeab4ee6edded39ffd48e25858637e4765810300227e?s=96&d=mm&r=g","contentUrl":"https:\/\/secure.gravatar.com\/avatar\/392b4cc8fbfeb00b39dfeeab4ee6edded39ffd48e25858637e4765810300227e?s=96&d=mm&r=g","caption":"Developer"},"url":"https:\/\/qtmm.org\/qt\/author\/Developer\/"}]}},"_links":{"self":[{"href":"https:\/\/qtmm.org\/qt\/wp-json\/wp\/v2\/posts\/25610","targetHints":{"allow":["GET"]}}],"collection":[{"href":"https:\/\/qtmm.org\/qt\/wp-json\/wp\/v2\/posts"}],"about":[{"href":"https:\/\/qtmm.org\/qt\/wp-json\/wp\/v2\/types\/post"}],"author":[{"embeddable":true,"href":"https:\/\/qtmm.org\/qt\/wp-json\/wp\/v2\/users\/1"}],"replies":[{"embeddable":true,"href":"https:\/\/qtmm.org\/qt\/wp-json\/wp\/v2\/comments?post=25610"}],"version-history":[{"count":1,"href":"https:\/\/qtmm.org\/qt\/wp-json\/wp\/v2\/posts\/25610\/revisions"}],"predecessor-version":[{"id":25647,"href":"https:\/\/qtmm.org\/qt\/wp-json\/wp\/v2\/posts\/25610\/revisions\/25647"}],"wp:featuredmedia":[{"embeddable":true,"href":"https:\/\/qtmm.org\/qt\/wp-json\/wp\/v2\/media\/25611"}],"wp:attachment":[{"href":"https:\/\/qtmm.org\/qt\/wp-json\/wp\/v2\/media?parent=25610"}],"wp:term":[{"taxonomy":"category","embeddable":true,"href":"https:\/\/qtmm.org\/qt\/wp-json\/wp\/v2\/categories?post=25610"},{"taxonomy":"post_tag","embeddable":true,"href":"https:\/\/qtmm.org\/qt\/wp-json\/wp\/v2\/tags?post=25610"}],"curies":[{"name":"wp","href":"https:\/\/api.w.org\/{rel}","templated":true}]}}