




{"id":25608,"date":"2011-08-16T14:25:00","date_gmt":"2011-08-16T11:25:00","guid":{"rendered":"http:\/\/qtmm.org\/?p=25608"},"modified":"2022-01-19T14:26:07","modified_gmt":"2022-01-19T11:26:07","slug":"belli-qirimtatar-eykeltiras-ilmiy-ametov-vefat-etti","status":"publish","type":"post","link":"https:\/\/qtmm.org\/qt\/belli-qirimtatar-eykeltiras-ilmiy-ametov-vefat-etti\/","title":{"rendered":"Belli q\u0131r\u0131mtatar eykelt\u0131ra\u015f \u0130lmiy Ametov vefat etti"},"content":{"rendered":"\n<p>T\u00fcnevin devaml\u0131 hastal\u0131qtan so\u00f1 istidatl\u0131 eykelt\u0131ra\u015f, Q\u0131r\u0131mtatar halq\u0131 milliy areketini\u00f1 faal \u0130lmiy Ametov vefat etti.<\/p>\n\n\n\n<p>Merhumn\u0131\u00f1 avgust 16 k\u00fcn\u00fc Aqmescitteki Kebir camide q\u0131l\u0131n\u011fan cenaze merasiminde Q\u0131r\u0131mtatar halq\u0131 Meclisini\u00f1 reisi Mustafa Cemilev, Q\u0131r\u0131m musulmanlar\u0131n\u0131\u00f1 m\u00fcftisi haci Emirali Ablayev, Meclis azalar\u0131, Milliy areket veteranlar\u0131, Q\u0131r\u0131m aikimiyet organlar\u0131n\u0131\u00f1 hadimleri, cemaat ve siyasiy erbaplar, \u00e7oqtan-\u00e7oq aqrabalar\u0131, dost-e\u015fleri ve tan\u0131\u015flar\u0131 bulund\u0131lar.<\/p>\n\n\n\n<p>\u0130lmiy Ametov Q\u0131r\u0131mda qoyul\u011fan bir \u00e7oq abide, hat\u0131ra ta\u015flar\u0131, eykellerni\u00f1 m\u00fcellifidir. C\u00fcmleden o, Sudaq rayon\u0131n\u0131\u00f1 Qoz k\u00f6y\u00fcnde cenk qurbanlar\u0131n\u0131\u00f1 hat\u0131ras\u0131na tiklengen yadik\u00e2rl\u0131q, Aqme\u00e7it rayon\u0131n\u0131\u00f1 Car\u0131l\u011fa\u00e7 k\u00f6y\u00fcnde s\u00fcrg\u00fcnlik qurbanlar\u0131na abide, Taraqta\u015f, Toqluq, Ayserez kibi k\u00f6ylerni\u00f1 tarihiy adlar\u0131 yaz\u0131l\u011fan direklerni yapt\u0131.<\/p>\n\n\n\n<p>\u0130lmiy Ametov yasa\u011fan ha\u00e7 Aqmescitte Kiyev patriarhat\u0131 Ukrain pravoslav kilsesini\u00f1 binas\u0131n\u0131 yara\u015ft\u0131rmaqta. Mimarn\u0131\u00f1 e\u00f1 k\u00f6r\u00fcmli eseri ise Taraqta\u015fta\u00e7ar devirinde qatl etilip, \u015feit ketken ve halq folklor\u0131nda y\u0131rlan\u011fan Seit o\u011flu Seydametke qoyul\u011fan abidedir. \u0130lmiy Ametov dissident general P\u00f6tr Grigorenkon\u0131\u00f1 Aqmescitte Sovetskaya meydan\u0131nda qoyul\u011fan abidesini i\u015flevde de i\u015ftirak etti..<\/p>\n\n\n\n<p><em>Q\u0131r\u0131mtatar halq\u0131n\u0131\u00f1 Meclisi \u0130lmiy Ametovn\u0131\u00f1 ailesi ve aqrabalar\u0131na teren taziyesini bildirip, ba\u015f sa\u011fl\u0131\u011f\u0131 tiley<\/em><\/p>\n\n\n\n<p><em><strong>Allah rahmet eylesin<\/strong><\/em><\/p>\n","protected":false},"excerpt":{"rendered":"<p>T\u00fcnevin devaml\u0131 hastal\u0131qtan so\u00f1 istidatl\u0131 eykelt\u0131ra\u015f, Q\u0131r\u0131mtatar halq\u0131 milliy areketini\u00f1 faal \u0130lmiy Ametov vefat etti. Merhumn\u0131\u00f1 avgust 16 k\u00fcn\u00fc Aqmescitteki Kebir camide q\u0131l\u0131n\u011fan cenaze merasiminde Q\u0131r\u0131mtatar halq\u0131 Meclisini\u00f1 reisi Mustafa Cemilev, Q\u0131r\u0131m musulmanlar\u0131n\u0131\u00f1 m\u00fcftisi haci Emirali Ablayev, Meclis azalar\u0131, Milliy areket veteranlar\u0131, Q\u0131r\u0131m aikimiyet organlar\u0131n\u0131\u00f1 hadimleri, cemaat ve siyasiy erbaplar, \u00e7oqtan-\u00e7oq aqrabalar\u0131, dost-e\u015fleri ve tan\u0131\u015flar\u0131 [&hellip;]<\/p>\n","protected":false},"author":1,"featured_media":0,"comment_status":"open","ping_status":"open","sticky":false,"template":"","format":"standard","meta":{"inline_featured_image":false,"footnotes":""},"categories":[265],"tags":[],"class_list":["post-25608","post","type-post","status-publish","format-standard","hentry","category-haberler"],"acf":[],"yoast_head":"<!-- This site is optimized with the Yoast SEO plugin v27.4 - https:\/\/yoast.com\/product\/yoast-seo-wordpress\/ -->\n<title>Belli q\u0131r\u0131mtatar eykelt\u0131ra\u015f \u0130lmiy Ametov vefat etti - \u041c\u0435\u0434\u0436\u043b\u0456\u0441<\/title>\n<meta name=\"robots\" content=\"index, follow, max-snippet:-1, max-image-preview:large, max-video-preview:-1\" \/>\n<link rel=\"canonical\" href=\"https:\/\/qtmm.org\/qt\/belli-qirimtatar-eykeltiras-ilmiy-ametov-vefat-etti\/\" \/>\n<meta property=\"og:locale\" content=\"en_US\" \/>\n<meta property=\"og:type\" content=\"article\" \/>\n<meta property=\"og:title\" content=\"Belli q\u0131r\u0131mtatar eykelt\u0131ra\u015f \u0130lmiy Ametov vefat etti - \u041c\u0435\u0434\u0436\u043b\u0456\u0441\" \/>\n<meta property=\"og:description\" content=\"T\u00fcnevin devaml\u0131 hastal\u0131qtan so\u00f1 istidatl\u0131 eykelt\u0131ra\u015f, Q\u0131r\u0131mtatar halq\u0131 milliy areketini\u00f1 faal \u0130lmiy Ametov vefat etti. Merhumn\u0131\u00f1 avgust 16 k\u00fcn\u00fc Aqmescitteki Kebir camide q\u0131l\u0131n\u011fan cenaze merasiminde Q\u0131r\u0131mtatar halq\u0131 Meclisini\u00f1 reisi Mustafa Cemilev, Q\u0131r\u0131m musulmanlar\u0131n\u0131\u00f1 m\u00fcftisi haci Emirali Ablayev, Meclis azalar\u0131, Milliy areket veteranlar\u0131, Q\u0131r\u0131m aikimiyet organlar\u0131n\u0131\u00f1 hadimleri, cemaat ve siyasiy erbaplar, \u00e7oqtan-\u00e7oq aqrabalar\u0131, dost-e\u015fleri ve tan\u0131\u015flar\u0131 [&hellip;]\" \/>\n<meta property=\"og:url\" content=\"https:\/\/qtmm.org\/qt\/belli-qirimtatar-eykeltiras-ilmiy-ametov-vefat-etti\/\" \/>\n<meta property=\"og:site_name\" content=\"\u041c\u0435\u0434\u0436\u043b\u0456\u0441\" \/>\n<meta property=\"article:publisher\" content=\"https:\/\/www.facebook.com\/qtmm.info\/\" \/>\n<meta property=\"article:published_time\" content=\"2011-08-16T11:25:00+00:00\" \/>\n<meta property=\"article:modified_time\" content=\"2022-01-19T11:26:07+00:00\" \/>\n<meta name=\"author\" content=\"Developer\" \/>\n<meta name=\"twitter:card\" content=\"summary_large_image\" \/>\n<meta name=\"twitter:label1\" content=\"Written by\" \/>\n\t<meta name=\"twitter:data1\" content=\"Developer\" \/>\n\t<meta name=\"twitter:label2\" content=\"Est. reading time\" \/>\n\t<meta name=\"twitter:data2\" content=\"1 minute\" \/>\n<script type=\"application\/ld+json\" class=\"yoast-schema-graph\">{\"@context\":\"https:\\\/\\\/schema.org\",\"@graph\":[{\"@type\":\"Article\",\"@id\":\"https:\\\/\\\/qtmm.org\\\/qt\\\/belli-qirimtatar-eykeltiras-ilmiy-ametov-vefat-etti\\\/#article\",\"isPartOf\":{\"@id\":\"https:\\\/\\\/qtmm.org\\\/qt\\\/belli-qirimtatar-eykeltiras-ilmiy-ametov-vefat-etti\\\/\"},\"author\":{\"name\":\"Developer\",\"@id\":\"https:\\\/\\\/qtmm.org\\\/qt\\\/#\\\/schema\\\/person\\\/de562469f971dec226ac06e60bbf74a7\"},\"headline\":\"Belli q\u0131r\u0131mtatar eykelt\u0131ra\u015f \u0130lmiy Ametov vefat etti\",\"datePublished\":\"2011-08-16T11:25:00+00:00\",\"dateModified\":\"2022-01-19T11:26:07+00:00\",\"mainEntityOfPage\":{\"@id\":\"https:\\\/\\\/qtmm.org\\\/qt\\\/belli-qirimtatar-eykeltiras-ilmiy-ametov-vefat-etti\\\/\"},\"wordCount\":240,\"commentCount\":0,\"publisher\":{\"@id\":\"https:\\\/\\\/qtmm.org\\\/qt\\\/#organization\"},\"articleSection\":[\"Haberler\"],\"inLanguage\":\"qt\",\"potentialAction\":[{\"@type\":\"CommentAction\",\"name\":\"Comment\",\"target\":[\"https:\\\/\\\/qtmm.org\\\/qt\\\/belli-qirimtatar-eykeltiras-ilmiy-ametov-vefat-etti\\\/#respond\"]}]},{\"@type\":\"WebPage\",\"@id\":\"https:\\\/\\\/qtmm.org\\\/qt\\\/belli-qirimtatar-eykeltiras-ilmiy-ametov-vefat-etti\\\/\",\"url\":\"https:\\\/\\\/qtmm.org\\\/qt\\\/belli-qirimtatar-eykeltiras-ilmiy-ametov-vefat-etti\\\/\",\"name\":\"Belli q\u0131r\u0131mtatar eykelt\u0131ra\u015f \u0130lmiy Ametov vefat etti - \u041c\u0435\u0434\u0436\u043b\u0456\u0441\",\"isPartOf\":{\"@id\":\"https:\\\/\\\/qtmm.org\\\/qt\\\/#website\"},\"datePublished\":\"2011-08-16T11:25:00+00:00\",\"dateModified\":\"2022-01-19T11:26:07+00:00\",\"breadcrumb\":{\"@id\":\"https:\\\/\\\/qtmm.org\\\/qt\\\/belli-qirimtatar-eykeltiras-ilmiy-ametov-vefat-etti\\\/#breadcrumb\"},\"inLanguage\":\"qt\",\"potentialAction\":[{\"@type\":\"ReadAction\",\"target\":[\"https:\\\/\\\/qtmm.org\\\/qt\\\/belli-qirimtatar-eykeltiras-ilmiy-ametov-vefat-etti\\\/\"]}]},{\"@type\":\"BreadcrumbList\",\"@id\":\"https:\\\/\\\/qtmm.org\\\/qt\\\/belli-qirimtatar-eykeltiras-ilmiy-ametov-vefat-etti\\\/#breadcrumb\",\"itemListElement\":[{\"@type\":\"ListItem\",\"position\":1,\"name\":\"\u0413\u043e\u043b\u043e\u0432\u043d\u0430\",\"item\":\"https:\\\/\\\/qtmm.org\\\/qt\\\/\"},{\"@type\":\"ListItem\",\"position\":2,\"name\":\"Belli q\u0131r\u0131mtatar eykelt\u0131ra\u015f \u0130lmiy Ametov vefat etti\"}]},{\"@type\":\"WebSite\",\"@id\":\"https:\\\/\\\/qtmm.org\\\/qt\\\/#website\",\"url\":\"https:\\\/\\\/qtmm.org\\\/qt\\\/\",\"name\":\"\u041c\u0435\u0434\u0436\u043b\u0456\u0441\",\"description\":\"\",\"publisher\":{\"@id\":\"https:\\\/\\\/qtmm.org\\\/qt\\\/#organization\"},\"potentialAction\":[{\"@type\":\"SearchAction\",\"target\":{\"@type\":\"EntryPoint\",\"urlTemplate\":\"https:\\\/\\\/qtmm.org\\\/qt\\\/?s={search_term_string}\"},\"query-input\":{\"@type\":\"PropertyValueSpecification\",\"valueRequired\":true,\"valueName\":\"search_term_string\"}}],\"inLanguage\":\"qt\"},{\"@type\":\"Organization\",\"@id\":\"https:\\\/\\\/qtmm.org\\\/qt\\\/#organization\",\"name\":\"\u041c\u0435\u0434\u0436\u043b\u0456\u0441\",\"url\":\"https:\\\/\\\/qtmm.org\\\/qt\\\/\",\"logo\":{\"@type\":\"ImageObject\",\"inLanguage\":\"qt\",\"@id\":\"https:\\\/\\\/qtmm.org\\\/qt\\\/#\\\/schema\\\/logo\\\/image\\\/\",\"url\":\"https:\\\/\\\/qtmm.org\\\/wp-content\\\/uploads\\\/2024\\\/12\\\/ua-mejlis-logo-rgb.svg\",\"contentUrl\":\"https:\\\/\\\/qtmm.org\\\/wp-content\\\/uploads\\\/2024\\\/12\\\/ua-mejlis-logo-rgb.svg\",\"caption\":\"\u041c\u0435\u0434\u0436\u043b\u0456\u0441\"},\"image\":{\"@id\":\"https:\\\/\\\/qtmm.org\\\/qt\\\/#\\\/schema\\\/logo\\\/image\\\/\"},\"sameAs\":[\"https:\\\/\\\/www.facebook.com\\\/qtmm.info\\\/\"]},{\"@type\":\"Person\",\"@id\":\"https:\\\/\\\/qtmm.org\\\/qt\\\/#\\\/schema\\\/person\\\/de562469f971dec226ac06e60bbf74a7\",\"name\":\"Developer\",\"image\":{\"@type\":\"ImageObject\",\"inLanguage\":\"qt\",\"@id\":\"https:\\\/\\\/secure.gravatar.com\\\/avatar\\\/392b4cc8fbfeb00b39dfeeab4ee6edded39ffd48e25858637e4765810300227e?s=96&d=mm&r=g\",\"url\":\"https:\\\/\\\/secure.gravatar.com\\\/avatar\\\/392b4cc8fbfeb00b39dfeeab4ee6edded39ffd48e25858637e4765810300227e?s=96&d=mm&r=g\",\"contentUrl\":\"https:\\\/\\\/secure.gravatar.com\\\/avatar\\\/392b4cc8fbfeb00b39dfeeab4ee6edded39ffd48e25858637e4765810300227e?s=96&d=mm&r=g\",\"caption\":\"Developer\"},\"url\":\"https:\\\/\\\/qtmm.org\\\/qt\\\/author\\\/Developer\\\/\"}]}<\/script>\n<!-- \/ Yoast SEO plugin. -->","yoast_head_json":{"title":"Belli q\u0131r\u0131mtatar eykelt\u0131ra\u015f \u0130lmiy Ametov vefat etti - \u041c\u0435\u0434\u0436\u043b\u0456\u0441","robots":{"index":"index","follow":"follow","max-snippet":"max-snippet:-1","max-image-preview":"max-image-preview:large","max-video-preview":"max-video-preview:-1"},"canonical":"https:\/\/qtmm.org\/qt\/belli-qirimtatar-eykeltiras-ilmiy-ametov-vefat-etti\/","og_locale":"en_US","og_type":"article","og_title":"Belli q\u0131r\u0131mtatar eykelt\u0131ra\u015f \u0130lmiy Ametov vefat etti - \u041c\u0435\u0434\u0436\u043b\u0456\u0441","og_description":"T\u00fcnevin devaml\u0131 hastal\u0131qtan so\u00f1 istidatl\u0131 eykelt\u0131ra\u015f, Q\u0131r\u0131mtatar halq\u0131 milliy areketini\u00f1 faal \u0130lmiy Ametov vefat etti. Merhumn\u0131\u00f1 avgust 16 k\u00fcn\u00fc Aqmescitteki Kebir camide q\u0131l\u0131n\u011fan cenaze merasiminde Q\u0131r\u0131mtatar halq\u0131 Meclisini\u00f1 reisi Mustafa Cemilev, Q\u0131r\u0131m musulmanlar\u0131n\u0131\u00f1 m\u00fcftisi haci Emirali Ablayev, Meclis azalar\u0131, Milliy areket veteranlar\u0131, Q\u0131r\u0131m aikimiyet organlar\u0131n\u0131\u00f1 hadimleri, cemaat ve siyasiy erbaplar, \u00e7oqtan-\u00e7oq aqrabalar\u0131, dost-e\u015fleri ve tan\u0131\u015flar\u0131 [&hellip;]","og_url":"https:\/\/qtmm.org\/qt\/belli-qirimtatar-eykeltiras-ilmiy-ametov-vefat-etti\/","og_site_name":"\u041c\u0435\u0434\u0436\u043b\u0456\u0441","article_publisher":"https:\/\/www.facebook.com\/qtmm.info\/","article_published_time":"2011-08-16T11:25:00+00:00","article_modified_time":"2022-01-19T11:26:07+00:00","author":"Developer","twitter_card":"summary_large_image","twitter_misc":{"Written by":"Developer","Est. reading time":"1 minute"},"schema":{"@context":"https:\/\/schema.org","@graph":[{"@type":"Article","@id":"https:\/\/qtmm.org\/qt\/belli-qirimtatar-eykeltiras-ilmiy-ametov-vefat-etti\/#article","isPartOf":{"@id":"https:\/\/qtmm.org\/qt\/belli-qirimtatar-eykeltiras-ilmiy-ametov-vefat-etti\/"},"author":{"name":"Developer","@id":"https:\/\/qtmm.org\/qt\/#\/schema\/person\/de562469f971dec226ac06e60bbf74a7"},"headline":"Belli q\u0131r\u0131mtatar eykelt\u0131ra\u015f \u0130lmiy Ametov vefat etti","datePublished":"2011-08-16T11:25:00+00:00","dateModified":"2022-01-19T11:26:07+00:00","mainEntityOfPage":{"@id":"https:\/\/qtmm.org\/qt\/belli-qirimtatar-eykeltiras-ilmiy-ametov-vefat-etti\/"},"wordCount":240,"commentCount":0,"publisher":{"@id":"https:\/\/qtmm.org\/qt\/#organization"},"articleSection":["Haberler"],"inLanguage":"qt","potentialAction":[{"@type":"CommentAction","name":"Comment","target":["https:\/\/qtmm.org\/qt\/belli-qirimtatar-eykeltiras-ilmiy-ametov-vefat-etti\/#respond"]}]},{"@type":"WebPage","@id":"https:\/\/qtmm.org\/qt\/belli-qirimtatar-eykeltiras-ilmiy-ametov-vefat-etti\/","url":"https:\/\/qtmm.org\/qt\/belli-qirimtatar-eykeltiras-ilmiy-ametov-vefat-etti\/","name":"Belli q\u0131r\u0131mtatar eykelt\u0131ra\u015f \u0130lmiy Ametov vefat etti - \u041c\u0435\u0434\u0436\u043b\u0456\u0441","isPartOf":{"@id":"https:\/\/qtmm.org\/qt\/#website"},"datePublished":"2011-08-16T11:25:00+00:00","dateModified":"2022-01-19T11:26:07+00:00","breadcrumb":{"@id":"https:\/\/qtmm.org\/qt\/belli-qirimtatar-eykeltiras-ilmiy-ametov-vefat-etti\/#breadcrumb"},"inLanguage":"qt","potentialAction":[{"@type":"ReadAction","target":["https:\/\/qtmm.org\/qt\/belli-qirimtatar-eykeltiras-ilmiy-ametov-vefat-etti\/"]}]},{"@type":"BreadcrumbList","@id":"https:\/\/qtmm.org\/qt\/belli-qirimtatar-eykeltiras-ilmiy-ametov-vefat-etti\/#breadcrumb","itemListElement":[{"@type":"ListItem","position":1,"name":"\u0413\u043e\u043b\u043e\u0432\u043d\u0430","item":"https:\/\/qtmm.org\/qt\/"},{"@type":"ListItem","position":2,"name":"Belli q\u0131r\u0131mtatar eykelt\u0131ra\u015f \u0130lmiy Ametov vefat etti"}]},{"@type":"WebSite","@id":"https:\/\/qtmm.org\/qt\/#website","url":"https:\/\/qtmm.org\/qt\/","name":"\u041c\u0435\u0434\u0436\u043b\u0456\u0441","description":"","publisher":{"@id":"https:\/\/qtmm.org\/qt\/#organization"},"potentialAction":[{"@type":"SearchAction","target":{"@type":"EntryPoint","urlTemplate":"https:\/\/qtmm.org\/qt\/?s={search_term_string}"},"query-input":{"@type":"PropertyValueSpecification","valueRequired":true,"valueName":"search_term_string"}}],"inLanguage":"qt"},{"@type":"Organization","@id":"https:\/\/qtmm.org\/qt\/#organization","name":"\u041c\u0435\u0434\u0436\u043b\u0456\u0441","url":"https:\/\/qtmm.org\/qt\/","logo":{"@type":"ImageObject","inLanguage":"qt","@id":"https:\/\/qtmm.org\/qt\/#\/schema\/logo\/image\/","url":"https:\/\/qtmm.org\/wp-content\/uploads\/2024\/12\/ua-mejlis-logo-rgb.svg","contentUrl":"https:\/\/qtmm.org\/wp-content\/uploads\/2024\/12\/ua-mejlis-logo-rgb.svg","caption":"\u041c\u0435\u0434\u0436\u043b\u0456\u0441"},"image":{"@id":"https:\/\/qtmm.org\/qt\/#\/schema\/logo\/image\/"},"sameAs":["https:\/\/www.facebook.com\/qtmm.info\/"]},{"@type":"Person","@id":"https:\/\/qtmm.org\/qt\/#\/schema\/person\/de562469f971dec226ac06e60bbf74a7","name":"Developer","image":{"@type":"ImageObject","inLanguage":"qt","@id":"https:\/\/secure.gravatar.com\/avatar\/392b4cc8fbfeb00b39dfeeab4ee6edded39ffd48e25858637e4765810300227e?s=96&d=mm&r=g","url":"https:\/\/secure.gravatar.com\/avatar\/392b4cc8fbfeb00b39dfeeab4ee6edded39ffd48e25858637e4765810300227e?s=96&d=mm&r=g","contentUrl":"https:\/\/secure.gravatar.com\/avatar\/392b4cc8fbfeb00b39dfeeab4ee6edded39ffd48e25858637e4765810300227e?s=96&d=mm&r=g","caption":"Developer"},"url":"https:\/\/qtmm.org\/qt\/author\/Developer\/"}]}},"_links":{"self":[{"href":"https:\/\/qtmm.org\/qt\/wp-json\/wp\/v2\/posts\/25608","targetHints":{"allow":["GET"]}}],"collection":[{"href":"https:\/\/qtmm.org\/qt\/wp-json\/wp\/v2\/posts"}],"about":[{"href":"https:\/\/qtmm.org\/qt\/wp-json\/wp\/v2\/types\/post"}],"author":[{"embeddable":true,"href":"https:\/\/qtmm.org\/qt\/wp-json\/wp\/v2\/users\/1"}],"replies":[{"embeddable":true,"href":"https:\/\/qtmm.org\/qt\/wp-json\/wp\/v2\/comments?post=25608"}],"version-history":[{"count":1,"href":"https:\/\/qtmm.org\/qt\/wp-json\/wp\/v2\/posts\/25608\/revisions"}],"predecessor-version":[{"id":25609,"href":"https:\/\/qtmm.org\/qt\/wp-json\/wp\/v2\/posts\/25608\/revisions\/25609"}],"wp:attachment":[{"href":"https:\/\/qtmm.org\/qt\/wp-json\/wp\/v2\/media?parent=25608"}],"wp:term":[{"taxonomy":"category","embeddable":true,"href":"https:\/\/qtmm.org\/qt\/wp-json\/wp\/v2\/categories?post=25608"},{"taxonomy":"post_tag","embeddable":true,"href":"https:\/\/qtmm.org\/qt\/wp-json\/wp\/v2\/tags?post=25608"}],"curies":[{"name":"wp","href":"https:\/\/api.w.org\/{rel}","templated":true}]}}