




{"id":25593,"date":"2011-08-15T14:24:00","date_gmt":"2011-08-15T11:24:00","guid":{"rendered":"http:\/\/qtmm.org\/?p=25593"},"modified":"2022-01-19T14:25:31","modified_gmt":"2022-01-19T11:25:31","slug":"oquv-yili-arefesinde","status":"publish","type":"post","link":"https:\/\/qtmm.org\/qt\/oquv-yili-arefesinde\/","title":{"rendered":"Oquv y\u0131l\u0131 arefesinde"},"content":{"rendered":"\n<p>Milliy Meclisni\u00f1 medeniyet ve tasil idaresini\u00f1\u00f6lba\u015f\u00e7\u0131s\u0131, &#8220;Maarif\u00e7i&#8221; birle\u015fmesini\u00f1 reisi Safure Kacametova milliy mekteplerni\u00f1 temeli tiklen\u00fcvinde t\u0131n\u0131ms\u0131z \u011fayret k\u00f6stergeni er keske bellidir. On\u0131\u00f1 te\u015febb\u00fcsinen ke\u00e7ken senesi \u0130SLAM \u0130NK\u0130\u015eAF BANK\u0130ni\u00f1 maddiy qoltutuv\u0131nda 9 milliy mektepler tamirlenip b\u00fct\u00fcn kerekli e\u015fyalar,orgtehnika,fen,tibbiyet, emek terbiyesi ve kompyuter kabinetlerinen taminlendi. 2011-2012 oquv y\u0131l\u0131na<\/p>\n\n\n\n<p>&#8220;Q\u0131r\u0131mtatar milliy mekteplerni\u00f1 maddiy tehnik bazas\u0131n\u0131 pekit\u00fcv&#8221; leyhas\u0131n\u0131\u00f1 II tran\u015f\u0131 daa 7 milliy mektepni qaplad\u0131. Bu leyhan\u0131 amelge ke\u00e7irgen &#8220;Maarif\u00e7i&#8221; birle\u015fmesi ve &#8220;Alraid&#8221; te\u015fkil\u00e2t\u0131 mart ay\u0131ndan berli ortaql\u0131q i\u015fbirliginde mekteplernen \u00e7al\u0131\u015f\u0131p kelmekteler. Ke\u00e7ken sene leyha \u00e7er\u00e7ivesinde 9 q\u0131r\u0131mtatar milliy mektepni\u00f1 maddiy- tehnika bazas\u0131 qaviyle\u015ftirilgen olsa, bu sene daa 7 mekteplerimizni temeli m\u00fckemmel olacaq.<\/p>\n\n\n\n<p>Oquv y\u0131l\u0131 arefesinde tamir ve donatma i\u015flerini k\u00f6z et\u00fcv maqsad\u0131nen Milliy Meclis azas\u0131, QYU\u015e \u00f1 deputat\u0131, &#8220;Maarif\u00e7i&#8221; birle\u015fmesini\u00f1 reisi S.Kacametova ve &#8220;Alraid&#8221; te\u015fkil\u00e2t\u0131n\u0131\u00f1 reis muavini Amin Al-Kas\u0131m bu mekteplerge birer-birer bard\u0131lar. Bug\u00fcn ise olar Qarasubazar \u015feeri Sar\u0131-Suv qasabas\u0131ndaki milliy mektep ve Aqmescitteki 42-nci sanl\u0131 oqutuv 2 tilde al\u0131p bar\u0131l\u011fan mektepte bulund\u0131lar.<\/p>\n\n\n\n<p>Bu mekteplerden \u011fayr\u0131 leyha Qarasubazar rayon\u0131n\u0131\u00f1 Alevke (Annovka), C\u00fcr\u00e7i rayon\u0131n\u0131\u00f1 Sar\u0131- Ba\u015f, Qurman rayon\u0131n\u0131\u00f1 B\u00fcy\u00fck- Onlar, Aqmescit rayon\u0131n\u0131\u00f1 Bul\u011fanaq, Cank\u00f6y rayon\u0131n\u0131\u00f1 Qalay mekteplerinde amelge ke\u00e7irile. Bu mekteplerde de a\u015fhane, s\u0131n\u0131f ve fen odalar\u0131 tamir etilip kerekli melzeme, orgtehnika ve e\u015fyalar al\u0131nd\u0131.<\/p>\n\n\n\n<p>S.Kacametova leyha neticesinde milliy mekteplerimizni\u00f1 talim-terbiye ceryan\u0131 y\u00fcksek basamaqqka k\u00f6teriler dep, \u00fcm\u00fct ete.\u00a0<\/p>\n\n\n\n<figure class=\"wp-block-gallery columns-3 is-cropped wp-block-gallery-1 is-layout-flex wp-block-gallery-is-layout-flex\"><ul class=\"blocks-gallery-grid\"><li class=\"blocks-gallery-item\"><figure><a href=\"http:\/\/qtmm.org\/wp-content\/uploads\/2022\/01\/4e48cf82c8174.jpeg\"><img loading=\"lazy\" decoding=\"async\" width=\"640\" height=\"480\" src=\"http:\/\/qtmm.org\/wp-content\/uploads\/2022\/01\/4e48cf82c8174.jpeg\" alt=\"\" data-id=\"25594\" data-full-url=\"http:\/\/qtmm.org\/wp-content\/uploads\/2022\/01\/4e48cf82c8174.jpeg\" data-link=\"http:\/\/qtmm.org\/?attachment_id=25594\" class=\"wp-image-25594\" srcset=\"https:\/\/qtmm.org\/wp-content\/uploads\/2022\/01\/4e48cf82c8174.jpeg 640w, https:\/\/qtmm.org\/wp-content\/uploads\/2022\/01\/4e48cf82c8174-300x225.jpeg 300w\" sizes=\"auto, (max-width: 640px) 100vw, 640px\" \/><\/a><\/figure><\/li><li class=\"blocks-gallery-item\"><figure><a href=\"http:\/\/qtmm.org\/wp-content\/uploads\/2022\/01\/4e48cf829ae92.jpeg\"><img loading=\"lazy\" decoding=\"async\" width=\"640\" height=\"480\" src=\"http:\/\/qtmm.org\/wp-content\/uploads\/2022\/01\/4e48cf829ae92.jpeg\" alt=\"\" data-id=\"25598\" data-full-url=\"http:\/\/qtmm.org\/wp-content\/uploads\/2022\/01\/4e48cf829ae92.jpeg\" data-link=\"http:\/\/qtmm.org\/?attachment_id=25598\" class=\"wp-image-25598\" srcset=\"https:\/\/qtmm.org\/wp-content\/uploads\/2022\/01\/4e48cf829ae92.jpeg 640w, https:\/\/qtmm.org\/wp-content\/uploads\/2022\/01\/4e48cf829ae92-300x225.jpeg 300w\" sizes=\"auto, (max-width: 640px) 100vw, 640px\" \/><\/a><\/figure><\/li><li class=\"blocks-gallery-item\"><figure><a href=\"http:\/\/qtmm.org\/wp-content\/uploads\/2022\/01\/4e48cf8268657.jpeg\"><img loading=\"lazy\" decoding=\"async\" width=\"640\" height=\"480\" src=\"http:\/\/qtmm.org\/wp-content\/uploads\/2022\/01\/4e48cf8268657.jpeg\" alt=\"\" data-id=\"25602\" data-full-url=\"http:\/\/qtmm.org\/wp-content\/uploads\/2022\/01\/4e48cf8268657.jpeg\" data-link=\"http:\/\/qtmm.org\/?attachment_id=25602\" class=\"wp-image-25602\" srcset=\"https:\/\/qtmm.org\/wp-content\/uploads\/2022\/01\/4e48cf8268657.jpeg 640w, https:\/\/qtmm.org\/wp-content\/uploads\/2022\/01\/4e48cf8268657-300x225.jpeg 300w\" sizes=\"auto, (max-width: 640px) 100vw, 640px\" \/><\/a><\/figure><\/li><\/ul><\/figure>\n\n\n\n<h1 class=\"wp-block-heading\">Haberlerge video<\/h1>\n\n\n\n<figure class=\"wp-block-embed is-type-rich is-provider-embed-handler wp-block-embed-embed-handler wp-embed-aspect-4-3 wp-has-aspect-ratio\"><div class=\"wp-block-embed__wrapper\">\n<iframe loading=\"lazy\" title=\"\u041e\u043a\u044a\u0443\u0432 \u0439\u044b\u043b\u044b \u0430\u0440\u0435\u0444\u0435\u0441\u0438\u043d\u0434\u0435\" width=\"640\" height=\"480\" src=\"https:\/\/www.youtube.com\/embed\/ghMU8PHswF4?feature=oembed\" frameborder=\"0\" allow=\"accelerometer; autoplay; clipboard-write; encrypted-media; gyroscope; picture-in-picture; web-share\" referrerpolicy=\"strict-origin-when-cross-origin\" allowfullscreen><\/iframe>\n<\/div><\/figure>\n","protected":false},"excerpt":{"rendered":"<p>Milliy Meclisni\u00f1 medeniyet ve tasil idaresini\u00f1\u00f6lba\u015f\u00e7\u0131s\u0131, &#8220;Maarif\u00e7i&#8221; birle\u015fmesini\u00f1 reisi Safure Kacametova milliy mekteplerni\u00f1 temeli tiklen\u00fcvinde t\u0131n\u0131ms\u0131z \u011fayret k\u00f6stergeni er keske bellidir. On\u0131\u00f1 te\u015febb\u00fcsinen ke\u00e7ken senesi \u0130SLAM \u0130NK\u0130\u015eAF BANK\u0130ni\u00f1 maddiy qoltutuv\u0131nda 9 milliy mektepler tamirlenip b\u00fct\u00fcn kerekli e\u015fyalar,orgtehnika,fen,tibbiyet, emek terbiyesi ve kompyuter kabinetlerinen taminlendi. 2011-2012 oquv y\u0131l\u0131na &#8220;Q\u0131r\u0131mtatar milliy mekteplerni\u00f1 maddiy tehnik bazas\u0131n\u0131 pekit\u00fcv&#8221; leyhas\u0131n\u0131\u00f1 II [&hellip;]<\/p>\n","protected":false},"author":1,"featured_media":25602,"comment_status":"open","ping_status":"open","sticky":false,"template":"","format":"standard","meta":{"inline_featured_image":false,"footnotes":""},"categories":[265],"tags":[],"class_list":["post-25593","post","type-post","status-publish","format-standard","has-post-thumbnail","hentry","category-haberler"],"acf":[],"yoast_head":"<!-- This site is optimized with the Yoast SEO plugin v27.4 - https:\/\/yoast.com\/product\/yoast-seo-wordpress\/ -->\n<title>Oquv y\u0131l\u0131 arefesinde - \u041c\u0435\u0434\u0436\u043b\u0456\u0441<\/title>\n<meta name=\"robots\" content=\"index, follow, max-snippet:-1, max-image-preview:large, max-video-preview:-1\" \/>\n<link rel=\"canonical\" href=\"https:\/\/qtmm.org\/qt\/oquv-yili-arefesinde\/\" \/>\n<meta property=\"og:locale\" content=\"en_US\" \/>\n<meta property=\"og:type\" content=\"article\" \/>\n<meta property=\"og:title\" content=\"Oquv y\u0131l\u0131 arefesinde - \u041c\u0435\u0434\u0436\u043b\u0456\u0441\" \/>\n<meta property=\"og:description\" content=\"Milliy Meclisni\u00f1 medeniyet ve tasil idaresini\u00f1\u00f6lba\u015f\u00e7\u0131s\u0131, &#8220;Maarif\u00e7i&#8221; birle\u015fmesini\u00f1 reisi Safure Kacametova milliy mekteplerni\u00f1 temeli tiklen\u00fcvinde t\u0131n\u0131ms\u0131z \u011fayret k\u00f6stergeni er keske bellidir. On\u0131\u00f1 te\u015febb\u00fcsinen ke\u00e7ken senesi \u0130SLAM \u0130NK\u0130\u015eAF BANK\u0130ni\u00f1 maddiy qoltutuv\u0131nda 9 milliy mektepler tamirlenip b\u00fct\u00fcn kerekli e\u015fyalar,orgtehnika,fen,tibbiyet, emek terbiyesi ve kompyuter kabinetlerinen taminlendi. 2011-2012 oquv y\u0131l\u0131na &#8220;Q\u0131r\u0131mtatar milliy mekteplerni\u00f1 maddiy tehnik bazas\u0131n\u0131 pekit\u00fcv&#8221; leyhas\u0131n\u0131\u00f1 II [&hellip;]\" \/>\n<meta property=\"og:url\" content=\"https:\/\/qtmm.org\/qt\/oquv-yili-arefesinde\/\" \/>\n<meta property=\"og:site_name\" content=\"\u041c\u0435\u0434\u0436\u043b\u0456\u0441\" \/>\n<meta property=\"article:publisher\" content=\"https:\/\/www.facebook.com\/qtmm.info\/\" \/>\n<meta property=\"article:published_time\" content=\"2011-08-15T11:24:00+00:00\" \/>\n<meta property=\"article:modified_time\" content=\"2022-01-19T11:25:31+00:00\" \/>\n<meta property=\"og:image\" content=\"https:\/\/qtmm.org\/wp-content\/uploads\/2022\/01\/4e48cf8268657.jpeg\" \/>\n\t<meta property=\"og:image:width\" content=\"640\" \/>\n\t<meta property=\"og:image:height\" content=\"480\" \/>\n\t<meta property=\"og:image:type\" content=\"image\/jpeg\" \/>\n<meta name=\"author\" content=\"Developer\" \/>\n<meta name=\"twitter:card\" content=\"summary_large_image\" \/>\n<meta name=\"twitter:label1\" content=\"Written by\" \/>\n\t<meta name=\"twitter:data1\" content=\"Developer\" \/>\n\t<meta name=\"twitter:label2\" content=\"Est. reading time\" \/>\n\t<meta name=\"twitter:data2\" content=\"1 minute\" \/>\n<script type=\"application\/ld+json\" class=\"yoast-schema-graph\">{\"@context\":\"https:\\\/\\\/schema.org\",\"@graph\":[{\"@type\":\"Article\",\"@id\":\"https:\\\/\\\/qtmm.org\\\/qt\\\/oquv-yili-arefesinde\\\/#article\",\"isPartOf\":{\"@id\":\"https:\\\/\\\/qtmm.org\\\/qt\\\/oquv-yili-arefesinde\\\/\"},\"author\":{\"name\":\"Developer\",\"@id\":\"https:\\\/\\\/qtmm.org\\\/qt\\\/#\\\/schema\\\/person\\\/de562469f971dec226ac06e60bbf74a7\"},\"headline\":\"Oquv y\u0131l\u0131 arefesinde\",\"datePublished\":\"2011-08-15T11:24:00+00:00\",\"dateModified\":\"2022-01-19T11:25:31+00:00\",\"mainEntityOfPage\":{\"@id\":\"https:\\\/\\\/qtmm.org\\\/qt\\\/oquv-yili-arefesinde\\\/\"},\"wordCount\":296,\"commentCount\":0,\"publisher\":{\"@id\":\"https:\\\/\\\/qtmm.org\\\/qt\\\/#organization\"},\"image\":{\"@id\":\"https:\\\/\\\/qtmm.org\\\/qt\\\/oquv-yili-arefesinde\\\/#primaryimage\"},\"thumbnailUrl\":\"https:\\\/\\\/qtmm.org\\\/wp-content\\\/uploads\\\/2022\\\/01\\\/4e48cf8268657.jpeg\",\"articleSection\":[\"Haberler\"],\"inLanguage\":\"qt\",\"potentialAction\":[{\"@type\":\"CommentAction\",\"name\":\"Comment\",\"target\":[\"https:\\\/\\\/qtmm.org\\\/qt\\\/oquv-yili-arefesinde\\\/#respond\"]}]},{\"@type\":\"WebPage\",\"@id\":\"https:\\\/\\\/qtmm.org\\\/qt\\\/oquv-yili-arefesinde\\\/\",\"url\":\"https:\\\/\\\/qtmm.org\\\/qt\\\/oquv-yili-arefesinde\\\/\",\"name\":\"Oquv y\u0131l\u0131 arefesinde - \u041c\u0435\u0434\u0436\u043b\u0456\u0441\",\"isPartOf\":{\"@id\":\"https:\\\/\\\/qtmm.org\\\/qt\\\/#website\"},\"primaryImageOfPage\":{\"@id\":\"https:\\\/\\\/qtmm.org\\\/qt\\\/oquv-yili-arefesinde\\\/#primaryimage\"},\"image\":{\"@id\":\"https:\\\/\\\/qtmm.org\\\/qt\\\/oquv-yili-arefesinde\\\/#primaryimage\"},\"thumbnailUrl\":\"https:\\\/\\\/qtmm.org\\\/wp-content\\\/uploads\\\/2022\\\/01\\\/4e48cf8268657.jpeg\",\"datePublished\":\"2011-08-15T11:24:00+00:00\",\"dateModified\":\"2022-01-19T11:25:31+00:00\",\"breadcrumb\":{\"@id\":\"https:\\\/\\\/qtmm.org\\\/qt\\\/oquv-yili-arefesinde\\\/#breadcrumb\"},\"inLanguage\":\"qt\",\"potentialAction\":[{\"@type\":\"ReadAction\",\"target\":[\"https:\\\/\\\/qtmm.org\\\/qt\\\/oquv-yili-arefesinde\\\/\"]}]},{\"@type\":\"ImageObject\",\"inLanguage\":\"qt\",\"@id\":\"https:\\\/\\\/qtmm.org\\\/qt\\\/oquv-yili-arefesinde\\\/#primaryimage\",\"url\":\"https:\\\/\\\/qtmm.org\\\/wp-content\\\/uploads\\\/2022\\\/01\\\/4e48cf8268657.jpeg\",\"contentUrl\":\"https:\\\/\\\/qtmm.org\\\/wp-content\\\/uploads\\\/2022\\\/01\\\/4e48cf8268657.jpeg\",\"width\":640,\"height\":480},{\"@type\":\"BreadcrumbList\",\"@id\":\"https:\\\/\\\/qtmm.org\\\/qt\\\/oquv-yili-arefesinde\\\/#breadcrumb\",\"itemListElement\":[{\"@type\":\"ListItem\",\"position\":1,\"name\":\"\u0413\u043e\u043b\u043e\u0432\u043d\u0430\",\"item\":\"https:\\\/\\\/qtmm.org\\\/qt\\\/\"},{\"@type\":\"ListItem\",\"position\":2,\"name\":\"Oquv y\u0131l\u0131 arefesinde\"}]},{\"@type\":\"WebSite\",\"@id\":\"https:\\\/\\\/qtmm.org\\\/qt\\\/#website\",\"url\":\"https:\\\/\\\/qtmm.org\\\/qt\\\/\",\"name\":\"\u041c\u0435\u0434\u0436\u043b\u0456\u0441\",\"description\":\"\",\"publisher\":{\"@id\":\"https:\\\/\\\/qtmm.org\\\/qt\\\/#organization\"},\"potentialAction\":[{\"@type\":\"SearchAction\",\"target\":{\"@type\":\"EntryPoint\",\"urlTemplate\":\"https:\\\/\\\/qtmm.org\\\/qt\\\/?s={search_term_string}\"},\"query-input\":{\"@type\":\"PropertyValueSpecification\",\"valueRequired\":true,\"valueName\":\"search_term_string\"}}],\"inLanguage\":\"qt\"},{\"@type\":\"Organization\",\"@id\":\"https:\\\/\\\/qtmm.org\\\/qt\\\/#organization\",\"name\":\"\u041c\u0435\u0434\u0436\u043b\u0456\u0441\",\"url\":\"https:\\\/\\\/qtmm.org\\\/qt\\\/\",\"logo\":{\"@type\":\"ImageObject\",\"inLanguage\":\"qt\",\"@id\":\"https:\\\/\\\/qtmm.org\\\/qt\\\/#\\\/schema\\\/logo\\\/image\\\/\",\"url\":\"https:\\\/\\\/qtmm.org\\\/wp-content\\\/uploads\\\/2024\\\/12\\\/ua-mejlis-logo-rgb.svg\",\"contentUrl\":\"https:\\\/\\\/qtmm.org\\\/wp-content\\\/uploads\\\/2024\\\/12\\\/ua-mejlis-logo-rgb.svg\",\"caption\":\"\u041c\u0435\u0434\u0436\u043b\u0456\u0441\"},\"image\":{\"@id\":\"https:\\\/\\\/qtmm.org\\\/qt\\\/#\\\/schema\\\/logo\\\/image\\\/\"},\"sameAs\":[\"https:\\\/\\\/www.facebook.com\\\/qtmm.info\\\/\"]},{\"@type\":\"Person\",\"@id\":\"https:\\\/\\\/qtmm.org\\\/qt\\\/#\\\/schema\\\/person\\\/de562469f971dec226ac06e60bbf74a7\",\"name\":\"Developer\",\"image\":{\"@type\":\"ImageObject\",\"inLanguage\":\"qt\",\"@id\":\"https:\\\/\\\/secure.gravatar.com\\\/avatar\\\/392b4cc8fbfeb00b39dfeeab4ee6edded39ffd48e25858637e4765810300227e?s=96&d=mm&r=g\",\"url\":\"https:\\\/\\\/secure.gravatar.com\\\/avatar\\\/392b4cc8fbfeb00b39dfeeab4ee6edded39ffd48e25858637e4765810300227e?s=96&d=mm&r=g\",\"contentUrl\":\"https:\\\/\\\/secure.gravatar.com\\\/avatar\\\/392b4cc8fbfeb00b39dfeeab4ee6edded39ffd48e25858637e4765810300227e?s=96&d=mm&r=g\",\"caption\":\"Developer\"},\"url\":\"https:\\\/\\\/qtmm.org\\\/qt\\\/author\\\/Developer\\\/\"}]}<\/script>\n<!-- \/ Yoast SEO plugin. -->","yoast_head_json":{"title":"Oquv y\u0131l\u0131 arefesinde - \u041c\u0435\u0434\u0436\u043b\u0456\u0441","robots":{"index":"index","follow":"follow","max-snippet":"max-snippet:-1","max-image-preview":"max-image-preview:large","max-video-preview":"max-video-preview:-1"},"canonical":"https:\/\/qtmm.org\/qt\/oquv-yili-arefesinde\/","og_locale":"en_US","og_type":"article","og_title":"Oquv y\u0131l\u0131 arefesinde - \u041c\u0435\u0434\u0436\u043b\u0456\u0441","og_description":"Milliy Meclisni\u00f1 medeniyet ve tasil idaresini\u00f1\u00f6lba\u015f\u00e7\u0131s\u0131, &#8220;Maarif\u00e7i&#8221; birle\u015fmesini\u00f1 reisi Safure Kacametova milliy mekteplerni\u00f1 temeli tiklen\u00fcvinde t\u0131n\u0131ms\u0131z \u011fayret k\u00f6stergeni er keske bellidir. On\u0131\u00f1 te\u015febb\u00fcsinen ke\u00e7ken senesi \u0130SLAM \u0130NK\u0130\u015eAF BANK\u0130ni\u00f1 maddiy qoltutuv\u0131nda 9 milliy mektepler tamirlenip b\u00fct\u00fcn kerekli e\u015fyalar,orgtehnika,fen,tibbiyet, emek terbiyesi ve kompyuter kabinetlerinen taminlendi. 2011-2012 oquv y\u0131l\u0131na &#8220;Q\u0131r\u0131mtatar milliy mekteplerni\u00f1 maddiy tehnik bazas\u0131n\u0131 pekit\u00fcv&#8221; leyhas\u0131n\u0131\u00f1 II [&hellip;]","og_url":"https:\/\/qtmm.org\/qt\/oquv-yili-arefesinde\/","og_site_name":"\u041c\u0435\u0434\u0436\u043b\u0456\u0441","article_publisher":"https:\/\/www.facebook.com\/qtmm.info\/","article_published_time":"2011-08-15T11:24:00+00:00","article_modified_time":"2022-01-19T11:25:31+00:00","og_image":[{"width":640,"height":480,"url":"https:\/\/qtmm.org\/wp-content\/uploads\/2022\/01\/4e48cf8268657.jpeg","type":"image\/jpeg"}],"author":"Developer","twitter_card":"summary_large_image","twitter_misc":{"Written by":"Developer","Est. reading time":"1 minute"},"schema":{"@context":"https:\/\/schema.org","@graph":[{"@type":"Article","@id":"https:\/\/qtmm.org\/qt\/oquv-yili-arefesinde\/#article","isPartOf":{"@id":"https:\/\/qtmm.org\/qt\/oquv-yili-arefesinde\/"},"author":{"name":"Developer","@id":"https:\/\/qtmm.org\/qt\/#\/schema\/person\/de562469f971dec226ac06e60bbf74a7"},"headline":"Oquv y\u0131l\u0131 arefesinde","datePublished":"2011-08-15T11:24:00+00:00","dateModified":"2022-01-19T11:25:31+00:00","mainEntityOfPage":{"@id":"https:\/\/qtmm.org\/qt\/oquv-yili-arefesinde\/"},"wordCount":296,"commentCount":0,"publisher":{"@id":"https:\/\/qtmm.org\/qt\/#organization"},"image":{"@id":"https:\/\/qtmm.org\/qt\/oquv-yili-arefesinde\/#primaryimage"},"thumbnailUrl":"https:\/\/qtmm.org\/wp-content\/uploads\/2022\/01\/4e48cf8268657.jpeg","articleSection":["Haberler"],"inLanguage":"qt","potentialAction":[{"@type":"CommentAction","name":"Comment","target":["https:\/\/qtmm.org\/qt\/oquv-yili-arefesinde\/#respond"]}]},{"@type":"WebPage","@id":"https:\/\/qtmm.org\/qt\/oquv-yili-arefesinde\/","url":"https:\/\/qtmm.org\/qt\/oquv-yili-arefesinde\/","name":"Oquv y\u0131l\u0131 arefesinde - \u041c\u0435\u0434\u0436\u043b\u0456\u0441","isPartOf":{"@id":"https:\/\/qtmm.org\/qt\/#website"},"primaryImageOfPage":{"@id":"https:\/\/qtmm.org\/qt\/oquv-yili-arefesinde\/#primaryimage"},"image":{"@id":"https:\/\/qtmm.org\/qt\/oquv-yili-arefesinde\/#primaryimage"},"thumbnailUrl":"https:\/\/qtmm.org\/wp-content\/uploads\/2022\/01\/4e48cf8268657.jpeg","datePublished":"2011-08-15T11:24:00+00:00","dateModified":"2022-01-19T11:25:31+00:00","breadcrumb":{"@id":"https:\/\/qtmm.org\/qt\/oquv-yili-arefesinde\/#breadcrumb"},"inLanguage":"qt","potentialAction":[{"@type":"ReadAction","target":["https:\/\/qtmm.org\/qt\/oquv-yili-arefesinde\/"]}]},{"@type":"ImageObject","inLanguage":"qt","@id":"https:\/\/qtmm.org\/qt\/oquv-yili-arefesinde\/#primaryimage","url":"https:\/\/qtmm.org\/wp-content\/uploads\/2022\/01\/4e48cf8268657.jpeg","contentUrl":"https:\/\/qtmm.org\/wp-content\/uploads\/2022\/01\/4e48cf8268657.jpeg","width":640,"height":480},{"@type":"BreadcrumbList","@id":"https:\/\/qtmm.org\/qt\/oquv-yili-arefesinde\/#breadcrumb","itemListElement":[{"@type":"ListItem","position":1,"name":"\u0413\u043e\u043b\u043e\u0432\u043d\u0430","item":"https:\/\/qtmm.org\/qt\/"},{"@type":"ListItem","position":2,"name":"Oquv y\u0131l\u0131 arefesinde"}]},{"@type":"WebSite","@id":"https:\/\/qtmm.org\/qt\/#website","url":"https:\/\/qtmm.org\/qt\/","name":"\u041c\u0435\u0434\u0436\u043b\u0456\u0441","description":"","publisher":{"@id":"https:\/\/qtmm.org\/qt\/#organization"},"potentialAction":[{"@type":"SearchAction","target":{"@type":"EntryPoint","urlTemplate":"https:\/\/qtmm.org\/qt\/?s={search_term_string}"},"query-input":{"@type":"PropertyValueSpecification","valueRequired":true,"valueName":"search_term_string"}}],"inLanguage":"qt"},{"@type":"Organization","@id":"https:\/\/qtmm.org\/qt\/#organization","name":"\u041c\u0435\u0434\u0436\u043b\u0456\u0441","url":"https:\/\/qtmm.org\/qt\/","logo":{"@type":"ImageObject","inLanguage":"qt","@id":"https:\/\/qtmm.org\/qt\/#\/schema\/logo\/image\/","url":"https:\/\/qtmm.org\/wp-content\/uploads\/2024\/12\/ua-mejlis-logo-rgb.svg","contentUrl":"https:\/\/qtmm.org\/wp-content\/uploads\/2024\/12\/ua-mejlis-logo-rgb.svg","caption":"\u041c\u0435\u0434\u0436\u043b\u0456\u0441"},"image":{"@id":"https:\/\/qtmm.org\/qt\/#\/schema\/logo\/image\/"},"sameAs":["https:\/\/www.facebook.com\/qtmm.info\/"]},{"@type":"Person","@id":"https:\/\/qtmm.org\/qt\/#\/schema\/person\/de562469f971dec226ac06e60bbf74a7","name":"Developer","image":{"@type":"ImageObject","inLanguage":"qt","@id":"https:\/\/secure.gravatar.com\/avatar\/392b4cc8fbfeb00b39dfeeab4ee6edded39ffd48e25858637e4765810300227e?s=96&d=mm&r=g","url":"https:\/\/secure.gravatar.com\/avatar\/392b4cc8fbfeb00b39dfeeab4ee6edded39ffd48e25858637e4765810300227e?s=96&d=mm&r=g","contentUrl":"https:\/\/secure.gravatar.com\/avatar\/392b4cc8fbfeb00b39dfeeab4ee6edded39ffd48e25858637e4765810300227e?s=96&d=mm&r=g","caption":"Developer"},"url":"https:\/\/qtmm.org\/qt\/author\/Developer\/"}]}},"_links":{"self":[{"href":"https:\/\/qtmm.org\/qt\/wp-json\/wp\/v2\/posts\/25593","targetHints":{"allow":["GET"]}}],"collection":[{"href":"https:\/\/qtmm.org\/qt\/wp-json\/wp\/v2\/posts"}],"about":[{"href":"https:\/\/qtmm.org\/qt\/wp-json\/wp\/v2\/types\/post"}],"author":[{"embeddable":true,"href":"https:\/\/qtmm.org\/qt\/wp-json\/wp\/v2\/users\/1"}],"replies":[{"embeddable":true,"href":"https:\/\/qtmm.org\/qt\/wp-json\/wp\/v2\/comments?post=25593"}],"version-history":[{"count":1,"href":"https:\/\/qtmm.org\/qt\/wp-json\/wp\/v2\/posts\/25593\/revisions"}],"predecessor-version":[{"id":25607,"href":"https:\/\/qtmm.org\/qt\/wp-json\/wp\/v2\/posts\/25593\/revisions\/25607"}],"wp:featuredmedia":[{"embeddable":true,"href":"https:\/\/qtmm.org\/qt\/wp-json\/wp\/v2\/media\/25602"}],"wp:attachment":[{"href":"https:\/\/qtmm.org\/qt\/wp-json\/wp\/v2\/media?parent=25593"}],"wp:term":[{"taxonomy":"category","embeddable":true,"href":"https:\/\/qtmm.org\/qt\/wp-json\/wp\/v2\/categories?post=25593"},{"taxonomy":"post_tag","embeddable":true,"href":"https:\/\/qtmm.org\/qt\/wp-json\/wp\/v2\/tags?post=25593"}],"curies":[{"name":"wp","href":"https:\/\/api.w.org\/{rel}","templated":true}]}}