




{"id":25591,"date":"2011-08-13T14:23:00","date_gmt":"2011-08-13T11:23:00","guid":{"rendered":"http:\/\/qtmm.org\/?p=25591"},"modified":"2022-01-19T14:23:46","modified_gmt":"2022-01-19T11:23:46","slug":"meclis-azalari-avropa-birliginin-ukrainadaki-temsilciliginin-basi-joze-manuel-pintu-teyseyra-ile-korustiler","status":"publish","type":"post","link":"https:\/\/qtmm.org\/qt\/meclis-azalari-avropa-birliginin-ukrainadaki-temsilciliginin-basi-joze-manuel-pintu-teyseyra-ile-korustiler\/","title":{"rendered":"Meclis azalar\u0131 Avropa Birligini\u00f1 Ukrainadaki Temsilciligini\u00f1 ba\u015f\u0131 Joze Manuel Pintu Tey\u015feyra ile k\u00f6r\u00fc\u015ftiler"},"content":{"rendered":"\n<p>2011 senesi avgust 11 k\u00fcn\u00fc Ba\u011f\u00e7asarayda B\u00fct\u00fcnd\u00fcnya q\u0131r\u0131mtatarlar kongressini\u00f1 prezidenti, Meclis reisini\u00f1 birinci muavini Refat \u00c7ubarov Avropa Birligini\u00f1 Ukrainadaki Temsilciligini\u00f1 ba\u015f\u0131, el\u00e7i Joze Manuel Pintu Tey\u015feyra ile k\u00f6r\u00fc\u015fti.<\/p>\n\n\n\n<p>K\u00f6r\u00fc\u015f\u00fcvde AB Ukrainadaki Temsilciligini\u00f1 yerli ve regional inki\u015faf leyhalar\u0131n\u0131\u00f1 yolba\u015f\u00e7\u0131s\u0131 Entso Damiani ve Meclisni\u00f1 t\u0131\u015fq\u0131 al\u00e2qalar b\u00f6l\u00fcgini\u00f1 ba\u015f\u0131 Ali Hamzin.<\/p>\n\n\n\n<p>K\u00f6r\u00fc\u015f\u00fcvde Q\u0131r\u0131mtatar halq\u0131n\u0131\u00f1 \u00f6z Vatan\u0131nda aq-uquqlar\u0131n\u0131 \u011fayr\u0131dan tiklev boyunca halqara forum\u011fa az\u0131rl\u0131q k\u00f6r\u00fcvnen ba\u011fl\u0131 meseleler baq\u0131ld\u0131.<\/p>\n\n\n\n<p>Avropa Birligini\u00f1 Ukrainadaki Temsilciligini\u00f1 ba\u015f\u0131, el\u00e7i Joze Manuel Pintu Tey\u015feyra \u015fun\u0131 qayd etti ki, mezk\u00fcr k\u00f6r\u00fc\u015f\u00fcv Avropa parlamentini\u00f1 prezidenti Yeji B\u00fczekni\u00f1 avalesine k\u00f6re ke\u00e7irilmekte. Bu, on\u0131\u00f1 ve Avropa parlamenti deputatlar\u0131n\u0131\u00f1 ad\u0131na Meclis reisi Mustafa Cemilev yolla\u011fan mekt\u00fcpke cevab\u0131d\u0131r. \u00d6z muracaat\u0131nda Meclis reisi q\u0131r\u0131mtatar halq\u0131n\u0131\u00f1 bug\u00fcnki vaziyetini tarif eterek, yaq\u0131n vaq\u0131tta q\u0131r\u0131mtatar halq\u0131n\u0131\u00f1 \u00f6z Vatan\u0131nda aq-uquqlar\u0131n\u0131 \u011fayr\u0131dan tiklev, on\u0131\u00f1 Ukrainada tel\u00fckesizligi ve inki\u015faf\u0131n\u0131 teminlev boyunca halqara forum \u00f6tkerilmesini\u00f1 l\u00e2zimligini deliller esas\u0131nda a\u00f1latt\u0131.<\/p>\n\n\n\n<p>Halqara forumn\u0131 az\u0131rlav ve \u00f6tker\u00fcvnen ba\u011fl\u0131 meseleler boyunca Q\u0131r\u0131mtatar halq\u0131 Meclisini\u00f1 noqtai nazar\u0131n\u0131 beyan etken Refat \u00c7ubarov &#8220;Halqara forum ke\u00e7irilmesini\u00f1 zarurl\u0131\u011f\u0131n\u0131 a\u00f1la\u011fan Ukraina \u00fck\u00fcmeti de m\u00fcsbet qarar al\u0131r, \u00e7\u00fcnki q\u0131r\u0131mtatar halq\u0131n\u0131\u00f1 yerle\u015f\u00fcvi ve inki\u015faf\u0131nen ba\u011fl\u0131 meseleler \u00e7ezilmesini\u00f1 sozulmas\u0131, q\u0131r\u0131mtatar halq\u0131n\u0131\u00f1 aq-uquqlar\u0131n\u0131 tiklev o\u011frunda ameliy areket yapma\u011fan\u0131 Avropa birligine kirmege az\u0131rlan\u011fan Ukrainan\u0131\u00f1 \u00f6gge s\u00fcrgen \u011fayelerine uymay&#8221;, dedi<\/p>\n\n\n\n<p>Diger meseleler s\u0131ras\u0131nda k\u00f6r\u00fc\u015f\u00fcv i\u015ftirak\u00e7ileri Q\u0131r\u0131m ve Ukrainada i\u00e7timaiy-siyasiy vaziyetnen ba\u011fl\u0131 so\u00f1ki adiselerni de muzakere ettiler. C\u00fcmleden, Refat \u00c7ubarov Avropa Birligini\u00f1 Ukrainadaki Temsilciligini\u00f1 ba\u015f\u0131, el\u00e7i cenap Joze Manuel Pintu Tey\u015feyran\u0131 Q\u0131r\u0131mtatar halq\u0131 Meclisini\u00f1 &#8220;Batkiv\u015f\u00e7ina&#8221; siyasiy partiyan\u0131\u00f1 lideri Yuliya Timo\u015fenkon\u0131\u00f1 tevqif etilmesi munasebeti ile beyanat\u0131nen tan\u0131\u015f etti.<\/p>\n\n\n\n<p>K\u00f6r\u00fc\u015f\u00fcv i\u015ftirak\u00e7ileri Meclis ve Ukrainada Avropa Birligi Temsilciligi aras\u0131nda ol\u011fan daimiy k\u00f6r\u00fc\u015f\u00fcv ve fikir payla\u015fuvlarn\u0131\u00f1 cemiyet inki\u015faf\u0131, q\u0131r\u0131mtatar halq\u0131 uquqlar\u0131n\u0131\u00f1 tiklenmesi meselelerini\u00f1 al etilmesinde b\u00fcy\u00fck emiyetini qayd etip, bu i\u015fni devam ettirmek istegini bildirdiler.<\/p>\n","protected":false},"excerpt":{"rendered":"<p>2011 senesi avgust 11 k\u00fcn\u00fc Ba\u011f\u00e7asarayda B\u00fct\u00fcnd\u00fcnya q\u0131r\u0131mtatarlar kongressini\u00f1 prezidenti, Meclis reisini\u00f1 birinci muavini Refat \u00c7ubarov Avropa Birligini\u00f1 Ukrainadaki Temsilciligini\u00f1 ba\u015f\u0131, el\u00e7i Joze Manuel Pintu Tey\u015feyra ile k\u00f6r\u00fc\u015fti. K\u00f6r\u00fc\u015f\u00fcvde AB Ukrainadaki Temsilciligini\u00f1 yerli ve regional inki\u015faf leyhalar\u0131n\u0131\u00f1 yolba\u015f\u00e7\u0131s\u0131 Entso Damiani ve Meclisni\u00f1 t\u0131\u015fq\u0131 al\u00e2qalar b\u00f6l\u00fcgini\u00f1 ba\u015f\u0131 Ali Hamzin. K\u00f6r\u00fc\u015f\u00fcvde Q\u0131r\u0131mtatar halq\u0131n\u0131\u00f1 \u00f6z Vatan\u0131nda aq-uquqlar\u0131n\u0131 \u011fayr\u0131dan [&hellip;]<\/p>\n","protected":false},"author":1,"featured_media":0,"comment_status":"open","ping_status":"open","sticky":false,"template":"","format":"standard","meta":{"inline_featured_image":false,"footnotes":""},"categories":[265],"tags":[],"class_list":["post-25591","post","type-post","status-publish","format-standard","hentry","category-haberler"],"acf":[],"yoast_head":"<!-- This site is optimized with the Yoast SEO plugin v27.4 - https:\/\/yoast.com\/product\/yoast-seo-wordpress\/ -->\n<title>Meclis azalar\u0131 Avropa Birligini\u00f1 Ukrainadaki Temsilciligini\u00f1 ba\u015f\u0131 Joze Manuel Pintu Tey\u015feyra ile k\u00f6r\u00fc\u015ftiler - \u041c\u0435\u0434\u0436\u043b\u0456\u0441<\/title>\n<meta name=\"robots\" content=\"index, follow, max-snippet:-1, max-image-preview:large, max-video-preview:-1\" \/>\n<link rel=\"canonical\" href=\"https:\/\/qtmm.org\/qt\/meclis-azalari-avropa-birliginin-ukrainadaki-temsilciliginin-basi-joze-manuel-pintu-teyseyra-ile-korustiler\/\" \/>\n<meta property=\"og:locale\" content=\"en_US\" \/>\n<meta property=\"og:type\" content=\"article\" \/>\n<meta property=\"og:title\" content=\"Meclis azalar\u0131 Avropa Birligini\u00f1 Ukrainadaki Temsilciligini\u00f1 ba\u015f\u0131 Joze Manuel Pintu Tey\u015feyra ile k\u00f6r\u00fc\u015ftiler - \u041c\u0435\u0434\u0436\u043b\u0456\u0441\" \/>\n<meta property=\"og:description\" content=\"2011 senesi avgust 11 k\u00fcn\u00fc Ba\u011f\u00e7asarayda B\u00fct\u00fcnd\u00fcnya q\u0131r\u0131mtatarlar kongressini\u00f1 prezidenti, Meclis reisini\u00f1 birinci muavini Refat \u00c7ubarov Avropa Birligini\u00f1 Ukrainadaki Temsilciligini\u00f1 ba\u015f\u0131, el\u00e7i Joze Manuel Pintu Tey\u015feyra ile k\u00f6r\u00fc\u015fti. K\u00f6r\u00fc\u015f\u00fcvde AB Ukrainadaki Temsilciligini\u00f1 yerli ve regional inki\u015faf leyhalar\u0131n\u0131\u00f1 yolba\u015f\u00e7\u0131s\u0131 Entso Damiani ve Meclisni\u00f1 t\u0131\u015fq\u0131 al\u00e2qalar b\u00f6l\u00fcgini\u00f1 ba\u015f\u0131 Ali Hamzin. K\u00f6r\u00fc\u015f\u00fcvde Q\u0131r\u0131mtatar halq\u0131n\u0131\u00f1 \u00f6z Vatan\u0131nda aq-uquqlar\u0131n\u0131 \u011fayr\u0131dan [&hellip;]\" \/>\n<meta property=\"og:url\" content=\"https:\/\/qtmm.org\/qt\/meclis-azalari-avropa-birliginin-ukrainadaki-temsilciliginin-basi-joze-manuel-pintu-teyseyra-ile-korustiler\/\" \/>\n<meta property=\"og:site_name\" content=\"\u041c\u0435\u0434\u0436\u043b\u0456\u0441\" \/>\n<meta property=\"article:publisher\" content=\"https:\/\/www.facebook.com\/qtmm.info\/\" \/>\n<meta property=\"article:published_time\" content=\"2011-08-13T11:23:00+00:00\" \/>\n<meta property=\"article:modified_time\" content=\"2022-01-19T11:23:46+00:00\" \/>\n<meta name=\"author\" content=\"Developer\" \/>\n<meta name=\"twitter:card\" content=\"summary_large_image\" \/>\n<meta name=\"twitter:label1\" content=\"Written by\" \/>\n\t<meta name=\"twitter:data1\" content=\"Developer\" \/>\n\t<meta name=\"twitter:label2\" content=\"Est. reading time\" \/>\n\t<meta name=\"twitter:data2\" content=\"2 minutes\" \/>\n<script type=\"application\/ld+json\" class=\"yoast-schema-graph\">{\"@context\":\"https:\\\/\\\/schema.org\",\"@graph\":[{\"@type\":\"Article\",\"@id\":\"https:\\\/\\\/qtmm.org\\\/qt\\\/meclis-azalari-avropa-birliginin-ukrainadaki-temsilciliginin-basi-joze-manuel-pintu-teyseyra-ile-korustiler\\\/#article\",\"isPartOf\":{\"@id\":\"https:\\\/\\\/qtmm.org\\\/qt\\\/meclis-azalari-avropa-birliginin-ukrainadaki-temsilciliginin-basi-joze-manuel-pintu-teyseyra-ile-korustiler\\\/\"},\"author\":{\"name\":\"Developer\",\"@id\":\"https:\\\/\\\/qtmm.org\\\/qt\\\/#\\\/schema\\\/person\\\/de562469f971dec226ac06e60bbf74a7\"},\"headline\":\"Meclis azalar\u0131 Avropa Birligini\u00f1 Ukrainadaki Temsilciligini\u00f1 ba\u015f\u0131 Joze Manuel Pintu Tey\u015feyra ile k\u00f6r\u00fc\u015ftiler\",\"datePublished\":\"2011-08-13T11:23:00+00:00\",\"dateModified\":\"2022-01-19T11:23:46+00:00\",\"mainEntityOfPage\":{\"@id\":\"https:\\\/\\\/qtmm.org\\\/qt\\\/meclis-azalari-avropa-birliginin-ukrainadaki-temsilciliginin-basi-joze-manuel-pintu-teyseyra-ile-korustiler\\\/\"},\"wordCount\":417,\"commentCount\":0,\"publisher\":{\"@id\":\"https:\\\/\\\/qtmm.org\\\/qt\\\/#organization\"},\"articleSection\":[\"Haberler\"],\"inLanguage\":\"qt\",\"potentialAction\":[{\"@type\":\"CommentAction\",\"name\":\"Comment\",\"target\":[\"https:\\\/\\\/qtmm.org\\\/qt\\\/meclis-azalari-avropa-birliginin-ukrainadaki-temsilciliginin-basi-joze-manuel-pintu-teyseyra-ile-korustiler\\\/#respond\"]}]},{\"@type\":\"WebPage\",\"@id\":\"https:\\\/\\\/qtmm.org\\\/qt\\\/meclis-azalari-avropa-birliginin-ukrainadaki-temsilciliginin-basi-joze-manuel-pintu-teyseyra-ile-korustiler\\\/\",\"url\":\"https:\\\/\\\/qtmm.org\\\/qt\\\/meclis-azalari-avropa-birliginin-ukrainadaki-temsilciliginin-basi-joze-manuel-pintu-teyseyra-ile-korustiler\\\/\",\"name\":\"Meclis azalar\u0131 Avropa Birligini\u00f1 Ukrainadaki Temsilciligini\u00f1 ba\u015f\u0131 Joze Manuel Pintu Tey\u015feyra ile k\u00f6r\u00fc\u015ftiler - \u041c\u0435\u0434\u0436\u043b\u0456\u0441\",\"isPartOf\":{\"@id\":\"https:\\\/\\\/qtmm.org\\\/qt\\\/#website\"},\"datePublished\":\"2011-08-13T11:23:00+00:00\",\"dateModified\":\"2022-01-19T11:23:46+00:00\",\"breadcrumb\":{\"@id\":\"https:\\\/\\\/qtmm.org\\\/qt\\\/meclis-azalari-avropa-birliginin-ukrainadaki-temsilciliginin-basi-joze-manuel-pintu-teyseyra-ile-korustiler\\\/#breadcrumb\"},\"inLanguage\":\"qt\",\"potentialAction\":[{\"@type\":\"ReadAction\",\"target\":[\"https:\\\/\\\/qtmm.org\\\/qt\\\/meclis-azalari-avropa-birliginin-ukrainadaki-temsilciliginin-basi-joze-manuel-pintu-teyseyra-ile-korustiler\\\/\"]}]},{\"@type\":\"BreadcrumbList\",\"@id\":\"https:\\\/\\\/qtmm.org\\\/qt\\\/meclis-azalari-avropa-birliginin-ukrainadaki-temsilciliginin-basi-joze-manuel-pintu-teyseyra-ile-korustiler\\\/#breadcrumb\",\"itemListElement\":[{\"@type\":\"ListItem\",\"position\":1,\"name\":\"\u0413\u043e\u043b\u043e\u0432\u043d\u0430\",\"item\":\"https:\\\/\\\/qtmm.org\\\/qt\\\/\"},{\"@type\":\"ListItem\",\"position\":2,\"name\":\"Meclis azalar\u0131 Avropa Birligini\u00f1 Ukrainadaki Temsilciligini\u00f1 ba\u015f\u0131 Joze Manuel Pintu Tey\u015feyra ile k\u00f6r\u00fc\u015ftiler\"}]},{\"@type\":\"WebSite\",\"@id\":\"https:\\\/\\\/qtmm.org\\\/qt\\\/#website\",\"url\":\"https:\\\/\\\/qtmm.org\\\/qt\\\/\",\"name\":\"\u041c\u0435\u0434\u0436\u043b\u0456\u0441\",\"description\":\"\",\"publisher\":{\"@id\":\"https:\\\/\\\/qtmm.org\\\/qt\\\/#organization\"},\"potentialAction\":[{\"@type\":\"SearchAction\",\"target\":{\"@type\":\"EntryPoint\",\"urlTemplate\":\"https:\\\/\\\/qtmm.org\\\/qt\\\/?s={search_term_string}\"},\"query-input\":{\"@type\":\"PropertyValueSpecification\",\"valueRequired\":true,\"valueName\":\"search_term_string\"}}],\"inLanguage\":\"qt\"},{\"@type\":\"Organization\",\"@id\":\"https:\\\/\\\/qtmm.org\\\/qt\\\/#organization\",\"name\":\"\u041c\u0435\u0434\u0436\u043b\u0456\u0441\",\"url\":\"https:\\\/\\\/qtmm.org\\\/qt\\\/\",\"logo\":{\"@type\":\"ImageObject\",\"inLanguage\":\"qt\",\"@id\":\"https:\\\/\\\/qtmm.org\\\/qt\\\/#\\\/schema\\\/logo\\\/image\\\/\",\"url\":\"https:\\\/\\\/qtmm.org\\\/wp-content\\\/uploads\\\/2024\\\/12\\\/ua-mejlis-logo-rgb.svg\",\"contentUrl\":\"https:\\\/\\\/qtmm.org\\\/wp-content\\\/uploads\\\/2024\\\/12\\\/ua-mejlis-logo-rgb.svg\",\"caption\":\"\u041c\u0435\u0434\u0436\u043b\u0456\u0441\"},\"image\":{\"@id\":\"https:\\\/\\\/qtmm.org\\\/qt\\\/#\\\/schema\\\/logo\\\/image\\\/\"},\"sameAs\":[\"https:\\\/\\\/www.facebook.com\\\/qtmm.info\\\/\"]},{\"@type\":\"Person\",\"@id\":\"https:\\\/\\\/qtmm.org\\\/qt\\\/#\\\/schema\\\/person\\\/de562469f971dec226ac06e60bbf74a7\",\"name\":\"Developer\",\"image\":{\"@type\":\"ImageObject\",\"inLanguage\":\"qt\",\"@id\":\"https:\\\/\\\/secure.gravatar.com\\\/avatar\\\/392b4cc8fbfeb00b39dfeeab4ee6edded39ffd48e25858637e4765810300227e?s=96&d=mm&r=g\",\"url\":\"https:\\\/\\\/secure.gravatar.com\\\/avatar\\\/392b4cc8fbfeb00b39dfeeab4ee6edded39ffd48e25858637e4765810300227e?s=96&d=mm&r=g\",\"contentUrl\":\"https:\\\/\\\/secure.gravatar.com\\\/avatar\\\/392b4cc8fbfeb00b39dfeeab4ee6edded39ffd48e25858637e4765810300227e?s=96&d=mm&r=g\",\"caption\":\"Developer\"},\"url\":\"https:\\\/\\\/qtmm.org\\\/qt\\\/author\\\/Developer\\\/\"}]}<\/script>\n<!-- \/ Yoast SEO plugin. -->","yoast_head_json":{"title":"Meclis azalar\u0131 Avropa Birligini\u00f1 Ukrainadaki Temsilciligini\u00f1 ba\u015f\u0131 Joze Manuel Pintu Tey\u015feyra ile k\u00f6r\u00fc\u015ftiler - \u041c\u0435\u0434\u0436\u043b\u0456\u0441","robots":{"index":"index","follow":"follow","max-snippet":"max-snippet:-1","max-image-preview":"max-image-preview:large","max-video-preview":"max-video-preview:-1"},"canonical":"https:\/\/qtmm.org\/qt\/meclis-azalari-avropa-birliginin-ukrainadaki-temsilciliginin-basi-joze-manuel-pintu-teyseyra-ile-korustiler\/","og_locale":"en_US","og_type":"article","og_title":"Meclis azalar\u0131 Avropa Birligini\u00f1 Ukrainadaki Temsilciligini\u00f1 ba\u015f\u0131 Joze Manuel Pintu Tey\u015feyra ile k\u00f6r\u00fc\u015ftiler - \u041c\u0435\u0434\u0436\u043b\u0456\u0441","og_description":"2011 senesi avgust 11 k\u00fcn\u00fc Ba\u011f\u00e7asarayda B\u00fct\u00fcnd\u00fcnya q\u0131r\u0131mtatarlar kongressini\u00f1 prezidenti, Meclis reisini\u00f1 birinci muavini Refat \u00c7ubarov Avropa Birligini\u00f1 Ukrainadaki Temsilciligini\u00f1 ba\u015f\u0131, el\u00e7i Joze Manuel Pintu Tey\u015feyra ile k\u00f6r\u00fc\u015fti. K\u00f6r\u00fc\u015f\u00fcvde AB Ukrainadaki Temsilciligini\u00f1 yerli ve regional inki\u015faf leyhalar\u0131n\u0131\u00f1 yolba\u015f\u00e7\u0131s\u0131 Entso Damiani ve Meclisni\u00f1 t\u0131\u015fq\u0131 al\u00e2qalar b\u00f6l\u00fcgini\u00f1 ba\u015f\u0131 Ali Hamzin. K\u00f6r\u00fc\u015f\u00fcvde Q\u0131r\u0131mtatar halq\u0131n\u0131\u00f1 \u00f6z Vatan\u0131nda aq-uquqlar\u0131n\u0131 \u011fayr\u0131dan [&hellip;]","og_url":"https:\/\/qtmm.org\/qt\/meclis-azalari-avropa-birliginin-ukrainadaki-temsilciliginin-basi-joze-manuel-pintu-teyseyra-ile-korustiler\/","og_site_name":"\u041c\u0435\u0434\u0436\u043b\u0456\u0441","article_publisher":"https:\/\/www.facebook.com\/qtmm.info\/","article_published_time":"2011-08-13T11:23:00+00:00","article_modified_time":"2022-01-19T11:23:46+00:00","author":"Developer","twitter_card":"summary_large_image","twitter_misc":{"Written by":"Developer","Est. reading time":"2 minutes"},"schema":{"@context":"https:\/\/schema.org","@graph":[{"@type":"Article","@id":"https:\/\/qtmm.org\/qt\/meclis-azalari-avropa-birliginin-ukrainadaki-temsilciliginin-basi-joze-manuel-pintu-teyseyra-ile-korustiler\/#article","isPartOf":{"@id":"https:\/\/qtmm.org\/qt\/meclis-azalari-avropa-birliginin-ukrainadaki-temsilciliginin-basi-joze-manuel-pintu-teyseyra-ile-korustiler\/"},"author":{"name":"Developer","@id":"https:\/\/qtmm.org\/qt\/#\/schema\/person\/de562469f971dec226ac06e60bbf74a7"},"headline":"Meclis azalar\u0131 Avropa Birligini\u00f1 Ukrainadaki Temsilciligini\u00f1 ba\u015f\u0131 Joze Manuel Pintu Tey\u015feyra ile k\u00f6r\u00fc\u015ftiler","datePublished":"2011-08-13T11:23:00+00:00","dateModified":"2022-01-19T11:23:46+00:00","mainEntityOfPage":{"@id":"https:\/\/qtmm.org\/qt\/meclis-azalari-avropa-birliginin-ukrainadaki-temsilciliginin-basi-joze-manuel-pintu-teyseyra-ile-korustiler\/"},"wordCount":417,"commentCount":0,"publisher":{"@id":"https:\/\/qtmm.org\/qt\/#organization"},"articleSection":["Haberler"],"inLanguage":"qt","potentialAction":[{"@type":"CommentAction","name":"Comment","target":["https:\/\/qtmm.org\/qt\/meclis-azalari-avropa-birliginin-ukrainadaki-temsilciliginin-basi-joze-manuel-pintu-teyseyra-ile-korustiler\/#respond"]}]},{"@type":"WebPage","@id":"https:\/\/qtmm.org\/qt\/meclis-azalari-avropa-birliginin-ukrainadaki-temsilciliginin-basi-joze-manuel-pintu-teyseyra-ile-korustiler\/","url":"https:\/\/qtmm.org\/qt\/meclis-azalari-avropa-birliginin-ukrainadaki-temsilciliginin-basi-joze-manuel-pintu-teyseyra-ile-korustiler\/","name":"Meclis azalar\u0131 Avropa Birligini\u00f1 Ukrainadaki Temsilciligini\u00f1 ba\u015f\u0131 Joze Manuel Pintu Tey\u015feyra ile k\u00f6r\u00fc\u015ftiler - \u041c\u0435\u0434\u0436\u043b\u0456\u0441","isPartOf":{"@id":"https:\/\/qtmm.org\/qt\/#website"},"datePublished":"2011-08-13T11:23:00+00:00","dateModified":"2022-01-19T11:23:46+00:00","breadcrumb":{"@id":"https:\/\/qtmm.org\/qt\/meclis-azalari-avropa-birliginin-ukrainadaki-temsilciliginin-basi-joze-manuel-pintu-teyseyra-ile-korustiler\/#breadcrumb"},"inLanguage":"qt","potentialAction":[{"@type":"ReadAction","target":["https:\/\/qtmm.org\/qt\/meclis-azalari-avropa-birliginin-ukrainadaki-temsilciliginin-basi-joze-manuel-pintu-teyseyra-ile-korustiler\/"]}]},{"@type":"BreadcrumbList","@id":"https:\/\/qtmm.org\/qt\/meclis-azalari-avropa-birliginin-ukrainadaki-temsilciliginin-basi-joze-manuel-pintu-teyseyra-ile-korustiler\/#breadcrumb","itemListElement":[{"@type":"ListItem","position":1,"name":"\u0413\u043e\u043b\u043e\u0432\u043d\u0430","item":"https:\/\/qtmm.org\/qt\/"},{"@type":"ListItem","position":2,"name":"Meclis azalar\u0131 Avropa Birligini\u00f1 Ukrainadaki Temsilciligini\u00f1 ba\u015f\u0131 Joze Manuel Pintu Tey\u015feyra ile k\u00f6r\u00fc\u015ftiler"}]},{"@type":"WebSite","@id":"https:\/\/qtmm.org\/qt\/#website","url":"https:\/\/qtmm.org\/qt\/","name":"\u041c\u0435\u0434\u0436\u043b\u0456\u0441","description":"","publisher":{"@id":"https:\/\/qtmm.org\/qt\/#organization"},"potentialAction":[{"@type":"SearchAction","target":{"@type":"EntryPoint","urlTemplate":"https:\/\/qtmm.org\/qt\/?s={search_term_string}"},"query-input":{"@type":"PropertyValueSpecification","valueRequired":true,"valueName":"search_term_string"}}],"inLanguage":"qt"},{"@type":"Organization","@id":"https:\/\/qtmm.org\/qt\/#organization","name":"\u041c\u0435\u0434\u0436\u043b\u0456\u0441","url":"https:\/\/qtmm.org\/qt\/","logo":{"@type":"ImageObject","inLanguage":"qt","@id":"https:\/\/qtmm.org\/qt\/#\/schema\/logo\/image\/","url":"https:\/\/qtmm.org\/wp-content\/uploads\/2024\/12\/ua-mejlis-logo-rgb.svg","contentUrl":"https:\/\/qtmm.org\/wp-content\/uploads\/2024\/12\/ua-mejlis-logo-rgb.svg","caption":"\u041c\u0435\u0434\u0436\u043b\u0456\u0441"},"image":{"@id":"https:\/\/qtmm.org\/qt\/#\/schema\/logo\/image\/"},"sameAs":["https:\/\/www.facebook.com\/qtmm.info\/"]},{"@type":"Person","@id":"https:\/\/qtmm.org\/qt\/#\/schema\/person\/de562469f971dec226ac06e60bbf74a7","name":"Developer","image":{"@type":"ImageObject","inLanguage":"qt","@id":"https:\/\/secure.gravatar.com\/avatar\/392b4cc8fbfeb00b39dfeeab4ee6edded39ffd48e25858637e4765810300227e?s=96&d=mm&r=g","url":"https:\/\/secure.gravatar.com\/avatar\/392b4cc8fbfeb00b39dfeeab4ee6edded39ffd48e25858637e4765810300227e?s=96&d=mm&r=g","contentUrl":"https:\/\/secure.gravatar.com\/avatar\/392b4cc8fbfeb00b39dfeeab4ee6edded39ffd48e25858637e4765810300227e?s=96&d=mm&r=g","caption":"Developer"},"url":"https:\/\/qtmm.org\/qt\/author\/Developer\/"}]}},"_links":{"self":[{"href":"https:\/\/qtmm.org\/qt\/wp-json\/wp\/v2\/posts\/25591","targetHints":{"allow":["GET"]}}],"collection":[{"href":"https:\/\/qtmm.org\/qt\/wp-json\/wp\/v2\/posts"}],"about":[{"href":"https:\/\/qtmm.org\/qt\/wp-json\/wp\/v2\/types\/post"}],"author":[{"embeddable":true,"href":"https:\/\/qtmm.org\/qt\/wp-json\/wp\/v2\/users\/1"}],"replies":[{"embeddable":true,"href":"https:\/\/qtmm.org\/qt\/wp-json\/wp\/v2\/comments?post=25591"}],"version-history":[{"count":1,"href":"https:\/\/qtmm.org\/qt\/wp-json\/wp\/v2\/posts\/25591\/revisions"}],"predecessor-version":[{"id":25592,"href":"https:\/\/qtmm.org\/qt\/wp-json\/wp\/v2\/posts\/25591\/revisions\/25592"}],"wp:attachment":[{"href":"https:\/\/qtmm.org\/qt\/wp-json\/wp\/v2\/media?parent=25591"}],"wp:term":[{"taxonomy":"category","embeddable":true,"href":"https:\/\/qtmm.org\/qt\/wp-json\/wp\/v2\/categories?post=25591"},{"taxonomy":"post_tag","embeddable":true,"href":"https:\/\/qtmm.org\/qt\/wp-json\/wp\/v2\/tags?post=25591"}],"curies":[{"name":"wp","href":"https:\/\/api.w.org\/{rel}","templated":true}]}}