




{"id":25576,"date":"2011-08-12T14:18:00","date_gmt":"2011-08-12T11:18:00","guid":{"rendered":"http:\/\/qtmm.org\/?p=25576"},"modified":"2022-01-19T14:23:00","modified_gmt":"2022-01-19T11:23:00","slug":"agir-hasta-balalarga-yardim-beruv-merhametlik-aktsiyasi-devam-ete","status":"publish","type":"post","link":"https:\/\/qtmm.org\/qt\/agir-hasta-balalarga-yardim-beruv-merhametlik-aktsiyasi-devam-ete\/","title":{"rendered":"A\u011f\u0131r hasta balalar\u011fa yard\u0131m ber\u00fcv \u00abMerhametlik\u00bb aktsiyas\u0131 devam ete"},"content":{"rendered":"\n<p>Belli ki, so\u00f1ki y\u0131llarda Q\u0131r\u0131m musulmanlar\u0131 diniy idaresi ve Q\u0131r\u0131mtatar halq\u0131 Meclisini\u00f1 te\u015febb\u00fcsi ile &#8220;Merhametlik&#8221; &#8211; a\u011f\u0131r hasta balalar\u011fa yard\u0131m ber\u00fcv aktsiyas\u0131 \u00e7er\u00e7ivesinde para toplanmaqta. Aktsiya devam\u0131nda toplan\u011fan paralar komissiyan\u0131\u00f1 qarar\u0131 boyunca hasta balalarn\u0131\u00f1 ana-babalar\u0131na berile L\u00e2kin, mezk\u00fcr mesele bug\u00fcn de de aktualdir.<\/p>\n\n\n\n<p>M\u00fcftilikke yard\u0131m sorap muracaat etken insanlarn\u0131\u00f1 say\u0131s\u0131 eksilmey. \u015eun\u0131\u00f1 i\u00e7\u00fcn de Q\u0131r\u0131m musulmanlar\u0131n\u0131\u00f1 idaresi mubarek Ramazan ay\u0131nda kene de &#8220;Merhametlik&#8221; aktsiyas\u0131n\u0131 canland\u0131rmaq qarar\u0131n\u0131 ald\u0131.<\/p>\n\n\n\n<p>Hay\u0131rl\u0131, savap i\u015f yapma\u011fa istegenler paran\u0131 bivasta M\u00fcftilikke ya da yerlerdeki imamlardan berip yollay bileler.<\/p>\n\n\n\n<p>Bank vastas\u0131nen yard\u0131m etmege istegenler i\u00e7\u00fcn Q\u0131r\u0131m musulmanlar\u0131 diniy idaresini\u00f1 ve bun\u0131\u00f1 kibi de hasta balalarn\u0131\u00f1 \u015fahsiy rekvizitleri ketirile:<\/p>\n\n\n\n<p><strong><a href=\"http:\/\/qirimmuftiyat.org.ua\/index.php?lang=tat\" target=\"_blank\" rel=\"noreferrer noopener\">Q\u0131r\u0131m musulmanlar\u0131n\u0131\u00f1 diniy idaresi<\/a><\/strong><\/p>\n\n\n\n<p>Adres: Simferopol \u015f, Kur\u00e7atov soqa\u011f\u0131, 4<br>RAYFFAYZENBANK &#8220;AVAL&#8221; g. Kiyev OKPO 23450183<br>MFO 380805 R\/S 26007265062<br>T\u00f6lev maqsad\u0131\u00a0:\u00a0<strong>a\u011f\u0131r hastalar\u011fa hayriye yard\u0131m\u0131.<\/strong><\/p>\n\n\n\n<figure class=\"wp-block-embed is-type-video is-provider-youtube wp-block-embed-youtube wp-embed-aspect-4-3 wp-has-aspect-ratio\"><div class=\"wp-block-embed__wrapper\">\nhttps:\/\/youtu.be\/qOpeU8i8w7k\n<\/div><\/figure>\n\n\n\n<p><strong>1. Bil\u00e2lov Dil\u00e2ver Enverovi\u00e7, 18 ya\u015f\u0131nda.<\/strong><\/p>\n\n\n\n<p>Diagnoz&nbsp;\u2013 qapal\u0131 belkemik-omurtqa yaras\u0131.&nbsp; Bil\u00e2lov Dil\u00e2verni ayaqqa turmas\u0131 ve saqat arabas\u0131nda degil de \u00f6z\u00fc y\u00fcrmesi i\u00e7\u00fcn acele ameliyat zarur.<\/p>\n\n\n\n<p>\u041cal\u00fcmat k\u00e2\u011f\u0131t\u0131:\u00a0\u00a0\u00a0<a href=\"\/wp-content\/uploads\/2022\/01\/skan_kopiya_vypiska_str_1.1.jpg\" target=\"_blank\" rel=\"noreferrer noopener\">saife -1<\/a>,\u00a0\u00a0<a href=\"\/wp-content\/uploads\/2022\/01\/skan_kopiya_vypiska_str_1.2.jpg\" target=\"_blank\" rel=\"noreferrer noopener\">saife-2<\/a><\/p>\n\n\n\n<figure class=\"wp-block-embed is-type-video is-provider-youtube wp-block-embed-youtube wp-embed-aspect-4-3 wp-has-aspect-ratio\"><div class=\"wp-block-embed__wrapper\">\n<iframe loading=\"lazy\" title=\"\u0411\u0438\u043b\u044f\u043b\u043e\u0432 \u0414\u0438\u043b\u044f\u0432\u0435\u0440 \u042d\u043d\u0432\u0435\u0440\u043e\u0432\u0438\u0447_\u00ab\u041c\u0435\u0440\u0445\u0430\u043c\u0435\u0442\u043b\u0438\u043a\u00bb\" width=\"640\" height=\"480\" src=\"https:\/\/www.youtube.com\/embed\/nx4FL_1XUp0?feature=oembed\" frameborder=\"0\" allow=\"accelerometer; autoplay; clipboard-write; encrypted-media; gyroscope; picture-in-picture; web-share\" referrerpolicy=\"strict-origin-when-cross-origin\" allowfullscreen><\/iframe>\n<\/div><\/figure>\n\n\n\n<p><strong><u>Ba\u011flanmaq i\u00e7\u00fcn telefon:<\/u><\/strong>&nbsp;050 788 17 77 \u2013 babas\u0131 Bil\u00e2lov Enver<\/p>\n\n\n\n<p><strong>Bank rekvizitleri:<\/strong><\/p>\n\n\n\n<p>Al\u0131c\u0131: &nbsp;&nbsp;<strong>Bil\u00e2lov Dil\u00e2ver Enverovi\u00e7<\/strong><\/p>\n\n\n\n<p>Bankn\u0131\u00f1 ad\u0131:<strong>&nbsp; PrivatBank<\/strong><\/p>\n\n\n\n<p>Esap nomeri(m\u00fc\u015fteri esab\u0131)&nbsp;&nbsp;<strong>26202602275067<\/strong><\/p>\n\n\n\n<p>MFO &nbsp;&nbsp;<strong>305299<\/strong><\/p>\n\n\n\n<p>OKPO (\u0130NN m\u00fc\u015fteri) &nbsp;&nbsp;<strong>3229325356<\/strong><\/p>\n\n\n\n<p>T\u00f6lev maqsad\u0131:&nbsp;&nbsp;<strong>Bil\u00e2lov Dil\u00e2verge maddiy yard\u0131m<\/strong><\/p>\n\n\n\n<hr class=\"wp-block-separator\"\/>\n\n\n\n<p><strong>2. Abletifova Sevil\u00e2 Enverovna, 2,8 ya\u015f\u0131nda.<\/strong><\/p>\n\n\n\n<p>Diagnoz&nbsp;\u2013 eki taraflama sa\u011f\u0131r.<\/p>\n\n\n\n<p>Qulaqlar\u0131n\u0131\u00f1 i\u00e7ine implantant eklev boyunca acele ameliyat zarur. Ameliyat q\u0131z\u00e7\u0131qqa tek e\u015fitmek degil de, laf etip ba\u015flamaq ve sa\u011flam \u00f6smek imk\u00e2n\u0131n\u0131 berir.<\/p>\n\n\n\n<p><strong>Ba\u011flanmaq i\u00e7\u00fcn telefon:<\/strong>&nbsp;&nbsp; 050 773 70 20 \u2013 q\u0131zn\u0131\u00f1 ana-babas\u0131: Enver ve Elvina Abletifovlar<\/p>\n\n\n\n<p><strong>Bank rekvizitleri:<\/strong><\/p>\n\n\n\n<p>Al\u0131c\u0131: &nbsp;&nbsp;<strong>Abletifova Elvina Sayitovna<\/strong><\/p>\n\n\n\n<p>Bankn\u0131\u00f1 ad\u0131:&nbsp;&nbsp;&nbsp;<strong>PrivatBank<\/strong><\/p>\n\n\n\n<p>Esap nomeri (m\u00fc\u015fteri esab\u0131) &nbsp;&nbsp;&nbsp;<strong>262 026 016 06 303<\/strong><\/p>\n\n\n\n<p>MFO &nbsp;&nbsp;&nbsp;<strong>30 52 99<\/strong><\/p>\n\n\n\n<p>OKPO (\u0130NN m\u00fc\u015fteri) &nbsp;&nbsp;<strong>29 99 71 69 07<\/strong><\/p>\n\n\n\n<p>T\u00f6lev maqsad\u0131:&nbsp;<strong>Abletifova Sevil\u00e2\u011fa maddiy yard\u0131m<\/strong><\/p>\n\n\n\n<hr class=\"wp-block-separator\"\/>\n\n\n\n<p><strong>3. Abdurahmanov Alim Narimanovi\u00e7, 25 ya\u015f\u0131nda.<\/strong><\/p>\n\n\n\n<p>Reabilitatsiya kurs\u0131ndan so\u00f1 y\u00fcre bilmesi i\u00e7\u00fcn Alimge acele ameliyat zarur.\u00a0\u00a0\u00a0<a href=\"\/wp-content\/uploads\/2022\/01\/skan_kopiya_spravki_1.jpeg\" target=\"_blank\" rel=\"noreferrer noopener\">\u041cal\u00fcmat k\u00e2\u011f\u0131t\u0131.<\/a><\/p>\n\n\n\n<figure class=\"wp-block-embed is-type-rich is-provider-embed-handler wp-block-embed-embed-handler wp-embed-aspect-4-3 wp-has-aspect-ratio\"><div class=\"wp-block-embed__wrapper\">\n<iframe loading=\"lazy\" title=\"\u0410\u0431\u0434\u0443\u0440\u0430\u0445\u043c\u0430\u043d\u043e\u0432 \u0410\u043b\u0438\u043c \u041d\u0430\u0440\u0438\u043c\u0430\u043d\u043e\u0432\u0438\u0447_\u00ab\u041c\u0435\u0440\u0445\u0430\u043c\u0435\u0442\u043b\u0438\u043a\u00bb\" width=\"640\" height=\"480\" src=\"https:\/\/www.youtube.com\/embed\/7cwxUT7B70w?feature=oembed\" frameborder=\"0\" allow=\"accelerometer; autoplay; clipboard-write; encrypted-media; gyroscope; picture-in-picture; web-share\" referrerpolicy=\"strict-origin-when-cross-origin\" allowfullscreen><\/iframe>\n<\/div><\/figure>\n\n\n\n<p><strong>Ba\u011flanmaq i\u00e7\u00fcn telefon:<\/strong><\/p>\n\n\n\n<p>0975586383 \u2013 babas\u0131 Nariman Abdurahmanov<br>093 14 73 505 \u2013 o\u011flu Alim Abdurahmanov<\/p>\n\n\n\n<p><strong>Bank rekvizitleri:<\/strong><\/p>\n\n\n\n<p>Al\u0131c\u0131: &nbsp;<strong>&nbsp;Abdurahmanov Nariman Alimovi\u00e7<\/strong><\/p>\n\n\n\n<p>Bankn\u0131\u00f1 ad\u0131: &nbsp;&nbsp;<strong>PrivatBank<\/strong><\/p>\n\n\n\n<p>Esap nomeri (m\u00fc\u015fteri esab\u0131)&nbsp;&nbsp;&nbsp;<strong>29244825509100<\/strong><\/p>\n\n\n\n<p>MFO&nbsp;&nbsp;&nbsp;<strong>&nbsp;30 52 99<\/strong><\/p>\n\n\n\n<p>YEGRPOU &nbsp;&nbsp;&nbsp;<strong>14360 570<\/strong><\/p>\n\n\n\n<p>T\u00f6lev maqsad\u0131:&nbsp;&nbsp;&nbsp;&nbsp;<strong>Alim Abdurahmanov\u011fa maddiy yard\u0131m<\/strong><\/p>\n","protected":false},"excerpt":{"rendered":"<p>Belli ki, so\u00f1ki y\u0131llarda Q\u0131r\u0131m musulmanlar\u0131 diniy idaresi ve Q\u0131r\u0131mtatar halq\u0131 Meclisini\u00f1 te\u015febb\u00fcsi ile &#8220;Merhametlik&#8221; &#8211; a\u011f\u0131r hasta balalar\u011fa yard\u0131m ber\u00fcv aktsiyas\u0131 \u00e7er\u00e7ivesinde para toplanmaqta. Aktsiya devam\u0131nda toplan\u011fan paralar komissiyan\u0131\u00f1 qarar\u0131 boyunca hasta balalarn\u0131\u00f1 ana-babalar\u0131na berile L\u00e2kin, mezk\u00fcr mesele bug\u00fcn de de aktualdir. M\u00fcftilikke yard\u0131m sorap muracaat etken insanlarn\u0131\u00f1 say\u0131s\u0131 eksilmey. \u015eun\u0131\u00f1 i\u00e7\u00fcn de Q\u0131r\u0131m [&hellip;]<\/p>\n","protected":false},"author":1,"featured_media":0,"comment_status":"open","ping_status":"open","sticky":false,"template":"","format":"standard","meta":{"inline_featured_image":false,"footnotes":""},"categories":[265],"tags":[],"class_list":["post-25576","post","type-post","status-publish","format-standard","hentry","category-haberler"],"acf":[],"yoast_head":"<!-- This site is optimized with the Yoast SEO plugin v27.4 - https:\/\/yoast.com\/product\/yoast-seo-wordpress\/ -->\n<title>A\u011f\u0131r hasta balalar\u011fa yard\u0131m ber\u00fcv \u00abMerhametlik\u00bb aktsiyas\u0131 devam ete - \u041c\u0435\u0434\u0436\u043b\u0456\u0441<\/title>\n<meta name=\"robots\" content=\"index, follow, max-snippet:-1, max-image-preview:large, max-video-preview:-1\" \/>\n<link rel=\"canonical\" href=\"https:\/\/qtmm.org\/qt\/agir-hasta-balalarga-yardim-beruv-merhametlik-aktsiyasi-devam-ete\/\" \/>\n<meta property=\"og:locale\" content=\"en_US\" \/>\n<meta property=\"og:type\" content=\"article\" \/>\n<meta property=\"og:title\" content=\"A\u011f\u0131r hasta balalar\u011fa yard\u0131m ber\u00fcv \u00abMerhametlik\u00bb aktsiyas\u0131 devam ete - \u041c\u0435\u0434\u0436\u043b\u0456\u0441\" \/>\n<meta property=\"og:description\" content=\"Belli ki, so\u00f1ki y\u0131llarda Q\u0131r\u0131m musulmanlar\u0131 diniy idaresi ve Q\u0131r\u0131mtatar halq\u0131 Meclisini\u00f1 te\u015febb\u00fcsi ile &#8220;Merhametlik&#8221; &#8211; a\u011f\u0131r hasta balalar\u011fa yard\u0131m ber\u00fcv aktsiyas\u0131 \u00e7er\u00e7ivesinde para toplanmaqta. Aktsiya devam\u0131nda toplan\u011fan paralar komissiyan\u0131\u00f1 qarar\u0131 boyunca hasta balalarn\u0131\u00f1 ana-babalar\u0131na berile L\u00e2kin, mezk\u00fcr mesele bug\u00fcn de de aktualdir. M\u00fcftilikke yard\u0131m sorap muracaat etken insanlarn\u0131\u00f1 say\u0131s\u0131 eksilmey. \u015eun\u0131\u00f1 i\u00e7\u00fcn de Q\u0131r\u0131m [&hellip;]\" \/>\n<meta property=\"og:url\" content=\"https:\/\/qtmm.org\/qt\/agir-hasta-balalarga-yardim-beruv-merhametlik-aktsiyasi-devam-ete\/\" \/>\n<meta property=\"og:site_name\" content=\"\u041c\u0435\u0434\u0436\u043b\u0456\u0441\" \/>\n<meta property=\"article:publisher\" content=\"https:\/\/www.facebook.com\/qtmm.info\/\" \/>\n<meta property=\"article:published_time\" content=\"2011-08-12T11:18:00+00:00\" \/>\n<meta property=\"article:modified_time\" content=\"2022-01-19T11:23:00+00:00\" \/>\n<meta name=\"author\" content=\"Developer\" \/>\n<meta name=\"twitter:card\" content=\"summary_large_image\" \/>\n<meta name=\"twitter:label1\" content=\"Written by\" \/>\n\t<meta name=\"twitter:data1\" content=\"Developer\" \/>\n\t<meta name=\"twitter:label2\" content=\"Est. reading time\" \/>\n\t<meta name=\"twitter:data2\" content=\"2 minutes\" \/>\n<script type=\"application\/ld+json\" class=\"yoast-schema-graph\">{\"@context\":\"https:\\\/\\\/schema.org\",\"@graph\":[{\"@type\":\"Article\",\"@id\":\"https:\\\/\\\/qtmm.org\\\/qt\\\/agir-hasta-balalarga-yardim-beruv-merhametlik-aktsiyasi-devam-ete\\\/#article\",\"isPartOf\":{\"@id\":\"https:\\\/\\\/qtmm.org\\\/qt\\\/agir-hasta-balalarga-yardim-beruv-merhametlik-aktsiyasi-devam-ete\\\/\"},\"author\":{\"name\":\"Developer\",\"@id\":\"https:\\\/\\\/qtmm.org\\\/qt\\\/#\\\/schema\\\/person\\\/de562469f971dec226ac06e60bbf74a7\"},\"headline\":\"A\u011f\u0131r hasta balalar\u011fa yard\u0131m ber\u00fcv \u00abMerhametlik\u00bb aktsiyas\u0131 devam ete\",\"datePublished\":\"2011-08-12T11:18:00+00:00\",\"dateModified\":\"2022-01-19T11:23:00+00:00\",\"mainEntityOfPage\":{\"@id\":\"https:\\\/\\\/qtmm.org\\\/qt\\\/agir-hasta-balalarga-yardim-beruv-merhametlik-aktsiyasi-devam-ete\\\/\"},\"wordCount\":534,\"commentCount\":0,\"publisher\":{\"@id\":\"https:\\\/\\\/qtmm.org\\\/qt\\\/#organization\"},\"articleSection\":[\"Haberler\"],\"inLanguage\":\"qt\",\"potentialAction\":[{\"@type\":\"CommentAction\",\"name\":\"Comment\",\"target\":[\"https:\\\/\\\/qtmm.org\\\/qt\\\/agir-hasta-balalarga-yardim-beruv-merhametlik-aktsiyasi-devam-ete\\\/#respond\"]}]},{\"@type\":\"WebPage\",\"@id\":\"https:\\\/\\\/qtmm.org\\\/qt\\\/agir-hasta-balalarga-yardim-beruv-merhametlik-aktsiyasi-devam-ete\\\/\",\"url\":\"https:\\\/\\\/qtmm.org\\\/qt\\\/agir-hasta-balalarga-yardim-beruv-merhametlik-aktsiyasi-devam-ete\\\/\",\"name\":\"A\u011f\u0131r hasta balalar\u011fa yard\u0131m ber\u00fcv \u00abMerhametlik\u00bb aktsiyas\u0131 devam ete - \u041c\u0435\u0434\u0436\u043b\u0456\u0441\",\"isPartOf\":{\"@id\":\"https:\\\/\\\/qtmm.org\\\/qt\\\/#website\"},\"datePublished\":\"2011-08-12T11:18:00+00:00\",\"dateModified\":\"2022-01-19T11:23:00+00:00\",\"breadcrumb\":{\"@id\":\"https:\\\/\\\/qtmm.org\\\/qt\\\/agir-hasta-balalarga-yardim-beruv-merhametlik-aktsiyasi-devam-ete\\\/#breadcrumb\"},\"inLanguage\":\"qt\",\"potentialAction\":[{\"@type\":\"ReadAction\",\"target\":[\"https:\\\/\\\/qtmm.org\\\/qt\\\/agir-hasta-balalarga-yardim-beruv-merhametlik-aktsiyasi-devam-ete\\\/\"]}]},{\"@type\":\"BreadcrumbList\",\"@id\":\"https:\\\/\\\/qtmm.org\\\/qt\\\/agir-hasta-balalarga-yardim-beruv-merhametlik-aktsiyasi-devam-ete\\\/#breadcrumb\",\"itemListElement\":[{\"@type\":\"ListItem\",\"position\":1,\"name\":\"\u0413\u043e\u043b\u043e\u0432\u043d\u0430\",\"item\":\"https:\\\/\\\/qtmm.org\\\/qt\\\/\"},{\"@type\":\"ListItem\",\"position\":2,\"name\":\"A\u011f\u0131r hasta balalar\u011fa yard\u0131m ber\u00fcv \u00abMerhametlik\u00bb aktsiyas\u0131 devam ete\"}]},{\"@type\":\"WebSite\",\"@id\":\"https:\\\/\\\/qtmm.org\\\/qt\\\/#website\",\"url\":\"https:\\\/\\\/qtmm.org\\\/qt\\\/\",\"name\":\"\u041c\u0435\u0434\u0436\u043b\u0456\u0441\",\"description\":\"\",\"publisher\":{\"@id\":\"https:\\\/\\\/qtmm.org\\\/qt\\\/#organization\"},\"potentialAction\":[{\"@type\":\"SearchAction\",\"target\":{\"@type\":\"EntryPoint\",\"urlTemplate\":\"https:\\\/\\\/qtmm.org\\\/qt\\\/?s={search_term_string}\"},\"query-input\":{\"@type\":\"PropertyValueSpecification\",\"valueRequired\":true,\"valueName\":\"search_term_string\"}}],\"inLanguage\":\"qt\"},{\"@type\":\"Organization\",\"@id\":\"https:\\\/\\\/qtmm.org\\\/qt\\\/#organization\",\"name\":\"\u041c\u0435\u0434\u0436\u043b\u0456\u0441\",\"url\":\"https:\\\/\\\/qtmm.org\\\/qt\\\/\",\"logo\":{\"@type\":\"ImageObject\",\"inLanguage\":\"qt\",\"@id\":\"https:\\\/\\\/qtmm.org\\\/qt\\\/#\\\/schema\\\/logo\\\/image\\\/\",\"url\":\"https:\\\/\\\/qtmm.org\\\/wp-content\\\/uploads\\\/2024\\\/12\\\/ua-mejlis-logo-rgb.svg\",\"contentUrl\":\"https:\\\/\\\/qtmm.org\\\/wp-content\\\/uploads\\\/2024\\\/12\\\/ua-mejlis-logo-rgb.svg\",\"caption\":\"\u041c\u0435\u0434\u0436\u043b\u0456\u0441\"},\"image\":{\"@id\":\"https:\\\/\\\/qtmm.org\\\/qt\\\/#\\\/schema\\\/logo\\\/image\\\/\"},\"sameAs\":[\"https:\\\/\\\/www.facebook.com\\\/qtmm.info\\\/\"]},{\"@type\":\"Person\",\"@id\":\"https:\\\/\\\/qtmm.org\\\/qt\\\/#\\\/schema\\\/person\\\/de562469f971dec226ac06e60bbf74a7\",\"name\":\"Developer\",\"image\":{\"@type\":\"ImageObject\",\"inLanguage\":\"qt\",\"@id\":\"https:\\\/\\\/secure.gravatar.com\\\/avatar\\\/392b4cc8fbfeb00b39dfeeab4ee6edded39ffd48e25858637e4765810300227e?s=96&d=mm&r=g\",\"url\":\"https:\\\/\\\/secure.gravatar.com\\\/avatar\\\/392b4cc8fbfeb00b39dfeeab4ee6edded39ffd48e25858637e4765810300227e?s=96&d=mm&r=g\",\"contentUrl\":\"https:\\\/\\\/secure.gravatar.com\\\/avatar\\\/392b4cc8fbfeb00b39dfeeab4ee6edded39ffd48e25858637e4765810300227e?s=96&d=mm&r=g\",\"caption\":\"Developer\"},\"url\":\"https:\\\/\\\/qtmm.org\\\/qt\\\/author\\\/Developer\\\/\"}]}<\/script>\n<!-- \/ Yoast SEO plugin. -->","yoast_head_json":{"title":"A\u011f\u0131r hasta balalar\u011fa yard\u0131m ber\u00fcv \u00abMerhametlik\u00bb aktsiyas\u0131 devam ete - \u041c\u0435\u0434\u0436\u043b\u0456\u0441","robots":{"index":"index","follow":"follow","max-snippet":"max-snippet:-1","max-image-preview":"max-image-preview:large","max-video-preview":"max-video-preview:-1"},"canonical":"https:\/\/qtmm.org\/qt\/agir-hasta-balalarga-yardim-beruv-merhametlik-aktsiyasi-devam-ete\/","og_locale":"en_US","og_type":"article","og_title":"A\u011f\u0131r hasta balalar\u011fa yard\u0131m ber\u00fcv \u00abMerhametlik\u00bb aktsiyas\u0131 devam ete - \u041c\u0435\u0434\u0436\u043b\u0456\u0441","og_description":"Belli ki, so\u00f1ki y\u0131llarda Q\u0131r\u0131m musulmanlar\u0131 diniy idaresi ve Q\u0131r\u0131mtatar halq\u0131 Meclisini\u00f1 te\u015febb\u00fcsi ile &#8220;Merhametlik&#8221; &#8211; a\u011f\u0131r hasta balalar\u011fa yard\u0131m ber\u00fcv aktsiyas\u0131 \u00e7er\u00e7ivesinde para toplanmaqta. Aktsiya devam\u0131nda toplan\u011fan paralar komissiyan\u0131\u00f1 qarar\u0131 boyunca hasta balalarn\u0131\u00f1 ana-babalar\u0131na berile L\u00e2kin, mezk\u00fcr mesele bug\u00fcn de de aktualdir. M\u00fcftilikke yard\u0131m sorap muracaat etken insanlarn\u0131\u00f1 say\u0131s\u0131 eksilmey. \u015eun\u0131\u00f1 i\u00e7\u00fcn de Q\u0131r\u0131m [&hellip;]","og_url":"https:\/\/qtmm.org\/qt\/agir-hasta-balalarga-yardim-beruv-merhametlik-aktsiyasi-devam-ete\/","og_site_name":"\u041c\u0435\u0434\u0436\u043b\u0456\u0441","article_publisher":"https:\/\/www.facebook.com\/qtmm.info\/","article_published_time":"2011-08-12T11:18:00+00:00","article_modified_time":"2022-01-19T11:23:00+00:00","author":"Developer","twitter_card":"summary_large_image","twitter_misc":{"Written by":"Developer","Est. reading time":"2 minutes"},"schema":{"@context":"https:\/\/schema.org","@graph":[{"@type":"Article","@id":"https:\/\/qtmm.org\/qt\/agir-hasta-balalarga-yardim-beruv-merhametlik-aktsiyasi-devam-ete\/#article","isPartOf":{"@id":"https:\/\/qtmm.org\/qt\/agir-hasta-balalarga-yardim-beruv-merhametlik-aktsiyasi-devam-ete\/"},"author":{"name":"Developer","@id":"https:\/\/qtmm.org\/qt\/#\/schema\/person\/de562469f971dec226ac06e60bbf74a7"},"headline":"A\u011f\u0131r hasta balalar\u011fa yard\u0131m ber\u00fcv \u00abMerhametlik\u00bb aktsiyas\u0131 devam ete","datePublished":"2011-08-12T11:18:00+00:00","dateModified":"2022-01-19T11:23:00+00:00","mainEntityOfPage":{"@id":"https:\/\/qtmm.org\/qt\/agir-hasta-balalarga-yardim-beruv-merhametlik-aktsiyasi-devam-ete\/"},"wordCount":534,"commentCount":0,"publisher":{"@id":"https:\/\/qtmm.org\/qt\/#organization"},"articleSection":["Haberler"],"inLanguage":"qt","potentialAction":[{"@type":"CommentAction","name":"Comment","target":["https:\/\/qtmm.org\/qt\/agir-hasta-balalarga-yardim-beruv-merhametlik-aktsiyasi-devam-ete\/#respond"]}]},{"@type":"WebPage","@id":"https:\/\/qtmm.org\/qt\/agir-hasta-balalarga-yardim-beruv-merhametlik-aktsiyasi-devam-ete\/","url":"https:\/\/qtmm.org\/qt\/agir-hasta-balalarga-yardim-beruv-merhametlik-aktsiyasi-devam-ete\/","name":"A\u011f\u0131r hasta balalar\u011fa yard\u0131m ber\u00fcv \u00abMerhametlik\u00bb aktsiyas\u0131 devam ete - \u041c\u0435\u0434\u0436\u043b\u0456\u0441","isPartOf":{"@id":"https:\/\/qtmm.org\/qt\/#website"},"datePublished":"2011-08-12T11:18:00+00:00","dateModified":"2022-01-19T11:23:00+00:00","breadcrumb":{"@id":"https:\/\/qtmm.org\/qt\/agir-hasta-balalarga-yardim-beruv-merhametlik-aktsiyasi-devam-ete\/#breadcrumb"},"inLanguage":"qt","potentialAction":[{"@type":"ReadAction","target":["https:\/\/qtmm.org\/qt\/agir-hasta-balalarga-yardim-beruv-merhametlik-aktsiyasi-devam-ete\/"]}]},{"@type":"BreadcrumbList","@id":"https:\/\/qtmm.org\/qt\/agir-hasta-balalarga-yardim-beruv-merhametlik-aktsiyasi-devam-ete\/#breadcrumb","itemListElement":[{"@type":"ListItem","position":1,"name":"\u0413\u043e\u043b\u043e\u0432\u043d\u0430","item":"https:\/\/qtmm.org\/qt\/"},{"@type":"ListItem","position":2,"name":"A\u011f\u0131r hasta balalar\u011fa yard\u0131m ber\u00fcv \u00abMerhametlik\u00bb aktsiyas\u0131 devam ete"}]},{"@type":"WebSite","@id":"https:\/\/qtmm.org\/qt\/#website","url":"https:\/\/qtmm.org\/qt\/","name":"\u041c\u0435\u0434\u0436\u043b\u0456\u0441","description":"","publisher":{"@id":"https:\/\/qtmm.org\/qt\/#organization"},"potentialAction":[{"@type":"SearchAction","target":{"@type":"EntryPoint","urlTemplate":"https:\/\/qtmm.org\/qt\/?s={search_term_string}"},"query-input":{"@type":"PropertyValueSpecification","valueRequired":true,"valueName":"search_term_string"}}],"inLanguage":"qt"},{"@type":"Organization","@id":"https:\/\/qtmm.org\/qt\/#organization","name":"\u041c\u0435\u0434\u0436\u043b\u0456\u0441","url":"https:\/\/qtmm.org\/qt\/","logo":{"@type":"ImageObject","inLanguage":"qt","@id":"https:\/\/qtmm.org\/qt\/#\/schema\/logo\/image\/","url":"https:\/\/qtmm.org\/wp-content\/uploads\/2024\/12\/ua-mejlis-logo-rgb.svg","contentUrl":"https:\/\/qtmm.org\/wp-content\/uploads\/2024\/12\/ua-mejlis-logo-rgb.svg","caption":"\u041c\u0435\u0434\u0436\u043b\u0456\u0441"},"image":{"@id":"https:\/\/qtmm.org\/qt\/#\/schema\/logo\/image\/"},"sameAs":["https:\/\/www.facebook.com\/qtmm.info\/"]},{"@type":"Person","@id":"https:\/\/qtmm.org\/qt\/#\/schema\/person\/de562469f971dec226ac06e60bbf74a7","name":"Developer","image":{"@type":"ImageObject","inLanguage":"qt","@id":"https:\/\/secure.gravatar.com\/avatar\/392b4cc8fbfeb00b39dfeeab4ee6edded39ffd48e25858637e4765810300227e?s=96&d=mm&r=g","url":"https:\/\/secure.gravatar.com\/avatar\/392b4cc8fbfeb00b39dfeeab4ee6edded39ffd48e25858637e4765810300227e?s=96&d=mm&r=g","contentUrl":"https:\/\/secure.gravatar.com\/avatar\/392b4cc8fbfeb00b39dfeeab4ee6edded39ffd48e25858637e4765810300227e?s=96&d=mm&r=g","caption":"Developer"},"url":"https:\/\/qtmm.org\/qt\/author\/Developer\/"}]}},"_links":{"self":[{"href":"https:\/\/qtmm.org\/qt\/wp-json\/wp\/v2\/posts\/25576","targetHints":{"allow":["GET"]}}],"collection":[{"href":"https:\/\/qtmm.org\/qt\/wp-json\/wp\/v2\/posts"}],"about":[{"href":"https:\/\/qtmm.org\/qt\/wp-json\/wp\/v2\/types\/post"}],"author":[{"embeddable":true,"href":"https:\/\/qtmm.org\/qt\/wp-json\/wp\/v2\/users\/1"}],"replies":[{"embeddable":true,"href":"https:\/\/qtmm.org\/qt\/wp-json\/wp\/v2\/comments?post=25576"}],"version-history":[{"count":1,"href":"https:\/\/qtmm.org\/qt\/wp-json\/wp\/v2\/posts\/25576\/revisions"}],"predecessor-version":[{"id":25590,"href":"https:\/\/qtmm.org\/qt\/wp-json\/wp\/v2\/posts\/25576\/revisions\/25590"}],"wp:attachment":[{"href":"https:\/\/qtmm.org\/qt\/wp-json\/wp\/v2\/media?parent=25576"}],"wp:term":[{"taxonomy":"category","embeddable":true,"href":"https:\/\/qtmm.org\/qt\/wp-json\/wp\/v2\/categories?post=25576"},{"taxonomy":"post_tag","embeddable":true,"href":"https:\/\/qtmm.org\/qt\/wp-json\/wp\/v2\/tags?post=25576"}],"curies":[{"name":"wp","href":"https:\/\/api.w.org\/{rel}","templated":true}]}}