




{"id":25153,"date":"2011-08-12T22:40:00","date_gmt":"2011-08-12T19:40:00","guid":{"rendered":"http:\/\/qtmm.org\/?p=25153"},"modified":"2022-01-18T22:43:36","modified_gmt":"2022-01-18T19:43:36","slug":"meclis-reisi-m-cemilevnin-turkiye-cumhuriyetine-ziyareti","status":"publish","type":"post","link":"https:\/\/qtmm.org\/qt\/meclis-reisi-m-cemilevnin-turkiye-cumhuriyetine-ziyareti\/","title":{"rendered":"Meclis reisi M.Cemilevni\u00f1 T\u00fcrkiye Cumhuriyetine ziyareti"},"content":{"rendered":"\n<p>Delegatsiya erk\u00e2n\u0131na Meclis reisini\u00f1 T\u00fcrkiye ile al\u00e2qalar boyunca yard\u0131mc\u0131s\u0131 \u0130smet Y\u00fcksel ve Kiyevde q\u0131r\u0131mtatar cemiyetini\u00f1 reisi, M. Cemilevni\u00f1 yard\u0131mc\u0131s\u0131 Aslan \u00dcmerov da kirdiler.<\/p>\n\n\n\n<p>Avgust 8-de \u0130stanbul ava liman\u0131nda delegatsiyan\u0131 T\u00fcrkiye Cumhuriyeti Nazirler \u015furas\u0131 yan\u0131nda Yurt t\u0131\u015f\u0131nda ya\u015fa\u011fan t\u00fcrklerni\u00f1 i\u015fleri baqanl\u0131\u011f\u0131n\u0131\u00f1 reberleri, \u0130stanbul q\u0131r\u0131mtatar medeniy ve yard\u0131mla\u015fma dernegini\u00f1 ba\u015f\u0131 Cel\u00e2l \u0130\u00e7ten, q\u0131r\u0131mtatar medeniyet ve yard\u0131mla\u015fma dernegini\u00f1 Ankaradaki umumiy merkez azalar\u0131 qar\u015f\u0131lap ald\u0131lar.<\/p>\n\n\n\n<p>Avgust 9 k\u00fcn\u00fc Meclis reisi Mustafa Cemilevni T\u00fcrkiye Cumhuriyeti Nazirler \u015furas\u0131 yan\u0131nda T\u00fcrklerni\u00f1 i\u015fleri baqan\u0131 Kemal Yurtna\u00e7 qabul etti. T\u00fcrkiye Cumhuriyeti Nazirler \u015furas\u0131 yan\u0131nda T\u00fcrklerni\u00f1 i\u015fleri baqan\u0131n\u0131\u00f1 muavini Mehmet K\u00f6se ve baqanl\u0131q hadimleri de bulun\u011fan \u015fu k\u00f6r\u00fc\u015f\u00fcvde Baqanl\u0131q faaliyetine ve Q\u0131r\u0131mda amelge ke\u00e7irile bilecek leyhalar\u011fa ait meseleler muzakere etildi.<\/p>\n\n\n\n<p>Kemal Yurta\u00e7 ve Mehmet K\u00f6se ile beraber Q\u0131r\u0131m delegatsiyas\u0131n\u0131 T\u00fcrkiye Cumhuriyeti Ba\u015f nazirini\u00f1 T\u0130KA, Din ve Yurt t\u0131\u015f\u0131nda ya\u015fa\u011fan t\u00fcrklerni\u00f1 i\u015fleri \u0130dareni\u00f1 ba\u015f\u0131 Bekir Bozda\u011f da qabul etti. Mustafa Cemilev ba\u015f nazir muavinine ya\u00f1\u0131 vazifede muvafaqiyetler tiledi. K\u00f6r\u00fc\u015f\u00fcv devam\u0131nda T\u00fcrkiye Cumhuriyetini\u00f1 Q\u0131r\u0131mda amelge ke\u00e7irgen leyhalar\u0131 aqq\u0131nda laq\u0131rd\u0131 etildi. Bozda\u011f T\u00fcrkiye Cumhuriyeti kelecekte de \u00f6z tarihiy vatan\u0131nda yerle\u015feyatqan q\u0131r\u0131mtatar halq\u0131na yard\u0131m etmekni devam etecegini i\u015fand\u0131rd\u0131.<\/p>\n\n\n\n<p>Ayn\u0131 \u015fu k\u00fcn\u00fc Meclis reisi Mustafa Cemilev T\u00fcrkiye Cumhuriyeti \u0130lim, sanay\u0131 ve tehnologiya naziri Nihat Erg\u00fcn ile k\u00f6r\u00fc\u015fti. K\u00f6r\u00fc\u015f\u00fcvde Ba\u011f\u00e7asarayda sanay\u0131 park\u0131n\u0131\u00f1 quruc\u0131l\u0131\u011f\u0131 meselesi muzakere olund\u0131. Erg\u00fcn bu meselede yard\u0131mc\u0131 olmaqn\u0131 i\u015fand\u0131r\u0131p, ba\u015fta leyhan\u0131 az\u0131rlamaq ve i\u015f\u00e7i gruppas\u0131n\u0131 te\u015fkil etmek kerekligini qayd etti.<\/p>\n\n\n\n<p>T\u00fcrkiyege i\u015f ziyareti \u00e7er\u00e7ivesinde Mustafa Cemilev bun\u0131\u00f1 kibi de T\u0130KA idaresinde de bulund\u0131. T\u0130KA ba\u015fqan\u0131 Serdar \u00c7ama resmiy ziyaretnen Afrikada ol\u011fan\u0131 sebebinden delegatsiyan\u0131 T\u0130KA ba\u015fqan\u0131n\u0131\u00f1 yard\u0131mc\u0131lar\u0131 ve ekspertler qabul ettiler. Taraflar T\u0130KA Q\u0131r\u0131mda \u00f6m\u00fcrge ke\u00e7irgen ve ke\u00e7irmekni planla\u015ft\u0131r\u011fan leyhalarn\u0131 baqt\u0131lar. Bun\u0131\u00f1 kibi de meskenge muhtac q\u0131r\u0131mtatarlarn\u0131 evlernen teminlev programmas\u0131n\u0131 canland\u0131rmaq, T\u0130KAn\u0131\u00f1 Ukrainada ofisini resmiyle\u015ftirmek, ya\u00f1\u0131 milliy mekteplerni qurmaq, Bor\u00e7oqraq qasabas\u0131ndaki milliy mektep quruc\u0131l\u0131\u011f\u0131n\u0131 so\u00f1una yetkizmek ve B\u00fcy\u00fck Cuma Cami quruc\u0131l\u0131\u011f\u0131n\u0131 ba\u015flamaq meseleleri de muzakere etildi.<\/p>\n\n\n\n<p>Bundan da \u011fayr\u0131 Meclis reisi M.Cemilev T\u00fcrkiye palata ve birjalar birligini\u00f1 reisi Rifat Hisarciql\u0131o\u011flunen k\u00f6r\u00fc\u015fti. Subet vaqt\u0131nda taraflar Ukrainada \u00e7al\u0131\u015fqan, Ukraina\u011fa yat\u0131r\u0131mlar yapmaq istegen i\u015f adamlar\u0131n\u0131\u00f1 vaziyeti, Q\u0131r\u0131m M\u00fcendislik-Pedagogika Universitetini\u00f1 studentleri i\u00e7\u00fcn yataqhane quruc\u0131l\u0131\u011f\u0131 aqq\u0131nda ayt\u0131ld\u0131.<\/p>\n\n\n\n<p>\u015eu k\u00fcn\u00fc aq\u015fam Q\u0131r\u0131m delegatsiyas\u0131 T\u00fcrkiye Cumhuriyeti Nazirler \u015furas\u0131 yan\u0131nda Yurt t\u0131\u015f\u0131nda ya\u015fa\u011fan t\u00fcrklerni\u00f1 i\u015fleri baqanl\u0131\u011f\u0131 te\u015fkil etken iftarda bulund\u0131lar. \u0130ftarda T\u00fcrkiye Cumhuriyeti ba\u015f nazirini\u00f1 muavini Bekir Bozda\u011f, T\u00fcrkiye q\u0131r\u0131mtatarlar\u0131 medeniyet ve yard\u0131mla\u015fma dernegi reisini\u00f1 vekili ,Tuncer Kalqay i\u015ftirak ettiler.<\/p>\n\n\n\n<p>Avgust 10 k\u00fcn\u00fc Meclis reisi Mustafa Cemilev T\u00fcrkiye cumhuriyeti Emek ve i\u00e7timaiy qoruv naziri Faruq \u00c7eliknen k\u00f6r\u00fc\u015fti. K\u00f6r\u00fc\u015f\u00fcvde taraflar q\u0131r\u0131mtatar halq\u0131n\u0131\u00f1 bug\u00fcnki vaziyeti ve \u00f6z vatan\u0131na qaytayatqan ve yerle\u015feyatqan q\u0131r\u0131mtatarlar\u0131na T\u00fcrkiye Cumhuriyeti taraf\u0131ndan destek istiqballerine ait meseleler muzakere etildi. K\u00f6r\u00fc\u015f\u00fcvde Q\u0131r\u0131mtatar halq\u0131 Meclisini\u00f1 T\u00fcrkiyedeki temsilcisi Zafer Qaratay, T\u00fcrkiye q\u0131r\u0131mtatarlar\u0131 medeniyet ve yard\u0131mla\u015fma dernegi Ankaradaki umumiy merkez reisini\u00f1 muavini Nam\u0131q Kemal Bayar ve T\u00fcrkiye Cumhuriyeti Nazirler \u015furas\u0131 yan\u0131nda Yurt t\u0131\u015f\u0131nda ya\u015fa\u011fan t\u00fcrklerni\u00f1 i\u015fleri baqan\u0131 Kemal Yurtna\u00e7 i\u015ftirak ettiler.<\/p>\n\n\n\n<p>Ayn\u0131 \u015fu k\u00fcn\u00fc delegatsiya T\u00fcrkiye Cumhuriyeti Din i\u015fleri idaresi ve T\u0131\u015fq\u0131 i\u015fler nazirligini ziyaret ettiler. K\u00f6r\u00fc\u015f\u00fcv devam\u0131nda Din i\u015fleri idaresini\u00f1 ba\u015f\u0131 Mehmet G\u00f6rmeznen Ukrainada faaliyet k\u00f6stergen temsilciligini\u00f1 i\u015fleri, q\u0131r\u0131ml\u0131 gen\u00e7lerni T\u00fcrkiyede oqutuv, Cuma cami quruc\u0131l\u0131\u011f\u0131 kibi meseleler baq\u0131ld\u0131. K\u00f6r\u00fc\u015f\u00fcvden so\u00f1 delegatsiya azalar\u0131 Diyanet i\u015fleri idaresine yaq\u0131n yerde&nbsp; 6 bi\u00f1 adamn\u0131 s\u0131\u011fd\u0131racaq cami quruc\u0131l\u0131\u011f\u0131nda da bulund\u0131lar.<\/p>\n\n\n\n<p>T\u0131\u015fq\u0131 i\u015fler nazirliginde Q\u0131r\u0131m delegatsiyas\u0131 t\u0131\u015fq\u0131 siyaset idaresini\u00f1 ba\u015f\u0131 Ahmet Davuto\u011flunen k\u00f6r\u00fc\u015fti. K\u00f6r\u00fc\u015f\u00fcvde Q\u0131r\u0131mtatar halq\u0131n\u0131\u00f1 aq-uquqlar\u0131n\u0131 \u011fayr\u0131dan tiklev meseleleri boyunca halqara forum ke\u00e7irilmesi, T\u0130KAn\u0131\u00f1 Ukrainada ofisini resmiyle\u015ftirilmesi kibi meseleler baq\u0131l\u0131p, olarn\u0131 Ukraina Prezidenti Viktor Yanukovi\u00e7ni\u00f1 k\u00fczde T\u00fcrkiyege resmiy ziyareti vaqt\u0131nda k\u00f6termek aqq\u0131nda ayt\u0131ld\u0131. .<\/p>\n\n\n\n<p>\u015eu k\u00fcn\u00fc aq\u015fam delegatsiya T\u00fcrkiye q\u0131r\u0131mtatarlar\u0131 medeniyet ve yard\u0131mla\u015fma dernegi Ankaradaki umumiy merkezini\u00f1 reisi Ahmet \u0130hsan Q\u0131r\u0131ml\u0131 te\u015fkil etken iftarda i\u015ftirak ettiler.<br>11 avgust k\u00fcn\u00fc Q\u0131r\u0131mtatar halq\u0131 Meclisini\u00f1 reisi Mustafa Cemilev Q\u0131r\u0131m\u011fa qayt\u0131p keldi.<\/p>\n\n\n\n<p class=\"has-text-align-right\"><a href=\"http:\/\/www.qha.com.ua\/\" target=\"_blank\" rel=\"noreferrer noopener\">&#8220;QHA&#8221;\u00a0haberlerinden<\/a><\/p>\n\n\n\n<figure class=\"wp-block-gallery columns-3 is-cropped wp-block-gallery-1 is-layout-flex wp-block-gallery-is-layout-flex\"><ul class=\"blocks-gallery-grid\"><li class=\"blocks-gallery-item\"><figure><a href=\"http:\/\/qtmm.org\/wp-content\/uploads\/2022\/01\/4e48d43d800b2.jpeg\"><img loading=\"lazy\" decoding=\"async\" width=\"640\" height=\"480\" src=\"http:\/\/qtmm.org\/wp-content\/uploads\/2022\/01\/4e48d43d800b2.jpeg\" alt=\"\" data-id=\"25154\" data-full-url=\"http:\/\/qtmm.org\/wp-content\/uploads\/2022\/01\/4e48d43d800b2.jpeg\" data-link=\"http:\/\/qtmm.org\/qt\/?attachment_id=25154\" class=\"wp-image-25154\" srcset=\"https:\/\/qtmm.org\/wp-content\/uploads\/2022\/01\/4e48d43d800b2.jpeg 640w, https:\/\/qtmm.org\/wp-content\/uploads\/2022\/01\/4e48d43d800b2-300x225.jpeg 300w\" sizes=\"auto, (max-width: 640px) 100vw, 640px\" \/><\/a><\/figure><\/li><li class=\"blocks-gallery-item\"><figure><a href=\"http:\/\/qtmm.org\/wp-content\/uploads\/2022\/01\/4e48d43de07af.jpeg\"><img loading=\"lazy\" decoding=\"async\" width=\"640\" height=\"480\" src=\"http:\/\/qtmm.org\/wp-content\/uploads\/2022\/01\/4e48d43de07af.jpeg\" alt=\"\" data-id=\"25158\" data-full-url=\"http:\/\/qtmm.org\/wp-content\/uploads\/2022\/01\/4e48d43de07af.jpeg\" data-link=\"http:\/\/qtmm.org\/qt\/?attachment_id=25158\" class=\"wp-image-25158\" srcset=\"https:\/\/qtmm.org\/wp-content\/uploads\/2022\/01\/4e48d43de07af.jpeg 640w, https:\/\/qtmm.org\/wp-content\/uploads\/2022\/01\/4e48d43de07af-300x225.jpeg 300w\" sizes=\"auto, (max-width: 640px) 100vw, 640px\" \/><\/a><\/figure><\/li><li class=\"blocks-gallery-item\"><figure><a href=\"http:\/\/qtmm.org\/wp-content\/uploads\/2022\/01\/4e48d43e3f14d.jpeg\"><img loading=\"lazy\" decoding=\"async\" width=\"640\" height=\"480\" src=\"http:\/\/qtmm.org\/wp-content\/uploads\/2022\/01\/4e48d43e3f14d.jpeg\" alt=\"\" data-id=\"25162\" data-full-url=\"http:\/\/qtmm.org\/wp-content\/uploads\/2022\/01\/4e48d43e3f14d.jpeg\" data-link=\"http:\/\/qtmm.org\/qt\/?attachment_id=25162\" class=\"wp-image-25162\" srcset=\"https:\/\/qtmm.org\/wp-content\/uploads\/2022\/01\/4e48d43e3f14d.jpeg 640w, https:\/\/qtmm.org\/wp-content\/uploads\/2022\/01\/4e48d43e3f14d-300x225.jpeg 300w\" sizes=\"auto, (max-width: 640px) 100vw, 640px\" \/><\/a><\/figure><\/li><li class=\"blocks-gallery-item\"><figure><a href=\"http:\/\/qtmm.org\/wp-content\/uploads\/2022\/01\/4e48d43e17cce.jpeg\"><img loading=\"lazy\" decoding=\"async\" width=\"640\" height=\"480\" src=\"http:\/\/qtmm.org\/wp-content\/uploads\/2022\/01\/4e48d43e17cce.jpeg\" alt=\"\" data-id=\"25166\" data-full-url=\"http:\/\/qtmm.org\/wp-content\/uploads\/2022\/01\/4e48d43e17cce.jpeg\" data-link=\"http:\/\/qtmm.org\/qt\/?attachment_id=25166\" class=\"wp-image-25166\" srcset=\"https:\/\/qtmm.org\/wp-content\/uploads\/2022\/01\/4e48d43e17cce.jpeg 640w, https:\/\/qtmm.org\/wp-content\/uploads\/2022\/01\/4e48d43e17cce-300x225.jpeg 300w\" sizes=\"auto, (max-width: 640px) 100vw, 640px\" \/><\/a><\/figure><\/li><li class=\"blocks-gallery-item\"><figure><a href=\"http:\/\/qtmm.org\/wp-content\/uploads\/2022\/01\/4e48d43f03414.jpeg\"><img loading=\"lazy\" decoding=\"async\" width=\"640\" height=\"480\" src=\"http:\/\/qtmm.org\/wp-content\/uploads\/2022\/01\/4e48d43f03414.jpeg\" alt=\"\" data-id=\"25170\" data-full-url=\"http:\/\/qtmm.org\/wp-content\/uploads\/2022\/01\/4e48d43f03414.jpeg\" data-link=\"http:\/\/qtmm.org\/qt\/?attachment_id=25170\" class=\"wp-image-25170\" srcset=\"https:\/\/qtmm.org\/wp-content\/uploads\/2022\/01\/4e48d43f03414.jpeg 640w, https:\/\/qtmm.org\/wp-content\/uploads\/2022\/01\/4e48d43f03414-300x225.jpeg 300w\" sizes=\"auto, (max-width: 640px) 100vw, 640px\" \/><\/a><\/figure><\/li><li class=\"blocks-gallery-item\"><figure><a href=\"http:\/\/qtmm.org\/wp-content\/uploads\/2022\/01\/4e48d43faf049.jpeg\"><img loading=\"lazy\" decoding=\"async\" width=\"640\" height=\"480\" src=\"http:\/\/qtmm.org\/wp-content\/uploads\/2022\/01\/4e48d43faf049.jpeg\" alt=\"\" data-id=\"25174\" data-full-url=\"http:\/\/qtmm.org\/wp-content\/uploads\/2022\/01\/4e48d43faf049.jpeg\" data-link=\"http:\/\/qtmm.org\/qt\/?attachment_id=25174\" class=\"wp-image-25174\" srcset=\"https:\/\/qtmm.org\/wp-content\/uploads\/2022\/01\/4e48d43faf049.jpeg 640w, https:\/\/qtmm.org\/wp-content\/uploads\/2022\/01\/4e48d43faf049-300x225.jpeg 300w\" sizes=\"auto, (max-width: 640px) 100vw, 640px\" \/><\/a><\/figure><\/li><li class=\"blocks-gallery-item\"><figure><a href=\"http:\/\/qtmm.org\/wp-content\/uploads\/2022\/01\/4e48d44a434a4.jpeg\"><img loading=\"lazy\" decoding=\"async\" width=\"640\" height=\"480\" src=\"http:\/\/qtmm.org\/wp-content\/uploads\/2022\/01\/4e48d44a434a4.jpeg\" alt=\"\" data-id=\"25178\" data-full-url=\"http:\/\/qtmm.org\/wp-content\/uploads\/2022\/01\/4e48d44a434a4.jpeg\" data-link=\"http:\/\/qtmm.org\/qt\/?attachment_id=25178\" class=\"wp-image-25178\" srcset=\"https:\/\/qtmm.org\/wp-content\/uploads\/2022\/01\/4e48d44a434a4.jpeg 640w, https:\/\/qtmm.org\/wp-content\/uploads\/2022\/01\/4e48d44a434a4-300x225.jpeg 300w\" sizes=\"auto, (max-width: 640px) 100vw, 640px\" \/><\/a><\/figure><\/li><li class=\"blocks-gallery-item\"><figure><a href=\"http:\/\/qtmm.org\/wp-content\/uploads\/2022\/01\/4e48d442e03e3.jpeg\"><img loading=\"lazy\" decoding=\"async\" width=\"640\" height=\"480\" src=\"http:\/\/qtmm.org\/wp-content\/uploads\/2022\/01\/4e48d442e03e3.jpeg\" alt=\"\" data-id=\"25182\" data-full-url=\"http:\/\/qtmm.org\/wp-content\/uploads\/2022\/01\/4e48d442e03e3.jpeg\" data-link=\"http:\/\/qtmm.org\/qt\/?attachment_id=25182\" class=\"wp-image-25182\" srcset=\"https:\/\/qtmm.org\/wp-content\/uploads\/2022\/01\/4e48d442e03e3.jpeg 640w, https:\/\/qtmm.org\/wp-content\/uploads\/2022\/01\/4e48d442e03e3-300x225.jpeg 300w\" sizes=\"auto, (max-width: 640px) 100vw, 640px\" \/><\/a><\/figure><\/li><li class=\"blocks-gallery-item\"><figure><a href=\"http:\/\/qtmm.org\/wp-content\/uploads\/2022\/01\/4e48d443b2f9e.jpeg\"><img loading=\"lazy\" decoding=\"async\" width=\"640\" height=\"480\" src=\"http:\/\/qtmm.org\/wp-content\/uploads\/2022\/01\/4e48d443b2f9e.jpeg\" alt=\"\" data-id=\"25186\" data-full-url=\"http:\/\/qtmm.org\/wp-content\/uploads\/2022\/01\/4e48d443b2f9e.jpeg\" data-link=\"http:\/\/qtmm.org\/qt\/?attachment_id=25186\" class=\"wp-image-25186\" srcset=\"https:\/\/qtmm.org\/wp-content\/uploads\/2022\/01\/4e48d443b2f9e.jpeg 640w, https:\/\/qtmm.org\/wp-content\/uploads\/2022\/01\/4e48d443b2f9e-300x225.jpeg 300w\" sizes=\"auto, (max-width: 640px) 100vw, 640px\" \/><\/a><\/figure><\/li><li class=\"blocks-gallery-item\"><figure><a href=\"http:\/\/qtmm.org\/wp-content\/uploads\/2022\/01\/4e48d445d0b7c.jpeg\"><img loading=\"lazy\" decoding=\"async\" width=\"640\" height=\"480\" src=\"http:\/\/qtmm.org\/wp-content\/uploads\/2022\/01\/4e48d445d0b7c.jpeg\" alt=\"\" data-id=\"25190\" data-full-url=\"http:\/\/qtmm.org\/wp-content\/uploads\/2022\/01\/4e48d445d0b7c.jpeg\" data-link=\"http:\/\/qtmm.org\/qt\/?attachment_id=25190\" class=\"wp-image-25190\" srcset=\"https:\/\/qtmm.org\/wp-content\/uploads\/2022\/01\/4e48d445d0b7c.jpeg 640w, https:\/\/qtmm.org\/wp-content\/uploads\/2022\/01\/4e48d445d0b7c-300x225.jpeg 300w\" sizes=\"auto, (max-width: 640px) 100vw, 640px\" \/><\/a><\/figure><\/li><li class=\"blocks-gallery-item\"><figure><a href=\"http:\/\/qtmm.org\/wp-content\/uploads\/2022\/01\/4e48d446a21f4.jpeg\"><img loading=\"lazy\" decoding=\"async\" width=\"640\" height=\"480\" src=\"http:\/\/qtmm.org\/wp-content\/uploads\/2022\/01\/4e48d446a21f4.jpeg\" alt=\"\" data-id=\"25194\" data-full-url=\"http:\/\/qtmm.org\/wp-content\/uploads\/2022\/01\/4e48d446a21f4.jpeg\" data-link=\"http:\/\/qtmm.org\/qt\/?attachment_id=25194\" class=\"wp-image-25194\" srcset=\"https:\/\/qtmm.org\/wp-content\/uploads\/2022\/01\/4e48d446a21f4.jpeg 640w, https:\/\/qtmm.org\/wp-content\/uploads\/2022\/01\/4e48d446a21f4-300x225.jpeg 300w\" sizes=\"auto, (max-width: 640px) 100vw, 640px\" \/><\/a><\/figure><\/li><li class=\"blocks-gallery-item\"><figure><a href=\"http:\/\/qtmm.org\/wp-content\/uploads\/2022\/01\/4e48d4490af4a.jpeg\"><img loading=\"lazy\" decoding=\"async\" width=\"640\" height=\"480\" src=\"http:\/\/qtmm.org\/wp-content\/uploads\/2022\/01\/4e48d4490af4a.jpeg\" alt=\"\" data-id=\"25198\" data-full-url=\"http:\/\/qtmm.org\/wp-content\/uploads\/2022\/01\/4e48d4490af4a.jpeg\" data-link=\"http:\/\/qtmm.org\/qt\/?attachment_id=25198\" class=\"wp-image-25198\" srcset=\"https:\/\/qtmm.org\/wp-content\/uploads\/2022\/01\/4e48d4490af4a.jpeg 640w, https:\/\/qtmm.org\/wp-content\/uploads\/2022\/01\/4e48d4490af4a-300x225.jpeg 300w\" sizes=\"auto, (max-width: 640px) 100vw, 640px\" \/><\/a><\/figure><\/li><li class=\"blocks-gallery-item\"><figure><a href=\"http:\/\/qtmm.org\/wp-content\/uploads\/2022\/01\/4e48d44200c96.jpeg\"><img loading=\"lazy\" decoding=\"async\" width=\"640\" height=\"480\" src=\"http:\/\/qtmm.org\/wp-content\/uploads\/2022\/01\/4e48d44200c96.jpeg\" alt=\"\" data-id=\"25202\" data-full-url=\"http:\/\/qtmm.org\/wp-content\/uploads\/2022\/01\/4e48d44200c96.jpeg\" data-link=\"http:\/\/qtmm.org\/qt\/?attachment_id=25202\" class=\"wp-image-25202\" srcset=\"https:\/\/qtmm.org\/wp-content\/uploads\/2022\/01\/4e48d44200c96.jpeg 640w, https:\/\/qtmm.org\/wp-content\/uploads\/2022\/01\/4e48d44200c96-300x225.jpeg 300w\" sizes=\"auto, (max-width: 640px) 100vw, 640px\" \/><\/a><\/figure><\/li><li class=\"blocks-gallery-item\"><figure><a href=\"http:\/\/qtmm.org\/wp-content\/uploads\/2022\/01\/4e48d440782d6.jpeg\"><img loading=\"lazy\" decoding=\"async\" width=\"640\" height=\"480\" src=\"http:\/\/qtmm.org\/wp-content\/uploads\/2022\/01\/4e48d440782d6.jpeg\" alt=\"\" data-id=\"25206\" data-full-url=\"http:\/\/qtmm.org\/wp-content\/uploads\/2022\/01\/4e48d440782d6.jpeg\" data-link=\"http:\/\/qtmm.org\/qt\/?attachment_id=25206\" class=\"wp-image-25206\" srcset=\"https:\/\/qtmm.org\/wp-content\/uploads\/2022\/01\/4e48d440782d6.jpeg 640w, https:\/\/qtmm.org\/wp-content\/uploads\/2022\/01\/4e48d440782d6-300x225.jpeg 300w\" sizes=\"auto, (max-width: 640px) 100vw, 640px\" \/><\/a><\/figure><\/li><li class=\"blocks-gallery-item\"><figure><a href=\"http:\/\/qtmm.org\/wp-content\/uploads\/2022\/01\/4e48d441377b3.jpeg\"><img loading=\"lazy\" decoding=\"async\" width=\"640\" height=\"480\" src=\"http:\/\/qtmm.org\/wp-content\/uploads\/2022\/01\/4e48d441377b3.jpeg\" alt=\"\" data-id=\"25210\" data-full-url=\"http:\/\/qtmm.org\/wp-content\/uploads\/2022\/01\/4e48d441377b3.jpeg\" data-link=\"http:\/\/qtmm.org\/qt\/?attachment_id=25210\" class=\"wp-image-25210\" srcset=\"https:\/\/qtmm.org\/wp-content\/uploads\/2022\/01\/4e48d441377b3.jpeg 640w, https:\/\/qtmm.org\/wp-content\/uploads\/2022\/01\/4e48d441377b3-300x225.jpeg 300w\" sizes=\"auto, (max-width: 640px) 100vw, 640px\" \/><\/a><\/figure><\/li><li class=\"blocks-gallery-item\"><figure><a href=\"http:\/\/qtmm.org\/wp-content\/uploads\/2022\/01\/4e48d447649f1.jpeg\"><img loading=\"lazy\" decoding=\"async\" width=\"640\" height=\"480\" src=\"http:\/\/qtmm.org\/wp-content\/uploads\/2022\/01\/4e48d447649f1.jpeg\" alt=\"\" data-id=\"25214\" data-full-url=\"http:\/\/qtmm.org\/wp-content\/uploads\/2022\/01\/4e48d447649f1.jpeg\" data-link=\"http:\/\/qtmm.org\/qt\/?attachment_id=25214\" class=\"wp-image-25214\" srcset=\"https:\/\/qtmm.org\/wp-content\/uploads\/2022\/01\/4e48d447649f1.jpeg 640w, https:\/\/qtmm.org\/wp-content\/uploads\/2022\/01\/4e48d447649f1-300x225.jpeg 300w\" sizes=\"auto, (max-width: 640px) 100vw, 640px\" \/><\/a><\/figure><\/li><li class=\"blocks-gallery-item\"><figure><a href=\"http:\/\/qtmm.org\/wp-content\/uploads\/2022\/01\/4e48d44455056.jpeg\"><img loading=\"lazy\" decoding=\"async\" width=\"640\" height=\"480\" src=\"http:\/\/qtmm.org\/wp-content\/uploads\/2022\/01\/4e48d44455056.jpeg\" alt=\"\" data-id=\"25218\" data-full-url=\"http:\/\/qtmm.org\/wp-content\/uploads\/2022\/01\/4e48d44455056.jpeg\" data-link=\"http:\/\/qtmm.org\/qt\/?attachment_id=25218\" class=\"wp-image-25218\" srcset=\"https:\/\/qtmm.org\/wp-content\/uploads\/2022\/01\/4e48d44455056.jpeg 640w, https:\/\/qtmm.org\/wp-content\/uploads\/2022\/01\/4e48d44455056-300x225.jpeg 300w\" sizes=\"auto, (max-width: 640px) 100vw, 640px\" \/><\/a><\/figure><\/li><li class=\"blocks-gallery-item\"><figure><a href=\"http:\/\/qtmm.org\/wp-content\/uploads\/2022\/01\/4e48d44514420.jpeg\"><img loading=\"lazy\" decoding=\"async\" width=\"640\" height=\"480\" src=\"http:\/\/qtmm.org\/wp-content\/uploads\/2022\/01\/4e48d44514420.jpeg\" alt=\"\" data-id=\"25222\" data-full-url=\"http:\/\/qtmm.org\/wp-content\/uploads\/2022\/01\/4e48d44514420.jpeg\" data-link=\"http:\/\/qtmm.org\/qt\/?attachment_id=25222\" class=\"wp-image-25222\" srcset=\"https:\/\/qtmm.org\/wp-content\/uploads\/2022\/01\/4e48d44514420.jpeg 640w, https:\/\/qtmm.org\/wp-content\/uploads\/2022\/01\/4e48d44514420-300x225.jpeg 300w\" sizes=\"auto, (max-width: 640px) 100vw, 640px\" \/><\/a><\/figure><\/li><li class=\"blocks-gallery-item\"><figure><a href=\"http:\/\/qtmm.org\/wp-content\/uploads\/2022\/01\/4e48d44824549.jpeg\"><img loading=\"lazy\" decoding=\"async\" width=\"640\" height=\"480\" src=\"http:\/\/qtmm.org\/wp-content\/uploads\/2022\/01\/4e48d44824549.jpeg\" alt=\"\" data-id=\"25226\" data-full-url=\"http:\/\/qtmm.org\/wp-content\/uploads\/2022\/01\/4e48d44824549.jpeg\" data-link=\"http:\/\/qtmm.org\/qt\/?attachment_id=25226\" class=\"wp-image-25226\" srcset=\"https:\/\/qtmm.org\/wp-content\/uploads\/2022\/01\/4e48d44824549.jpeg 640w, https:\/\/qtmm.org\/wp-content\/uploads\/2022\/01\/4e48d44824549-300x225.jpeg 300w\" sizes=\"auto, (max-width: 640px) 100vw, 640px\" \/><\/a><\/figure><\/li><\/ul><\/figure>\n","protected":false},"excerpt":{"rendered":"<p>Delegatsiya erk\u00e2n\u0131na Meclis reisini\u00f1 T\u00fcrkiye ile al\u00e2qalar boyunca yard\u0131mc\u0131s\u0131 \u0130smet Y\u00fcksel ve Kiyevde q\u0131r\u0131mtatar cemiyetini\u00f1 reisi, M. Cemilevni\u00f1 yard\u0131mc\u0131s\u0131 Aslan \u00dcmerov da kirdiler. Avgust 8-de \u0130stanbul ava liman\u0131nda delegatsiyan\u0131 T\u00fcrkiye Cumhuriyeti Nazirler \u015furas\u0131 yan\u0131nda Yurt t\u0131\u015f\u0131nda ya\u015fa\u011fan t\u00fcrklerni\u00f1 i\u015fleri baqanl\u0131\u011f\u0131n\u0131\u00f1 reberleri, \u0130stanbul q\u0131r\u0131mtatar medeniy ve yard\u0131mla\u015fma dernegini\u00f1 ba\u015f\u0131 Cel\u00e2l \u0130\u00e7ten, q\u0131r\u0131mtatar medeniyet ve yard\u0131mla\u015fma dernegini\u00f1 [&hellip;]<\/p>\n","protected":false},"author":1,"featured_media":25170,"comment_status":"open","ping_status":"open","sticky":false,"template":"","format":"standard","meta":{"inline_featured_image":false,"footnotes":""},"categories":[265],"tags":[],"class_list":["post-25153","post","type-post","status-publish","format-standard","has-post-thumbnail","hentry","category-haberler"],"acf":[],"yoast_head":"<!-- This site is optimized with the Yoast SEO plugin v27.4 - https:\/\/yoast.com\/product\/yoast-seo-wordpress\/ -->\n<title>Meclis reisi M.Cemilevni\u00f1 T\u00fcrkiye Cumhuriyetine ziyareti - \u041c\u0435\u0434\u0436\u043b\u0456\u0441<\/title>\n<meta name=\"robots\" content=\"index, follow, max-snippet:-1, max-image-preview:large, max-video-preview:-1\" \/>\n<link rel=\"canonical\" href=\"https:\/\/qtmm.org\/qt\/meclis-reisi-m-cemilevnin-turkiye-cumhuriyetine-ziyareti\/\" \/>\n<meta property=\"og:locale\" content=\"en_US\" \/>\n<meta property=\"og:type\" content=\"article\" \/>\n<meta property=\"og:title\" content=\"Meclis reisi M.Cemilevni\u00f1 T\u00fcrkiye Cumhuriyetine ziyareti - \u041c\u0435\u0434\u0436\u043b\u0456\u0441\" \/>\n<meta property=\"og:description\" content=\"Delegatsiya erk\u00e2n\u0131na Meclis reisini\u00f1 T\u00fcrkiye ile al\u00e2qalar boyunca yard\u0131mc\u0131s\u0131 \u0130smet Y\u00fcksel ve Kiyevde q\u0131r\u0131mtatar cemiyetini\u00f1 reisi, M. Cemilevni\u00f1 yard\u0131mc\u0131s\u0131 Aslan \u00dcmerov da kirdiler. Avgust 8-de \u0130stanbul ava liman\u0131nda delegatsiyan\u0131 T\u00fcrkiye Cumhuriyeti Nazirler \u015furas\u0131 yan\u0131nda Yurt t\u0131\u015f\u0131nda ya\u015fa\u011fan t\u00fcrklerni\u00f1 i\u015fleri baqanl\u0131\u011f\u0131n\u0131\u00f1 reberleri, \u0130stanbul q\u0131r\u0131mtatar medeniy ve yard\u0131mla\u015fma dernegini\u00f1 ba\u015f\u0131 Cel\u00e2l \u0130\u00e7ten, q\u0131r\u0131mtatar medeniyet ve yard\u0131mla\u015fma dernegini\u00f1 [&hellip;]\" \/>\n<meta property=\"og:url\" content=\"https:\/\/qtmm.org\/qt\/meclis-reisi-m-cemilevnin-turkiye-cumhuriyetine-ziyareti\/\" \/>\n<meta property=\"og:site_name\" content=\"\u041c\u0435\u0434\u0436\u043b\u0456\u0441\" \/>\n<meta property=\"article:publisher\" content=\"https:\/\/www.facebook.com\/qtmm.info\/\" \/>\n<meta property=\"article:published_time\" content=\"2011-08-12T19:40:00+00:00\" \/>\n<meta property=\"article:modified_time\" content=\"2022-01-18T19:43:36+00:00\" \/>\n<meta property=\"og:image\" content=\"https:\/\/qtmm.org\/wp-content\/uploads\/2022\/01\/4e48d43f03414.jpeg\" \/>\n\t<meta property=\"og:image:width\" content=\"640\" \/>\n\t<meta property=\"og:image:height\" content=\"480\" \/>\n\t<meta property=\"og:image:type\" content=\"image\/jpeg\" \/>\n<meta name=\"author\" content=\"Developer\" \/>\n<meta name=\"twitter:card\" content=\"summary_large_image\" \/>\n<meta name=\"twitter:label1\" content=\"Written by\" \/>\n\t<meta name=\"twitter:data1\" content=\"Developer\" \/>\n\t<meta name=\"twitter:label2\" content=\"Est. reading time\" \/>\n\t<meta name=\"twitter:data2\" content=\"4 minutes\" \/>\n<script type=\"application\/ld+json\" class=\"yoast-schema-graph\">{\"@context\":\"https:\\\/\\\/schema.org\",\"@graph\":[{\"@type\":\"Article\",\"@id\":\"https:\\\/\\\/qtmm.org\\\/qt\\\/meclis-reisi-m-cemilevnin-turkiye-cumhuriyetine-ziyareti\\\/#article\",\"isPartOf\":{\"@id\":\"https:\\\/\\\/qtmm.org\\\/qt\\\/meclis-reisi-m-cemilevnin-turkiye-cumhuriyetine-ziyareti\\\/\"},\"author\":{\"name\":\"Developer\",\"@id\":\"https:\\\/\\\/qtmm.org\\\/qt\\\/#\\\/schema\\\/person\\\/de562469f971dec226ac06e60bbf74a7\"},\"headline\":\"Meclis reisi M.Cemilevni\u00f1 T\u00fcrkiye Cumhuriyetine ziyareti\",\"datePublished\":\"2011-08-12T19:40:00+00:00\",\"dateModified\":\"2022-01-18T19:43:36+00:00\",\"mainEntityOfPage\":{\"@id\":\"https:\\\/\\\/qtmm.org\\\/qt\\\/meclis-reisi-m-cemilevnin-turkiye-cumhuriyetine-ziyareti\\\/\"},\"wordCount\":869,\"commentCount\":0,\"publisher\":{\"@id\":\"https:\\\/\\\/qtmm.org\\\/qt\\\/#organization\"},\"image\":{\"@id\":\"https:\\\/\\\/qtmm.org\\\/qt\\\/meclis-reisi-m-cemilevnin-turkiye-cumhuriyetine-ziyareti\\\/#primaryimage\"},\"thumbnailUrl\":\"https:\\\/\\\/qtmm.org\\\/wp-content\\\/uploads\\\/2022\\\/01\\\/4e48d43f03414.jpeg\",\"articleSection\":[\"Haberler\"],\"inLanguage\":\"qt\",\"potentialAction\":[{\"@type\":\"CommentAction\",\"name\":\"Comment\",\"target\":[\"https:\\\/\\\/qtmm.org\\\/qt\\\/meclis-reisi-m-cemilevnin-turkiye-cumhuriyetine-ziyareti\\\/#respond\"]}]},{\"@type\":\"WebPage\",\"@id\":\"https:\\\/\\\/qtmm.org\\\/qt\\\/meclis-reisi-m-cemilevnin-turkiye-cumhuriyetine-ziyareti\\\/\",\"url\":\"https:\\\/\\\/qtmm.org\\\/qt\\\/meclis-reisi-m-cemilevnin-turkiye-cumhuriyetine-ziyareti\\\/\",\"name\":\"Meclis reisi M.Cemilevni\u00f1 T\u00fcrkiye Cumhuriyetine ziyareti - \u041c\u0435\u0434\u0436\u043b\u0456\u0441\",\"isPartOf\":{\"@id\":\"https:\\\/\\\/qtmm.org\\\/qt\\\/#website\"},\"primaryImageOfPage\":{\"@id\":\"https:\\\/\\\/qtmm.org\\\/qt\\\/meclis-reisi-m-cemilevnin-turkiye-cumhuriyetine-ziyareti\\\/#primaryimage\"},\"image\":{\"@id\":\"https:\\\/\\\/qtmm.org\\\/qt\\\/meclis-reisi-m-cemilevnin-turkiye-cumhuriyetine-ziyareti\\\/#primaryimage\"},\"thumbnailUrl\":\"https:\\\/\\\/qtmm.org\\\/wp-content\\\/uploads\\\/2022\\\/01\\\/4e48d43f03414.jpeg\",\"datePublished\":\"2011-08-12T19:40:00+00:00\",\"dateModified\":\"2022-01-18T19:43:36+00:00\",\"breadcrumb\":{\"@id\":\"https:\\\/\\\/qtmm.org\\\/qt\\\/meclis-reisi-m-cemilevnin-turkiye-cumhuriyetine-ziyareti\\\/#breadcrumb\"},\"inLanguage\":\"qt\",\"potentialAction\":[{\"@type\":\"ReadAction\",\"target\":[\"https:\\\/\\\/qtmm.org\\\/qt\\\/meclis-reisi-m-cemilevnin-turkiye-cumhuriyetine-ziyareti\\\/\"]}]},{\"@type\":\"ImageObject\",\"inLanguage\":\"qt\",\"@id\":\"https:\\\/\\\/qtmm.org\\\/qt\\\/meclis-reisi-m-cemilevnin-turkiye-cumhuriyetine-ziyareti\\\/#primaryimage\",\"url\":\"https:\\\/\\\/qtmm.org\\\/wp-content\\\/uploads\\\/2022\\\/01\\\/4e48d43f03414.jpeg\",\"contentUrl\":\"https:\\\/\\\/qtmm.org\\\/wp-content\\\/uploads\\\/2022\\\/01\\\/4e48d43f03414.jpeg\",\"width\":640,\"height\":480},{\"@type\":\"BreadcrumbList\",\"@id\":\"https:\\\/\\\/qtmm.org\\\/qt\\\/meclis-reisi-m-cemilevnin-turkiye-cumhuriyetine-ziyareti\\\/#breadcrumb\",\"itemListElement\":[{\"@type\":\"ListItem\",\"position\":1,\"name\":\"\u0413\u043e\u043b\u043e\u0432\u043d\u0430\",\"item\":\"https:\\\/\\\/qtmm.org\\\/qt\\\/\"},{\"@type\":\"ListItem\",\"position\":2,\"name\":\"Meclis reisi M.Cemilevni\u00f1 T\u00fcrkiye Cumhuriyetine ziyareti\"}]},{\"@type\":\"WebSite\",\"@id\":\"https:\\\/\\\/qtmm.org\\\/qt\\\/#website\",\"url\":\"https:\\\/\\\/qtmm.org\\\/qt\\\/\",\"name\":\"\u041c\u0435\u0434\u0436\u043b\u0456\u0441\",\"description\":\"\",\"publisher\":{\"@id\":\"https:\\\/\\\/qtmm.org\\\/qt\\\/#organization\"},\"potentialAction\":[{\"@type\":\"SearchAction\",\"target\":{\"@type\":\"EntryPoint\",\"urlTemplate\":\"https:\\\/\\\/qtmm.org\\\/qt\\\/?s={search_term_string}\"},\"query-input\":{\"@type\":\"PropertyValueSpecification\",\"valueRequired\":true,\"valueName\":\"search_term_string\"}}],\"inLanguage\":\"qt\"},{\"@type\":\"Organization\",\"@id\":\"https:\\\/\\\/qtmm.org\\\/qt\\\/#organization\",\"name\":\"\u041c\u0435\u0434\u0436\u043b\u0456\u0441\",\"url\":\"https:\\\/\\\/qtmm.org\\\/qt\\\/\",\"logo\":{\"@type\":\"ImageObject\",\"inLanguage\":\"qt\",\"@id\":\"https:\\\/\\\/qtmm.org\\\/qt\\\/#\\\/schema\\\/logo\\\/image\\\/\",\"url\":\"https:\\\/\\\/qtmm.org\\\/wp-content\\\/uploads\\\/2024\\\/12\\\/ua-mejlis-logo-rgb.svg\",\"contentUrl\":\"https:\\\/\\\/qtmm.org\\\/wp-content\\\/uploads\\\/2024\\\/12\\\/ua-mejlis-logo-rgb.svg\",\"caption\":\"\u041c\u0435\u0434\u0436\u043b\u0456\u0441\"},\"image\":{\"@id\":\"https:\\\/\\\/qtmm.org\\\/qt\\\/#\\\/schema\\\/logo\\\/image\\\/\"},\"sameAs\":[\"https:\\\/\\\/www.facebook.com\\\/qtmm.info\\\/\"]},{\"@type\":\"Person\",\"@id\":\"https:\\\/\\\/qtmm.org\\\/qt\\\/#\\\/schema\\\/person\\\/de562469f971dec226ac06e60bbf74a7\",\"name\":\"Developer\",\"image\":{\"@type\":\"ImageObject\",\"inLanguage\":\"qt\",\"@id\":\"https:\\\/\\\/secure.gravatar.com\\\/avatar\\\/392b4cc8fbfeb00b39dfeeab4ee6edded39ffd48e25858637e4765810300227e?s=96&d=mm&r=g\",\"url\":\"https:\\\/\\\/secure.gravatar.com\\\/avatar\\\/392b4cc8fbfeb00b39dfeeab4ee6edded39ffd48e25858637e4765810300227e?s=96&d=mm&r=g\",\"contentUrl\":\"https:\\\/\\\/secure.gravatar.com\\\/avatar\\\/392b4cc8fbfeb00b39dfeeab4ee6edded39ffd48e25858637e4765810300227e?s=96&d=mm&r=g\",\"caption\":\"Developer\"},\"url\":\"https:\\\/\\\/qtmm.org\\\/qt\\\/author\\\/Developer\\\/\"}]}<\/script>\n<!-- \/ Yoast SEO plugin. -->","yoast_head_json":{"title":"Meclis reisi M.Cemilevni\u00f1 T\u00fcrkiye Cumhuriyetine ziyareti - \u041c\u0435\u0434\u0436\u043b\u0456\u0441","robots":{"index":"index","follow":"follow","max-snippet":"max-snippet:-1","max-image-preview":"max-image-preview:large","max-video-preview":"max-video-preview:-1"},"canonical":"https:\/\/qtmm.org\/qt\/meclis-reisi-m-cemilevnin-turkiye-cumhuriyetine-ziyareti\/","og_locale":"en_US","og_type":"article","og_title":"Meclis reisi M.Cemilevni\u00f1 T\u00fcrkiye Cumhuriyetine ziyareti - \u041c\u0435\u0434\u0436\u043b\u0456\u0441","og_description":"Delegatsiya erk\u00e2n\u0131na Meclis reisini\u00f1 T\u00fcrkiye ile al\u00e2qalar boyunca yard\u0131mc\u0131s\u0131 \u0130smet Y\u00fcksel ve Kiyevde q\u0131r\u0131mtatar cemiyetini\u00f1 reisi, M. Cemilevni\u00f1 yard\u0131mc\u0131s\u0131 Aslan \u00dcmerov da kirdiler. Avgust 8-de \u0130stanbul ava liman\u0131nda delegatsiyan\u0131 T\u00fcrkiye Cumhuriyeti Nazirler \u015furas\u0131 yan\u0131nda Yurt t\u0131\u015f\u0131nda ya\u015fa\u011fan t\u00fcrklerni\u00f1 i\u015fleri baqanl\u0131\u011f\u0131n\u0131\u00f1 reberleri, \u0130stanbul q\u0131r\u0131mtatar medeniy ve yard\u0131mla\u015fma dernegini\u00f1 ba\u015f\u0131 Cel\u00e2l \u0130\u00e7ten, q\u0131r\u0131mtatar medeniyet ve yard\u0131mla\u015fma dernegini\u00f1 [&hellip;]","og_url":"https:\/\/qtmm.org\/qt\/meclis-reisi-m-cemilevnin-turkiye-cumhuriyetine-ziyareti\/","og_site_name":"\u041c\u0435\u0434\u0436\u043b\u0456\u0441","article_publisher":"https:\/\/www.facebook.com\/qtmm.info\/","article_published_time":"2011-08-12T19:40:00+00:00","article_modified_time":"2022-01-18T19:43:36+00:00","og_image":[{"width":640,"height":480,"url":"https:\/\/qtmm.org\/wp-content\/uploads\/2022\/01\/4e48d43f03414.jpeg","type":"image\/jpeg"}],"author":"Developer","twitter_card":"summary_large_image","twitter_misc":{"Written by":"Developer","Est. reading time":"4 minutes"},"schema":{"@context":"https:\/\/schema.org","@graph":[{"@type":"Article","@id":"https:\/\/qtmm.org\/qt\/meclis-reisi-m-cemilevnin-turkiye-cumhuriyetine-ziyareti\/#article","isPartOf":{"@id":"https:\/\/qtmm.org\/qt\/meclis-reisi-m-cemilevnin-turkiye-cumhuriyetine-ziyareti\/"},"author":{"name":"Developer","@id":"https:\/\/qtmm.org\/qt\/#\/schema\/person\/de562469f971dec226ac06e60bbf74a7"},"headline":"Meclis reisi M.Cemilevni\u00f1 T\u00fcrkiye Cumhuriyetine ziyareti","datePublished":"2011-08-12T19:40:00+00:00","dateModified":"2022-01-18T19:43:36+00:00","mainEntityOfPage":{"@id":"https:\/\/qtmm.org\/qt\/meclis-reisi-m-cemilevnin-turkiye-cumhuriyetine-ziyareti\/"},"wordCount":869,"commentCount":0,"publisher":{"@id":"https:\/\/qtmm.org\/qt\/#organization"},"image":{"@id":"https:\/\/qtmm.org\/qt\/meclis-reisi-m-cemilevnin-turkiye-cumhuriyetine-ziyareti\/#primaryimage"},"thumbnailUrl":"https:\/\/qtmm.org\/wp-content\/uploads\/2022\/01\/4e48d43f03414.jpeg","articleSection":["Haberler"],"inLanguage":"qt","potentialAction":[{"@type":"CommentAction","name":"Comment","target":["https:\/\/qtmm.org\/qt\/meclis-reisi-m-cemilevnin-turkiye-cumhuriyetine-ziyareti\/#respond"]}]},{"@type":"WebPage","@id":"https:\/\/qtmm.org\/qt\/meclis-reisi-m-cemilevnin-turkiye-cumhuriyetine-ziyareti\/","url":"https:\/\/qtmm.org\/qt\/meclis-reisi-m-cemilevnin-turkiye-cumhuriyetine-ziyareti\/","name":"Meclis reisi M.Cemilevni\u00f1 T\u00fcrkiye Cumhuriyetine ziyareti - \u041c\u0435\u0434\u0436\u043b\u0456\u0441","isPartOf":{"@id":"https:\/\/qtmm.org\/qt\/#website"},"primaryImageOfPage":{"@id":"https:\/\/qtmm.org\/qt\/meclis-reisi-m-cemilevnin-turkiye-cumhuriyetine-ziyareti\/#primaryimage"},"image":{"@id":"https:\/\/qtmm.org\/qt\/meclis-reisi-m-cemilevnin-turkiye-cumhuriyetine-ziyareti\/#primaryimage"},"thumbnailUrl":"https:\/\/qtmm.org\/wp-content\/uploads\/2022\/01\/4e48d43f03414.jpeg","datePublished":"2011-08-12T19:40:00+00:00","dateModified":"2022-01-18T19:43:36+00:00","breadcrumb":{"@id":"https:\/\/qtmm.org\/qt\/meclis-reisi-m-cemilevnin-turkiye-cumhuriyetine-ziyareti\/#breadcrumb"},"inLanguage":"qt","potentialAction":[{"@type":"ReadAction","target":["https:\/\/qtmm.org\/qt\/meclis-reisi-m-cemilevnin-turkiye-cumhuriyetine-ziyareti\/"]}]},{"@type":"ImageObject","inLanguage":"qt","@id":"https:\/\/qtmm.org\/qt\/meclis-reisi-m-cemilevnin-turkiye-cumhuriyetine-ziyareti\/#primaryimage","url":"https:\/\/qtmm.org\/wp-content\/uploads\/2022\/01\/4e48d43f03414.jpeg","contentUrl":"https:\/\/qtmm.org\/wp-content\/uploads\/2022\/01\/4e48d43f03414.jpeg","width":640,"height":480},{"@type":"BreadcrumbList","@id":"https:\/\/qtmm.org\/qt\/meclis-reisi-m-cemilevnin-turkiye-cumhuriyetine-ziyareti\/#breadcrumb","itemListElement":[{"@type":"ListItem","position":1,"name":"\u0413\u043e\u043b\u043e\u0432\u043d\u0430","item":"https:\/\/qtmm.org\/qt\/"},{"@type":"ListItem","position":2,"name":"Meclis reisi M.Cemilevni\u00f1 T\u00fcrkiye Cumhuriyetine ziyareti"}]},{"@type":"WebSite","@id":"https:\/\/qtmm.org\/qt\/#website","url":"https:\/\/qtmm.org\/qt\/","name":"\u041c\u0435\u0434\u0436\u043b\u0456\u0441","description":"","publisher":{"@id":"https:\/\/qtmm.org\/qt\/#organization"},"potentialAction":[{"@type":"SearchAction","target":{"@type":"EntryPoint","urlTemplate":"https:\/\/qtmm.org\/qt\/?s={search_term_string}"},"query-input":{"@type":"PropertyValueSpecification","valueRequired":true,"valueName":"search_term_string"}}],"inLanguage":"qt"},{"@type":"Organization","@id":"https:\/\/qtmm.org\/qt\/#organization","name":"\u041c\u0435\u0434\u0436\u043b\u0456\u0441","url":"https:\/\/qtmm.org\/qt\/","logo":{"@type":"ImageObject","inLanguage":"qt","@id":"https:\/\/qtmm.org\/qt\/#\/schema\/logo\/image\/","url":"https:\/\/qtmm.org\/wp-content\/uploads\/2024\/12\/ua-mejlis-logo-rgb.svg","contentUrl":"https:\/\/qtmm.org\/wp-content\/uploads\/2024\/12\/ua-mejlis-logo-rgb.svg","caption":"\u041c\u0435\u0434\u0436\u043b\u0456\u0441"},"image":{"@id":"https:\/\/qtmm.org\/qt\/#\/schema\/logo\/image\/"},"sameAs":["https:\/\/www.facebook.com\/qtmm.info\/"]},{"@type":"Person","@id":"https:\/\/qtmm.org\/qt\/#\/schema\/person\/de562469f971dec226ac06e60bbf74a7","name":"Developer","image":{"@type":"ImageObject","inLanguage":"qt","@id":"https:\/\/secure.gravatar.com\/avatar\/392b4cc8fbfeb00b39dfeeab4ee6edded39ffd48e25858637e4765810300227e?s=96&d=mm&r=g","url":"https:\/\/secure.gravatar.com\/avatar\/392b4cc8fbfeb00b39dfeeab4ee6edded39ffd48e25858637e4765810300227e?s=96&d=mm&r=g","contentUrl":"https:\/\/secure.gravatar.com\/avatar\/392b4cc8fbfeb00b39dfeeab4ee6edded39ffd48e25858637e4765810300227e?s=96&d=mm&r=g","caption":"Developer"},"url":"https:\/\/qtmm.org\/qt\/author\/Developer\/"}]}},"_links":{"self":[{"href":"https:\/\/qtmm.org\/qt\/wp-json\/wp\/v2\/posts\/25153","targetHints":{"allow":["GET"]}}],"collection":[{"href":"https:\/\/qtmm.org\/qt\/wp-json\/wp\/v2\/posts"}],"about":[{"href":"https:\/\/qtmm.org\/qt\/wp-json\/wp\/v2\/types\/post"}],"author":[{"embeddable":true,"href":"https:\/\/qtmm.org\/qt\/wp-json\/wp\/v2\/users\/1"}],"replies":[{"embeddable":true,"href":"https:\/\/qtmm.org\/qt\/wp-json\/wp\/v2\/comments?post=25153"}],"version-history":[{"count":1,"href":"https:\/\/qtmm.org\/qt\/wp-json\/wp\/v2\/posts\/25153\/revisions"}],"predecessor-version":[{"id":25230,"href":"https:\/\/qtmm.org\/qt\/wp-json\/wp\/v2\/posts\/25153\/revisions\/25230"}],"wp:featuredmedia":[{"embeddable":true,"href":"https:\/\/qtmm.org\/qt\/wp-json\/wp\/v2\/media\/25170"}],"wp:attachment":[{"href":"https:\/\/qtmm.org\/qt\/wp-json\/wp\/v2\/media?parent=25153"}],"wp:term":[{"taxonomy":"category","embeddable":true,"href":"https:\/\/qtmm.org\/qt\/wp-json\/wp\/v2\/categories?post=25153"},{"taxonomy":"post_tag","embeddable":true,"href":"https:\/\/qtmm.org\/qt\/wp-json\/wp\/v2\/tags?post=25153"}],"curies":[{"name":"wp","href":"https:\/\/api.w.org\/{rel}","templated":true}]}}