




{"id":25151,"date":"2011-08-08T22:40:00","date_gmt":"2011-08-08T19:40:00","guid":{"rendered":"http:\/\/qtmm.org\/?p=25151"},"modified":"2022-01-18T22:40:44","modified_gmt":"2022-01-18T19:40:44","slug":"meclisnin-ukraina-sabiq-bas-naziri-yuliya-timosenko-tevqif-etilmesi-munasebetinen-beyanati","status":"publish","type":"post","link":"https:\/\/qtmm.org\/qt\/meclisnin-ukraina-sabiq-bas-naziri-yuliya-timosenko-tevqif-etilmesi-munasebetinen-beyanati\/","title":{"rendered":"Meclisni\u00f1 Ukraina sab\u0131q ba\u015f naziri Yuliya Timo\u015fenko tevqif etilmesi munasebetinen beyanat\u0131"},"content":{"rendered":"\n<p>2011 senesi avgust 5 k\u00fcn\u00fc Kiyev \u015feeri Pe\u00e7erskiy rayon mahkemesini\u00f1 qarar\u0131na binaen Ukrainan\u0131\u00f1 sab\u0131q ba\u015f naziri, &#8220;Batkiv\u015f\u00e7ina&#8221; siyasiy partiyan\u0131\u00f1 lideri Timo\u015fenko Yuliya Vladimirovna tevqif etildi.<\/p>\n\n\n\n<p>Kiyev \u015feeri Pe\u00e7erskiy rayon mahkemesini\u00f1 mezk\u00fcr qarar\u0131 mahkeme vaqt\u0131nda qabul etildi. Albu ki, mahkemeni\u00f1 b\u00fct\u00fcn i\u015ftirak\u00e7ileri \u00f6z aqlar\u0131n\u0131 qor\u00e7alavda musaviy uquqlar\u011fa maliktirler. Amma mahkemede al\u0131n\u011fan qarar ve on\u0131 eda et\u00fcvnen ba\u011fl\u0131 areketler, \u015fu areketlerge ukrain cemiyeti, halqara te\u015fkil\u00e2t ve bir s\u0131ra devletlerni\u00f1 resmiy vekillerini\u00f1 seslenmesi uquq bozul\u011fan\u0131ndan ve Yuliya Timo\u015fenko \u00fczerinden mahkemeni\u00f1 siyasiy maqsadlar\u0131ndan del\u00e2let bere.<\/p>\n\n\n\n<p>Ukrainada demokratik ve musaviy uquql\u0131 cemiyet printsiplerini\u00f1 tesbit etilmesi, insan uquqlar\u0131 ve serbestligini\u00f1 teminlenilmesi i\u00e7\u00fcn sebatnen areket etken q\u0131r\u0131mtatar halq\u0131n\u0131\u00f1 Meclisi Ukrainadaki cemi siyasiy ve i\u00e7timaiy k\u00fc\u00e7lerni siyasiy sebep boyunca taqip et\u00fcvni\u00f1 toqtat\u0131lmas\u0131 o\u011frunda areketlerni b\u00fcirle\u015ftirmege \u00e7a\u011f\u0131ra.<\/p>\n\n\n\n<p class=\"has-text-align-right\">Q\u0131r\u0131mtatar halq\u0131 Meclisini\u00f1 topla\u015fuv\u0131nda qabul etildi.<br>2011 senesi avgust 7<br>Aqmescit \u015f.<br>&nbsp;<\/p>\n","protected":false},"excerpt":{"rendered":"<p>2011 senesi avgust 5 k\u00fcn\u00fc Kiyev \u015feeri Pe\u00e7erskiy rayon mahkemesini\u00f1 qarar\u0131na binaen Ukrainan\u0131\u00f1 sab\u0131q ba\u015f naziri, &#8220;Batkiv\u015f\u00e7ina&#8221; siyasiy partiyan\u0131\u00f1 lideri Timo\u015fenko Yuliya Vladimirovna tevqif etildi. Kiyev \u015feeri Pe\u00e7erskiy rayon mahkemesini\u00f1 mezk\u00fcr qarar\u0131 mahkeme vaqt\u0131nda qabul etildi. Albu ki, mahkemeni\u00f1 b\u00fct\u00fcn i\u015ftirak\u00e7ileri \u00f6z aqlar\u0131n\u0131 qor\u00e7alavda musaviy uquqlar\u011fa maliktirler. Amma mahkemede al\u0131n\u011fan qarar ve on\u0131 eda et\u00fcvnen [&hellip;]<\/p>\n","protected":false},"author":1,"featured_media":0,"comment_status":"open","ping_status":"open","sticky":false,"template":"","format":"standard","meta":{"inline_featured_image":false,"footnotes":""},"categories":[265],"tags":[],"class_list":["post-25151","post","type-post","status-publish","format-standard","hentry","category-haberler"],"acf":[],"yoast_head":"<!-- This site is optimized with the Yoast SEO plugin v27.4 - https:\/\/yoast.com\/product\/yoast-seo-wordpress\/ -->\n<title>Meclisni\u00f1 Ukraina sab\u0131q ba\u015f naziri Yuliya Timo\u015fenko tevqif etilmesi munasebetinen beyanat\u0131 - \u041c\u0435\u0434\u0436\u043b\u0456\u0441<\/title>\n<meta name=\"robots\" content=\"index, follow, max-snippet:-1, max-image-preview:large, max-video-preview:-1\" \/>\n<link rel=\"canonical\" href=\"https:\/\/qtmm.org\/qt\/meclisnin-ukraina-sabiq-bas-naziri-yuliya-timosenko-tevqif-etilmesi-munasebetinen-beyanati\/\" \/>\n<meta property=\"og:locale\" content=\"en_US\" \/>\n<meta property=\"og:type\" content=\"article\" \/>\n<meta property=\"og:title\" content=\"Meclisni\u00f1 Ukraina sab\u0131q ba\u015f naziri Yuliya Timo\u015fenko tevqif etilmesi munasebetinen beyanat\u0131 - \u041c\u0435\u0434\u0436\u043b\u0456\u0441\" \/>\n<meta property=\"og:description\" content=\"2011 senesi avgust 5 k\u00fcn\u00fc Kiyev \u015feeri Pe\u00e7erskiy rayon mahkemesini\u00f1 qarar\u0131na binaen Ukrainan\u0131\u00f1 sab\u0131q ba\u015f naziri, &#8220;Batkiv\u015f\u00e7ina&#8221; siyasiy partiyan\u0131\u00f1 lideri Timo\u015fenko Yuliya Vladimirovna tevqif etildi. Kiyev \u015feeri Pe\u00e7erskiy rayon mahkemesini\u00f1 mezk\u00fcr qarar\u0131 mahkeme vaqt\u0131nda qabul etildi. Albu ki, mahkemeni\u00f1 b\u00fct\u00fcn i\u015ftirak\u00e7ileri \u00f6z aqlar\u0131n\u0131 qor\u00e7alavda musaviy uquqlar\u011fa maliktirler. Amma mahkemede al\u0131n\u011fan qarar ve on\u0131 eda et\u00fcvnen [&hellip;]\" \/>\n<meta property=\"og:url\" content=\"https:\/\/qtmm.org\/qt\/meclisnin-ukraina-sabiq-bas-naziri-yuliya-timosenko-tevqif-etilmesi-munasebetinen-beyanati\/\" \/>\n<meta property=\"og:site_name\" content=\"\u041c\u0435\u0434\u0436\u043b\u0456\u0441\" \/>\n<meta property=\"article:publisher\" content=\"https:\/\/www.facebook.com\/qtmm.info\/\" \/>\n<meta property=\"article:published_time\" content=\"2011-08-08T19:40:00+00:00\" \/>\n<meta property=\"article:modified_time\" content=\"2022-01-18T19:40:44+00:00\" \/>\n<meta name=\"author\" content=\"Developer\" \/>\n<meta name=\"twitter:card\" content=\"summary_large_image\" \/>\n<meta name=\"twitter:label1\" content=\"Written by\" \/>\n\t<meta name=\"twitter:data1\" content=\"Developer\" \/>\n\t<meta name=\"twitter:label2\" content=\"Est. reading time\" \/>\n\t<meta name=\"twitter:data2\" content=\"1 minute\" \/>\n<script type=\"application\/ld+json\" class=\"yoast-schema-graph\">{\"@context\":\"https:\\\/\\\/schema.org\",\"@graph\":[{\"@type\":\"Article\",\"@id\":\"https:\\\/\\\/qtmm.org\\\/qt\\\/meclisnin-ukraina-sabiq-bas-naziri-yuliya-timosenko-tevqif-etilmesi-munasebetinen-beyanati\\\/#article\",\"isPartOf\":{\"@id\":\"https:\\\/\\\/qtmm.org\\\/qt\\\/meclisnin-ukraina-sabiq-bas-naziri-yuliya-timosenko-tevqif-etilmesi-munasebetinen-beyanati\\\/\"},\"author\":{\"name\":\"Developer\",\"@id\":\"https:\\\/\\\/qtmm.org\\\/qt\\\/#\\\/schema\\\/person\\\/de562469f971dec226ac06e60bbf74a7\"},\"headline\":\"Meclisni\u00f1 Ukraina sab\u0131q ba\u015f naziri Yuliya Timo\u015fenko tevqif etilmesi munasebetinen beyanat\u0131\",\"datePublished\":\"2011-08-08T19:40:00+00:00\",\"dateModified\":\"2022-01-18T19:40:44+00:00\",\"mainEntityOfPage\":{\"@id\":\"https:\\\/\\\/qtmm.org\\\/qt\\\/meclisnin-ukraina-sabiq-bas-naziri-yuliya-timosenko-tevqif-etilmesi-munasebetinen-beyanati\\\/\"},\"wordCount\":183,\"commentCount\":0,\"publisher\":{\"@id\":\"https:\\\/\\\/qtmm.org\\\/qt\\\/#organization\"},\"articleSection\":[\"Haberler\"],\"inLanguage\":\"qt\",\"potentialAction\":[{\"@type\":\"CommentAction\",\"name\":\"Comment\",\"target\":[\"https:\\\/\\\/qtmm.org\\\/qt\\\/meclisnin-ukraina-sabiq-bas-naziri-yuliya-timosenko-tevqif-etilmesi-munasebetinen-beyanati\\\/#respond\"]}]},{\"@type\":\"WebPage\",\"@id\":\"https:\\\/\\\/qtmm.org\\\/qt\\\/meclisnin-ukraina-sabiq-bas-naziri-yuliya-timosenko-tevqif-etilmesi-munasebetinen-beyanati\\\/\",\"url\":\"https:\\\/\\\/qtmm.org\\\/qt\\\/meclisnin-ukraina-sabiq-bas-naziri-yuliya-timosenko-tevqif-etilmesi-munasebetinen-beyanati\\\/\",\"name\":\"Meclisni\u00f1 Ukraina sab\u0131q ba\u015f naziri Yuliya Timo\u015fenko tevqif etilmesi munasebetinen beyanat\u0131 - \u041c\u0435\u0434\u0436\u043b\u0456\u0441\",\"isPartOf\":{\"@id\":\"https:\\\/\\\/qtmm.org\\\/qt\\\/#website\"},\"datePublished\":\"2011-08-08T19:40:00+00:00\",\"dateModified\":\"2022-01-18T19:40:44+00:00\",\"breadcrumb\":{\"@id\":\"https:\\\/\\\/qtmm.org\\\/qt\\\/meclisnin-ukraina-sabiq-bas-naziri-yuliya-timosenko-tevqif-etilmesi-munasebetinen-beyanati\\\/#breadcrumb\"},\"inLanguage\":\"qt\",\"potentialAction\":[{\"@type\":\"ReadAction\",\"target\":[\"https:\\\/\\\/qtmm.org\\\/qt\\\/meclisnin-ukraina-sabiq-bas-naziri-yuliya-timosenko-tevqif-etilmesi-munasebetinen-beyanati\\\/\"]}]},{\"@type\":\"BreadcrumbList\",\"@id\":\"https:\\\/\\\/qtmm.org\\\/qt\\\/meclisnin-ukraina-sabiq-bas-naziri-yuliya-timosenko-tevqif-etilmesi-munasebetinen-beyanati\\\/#breadcrumb\",\"itemListElement\":[{\"@type\":\"ListItem\",\"position\":1,\"name\":\"\u0413\u043e\u043b\u043e\u0432\u043d\u0430\",\"item\":\"https:\\\/\\\/qtmm.org\\\/qt\\\/\"},{\"@type\":\"ListItem\",\"position\":2,\"name\":\"Meclisni\u00f1 Ukraina sab\u0131q ba\u015f naziri Yuliya Timo\u015fenko tevqif etilmesi munasebetinen beyanat\u0131\"}]},{\"@type\":\"WebSite\",\"@id\":\"https:\\\/\\\/qtmm.org\\\/qt\\\/#website\",\"url\":\"https:\\\/\\\/qtmm.org\\\/qt\\\/\",\"name\":\"\u041c\u0435\u0434\u0436\u043b\u0456\u0441\",\"description\":\"\",\"publisher\":{\"@id\":\"https:\\\/\\\/qtmm.org\\\/qt\\\/#organization\"},\"potentialAction\":[{\"@type\":\"SearchAction\",\"target\":{\"@type\":\"EntryPoint\",\"urlTemplate\":\"https:\\\/\\\/qtmm.org\\\/qt\\\/?s={search_term_string}\"},\"query-input\":{\"@type\":\"PropertyValueSpecification\",\"valueRequired\":true,\"valueName\":\"search_term_string\"}}],\"inLanguage\":\"qt\"},{\"@type\":\"Organization\",\"@id\":\"https:\\\/\\\/qtmm.org\\\/qt\\\/#organization\",\"name\":\"\u041c\u0435\u0434\u0436\u043b\u0456\u0441\",\"url\":\"https:\\\/\\\/qtmm.org\\\/qt\\\/\",\"logo\":{\"@type\":\"ImageObject\",\"inLanguage\":\"qt\",\"@id\":\"https:\\\/\\\/qtmm.org\\\/qt\\\/#\\\/schema\\\/logo\\\/image\\\/\",\"url\":\"https:\\\/\\\/qtmm.org\\\/wp-content\\\/uploads\\\/2024\\\/12\\\/ua-mejlis-logo-rgb.svg\",\"contentUrl\":\"https:\\\/\\\/qtmm.org\\\/wp-content\\\/uploads\\\/2024\\\/12\\\/ua-mejlis-logo-rgb.svg\",\"caption\":\"\u041c\u0435\u0434\u0436\u043b\u0456\u0441\"},\"image\":{\"@id\":\"https:\\\/\\\/qtmm.org\\\/qt\\\/#\\\/schema\\\/logo\\\/image\\\/\"},\"sameAs\":[\"https:\\\/\\\/www.facebook.com\\\/qtmm.info\\\/\"]},{\"@type\":\"Person\",\"@id\":\"https:\\\/\\\/qtmm.org\\\/qt\\\/#\\\/schema\\\/person\\\/de562469f971dec226ac06e60bbf74a7\",\"name\":\"Developer\",\"image\":{\"@type\":\"ImageObject\",\"inLanguage\":\"qt\",\"@id\":\"https:\\\/\\\/secure.gravatar.com\\\/avatar\\\/392b4cc8fbfeb00b39dfeeab4ee6edded39ffd48e25858637e4765810300227e?s=96&d=mm&r=g\",\"url\":\"https:\\\/\\\/secure.gravatar.com\\\/avatar\\\/392b4cc8fbfeb00b39dfeeab4ee6edded39ffd48e25858637e4765810300227e?s=96&d=mm&r=g\",\"contentUrl\":\"https:\\\/\\\/secure.gravatar.com\\\/avatar\\\/392b4cc8fbfeb00b39dfeeab4ee6edded39ffd48e25858637e4765810300227e?s=96&d=mm&r=g\",\"caption\":\"Developer\"},\"url\":\"https:\\\/\\\/qtmm.org\\\/qt\\\/author\\\/Developer\\\/\"}]}<\/script>\n<!-- \/ Yoast SEO plugin. -->","yoast_head_json":{"title":"Meclisni\u00f1 Ukraina sab\u0131q ba\u015f naziri Yuliya Timo\u015fenko tevqif etilmesi munasebetinen beyanat\u0131 - \u041c\u0435\u0434\u0436\u043b\u0456\u0441","robots":{"index":"index","follow":"follow","max-snippet":"max-snippet:-1","max-image-preview":"max-image-preview:large","max-video-preview":"max-video-preview:-1"},"canonical":"https:\/\/qtmm.org\/qt\/meclisnin-ukraina-sabiq-bas-naziri-yuliya-timosenko-tevqif-etilmesi-munasebetinen-beyanati\/","og_locale":"en_US","og_type":"article","og_title":"Meclisni\u00f1 Ukraina sab\u0131q ba\u015f naziri Yuliya Timo\u015fenko tevqif etilmesi munasebetinen beyanat\u0131 - \u041c\u0435\u0434\u0436\u043b\u0456\u0441","og_description":"2011 senesi avgust 5 k\u00fcn\u00fc Kiyev \u015feeri Pe\u00e7erskiy rayon mahkemesini\u00f1 qarar\u0131na binaen Ukrainan\u0131\u00f1 sab\u0131q ba\u015f naziri, &#8220;Batkiv\u015f\u00e7ina&#8221; siyasiy partiyan\u0131\u00f1 lideri Timo\u015fenko Yuliya Vladimirovna tevqif etildi. Kiyev \u015feeri Pe\u00e7erskiy rayon mahkemesini\u00f1 mezk\u00fcr qarar\u0131 mahkeme vaqt\u0131nda qabul etildi. Albu ki, mahkemeni\u00f1 b\u00fct\u00fcn i\u015ftirak\u00e7ileri \u00f6z aqlar\u0131n\u0131 qor\u00e7alavda musaviy uquqlar\u011fa maliktirler. Amma mahkemede al\u0131n\u011fan qarar ve on\u0131 eda et\u00fcvnen [&hellip;]","og_url":"https:\/\/qtmm.org\/qt\/meclisnin-ukraina-sabiq-bas-naziri-yuliya-timosenko-tevqif-etilmesi-munasebetinen-beyanati\/","og_site_name":"\u041c\u0435\u0434\u0436\u043b\u0456\u0441","article_publisher":"https:\/\/www.facebook.com\/qtmm.info\/","article_published_time":"2011-08-08T19:40:00+00:00","article_modified_time":"2022-01-18T19:40:44+00:00","author":"Developer","twitter_card":"summary_large_image","twitter_misc":{"Written by":"Developer","Est. reading time":"1 minute"},"schema":{"@context":"https:\/\/schema.org","@graph":[{"@type":"Article","@id":"https:\/\/qtmm.org\/qt\/meclisnin-ukraina-sabiq-bas-naziri-yuliya-timosenko-tevqif-etilmesi-munasebetinen-beyanati\/#article","isPartOf":{"@id":"https:\/\/qtmm.org\/qt\/meclisnin-ukraina-sabiq-bas-naziri-yuliya-timosenko-tevqif-etilmesi-munasebetinen-beyanati\/"},"author":{"name":"Developer","@id":"https:\/\/qtmm.org\/qt\/#\/schema\/person\/de562469f971dec226ac06e60bbf74a7"},"headline":"Meclisni\u00f1 Ukraina sab\u0131q ba\u015f naziri Yuliya Timo\u015fenko tevqif etilmesi munasebetinen beyanat\u0131","datePublished":"2011-08-08T19:40:00+00:00","dateModified":"2022-01-18T19:40:44+00:00","mainEntityOfPage":{"@id":"https:\/\/qtmm.org\/qt\/meclisnin-ukraina-sabiq-bas-naziri-yuliya-timosenko-tevqif-etilmesi-munasebetinen-beyanati\/"},"wordCount":183,"commentCount":0,"publisher":{"@id":"https:\/\/qtmm.org\/qt\/#organization"},"articleSection":["Haberler"],"inLanguage":"qt","potentialAction":[{"@type":"CommentAction","name":"Comment","target":["https:\/\/qtmm.org\/qt\/meclisnin-ukraina-sabiq-bas-naziri-yuliya-timosenko-tevqif-etilmesi-munasebetinen-beyanati\/#respond"]}]},{"@type":"WebPage","@id":"https:\/\/qtmm.org\/qt\/meclisnin-ukraina-sabiq-bas-naziri-yuliya-timosenko-tevqif-etilmesi-munasebetinen-beyanati\/","url":"https:\/\/qtmm.org\/qt\/meclisnin-ukraina-sabiq-bas-naziri-yuliya-timosenko-tevqif-etilmesi-munasebetinen-beyanati\/","name":"Meclisni\u00f1 Ukraina sab\u0131q ba\u015f naziri Yuliya Timo\u015fenko tevqif etilmesi munasebetinen beyanat\u0131 - \u041c\u0435\u0434\u0436\u043b\u0456\u0441","isPartOf":{"@id":"https:\/\/qtmm.org\/qt\/#website"},"datePublished":"2011-08-08T19:40:00+00:00","dateModified":"2022-01-18T19:40:44+00:00","breadcrumb":{"@id":"https:\/\/qtmm.org\/qt\/meclisnin-ukraina-sabiq-bas-naziri-yuliya-timosenko-tevqif-etilmesi-munasebetinen-beyanati\/#breadcrumb"},"inLanguage":"qt","potentialAction":[{"@type":"ReadAction","target":["https:\/\/qtmm.org\/qt\/meclisnin-ukraina-sabiq-bas-naziri-yuliya-timosenko-tevqif-etilmesi-munasebetinen-beyanati\/"]}]},{"@type":"BreadcrumbList","@id":"https:\/\/qtmm.org\/qt\/meclisnin-ukraina-sabiq-bas-naziri-yuliya-timosenko-tevqif-etilmesi-munasebetinen-beyanati\/#breadcrumb","itemListElement":[{"@type":"ListItem","position":1,"name":"\u0413\u043e\u043b\u043e\u0432\u043d\u0430","item":"https:\/\/qtmm.org\/qt\/"},{"@type":"ListItem","position":2,"name":"Meclisni\u00f1 Ukraina sab\u0131q ba\u015f naziri Yuliya Timo\u015fenko tevqif etilmesi munasebetinen beyanat\u0131"}]},{"@type":"WebSite","@id":"https:\/\/qtmm.org\/qt\/#website","url":"https:\/\/qtmm.org\/qt\/","name":"\u041c\u0435\u0434\u0436\u043b\u0456\u0441","description":"","publisher":{"@id":"https:\/\/qtmm.org\/qt\/#organization"},"potentialAction":[{"@type":"SearchAction","target":{"@type":"EntryPoint","urlTemplate":"https:\/\/qtmm.org\/qt\/?s={search_term_string}"},"query-input":{"@type":"PropertyValueSpecification","valueRequired":true,"valueName":"search_term_string"}}],"inLanguage":"qt"},{"@type":"Organization","@id":"https:\/\/qtmm.org\/qt\/#organization","name":"\u041c\u0435\u0434\u0436\u043b\u0456\u0441","url":"https:\/\/qtmm.org\/qt\/","logo":{"@type":"ImageObject","inLanguage":"qt","@id":"https:\/\/qtmm.org\/qt\/#\/schema\/logo\/image\/","url":"https:\/\/qtmm.org\/wp-content\/uploads\/2024\/12\/ua-mejlis-logo-rgb.svg","contentUrl":"https:\/\/qtmm.org\/wp-content\/uploads\/2024\/12\/ua-mejlis-logo-rgb.svg","caption":"\u041c\u0435\u0434\u0436\u043b\u0456\u0441"},"image":{"@id":"https:\/\/qtmm.org\/qt\/#\/schema\/logo\/image\/"},"sameAs":["https:\/\/www.facebook.com\/qtmm.info\/"]},{"@type":"Person","@id":"https:\/\/qtmm.org\/qt\/#\/schema\/person\/de562469f971dec226ac06e60bbf74a7","name":"Developer","image":{"@type":"ImageObject","inLanguage":"qt","@id":"https:\/\/secure.gravatar.com\/avatar\/392b4cc8fbfeb00b39dfeeab4ee6edded39ffd48e25858637e4765810300227e?s=96&d=mm&r=g","url":"https:\/\/secure.gravatar.com\/avatar\/392b4cc8fbfeb00b39dfeeab4ee6edded39ffd48e25858637e4765810300227e?s=96&d=mm&r=g","contentUrl":"https:\/\/secure.gravatar.com\/avatar\/392b4cc8fbfeb00b39dfeeab4ee6edded39ffd48e25858637e4765810300227e?s=96&d=mm&r=g","caption":"Developer"},"url":"https:\/\/qtmm.org\/qt\/author\/Developer\/"}]}},"_links":{"self":[{"href":"https:\/\/qtmm.org\/qt\/wp-json\/wp\/v2\/posts\/25151","targetHints":{"allow":["GET"]}}],"collection":[{"href":"https:\/\/qtmm.org\/qt\/wp-json\/wp\/v2\/posts"}],"about":[{"href":"https:\/\/qtmm.org\/qt\/wp-json\/wp\/v2\/types\/post"}],"author":[{"embeddable":true,"href":"https:\/\/qtmm.org\/qt\/wp-json\/wp\/v2\/users\/1"}],"replies":[{"embeddable":true,"href":"https:\/\/qtmm.org\/qt\/wp-json\/wp\/v2\/comments?post=25151"}],"version-history":[{"count":1,"href":"https:\/\/qtmm.org\/qt\/wp-json\/wp\/v2\/posts\/25151\/revisions"}],"predecessor-version":[{"id":25152,"href":"https:\/\/qtmm.org\/qt\/wp-json\/wp\/v2\/posts\/25151\/revisions\/25152"}],"wp:attachment":[{"href":"https:\/\/qtmm.org\/qt\/wp-json\/wp\/v2\/media?parent=25151"}],"wp:term":[{"taxonomy":"category","embeddable":true,"href":"https:\/\/qtmm.org\/qt\/wp-json\/wp\/v2\/categories?post=25151"},{"taxonomy":"post_tag","embeddable":true,"href":"https:\/\/qtmm.org\/qt\/wp-json\/wp\/v2\/tags?post=25151"}],"curies":[{"name":"wp","href":"https:\/\/api.w.org\/{rel}","templated":true}]}}