




{"id":25149,"date":"2011-08-08T22:38:00","date_gmt":"2011-08-08T19:38:00","guid":{"rendered":"http:\/\/qtmm.org\/?p=25149"},"modified":"2022-01-18T22:39:55","modified_gmt":"2022-01-18T19:39:55","slug":"qirimtatar-halqi-meclisinin-kutleviy-surgunlik-ve-qatl-qurbanlarinin-hatirasini-saqlamaq-icun-umumavropa-stalinizm-ve-natsizm-qurbanlarinin-hatira-kunu-tedbirleri-aqqinda-qarari","status":"publish","type":"post","link":"https:\/\/qtmm.org\/qt\/qirimtatar-halqi-meclisinin-kutleviy-surgunlik-ve-qatl-qurbanlarinin-hatirasini-saqlamaq-icun-umumavropa-stalinizm-ve-natsizm-qurbanlarinin-hatira-kunu-tedbirleri-aqqinda-qarari\/","title":{"rendered":"Q\u0131r\u0131mtatar halq\u0131 Meclisini\u00f1 \u00abK\u00fctleviy s\u00fcrg\u00fcnlik ve qatl qurbanlar\u0131n\u0131\u00f1 hat\u0131ras\u0131n\u0131 saqlamaq i\u00e7\u00fcn Umumavropa stalinizm ve natsizm qurbanlar\u0131n\u0131\u00f1 hat\u0131ra k\u00fcn\u00fc tedbirleri aqq\u0131nda\u00bb qarar\u0131"},"content":{"rendered":"\n<p>\u00d6BSE Parlament Assambleyas\u0131n\u0131\u00f1 2009 senesi iy\u00fcl 3-te qabul etken &#8220;B\u00f6l\u00fcngen Avropan\u0131 birle\u015ftir\u00fcv: HH1 as\u0131rda \u00d6BSE region\u0131nda insan uquqlar\u0131 ve serbestligini taqdirlev&#8221; qarar\u0131na muvaf\u0131q avgust 23 \u2013 &#8220;Ribbentrop-Molotov&#8221; uzla\u015fmas\u0131 imzalan\u011fan k\u00fcn\u00fc K\u00fctleviy s\u00fcrg\u00fcnlik ve qatl qurbanlar\u0131n\u0131\u00f1 hat\u0131ras\u0131n\u0131 saqlamaq i\u00e7\u00fcn Umumavropa stalinizm ve natsizm qurbanlar\u0131n\u0131\u00f1 hat\u0131ra k\u00fcn\u00fc olaraq il\u00e2n etildi.<\/p>\n\n\n\n<p>HH as\u0131rda SSSRde kommunist rejimi taraf\u0131ndan genotsidge o\u011frat\u0131l\u011fan q\u0131r\u0131mtatar halq\u0131 \u00d6BSE PA qarar\u0131n\u0131 q\u0131r\u0131mtatar halq\u0131n\u0131\u00f1 \u00f6z Vatan\u0131nda aq-uquqlar\u0131n\u0131\u00f1 \u011fayr\u0131dan tiklenilmesine bir siltem olaraq qabul ete.<\/p>\n\n\n\n<p>Q\u0131r\u0131mtatar halq\u0131n\u0131\u00f1 Meclisi \u00d6BSE PA qarar\u0131 esas\u0131nda ve Avropa halqlar\u0131n\u0131\u00f1 kommunist ve natsizm rejimlerinde ketirgen qurbanlar\u0131n\u0131\u00f1 hat\u0131ras\u0131na 2009 senesinden ba\u015flap er y\u0131l\u0131 avgust 23 k\u00fcn\u00fc Aqmescitte \u00e7e\u015fit siyasiy ve i\u00e7timaiy te\u015fkil\u00e2tlar\u0131 vekillerini\u00f1 i\u015ftirakinde matem mitingleri ke\u00e7ire.<\/p>\n\n\n\n<p>K\u00fctleviy s\u00fcrg\u00fcnlik ve qatl qurbanlar\u0131n\u0131\u00f1 hat\u0131ras\u0131n\u0131 saqlamaq i\u00e7\u00fcn Umumavropa stalinizm ve natsizm qurbanlar\u0131n\u0131\u00f1 hat\u0131ra k\u00fcn\u00fc \u00e7er\u00e7ivesinde matem mitingi 2011 senesi avgust 23-te Sal\u011f\u0131r ba\u011f\u00e7as\u0131 yan\u0131nda (Yaltinskaya soqa\u011f\u0131) q\u0131r\u0131mtatar halq\u0131 s\u00fcrg\u00fcnligi qurbanlar\u0131na qoyul\u011fan hat\u0131ra ta\u015f\u0131 \u00f6g\u00fcnde \u00f6tkerilecek.<\/p>\n\n\n\n<p>Stalinizm ve natsizm qurbanlar\u0131n\u0131\u00f1 hat\u0131ras\u0131na matem mitingi keregi kibi te\u015fkil\u00e2tland\u0131r\u0131lmas\u0131 maqsad\u0131nda Q\u0131r\u0131mtatar halq\u0131n\u0131\u00f1 Meclisi<\/p>\n\n\n\n<p class=\"has-text-align-center\"><strong>QARAR BERE:<\/strong><\/p>\n\n\n\n<p>1. \u0130\u015f\u00e7i gruppa a\u015fa\u011f\u0131daki erk\u00e2nda tasdiqlans\u0131n:<\/p>\n\n\n\n<p><strong>\u00c7UBAROV<\/strong>&nbsp;Refat \u2013 Q\u0131r\u0131mtatar halq\u0131 Meclisi reisini\u00f1 birinci muavini, Q\u0131r\u0131m Yuqar\u0131 \u015euras\u0131n\u0131\u00f1 deputat\u0131 (\u0130\u015f\u00e7i gruppan\u0131\u00f1 reberi)<\/p>\n\n\n\n<p><strong>SMEDL\u00c2YEV&nbsp;<\/strong>Zair &#8211; Meclis K\u00e2tibiyetini\u00f1 ba\u015f\u0131 (\u0130\u015f\u00e7i gruppa reisini\u00f1 muavini)<\/p>\n\n\n\n<p><strong>OV\u00c7ARUK&nbsp;<\/strong>Vasiliy \u2013 Ukrain millet\u00e7ileri kongressi Q\u0131r\u0131m te\u015fkil\u00e2t\u0131n\u0131\u00f1 reisi (\u0130\u015f\u00e7i gruppan\u0131\u00f1 azas\u0131, raz\u0131l\u0131\u011f\u0131nen)<\/p>\n\n\n\n<p><strong>P\u0130LUNSK\u0130Y&nbsp;<\/strong>Leonid \u2013 Ukraina Halq Areketi (RUH) Q\u0131r\u0131m \u00fclke te\u015fkil\u00e2t\u0131n\u0131\u00f1 reisi, Q\u0131r\u0131m Yuqar\u0131 \u015euras\u0131n\u0131\u00f1 deputat\u0131, (\u0130\u015f\u00e7i gruppan\u0131\u00f1 azas\u0131, raz\u0131l\u0131\u011f\u0131nen)<\/p>\n\n\n\n<p><strong>FOMU\u015eK\u0130N&nbsp;<\/strong>\u00d6leg \u2013 Ukraina halq partiyas\u0131 Q\u0131r\u0131m te\u015fkil\u00e2t\u0131n\u0131\u00f1 reisi (\u0130\u015f\u00e7i gruppan\u0131\u00f1 azas\u0131, raz\u0131l\u0131\u011f\u0131nen)<\/p>\n\n\n\n<p><strong>HAMZ\u0130N&nbsp;<\/strong>Ali \u2013 Meclis t\u0131\u015fq\u0131 al\u00e2qalar b\u00f6l\u00fcgini\u00f1 ba\u015f\u0131(\u0130\u015f\u00e7i gruppan\u0131\u00f1 azas\u0131, raz\u0131l\u0131\u011f\u0131nen)<\/p>\n\n\n\n<p><strong>ENNANOV&nbsp;<\/strong>Ruslan \u2013 Meclis azas\u0131, Aqmescit regional meclis reisini\u00f1 vazifesini eda etici (\u0130\u015f\u00e7i gruppan\u0131\u00f1 azas\u0131)<\/p>\n\n\n\n<p>2. \u0130\u015f\u00e7i gruppa\u011fa:<\/p>\n\n\n\n<p>&#8211; K\u00fctleviy s\u00fcrg\u00fcnlik ve qatl qurbanlar\u0131n\u0131\u00f1 hat\u0131ras\u0131n\u0131 saqlamaq i\u00e7\u00fcn Umumavropa stalinizm ve natsizm qurbanlar\u0131n\u0131\u00f1 hat\u0131ra k\u00fcn\u00fcne ba\u011f\u0131\u015flan\u011fan matemi mitingini ke\u00e7ir\u00fcv tertibi boyunca Q\u0131r\u0131m cemaat\u00e7\u0131l\u0131\u011f\u0131na muracaatn\u0131 az\u0131rlamaq ve k\u00fctleviy informatsiya vastalar\u0131nda derc etmek;<\/p>\n\n\n\n<p>M\u00fcddeti 2011 senesi avgust 15-ke qadar<\/p>\n\n\n\n<p>&#8211; matem mitingi ke\u00e7irilmesi i\u00e7\u00fcn zarur te\u015fkil\u00e2tiy tedbirlerni teminlemekni avale etmek.<\/p>\n\n\n\n<p class=\"has-text-align-right\">Q\u0131r\u0131mtatar halq\u0131 Meclisini\u00f1 topla\u015fuv\u0131nda qabul etildi<br>2011 senesi avgust 7.<br>Aqmescit \u015f.<br><br>&nbsp;<\/p>\n","protected":false},"excerpt":{"rendered":"<p>\u00d6BSE Parlament Assambleyas\u0131n\u0131\u00f1 2009 senesi iy\u00fcl 3-te qabul etken &#8220;B\u00f6l\u00fcngen Avropan\u0131 birle\u015ftir\u00fcv: HH1 as\u0131rda \u00d6BSE region\u0131nda insan uquqlar\u0131 ve serbestligini taqdirlev&#8221; qarar\u0131na muvaf\u0131q avgust 23 \u2013 &#8220;Ribbentrop-Molotov&#8221; uzla\u015fmas\u0131 imzalan\u011fan k\u00fcn\u00fc K\u00fctleviy s\u00fcrg\u00fcnlik ve qatl qurbanlar\u0131n\u0131\u00f1 hat\u0131ras\u0131n\u0131 saqlamaq i\u00e7\u00fcn Umumavropa stalinizm ve natsizm qurbanlar\u0131n\u0131\u00f1 hat\u0131ra k\u00fcn\u00fc olaraq il\u00e2n etildi. HH as\u0131rda SSSRde kommunist rejimi taraf\u0131ndan genotsidge [&hellip;]<\/p>\n","protected":false},"author":1,"featured_media":0,"comment_status":"open","ping_status":"open","sticky":false,"template":"","format":"standard","meta":{"inline_featured_image":false,"footnotes":""},"categories":[265],"tags":[],"class_list":["post-25149","post","type-post","status-publish","format-standard","hentry","category-haberler"],"acf":[],"yoast_head":"<!-- This site is optimized with the Yoast SEO plugin v27.4 - https:\/\/yoast.com\/product\/yoast-seo-wordpress\/ -->\n<title>Q\u0131r\u0131mtatar halq\u0131 Meclisini\u00f1 \u00abK\u00fctleviy s\u00fcrg\u00fcnlik ve qatl qurbanlar\u0131n\u0131\u00f1 hat\u0131ras\u0131n\u0131 saqlamaq i\u00e7\u00fcn Umumavropa stalinizm ve natsizm qurbanlar\u0131n\u0131\u00f1 hat\u0131ra k\u00fcn\u00fc tedbirleri aqq\u0131nda\u00bb qarar\u0131 - \u041c\u0435\u0434\u0436\u043b\u0456\u0441<\/title>\n<meta name=\"robots\" content=\"index, follow, max-snippet:-1, max-image-preview:large, max-video-preview:-1\" \/>\n<link rel=\"canonical\" href=\"https:\/\/qtmm.org\/qt\/qirimtatar-halqi-meclisinin-kutleviy-surgunlik-ve-qatl-qurbanlarinin-hatirasini-saqlamaq-icun-umumavropa-stalinizm-ve-natsizm-qurbanlarinin-hatira-kunu-tedbirleri-aqqinda-qarari\/\" \/>\n<meta property=\"og:locale\" content=\"en_US\" \/>\n<meta property=\"og:type\" content=\"article\" \/>\n<meta property=\"og:title\" content=\"Q\u0131r\u0131mtatar halq\u0131 Meclisini\u00f1 \u00abK\u00fctleviy s\u00fcrg\u00fcnlik ve qatl qurbanlar\u0131n\u0131\u00f1 hat\u0131ras\u0131n\u0131 saqlamaq i\u00e7\u00fcn Umumavropa stalinizm ve natsizm qurbanlar\u0131n\u0131\u00f1 hat\u0131ra k\u00fcn\u00fc tedbirleri aqq\u0131nda\u00bb qarar\u0131 - \u041c\u0435\u0434\u0436\u043b\u0456\u0441\" \/>\n<meta property=\"og:description\" content=\"\u00d6BSE Parlament Assambleyas\u0131n\u0131\u00f1 2009 senesi iy\u00fcl 3-te qabul etken &#8220;B\u00f6l\u00fcngen Avropan\u0131 birle\u015ftir\u00fcv: HH1 as\u0131rda \u00d6BSE region\u0131nda insan uquqlar\u0131 ve serbestligini taqdirlev&#8221; qarar\u0131na muvaf\u0131q avgust 23 \u2013 &#8220;Ribbentrop-Molotov&#8221; uzla\u015fmas\u0131 imzalan\u011fan k\u00fcn\u00fc K\u00fctleviy s\u00fcrg\u00fcnlik ve qatl qurbanlar\u0131n\u0131\u00f1 hat\u0131ras\u0131n\u0131 saqlamaq i\u00e7\u00fcn Umumavropa stalinizm ve natsizm qurbanlar\u0131n\u0131\u00f1 hat\u0131ra k\u00fcn\u00fc olaraq il\u00e2n etildi. HH as\u0131rda SSSRde kommunist rejimi taraf\u0131ndan genotsidge [&hellip;]\" \/>\n<meta property=\"og:url\" content=\"https:\/\/qtmm.org\/qt\/qirimtatar-halqi-meclisinin-kutleviy-surgunlik-ve-qatl-qurbanlarinin-hatirasini-saqlamaq-icun-umumavropa-stalinizm-ve-natsizm-qurbanlarinin-hatira-kunu-tedbirleri-aqqinda-qarari\/\" \/>\n<meta property=\"og:site_name\" content=\"\u041c\u0435\u0434\u0436\u043b\u0456\u0441\" \/>\n<meta property=\"article:publisher\" content=\"https:\/\/www.facebook.com\/qtmm.info\/\" \/>\n<meta property=\"article:published_time\" content=\"2011-08-08T19:38:00+00:00\" \/>\n<meta property=\"article:modified_time\" content=\"2022-01-18T19:39:55+00:00\" \/>\n<meta name=\"author\" content=\"Developer\" \/>\n<meta name=\"twitter:card\" content=\"summary_large_image\" \/>\n<meta name=\"twitter:label1\" content=\"Written by\" \/>\n\t<meta name=\"twitter:data1\" content=\"Developer\" \/>\n\t<meta name=\"twitter:label2\" content=\"Est. reading time\" \/>\n\t<meta name=\"twitter:data2\" content=\"2 minutes\" \/>\n<script type=\"application\/ld+json\" class=\"yoast-schema-graph\">{\"@context\":\"https:\\\/\\\/schema.org\",\"@graph\":[{\"@type\":\"Article\",\"@id\":\"https:\\\/\\\/qtmm.org\\\/qt\\\/qirimtatar-halqi-meclisinin-kutleviy-surgunlik-ve-qatl-qurbanlarinin-hatirasini-saqlamaq-icun-umumavropa-stalinizm-ve-natsizm-qurbanlarinin-hatira-kunu-tedbirleri-aqqinda-qarari\\\/#article\",\"isPartOf\":{\"@id\":\"https:\\\/\\\/qtmm.org\\\/qt\\\/qirimtatar-halqi-meclisinin-kutleviy-surgunlik-ve-qatl-qurbanlarinin-hatirasini-saqlamaq-icun-umumavropa-stalinizm-ve-natsizm-qurbanlarinin-hatira-kunu-tedbirleri-aqqinda-qarari\\\/\"},\"author\":{\"name\":\"Developer\",\"@id\":\"https:\\\/\\\/qtmm.org\\\/qt\\\/#\\\/schema\\\/person\\\/de562469f971dec226ac06e60bbf74a7\"},\"headline\":\"Q\u0131r\u0131mtatar halq\u0131 Meclisini\u00f1 \u00abK\u00fctleviy s\u00fcrg\u00fcnlik ve qatl qurbanlar\u0131n\u0131\u00f1 hat\u0131ras\u0131n\u0131 saqlamaq i\u00e7\u00fcn Umumavropa stalinizm ve natsizm qurbanlar\u0131n\u0131\u00f1 hat\u0131ra k\u00fcn\u00fc tedbirleri aqq\u0131nda\u00bb qarar\u0131\",\"datePublished\":\"2011-08-08T19:38:00+00:00\",\"dateModified\":\"2022-01-18T19:39:55+00:00\",\"mainEntityOfPage\":{\"@id\":\"https:\\\/\\\/qtmm.org\\\/qt\\\/qirimtatar-halqi-meclisinin-kutleviy-surgunlik-ve-qatl-qurbanlarinin-hatirasini-saqlamaq-icun-umumavropa-stalinizm-ve-natsizm-qurbanlarinin-hatira-kunu-tedbirleri-aqqinda-qarari\\\/\"},\"wordCount\":521,\"commentCount\":0,\"publisher\":{\"@id\":\"https:\\\/\\\/qtmm.org\\\/qt\\\/#organization\"},\"articleSection\":[\"Haberler\"],\"inLanguage\":\"qt\",\"potentialAction\":[{\"@type\":\"CommentAction\",\"name\":\"Comment\",\"target\":[\"https:\\\/\\\/qtmm.org\\\/qt\\\/qirimtatar-halqi-meclisinin-kutleviy-surgunlik-ve-qatl-qurbanlarinin-hatirasini-saqlamaq-icun-umumavropa-stalinizm-ve-natsizm-qurbanlarinin-hatira-kunu-tedbirleri-aqqinda-qarari\\\/#respond\"]}]},{\"@type\":\"WebPage\",\"@id\":\"https:\\\/\\\/qtmm.org\\\/qt\\\/qirimtatar-halqi-meclisinin-kutleviy-surgunlik-ve-qatl-qurbanlarinin-hatirasini-saqlamaq-icun-umumavropa-stalinizm-ve-natsizm-qurbanlarinin-hatira-kunu-tedbirleri-aqqinda-qarari\\\/\",\"url\":\"https:\\\/\\\/qtmm.org\\\/qt\\\/qirimtatar-halqi-meclisinin-kutleviy-surgunlik-ve-qatl-qurbanlarinin-hatirasini-saqlamaq-icun-umumavropa-stalinizm-ve-natsizm-qurbanlarinin-hatira-kunu-tedbirleri-aqqinda-qarari\\\/\",\"name\":\"Q\u0131r\u0131mtatar halq\u0131 Meclisini\u00f1 \u00abK\u00fctleviy s\u00fcrg\u00fcnlik ve qatl qurbanlar\u0131n\u0131\u00f1 hat\u0131ras\u0131n\u0131 saqlamaq i\u00e7\u00fcn Umumavropa stalinizm ve natsizm qurbanlar\u0131n\u0131\u00f1 hat\u0131ra k\u00fcn\u00fc tedbirleri aqq\u0131nda\u00bb qarar\u0131 - \u041c\u0435\u0434\u0436\u043b\u0456\u0441\",\"isPartOf\":{\"@id\":\"https:\\\/\\\/qtmm.org\\\/qt\\\/#website\"},\"datePublished\":\"2011-08-08T19:38:00+00:00\",\"dateModified\":\"2022-01-18T19:39:55+00:00\",\"breadcrumb\":{\"@id\":\"https:\\\/\\\/qtmm.org\\\/qt\\\/qirimtatar-halqi-meclisinin-kutleviy-surgunlik-ve-qatl-qurbanlarinin-hatirasini-saqlamaq-icun-umumavropa-stalinizm-ve-natsizm-qurbanlarinin-hatira-kunu-tedbirleri-aqqinda-qarari\\\/#breadcrumb\"},\"inLanguage\":\"qt\",\"potentialAction\":[{\"@type\":\"ReadAction\",\"target\":[\"https:\\\/\\\/qtmm.org\\\/qt\\\/qirimtatar-halqi-meclisinin-kutleviy-surgunlik-ve-qatl-qurbanlarinin-hatirasini-saqlamaq-icun-umumavropa-stalinizm-ve-natsizm-qurbanlarinin-hatira-kunu-tedbirleri-aqqinda-qarari\\\/\"]}]},{\"@type\":\"BreadcrumbList\",\"@id\":\"https:\\\/\\\/qtmm.org\\\/qt\\\/qirimtatar-halqi-meclisinin-kutleviy-surgunlik-ve-qatl-qurbanlarinin-hatirasini-saqlamaq-icun-umumavropa-stalinizm-ve-natsizm-qurbanlarinin-hatira-kunu-tedbirleri-aqqinda-qarari\\\/#breadcrumb\",\"itemListElement\":[{\"@type\":\"ListItem\",\"position\":1,\"name\":\"\u0413\u043e\u043b\u043e\u0432\u043d\u0430\",\"item\":\"https:\\\/\\\/qtmm.org\\\/qt\\\/\"},{\"@type\":\"ListItem\",\"position\":2,\"name\":\"Q\u0131r\u0131mtatar halq\u0131 Meclisini\u00f1 \u00abK\u00fctleviy s\u00fcrg\u00fcnlik ve qatl qurbanlar\u0131n\u0131\u00f1 hat\u0131ras\u0131n\u0131 saqlamaq i\u00e7\u00fcn Umumavropa stalinizm ve natsizm qurbanlar\u0131n\u0131\u00f1 hat\u0131ra k\u00fcn\u00fc tedbirleri aqq\u0131nda\u00bb qarar\u0131\"}]},{\"@type\":\"WebSite\",\"@id\":\"https:\\\/\\\/qtmm.org\\\/qt\\\/#website\",\"url\":\"https:\\\/\\\/qtmm.org\\\/qt\\\/\",\"name\":\"\u041c\u0435\u0434\u0436\u043b\u0456\u0441\",\"description\":\"\",\"publisher\":{\"@id\":\"https:\\\/\\\/qtmm.org\\\/qt\\\/#organization\"},\"potentialAction\":[{\"@type\":\"SearchAction\",\"target\":{\"@type\":\"EntryPoint\",\"urlTemplate\":\"https:\\\/\\\/qtmm.org\\\/qt\\\/?s={search_term_string}\"},\"query-input\":{\"@type\":\"PropertyValueSpecification\",\"valueRequired\":true,\"valueName\":\"search_term_string\"}}],\"inLanguage\":\"qt\"},{\"@type\":\"Organization\",\"@id\":\"https:\\\/\\\/qtmm.org\\\/qt\\\/#organization\",\"name\":\"\u041c\u0435\u0434\u0436\u043b\u0456\u0441\",\"url\":\"https:\\\/\\\/qtmm.org\\\/qt\\\/\",\"logo\":{\"@type\":\"ImageObject\",\"inLanguage\":\"qt\",\"@id\":\"https:\\\/\\\/qtmm.org\\\/qt\\\/#\\\/schema\\\/logo\\\/image\\\/\",\"url\":\"https:\\\/\\\/qtmm.org\\\/wp-content\\\/uploads\\\/2024\\\/12\\\/ua-mejlis-logo-rgb.svg\",\"contentUrl\":\"https:\\\/\\\/qtmm.org\\\/wp-content\\\/uploads\\\/2024\\\/12\\\/ua-mejlis-logo-rgb.svg\",\"caption\":\"\u041c\u0435\u0434\u0436\u043b\u0456\u0441\"},\"image\":{\"@id\":\"https:\\\/\\\/qtmm.org\\\/qt\\\/#\\\/schema\\\/logo\\\/image\\\/\"},\"sameAs\":[\"https:\\\/\\\/www.facebook.com\\\/qtmm.info\\\/\"]},{\"@type\":\"Person\",\"@id\":\"https:\\\/\\\/qtmm.org\\\/qt\\\/#\\\/schema\\\/person\\\/de562469f971dec226ac06e60bbf74a7\",\"name\":\"Developer\",\"image\":{\"@type\":\"ImageObject\",\"inLanguage\":\"qt\",\"@id\":\"https:\\\/\\\/secure.gravatar.com\\\/avatar\\\/392b4cc8fbfeb00b39dfeeab4ee6edded39ffd48e25858637e4765810300227e?s=96&d=mm&r=g\",\"url\":\"https:\\\/\\\/secure.gravatar.com\\\/avatar\\\/392b4cc8fbfeb00b39dfeeab4ee6edded39ffd48e25858637e4765810300227e?s=96&d=mm&r=g\",\"contentUrl\":\"https:\\\/\\\/secure.gravatar.com\\\/avatar\\\/392b4cc8fbfeb00b39dfeeab4ee6edded39ffd48e25858637e4765810300227e?s=96&d=mm&r=g\",\"caption\":\"Developer\"},\"url\":\"https:\\\/\\\/qtmm.org\\\/qt\\\/author\\\/Developer\\\/\"}]}<\/script>\n<!-- \/ Yoast SEO plugin. -->","yoast_head_json":{"title":"Q\u0131r\u0131mtatar halq\u0131 Meclisini\u00f1 \u00abK\u00fctleviy s\u00fcrg\u00fcnlik ve qatl qurbanlar\u0131n\u0131\u00f1 hat\u0131ras\u0131n\u0131 saqlamaq i\u00e7\u00fcn Umumavropa stalinizm ve natsizm qurbanlar\u0131n\u0131\u00f1 hat\u0131ra k\u00fcn\u00fc tedbirleri aqq\u0131nda\u00bb qarar\u0131 - \u041c\u0435\u0434\u0436\u043b\u0456\u0441","robots":{"index":"index","follow":"follow","max-snippet":"max-snippet:-1","max-image-preview":"max-image-preview:large","max-video-preview":"max-video-preview:-1"},"canonical":"https:\/\/qtmm.org\/qt\/qirimtatar-halqi-meclisinin-kutleviy-surgunlik-ve-qatl-qurbanlarinin-hatirasini-saqlamaq-icun-umumavropa-stalinizm-ve-natsizm-qurbanlarinin-hatira-kunu-tedbirleri-aqqinda-qarari\/","og_locale":"en_US","og_type":"article","og_title":"Q\u0131r\u0131mtatar halq\u0131 Meclisini\u00f1 \u00abK\u00fctleviy s\u00fcrg\u00fcnlik ve qatl qurbanlar\u0131n\u0131\u00f1 hat\u0131ras\u0131n\u0131 saqlamaq i\u00e7\u00fcn Umumavropa stalinizm ve natsizm qurbanlar\u0131n\u0131\u00f1 hat\u0131ra k\u00fcn\u00fc tedbirleri aqq\u0131nda\u00bb qarar\u0131 - \u041c\u0435\u0434\u0436\u043b\u0456\u0441","og_description":"\u00d6BSE Parlament Assambleyas\u0131n\u0131\u00f1 2009 senesi iy\u00fcl 3-te qabul etken &#8220;B\u00f6l\u00fcngen Avropan\u0131 birle\u015ftir\u00fcv: HH1 as\u0131rda \u00d6BSE region\u0131nda insan uquqlar\u0131 ve serbestligini taqdirlev&#8221; qarar\u0131na muvaf\u0131q avgust 23 \u2013 &#8220;Ribbentrop-Molotov&#8221; uzla\u015fmas\u0131 imzalan\u011fan k\u00fcn\u00fc K\u00fctleviy s\u00fcrg\u00fcnlik ve qatl qurbanlar\u0131n\u0131\u00f1 hat\u0131ras\u0131n\u0131 saqlamaq i\u00e7\u00fcn Umumavropa stalinizm ve natsizm qurbanlar\u0131n\u0131\u00f1 hat\u0131ra k\u00fcn\u00fc olaraq il\u00e2n etildi. HH as\u0131rda SSSRde kommunist rejimi taraf\u0131ndan genotsidge [&hellip;]","og_url":"https:\/\/qtmm.org\/qt\/qirimtatar-halqi-meclisinin-kutleviy-surgunlik-ve-qatl-qurbanlarinin-hatirasini-saqlamaq-icun-umumavropa-stalinizm-ve-natsizm-qurbanlarinin-hatira-kunu-tedbirleri-aqqinda-qarari\/","og_site_name":"\u041c\u0435\u0434\u0436\u043b\u0456\u0441","article_publisher":"https:\/\/www.facebook.com\/qtmm.info\/","article_published_time":"2011-08-08T19:38:00+00:00","article_modified_time":"2022-01-18T19:39:55+00:00","author":"Developer","twitter_card":"summary_large_image","twitter_misc":{"Written by":"Developer","Est. reading time":"2 minutes"},"schema":{"@context":"https:\/\/schema.org","@graph":[{"@type":"Article","@id":"https:\/\/qtmm.org\/qt\/qirimtatar-halqi-meclisinin-kutleviy-surgunlik-ve-qatl-qurbanlarinin-hatirasini-saqlamaq-icun-umumavropa-stalinizm-ve-natsizm-qurbanlarinin-hatira-kunu-tedbirleri-aqqinda-qarari\/#article","isPartOf":{"@id":"https:\/\/qtmm.org\/qt\/qirimtatar-halqi-meclisinin-kutleviy-surgunlik-ve-qatl-qurbanlarinin-hatirasini-saqlamaq-icun-umumavropa-stalinizm-ve-natsizm-qurbanlarinin-hatira-kunu-tedbirleri-aqqinda-qarari\/"},"author":{"name":"Developer","@id":"https:\/\/qtmm.org\/qt\/#\/schema\/person\/de562469f971dec226ac06e60bbf74a7"},"headline":"Q\u0131r\u0131mtatar halq\u0131 Meclisini\u00f1 \u00abK\u00fctleviy s\u00fcrg\u00fcnlik ve qatl qurbanlar\u0131n\u0131\u00f1 hat\u0131ras\u0131n\u0131 saqlamaq i\u00e7\u00fcn Umumavropa stalinizm ve natsizm qurbanlar\u0131n\u0131\u00f1 hat\u0131ra k\u00fcn\u00fc tedbirleri aqq\u0131nda\u00bb qarar\u0131","datePublished":"2011-08-08T19:38:00+00:00","dateModified":"2022-01-18T19:39:55+00:00","mainEntityOfPage":{"@id":"https:\/\/qtmm.org\/qt\/qirimtatar-halqi-meclisinin-kutleviy-surgunlik-ve-qatl-qurbanlarinin-hatirasini-saqlamaq-icun-umumavropa-stalinizm-ve-natsizm-qurbanlarinin-hatira-kunu-tedbirleri-aqqinda-qarari\/"},"wordCount":521,"commentCount":0,"publisher":{"@id":"https:\/\/qtmm.org\/qt\/#organization"},"articleSection":["Haberler"],"inLanguage":"qt","potentialAction":[{"@type":"CommentAction","name":"Comment","target":["https:\/\/qtmm.org\/qt\/qirimtatar-halqi-meclisinin-kutleviy-surgunlik-ve-qatl-qurbanlarinin-hatirasini-saqlamaq-icun-umumavropa-stalinizm-ve-natsizm-qurbanlarinin-hatira-kunu-tedbirleri-aqqinda-qarari\/#respond"]}]},{"@type":"WebPage","@id":"https:\/\/qtmm.org\/qt\/qirimtatar-halqi-meclisinin-kutleviy-surgunlik-ve-qatl-qurbanlarinin-hatirasini-saqlamaq-icun-umumavropa-stalinizm-ve-natsizm-qurbanlarinin-hatira-kunu-tedbirleri-aqqinda-qarari\/","url":"https:\/\/qtmm.org\/qt\/qirimtatar-halqi-meclisinin-kutleviy-surgunlik-ve-qatl-qurbanlarinin-hatirasini-saqlamaq-icun-umumavropa-stalinizm-ve-natsizm-qurbanlarinin-hatira-kunu-tedbirleri-aqqinda-qarari\/","name":"Q\u0131r\u0131mtatar halq\u0131 Meclisini\u00f1 \u00abK\u00fctleviy s\u00fcrg\u00fcnlik ve qatl qurbanlar\u0131n\u0131\u00f1 hat\u0131ras\u0131n\u0131 saqlamaq i\u00e7\u00fcn Umumavropa stalinizm ve natsizm qurbanlar\u0131n\u0131\u00f1 hat\u0131ra k\u00fcn\u00fc tedbirleri aqq\u0131nda\u00bb qarar\u0131 - \u041c\u0435\u0434\u0436\u043b\u0456\u0441","isPartOf":{"@id":"https:\/\/qtmm.org\/qt\/#website"},"datePublished":"2011-08-08T19:38:00+00:00","dateModified":"2022-01-18T19:39:55+00:00","breadcrumb":{"@id":"https:\/\/qtmm.org\/qt\/qirimtatar-halqi-meclisinin-kutleviy-surgunlik-ve-qatl-qurbanlarinin-hatirasini-saqlamaq-icun-umumavropa-stalinizm-ve-natsizm-qurbanlarinin-hatira-kunu-tedbirleri-aqqinda-qarari\/#breadcrumb"},"inLanguage":"qt","potentialAction":[{"@type":"ReadAction","target":["https:\/\/qtmm.org\/qt\/qirimtatar-halqi-meclisinin-kutleviy-surgunlik-ve-qatl-qurbanlarinin-hatirasini-saqlamaq-icun-umumavropa-stalinizm-ve-natsizm-qurbanlarinin-hatira-kunu-tedbirleri-aqqinda-qarari\/"]}]},{"@type":"BreadcrumbList","@id":"https:\/\/qtmm.org\/qt\/qirimtatar-halqi-meclisinin-kutleviy-surgunlik-ve-qatl-qurbanlarinin-hatirasini-saqlamaq-icun-umumavropa-stalinizm-ve-natsizm-qurbanlarinin-hatira-kunu-tedbirleri-aqqinda-qarari\/#breadcrumb","itemListElement":[{"@type":"ListItem","position":1,"name":"\u0413\u043e\u043b\u043e\u0432\u043d\u0430","item":"https:\/\/qtmm.org\/qt\/"},{"@type":"ListItem","position":2,"name":"Q\u0131r\u0131mtatar halq\u0131 Meclisini\u00f1 \u00abK\u00fctleviy s\u00fcrg\u00fcnlik ve qatl qurbanlar\u0131n\u0131\u00f1 hat\u0131ras\u0131n\u0131 saqlamaq i\u00e7\u00fcn Umumavropa stalinizm ve natsizm qurbanlar\u0131n\u0131\u00f1 hat\u0131ra k\u00fcn\u00fc tedbirleri aqq\u0131nda\u00bb qarar\u0131"}]},{"@type":"WebSite","@id":"https:\/\/qtmm.org\/qt\/#website","url":"https:\/\/qtmm.org\/qt\/","name":"\u041c\u0435\u0434\u0436\u043b\u0456\u0441","description":"","publisher":{"@id":"https:\/\/qtmm.org\/qt\/#organization"},"potentialAction":[{"@type":"SearchAction","target":{"@type":"EntryPoint","urlTemplate":"https:\/\/qtmm.org\/qt\/?s={search_term_string}"},"query-input":{"@type":"PropertyValueSpecification","valueRequired":true,"valueName":"search_term_string"}}],"inLanguage":"qt"},{"@type":"Organization","@id":"https:\/\/qtmm.org\/qt\/#organization","name":"\u041c\u0435\u0434\u0436\u043b\u0456\u0441","url":"https:\/\/qtmm.org\/qt\/","logo":{"@type":"ImageObject","inLanguage":"qt","@id":"https:\/\/qtmm.org\/qt\/#\/schema\/logo\/image\/","url":"https:\/\/qtmm.org\/wp-content\/uploads\/2024\/12\/ua-mejlis-logo-rgb.svg","contentUrl":"https:\/\/qtmm.org\/wp-content\/uploads\/2024\/12\/ua-mejlis-logo-rgb.svg","caption":"\u041c\u0435\u0434\u0436\u043b\u0456\u0441"},"image":{"@id":"https:\/\/qtmm.org\/qt\/#\/schema\/logo\/image\/"},"sameAs":["https:\/\/www.facebook.com\/qtmm.info\/"]},{"@type":"Person","@id":"https:\/\/qtmm.org\/qt\/#\/schema\/person\/de562469f971dec226ac06e60bbf74a7","name":"Developer","image":{"@type":"ImageObject","inLanguage":"qt","@id":"https:\/\/secure.gravatar.com\/avatar\/392b4cc8fbfeb00b39dfeeab4ee6edded39ffd48e25858637e4765810300227e?s=96&d=mm&r=g","url":"https:\/\/secure.gravatar.com\/avatar\/392b4cc8fbfeb00b39dfeeab4ee6edded39ffd48e25858637e4765810300227e?s=96&d=mm&r=g","contentUrl":"https:\/\/secure.gravatar.com\/avatar\/392b4cc8fbfeb00b39dfeeab4ee6edded39ffd48e25858637e4765810300227e?s=96&d=mm&r=g","caption":"Developer"},"url":"https:\/\/qtmm.org\/qt\/author\/Developer\/"}]}},"_links":{"self":[{"href":"https:\/\/qtmm.org\/qt\/wp-json\/wp\/v2\/posts\/25149","targetHints":{"allow":["GET"]}}],"collection":[{"href":"https:\/\/qtmm.org\/qt\/wp-json\/wp\/v2\/posts"}],"about":[{"href":"https:\/\/qtmm.org\/qt\/wp-json\/wp\/v2\/types\/post"}],"author":[{"embeddable":true,"href":"https:\/\/qtmm.org\/qt\/wp-json\/wp\/v2\/users\/1"}],"replies":[{"embeddable":true,"href":"https:\/\/qtmm.org\/qt\/wp-json\/wp\/v2\/comments?post=25149"}],"version-history":[{"count":1,"href":"https:\/\/qtmm.org\/qt\/wp-json\/wp\/v2\/posts\/25149\/revisions"}],"predecessor-version":[{"id":25150,"href":"https:\/\/qtmm.org\/qt\/wp-json\/wp\/v2\/posts\/25149\/revisions\/25150"}],"wp:attachment":[{"href":"https:\/\/qtmm.org\/qt\/wp-json\/wp\/v2\/media?parent=25149"}],"wp:term":[{"taxonomy":"category","embeddable":true,"href":"https:\/\/qtmm.org\/qt\/wp-json\/wp\/v2\/categories?post=25149"},{"taxonomy":"post_tag","embeddable":true,"href":"https:\/\/qtmm.org\/qt\/wp-json\/wp\/v2\/tags?post=25149"}],"curies":[{"name":"wp","href":"https:\/\/api.w.org\/{rel}","templated":true}]}}