




{"id":25146,"date":"2011-08-08T22:37:00","date_gmt":"2011-08-08T19:37:00","guid":{"rendered":"http:\/\/qtmm.org\/?p=25146"},"modified":"2022-01-18T22:37:36","modified_gmt":"2022-01-18T19:37:36","slug":"aqmescitte-meclisnin-kenisletilgen-toplasuvi-otkerildi","status":"publish","type":"post","link":"https:\/\/qtmm.org\/qt\/aqmescitte-meclisnin-kenisletilgen-toplasuvi-otkerildi\/","title":{"rendered":"Aqmescitte Meclisni\u00f1 keni\u015fletilgen topla\u015fuv\u0131 \u00f6tkerildi"},"content":{"rendered":"\n<p>2011 senesi avgust 7-de Aqmescitte Q\u0131r\u0131mtatar halq\u0131 Meclisini\u00f1 regional meclisler ve Q\u0131r\u0131mtatar halq\u0131 qurultay\u0131 tefti\u015f komissiyas\u0131 azalar\u0131n\u0131\u00f1 i\u015ftirakinde keni\u015fletilgen topla\u015fuv\u0131 ol\u0131p ke\u00e7ti.<\/p>\n\n\n\n<p>K\u00fcn tertibindeki birinci mesele \u2013 yerli meclislerni saylavn\u0131\u00f1 yek\u00fcnleyici basq\u0131\u00e7\u0131 muzakere etilgende yerli meclislerge saylavlarn\u0131 az\u0131rlav ve te\u015fkil\u00e2tland\u0131ruv komissiyas\u0131n\u0131\u00f1 ba\u015f\u0131 Refat \u00c7ubarov ta 2009 senesi ba\u015flan\u011fan uzun m\u00fcddetli saylavlar so\u00f1una keleyatqan\u0131n\u0131 qayd etip, Aqmescit, Aqyar, Aqme\u00e7et ve Yalta regionlarda 2011 senesi okt\u00e2br ay\u0131nda \u00f6tkerilecek saylavlar aqq\u0131nda aytt\u0131.<\/p>\n\n\n\n<p>Mezk\u00fcr mesele baq\u0131l\u011fanda \u00e7\u0131q\u0131\u015fta bulun\u011fan Meclis reisi Mustafa Cemilev Alu\u015fta regional meclisine i\u015fan\u00e7s\u0131zl\u0131q bildirmek ve K\u00fc\u00e7\u00fck \u00dczen k\u00f6y meclisine \u011fayr\u0131dan saylav ke\u00e7ir\u00fcv teklifini kirsetti. Delil olaraq reis Alu\u015fta regional meclisi ve K\u00fc\u00e7\u00fck \u00dczen yerli meclisi Q\u0131r\u0131m Yuqar\u0131 \u015euras\u0131na ve yerli \u015furalar\u011fa 2010 senesi okt\u00e2br 31-de ol\u011fan saylavlar boyunca Q\u0131r\u0131mtatar halq\u0131 Meclisi ve Qurlutay\u0131n\u0131\u00f1 qararlar\u0131na boysunma\u011fanlar\u0131n\u0131 a\u00e7\u0131qtan-a\u00e7\u0131q k\u00f6stergenlerini s\u00f6yledi.<\/p>\n\n\n\n<p>\u0130\u015fbu teklifke qoltut\u0131p \u00e7\u0131q\u0131\u015fta bulun\u011fan Meclis azalar\u0131 Alu\u015fta regional meclisi ve K\u00fc\u00e7\u00fck \u00dcze\u00f1 yerli meclisi Q\u0131r\u0131mtatar halq\u0131 qurultay\u0131n\u0131\u00f1 qararlar\u0131n\u0131 ker\u00e7ekten de eda etmegenlerini tasdiqlad\u0131lar.<\/p>\n\n\n\n<p>Alu\u015fta region\u0131nda meydan\u011fa kelgen vaziyet uzun vaq\u0131t muzakere etilmesi neticesinde Mustafa Cemilev Alu\u015fta regional meclisine i\u015fan\u00e7s\u0131zl\u0131q bildirmek ve K\u00fc\u00e7\u00fck \u00dczen k\u00f6y meclisine \u011fayr\u0131dan saylav ke\u00e7irmek teklifini reyge qoyd\u0131. Topla\u015fuvda bulun\u011fan 25 Meclis azas\u0131ndan 23 neferi Meclis reisini\u00f1 teklifine qoltut\u0131p, qal\u011fan 2 azas\u0131 bitaraf old\u0131lar.<\/p>\n\n\n\n<p>Ku\u00f1 tertibini\u00f1 ekinci meselesi boyunca Meclis azalar\u0131 &#8220;K\u00fctleviy s\u00fcrg\u00fcnlik ve qatl qurbanlar\u0131n\u0131\u00f1 hat\u0131ras\u0131n\u0131 saqlamaq i\u00e7\u00fcn Umumavropa stalinizm ve natsizm qurbanlar\u0131n\u0131\u00f1 k\u00fcn\u00fc tedbirleri aqq\u0131nda&#8221; qararn\u0131 qabul etiler. Meclis K\u00e2tibiyetini\u00f1 ba\u015f\u0131 Zair Smedl\u00e2yev bildirgenine k\u00f6re Q\u0131r\u0131mtatar halq\u0131n\u0131\u00f1 Meclisi 2009 senesinden itibaren er y\u0131l Aqmescitte \u00e7e\u015fit i\u00e7timaiy ve siyasiy te\u015fkil\u00e2tlarn\u0131\u00f1 vekilleri i\u015ftirakinde \u015fu k\u00fcn\u00fc informatsion mitingler ke\u00e7irmekte. &#8220;Bu sene avgust 23-te saat 11-de Sal\u011f\u0131r ba\u011f\u00e7as\u0131 yan\u0131ndaki abide qar\u015f\u0131s\u0131nda K\u00fctleviy s\u00fcrg\u00fcnlik ve qatl qurbanlar\u0131n\u0131\u00f1 hat\u0131ras\u0131n\u0131 saqlamaq i\u00e7\u00fcn Umumavropa stalinizm ve natsizm qurbanlar\u0131n\u0131\u00f1 k\u00fcn\u00fc tedbirleri \u00e7er\u00e7ivesinde q\u0131r\u0131mtatar halq\u0131n\u0131\u00f1 s\u00fcrg\u00fcnlikte qurban ol\u011fanlar\u0131 hat\u0131ras\u0131na miting \u00f6tkerilecek&#8221;, dedi Z. Smedl\u00e2yev.<\/p>\n\n\n\n<p>Bun\u0131\u00f1 kibi de topla\u015fuvda Meclisni\u00f1 Topraq komissiyas\u0131n\u0131\u00f1 ba\u015f\u0131 Zevcet Qurt\u00fcmerovn\u0131\u00f1 q\u0131r\u0131mtatarlar \u00f6z ba\u015f\u0131na i\u015f\u011fal etken massivlerdeki u\u00e7astkalarn\u0131 qanunla\u015ft\u0131ruvnen ba\u011fl\u0131 meselelerni\u00f1 keti\u015fat\u0131 aqq\u0131ndaki esabat\u0131 di\u00f1lendi. Topraq meselesini\u00f1 \u00e7ezilmesine ameliy bir areketler k\u00f6r\u00fclmegeni sebebinden Aqmescit yerli meclislerini Aqmescit \u015feeri inki\u015faf\u0131n\u0131\u00f1 ba\u015f plan\u0131nen tan\u0131\u015f etmek ve olarn\u0131\u00f1 diqqat\u0131n\u0131 &#8220;naraz\u0131l\u0131q tarlalar\u0131&#8221; bulun\u011fan maallelerni abadanla\u015ft\u0131r\u0131lmas\u0131na kirsetilecek de\u00f1i\u015fmelerge celp etmek vazifesi berildi. Topraq u\u00e7astkalar\u0131n\u0131 ay\u0131ruv meselesi sozul\u011fan\u0131 munasebetinen baz\u0131 yerli meclis azalar\u0131n\u0131\u00f1 naraz\u0131l\u0131q aktsiyalar\u0131 ke\u00e7irmek teklifi diqqatqa al\u0131nd\u0131, amma kesen-kes qarar mesele tafsil\u00e2tl\u0131 \u00f6grenilgenge qadar qald\u0131r\u0131ld\u0131.<\/p>\n\n\n\n<p>Meclis topla\u015fuv\u0131na davet etilgen Cumhuriyet milletler komitetini\u00f1 reisi Edem Dudakov &#8220;S\u00fcrg\u00fcn etilgenlerni yerle\u015ftir\u00fcv ve i\u00e7timaiy-medeniy inki\u015faf ettir\u00fcv programmas\u0131&#8221;nen tan\u0131\u015f etip, Ukraina devlet b\u00fccetinden programma boyunca ay\u0131r\u0131lacaq sermiyalar \u00f6yle de kelip \u00e7\u0131qma\u011fan\u0131n\u0131 qayd etti.<\/p>\n\n\n\n<p>Bun\u0131\u00f1 kibi de Meclis azalar\u0131 Kiyev \u015feeri Pe\u00e7erskpiy rayon makhkemesini\u00f1 avgust 5 k\u00fcn\u00fc \u00e7\u0131qar\u011fan qarar\u0131 boyunca Ukrainan\u0131\u00f1 sab\u0131q ba\u015f naziri, &#8220;Batkiv\u015f\u00e7ina&#8221; siyasiy partiyas\u0131n\u0131\u00f1 lideri Yuliya Timo\u015fenkon\u0131\u00f1 tevqif etilmesi neticesinde meydan\u011fa kelgen vaziyetni muzakere ettiler. \u00c7oqluqn\u0131\u00f1 rey ber\u00fcvinen Meclis azalar\u0131 &#8220;Ukrainan\u0131\u00f1 sab\u0131q ba\u015f naziri, &#8220;Batkiv\u015f\u00e7ina&#8221; siyasiy partiyas\u0131n\u0131\u00f1 lideri Yuliya Timo\u015fenkon\u0131\u00f1 tevqif etilmesi munasebetinen Meclis beyanat\u0131&#8221;n\u0131\u00f1 leyhas\u0131n\u0131 esas olaraq qabul etildi. Onda Meclis Ukrainada siyasiy sebepke k\u00f6re taqip etil\u00fcvni\u00f1 \u00f6g\u00fcni alma\u011fa \u00e7a\u011f\u0131ra.<\/p>\n\n\n\n<p>Topla\u015fuvn\u0131\u00f1 so\u00f1unda Meclis azalar\u0131 Pervomay regional meclisini\u00f1 azas\u0131 Enver Emirasanovn\u0131\u00f1 Q\u0131r\u0131mtatar halq\u0131 Meclisini\u00f1 kubog\u0131 i\u00e7\u00fcn futbol boyunca yar\u0131\u015f ke\u00e7irmekni teklifine qoltutt\u0131lar. Mezk\u00fcr tedbirni reglamentini i\u015flev ve az\u0131rlav boyunca i\u015f\u00e7i komissiyan\u0131 tizmek Meclis reisini\u00f1 muavini Remzi \u0130lyasov\u011fa avale etildi.<\/p>\n","protected":false},"excerpt":{"rendered":"<p>2011 senesi avgust 7-de Aqmescitte Q\u0131r\u0131mtatar halq\u0131 Meclisini\u00f1 regional meclisler ve Q\u0131r\u0131mtatar halq\u0131 qurultay\u0131 tefti\u015f komissiyas\u0131 azalar\u0131n\u0131\u00f1 i\u015ftirakinde keni\u015fletilgen topla\u015fuv\u0131 ol\u0131p ke\u00e7ti. K\u00fcn tertibindeki birinci mesele \u2013 yerli meclislerni saylavn\u0131\u00f1 yek\u00fcnleyici basq\u0131\u00e7\u0131 muzakere etilgende yerli meclislerge saylavlarn\u0131 az\u0131rlav ve te\u015fkil\u00e2tland\u0131ruv komissiyas\u0131n\u0131\u00f1 ba\u015f\u0131 Refat \u00c7ubarov ta 2009 senesi ba\u015flan\u011fan uzun m\u00fcddetli saylavlar so\u00f1una keleyatqan\u0131n\u0131 qayd etip, [&hellip;]<\/p>\n","protected":false},"author":1,"featured_media":0,"comment_status":"open","ping_status":"open","sticky":false,"template":"","format":"standard","meta":{"inline_featured_image":false,"footnotes":""},"categories":[265],"tags":[],"class_list":["post-25146","post","type-post","status-publish","format-standard","hentry","category-haberler"],"acf":[],"yoast_head":"<!-- This site is optimized with the Yoast SEO plugin v27.4 - https:\/\/yoast.com\/product\/yoast-seo-wordpress\/ -->\n<title>Aqmescitte Meclisni\u00f1 keni\u015fletilgen topla\u015fuv\u0131 \u00f6tkerildi - \u041c\u0435\u0434\u0436\u043b\u0456\u0441<\/title>\n<meta name=\"robots\" content=\"index, follow, max-snippet:-1, max-image-preview:large, max-video-preview:-1\" \/>\n<link rel=\"canonical\" href=\"https:\/\/qtmm.org\/qt\/aqmescitte-meclisnin-kenisletilgen-toplasuvi-otkerildi\/\" \/>\n<meta property=\"og:locale\" content=\"en_US\" \/>\n<meta property=\"og:type\" content=\"article\" \/>\n<meta property=\"og:title\" content=\"Aqmescitte Meclisni\u00f1 keni\u015fletilgen topla\u015fuv\u0131 \u00f6tkerildi - \u041c\u0435\u0434\u0436\u043b\u0456\u0441\" \/>\n<meta property=\"og:description\" content=\"2011 senesi avgust 7-de Aqmescitte Q\u0131r\u0131mtatar halq\u0131 Meclisini\u00f1 regional meclisler ve Q\u0131r\u0131mtatar halq\u0131 qurultay\u0131 tefti\u015f komissiyas\u0131 azalar\u0131n\u0131\u00f1 i\u015ftirakinde keni\u015fletilgen topla\u015fuv\u0131 ol\u0131p ke\u00e7ti. K\u00fcn tertibindeki birinci mesele \u2013 yerli meclislerni saylavn\u0131\u00f1 yek\u00fcnleyici basq\u0131\u00e7\u0131 muzakere etilgende yerli meclislerge saylavlarn\u0131 az\u0131rlav ve te\u015fkil\u00e2tland\u0131ruv komissiyas\u0131n\u0131\u00f1 ba\u015f\u0131 Refat \u00c7ubarov ta 2009 senesi ba\u015flan\u011fan uzun m\u00fcddetli saylavlar so\u00f1una keleyatqan\u0131n\u0131 qayd etip, [&hellip;]\" \/>\n<meta property=\"og:url\" content=\"https:\/\/qtmm.org\/qt\/aqmescitte-meclisnin-kenisletilgen-toplasuvi-otkerildi\/\" \/>\n<meta property=\"og:site_name\" content=\"\u041c\u0435\u0434\u0436\u043b\u0456\u0441\" \/>\n<meta property=\"article:publisher\" content=\"https:\/\/www.facebook.com\/qtmm.info\/\" \/>\n<meta property=\"article:published_time\" content=\"2011-08-08T19:37:00+00:00\" \/>\n<meta property=\"article:modified_time\" content=\"2022-01-18T19:37:36+00:00\" \/>\n<meta name=\"author\" content=\"Developer\" \/>\n<meta name=\"twitter:card\" content=\"summary_large_image\" \/>\n<meta name=\"twitter:label1\" content=\"Written by\" \/>\n\t<meta name=\"twitter:data1\" content=\"Developer\" \/>\n\t<meta name=\"twitter:label2\" content=\"Est. reading time\" \/>\n\t<meta name=\"twitter:data2\" content=\"4 minutes\" \/>\n<script type=\"application\/ld+json\" class=\"yoast-schema-graph\">{\"@context\":\"https:\\\/\\\/schema.org\",\"@graph\":[{\"@type\":\"Article\",\"@id\":\"https:\\\/\\\/qtmm.org\\\/qt\\\/aqmescitte-meclisnin-kenisletilgen-toplasuvi-otkerildi\\\/#article\",\"isPartOf\":{\"@id\":\"https:\\\/\\\/qtmm.org\\\/qt\\\/aqmescitte-meclisnin-kenisletilgen-toplasuvi-otkerildi\\\/\"},\"author\":{\"name\":\"Developer\",\"@id\":\"https:\\\/\\\/qtmm.org\\\/qt\\\/#\\\/schema\\\/person\\\/de562469f971dec226ac06e60bbf74a7\"},\"headline\":\"Aqmescitte Meclisni\u00f1 keni\u015fletilgen topla\u015fuv\u0131 \u00f6tkerildi\",\"datePublished\":\"2011-08-08T19:37:00+00:00\",\"dateModified\":\"2022-01-18T19:37:36+00:00\",\"mainEntityOfPage\":{\"@id\":\"https:\\\/\\\/qtmm.org\\\/qt\\\/aqmescitte-meclisnin-kenisletilgen-toplasuvi-otkerildi\\\/\"},\"wordCount\":730,\"commentCount\":0,\"publisher\":{\"@id\":\"https:\\\/\\\/qtmm.org\\\/qt\\\/#organization\"},\"articleSection\":[\"Haberler\"],\"inLanguage\":\"qt\",\"potentialAction\":[{\"@type\":\"CommentAction\",\"name\":\"Comment\",\"target\":[\"https:\\\/\\\/qtmm.org\\\/qt\\\/aqmescitte-meclisnin-kenisletilgen-toplasuvi-otkerildi\\\/#respond\"]}]},{\"@type\":\"WebPage\",\"@id\":\"https:\\\/\\\/qtmm.org\\\/qt\\\/aqmescitte-meclisnin-kenisletilgen-toplasuvi-otkerildi\\\/\",\"url\":\"https:\\\/\\\/qtmm.org\\\/qt\\\/aqmescitte-meclisnin-kenisletilgen-toplasuvi-otkerildi\\\/\",\"name\":\"Aqmescitte Meclisni\u00f1 keni\u015fletilgen topla\u015fuv\u0131 \u00f6tkerildi - \u041c\u0435\u0434\u0436\u043b\u0456\u0441\",\"isPartOf\":{\"@id\":\"https:\\\/\\\/qtmm.org\\\/qt\\\/#website\"},\"datePublished\":\"2011-08-08T19:37:00+00:00\",\"dateModified\":\"2022-01-18T19:37:36+00:00\",\"breadcrumb\":{\"@id\":\"https:\\\/\\\/qtmm.org\\\/qt\\\/aqmescitte-meclisnin-kenisletilgen-toplasuvi-otkerildi\\\/#breadcrumb\"},\"inLanguage\":\"qt\",\"potentialAction\":[{\"@type\":\"ReadAction\",\"target\":[\"https:\\\/\\\/qtmm.org\\\/qt\\\/aqmescitte-meclisnin-kenisletilgen-toplasuvi-otkerildi\\\/\"]}]},{\"@type\":\"BreadcrumbList\",\"@id\":\"https:\\\/\\\/qtmm.org\\\/qt\\\/aqmescitte-meclisnin-kenisletilgen-toplasuvi-otkerildi\\\/#breadcrumb\",\"itemListElement\":[{\"@type\":\"ListItem\",\"position\":1,\"name\":\"\u0413\u043e\u043b\u043e\u0432\u043d\u0430\",\"item\":\"https:\\\/\\\/qtmm.org\\\/qt\\\/\"},{\"@type\":\"ListItem\",\"position\":2,\"name\":\"Aqmescitte Meclisni\u00f1 keni\u015fletilgen topla\u015fuv\u0131 \u00f6tkerildi\"}]},{\"@type\":\"WebSite\",\"@id\":\"https:\\\/\\\/qtmm.org\\\/qt\\\/#website\",\"url\":\"https:\\\/\\\/qtmm.org\\\/qt\\\/\",\"name\":\"\u041c\u0435\u0434\u0436\u043b\u0456\u0441\",\"description\":\"\",\"publisher\":{\"@id\":\"https:\\\/\\\/qtmm.org\\\/qt\\\/#organization\"},\"potentialAction\":[{\"@type\":\"SearchAction\",\"target\":{\"@type\":\"EntryPoint\",\"urlTemplate\":\"https:\\\/\\\/qtmm.org\\\/qt\\\/?s={search_term_string}\"},\"query-input\":{\"@type\":\"PropertyValueSpecification\",\"valueRequired\":true,\"valueName\":\"search_term_string\"}}],\"inLanguage\":\"qt\"},{\"@type\":\"Organization\",\"@id\":\"https:\\\/\\\/qtmm.org\\\/qt\\\/#organization\",\"name\":\"\u041c\u0435\u0434\u0436\u043b\u0456\u0441\",\"url\":\"https:\\\/\\\/qtmm.org\\\/qt\\\/\",\"logo\":{\"@type\":\"ImageObject\",\"inLanguage\":\"qt\",\"@id\":\"https:\\\/\\\/qtmm.org\\\/qt\\\/#\\\/schema\\\/logo\\\/image\\\/\",\"url\":\"https:\\\/\\\/qtmm.org\\\/wp-content\\\/uploads\\\/2024\\\/12\\\/ua-mejlis-logo-rgb.svg\",\"contentUrl\":\"https:\\\/\\\/qtmm.org\\\/wp-content\\\/uploads\\\/2024\\\/12\\\/ua-mejlis-logo-rgb.svg\",\"caption\":\"\u041c\u0435\u0434\u0436\u043b\u0456\u0441\"},\"image\":{\"@id\":\"https:\\\/\\\/qtmm.org\\\/qt\\\/#\\\/schema\\\/logo\\\/image\\\/\"},\"sameAs\":[\"https:\\\/\\\/www.facebook.com\\\/qtmm.info\\\/\"]},{\"@type\":\"Person\",\"@id\":\"https:\\\/\\\/qtmm.org\\\/qt\\\/#\\\/schema\\\/person\\\/de562469f971dec226ac06e60bbf74a7\",\"name\":\"Developer\",\"image\":{\"@type\":\"ImageObject\",\"inLanguage\":\"qt\",\"@id\":\"https:\\\/\\\/secure.gravatar.com\\\/avatar\\\/392b4cc8fbfeb00b39dfeeab4ee6edded39ffd48e25858637e4765810300227e?s=96&d=mm&r=g\",\"url\":\"https:\\\/\\\/secure.gravatar.com\\\/avatar\\\/392b4cc8fbfeb00b39dfeeab4ee6edded39ffd48e25858637e4765810300227e?s=96&d=mm&r=g\",\"contentUrl\":\"https:\\\/\\\/secure.gravatar.com\\\/avatar\\\/392b4cc8fbfeb00b39dfeeab4ee6edded39ffd48e25858637e4765810300227e?s=96&d=mm&r=g\",\"caption\":\"Developer\"},\"url\":\"https:\\\/\\\/qtmm.org\\\/qt\\\/author\\\/Developer\\\/\"}]}<\/script>\n<!-- \/ Yoast SEO plugin. -->","yoast_head_json":{"title":"Aqmescitte Meclisni\u00f1 keni\u015fletilgen topla\u015fuv\u0131 \u00f6tkerildi - \u041c\u0435\u0434\u0436\u043b\u0456\u0441","robots":{"index":"index","follow":"follow","max-snippet":"max-snippet:-1","max-image-preview":"max-image-preview:large","max-video-preview":"max-video-preview:-1"},"canonical":"https:\/\/qtmm.org\/qt\/aqmescitte-meclisnin-kenisletilgen-toplasuvi-otkerildi\/","og_locale":"en_US","og_type":"article","og_title":"Aqmescitte Meclisni\u00f1 keni\u015fletilgen topla\u015fuv\u0131 \u00f6tkerildi - \u041c\u0435\u0434\u0436\u043b\u0456\u0441","og_description":"2011 senesi avgust 7-de Aqmescitte Q\u0131r\u0131mtatar halq\u0131 Meclisini\u00f1 regional meclisler ve Q\u0131r\u0131mtatar halq\u0131 qurultay\u0131 tefti\u015f komissiyas\u0131 azalar\u0131n\u0131\u00f1 i\u015ftirakinde keni\u015fletilgen topla\u015fuv\u0131 ol\u0131p ke\u00e7ti. K\u00fcn tertibindeki birinci mesele \u2013 yerli meclislerni saylavn\u0131\u00f1 yek\u00fcnleyici basq\u0131\u00e7\u0131 muzakere etilgende yerli meclislerge saylavlarn\u0131 az\u0131rlav ve te\u015fkil\u00e2tland\u0131ruv komissiyas\u0131n\u0131\u00f1 ba\u015f\u0131 Refat \u00c7ubarov ta 2009 senesi ba\u015flan\u011fan uzun m\u00fcddetli saylavlar so\u00f1una keleyatqan\u0131n\u0131 qayd etip, [&hellip;]","og_url":"https:\/\/qtmm.org\/qt\/aqmescitte-meclisnin-kenisletilgen-toplasuvi-otkerildi\/","og_site_name":"\u041c\u0435\u0434\u0436\u043b\u0456\u0441","article_publisher":"https:\/\/www.facebook.com\/qtmm.info\/","article_published_time":"2011-08-08T19:37:00+00:00","article_modified_time":"2022-01-18T19:37:36+00:00","author":"Developer","twitter_card":"summary_large_image","twitter_misc":{"Written by":"Developer","Est. reading time":"4 minutes"},"schema":{"@context":"https:\/\/schema.org","@graph":[{"@type":"Article","@id":"https:\/\/qtmm.org\/qt\/aqmescitte-meclisnin-kenisletilgen-toplasuvi-otkerildi\/#article","isPartOf":{"@id":"https:\/\/qtmm.org\/qt\/aqmescitte-meclisnin-kenisletilgen-toplasuvi-otkerildi\/"},"author":{"name":"Developer","@id":"https:\/\/qtmm.org\/qt\/#\/schema\/person\/de562469f971dec226ac06e60bbf74a7"},"headline":"Aqmescitte Meclisni\u00f1 keni\u015fletilgen topla\u015fuv\u0131 \u00f6tkerildi","datePublished":"2011-08-08T19:37:00+00:00","dateModified":"2022-01-18T19:37:36+00:00","mainEntityOfPage":{"@id":"https:\/\/qtmm.org\/qt\/aqmescitte-meclisnin-kenisletilgen-toplasuvi-otkerildi\/"},"wordCount":730,"commentCount":0,"publisher":{"@id":"https:\/\/qtmm.org\/qt\/#organization"},"articleSection":["Haberler"],"inLanguage":"qt","potentialAction":[{"@type":"CommentAction","name":"Comment","target":["https:\/\/qtmm.org\/qt\/aqmescitte-meclisnin-kenisletilgen-toplasuvi-otkerildi\/#respond"]}]},{"@type":"WebPage","@id":"https:\/\/qtmm.org\/qt\/aqmescitte-meclisnin-kenisletilgen-toplasuvi-otkerildi\/","url":"https:\/\/qtmm.org\/qt\/aqmescitte-meclisnin-kenisletilgen-toplasuvi-otkerildi\/","name":"Aqmescitte Meclisni\u00f1 keni\u015fletilgen topla\u015fuv\u0131 \u00f6tkerildi - \u041c\u0435\u0434\u0436\u043b\u0456\u0441","isPartOf":{"@id":"https:\/\/qtmm.org\/qt\/#website"},"datePublished":"2011-08-08T19:37:00+00:00","dateModified":"2022-01-18T19:37:36+00:00","breadcrumb":{"@id":"https:\/\/qtmm.org\/qt\/aqmescitte-meclisnin-kenisletilgen-toplasuvi-otkerildi\/#breadcrumb"},"inLanguage":"qt","potentialAction":[{"@type":"ReadAction","target":["https:\/\/qtmm.org\/qt\/aqmescitte-meclisnin-kenisletilgen-toplasuvi-otkerildi\/"]}]},{"@type":"BreadcrumbList","@id":"https:\/\/qtmm.org\/qt\/aqmescitte-meclisnin-kenisletilgen-toplasuvi-otkerildi\/#breadcrumb","itemListElement":[{"@type":"ListItem","position":1,"name":"\u0413\u043e\u043b\u043e\u0432\u043d\u0430","item":"https:\/\/qtmm.org\/qt\/"},{"@type":"ListItem","position":2,"name":"Aqmescitte Meclisni\u00f1 keni\u015fletilgen topla\u015fuv\u0131 \u00f6tkerildi"}]},{"@type":"WebSite","@id":"https:\/\/qtmm.org\/qt\/#website","url":"https:\/\/qtmm.org\/qt\/","name":"\u041c\u0435\u0434\u0436\u043b\u0456\u0441","description":"","publisher":{"@id":"https:\/\/qtmm.org\/qt\/#organization"},"potentialAction":[{"@type":"SearchAction","target":{"@type":"EntryPoint","urlTemplate":"https:\/\/qtmm.org\/qt\/?s={search_term_string}"},"query-input":{"@type":"PropertyValueSpecification","valueRequired":true,"valueName":"search_term_string"}}],"inLanguage":"qt"},{"@type":"Organization","@id":"https:\/\/qtmm.org\/qt\/#organization","name":"\u041c\u0435\u0434\u0436\u043b\u0456\u0441","url":"https:\/\/qtmm.org\/qt\/","logo":{"@type":"ImageObject","inLanguage":"qt","@id":"https:\/\/qtmm.org\/qt\/#\/schema\/logo\/image\/","url":"https:\/\/qtmm.org\/wp-content\/uploads\/2024\/12\/ua-mejlis-logo-rgb.svg","contentUrl":"https:\/\/qtmm.org\/wp-content\/uploads\/2024\/12\/ua-mejlis-logo-rgb.svg","caption":"\u041c\u0435\u0434\u0436\u043b\u0456\u0441"},"image":{"@id":"https:\/\/qtmm.org\/qt\/#\/schema\/logo\/image\/"},"sameAs":["https:\/\/www.facebook.com\/qtmm.info\/"]},{"@type":"Person","@id":"https:\/\/qtmm.org\/qt\/#\/schema\/person\/de562469f971dec226ac06e60bbf74a7","name":"Developer","image":{"@type":"ImageObject","inLanguage":"qt","@id":"https:\/\/secure.gravatar.com\/avatar\/392b4cc8fbfeb00b39dfeeab4ee6edded39ffd48e25858637e4765810300227e?s=96&d=mm&r=g","url":"https:\/\/secure.gravatar.com\/avatar\/392b4cc8fbfeb00b39dfeeab4ee6edded39ffd48e25858637e4765810300227e?s=96&d=mm&r=g","contentUrl":"https:\/\/secure.gravatar.com\/avatar\/392b4cc8fbfeb00b39dfeeab4ee6edded39ffd48e25858637e4765810300227e?s=96&d=mm&r=g","caption":"Developer"},"url":"https:\/\/qtmm.org\/qt\/author\/Developer\/"}]}},"_links":{"self":[{"href":"https:\/\/qtmm.org\/qt\/wp-json\/wp\/v2\/posts\/25146","targetHints":{"allow":["GET"]}}],"collection":[{"href":"https:\/\/qtmm.org\/qt\/wp-json\/wp\/v2\/posts"}],"about":[{"href":"https:\/\/qtmm.org\/qt\/wp-json\/wp\/v2\/types\/post"}],"author":[{"embeddable":true,"href":"https:\/\/qtmm.org\/qt\/wp-json\/wp\/v2\/users\/1"}],"replies":[{"embeddable":true,"href":"https:\/\/qtmm.org\/qt\/wp-json\/wp\/v2\/comments?post=25146"}],"version-history":[{"count":1,"href":"https:\/\/qtmm.org\/qt\/wp-json\/wp\/v2\/posts\/25146\/revisions"}],"predecessor-version":[{"id":25147,"href":"https:\/\/qtmm.org\/qt\/wp-json\/wp\/v2\/posts\/25146\/revisions\/25147"}],"wp:attachment":[{"href":"https:\/\/qtmm.org\/qt\/wp-json\/wp\/v2\/media?parent=25146"}],"wp:term":[{"taxonomy":"category","embeddable":true,"href":"https:\/\/qtmm.org\/qt\/wp-json\/wp\/v2\/categories?post=25146"},{"taxonomy":"post_tag","embeddable":true,"href":"https:\/\/qtmm.org\/qt\/wp-json\/wp\/v2\/tags?post=25146"}],"curies":[{"name":"wp","href":"https:\/\/api.w.org\/{rel}","templated":true}]}}