




{"id":25132,"date":"2011-08-04T22:34:00","date_gmt":"2011-08-04T19:34:00","guid":{"rendered":"http:\/\/qtmm.org\/?p=25132"},"modified":"2022-01-18T22:36:35","modified_gmt":"2022-01-18T19:36:35","slug":"rustem-memetovnin-70-yilligina-bagislangan-menim-yirlarim-sergisi-acildi","status":"publish","type":"post","link":"https:\/\/qtmm.org\/qt\/rustem-memetovnin-70-yilligina-bagislangan-menim-yirlarim-sergisi-acildi\/","title":{"rendered":"Rustem Memetovn\u0131\u00f1 70 y\u0131ll\u0131\u011f\u0131na ba\u011f\u0131\u015flan\u011fan \u00abMenim y\u0131rlar\u0131m\u00bb sergisi a\u00e7\u0131ld\u0131"},"content":{"rendered":"\n<p>Milliy sanat ustalar\u0131 s\u0131ras\u0131nda degerli yer al\u011fan y\u0131rc\u0131n\u0131\u00f1 ad\u0131 q\u0131r\u0131mtatar halq y\u0131rlar\u0131n\u0131 sevgenlerge pek yah\u015f\u0131 tan\u0131\u015ft\u0131r. Rustem Memetov 1941 senesi iy\u00fcl 26-da Seytler rayon\u0131n\u0131\u00f1 Burna\u015f k\u00f6y\u00fcnde d\u00fcnya\u011fa keldi. Olacaq y\u0131rc\u0131 halq y\u0131rlar\u0131n\u0131\u00f1 zenginligi, tuv\u011fan na\u011fmelerni\u00f1 g\u00fczelligini ta balal\u0131\u011f\u0131nda k\u00f6re bildi. On\u0131\u00f1 babas\u0131 do\u011fma \u00dcsk\u00fct k\u00f6y\u00fcnden Abdulvait Sahtara ve anas\u0131 Ayserezli Emine-\u015eerfe halq y\u0131rlar\u0131n\u0131 pek yah\u015f\u0131 bilgen ve y\u0131rla\u011fanlar. Y\u0131rc\u0131n\u0131\u00f1 diger aqrabalar\u0131 da usta \u00e7al\u011f\u0131c\u0131 ekenler. Balal\u0131qta Rustem olarnen beraber kontsertler bergen.<\/p>\n\n\n\n<p>1964 senesinden ve ta Q\u0131r\u0131m\u011fa qaytqance Rustem Memetov &#8220;Haytarma&#8221; ansamblini\u00f1 solisti ol\u0131p \u00e7al\u0131\u015ft\u0131. O y\u0131llarda ansamblde bestek\u00e2r \u0130lyas Bah\u015f\u0131\u015f, halq y\u0131rlar\u0131n\u0131 toplay\u0131c\u0131 ve folklorc\u0131 Murtaza Velicanov, y\u0131rc\u0131lar Sabriye Erecepova ve Ediye Top\u00e7\u0131, me\u015fur konferansye Abl\u00e2mit \u00dcmerov ile beraber sana\u011fa \u00e7\u0131qt\u0131. Gen\u00e7 y\u0131rc\u0131 b\u00fct\u00fcn bu ustalardan ders ald\u0131, y\u0131rlamaq s\u0131rlar\u0131n\u0131 o\u00f1a Sabriye-apte ve Ediye Top\u00e7\u0131 \u00f6grettiler. Ansamlde Rustem Memetovn\u0131\u00f1 professional ustal\u0131\u011f\u0131, eski halq t\u00fcrk\u00fclerini icra et\u00fcv istidat\u0131 cul\u00e2land\u0131. 1991 senesi R.Memetov ailesinen beraber Vatan\u011fa qayta. Ve \u015fu y\u0131ldan ba\u015flap ta 2001 senesinece &#8220;Q\u0131r\u0131m&#8221; folklor ansamblinde \u00e7al\u0131\u015fa.<\/p>\n\n\n\n<p>Sergide R. Memetov arhivinden al\u0131n\u011fan on\u0131\u00f1 icadiy asabal\u0131\u011f\u0131n\u0131\u00f1 \u00e7e\u015fit devirlerini aks ettirgen resimler, afi\u015fa, taqdirlev yarl\u0131qlar\u0131, y\u0131r c\u0131y\u0131nt\u0131qlar\u0131 taqdim etilgen.<\/p>\n\n\n\n<figure class=\"wp-block-image size-full\"><img loading=\"lazy\" decoding=\"async\" width=\"416\" height=\"502\" src=\"http:\/\/qtmm.org\/wp-content\/uploads\/2022\/01\/img_3265_1-1.jpeg\" alt=\"\" class=\"wp-image-25137\" srcset=\"https:\/\/qtmm.org\/wp-content\/uploads\/2022\/01\/img_3265_1-1.jpeg 416w, https:\/\/qtmm.org\/wp-content\/uploads\/2022\/01\/img_3265_1-1-249x300.jpeg 249w\" sizes=\"auto, (max-width: 416px) 100vw, 416px\" \/><\/figure>\n\n\n\n<p>Sergi a\u00e7\u0131l\u0131\u015f\u0131nda yubil\u00e2rn\u0131 Q\u0131r\u0131mtatar halq\u0131 Meclisi reisini\u00f1 birinci muavini, B\u00fct\u00fcnd\u00fcnya q\u0131r\u0131mtatarlar kongressini\u00f1 prezidenti Refat \u00c7ubarov, Cumhuriyet q\u0131r\u0131mtatar tasil hadimleri &#8220;Maarif\u00e7i&#8221; birle\u015fmesini\u00f1 reisi, Meclis azas\u0131, Q\u0131r\u0131m Yuqar\u0131 \u015euras\u0131n\u0131\u00f1 deputat\u0131 Safure Kacametova, Cumhuriyet milletler komitetini\u00f1 reisi Edem Dudakov, Q\u0131r\u0131m medeniyet nazirligi medeniyet m\u00fcessiseleri, infoormatsion i\u015f ve cemaat\u00e7\u0131l\u0131qnen ba\u011flanuv idaresi ba\u015f\u0131n\u0131\u00f1 muavini Denis \u00c7ihradze, QMPU rektor\u0131 Fevzi Yakubov, Q\u0131r\u0131mtatar yaz\u0131c\u0131lar birligini\u00f1 reisi Riza Faz\u0131l, q\u0131r\u0131mtatar yaz\u0131c\u0131s\u0131, jurnalist ve \u015fair Abl\u00e2ziz Veliyev, &#8220;Qartlar evi&#8221;ni\u00f1 direktor\u0131, q\u0131r\u0131mtatar milliy areketini\u00f1 veteran\u0131 Ay\u015fe Seitmuratova, Meclis azas\u0131, &#8220;Adalet&#8221; siyasiy partiyas\u0131n\u0131\u00f1 yetek\u00e7isi Fevzi K\u00fcbedinov, &#8220;Q\u0131r\u0131m&#8221; ansamblini\u00f1 yolba\u015f\u00e7\u0131s\u0131 Server Kakura hay\u0131rlad\u0131lar. Tedbirni Cemil Karikov reberligindeki &#8220;Maqam&#8221; folklor ansamblini\u00f1 \u00e7al\u011f\u0131c\u0131lar\u0131, \u00d6zbekistanda nam qazan\u011fan artist Dil\u00e2ver Bekirov, Nafe Bekirov ve Nial Halilova yara\u015ft\u0131rd\u0131lar.<\/p>\n\n\n\n<figure class=\"wp-block-image size-full\"><img loading=\"lazy\" decoding=\"async\" width=\"417\" height=\"421\" src=\"http:\/\/qtmm.org\/wp-content\/uploads\/2022\/01\/img_3316_7-1.jpeg\" alt=\"\" class=\"wp-image-25141\" srcset=\"https:\/\/qtmm.org\/wp-content\/uploads\/2022\/01\/img_3316_7-1.jpeg 417w, https:\/\/qtmm.org\/wp-content\/uploads\/2022\/01\/img_3316_7-1-297x300.jpeg 297w, https:\/\/qtmm.org\/wp-content\/uploads\/2022\/01\/img_3316_7-1-150x150.jpeg 150w\" sizes=\"auto, (max-width: 417px) 100vw, 417px\" \/><\/figure>\n\n\n\n<p>Sergi Aqmescit \u015feeri, \u00c7ehov soqa\u011f\u0131 , 17. adresi boyunca bazarertesi k\u00fcn\u00fcnden cuma k\u00fcn\u00fcne qadar saat 9.30 \u2013dan 17.00-ge qadar; cumaertesi k\u00fcn\u00fc 15.00-ge qadar \u00e7al\u0131\u015fa. Bazar &#8211; raatl\u0131q k\u00fcn\u00fc.<\/p>\n\n\n\n<figure class=\"wp-block-embed is-type-video is-provider-youtube wp-block-embed-youtube wp-embed-aspect-4-3 wp-has-aspect-ratio\"><div class=\"wp-block-embed__wrapper\">\nhttps:\/\/youtu.be\/XFCG96RL3X8\n<\/div><\/figure>\n","protected":false},"excerpt":{"rendered":"<p>Milliy sanat ustalar\u0131 s\u0131ras\u0131nda degerli yer al\u011fan y\u0131rc\u0131n\u0131\u00f1 ad\u0131 q\u0131r\u0131mtatar halq y\u0131rlar\u0131n\u0131 sevgenlerge pek yah\u015f\u0131 tan\u0131\u015ft\u0131r. Rustem Memetov 1941 senesi iy\u00fcl 26-da Seytler rayon\u0131n\u0131\u00f1 Burna\u015f k\u00f6y\u00fcnde d\u00fcnya\u011fa keldi. Olacaq y\u0131rc\u0131 halq y\u0131rlar\u0131n\u0131\u00f1 zenginligi, tuv\u011fan na\u011fmelerni\u00f1 g\u00fczelligini ta balal\u0131\u011f\u0131nda k\u00f6re bildi. On\u0131\u00f1 babas\u0131 do\u011fma \u00dcsk\u00fct k\u00f6y\u00fcnden Abdulvait Sahtara ve anas\u0131 Ayserezli Emine-\u015eerfe halq y\u0131rlar\u0131n\u0131 pek yah\u015f\u0131 [&hellip;]<\/p>\n","protected":false},"author":1,"featured_media":25133,"comment_status":"open","ping_status":"open","sticky":false,"template":"","format":"standard","meta":{"inline_featured_image":false,"footnotes":""},"categories":[265],"tags":[],"class_list":["post-25132","post","type-post","status-publish","format-standard","has-post-thumbnail","hentry","category-haberler"],"acf":[],"yoast_head":"<!-- This site is optimized with the Yoast SEO plugin v27.4 - https:\/\/yoast.com\/product\/yoast-seo-wordpress\/ -->\n<title>Rustem Memetovn\u0131\u00f1 70 y\u0131ll\u0131\u011f\u0131na ba\u011f\u0131\u015flan\u011fan \u00abMenim y\u0131rlar\u0131m\u00bb sergisi a\u00e7\u0131ld\u0131 - \u041c\u0435\u0434\u0436\u043b\u0456\u0441<\/title>\n<meta name=\"robots\" content=\"index, follow, max-snippet:-1, max-image-preview:large, max-video-preview:-1\" \/>\n<link rel=\"canonical\" href=\"https:\/\/qtmm.org\/qt\/rustem-memetovnin-70-yilligina-bagislangan-menim-yirlarim-sergisi-acildi\/\" \/>\n<meta property=\"og:locale\" content=\"en_US\" \/>\n<meta property=\"og:type\" content=\"article\" \/>\n<meta property=\"og:title\" content=\"Rustem Memetovn\u0131\u00f1 70 y\u0131ll\u0131\u011f\u0131na ba\u011f\u0131\u015flan\u011fan \u00abMenim y\u0131rlar\u0131m\u00bb sergisi a\u00e7\u0131ld\u0131 - \u041c\u0435\u0434\u0436\u043b\u0456\u0441\" \/>\n<meta property=\"og:description\" content=\"Milliy sanat ustalar\u0131 s\u0131ras\u0131nda degerli yer al\u011fan y\u0131rc\u0131n\u0131\u00f1 ad\u0131 q\u0131r\u0131mtatar halq y\u0131rlar\u0131n\u0131 sevgenlerge pek yah\u015f\u0131 tan\u0131\u015ft\u0131r. Rustem Memetov 1941 senesi iy\u00fcl 26-da Seytler rayon\u0131n\u0131\u00f1 Burna\u015f k\u00f6y\u00fcnde d\u00fcnya\u011fa keldi. Olacaq y\u0131rc\u0131 halq y\u0131rlar\u0131n\u0131\u00f1 zenginligi, tuv\u011fan na\u011fmelerni\u00f1 g\u00fczelligini ta balal\u0131\u011f\u0131nda k\u00f6re bildi. On\u0131\u00f1 babas\u0131 do\u011fma \u00dcsk\u00fct k\u00f6y\u00fcnden Abdulvait Sahtara ve anas\u0131 Ayserezli Emine-\u015eerfe halq y\u0131rlar\u0131n\u0131 pek yah\u015f\u0131 [&hellip;]\" \/>\n<meta property=\"og:url\" content=\"https:\/\/qtmm.org\/qt\/rustem-memetovnin-70-yilligina-bagislangan-menim-yirlarim-sergisi-acildi\/\" \/>\n<meta property=\"og:site_name\" content=\"\u041c\u0435\u0434\u0436\u043b\u0456\u0441\" \/>\n<meta property=\"article:publisher\" content=\"https:\/\/www.facebook.com\/qtmm.info\/\" \/>\n<meta property=\"article:published_time\" content=\"2011-08-04T19:34:00+00:00\" \/>\n<meta property=\"article:modified_time\" content=\"2022-01-18T19:36:35+00:00\" \/>\n<meta property=\"og:image\" content=\"https:\/\/qtmm.org\/wp-content\/uploads\/2022\/01\/img_3292_6-1.jpeg\" \/>\n\t<meta property=\"og:image:width\" content=\"414\" \/>\n\t<meta property=\"og:image:height\" content=\"519\" \/>\n\t<meta property=\"og:image:type\" content=\"image\/jpeg\" \/>\n<meta name=\"author\" content=\"Developer\" \/>\n<meta name=\"twitter:card\" content=\"summary_large_image\" \/>\n<meta name=\"twitter:label1\" content=\"Written by\" \/>\n\t<meta name=\"twitter:data1\" content=\"Developer\" \/>\n\t<meta name=\"twitter:label2\" content=\"Est. reading time\" \/>\n\t<meta name=\"twitter:data2\" content=\"2 minutes\" \/>\n<script type=\"application\/ld+json\" class=\"yoast-schema-graph\">{\"@context\":\"https:\\\/\\\/schema.org\",\"@graph\":[{\"@type\":\"Article\",\"@id\":\"https:\\\/\\\/qtmm.org\\\/qt\\\/rustem-memetovnin-70-yilligina-bagislangan-menim-yirlarim-sergisi-acildi\\\/#article\",\"isPartOf\":{\"@id\":\"https:\\\/\\\/qtmm.org\\\/qt\\\/rustem-memetovnin-70-yilligina-bagislangan-menim-yirlarim-sergisi-acildi\\\/\"},\"author\":{\"name\":\"Developer\",\"@id\":\"https:\\\/\\\/qtmm.org\\\/qt\\\/#\\\/schema\\\/person\\\/de562469f971dec226ac06e60bbf74a7\"},\"headline\":\"Rustem Memetovn\u0131\u00f1 70 y\u0131ll\u0131\u011f\u0131na ba\u011f\u0131\u015flan\u011fan \u00abMenim y\u0131rlar\u0131m\u00bb sergisi a\u00e7\u0131ld\u0131\",\"datePublished\":\"2011-08-04T19:34:00+00:00\",\"dateModified\":\"2022-01-18T19:36:35+00:00\",\"mainEntityOfPage\":{\"@id\":\"https:\\\/\\\/qtmm.org\\\/qt\\\/rustem-memetovnin-70-yilligina-bagislangan-menim-yirlarim-sergisi-acildi\\\/\"},\"wordCount\":471,\"commentCount\":0,\"publisher\":{\"@id\":\"https:\\\/\\\/qtmm.org\\\/qt\\\/#organization\"},\"image\":{\"@id\":\"https:\\\/\\\/qtmm.org\\\/qt\\\/rustem-memetovnin-70-yilligina-bagislangan-menim-yirlarim-sergisi-acildi\\\/#primaryimage\"},\"thumbnailUrl\":\"https:\\\/\\\/qtmm.org\\\/wp-content\\\/uploads\\\/2022\\\/01\\\/img_3292_6-1.jpeg\",\"articleSection\":[\"Haberler\"],\"inLanguage\":\"qt\",\"potentialAction\":[{\"@type\":\"CommentAction\",\"name\":\"Comment\",\"target\":[\"https:\\\/\\\/qtmm.org\\\/qt\\\/rustem-memetovnin-70-yilligina-bagislangan-menim-yirlarim-sergisi-acildi\\\/#respond\"]}]},{\"@type\":\"WebPage\",\"@id\":\"https:\\\/\\\/qtmm.org\\\/qt\\\/rustem-memetovnin-70-yilligina-bagislangan-menim-yirlarim-sergisi-acildi\\\/\",\"url\":\"https:\\\/\\\/qtmm.org\\\/qt\\\/rustem-memetovnin-70-yilligina-bagislangan-menim-yirlarim-sergisi-acildi\\\/\",\"name\":\"Rustem Memetovn\u0131\u00f1 70 y\u0131ll\u0131\u011f\u0131na ba\u011f\u0131\u015flan\u011fan \u00abMenim y\u0131rlar\u0131m\u00bb sergisi a\u00e7\u0131ld\u0131 - \u041c\u0435\u0434\u0436\u043b\u0456\u0441\",\"isPartOf\":{\"@id\":\"https:\\\/\\\/qtmm.org\\\/qt\\\/#website\"},\"primaryImageOfPage\":{\"@id\":\"https:\\\/\\\/qtmm.org\\\/qt\\\/rustem-memetovnin-70-yilligina-bagislangan-menim-yirlarim-sergisi-acildi\\\/#primaryimage\"},\"image\":{\"@id\":\"https:\\\/\\\/qtmm.org\\\/qt\\\/rustem-memetovnin-70-yilligina-bagislangan-menim-yirlarim-sergisi-acildi\\\/#primaryimage\"},\"thumbnailUrl\":\"https:\\\/\\\/qtmm.org\\\/wp-content\\\/uploads\\\/2022\\\/01\\\/img_3292_6-1.jpeg\",\"datePublished\":\"2011-08-04T19:34:00+00:00\",\"dateModified\":\"2022-01-18T19:36:35+00:00\",\"breadcrumb\":{\"@id\":\"https:\\\/\\\/qtmm.org\\\/qt\\\/rustem-memetovnin-70-yilligina-bagislangan-menim-yirlarim-sergisi-acildi\\\/#breadcrumb\"},\"inLanguage\":\"qt\",\"potentialAction\":[{\"@type\":\"ReadAction\",\"target\":[\"https:\\\/\\\/qtmm.org\\\/qt\\\/rustem-memetovnin-70-yilligina-bagislangan-menim-yirlarim-sergisi-acildi\\\/\"]}]},{\"@type\":\"ImageObject\",\"inLanguage\":\"qt\",\"@id\":\"https:\\\/\\\/qtmm.org\\\/qt\\\/rustem-memetovnin-70-yilligina-bagislangan-menim-yirlarim-sergisi-acildi\\\/#primaryimage\",\"url\":\"https:\\\/\\\/qtmm.org\\\/wp-content\\\/uploads\\\/2022\\\/01\\\/img_3292_6-1.jpeg\",\"contentUrl\":\"https:\\\/\\\/qtmm.org\\\/wp-content\\\/uploads\\\/2022\\\/01\\\/img_3292_6-1.jpeg\",\"width\":414,\"height\":519},{\"@type\":\"BreadcrumbList\",\"@id\":\"https:\\\/\\\/qtmm.org\\\/qt\\\/rustem-memetovnin-70-yilligina-bagislangan-menim-yirlarim-sergisi-acildi\\\/#breadcrumb\",\"itemListElement\":[{\"@type\":\"ListItem\",\"position\":1,\"name\":\"\u0413\u043e\u043b\u043e\u0432\u043d\u0430\",\"item\":\"https:\\\/\\\/qtmm.org\\\/qt\\\/\"},{\"@type\":\"ListItem\",\"position\":2,\"name\":\"Rustem Memetovn\u0131\u00f1 70 y\u0131ll\u0131\u011f\u0131na ba\u011f\u0131\u015flan\u011fan \u00abMenim y\u0131rlar\u0131m\u00bb sergisi a\u00e7\u0131ld\u0131\"}]},{\"@type\":\"WebSite\",\"@id\":\"https:\\\/\\\/qtmm.org\\\/qt\\\/#website\",\"url\":\"https:\\\/\\\/qtmm.org\\\/qt\\\/\",\"name\":\"\u041c\u0435\u0434\u0436\u043b\u0456\u0441\",\"description\":\"\",\"publisher\":{\"@id\":\"https:\\\/\\\/qtmm.org\\\/qt\\\/#organization\"},\"potentialAction\":[{\"@type\":\"SearchAction\",\"target\":{\"@type\":\"EntryPoint\",\"urlTemplate\":\"https:\\\/\\\/qtmm.org\\\/qt\\\/?s={search_term_string}\"},\"query-input\":{\"@type\":\"PropertyValueSpecification\",\"valueRequired\":true,\"valueName\":\"search_term_string\"}}],\"inLanguage\":\"qt\"},{\"@type\":\"Organization\",\"@id\":\"https:\\\/\\\/qtmm.org\\\/qt\\\/#organization\",\"name\":\"\u041c\u0435\u0434\u0436\u043b\u0456\u0441\",\"url\":\"https:\\\/\\\/qtmm.org\\\/qt\\\/\",\"logo\":{\"@type\":\"ImageObject\",\"inLanguage\":\"qt\",\"@id\":\"https:\\\/\\\/qtmm.org\\\/qt\\\/#\\\/schema\\\/logo\\\/image\\\/\",\"url\":\"https:\\\/\\\/qtmm.org\\\/wp-content\\\/uploads\\\/2024\\\/12\\\/ua-mejlis-logo-rgb.svg\",\"contentUrl\":\"https:\\\/\\\/qtmm.org\\\/wp-content\\\/uploads\\\/2024\\\/12\\\/ua-mejlis-logo-rgb.svg\",\"caption\":\"\u041c\u0435\u0434\u0436\u043b\u0456\u0441\"},\"image\":{\"@id\":\"https:\\\/\\\/qtmm.org\\\/qt\\\/#\\\/schema\\\/logo\\\/image\\\/\"},\"sameAs\":[\"https:\\\/\\\/www.facebook.com\\\/qtmm.info\\\/\"]},{\"@type\":\"Person\",\"@id\":\"https:\\\/\\\/qtmm.org\\\/qt\\\/#\\\/schema\\\/person\\\/de562469f971dec226ac06e60bbf74a7\",\"name\":\"Developer\",\"image\":{\"@type\":\"ImageObject\",\"inLanguage\":\"qt\",\"@id\":\"https:\\\/\\\/secure.gravatar.com\\\/avatar\\\/392b4cc8fbfeb00b39dfeeab4ee6edded39ffd48e25858637e4765810300227e?s=96&d=mm&r=g\",\"url\":\"https:\\\/\\\/secure.gravatar.com\\\/avatar\\\/392b4cc8fbfeb00b39dfeeab4ee6edded39ffd48e25858637e4765810300227e?s=96&d=mm&r=g\",\"contentUrl\":\"https:\\\/\\\/secure.gravatar.com\\\/avatar\\\/392b4cc8fbfeb00b39dfeeab4ee6edded39ffd48e25858637e4765810300227e?s=96&d=mm&r=g\",\"caption\":\"Developer\"},\"url\":\"https:\\\/\\\/qtmm.org\\\/qt\\\/author\\\/Developer\\\/\"}]}<\/script>\n<!-- \/ Yoast SEO plugin. -->","yoast_head_json":{"title":"Rustem Memetovn\u0131\u00f1 70 y\u0131ll\u0131\u011f\u0131na ba\u011f\u0131\u015flan\u011fan \u00abMenim y\u0131rlar\u0131m\u00bb sergisi a\u00e7\u0131ld\u0131 - \u041c\u0435\u0434\u0436\u043b\u0456\u0441","robots":{"index":"index","follow":"follow","max-snippet":"max-snippet:-1","max-image-preview":"max-image-preview:large","max-video-preview":"max-video-preview:-1"},"canonical":"https:\/\/qtmm.org\/qt\/rustem-memetovnin-70-yilligina-bagislangan-menim-yirlarim-sergisi-acildi\/","og_locale":"en_US","og_type":"article","og_title":"Rustem Memetovn\u0131\u00f1 70 y\u0131ll\u0131\u011f\u0131na ba\u011f\u0131\u015flan\u011fan \u00abMenim y\u0131rlar\u0131m\u00bb sergisi a\u00e7\u0131ld\u0131 - \u041c\u0435\u0434\u0436\u043b\u0456\u0441","og_description":"Milliy sanat ustalar\u0131 s\u0131ras\u0131nda degerli yer al\u011fan y\u0131rc\u0131n\u0131\u00f1 ad\u0131 q\u0131r\u0131mtatar halq y\u0131rlar\u0131n\u0131 sevgenlerge pek yah\u015f\u0131 tan\u0131\u015ft\u0131r. Rustem Memetov 1941 senesi iy\u00fcl 26-da Seytler rayon\u0131n\u0131\u00f1 Burna\u015f k\u00f6y\u00fcnde d\u00fcnya\u011fa keldi. Olacaq y\u0131rc\u0131 halq y\u0131rlar\u0131n\u0131\u00f1 zenginligi, tuv\u011fan na\u011fmelerni\u00f1 g\u00fczelligini ta balal\u0131\u011f\u0131nda k\u00f6re bildi. On\u0131\u00f1 babas\u0131 do\u011fma \u00dcsk\u00fct k\u00f6y\u00fcnden Abdulvait Sahtara ve anas\u0131 Ayserezli Emine-\u015eerfe halq y\u0131rlar\u0131n\u0131 pek yah\u015f\u0131 [&hellip;]","og_url":"https:\/\/qtmm.org\/qt\/rustem-memetovnin-70-yilligina-bagislangan-menim-yirlarim-sergisi-acildi\/","og_site_name":"\u041c\u0435\u0434\u0436\u043b\u0456\u0441","article_publisher":"https:\/\/www.facebook.com\/qtmm.info\/","article_published_time":"2011-08-04T19:34:00+00:00","article_modified_time":"2022-01-18T19:36:35+00:00","og_image":[{"width":414,"height":519,"url":"https:\/\/qtmm.org\/wp-content\/uploads\/2022\/01\/img_3292_6-1.jpeg","type":"image\/jpeg"}],"author":"Developer","twitter_card":"summary_large_image","twitter_misc":{"Written by":"Developer","Est. reading time":"2 minutes"},"schema":{"@context":"https:\/\/schema.org","@graph":[{"@type":"Article","@id":"https:\/\/qtmm.org\/qt\/rustem-memetovnin-70-yilligina-bagislangan-menim-yirlarim-sergisi-acildi\/#article","isPartOf":{"@id":"https:\/\/qtmm.org\/qt\/rustem-memetovnin-70-yilligina-bagislangan-menim-yirlarim-sergisi-acildi\/"},"author":{"name":"Developer","@id":"https:\/\/qtmm.org\/qt\/#\/schema\/person\/de562469f971dec226ac06e60bbf74a7"},"headline":"Rustem Memetovn\u0131\u00f1 70 y\u0131ll\u0131\u011f\u0131na ba\u011f\u0131\u015flan\u011fan \u00abMenim y\u0131rlar\u0131m\u00bb sergisi a\u00e7\u0131ld\u0131","datePublished":"2011-08-04T19:34:00+00:00","dateModified":"2022-01-18T19:36:35+00:00","mainEntityOfPage":{"@id":"https:\/\/qtmm.org\/qt\/rustem-memetovnin-70-yilligina-bagislangan-menim-yirlarim-sergisi-acildi\/"},"wordCount":471,"commentCount":0,"publisher":{"@id":"https:\/\/qtmm.org\/qt\/#organization"},"image":{"@id":"https:\/\/qtmm.org\/qt\/rustem-memetovnin-70-yilligina-bagislangan-menim-yirlarim-sergisi-acildi\/#primaryimage"},"thumbnailUrl":"https:\/\/qtmm.org\/wp-content\/uploads\/2022\/01\/img_3292_6-1.jpeg","articleSection":["Haberler"],"inLanguage":"qt","potentialAction":[{"@type":"CommentAction","name":"Comment","target":["https:\/\/qtmm.org\/qt\/rustem-memetovnin-70-yilligina-bagislangan-menim-yirlarim-sergisi-acildi\/#respond"]}]},{"@type":"WebPage","@id":"https:\/\/qtmm.org\/qt\/rustem-memetovnin-70-yilligina-bagislangan-menim-yirlarim-sergisi-acildi\/","url":"https:\/\/qtmm.org\/qt\/rustem-memetovnin-70-yilligina-bagislangan-menim-yirlarim-sergisi-acildi\/","name":"Rustem Memetovn\u0131\u00f1 70 y\u0131ll\u0131\u011f\u0131na ba\u011f\u0131\u015flan\u011fan \u00abMenim y\u0131rlar\u0131m\u00bb sergisi a\u00e7\u0131ld\u0131 - \u041c\u0435\u0434\u0436\u043b\u0456\u0441","isPartOf":{"@id":"https:\/\/qtmm.org\/qt\/#website"},"primaryImageOfPage":{"@id":"https:\/\/qtmm.org\/qt\/rustem-memetovnin-70-yilligina-bagislangan-menim-yirlarim-sergisi-acildi\/#primaryimage"},"image":{"@id":"https:\/\/qtmm.org\/qt\/rustem-memetovnin-70-yilligina-bagislangan-menim-yirlarim-sergisi-acildi\/#primaryimage"},"thumbnailUrl":"https:\/\/qtmm.org\/wp-content\/uploads\/2022\/01\/img_3292_6-1.jpeg","datePublished":"2011-08-04T19:34:00+00:00","dateModified":"2022-01-18T19:36:35+00:00","breadcrumb":{"@id":"https:\/\/qtmm.org\/qt\/rustem-memetovnin-70-yilligina-bagislangan-menim-yirlarim-sergisi-acildi\/#breadcrumb"},"inLanguage":"qt","potentialAction":[{"@type":"ReadAction","target":["https:\/\/qtmm.org\/qt\/rustem-memetovnin-70-yilligina-bagislangan-menim-yirlarim-sergisi-acildi\/"]}]},{"@type":"ImageObject","inLanguage":"qt","@id":"https:\/\/qtmm.org\/qt\/rustem-memetovnin-70-yilligina-bagislangan-menim-yirlarim-sergisi-acildi\/#primaryimage","url":"https:\/\/qtmm.org\/wp-content\/uploads\/2022\/01\/img_3292_6-1.jpeg","contentUrl":"https:\/\/qtmm.org\/wp-content\/uploads\/2022\/01\/img_3292_6-1.jpeg","width":414,"height":519},{"@type":"BreadcrumbList","@id":"https:\/\/qtmm.org\/qt\/rustem-memetovnin-70-yilligina-bagislangan-menim-yirlarim-sergisi-acildi\/#breadcrumb","itemListElement":[{"@type":"ListItem","position":1,"name":"\u0413\u043e\u043b\u043e\u0432\u043d\u0430","item":"https:\/\/qtmm.org\/qt\/"},{"@type":"ListItem","position":2,"name":"Rustem Memetovn\u0131\u00f1 70 y\u0131ll\u0131\u011f\u0131na ba\u011f\u0131\u015flan\u011fan \u00abMenim y\u0131rlar\u0131m\u00bb sergisi a\u00e7\u0131ld\u0131"}]},{"@type":"WebSite","@id":"https:\/\/qtmm.org\/qt\/#website","url":"https:\/\/qtmm.org\/qt\/","name":"\u041c\u0435\u0434\u0436\u043b\u0456\u0441","description":"","publisher":{"@id":"https:\/\/qtmm.org\/qt\/#organization"},"potentialAction":[{"@type":"SearchAction","target":{"@type":"EntryPoint","urlTemplate":"https:\/\/qtmm.org\/qt\/?s={search_term_string}"},"query-input":{"@type":"PropertyValueSpecification","valueRequired":true,"valueName":"search_term_string"}}],"inLanguage":"qt"},{"@type":"Organization","@id":"https:\/\/qtmm.org\/qt\/#organization","name":"\u041c\u0435\u0434\u0436\u043b\u0456\u0441","url":"https:\/\/qtmm.org\/qt\/","logo":{"@type":"ImageObject","inLanguage":"qt","@id":"https:\/\/qtmm.org\/qt\/#\/schema\/logo\/image\/","url":"https:\/\/qtmm.org\/wp-content\/uploads\/2024\/12\/ua-mejlis-logo-rgb.svg","contentUrl":"https:\/\/qtmm.org\/wp-content\/uploads\/2024\/12\/ua-mejlis-logo-rgb.svg","caption":"\u041c\u0435\u0434\u0436\u043b\u0456\u0441"},"image":{"@id":"https:\/\/qtmm.org\/qt\/#\/schema\/logo\/image\/"},"sameAs":["https:\/\/www.facebook.com\/qtmm.info\/"]},{"@type":"Person","@id":"https:\/\/qtmm.org\/qt\/#\/schema\/person\/de562469f971dec226ac06e60bbf74a7","name":"Developer","image":{"@type":"ImageObject","inLanguage":"qt","@id":"https:\/\/secure.gravatar.com\/avatar\/392b4cc8fbfeb00b39dfeeab4ee6edded39ffd48e25858637e4765810300227e?s=96&d=mm&r=g","url":"https:\/\/secure.gravatar.com\/avatar\/392b4cc8fbfeb00b39dfeeab4ee6edded39ffd48e25858637e4765810300227e?s=96&d=mm&r=g","contentUrl":"https:\/\/secure.gravatar.com\/avatar\/392b4cc8fbfeb00b39dfeeab4ee6edded39ffd48e25858637e4765810300227e?s=96&d=mm&r=g","caption":"Developer"},"url":"https:\/\/qtmm.org\/qt\/author\/Developer\/"}]}},"_links":{"self":[{"href":"https:\/\/qtmm.org\/qt\/wp-json\/wp\/v2\/posts\/25132","targetHints":{"allow":["GET"]}}],"collection":[{"href":"https:\/\/qtmm.org\/qt\/wp-json\/wp\/v2\/posts"}],"about":[{"href":"https:\/\/qtmm.org\/qt\/wp-json\/wp\/v2\/types\/post"}],"author":[{"embeddable":true,"href":"https:\/\/qtmm.org\/qt\/wp-json\/wp\/v2\/users\/1"}],"replies":[{"embeddable":true,"href":"https:\/\/qtmm.org\/qt\/wp-json\/wp\/v2\/comments?post=25132"}],"version-history":[{"count":1,"href":"https:\/\/qtmm.org\/qt\/wp-json\/wp\/v2\/posts\/25132\/revisions"}],"predecessor-version":[{"id":25145,"href":"https:\/\/qtmm.org\/qt\/wp-json\/wp\/v2\/posts\/25132\/revisions\/25145"}],"wp:featuredmedia":[{"embeddable":true,"href":"https:\/\/qtmm.org\/qt\/wp-json\/wp\/v2\/media\/25133"}],"wp:attachment":[{"href":"https:\/\/qtmm.org\/qt\/wp-json\/wp\/v2\/media?parent=25132"}],"wp:term":[{"taxonomy":"category","embeddable":true,"href":"https:\/\/qtmm.org\/qt\/wp-json\/wp\/v2\/categories?post=25132"},{"taxonomy":"post_tag","embeddable":true,"href":"https:\/\/qtmm.org\/qt\/wp-json\/wp\/v2\/tags?post=25132"}],"curies":[{"name":"wp","href":"https:\/\/api.w.org\/{rel}","templated":true}]}}