




{"id":25126,"date":"2011-08-03T22:31:00","date_gmt":"2011-08-03T19:31:00","guid":{"rendered":"http:\/\/qtmm.org\/?p=25126"},"modified":"2022-01-18T22:34:13","modified_gmt":"2022-01-18T19:34:13","slug":"qirimtatar-halqinin-meclisi-isbirlik-ve-qirim-em-de-ukrainadaki-butun-siyasiy-firqalar-ve-cemaat-teskilatlarinen-dialog-icun-aciq","status":"publish","type":"post","link":"https:\/\/qtmm.org\/qt\/qirimtatar-halqinin-meclisi-isbirlik-ve-qirim-em-de-ukrainadaki-butun-siyasiy-firqalar-ve-cemaat-teskilatlarinen-dialog-icun-aciq\/","title":{"rendered":"Q\u0131r\u0131mtatar halq\u0131n\u0131\u00f1 Meclisi i\u015fbirlik ve Q\u0131r\u0131m em de Ukrainadaki b\u00fct\u00fcn siyasiy firqalar ve cemaat te\u015fkil\u00e2tlar\u0131nen dialog i\u00e7\u00fcn a\u00e7\u0131q"},"content":{"rendered":"\n<p>Q\u0131r\u0131mtatar halq\u0131 Meclisini\u00f1 ad\u0131na &#8220;Demokrati\u00e7eskiy alyans&#8221; cemaat te\u015fkil\u00e2t\u0131 Q\u0131r\u0131m cumhuriyet b\u00f6l\u00fcgini\u00f1 &#8220;Demokrati\u00e7eskiy alyans&#8221; cemaat te\u015fkil\u00e2t\u0131 K\u00e2tibiyetini\u00f1 sab\u0131q reberi R. \u015eaymardanovn\u0131\u00f1 2011 senesi iy\u00fcl 19 k\u00fcn\u00fc Aqmescitte ol\u0131p ke\u00e7ken matbuat konferentsiyas\u0131nda seslendirgen beyanat\u0131 munasebetinen &#8220;Resmiy reddiye&#8221; keldi.<\/p>\n\n\n\n<p>Demokrati\u00e7eskiy alyans&#8221; cemaat te\u015fkil\u00e2t\u0131 Q\u0131r\u0131m cumhuriyet b\u00f6l\u00fcgini\u00f1 reisi Svetlana Yere\u015f\u00e7enko imzala\u011fan mezk\u00fcr &#8220;Resmiy reddiye&#8221;de &#8220;R. \u015eaymardanovn\u0131\u00f1 &#8220;Demokrati\u00e7eskiy alyans&#8221; te\u015fkil\u00e2t\u0131 reberleri taraf\u0131ndan provokatsiya olaraq q\u0131ymet kesilgen fikirleri i\u00e7\u00fcn muhtariyet sakinleri, q\u0131r\u0131mtatar milleti ve q\u0131r\u0131mtatar halq\u0131n\u0131\u00f1 vek\u00e2letli organ\u0131 \u00f6g\u00fcnde afu sorala&#8221;<\/p>\n\n\n\n<p>A\u015fa\u011f\u0131da &#8220;Demokrati\u00e7eskiy alyans&#8221; cemaat te\u015fkil\u00e2t\u0131 Q\u0131r\u0131m cumhuriyet b\u00f6l\u00fcgini\u00f1 &#8220;Resmiy reddiye&#8221;si metinini Q\u0131r\u0131mtatar halq\u0131 Meclisini\u00f1 resmiy saifesinde tolus\u0131nen yerle\u015ftirerek Meclisni\u00f1 matbuat h\u0131zmeti &#8220;Demokrati\u00e7eskiy alyans&#8221; cemaat te\u015fkil\u00e2t\u0131 Q\u0131r\u0131m cumhuriyet b\u00f6l\u00fcgini afu etkenini bildire.<\/p>\n\n\n\n<p>\u00d6z taraf\u0131ndan Q\u0131r\u0131mtatar halq\u0131 Meclisini\u00f1 matbuat h\u0131zmeti Q\u0131r\u0131mtatar halq\u0131n\u0131\u00f1 Meclisi Ukraina ve Q\u0131r\u0131mda yar\u0131mada ve b\u00fct\u00fcn sakinlerini\u00f1 menfaatlar\u0131 o\u011frunda \u00e7al\u0131\u015fqayen ve faaliyetini demokratik printsiplerde qur\u011fan cemi siyasiy partiyalar ve cemaat te\u015fkil\u00e2tlar\u0131nen i\u015fbirlikke ve subetle\u015fmege az\u0131rl\u0131\u011f\u0131n\u0131 bildire.<\/p>\n\n\n\n<div class=\"wp-block-image\"><figure class=\"alignleft size-full\"><img loading=\"lazy\" decoding=\"async\" width=\"551\" height=\"174\" src=\"http:\/\/qtmm.org\/wp-content\/uploads\/2022\/01\/1_5.jpeg\" alt=\"\" class=\"wp-image-25127\" srcset=\"https:\/\/qtmm.org\/wp-content\/uploads\/2022\/01\/1_5.jpeg 551w, https:\/\/qtmm.org\/wp-content\/uploads\/2022\/01\/1_5-300x95.jpeg 300w\" sizes=\"auto, (max-width: 551px) 100vw, 551px\" \/><\/figure><\/div>\n\n\n\n<p><\/p>\n\n\n\n<p><\/p>\n\n\n\n<p><\/p>\n\n\n\n<p><\/p>\n\n\n\n<p><\/p>\n\n\n\n<p><\/p>\n\n\n\n<p class=\"has-text-align-center\"><strong><em>Resmiy reddiye<\/em><\/strong><\/p>\n\n\n\n<p>2011 senesi iy\u00fcl 29 k\u00fcn\u00fc Aqmescitte matbuat konferentsiyas\u0131nda &#8220;Demokrati\u00e7eskiy alyans&#8221; cemaat te\u015fkil\u00e2t\u0131 Q\u0131r\u0131m cumhuriyet b\u00f6l\u00fcgi K\u00e2tibiyetini\u00f1 sab\u0131q reberi R. \u015eaymardanov Cumhuriyet milletler komitet ive Meclis aras\u0131nda a\u00f1la\u015fma &#8220;gizli-qapaql\u0131&#8221; ol\u011fan\u0131n\u0131 s\u00f6yledi. Bun\u0131\u00f1 kibi de R. \u015eaymardanov Meclisni &#8220;qanundan t\u0131\u015f, cedvelge al\u0131nma\u011fan te\u015fkil\u00e2t&#8221; dep adland\u0131ra ve Meclisni topraq u\u00e7astkalar\u0131n\u0131 almaq i\u00e7\u00fcn cedvellerni sahtele\u015ftirgeninde qabaatlad\u0131.<\/p>\n\n\n\n<p>&#8220;Demokrati\u00e7eskiy alyans&#8221; cemaat te\u015fkil\u00e2t\u0131 resmiy s\u00fcrette \u015fun\u0131 bildire ki, bu informatsiya te\u015fkil\u00e2tn\u0131\u00f1 resmiy fikiri degil de , R. \u015eaymardanovn\u0131\u00f1 \u015fahsiy fikridir.<\/p>\n\n\n\n<p>Biz muhtariyat sakinleri, q\u0131r\u0131mtatar milletini\u00f1 vekilleri, c\u00fcmleden q\u0131r\u0131mtatar halq\u0131n\u0131\u00f1 vek\u00e2letli organ\u0131 ol\u011fan Milliy Meclis azalar\u0131ndan afu soraym\u0131z<\/p>\n\n\n\n<p>\u00d6z \u00e7\u0131q\u0131\u015f\u0131n\u0131 bizlernen k\u00fcnevelden keli\u015fmegeni alda yapqan R. \u015eaymardanovn\u0131\u00f1 bu fikirlerine biz provokatsiya, dep q\u0131ymet kesemiz. Te\u015fkil\u00e2t Nizamnamesini boz\u011fan\u0131 (c\u00fcmleden yetek\u00e7i organn\u0131\u00f1 qararlar\u0131na boysunma\u011fan\u0131 ve &#8220;Demokrati\u00e7eskiy alyans&#8221; te\u015fkil\u00e2t\u0131n\u0131\u00f1 itibar\u0131n\u0131 t\u00fc\u015f\u00fcrgen areketler yapqan\u0131 munasebetinen &#8220;Demokrati\u00e7eskiy Alyans&#8221; te\u015fkil\u00e2t\u0131n\u0131\u00f1 idaresi \u00f6z topla\u015fuv\u0131nda R. \u015eaymardanovn\u0131 te\u015fkil\u00e2t azal\u0131\u011f\u0131ndan \u00e7\u0131qarmaq qarar\u0131n\u0131 ald\u0131.<\/p>\n\n\n\n<p>&#8220;Demokrati\u00e7eskiy alyans&#8221; te\u015fkil\u00e2t\u0131n\u0131\u00f1 Q\u0131r\u0131m cumhuriyet b\u00f6l\u00fcgi k\u00fctleviy informatsiya vastalar\u0131na R. \u015eaymardanovn\u0131\u00f1 fikirini te\u015fkil\u00e2tn\u0131\u00f1 fikiri dep k\u00f6rmemekni rica ete.<\/p>\n\n\n\n<p>Say\u011f\u0131lar\u0131m ile<\/p>\n\n\n\n<p>&#8220;Demokrati\u00e7eskiy alyans&#8221; te\u015fkil\u00e2t\u0131 Q\u0131r\u0131m cumhuriyet b\u00f6l\u00fcgini\u00f1 ba\u015f\u0131<\/p>\n\n\n\n<p>Svetlana Yere\u015f\u00e7enko<\/p>\n\n\n\n<p>Kontakt\u0131: 099-717-34-24<br>e-mail:&nbsp;sveta.ereschenko@gmail.com<br>&nbsp;<\/p>\n","protected":false},"excerpt":{"rendered":"<p>Q\u0131r\u0131mtatar halq\u0131 Meclisini\u00f1 ad\u0131na &#8220;Demokrati\u00e7eskiy alyans&#8221; cemaat te\u015fkil\u00e2t\u0131 Q\u0131r\u0131m cumhuriyet b\u00f6l\u00fcgini\u00f1 &#8220;Demokrati\u00e7eskiy alyans&#8221; cemaat te\u015fkil\u00e2t\u0131 K\u00e2tibiyetini\u00f1 sab\u0131q reberi R. \u015eaymardanovn\u0131\u00f1 2011 senesi iy\u00fcl 19 k\u00fcn\u00fc Aqmescitte ol\u0131p ke\u00e7ken matbuat konferentsiyas\u0131nda seslendirgen beyanat\u0131 munasebetinen &#8220;Resmiy reddiye&#8221; keldi. Demokrati\u00e7eskiy alyans&#8221; cemaat te\u015fkil\u00e2t\u0131 Q\u0131r\u0131m cumhuriyet b\u00f6l\u00fcgini\u00f1 reisi Svetlana Yere\u015f\u00e7enko imzala\u011fan mezk\u00fcr &#8220;Resmiy reddiye&#8221;de &#8220;R. \u015eaymardanovn\u0131\u00f1 &#8220;Demokrati\u00e7eskiy alyans&#8221; te\u015fkil\u00e2t\u0131 [&hellip;]<\/p>\n","protected":false},"author":1,"featured_media":0,"comment_status":"open","ping_status":"open","sticky":false,"template":"","format":"standard","meta":{"inline_featured_image":false,"footnotes":""},"categories":[265],"tags":[],"class_list":["post-25126","post","type-post","status-publish","format-standard","hentry","category-haberler"],"acf":[],"yoast_head":"<!-- This site is optimized with the Yoast SEO plugin v27.4 - https:\/\/yoast.com\/product\/yoast-seo-wordpress\/ -->\n<title>Q\u0131r\u0131mtatar halq\u0131n\u0131\u00f1 Meclisi i\u015fbirlik ve Q\u0131r\u0131m em de Ukrainadaki b\u00fct\u00fcn siyasiy firqalar ve cemaat te\u015fkil\u00e2tlar\u0131nen dialog i\u00e7\u00fcn a\u00e7\u0131q - \u041c\u0435\u0434\u0436\u043b\u0456\u0441<\/title>\n<meta name=\"robots\" content=\"index, follow, max-snippet:-1, max-image-preview:large, max-video-preview:-1\" \/>\n<link rel=\"canonical\" href=\"https:\/\/qtmm.org\/qt\/qirimtatar-halqinin-meclisi-isbirlik-ve-qirim-em-de-ukrainadaki-butun-siyasiy-firqalar-ve-cemaat-teskilatlarinen-dialog-icun-aciq\/\" \/>\n<meta property=\"og:locale\" content=\"en_US\" \/>\n<meta property=\"og:type\" content=\"article\" \/>\n<meta property=\"og:title\" content=\"Q\u0131r\u0131mtatar halq\u0131n\u0131\u00f1 Meclisi i\u015fbirlik ve Q\u0131r\u0131m em de Ukrainadaki b\u00fct\u00fcn siyasiy firqalar ve cemaat te\u015fkil\u00e2tlar\u0131nen dialog i\u00e7\u00fcn a\u00e7\u0131q - \u041c\u0435\u0434\u0436\u043b\u0456\u0441\" \/>\n<meta property=\"og:description\" content=\"Q\u0131r\u0131mtatar halq\u0131 Meclisini\u00f1 ad\u0131na &#8220;Demokrati\u00e7eskiy alyans&#8221; cemaat te\u015fkil\u00e2t\u0131 Q\u0131r\u0131m cumhuriyet b\u00f6l\u00fcgini\u00f1 &#8220;Demokrati\u00e7eskiy alyans&#8221; cemaat te\u015fkil\u00e2t\u0131 K\u00e2tibiyetini\u00f1 sab\u0131q reberi R. \u015eaymardanovn\u0131\u00f1 2011 senesi iy\u00fcl 19 k\u00fcn\u00fc Aqmescitte ol\u0131p ke\u00e7ken matbuat konferentsiyas\u0131nda seslendirgen beyanat\u0131 munasebetinen &#8220;Resmiy reddiye&#8221; keldi. Demokrati\u00e7eskiy alyans&#8221; cemaat te\u015fkil\u00e2t\u0131 Q\u0131r\u0131m cumhuriyet b\u00f6l\u00fcgini\u00f1 reisi Svetlana Yere\u015f\u00e7enko imzala\u011fan mezk\u00fcr &#8220;Resmiy reddiye&#8221;de &#8220;R. \u015eaymardanovn\u0131\u00f1 &#8220;Demokrati\u00e7eskiy alyans&#8221; te\u015fkil\u00e2t\u0131 [&hellip;]\" \/>\n<meta property=\"og:url\" content=\"https:\/\/qtmm.org\/qt\/qirimtatar-halqinin-meclisi-isbirlik-ve-qirim-em-de-ukrainadaki-butun-siyasiy-firqalar-ve-cemaat-teskilatlarinen-dialog-icun-aciq\/\" \/>\n<meta property=\"og:site_name\" content=\"\u041c\u0435\u0434\u0436\u043b\u0456\u0441\" \/>\n<meta property=\"article:publisher\" content=\"https:\/\/www.facebook.com\/qtmm.info\/\" \/>\n<meta property=\"article:published_time\" content=\"2011-08-03T19:31:00+00:00\" \/>\n<meta property=\"article:modified_time\" content=\"2022-01-18T19:34:13+00:00\" \/>\n<meta property=\"og:image\" content=\"https:\/\/qtmm.org\/wp-content\/uploads\/2022\/01\/1_5.jpeg\" \/>\n\t<meta property=\"og:image:width\" content=\"551\" \/>\n\t<meta property=\"og:image:height\" content=\"174\" \/>\n\t<meta property=\"og:image:type\" content=\"image\/jpeg\" \/>\n<meta name=\"author\" content=\"Developer\" \/>\n<meta name=\"twitter:card\" content=\"summary_large_image\" \/>\n<meta name=\"twitter:label1\" content=\"Written by\" \/>\n\t<meta name=\"twitter:data1\" content=\"Developer\" \/>\n\t<meta name=\"twitter:label2\" content=\"Est. reading time\" \/>\n\t<meta name=\"twitter:data2\" content=\"2 minutes\" \/>\n<script type=\"application\/ld+json\" class=\"yoast-schema-graph\">{\"@context\":\"https:\\\/\\\/schema.org\",\"@graph\":[{\"@type\":\"Article\",\"@id\":\"https:\\\/\\\/qtmm.org\\\/qt\\\/qirimtatar-halqinin-meclisi-isbirlik-ve-qirim-em-de-ukrainadaki-butun-siyasiy-firqalar-ve-cemaat-teskilatlarinen-dialog-icun-aciq\\\/#article\",\"isPartOf\":{\"@id\":\"https:\\\/\\\/qtmm.org\\\/qt\\\/qirimtatar-halqinin-meclisi-isbirlik-ve-qirim-em-de-ukrainadaki-butun-siyasiy-firqalar-ve-cemaat-teskilatlarinen-dialog-icun-aciq\\\/\"},\"author\":{\"name\":\"Developer\",\"@id\":\"https:\\\/\\\/qtmm.org\\\/qt\\\/#\\\/schema\\\/person\\\/de562469f971dec226ac06e60bbf74a7\"},\"headline\":\"Q\u0131r\u0131mtatar halq\u0131n\u0131\u00f1 Meclisi i\u015fbirlik ve Q\u0131r\u0131m em de Ukrainadaki b\u00fct\u00fcn siyasiy firqalar ve cemaat te\u015fkil\u00e2tlar\u0131nen dialog i\u00e7\u00fcn a\u00e7\u0131q\",\"datePublished\":\"2011-08-03T19:31:00+00:00\",\"dateModified\":\"2022-01-18T19:34:13+00:00\",\"mainEntityOfPage\":{\"@id\":\"https:\\\/\\\/qtmm.org\\\/qt\\\/qirimtatar-halqinin-meclisi-isbirlik-ve-qirim-em-de-ukrainadaki-butun-siyasiy-firqalar-ve-cemaat-teskilatlarinen-dialog-icun-aciq\\\/\"},\"wordCount\":527,\"commentCount\":0,\"publisher\":{\"@id\":\"https:\\\/\\\/qtmm.org\\\/qt\\\/#organization\"},\"image\":{\"@id\":\"https:\\\/\\\/qtmm.org\\\/qt\\\/qirimtatar-halqinin-meclisi-isbirlik-ve-qirim-em-de-ukrainadaki-butun-siyasiy-firqalar-ve-cemaat-teskilatlarinen-dialog-icun-aciq\\\/#primaryimage\"},\"thumbnailUrl\":\"http:\\\/\\\/qtmm.org\\\/wp-content\\\/uploads\\\/2022\\\/01\\\/1_5.jpeg\",\"articleSection\":[\"Haberler\"],\"inLanguage\":\"qt\",\"potentialAction\":[{\"@type\":\"CommentAction\",\"name\":\"Comment\",\"target\":[\"https:\\\/\\\/qtmm.org\\\/qt\\\/qirimtatar-halqinin-meclisi-isbirlik-ve-qirim-em-de-ukrainadaki-butun-siyasiy-firqalar-ve-cemaat-teskilatlarinen-dialog-icun-aciq\\\/#respond\"]}]},{\"@type\":\"WebPage\",\"@id\":\"https:\\\/\\\/qtmm.org\\\/qt\\\/qirimtatar-halqinin-meclisi-isbirlik-ve-qirim-em-de-ukrainadaki-butun-siyasiy-firqalar-ve-cemaat-teskilatlarinen-dialog-icun-aciq\\\/\",\"url\":\"https:\\\/\\\/qtmm.org\\\/qt\\\/qirimtatar-halqinin-meclisi-isbirlik-ve-qirim-em-de-ukrainadaki-butun-siyasiy-firqalar-ve-cemaat-teskilatlarinen-dialog-icun-aciq\\\/\",\"name\":\"Q\u0131r\u0131mtatar halq\u0131n\u0131\u00f1 Meclisi i\u015fbirlik ve Q\u0131r\u0131m em de Ukrainadaki b\u00fct\u00fcn siyasiy firqalar ve cemaat te\u015fkil\u00e2tlar\u0131nen dialog i\u00e7\u00fcn a\u00e7\u0131q - \u041c\u0435\u0434\u0436\u043b\u0456\u0441\",\"isPartOf\":{\"@id\":\"https:\\\/\\\/qtmm.org\\\/qt\\\/#website\"},\"primaryImageOfPage\":{\"@id\":\"https:\\\/\\\/qtmm.org\\\/qt\\\/qirimtatar-halqinin-meclisi-isbirlik-ve-qirim-em-de-ukrainadaki-butun-siyasiy-firqalar-ve-cemaat-teskilatlarinen-dialog-icun-aciq\\\/#primaryimage\"},\"image\":{\"@id\":\"https:\\\/\\\/qtmm.org\\\/qt\\\/qirimtatar-halqinin-meclisi-isbirlik-ve-qirim-em-de-ukrainadaki-butun-siyasiy-firqalar-ve-cemaat-teskilatlarinen-dialog-icun-aciq\\\/#primaryimage\"},\"thumbnailUrl\":\"http:\\\/\\\/qtmm.org\\\/wp-content\\\/uploads\\\/2022\\\/01\\\/1_5.jpeg\",\"datePublished\":\"2011-08-03T19:31:00+00:00\",\"dateModified\":\"2022-01-18T19:34:13+00:00\",\"breadcrumb\":{\"@id\":\"https:\\\/\\\/qtmm.org\\\/qt\\\/qirimtatar-halqinin-meclisi-isbirlik-ve-qirim-em-de-ukrainadaki-butun-siyasiy-firqalar-ve-cemaat-teskilatlarinen-dialog-icun-aciq\\\/#breadcrumb\"},\"inLanguage\":\"qt\",\"potentialAction\":[{\"@type\":\"ReadAction\",\"target\":[\"https:\\\/\\\/qtmm.org\\\/qt\\\/qirimtatar-halqinin-meclisi-isbirlik-ve-qirim-em-de-ukrainadaki-butun-siyasiy-firqalar-ve-cemaat-teskilatlarinen-dialog-icun-aciq\\\/\"]}]},{\"@type\":\"ImageObject\",\"inLanguage\":\"qt\",\"@id\":\"https:\\\/\\\/qtmm.org\\\/qt\\\/qirimtatar-halqinin-meclisi-isbirlik-ve-qirim-em-de-ukrainadaki-butun-siyasiy-firqalar-ve-cemaat-teskilatlarinen-dialog-icun-aciq\\\/#primaryimage\",\"url\":\"http:\\\/\\\/qtmm.org\\\/wp-content\\\/uploads\\\/2022\\\/01\\\/1_5.jpeg\",\"contentUrl\":\"http:\\\/\\\/qtmm.org\\\/wp-content\\\/uploads\\\/2022\\\/01\\\/1_5.jpeg\"},{\"@type\":\"BreadcrumbList\",\"@id\":\"https:\\\/\\\/qtmm.org\\\/qt\\\/qirimtatar-halqinin-meclisi-isbirlik-ve-qirim-em-de-ukrainadaki-butun-siyasiy-firqalar-ve-cemaat-teskilatlarinen-dialog-icun-aciq\\\/#breadcrumb\",\"itemListElement\":[{\"@type\":\"ListItem\",\"position\":1,\"name\":\"\u0413\u043e\u043b\u043e\u0432\u043d\u0430\",\"item\":\"https:\\\/\\\/qtmm.org\\\/qt\\\/\"},{\"@type\":\"ListItem\",\"position\":2,\"name\":\"Q\u0131r\u0131mtatar halq\u0131n\u0131\u00f1 Meclisi i\u015fbirlik ve Q\u0131r\u0131m em de Ukrainadaki b\u00fct\u00fcn siyasiy firqalar ve cemaat te\u015fkil\u00e2tlar\u0131nen dialog i\u00e7\u00fcn a\u00e7\u0131q\"}]},{\"@type\":\"WebSite\",\"@id\":\"https:\\\/\\\/qtmm.org\\\/qt\\\/#website\",\"url\":\"https:\\\/\\\/qtmm.org\\\/qt\\\/\",\"name\":\"\u041c\u0435\u0434\u0436\u043b\u0456\u0441\",\"description\":\"\",\"publisher\":{\"@id\":\"https:\\\/\\\/qtmm.org\\\/qt\\\/#organization\"},\"potentialAction\":[{\"@type\":\"SearchAction\",\"target\":{\"@type\":\"EntryPoint\",\"urlTemplate\":\"https:\\\/\\\/qtmm.org\\\/qt\\\/?s={search_term_string}\"},\"query-input\":{\"@type\":\"PropertyValueSpecification\",\"valueRequired\":true,\"valueName\":\"search_term_string\"}}],\"inLanguage\":\"qt\"},{\"@type\":\"Organization\",\"@id\":\"https:\\\/\\\/qtmm.org\\\/qt\\\/#organization\",\"name\":\"\u041c\u0435\u0434\u0436\u043b\u0456\u0441\",\"url\":\"https:\\\/\\\/qtmm.org\\\/qt\\\/\",\"logo\":{\"@type\":\"ImageObject\",\"inLanguage\":\"qt\",\"@id\":\"https:\\\/\\\/qtmm.org\\\/qt\\\/#\\\/schema\\\/logo\\\/image\\\/\",\"url\":\"https:\\\/\\\/qtmm.org\\\/wp-content\\\/uploads\\\/2024\\\/12\\\/ua-mejlis-logo-rgb.svg\",\"contentUrl\":\"https:\\\/\\\/qtmm.org\\\/wp-content\\\/uploads\\\/2024\\\/12\\\/ua-mejlis-logo-rgb.svg\",\"caption\":\"\u041c\u0435\u0434\u0436\u043b\u0456\u0441\"},\"image\":{\"@id\":\"https:\\\/\\\/qtmm.org\\\/qt\\\/#\\\/schema\\\/logo\\\/image\\\/\"},\"sameAs\":[\"https:\\\/\\\/www.facebook.com\\\/qtmm.info\\\/\"]},{\"@type\":\"Person\",\"@id\":\"https:\\\/\\\/qtmm.org\\\/qt\\\/#\\\/schema\\\/person\\\/de562469f971dec226ac06e60bbf74a7\",\"name\":\"Developer\",\"image\":{\"@type\":\"ImageObject\",\"inLanguage\":\"qt\",\"@id\":\"https:\\\/\\\/secure.gravatar.com\\\/avatar\\\/392b4cc8fbfeb00b39dfeeab4ee6edded39ffd48e25858637e4765810300227e?s=96&d=mm&r=g\",\"url\":\"https:\\\/\\\/secure.gravatar.com\\\/avatar\\\/392b4cc8fbfeb00b39dfeeab4ee6edded39ffd48e25858637e4765810300227e?s=96&d=mm&r=g\",\"contentUrl\":\"https:\\\/\\\/secure.gravatar.com\\\/avatar\\\/392b4cc8fbfeb00b39dfeeab4ee6edded39ffd48e25858637e4765810300227e?s=96&d=mm&r=g\",\"caption\":\"Developer\"},\"url\":\"https:\\\/\\\/qtmm.org\\\/qt\\\/author\\\/Developer\\\/\"}]}<\/script>\n<!-- \/ Yoast SEO plugin. -->","yoast_head_json":{"title":"Q\u0131r\u0131mtatar halq\u0131n\u0131\u00f1 Meclisi i\u015fbirlik ve Q\u0131r\u0131m em de Ukrainadaki b\u00fct\u00fcn siyasiy firqalar ve cemaat te\u015fkil\u00e2tlar\u0131nen dialog i\u00e7\u00fcn a\u00e7\u0131q - \u041c\u0435\u0434\u0436\u043b\u0456\u0441","robots":{"index":"index","follow":"follow","max-snippet":"max-snippet:-1","max-image-preview":"max-image-preview:large","max-video-preview":"max-video-preview:-1"},"canonical":"https:\/\/qtmm.org\/qt\/qirimtatar-halqinin-meclisi-isbirlik-ve-qirim-em-de-ukrainadaki-butun-siyasiy-firqalar-ve-cemaat-teskilatlarinen-dialog-icun-aciq\/","og_locale":"en_US","og_type":"article","og_title":"Q\u0131r\u0131mtatar halq\u0131n\u0131\u00f1 Meclisi i\u015fbirlik ve Q\u0131r\u0131m em de Ukrainadaki b\u00fct\u00fcn siyasiy firqalar ve cemaat te\u015fkil\u00e2tlar\u0131nen dialog i\u00e7\u00fcn a\u00e7\u0131q - \u041c\u0435\u0434\u0436\u043b\u0456\u0441","og_description":"Q\u0131r\u0131mtatar halq\u0131 Meclisini\u00f1 ad\u0131na &#8220;Demokrati\u00e7eskiy alyans&#8221; cemaat te\u015fkil\u00e2t\u0131 Q\u0131r\u0131m cumhuriyet b\u00f6l\u00fcgini\u00f1 &#8220;Demokrati\u00e7eskiy alyans&#8221; cemaat te\u015fkil\u00e2t\u0131 K\u00e2tibiyetini\u00f1 sab\u0131q reberi R. \u015eaymardanovn\u0131\u00f1 2011 senesi iy\u00fcl 19 k\u00fcn\u00fc Aqmescitte ol\u0131p ke\u00e7ken matbuat konferentsiyas\u0131nda seslendirgen beyanat\u0131 munasebetinen &#8220;Resmiy reddiye&#8221; keldi. Demokrati\u00e7eskiy alyans&#8221; cemaat te\u015fkil\u00e2t\u0131 Q\u0131r\u0131m cumhuriyet b\u00f6l\u00fcgini\u00f1 reisi Svetlana Yere\u015f\u00e7enko imzala\u011fan mezk\u00fcr &#8220;Resmiy reddiye&#8221;de &#8220;R. \u015eaymardanovn\u0131\u00f1 &#8220;Demokrati\u00e7eskiy alyans&#8221; te\u015fkil\u00e2t\u0131 [&hellip;]","og_url":"https:\/\/qtmm.org\/qt\/qirimtatar-halqinin-meclisi-isbirlik-ve-qirim-em-de-ukrainadaki-butun-siyasiy-firqalar-ve-cemaat-teskilatlarinen-dialog-icun-aciq\/","og_site_name":"\u041c\u0435\u0434\u0436\u043b\u0456\u0441","article_publisher":"https:\/\/www.facebook.com\/qtmm.info\/","article_published_time":"2011-08-03T19:31:00+00:00","article_modified_time":"2022-01-18T19:34:13+00:00","og_image":[{"width":551,"height":174,"url":"https:\/\/qtmm.org\/wp-content\/uploads\/2022\/01\/1_5.jpeg","type":"image\/jpeg"}],"author":"Developer","twitter_card":"summary_large_image","twitter_misc":{"Written by":"Developer","Est. reading time":"2 minutes"},"schema":{"@context":"https:\/\/schema.org","@graph":[{"@type":"Article","@id":"https:\/\/qtmm.org\/qt\/qirimtatar-halqinin-meclisi-isbirlik-ve-qirim-em-de-ukrainadaki-butun-siyasiy-firqalar-ve-cemaat-teskilatlarinen-dialog-icun-aciq\/#article","isPartOf":{"@id":"https:\/\/qtmm.org\/qt\/qirimtatar-halqinin-meclisi-isbirlik-ve-qirim-em-de-ukrainadaki-butun-siyasiy-firqalar-ve-cemaat-teskilatlarinen-dialog-icun-aciq\/"},"author":{"name":"Developer","@id":"https:\/\/qtmm.org\/qt\/#\/schema\/person\/de562469f971dec226ac06e60bbf74a7"},"headline":"Q\u0131r\u0131mtatar halq\u0131n\u0131\u00f1 Meclisi i\u015fbirlik ve Q\u0131r\u0131m em de Ukrainadaki b\u00fct\u00fcn siyasiy firqalar ve cemaat te\u015fkil\u00e2tlar\u0131nen dialog i\u00e7\u00fcn a\u00e7\u0131q","datePublished":"2011-08-03T19:31:00+00:00","dateModified":"2022-01-18T19:34:13+00:00","mainEntityOfPage":{"@id":"https:\/\/qtmm.org\/qt\/qirimtatar-halqinin-meclisi-isbirlik-ve-qirim-em-de-ukrainadaki-butun-siyasiy-firqalar-ve-cemaat-teskilatlarinen-dialog-icun-aciq\/"},"wordCount":527,"commentCount":0,"publisher":{"@id":"https:\/\/qtmm.org\/qt\/#organization"},"image":{"@id":"https:\/\/qtmm.org\/qt\/qirimtatar-halqinin-meclisi-isbirlik-ve-qirim-em-de-ukrainadaki-butun-siyasiy-firqalar-ve-cemaat-teskilatlarinen-dialog-icun-aciq\/#primaryimage"},"thumbnailUrl":"http:\/\/qtmm.org\/wp-content\/uploads\/2022\/01\/1_5.jpeg","articleSection":["Haberler"],"inLanguage":"qt","potentialAction":[{"@type":"CommentAction","name":"Comment","target":["https:\/\/qtmm.org\/qt\/qirimtatar-halqinin-meclisi-isbirlik-ve-qirim-em-de-ukrainadaki-butun-siyasiy-firqalar-ve-cemaat-teskilatlarinen-dialog-icun-aciq\/#respond"]}]},{"@type":"WebPage","@id":"https:\/\/qtmm.org\/qt\/qirimtatar-halqinin-meclisi-isbirlik-ve-qirim-em-de-ukrainadaki-butun-siyasiy-firqalar-ve-cemaat-teskilatlarinen-dialog-icun-aciq\/","url":"https:\/\/qtmm.org\/qt\/qirimtatar-halqinin-meclisi-isbirlik-ve-qirim-em-de-ukrainadaki-butun-siyasiy-firqalar-ve-cemaat-teskilatlarinen-dialog-icun-aciq\/","name":"Q\u0131r\u0131mtatar halq\u0131n\u0131\u00f1 Meclisi i\u015fbirlik ve Q\u0131r\u0131m em de Ukrainadaki b\u00fct\u00fcn siyasiy firqalar ve cemaat te\u015fkil\u00e2tlar\u0131nen dialog i\u00e7\u00fcn a\u00e7\u0131q - \u041c\u0435\u0434\u0436\u043b\u0456\u0441","isPartOf":{"@id":"https:\/\/qtmm.org\/qt\/#website"},"primaryImageOfPage":{"@id":"https:\/\/qtmm.org\/qt\/qirimtatar-halqinin-meclisi-isbirlik-ve-qirim-em-de-ukrainadaki-butun-siyasiy-firqalar-ve-cemaat-teskilatlarinen-dialog-icun-aciq\/#primaryimage"},"image":{"@id":"https:\/\/qtmm.org\/qt\/qirimtatar-halqinin-meclisi-isbirlik-ve-qirim-em-de-ukrainadaki-butun-siyasiy-firqalar-ve-cemaat-teskilatlarinen-dialog-icun-aciq\/#primaryimage"},"thumbnailUrl":"http:\/\/qtmm.org\/wp-content\/uploads\/2022\/01\/1_5.jpeg","datePublished":"2011-08-03T19:31:00+00:00","dateModified":"2022-01-18T19:34:13+00:00","breadcrumb":{"@id":"https:\/\/qtmm.org\/qt\/qirimtatar-halqinin-meclisi-isbirlik-ve-qirim-em-de-ukrainadaki-butun-siyasiy-firqalar-ve-cemaat-teskilatlarinen-dialog-icun-aciq\/#breadcrumb"},"inLanguage":"qt","potentialAction":[{"@type":"ReadAction","target":["https:\/\/qtmm.org\/qt\/qirimtatar-halqinin-meclisi-isbirlik-ve-qirim-em-de-ukrainadaki-butun-siyasiy-firqalar-ve-cemaat-teskilatlarinen-dialog-icun-aciq\/"]}]},{"@type":"ImageObject","inLanguage":"qt","@id":"https:\/\/qtmm.org\/qt\/qirimtatar-halqinin-meclisi-isbirlik-ve-qirim-em-de-ukrainadaki-butun-siyasiy-firqalar-ve-cemaat-teskilatlarinen-dialog-icun-aciq\/#primaryimage","url":"http:\/\/qtmm.org\/wp-content\/uploads\/2022\/01\/1_5.jpeg","contentUrl":"http:\/\/qtmm.org\/wp-content\/uploads\/2022\/01\/1_5.jpeg"},{"@type":"BreadcrumbList","@id":"https:\/\/qtmm.org\/qt\/qirimtatar-halqinin-meclisi-isbirlik-ve-qirim-em-de-ukrainadaki-butun-siyasiy-firqalar-ve-cemaat-teskilatlarinen-dialog-icun-aciq\/#breadcrumb","itemListElement":[{"@type":"ListItem","position":1,"name":"\u0413\u043e\u043b\u043e\u0432\u043d\u0430","item":"https:\/\/qtmm.org\/qt\/"},{"@type":"ListItem","position":2,"name":"Q\u0131r\u0131mtatar halq\u0131n\u0131\u00f1 Meclisi i\u015fbirlik ve Q\u0131r\u0131m em de Ukrainadaki b\u00fct\u00fcn siyasiy firqalar ve cemaat te\u015fkil\u00e2tlar\u0131nen dialog i\u00e7\u00fcn a\u00e7\u0131q"}]},{"@type":"WebSite","@id":"https:\/\/qtmm.org\/qt\/#website","url":"https:\/\/qtmm.org\/qt\/","name":"\u041c\u0435\u0434\u0436\u043b\u0456\u0441","description":"","publisher":{"@id":"https:\/\/qtmm.org\/qt\/#organization"},"potentialAction":[{"@type":"SearchAction","target":{"@type":"EntryPoint","urlTemplate":"https:\/\/qtmm.org\/qt\/?s={search_term_string}"},"query-input":{"@type":"PropertyValueSpecification","valueRequired":true,"valueName":"search_term_string"}}],"inLanguage":"qt"},{"@type":"Organization","@id":"https:\/\/qtmm.org\/qt\/#organization","name":"\u041c\u0435\u0434\u0436\u043b\u0456\u0441","url":"https:\/\/qtmm.org\/qt\/","logo":{"@type":"ImageObject","inLanguage":"qt","@id":"https:\/\/qtmm.org\/qt\/#\/schema\/logo\/image\/","url":"https:\/\/qtmm.org\/wp-content\/uploads\/2024\/12\/ua-mejlis-logo-rgb.svg","contentUrl":"https:\/\/qtmm.org\/wp-content\/uploads\/2024\/12\/ua-mejlis-logo-rgb.svg","caption":"\u041c\u0435\u0434\u0436\u043b\u0456\u0441"},"image":{"@id":"https:\/\/qtmm.org\/qt\/#\/schema\/logo\/image\/"},"sameAs":["https:\/\/www.facebook.com\/qtmm.info\/"]},{"@type":"Person","@id":"https:\/\/qtmm.org\/qt\/#\/schema\/person\/de562469f971dec226ac06e60bbf74a7","name":"Developer","image":{"@type":"ImageObject","inLanguage":"qt","@id":"https:\/\/secure.gravatar.com\/avatar\/392b4cc8fbfeb00b39dfeeab4ee6edded39ffd48e25858637e4765810300227e?s=96&d=mm&r=g","url":"https:\/\/secure.gravatar.com\/avatar\/392b4cc8fbfeb00b39dfeeab4ee6edded39ffd48e25858637e4765810300227e?s=96&d=mm&r=g","contentUrl":"https:\/\/secure.gravatar.com\/avatar\/392b4cc8fbfeb00b39dfeeab4ee6edded39ffd48e25858637e4765810300227e?s=96&d=mm&r=g","caption":"Developer"},"url":"https:\/\/qtmm.org\/qt\/author\/Developer\/"}]}},"_links":{"self":[{"href":"https:\/\/qtmm.org\/qt\/wp-json\/wp\/v2\/posts\/25126","targetHints":{"allow":["GET"]}}],"collection":[{"href":"https:\/\/qtmm.org\/qt\/wp-json\/wp\/v2\/posts"}],"about":[{"href":"https:\/\/qtmm.org\/qt\/wp-json\/wp\/v2\/types\/post"}],"author":[{"embeddable":true,"href":"https:\/\/qtmm.org\/qt\/wp-json\/wp\/v2\/users\/1"}],"replies":[{"embeddable":true,"href":"https:\/\/qtmm.org\/qt\/wp-json\/wp\/v2\/comments?post=25126"}],"version-history":[{"count":1,"href":"https:\/\/qtmm.org\/qt\/wp-json\/wp\/v2\/posts\/25126\/revisions"}],"predecessor-version":[{"id":25131,"href":"https:\/\/qtmm.org\/qt\/wp-json\/wp\/v2\/posts\/25126\/revisions\/25131"}],"wp:attachment":[{"href":"https:\/\/qtmm.org\/qt\/wp-json\/wp\/v2\/media?parent=25126"}],"wp:term":[{"taxonomy":"category","embeddable":true,"href":"https:\/\/qtmm.org\/qt\/wp-json\/wp\/v2\/categories?post=25126"},{"taxonomy":"post_tag","embeddable":true,"href":"https:\/\/qtmm.org\/qt\/wp-json\/wp\/v2\/tags?post=25126"}],"curies":[{"name":"wp","href":"https:\/\/api.w.org\/{rel}","templated":true}]}}