




{"id":25104,"date":"2011-08-01T22:26:00","date_gmt":"2011-08-01T19:26:00","guid":{"rendered":"http:\/\/qtmm.org\/?p=25104"},"modified":"2022-01-18T22:30:55","modified_gmt":"2022-01-18T19:30:55","slug":"meclis-yolbascilari-birlesken-milletler-teskilati-milliy-azliqlarnin-isleri-boyunca-aliy-komissari-ofisinin-hadimlerinen-korustiler","status":"publish","type":"post","link":"https:\/\/qtmm.org\/qt\/meclis-yolbascilari-birlesken-milletler-teskilati-milliy-azliqlarnin-isleri-boyunca-aliy-komissari-ofisinin-hadimlerinen-korustiler\/","title":{"rendered":"Meclis yolba\u015f\u00e7\u0131lar\u0131 Birle\u015fken Milletler Te\u015fkil\u00e2t\u0131 Milliy azl\u0131qlarn\u0131\u00f1 i\u015fleri boyunca Aliy Komissar\u0131 ofisini\u00f1 hadimlerinen k\u00f6r\u00fc\u015ftiler"},"content":{"rendered":"\n<p>2011 senesi avgust 1 k\u00fcn\u00fc Meclisni\u00f1 ofisinde Q\u0131r\u0131mtatar halq\u0131 meclisini\u00f1 reisi Mustafa Cemilev \u00d6BSE Milliy azl\u0131qlarn\u0131\u00f1 i\u015fleri boyunca Aliy Komisssar\u0131n\u0131\u00f1 \u00fcyken mesleat\u00e7\u0131s\u0131 Aleksandr Vinnikov ve adliye meseleleri boyunca mesleat\u00e7\u0131s\u0131 Vinsent de Graf ile k\u00f6r\u00fc\u015fti.<\/p>\n\n\n\n<p>K\u00f6r\u00fc\u015f\u00fcvde bun\u0131\u00f1 kibi de B\u00fct\u00fcnd\u00fcnya q\u0131r\u0131mtatarlar kongressini\u00f1 prezidenti Refat \u00c7ubarov, Meclis t\u0131\u015fq\u0131 al\u00e2qalar boyunca b\u00f6l\u00fcgini\u00f1 ba\u015f\u0131 Ali Hamzin ve Meclis K\u00e2tibiyetini\u00f1 reberi Zair Smedl\u00e2yev de i\u015ftirak ettiler.<\/p>\n\n\n\n<p>Q\u0131r\u0131mtatar halq\u0131n\u0131\u00f1 \u00f6z Vatan\u0131nda aq-uquqlar\u0131n\u0131 \u011fayr\u0131dan tiklev, Ukrainada on\u0131\u00f1 tel\u00fckesizligi ve inki\u015faf\u0131n\u0131 teminlev boyunca Halqara forumn\u0131 az\u0131rlavnen ba\u011fl\u0131 meseleler subetni\u00f1 ba\u015f mevzus\u0131 old\u0131.<\/p>\n\n\n\n<p>Belli ki Halqara forumn\u0131 ke\u00e7ir\u00fcv \u011fayesi ilk defa Q\u0131r\u0131mtatar halq\u0131n\u0131\u00f1 2010 senesi may\u0131s 18 k\u00fcn\u00fc Aqmescitte ke\u00e7irilgen matem mitingini\u00f1 qarar\u0131nda qayd olun\u0131p, so\u00f1undan 2010 senesi avgust 29-da Q\u0131r\u0131mtatar halq\u0131 U \u00e7a\u011f\u0131r\u0131l\u0131\u015f qurultay\u0131n\u0131\u00f1 3-nci sessiyas\u0131nda bu hsusuta ait qarar al\u0131nd\u0131.<\/p>\n\n\n\n<p>&#8220;Meclis reberlerini\u00f1 deyerlik b\u00fct\u00fcn halqara ziyaretleri, Almaniya, Kanada, Poloniya, AQ\u015e, T\u00fcrkiyeni\u00f1 yetek\u00e7i siyaset\u00e7ilerinen, Ukrainada akkreditatsiya yap\u0131l\u011fan bir \u00e7oq diplomatik vek\u00e2letliklerni\u00f1 reberlerinen k\u00f6r\u00fc\u015f\u00fcvler Halqara forum ke\u00e7ir\u00fcv \u011fayesi maqullengenini k\u00f6sterdi..Biz mezk\u00fcr te\u015febb\u00fcsni muzakere et\u00fcvni devam eterek, bizim \u011fayemizge ukrain \u00fck\u00fcmeti de qoltutaca\u011f\u0131n\u0131 bekleymiz&#8221;, &#8211; dedi Meclis reisi Mustafa Cemilev.<\/p>\n\n\n\n<p>Meclis reisini\u00f1 birinci muavini Refat \u00c7ubarovn\u0131\u00f1 aytqan\u0131na k\u00f6re, ukrain akimiyetini\u00f1 Halqara forum boyunca beklev pozitsiyas\u0131 te\u015fkil\u00e2tiy ceryann\u0131 biraz s\u0131\u00f1\u0131rlay, yani forumn\u0131 ke\u00e7ir\u00fcv vaqt\u0131, yeri ve k\u00fcn tertibi daa belli degil. &#8220;Bu munasebetnen biz halqara te\u015fkil\u00e2tlardan, birinci nevbette Birle\u015fken Milletler Te\u015fkil\u00e2t\u0131 Milliy azl\u0131qlarn\u0131\u00f1 i\u015fleri boyunca Aliy Komissar\u0131na yard\u0131m sorap muracaattta bulunam\u0131z. \u00c7\u00fcnki sizi\u00f1 mandatlar\u0131\u00f1\u0131z q\u0131r\u0131mtatarlar problemini\u00f1 \u00e7ezimine yana\u015fmaq ve Ukraina ve q\u0131r\u0131mtatar halq\u0131nen beraber \u00f6z Vatan\u0131na qaytayatqan q\u0131r\u0131mtatarlarn\u0131\u00f1 &#8220;yol haritas\u0131&#8221;n\u0131 tizmek imk\u00e2n\u0131n\u0131 bere&#8221;, dedi B\u00fct\u00fcnd\u00fcnya q\u0131r\u0131mtatarlar kongressini\u00f1 prezidenti Refat \u00c7ubarov.<\/p>\n\n\n\n<p>\u00d6BSE Milliy azl\u0131qlarn\u0131\u00f1 i\u015fleri boyunca Aliy Komisssar\u0131n\u0131\u00f1 \u00fcyken mesleat\u00e7\u0131s\u0131 Aleksandr Vinnikovn\u0131\u00f1 aytqan\u0131na k\u00f6re Aliy komissarn\u0131\u00f1 idaresi Q\u0131r\u0131mdaki vaziyetni daima nezareti alt\u0131nda tuta. &#8220;K\u00f6r\u00fc\u015f\u00fcvimizni\u00f1 neticelerenine biz \u00d6BSE Aliy komissar\u0131 Knut Vollebekni m\u0131tlaqa haberdar etermiz. Biz Halqara forumn\u0131 ke\u00e7ir\u00fcv faydas\u0131na ketirgen delilleri\u00f1iz, hususan q\u0131r\u0131mtatar problemini Ukrainanen beraber \u00e7ezmek husus\u0131ndaki fikirleri\u00f1iz bizni meraqland\u0131rd\u0131&#8221;, &#8211; dediler \u00d6BSE Aliy komissar idaresini\u00f1 vekilleri.<\/p>\n\n\n\n<p>K\u00f6r\u00fc\u015f\u00fcv vaqt\u0131nda bak\u0131l\u011fan diger mevzular aras\u0131nda \u00d6BSE Aliy komissar idaresini\u00f1 vekilleri. Q\u0131r\u0131mda ol\u0131p ke\u00e7ken so\u00f1ki adiseler, \u015fu c\u00fcmleden Kefede ha\u00e7 tiklevnen ba\u011fl\u0131 areketler husus\u0131nda da ayt\u0131ld\u0131. \u00c7\u0131q\u0131\u015fta bulun\u011fan Ali Hamzin ve Zair Smedl\u00e2yev bu adiselerge ketirgen sebeplerni tafsil\u00e2tl\u0131 talil ettiler. Meclis vekillerini\u00f1 fikrince kazak te\u015fkil\u00e2tlar\u0131 yapqan qanun\u011fa z\u0131t bu akts\u00e2ilar Ukrainan\u0131\u00f1 itibar\u0131n\u0131 t\u00fc\u015f\u00fcr\u00fcv ve Q\u0131r\u0131mda vaziyetni kerginle\u015ftirmek maqsad\u0131n\u0131 k\u00f6zde tutalar.<\/p>\n\n\n\n<p>K\u00f6r\u00fc\u015f\u00fcv devam\u0131nda bun\u0131\u00f1 kibi de topraq meselelerini \u00e7ez\u00fcv ve s\u00fcrg\u00fcnlikten qaytqanlarn\u0131 yer ile teminlev problemleri de muzakere etildi.<\/p>\n\n\n\n<figure class=\"wp-block-gallery columns-3 is-cropped wp-block-gallery-1 is-layout-flex wp-block-gallery-is-layout-flex\"><ul class=\"blocks-gallery-grid\"><li class=\"blocks-gallery-item\"><figure><a href=\"http:\/\/qtmm.org\/wp-content\/uploads\/2022\/01\/4e3869e04e4b3.jpeg\"><img loading=\"lazy\" decoding=\"async\" width=\"640\" height=\"480\" src=\"http:\/\/qtmm.org\/wp-content\/uploads\/2022\/01\/4e3869e04e4b3.jpeg\" alt=\"\" data-id=\"25105\" data-full-url=\"http:\/\/qtmm.org\/wp-content\/uploads\/2022\/01\/4e3869e04e4b3.jpeg\" data-link=\"http:\/\/qtmm.org\/qt\/?attachment_id=25105\" class=\"wp-image-25105\" srcset=\"https:\/\/qtmm.org\/wp-content\/uploads\/2022\/01\/4e3869e04e4b3.jpeg 640w, https:\/\/qtmm.org\/wp-content\/uploads\/2022\/01\/4e3869e04e4b3-300x225.jpeg 300w\" sizes=\"auto, (max-width: 640px) 100vw, 640px\" \/><\/a><\/figure><\/li><li class=\"blocks-gallery-item\"><figure><a href=\"http:\/\/qtmm.org\/wp-content\/uploads\/2022\/01\/4e3869e08bd28.jpeg\"><img loading=\"lazy\" decoding=\"async\" width=\"640\" height=\"480\" src=\"http:\/\/qtmm.org\/wp-content\/uploads\/2022\/01\/4e3869e08bd28.jpeg\" alt=\"\" data-id=\"25109\" data-full-url=\"http:\/\/qtmm.org\/wp-content\/uploads\/2022\/01\/4e3869e08bd28.jpeg\" data-link=\"http:\/\/qtmm.org\/qt\/?attachment_id=25109\" class=\"wp-image-25109\" srcset=\"https:\/\/qtmm.org\/wp-content\/uploads\/2022\/01\/4e3869e08bd28.jpeg 640w, https:\/\/qtmm.org\/wp-content\/uploads\/2022\/01\/4e3869e08bd28-300x225.jpeg 300w\" sizes=\"auto, (max-width: 640px) 100vw, 640px\" \/><\/a><\/figure><\/li><li class=\"blocks-gallery-item\"><figure><a href=\"http:\/\/qtmm.org\/wp-content\/uploads\/2022\/01\/4e3869e11eacc.jpeg\"><img loading=\"lazy\" decoding=\"async\" width=\"640\" height=\"480\" src=\"http:\/\/qtmm.org\/wp-content\/uploads\/2022\/01\/4e3869e11eacc.jpeg\" alt=\"\" data-id=\"25113\" data-full-url=\"http:\/\/qtmm.org\/wp-content\/uploads\/2022\/01\/4e3869e11eacc.jpeg\" data-link=\"http:\/\/qtmm.org\/qt\/?attachment_id=25113\" class=\"wp-image-25113\" srcset=\"https:\/\/qtmm.org\/wp-content\/uploads\/2022\/01\/4e3869e11eacc.jpeg 640w, https:\/\/qtmm.org\/wp-content\/uploads\/2022\/01\/4e3869e11eacc-300x225.jpeg 300w\" sizes=\"auto, (max-width: 640px) 100vw, 640px\" \/><\/a><\/figure><\/li><li class=\"blocks-gallery-item\"><figure><a href=\"http:\/\/qtmm.org\/wp-content\/uploads\/2022\/01\/4e3869e015e78.jpeg\"><img loading=\"lazy\" decoding=\"async\" width=\"640\" height=\"480\" src=\"http:\/\/qtmm.org\/wp-content\/uploads\/2022\/01\/4e3869e015e78.jpeg\" alt=\"\" data-id=\"25117\" data-full-url=\"http:\/\/qtmm.org\/wp-content\/uploads\/2022\/01\/4e3869e015e78.jpeg\" data-link=\"http:\/\/qtmm.org\/qt\/?attachment_id=25117\" class=\"wp-image-25117\" srcset=\"https:\/\/qtmm.org\/wp-content\/uploads\/2022\/01\/4e3869e015e78.jpeg 640w, https:\/\/qtmm.org\/wp-content\/uploads\/2022\/01\/4e3869e015e78-300x225.jpeg 300w\" sizes=\"auto, (max-width: 640px) 100vw, 640px\" \/><\/a><\/figure><\/li><li class=\"blocks-gallery-item\"><figure><a href=\"http:\/\/qtmm.org\/wp-content\/uploads\/2022\/01\/4e3869e20629e.jpeg\"><img loading=\"lazy\" decoding=\"async\" width=\"640\" height=\"480\" src=\"http:\/\/qtmm.org\/wp-content\/uploads\/2022\/01\/4e3869e20629e.jpeg\" alt=\"\" data-id=\"25121\" data-full-url=\"http:\/\/qtmm.org\/wp-content\/uploads\/2022\/01\/4e3869e20629e.jpeg\" data-link=\"http:\/\/qtmm.org\/qt\/?attachment_id=25121\" class=\"wp-image-25121\" srcset=\"https:\/\/qtmm.org\/wp-content\/uploads\/2022\/01\/4e3869e20629e.jpeg 640w, https:\/\/qtmm.org\/wp-content\/uploads\/2022\/01\/4e3869e20629e-300x225.jpeg 300w\" sizes=\"auto, (max-width: 640px) 100vw, 640px\" \/><\/a><\/figure><\/li><\/ul><\/figure>\n","protected":false},"excerpt":{"rendered":"<p>2011 senesi avgust 1 k\u00fcn\u00fc Meclisni\u00f1 ofisinde Q\u0131r\u0131mtatar halq\u0131 meclisini\u00f1 reisi Mustafa Cemilev \u00d6BSE Milliy azl\u0131qlarn\u0131\u00f1 i\u015fleri boyunca Aliy Komisssar\u0131n\u0131\u00f1 \u00fcyken mesleat\u00e7\u0131s\u0131 Aleksandr Vinnikov ve adliye meseleleri boyunca mesleat\u00e7\u0131s\u0131 Vinsent de Graf ile k\u00f6r\u00fc\u015fti. K\u00f6r\u00fc\u015f\u00fcvde bun\u0131\u00f1 kibi de B\u00fct\u00fcnd\u00fcnya q\u0131r\u0131mtatarlar kongressini\u00f1 prezidenti Refat \u00c7ubarov, Meclis t\u0131\u015fq\u0131 al\u00e2qalar boyunca b\u00f6l\u00fcgini\u00f1 ba\u015f\u0131 Ali Hamzin ve Meclis K\u00e2tibiyetini\u00f1 [&hellip;]<\/p>\n","protected":false},"author":1,"featured_media":25121,"comment_status":"open","ping_status":"open","sticky":false,"template":"","format":"standard","meta":{"inline_featured_image":false,"footnotes":""},"categories":[265],"tags":[],"class_list":["post-25104","post","type-post","status-publish","format-standard","has-post-thumbnail","hentry","category-haberler"],"acf":[],"yoast_head":"<!-- This site is optimized with the Yoast SEO plugin v27.4 - https:\/\/yoast.com\/product\/yoast-seo-wordpress\/ -->\n<title>Meclis yolba\u015f\u00e7\u0131lar\u0131 Birle\u015fken Milletler Te\u015fkil\u00e2t\u0131 Milliy azl\u0131qlarn\u0131\u00f1 i\u015fleri boyunca Aliy Komissar\u0131 ofisini\u00f1 hadimlerinen k\u00f6r\u00fc\u015ftiler - \u041c\u0435\u0434\u0436\u043b\u0456\u0441<\/title>\n<meta name=\"robots\" content=\"index, follow, max-snippet:-1, max-image-preview:large, max-video-preview:-1\" \/>\n<link rel=\"canonical\" href=\"https:\/\/qtmm.org\/qt\/meclis-yolbascilari-birlesken-milletler-teskilati-milliy-azliqlarnin-isleri-boyunca-aliy-komissari-ofisinin-hadimlerinen-korustiler\/\" \/>\n<meta property=\"og:locale\" content=\"en_US\" \/>\n<meta property=\"og:type\" content=\"article\" \/>\n<meta property=\"og:title\" content=\"Meclis yolba\u015f\u00e7\u0131lar\u0131 Birle\u015fken Milletler Te\u015fkil\u00e2t\u0131 Milliy azl\u0131qlarn\u0131\u00f1 i\u015fleri boyunca Aliy Komissar\u0131 ofisini\u00f1 hadimlerinen k\u00f6r\u00fc\u015ftiler - \u041c\u0435\u0434\u0436\u043b\u0456\u0441\" \/>\n<meta property=\"og:description\" content=\"2011 senesi avgust 1 k\u00fcn\u00fc Meclisni\u00f1 ofisinde Q\u0131r\u0131mtatar halq\u0131 meclisini\u00f1 reisi Mustafa Cemilev \u00d6BSE Milliy azl\u0131qlarn\u0131\u00f1 i\u015fleri boyunca Aliy Komisssar\u0131n\u0131\u00f1 \u00fcyken mesleat\u00e7\u0131s\u0131 Aleksandr Vinnikov ve adliye meseleleri boyunca mesleat\u00e7\u0131s\u0131 Vinsent de Graf ile k\u00f6r\u00fc\u015fti. K\u00f6r\u00fc\u015f\u00fcvde bun\u0131\u00f1 kibi de B\u00fct\u00fcnd\u00fcnya q\u0131r\u0131mtatarlar kongressini\u00f1 prezidenti Refat \u00c7ubarov, Meclis t\u0131\u015fq\u0131 al\u00e2qalar boyunca b\u00f6l\u00fcgini\u00f1 ba\u015f\u0131 Ali Hamzin ve Meclis K\u00e2tibiyetini\u00f1 [&hellip;]\" \/>\n<meta property=\"og:url\" content=\"https:\/\/qtmm.org\/qt\/meclis-yolbascilari-birlesken-milletler-teskilati-milliy-azliqlarnin-isleri-boyunca-aliy-komissari-ofisinin-hadimlerinen-korustiler\/\" \/>\n<meta property=\"og:site_name\" content=\"\u041c\u0435\u0434\u0436\u043b\u0456\u0441\" \/>\n<meta property=\"article:publisher\" content=\"https:\/\/www.facebook.com\/qtmm.info\/\" \/>\n<meta property=\"article:published_time\" content=\"2011-08-01T19:26:00+00:00\" \/>\n<meta property=\"article:modified_time\" content=\"2022-01-18T19:30:55+00:00\" \/>\n<meta property=\"og:image\" content=\"https:\/\/qtmm.org\/wp-content\/uploads\/2022\/01\/4e3869e20629e.jpeg\" \/>\n\t<meta property=\"og:image:width\" content=\"640\" \/>\n\t<meta property=\"og:image:height\" content=\"480\" \/>\n\t<meta property=\"og:image:type\" content=\"image\/jpeg\" \/>\n<meta name=\"author\" content=\"Developer\" \/>\n<meta name=\"twitter:card\" content=\"summary_large_image\" \/>\n<meta name=\"twitter:label1\" content=\"Written by\" \/>\n\t<meta name=\"twitter:data1\" content=\"Developer\" \/>\n\t<meta name=\"twitter:label2\" content=\"Est. reading time\" \/>\n\t<meta name=\"twitter:data2\" content=\"3 minutes\" \/>\n<script type=\"application\/ld+json\" class=\"yoast-schema-graph\">{\"@context\":\"https:\\\/\\\/schema.org\",\"@graph\":[{\"@type\":\"Article\",\"@id\":\"https:\\\/\\\/qtmm.org\\\/qt\\\/meclis-yolbascilari-birlesken-milletler-teskilati-milliy-azliqlarnin-isleri-boyunca-aliy-komissari-ofisinin-hadimlerinen-korustiler\\\/#article\",\"isPartOf\":{\"@id\":\"https:\\\/\\\/qtmm.org\\\/qt\\\/meclis-yolbascilari-birlesken-milletler-teskilati-milliy-azliqlarnin-isleri-boyunca-aliy-komissari-ofisinin-hadimlerinen-korustiler\\\/\"},\"author\":{\"name\":\"Developer\",\"@id\":\"https:\\\/\\\/qtmm.org\\\/qt\\\/#\\\/schema\\\/person\\\/de562469f971dec226ac06e60bbf74a7\"},\"headline\":\"Meclis yolba\u015f\u00e7\u0131lar\u0131 Birle\u015fken Milletler Te\u015fkil\u00e2t\u0131 Milliy azl\u0131qlarn\u0131\u00f1 i\u015fleri boyunca Aliy Komissar\u0131 ofisini\u00f1 hadimlerinen k\u00f6r\u00fc\u015ftiler\",\"datePublished\":\"2011-08-01T19:26:00+00:00\",\"dateModified\":\"2022-01-18T19:30:55+00:00\",\"mainEntityOfPage\":{\"@id\":\"https:\\\/\\\/qtmm.org\\\/qt\\\/meclis-yolbascilari-birlesken-milletler-teskilati-milliy-azliqlarnin-isleri-boyunca-aliy-komissari-ofisinin-hadimlerinen-korustiler\\\/\"},\"wordCount\":569,\"commentCount\":0,\"publisher\":{\"@id\":\"https:\\\/\\\/qtmm.org\\\/qt\\\/#organization\"},\"image\":{\"@id\":\"https:\\\/\\\/qtmm.org\\\/qt\\\/meclis-yolbascilari-birlesken-milletler-teskilati-milliy-azliqlarnin-isleri-boyunca-aliy-komissari-ofisinin-hadimlerinen-korustiler\\\/#primaryimage\"},\"thumbnailUrl\":\"https:\\\/\\\/qtmm.org\\\/wp-content\\\/uploads\\\/2022\\\/01\\\/4e3869e20629e.jpeg\",\"articleSection\":[\"Haberler\"],\"inLanguage\":\"qt\",\"potentialAction\":[{\"@type\":\"CommentAction\",\"name\":\"Comment\",\"target\":[\"https:\\\/\\\/qtmm.org\\\/qt\\\/meclis-yolbascilari-birlesken-milletler-teskilati-milliy-azliqlarnin-isleri-boyunca-aliy-komissari-ofisinin-hadimlerinen-korustiler\\\/#respond\"]}]},{\"@type\":\"WebPage\",\"@id\":\"https:\\\/\\\/qtmm.org\\\/qt\\\/meclis-yolbascilari-birlesken-milletler-teskilati-milliy-azliqlarnin-isleri-boyunca-aliy-komissari-ofisinin-hadimlerinen-korustiler\\\/\",\"url\":\"https:\\\/\\\/qtmm.org\\\/qt\\\/meclis-yolbascilari-birlesken-milletler-teskilati-milliy-azliqlarnin-isleri-boyunca-aliy-komissari-ofisinin-hadimlerinen-korustiler\\\/\",\"name\":\"Meclis yolba\u015f\u00e7\u0131lar\u0131 Birle\u015fken Milletler Te\u015fkil\u00e2t\u0131 Milliy azl\u0131qlarn\u0131\u00f1 i\u015fleri boyunca Aliy Komissar\u0131 ofisini\u00f1 hadimlerinen k\u00f6r\u00fc\u015ftiler - \u041c\u0435\u0434\u0436\u043b\u0456\u0441\",\"isPartOf\":{\"@id\":\"https:\\\/\\\/qtmm.org\\\/qt\\\/#website\"},\"primaryImageOfPage\":{\"@id\":\"https:\\\/\\\/qtmm.org\\\/qt\\\/meclis-yolbascilari-birlesken-milletler-teskilati-milliy-azliqlarnin-isleri-boyunca-aliy-komissari-ofisinin-hadimlerinen-korustiler\\\/#primaryimage\"},\"image\":{\"@id\":\"https:\\\/\\\/qtmm.org\\\/qt\\\/meclis-yolbascilari-birlesken-milletler-teskilati-milliy-azliqlarnin-isleri-boyunca-aliy-komissari-ofisinin-hadimlerinen-korustiler\\\/#primaryimage\"},\"thumbnailUrl\":\"https:\\\/\\\/qtmm.org\\\/wp-content\\\/uploads\\\/2022\\\/01\\\/4e3869e20629e.jpeg\",\"datePublished\":\"2011-08-01T19:26:00+00:00\",\"dateModified\":\"2022-01-18T19:30:55+00:00\",\"breadcrumb\":{\"@id\":\"https:\\\/\\\/qtmm.org\\\/qt\\\/meclis-yolbascilari-birlesken-milletler-teskilati-milliy-azliqlarnin-isleri-boyunca-aliy-komissari-ofisinin-hadimlerinen-korustiler\\\/#breadcrumb\"},\"inLanguage\":\"qt\",\"potentialAction\":[{\"@type\":\"ReadAction\",\"target\":[\"https:\\\/\\\/qtmm.org\\\/qt\\\/meclis-yolbascilari-birlesken-milletler-teskilati-milliy-azliqlarnin-isleri-boyunca-aliy-komissari-ofisinin-hadimlerinen-korustiler\\\/\"]}]},{\"@type\":\"ImageObject\",\"inLanguage\":\"qt\",\"@id\":\"https:\\\/\\\/qtmm.org\\\/qt\\\/meclis-yolbascilari-birlesken-milletler-teskilati-milliy-azliqlarnin-isleri-boyunca-aliy-komissari-ofisinin-hadimlerinen-korustiler\\\/#primaryimage\",\"url\":\"https:\\\/\\\/qtmm.org\\\/wp-content\\\/uploads\\\/2022\\\/01\\\/4e3869e20629e.jpeg\",\"contentUrl\":\"https:\\\/\\\/qtmm.org\\\/wp-content\\\/uploads\\\/2022\\\/01\\\/4e3869e20629e.jpeg\",\"width\":640,\"height\":480},{\"@type\":\"BreadcrumbList\",\"@id\":\"https:\\\/\\\/qtmm.org\\\/qt\\\/meclis-yolbascilari-birlesken-milletler-teskilati-milliy-azliqlarnin-isleri-boyunca-aliy-komissari-ofisinin-hadimlerinen-korustiler\\\/#breadcrumb\",\"itemListElement\":[{\"@type\":\"ListItem\",\"position\":1,\"name\":\"\u0413\u043e\u043b\u043e\u0432\u043d\u0430\",\"item\":\"https:\\\/\\\/qtmm.org\\\/qt\\\/\"},{\"@type\":\"ListItem\",\"position\":2,\"name\":\"Meclis yolba\u015f\u00e7\u0131lar\u0131 Birle\u015fken Milletler Te\u015fkil\u00e2t\u0131 Milliy azl\u0131qlarn\u0131\u00f1 i\u015fleri boyunca Aliy Komissar\u0131 ofisini\u00f1 hadimlerinen k\u00f6r\u00fc\u015ftiler\"}]},{\"@type\":\"WebSite\",\"@id\":\"https:\\\/\\\/qtmm.org\\\/qt\\\/#website\",\"url\":\"https:\\\/\\\/qtmm.org\\\/qt\\\/\",\"name\":\"\u041c\u0435\u0434\u0436\u043b\u0456\u0441\",\"description\":\"\",\"publisher\":{\"@id\":\"https:\\\/\\\/qtmm.org\\\/qt\\\/#organization\"},\"potentialAction\":[{\"@type\":\"SearchAction\",\"target\":{\"@type\":\"EntryPoint\",\"urlTemplate\":\"https:\\\/\\\/qtmm.org\\\/qt\\\/?s={search_term_string}\"},\"query-input\":{\"@type\":\"PropertyValueSpecification\",\"valueRequired\":true,\"valueName\":\"search_term_string\"}}],\"inLanguage\":\"qt\"},{\"@type\":\"Organization\",\"@id\":\"https:\\\/\\\/qtmm.org\\\/qt\\\/#organization\",\"name\":\"\u041c\u0435\u0434\u0436\u043b\u0456\u0441\",\"url\":\"https:\\\/\\\/qtmm.org\\\/qt\\\/\",\"logo\":{\"@type\":\"ImageObject\",\"inLanguage\":\"qt\",\"@id\":\"https:\\\/\\\/qtmm.org\\\/qt\\\/#\\\/schema\\\/logo\\\/image\\\/\",\"url\":\"https:\\\/\\\/qtmm.org\\\/wp-content\\\/uploads\\\/2024\\\/12\\\/ua-mejlis-logo-rgb.svg\",\"contentUrl\":\"https:\\\/\\\/qtmm.org\\\/wp-content\\\/uploads\\\/2024\\\/12\\\/ua-mejlis-logo-rgb.svg\",\"caption\":\"\u041c\u0435\u0434\u0436\u043b\u0456\u0441\"},\"image\":{\"@id\":\"https:\\\/\\\/qtmm.org\\\/qt\\\/#\\\/schema\\\/logo\\\/image\\\/\"},\"sameAs\":[\"https:\\\/\\\/www.facebook.com\\\/qtmm.info\\\/\"]},{\"@type\":\"Person\",\"@id\":\"https:\\\/\\\/qtmm.org\\\/qt\\\/#\\\/schema\\\/person\\\/de562469f971dec226ac06e60bbf74a7\",\"name\":\"Developer\",\"image\":{\"@type\":\"ImageObject\",\"inLanguage\":\"qt\",\"@id\":\"https:\\\/\\\/secure.gravatar.com\\\/avatar\\\/392b4cc8fbfeb00b39dfeeab4ee6edded39ffd48e25858637e4765810300227e?s=96&d=mm&r=g\",\"url\":\"https:\\\/\\\/secure.gravatar.com\\\/avatar\\\/392b4cc8fbfeb00b39dfeeab4ee6edded39ffd48e25858637e4765810300227e?s=96&d=mm&r=g\",\"contentUrl\":\"https:\\\/\\\/secure.gravatar.com\\\/avatar\\\/392b4cc8fbfeb00b39dfeeab4ee6edded39ffd48e25858637e4765810300227e?s=96&d=mm&r=g\",\"caption\":\"Developer\"},\"url\":\"https:\\\/\\\/qtmm.org\\\/qt\\\/author\\\/Developer\\\/\"}]}<\/script>\n<!-- \/ Yoast SEO plugin. -->","yoast_head_json":{"title":"Meclis yolba\u015f\u00e7\u0131lar\u0131 Birle\u015fken Milletler Te\u015fkil\u00e2t\u0131 Milliy azl\u0131qlarn\u0131\u00f1 i\u015fleri boyunca Aliy Komissar\u0131 ofisini\u00f1 hadimlerinen k\u00f6r\u00fc\u015ftiler - \u041c\u0435\u0434\u0436\u043b\u0456\u0441","robots":{"index":"index","follow":"follow","max-snippet":"max-snippet:-1","max-image-preview":"max-image-preview:large","max-video-preview":"max-video-preview:-1"},"canonical":"https:\/\/qtmm.org\/qt\/meclis-yolbascilari-birlesken-milletler-teskilati-milliy-azliqlarnin-isleri-boyunca-aliy-komissari-ofisinin-hadimlerinen-korustiler\/","og_locale":"en_US","og_type":"article","og_title":"Meclis yolba\u015f\u00e7\u0131lar\u0131 Birle\u015fken Milletler Te\u015fkil\u00e2t\u0131 Milliy azl\u0131qlarn\u0131\u00f1 i\u015fleri boyunca Aliy Komissar\u0131 ofisini\u00f1 hadimlerinen k\u00f6r\u00fc\u015ftiler - \u041c\u0435\u0434\u0436\u043b\u0456\u0441","og_description":"2011 senesi avgust 1 k\u00fcn\u00fc Meclisni\u00f1 ofisinde Q\u0131r\u0131mtatar halq\u0131 meclisini\u00f1 reisi Mustafa Cemilev \u00d6BSE Milliy azl\u0131qlarn\u0131\u00f1 i\u015fleri boyunca Aliy Komisssar\u0131n\u0131\u00f1 \u00fcyken mesleat\u00e7\u0131s\u0131 Aleksandr Vinnikov ve adliye meseleleri boyunca mesleat\u00e7\u0131s\u0131 Vinsent de Graf ile k\u00f6r\u00fc\u015fti. K\u00f6r\u00fc\u015f\u00fcvde bun\u0131\u00f1 kibi de B\u00fct\u00fcnd\u00fcnya q\u0131r\u0131mtatarlar kongressini\u00f1 prezidenti Refat \u00c7ubarov, Meclis t\u0131\u015fq\u0131 al\u00e2qalar boyunca b\u00f6l\u00fcgini\u00f1 ba\u015f\u0131 Ali Hamzin ve Meclis K\u00e2tibiyetini\u00f1 [&hellip;]","og_url":"https:\/\/qtmm.org\/qt\/meclis-yolbascilari-birlesken-milletler-teskilati-milliy-azliqlarnin-isleri-boyunca-aliy-komissari-ofisinin-hadimlerinen-korustiler\/","og_site_name":"\u041c\u0435\u0434\u0436\u043b\u0456\u0441","article_publisher":"https:\/\/www.facebook.com\/qtmm.info\/","article_published_time":"2011-08-01T19:26:00+00:00","article_modified_time":"2022-01-18T19:30:55+00:00","og_image":[{"width":640,"height":480,"url":"https:\/\/qtmm.org\/wp-content\/uploads\/2022\/01\/4e3869e20629e.jpeg","type":"image\/jpeg"}],"author":"Developer","twitter_card":"summary_large_image","twitter_misc":{"Written by":"Developer","Est. reading time":"3 minutes"},"schema":{"@context":"https:\/\/schema.org","@graph":[{"@type":"Article","@id":"https:\/\/qtmm.org\/qt\/meclis-yolbascilari-birlesken-milletler-teskilati-milliy-azliqlarnin-isleri-boyunca-aliy-komissari-ofisinin-hadimlerinen-korustiler\/#article","isPartOf":{"@id":"https:\/\/qtmm.org\/qt\/meclis-yolbascilari-birlesken-milletler-teskilati-milliy-azliqlarnin-isleri-boyunca-aliy-komissari-ofisinin-hadimlerinen-korustiler\/"},"author":{"name":"Developer","@id":"https:\/\/qtmm.org\/qt\/#\/schema\/person\/de562469f971dec226ac06e60bbf74a7"},"headline":"Meclis yolba\u015f\u00e7\u0131lar\u0131 Birle\u015fken Milletler Te\u015fkil\u00e2t\u0131 Milliy azl\u0131qlarn\u0131\u00f1 i\u015fleri boyunca Aliy Komissar\u0131 ofisini\u00f1 hadimlerinen k\u00f6r\u00fc\u015ftiler","datePublished":"2011-08-01T19:26:00+00:00","dateModified":"2022-01-18T19:30:55+00:00","mainEntityOfPage":{"@id":"https:\/\/qtmm.org\/qt\/meclis-yolbascilari-birlesken-milletler-teskilati-milliy-azliqlarnin-isleri-boyunca-aliy-komissari-ofisinin-hadimlerinen-korustiler\/"},"wordCount":569,"commentCount":0,"publisher":{"@id":"https:\/\/qtmm.org\/qt\/#organization"},"image":{"@id":"https:\/\/qtmm.org\/qt\/meclis-yolbascilari-birlesken-milletler-teskilati-milliy-azliqlarnin-isleri-boyunca-aliy-komissari-ofisinin-hadimlerinen-korustiler\/#primaryimage"},"thumbnailUrl":"https:\/\/qtmm.org\/wp-content\/uploads\/2022\/01\/4e3869e20629e.jpeg","articleSection":["Haberler"],"inLanguage":"qt","potentialAction":[{"@type":"CommentAction","name":"Comment","target":["https:\/\/qtmm.org\/qt\/meclis-yolbascilari-birlesken-milletler-teskilati-milliy-azliqlarnin-isleri-boyunca-aliy-komissari-ofisinin-hadimlerinen-korustiler\/#respond"]}]},{"@type":"WebPage","@id":"https:\/\/qtmm.org\/qt\/meclis-yolbascilari-birlesken-milletler-teskilati-milliy-azliqlarnin-isleri-boyunca-aliy-komissari-ofisinin-hadimlerinen-korustiler\/","url":"https:\/\/qtmm.org\/qt\/meclis-yolbascilari-birlesken-milletler-teskilati-milliy-azliqlarnin-isleri-boyunca-aliy-komissari-ofisinin-hadimlerinen-korustiler\/","name":"Meclis yolba\u015f\u00e7\u0131lar\u0131 Birle\u015fken Milletler Te\u015fkil\u00e2t\u0131 Milliy azl\u0131qlarn\u0131\u00f1 i\u015fleri boyunca Aliy Komissar\u0131 ofisini\u00f1 hadimlerinen k\u00f6r\u00fc\u015ftiler - \u041c\u0435\u0434\u0436\u043b\u0456\u0441","isPartOf":{"@id":"https:\/\/qtmm.org\/qt\/#website"},"primaryImageOfPage":{"@id":"https:\/\/qtmm.org\/qt\/meclis-yolbascilari-birlesken-milletler-teskilati-milliy-azliqlarnin-isleri-boyunca-aliy-komissari-ofisinin-hadimlerinen-korustiler\/#primaryimage"},"image":{"@id":"https:\/\/qtmm.org\/qt\/meclis-yolbascilari-birlesken-milletler-teskilati-milliy-azliqlarnin-isleri-boyunca-aliy-komissari-ofisinin-hadimlerinen-korustiler\/#primaryimage"},"thumbnailUrl":"https:\/\/qtmm.org\/wp-content\/uploads\/2022\/01\/4e3869e20629e.jpeg","datePublished":"2011-08-01T19:26:00+00:00","dateModified":"2022-01-18T19:30:55+00:00","breadcrumb":{"@id":"https:\/\/qtmm.org\/qt\/meclis-yolbascilari-birlesken-milletler-teskilati-milliy-azliqlarnin-isleri-boyunca-aliy-komissari-ofisinin-hadimlerinen-korustiler\/#breadcrumb"},"inLanguage":"qt","potentialAction":[{"@type":"ReadAction","target":["https:\/\/qtmm.org\/qt\/meclis-yolbascilari-birlesken-milletler-teskilati-milliy-azliqlarnin-isleri-boyunca-aliy-komissari-ofisinin-hadimlerinen-korustiler\/"]}]},{"@type":"ImageObject","inLanguage":"qt","@id":"https:\/\/qtmm.org\/qt\/meclis-yolbascilari-birlesken-milletler-teskilati-milliy-azliqlarnin-isleri-boyunca-aliy-komissari-ofisinin-hadimlerinen-korustiler\/#primaryimage","url":"https:\/\/qtmm.org\/wp-content\/uploads\/2022\/01\/4e3869e20629e.jpeg","contentUrl":"https:\/\/qtmm.org\/wp-content\/uploads\/2022\/01\/4e3869e20629e.jpeg","width":640,"height":480},{"@type":"BreadcrumbList","@id":"https:\/\/qtmm.org\/qt\/meclis-yolbascilari-birlesken-milletler-teskilati-milliy-azliqlarnin-isleri-boyunca-aliy-komissari-ofisinin-hadimlerinen-korustiler\/#breadcrumb","itemListElement":[{"@type":"ListItem","position":1,"name":"\u0413\u043e\u043b\u043e\u0432\u043d\u0430","item":"https:\/\/qtmm.org\/qt\/"},{"@type":"ListItem","position":2,"name":"Meclis yolba\u015f\u00e7\u0131lar\u0131 Birle\u015fken Milletler Te\u015fkil\u00e2t\u0131 Milliy azl\u0131qlarn\u0131\u00f1 i\u015fleri boyunca Aliy Komissar\u0131 ofisini\u00f1 hadimlerinen k\u00f6r\u00fc\u015ftiler"}]},{"@type":"WebSite","@id":"https:\/\/qtmm.org\/qt\/#website","url":"https:\/\/qtmm.org\/qt\/","name":"\u041c\u0435\u0434\u0436\u043b\u0456\u0441","description":"","publisher":{"@id":"https:\/\/qtmm.org\/qt\/#organization"},"potentialAction":[{"@type":"SearchAction","target":{"@type":"EntryPoint","urlTemplate":"https:\/\/qtmm.org\/qt\/?s={search_term_string}"},"query-input":{"@type":"PropertyValueSpecification","valueRequired":true,"valueName":"search_term_string"}}],"inLanguage":"qt"},{"@type":"Organization","@id":"https:\/\/qtmm.org\/qt\/#organization","name":"\u041c\u0435\u0434\u0436\u043b\u0456\u0441","url":"https:\/\/qtmm.org\/qt\/","logo":{"@type":"ImageObject","inLanguage":"qt","@id":"https:\/\/qtmm.org\/qt\/#\/schema\/logo\/image\/","url":"https:\/\/qtmm.org\/wp-content\/uploads\/2024\/12\/ua-mejlis-logo-rgb.svg","contentUrl":"https:\/\/qtmm.org\/wp-content\/uploads\/2024\/12\/ua-mejlis-logo-rgb.svg","caption":"\u041c\u0435\u0434\u0436\u043b\u0456\u0441"},"image":{"@id":"https:\/\/qtmm.org\/qt\/#\/schema\/logo\/image\/"},"sameAs":["https:\/\/www.facebook.com\/qtmm.info\/"]},{"@type":"Person","@id":"https:\/\/qtmm.org\/qt\/#\/schema\/person\/de562469f971dec226ac06e60bbf74a7","name":"Developer","image":{"@type":"ImageObject","inLanguage":"qt","@id":"https:\/\/secure.gravatar.com\/avatar\/392b4cc8fbfeb00b39dfeeab4ee6edded39ffd48e25858637e4765810300227e?s=96&d=mm&r=g","url":"https:\/\/secure.gravatar.com\/avatar\/392b4cc8fbfeb00b39dfeeab4ee6edded39ffd48e25858637e4765810300227e?s=96&d=mm&r=g","contentUrl":"https:\/\/secure.gravatar.com\/avatar\/392b4cc8fbfeb00b39dfeeab4ee6edded39ffd48e25858637e4765810300227e?s=96&d=mm&r=g","caption":"Developer"},"url":"https:\/\/qtmm.org\/qt\/author\/Developer\/"}]}},"_links":{"self":[{"href":"https:\/\/qtmm.org\/qt\/wp-json\/wp\/v2\/posts\/25104","targetHints":{"allow":["GET"]}}],"collection":[{"href":"https:\/\/qtmm.org\/qt\/wp-json\/wp\/v2\/posts"}],"about":[{"href":"https:\/\/qtmm.org\/qt\/wp-json\/wp\/v2\/types\/post"}],"author":[{"embeddable":true,"href":"https:\/\/qtmm.org\/qt\/wp-json\/wp\/v2\/users\/1"}],"replies":[{"embeddable":true,"href":"https:\/\/qtmm.org\/qt\/wp-json\/wp\/v2\/comments?post=25104"}],"version-history":[{"count":1,"href":"https:\/\/qtmm.org\/qt\/wp-json\/wp\/v2\/posts\/25104\/revisions"}],"predecessor-version":[{"id":25125,"href":"https:\/\/qtmm.org\/qt\/wp-json\/wp\/v2\/posts\/25104\/revisions\/25125"}],"wp:featuredmedia":[{"embeddable":true,"href":"https:\/\/qtmm.org\/qt\/wp-json\/wp\/v2\/media\/25121"}],"wp:attachment":[{"href":"https:\/\/qtmm.org\/qt\/wp-json\/wp\/v2\/media?parent=25104"}],"wp:term":[{"taxonomy":"category","embeddable":true,"href":"https:\/\/qtmm.org\/qt\/wp-json\/wp\/v2\/categories?post=25104"},{"taxonomy":"post_tag","embeddable":true,"href":"https:\/\/qtmm.org\/qt\/wp-json\/wp\/v2\/tags?post=25104"}],"curies":[{"name":"wp","href":"https:\/\/api.w.org\/{rel}","templated":true}]}}