




{"id":24231,"date":"2011-06-24T18:12:00","date_gmt":"2011-06-24T15:12:00","guid":{"rendered":"http:\/\/qtmm.org\/?p=24231"},"modified":"2022-01-18T18:13:04","modified_gmt":"2022-01-18T15:13:04","slug":"professor-nikolay-abayev-qirim-tarihinda-geraylar-sulalesinin-muim-roluni-ogrenmege-cagira","status":"publish","type":"post","link":"https:\/\/qtmm.org\/qt\/professor-nikolay-abayev-qirim-tarihinda-geraylar-sulalesinin-muim-roluni-ogrenmege-cagira\/","title":{"rendered":"Professor Nikolay Abayev Q\u0131r\u0131m tarih\u0131nda Geraylar s\u00fcl\u00e2lesini\u00f1 m\u00fcim rol\u00fcni \u00f6grenmege \u00e7a\u011f\u0131ra"},"content":{"rendered":"\n<p>Q\u0131r\u0131mtatar halq\u0131 Meclisi t\u0131\u015fq\u0131 al\u00e2qalar b\u00f6l\u00fcgini\u00f1 ba\u015f\u0131 Ali Hamzin 2011 senesi iy\u00fcn 22 k\u00fcn\u00fc Odessada T\u0131va Devleot Universiteti felsefe kafedras\u0131n\u0131\u00f1 professor\u0131, tarih ilimleri doktor\u0131 Nikolay Abayev ile k\u00f6r\u00fc\u015fti.<\/p>\n\n\n\n<p>Professor Abayev &#8220;Milletler \u00f6m\u00fcri ve faaliyetinde taqvimiy merasimler&#8221; mevzus\u0131nda ke\u00e7irilgen Ekinci halqara ilmiy konferentsiya (Odessa etnografik oquvlar)da i\u015ftirak etmek i\u00e7\u00fcn keldi. \u0130lmiy konferentsiyan\u0131 Ukraina Tasil ve ilim, sport ve gen\u00e7lik nazirligi, \u0130.\u0130. Me\u00e7nikov ad\u0131na Odessa milliy universitetini\u00f1 tarih fakulteti, Odessa vil\u00e2yet devlet memuriyetini\u00f1 milletler ve din i\u015fleri boyunca idaresi ve Ukraina \u00fclke\u015f\u0131naslar\u0131 birligini\u00f1 Odessa b\u00f6l\u00fcgi te\u015fkil ettiler.<\/p>\n\n\n\n<p>Subet devam\u0131nda Q\u0131r\u0131mda q\u0131r\u0131mtatar halq\u0131n\u0131\u00f1 vaziyetine dair meseleler muzakere olund\u0131. Ali Hamzin Q\u0131r\u0131mda professor Bernd fon Drosteni\u00f1 bulun\u011fan\u0131n\u0131 bildirip, Y\u00dcNESKO yetek\u00e7i m\u00fctehass\u0131s\u0131 ol\u011fan alimni\u00f1 ziyareti Y\u00dcNESKO b\u00fct\u00fcnd\u00fcnya variyetini\u00f1 cedvelini az\u0131rlavnen ba\u011fl\u0131 ol\u011fan\u0131 ve belki de bu cedvelge Hansaray da kirsetilir, dedi.<\/p>\n\n\n\n<p>Professor Abayev N.V. faaliyetini t\u00fcrk d\u00fcnyas\u0131n\u0131\u00f1 \u00e7oqas\u0131rl\u0131q demokratik esaslar\u0131nda al\u0131p bar\u011fan Q\u0131r\u0131mtatar halq\u0131 Meclini\u00f1 i\u015fine y\u00fcksek q\u0131ymet kesti. \u00c7ingizhann\u0131\u00f1 tarihiy asabal\u0131\u011f\u0131n\u0131\u00f1 me\u015fur tedqiqat\u00e7\u0131s\u0131 ol\u011fan professor Abayev \u00f6z ara\u015ft\u0131rmalar\u0131nda Q\u0131r\u0131m \u00fck\u00fcmdarlar\u0131n\u0131\u00f1 Geraylar s\u00fcl\u00e2lesini\u00f1 qanuniy devamc\u0131lar\u0131n\u0131 \u00e7ingiziyler olaraq qanunla\u015ft\u0131ruv meselesine b\u00fcy\u00fck emiyet bere. &#8220;Ayn\u0131 bu s\u00fcl\u00e2le 15-18-nci as\u0131rlarda Qarade\u00f1izboyu region\u0131nda geopolitik vaziyetni\u00f1 \u015fekillenmesinde oyna\u011fan b\u00fcy\u00fck rol\u00fc Ukrainan\u0131\u00f1 mustaqil devlet olaraq tiklenmesini teminledi&#8221;, &#8211; dey professor. Abayevni\u00f1 fikrince, bir \u00e7oq as\u0131rlar devam\u0131nda Q\u0131r\u0131m hudud\u0131nda \u00e7e\u015fit milliy medeniyetlerni\u00f1 sintezi ol\u0131p, millet as\u0131l old\u0131. &#8220;Q\u0131r\u0131mtatar halq\u0131n\u0131\u00f1 millet olaraq \u015fekillenmesinde m\u00fcim yerni sibriyal\u0131 skifler ve Merkeziy Asiyan\u0131\u00f1 t\u00fcrk-mo\u011follar\u0131 tutalar&#8221;, &#8211; dep qo\u015fa professor.<\/p>\n\n\n\n<p>Subet devam\u0131nda tedqiqat\u00e7\u0131 alim &#8220;q\u0131r\u0131mtatarlar Q\u0131r\u0131m topra\u011f\u0131nda pek qadim devirlerden ya\u015fap kelgen cemi yani ellinler devrinden ta mo\u011fol-tatar devrine qadar ya\u015fa\u011fan milletlerden as\u0131l ol\u011fanlar&#8221;, dey professor. &#8220;Geraylarn\u0131\u00f1 nesili ve s\u00fcl\u00e2lesi do\u011frudan-do\u011fru \u00c7ingizhann\u0131\u00f1 nesilleri ol\u0131p, bun\u0131\u00f1 kibi de Orta Asiya ve Sayan-Altayda ya\u015fa\u011fan ve tam\u0131rlar\u0131 sibiriya skifleri ve hunnlar\u0131ndan (Hunnlar \u2013 K\u00fcne\u015f halq\u0131) ba\u015flan\u011fan t\u00fcrk halqlar\u0131 zadek\u00e2nlar\u0131n\u0131\u00f1 da \u015feceresinde yer al\u011fanlar&#8221;, dep saya professor Abayev.<\/p>\n\n\n\n<p>Akademikni\u00f1 qayd etkenine k\u00f6re, mo\u011fol-tatar halqlar\u0131n\u0131\u00f1 siyasiy medeniyeti saas\u0131nda \u00e7al\u0131\u015fqan \u015farq\u015f\u0131nas alim ve m\u00fctehass\u0131slarn\u0131\u00f1 fikrince Avraasiya \u00e7ingiziyler tarih\u0131nda yal\u0131\u00f1\u0131z Geraylarn\u0131\u00f1 s\u00fcl\u00e2lesi Q\u0131r\u0131mda 18-nci as\u0131rn\u0131\u00f1 so\u00f1unace \u00fck\u00fcmdarl\u0131q etkeni m\u00fcim bir ald\u0131r. &#8220;Tarihiy \u00f6l\u00e7\u00fclerge k\u00f6re bu daa yaq\u0131nda, &#8220;t\u00fcnevin&#8221; ol\u011fan\u0131 kibidir&#8221;, &#8211; dedi akademik Abayev. &#8220;M\u00fcimi \u015funda ki, \u00e7ingiziyler tarih\u0131nda iz qald\u0131r\u011fan Geraylar s\u00fcl\u00e2lesini\u00f1 bug\u00fcnde-bug\u00fcn saqlan\u0131p qal\u011fan nesilleri belli s\u00fcl\u00e2le Evleri taraf\u0131ndan tan\u0131lmaqtalar&#8221;, &#8211; devam ete alim.<\/p>\n\n\n\n<p>Akademik \u00c7ingizhan s\u00fcl\u00e2lesi vekillerini\u00f1 Qurultay\u0131n\u0131 ke\u00e7irmek te\u015febb\u00fcsinen \u00e7\u0131q\u0131p, bu vaqia Avraasiya medeniyetini\u00f1 inki\u015faf\u0131nda mezk\u00fcr s\u00fcl\u00e2leni\u00f1 tarihiy rol\u00fcni \u00f6grenmek i\u00e7\u00fcn ya\u00f1\u0131 k\u00fc\u00e7l\u00fc siltem olaca\u011f\u0131na emin. Nikolay Abayev q\u0131r\u0131ml\u0131 tarih\u00e7\u0131lar Q\u0131r\u0131mda Geraylarn\u0131\u00f1 tarihiy royuni tedqiq et\u00fcv i\u015finden \u00e7ette qalmamaq kerekler, dep saya.<\/p>\n\n\n\n<p>K\u00f6r\u00fc\u015f\u00fcvni\u00f1 so\u00f1unda Ali Hamzin professor Abayevni Q\u0131r\u0131m\u011fa davet etti.<br><br><em>Mal\u00fcmat:<\/em>&nbsp;Nikolay Abayev \u2013 T\u0131va devlet universiteti felsefe kafedras\u0131n\u0131\u00f1 professor\u0131, tarih ilimleri doktor\u0131, &#8220;k\u00f6\u00e7ebe&#8221; medeniyetler laboratoriyas\u0131n\u0131\u00f1 m\u00fcdiri, Rusiye \u0130\u00e7timaiy ilimler akademiyas\u0131n\u0131\u00f1 ve Ny\u00fc-Yorktaki Halqara informatizatsiya akademiyas\u0131n\u0131\u00f1 akademigi, Rusiye SANGH\u0130 ananeviy b\u00fcddizm institut\u0131 b\u00fcddiylik felsefesini\u00f1 fahriy doktor\u0131, T\u0131va Cumhuriyeti Aliy Hural Vekilleri palatas\u0131n\u0131\u00f1 deputat\u0131, Rusiye i\u00e7timaiy ilimler akademiyas\u0131n\u0131\u00f1 akademigi, T\u0131va Cumhuriyetinde h\u0131zmet k\u00f6stergen ilim erbab\u0131d\u0131r. T\u0131va Cumhuriyetini\u00f1 Q\u0131z\u0131l \u015feerinde ya\u015fay.<br>&nbsp;<\/p>\n","protected":false},"excerpt":{"rendered":"<p>Q\u0131r\u0131mtatar halq\u0131 Meclisi t\u0131\u015fq\u0131 al\u00e2qalar b\u00f6l\u00fcgini\u00f1 ba\u015f\u0131 Ali Hamzin 2011 senesi iy\u00fcn 22 k\u00fcn\u00fc Odessada T\u0131va Devleot Universiteti felsefe kafedras\u0131n\u0131\u00f1 professor\u0131, tarih ilimleri doktor\u0131 Nikolay Abayev ile k\u00f6r\u00fc\u015fti. Professor Abayev &#8220;Milletler \u00f6m\u00fcri ve faaliyetinde taqvimiy merasimler&#8221; mevzus\u0131nda ke\u00e7irilgen Ekinci halqara ilmiy konferentsiya (Odessa etnografik oquvlar)da i\u015ftirak etmek i\u00e7\u00fcn keldi. \u0130lmiy konferentsiyan\u0131 Ukraina Tasil ve ilim, [&hellip;]<\/p>\n","protected":false},"author":1,"featured_media":0,"comment_status":"open","ping_status":"open","sticky":false,"template":"","format":"standard","meta":{"inline_featured_image":false,"footnotes":""},"categories":[265],"tags":[],"class_list":["post-24231","post","type-post","status-publish","format-standard","hentry","category-haberler"],"acf":[],"yoast_head":"<!-- This site is optimized with the Yoast SEO plugin v27.4 - https:\/\/yoast.com\/product\/yoast-seo-wordpress\/ -->\n<title>Professor Nikolay Abayev Q\u0131r\u0131m tarih\u0131nda Geraylar s\u00fcl\u00e2lesini\u00f1 m\u00fcim rol\u00fcni \u00f6grenmege \u00e7a\u011f\u0131ra - \u041c\u0435\u0434\u0436\u043b\u0456\u0441<\/title>\n<meta name=\"robots\" content=\"index, follow, max-snippet:-1, max-image-preview:large, max-video-preview:-1\" \/>\n<link rel=\"canonical\" href=\"https:\/\/qtmm.org\/qt\/professor-nikolay-abayev-qirim-tarihinda-geraylar-sulalesinin-muim-roluni-ogrenmege-cagira\/\" \/>\n<meta property=\"og:locale\" content=\"en_US\" \/>\n<meta property=\"og:type\" content=\"article\" \/>\n<meta property=\"og:title\" content=\"Professor Nikolay Abayev Q\u0131r\u0131m tarih\u0131nda Geraylar s\u00fcl\u00e2lesini\u00f1 m\u00fcim rol\u00fcni \u00f6grenmege \u00e7a\u011f\u0131ra - \u041c\u0435\u0434\u0436\u043b\u0456\u0441\" \/>\n<meta property=\"og:description\" content=\"Q\u0131r\u0131mtatar halq\u0131 Meclisi t\u0131\u015fq\u0131 al\u00e2qalar b\u00f6l\u00fcgini\u00f1 ba\u015f\u0131 Ali Hamzin 2011 senesi iy\u00fcn 22 k\u00fcn\u00fc Odessada T\u0131va Devleot Universiteti felsefe kafedras\u0131n\u0131\u00f1 professor\u0131, tarih ilimleri doktor\u0131 Nikolay Abayev ile k\u00f6r\u00fc\u015fti. Professor Abayev &#8220;Milletler \u00f6m\u00fcri ve faaliyetinde taqvimiy merasimler&#8221; mevzus\u0131nda ke\u00e7irilgen Ekinci halqara ilmiy konferentsiya (Odessa etnografik oquvlar)da i\u015ftirak etmek i\u00e7\u00fcn keldi. \u0130lmiy konferentsiyan\u0131 Ukraina Tasil ve ilim, [&hellip;]\" \/>\n<meta property=\"og:url\" content=\"https:\/\/qtmm.org\/qt\/professor-nikolay-abayev-qirim-tarihinda-geraylar-sulalesinin-muim-roluni-ogrenmege-cagira\/\" \/>\n<meta property=\"og:site_name\" content=\"\u041c\u0435\u0434\u0436\u043b\u0456\u0441\" \/>\n<meta property=\"article:publisher\" content=\"https:\/\/www.facebook.com\/qtmm.info\/\" \/>\n<meta property=\"article:published_time\" content=\"2011-06-24T15:12:00+00:00\" \/>\n<meta property=\"article:modified_time\" content=\"2022-01-18T15:13:04+00:00\" \/>\n<meta name=\"author\" content=\"Developer\" \/>\n<meta name=\"twitter:card\" content=\"summary_large_image\" \/>\n<meta name=\"twitter:label1\" content=\"Written by\" \/>\n\t<meta name=\"twitter:data1\" content=\"Developer\" \/>\n\t<meta name=\"twitter:label2\" content=\"Est. reading time\" \/>\n\t<meta name=\"twitter:data2\" content=\"3 minutes\" \/>\n<script type=\"application\/ld+json\" class=\"yoast-schema-graph\">{\"@context\":\"https:\\\/\\\/schema.org\",\"@graph\":[{\"@type\":\"Article\",\"@id\":\"https:\\\/\\\/qtmm.org\\\/qt\\\/professor-nikolay-abayev-qirim-tarihinda-geraylar-sulalesinin-muim-roluni-ogrenmege-cagira\\\/#article\",\"isPartOf\":{\"@id\":\"https:\\\/\\\/qtmm.org\\\/qt\\\/professor-nikolay-abayev-qirim-tarihinda-geraylar-sulalesinin-muim-roluni-ogrenmege-cagira\\\/\"},\"author\":{\"name\":\"Developer\",\"@id\":\"https:\\\/\\\/qtmm.org\\\/qt\\\/#\\\/schema\\\/person\\\/de562469f971dec226ac06e60bbf74a7\"},\"headline\":\"Professor Nikolay Abayev Q\u0131r\u0131m tarih\u0131nda Geraylar s\u00fcl\u00e2lesini\u00f1 m\u00fcim rol\u00fcni \u00f6grenmege \u00e7a\u011f\u0131ra\",\"datePublished\":\"2011-06-24T15:12:00+00:00\",\"dateModified\":\"2022-01-18T15:13:04+00:00\",\"mainEntityOfPage\":{\"@id\":\"https:\\\/\\\/qtmm.org\\\/qt\\\/professor-nikolay-abayev-qirim-tarihinda-geraylar-sulalesinin-muim-roluni-ogrenmege-cagira\\\/\"},\"wordCount\":702,\"commentCount\":0,\"publisher\":{\"@id\":\"https:\\\/\\\/qtmm.org\\\/qt\\\/#organization\"},\"articleSection\":[\"Haberler\"],\"inLanguage\":\"qt\",\"potentialAction\":[{\"@type\":\"CommentAction\",\"name\":\"Comment\",\"target\":[\"https:\\\/\\\/qtmm.org\\\/qt\\\/professor-nikolay-abayev-qirim-tarihinda-geraylar-sulalesinin-muim-roluni-ogrenmege-cagira\\\/#respond\"]}]},{\"@type\":\"WebPage\",\"@id\":\"https:\\\/\\\/qtmm.org\\\/qt\\\/professor-nikolay-abayev-qirim-tarihinda-geraylar-sulalesinin-muim-roluni-ogrenmege-cagira\\\/\",\"url\":\"https:\\\/\\\/qtmm.org\\\/qt\\\/professor-nikolay-abayev-qirim-tarihinda-geraylar-sulalesinin-muim-roluni-ogrenmege-cagira\\\/\",\"name\":\"Professor Nikolay Abayev Q\u0131r\u0131m tarih\u0131nda Geraylar s\u00fcl\u00e2lesini\u00f1 m\u00fcim rol\u00fcni \u00f6grenmege \u00e7a\u011f\u0131ra - \u041c\u0435\u0434\u0436\u043b\u0456\u0441\",\"isPartOf\":{\"@id\":\"https:\\\/\\\/qtmm.org\\\/qt\\\/#website\"},\"datePublished\":\"2011-06-24T15:12:00+00:00\",\"dateModified\":\"2022-01-18T15:13:04+00:00\",\"breadcrumb\":{\"@id\":\"https:\\\/\\\/qtmm.org\\\/qt\\\/professor-nikolay-abayev-qirim-tarihinda-geraylar-sulalesinin-muim-roluni-ogrenmege-cagira\\\/#breadcrumb\"},\"inLanguage\":\"qt\",\"potentialAction\":[{\"@type\":\"ReadAction\",\"target\":[\"https:\\\/\\\/qtmm.org\\\/qt\\\/professor-nikolay-abayev-qirim-tarihinda-geraylar-sulalesinin-muim-roluni-ogrenmege-cagira\\\/\"]}]},{\"@type\":\"BreadcrumbList\",\"@id\":\"https:\\\/\\\/qtmm.org\\\/qt\\\/professor-nikolay-abayev-qirim-tarihinda-geraylar-sulalesinin-muim-roluni-ogrenmege-cagira\\\/#breadcrumb\",\"itemListElement\":[{\"@type\":\"ListItem\",\"position\":1,\"name\":\"\u0413\u043e\u043b\u043e\u0432\u043d\u0430\",\"item\":\"https:\\\/\\\/qtmm.org\\\/qt\\\/\"},{\"@type\":\"ListItem\",\"position\":2,\"name\":\"Professor Nikolay Abayev Q\u0131r\u0131m tarih\u0131nda Geraylar s\u00fcl\u00e2lesini\u00f1 m\u00fcim rol\u00fcni \u00f6grenmege \u00e7a\u011f\u0131ra\"}]},{\"@type\":\"WebSite\",\"@id\":\"https:\\\/\\\/qtmm.org\\\/qt\\\/#website\",\"url\":\"https:\\\/\\\/qtmm.org\\\/qt\\\/\",\"name\":\"\u041c\u0435\u0434\u0436\u043b\u0456\u0441\",\"description\":\"\",\"publisher\":{\"@id\":\"https:\\\/\\\/qtmm.org\\\/qt\\\/#organization\"},\"potentialAction\":[{\"@type\":\"SearchAction\",\"target\":{\"@type\":\"EntryPoint\",\"urlTemplate\":\"https:\\\/\\\/qtmm.org\\\/qt\\\/?s={search_term_string}\"},\"query-input\":{\"@type\":\"PropertyValueSpecification\",\"valueRequired\":true,\"valueName\":\"search_term_string\"}}],\"inLanguage\":\"qt\"},{\"@type\":\"Organization\",\"@id\":\"https:\\\/\\\/qtmm.org\\\/qt\\\/#organization\",\"name\":\"\u041c\u0435\u0434\u0436\u043b\u0456\u0441\",\"url\":\"https:\\\/\\\/qtmm.org\\\/qt\\\/\",\"logo\":{\"@type\":\"ImageObject\",\"inLanguage\":\"qt\",\"@id\":\"https:\\\/\\\/qtmm.org\\\/qt\\\/#\\\/schema\\\/logo\\\/image\\\/\",\"url\":\"https:\\\/\\\/qtmm.org\\\/wp-content\\\/uploads\\\/2024\\\/12\\\/ua-mejlis-logo-rgb.svg\",\"contentUrl\":\"https:\\\/\\\/qtmm.org\\\/wp-content\\\/uploads\\\/2024\\\/12\\\/ua-mejlis-logo-rgb.svg\",\"caption\":\"\u041c\u0435\u0434\u0436\u043b\u0456\u0441\"},\"image\":{\"@id\":\"https:\\\/\\\/qtmm.org\\\/qt\\\/#\\\/schema\\\/logo\\\/image\\\/\"},\"sameAs\":[\"https:\\\/\\\/www.facebook.com\\\/qtmm.info\\\/\"]},{\"@type\":\"Person\",\"@id\":\"https:\\\/\\\/qtmm.org\\\/qt\\\/#\\\/schema\\\/person\\\/de562469f971dec226ac06e60bbf74a7\",\"name\":\"Developer\",\"image\":{\"@type\":\"ImageObject\",\"inLanguage\":\"qt\",\"@id\":\"https:\\\/\\\/secure.gravatar.com\\\/avatar\\\/392b4cc8fbfeb00b39dfeeab4ee6edded39ffd48e25858637e4765810300227e?s=96&d=mm&r=g\",\"url\":\"https:\\\/\\\/secure.gravatar.com\\\/avatar\\\/392b4cc8fbfeb00b39dfeeab4ee6edded39ffd48e25858637e4765810300227e?s=96&d=mm&r=g\",\"contentUrl\":\"https:\\\/\\\/secure.gravatar.com\\\/avatar\\\/392b4cc8fbfeb00b39dfeeab4ee6edded39ffd48e25858637e4765810300227e?s=96&d=mm&r=g\",\"caption\":\"Developer\"},\"url\":\"https:\\\/\\\/qtmm.org\\\/qt\\\/author\\\/Developer\\\/\"}]}<\/script>\n<!-- \/ Yoast SEO plugin. -->","yoast_head_json":{"title":"Professor Nikolay Abayev Q\u0131r\u0131m tarih\u0131nda Geraylar s\u00fcl\u00e2lesini\u00f1 m\u00fcim rol\u00fcni \u00f6grenmege \u00e7a\u011f\u0131ra - \u041c\u0435\u0434\u0436\u043b\u0456\u0441","robots":{"index":"index","follow":"follow","max-snippet":"max-snippet:-1","max-image-preview":"max-image-preview:large","max-video-preview":"max-video-preview:-1"},"canonical":"https:\/\/qtmm.org\/qt\/professor-nikolay-abayev-qirim-tarihinda-geraylar-sulalesinin-muim-roluni-ogrenmege-cagira\/","og_locale":"en_US","og_type":"article","og_title":"Professor Nikolay Abayev Q\u0131r\u0131m tarih\u0131nda Geraylar s\u00fcl\u00e2lesini\u00f1 m\u00fcim rol\u00fcni \u00f6grenmege \u00e7a\u011f\u0131ra - \u041c\u0435\u0434\u0436\u043b\u0456\u0441","og_description":"Q\u0131r\u0131mtatar halq\u0131 Meclisi t\u0131\u015fq\u0131 al\u00e2qalar b\u00f6l\u00fcgini\u00f1 ba\u015f\u0131 Ali Hamzin 2011 senesi iy\u00fcn 22 k\u00fcn\u00fc Odessada T\u0131va Devleot Universiteti felsefe kafedras\u0131n\u0131\u00f1 professor\u0131, tarih ilimleri doktor\u0131 Nikolay Abayev ile k\u00f6r\u00fc\u015fti. Professor Abayev &#8220;Milletler \u00f6m\u00fcri ve faaliyetinde taqvimiy merasimler&#8221; mevzus\u0131nda ke\u00e7irilgen Ekinci halqara ilmiy konferentsiya (Odessa etnografik oquvlar)da i\u015ftirak etmek i\u00e7\u00fcn keldi. \u0130lmiy konferentsiyan\u0131 Ukraina Tasil ve ilim, [&hellip;]","og_url":"https:\/\/qtmm.org\/qt\/professor-nikolay-abayev-qirim-tarihinda-geraylar-sulalesinin-muim-roluni-ogrenmege-cagira\/","og_site_name":"\u041c\u0435\u0434\u0436\u043b\u0456\u0441","article_publisher":"https:\/\/www.facebook.com\/qtmm.info\/","article_published_time":"2011-06-24T15:12:00+00:00","article_modified_time":"2022-01-18T15:13:04+00:00","author":"Developer","twitter_card":"summary_large_image","twitter_misc":{"Written by":"Developer","Est. reading time":"3 minutes"},"schema":{"@context":"https:\/\/schema.org","@graph":[{"@type":"Article","@id":"https:\/\/qtmm.org\/qt\/professor-nikolay-abayev-qirim-tarihinda-geraylar-sulalesinin-muim-roluni-ogrenmege-cagira\/#article","isPartOf":{"@id":"https:\/\/qtmm.org\/qt\/professor-nikolay-abayev-qirim-tarihinda-geraylar-sulalesinin-muim-roluni-ogrenmege-cagira\/"},"author":{"name":"Developer","@id":"https:\/\/qtmm.org\/qt\/#\/schema\/person\/de562469f971dec226ac06e60bbf74a7"},"headline":"Professor Nikolay Abayev Q\u0131r\u0131m tarih\u0131nda Geraylar s\u00fcl\u00e2lesini\u00f1 m\u00fcim rol\u00fcni \u00f6grenmege \u00e7a\u011f\u0131ra","datePublished":"2011-06-24T15:12:00+00:00","dateModified":"2022-01-18T15:13:04+00:00","mainEntityOfPage":{"@id":"https:\/\/qtmm.org\/qt\/professor-nikolay-abayev-qirim-tarihinda-geraylar-sulalesinin-muim-roluni-ogrenmege-cagira\/"},"wordCount":702,"commentCount":0,"publisher":{"@id":"https:\/\/qtmm.org\/qt\/#organization"},"articleSection":["Haberler"],"inLanguage":"qt","potentialAction":[{"@type":"CommentAction","name":"Comment","target":["https:\/\/qtmm.org\/qt\/professor-nikolay-abayev-qirim-tarihinda-geraylar-sulalesinin-muim-roluni-ogrenmege-cagira\/#respond"]}]},{"@type":"WebPage","@id":"https:\/\/qtmm.org\/qt\/professor-nikolay-abayev-qirim-tarihinda-geraylar-sulalesinin-muim-roluni-ogrenmege-cagira\/","url":"https:\/\/qtmm.org\/qt\/professor-nikolay-abayev-qirim-tarihinda-geraylar-sulalesinin-muim-roluni-ogrenmege-cagira\/","name":"Professor Nikolay Abayev Q\u0131r\u0131m tarih\u0131nda Geraylar s\u00fcl\u00e2lesini\u00f1 m\u00fcim rol\u00fcni \u00f6grenmege \u00e7a\u011f\u0131ra - \u041c\u0435\u0434\u0436\u043b\u0456\u0441","isPartOf":{"@id":"https:\/\/qtmm.org\/qt\/#website"},"datePublished":"2011-06-24T15:12:00+00:00","dateModified":"2022-01-18T15:13:04+00:00","breadcrumb":{"@id":"https:\/\/qtmm.org\/qt\/professor-nikolay-abayev-qirim-tarihinda-geraylar-sulalesinin-muim-roluni-ogrenmege-cagira\/#breadcrumb"},"inLanguage":"qt","potentialAction":[{"@type":"ReadAction","target":["https:\/\/qtmm.org\/qt\/professor-nikolay-abayev-qirim-tarihinda-geraylar-sulalesinin-muim-roluni-ogrenmege-cagira\/"]}]},{"@type":"BreadcrumbList","@id":"https:\/\/qtmm.org\/qt\/professor-nikolay-abayev-qirim-tarihinda-geraylar-sulalesinin-muim-roluni-ogrenmege-cagira\/#breadcrumb","itemListElement":[{"@type":"ListItem","position":1,"name":"\u0413\u043e\u043b\u043e\u0432\u043d\u0430","item":"https:\/\/qtmm.org\/qt\/"},{"@type":"ListItem","position":2,"name":"Professor Nikolay Abayev Q\u0131r\u0131m tarih\u0131nda Geraylar s\u00fcl\u00e2lesini\u00f1 m\u00fcim rol\u00fcni \u00f6grenmege \u00e7a\u011f\u0131ra"}]},{"@type":"WebSite","@id":"https:\/\/qtmm.org\/qt\/#website","url":"https:\/\/qtmm.org\/qt\/","name":"\u041c\u0435\u0434\u0436\u043b\u0456\u0441","description":"","publisher":{"@id":"https:\/\/qtmm.org\/qt\/#organization"},"potentialAction":[{"@type":"SearchAction","target":{"@type":"EntryPoint","urlTemplate":"https:\/\/qtmm.org\/qt\/?s={search_term_string}"},"query-input":{"@type":"PropertyValueSpecification","valueRequired":true,"valueName":"search_term_string"}}],"inLanguage":"qt"},{"@type":"Organization","@id":"https:\/\/qtmm.org\/qt\/#organization","name":"\u041c\u0435\u0434\u0436\u043b\u0456\u0441","url":"https:\/\/qtmm.org\/qt\/","logo":{"@type":"ImageObject","inLanguage":"qt","@id":"https:\/\/qtmm.org\/qt\/#\/schema\/logo\/image\/","url":"https:\/\/qtmm.org\/wp-content\/uploads\/2024\/12\/ua-mejlis-logo-rgb.svg","contentUrl":"https:\/\/qtmm.org\/wp-content\/uploads\/2024\/12\/ua-mejlis-logo-rgb.svg","caption":"\u041c\u0435\u0434\u0436\u043b\u0456\u0441"},"image":{"@id":"https:\/\/qtmm.org\/qt\/#\/schema\/logo\/image\/"},"sameAs":["https:\/\/www.facebook.com\/qtmm.info\/"]},{"@type":"Person","@id":"https:\/\/qtmm.org\/qt\/#\/schema\/person\/de562469f971dec226ac06e60bbf74a7","name":"Developer","image":{"@type":"ImageObject","inLanguage":"qt","@id":"https:\/\/secure.gravatar.com\/avatar\/392b4cc8fbfeb00b39dfeeab4ee6edded39ffd48e25858637e4765810300227e?s=96&d=mm&r=g","url":"https:\/\/secure.gravatar.com\/avatar\/392b4cc8fbfeb00b39dfeeab4ee6edded39ffd48e25858637e4765810300227e?s=96&d=mm&r=g","contentUrl":"https:\/\/secure.gravatar.com\/avatar\/392b4cc8fbfeb00b39dfeeab4ee6edded39ffd48e25858637e4765810300227e?s=96&d=mm&r=g","caption":"Developer"},"url":"https:\/\/qtmm.org\/qt\/author\/Developer\/"}]}},"_links":{"self":[{"href":"https:\/\/qtmm.org\/qt\/wp-json\/wp\/v2\/posts\/24231","targetHints":{"allow":["GET"]}}],"collection":[{"href":"https:\/\/qtmm.org\/qt\/wp-json\/wp\/v2\/posts"}],"about":[{"href":"https:\/\/qtmm.org\/qt\/wp-json\/wp\/v2\/types\/post"}],"author":[{"embeddable":true,"href":"https:\/\/qtmm.org\/qt\/wp-json\/wp\/v2\/users\/1"}],"replies":[{"embeddable":true,"href":"https:\/\/qtmm.org\/qt\/wp-json\/wp\/v2\/comments?post=24231"}],"version-history":[{"count":1,"href":"https:\/\/qtmm.org\/qt\/wp-json\/wp\/v2\/posts\/24231\/revisions"}],"predecessor-version":[{"id":24232,"href":"https:\/\/qtmm.org\/qt\/wp-json\/wp\/v2\/posts\/24231\/revisions\/24232"}],"wp:attachment":[{"href":"https:\/\/qtmm.org\/qt\/wp-json\/wp\/v2\/media?parent=24231"}],"wp:term":[{"taxonomy":"category","embeddable":true,"href":"https:\/\/qtmm.org\/qt\/wp-json\/wp\/v2\/categories?post=24231"},{"taxonomy":"post_tag","embeddable":true,"href":"https:\/\/qtmm.org\/qt\/wp-json\/wp\/v2\/tags?post=24231"}],"curies":[{"name":"wp","href":"https:\/\/api.w.org\/{rel}","templated":true}]}}