




{"id":24203,"date":"2011-06-22T18:07:00","date_gmt":"2011-06-22T15:07:00","guid":{"rendered":"http:\/\/qtmm.org\/?p=24203"},"modified":"2022-01-18T18:10:14","modified_gmt":"2022-01-18T15:10:14","slug":"qirim-turkleri-medeniyet-ve-yardimlasuv-cemiyeti-merkezinin-delegatsiyasi-qirimtatar-halqi-milliy-meclisinin-reisi-mustafa-cemilevnen-korusti","status":"publish","type":"post","link":"https:\/\/qtmm.org\/qt\/qirim-turkleri-medeniyet-ve-yardimlasuv-cemiyeti-merkezinin-delegatsiyasi-qirimtatar-halqi-milliy-meclisinin-reisi-mustafa-cemilevnen-korusti\/","title":{"rendered":"Qirim T\u00fcrkleri medeniyet ve yardimla\u015fuv cemiyeti merkezini\u00f1 delegatsiyasi qirimtatar halqi Milliy Meclisini\u00f1 reisi Mustafa Cemilevnen k\u00f6r\u00fc\u015fti"},"content":{"rendered":"\n<p>2011 senesi iy\u00fcn 21 k\u00fcn\u00fc Q\u0131r\u0131mtatar halq\u0131 Milliy Meclisini\u00f1 reisi Mustafa Cemilev, on\u0131\u00f1 birinci muavini, B\u00fct\u00fcnd\u00fcnya q\u0131r\u0131mtatarlar kongressini\u00f1 prezidenti Refat \u00c7ubarov Q\u0131r\u0131m t\u00fcrkleri medeniyet ve yard\u0131mla\u015fuv cemiyeti reisini\u00f1 vekili Tuncer Qalqay reberligindeki delegatsiyan\u0131 Milliy Meclisni\u00f1 ofisinde qabul ettiler.<\/p>\n\n\n\n<p>Q\u0131r\u0131m t\u00fcrkleri medeniyet ve yard\u0131mla\u015fuv cemiyeti merkezini\u00f1 azalar\u0131 bildirgenine k\u00f6re, Q\u0131r\u0131m\u011fa ziyaretlerini\u00f1 maqsadlar\u0131ndan biri cemiyetni\u00f1 te\u015febb\u00fcsi ile &#8220;Q\u0131r\u0131m&#8221; vaquf\u0131nen birlikte te\u015fkil etilgen Ahmet \u0130hsan Q\u0131r\u0131ml\u0131 ad\u0131na edebiy yar\u0131\u015f \u011faliplerine muk\u00e2fatlarn\u0131 taqdim et\u00fcvdir.<\/p>\n\n\n\n<p>&#8220;Edebiy yar\u0131\u015f eki ya\u015f kategoriyas\u0131nda \u2013 yani 12-den 16-\u011face ve 17-den 29 ya\u015f\u0131nace Ukraina, Romaniya, Rusiye, T\u00fcrkiye ve Latviyadan 109 nefer vekillerini\u00f1 i\u015ftirakinde ke\u00e7irilip, muk\u00e2fatlarn\u0131\u00f1 miqdar\u0131n\u0131 &#8220;Q\u0131r\u0131m&#8221; vaquf\u0131 belgiledi. \u0130\u015fte, yar\u0131\u015fta 1-nci yerni qazan\u011fan gen\u00e7ke 4 bi\u00f1 dollar, ekinci yer i\u00e7\u00fcn \u2013 3 bi\u00f1 ve \u00fc\u00e7\u00fcnci yer i\u00e7\u00fcn 2 bi\u00f1 dollar. 2010 senesinden itibaren T\u00fcrkiye q\u0131r\u0131mtatar medeniyet ve yard\u0131mla\u015fuv cemiyetini\u00f1 reisi Ahmet \u0130hsan Q\u0131r\u0131ml\u0131 ad\u0131na edebiy yar\u0131\u015f er sene \u00f6tkerilecek &#8211; dedi merkez reisini\u00f1 vekili Tuncer Qalqay.<\/p>\n\n\n\n<p>Yar\u0131\u015f nevbetnen nazm ve nesir saalar\u0131nda ke\u00e7irilecek. Bu sene \u015fiir yaz\u011fan gen\u00e7ler k\u00fc\u00e7lerini s\u0131nad\u0131lar. Yar\u0131\u015fta i\u015ftirak etmekni\u00f1 esas \u015fart\u0131 \u2013 eserlerni\u00f1 q\u0131r\u0131mtatar tilinde latin urufut\u0131nda yaz\u0131lmas\u0131d\u0131r.<\/p>\n\n\n\n<p>\u011ealiplerge muk\u00e2fatlar taqdim et\u00fcvni\u00f1 tantanal\u0131 merasimi 2011 senesi iy\u00fcn 22-de Q\u0131r\u0131m m\u00fcendislik-pedagogika universitetinde saat 14-te ol\u0131p ke\u00e7ti.<\/p>\n\n\n\n<p>Ayn\u0131 \u015fu k\u00fcn\u00fc T\u00fcrkiye delegatsiyas\u0131 &#8220;K\u00f6zayd\u0131n&#8221; resurs-informatsiya merkezi ve &#8220;Nenkecan&#8221; qad\u0131nlar klub\u0131 &#8220;Ye\u015fil ada&#8221; banket salon\u0131nda te\u015fkil etken &#8220;Ayneni&#8221; SD diskini\u00f1 ve &#8220;Nenkecan&#8221; mecmuas\u0131 ya\u00f1\u0131 san\u0131n\u0131\u00f1 taqdiminde i\u015ftirak etti. Q\u0131r\u0131mtatar halq\u0131 Milliy Meclisi, devlet organlar\u0131, cemaat te\u015fkil\u00e2tlar\u0131n\u0131\u00f1 200-den ziyade vekilleri i\u015ftirakinde ke\u00e7irilgen bu k\u00f6r\u00fc\u015f\u00fcvde T\u00fcrkiye q\u0131r\u0131mtatar medeniyet ve yard\u0131mla\u015fuv cemiyeti merkezini\u00f1 azalar\u0131 cemaatqa tan\u0131t\u0131ld\u0131. \u00c7\u0131q\u0131\u015fta bulun\u011fan Milliy Meclis reisi Mustafa Cemilev, B\u00fct\u00fcnd\u00fcnya q\u0131r\u0131mtatarlar kongressini\u00f1 prezidenti Refat \u00c7ubarov, Q\u0131r\u0131m musulmanlar\u0131n\u0131\u00f1 m\u00fcftisi ac\u0131 Emirali Ablayev, genel merkez reisini\u00f1 vekili Tuncer Qalqay, merkez reisini\u00f1 yard\u0131mc\u0131s\u0131 Nam\u0131q Kemal Bayar, merkez qad\u0131nlar komissiyas\u0131n\u0131\u00f1 reisi Necla Qalqay &#8220;Ayneni&#8221; leyhas\u0131 ve q\u0131r\u0131mtatar tilinde latin urufat\u0131nda ne\u015fir etilgen &#8220;Nenkecan&#8221; mecmuas\u0131n\u0131\u00f1 tilimizni saqlav, medeniyetimizni inki\u015faf ettir\u00fcvdeki emiyetini qayd ettiler.<\/p>\n\n\n\n<p>Delegatsiya azalar\u0131 i\u015f ziyareti \u00e7er\u00e7ivesinde Kezlev, Qarasuvbazar, Sudaq ve Ba\u011f\u00e7asaray \u015feerlerinde faaliyet k\u00f6stergen cemaat te\u015fkil\u00e2tlar\u0131, milliy mekteplerni ziyaret etmek, iy\u00fcn 26 k\u00fcn\u00fc Milliy bayraq bayram\u0131nda i\u015ftirak etecekler. Musafirler T\u00fcrkiyeden bu bayram i\u00e7\u00fcn mahsus bah\u015f\u0131\u015flar da ketirdiler.<\/p>\n\n\n\n<p>\u015eun\u0131 da qayd etmeli ki Q\u0131r\u0131mtatar cemiyeti merkezini\u00f1 er tarafl\u0131 qoltutuv\u0131nda belli q\u0131r\u0131mtatar ressam\u0131 Ramiz Netovkinge T\u00fcrkiyede ameliyat yap\u0131lacaq.<br>T\u00fcrkiye q\u0131r\u0131mtatar cemiyeti merkezini\u00f1 azalar\u0131 Q\u0131r\u0131m\u011fa muntazam s\u00fcrette kelip, halq\u0131m\u0131z\u011fa yaq\u0131ndan yard\u0131m k\u00f6stereler. Belli ki al-az\u0131rda T\u00fcrkiyede 3 milliondan ziyade q\u0131r\u0131mtatar ya\u015famaqta.<\/p>\n\n\n\n<figure class=\"wp-block-gallery columns-3 is-cropped wp-block-gallery-1 is-layout-flex wp-block-gallery-is-layout-flex\"><ul class=\"blocks-gallery-grid\"><li class=\"blocks-gallery-item\"><figure><a href=\"http:\/\/qtmm.org\/wp-content\/uploads\/2022\/01\/4e04235d3d80b.jpg\"><img loading=\"lazy\" decoding=\"async\" width=\"640\" height=\"480\" src=\"http:\/\/qtmm.org\/wp-content\/uploads\/2022\/01\/4e04235d3d80b.jpg\" alt=\"\" data-id=\"24204\" data-full-url=\"http:\/\/qtmm.org\/wp-content\/uploads\/2022\/01\/4e04235d3d80b.jpg\" data-link=\"http:\/\/qtmm.org\/qt\/?attachment_id=24204\" class=\"wp-image-24204\" srcset=\"https:\/\/qtmm.org\/wp-content\/uploads\/2022\/01\/4e04235d3d80b.jpg 640w, https:\/\/qtmm.org\/wp-content\/uploads\/2022\/01\/4e04235d3d80b-300x225.jpg 300w\" sizes=\"auto, (max-width: 640px) 100vw, 640px\" \/><\/a><\/figure><\/li><li class=\"blocks-gallery-item\"><figure><a href=\"http:\/\/qtmm.org\/wp-content\/uploads\/2022\/01\/4e04235dab1a5.jpg\"><img loading=\"lazy\" decoding=\"async\" width=\"640\" height=\"480\" src=\"http:\/\/qtmm.org\/wp-content\/uploads\/2022\/01\/4e04235dab1a5.jpg\" alt=\"\" data-id=\"24208\" data-full-url=\"http:\/\/qtmm.org\/wp-content\/uploads\/2022\/01\/4e04235dab1a5.jpg\" data-link=\"http:\/\/qtmm.org\/qt\/?attachment_id=24208\" class=\"wp-image-24208\" srcset=\"https:\/\/qtmm.org\/wp-content\/uploads\/2022\/01\/4e04235dab1a5.jpg 640w, https:\/\/qtmm.org\/wp-content\/uploads\/2022\/01\/4e04235dab1a5-300x225.jpg 300w\" sizes=\"auto, (max-width: 640px) 100vw, 640px\" \/><\/a><\/figure><\/li><li class=\"blocks-gallery-item\"><figure><a href=\"http:\/\/qtmm.org\/wp-content\/uploads\/2022\/01\/4e04235ddc2b1.jpg\"><img loading=\"lazy\" decoding=\"async\" width=\"640\" height=\"480\" src=\"http:\/\/qtmm.org\/wp-content\/uploads\/2022\/01\/4e04235ddc2b1.jpg\" alt=\"\" data-id=\"24212\" data-full-url=\"http:\/\/qtmm.org\/wp-content\/uploads\/2022\/01\/4e04235ddc2b1.jpg\" data-link=\"http:\/\/qtmm.org\/qt\/?attachment_id=24212\" class=\"wp-image-24212\" srcset=\"https:\/\/qtmm.org\/wp-content\/uploads\/2022\/01\/4e04235ddc2b1.jpg 640w, https:\/\/qtmm.org\/wp-content\/uploads\/2022\/01\/4e04235ddc2b1-300x225.jpg 300w\" sizes=\"auto, (max-width: 640px) 100vw, 640px\" \/><\/a><\/figure><\/li><li class=\"blocks-gallery-item\"><figure><a href=\"http:\/\/qtmm.org\/wp-content\/uploads\/2022\/01\/4e04235e961f6.jpg\"><img loading=\"lazy\" decoding=\"async\" width=\"640\" height=\"480\" src=\"http:\/\/qtmm.org\/wp-content\/uploads\/2022\/01\/4e04235e961f6.jpg\" alt=\"\" data-id=\"24216\" data-full-url=\"http:\/\/qtmm.org\/wp-content\/uploads\/2022\/01\/4e04235e961f6.jpg\" data-link=\"http:\/\/qtmm.org\/qt\/?attachment_id=24216\" class=\"wp-image-24216\" srcset=\"https:\/\/qtmm.org\/wp-content\/uploads\/2022\/01\/4e04235e961f6.jpg 640w, https:\/\/qtmm.org\/wp-content\/uploads\/2022\/01\/4e04235e961f6-300x225.jpg 300w\" sizes=\"auto, (max-width: 640px) 100vw, 640px\" \/><\/a><\/figure><\/li><li class=\"blocks-gallery-item\"><figure><a href=\"http:\/\/qtmm.org\/wp-content\/uploads\/2022\/01\/4e04235f851cf.jpg\"><img loading=\"lazy\" decoding=\"async\" width=\"640\" height=\"480\" src=\"http:\/\/qtmm.org\/wp-content\/uploads\/2022\/01\/4e04235f851cf.jpg\" alt=\"\" data-id=\"24220\" data-full-url=\"http:\/\/qtmm.org\/wp-content\/uploads\/2022\/01\/4e04235f851cf.jpg\" data-link=\"http:\/\/qtmm.org\/qt\/?attachment_id=24220\" class=\"wp-image-24220\" srcset=\"https:\/\/qtmm.org\/wp-content\/uploads\/2022\/01\/4e04235f851cf.jpg 640w, https:\/\/qtmm.org\/wp-content\/uploads\/2022\/01\/4e04235f851cf-300x225.jpg 300w\" sizes=\"auto, (max-width: 640px) 100vw, 640px\" \/><\/a><\/figure><\/li><li class=\"blocks-gallery-item\"><figure><a href=\"http:\/\/qtmm.org\/wp-content\/uploads\/2022\/01\/4e0423606d10a.jpg\"><img loading=\"lazy\" decoding=\"async\" width=\"640\" height=\"480\" src=\"http:\/\/qtmm.org\/wp-content\/uploads\/2022\/01\/4e0423606d10a.jpg\" alt=\"\" data-id=\"24224\" data-full-url=\"http:\/\/qtmm.org\/wp-content\/uploads\/2022\/01\/4e0423606d10a.jpg\" data-link=\"http:\/\/qtmm.org\/qt\/?attachment_id=24224\" class=\"wp-image-24224\" srcset=\"https:\/\/qtmm.org\/wp-content\/uploads\/2022\/01\/4e0423606d10a.jpg 640w, https:\/\/qtmm.org\/wp-content\/uploads\/2022\/01\/4e0423606d10a-300x225.jpg 300w\" sizes=\"auto, (max-width: 640px) 100vw, 640px\" \/><\/a><\/figure><\/li><\/ul><\/figure>\n","protected":false},"excerpt":{"rendered":"<p>2011 senesi iy\u00fcn 21 k\u00fcn\u00fc Q\u0131r\u0131mtatar halq\u0131 Milliy Meclisini\u00f1 reisi Mustafa Cemilev, on\u0131\u00f1 birinci muavini, B\u00fct\u00fcnd\u00fcnya q\u0131r\u0131mtatarlar kongressini\u00f1 prezidenti Refat \u00c7ubarov Q\u0131r\u0131m t\u00fcrkleri medeniyet ve yard\u0131mla\u015fuv cemiyeti reisini\u00f1 vekili Tuncer Qalqay reberligindeki delegatsiyan\u0131 Milliy Meclisni\u00f1 ofisinde qabul ettiler. Q\u0131r\u0131m t\u00fcrkleri medeniyet ve yard\u0131mla\u015fuv cemiyeti merkezini\u00f1 azalar\u0131 bildirgenine k\u00f6re, Q\u0131r\u0131m\u011fa ziyaretlerini\u00f1 maqsadlar\u0131ndan biri cemiyetni\u00f1 te\u015febb\u00fcsi ile [&hellip;]<\/p>\n","protected":false},"author":1,"featured_media":24224,"comment_status":"open","ping_status":"open","sticky":false,"template":"","format":"standard","meta":{"inline_featured_image":false,"footnotes":""},"categories":[265],"tags":[],"class_list":["post-24203","post","type-post","status-publish","format-standard","has-post-thumbnail","hentry","category-haberler"],"acf":[],"yoast_head":"<!-- This site is optimized with the Yoast SEO plugin v27.4 - https:\/\/yoast.com\/product\/yoast-seo-wordpress\/ -->\n<title>Qirim T\u00fcrkleri medeniyet ve yardimla\u015fuv cemiyeti merkezini\u00f1 delegatsiyasi qirimtatar halqi Milliy Meclisini\u00f1 reisi Mustafa Cemilevnen k\u00f6r\u00fc\u015fti - \u041c\u0435\u0434\u0436\u043b\u0456\u0441<\/title>\n<meta name=\"robots\" content=\"index, follow, max-snippet:-1, max-image-preview:large, max-video-preview:-1\" \/>\n<link rel=\"canonical\" href=\"https:\/\/qtmm.org\/qt\/qirim-turkleri-medeniyet-ve-yardimlasuv-cemiyeti-merkezinin-delegatsiyasi-qirimtatar-halqi-milliy-meclisinin-reisi-mustafa-cemilevnen-korusti\/\" \/>\n<meta property=\"og:locale\" content=\"en_US\" \/>\n<meta property=\"og:type\" content=\"article\" \/>\n<meta property=\"og:title\" content=\"Qirim T\u00fcrkleri medeniyet ve yardimla\u015fuv cemiyeti merkezini\u00f1 delegatsiyasi qirimtatar halqi Milliy Meclisini\u00f1 reisi Mustafa Cemilevnen k\u00f6r\u00fc\u015fti - \u041c\u0435\u0434\u0436\u043b\u0456\u0441\" \/>\n<meta property=\"og:description\" content=\"2011 senesi iy\u00fcn 21 k\u00fcn\u00fc Q\u0131r\u0131mtatar halq\u0131 Milliy Meclisini\u00f1 reisi Mustafa Cemilev, on\u0131\u00f1 birinci muavini, B\u00fct\u00fcnd\u00fcnya q\u0131r\u0131mtatarlar kongressini\u00f1 prezidenti Refat \u00c7ubarov Q\u0131r\u0131m t\u00fcrkleri medeniyet ve yard\u0131mla\u015fuv cemiyeti reisini\u00f1 vekili Tuncer Qalqay reberligindeki delegatsiyan\u0131 Milliy Meclisni\u00f1 ofisinde qabul ettiler. Q\u0131r\u0131m t\u00fcrkleri medeniyet ve yard\u0131mla\u015fuv cemiyeti merkezini\u00f1 azalar\u0131 bildirgenine k\u00f6re, Q\u0131r\u0131m\u011fa ziyaretlerini\u00f1 maqsadlar\u0131ndan biri cemiyetni\u00f1 te\u015febb\u00fcsi ile [&hellip;]\" \/>\n<meta property=\"og:url\" content=\"https:\/\/qtmm.org\/qt\/qirim-turkleri-medeniyet-ve-yardimlasuv-cemiyeti-merkezinin-delegatsiyasi-qirimtatar-halqi-milliy-meclisinin-reisi-mustafa-cemilevnen-korusti\/\" \/>\n<meta property=\"og:site_name\" content=\"\u041c\u0435\u0434\u0436\u043b\u0456\u0441\" \/>\n<meta property=\"article:publisher\" content=\"https:\/\/www.facebook.com\/qtmm.info\/\" \/>\n<meta property=\"article:published_time\" content=\"2011-06-22T15:07:00+00:00\" \/>\n<meta property=\"article:modified_time\" content=\"2022-01-18T15:10:14+00:00\" \/>\n<meta property=\"og:image\" content=\"https:\/\/qtmm.org\/wp-content\/uploads\/2022\/01\/4e0423606d10a.jpg\" \/>\n\t<meta property=\"og:image:width\" content=\"640\" \/>\n\t<meta property=\"og:image:height\" content=\"480\" \/>\n\t<meta property=\"og:image:type\" content=\"image\/jpeg\" \/>\n<meta name=\"author\" content=\"Developer\" \/>\n<meta name=\"twitter:card\" content=\"summary_large_image\" \/>\n<meta name=\"twitter:label1\" content=\"Written by\" \/>\n\t<meta name=\"twitter:data1\" content=\"Developer\" \/>\n\t<meta name=\"twitter:label2\" content=\"Est. reading time\" \/>\n\t<meta name=\"twitter:data2\" content=\"3 minutes\" \/>\n<script type=\"application\/ld+json\" class=\"yoast-schema-graph\">{\"@context\":\"https:\\\/\\\/schema.org\",\"@graph\":[{\"@type\":\"Article\",\"@id\":\"https:\\\/\\\/qtmm.org\\\/qt\\\/qirim-turkleri-medeniyet-ve-yardimlasuv-cemiyeti-merkezinin-delegatsiyasi-qirimtatar-halqi-milliy-meclisinin-reisi-mustafa-cemilevnen-korusti\\\/#article\",\"isPartOf\":{\"@id\":\"https:\\\/\\\/qtmm.org\\\/qt\\\/qirim-turkleri-medeniyet-ve-yardimlasuv-cemiyeti-merkezinin-delegatsiyasi-qirimtatar-halqi-milliy-meclisinin-reisi-mustafa-cemilevnen-korusti\\\/\"},\"author\":{\"name\":\"Developer\",\"@id\":\"https:\\\/\\\/qtmm.org\\\/qt\\\/#\\\/schema\\\/person\\\/de562469f971dec226ac06e60bbf74a7\"},\"headline\":\"Qirim T\u00fcrkleri medeniyet ve yardimla\u015fuv cemiyeti merkezini\u00f1 delegatsiyasi qirimtatar halqi Milliy Meclisini\u00f1 reisi Mustafa Cemilevnen k\u00f6r\u00fc\u015fti\",\"datePublished\":\"2011-06-22T15:07:00+00:00\",\"dateModified\":\"2022-01-18T15:10:14+00:00\",\"mainEntityOfPage\":{\"@id\":\"https:\\\/\\\/qtmm.org\\\/qt\\\/qirim-turkleri-medeniyet-ve-yardimlasuv-cemiyeti-merkezinin-delegatsiyasi-qirimtatar-halqi-milliy-meclisinin-reisi-mustafa-cemilevnen-korusti\\\/\"},\"wordCount\":550,\"commentCount\":0,\"publisher\":{\"@id\":\"https:\\\/\\\/qtmm.org\\\/qt\\\/#organization\"},\"image\":{\"@id\":\"https:\\\/\\\/qtmm.org\\\/qt\\\/qirim-turkleri-medeniyet-ve-yardimlasuv-cemiyeti-merkezinin-delegatsiyasi-qirimtatar-halqi-milliy-meclisinin-reisi-mustafa-cemilevnen-korusti\\\/#primaryimage\"},\"thumbnailUrl\":\"https:\\\/\\\/qtmm.org\\\/wp-content\\\/uploads\\\/2022\\\/01\\\/4e0423606d10a.jpg\",\"articleSection\":[\"Haberler\"],\"inLanguage\":\"qt\",\"potentialAction\":[{\"@type\":\"CommentAction\",\"name\":\"Comment\",\"target\":[\"https:\\\/\\\/qtmm.org\\\/qt\\\/qirim-turkleri-medeniyet-ve-yardimlasuv-cemiyeti-merkezinin-delegatsiyasi-qirimtatar-halqi-milliy-meclisinin-reisi-mustafa-cemilevnen-korusti\\\/#respond\"]}]},{\"@type\":\"WebPage\",\"@id\":\"https:\\\/\\\/qtmm.org\\\/qt\\\/qirim-turkleri-medeniyet-ve-yardimlasuv-cemiyeti-merkezinin-delegatsiyasi-qirimtatar-halqi-milliy-meclisinin-reisi-mustafa-cemilevnen-korusti\\\/\",\"url\":\"https:\\\/\\\/qtmm.org\\\/qt\\\/qirim-turkleri-medeniyet-ve-yardimlasuv-cemiyeti-merkezinin-delegatsiyasi-qirimtatar-halqi-milliy-meclisinin-reisi-mustafa-cemilevnen-korusti\\\/\",\"name\":\"Qirim T\u00fcrkleri medeniyet ve yardimla\u015fuv cemiyeti merkezini\u00f1 delegatsiyasi qirimtatar halqi Milliy Meclisini\u00f1 reisi Mustafa Cemilevnen k\u00f6r\u00fc\u015fti - \u041c\u0435\u0434\u0436\u043b\u0456\u0441\",\"isPartOf\":{\"@id\":\"https:\\\/\\\/qtmm.org\\\/qt\\\/#website\"},\"primaryImageOfPage\":{\"@id\":\"https:\\\/\\\/qtmm.org\\\/qt\\\/qirim-turkleri-medeniyet-ve-yardimlasuv-cemiyeti-merkezinin-delegatsiyasi-qirimtatar-halqi-milliy-meclisinin-reisi-mustafa-cemilevnen-korusti\\\/#primaryimage\"},\"image\":{\"@id\":\"https:\\\/\\\/qtmm.org\\\/qt\\\/qirim-turkleri-medeniyet-ve-yardimlasuv-cemiyeti-merkezinin-delegatsiyasi-qirimtatar-halqi-milliy-meclisinin-reisi-mustafa-cemilevnen-korusti\\\/#primaryimage\"},\"thumbnailUrl\":\"https:\\\/\\\/qtmm.org\\\/wp-content\\\/uploads\\\/2022\\\/01\\\/4e0423606d10a.jpg\",\"datePublished\":\"2011-06-22T15:07:00+00:00\",\"dateModified\":\"2022-01-18T15:10:14+00:00\",\"breadcrumb\":{\"@id\":\"https:\\\/\\\/qtmm.org\\\/qt\\\/qirim-turkleri-medeniyet-ve-yardimlasuv-cemiyeti-merkezinin-delegatsiyasi-qirimtatar-halqi-milliy-meclisinin-reisi-mustafa-cemilevnen-korusti\\\/#breadcrumb\"},\"inLanguage\":\"qt\",\"potentialAction\":[{\"@type\":\"ReadAction\",\"target\":[\"https:\\\/\\\/qtmm.org\\\/qt\\\/qirim-turkleri-medeniyet-ve-yardimlasuv-cemiyeti-merkezinin-delegatsiyasi-qirimtatar-halqi-milliy-meclisinin-reisi-mustafa-cemilevnen-korusti\\\/\"]}]},{\"@type\":\"ImageObject\",\"inLanguage\":\"qt\",\"@id\":\"https:\\\/\\\/qtmm.org\\\/qt\\\/qirim-turkleri-medeniyet-ve-yardimlasuv-cemiyeti-merkezinin-delegatsiyasi-qirimtatar-halqi-milliy-meclisinin-reisi-mustafa-cemilevnen-korusti\\\/#primaryimage\",\"url\":\"https:\\\/\\\/qtmm.org\\\/wp-content\\\/uploads\\\/2022\\\/01\\\/4e0423606d10a.jpg\",\"contentUrl\":\"https:\\\/\\\/qtmm.org\\\/wp-content\\\/uploads\\\/2022\\\/01\\\/4e0423606d10a.jpg\",\"width\":640,\"height\":480},{\"@type\":\"BreadcrumbList\",\"@id\":\"https:\\\/\\\/qtmm.org\\\/qt\\\/qirim-turkleri-medeniyet-ve-yardimlasuv-cemiyeti-merkezinin-delegatsiyasi-qirimtatar-halqi-milliy-meclisinin-reisi-mustafa-cemilevnen-korusti\\\/#breadcrumb\",\"itemListElement\":[{\"@type\":\"ListItem\",\"position\":1,\"name\":\"\u0413\u043e\u043b\u043e\u0432\u043d\u0430\",\"item\":\"https:\\\/\\\/qtmm.org\\\/qt\\\/\"},{\"@type\":\"ListItem\",\"position\":2,\"name\":\"Qirim T\u00fcrkleri medeniyet ve yardimla\u015fuv cemiyeti merkezini\u00f1 delegatsiyasi qirimtatar halqi Milliy Meclisini\u00f1 reisi Mustafa Cemilevnen k\u00f6r\u00fc\u015fti\"}]},{\"@type\":\"WebSite\",\"@id\":\"https:\\\/\\\/qtmm.org\\\/qt\\\/#website\",\"url\":\"https:\\\/\\\/qtmm.org\\\/qt\\\/\",\"name\":\"\u041c\u0435\u0434\u0436\u043b\u0456\u0441\",\"description\":\"\",\"publisher\":{\"@id\":\"https:\\\/\\\/qtmm.org\\\/qt\\\/#organization\"},\"potentialAction\":[{\"@type\":\"SearchAction\",\"target\":{\"@type\":\"EntryPoint\",\"urlTemplate\":\"https:\\\/\\\/qtmm.org\\\/qt\\\/?s={search_term_string}\"},\"query-input\":{\"@type\":\"PropertyValueSpecification\",\"valueRequired\":true,\"valueName\":\"search_term_string\"}}],\"inLanguage\":\"qt\"},{\"@type\":\"Organization\",\"@id\":\"https:\\\/\\\/qtmm.org\\\/qt\\\/#organization\",\"name\":\"\u041c\u0435\u0434\u0436\u043b\u0456\u0441\",\"url\":\"https:\\\/\\\/qtmm.org\\\/qt\\\/\",\"logo\":{\"@type\":\"ImageObject\",\"inLanguage\":\"qt\",\"@id\":\"https:\\\/\\\/qtmm.org\\\/qt\\\/#\\\/schema\\\/logo\\\/image\\\/\",\"url\":\"https:\\\/\\\/qtmm.org\\\/wp-content\\\/uploads\\\/2024\\\/12\\\/ua-mejlis-logo-rgb.svg\",\"contentUrl\":\"https:\\\/\\\/qtmm.org\\\/wp-content\\\/uploads\\\/2024\\\/12\\\/ua-mejlis-logo-rgb.svg\",\"caption\":\"\u041c\u0435\u0434\u0436\u043b\u0456\u0441\"},\"image\":{\"@id\":\"https:\\\/\\\/qtmm.org\\\/qt\\\/#\\\/schema\\\/logo\\\/image\\\/\"},\"sameAs\":[\"https:\\\/\\\/www.facebook.com\\\/qtmm.info\\\/\"]},{\"@type\":\"Person\",\"@id\":\"https:\\\/\\\/qtmm.org\\\/qt\\\/#\\\/schema\\\/person\\\/de562469f971dec226ac06e60bbf74a7\",\"name\":\"Developer\",\"image\":{\"@type\":\"ImageObject\",\"inLanguage\":\"qt\",\"@id\":\"https:\\\/\\\/secure.gravatar.com\\\/avatar\\\/392b4cc8fbfeb00b39dfeeab4ee6edded39ffd48e25858637e4765810300227e?s=96&d=mm&r=g\",\"url\":\"https:\\\/\\\/secure.gravatar.com\\\/avatar\\\/392b4cc8fbfeb00b39dfeeab4ee6edded39ffd48e25858637e4765810300227e?s=96&d=mm&r=g\",\"contentUrl\":\"https:\\\/\\\/secure.gravatar.com\\\/avatar\\\/392b4cc8fbfeb00b39dfeeab4ee6edded39ffd48e25858637e4765810300227e?s=96&d=mm&r=g\",\"caption\":\"Developer\"},\"url\":\"https:\\\/\\\/qtmm.org\\\/qt\\\/author\\\/Developer\\\/\"}]}<\/script>\n<!-- \/ Yoast SEO plugin. -->","yoast_head_json":{"title":"Qirim T\u00fcrkleri medeniyet ve yardimla\u015fuv cemiyeti merkezini\u00f1 delegatsiyasi qirimtatar halqi Milliy Meclisini\u00f1 reisi Mustafa Cemilevnen k\u00f6r\u00fc\u015fti - \u041c\u0435\u0434\u0436\u043b\u0456\u0441","robots":{"index":"index","follow":"follow","max-snippet":"max-snippet:-1","max-image-preview":"max-image-preview:large","max-video-preview":"max-video-preview:-1"},"canonical":"https:\/\/qtmm.org\/qt\/qirim-turkleri-medeniyet-ve-yardimlasuv-cemiyeti-merkezinin-delegatsiyasi-qirimtatar-halqi-milliy-meclisinin-reisi-mustafa-cemilevnen-korusti\/","og_locale":"en_US","og_type":"article","og_title":"Qirim T\u00fcrkleri medeniyet ve yardimla\u015fuv cemiyeti merkezini\u00f1 delegatsiyasi qirimtatar halqi Milliy Meclisini\u00f1 reisi Mustafa Cemilevnen k\u00f6r\u00fc\u015fti - \u041c\u0435\u0434\u0436\u043b\u0456\u0441","og_description":"2011 senesi iy\u00fcn 21 k\u00fcn\u00fc Q\u0131r\u0131mtatar halq\u0131 Milliy Meclisini\u00f1 reisi Mustafa Cemilev, on\u0131\u00f1 birinci muavini, B\u00fct\u00fcnd\u00fcnya q\u0131r\u0131mtatarlar kongressini\u00f1 prezidenti Refat \u00c7ubarov Q\u0131r\u0131m t\u00fcrkleri medeniyet ve yard\u0131mla\u015fuv cemiyeti reisini\u00f1 vekili Tuncer Qalqay reberligindeki delegatsiyan\u0131 Milliy Meclisni\u00f1 ofisinde qabul ettiler. Q\u0131r\u0131m t\u00fcrkleri medeniyet ve yard\u0131mla\u015fuv cemiyeti merkezini\u00f1 azalar\u0131 bildirgenine k\u00f6re, Q\u0131r\u0131m\u011fa ziyaretlerini\u00f1 maqsadlar\u0131ndan biri cemiyetni\u00f1 te\u015febb\u00fcsi ile [&hellip;]","og_url":"https:\/\/qtmm.org\/qt\/qirim-turkleri-medeniyet-ve-yardimlasuv-cemiyeti-merkezinin-delegatsiyasi-qirimtatar-halqi-milliy-meclisinin-reisi-mustafa-cemilevnen-korusti\/","og_site_name":"\u041c\u0435\u0434\u0436\u043b\u0456\u0441","article_publisher":"https:\/\/www.facebook.com\/qtmm.info\/","article_published_time":"2011-06-22T15:07:00+00:00","article_modified_time":"2022-01-18T15:10:14+00:00","og_image":[{"width":640,"height":480,"url":"https:\/\/qtmm.org\/wp-content\/uploads\/2022\/01\/4e0423606d10a.jpg","type":"image\/jpeg"}],"author":"Developer","twitter_card":"summary_large_image","twitter_misc":{"Written by":"Developer","Est. reading time":"3 minutes"},"schema":{"@context":"https:\/\/schema.org","@graph":[{"@type":"Article","@id":"https:\/\/qtmm.org\/qt\/qirim-turkleri-medeniyet-ve-yardimlasuv-cemiyeti-merkezinin-delegatsiyasi-qirimtatar-halqi-milliy-meclisinin-reisi-mustafa-cemilevnen-korusti\/#article","isPartOf":{"@id":"https:\/\/qtmm.org\/qt\/qirim-turkleri-medeniyet-ve-yardimlasuv-cemiyeti-merkezinin-delegatsiyasi-qirimtatar-halqi-milliy-meclisinin-reisi-mustafa-cemilevnen-korusti\/"},"author":{"name":"Developer","@id":"https:\/\/qtmm.org\/qt\/#\/schema\/person\/de562469f971dec226ac06e60bbf74a7"},"headline":"Qirim T\u00fcrkleri medeniyet ve yardimla\u015fuv cemiyeti merkezini\u00f1 delegatsiyasi qirimtatar halqi Milliy Meclisini\u00f1 reisi Mustafa Cemilevnen k\u00f6r\u00fc\u015fti","datePublished":"2011-06-22T15:07:00+00:00","dateModified":"2022-01-18T15:10:14+00:00","mainEntityOfPage":{"@id":"https:\/\/qtmm.org\/qt\/qirim-turkleri-medeniyet-ve-yardimlasuv-cemiyeti-merkezinin-delegatsiyasi-qirimtatar-halqi-milliy-meclisinin-reisi-mustafa-cemilevnen-korusti\/"},"wordCount":550,"commentCount":0,"publisher":{"@id":"https:\/\/qtmm.org\/qt\/#organization"},"image":{"@id":"https:\/\/qtmm.org\/qt\/qirim-turkleri-medeniyet-ve-yardimlasuv-cemiyeti-merkezinin-delegatsiyasi-qirimtatar-halqi-milliy-meclisinin-reisi-mustafa-cemilevnen-korusti\/#primaryimage"},"thumbnailUrl":"https:\/\/qtmm.org\/wp-content\/uploads\/2022\/01\/4e0423606d10a.jpg","articleSection":["Haberler"],"inLanguage":"qt","potentialAction":[{"@type":"CommentAction","name":"Comment","target":["https:\/\/qtmm.org\/qt\/qirim-turkleri-medeniyet-ve-yardimlasuv-cemiyeti-merkezinin-delegatsiyasi-qirimtatar-halqi-milliy-meclisinin-reisi-mustafa-cemilevnen-korusti\/#respond"]}]},{"@type":"WebPage","@id":"https:\/\/qtmm.org\/qt\/qirim-turkleri-medeniyet-ve-yardimlasuv-cemiyeti-merkezinin-delegatsiyasi-qirimtatar-halqi-milliy-meclisinin-reisi-mustafa-cemilevnen-korusti\/","url":"https:\/\/qtmm.org\/qt\/qirim-turkleri-medeniyet-ve-yardimlasuv-cemiyeti-merkezinin-delegatsiyasi-qirimtatar-halqi-milliy-meclisinin-reisi-mustafa-cemilevnen-korusti\/","name":"Qirim T\u00fcrkleri medeniyet ve yardimla\u015fuv cemiyeti merkezini\u00f1 delegatsiyasi qirimtatar halqi Milliy Meclisini\u00f1 reisi Mustafa Cemilevnen k\u00f6r\u00fc\u015fti - \u041c\u0435\u0434\u0436\u043b\u0456\u0441","isPartOf":{"@id":"https:\/\/qtmm.org\/qt\/#website"},"primaryImageOfPage":{"@id":"https:\/\/qtmm.org\/qt\/qirim-turkleri-medeniyet-ve-yardimlasuv-cemiyeti-merkezinin-delegatsiyasi-qirimtatar-halqi-milliy-meclisinin-reisi-mustafa-cemilevnen-korusti\/#primaryimage"},"image":{"@id":"https:\/\/qtmm.org\/qt\/qirim-turkleri-medeniyet-ve-yardimlasuv-cemiyeti-merkezinin-delegatsiyasi-qirimtatar-halqi-milliy-meclisinin-reisi-mustafa-cemilevnen-korusti\/#primaryimage"},"thumbnailUrl":"https:\/\/qtmm.org\/wp-content\/uploads\/2022\/01\/4e0423606d10a.jpg","datePublished":"2011-06-22T15:07:00+00:00","dateModified":"2022-01-18T15:10:14+00:00","breadcrumb":{"@id":"https:\/\/qtmm.org\/qt\/qirim-turkleri-medeniyet-ve-yardimlasuv-cemiyeti-merkezinin-delegatsiyasi-qirimtatar-halqi-milliy-meclisinin-reisi-mustafa-cemilevnen-korusti\/#breadcrumb"},"inLanguage":"qt","potentialAction":[{"@type":"ReadAction","target":["https:\/\/qtmm.org\/qt\/qirim-turkleri-medeniyet-ve-yardimlasuv-cemiyeti-merkezinin-delegatsiyasi-qirimtatar-halqi-milliy-meclisinin-reisi-mustafa-cemilevnen-korusti\/"]}]},{"@type":"ImageObject","inLanguage":"qt","@id":"https:\/\/qtmm.org\/qt\/qirim-turkleri-medeniyet-ve-yardimlasuv-cemiyeti-merkezinin-delegatsiyasi-qirimtatar-halqi-milliy-meclisinin-reisi-mustafa-cemilevnen-korusti\/#primaryimage","url":"https:\/\/qtmm.org\/wp-content\/uploads\/2022\/01\/4e0423606d10a.jpg","contentUrl":"https:\/\/qtmm.org\/wp-content\/uploads\/2022\/01\/4e0423606d10a.jpg","width":640,"height":480},{"@type":"BreadcrumbList","@id":"https:\/\/qtmm.org\/qt\/qirim-turkleri-medeniyet-ve-yardimlasuv-cemiyeti-merkezinin-delegatsiyasi-qirimtatar-halqi-milliy-meclisinin-reisi-mustafa-cemilevnen-korusti\/#breadcrumb","itemListElement":[{"@type":"ListItem","position":1,"name":"\u0413\u043e\u043b\u043e\u0432\u043d\u0430","item":"https:\/\/qtmm.org\/qt\/"},{"@type":"ListItem","position":2,"name":"Qirim T\u00fcrkleri medeniyet ve yardimla\u015fuv cemiyeti merkezini\u00f1 delegatsiyasi qirimtatar halqi Milliy Meclisini\u00f1 reisi Mustafa Cemilevnen k\u00f6r\u00fc\u015fti"}]},{"@type":"WebSite","@id":"https:\/\/qtmm.org\/qt\/#website","url":"https:\/\/qtmm.org\/qt\/","name":"\u041c\u0435\u0434\u0436\u043b\u0456\u0441","description":"","publisher":{"@id":"https:\/\/qtmm.org\/qt\/#organization"},"potentialAction":[{"@type":"SearchAction","target":{"@type":"EntryPoint","urlTemplate":"https:\/\/qtmm.org\/qt\/?s={search_term_string}"},"query-input":{"@type":"PropertyValueSpecification","valueRequired":true,"valueName":"search_term_string"}}],"inLanguage":"qt"},{"@type":"Organization","@id":"https:\/\/qtmm.org\/qt\/#organization","name":"\u041c\u0435\u0434\u0436\u043b\u0456\u0441","url":"https:\/\/qtmm.org\/qt\/","logo":{"@type":"ImageObject","inLanguage":"qt","@id":"https:\/\/qtmm.org\/qt\/#\/schema\/logo\/image\/","url":"https:\/\/qtmm.org\/wp-content\/uploads\/2024\/12\/ua-mejlis-logo-rgb.svg","contentUrl":"https:\/\/qtmm.org\/wp-content\/uploads\/2024\/12\/ua-mejlis-logo-rgb.svg","caption":"\u041c\u0435\u0434\u0436\u043b\u0456\u0441"},"image":{"@id":"https:\/\/qtmm.org\/qt\/#\/schema\/logo\/image\/"},"sameAs":["https:\/\/www.facebook.com\/qtmm.info\/"]},{"@type":"Person","@id":"https:\/\/qtmm.org\/qt\/#\/schema\/person\/de562469f971dec226ac06e60bbf74a7","name":"Developer","image":{"@type":"ImageObject","inLanguage":"qt","@id":"https:\/\/secure.gravatar.com\/avatar\/392b4cc8fbfeb00b39dfeeab4ee6edded39ffd48e25858637e4765810300227e?s=96&d=mm&r=g","url":"https:\/\/secure.gravatar.com\/avatar\/392b4cc8fbfeb00b39dfeeab4ee6edded39ffd48e25858637e4765810300227e?s=96&d=mm&r=g","contentUrl":"https:\/\/secure.gravatar.com\/avatar\/392b4cc8fbfeb00b39dfeeab4ee6edded39ffd48e25858637e4765810300227e?s=96&d=mm&r=g","caption":"Developer"},"url":"https:\/\/qtmm.org\/qt\/author\/Developer\/"}]}},"_links":{"self":[{"href":"https:\/\/qtmm.org\/qt\/wp-json\/wp\/v2\/posts\/24203","targetHints":{"allow":["GET"]}}],"collection":[{"href":"https:\/\/qtmm.org\/qt\/wp-json\/wp\/v2\/posts"}],"about":[{"href":"https:\/\/qtmm.org\/qt\/wp-json\/wp\/v2\/types\/post"}],"author":[{"embeddable":true,"href":"https:\/\/qtmm.org\/qt\/wp-json\/wp\/v2\/users\/1"}],"replies":[{"embeddable":true,"href":"https:\/\/qtmm.org\/qt\/wp-json\/wp\/v2\/comments?post=24203"}],"version-history":[{"count":1,"href":"https:\/\/qtmm.org\/qt\/wp-json\/wp\/v2\/posts\/24203\/revisions"}],"predecessor-version":[{"id":24228,"href":"https:\/\/qtmm.org\/qt\/wp-json\/wp\/v2\/posts\/24203\/revisions\/24228"}],"wp:featuredmedia":[{"embeddable":true,"href":"https:\/\/qtmm.org\/qt\/wp-json\/wp\/v2\/media\/24224"}],"wp:attachment":[{"href":"https:\/\/qtmm.org\/qt\/wp-json\/wp\/v2\/media?parent=24203"}],"wp:term":[{"taxonomy":"category","embeddable":true,"href":"https:\/\/qtmm.org\/qt\/wp-json\/wp\/v2\/categories?post=24203"},{"taxonomy":"post_tag","embeddable":true,"href":"https:\/\/qtmm.org\/qt\/wp-json\/wp\/v2\/tags?post=24203"}],"curies":[{"name":"wp","href":"https:\/\/api.w.org\/{rel}","templated":true}]}}