




{"id":24197,"date":"2011-06-16T17:46:00","date_gmt":"2011-06-16T14:46:00","guid":{"rendered":"http:\/\/qtmm.org\/?p=24197"},"modified":"2022-01-18T17:47:37","modified_gmt":"2022-01-18T14:47:37","slug":"balalarimizdan-dusman-yapmaga-tirisalar","status":"publish","type":"post","link":"https:\/\/qtmm.org\/qt\/balalarimizdan-dusman-yapmaga-tirisalar\/","title":{"rendered":"Balalar\u0131m\u0131zdan du\u015fman yapma\u011fa t\u0131r\u0131\u015falar"},"content":{"rendered":"\n<p>Halqara &#8220;Vozrojdeniye&#8221; (\u011eayr\u0131dan tiklen\u00fcv) fond\u0131 qoltutuv\u0131nda &#8220;Ocalar \u015furas\u0131&#8221; cemaat te\u015fkil\u00e2t\u0131 amelge ke\u00e7irgen&nbsp; &#8220;Tolerant derslikler \u2013 tolerant cemiyet&#8221; leyhas\u0131 \u00e7er\u00e7ivesinde&nbsp; yap\u0131l\u011fan ara\u015ft\u0131rmalarn\u0131\u00f1 neticeleri boyunca iy\u00fcn 7 k\u00fcn\u00fc&nbsp; Ba\u011f\u00e7asarayda i\u015f seminar\u0131 \u00f6tkerildi.<\/p>\n\n\n\n<p>Kiri\u015f s\u00f6z\u00fcnen \u00e7\u0131q\u0131\u015fta bulun\u011fan tarih\u00e7\u0131 G\u00fclnara Bekirova ukrain tarih\u0131nda&nbsp; bir \u00e7oq uydurmalar mevcut ol\u011fan\u0131n\u0131 qayd etti. Ukraina bir \u00e7oq halqlar ve milletlerni\u00f1 ya\u015fa\u011fan yeri ol\u011fan\u0131na ra\u011fmen olarn\u0131\u00f1 tarih\u0131 mektep dersliklerinde deyerlik ayd\u0131nlat\u0131lma\u011fan, ayd\u0131nlat\u0131l\u011fanda ise tarihiy vaqialar ol\u011fan\u0131 kibi k\u00f6sterilmey ya da bir tarafl\u0131 aks ettirile.<\/p>\n\n\n\n<p>Tarih\u00e7\u0131n\u0131\u00f1 fikrince bun\u0131\u00f1 sebebi&nbsp; devletni\u00f1 m\u00fckemmel milliy siyaseti olma\u011fan\u0131ndad\u0131r. Demek, Ukraina bir taraftan \u00e7oqmilletli devlet ol\u011fan\u0131nen maqtansa, diger taraftan bu aldan nas\u0131l qullanmaq kerekligi bilmey.<\/p>\n\n\n\n<p>Elvedin \u00c7ubarov orta umumtasil mekteplerde oqut\u0131l\u011fan dersliklerni\u00f1 metinlerini tedqiq et\u00fcvni\u00f1 neticeleri aqq\u0131nda ayt\u0131rken, olarda mevcut milletler ve diniy azl\u0131qlar\u011fa nisbeten aqs\u0131mlav allar\u0131n\u0131 k\u00f6sterdi. Elvedin a\u011fan\u0131\u00f1 aytqan\u0131na k\u00f6re 52 oquv qullanmas\u0131 talil etilip, b\u00f6yle hul\u00e2salar \u00e7\u0131qar\u0131ld\u0131. Mesel\u00e2 &#8220;Vstup do \u0456stor\u0456\u0457 Ukra\u0457ni: p\u0456dru\u00e7nik dl\u00e2 5 klasu zagalnoosv\u0456tn\u0456h nav\u00e7alnih zaklad\u0456v&#8221; (Umumtasil ba\u015flan\u011f\u0131\u00e7 mektep 5-nci s\u0131n\u0131f\u0131 i\u00e7\u00fcn Ukraina tarih\u0131na kiri\u015f) derslikni\u00f1 m\u00fcellifi Viktor M\u0131san, balalar\u011fa h\u0131tap eterek q\u0131r\u0131mtatarlarn\u0131\u00f1 zal\u0131ml\u0131\u011f\u0131n\u0131 qayd etmek niyetinde b\u00f6yle yaza: &#8220;Q\u0131r\u0131m yar\u0131madas\u0131 T\u00fcrkiyege boysuna edi. T\u00fcrkiye devleti qudretli ol\u011fan\u0131ndan Q\u0131r\u0131m hanl\u0131\u011f\u0131n\u0131 qolast\u0131na ald\u0131. T\u00fcrk-tatar zadek\u00e2nlar\u0131 \u00f6z topraqlar\u0131n\u0131 basq\u0131nc\u0131l\u0131q seferleri esab\u0131na \u00e7oqla\u015ft\u0131rd\u0131lar. Olarn\u0131\u00f1 bilhassa ukrain topraqlar\u0131na meraqlar\u0131 b\u00fcy\u00fck edi. T\u00fcrk-tatar askerleri sefer vaqt\u0131nda \u00f6zlerini t\u0131pq\u0131 avc\u0131lar kibi al\u0131p bar\u011fanlar.&nbsp; Olar insanlar\u011fa avlan\u011fanlar. Ya\u015f, k\u00fc\u00e7l\u00fc yigitlerni&nbsp; qay\u0131q\u00e7\u0131, ziraat\u00e7\u0131 etip ya da quruc\u0131l\u0131qta \u00e7al\u0131\u015ft\u0131r\u011fanlar. Bala, qad\u0131n ve qartlar\u011fa ise ev i\u015flerini&nbsp; yapt\u0131r\u011fanlar. Q\u0131r\u0131m ve T\u00fcrkiyeni\u00f1 qul bazarlar\u0131nda bi\u00f1lernen esirlerni satqanlar. S\u0131q\u0131 allarda busurmanlar para qazanmaq pe\u015finde zengin ailelerni\u00f1 azalar\u0131n\u0131 h\u0131rs\u0131zla\u011fanlar&#8221;<\/p>\n\n\n\n<p>7-nci s\u0131n\u0131f talebelerine Q\u0131r\u0131m hanl\u0131\u011f\u0131n\u0131\u00f1 i\u00e7timaiy qurum\u0131n\u0131 a\u00f1latqanda &#8220;Ukraina tarih\u0131&#8221; dersligini\u00f1 m\u00fcellifleri Smoliy V.A. ve&nbsp; Stepankov V.S ya\u00f1\u0131 q\u0131r\u0131mtatar cemiyetini\u00f1 devlet\u00e7iligini iptidaiy, zay\u0131f etip k\u00f6stermege t\u0131r\u0131\u015falar ve q\u0131r\u0131mtatarlarn\u0131\u00f1 qom\u015fu topraqlar\u011fa k\u00f6zlerini tikkenini esasland\u0131rmaq i\u00e7\u00fcn&nbsp; q\u0131r\u0131mtatar cemiyetinde feodal munasebetler \u015fekillengen, dep yazalar. &#8220;HU1 as\u0131rn\u0131\u00f1 ba\u015f\u0131nace tatarlar k\u00f6\u00e7ebe ayvanasravc\u0131l\u0131qnen o\u011fra\u015fqan, iptidaiy ziraat\u00e7\u0131l\u0131q endi peyda ol\u0131p ba\u015fla\u011fan. M\u0131rzalar\u011fa pek az vergi t\u00f6legen tatarlar serbest ol\u011fanlar. O\u011flan balalarn\u0131 balal\u0131qtan arbiy h\u0131zmetke az\u0131rla\u011fan ve uru\u015fma\u011fa \u00f6gretkenler. Q\u0131r\u0131m qo\u015funlar\u0131 o qadar suratl\u0131 areket etken ki, bir k\u00fcnde 120 kilometr mesafeni ke\u00e7ken. Ziraat\u00e7\u0131l\u0131q daa ya\u00f1\u0131 peyda ol\u011fan\u0131ndan ealini\u00f1 b\u00fcy\u00fck bir q\u0131sm\u0131 fuqare ve a\u00e7 ol\u011fan. Vaziyetini biraz t\u00fczetmek istegen tatarlar qom\u015fu halqlarn\u0131\u00f1 topraqlar\u0131na \u00fcc\u00fcm etip \u00e7ekip al\u011fan, adamlar\u0131n\u0131 ise qul bazarlar\u0131nda satqanlar&#8221;<\/p>\n\n\n\n<p>Elvedin \u00c7ubarovn\u0131\u00f1 qayd etkenine k\u00f6re, umumtasil orta mekteplerini\u00f1 9-11-nci s\u0131n\u0131flar\u0131 i\u00e7\u00fcn talil etilgen dersliklerni\u00f1 episini yek\u00e2ne ukrain millet\u00e7iligi birle\u015ftire.&nbsp;<\/p>\n\n\n\n<p>&#8221; XIX-XX as\u0131rlar ve XXI as\u0131rn\u0131\u00f1 ba\u015f\u0131nda tarihiy ceryanlar ve vaqialar faqat ukrain topraqlar\u0131nda, ukrain halq\u0131n\u0131\u00f1 vaziyeti, inki\u015faf\u0131 noqtai nazar\u0131ndan baq\u0131la. \u015eimdiki ukrain devleti s\u0131\u00f1\u0131rlar\u0131na kirgen, siyasiy ukrain milletini\u00f1 \u015fekillenmesinde i\u015ftirak etken diger halq ve milliy azl\u0131qlar&nbsp; tarih dersliklerine kirsetilmegen. B\u00f6yle&nbsp; yana\u015fuv ise &#8220;temizlengen, ar\u0131nd\u0131r\u0131l\u011fan&#8221; mektep dersliklerini\u00f1 peyda olmas\u0131na al\u0131p kele. Tabiiy ki, olarn\u0131 oqup devletimizni\u00f1 ne milliy, ne de medeniy \u00f6zg\u00fcnligini a\u00f1lamaq m\u00fcmk\u00fcn, &#8211; dey Elvedin a\u011fa. \u2013 Teess\u00fcf ki, bu dersliklerde q\u0131r\u0131mtatarlar\u0131na yer tap\u0131lma\u011fan. Olarn\u0131\u00f1 ad\u0131&nbsp; Ukrainada i\u00e7timaiy-siyasiy areketlernen, topraqs\u0131z qaluv ve icret, so\u00f1ra milletni\u00f1 uyanmas\u0131na siltem bergen \u0130. Gasprinskiy faaliyeti&nbsp; ile ba\u011fl\u0131 olaraq da baq\u0131lmay&#8221;<\/p>\n\n\n\n<p>&nbsp;Seminar i\u015ftirak\u00e7ileri bun\u0131\u00f1 kibi de&nbsp; &#8220;Mektep dersliklerinde milliy ve diniy azl\u0131qlar\u011fa nisbeten aqs\u0131mlav munasebeti&#8221;&nbsp; mevzus\u0131nda iy\u00fcn 22-sinde \u00f6tkerilecek t\u00f6gerek masa subetini\u00f1 suallerini de muzakere ettiler.<\/p>\n\n\n\n<p class=\"has-text-align-right\">Nariman CEL\u00c2L,<\/p>\n\n\n\n<p class=\"has-text-align-right\"><a href=\"http:\/\/www.avdet.org\/\" target=\"_blank\" rel=\"noreferrer noopener\">\u00a0&#8220;Avdet&#8221;<\/a>\u00a0gazetas\u0131<\/p>\n","protected":false},"excerpt":{"rendered":"<p>Halqara &#8220;Vozrojdeniye&#8221; (\u011eayr\u0131dan tiklen\u00fcv) fond\u0131 qoltutuv\u0131nda &#8220;Ocalar \u015furas\u0131&#8221; cemaat te\u015fkil\u00e2t\u0131 amelge ke\u00e7irgen&nbsp; &#8220;Tolerant derslikler \u2013 tolerant cemiyet&#8221; leyhas\u0131 \u00e7er\u00e7ivesinde&nbsp; yap\u0131l\u011fan ara\u015ft\u0131rmalarn\u0131\u00f1 neticeleri boyunca iy\u00fcn 7 k\u00fcn\u00fc&nbsp; Ba\u011f\u00e7asarayda i\u015f seminar\u0131 \u00f6tkerildi. Kiri\u015f s\u00f6z\u00fcnen \u00e7\u0131q\u0131\u015fta bulun\u011fan tarih\u00e7\u0131 G\u00fclnara Bekirova ukrain tarih\u0131nda&nbsp; bir \u00e7oq uydurmalar mevcut ol\u011fan\u0131n\u0131 qayd etti. Ukraina bir \u00e7oq halqlar ve milletlerni\u00f1 ya\u015fa\u011fan yeri ol\u011fan\u0131na [&hellip;]<\/p>\n","protected":false},"author":1,"featured_media":0,"comment_status":"open","ping_status":"open","sticky":false,"template":"","format":"standard","meta":{"inline_featured_image":false,"footnotes":""},"categories":[265],"tags":[],"class_list":["post-24197","post","type-post","status-publish","format-standard","hentry","category-haberler"],"acf":[],"yoast_head":"<!-- This site is optimized with the Yoast SEO plugin v27.4 - https:\/\/yoast.com\/product\/yoast-seo-wordpress\/ -->\n<title>Balalar\u0131m\u0131zdan du\u015fman yapma\u011fa t\u0131r\u0131\u015falar - \u041c\u0435\u0434\u0436\u043b\u0456\u0441<\/title>\n<meta name=\"robots\" content=\"index, follow, max-snippet:-1, max-image-preview:large, max-video-preview:-1\" \/>\n<link rel=\"canonical\" href=\"https:\/\/qtmm.org\/qt\/balalarimizdan-dusman-yapmaga-tirisalar\/\" \/>\n<meta property=\"og:locale\" content=\"en_US\" \/>\n<meta property=\"og:type\" content=\"article\" \/>\n<meta property=\"og:title\" content=\"Balalar\u0131m\u0131zdan du\u015fman yapma\u011fa t\u0131r\u0131\u015falar - \u041c\u0435\u0434\u0436\u043b\u0456\u0441\" \/>\n<meta property=\"og:description\" content=\"Halqara &#8220;Vozrojdeniye&#8221; (\u011eayr\u0131dan tiklen\u00fcv) fond\u0131 qoltutuv\u0131nda &#8220;Ocalar \u015furas\u0131&#8221; cemaat te\u015fkil\u00e2t\u0131 amelge ke\u00e7irgen&nbsp; &#8220;Tolerant derslikler \u2013 tolerant cemiyet&#8221; leyhas\u0131 \u00e7er\u00e7ivesinde&nbsp; yap\u0131l\u011fan ara\u015ft\u0131rmalarn\u0131\u00f1 neticeleri boyunca iy\u00fcn 7 k\u00fcn\u00fc&nbsp; Ba\u011f\u00e7asarayda i\u015f seminar\u0131 \u00f6tkerildi. Kiri\u015f s\u00f6z\u00fcnen \u00e7\u0131q\u0131\u015fta bulun\u011fan tarih\u00e7\u0131 G\u00fclnara Bekirova ukrain tarih\u0131nda&nbsp; bir \u00e7oq uydurmalar mevcut ol\u011fan\u0131n\u0131 qayd etti. Ukraina bir \u00e7oq halqlar ve milletlerni\u00f1 ya\u015fa\u011fan yeri ol\u011fan\u0131na [&hellip;]\" \/>\n<meta property=\"og:url\" content=\"https:\/\/qtmm.org\/qt\/balalarimizdan-dusman-yapmaga-tirisalar\/\" \/>\n<meta property=\"og:site_name\" content=\"\u041c\u0435\u0434\u0436\u043b\u0456\u0441\" \/>\n<meta property=\"article:publisher\" content=\"https:\/\/www.facebook.com\/qtmm.info\/\" \/>\n<meta property=\"article:published_time\" content=\"2011-06-16T14:46:00+00:00\" \/>\n<meta property=\"article:modified_time\" content=\"2022-01-18T14:47:37+00:00\" \/>\n<meta name=\"author\" content=\"Developer\" \/>\n<meta name=\"twitter:card\" content=\"summary_large_image\" \/>\n<meta name=\"twitter:label1\" content=\"Written by\" \/>\n\t<meta name=\"twitter:data1\" content=\"Developer\" \/>\n\t<meta name=\"twitter:label2\" content=\"Est. reading time\" \/>\n\t<meta name=\"twitter:data2\" content=\"4 minutes\" \/>\n<script type=\"application\/ld+json\" class=\"yoast-schema-graph\">{\"@context\":\"https:\\\/\\\/schema.org\",\"@graph\":[{\"@type\":\"Article\",\"@id\":\"https:\\\/\\\/qtmm.org\\\/qt\\\/balalarimizdan-dusman-yapmaga-tirisalar\\\/#article\",\"isPartOf\":{\"@id\":\"https:\\\/\\\/qtmm.org\\\/qt\\\/balalarimizdan-dusman-yapmaga-tirisalar\\\/\"},\"author\":{\"name\":\"Developer\",\"@id\":\"https:\\\/\\\/qtmm.org\\\/qt\\\/#\\\/schema\\\/person\\\/de562469f971dec226ac06e60bbf74a7\"},\"headline\":\"Balalar\u0131m\u0131zdan du\u015fman yapma\u011fa t\u0131r\u0131\u015falar\",\"datePublished\":\"2011-06-16T14:46:00+00:00\",\"dateModified\":\"2022-01-18T14:47:37+00:00\",\"mainEntityOfPage\":{\"@id\":\"https:\\\/\\\/qtmm.org\\\/qt\\\/balalarimizdan-dusman-yapmaga-tirisalar\\\/\"},\"wordCount\":787,\"commentCount\":0,\"publisher\":{\"@id\":\"https:\\\/\\\/qtmm.org\\\/qt\\\/#organization\"},\"articleSection\":[\"Haberler\"],\"inLanguage\":\"qt\",\"potentialAction\":[{\"@type\":\"CommentAction\",\"name\":\"Comment\",\"target\":[\"https:\\\/\\\/qtmm.org\\\/qt\\\/balalarimizdan-dusman-yapmaga-tirisalar\\\/#respond\"]}]},{\"@type\":\"WebPage\",\"@id\":\"https:\\\/\\\/qtmm.org\\\/qt\\\/balalarimizdan-dusman-yapmaga-tirisalar\\\/\",\"url\":\"https:\\\/\\\/qtmm.org\\\/qt\\\/balalarimizdan-dusman-yapmaga-tirisalar\\\/\",\"name\":\"Balalar\u0131m\u0131zdan du\u015fman yapma\u011fa t\u0131r\u0131\u015falar - \u041c\u0435\u0434\u0436\u043b\u0456\u0441\",\"isPartOf\":{\"@id\":\"https:\\\/\\\/qtmm.org\\\/qt\\\/#website\"},\"datePublished\":\"2011-06-16T14:46:00+00:00\",\"dateModified\":\"2022-01-18T14:47:37+00:00\",\"breadcrumb\":{\"@id\":\"https:\\\/\\\/qtmm.org\\\/qt\\\/balalarimizdan-dusman-yapmaga-tirisalar\\\/#breadcrumb\"},\"inLanguage\":\"qt\",\"potentialAction\":[{\"@type\":\"ReadAction\",\"target\":[\"https:\\\/\\\/qtmm.org\\\/qt\\\/balalarimizdan-dusman-yapmaga-tirisalar\\\/\"]}]},{\"@type\":\"BreadcrumbList\",\"@id\":\"https:\\\/\\\/qtmm.org\\\/qt\\\/balalarimizdan-dusman-yapmaga-tirisalar\\\/#breadcrumb\",\"itemListElement\":[{\"@type\":\"ListItem\",\"position\":1,\"name\":\"\u0413\u043e\u043b\u043e\u0432\u043d\u0430\",\"item\":\"https:\\\/\\\/qtmm.org\\\/qt\\\/\"},{\"@type\":\"ListItem\",\"position\":2,\"name\":\"Balalar\u0131m\u0131zdan du\u015fman yapma\u011fa t\u0131r\u0131\u015falar\"}]},{\"@type\":\"WebSite\",\"@id\":\"https:\\\/\\\/qtmm.org\\\/qt\\\/#website\",\"url\":\"https:\\\/\\\/qtmm.org\\\/qt\\\/\",\"name\":\"\u041c\u0435\u0434\u0436\u043b\u0456\u0441\",\"description\":\"\",\"publisher\":{\"@id\":\"https:\\\/\\\/qtmm.org\\\/qt\\\/#organization\"},\"potentialAction\":[{\"@type\":\"SearchAction\",\"target\":{\"@type\":\"EntryPoint\",\"urlTemplate\":\"https:\\\/\\\/qtmm.org\\\/qt\\\/?s={search_term_string}\"},\"query-input\":{\"@type\":\"PropertyValueSpecification\",\"valueRequired\":true,\"valueName\":\"search_term_string\"}}],\"inLanguage\":\"qt\"},{\"@type\":\"Organization\",\"@id\":\"https:\\\/\\\/qtmm.org\\\/qt\\\/#organization\",\"name\":\"\u041c\u0435\u0434\u0436\u043b\u0456\u0441\",\"url\":\"https:\\\/\\\/qtmm.org\\\/qt\\\/\",\"logo\":{\"@type\":\"ImageObject\",\"inLanguage\":\"qt\",\"@id\":\"https:\\\/\\\/qtmm.org\\\/qt\\\/#\\\/schema\\\/logo\\\/image\\\/\",\"url\":\"https:\\\/\\\/qtmm.org\\\/wp-content\\\/uploads\\\/2024\\\/12\\\/ua-mejlis-logo-rgb.svg\",\"contentUrl\":\"https:\\\/\\\/qtmm.org\\\/wp-content\\\/uploads\\\/2024\\\/12\\\/ua-mejlis-logo-rgb.svg\",\"caption\":\"\u041c\u0435\u0434\u0436\u043b\u0456\u0441\"},\"image\":{\"@id\":\"https:\\\/\\\/qtmm.org\\\/qt\\\/#\\\/schema\\\/logo\\\/image\\\/\"},\"sameAs\":[\"https:\\\/\\\/www.facebook.com\\\/qtmm.info\\\/\"]},{\"@type\":\"Person\",\"@id\":\"https:\\\/\\\/qtmm.org\\\/qt\\\/#\\\/schema\\\/person\\\/de562469f971dec226ac06e60bbf74a7\",\"name\":\"Developer\",\"image\":{\"@type\":\"ImageObject\",\"inLanguage\":\"qt\",\"@id\":\"https:\\\/\\\/secure.gravatar.com\\\/avatar\\\/392b4cc8fbfeb00b39dfeeab4ee6edded39ffd48e25858637e4765810300227e?s=96&d=mm&r=g\",\"url\":\"https:\\\/\\\/secure.gravatar.com\\\/avatar\\\/392b4cc8fbfeb00b39dfeeab4ee6edded39ffd48e25858637e4765810300227e?s=96&d=mm&r=g\",\"contentUrl\":\"https:\\\/\\\/secure.gravatar.com\\\/avatar\\\/392b4cc8fbfeb00b39dfeeab4ee6edded39ffd48e25858637e4765810300227e?s=96&d=mm&r=g\",\"caption\":\"Developer\"},\"url\":\"https:\\\/\\\/qtmm.org\\\/qt\\\/author\\\/Developer\\\/\"}]}<\/script>\n<!-- \/ Yoast SEO plugin. -->","yoast_head_json":{"title":"Balalar\u0131m\u0131zdan du\u015fman yapma\u011fa t\u0131r\u0131\u015falar - \u041c\u0435\u0434\u0436\u043b\u0456\u0441","robots":{"index":"index","follow":"follow","max-snippet":"max-snippet:-1","max-image-preview":"max-image-preview:large","max-video-preview":"max-video-preview:-1"},"canonical":"https:\/\/qtmm.org\/qt\/balalarimizdan-dusman-yapmaga-tirisalar\/","og_locale":"en_US","og_type":"article","og_title":"Balalar\u0131m\u0131zdan du\u015fman yapma\u011fa t\u0131r\u0131\u015falar - \u041c\u0435\u0434\u0436\u043b\u0456\u0441","og_description":"Halqara &#8220;Vozrojdeniye&#8221; (\u011eayr\u0131dan tiklen\u00fcv) fond\u0131 qoltutuv\u0131nda &#8220;Ocalar \u015furas\u0131&#8221; cemaat te\u015fkil\u00e2t\u0131 amelge ke\u00e7irgen&nbsp; &#8220;Tolerant derslikler \u2013 tolerant cemiyet&#8221; leyhas\u0131 \u00e7er\u00e7ivesinde&nbsp; yap\u0131l\u011fan ara\u015ft\u0131rmalarn\u0131\u00f1 neticeleri boyunca iy\u00fcn 7 k\u00fcn\u00fc&nbsp; Ba\u011f\u00e7asarayda i\u015f seminar\u0131 \u00f6tkerildi. Kiri\u015f s\u00f6z\u00fcnen \u00e7\u0131q\u0131\u015fta bulun\u011fan tarih\u00e7\u0131 G\u00fclnara Bekirova ukrain tarih\u0131nda&nbsp; bir \u00e7oq uydurmalar mevcut ol\u011fan\u0131n\u0131 qayd etti. Ukraina bir \u00e7oq halqlar ve milletlerni\u00f1 ya\u015fa\u011fan yeri ol\u011fan\u0131na [&hellip;]","og_url":"https:\/\/qtmm.org\/qt\/balalarimizdan-dusman-yapmaga-tirisalar\/","og_site_name":"\u041c\u0435\u0434\u0436\u043b\u0456\u0441","article_publisher":"https:\/\/www.facebook.com\/qtmm.info\/","article_published_time":"2011-06-16T14:46:00+00:00","article_modified_time":"2022-01-18T14:47:37+00:00","author":"Developer","twitter_card":"summary_large_image","twitter_misc":{"Written by":"Developer","Est. reading time":"4 minutes"},"schema":{"@context":"https:\/\/schema.org","@graph":[{"@type":"Article","@id":"https:\/\/qtmm.org\/qt\/balalarimizdan-dusman-yapmaga-tirisalar\/#article","isPartOf":{"@id":"https:\/\/qtmm.org\/qt\/balalarimizdan-dusman-yapmaga-tirisalar\/"},"author":{"name":"Developer","@id":"https:\/\/qtmm.org\/qt\/#\/schema\/person\/de562469f971dec226ac06e60bbf74a7"},"headline":"Balalar\u0131m\u0131zdan du\u015fman yapma\u011fa t\u0131r\u0131\u015falar","datePublished":"2011-06-16T14:46:00+00:00","dateModified":"2022-01-18T14:47:37+00:00","mainEntityOfPage":{"@id":"https:\/\/qtmm.org\/qt\/balalarimizdan-dusman-yapmaga-tirisalar\/"},"wordCount":787,"commentCount":0,"publisher":{"@id":"https:\/\/qtmm.org\/qt\/#organization"},"articleSection":["Haberler"],"inLanguage":"qt","potentialAction":[{"@type":"CommentAction","name":"Comment","target":["https:\/\/qtmm.org\/qt\/balalarimizdan-dusman-yapmaga-tirisalar\/#respond"]}]},{"@type":"WebPage","@id":"https:\/\/qtmm.org\/qt\/balalarimizdan-dusman-yapmaga-tirisalar\/","url":"https:\/\/qtmm.org\/qt\/balalarimizdan-dusman-yapmaga-tirisalar\/","name":"Balalar\u0131m\u0131zdan du\u015fman yapma\u011fa t\u0131r\u0131\u015falar - \u041c\u0435\u0434\u0436\u043b\u0456\u0441","isPartOf":{"@id":"https:\/\/qtmm.org\/qt\/#website"},"datePublished":"2011-06-16T14:46:00+00:00","dateModified":"2022-01-18T14:47:37+00:00","breadcrumb":{"@id":"https:\/\/qtmm.org\/qt\/balalarimizdan-dusman-yapmaga-tirisalar\/#breadcrumb"},"inLanguage":"qt","potentialAction":[{"@type":"ReadAction","target":["https:\/\/qtmm.org\/qt\/balalarimizdan-dusman-yapmaga-tirisalar\/"]}]},{"@type":"BreadcrumbList","@id":"https:\/\/qtmm.org\/qt\/balalarimizdan-dusman-yapmaga-tirisalar\/#breadcrumb","itemListElement":[{"@type":"ListItem","position":1,"name":"\u0413\u043e\u043b\u043e\u0432\u043d\u0430","item":"https:\/\/qtmm.org\/qt\/"},{"@type":"ListItem","position":2,"name":"Balalar\u0131m\u0131zdan du\u015fman yapma\u011fa t\u0131r\u0131\u015falar"}]},{"@type":"WebSite","@id":"https:\/\/qtmm.org\/qt\/#website","url":"https:\/\/qtmm.org\/qt\/","name":"\u041c\u0435\u0434\u0436\u043b\u0456\u0441","description":"","publisher":{"@id":"https:\/\/qtmm.org\/qt\/#organization"},"potentialAction":[{"@type":"SearchAction","target":{"@type":"EntryPoint","urlTemplate":"https:\/\/qtmm.org\/qt\/?s={search_term_string}"},"query-input":{"@type":"PropertyValueSpecification","valueRequired":true,"valueName":"search_term_string"}}],"inLanguage":"qt"},{"@type":"Organization","@id":"https:\/\/qtmm.org\/qt\/#organization","name":"\u041c\u0435\u0434\u0436\u043b\u0456\u0441","url":"https:\/\/qtmm.org\/qt\/","logo":{"@type":"ImageObject","inLanguage":"qt","@id":"https:\/\/qtmm.org\/qt\/#\/schema\/logo\/image\/","url":"https:\/\/qtmm.org\/wp-content\/uploads\/2024\/12\/ua-mejlis-logo-rgb.svg","contentUrl":"https:\/\/qtmm.org\/wp-content\/uploads\/2024\/12\/ua-mejlis-logo-rgb.svg","caption":"\u041c\u0435\u0434\u0436\u043b\u0456\u0441"},"image":{"@id":"https:\/\/qtmm.org\/qt\/#\/schema\/logo\/image\/"},"sameAs":["https:\/\/www.facebook.com\/qtmm.info\/"]},{"@type":"Person","@id":"https:\/\/qtmm.org\/qt\/#\/schema\/person\/de562469f971dec226ac06e60bbf74a7","name":"Developer","image":{"@type":"ImageObject","inLanguage":"qt","@id":"https:\/\/secure.gravatar.com\/avatar\/392b4cc8fbfeb00b39dfeeab4ee6edded39ffd48e25858637e4765810300227e?s=96&d=mm&r=g","url":"https:\/\/secure.gravatar.com\/avatar\/392b4cc8fbfeb00b39dfeeab4ee6edded39ffd48e25858637e4765810300227e?s=96&d=mm&r=g","contentUrl":"https:\/\/secure.gravatar.com\/avatar\/392b4cc8fbfeb00b39dfeeab4ee6edded39ffd48e25858637e4765810300227e?s=96&d=mm&r=g","caption":"Developer"},"url":"https:\/\/qtmm.org\/qt\/author\/Developer\/"}]}},"_links":{"self":[{"href":"https:\/\/qtmm.org\/qt\/wp-json\/wp\/v2\/posts\/24197","targetHints":{"allow":["GET"]}}],"collection":[{"href":"https:\/\/qtmm.org\/qt\/wp-json\/wp\/v2\/posts"}],"about":[{"href":"https:\/\/qtmm.org\/qt\/wp-json\/wp\/v2\/types\/post"}],"author":[{"embeddable":true,"href":"https:\/\/qtmm.org\/qt\/wp-json\/wp\/v2\/users\/1"}],"replies":[{"embeddable":true,"href":"https:\/\/qtmm.org\/qt\/wp-json\/wp\/v2\/comments?post=24197"}],"version-history":[{"count":1,"href":"https:\/\/qtmm.org\/qt\/wp-json\/wp\/v2\/posts\/24197\/revisions"}],"predecessor-version":[{"id":24198,"href":"https:\/\/qtmm.org\/qt\/wp-json\/wp\/v2\/posts\/24197\/revisions\/24198"}],"wp:attachment":[{"href":"https:\/\/qtmm.org\/qt\/wp-json\/wp\/v2\/media?parent=24197"}],"wp:term":[{"taxonomy":"category","embeddable":true,"href":"https:\/\/qtmm.org\/qt\/wp-json\/wp\/v2\/categories?post=24197"},{"taxonomy":"post_tag","embeddable":true,"href":"https:\/\/qtmm.org\/qt\/wp-json\/wp\/v2\/tags?post=24197"}],"curies":[{"name":"wp","href":"https:\/\/api.w.org\/{rel}","templated":true}]}}