




{"id":23911,"date":"2011-12-27T16:57:00","date_gmt":"2011-12-27T13:57:00","guid":{"rendered":"http:\/\/qtmm.org\/?p=23911"},"modified":"2022-01-18T16:57:43","modified_gmt":"2022-01-18T13:57:43","slug":"icki-rayoninda-19-yasinda-qizga-qarsi-yapilgan-cinayet-islamcilar-tarafindan-yapilgani-kibi-emis-demisler-provokatsiyadir-m-cemilev","status":"publish","type":"post","link":"https:\/\/qtmm.org\/qt\/icki-rayoninda-19-yasinda-qizga-qarsi-yapilgan-cinayet-islamcilar-tarafindan-yapilgani-kibi-emis-demisler-provokatsiyadir-m-cemilev\/","title":{"rendered":"\u0130\u00e7ki rayon\u0131nda 19 ya\u015f\u0131nda q\u0131z\u011fa qar\u015f\u0131 yap\u0131l\u011fan cinayet isl\u00e2mc\u0131lar taraf\u0131ndan yap\u0131l\u011fan\u0131 kibi emi\u015f-demi\u015fler provokatsiyad\u0131r&#8221;, &#8211; M.Cemilev"},"content":{"rendered":"\n<p>Milliy Meclis reisi, Ukraina halq deputat\u0131 Mustafa Cemilev, bir s\u0131ra Q\u0130Vn\u0131\u00f1 versiyalar\u0131 boyunca \u0130\u00e7ki rayon\u0131nda 19 ya\u015f\u0131nda q\u0131z\u011fa qar\u015f\u0131 yap\u0131l\u011fan cinayet \u015fariat qanunlar\u0131 boyunca yap\u0131l\u011fan\u0131 kibi mal\u00fcmatn\u0131 tefsir eterek, provokatsiya dep saya. \u00c7\u00fcnki qatilni\u00f1 isl\u00e2m\u011fa i\u00e7 bir munasebeti yoqt\u0131r.<\/p>\n\n\n\n<p>&#8220;Baban\u0131\u00f1 s\u00f6zlerini di\u00f1lerek qoranta dinsiz ol\u011fan\u0131n\u0131 ayta bilmek m\u00fcmk\u00fcn, \u00e7\u00fcnki olar i\u00e7 bir vaq\u0131t camige bile barma\u011fanlar. Babas\u0131 resmiy \u015fekilde q\u0131r\u0131mtatard\u0131r, amma vahhabizm m\u0131nda asl\u0131 da yoq! Men bellesem, bu provokatsiyad\u0131r&#8221;, &#8211; TSN.uage tefsir eterek dedi Cemilev<\/p>\n\n\n\n<p>Mustafa Cemilev bildirgeni kibi, \u0130\u00e7ki regional meclisini\u00f1 vekilleri balan\u0131\u00f1 babas\u0131 ile militsiya\u011fa bard\u0131lar. Vesveselenilgen bala aqiqaten 16 ya\u015f\u0131ndaki Bil\u00e2l Gaziyevdir. \u00d6lgen q\u0131znen olar beraber oqu\u011fanlar. Militsiyada balan\u0131\u00f1 \u015faatl\u0131\u011f\u0131 bar ekeni dep say\u0131la. Amma Gaziyevge advokat yiberilgen so\u00f1 bala cinayet yapma\u011fan\u0131n\u0131 bildirdi. Babas\u0131na o b\u00f6yle degen: &#8220;Militsiyada ol\u011fan aqaylar ma\u00f1a b\u00f6yle aytaca\u011f\u0131mn\u0131 aytt\u0131lar\u2026 Men olar\u011fa bir \u015fey yapma\u011fan\u0131mn\u0131, q\u0131zn\u0131 evge tek oz\u011far\u011fan\u0131m aqq\u0131nda aytsam da, olar ma\u00f1a aksine aytaca\u011f\u0131mn\u0131 dediler&#8221;, &#8211; ik\u00e2ye etti M. Cemilev<\/p>\n\n\n\n<p>Milliy Meclis reisini\u00f1 fikirince, bala\u011fa qar\u015f\u0131 tek onda \u00f6lgen q\u0131zn\u0131\u00f1 cep telefon\u0131 ve urbas\u0131nda on\u0131\u00f1 qan\u0131 ol\u011fan fakt oynay. Amma m\u0131nda da yap\u0131l\u011fan ekspertiza boyunca urbada tek balan\u0131\u00f1 qan\u0131 bar edi.<\/p>\n\n\n\n<p>Cemilevn\u0131\u00f1 aytqan\u0131na k\u00f6re, bu cinayet din esas\u0131nda yap\u0131l\u011fan\u0131 kibi Q\u0130V taraf\u0131ndan berilgen mal\u00fcmat &#8211; provokatsiyad\u0131r.<\/p>\n","protected":false},"excerpt":{"rendered":"<p>Milliy Meclis reisi, Ukraina halq deputat\u0131 Mustafa Cemilev, bir s\u0131ra Q\u0130Vn\u0131\u00f1 versiyalar\u0131 boyunca \u0130\u00e7ki rayon\u0131nda 19 ya\u015f\u0131nda q\u0131z\u011fa qar\u015f\u0131 yap\u0131l\u011fan cinayet \u015fariat qanunlar\u0131 boyunca yap\u0131l\u011fan\u0131 kibi mal\u00fcmatn\u0131 tefsir eterek, provokatsiya dep saya. \u00c7\u00fcnki qatilni\u00f1 isl\u00e2m\u011fa i\u00e7 bir munasebeti yoqt\u0131r. &#8220;Baban\u0131\u00f1 s\u00f6zlerini di\u00f1lerek qoranta dinsiz ol\u011fan\u0131n\u0131 ayta bilmek m\u00fcmk\u00fcn, \u00e7\u00fcnki olar i\u00e7 bir vaq\u0131t camige bile [&hellip;]<\/p>\n","protected":false},"author":1,"featured_media":0,"comment_status":"open","ping_status":"open","sticky":false,"template":"","format":"standard","meta":{"inline_featured_image":false,"footnotes":""},"categories":[265],"tags":[],"class_list":["post-23911","post","type-post","status-publish","format-standard","hentry","category-haberler"],"acf":[],"yoast_head":"<!-- This site is optimized with the Yoast SEO plugin v27.4 - https:\/\/yoast.com\/product\/yoast-seo-wordpress\/ -->\n<title>\u0130\u00e7ki rayon\u0131nda 19 ya\u015f\u0131nda q\u0131z\u011fa qar\u015f\u0131 yap\u0131l\u011fan cinayet isl\u00e2mc\u0131lar taraf\u0131ndan yap\u0131l\u011fan\u0131 kibi emi\u015f-demi\u015fler provokatsiyad\u0131r&quot;, - M.Cemilev - \u041c\u0435\u0434\u0436\u043b\u0456\u0441<\/title>\n<meta name=\"robots\" content=\"index, follow, max-snippet:-1, max-image-preview:large, max-video-preview:-1\" \/>\n<link rel=\"canonical\" href=\"https:\/\/qtmm.org\/qt\/icki-rayoninda-19-yasinda-qizga-qarsi-yapilgan-cinayet-islamcilar-tarafindan-yapilgani-kibi-emis-demisler-provokatsiyadir-m-cemilev\/\" \/>\n<meta property=\"og:locale\" content=\"en_US\" \/>\n<meta property=\"og:type\" content=\"article\" \/>\n<meta property=\"og:title\" content=\"\u0130\u00e7ki rayon\u0131nda 19 ya\u015f\u0131nda q\u0131z\u011fa qar\u015f\u0131 yap\u0131l\u011fan cinayet isl\u00e2mc\u0131lar taraf\u0131ndan yap\u0131l\u011fan\u0131 kibi emi\u015f-demi\u015fler provokatsiyad\u0131r&quot;, - M.Cemilev - \u041c\u0435\u0434\u0436\u043b\u0456\u0441\" \/>\n<meta property=\"og:description\" content=\"Milliy Meclis reisi, Ukraina halq deputat\u0131 Mustafa Cemilev, bir s\u0131ra Q\u0130Vn\u0131\u00f1 versiyalar\u0131 boyunca \u0130\u00e7ki rayon\u0131nda 19 ya\u015f\u0131nda q\u0131z\u011fa qar\u015f\u0131 yap\u0131l\u011fan cinayet \u015fariat qanunlar\u0131 boyunca yap\u0131l\u011fan\u0131 kibi mal\u00fcmatn\u0131 tefsir eterek, provokatsiya dep saya. \u00c7\u00fcnki qatilni\u00f1 isl\u00e2m\u011fa i\u00e7 bir munasebeti yoqt\u0131r. &#8220;Baban\u0131\u00f1 s\u00f6zlerini di\u00f1lerek qoranta dinsiz ol\u011fan\u0131n\u0131 ayta bilmek m\u00fcmk\u00fcn, \u00e7\u00fcnki olar i\u00e7 bir vaq\u0131t camige bile [&hellip;]\" \/>\n<meta property=\"og:url\" content=\"https:\/\/qtmm.org\/qt\/icki-rayoninda-19-yasinda-qizga-qarsi-yapilgan-cinayet-islamcilar-tarafindan-yapilgani-kibi-emis-demisler-provokatsiyadir-m-cemilev\/\" \/>\n<meta property=\"og:site_name\" content=\"\u041c\u0435\u0434\u0436\u043b\u0456\u0441\" \/>\n<meta property=\"article:publisher\" content=\"https:\/\/www.facebook.com\/qtmm.info\/\" \/>\n<meta property=\"article:published_time\" content=\"2011-12-27T13:57:00+00:00\" \/>\n<meta property=\"article:modified_time\" content=\"2022-01-18T13:57:43+00:00\" \/>\n<meta name=\"author\" content=\"Developer\" \/>\n<meta name=\"twitter:card\" content=\"summary_large_image\" \/>\n<meta name=\"twitter:label1\" content=\"Written by\" \/>\n\t<meta name=\"twitter:data1\" content=\"Developer\" \/>\n\t<meta name=\"twitter:label2\" content=\"Est. reading time\" \/>\n\t<meta name=\"twitter:data2\" content=\"1 minute\" \/>\n<script type=\"application\/ld+json\" class=\"yoast-schema-graph\">{\"@context\":\"https:\\\/\\\/schema.org\",\"@graph\":[{\"@type\":\"Article\",\"@id\":\"https:\\\/\\\/qtmm.org\\\/qt\\\/icki-rayoninda-19-yasinda-qizga-qarsi-yapilgan-cinayet-islamcilar-tarafindan-yapilgani-kibi-emis-demisler-provokatsiyadir-m-cemilev\\\/#article\",\"isPartOf\":{\"@id\":\"https:\\\/\\\/qtmm.org\\\/qt\\\/icki-rayoninda-19-yasinda-qizga-qarsi-yapilgan-cinayet-islamcilar-tarafindan-yapilgani-kibi-emis-demisler-provokatsiyadir-m-cemilev\\\/\"},\"author\":{\"name\":\"Developer\",\"@id\":\"https:\\\/\\\/qtmm.org\\\/qt\\\/#\\\/schema\\\/person\\\/de562469f971dec226ac06e60bbf74a7\"},\"headline\":\"\u0130\u00e7ki rayon\u0131nda 19 ya\u015f\u0131nda q\u0131z\u011fa qar\u015f\u0131 yap\u0131l\u011fan cinayet isl\u00e2mc\u0131lar taraf\u0131ndan yap\u0131l\u011fan\u0131 kibi emi\u015f-demi\u015fler provokatsiyad\u0131r&#8221;, &#8211; M.Cemilev\",\"datePublished\":\"2011-12-27T13:57:00+00:00\",\"dateModified\":\"2022-01-18T13:57:43+00:00\",\"mainEntityOfPage\":{\"@id\":\"https:\\\/\\\/qtmm.org\\\/qt\\\/icki-rayoninda-19-yasinda-qizga-qarsi-yapilgan-cinayet-islamcilar-tarafindan-yapilgani-kibi-emis-demisler-provokatsiyadir-m-cemilev\\\/\"},\"wordCount\":295,\"commentCount\":0,\"publisher\":{\"@id\":\"https:\\\/\\\/qtmm.org\\\/qt\\\/#organization\"},\"articleSection\":[\"Haberler\"],\"inLanguage\":\"qt\",\"potentialAction\":[{\"@type\":\"CommentAction\",\"name\":\"Comment\",\"target\":[\"https:\\\/\\\/qtmm.org\\\/qt\\\/icki-rayoninda-19-yasinda-qizga-qarsi-yapilgan-cinayet-islamcilar-tarafindan-yapilgani-kibi-emis-demisler-provokatsiyadir-m-cemilev\\\/#respond\"]}]},{\"@type\":\"WebPage\",\"@id\":\"https:\\\/\\\/qtmm.org\\\/qt\\\/icki-rayoninda-19-yasinda-qizga-qarsi-yapilgan-cinayet-islamcilar-tarafindan-yapilgani-kibi-emis-demisler-provokatsiyadir-m-cemilev\\\/\",\"url\":\"https:\\\/\\\/qtmm.org\\\/qt\\\/icki-rayoninda-19-yasinda-qizga-qarsi-yapilgan-cinayet-islamcilar-tarafindan-yapilgani-kibi-emis-demisler-provokatsiyadir-m-cemilev\\\/\",\"name\":\"\u0130\u00e7ki rayon\u0131nda 19 ya\u015f\u0131nda q\u0131z\u011fa qar\u015f\u0131 yap\u0131l\u011fan cinayet isl\u00e2mc\u0131lar taraf\u0131ndan yap\u0131l\u011fan\u0131 kibi emi\u015f-demi\u015fler provokatsiyad\u0131r\\\", - M.Cemilev - \u041c\u0435\u0434\u0436\u043b\u0456\u0441\",\"isPartOf\":{\"@id\":\"https:\\\/\\\/qtmm.org\\\/qt\\\/#website\"},\"datePublished\":\"2011-12-27T13:57:00+00:00\",\"dateModified\":\"2022-01-18T13:57:43+00:00\",\"breadcrumb\":{\"@id\":\"https:\\\/\\\/qtmm.org\\\/qt\\\/icki-rayoninda-19-yasinda-qizga-qarsi-yapilgan-cinayet-islamcilar-tarafindan-yapilgani-kibi-emis-demisler-provokatsiyadir-m-cemilev\\\/#breadcrumb\"},\"inLanguage\":\"qt\",\"potentialAction\":[{\"@type\":\"ReadAction\",\"target\":[\"https:\\\/\\\/qtmm.org\\\/qt\\\/icki-rayoninda-19-yasinda-qizga-qarsi-yapilgan-cinayet-islamcilar-tarafindan-yapilgani-kibi-emis-demisler-provokatsiyadir-m-cemilev\\\/\"]}]},{\"@type\":\"BreadcrumbList\",\"@id\":\"https:\\\/\\\/qtmm.org\\\/qt\\\/icki-rayoninda-19-yasinda-qizga-qarsi-yapilgan-cinayet-islamcilar-tarafindan-yapilgani-kibi-emis-demisler-provokatsiyadir-m-cemilev\\\/#breadcrumb\",\"itemListElement\":[{\"@type\":\"ListItem\",\"position\":1,\"name\":\"\u0413\u043e\u043b\u043e\u0432\u043d\u0430\",\"item\":\"https:\\\/\\\/qtmm.org\\\/qt\\\/\"},{\"@type\":\"ListItem\",\"position\":2,\"name\":\"\u0130\u00e7ki rayon\u0131nda 19 ya\u015f\u0131nda q\u0131z\u011fa qar\u015f\u0131 yap\u0131l\u011fan cinayet isl\u00e2mc\u0131lar taraf\u0131ndan yap\u0131l\u011fan\u0131 kibi emi\u015f-demi\u015fler provokatsiyad\u0131r&#8221;, &#8211; M.Cemilev\"}]},{\"@type\":\"WebSite\",\"@id\":\"https:\\\/\\\/qtmm.org\\\/qt\\\/#website\",\"url\":\"https:\\\/\\\/qtmm.org\\\/qt\\\/\",\"name\":\"\u041c\u0435\u0434\u0436\u043b\u0456\u0441\",\"description\":\"\",\"publisher\":{\"@id\":\"https:\\\/\\\/qtmm.org\\\/qt\\\/#organization\"},\"potentialAction\":[{\"@type\":\"SearchAction\",\"target\":{\"@type\":\"EntryPoint\",\"urlTemplate\":\"https:\\\/\\\/qtmm.org\\\/qt\\\/?s={search_term_string}\"},\"query-input\":{\"@type\":\"PropertyValueSpecification\",\"valueRequired\":true,\"valueName\":\"search_term_string\"}}],\"inLanguage\":\"qt\"},{\"@type\":\"Organization\",\"@id\":\"https:\\\/\\\/qtmm.org\\\/qt\\\/#organization\",\"name\":\"\u041c\u0435\u0434\u0436\u043b\u0456\u0441\",\"url\":\"https:\\\/\\\/qtmm.org\\\/qt\\\/\",\"logo\":{\"@type\":\"ImageObject\",\"inLanguage\":\"qt\",\"@id\":\"https:\\\/\\\/qtmm.org\\\/qt\\\/#\\\/schema\\\/logo\\\/image\\\/\",\"url\":\"https:\\\/\\\/qtmm.org\\\/wp-content\\\/uploads\\\/2024\\\/12\\\/ua-mejlis-logo-rgb.svg\",\"contentUrl\":\"https:\\\/\\\/qtmm.org\\\/wp-content\\\/uploads\\\/2024\\\/12\\\/ua-mejlis-logo-rgb.svg\",\"caption\":\"\u041c\u0435\u0434\u0436\u043b\u0456\u0441\"},\"image\":{\"@id\":\"https:\\\/\\\/qtmm.org\\\/qt\\\/#\\\/schema\\\/logo\\\/image\\\/\"},\"sameAs\":[\"https:\\\/\\\/www.facebook.com\\\/qtmm.info\\\/\"]},{\"@type\":\"Person\",\"@id\":\"https:\\\/\\\/qtmm.org\\\/qt\\\/#\\\/schema\\\/person\\\/de562469f971dec226ac06e60bbf74a7\",\"name\":\"Developer\",\"image\":{\"@type\":\"ImageObject\",\"inLanguage\":\"qt\",\"@id\":\"https:\\\/\\\/secure.gravatar.com\\\/avatar\\\/392b4cc8fbfeb00b39dfeeab4ee6edded39ffd48e25858637e4765810300227e?s=96&d=mm&r=g\",\"url\":\"https:\\\/\\\/secure.gravatar.com\\\/avatar\\\/392b4cc8fbfeb00b39dfeeab4ee6edded39ffd48e25858637e4765810300227e?s=96&d=mm&r=g\",\"contentUrl\":\"https:\\\/\\\/secure.gravatar.com\\\/avatar\\\/392b4cc8fbfeb00b39dfeeab4ee6edded39ffd48e25858637e4765810300227e?s=96&d=mm&r=g\",\"caption\":\"Developer\"},\"url\":\"https:\\\/\\\/qtmm.org\\\/qt\\\/author\\\/Developer\\\/\"}]}<\/script>\n<!-- \/ Yoast SEO plugin. -->","yoast_head_json":{"title":"\u0130\u00e7ki rayon\u0131nda 19 ya\u015f\u0131nda q\u0131z\u011fa qar\u015f\u0131 yap\u0131l\u011fan cinayet isl\u00e2mc\u0131lar taraf\u0131ndan yap\u0131l\u011fan\u0131 kibi emi\u015f-demi\u015fler provokatsiyad\u0131r\", - M.Cemilev - \u041c\u0435\u0434\u0436\u043b\u0456\u0441","robots":{"index":"index","follow":"follow","max-snippet":"max-snippet:-1","max-image-preview":"max-image-preview:large","max-video-preview":"max-video-preview:-1"},"canonical":"https:\/\/qtmm.org\/qt\/icki-rayoninda-19-yasinda-qizga-qarsi-yapilgan-cinayet-islamcilar-tarafindan-yapilgani-kibi-emis-demisler-provokatsiyadir-m-cemilev\/","og_locale":"en_US","og_type":"article","og_title":"\u0130\u00e7ki rayon\u0131nda 19 ya\u015f\u0131nda q\u0131z\u011fa qar\u015f\u0131 yap\u0131l\u011fan cinayet isl\u00e2mc\u0131lar taraf\u0131ndan yap\u0131l\u011fan\u0131 kibi emi\u015f-demi\u015fler provokatsiyad\u0131r\", - M.Cemilev - \u041c\u0435\u0434\u0436\u043b\u0456\u0441","og_description":"Milliy Meclis reisi, Ukraina halq deputat\u0131 Mustafa Cemilev, bir s\u0131ra Q\u0130Vn\u0131\u00f1 versiyalar\u0131 boyunca \u0130\u00e7ki rayon\u0131nda 19 ya\u015f\u0131nda q\u0131z\u011fa qar\u015f\u0131 yap\u0131l\u011fan cinayet \u015fariat qanunlar\u0131 boyunca yap\u0131l\u011fan\u0131 kibi mal\u00fcmatn\u0131 tefsir eterek, provokatsiya dep saya. \u00c7\u00fcnki qatilni\u00f1 isl\u00e2m\u011fa i\u00e7 bir munasebeti yoqt\u0131r. &#8220;Baban\u0131\u00f1 s\u00f6zlerini di\u00f1lerek qoranta dinsiz ol\u011fan\u0131n\u0131 ayta bilmek m\u00fcmk\u00fcn, \u00e7\u00fcnki olar i\u00e7 bir vaq\u0131t camige bile [&hellip;]","og_url":"https:\/\/qtmm.org\/qt\/icki-rayoninda-19-yasinda-qizga-qarsi-yapilgan-cinayet-islamcilar-tarafindan-yapilgani-kibi-emis-demisler-provokatsiyadir-m-cemilev\/","og_site_name":"\u041c\u0435\u0434\u0436\u043b\u0456\u0441","article_publisher":"https:\/\/www.facebook.com\/qtmm.info\/","article_published_time":"2011-12-27T13:57:00+00:00","article_modified_time":"2022-01-18T13:57:43+00:00","author":"Developer","twitter_card":"summary_large_image","twitter_misc":{"Written by":"Developer","Est. reading time":"1 minute"},"schema":{"@context":"https:\/\/schema.org","@graph":[{"@type":"Article","@id":"https:\/\/qtmm.org\/qt\/icki-rayoninda-19-yasinda-qizga-qarsi-yapilgan-cinayet-islamcilar-tarafindan-yapilgani-kibi-emis-demisler-provokatsiyadir-m-cemilev\/#article","isPartOf":{"@id":"https:\/\/qtmm.org\/qt\/icki-rayoninda-19-yasinda-qizga-qarsi-yapilgan-cinayet-islamcilar-tarafindan-yapilgani-kibi-emis-demisler-provokatsiyadir-m-cemilev\/"},"author":{"name":"Developer","@id":"https:\/\/qtmm.org\/qt\/#\/schema\/person\/de562469f971dec226ac06e60bbf74a7"},"headline":"\u0130\u00e7ki rayon\u0131nda 19 ya\u015f\u0131nda q\u0131z\u011fa qar\u015f\u0131 yap\u0131l\u011fan cinayet isl\u00e2mc\u0131lar taraf\u0131ndan yap\u0131l\u011fan\u0131 kibi emi\u015f-demi\u015fler provokatsiyad\u0131r&#8221;, &#8211; M.Cemilev","datePublished":"2011-12-27T13:57:00+00:00","dateModified":"2022-01-18T13:57:43+00:00","mainEntityOfPage":{"@id":"https:\/\/qtmm.org\/qt\/icki-rayoninda-19-yasinda-qizga-qarsi-yapilgan-cinayet-islamcilar-tarafindan-yapilgani-kibi-emis-demisler-provokatsiyadir-m-cemilev\/"},"wordCount":295,"commentCount":0,"publisher":{"@id":"https:\/\/qtmm.org\/qt\/#organization"},"articleSection":["Haberler"],"inLanguage":"qt","potentialAction":[{"@type":"CommentAction","name":"Comment","target":["https:\/\/qtmm.org\/qt\/icki-rayoninda-19-yasinda-qizga-qarsi-yapilgan-cinayet-islamcilar-tarafindan-yapilgani-kibi-emis-demisler-provokatsiyadir-m-cemilev\/#respond"]}]},{"@type":"WebPage","@id":"https:\/\/qtmm.org\/qt\/icki-rayoninda-19-yasinda-qizga-qarsi-yapilgan-cinayet-islamcilar-tarafindan-yapilgani-kibi-emis-demisler-provokatsiyadir-m-cemilev\/","url":"https:\/\/qtmm.org\/qt\/icki-rayoninda-19-yasinda-qizga-qarsi-yapilgan-cinayet-islamcilar-tarafindan-yapilgani-kibi-emis-demisler-provokatsiyadir-m-cemilev\/","name":"\u0130\u00e7ki rayon\u0131nda 19 ya\u015f\u0131nda q\u0131z\u011fa qar\u015f\u0131 yap\u0131l\u011fan cinayet isl\u00e2mc\u0131lar taraf\u0131ndan yap\u0131l\u011fan\u0131 kibi emi\u015f-demi\u015fler provokatsiyad\u0131r\", - M.Cemilev - \u041c\u0435\u0434\u0436\u043b\u0456\u0441","isPartOf":{"@id":"https:\/\/qtmm.org\/qt\/#website"},"datePublished":"2011-12-27T13:57:00+00:00","dateModified":"2022-01-18T13:57:43+00:00","breadcrumb":{"@id":"https:\/\/qtmm.org\/qt\/icki-rayoninda-19-yasinda-qizga-qarsi-yapilgan-cinayet-islamcilar-tarafindan-yapilgani-kibi-emis-demisler-provokatsiyadir-m-cemilev\/#breadcrumb"},"inLanguage":"qt","potentialAction":[{"@type":"ReadAction","target":["https:\/\/qtmm.org\/qt\/icki-rayoninda-19-yasinda-qizga-qarsi-yapilgan-cinayet-islamcilar-tarafindan-yapilgani-kibi-emis-demisler-provokatsiyadir-m-cemilev\/"]}]},{"@type":"BreadcrumbList","@id":"https:\/\/qtmm.org\/qt\/icki-rayoninda-19-yasinda-qizga-qarsi-yapilgan-cinayet-islamcilar-tarafindan-yapilgani-kibi-emis-demisler-provokatsiyadir-m-cemilev\/#breadcrumb","itemListElement":[{"@type":"ListItem","position":1,"name":"\u0413\u043e\u043b\u043e\u0432\u043d\u0430","item":"https:\/\/qtmm.org\/qt\/"},{"@type":"ListItem","position":2,"name":"\u0130\u00e7ki rayon\u0131nda 19 ya\u015f\u0131nda q\u0131z\u011fa qar\u015f\u0131 yap\u0131l\u011fan cinayet isl\u00e2mc\u0131lar taraf\u0131ndan yap\u0131l\u011fan\u0131 kibi emi\u015f-demi\u015fler provokatsiyad\u0131r&#8221;, &#8211; M.Cemilev"}]},{"@type":"WebSite","@id":"https:\/\/qtmm.org\/qt\/#website","url":"https:\/\/qtmm.org\/qt\/","name":"\u041c\u0435\u0434\u0436\u043b\u0456\u0441","description":"","publisher":{"@id":"https:\/\/qtmm.org\/qt\/#organization"},"potentialAction":[{"@type":"SearchAction","target":{"@type":"EntryPoint","urlTemplate":"https:\/\/qtmm.org\/qt\/?s={search_term_string}"},"query-input":{"@type":"PropertyValueSpecification","valueRequired":true,"valueName":"search_term_string"}}],"inLanguage":"qt"},{"@type":"Organization","@id":"https:\/\/qtmm.org\/qt\/#organization","name":"\u041c\u0435\u0434\u0436\u043b\u0456\u0441","url":"https:\/\/qtmm.org\/qt\/","logo":{"@type":"ImageObject","inLanguage":"qt","@id":"https:\/\/qtmm.org\/qt\/#\/schema\/logo\/image\/","url":"https:\/\/qtmm.org\/wp-content\/uploads\/2024\/12\/ua-mejlis-logo-rgb.svg","contentUrl":"https:\/\/qtmm.org\/wp-content\/uploads\/2024\/12\/ua-mejlis-logo-rgb.svg","caption":"\u041c\u0435\u0434\u0436\u043b\u0456\u0441"},"image":{"@id":"https:\/\/qtmm.org\/qt\/#\/schema\/logo\/image\/"},"sameAs":["https:\/\/www.facebook.com\/qtmm.info\/"]},{"@type":"Person","@id":"https:\/\/qtmm.org\/qt\/#\/schema\/person\/de562469f971dec226ac06e60bbf74a7","name":"Developer","image":{"@type":"ImageObject","inLanguage":"qt","@id":"https:\/\/secure.gravatar.com\/avatar\/392b4cc8fbfeb00b39dfeeab4ee6edded39ffd48e25858637e4765810300227e?s=96&d=mm&r=g","url":"https:\/\/secure.gravatar.com\/avatar\/392b4cc8fbfeb00b39dfeeab4ee6edded39ffd48e25858637e4765810300227e?s=96&d=mm&r=g","contentUrl":"https:\/\/secure.gravatar.com\/avatar\/392b4cc8fbfeb00b39dfeeab4ee6edded39ffd48e25858637e4765810300227e?s=96&d=mm&r=g","caption":"Developer"},"url":"https:\/\/qtmm.org\/qt\/author\/Developer\/"}]}},"_links":{"self":[{"href":"https:\/\/qtmm.org\/qt\/wp-json\/wp\/v2\/posts\/23911","targetHints":{"allow":["GET"]}}],"collection":[{"href":"https:\/\/qtmm.org\/qt\/wp-json\/wp\/v2\/posts"}],"about":[{"href":"https:\/\/qtmm.org\/qt\/wp-json\/wp\/v2\/types\/post"}],"author":[{"embeddable":true,"href":"https:\/\/qtmm.org\/qt\/wp-json\/wp\/v2\/users\/1"}],"replies":[{"embeddable":true,"href":"https:\/\/qtmm.org\/qt\/wp-json\/wp\/v2\/comments?post=23911"}],"version-history":[{"count":1,"href":"https:\/\/qtmm.org\/qt\/wp-json\/wp\/v2\/posts\/23911\/revisions"}],"predecessor-version":[{"id":23912,"href":"https:\/\/qtmm.org\/qt\/wp-json\/wp\/v2\/posts\/23911\/revisions\/23912"}],"wp:attachment":[{"href":"https:\/\/qtmm.org\/qt\/wp-json\/wp\/v2\/media?parent=23911"}],"wp:term":[{"taxonomy":"category","embeddable":true,"href":"https:\/\/qtmm.org\/qt\/wp-json\/wp\/v2\/categories?post=23911"},{"taxonomy":"post_tag","embeddable":true,"href":"https:\/\/qtmm.org\/qt\/wp-json\/wp\/v2\/tags?post=23911"}],"curies":[{"name":"wp","href":"https:\/\/api.w.org\/{rel}","templated":true}]}}