




{"id":23904,"date":"2011-12-27T16:55:00","date_gmt":"2011-12-27T13:55:00","guid":{"rendered":"http:\/\/qtmm.org\/?p=23904"},"modified":"2022-01-18T16:56:47","modified_gmt":"2022-01-18T13:56:47","slug":"bugun-qirim-ve-ukrainanin-butun-mekteplerinde-sonki-can-yangiridi","status":"publish","type":"post","link":"https:\/\/qtmm.org\/qt\/bugun-qirim-ve-ukrainanin-butun-mekteplerinde-sonki-can-yangiridi\/","title":{"rendered":"Bug\u00fcn Q\u0131r\u0131m ve Ukrainan\u0131\u00f1 b\u00fct\u00fcn mekteplerinde so\u00f1ki \u00e7an ya\u00f1\u011f\u0131r\u0131d\u0131"},"content":{"rendered":"\n<p>May\u0131s 27 k\u00fcn\u00fc so\u00f1ki \u00e7a\u00f1 Q\u0131r\u0131mdaki q\u0131r\u0131mtatar milliy mekteplerinde de ya\u00f1\u011f\u0131rad\u0131, \u015fu munasebetnen ananeviy tantanal\u0131 cedveller ve bayram tedbirleri \u00f6tkerildi.<\/p>\n\n\n\n<p>Milliy s\u0131n\u0131flarn\u0131 bu sene 110 talebe bitirdi. \u015e\u00fcbesiz ki, talebelik deviri er bir insann\u0131\u00f1 \u00f6m\u00fcrinde silinmez iz qald\u0131ra, bizim milliy mekteplerimizni\u00f1 mezunlar\u0131 i\u00e7\u00fcn mektepnen sa\u011fl\u0131qla\u015fuv alelhusus tesirli bayram\u011fa \u00e7evirile. Tuv\u011fan mekteplerinde milliy ananeler ruhunda terbiye alaraq, olar rus mekteplerinde oqu\u011fan \u00f6z aqranlar\u0131ndan keriden qalmay\u0131p ilim-fenlerni\u00f1 temelini menimsediler ve bun\u0131\u00f1nen birlikte ba\u015fqa tillerni de \u00f6grendiler.<\/p>\n\n\n\n<p>\u015eun\u0131 da qayd etmeli ki, so\u00f1ki mektep cedveline tizilgen mezunlar ananeviy mektep kiyiminde ol\u011fanlar\u0131, omuzlar\u0131nda ise \u00fcst\u00fcnde &#8220;Mezun&#8221; yaz\u0131s\u0131nen milliy tam\u011fam\u0131z bas\u0131l\u011fan milliy bayra\u011f\u0131m\u0131z t\u00fcs\u00fcndeki \u015feritler as\u0131l\u011fan\u0131 bayram\u011fa \u011fayet k\u00f6terinki milliy ruh ba\u011f\u0131\u015flad\u0131.<\/p>\n\n\n\n<p>Milliy Meclis, devlet ve cemaat strukturalar\u0131n\u0131\u00f1 vekilleri, deputatlar ve &#8220;Ana tili o\u011frunda k\u00fcre\u015f&#8221; Programmas\u0131 te\u015fkiliy komitetini\u00f1 azalar\u0131 q\u0131r\u0131mtatar mekteplerini\u00f1 episinde bulun\u0131p, oca ve talebelerni oquv y\u0131l\u0131 bitkeni munasebetinen hay\u0131rlad\u0131lar ve mezunlar\u011fa o\u011furl\u0131 yollar tilediler.<\/p>\n\n\n\n<h1 class=\"wp-block-heading\">Haberlerge video<\/h1>\n\n\n\n<figure class=\"wp-block-embed is-type-rich is-provider-embed-handler wp-block-embed-embed-handler wp-embed-aspect-4-3 wp-has-aspect-ratio\"><div class=\"wp-block-embed__wrapper\">\n<iframe loading=\"lazy\" title=\"\u041f\u043e\u0441\u043b\u0435\u0434\u043d\u0438\u0439 \u0437\u0432\u043e\u043d\u043e\u043a \u0432 \u0448\u043a\u043e\u043b\u0430\u0445 \u041a\u0440\u044b\u043c\u0430\" width=\"640\" height=\"480\" src=\"https:\/\/www.youtube.com\/embed\/LXnJnqq7iQs?feature=oembed\" frameborder=\"0\" allow=\"accelerometer; autoplay; clipboard-write; encrypted-media; gyroscope; picture-in-picture; web-share\" referrerpolicy=\"strict-origin-when-cross-origin\" allowfullscreen><\/iframe>\n<\/div><\/figure>\n","protected":false},"excerpt":{"rendered":"<p>May\u0131s 27 k\u00fcn\u00fc so\u00f1ki \u00e7a\u00f1 Q\u0131r\u0131mdaki q\u0131r\u0131mtatar milliy mekteplerinde de ya\u00f1\u011f\u0131rad\u0131, \u015fu munasebetnen ananeviy tantanal\u0131 cedveller ve bayram tedbirleri \u00f6tkerildi. Milliy s\u0131n\u0131flarn\u0131 bu sene 110 talebe bitirdi. \u015e\u00fcbesiz ki, talebelik deviri er bir insann\u0131\u00f1 \u00f6m\u00fcrinde silinmez iz qald\u0131ra, bizim milliy mekteplerimizni\u00f1 mezunlar\u0131 i\u00e7\u00fcn mektepnen sa\u011fl\u0131qla\u015fuv alelhusus tesirli bayram\u011fa \u00e7evirile. Tuv\u011fan mekteplerinde milliy ananeler ruhunda terbiye [&hellip;]<\/p>\n","protected":false},"author":1,"featured_media":23905,"comment_status":"open","ping_status":"open","sticky":false,"template":"","format":"standard","meta":{"inline_featured_image":false,"footnotes":""},"categories":[265],"tags":[],"class_list":["post-23904","post","type-post","status-publish","format-standard","has-post-thumbnail","hentry","category-haberler"],"acf":[],"yoast_head":"<!-- This site is optimized with the Yoast SEO plugin v27.4 - https:\/\/yoast.com\/product\/yoast-seo-wordpress\/ -->\n<title>Bug\u00fcn Q\u0131r\u0131m ve Ukrainan\u0131\u00f1 b\u00fct\u00fcn mekteplerinde so\u00f1ki \u00e7an ya\u00f1\u011f\u0131r\u0131d\u0131 - \u041c\u0435\u0434\u0436\u043b\u0456\u0441<\/title>\n<meta name=\"robots\" content=\"index, follow, max-snippet:-1, max-image-preview:large, max-video-preview:-1\" \/>\n<link rel=\"canonical\" href=\"https:\/\/qtmm.org\/qt\/bugun-qirim-ve-ukrainanin-butun-mekteplerinde-sonki-can-yangiridi\/\" \/>\n<meta property=\"og:locale\" content=\"en_US\" \/>\n<meta property=\"og:type\" content=\"article\" \/>\n<meta property=\"og:title\" content=\"Bug\u00fcn Q\u0131r\u0131m ve Ukrainan\u0131\u00f1 b\u00fct\u00fcn mekteplerinde so\u00f1ki \u00e7an ya\u00f1\u011f\u0131r\u0131d\u0131 - \u041c\u0435\u0434\u0436\u043b\u0456\u0441\" \/>\n<meta property=\"og:description\" content=\"May\u0131s 27 k\u00fcn\u00fc so\u00f1ki \u00e7a\u00f1 Q\u0131r\u0131mdaki q\u0131r\u0131mtatar milliy mekteplerinde de ya\u00f1\u011f\u0131rad\u0131, \u015fu munasebetnen ananeviy tantanal\u0131 cedveller ve bayram tedbirleri \u00f6tkerildi. Milliy s\u0131n\u0131flarn\u0131 bu sene 110 talebe bitirdi. \u015e\u00fcbesiz ki, talebelik deviri er bir insann\u0131\u00f1 \u00f6m\u00fcrinde silinmez iz qald\u0131ra, bizim milliy mekteplerimizni\u00f1 mezunlar\u0131 i\u00e7\u00fcn mektepnen sa\u011fl\u0131qla\u015fuv alelhusus tesirli bayram\u011fa \u00e7evirile. Tuv\u011fan mekteplerinde milliy ananeler ruhunda terbiye [&hellip;]\" \/>\n<meta property=\"og:url\" content=\"https:\/\/qtmm.org\/qt\/bugun-qirim-ve-ukrainanin-butun-mekteplerinde-sonki-can-yangiridi\/\" \/>\n<meta property=\"og:site_name\" content=\"\u041c\u0435\u0434\u0436\u043b\u0456\u0441\" \/>\n<meta property=\"article:publisher\" content=\"https:\/\/www.facebook.com\/qtmm.info\/\" \/>\n<meta property=\"article:published_time\" content=\"2011-12-27T13:55:00+00:00\" \/>\n<meta property=\"article:modified_time\" content=\"2022-01-18T13:56:47+00:00\" \/>\n<meta property=\"og:image\" content=\"https:\/\/qtmm.org\/wp-content\/uploads\/2022\/01\/4de4aa2b5b79f.jpg\" \/>\n\t<meta property=\"og:image:width\" content=\"640\" \/>\n\t<meta property=\"og:image:height\" content=\"480\" \/>\n\t<meta property=\"og:image:type\" content=\"image\/jpeg\" \/>\n<meta name=\"author\" content=\"Developer\" \/>\n<meta name=\"twitter:card\" content=\"summary_large_image\" \/>\n<meta name=\"twitter:label1\" content=\"Written by\" \/>\n\t<meta name=\"twitter:data1\" content=\"Developer\" \/>\n\t<meta name=\"twitter:label2\" content=\"Est. reading time\" \/>\n\t<meta name=\"twitter:data2\" content=\"1 minute\" \/>\n<script type=\"application\/ld+json\" class=\"yoast-schema-graph\">{\"@context\":\"https:\\\/\\\/schema.org\",\"@graph\":[{\"@type\":\"Article\",\"@id\":\"https:\\\/\\\/qtmm.org\\\/qt\\\/bugun-qirim-ve-ukrainanin-butun-mekteplerinde-sonki-can-yangiridi\\\/#article\",\"isPartOf\":{\"@id\":\"https:\\\/\\\/qtmm.org\\\/qt\\\/bugun-qirim-ve-ukrainanin-butun-mekteplerinde-sonki-can-yangiridi\\\/\"},\"author\":{\"name\":\"Developer\",\"@id\":\"https:\\\/\\\/qtmm.org\\\/qt\\\/#\\\/schema\\\/person\\\/de562469f971dec226ac06e60bbf74a7\"},\"headline\":\"Bug\u00fcn Q\u0131r\u0131m ve Ukrainan\u0131\u00f1 b\u00fct\u00fcn mekteplerinde so\u00f1ki \u00e7an ya\u00f1\u011f\u0131r\u0131d\u0131\",\"datePublished\":\"2011-12-27T13:55:00+00:00\",\"dateModified\":\"2022-01-18T13:56:47+00:00\",\"mainEntityOfPage\":{\"@id\":\"https:\\\/\\\/qtmm.org\\\/qt\\\/bugun-qirim-ve-ukrainanin-butun-mekteplerinde-sonki-can-yangiridi\\\/\"},\"wordCount\":219,\"commentCount\":0,\"publisher\":{\"@id\":\"https:\\\/\\\/qtmm.org\\\/qt\\\/#organization\"},\"image\":{\"@id\":\"https:\\\/\\\/qtmm.org\\\/qt\\\/bugun-qirim-ve-ukrainanin-butun-mekteplerinde-sonki-can-yangiridi\\\/#primaryimage\"},\"thumbnailUrl\":\"https:\\\/\\\/qtmm.org\\\/wp-content\\\/uploads\\\/2022\\\/01\\\/4de4aa2b5b79f.jpg\",\"articleSection\":[\"Haberler\"],\"inLanguage\":\"qt\",\"potentialAction\":[{\"@type\":\"CommentAction\",\"name\":\"Comment\",\"target\":[\"https:\\\/\\\/qtmm.org\\\/qt\\\/bugun-qirim-ve-ukrainanin-butun-mekteplerinde-sonki-can-yangiridi\\\/#respond\"]}]},{\"@type\":\"WebPage\",\"@id\":\"https:\\\/\\\/qtmm.org\\\/qt\\\/bugun-qirim-ve-ukrainanin-butun-mekteplerinde-sonki-can-yangiridi\\\/\",\"url\":\"https:\\\/\\\/qtmm.org\\\/qt\\\/bugun-qirim-ve-ukrainanin-butun-mekteplerinde-sonki-can-yangiridi\\\/\",\"name\":\"Bug\u00fcn Q\u0131r\u0131m ve Ukrainan\u0131\u00f1 b\u00fct\u00fcn mekteplerinde so\u00f1ki \u00e7an ya\u00f1\u011f\u0131r\u0131d\u0131 - \u041c\u0435\u0434\u0436\u043b\u0456\u0441\",\"isPartOf\":{\"@id\":\"https:\\\/\\\/qtmm.org\\\/qt\\\/#website\"},\"primaryImageOfPage\":{\"@id\":\"https:\\\/\\\/qtmm.org\\\/qt\\\/bugun-qirim-ve-ukrainanin-butun-mekteplerinde-sonki-can-yangiridi\\\/#primaryimage\"},\"image\":{\"@id\":\"https:\\\/\\\/qtmm.org\\\/qt\\\/bugun-qirim-ve-ukrainanin-butun-mekteplerinde-sonki-can-yangiridi\\\/#primaryimage\"},\"thumbnailUrl\":\"https:\\\/\\\/qtmm.org\\\/wp-content\\\/uploads\\\/2022\\\/01\\\/4de4aa2b5b79f.jpg\",\"datePublished\":\"2011-12-27T13:55:00+00:00\",\"dateModified\":\"2022-01-18T13:56:47+00:00\",\"breadcrumb\":{\"@id\":\"https:\\\/\\\/qtmm.org\\\/qt\\\/bugun-qirim-ve-ukrainanin-butun-mekteplerinde-sonki-can-yangiridi\\\/#breadcrumb\"},\"inLanguage\":\"qt\",\"potentialAction\":[{\"@type\":\"ReadAction\",\"target\":[\"https:\\\/\\\/qtmm.org\\\/qt\\\/bugun-qirim-ve-ukrainanin-butun-mekteplerinde-sonki-can-yangiridi\\\/\"]}]},{\"@type\":\"ImageObject\",\"inLanguage\":\"qt\",\"@id\":\"https:\\\/\\\/qtmm.org\\\/qt\\\/bugun-qirim-ve-ukrainanin-butun-mekteplerinde-sonki-can-yangiridi\\\/#primaryimage\",\"url\":\"https:\\\/\\\/qtmm.org\\\/wp-content\\\/uploads\\\/2022\\\/01\\\/4de4aa2b5b79f.jpg\",\"contentUrl\":\"https:\\\/\\\/qtmm.org\\\/wp-content\\\/uploads\\\/2022\\\/01\\\/4de4aa2b5b79f.jpg\",\"width\":640,\"height\":480},{\"@type\":\"BreadcrumbList\",\"@id\":\"https:\\\/\\\/qtmm.org\\\/qt\\\/bugun-qirim-ve-ukrainanin-butun-mekteplerinde-sonki-can-yangiridi\\\/#breadcrumb\",\"itemListElement\":[{\"@type\":\"ListItem\",\"position\":1,\"name\":\"\u0413\u043e\u043b\u043e\u0432\u043d\u0430\",\"item\":\"https:\\\/\\\/qtmm.org\\\/qt\\\/\"},{\"@type\":\"ListItem\",\"position\":2,\"name\":\"Bug\u00fcn Q\u0131r\u0131m ve Ukrainan\u0131\u00f1 b\u00fct\u00fcn mekteplerinde so\u00f1ki \u00e7an ya\u00f1\u011f\u0131r\u0131d\u0131\"}]},{\"@type\":\"WebSite\",\"@id\":\"https:\\\/\\\/qtmm.org\\\/qt\\\/#website\",\"url\":\"https:\\\/\\\/qtmm.org\\\/qt\\\/\",\"name\":\"\u041c\u0435\u0434\u0436\u043b\u0456\u0441\",\"description\":\"\",\"publisher\":{\"@id\":\"https:\\\/\\\/qtmm.org\\\/qt\\\/#organization\"},\"potentialAction\":[{\"@type\":\"SearchAction\",\"target\":{\"@type\":\"EntryPoint\",\"urlTemplate\":\"https:\\\/\\\/qtmm.org\\\/qt\\\/?s={search_term_string}\"},\"query-input\":{\"@type\":\"PropertyValueSpecification\",\"valueRequired\":true,\"valueName\":\"search_term_string\"}}],\"inLanguage\":\"qt\"},{\"@type\":\"Organization\",\"@id\":\"https:\\\/\\\/qtmm.org\\\/qt\\\/#organization\",\"name\":\"\u041c\u0435\u0434\u0436\u043b\u0456\u0441\",\"url\":\"https:\\\/\\\/qtmm.org\\\/qt\\\/\",\"logo\":{\"@type\":\"ImageObject\",\"inLanguage\":\"qt\",\"@id\":\"https:\\\/\\\/qtmm.org\\\/qt\\\/#\\\/schema\\\/logo\\\/image\\\/\",\"url\":\"https:\\\/\\\/qtmm.org\\\/wp-content\\\/uploads\\\/2024\\\/12\\\/ua-mejlis-logo-rgb.svg\",\"contentUrl\":\"https:\\\/\\\/qtmm.org\\\/wp-content\\\/uploads\\\/2024\\\/12\\\/ua-mejlis-logo-rgb.svg\",\"caption\":\"\u041c\u0435\u0434\u0436\u043b\u0456\u0441\"},\"image\":{\"@id\":\"https:\\\/\\\/qtmm.org\\\/qt\\\/#\\\/schema\\\/logo\\\/image\\\/\"},\"sameAs\":[\"https:\\\/\\\/www.facebook.com\\\/qtmm.info\\\/\"]},{\"@type\":\"Person\",\"@id\":\"https:\\\/\\\/qtmm.org\\\/qt\\\/#\\\/schema\\\/person\\\/de562469f971dec226ac06e60bbf74a7\",\"name\":\"Developer\",\"image\":{\"@type\":\"ImageObject\",\"inLanguage\":\"qt\",\"@id\":\"https:\\\/\\\/secure.gravatar.com\\\/avatar\\\/392b4cc8fbfeb00b39dfeeab4ee6edded39ffd48e25858637e4765810300227e?s=96&d=mm&r=g\",\"url\":\"https:\\\/\\\/secure.gravatar.com\\\/avatar\\\/392b4cc8fbfeb00b39dfeeab4ee6edded39ffd48e25858637e4765810300227e?s=96&d=mm&r=g\",\"contentUrl\":\"https:\\\/\\\/secure.gravatar.com\\\/avatar\\\/392b4cc8fbfeb00b39dfeeab4ee6edded39ffd48e25858637e4765810300227e?s=96&d=mm&r=g\",\"caption\":\"Developer\"},\"url\":\"https:\\\/\\\/qtmm.org\\\/qt\\\/author\\\/Developer\\\/\"}]}<\/script>\n<!-- \/ Yoast SEO plugin. -->","yoast_head_json":{"title":"Bug\u00fcn Q\u0131r\u0131m ve Ukrainan\u0131\u00f1 b\u00fct\u00fcn mekteplerinde so\u00f1ki \u00e7an ya\u00f1\u011f\u0131r\u0131d\u0131 - \u041c\u0435\u0434\u0436\u043b\u0456\u0441","robots":{"index":"index","follow":"follow","max-snippet":"max-snippet:-1","max-image-preview":"max-image-preview:large","max-video-preview":"max-video-preview:-1"},"canonical":"https:\/\/qtmm.org\/qt\/bugun-qirim-ve-ukrainanin-butun-mekteplerinde-sonki-can-yangiridi\/","og_locale":"en_US","og_type":"article","og_title":"Bug\u00fcn Q\u0131r\u0131m ve Ukrainan\u0131\u00f1 b\u00fct\u00fcn mekteplerinde so\u00f1ki \u00e7an ya\u00f1\u011f\u0131r\u0131d\u0131 - \u041c\u0435\u0434\u0436\u043b\u0456\u0441","og_description":"May\u0131s 27 k\u00fcn\u00fc so\u00f1ki \u00e7a\u00f1 Q\u0131r\u0131mdaki q\u0131r\u0131mtatar milliy mekteplerinde de ya\u00f1\u011f\u0131rad\u0131, \u015fu munasebetnen ananeviy tantanal\u0131 cedveller ve bayram tedbirleri \u00f6tkerildi. Milliy s\u0131n\u0131flarn\u0131 bu sene 110 talebe bitirdi. \u015e\u00fcbesiz ki, talebelik deviri er bir insann\u0131\u00f1 \u00f6m\u00fcrinde silinmez iz qald\u0131ra, bizim milliy mekteplerimizni\u00f1 mezunlar\u0131 i\u00e7\u00fcn mektepnen sa\u011fl\u0131qla\u015fuv alelhusus tesirli bayram\u011fa \u00e7evirile. Tuv\u011fan mekteplerinde milliy ananeler ruhunda terbiye [&hellip;]","og_url":"https:\/\/qtmm.org\/qt\/bugun-qirim-ve-ukrainanin-butun-mekteplerinde-sonki-can-yangiridi\/","og_site_name":"\u041c\u0435\u0434\u0436\u043b\u0456\u0441","article_publisher":"https:\/\/www.facebook.com\/qtmm.info\/","article_published_time":"2011-12-27T13:55:00+00:00","article_modified_time":"2022-01-18T13:56:47+00:00","og_image":[{"width":640,"height":480,"url":"https:\/\/qtmm.org\/wp-content\/uploads\/2022\/01\/4de4aa2b5b79f.jpg","type":"image\/jpeg"}],"author":"Developer","twitter_card":"summary_large_image","twitter_misc":{"Written by":"Developer","Est. reading time":"1 minute"},"schema":{"@context":"https:\/\/schema.org","@graph":[{"@type":"Article","@id":"https:\/\/qtmm.org\/qt\/bugun-qirim-ve-ukrainanin-butun-mekteplerinde-sonki-can-yangiridi\/#article","isPartOf":{"@id":"https:\/\/qtmm.org\/qt\/bugun-qirim-ve-ukrainanin-butun-mekteplerinde-sonki-can-yangiridi\/"},"author":{"name":"Developer","@id":"https:\/\/qtmm.org\/qt\/#\/schema\/person\/de562469f971dec226ac06e60bbf74a7"},"headline":"Bug\u00fcn Q\u0131r\u0131m ve Ukrainan\u0131\u00f1 b\u00fct\u00fcn mekteplerinde so\u00f1ki \u00e7an ya\u00f1\u011f\u0131r\u0131d\u0131","datePublished":"2011-12-27T13:55:00+00:00","dateModified":"2022-01-18T13:56:47+00:00","mainEntityOfPage":{"@id":"https:\/\/qtmm.org\/qt\/bugun-qirim-ve-ukrainanin-butun-mekteplerinde-sonki-can-yangiridi\/"},"wordCount":219,"commentCount":0,"publisher":{"@id":"https:\/\/qtmm.org\/qt\/#organization"},"image":{"@id":"https:\/\/qtmm.org\/qt\/bugun-qirim-ve-ukrainanin-butun-mekteplerinde-sonki-can-yangiridi\/#primaryimage"},"thumbnailUrl":"https:\/\/qtmm.org\/wp-content\/uploads\/2022\/01\/4de4aa2b5b79f.jpg","articleSection":["Haberler"],"inLanguage":"qt","potentialAction":[{"@type":"CommentAction","name":"Comment","target":["https:\/\/qtmm.org\/qt\/bugun-qirim-ve-ukrainanin-butun-mekteplerinde-sonki-can-yangiridi\/#respond"]}]},{"@type":"WebPage","@id":"https:\/\/qtmm.org\/qt\/bugun-qirim-ve-ukrainanin-butun-mekteplerinde-sonki-can-yangiridi\/","url":"https:\/\/qtmm.org\/qt\/bugun-qirim-ve-ukrainanin-butun-mekteplerinde-sonki-can-yangiridi\/","name":"Bug\u00fcn Q\u0131r\u0131m ve Ukrainan\u0131\u00f1 b\u00fct\u00fcn mekteplerinde so\u00f1ki \u00e7an ya\u00f1\u011f\u0131r\u0131d\u0131 - \u041c\u0435\u0434\u0436\u043b\u0456\u0441","isPartOf":{"@id":"https:\/\/qtmm.org\/qt\/#website"},"primaryImageOfPage":{"@id":"https:\/\/qtmm.org\/qt\/bugun-qirim-ve-ukrainanin-butun-mekteplerinde-sonki-can-yangiridi\/#primaryimage"},"image":{"@id":"https:\/\/qtmm.org\/qt\/bugun-qirim-ve-ukrainanin-butun-mekteplerinde-sonki-can-yangiridi\/#primaryimage"},"thumbnailUrl":"https:\/\/qtmm.org\/wp-content\/uploads\/2022\/01\/4de4aa2b5b79f.jpg","datePublished":"2011-12-27T13:55:00+00:00","dateModified":"2022-01-18T13:56:47+00:00","breadcrumb":{"@id":"https:\/\/qtmm.org\/qt\/bugun-qirim-ve-ukrainanin-butun-mekteplerinde-sonki-can-yangiridi\/#breadcrumb"},"inLanguage":"qt","potentialAction":[{"@type":"ReadAction","target":["https:\/\/qtmm.org\/qt\/bugun-qirim-ve-ukrainanin-butun-mekteplerinde-sonki-can-yangiridi\/"]}]},{"@type":"ImageObject","inLanguage":"qt","@id":"https:\/\/qtmm.org\/qt\/bugun-qirim-ve-ukrainanin-butun-mekteplerinde-sonki-can-yangiridi\/#primaryimage","url":"https:\/\/qtmm.org\/wp-content\/uploads\/2022\/01\/4de4aa2b5b79f.jpg","contentUrl":"https:\/\/qtmm.org\/wp-content\/uploads\/2022\/01\/4de4aa2b5b79f.jpg","width":640,"height":480},{"@type":"BreadcrumbList","@id":"https:\/\/qtmm.org\/qt\/bugun-qirim-ve-ukrainanin-butun-mekteplerinde-sonki-can-yangiridi\/#breadcrumb","itemListElement":[{"@type":"ListItem","position":1,"name":"\u0413\u043e\u043b\u043e\u0432\u043d\u0430","item":"https:\/\/qtmm.org\/qt\/"},{"@type":"ListItem","position":2,"name":"Bug\u00fcn Q\u0131r\u0131m ve Ukrainan\u0131\u00f1 b\u00fct\u00fcn mekteplerinde so\u00f1ki \u00e7an ya\u00f1\u011f\u0131r\u0131d\u0131"}]},{"@type":"WebSite","@id":"https:\/\/qtmm.org\/qt\/#website","url":"https:\/\/qtmm.org\/qt\/","name":"\u041c\u0435\u0434\u0436\u043b\u0456\u0441","description":"","publisher":{"@id":"https:\/\/qtmm.org\/qt\/#organization"},"potentialAction":[{"@type":"SearchAction","target":{"@type":"EntryPoint","urlTemplate":"https:\/\/qtmm.org\/qt\/?s={search_term_string}"},"query-input":{"@type":"PropertyValueSpecification","valueRequired":true,"valueName":"search_term_string"}}],"inLanguage":"qt"},{"@type":"Organization","@id":"https:\/\/qtmm.org\/qt\/#organization","name":"\u041c\u0435\u0434\u0436\u043b\u0456\u0441","url":"https:\/\/qtmm.org\/qt\/","logo":{"@type":"ImageObject","inLanguage":"qt","@id":"https:\/\/qtmm.org\/qt\/#\/schema\/logo\/image\/","url":"https:\/\/qtmm.org\/wp-content\/uploads\/2024\/12\/ua-mejlis-logo-rgb.svg","contentUrl":"https:\/\/qtmm.org\/wp-content\/uploads\/2024\/12\/ua-mejlis-logo-rgb.svg","caption":"\u041c\u0435\u0434\u0436\u043b\u0456\u0441"},"image":{"@id":"https:\/\/qtmm.org\/qt\/#\/schema\/logo\/image\/"},"sameAs":["https:\/\/www.facebook.com\/qtmm.info\/"]},{"@type":"Person","@id":"https:\/\/qtmm.org\/qt\/#\/schema\/person\/de562469f971dec226ac06e60bbf74a7","name":"Developer","image":{"@type":"ImageObject","inLanguage":"qt","@id":"https:\/\/secure.gravatar.com\/avatar\/392b4cc8fbfeb00b39dfeeab4ee6edded39ffd48e25858637e4765810300227e?s=96&d=mm&r=g","url":"https:\/\/secure.gravatar.com\/avatar\/392b4cc8fbfeb00b39dfeeab4ee6edded39ffd48e25858637e4765810300227e?s=96&d=mm&r=g","contentUrl":"https:\/\/secure.gravatar.com\/avatar\/392b4cc8fbfeb00b39dfeeab4ee6edded39ffd48e25858637e4765810300227e?s=96&d=mm&r=g","caption":"Developer"},"url":"https:\/\/qtmm.org\/qt\/author\/Developer\/"}]}},"_links":{"self":[{"href":"https:\/\/qtmm.org\/qt\/wp-json\/wp\/v2\/posts\/23904","targetHints":{"allow":["GET"]}}],"collection":[{"href":"https:\/\/qtmm.org\/qt\/wp-json\/wp\/v2\/posts"}],"about":[{"href":"https:\/\/qtmm.org\/qt\/wp-json\/wp\/v2\/types\/post"}],"author":[{"embeddable":true,"href":"https:\/\/qtmm.org\/qt\/wp-json\/wp\/v2\/users\/1"}],"replies":[{"embeddable":true,"href":"https:\/\/qtmm.org\/qt\/wp-json\/wp\/v2\/comments?post=23904"}],"version-history":[{"count":1,"href":"https:\/\/qtmm.org\/qt\/wp-json\/wp\/v2\/posts\/23904\/revisions"}],"predecessor-version":[{"id":23910,"href":"https:\/\/qtmm.org\/qt\/wp-json\/wp\/v2\/posts\/23904\/revisions\/23910"}],"wp:featuredmedia":[{"embeddable":true,"href":"https:\/\/qtmm.org\/qt\/wp-json\/wp\/v2\/media\/23905"}],"wp:attachment":[{"href":"https:\/\/qtmm.org\/qt\/wp-json\/wp\/v2\/media?parent=23904"}],"wp:term":[{"taxonomy":"category","embeddable":true,"href":"https:\/\/qtmm.org\/qt\/wp-json\/wp\/v2\/categories?post=23904"},{"taxonomy":"post_tag","embeddable":true,"href":"https:\/\/qtmm.org\/qt\/wp-json\/wp\/v2\/tags?post=23904"}],"curies":[{"name":"wp","href":"https:\/\/api.w.org\/{rel}","templated":true}]}}