




{"id":23902,"date":"2011-12-25T16:54:00","date_gmt":"2011-12-25T13:54:00","guid":{"rendered":"http:\/\/qtmm.org\/?p=23902"},"modified":"2022-01-18T16:55:13","modified_gmt":"2022-01-18T13:55:13","slug":"mesele-devlet-seviyesinde-cezilmeli","status":"publish","type":"post","link":"https:\/\/qtmm.org\/qt\/mesele-devlet-seviyesinde-cezilmeli\/","title":{"rendered":"Mesele devlet seviyesinde \u00e7ezilmeli"},"content":{"rendered":"\n<p>Sovet \u00fck\u00fcmeti tarih\u0131nda Ulu Vatan cenki arfesinde ve devam\u0131nda ayr\u0131 milletler ve etnik gruppalar\u011fa qar\u015f\u0131 ol\u011fan repres-siyalarn\u0131\u00f1 facial\u0131 saifelerinden biri \u2013 Q\u0131r\u0131mdan q\u0131r\u0131mtatar, nemse, ermeni, bul\u011far ve urumlarnen ba\u011fl\u0131d\u0131r.<\/p>\n\n\n\n<p>May\u0131s 16 k\u00fcn\u00fc QYU\u015e milletlerara munasebetler ve s\u00fcrg\u00fcn olun\u011fan grajdanlar-n\u0131\u00f1 i\u015fleri boyunca daimiy komissiyan\u0131\u00f1 reisi Remzi \u0130lyasov \u00e7e\u015fit matbuat vastalar\u0131nda \u00e7al\u0131\u015fqan jurnalistlernen k\u00f6r\u00fc\u015fip, o facial\u0131 k\u00fcnler ve olarn\u0131\u00f1 aqibetleri aqq\u0131nda fikir y\u00fcrset-ti.<\/p>\n\n\n\n<p>Vatan topra\u011f\u0131ndan bir \u015feysiz s\u00fcrg\u00fcn olun\u011fan halqlar a\u00e7l\u0131q \u00e7ekip, hastal\u0131qlar\u011fa o\u011frap, ba\u015f\u0131n\u0131 k\u00f6terip, ya\u00f1\u0131dan ayat qurma\u011fa k\u00fc\u00e7 tapt\u0131, millet olaraq saqlan\u0131p, kene Q\u0131r\u0131m\u011fa qayt\u0131p keldi . 1989 senesinden ba\u015flap 2010 senege qadar Q\u0131r\u0131m\u011fa 260 bi\u00f1 q\u0131r\u0131mta-tar\u0131, 589 \u2013 ermeni, 855 \u2013 bul\u011far, 2579 \u2013 rum ve 884 \u2013 nemse qayt\u0131p keldi. Halqlarn\u0131\u00f1 qaytuv ve yerle\u015fuv ceryan\u0131 al\u00e2 daa bitmedi, Q\u0131r\u0131mdan t\u0131\u015f memleketlerde daa 100 bi\u00f1den ziyade q\u0131r\u0131mtatar\u0131 ya\u015famaqta. R. \u0130lyasovn\u0131\u00f1 bergen mal\u00fcmatlar\u0131na k\u00f6re, 1991 senesinden berli devlet, 1999 seneden ise cumhuriyet b\u00fccetinde ayr\u0131 sat\u0131rnen s\u00fcrg\u00fcn olun\u011fan halqlarn\u0131\u00f1 yerle\u015fuv Programmas\u0131na para ay\u0131r\u0131l\u011fan\u0131, ve bu seneler de-vam\u0131nda c\u00fcmleden 1259, 2 million grivn\u00e2n\u0131 te\u015fkil etkeni aqq\u0131nda aytt\u0131. 1991-2010 seneleri devam\u0131nda ay\u0131r\u0131l\u011fan devlet paras\u0131na 6300 ev ve kvartiralarda 36 bi\u00f1 adam yerle\u015ftirildi, 130 bi\u00f1 q\u0131r\u0131mtatar\u0131 ev-lerini tolus\u0131nen, ya da q\u0131smen qur\u0131p bitirdiler. \u015eimdiki vaq\u0131tta \u015feer ve k\u00f6y \u015furalar\u0131nda 7,5 bi\u00f1 qoranta mesken almaq i\u00e7\u00fcn nevbette tura, 16 bi\u00f1 qoranta mesken quruc\u0131l\u0131\u011f\u0131na yard\u0131m almaq i\u00e7\u00fcn ne-vbette turalar.<\/p>\n\n\n\n<p>Q\u0131r\u0131m\u011fa avdet ol\u011fan halqn\u0131\u00f1 yerle\u015fuv problemas\u0131n\u0131\u00f1 \u00e7ezi-l\u00fcvi &#8220;2015 senesine qadar repatriantlarn\u0131 yerle\u015ftir\u00fcv Programmas\u0131&#8221; al\u00e2 daa qabul olunma\u011fan\u0131nen ba\u011fl\u0131.<\/p>\n","protected":false},"excerpt":{"rendered":"<p>Sovet \u00fck\u00fcmeti tarih\u0131nda Ulu Vatan cenki arfesinde ve devam\u0131nda ayr\u0131 milletler ve etnik gruppalar\u011fa qar\u015f\u0131 ol\u011fan repres-siyalarn\u0131\u00f1 facial\u0131 saifelerinden biri \u2013 Q\u0131r\u0131mdan q\u0131r\u0131mtatar, nemse, ermeni, bul\u011far ve urumlarnen ba\u011fl\u0131d\u0131r. May\u0131s 16 k\u00fcn\u00fc QYU\u015e milletlerara munasebetler ve s\u00fcrg\u00fcn olun\u011fan grajdanlar-n\u0131\u00f1 i\u015fleri boyunca daimiy komissiyan\u0131\u00f1 reisi Remzi \u0130lyasov \u00e7e\u015fit matbuat vastalar\u0131nda \u00e7al\u0131\u015fqan jurnalistlernen k\u00f6r\u00fc\u015fip, o facial\u0131 k\u00fcnler [&hellip;]<\/p>\n","protected":false},"author":1,"featured_media":0,"comment_status":"open","ping_status":"open","sticky":false,"template":"","format":"standard","meta":{"inline_featured_image":false,"footnotes":""},"categories":[265],"tags":[],"class_list":["post-23902","post","type-post","status-publish","format-standard","hentry","category-haberler"],"acf":[],"yoast_head":"<!-- This site is optimized with the Yoast SEO plugin v27.4 - https:\/\/yoast.com\/product\/yoast-seo-wordpress\/ -->\n<title>Mesele devlet seviyesinde \u00e7ezilmeli - \u041c\u0435\u0434\u0436\u043b\u0456\u0441<\/title>\n<meta name=\"robots\" content=\"index, follow, max-snippet:-1, max-image-preview:large, max-video-preview:-1\" \/>\n<link rel=\"canonical\" href=\"https:\/\/qtmm.org\/qt\/mesele-devlet-seviyesinde-cezilmeli\/\" \/>\n<meta property=\"og:locale\" content=\"en_US\" \/>\n<meta property=\"og:type\" content=\"article\" \/>\n<meta property=\"og:title\" content=\"Mesele devlet seviyesinde \u00e7ezilmeli - \u041c\u0435\u0434\u0436\u043b\u0456\u0441\" \/>\n<meta property=\"og:description\" content=\"Sovet \u00fck\u00fcmeti tarih\u0131nda Ulu Vatan cenki arfesinde ve devam\u0131nda ayr\u0131 milletler ve etnik gruppalar\u011fa qar\u015f\u0131 ol\u011fan repres-siyalarn\u0131\u00f1 facial\u0131 saifelerinden biri \u2013 Q\u0131r\u0131mdan q\u0131r\u0131mtatar, nemse, ermeni, bul\u011far ve urumlarnen ba\u011fl\u0131d\u0131r. May\u0131s 16 k\u00fcn\u00fc QYU\u015e milletlerara munasebetler ve s\u00fcrg\u00fcn olun\u011fan grajdanlar-n\u0131\u00f1 i\u015fleri boyunca daimiy komissiyan\u0131\u00f1 reisi Remzi \u0130lyasov \u00e7e\u015fit matbuat vastalar\u0131nda \u00e7al\u0131\u015fqan jurnalistlernen k\u00f6r\u00fc\u015fip, o facial\u0131 k\u00fcnler [&hellip;]\" \/>\n<meta property=\"og:url\" content=\"https:\/\/qtmm.org\/qt\/mesele-devlet-seviyesinde-cezilmeli\/\" \/>\n<meta property=\"og:site_name\" content=\"\u041c\u0435\u0434\u0436\u043b\u0456\u0441\" \/>\n<meta property=\"article:publisher\" content=\"https:\/\/www.facebook.com\/qtmm.info\/\" \/>\n<meta property=\"article:published_time\" content=\"2011-12-25T13:54:00+00:00\" \/>\n<meta property=\"article:modified_time\" content=\"2022-01-18T13:55:13+00:00\" \/>\n<meta name=\"author\" content=\"Developer\" \/>\n<meta name=\"twitter:card\" content=\"summary_large_image\" \/>\n<meta name=\"twitter:label1\" content=\"Written by\" \/>\n\t<meta name=\"twitter:data1\" content=\"Developer\" \/>\n\t<meta name=\"twitter:label2\" content=\"Est. reading time\" \/>\n\t<meta name=\"twitter:data2\" content=\"2 minutes\" \/>\n<script type=\"application\/ld+json\" class=\"yoast-schema-graph\">{\"@context\":\"https:\\\/\\\/schema.org\",\"@graph\":[{\"@type\":\"Article\",\"@id\":\"https:\\\/\\\/qtmm.org\\\/qt\\\/mesele-devlet-seviyesinde-cezilmeli\\\/#article\",\"isPartOf\":{\"@id\":\"https:\\\/\\\/qtmm.org\\\/qt\\\/mesele-devlet-seviyesinde-cezilmeli\\\/\"},\"author\":{\"name\":\"Developer\",\"@id\":\"https:\\\/\\\/qtmm.org\\\/qt\\\/#\\\/schema\\\/person\\\/de562469f971dec226ac06e60bbf74a7\"},\"headline\":\"Mesele devlet seviyesinde \u00e7ezilmeli\",\"datePublished\":\"2011-12-25T13:54:00+00:00\",\"dateModified\":\"2022-01-18T13:55:13+00:00\",\"mainEntityOfPage\":{\"@id\":\"https:\\\/\\\/qtmm.org\\\/qt\\\/mesele-devlet-seviyesinde-cezilmeli\\\/\"},\"wordCount\":319,\"commentCount\":0,\"publisher\":{\"@id\":\"https:\\\/\\\/qtmm.org\\\/qt\\\/#organization\"},\"articleSection\":[\"Haberler\"],\"inLanguage\":\"qt\",\"potentialAction\":[{\"@type\":\"CommentAction\",\"name\":\"Comment\",\"target\":[\"https:\\\/\\\/qtmm.org\\\/qt\\\/mesele-devlet-seviyesinde-cezilmeli\\\/#respond\"]}]},{\"@type\":\"WebPage\",\"@id\":\"https:\\\/\\\/qtmm.org\\\/qt\\\/mesele-devlet-seviyesinde-cezilmeli\\\/\",\"url\":\"https:\\\/\\\/qtmm.org\\\/qt\\\/mesele-devlet-seviyesinde-cezilmeli\\\/\",\"name\":\"Mesele devlet seviyesinde \u00e7ezilmeli - \u041c\u0435\u0434\u0436\u043b\u0456\u0441\",\"isPartOf\":{\"@id\":\"https:\\\/\\\/qtmm.org\\\/qt\\\/#website\"},\"datePublished\":\"2011-12-25T13:54:00+00:00\",\"dateModified\":\"2022-01-18T13:55:13+00:00\",\"breadcrumb\":{\"@id\":\"https:\\\/\\\/qtmm.org\\\/qt\\\/mesele-devlet-seviyesinde-cezilmeli\\\/#breadcrumb\"},\"inLanguage\":\"qt\",\"potentialAction\":[{\"@type\":\"ReadAction\",\"target\":[\"https:\\\/\\\/qtmm.org\\\/qt\\\/mesele-devlet-seviyesinde-cezilmeli\\\/\"]}]},{\"@type\":\"BreadcrumbList\",\"@id\":\"https:\\\/\\\/qtmm.org\\\/qt\\\/mesele-devlet-seviyesinde-cezilmeli\\\/#breadcrumb\",\"itemListElement\":[{\"@type\":\"ListItem\",\"position\":1,\"name\":\"\u0413\u043e\u043b\u043e\u0432\u043d\u0430\",\"item\":\"https:\\\/\\\/qtmm.org\\\/qt\\\/\"},{\"@type\":\"ListItem\",\"position\":2,\"name\":\"Mesele devlet seviyesinde \u00e7ezilmeli\"}]},{\"@type\":\"WebSite\",\"@id\":\"https:\\\/\\\/qtmm.org\\\/qt\\\/#website\",\"url\":\"https:\\\/\\\/qtmm.org\\\/qt\\\/\",\"name\":\"\u041c\u0435\u0434\u0436\u043b\u0456\u0441\",\"description\":\"\",\"publisher\":{\"@id\":\"https:\\\/\\\/qtmm.org\\\/qt\\\/#organization\"},\"potentialAction\":[{\"@type\":\"SearchAction\",\"target\":{\"@type\":\"EntryPoint\",\"urlTemplate\":\"https:\\\/\\\/qtmm.org\\\/qt\\\/?s={search_term_string}\"},\"query-input\":{\"@type\":\"PropertyValueSpecification\",\"valueRequired\":true,\"valueName\":\"search_term_string\"}}],\"inLanguage\":\"qt\"},{\"@type\":\"Organization\",\"@id\":\"https:\\\/\\\/qtmm.org\\\/qt\\\/#organization\",\"name\":\"\u041c\u0435\u0434\u0436\u043b\u0456\u0441\",\"url\":\"https:\\\/\\\/qtmm.org\\\/qt\\\/\",\"logo\":{\"@type\":\"ImageObject\",\"inLanguage\":\"qt\",\"@id\":\"https:\\\/\\\/qtmm.org\\\/qt\\\/#\\\/schema\\\/logo\\\/image\\\/\",\"url\":\"https:\\\/\\\/qtmm.org\\\/wp-content\\\/uploads\\\/2024\\\/12\\\/ua-mejlis-logo-rgb.svg\",\"contentUrl\":\"https:\\\/\\\/qtmm.org\\\/wp-content\\\/uploads\\\/2024\\\/12\\\/ua-mejlis-logo-rgb.svg\",\"caption\":\"\u041c\u0435\u0434\u0436\u043b\u0456\u0441\"},\"image\":{\"@id\":\"https:\\\/\\\/qtmm.org\\\/qt\\\/#\\\/schema\\\/logo\\\/image\\\/\"},\"sameAs\":[\"https:\\\/\\\/www.facebook.com\\\/qtmm.info\\\/\"]},{\"@type\":\"Person\",\"@id\":\"https:\\\/\\\/qtmm.org\\\/qt\\\/#\\\/schema\\\/person\\\/de562469f971dec226ac06e60bbf74a7\",\"name\":\"Developer\",\"image\":{\"@type\":\"ImageObject\",\"inLanguage\":\"qt\",\"@id\":\"https:\\\/\\\/secure.gravatar.com\\\/avatar\\\/392b4cc8fbfeb00b39dfeeab4ee6edded39ffd48e25858637e4765810300227e?s=96&d=mm&r=g\",\"url\":\"https:\\\/\\\/secure.gravatar.com\\\/avatar\\\/392b4cc8fbfeb00b39dfeeab4ee6edded39ffd48e25858637e4765810300227e?s=96&d=mm&r=g\",\"contentUrl\":\"https:\\\/\\\/secure.gravatar.com\\\/avatar\\\/392b4cc8fbfeb00b39dfeeab4ee6edded39ffd48e25858637e4765810300227e?s=96&d=mm&r=g\",\"caption\":\"Developer\"},\"url\":\"https:\\\/\\\/qtmm.org\\\/qt\\\/author\\\/Developer\\\/\"}]}<\/script>\n<!-- \/ Yoast SEO plugin. -->","yoast_head_json":{"title":"Mesele devlet seviyesinde \u00e7ezilmeli - \u041c\u0435\u0434\u0436\u043b\u0456\u0441","robots":{"index":"index","follow":"follow","max-snippet":"max-snippet:-1","max-image-preview":"max-image-preview:large","max-video-preview":"max-video-preview:-1"},"canonical":"https:\/\/qtmm.org\/qt\/mesele-devlet-seviyesinde-cezilmeli\/","og_locale":"en_US","og_type":"article","og_title":"Mesele devlet seviyesinde \u00e7ezilmeli - \u041c\u0435\u0434\u0436\u043b\u0456\u0441","og_description":"Sovet \u00fck\u00fcmeti tarih\u0131nda Ulu Vatan cenki arfesinde ve devam\u0131nda ayr\u0131 milletler ve etnik gruppalar\u011fa qar\u015f\u0131 ol\u011fan repres-siyalarn\u0131\u00f1 facial\u0131 saifelerinden biri \u2013 Q\u0131r\u0131mdan q\u0131r\u0131mtatar, nemse, ermeni, bul\u011far ve urumlarnen ba\u011fl\u0131d\u0131r. May\u0131s 16 k\u00fcn\u00fc QYU\u015e milletlerara munasebetler ve s\u00fcrg\u00fcn olun\u011fan grajdanlar-n\u0131\u00f1 i\u015fleri boyunca daimiy komissiyan\u0131\u00f1 reisi Remzi \u0130lyasov \u00e7e\u015fit matbuat vastalar\u0131nda \u00e7al\u0131\u015fqan jurnalistlernen k\u00f6r\u00fc\u015fip, o facial\u0131 k\u00fcnler [&hellip;]","og_url":"https:\/\/qtmm.org\/qt\/mesele-devlet-seviyesinde-cezilmeli\/","og_site_name":"\u041c\u0435\u0434\u0436\u043b\u0456\u0441","article_publisher":"https:\/\/www.facebook.com\/qtmm.info\/","article_published_time":"2011-12-25T13:54:00+00:00","article_modified_time":"2022-01-18T13:55:13+00:00","author":"Developer","twitter_card":"summary_large_image","twitter_misc":{"Written by":"Developer","Est. reading time":"2 minutes"},"schema":{"@context":"https:\/\/schema.org","@graph":[{"@type":"Article","@id":"https:\/\/qtmm.org\/qt\/mesele-devlet-seviyesinde-cezilmeli\/#article","isPartOf":{"@id":"https:\/\/qtmm.org\/qt\/mesele-devlet-seviyesinde-cezilmeli\/"},"author":{"name":"Developer","@id":"https:\/\/qtmm.org\/qt\/#\/schema\/person\/de562469f971dec226ac06e60bbf74a7"},"headline":"Mesele devlet seviyesinde \u00e7ezilmeli","datePublished":"2011-12-25T13:54:00+00:00","dateModified":"2022-01-18T13:55:13+00:00","mainEntityOfPage":{"@id":"https:\/\/qtmm.org\/qt\/mesele-devlet-seviyesinde-cezilmeli\/"},"wordCount":319,"commentCount":0,"publisher":{"@id":"https:\/\/qtmm.org\/qt\/#organization"},"articleSection":["Haberler"],"inLanguage":"qt","potentialAction":[{"@type":"CommentAction","name":"Comment","target":["https:\/\/qtmm.org\/qt\/mesele-devlet-seviyesinde-cezilmeli\/#respond"]}]},{"@type":"WebPage","@id":"https:\/\/qtmm.org\/qt\/mesele-devlet-seviyesinde-cezilmeli\/","url":"https:\/\/qtmm.org\/qt\/mesele-devlet-seviyesinde-cezilmeli\/","name":"Mesele devlet seviyesinde \u00e7ezilmeli - \u041c\u0435\u0434\u0436\u043b\u0456\u0441","isPartOf":{"@id":"https:\/\/qtmm.org\/qt\/#website"},"datePublished":"2011-12-25T13:54:00+00:00","dateModified":"2022-01-18T13:55:13+00:00","breadcrumb":{"@id":"https:\/\/qtmm.org\/qt\/mesele-devlet-seviyesinde-cezilmeli\/#breadcrumb"},"inLanguage":"qt","potentialAction":[{"@type":"ReadAction","target":["https:\/\/qtmm.org\/qt\/mesele-devlet-seviyesinde-cezilmeli\/"]}]},{"@type":"BreadcrumbList","@id":"https:\/\/qtmm.org\/qt\/mesele-devlet-seviyesinde-cezilmeli\/#breadcrumb","itemListElement":[{"@type":"ListItem","position":1,"name":"\u0413\u043e\u043b\u043e\u0432\u043d\u0430","item":"https:\/\/qtmm.org\/qt\/"},{"@type":"ListItem","position":2,"name":"Mesele devlet seviyesinde \u00e7ezilmeli"}]},{"@type":"WebSite","@id":"https:\/\/qtmm.org\/qt\/#website","url":"https:\/\/qtmm.org\/qt\/","name":"\u041c\u0435\u0434\u0436\u043b\u0456\u0441","description":"","publisher":{"@id":"https:\/\/qtmm.org\/qt\/#organization"},"potentialAction":[{"@type":"SearchAction","target":{"@type":"EntryPoint","urlTemplate":"https:\/\/qtmm.org\/qt\/?s={search_term_string}"},"query-input":{"@type":"PropertyValueSpecification","valueRequired":true,"valueName":"search_term_string"}}],"inLanguage":"qt"},{"@type":"Organization","@id":"https:\/\/qtmm.org\/qt\/#organization","name":"\u041c\u0435\u0434\u0436\u043b\u0456\u0441","url":"https:\/\/qtmm.org\/qt\/","logo":{"@type":"ImageObject","inLanguage":"qt","@id":"https:\/\/qtmm.org\/qt\/#\/schema\/logo\/image\/","url":"https:\/\/qtmm.org\/wp-content\/uploads\/2024\/12\/ua-mejlis-logo-rgb.svg","contentUrl":"https:\/\/qtmm.org\/wp-content\/uploads\/2024\/12\/ua-mejlis-logo-rgb.svg","caption":"\u041c\u0435\u0434\u0436\u043b\u0456\u0441"},"image":{"@id":"https:\/\/qtmm.org\/qt\/#\/schema\/logo\/image\/"},"sameAs":["https:\/\/www.facebook.com\/qtmm.info\/"]},{"@type":"Person","@id":"https:\/\/qtmm.org\/qt\/#\/schema\/person\/de562469f971dec226ac06e60bbf74a7","name":"Developer","image":{"@type":"ImageObject","inLanguage":"qt","@id":"https:\/\/secure.gravatar.com\/avatar\/392b4cc8fbfeb00b39dfeeab4ee6edded39ffd48e25858637e4765810300227e?s=96&d=mm&r=g","url":"https:\/\/secure.gravatar.com\/avatar\/392b4cc8fbfeb00b39dfeeab4ee6edded39ffd48e25858637e4765810300227e?s=96&d=mm&r=g","contentUrl":"https:\/\/secure.gravatar.com\/avatar\/392b4cc8fbfeb00b39dfeeab4ee6edded39ffd48e25858637e4765810300227e?s=96&d=mm&r=g","caption":"Developer"},"url":"https:\/\/qtmm.org\/qt\/author\/Developer\/"}]}},"_links":{"self":[{"href":"https:\/\/qtmm.org\/qt\/wp-json\/wp\/v2\/posts\/23902","targetHints":{"allow":["GET"]}}],"collection":[{"href":"https:\/\/qtmm.org\/qt\/wp-json\/wp\/v2\/posts"}],"about":[{"href":"https:\/\/qtmm.org\/qt\/wp-json\/wp\/v2\/types\/post"}],"author":[{"embeddable":true,"href":"https:\/\/qtmm.org\/qt\/wp-json\/wp\/v2\/users\/1"}],"replies":[{"embeddable":true,"href":"https:\/\/qtmm.org\/qt\/wp-json\/wp\/v2\/comments?post=23902"}],"version-history":[{"count":1,"href":"https:\/\/qtmm.org\/qt\/wp-json\/wp\/v2\/posts\/23902\/revisions"}],"predecessor-version":[{"id":23903,"href":"https:\/\/qtmm.org\/qt\/wp-json\/wp\/v2\/posts\/23902\/revisions\/23903"}],"wp:attachment":[{"href":"https:\/\/qtmm.org\/qt\/wp-json\/wp\/v2\/media?parent=23902"}],"wp:term":[{"taxonomy":"category","embeddable":true,"href":"https:\/\/qtmm.org\/qt\/wp-json\/wp\/v2\/categories?post=23902"},{"taxonomy":"post_tag","embeddable":true,"href":"https:\/\/qtmm.org\/qt\/wp-json\/wp\/v2\/tags?post=23902"}],"curies":[{"name":"wp","href":"https:\/\/api.w.org\/{rel}","templated":true}]}}