




{"id":23896,"date":"2011-12-25T16:53:00","date_gmt":"2011-12-25T13:53:00","guid":{"rendered":"http:\/\/qtmm.org\/?p=23896"},"modified":"2022-01-18T16:54:20","modified_gmt":"2022-01-18T13:54:20","slug":"ukrpocta-mektup-zarflarinda-belli-qirimtatar-sairi-tarihci-filolog-amdi-giraybaynin-resimini-qoydi","status":"publish","type":"post","link":"https:\/\/qtmm.org\/qt\/ukrpocta-mektup-zarflarinda-belli-qirimtatar-sairi-tarihci-filolog-amdi-giraybaynin-resimini-qoydi\/","title":{"rendered":"Ukrpo\u00e7ta mekt\u00fcp zarflar\u0131nda belli q\u0131r\u0131mtatar \u015fairi, tarih\u00e7i, filolog Amdi Giraybayn\u0131\u00f1 resimini qoyd\u0131"},"content":{"rendered":"\n<p>&#8220;Ukrpo\u00e7ta&#8221; (UDPPZ &#8220;Ukrpo\u015fta&#8221;) adl\u0131 Ukrain devlet po\u00e7ta al\u00e2qalar m\u00fcessisesi bu k\u00fcnlerde mekt\u00fcp zarflar\u0131nda belli q\u0131r\u0131mtatar \u015fairi, tarih\u00e7i, filolog Amdi Giraybayn\u0131\u00f1 resimini qoyd\u0131.<\/p>\n\n\n\n<p>Mekt\u00fcp zarf\u0131nda on\u0131\u00f1 resimi ve ya\u015fa\u011fan y\u0131llar\u0131 yani &#8220;Amd\u0456 G\u0456raybay. 1901-1930&#8221; kibi yaz\u0131lar bar. &#8220;Ukrpo\u00e7ta&#8221; bergen mal\u00fctqa binayen mekt\u00fcp zarflarn\u0131\u00f1 nushas\u0131 577 000 say\u0131s\u0131ndad\u0131r.<\/p>\n\n\n\n<p>ressam: Gennadiy Zadnipr\u00e2n\u0131y.<\/p>\n\n\n\n<p>\u00c7\u0131q\u0131\u015f vaqt\u0131: aprel 2011s.<\/p>\n\n\n\n<p><em><u>Spravka i\u00e7\u00fcn:<\/u><\/em><\/p>\n\n\n\n<p>Amdi Giraybay (Abdulahat L\u00e2tifov) 1901 sene fevral 14 k\u00fcn\u00fc Kefe uyezdini\u00f1 Ye\u00f1i-Qale (Ya\u00f1\u0131sala) k\u00f6y\u00fcnde (diger mal\u00fcmatlar\u011fa k\u00f6re, Qarasuvbazarn\u0131\u00f1 Y\u0131ld\u0131r\u0131m maallesinde) \u00fclema qorantas\u0131nda d\u00fcnya\u011fa keldi. 1910 senesi Qarasuvbazarn\u0131\u00f1 iptidaiy mektepni bitire. 1917 senesi Aqmescitte a\u00e7\u0131l\u011fan ru\u015fdiye mektebine oquma\u011fa kire, l\u00e2kin vatanda\u015flar cenki ba\u015flan\u011fan\u0131 i\u00e7\u00fcn tasilini devam ettirip olamay. 1921 senesi rabfakqa oquma\u011fa kirgen A.Giraybay, maddiy q\u0131y\u0131nl\u0131qlar\u0131 sebebinden oquv\u0131n\u0131 ta\u015flap, Millet i\u015fleri komissarl\u0131\u011f\u0131nda \u00e7al\u0131\u015fma\u011fa mecbur ola.<\/p>\n\n\n\n<p>1922 senesi Q\u0131r\u0131m Topraq \u0130stisal \u015eirketine \u00e7al\u0131\u015fa. Ayn\u0131 zamanda q\u0131r\u0131mtatar darulfunun talebeleri \u015firketini te\u015fkil etip, on\u0131\u00f1 m\u00fcdiri old\u0131, \u015earq fakulteti studentler cemiyetini\u00f1 reisi olaraq sayland\u0131 ve 1923 senesine qadar bu fakultette oquv\u0131n\u0131 devam etti.<\/p>\n\n\n\n<p>L\u00e2kin bu oquv\u0131nen qanaatlenmegen A.Giraybay Q\u0131r\u0131m Muhtar Cumhuriyetini\u00f1 yolba\u015f\u00e7\u0131s\u0131 Veli \u0130braimovn\u0131\u00f1 yard\u0131m\u0131nen Cemiyet hayriyeni\u00f1 esab\u0131na T\u00fcrkiyege oquma\u011fa kete ve anda \u0130stanbul universitetini\u00f1 filologiya fakultetine kire. M\u0131nda \u00fc\u00e7 y\u0131l oquy. \u015eu vaq\u0131t o, &#8220;Q\u0131r\u0131m tarih\u0131&#8221; adl\u0131 dissertatsiyas\u0131nda t\u00fcrkiy halqlarn\u0131\u00f1 birdemligi ve umumt\u00fcrkiy tilge nisbeten ol\u011fan \u0131nt\u0131luvlar\u0131na dair \u011fayelerini inki\u015faf ettire.<\/p>\n\n\n\n<p>1926 senesi noyabr 8-de Q\u0131r\u0131m\u011fa qayt\u0131p kele ve Ya\u00f1\u0131 elifbe cemiyetinde \u00e7al\u0131\u015fa, on\u0131\u00f1 \u015fiirleri ise gazeta ve mecmular\u0131nda bas\u0131l\u0131p tura. O ilki \u015fiirlerini 1913 senesi yazma\u011fa ba\u015flad\u0131. 1915 senesi on\u0131\u00f1 &#8220;\u00d6ks\u00fcz qart Ali&#8221;, &#8220;Yaz&#8221;, &#8220;Q\u0131\u015f&#8221;, &#8220;Baar&#8221; serleval\u0131 \u015fiirleri d\u00fcnya y\u00fcz\u00fcni k\u00f6rdiler. \u015eairni\u00f1 icad\u0131 e\u00f1 ziyade 1918-1923 seneleri g\u00fcrledi. E\u00f1 g\u00fczel eserlerini de o, ancaq bu devirde yazd\u0131: &#8220;Ya\u015f tatarlar\u011fa&#8221;, &#8220;Cigitke&#8221;, &#8220;A\u00f1ma \u015fu k\u00fcnlerni&#8221;. On\u0131\u00f1 yaz\u011fan eki pyesas\u0131 da &#8220;Eski tatar mektebi&#8221; ve &#8220;\u00d6ks\u00fczler&#8221; ayn\u0131 \u015fu devirge aittirler. \u015eairni\u00f1 \u015fu devirde yaz\u0131l\u011fan &#8220;Ke\u00e7ti endi&#8221; ve &#8220;\u0130cret&#8221; poemalar\u0131nda Q\u0131r\u0131mn\u0131\u00f1 HVIII as\u0131rn\u0131\u00f1 so\u00f1undaki i\u00e7timaiy-siyasiy vaqialar\u0131 tasvir olunalar.<\/p>\n\n\n\n<p>\u015eairni\u00f1 &#8220;Cigit&#8221;, &#8220;Aqyar yal\u0131s\u0131nda&#8221;, &#8220;Ant etkenmen aytaman&#8221;, &#8220;Ta\u00f1da&#8221;, &#8220;Qarasuv&#8221; milletni qor\u00e7alav mevzular\u0131nda ya\u015fl\u0131qn\u0131 k\u00fcre\u015fke davet etici; &#8220;Zavall\u0131 tatar q\u0131z\u0131&#8221;, &#8220;Talaq&#8221; halq\u0131m\u0131zn\u0131\u00f1 ayat\u0131ndaki baz\u0131 eskirgen adetlerni ifade etken kibi eserleri q\u0131r\u0131mtatar edebiyat\u0131nda m\u00fcim yerini te\u015fkil eteler.<\/p>\n\n\n\n<p>1928 senesi icad\u0131n\u0131\u00f1 qaynaq vaq\u0131t\u0131nda istidatl\u0131 \u015fair millet\u00e7ilikte qabaatlan\u0131p GPU hadimleri taraf\u0131ndan yaqaland\u0131 ve 1930 senesi sent\u00e2br 13-te Moskvada &#8220;But\u0131rka&#8221; apshanesinde vah\u015fiycesine \u00f6ld\u00fcrildi. 1991 senesi aprel 17-de aqland\u0131.<\/p>\n","protected":false},"excerpt":{"rendered":"<p>&#8220;Ukrpo\u00e7ta&#8221; (UDPPZ &#8220;Ukrpo\u015fta&#8221;) adl\u0131 Ukrain devlet po\u00e7ta al\u00e2qalar m\u00fcessisesi bu k\u00fcnlerde mekt\u00fcp zarflar\u0131nda belli q\u0131r\u0131mtatar \u015fairi, tarih\u00e7i, filolog Amdi Giraybayn\u0131\u00f1 resimini qoyd\u0131. Mekt\u00fcp zarf\u0131nda on\u0131\u00f1 resimi ve ya\u015fa\u011fan y\u0131llar\u0131 yani &#8220;Amd\u0456 G\u0456raybay. 1901-1930&#8221; kibi yaz\u0131lar bar. &#8220;Ukrpo\u00e7ta&#8221; bergen mal\u00fctqa binayen mekt\u00fcp zarflarn\u0131\u00f1 nushas\u0131 577 000 say\u0131s\u0131ndad\u0131r. ressam: Gennadiy Zadnipr\u00e2n\u0131y. \u00c7\u0131q\u0131\u015f vaqt\u0131: aprel 2011s. Spravka i\u00e7\u00fcn: [&hellip;]<\/p>\n","protected":false},"author":1,"featured_media":23897,"comment_status":"open","ping_status":"open","sticky":false,"template":"","format":"standard","meta":{"inline_featured_image":false,"footnotes":""},"categories":[265],"tags":[],"class_list":["post-23896","post","type-post","status-publish","format-standard","has-post-thumbnail","hentry","category-haberler"],"acf":[],"yoast_head":"<!-- This site is optimized with the Yoast SEO plugin v27.4 - https:\/\/yoast.com\/product\/yoast-seo-wordpress\/ -->\n<title>Ukrpo\u00e7ta mekt\u00fcp zarflar\u0131nda belli q\u0131r\u0131mtatar \u015fairi, tarih\u00e7i, filolog Amdi Giraybayn\u0131\u00f1 resimini qoyd\u0131 - \u041c\u0435\u0434\u0436\u043b\u0456\u0441<\/title>\n<meta name=\"robots\" content=\"index, follow, max-snippet:-1, max-image-preview:large, max-video-preview:-1\" \/>\n<link rel=\"canonical\" href=\"https:\/\/qtmm.org\/qt\/ukrpocta-mektup-zarflarinda-belli-qirimtatar-sairi-tarihci-filolog-amdi-giraybaynin-resimini-qoydi\/\" \/>\n<meta property=\"og:locale\" content=\"en_US\" \/>\n<meta property=\"og:type\" content=\"article\" \/>\n<meta property=\"og:title\" content=\"Ukrpo\u00e7ta mekt\u00fcp zarflar\u0131nda belli q\u0131r\u0131mtatar \u015fairi, tarih\u00e7i, filolog Amdi Giraybayn\u0131\u00f1 resimini qoyd\u0131 - \u041c\u0435\u0434\u0436\u043b\u0456\u0441\" \/>\n<meta property=\"og:description\" content=\"&#8220;Ukrpo\u00e7ta&#8221; (UDPPZ &#8220;Ukrpo\u015fta&#8221;) adl\u0131 Ukrain devlet po\u00e7ta al\u00e2qalar m\u00fcessisesi bu k\u00fcnlerde mekt\u00fcp zarflar\u0131nda belli q\u0131r\u0131mtatar \u015fairi, tarih\u00e7i, filolog Amdi Giraybayn\u0131\u00f1 resimini qoyd\u0131. Mekt\u00fcp zarf\u0131nda on\u0131\u00f1 resimi ve ya\u015fa\u011fan y\u0131llar\u0131 yani &#8220;Amd\u0456 G\u0456raybay. 1901-1930&#8221; kibi yaz\u0131lar bar. &#8220;Ukrpo\u00e7ta&#8221; bergen mal\u00fctqa binayen mekt\u00fcp zarflarn\u0131\u00f1 nushas\u0131 577 000 say\u0131s\u0131ndad\u0131r. ressam: Gennadiy Zadnipr\u00e2n\u0131y. \u00c7\u0131q\u0131\u015f vaqt\u0131: aprel 2011s. Spravka i\u00e7\u00fcn: [&hellip;]\" \/>\n<meta property=\"og:url\" content=\"https:\/\/qtmm.org\/qt\/ukrpocta-mektup-zarflarinda-belli-qirimtatar-sairi-tarihci-filolog-amdi-giraybaynin-resimini-qoydi\/\" \/>\n<meta property=\"og:site_name\" content=\"\u041c\u0435\u0434\u0436\u043b\u0456\u0441\" \/>\n<meta property=\"article:publisher\" content=\"https:\/\/www.facebook.com\/qtmm.info\/\" \/>\n<meta property=\"article:published_time\" content=\"2011-12-25T13:53:00+00:00\" \/>\n<meta property=\"article:modified_time\" content=\"2022-01-18T13:54:20+00:00\" \/>\n<meta property=\"og:image\" content=\"https:\/\/qtmm.org\/wp-content\/uploads\/2022\/01\/kopiya_page_10.jpg\" \/>\n\t<meta property=\"og:image:width\" content=\"625\" \/>\n\t<meta property=\"og:image:height\" content=\"440\" \/>\n\t<meta property=\"og:image:type\" content=\"image\/jpeg\" \/>\n<meta name=\"author\" content=\"Developer\" \/>\n<meta name=\"twitter:card\" content=\"summary_large_image\" \/>\n<meta name=\"twitter:label1\" content=\"Written by\" \/>\n\t<meta name=\"twitter:data1\" content=\"Developer\" \/>\n\t<meta name=\"twitter:label2\" content=\"Est. reading time\" \/>\n\t<meta name=\"twitter:data2\" content=\"2 minutes\" \/>\n<script type=\"application\/ld+json\" class=\"yoast-schema-graph\">{\"@context\":\"https:\\\/\\\/schema.org\",\"@graph\":[{\"@type\":\"Article\",\"@id\":\"https:\\\/\\\/qtmm.org\\\/qt\\\/ukrpocta-mektup-zarflarinda-belli-qirimtatar-sairi-tarihci-filolog-amdi-giraybaynin-resimini-qoydi\\\/#article\",\"isPartOf\":{\"@id\":\"https:\\\/\\\/qtmm.org\\\/qt\\\/ukrpocta-mektup-zarflarinda-belli-qirimtatar-sairi-tarihci-filolog-amdi-giraybaynin-resimini-qoydi\\\/\"},\"author\":{\"name\":\"Developer\",\"@id\":\"https:\\\/\\\/qtmm.org\\\/qt\\\/#\\\/schema\\\/person\\\/de562469f971dec226ac06e60bbf74a7\"},\"headline\":\"Ukrpo\u00e7ta mekt\u00fcp zarflar\u0131nda belli q\u0131r\u0131mtatar \u015fairi, tarih\u00e7i, filolog Amdi Giraybayn\u0131\u00f1 resimini qoyd\u0131\",\"datePublished\":\"2011-12-25T13:53:00+00:00\",\"dateModified\":\"2022-01-18T13:54:20+00:00\",\"mainEntityOfPage\":{\"@id\":\"https:\\\/\\\/qtmm.org\\\/qt\\\/ukrpocta-mektup-zarflarinda-belli-qirimtatar-sairi-tarihci-filolog-amdi-giraybaynin-resimini-qoydi\\\/\"},\"wordCount\":513,\"commentCount\":0,\"publisher\":{\"@id\":\"https:\\\/\\\/qtmm.org\\\/qt\\\/#organization\"},\"image\":{\"@id\":\"https:\\\/\\\/qtmm.org\\\/qt\\\/ukrpocta-mektup-zarflarinda-belli-qirimtatar-sairi-tarihci-filolog-amdi-giraybaynin-resimini-qoydi\\\/#primaryimage\"},\"thumbnailUrl\":\"https:\\\/\\\/qtmm.org\\\/wp-content\\\/uploads\\\/2022\\\/01\\\/kopiya_page_10.jpg\",\"articleSection\":[\"Haberler\"],\"inLanguage\":\"qt\",\"potentialAction\":[{\"@type\":\"CommentAction\",\"name\":\"Comment\",\"target\":[\"https:\\\/\\\/qtmm.org\\\/qt\\\/ukrpocta-mektup-zarflarinda-belli-qirimtatar-sairi-tarihci-filolog-amdi-giraybaynin-resimini-qoydi\\\/#respond\"]}]},{\"@type\":\"WebPage\",\"@id\":\"https:\\\/\\\/qtmm.org\\\/qt\\\/ukrpocta-mektup-zarflarinda-belli-qirimtatar-sairi-tarihci-filolog-amdi-giraybaynin-resimini-qoydi\\\/\",\"url\":\"https:\\\/\\\/qtmm.org\\\/qt\\\/ukrpocta-mektup-zarflarinda-belli-qirimtatar-sairi-tarihci-filolog-amdi-giraybaynin-resimini-qoydi\\\/\",\"name\":\"Ukrpo\u00e7ta mekt\u00fcp zarflar\u0131nda belli q\u0131r\u0131mtatar \u015fairi, tarih\u00e7i, filolog Amdi Giraybayn\u0131\u00f1 resimini qoyd\u0131 - \u041c\u0435\u0434\u0436\u043b\u0456\u0441\",\"isPartOf\":{\"@id\":\"https:\\\/\\\/qtmm.org\\\/qt\\\/#website\"},\"primaryImageOfPage\":{\"@id\":\"https:\\\/\\\/qtmm.org\\\/qt\\\/ukrpocta-mektup-zarflarinda-belli-qirimtatar-sairi-tarihci-filolog-amdi-giraybaynin-resimini-qoydi\\\/#primaryimage\"},\"image\":{\"@id\":\"https:\\\/\\\/qtmm.org\\\/qt\\\/ukrpocta-mektup-zarflarinda-belli-qirimtatar-sairi-tarihci-filolog-amdi-giraybaynin-resimini-qoydi\\\/#primaryimage\"},\"thumbnailUrl\":\"https:\\\/\\\/qtmm.org\\\/wp-content\\\/uploads\\\/2022\\\/01\\\/kopiya_page_10.jpg\",\"datePublished\":\"2011-12-25T13:53:00+00:00\",\"dateModified\":\"2022-01-18T13:54:20+00:00\",\"breadcrumb\":{\"@id\":\"https:\\\/\\\/qtmm.org\\\/qt\\\/ukrpocta-mektup-zarflarinda-belli-qirimtatar-sairi-tarihci-filolog-amdi-giraybaynin-resimini-qoydi\\\/#breadcrumb\"},\"inLanguage\":\"qt\",\"potentialAction\":[{\"@type\":\"ReadAction\",\"target\":[\"https:\\\/\\\/qtmm.org\\\/qt\\\/ukrpocta-mektup-zarflarinda-belli-qirimtatar-sairi-tarihci-filolog-amdi-giraybaynin-resimini-qoydi\\\/\"]}]},{\"@type\":\"ImageObject\",\"inLanguage\":\"qt\",\"@id\":\"https:\\\/\\\/qtmm.org\\\/qt\\\/ukrpocta-mektup-zarflarinda-belli-qirimtatar-sairi-tarihci-filolog-amdi-giraybaynin-resimini-qoydi\\\/#primaryimage\",\"url\":\"https:\\\/\\\/qtmm.org\\\/wp-content\\\/uploads\\\/2022\\\/01\\\/kopiya_page_10.jpg\",\"contentUrl\":\"https:\\\/\\\/qtmm.org\\\/wp-content\\\/uploads\\\/2022\\\/01\\\/kopiya_page_10.jpg\",\"width\":625,\"height\":440},{\"@type\":\"BreadcrumbList\",\"@id\":\"https:\\\/\\\/qtmm.org\\\/qt\\\/ukrpocta-mektup-zarflarinda-belli-qirimtatar-sairi-tarihci-filolog-amdi-giraybaynin-resimini-qoydi\\\/#breadcrumb\",\"itemListElement\":[{\"@type\":\"ListItem\",\"position\":1,\"name\":\"\u0413\u043e\u043b\u043e\u0432\u043d\u0430\",\"item\":\"https:\\\/\\\/qtmm.org\\\/qt\\\/\"},{\"@type\":\"ListItem\",\"position\":2,\"name\":\"Ukrpo\u00e7ta mekt\u00fcp zarflar\u0131nda belli q\u0131r\u0131mtatar \u015fairi, tarih\u00e7i, filolog Amdi Giraybayn\u0131\u00f1 resimini qoyd\u0131\"}]},{\"@type\":\"WebSite\",\"@id\":\"https:\\\/\\\/qtmm.org\\\/qt\\\/#website\",\"url\":\"https:\\\/\\\/qtmm.org\\\/qt\\\/\",\"name\":\"\u041c\u0435\u0434\u0436\u043b\u0456\u0441\",\"description\":\"\",\"publisher\":{\"@id\":\"https:\\\/\\\/qtmm.org\\\/qt\\\/#organization\"},\"potentialAction\":[{\"@type\":\"SearchAction\",\"target\":{\"@type\":\"EntryPoint\",\"urlTemplate\":\"https:\\\/\\\/qtmm.org\\\/qt\\\/?s={search_term_string}\"},\"query-input\":{\"@type\":\"PropertyValueSpecification\",\"valueRequired\":true,\"valueName\":\"search_term_string\"}}],\"inLanguage\":\"qt\"},{\"@type\":\"Organization\",\"@id\":\"https:\\\/\\\/qtmm.org\\\/qt\\\/#organization\",\"name\":\"\u041c\u0435\u0434\u0436\u043b\u0456\u0441\",\"url\":\"https:\\\/\\\/qtmm.org\\\/qt\\\/\",\"logo\":{\"@type\":\"ImageObject\",\"inLanguage\":\"qt\",\"@id\":\"https:\\\/\\\/qtmm.org\\\/qt\\\/#\\\/schema\\\/logo\\\/image\\\/\",\"url\":\"https:\\\/\\\/qtmm.org\\\/wp-content\\\/uploads\\\/2024\\\/12\\\/ua-mejlis-logo-rgb.svg\",\"contentUrl\":\"https:\\\/\\\/qtmm.org\\\/wp-content\\\/uploads\\\/2024\\\/12\\\/ua-mejlis-logo-rgb.svg\",\"caption\":\"\u041c\u0435\u0434\u0436\u043b\u0456\u0441\"},\"image\":{\"@id\":\"https:\\\/\\\/qtmm.org\\\/qt\\\/#\\\/schema\\\/logo\\\/image\\\/\"},\"sameAs\":[\"https:\\\/\\\/www.facebook.com\\\/qtmm.info\\\/\"]},{\"@type\":\"Person\",\"@id\":\"https:\\\/\\\/qtmm.org\\\/qt\\\/#\\\/schema\\\/person\\\/de562469f971dec226ac06e60bbf74a7\",\"name\":\"Developer\",\"image\":{\"@type\":\"ImageObject\",\"inLanguage\":\"qt\",\"@id\":\"https:\\\/\\\/secure.gravatar.com\\\/avatar\\\/392b4cc8fbfeb00b39dfeeab4ee6edded39ffd48e25858637e4765810300227e?s=96&d=mm&r=g\",\"url\":\"https:\\\/\\\/secure.gravatar.com\\\/avatar\\\/392b4cc8fbfeb00b39dfeeab4ee6edded39ffd48e25858637e4765810300227e?s=96&d=mm&r=g\",\"contentUrl\":\"https:\\\/\\\/secure.gravatar.com\\\/avatar\\\/392b4cc8fbfeb00b39dfeeab4ee6edded39ffd48e25858637e4765810300227e?s=96&d=mm&r=g\",\"caption\":\"Developer\"},\"url\":\"https:\\\/\\\/qtmm.org\\\/qt\\\/author\\\/Developer\\\/\"}]}<\/script>\n<!-- \/ Yoast SEO plugin. -->","yoast_head_json":{"title":"Ukrpo\u00e7ta mekt\u00fcp zarflar\u0131nda belli q\u0131r\u0131mtatar \u015fairi, tarih\u00e7i, filolog Amdi Giraybayn\u0131\u00f1 resimini qoyd\u0131 - \u041c\u0435\u0434\u0436\u043b\u0456\u0441","robots":{"index":"index","follow":"follow","max-snippet":"max-snippet:-1","max-image-preview":"max-image-preview:large","max-video-preview":"max-video-preview:-1"},"canonical":"https:\/\/qtmm.org\/qt\/ukrpocta-mektup-zarflarinda-belli-qirimtatar-sairi-tarihci-filolog-amdi-giraybaynin-resimini-qoydi\/","og_locale":"en_US","og_type":"article","og_title":"Ukrpo\u00e7ta mekt\u00fcp zarflar\u0131nda belli q\u0131r\u0131mtatar \u015fairi, tarih\u00e7i, filolog Amdi Giraybayn\u0131\u00f1 resimini qoyd\u0131 - \u041c\u0435\u0434\u0436\u043b\u0456\u0441","og_description":"&#8220;Ukrpo\u00e7ta&#8221; (UDPPZ &#8220;Ukrpo\u015fta&#8221;) adl\u0131 Ukrain devlet po\u00e7ta al\u00e2qalar m\u00fcessisesi bu k\u00fcnlerde mekt\u00fcp zarflar\u0131nda belli q\u0131r\u0131mtatar \u015fairi, tarih\u00e7i, filolog Amdi Giraybayn\u0131\u00f1 resimini qoyd\u0131. Mekt\u00fcp zarf\u0131nda on\u0131\u00f1 resimi ve ya\u015fa\u011fan y\u0131llar\u0131 yani &#8220;Amd\u0456 G\u0456raybay. 1901-1930&#8221; kibi yaz\u0131lar bar. &#8220;Ukrpo\u00e7ta&#8221; bergen mal\u00fctqa binayen mekt\u00fcp zarflarn\u0131\u00f1 nushas\u0131 577 000 say\u0131s\u0131ndad\u0131r. ressam: Gennadiy Zadnipr\u00e2n\u0131y. \u00c7\u0131q\u0131\u015f vaqt\u0131: aprel 2011s. Spravka i\u00e7\u00fcn: [&hellip;]","og_url":"https:\/\/qtmm.org\/qt\/ukrpocta-mektup-zarflarinda-belli-qirimtatar-sairi-tarihci-filolog-amdi-giraybaynin-resimini-qoydi\/","og_site_name":"\u041c\u0435\u0434\u0436\u043b\u0456\u0441","article_publisher":"https:\/\/www.facebook.com\/qtmm.info\/","article_published_time":"2011-12-25T13:53:00+00:00","article_modified_time":"2022-01-18T13:54:20+00:00","og_image":[{"width":625,"height":440,"url":"https:\/\/qtmm.org\/wp-content\/uploads\/2022\/01\/kopiya_page_10.jpg","type":"image\/jpeg"}],"author":"Developer","twitter_card":"summary_large_image","twitter_misc":{"Written by":"Developer","Est. reading time":"2 minutes"},"schema":{"@context":"https:\/\/schema.org","@graph":[{"@type":"Article","@id":"https:\/\/qtmm.org\/qt\/ukrpocta-mektup-zarflarinda-belli-qirimtatar-sairi-tarihci-filolog-amdi-giraybaynin-resimini-qoydi\/#article","isPartOf":{"@id":"https:\/\/qtmm.org\/qt\/ukrpocta-mektup-zarflarinda-belli-qirimtatar-sairi-tarihci-filolog-amdi-giraybaynin-resimini-qoydi\/"},"author":{"name":"Developer","@id":"https:\/\/qtmm.org\/qt\/#\/schema\/person\/de562469f971dec226ac06e60bbf74a7"},"headline":"Ukrpo\u00e7ta mekt\u00fcp zarflar\u0131nda belli q\u0131r\u0131mtatar \u015fairi, tarih\u00e7i, filolog Amdi Giraybayn\u0131\u00f1 resimini qoyd\u0131","datePublished":"2011-12-25T13:53:00+00:00","dateModified":"2022-01-18T13:54:20+00:00","mainEntityOfPage":{"@id":"https:\/\/qtmm.org\/qt\/ukrpocta-mektup-zarflarinda-belli-qirimtatar-sairi-tarihci-filolog-amdi-giraybaynin-resimini-qoydi\/"},"wordCount":513,"commentCount":0,"publisher":{"@id":"https:\/\/qtmm.org\/qt\/#organization"},"image":{"@id":"https:\/\/qtmm.org\/qt\/ukrpocta-mektup-zarflarinda-belli-qirimtatar-sairi-tarihci-filolog-amdi-giraybaynin-resimini-qoydi\/#primaryimage"},"thumbnailUrl":"https:\/\/qtmm.org\/wp-content\/uploads\/2022\/01\/kopiya_page_10.jpg","articleSection":["Haberler"],"inLanguage":"qt","potentialAction":[{"@type":"CommentAction","name":"Comment","target":["https:\/\/qtmm.org\/qt\/ukrpocta-mektup-zarflarinda-belli-qirimtatar-sairi-tarihci-filolog-amdi-giraybaynin-resimini-qoydi\/#respond"]}]},{"@type":"WebPage","@id":"https:\/\/qtmm.org\/qt\/ukrpocta-mektup-zarflarinda-belli-qirimtatar-sairi-tarihci-filolog-amdi-giraybaynin-resimini-qoydi\/","url":"https:\/\/qtmm.org\/qt\/ukrpocta-mektup-zarflarinda-belli-qirimtatar-sairi-tarihci-filolog-amdi-giraybaynin-resimini-qoydi\/","name":"Ukrpo\u00e7ta mekt\u00fcp zarflar\u0131nda belli q\u0131r\u0131mtatar \u015fairi, tarih\u00e7i, filolog Amdi Giraybayn\u0131\u00f1 resimini qoyd\u0131 - \u041c\u0435\u0434\u0436\u043b\u0456\u0441","isPartOf":{"@id":"https:\/\/qtmm.org\/qt\/#website"},"primaryImageOfPage":{"@id":"https:\/\/qtmm.org\/qt\/ukrpocta-mektup-zarflarinda-belli-qirimtatar-sairi-tarihci-filolog-amdi-giraybaynin-resimini-qoydi\/#primaryimage"},"image":{"@id":"https:\/\/qtmm.org\/qt\/ukrpocta-mektup-zarflarinda-belli-qirimtatar-sairi-tarihci-filolog-amdi-giraybaynin-resimini-qoydi\/#primaryimage"},"thumbnailUrl":"https:\/\/qtmm.org\/wp-content\/uploads\/2022\/01\/kopiya_page_10.jpg","datePublished":"2011-12-25T13:53:00+00:00","dateModified":"2022-01-18T13:54:20+00:00","breadcrumb":{"@id":"https:\/\/qtmm.org\/qt\/ukrpocta-mektup-zarflarinda-belli-qirimtatar-sairi-tarihci-filolog-amdi-giraybaynin-resimini-qoydi\/#breadcrumb"},"inLanguage":"qt","potentialAction":[{"@type":"ReadAction","target":["https:\/\/qtmm.org\/qt\/ukrpocta-mektup-zarflarinda-belli-qirimtatar-sairi-tarihci-filolog-amdi-giraybaynin-resimini-qoydi\/"]}]},{"@type":"ImageObject","inLanguage":"qt","@id":"https:\/\/qtmm.org\/qt\/ukrpocta-mektup-zarflarinda-belli-qirimtatar-sairi-tarihci-filolog-amdi-giraybaynin-resimini-qoydi\/#primaryimage","url":"https:\/\/qtmm.org\/wp-content\/uploads\/2022\/01\/kopiya_page_10.jpg","contentUrl":"https:\/\/qtmm.org\/wp-content\/uploads\/2022\/01\/kopiya_page_10.jpg","width":625,"height":440},{"@type":"BreadcrumbList","@id":"https:\/\/qtmm.org\/qt\/ukrpocta-mektup-zarflarinda-belli-qirimtatar-sairi-tarihci-filolog-amdi-giraybaynin-resimini-qoydi\/#breadcrumb","itemListElement":[{"@type":"ListItem","position":1,"name":"\u0413\u043e\u043b\u043e\u0432\u043d\u0430","item":"https:\/\/qtmm.org\/qt\/"},{"@type":"ListItem","position":2,"name":"Ukrpo\u00e7ta mekt\u00fcp zarflar\u0131nda belli q\u0131r\u0131mtatar \u015fairi, tarih\u00e7i, filolog Amdi Giraybayn\u0131\u00f1 resimini qoyd\u0131"}]},{"@type":"WebSite","@id":"https:\/\/qtmm.org\/qt\/#website","url":"https:\/\/qtmm.org\/qt\/","name":"\u041c\u0435\u0434\u0436\u043b\u0456\u0441","description":"","publisher":{"@id":"https:\/\/qtmm.org\/qt\/#organization"},"potentialAction":[{"@type":"SearchAction","target":{"@type":"EntryPoint","urlTemplate":"https:\/\/qtmm.org\/qt\/?s={search_term_string}"},"query-input":{"@type":"PropertyValueSpecification","valueRequired":true,"valueName":"search_term_string"}}],"inLanguage":"qt"},{"@type":"Organization","@id":"https:\/\/qtmm.org\/qt\/#organization","name":"\u041c\u0435\u0434\u0436\u043b\u0456\u0441","url":"https:\/\/qtmm.org\/qt\/","logo":{"@type":"ImageObject","inLanguage":"qt","@id":"https:\/\/qtmm.org\/qt\/#\/schema\/logo\/image\/","url":"https:\/\/qtmm.org\/wp-content\/uploads\/2024\/12\/ua-mejlis-logo-rgb.svg","contentUrl":"https:\/\/qtmm.org\/wp-content\/uploads\/2024\/12\/ua-mejlis-logo-rgb.svg","caption":"\u041c\u0435\u0434\u0436\u043b\u0456\u0441"},"image":{"@id":"https:\/\/qtmm.org\/qt\/#\/schema\/logo\/image\/"},"sameAs":["https:\/\/www.facebook.com\/qtmm.info\/"]},{"@type":"Person","@id":"https:\/\/qtmm.org\/qt\/#\/schema\/person\/de562469f971dec226ac06e60bbf74a7","name":"Developer","image":{"@type":"ImageObject","inLanguage":"qt","@id":"https:\/\/secure.gravatar.com\/avatar\/392b4cc8fbfeb00b39dfeeab4ee6edded39ffd48e25858637e4765810300227e?s=96&d=mm&r=g","url":"https:\/\/secure.gravatar.com\/avatar\/392b4cc8fbfeb00b39dfeeab4ee6edded39ffd48e25858637e4765810300227e?s=96&d=mm&r=g","contentUrl":"https:\/\/secure.gravatar.com\/avatar\/392b4cc8fbfeb00b39dfeeab4ee6edded39ffd48e25858637e4765810300227e?s=96&d=mm&r=g","caption":"Developer"},"url":"https:\/\/qtmm.org\/qt\/author\/Developer\/"}]}},"_links":{"self":[{"href":"https:\/\/qtmm.org\/qt\/wp-json\/wp\/v2\/posts\/23896","targetHints":{"allow":["GET"]}}],"collection":[{"href":"https:\/\/qtmm.org\/qt\/wp-json\/wp\/v2\/posts"}],"about":[{"href":"https:\/\/qtmm.org\/qt\/wp-json\/wp\/v2\/types\/post"}],"author":[{"embeddable":true,"href":"https:\/\/qtmm.org\/qt\/wp-json\/wp\/v2\/users\/1"}],"replies":[{"embeddable":true,"href":"https:\/\/qtmm.org\/qt\/wp-json\/wp\/v2\/comments?post=23896"}],"version-history":[{"count":1,"href":"https:\/\/qtmm.org\/qt\/wp-json\/wp\/v2\/posts\/23896\/revisions"}],"predecessor-version":[{"id":23901,"href":"https:\/\/qtmm.org\/qt\/wp-json\/wp\/v2\/posts\/23896\/revisions\/23901"}],"wp:featuredmedia":[{"embeddable":true,"href":"https:\/\/qtmm.org\/qt\/wp-json\/wp\/v2\/media\/23897"}],"wp:attachment":[{"href":"https:\/\/qtmm.org\/qt\/wp-json\/wp\/v2\/media?parent=23896"}],"wp:term":[{"taxonomy":"category","embeddable":true,"href":"https:\/\/qtmm.org\/qt\/wp-json\/wp\/v2\/categories?post=23896"},{"taxonomy":"post_tag","embeddable":true,"href":"https:\/\/qtmm.org\/qt\/wp-json\/wp\/v2\/tags?post=23896"}],"curies":[{"name":"wp","href":"https:\/\/api.w.org\/{rel}","templated":true}]}}