




{"id":23856,"date":"2011-12-20T16:49:00","date_gmt":"2011-12-20T13:49:00","guid":{"rendered":"http:\/\/qtmm.org\/?p=23856"},"modified":"2022-01-18T16:50:13","modified_gmt":"2022-01-18T13:50:13","slug":"segodna-gazetasi-qirimda-oz-vekalethanesini-acti","status":"publish","type":"post","link":"https:\/\/qtmm.org\/qt\/segodna-gazetasi-qirimda-oz-vekalethanesini-acti\/","title":{"rendered":"&#8220;Segodn\u00e2&#8221; gazetas\u0131 Q\u0131r\u0131mda \u00f6z vek\u00e2lethanesini a\u00e7t\u0131"},"content":{"rendered":"\n<p>Milliy Meclis reisi, Ukraina halq deputat\u0131 Mustafa Cemilev &#8220;Segodn\u00e2&#8221; gazetas\u0131 Q\u0131r\u0131mda \u00f6z vek\u00e2lethanesini a\u00e7qan\u0131 munasebetinen &#8220;Segodn\u00e2 M\u00fcltimedia&#8221; ba\u015f direktor\u0131, \u015fef-muarriri Gilyermo \u015emitt taraf\u0131ndan on\u0131\u00f1 taqdimine davet olund\u0131.<\/p>\n\n\n\n<p>Gilyermo \u015emitt musafirlerni sel\u00e2mlar eken, &#8220;Segodn\u00e2&#8221; adl\u0131 i\u00e7timaiy-siyasiy gazetas\u0131 Ukraina territoriyas\u0131nda endi d\u00f6rt y\u0131l devam\u0131nda ne\u015fir olun\u011fan\u0131 ve \u00f6z regional ofislerini Odessa, Kiyev, Donetsk, Harkov, Dnepropetrovsk \u015feerlerinde a\u00e7qan\u0131 aqq\u0131nda qayd etti. &#8220;Maliye buhran ol\u011fan\u0131 i\u00e7\u00fcn biz regionlarda vek\u00e2lethanelerini\u00f1 a\u00e7\u0131lmas\u0131 toqtat\u0131ld\u0131. Amma bir \u015feyge baqmadan &#8220;Segodn\u00e2&#8221; gazetas\u0131n\u0131\u00f1 \u00e7\u0131qar\u0131lmas\u0131 Ukrainan\u0131\u00f1 b\u00fcy\u00fck \u015feerlerinde devam etilecegi boyunca qarar \u00e7\u0131qar\u0131ld\u0131. Biz Q\u0131r\u0131mn\u0131\u00f1 sakin ve musafirleri gazetam\u0131zn\u0131\u00f1 \u015fekilinde ol\u011fan deni\u015fmelerge q\u0131ymet keseceklerine eminmiz&#8221;, &#8211; dedi Gilyermo \u015emit<br>Bu sene may\u0131s 19 k\u00fcn\u00fcnden ba\u015flap &#8220;Segodn\u00e2&#8221; &#8211; &#8220;Segodn\u00e2 Kr\u0131m&#8221; b\u00fct\u00fcnukrain gazetas\u0131n\u0131\u00f1 lokal \u00e7\u0131qarmas\u0131 \u00e7\u0131qar\u0131lacaq. Er bir nomer \u00fcst\u00fcnden ba\u015f muarrir Mayk Lvovski yolba\u015f\u00e7\u0131l\u0131\u011f\u0131nda ol\u011fan q\u0131r\u0131m ofisini\u00f1 muarririyeti \u00e7al\u0131\u015fa.<\/p>\n","protected":false},"excerpt":{"rendered":"<p>Milliy Meclis reisi, Ukraina halq deputat\u0131 Mustafa Cemilev &#8220;Segodn\u00e2&#8221; gazetas\u0131 Q\u0131r\u0131mda \u00f6z vek\u00e2lethanesini a\u00e7qan\u0131 munasebetinen &#8220;Segodn\u00e2 M\u00fcltimedia&#8221; ba\u015f direktor\u0131, \u015fef-muarriri Gilyermo \u015emitt taraf\u0131ndan on\u0131\u00f1 taqdimine davet olund\u0131. Gilyermo \u015emitt musafirlerni sel\u00e2mlar eken, &#8220;Segodn\u00e2&#8221; adl\u0131 i\u00e7timaiy-siyasiy gazetas\u0131 Ukraina territoriyas\u0131nda endi d\u00f6rt y\u0131l devam\u0131nda ne\u015fir olun\u011fan\u0131 ve \u00f6z regional ofislerini Odessa, Kiyev, Donetsk, Harkov, Dnepropetrovsk \u015feerlerinde a\u00e7qan\u0131 [&hellip;]<\/p>\n","protected":false},"author":1,"featured_media":0,"comment_status":"open","ping_status":"open","sticky":false,"template":"","format":"standard","meta":{"inline_featured_image":false,"footnotes":""},"categories":[265],"tags":[],"class_list":["post-23856","post","type-post","status-publish","format-standard","hentry","category-haberler"],"acf":[],"yoast_head":"<!-- This site is optimized with the Yoast SEO plugin v27.4 - https:\/\/yoast.com\/product\/yoast-seo-wordpress\/ -->\n<title>&quot;Segodn\u00e2&quot; gazetas\u0131 Q\u0131r\u0131mda \u00f6z vek\u00e2lethanesini a\u00e7t\u0131 - \u041c\u0435\u0434\u0436\u043b\u0456\u0441<\/title>\n<meta name=\"robots\" content=\"index, follow, max-snippet:-1, max-image-preview:large, max-video-preview:-1\" \/>\n<link rel=\"canonical\" href=\"https:\/\/qtmm.org\/qt\/segodna-gazetasi-qirimda-oz-vekalethanesini-acti\/\" \/>\n<meta property=\"og:locale\" content=\"en_US\" \/>\n<meta property=\"og:type\" content=\"article\" \/>\n<meta property=\"og:title\" content=\"&quot;Segodn\u00e2&quot; gazetas\u0131 Q\u0131r\u0131mda \u00f6z vek\u00e2lethanesini a\u00e7t\u0131 - \u041c\u0435\u0434\u0436\u043b\u0456\u0441\" \/>\n<meta property=\"og:description\" content=\"Milliy Meclis reisi, Ukraina halq deputat\u0131 Mustafa Cemilev &#8220;Segodn\u00e2&#8221; gazetas\u0131 Q\u0131r\u0131mda \u00f6z vek\u00e2lethanesini a\u00e7qan\u0131 munasebetinen &#8220;Segodn\u00e2 M\u00fcltimedia&#8221; ba\u015f direktor\u0131, \u015fef-muarriri Gilyermo \u015emitt taraf\u0131ndan on\u0131\u00f1 taqdimine davet olund\u0131. Gilyermo \u015emitt musafirlerni sel\u00e2mlar eken, &#8220;Segodn\u00e2&#8221; adl\u0131 i\u00e7timaiy-siyasiy gazetas\u0131 Ukraina territoriyas\u0131nda endi d\u00f6rt y\u0131l devam\u0131nda ne\u015fir olun\u011fan\u0131 ve \u00f6z regional ofislerini Odessa, Kiyev, Donetsk, Harkov, Dnepropetrovsk \u015feerlerinde a\u00e7qan\u0131 [&hellip;]\" \/>\n<meta property=\"og:url\" content=\"https:\/\/qtmm.org\/qt\/segodna-gazetasi-qirimda-oz-vekalethanesini-acti\/\" \/>\n<meta property=\"og:site_name\" content=\"\u041c\u0435\u0434\u0436\u043b\u0456\u0441\" \/>\n<meta property=\"article:publisher\" content=\"https:\/\/www.facebook.com\/qtmm.info\/\" \/>\n<meta property=\"article:published_time\" content=\"2011-12-20T13:49:00+00:00\" \/>\n<meta property=\"article:modified_time\" content=\"2022-01-18T13:50:13+00:00\" \/>\n<meta name=\"author\" content=\"Developer\" \/>\n<meta name=\"twitter:card\" content=\"summary_large_image\" \/>\n<meta name=\"twitter:label1\" content=\"Written by\" \/>\n\t<meta name=\"twitter:data1\" content=\"Developer\" \/>\n\t<meta name=\"twitter:label2\" content=\"Est. reading time\" \/>\n\t<meta name=\"twitter:data2\" content=\"1 minute\" \/>\n<script type=\"application\/ld+json\" class=\"yoast-schema-graph\">{\"@context\":\"https:\\\/\\\/schema.org\",\"@graph\":[{\"@type\":\"Article\",\"@id\":\"https:\\\/\\\/qtmm.org\\\/qt\\\/segodna-gazetasi-qirimda-oz-vekalethanesini-acti\\\/#article\",\"isPartOf\":{\"@id\":\"https:\\\/\\\/qtmm.org\\\/qt\\\/segodna-gazetasi-qirimda-oz-vekalethanesini-acti\\\/\"},\"author\":{\"name\":\"Developer\",\"@id\":\"https:\\\/\\\/qtmm.org\\\/qt\\\/#\\\/schema\\\/person\\\/de562469f971dec226ac06e60bbf74a7\"},\"headline\":\"&#8220;Segodn\u00e2&#8221; gazetas\u0131 Q\u0131r\u0131mda \u00f6z vek\u00e2lethanesini a\u00e7t\u0131\",\"datePublished\":\"2011-12-20T13:49:00+00:00\",\"dateModified\":\"2022-01-18T13:50:13+00:00\",\"mainEntityOfPage\":{\"@id\":\"https:\\\/\\\/qtmm.org\\\/qt\\\/segodna-gazetasi-qirimda-oz-vekalethanesini-acti\\\/\"},\"wordCount\":183,\"commentCount\":0,\"publisher\":{\"@id\":\"https:\\\/\\\/qtmm.org\\\/qt\\\/#organization\"},\"articleSection\":[\"Haberler\"],\"inLanguage\":\"qt\",\"potentialAction\":[{\"@type\":\"CommentAction\",\"name\":\"Comment\",\"target\":[\"https:\\\/\\\/qtmm.org\\\/qt\\\/segodna-gazetasi-qirimda-oz-vekalethanesini-acti\\\/#respond\"]}]},{\"@type\":\"WebPage\",\"@id\":\"https:\\\/\\\/qtmm.org\\\/qt\\\/segodna-gazetasi-qirimda-oz-vekalethanesini-acti\\\/\",\"url\":\"https:\\\/\\\/qtmm.org\\\/qt\\\/segodna-gazetasi-qirimda-oz-vekalethanesini-acti\\\/\",\"name\":\"\\\"Segodn\u00e2\\\" gazetas\u0131 Q\u0131r\u0131mda \u00f6z vek\u00e2lethanesini a\u00e7t\u0131 - \u041c\u0435\u0434\u0436\u043b\u0456\u0441\",\"isPartOf\":{\"@id\":\"https:\\\/\\\/qtmm.org\\\/qt\\\/#website\"},\"datePublished\":\"2011-12-20T13:49:00+00:00\",\"dateModified\":\"2022-01-18T13:50:13+00:00\",\"breadcrumb\":{\"@id\":\"https:\\\/\\\/qtmm.org\\\/qt\\\/segodna-gazetasi-qirimda-oz-vekalethanesini-acti\\\/#breadcrumb\"},\"inLanguage\":\"qt\",\"potentialAction\":[{\"@type\":\"ReadAction\",\"target\":[\"https:\\\/\\\/qtmm.org\\\/qt\\\/segodna-gazetasi-qirimda-oz-vekalethanesini-acti\\\/\"]}]},{\"@type\":\"BreadcrumbList\",\"@id\":\"https:\\\/\\\/qtmm.org\\\/qt\\\/segodna-gazetasi-qirimda-oz-vekalethanesini-acti\\\/#breadcrumb\",\"itemListElement\":[{\"@type\":\"ListItem\",\"position\":1,\"name\":\"\u0413\u043e\u043b\u043e\u0432\u043d\u0430\",\"item\":\"https:\\\/\\\/qtmm.org\\\/qt\\\/\"},{\"@type\":\"ListItem\",\"position\":2,\"name\":\"&#8220;Segodn\u00e2&#8221; gazetas\u0131 Q\u0131r\u0131mda \u00f6z vek\u00e2lethanesini a\u00e7t\u0131\"}]},{\"@type\":\"WebSite\",\"@id\":\"https:\\\/\\\/qtmm.org\\\/qt\\\/#website\",\"url\":\"https:\\\/\\\/qtmm.org\\\/qt\\\/\",\"name\":\"\u041c\u0435\u0434\u0436\u043b\u0456\u0441\",\"description\":\"\",\"publisher\":{\"@id\":\"https:\\\/\\\/qtmm.org\\\/qt\\\/#organization\"},\"potentialAction\":[{\"@type\":\"SearchAction\",\"target\":{\"@type\":\"EntryPoint\",\"urlTemplate\":\"https:\\\/\\\/qtmm.org\\\/qt\\\/?s={search_term_string}\"},\"query-input\":{\"@type\":\"PropertyValueSpecification\",\"valueRequired\":true,\"valueName\":\"search_term_string\"}}],\"inLanguage\":\"qt\"},{\"@type\":\"Organization\",\"@id\":\"https:\\\/\\\/qtmm.org\\\/qt\\\/#organization\",\"name\":\"\u041c\u0435\u0434\u0436\u043b\u0456\u0441\",\"url\":\"https:\\\/\\\/qtmm.org\\\/qt\\\/\",\"logo\":{\"@type\":\"ImageObject\",\"inLanguage\":\"qt\",\"@id\":\"https:\\\/\\\/qtmm.org\\\/qt\\\/#\\\/schema\\\/logo\\\/image\\\/\",\"url\":\"https:\\\/\\\/qtmm.org\\\/wp-content\\\/uploads\\\/2024\\\/12\\\/ua-mejlis-logo-rgb.svg\",\"contentUrl\":\"https:\\\/\\\/qtmm.org\\\/wp-content\\\/uploads\\\/2024\\\/12\\\/ua-mejlis-logo-rgb.svg\",\"caption\":\"\u041c\u0435\u0434\u0436\u043b\u0456\u0441\"},\"image\":{\"@id\":\"https:\\\/\\\/qtmm.org\\\/qt\\\/#\\\/schema\\\/logo\\\/image\\\/\"},\"sameAs\":[\"https:\\\/\\\/www.facebook.com\\\/qtmm.info\\\/\"]},{\"@type\":\"Person\",\"@id\":\"https:\\\/\\\/qtmm.org\\\/qt\\\/#\\\/schema\\\/person\\\/de562469f971dec226ac06e60bbf74a7\",\"name\":\"Developer\",\"image\":{\"@type\":\"ImageObject\",\"inLanguage\":\"qt\",\"@id\":\"https:\\\/\\\/secure.gravatar.com\\\/avatar\\\/392b4cc8fbfeb00b39dfeeab4ee6edded39ffd48e25858637e4765810300227e?s=96&d=mm&r=g\",\"url\":\"https:\\\/\\\/secure.gravatar.com\\\/avatar\\\/392b4cc8fbfeb00b39dfeeab4ee6edded39ffd48e25858637e4765810300227e?s=96&d=mm&r=g\",\"contentUrl\":\"https:\\\/\\\/secure.gravatar.com\\\/avatar\\\/392b4cc8fbfeb00b39dfeeab4ee6edded39ffd48e25858637e4765810300227e?s=96&d=mm&r=g\",\"caption\":\"Developer\"},\"url\":\"https:\\\/\\\/qtmm.org\\\/qt\\\/author\\\/Developer\\\/\"}]}<\/script>\n<!-- \/ Yoast SEO plugin. -->","yoast_head_json":{"title":"\"Segodn\u00e2\" gazetas\u0131 Q\u0131r\u0131mda \u00f6z vek\u00e2lethanesini a\u00e7t\u0131 - \u041c\u0435\u0434\u0436\u043b\u0456\u0441","robots":{"index":"index","follow":"follow","max-snippet":"max-snippet:-1","max-image-preview":"max-image-preview:large","max-video-preview":"max-video-preview:-1"},"canonical":"https:\/\/qtmm.org\/qt\/segodna-gazetasi-qirimda-oz-vekalethanesini-acti\/","og_locale":"en_US","og_type":"article","og_title":"\"Segodn\u00e2\" gazetas\u0131 Q\u0131r\u0131mda \u00f6z vek\u00e2lethanesini a\u00e7t\u0131 - \u041c\u0435\u0434\u0436\u043b\u0456\u0441","og_description":"Milliy Meclis reisi, Ukraina halq deputat\u0131 Mustafa Cemilev &#8220;Segodn\u00e2&#8221; gazetas\u0131 Q\u0131r\u0131mda \u00f6z vek\u00e2lethanesini a\u00e7qan\u0131 munasebetinen &#8220;Segodn\u00e2 M\u00fcltimedia&#8221; ba\u015f direktor\u0131, \u015fef-muarriri Gilyermo \u015emitt taraf\u0131ndan on\u0131\u00f1 taqdimine davet olund\u0131. Gilyermo \u015emitt musafirlerni sel\u00e2mlar eken, &#8220;Segodn\u00e2&#8221; adl\u0131 i\u00e7timaiy-siyasiy gazetas\u0131 Ukraina territoriyas\u0131nda endi d\u00f6rt y\u0131l devam\u0131nda ne\u015fir olun\u011fan\u0131 ve \u00f6z regional ofislerini Odessa, Kiyev, Donetsk, Harkov, Dnepropetrovsk \u015feerlerinde a\u00e7qan\u0131 [&hellip;]","og_url":"https:\/\/qtmm.org\/qt\/segodna-gazetasi-qirimda-oz-vekalethanesini-acti\/","og_site_name":"\u041c\u0435\u0434\u0436\u043b\u0456\u0441","article_publisher":"https:\/\/www.facebook.com\/qtmm.info\/","article_published_time":"2011-12-20T13:49:00+00:00","article_modified_time":"2022-01-18T13:50:13+00:00","author":"Developer","twitter_card":"summary_large_image","twitter_misc":{"Written by":"Developer","Est. reading time":"1 minute"},"schema":{"@context":"https:\/\/schema.org","@graph":[{"@type":"Article","@id":"https:\/\/qtmm.org\/qt\/segodna-gazetasi-qirimda-oz-vekalethanesini-acti\/#article","isPartOf":{"@id":"https:\/\/qtmm.org\/qt\/segodna-gazetasi-qirimda-oz-vekalethanesini-acti\/"},"author":{"name":"Developer","@id":"https:\/\/qtmm.org\/qt\/#\/schema\/person\/de562469f971dec226ac06e60bbf74a7"},"headline":"&#8220;Segodn\u00e2&#8221; gazetas\u0131 Q\u0131r\u0131mda \u00f6z vek\u00e2lethanesini a\u00e7t\u0131","datePublished":"2011-12-20T13:49:00+00:00","dateModified":"2022-01-18T13:50:13+00:00","mainEntityOfPage":{"@id":"https:\/\/qtmm.org\/qt\/segodna-gazetasi-qirimda-oz-vekalethanesini-acti\/"},"wordCount":183,"commentCount":0,"publisher":{"@id":"https:\/\/qtmm.org\/qt\/#organization"},"articleSection":["Haberler"],"inLanguage":"qt","potentialAction":[{"@type":"CommentAction","name":"Comment","target":["https:\/\/qtmm.org\/qt\/segodna-gazetasi-qirimda-oz-vekalethanesini-acti\/#respond"]}]},{"@type":"WebPage","@id":"https:\/\/qtmm.org\/qt\/segodna-gazetasi-qirimda-oz-vekalethanesini-acti\/","url":"https:\/\/qtmm.org\/qt\/segodna-gazetasi-qirimda-oz-vekalethanesini-acti\/","name":"\"Segodn\u00e2\" gazetas\u0131 Q\u0131r\u0131mda \u00f6z vek\u00e2lethanesini a\u00e7t\u0131 - \u041c\u0435\u0434\u0436\u043b\u0456\u0441","isPartOf":{"@id":"https:\/\/qtmm.org\/qt\/#website"},"datePublished":"2011-12-20T13:49:00+00:00","dateModified":"2022-01-18T13:50:13+00:00","breadcrumb":{"@id":"https:\/\/qtmm.org\/qt\/segodna-gazetasi-qirimda-oz-vekalethanesini-acti\/#breadcrumb"},"inLanguage":"qt","potentialAction":[{"@type":"ReadAction","target":["https:\/\/qtmm.org\/qt\/segodna-gazetasi-qirimda-oz-vekalethanesini-acti\/"]}]},{"@type":"BreadcrumbList","@id":"https:\/\/qtmm.org\/qt\/segodna-gazetasi-qirimda-oz-vekalethanesini-acti\/#breadcrumb","itemListElement":[{"@type":"ListItem","position":1,"name":"\u0413\u043e\u043b\u043e\u0432\u043d\u0430","item":"https:\/\/qtmm.org\/qt\/"},{"@type":"ListItem","position":2,"name":"&#8220;Segodn\u00e2&#8221; gazetas\u0131 Q\u0131r\u0131mda \u00f6z vek\u00e2lethanesini a\u00e7t\u0131"}]},{"@type":"WebSite","@id":"https:\/\/qtmm.org\/qt\/#website","url":"https:\/\/qtmm.org\/qt\/","name":"\u041c\u0435\u0434\u0436\u043b\u0456\u0441","description":"","publisher":{"@id":"https:\/\/qtmm.org\/qt\/#organization"},"potentialAction":[{"@type":"SearchAction","target":{"@type":"EntryPoint","urlTemplate":"https:\/\/qtmm.org\/qt\/?s={search_term_string}"},"query-input":{"@type":"PropertyValueSpecification","valueRequired":true,"valueName":"search_term_string"}}],"inLanguage":"qt"},{"@type":"Organization","@id":"https:\/\/qtmm.org\/qt\/#organization","name":"\u041c\u0435\u0434\u0436\u043b\u0456\u0441","url":"https:\/\/qtmm.org\/qt\/","logo":{"@type":"ImageObject","inLanguage":"qt","@id":"https:\/\/qtmm.org\/qt\/#\/schema\/logo\/image\/","url":"https:\/\/qtmm.org\/wp-content\/uploads\/2024\/12\/ua-mejlis-logo-rgb.svg","contentUrl":"https:\/\/qtmm.org\/wp-content\/uploads\/2024\/12\/ua-mejlis-logo-rgb.svg","caption":"\u041c\u0435\u0434\u0436\u043b\u0456\u0441"},"image":{"@id":"https:\/\/qtmm.org\/qt\/#\/schema\/logo\/image\/"},"sameAs":["https:\/\/www.facebook.com\/qtmm.info\/"]},{"@type":"Person","@id":"https:\/\/qtmm.org\/qt\/#\/schema\/person\/de562469f971dec226ac06e60bbf74a7","name":"Developer","image":{"@type":"ImageObject","inLanguage":"qt","@id":"https:\/\/secure.gravatar.com\/avatar\/392b4cc8fbfeb00b39dfeeab4ee6edded39ffd48e25858637e4765810300227e?s=96&d=mm&r=g","url":"https:\/\/secure.gravatar.com\/avatar\/392b4cc8fbfeb00b39dfeeab4ee6edded39ffd48e25858637e4765810300227e?s=96&d=mm&r=g","contentUrl":"https:\/\/secure.gravatar.com\/avatar\/392b4cc8fbfeb00b39dfeeab4ee6edded39ffd48e25858637e4765810300227e?s=96&d=mm&r=g","caption":"Developer"},"url":"https:\/\/qtmm.org\/qt\/author\/Developer\/"}]}},"_links":{"self":[{"href":"https:\/\/qtmm.org\/qt\/wp-json\/wp\/v2\/posts\/23856","targetHints":{"allow":["GET"]}}],"collection":[{"href":"https:\/\/qtmm.org\/qt\/wp-json\/wp\/v2\/posts"}],"about":[{"href":"https:\/\/qtmm.org\/qt\/wp-json\/wp\/v2\/types\/post"}],"author":[{"embeddable":true,"href":"https:\/\/qtmm.org\/qt\/wp-json\/wp\/v2\/users\/1"}],"replies":[{"embeddable":true,"href":"https:\/\/qtmm.org\/qt\/wp-json\/wp\/v2\/comments?post=23856"}],"version-history":[{"count":1,"href":"https:\/\/qtmm.org\/qt\/wp-json\/wp\/v2\/posts\/23856\/revisions"}],"predecessor-version":[{"id":23857,"href":"https:\/\/qtmm.org\/qt\/wp-json\/wp\/v2\/posts\/23856\/revisions\/23857"}],"wp:attachment":[{"href":"https:\/\/qtmm.org\/qt\/wp-json\/wp\/v2\/media?parent=23856"}],"wp:term":[{"taxonomy":"category","embeddable":true,"href":"https:\/\/qtmm.org\/qt\/wp-json\/wp\/v2\/categories?post=23856"},{"taxonomy":"post_tag","embeddable":true,"href":"https:\/\/qtmm.org\/qt\/wp-json\/wp\/v2\/tags?post=23856"}],"curies":[{"name":"wp","href":"https:\/\/api.w.org\/{rel}","templated":true}]}}