




{"id":23790,"date":"2011-12-20T16:46:00","date_gmt":"2011-12-20T13:46:00","guid":{"rendered":"http:\/\/qtmm.org\/?p=23790"},"modified":"2022-01-18T16:49:18","modified_gmt":"2022-01-18T13:49:18","slug":"mustecip-ulkusalnin-adina-kecirelgen-konkursinin-neticeleri-belli-oldi","status":"publish","type":"post","link":"https:\/\/qtmm.org\/qt\/mustecip-ulkusalnin-adina-kecirelgen-konkursinin-neticeleri-belli-oldi\/","title":{"rendered":"M\u00fcstecip \u00dclk\u00fcsaln\u0131\u00f1 ad\u0131na ke\u00e7irelgen konkurs\u0131n\u0131\u00f1 neticeleri belli old\u0131"},"content":{"rendered":"\n<p>May\u0131sn\u0131\u00f1 20-de Q\u0131r\u0131mtatar sanat m\u00fczeyinde \u0130stambul \u015feerindeki q\u0131r\u0131mtatar dernegini\u00f1 yolba\u015f\u00e7\u0131s\u0131 Cel\u00e2l \u0130\u00e7ten ve &#8220;Maarif\u00e7i&#8221; birligini\u00f1 reisi Safure Kacametova studentler ve mektep talebeleri aras\u0131nda ke\u00e7irilgen, M\u00fcstecip \u00dclk\u00fcsaln\u0131\u00f1 hat\u0131r\u0131s\u0131na ba\u011f\u0131\u015flan\u011fan B\u00fct\u00fcnq\u0131r\u0131m konkursn\u0131\u00f1 neticelerini el\u00e2n etip, \u011faliplerini taqdirlediler.<\/p>\n\n\n\n<p>Tantanal\u0131 taqdirlen\u00fcv merasiminde Meclis reisi Mustafa Cemilev, q\u0131r\u0131mtatar te\u015fkil\u00e2tlar\u0131n\u0131\u00f1 vekilleri, milliy areket veteranlar\u0131, k\u00fctleviy matbuat vastalar\u0131n\u0131\u00f1 temsilcileri ve digerleri i\u015ftirak ettiler.<\/p>\n\n\n\n<p>Q\u0131r\u0131mtatar halq\u0131n\u0131\u00f1 ulu o\u011flu, cemaat aras\u0131nda faal ve vatanperver insan, &#8220;Emel&#8221; mecmuas\u0131n\u0131\u00f1 esas\u00e7\u0131s\u0131 ve muarriri M\u00fcstecip \u00dclk\u00fcsaln\u0131\u00f1 (1899-1996) h\u0131t\u0131ras\u0131n\u0131 ebediyle\u015ftirmek maqsad\u0131nen, 2011 senesi martn\u0131\u00f1 so\u00f1unda il\u00e2n etilgen konkurs eki nominatsiyas\u0131ndan, &#8220;E\u00f1 g\u00fczel resim&#8221; ve &#8220;E\u00f1 yah\u015f\u0131 in\u015fa&#8221;, ibaret edi.<\/p>\n\n\n\n<p>Mektep talebeleri aras\u0131nda ke\u00e7irilgen &#8220;Vatan\u0131m \u2013 Q\u0131r\u0131m&#8221; resimler konkurs\u0131na teslim olun\u011fan 68 i\u015f aras\u0131ndan, \u0130rfan Nafiyev, Zarema Trasinova ve Alim \u00dcseinov kibi naml\u0131 ressamlardan ibaret ol\u011fan j\u00fcri birincilikni Aqmescitni\u00f1 sekiz sanl\u0131 mektep talebesine Koval Elmira\u011fa berdiler.<\/p>\n\n\n\n<p>&#8220;Milletke h\u0131zmet etkenler unut\u0131lmaz&#8221; mevzus\u0131 ast\u0131nda il\u00e2n etilgen &#8220;E\u00f1 yah\u015f\u0131 in\u015fa&#8221; nominatsiyas\u0131nda TMU-ni\u00f1 q\u0131r\u0131mtatar ve \u015farq\u015f\u0131nasl\u0131q fakultetini\u00f1 2-ci kurs studenti Lenara \u0130bazerova birincilikni qazand\u0131.<\/p>\n\n\n\n<p>Qayd etmek kerek ki, er i\u015ftirak\u00e7ige bah\u015f\u0131\u015flar berildi. Birinci yerge nail ol\u011fan i\u015ftirak\u00e7iler T\u00fcrkiyeni ziyaret etecekler, ekinci ve \u00fc\u00e7\u00fcnci yerlerini qazan\u011fanlar para muk\u00e2fatlar\u0131nen taqdirlendiler.<br>&nbsp;<\/p>\n\n\n\n<hr class=\"wp-block-separator\"\/>\n\n\n\n<p><em><u>Spravka i\u00e7\u00fcn:<\/u><\/em><\/p>\n\n\n\n<p>M\u00fcstecib \u00dclk\u00fcsal (M\u00fcstecib Hac\u0131 Faz\u0131l) (1899 \u2013 1996) XX as\u0131rda diasporada Q\u0131r\u0131mtatar milliy o\u011fra\u015flarn\u0131\u00f1 e\u00f1 m\u00fcim adamlar\u0131ndan birevidir. O em do\u011f\u011fan yeri ol\u011fan Romaniya Dobrucas\u0131nda, em ana-vatan\u0131 Q\u0131r\u0131mda, em Almaniya, Lehistan kibi \u011farbiy memleketlerde, em de k\u00f6\u00e7keni T\u00fcrkiyede pek \u00e7oq milliy o\u011fra\u015flarda tap\u0131l\u011fan\u0131 i\u00e7\u00fcn keni\u015f mal\u00fcmat ve tecribe saibi ol\u011fand\u0131r. Q\u0131r\u0131mtatar ne\u015friyat tarih\u0131n\u0131\u00f1 e\u00f1 uzun s\u00fcrgen mecmuas\u0131 ol\u011fan Emel mecmuas\u0131n\u0131 qur\u011fan ve uzun seneler ne\u015fir etkendir. Bundan ba\u015fqa Q\u0131r\u0131mtatar milliy areketi, medeniyeti, tarih\u0131, etnografiyas\u0131nen al\u00e2qal\u0131 pek \u00e7oq kitap yaz\u011fan ve ne\u015fir etkendir. O tamam\u0131nen aqiqiy bir dava adam\u0131d\u0131r.<\/p>\n\n\n\n<p>Qartbabas\u0131n\u0131\u00f1 ad\u0131 Abdurrahmand\u0131r. Abdurrahman 1840 senesinde Q\u0131r\u0131mn\u0131\u00f1 Or uzyedini\u00f1 bir k\u00f6y\u00fcnde tuv\u011fan. 1862 senesinde Dobruca\u011fa k\u00f6\u00e7ken. Romaniya\u011fa kelgende ya\u00f1\u0131 evli eken. Dobrucada Hakime, Sakine ad\u0131nda eki q\u0131z\u0131 ve Faz\u0131l, Qavlamet, Dervi\u015famet ad\u0131nda \u00fc\u00e7 o\u011flu do\u011f\u011fan. M\u00fcstecib \u00dclk\u00fcsaln\u0131\u00f1 babas\u0131 Faz\u0131l 1869 senesi do\u011f\u011fan. Faz\u0131l 1896 senesinde Vefa \u00c7elebi ad\u0131ndaki bir Q\u0131r\u0131mtatar muacirini\u00f1 q\u0131z\u0131 ol\u011fan \u015eerifenen evlengen. M\u00fcstecip \u00dclk\u00fcsaln\u0131\u00f1 anas\u0131 \u015eerifeni\u00f1 babas\u0131 Vefa Efendi ve anas\u0131 Hac\u0131melek Q\u0131r\u0131mn\u0131\u00f1 Kefe uyezdini\u00f1 Qazan Tip k\u00f6y\u00fcndendir.<\/p>\n\n\n\n<p>M\u00fcstecip \u00dclk\u00fcsal 1899 senesinde do\u011fd\u0131. Qarda\u015flar\u0131 Saliha &#8211; 1904, Meliha &#8211; 1906, Necib &#8211; 1908, M\u00fcnib &#8211; 1910, Naz\u0131m &#8211; 1912, Seyfeddin &#8211; 1920 senelerinde do\u011f\u011fan eken. M\u00fcstecip \u00dclk\u00fcsal ilk mektepni Dobrucada, orta mektepni \u0130stanbulda oqu\u011fand\u0131r. I Cian cenki ba\u015fla\u011fanda \u0130stanbul\u011fa qaytama\u011fan\u0131 i\u00e7\u00fcn eki sene K\u00f6stencedeki Mecidiye Musulman Seminar\u0131yas\u0131na ketkendir. 1916 senesinde Romaniya cenkke qat\u0131l\u011fan so\u00f1 seminar\u0131ya qapan\u011fan oquv\u0131 yar\u0131m qal\u011fand\u0131r. Bundan so\u00f1 \u00f6z\u00fcni\u00f1 k\u00f6y\u00fcnde ilk mektepte muallimlik yasama\u011fa ba\u015fla\u011fand\u0131r.<\/p>\n\n\n\n<p>1918 senesinde Q\u0131r\u0131mdaki Suleyman Sulkevi\u00e7 \u00fck\u00fcmeti Q\u0131r\u0131m tam\u0131rl\u0131 ol\u011fanlarn\u0131 Q\u0131r\u0131m\u011fa qaytmalar\u0131 i\u00e7\u00fcn \u00e7a\u011f\u0131r\u011fan so\u00f1 bir Rus gemisinde saqlan\u0131p Aqyar\u011fa ketti. 1920 senesine qadar ba\u015fta Ba\u011f\u00e7asarayda Qaymaz A\u011fa mektebinde daa so\u00f1ra Foti Sala mektebinde ocal\u0131q yasad\u0131. Talebelerinen beraber Q\u0131r\u0131m k\u00f6ylerinde musamereler \u00f6tkerdi, milliy davan\u0131 desteklegen qonu\u015fmalar yasad\u0131. 1920 senesinde oquv\u0131n\u0131 tamamlamaq i\u00e7\u00fcn Q\u0131r\u0131mdan T\u00fcrkiyege keldi. Polatl\u0131da daa evel T\u00fcrkiyege k\u00f6\u00e7ken emceleri Qavlamet ve Dervi\u015fametni\u00f1 qat\u0131na bard\u0131. 1921 senesinde Q\u0131r\u0131mtatar muacirleri k\u00f6ylerinden ol\u011fan Qarayav\u015fanda ilk mektepte ocal\u0131q yasad\u0131. Ayn\u0131 seneni\u00f1 yaz\u0131nda \u0130stanbuul\u011fa ketip yar\u0131m qal\u011fan oquv\u0131na devam etti. 1922 senesinde litseyni bitirip diplom\u0131n\u0131 al\u0131p Dobruca\u011fa qaytt\u0131. B\u00fckre\u015f Universiteti Uquq Fakultetine kirdi. 1926 senesinde Uquq Fakultetini bitirip advokat old\u0131.<\/p>\n\n\n\n<p>Ayn\u0131 sene Pazarc\u0131qta advokatl\u0131qqa ba\u015flad\u0131. 1929 senesinde M\u00fcstecib \u00f6z\u00fcndey ol\u011fan on dostunen bir mecmua \u00e7\u0131qarma\u011fa qarar berdiler. \u00d6zleri aras\u0131nda para toplap urufat ald\u0131lar. Mecmuan\u0131\u00f1 ilk san\u0131 Emel mecmuas\u0131 ad\u0131nen 1930 yanvar 1 k\u00fcn\u00fc ne\u015fir etildi. Mecmuan\u0131\u00f1 saibi ve ba\u015f m\u00fcellifi M\u00fcstecib \u00dclk\u00fcsal old\u0131. Emel mecmuas\u0131 ba\u015ftaki eki sene 15 k\u00fcnde bir ne\u015fir etilir. Daa so\u00f1ra ayda bir \u00e7\u0131qa. Q\u0131r\u0131m Qurultay \u00fck\u00fcmetini\u00f1 t\u0131\u015f i\u015fleri vekili Cafer Seydamet Q\u0131r\u0131merde mecmuada maqaleler yazma\u011fa ba\u015flay. Bir zaman so\u00f1ra Emel mecmuas\u0131 Q\u0131r\u0131mtatar milliy davas\u0131n\u0131\u00f1 resmiy ne\u015friyat\u0131 old\u0131. II Cian cenki ba\u015fla\u011fan so\u00f1 Almanlar Romaniya\u011fa kirerler. Mecmuan\u0131 \u00e7\u0131qarmaq q\u0131y\u0131n olur, 1940 senesi sent\u00e2br ay\u0131nda 154 san ne\u015fir etilgen so\u00f1 ne\u015friyatn\u0131 toqtatt\u0131lar.<\/p>\n\n\n\n<p>M\u00fcstecib \u00dclk\u00fcsal 1940 senesi noyabr ay\u0131nda i\u015flerini tasfiye etip T\u00fcrkiyege k\u00f6\u00e7ti. 1941 senesinde Edige Q\u0131r\u0131malnen beraber Q\u0131r\u0131mtatar milliy davas\u0131 i\u00e7\u00fcn Berlinge ketti. L\u00e2kin almanlar Q\u0131r\u0131m\u011fa ketmesine izin bermediler. Doquz ay so\u00f1ra T\u00fcrkiyege qayt\u0131p keldi. 1943 senesinde \u0130stanbul\u011fa yerle\u015fip advokatl\u0131qqa ba\u015flad\u0131. 1944 Q\u0131r\u0131mtatarlar s\u00fcrg\u00fcnligi ve Dobrucada tuv\u011fanlar\u0131n\u0131\u00f1 zulum\u011fa o\u011framas\u0131, apis etilmesi M\u00fcstecib \u00dclk\u00fcsaln\u0131 pek kederletti. \u011earbiy memleketlerge qa\u00e7qan Q\u0131r\u0131ml\u0131larn\u0131 T\u00fcrkiyege yerle\u015ftirmek i\u00e7\u00fcn o\u011fra\u015ft\u0131. Kelgen soylar\u0131n\u0131 i\u015flerinen k\u00fc\u00e7\u00fc yetkeni qadar me\u015f\u011ful old\u0131.<\/p>\n\n\n\n<p>1955 senesinde Cafer Seydamet Q\u0131r\u0131merni\u00f1 hastal\u0131\u011f\u0131 sebebinden Milliy Merkez topla\u015fuvlar\u0131na vek\u00e2leten M\u00fcstecib \u00dclk\u00fcsal reislik etmege ba\u015flad\u0131. O zamandan so\u00f1 M\u00fcnihte er sene toplan\u011fan Paris Bloku topla\u015fuvlar\u0131na qo\u015ful\u011fan, ya bir \u00f6z\u00fc ya da bir qa\u00e7 arqada\u015f\u0131nen Q\u0131r\u0131m milliy davas\u0131n\u0131 temsil etti. 1960 senesinde Emel mecmuas\u0131 T\u00fcrkiyede ya\u00f1\u0131dan ne\u015fir etilmege ba\u015flad\u0131. 1986 senesinde k\u00f6zleri raats\u0131zlan\u011fan\u011fa qadar Emel mecmuas\u0131n ba\u015f m\u00fcellifligini yasa\u011fand\u0131r. 154 san\u0131 Romaniyada ne\u015fir etilgen Emel mecmuas\u0131nda 103 maqalesi, 227 san\u0131 T\u00fcrkiyede ne\u015fir etilgen Emel mecmuas\u0131nda 214 maqalesi bard\u0131r.<\/p>\n\n\n\n<p>1986 senesinde \u201cEmel Q\u0131r\u0131m T\u00fcrk Medeniyetini tan\u0131tma ve Ara\u015ft\u0131rma Vaqf\u0131\u201d (Emel K\u0131r\u0131m T\u00fcrk K\u00fclt\u00fcr\u00fcn\u00fc tan\u0131tma ve Ara\u015ft\u0131rma Vakf\u0131)n\u0131 qurd\u0131. Vefat etmeden evel b\u00fct\u00fcn kitaplar\u0131n\u0131 vaq\u0131fqa ba\u011f\u0131\u015fla\u011fand\u0131r.<\/p>\n\n\n\n<p>Q\u0131r\u0131mtatar Milliy Meclisini\u00f1 reisi Mustafa Cemilev 1993 senesinde T\u00fcrkiyege kelgende ba\u015fta hasta t\u00f6\u015fegindeki M\u00fcstecib \u00dclk\u00fcsaln\u0131 ziyaret etti. Hasta olsa bile musafirlerni ayaqta qar\u015f\u0131la\u011fan, o\u011furlay ekende als\u0131z olmas\u0131 sebebinden ayaqqa turmas\u0131na mani olmaq istegenlerge \u201cQ\u0131r\u0131mtatar Milliy Meclisi reisini ayaqta o\u011furlama\u011fa isteyim, bu\u00f1a k\u00fc\u00e7\u00fcm bar, bun\u0131\u00f1 b\u00f6yle olmas\u0131 kerek\u201d dep k\u00f6stergeni davran\u0131\u015f on\u0131\u00f1 qadiy bir dava adam\u0131 ol\u011fan\u0131n\u0131 a\u00f1latma\u011fa yetecektir. Ba\u011f\u00e7asarayda bir soqaqqa ad\u0131n\u0131\u00f1 berilmesin ozone berilgen e\u00f1 balaban muk\u00e2fat say\u011fand\u0131r. Ayat\u0131 s\u0131q\u0131nt\u0131 i\u00e7inde ke\u00e7mesine, b\u00fct\u00fcn \u00f6mr\u00fcni\u00f1 milliy dava\u011fa adamas\u0131na baqmadan i\u00e7 kimseden bir qar\u015f\u0131l\u0131q beklemegendir.<\/p>\n\n\n\n<figure class=\"wp-block-gallery columns-3 is-cropped wp-block-gallery-1 is-layout-flex wp-block-gallery-is-layout-flex\"><ul class=\"blocks-gallery-grid\"><li class=\"blocks-gallery-item\"><figure><a href=\"http:\/\/qtmm.org\/wp-content\/uploads\/2022\/01\/4de4b5c12a1b9.jpg\"><img loading=\"lazy\" decoding=\"async\" width=\"640\" height=\"480\" src=\"http:\/\/qtmm.org\/wp-content\/uploads\/2022\/01\/4de4b5c12a1b9.jpg\" alt=\"\" data-id=\"23791\" data-full-url=\"http:\/\/qtmm.org\/wp-content\/uploads\/2022\/01\/4de4b5c12a1b9.jpg\" data-link=\"http:\/\/qtmm.org\/qt\/?attachment_id=23791\" class=\"wp-image-23791\" srcset=\"https:\/\/qtmm.org\/wp-content\/uploads\/2022\/01\/4de4b5c12a1b9.jpg 640w, https:\/\/qtmm.org\/wp-content\/uploads\/2022\/01\/4de4b5c12a1b9-300x225.jpg 300w\" sizes=\"auto, (max-width: 640px) 100vw, 640px\" \/><\/a><\/figure><\/li><li class=\"blocks-gallery-item\"><figure><a href=\"http:\/\/qtmm.org\/wp-content\/uploads\/2022\/01\/4de4b5cc8f026.jpg\"><img loading=\"lazy\" decoding=\"async\" width=\"640\" height=\"480\" src=\"http:\/\/qtmm.org\/wp-content\/uploads\/2022\/01\/4de4b5cc8f026.jpg\" alt=\"\" data-id=\"23795\" data-full-url=\"http:\/\/qtmm.org\/wp-content\/uploads\/2022\/01\/4de4b5cc8f026.jpg\" data-link=\"http:\/\/qtmm.org\/qt\/?attachment_id=23795\" class=\"wp-image-23795\" srcset=\"https:\/\/qtmm.org\/wp-content\/uploads\/2022\/01\/4de4b5cc8f026.jpg 640w, https:\/\/qtmm.org\/wp-content\/uploads\/2022\/01\/4de4b5cc8f026-300x225.jpg 300w\" sizes=\"auto, (max-width: 640px) 100vw, 640px\" \/><\/a><\/figure><\/li><li class=\"blocks-gallery-item\"><figure><a href=\"http:\/\/qtmm.org\/wp-content\/uploads\/2022\/01\/4de4b5cc5567b.jpg\"><img loading=\"lazy\" decoding=\"async\" width=\"640\" height=\"480\" src=\"http:\/\/qtmm.org\/wp-content\/uploads\/2022\/01\/4de4b5cc5567b.jpg\" alt=\"\" data-id=\"23799\" data-full-url=\"http:\/\/qtmm.org\/wp-content\/uploads\/2022\/01\/4de4b5cc5567b.jpg\" data-link=\"http:\/\/qtmm.org\/qt\/?attachment_id=23799\" class=\"wp-image-23799\" srcset=\"https:\/\/qtmm.org\/wp-content\/uploads\/2022\/01\/4de4b5cc5567b.jpg 640w, https:\/\/qtmm.org\/wp-content\/uploads\/2022\/01\/4de4b5cc5567b-300x225.jpg 300w\" sizes=\"auto, (max-width: 640px) 100vw, 640px\" \/><\/a><\/figure><\/li><li class=\"blocks-gallery-item\"><figure><a href=\"http:\/\/qtmm.org\/wp-content\/uploads\/2022\/01\/4de4b5d9cec86.jpg\"><img loading=\"lazy\" decoding=\"async\" width=\"640\" height=\"480\" src=\"http:\/\/qtmm.org\/wp-content\/uploads\/2022\/01\/4de4b5d9cec86.jpg\" alt=\"\" data-id=\"23803\" data-full-url=\"http:\/\/qtmm.org\/wp-content\/uploads\/2022\/01\/4de4b5d9cec86.jpg\" data-link=\"http:\/\/qtmm.org\/qt\/?attachment_id=23803\" class=\"wp-image-23803\" srcset=\"https:\/\/qtmm.org\/wp-content\/uploads\/2022\/01\/4de4b5d9cec86.jpg 640w, https:\/\/qtmm.org\/wp-content\/uploads\/2022\/01\/4de4b5d9cec86-300x225.jpg 300w\" sizes=\"auto, (max-width: 640px) 100vw, 640px\" \/><\/a><\/figure><\/li><li class=\"blocks-gallery-item\"><figure><a href=\"http:\/\/qtmm.org\/wp-content\/uploads\/2022\/01\/4de4b5da12882.jpg\"><img loading=\"lazy\" decoding=\"async\" width=\"640\" height=\"480\" src=\"http:\/\/qtmm.org\/wp-content\/uploads\/2022\/01\/4de4b5da12882.jpg\" alt=\"\" data-id=\"23807\" data-full-url=\"http:\/\/qtmm.org\/wp-content\/uploads\/2022\/01\/4de4b5da12882.jpg\" data-link=\"http:\/\/qtmm.org\/qt\/?attachment_id=23807\" class=\"wp-image-23807\" srcset=\"https:\/\/qtmm.org\/wp-content\/uploads\/2022\/01\/4de4b5da12882.jpg 640w, https:\/\/qtmm.org\/wp-content\/uploads\/2022\/01\/4de4b5da12882-300x225.jpg 300w\" sizes=\"auto, (max-width: 640px) 100vw, 640px\" \/><\/a><\/figure><\/li><li class=\"blocks-gallery-item\"><figure><a href=\"http:\/\/qtmm.org\/wp-content\/uploads\/2022\/01\/4de4b5e6a9f36.jpg\"><img loading=\"lazy\" decoding=\"async\" width=\"640\" height=\"480\" src=\"http:\/\/qtmm.org\/wp-content\/uploads\/2022\/01\/4de4b5e6a9f36.jpg\" alt=\"\" data-id=\"23811\" data-full-url=\"http:\/\/qtmm.org\/wp-content\/uploads\/2022\/01\/4de4b5e6a9f36.jpg\" data-link=\"http:\/\/qtmm.org\/qt\/?attachment_id=23811\" class=\"wp-image-23811\" srcset=\"https:\/\/qtmm.org\/wp-content\/uploads\/2022\/01\/4de4b5e6a9f36.jpg 640w, https:\/\/qtmm.org\/wp-content\/uploads\/2022\/01\/4de4b5e6a9f36-300x225.jpg 300w\" sizes=\"auto, (max-width: 640px) 100vw, 640px\" \/><\/a><\/figure><\/li><li class=\"blocks-gallery-item\"><figure><a href=\"http:\/\/qtmm.org\/wp-content\/uploads\/2022\/01\/4de4b5e674fb3.jpg\"><img loading=\"lazy\" decoding=\"async\" width=\"640\" height=\"480\" src=\"http:\/\/qtmm.org\/wp-content\/uploads\/2022\/01\/4de4b5e674fb3.jpg\" alt=\"\" data-id=\"23815\" data-full-url=\"http:\/\/qtmm.org\/wp-content\/uploads\/2022\/01\/4de4b5e674fb3.jpg\" data-link=\"http:\/\/qtmm.org\/qt\/?attachment_id=23815\" class=\"wp-image-23815\" srcset=\"https:\/\/qtmm.org\/wp-content\/uploads\/2022\/01\/4de4b5e674fb3.jpg 640w, https:\/\/qtmm.org\/wp-content\/uploads\/2022\/01\/4de4b5e674fb3-300x225.jpg 300w\" sizes=\"auto, (max-width: 640px) 100vw, 640px\" \/><\/a><\/figure><\/li><li class=\"blocks-gallery-item\"><figure><a href=\"http:\/\/qtmm.org\/wp-content\/uploads\/2022\/01\/4de4b5fa8eca3.jpg\"><img loading=\"lazy\" decoding=\"async\" width=\"640\" height=\"480\" src=\"http:\/\/qtmm.org\/wp-content\/uploads\/2022\/01\/4de4b5fa8eca3.jpg\" alt=\"\" data-id=\"23819\" data-full-url=\"http:\/\/qtmm.org\/wp-content\/uploads\/2022\/01\/4de4b5fa8eca3.jpg\" data-link=\"http:\/\/qtmm.org\/qt\/?attachment_id=23819\" class=\"wp-image-23819\" srcset=\"https:\/\/qtmm.org\/wp-content\/uploads\/2022\/01\/4de4b5fa8eca3.jpg 640w, https:\/\/qtmm.org\/wp-content\/uploads\/2022\/01\/4de4b5fa8eca3-300x225.jpg 300w\" sizes=\"auto, (max-width: 640px) 100vw, 640px\" \/><\/a><\/figure><\/li><li class=\"blocks-gallery-item\"><figure><a href=\"http:\/\/qtmm.org\/wp-content\/uploads\/2022\/01\/4de4b5fa45c9b.jpg\"><img loading=\"lazy\" decoding=\"async\" width=\"640\" height=\"480\" src=\"http:\/\/qtmm.org\/wp-content\/uploads\/2022\/01\/4de4b5fa45c9b.jpg\" alt=\"\" data-id=\"23823\" data-full-url=\"http:\/\/qtmm.org\/wp-content\/uploads\/2022\/01\/4de4b5fa45c9b.jpg\" data-link=\"http:\/\/qtmm.org\/qt\/?attachment_id=23823\" class=\"wp-image-23823\" srcset=\"https:\/\/qtmm.org\/wp-content\/uploads\/2022\/01\/4de4b5fa45c9b.jpg 640w, https:\/\/qtmm.org\/wp-content\/uploads\/2022\/01\/4de4b5fa45c9b-300x225.jpg 300w\" sizes=\"auto, (max-width: 640px) 100vw, 640px\" \/><\/a><\/figure><\/li><li class=\"blocks-gallery-item\"><figure><a href=\"http:\/\/qtmm.org\/wp-content\/uploads\/2022\/01\/4de4b5fa10520.jpg\"><img loading=\"lazy\" decoding=\"async\" width=\"640\" height=\"480\" src=\"http:\/\/qtmm.org\/wp-content\/uploads\/2022\/01\/4de4b5fa10520.jpg\" alt=\"\" data-id=\"23827\" data-full-url=\"http:\/\/qtmm.org\/wp-content\/uploads\/2022\/01\/4de4b5fa10520.jpg\" data-link=\"http:\/\/qtmm.org\/qt\/?attachment_id=23827\" class=\"wp-image-23827\" srcset=\"https:\/\/qtmm.org\/wp-content\/uploads\/2022\/01\/4de4b5fa10520.jpg 640w, https:\/\/qtmm.org\/wp-content\/uploads\/2022\/01\/4de4b5fa10520-300x225.jpg 300w\" sizes=\"auto, (max-width: 640px) 100vw, 640px\" \/><\/a><\/figure><\/li><li class=\"blocks-gallery-item\"><figure><a href=\"http:\/\/qtmm.org\/wp-content\/uploads\/2022\/01\/4de4b60aa5f9e.jpg\"><img loading=\"lazy\" decoding=\"async\" width=\"640\" height=\"480\" src=\"http:\/\/qtmm.org\/wp-content\/uploads\/2022\/01\/4de4b60aa5f9e.jpg\" alt=\"\" data-id=\"23831\" data-full-url=\"http:\/\/qtmm.org\/wp-content\/uploads\/2022\/01\/4de4b60aa5f9e.jpg\" data-link=\"http:\/\/qtmm.org\/qt\/?attachment_id=23831\" class=\"wp-image-23831\" srcset=\"https:\/\/qtmm.org\/wp-content\/uploads\/2022\/01\/4de4b60aa5f9e.jpg 640w, https:\/\/qtmm.org\/wp-content\/uploads\/2022\/01\/4de4b60aa5f9e-300x225.jpg 300w\" sizes=\"auto, (max-width: 640px) 100vw, 640px\" \/><\/a><\/figure><\/li><li class=\"blocks-gallery-item\"><figure><a href=\"http:\/\/qtmm.org\/wp-content\/uploads\/2022\/01\/4de4b60adf5a3.jpg\"><img loading=\"lazy\" decoding=\"async\" width=\"640\" height=\"480\" src=\"http:\/\/qtmm.org\/wp-content\/uploads\/2022\/01\/4de4b60adf5a3.jpg\" alt=\"\" data-id=\"23835\" data-full-url=\"http:\/\/qtmm.org\/wp-content\/uploads\/2022\/01\/4de4b60adf5a3.jpg\" data-link=\"http:\/\/qtmm.org\/qt\/?attachment_id=23835\" class=\"wp-image-23835\" srcset=\"https:\/\/qtmm.org\/wp-content\/uploads\/2022\/01\/4de4b60adf5a3.jpg 640w, https:\/\/qtmm.org\/wp-content\/uploads\/2022\/01\/4de4b60adf5a3-300x225.jpg 300w\" sizes=\"auto, (max-width: 640px) 100vw, 640px\" \/><\/a><\/figure><\/li><li class=\"blocks-gallery-item\"><figure><a href=\"http:\/\/qtmm.org\/wp-content\/uploads\/2022\/01\/4de4b616bac9e.jpg\"><img loading=\"lazy\" decoding=\"async\" width=\"640\" height=\"480\" src=\"http:\/\/qtmm.org\/wp-content\/uploads\/2022\/01\/4de4b616bac9e.jpg\" alt=\"\" data-id=\"23839\" data-full-url=\"http:\/\/qtmm.org\/wp-content\/uploads\/2022\/01\/4de4b616bac9e.jpg\" data-link=\"http:\/\/qtmm.org\/qt\/?attachment_id=23839\" class=\"wp-image-23839\" srcset=\"https:\/\/qtmm.org\/wp-content\/uploads\/2022\/01\/4de4b616bac9e.jpg 640w, https:\/\/qtmm.org\/wp-content\/uploads\/2022\/01\/4de4b616bac9e-300x225.jpg 300w\" sizes=\"auto, (max-width: 640px) 100vw, 640px\" \/><\/a><\/figure><\/li><li class=\"blocks-gallery-item\"><figure><a href=\"http:\/\/qtmm.org\/wp-content\/uploads\/2022\/01\/4de4b620c2b02.jpg\"><img loading=\"lazy\" decoding=\"async\" width=\"640\" height=\"480\" src=\"http:\/\/qtmm.org\/wp-content\/uploads\/2022\/01\/4de4b620c2b02.jpg\" alt=\"\" data-id=\"23843\" data-full-url=\"http:\/\/qtmm.org\/wp-content\/uploads\/2022\/01\/4de4b620c2b02.jpg\" data-link=\"http:\/\/qtmm.org\/qt\/?attachment_id=23843\" class=\"wp-image-23843\" srcset=\"https:\/\/qtmm.org\/wp-content\/uploads\/2022\/01\/4de4b620c2b02.jpg 640w, https:\/\/qtmm.org\/wp-content\/uploads\/2022\/01\/4de4b620c2b02-300x225.jpg 300w\" sizes=\"auto, (max-width: 640px) 100vw, 640px\" \/><\/a><\/figure><\/li><li class=\"blocks-gallery-item\"><figure><a href=\"http:\/\/qtmm.org\/wp-content\/uploads\/2022\/01\/4de4b61688fca.jpg\"><img loading=\"lazy\" decoding=\"async\" width=\"640\" height=\"480\" src=\"http:\/\/qtmm.org\/wp-content\/uploads\/2022\/01\/4de4b61688fca.jpg\" alt=\"\" data-id=\"23847\" data-full-url=\"http:\/\/qtmm.org\/wp-content\/uploads\/2022\/01\/4de4b61688fca.jpg\" data-link=\"http:\/\/qtmm.org\/qt\/?attachment_id=23847\" class=\"wp-image-23847\" srcset=\"https:\/\/qtmm.org\/wp-content\/uploads\/2022\/01\/4de4b61688fca.jpg 640w, https:\/\/qtmm.org\/wp-content\/uploads\/2022\/01\/4de4b61688fca-300x225.jpg 300w\" sizes=\"auto, (max-width: 640px) 100vw, 640px\" \/><\/a><\/figure><\/li><li class=\"blocks-gallery-item\"><figure><a href=\"http:\/\/qtmm.org\/wp-content\/uploads\/2022\/01\/4de4b621076f9.jpg\"><img loading=\"lazy\" decoding=\"async\" width=\"640\" height=\"480\" src=\"http:\/\/qtmm.org\/wp-content\/uploads\/2022\/01\/4de4b621076f9.jpg\" alt=\"\" data-id=\"23851\" data-full-url=\"http:\/\/qtmm.org\/wp-content\/uploads\/2022\/01\/4de4b621076f9.jpg\" data-link=\"http:\/\/qtmm.org\/qt\/?attachment_id=23851\" class=\"wp-image-23851\" srcset=\"https:\/\/qtmm.org\/wp-content\/uploads\/2022\/01\/4de4b621076f9.jpg 640w, https:\/\/qtmm.org\/wp-content\/uploads\/2022\/01\/4de4b621076f9-300x225.jpg 300w\" sizes=\"auto, (max-width: 640px) 100vw, 640px\" \/><\/a><\/figure><\/li><\/ul><\/figure>\n","protected":false},"excerpt":{"rendered":"<p>May\u0131sn\u0131\u00f1 20-de Q\u0131r\u0131mtatar sanat m\u00fczeyinde \u0130stambul \u015feerindeki q\u0131r\u0131mtatar dernegini\u00f1 yolba\u015f\u00e7\u0131s\u0131 Cel\u00e2l \u0130\u00e7ten ve &#8220;Maarif\u00e7i&#8221; birligini\u00f1 reisi Safure Kacametova studentler ve mektep talebeleri aras\u0131nda ke\u00e7irilgen, M\u00fcstecip \u00dclk\u00fcsaln\u0131\u00f1 hat\u0131r\u0131s\u0131na ba\u011f\u0131\u015flan\u011fan B\u00fct\u00fcnq\u0131r\u0131m konkursn\u0131\u00f1 neticelerini el\u00e2n etip, \u011faliplerini taqdirlediler. Tantanal\u0131 taqdirlen\u00fcv merasiminde Meclis reisi Mustafa Cemilev, q\u0131r\u0131mtatar te\u015fkil\u00e2tlar\u0131n\u0131\u00f1 vekilleri, milliy areket veteranlar\u0131, k\u00fctleviy matbuat vastalar\u0131n\u0131\u00f1 temsilcileri ve digerleri i\u015ftirak [&hellip;]<\/p>\n","protected":false},"author":1,"featured_media":23791,"comment_status":"open","ping_status":"open","sticky":false,"template":"","format":"standard","meta":{"inline_featured_image":false,"footnotes":""},"categories":[265],"tags":[],"class_list":["post-23790","post","type-post","status-publish","format-standard","has-post-thumbnail","hentry","category-haberler"],"acf":[],"yoast_head":"<!-- This site is optimized with the Yoast SEO plugin v27.4 - https:\/\/yoast.com\/product\/yoast-seo-wordpress\/ -->\n<title>M\u00fcstecip \u00dclk\u00fcsaln\u0131\u00f1 ad\u0131na ke\u00e7irelgen konkurs\u0131n\u0131\u00f1 neticeleri belli old\u0131 - \u041c\u0435\u0434\u0436\u043b\u0456\u0441<\/title>\n<meta name=\"robots\" content=\"index, follow, max-snippet:-1, max-image-preview:large, max-video-preview:-1\" \/>\n<link rel=\"canonical\" href=\"https:\/\/qtmm.org\/qt\/mustecip-ulkusalnin-adina-kecirelgen-konkursinin-neticeleri-belli-oldi\/\" \/>\n<meta property=\"og:locale\" content=\"en_US\" \/>\n<meta property=\"og:type\" content=\"article\" \/>\n<meta property=\"og:title\" content=\"M\u00fcstecip \u00dclk\u00fcsaln\u0131\u00f1 ad\u0131na ke\u00e7irelgen konkurs\u0131n\u0131\u00f1 neticeleri belli old\u0131 - \u041c\u0435\u0434\u0436\u043b\u0456\u0441\" \/>\n<meta property=\"og:description\" content=\"May\u0131sn\u0131\u00f1 20-de Q\u0131r\u0131mtatar sanat m\u00fczeyinde \u0130stambul \u015feerindeki q\u0131r\u0131mtatar dernegini\u00f1 yolba\u015f\u00e7\u0131s\u0131 Cel\u00e2l \u0130\u00e7ten ve &#8220;Maarif\u00e7i&#8221; birligini\u00f1 reisi Safure Kacametova studentler ve mektep talebeleri aras\u0131nda ke\u00e7irilgen, M\u00fcstecip \u00dclk\u00fcsaln\u0131\u00f1 hat\u0131r\u0131s\u0131na ba\u011f\u0131\u015flan\u011fan B\u00fct\u00fcnq\u0131r\u0131m konkursn\u0131\u00f1 neticelerini el\u00e2n etip, \u011faliplerini taqdirlediler. Tantanal\u0131 taqdirlen\u00fcv merasiminde Meclis reisi Mustafa Cemilev, q\u0131r\u0131mtatar te\u015fkil\u00e2tlar\u0131n\u0131\u00f1 vekilleri, milliy areket veteranlar\u0131, k\u00fctleviy matbuat vastalar\u0131n\u0131\u00f1 temsilcileri ve digerleri i\u015ftirak [&hellip;]\" \/>\n<meta property=\"og:url\" content=\"https:\/\/qtmm.org\/qt\/mustecip-ulkusalnin-adina-kecirelgen-konkursinin-neticeleri-belli-oldi\/\" \/>\n<meta property=\"og:site_name\" content=\"\u041c\u0435\u0434\u0436\u043b\u0456\u0441\" \/>\n<meta property=\"article:publisher\" content=\"https:\/\/www.facebook.com\/qtmm.info\/\" \/>\n<meta property=\"article:published_time\" content=\"2011-12-20T13:46:00+00:00\" \/>\n<meta property=\"article:modified_time\" content=\"2022-01-18T13:49:18+00:00\" \/>\n<meta property=\"og:image\" content=\"https:\/\/qtmm.org\/wp-content\/uploads\/2022\/01\/4de4b5c12a1b9.jpg\" \/>\n\t<meta property=\"og:image:width\" content=\"640\" \/>\n\t<meta property=\"og:image:height\" content=\"480\" \/>\n\t<meta property=\"og:image:type\" content=\"image\/jpeg\" \/>\n<meta name=\"author\" content=\"Developer\" \/>\n<meta name=\"twitter:card\" content=\"summary_large_image\" \/>\n<meta name=\"twitter:label1\" content=\"Written by\" \/>\n\t<meta name=\"twitter:data1\" content=\"Developer\" \/>\n\t<meta name=\"twitter:label2\" content=\"Est. reading time\" \/>\n\t<meta name=\"twitter:data2\" content=\"6 minutes\" \/>\n<script type=\"application\/ld+json\" class=\"yoast-schema-graph\">{\"@context\":\"https:\\\/\\\/schema.org\",\"@graph\":[{\"@type\":\"Article\",\"@id\":\"https:\\\/\\\/qtmm.org\\\/qt\\\/mustecip-ulkusalnin-adina-kecirelgen-konkursinin-neticeleri-belli-oldi\\\/#article\",\"isPartOf\":{\"@id\":\"https:\\\/\\\/qtmm.org\\\/qt\\\/mustecip-ulkusalnin-adina-kecirelgen-konkursinin-neticeleri-belli-oldi\\\/\"},\"author\":{\"name\":\"Developer\",\"@id\":\"https:\\\/\\\/qtmm.org\\\/qt\\\/#\\\/schema\\\/person\\\/de562469f971dec226ac06e60bbf74a7\"},\"headline\":\"M\u00fcstecip \u00dclk\u00fcsaln\u0131\u00f1 ad\u0131na ke\u00e7irelgen konkurs\u0131n\u0131\u00f1 neticeleri belli old\u0131\",\"datePublished\":\"2011-12-20T13:46:00+00:00\",\"dateModified\":\"2022-01-18T13:49:18+00:00\",\"mainEntityOfPage\":{\"@id\":\"https:\\\/\\\/qtmm.org\\\/qt\\\/mustecip-ulkusalnin-adina-kecirelgen-konkursinin-neticeleri-belli-oldi\\\/\"},\"wordCount\":1278,\"commentCount\":0,\"publisher\":{\"@id\":\"https:\\\/\\\/qtmm.org\\\/qt\\\/#organization\"},\"image\":{\"@id\":\"https:\\\/\\\/qtmm.org\\\/qt\\\/mustecip-ulkusalnin-adina-kecirelgen-konkursinin-neticeleri-belli-oldi\\\/#primaryimage\"},\"thumbnailUrl\":\"https:\\\/\\\/qtmm.org\\\/wp-content\\\/uploads\\\/2022\\\/01\\\/4de4b5c12a1b9.jpg\",\"articleSection\":[\"Haberler\"],\"inLanguage\":\"qt\",\"potentialAction\":[{\"@type\":\"CommentAction\",\"name\":\"Comment\",\"target\":[\"https:\\\/\\\/qtmm.org\\\/qt\\\/mustecip-ulkusalnin-adina-kecirelgen-konkursinin-neticeleri-belli-oldi\\\/#respond\"]}]},{\"@type\":\"WebPage\",\"@id\":\"https:\\\/\\\/qtmm.org\\\/qt\\\/mustecip-ulkusalnin-adina-kecirelgen-konkursinin-neticeleri-belli-oldi\\\/\",\"url\":\"https:\\\/\\\/qtmm.org\\\/qt\\\/mustecip-ulkusalnin-adina-kecirelgen-konkursinin-neticeleri-belli-oldi\\\/\",\"name\":\"M\u00fcstecip \u00dclk\u00fcsaln\u0131\u00f1 ad\u0131na ke\u00e7irelgen konkurs\u0131n\u0131\u00f1 neticeleri belli old\u0131 - \u041c\u0435\u0434\u0436\u043b\u0456\u0441\",\"isPartOf\":{\"@id\":\"https:\\\/\\\/qtmm.org\\\/qt\\\/#website\"},\"primaryImageOfPage\":{\"@id\":\"https:\\\/\\\/qtmm.org\\\/qt\\\/mustecip-ulkusalnin-adina-kecirelgen-konkursinin-neticeleri-belli-oldi\\\/#primaryimage\"},\"image\":{\"@id\":\"https:\\\/\\\/qtmm.org\\\/qt\\\/mustecip-ulkusalnin-adina-kecirelgen-konkursinin-neticeleri-belli-oldi\\\/#primaryimage\"},\"thumbnailUrl\":\"https:\\\/\\\/qtmm.org\\\/wp-content\\\/uploads\\\/2022\\\/01\\\/4de4b5c12a1b9.jpg\",\"datePublished\":\"2011-12-20T13:46:00+00:00\",\"dateModified\":\"2022-01-18T13:49:18+00:00\",\"breadcrumb\":{\"@id\":\"https:\\\/\\\/qtmm.org\\\/qt\\\/mustecip-ulkusalnin-adina-kecirelgen-konkursinin-neticeleri-belli-oldi\\\/#breadcrumb\"},\"inLanguage\":\"qt\",\"potentialAction\":[{\"@type\":\"ReadAction\",\"target\":[\"https:\\\/\\\/qtmm.org\\\/qt\\\/mustecip-ulkusalnin-adina-kecirelgen-konkursinin-neticeleri-belli-oldi\\\/\"]}]},{\"@type\":\"ImageObject\",\"inLanguage\":\"qt\",\"@id\":\"https:\\\/\\\/qtmm.org\\\/qt\\\/mustecip-ulkusalnin-adina-kecirelgen-konkursinin-neticeleri-belli-oldi\\\/#primaryimage\",\"url\":\"https:\\\/\\\/qtmm.org\\\/wp-content\\\/uploads\\\/2022\\\/01\\\/4de4b5c12a1b9.jpg\",\"contentUrl\":\"https:\\\/\\\/qtmm.org\\\/wp-content\\\/uploads\\\/2022\\\/01\\\/4de4b5c12a1b9.jpg\",\"width\":640,\"height\":480},{\"@type\":\"BreadcrumbList\",\"@id\":\"https:\\\/\\\/qtmm.org\\\/qt\\\/mustecip-ulkusalnin-adina-kecirelgen-konkursinin-neticeleri-belli-oldi\\\/#breadcrumb\",\"itemListElement\":[{\"@type\":\"ListItem\",\"position\":1,\"name\":\"\u0413\u043e\u043b\u043e\u0432\u043d\u0430\",\"item\":\"https:\\\/\\\/qtmm.org\\\/qt\\\/\"},{\"@type\":\"ListItem\",\"position\":2,\"name\":\"M\u00fcstecip \u00dclk\u00fcsaln\u0131\u00f1 ad\u0131na ke\u00e7irelgen konkurs\u0131n\u0131\u00f1 neticeleri belli old\u0131\"}]},{\"@type\":\"WebSite\",\"@id\":\"https:\\\/\\\/qtmm.org\\\/qt\\\/#website\",\"url\":\"https:\\\/\\\/qtmm.org\\\/qt\\\/\",\"name\":\"\u041c\u0435\u0434\u0436\u043b\u0456\u0441\",\"description\":\"\",\"publisher\":{\"@id\":\"https:\\\/\\\/qtmm.org\\\/qt\\\/#organization\"},\"potentialAction\":[{\"@type\":\"SearchAction\",\"target\":{\"@type\":\"EntryPoint\",\"urlTemplate\":\"https:\\\/\\\/qtmm.org\\\/qt\\\/?s={search_term_string}\"},\"query-input\":{\"@type\":\"PropertyValueSpecification\",\"valueRequired\":true,\"valueName\":\"search_term_string\"}}],\"inLanguage\":\"qt\"},{\"@type\":\"Organization\",\"@id\":\"https:\\\/\\\/qtmm.org\\\/qt\\\/#organization\",\"name\":\"\u041c\u0435\u0434\u0436\u043b\u0456\u0441\",\"url\":\"https:\\\/\\\/qtmm.org\\\/qt\\\/\",\"logo\":{\"@type\":\"ImageObject\",\"inLanguage\":\"qt\",\"@id\":\"https:\\\/\\\/qtmm.org\\\/qt\\\/#\\\/schema\\\/logo\\\/image\\\/\",\"url\":\"https:\\\/\\\/qtmm.org\\\/wp-content\\\/uploads\\\/2024\\\/12\\\/ua-mejlis-logo-rgb.svg\",\"contentUrl\":\"https:\\\/\\\/qtmm.org\\\/wp-content\\\/uploads\\\/2024\\\/12\\\/ua-mejlis-logo-rgb.svg\",\"caption\":\"\u041c\u0435\u0434\u0436\u043b\u0456\u0441\"},\"image\":{\"@id\":\"https:\\\/\\\/qtmm.org\\\/qt\\\/#\\\/schema\\\/logo\\\/image\\\/\"},\"sameAs\":[\"https:\\\/\\\/www.facebook.com\\\/qtmm.info\\\/\"]},{\"@type\":\"Person\",\"@id\":\"https:\\\/\\\/qtmm.org\\\/qt\\\/#\\\/schema\\\/person\\\/de562469f971dec226ac06e60bbf74a7\",\"name\":\"Developer\",\"image\":{\"@type\":\"ImageObject\",\"inLanguage\":\"qt\",\"@id\":\"https:\\\/\\\/secure.gravatar.com\\\/avatar\\\/392b4cc8fbfeb00b39dfeeab4ee6edded39ffd48e25858637e4765810300227e?s=96&d=mm&r=g\",\"url\":\"https:\\\/\\\/secure.gravatar.com\\\/avatar\\\/392b4cc8fbfeb00b39dfeeab4ee6edded39ffd48e25858637e4765810300227e?s=96&d=mm&r=g\",\"contentUrl\":\"https:\\\/\\\/secure.gravatar.com\\\/avatar\\\/392b4cc8fbfeb00b39dfeeab4ee6edded39ffd48e25858637e4765810300227e?s=96&d=mm&r=g\",\"caption\":\"Developer\"},\"url\":\"https:\\\/\\\/qtmm.org\\\/qt\\\/author\\\/Developer\\\/\"}]}<\/script>\n<!-- \/ Yoast SEO plugin. -->","yoast_head_json":{"title":"M\u00fcstecip \u00dclk\u00fcsaln\u0131\u00f1 ad\u0131na ke\u00e7irelgen konkurs\u0131n\u0131\u00f1 neticeleri belli old\u0131 - \u041c\u0435\u0434\u0436\u043b\u0456\u0441","robots":{"index":"index","follow":"follow","max-snippet":"max-snippet:-1","max-image-preview":"max-image-preview:large","max-video-preview":"max-video-preview:-1"},"canonical":"https:\/\/qtmm.org\/qt\/mustecip-ulkusalnin-adina-kecirelgen-konkursinin-neticeleri-belli-oldi\/","og_locale":"en_US","og_type":"article","og_title":"M\u00fcstecip \u00dclk\u00fcsaln\u0131\u00f1 ad\u0131na ke\u00e7irelgen konkurs\u0131n\u0131\u00f1 neticeleri belli old\u0131 - \u041c\u0435\u0434\u0436\u043b\u0456\u0441","og_description":"May\u0131sn\u0131\u00f1 20-de Q\u0131r\u0131mtatar sanat m\u00fczeyinde \u0130stambul \u015feerindeki q\u0131r\u0131mtatar dernegini\u00f1 yolba\u015f\u00e7\u0131s\u0131 Cel\u00e2l \u0130\u00e7ten ve &#8220;Maarif\u00e7i&#8221; birligini\u00f1 reisi Safure Kacametova studentler ve mektep talebeleri aras\u0131nda ke\u00e7irilgen, M\u00fcstecip \u00dclk\u00fcsaln\u0131\u00f1 hat\u0131r\u0131s\u0131na ba\u011f\u0131\u015flan\u011fan B\u00fct\u00fcnq\u0131r\u0131m konkursn\u0131\u00f1 neticelerini el\u00e2n etip, \u011faliplerini taqdirlediler. Tantanal\u0131 taqdirlen\u00fcv merasiminde Meclis reisi Mustafa Cemilev, q\u0131r\u0131mtatar te\u015fkil\u00e2tlar\u0131n\u0131\u00f1 vekilleri, milliy areket veteranlar\u0131, k\u00fctleviy matbuat vastalar\u0131n\u0131\u00f1 temsilcileri ve digerleri i\u015ftirak [&hellip;]","og_url":"https:\/\/qtmm.org\/qt\/mustecip-ulkusalnin-adina-kecirelgen-konkursinin-neticeleri-belli-oldi\/","og_site_name":"\u041c\u0435\u0434\u0436\u043b\u0456\u0441","article_publisher":"https:\/\/www.facebook.com\/qtmm.info\/","article_published_time":"2011-12-20T13:46:00+00:00","article_modified_time":"2022-01-18T13:49:18+00:00","og_image":[{"width":640,"height":480,"url":"https:\/\/qtmm.org\/wp-content\/uploads\/2022\/01\/4de4b5c12a1b9.jpg","type":"image\/jpeg"}],"author":"Developer","twitter_card":"summary_large_image","twitter_misc":{"Written by":"Developer","Est. reading time":"6 minutes"},"schema":{"@context":"https:\/\/schema.org","@graph":[{"@type":"Article","@id":"https:\/\/qtmm.org\/qt\/mustecip-ulkusalnin-adina-kecirelgen-konkursinin-neticeleri-belli-oldi\/#article","isPartOf":{"@id":"https:\/\/qtmm.org\/qt\/mustecip-ulkusalnin-adina-kecirelgen-konkursinin-neticeleri-belli-oldi\/"},"author":{"name":"Developer","@id":"https:\/\/qtmm.org\/qt\/#\/schema\/person\/de562469f971dec226ac06e60bbf74a7"},"headline":"M\u00fcstecip \u00dclk\u00fcsaln\u0131\u00f1 ad\u0131na ke\u00e7irelgen konkurs\u0131n\u0131\u00f1 neticeleri belli old\u0131","datePublished":"2011-12-20T13:46:00+00:00","dateModified":"2022-01-18T13:49:18+00:00","mainEntityOfPage":{"@id":"https:\/\/qtmm.org\/qt\/mustecip-ulkusalnin-adina-kecirelgen-konkursinin-neticeleri-belli-oldi\/"},"wordCount":1278,"commentCount":0,"publisher":{"@id":"https:\/\/qtmm.org\/qt\/#organization"},"image":{"@id":"https:\/\/qtmm.org\/qt\/mustecip-ulkusalnin-adina-kecirelgen-konkursinin-neticeleri-belli-oldi\/#primaryimage"},"thumbnailUrl":"https:\/\/qtmm.org\/wp-content\/uploads\/2022\/01\/4de4b5c12a1b9.jpg","articleSection":["Haberler"],"inLanguage":"qt","potentialAction":[{"@type":"CommentAction","name":"Comment","target":["https:\/\/qtmm.org\/qt\/mustecip-ulkusalnin-adina-kecirelgen-konkursinin-neticeleri-belli-oldi\/#respond"]}]},{"@type":"WebPage","@id":"https:\/\/qtmm.org\/qt\/mustecip-ulkusalnin-adina-kecirelgen-konkursinin-neticeleri-belli-oldi\/","url":"https:\/\/qtmm.org\/qt\/mustecip-ulkusalnin-adina-kecirelgen-konkursinin-neticeleri-belli-oldi\/","name":"M\u00fcstecip \u00dclk\u00fcsaln\u0131\u00f1 ad\u0131na ke\u00e7irelgen konkurs\u0131n\u0131\u00f1 neticeleri belli old\u0131 - \u041c\u0435\u0434\u0436\u043b\u0456\u0441","isPartOf":{"@id":"https:\/\/qtmm.org\/qt\/#website"},"primaryImageOfPage":{"@id":"https:\/\/qtmm.org\/qt\/mustecip-ulkusalnin-adina-kecirelgen-konkursinin-neticeleri-belli-oldi\/#primaryimage"},"image":{"@id":"https:\/\/qtmm.org\/qt\/mustecip-ulkusalnin-adina-kecirelgen-konkursinin-neticeleri-belli-oldi\/#primaryimage"},"thumbnailUrl":"https:\/\/qtmm.org\/wp-content\/uploads\/2022\/01\/4de4b5c12a1b9.jpg","datePublished":"2011-12-20T13:46:00+00:00","dateModified":"2022-01-18T13:49:18+00:00","breadcrumb":{"@id":"https:\/\/qtmm.org\/qt\/mustecip-ulkusalnin-adina-kecirelgen-konkursinin-neticeleri-belli-oldi\/#breadcrumb"},"inLanguage":"qt","potentialAction":[{"@type":"ReadAction","target":["https:\/\/qtmm.org\/qt\/mustecip-ulkusalnin-adina-kecirelgen-konkursinin-neticeleri-belli-oldi\/"]}]},{"@type":"ImageObject","inLanguage":"qt","@id":"https:\/\/qtmm.org\/qt\/mustecip-ulkusalnin-adina-kecirelgen-konkursinin-neticeleri-belli-oldi\/#primaryimage","url":"https:\/\/qtmm.org\/wp-content\/uploads\/2022\/01\/4de4b5c12a1b9.jpg","contentUrl":"https:\/\/qtmm.org\/wp-content\/uploads\/2022\/01\/4de4b5c12a1b9.jpg","width":640,"height":480},{"@type":"BreadcrumbList","@id":"https:\/\/qtmm.org\/qt\/mustecip-ulkusalnin-adina-kecirelgen-konkursinin-neticeleri-belli-oldi\/#breadcrumb","itemListElement":[{"@type":"ListItem","position":1,"name":"\u0413\u043e\u043b\u043e\u0432\u043d\u0430","item":"https:\/\/qtmm.org\/qt\/"},{"@type":"ListItem","position":2,"name":"M\u00fcstecip \u00dclk\u00fcsaln\u0131\u00f1 ad\u0131na ke\u00e7irelgen konkurs\u0131n\u0131\u00f1 neticeleri belli old\u0131"}]},{"@type":"WebSite","@id":"https:\/\/qtmm.org\/qt\/#website","url":"https:\/\/qtmm.org\/qt\/","name":"\u041c\u0435\u0434\u0436\u043b\u0456\u0441","description":"","publisher":{"@id":"https:\/\/qtmm.org\/qt\/#organization"},"potentialAction":[{"@type":"SearchAction","target":{"@type":"EntryPoint","urlTemplate":"https:\/\/qtmm.org\/qt\/?s={search_term_string}"},"query-input":{"@type":"PropertyValueSpecification","valueRequired":true,"valueName":"search_term_string"}}],"inLanguage":"qt"},{"@type":"Organization","@id":"https:\/\/qtmm.org\/qt\/#organization","name":"\u041c\u0435\u0434\u0436\u043b\u0456\u0441","url":"https:\/\/qtmm.org\/qt\/","logo":{"@type":"ImageObject","inLanguage":"qt","@id":"https:\/\/qtmm.org\/qt\/#\/schema\/logo\/image\/","url":"https:\/\/qtmm.org\/wp-content\/uploads\/2024\/12\/ua-mejlis-logo-rgb.svg","contentUrl":"https:\/\/qtmm.org\/wp-content\/uploads\/2024\/12\/ua-mejlis-logo-rgb.svg","caption":"\u041c\u0435\u0434\u0436\u043b\u0456\u0441"},"image":{"@id":"https:\/\/qtmm.org\/qt\/#\/schema\/logo\/image\/"},"sameAs":["https:\/\/www.facebook.com\/qtmm.info\/"]},{"@type":"Person","@id":"https:\/\/qtmm.org\/qt\/#\/schema\/person\/de562469f971dec226ac06e60bbf74a7","name":"Developer","image":{"@type":"ImageObject","inLanguage":"qt","@id":"https:\/\/secure.gravatar.com\/avatar\/392b4cc8fbfeb00b39dfeeab4ee6edded39ffd48e25858637e4765810300227e?s=96&d=mm&r=g","url":"https:\/\/secure.gravatar.com\/avatar\/392b4cc8fbfeb00b39dfeeab4ee6edded39ffd48e25858637e4765810300227e?s=96&d=mm&r=g","contentUrl":"https:\/\/secure.gravatar.com\/avatar\/392b4cc8fbfeb00b39dfeeab4ee6edded39ffd48e25858637e4765810300227e?s=96&d=mm&r=g","caption":"Developer"},"url":"https:\/\/qtmm.org\/qt\/author\/Developer\/"}]}},"_links":{"self":[{"href":"https:\/\/qtmm.org\/qt\/wp-json\/wp\/v2\/posts\/23790","targetHints":{"allow":["GET"]}}],"collection":[{"href":"https:\/\/qtmm.org\/qt\/wp-json\/wp\/v2\/posts"}],"about":[{"href":"https:\/\/qtmm.org\/qt\/wp-json\/wp\/v2\/types\/post"}],"author":[{"embeddable":true,"href":"https:\/\/qtmm.org\/qt\/wp-json\/wp\/v2\/users\/1"}],"replies":[{"embeddable":true,"href":"https:\/\/qtmm.org\/qt\/wp-json\/wp\/v2\/comments?post=23790"}],"version-history":[{"count":1,"href":"https:\/\/qtmm.org\/qt\/wp-json\/wp\/v2\/posts\/23790\/revisions"}],"predecessor-version":[{"id":23855,"href":"https:\/\/qtmm.org\/qt\/wp-json\/wp\/v2\/posts\/23790\/revisions\/23855"}],"wp:featuredmedia":[{"embeddable":true,"href":"https:\/\/qtmm.org\/qt\/wp-json\/wp\/v2\/media\/23791"}],"wp:attachment":[{"href":"https:\/\/qtmm.org\/qt\/wp-json\/wp\/v2\/media?parent=23790"}],"wp:term":[{"taxonomy":"category","embeddable":true,"href":"https:\/\/qtmm.org\/qt\/wp-json\/wp\/v2\/categories?post=23790"},{"taxonomy":"post_tag","embeddable":true,"href":"https:\/\/qtmm.org\/qt\/wp-json\/wp\/v2\/tags?post=23790"}],"curies":[{"name":"wp","href":"https:\/\/api.w.org\/{rel}","templated":true}]}}