




{"id":23605,"date":"2011-12-17T16:37:00","date_gmt":"2011-12-17T13:37:00","guid":{"rendered":"http:\/\/qtmm.org\/?p=23605"},"modified":"2022-01-18T16:38:15","modified_gmt":"2022-01-18T13:38:15","slug":"kogeyde-surgunlik-qurbanlarinin-hatirasina-memorial-kompleks-acildi","status":"publish","type":"post","link":"https:\/\/qtmm.org\/qt\/kogeyde-surgunlik-qurbanlarinin-hatirasina-memorial-kompleks-acildi\/","title":{"rendered":"K\u00f6geyde s\u00fcrg\u00fcnlik qurbanlar\u0131n\u0131\u00f1 hat\u0131ras\u0131na Memorial kompleks a\u00e7\u0131ld\u0131"},"content":{"rendered":"\n<p>Q\u0131r\u0131mtatar halq\u0131n\u0131\u00f1 tarih\u0131nda facial\u0131 18 may\u0131s arfesinde Qarasuvbazar rayon\u0131n\u0131\u00f1 K\u00f6gey (Rusakovka) k\u00f6y\u00fcnde s\u00fcrg\u00fcnlik qurban-lar\u0131n\u0131\u00f1 hat\u0131ras\u0131na Memorial kompleks a\u00e7\u0131ld\u0131.<\/p>\n\n\n\n<p>Tantanal\u0131 merasimde Milliy Meclis reisi M. Cemilev, V Qu-rultay Tefti\u015f komissiyas\u0131n\u0131\u00f1 reis vazifesini eda etken, Qarasuvbazar regional Meclisini\u00f1 reisi M. Asaba, Qarasuvbazar rayon devlet me-m\u00fcriyetini\u00f1 birinci muavini N. Sega\u00e7ov, K\u00f6gey k\u00f6y \u015furas\u0131n\u0131\u00f1 reisi V. Yuhnovi\u00e7, K\u00f6gey yerli Meclisni\u00f1 reisi S. Asanov ve K\u00f6gey k\u00f6y\u00fcni\u00f1 cemaat\u00e7\u0131l\u0131\u011f\u0131 i\u015ftirak etti.<\/p>\n\n\n\n<p>Tedbirni K\u00f6gey k\u00f6y\u00fcni\u00f1 imam\u0131 Abduraim a\u011fa duanen a\u00e7t\u0131. Milliy Meclis reisi M. Cemilev tedbir i\u015ftirak\u00e7ilerine muracaat eterek, K\u00f6gey k\u00f6y\u00fcnde memorial kompleksini\u00f1 a\u00e7\u0131luv\u0131 q\u0131r\u0131mtatar halq\u0131n\u0131\u00f1 tarih\u0131na b\u00fcy\u00fck isse qo\u015f\u0131p, s\u00fcrg\u00fcnlik qurbanlar\u0131n\u0131\u00f1 hat\u0131ras\u0131-na temenna etkenimizni\u00f1 delili ol\u011fan\u0131n\u0131 qayd etti. M. Cemilev abi-deni\u00f1 yerle\u015ftirilmsine \u00f6z issesini qo\u015fqan er bir insan\u011fa te\u015fek-k\u00fcr bildirdi.<\/p>\n\n\n\n<p>Abideni\u00f1 a\u00e7\u0131luv merasiminde K\u00f6gey k\u00f6y\u00fcnde d\u00fcnya\u011fa kelgen 93 ya\u015f\u0131ndaki Ediye Veliyeva (Midatova) i\u015ftirak etti. K\u00f6yden ya\u015fl\u0131qtan s\u00fcr-g\u00fcn olun\u011fan Ediye apte do\u011f\u011fan k\u00f6y\u00fcne kelip, s\u00fcrg\u00fcnlik qurbanlar\u0131-n\u0131\u00f1, abidede ad\u0131 yaz\u0131l\u011fan \u00f6m\u00fcr arqarda\u015f\u0131 Sad\u0131q o\u011flu Medatn\u0131\u00f1 hat\u0131ras\u0131n\u0131 a\u00f1d\u0131.<\/p>\n","protected":false},"excerpt":{"rendered":"<p>Q\u0131r\u0131mtatar halq\u0131n\u0131\u00f1 tarih\u0131nda facial\u0131 18 may\u0131s arfesinde Qarasuvbazar rayon\u0131n\u0131\u00f1 K\u00f6gey (Rusakovka) k\u00f6y\u00fcnde s\u00fcrg\u00fcnlik qurban-lar\u0131n\u0131\u00f1 hat\u0131ras\u0131na Memorial kompleks a\u00e7\u0131ld\u0131. Tantanal\u0131 merasimde Milliy Meclis reisi M. Cemilev, V Qu-rultay Tefti\u015f komissiyas\u0131n\u0131\u00f1 reis vazifesini eda etken, Qarasuvbazar regional Meclisini\u00f1 reisi M. Asaba, Qarasuvbazar rayon devlet me-m\u00fcriyetini\u00f1 birinci muavini N. Sega\u00e7ov, K\u00f6gey k\u00f6y \u015furas\u0131n\u0131\u00f1 reisi V. Yuhnovi\u00e7, K\u00f6gey yerli [&hellip;]<\/p>\n","protected":false},"author":1,"featured_media":0,"comment_status":"open","ping_status":"open","sticky":false,"template":"","format":"standard","meta":{"inline_featured_image":false,"footnotes":""},"categories":[265],"tags":[],"class_list":["post-23605","post","type-post","status-publish","format-standard","hentry","category-haberler"],"acf":[],"yoast_head":"<!-- This site is optimized with the Yoast SEO plugin v27.4 - https:\/\/yoast.com\/product\/yoast-seo-wordpress\/ -->\n<title>K\u00f6geyde s\u00fcrg\u00fcnlik qurbanlar\u0131n\u0131\u00f1 hat\u0131ras\u0131na Memorial kompleks a\u00e7\u0131ld\u0131 - \u041c\u0435\u0434\u0436\u043b\u0456\u0441<\/title>\n<meta name=\"robots\" content=\"index, follow, max-snippet:-1, max-image-preview:large, max-video-preview:-1\" \/>\n<link rel=\"canonical\" href=\"https:\/\/qtmm.org\/qt\/kogeyde-surgunlik-qurbanlarinin-hatirasina-memorial-kompleks-acildi\/\" \/>\n<meta property=\"og:locale\" content=\"en_US\" \/>\n<meta property=\"og:type\" content=\"article\" \/>\n<meta property=\"og:title\" content=\"K\u00f6geyde s\u00fcrg\u00fcnlik qurbanlar\u0131n\u0131\u00f1 hat\u0131ras\u0131na Memorial kompleks a\u00e7\u0131ld\u0131 - \u041c\u0435\u0434\u0436\u043b\u0456\u0441\" \/>\n<meta property=\"og:description\" content=\"Q\u0131r\u0131mtatar halq\u0131n\u0131\u00f1 tarih\u0131nda facial\u0131 18 may\u0131s arfesinde Qarasuvbazar rayon\u0131n\u0131\u00f1 K\u00f6gey (Rusakovka) k\u00f6y\u00fcnde s\u00fcrg\u00fcnlik qurban-lar\u0131n\u0131\u00f1 hat\u0131ras\u0131na Memorial kompleks a\u00e7\u0131ld\u0131. Tantanal\u0131 merasimde Milliy Meclis reisi M. Cemilev, V Qu-rultay Tefti\u015f komissiyas\u0131n\u0131\u00f1 reis vazifesini eda etken, Qarasuvbazar regional Meclisini\u00f1 reisi M. Asaba, Qarasuvbazar rayon devlet me-m\u00fcriyetini\u00f1 birinci muavini N. Sega\u00e7ov, K\u00f6gey k\u00f6y \u015furas\u0131n\u0131\u00f1 reisi V. Yuhnovi\u00e7, K\u00f6gey yerli [&hellip;]\" \/>\n<meta property=\"og:url\" content=\"https:\/\/qtmm.org\/qt\/kogeyde-surgunlik-qurbanlarinin-hatirasina-memorial-kompleks-acildi\/\" \/>\n<meta property=\"og:site_name\" content=\"\u041c\u0435\u0434\u0436\u043b\u0456\u0441\" \/>\n<meta property=\"article:publisher\" content=\"https:\/\/www.facebook.com\/qtmm.info\/\" \/>\n<meta property=\"article:published_time\" content=\"2011-12-17T13:37:00+00:00\" \/>\n<meta property=\"article:modified_time\" content=\"2022-01-18T13:38:15+00:00\" \/>\n<meta name=\"author\" content=\"Developer\" \/>\n<meta name=\"twitter:card\" content=\"summary_large_image\" \/>\n<meta name=\"twitter:label1\" content=\"Written by\" \/>\n\t<meta name=\"twitter:data1\" content=\"Developer\" \/>\n\t<meta name=\"twitter:label2\" content=\"Est. reading time\" \/>\n\t<meta name=\"twitter:data2\" content=\"1 minute\" \/>\n<script type=\"application\/ld+json\" class=\"yoast-schema-graph\">{\"@context\":\"https:\\\/\\\/schema.org\",\"@graph\":[{\"@type\":\"Article\",\"@id\":\"https:\\\/\\\/qtmm.org\\\/qt\\\/kogeyde-surgunlik-qurbanlarinin-hatirasina-memorial-kompleks-acildi\\\/#article\",\"isPartOf\":{\"@id\":\"https:\\\/\\\/qtmm.org\\\/qt\\\/kogeyde-surgunlik-qurbanlarinin-hatirasina-memorial-kompleks-acildi\\\/\"},\"author\":{\"name\":\"Developer\",\"@id\":\"https:\\\/\\\/qtmm.org\\\/qt\\\/#\\\/schema\\\/person\\\/de562469f971dec226ac06e60bbf74a7\"},\"headline\":\"K\u00f6geyde s\u00fcrg\u00fcnlik qurbanlar\u0131n\u0131\u00f1 hat\u0131ras\u0131na Memorial kompleks a\u00e7\u0131ld\u0131\",\"datePublished\":\"2011-12-17T13:37:00+00:00\",\"dateModified\":\"2022-01-18T13:38:15+00:00\",\"mainEntityOfPage\":{\"@id\":\"https:\\\/\\\/qtmm.org\\\/qt\\\/kogeyde-surgunlik-qurbanlarinin-hatirasina-memorial-kompleks-acildi\\\/\"},\"wordCount\":246,\"commentCount\":0,\"publisher\":{\"@id\":\"https:\\\/\\\/qtmm.org\\\/qt\\\/#organization\"},\"articleSection\":[\"Haberler\"],\"inLanguage\":\"qt\",\"potentialAction\":[{\"@type\":\"CommentAction\",\"name\":\"Comment\",\"target\":[\"https:\\\/\\\/qtmm.org\\\/qt\\\/kogeyde-surgunlik-qurbanlarinin-hatirasina-memorial-kompleks-acildi\\\/#respond\"]}]},{\"@type\":\"WebPage\",\"@id\":\"https:\\\/\\\/qtmm.org\\\/qt\\\/kogeyde-surgunlik-qurbanlarinin-hatirasina-memorial-kompleks-acildi\\\/\",\"url\":\"https:\\\/\\\/qtmm.org\\\/qt\\\/kogeyde-surgunlik-qurbanlarinin-hatirasina-memorial-kompleks-acildi\\\/\",\"name\":\"K\u00f6geyde s\u00fcrg\u00fcnlik qurbanlar\u0131n\u0131\u00f1 hat\u0131ras\u0131na Memorial kompleks a\u00e7\u0131ld\u0131 - \u041c\u0435\u0434\u0436\u043b\u0456\u0441\",\"isPartOf\":{\"@id\":\"https:\\\/\\\/qtmm.org\\\/qt\\\/#website\"},\"datePublished\":\"2011-12-17T13:37:00+00:00\",\"dateModified\":\"2022-01-18T13:38:15+00:00\",\"breadcrumb\":{\"@id\":\"https:\\\/\\\/qtmm.org\\\/qt\\\/kogeyde-surgunlik-qurbanlarinin-hatirasina-memorial-kompleks-acildi\\\/#breadcrumb\"},\"inLanguage\":\"qt\",\"potentialAction\":[{\"@type\":\"ReadAction\",\"target\":[\"https:\\\/\\\/qtmm.org\\\/qt\\\/kogeyde-surgunlik-qurbanlarinin-hatirasina-memorial-kompleks-acildi\\\/\"]}]},{\"@type\":\"BreadcrumbList\",\"@id\":\"https:\\\/\\\/qtmm.org\\\/qt\\\/kogeyde-surgunlik-qurbanlarinin-hatirasina-memorial-kompleks-acildi\\\/#breadcrumb\",\"itemListElement\":[{\"@type\":\"ListItem\",\"position\":1,\"name\":\"\u0413\u043e\u043b\u043e\u0432\u043d\u0430\",\"item\":\"https:\\\/\\\/qtmm.org\\\/qt\\\/\"},{\"@type\":\"ListItem\",\"position\":2,\"name\":\"K\u00f6geyde s\u00fcrg\u00fcnlik qurbanlar\u0131n\u0131\u00f1 hat\u0131ras\u0131na Memorial kompleks a\u00e7\u0131ld\u0131\"}]},{\"@type\":\"WebSite\",\"@id\":\"https:\\\/\\\/qtmm.org\\\/qt\\\/#website\",\"url\":\"https:\\\/\\\/qtmm.org\\\/qt\\\/\",\"name\":\"\u041c\u0435\u0434\u0436\u043b\u0456\u0441\",\"description\":\"\",\"publisher\":{\"@id\":\"https:\\\/\\\/qtmm.org\\\/qt\\\/#organization\"},\"potentialAction\":[{\"@type\":\"SearchAction\",\"target\":{\"@type\":\"EntryPoint\",\"urlTemplate\":\"https:\\\/\\\/qtmm.org\\\/qt\\\/?s={search_term_string}\"},\"query-input\":{\"@type\":\"PropertyValueSpecification\",\"valueRequired\":true,\"valueName\":\"search_term_string\"}}],\"inLanguage\":\"qt\"},{\"@type\":\"Organization\",\"@id\":\"https:\\\/\\\/qtmm.org\\\/qt\\\/#organization\",\"name\":\"\u041c\u0435\u0434\u0436\u043b\u0456\u0441\",\"url\":\"https:\\\/\\\/qtmm.org\\\/qt\\\/\",\"logo\":{\"@type\":\"ImageObject\",\"inLanguage\":\"qt\",\"@id\":\"https:\\\/\\\/qtmm.org\\\/qt\\\/#\\\/schema\\\/logo\\\/image\\\/\",\"url\":\"https:\\\/\\\/qtmm.org\\\/wp-content\\\/uploads\\\/2024\\\/12\\\/ua-mejlis-logo-rgb.svg\",\"contentUrl\":\"https:\\\/\\\/qtmm.org\\\/wp-content\\\/uploads\\\/2024\\\/12\\\/ua-mejlis-logo-rgb.svg\",\"caption\":\"\u041c\u0435\u0434\u0436\u043b\u0456\u0441\"},\"image\":{\"@id\":\"https:\\\/\\\/qtmm.org\\\/qt\\\/#\\\/schema\\\/logo\\\/image\\\/\"},\"sameAs\":[\"https:\\\/\\\/www.facebook.com\\\/qtmm.info\\\/\"]},{\"@type\":\"Person\",\"@id\":\"https:\\\/\\\/qtmm.org\\\/qt\\\/#\\\/schema\\\/person\\\/de562469f971dec226ac06e60bbf74a7\",\"name\":\"Developer\",\"image\":{\"@type\":\"ImageObject\",\"inLanguage\":\"qt\",\"@id\":\"https:\\\/\\\/secure.gravatar.com\\\/avatar\\\/392b4cc8fbfeb00b39dfeeab4ee6edded39ffd48e25858637e4765810300227e?s=96&d=mm&r=g\",\"url\":\"https:\\\/\\\/secure.gravatar.com\\\/avatar\\\/392b4cc8fbfeb00b39dfeeab4ee6edded39ffd48e25858637e4765810300227e?s=96&d=mm&r=g\",\"contentUrl\":\"https:\\\/\\\/secure.gravatar.com\\\/avatar\\\/392b4cc8fbfeb00b39dfeeab4ee6edded39ffd48e25858637e4765810300227e?s=96&d=mm&r=g\",\"caption\":\"Developer\"},\"url\":\"https:\\\/\\\/qtmm.org\\\/qt\\\/author\\\/Developer\\\/\"}]}<\/script>\n<!-- \/ Yoast SEO plugin. -->","yoast_head_json":{"title":"K\u00f6geyde s\u00fcrg\u00fcnlik qurbanlar\u0131n\u0131\u00f1 hat\u0131ras\u0131na Memorial kompleks a\u00e7\u0131ld\u0131 - \u041c\u0435\u0434\u0436\u043b\u0456\u0441","robots":{"index":"index","follow":"follow","max-snippet":"max-snippet:-1","max-image-preview":"max-image-preview:large","max-video-preview":"max-video-preview:-1"},"canonical":"https:\/\/qtmm.org\/qt\/kogeyde-surgunlik-qurbanlarinin-hatirasina-memorial-kompleks-acildi\/","og_locale":"en_US","og_type":"article","og_title":"K\u00f6geyde s\u00fcrg\u00fcnlik qurbanlar\u0131n\u0131\u00f1 hat\u0131ras\u0131na Memorial kompleks a\u00e7\u0131ld\u0131 - \u041c\u0435\u0434\u0436\u043b\u0456\u0441","og_description":"Q\u0131r\u0131mtatar halq\u0131n\u0131\u00f1 tarih\u0131nda facial\u0131 18 may\u0131s arfesinde Qarasuvbazar rayon\u0131n\u0131\u00f1 K\u00f6gey (Rusakovka) k\u00f6y\u00fcnde s\u00fcrg\u00fcnlik qurban-lar\u0131n\u0131\u00f1 hat\u0131ras\u0131na Memorial kompleks a\u00e7\u0131ld\u0131. Tantanal\u0131 merasimde Milliy Meclis reisi M. Cemilev, V Qu-rultay Tefti\u015f komissiyas\u0131n\u0131\u00f1 reis vazifesini eda etken, Qarasuvbazar regional Meclisini\u00f1 reisi M. Asaba, Qarasuvbazar rayon devlet me-m\u00fcriyetini\u00f1 birinci muavini N. Sega\u00e7ov, K\u00f6gey k\u00f6y \u015furas\u0131n\u0131\u00f1 reisi V. Yuhnovi\u00e7, K\u00f6gey yerli [&hellip;]","og_url":"https:\/\/qtmm.org\/qt\/kogeyde-surgunlik-qurbanlarinin-hatirasina-memorial-kompleks-acildi\/","og_site_name":"\u041c\u0435\u0434\u0436\u043b\u0456\u0441","article_publisher":"https:\/\/www.facebook.com\/qtmm.info\/","article_published_time":"2011-12-17T13:37:00+00:00","article_modified_time":"2022-01-18T13:38:15+00:00","author":"Developer","twitter_card":"summary_large_image","twitter_misc":{"Written by":"Developer","Est. reading time":"1 minute"},"schema":{"@context":"https:\/\/schema.org","@graph":[{"@type":"Article","@id":"https:\/\/qtmm.org\/qt\/kogeyde-surgunlik-qurbanlarinin-hatirasina-memorial-kompleks-acildi\/#article","isPartOf":{"@id":"https:\/\/qtmm.org\/qt\/kogeyde-surgunlik-qurbanlarinin-hatirasina-memorial-kompleks-acildi\/"},"author":{"name":"Developer","@id":"https:\/\/qtmm.org\/qt\/#\/schema\/person\/de562469f971dec226ac06e60bbf74a7"},"headline":"K\u00f6geyde s\u00fcrg\u00fcnlik qurbanlar\u0131n\u0131\u00f1 hat\u0131ras\u0131na Memorial kompleks a\u00e7\u0131ld\u0131","datePublished":"2011-12-17T13:37:00+00:00","dateModified":"2022-01-18T13:38:15+00:00","mainEntityOfPage":{"@id":"https:\/\/qtmm.org\/qt\/kogeyde-surgunlik-qurbanlarinin-hatirasina-memorial-kompleks-acildi\/"},"wordCount":246,"commentCount":0,"publisher":{"@id":"https:\/\/qtmm.org\/qt\/#organization"},"articleSection":["Haberler"],"inLanguage":"qt","potentialAction":[{"@type":"CommentAction","name":"Comment","target":["https:\/\/qtmm.org\/qt\/kogeyde-surgunlik-qurbanlarinin-hatirasina-memorial-kompleks-acildi\/#respond"]}]},{"@type":"WebPage","@id":"https:\/\/qtmm.org\/qt\/kogeyde-surgunlik-qurbanlarinin-hatirasina-memorial-kompleks-acildi\/","url":"https:\/\/qtmm.org\/qt\/kogeyde-surgunlik-qurbanlarinin-hatirasina-memorial-kompleks-acildi\/","name":"K\u00f6geyde s\u00fcrg\u00fcnlik qurbanlar\u0131n\u0131\u00f1 hat\u0131ras\u0131na Memorial kompleks a\u00e7\u0131ld\u0131 - \u041c\u0435\u0434\u0436\u043b\u0456\u0441","isPartOf":{"@id":"https:\/\/qtmm.org\/qt\/#website"},"datePublished":"2011-12-17T13:37:00+00:00","dateModified":"2022-01-18T13:38:15+00:00","breadcrumb":{"@id":"https:\/\/qtmm.org\/qt\/kogeyde-surgunlik-qurbanlarinin-hatirasina-memorial-kompleks-acildi\/#breadcrumb"},"inLanguage":"qt","potentialAction":[{"@type":"ReadAction","target":["https:\/\/qtmm.org\/qt\/kogeyde-surgunlik-qurbanlarinin-hatirasina-memorial-kompleks-acildi\/"]}]},{"@type":"BreadcrumbList","@id":"https:\/\/qtmm.org\/qt\/kogeyde-surgunlik-qurbanlarinin-hatirasina-memorial-kompleks-acildi\/#breadcrumb","itemListElement":[{"@type":"ListItem","position":1,"name":"\u0413\u043e\u043b\u043e\u0432\u043d\u0430","item":"https:\/\/qtmm.org\/qt\/"},{"@type":"ListItem","position":2,"name":"K\u00f6geyde s\u00fcrg\u00fcnlik qurbanlar\u0131n\u0131\u00f1 hat\u0131ras\u0131na Memorial kompleks a\u00e7\u0131ld\u0131"}]},{"@type":"WebSite","@id":"https:\/\/qtmm.org\/qt\/#website","url":"https:\/\/qtmm.org\/qt\/","name":"\u041c\u0435\u0434\u0436\u043b\u0456\u0441","description":"","publisher":{"@id":"https:\/\/qtmm.org\/qt\/#organization"},"potentialAction":[{"@type":"SearchAction","target":{"@type":"EntryPoint","urlTemplate":"https:\/\/qtmm.org\/qt\/?s={search_term_string}"},"query-input":{"@type":"PropertyValueSpecification","valueRequired":true,"valueName":"search_term_string"}}],"inLanguage":"qt"},{"@type":"Organization","@id":"https:\/\/qtmm.org\/qt\/#organization","name":"\u041c\u0435\u0434\u0436\u043b\u0456\u0441","url":"https:\/\/qtmm.org\/qt\/","logo":{"@type":"ImageObject","inLanguage":"qt","@id":"https:\/\/qtmm.org\/qt\/#\/schema\/logo\/image\/","url":"https:\/\/qtmm.org\/wp-content\/uploads\/2024\/12\/ua-mejlis-logo-rgb.svg","contentUrl":"https:\/\/qtmm.org\/wp-content\/uploads\/2024\/12\/ua-mejlis-logo-rgb.svg","caption":"\u041c\u0435\u0434\u0436\u043b\u0456\u0441"},"image":{"@id":"https:\/\/qtmm.org\/qt\/#\/schema\/logo\/image\/"},"sameAs":["https:\/\/www.facebook.com\/qtmm.info\/"]},{"@type":"Person","@id":"https:\/\/qtmm.org\/qt\/#\/schema\/person\/de562469f971dec226ac06e60bbf74a7","name":"Developer","image":{"@type":"ImageObject","inLanguage":"qt","@id":"https:\/\/secure.gravatar.com\/avatar\/392b4cc8fbfeb00b39dfeeab4ee6edded39ffd48e25858637e4765810300227e?s=96&d=mm&r=g","url":"https:\/\/secure.gravatar.com\/avatar\/392b4cc8fbfeb00b39dfeeab4ee6edded39ffd48e25858637e4765810300227e?s=96&d=mm&r=g","contentUrl":"https:\/\/secure.gravatar.com\/avatar\/392b4cc8fbfeb00b39dfeeab4ee6edded39ffd48e25858637e4765810300227e?s=96&d=mm&r=g","caption":"Developer"},"url":"https:\/\/qtmm.org\/qt\/author\/Developer\/"}]}},"_links":{"self":[{"href":"https:\/\/qtmm.org\/qt\/wp-json\/wp\/v2\/posts\/23605","targetHints":{"allow":["GET"]}}],"collection":[{"href":"https:\/\/qtmm.org\/qt\/wp-json\/wp\/v2\/posts"}],"about":[{"href":"https:\/\/qtmm.org\/qt\/wp-json\/wp\/v2\/types\/post"}],"author":[{"embeddable":true,"href":"https:\/\/qtmm.org\/qt\/wp-json\/wp\/v2\/users\/1"}],"replies":[{"embeddable":true,"href":"https:\/\/qtmm.org\/qt\/wp-json\/wp\/v2\/comments?post=23605"}],"version-history":[{"count":1,"href":"https:\/\/qtmm.org\/qt\/wp-json\/wp\/v2\/posts\/23605\/revisions"}],"predecessor-version":[{"id":23606,"href":"https:\/\/qtmm.org\/qt\/wp-json\/wp\/v2\/posts\/23605\/revisions\/23606"}],"wp:attachment":[{"href":"https:\/\/qtmm.org\/qt\/wp-json\/wp\/v2\/media?parent=23605"}],"wp:term":[{"taxonomy":"category","embeddable":true,"href":"https:\/\/qtmm.org\/qt\/wp-json\/wp\/v2\/categories?post=23605"},{"taxonomy":"post_tag","embeddable":true,"href":"https:\/\/qtmm.org\/qt\/wp-json\/wp\/v2\/tags?post=23605"}],"curies":[{"name":"wp","href":"https:\/\/api.w.org\/{rel}","templated":true}]}}